{"id":8253,"date":"2015-09-10T17:38:36","date_gmt":"2015-09-10T15:38:36","guid":{"rendered":"http:\/\/www.ensembleinter.com\/accents-online\/?p=8253"},"modified":"2015-09-10T17:38:36","modified_gmt":"2015-09-10T15:38:36","slug":"entretien-avec-helene-fauchere-soprano","status":"publish","type":"post","link":"https:\/\/www.ensembleintercontemporain.com\/fr\/2015\/09\/entretien-avec-helene-fauchere-soprano\/","title":{"rendered":"Entretien avec H\u00e9l\u00e8ne Fauch\u00e8re, soprano"},"content":{"rendered":"<p><span style=\"color: #333399;\"><i><span style=\"font-size: large;\"><a href=\"http:\/\/www.ensembleinter.com\/accents-online\/wp-content\/uploads\/2015\/09\/Helene_Fauch\u00e8re.jpg\"><img loading=\"lazy\" decoding=\"async\" class=\"aligncenter size-full wp-image-8254\" alt=\"Helene_Fauch\u00e8re\" src=\"http:\/\/www.ensembleinter.com\/accents-online\/wp-content\/uploads\/2015\/09\/Helene_Fauch\u00e8re.jpg\" width=\"492\" height=\"475\" srcset=\"https:\/\/www.ensembleintercontemporain.com\/content\/uploads\/2015\/09\/Helene_Fauch\u00e8re.jpg 492w, https:\/\/www.ensembleintercontemporain.com\/content\/uploads\/2015\/09\/Helene_Fauch\u00e8re-300x290.jpg 300w\" sizes=\"auto, (max-width: 492px) 100vw, 492px\" \/><\/a><\/span><\/i><\/span><br \/>\n<span style=\"color: #333399;\"><i><span style=\"font-size: large;\">L<\/span>a soprano H\u00e9l\u00e8ne Fauch\u00e8re accompagne l\u2019Ensemble intercontemporain dans ses concerts \u00e0 <a href=\"http:\/\/www.ensembleinter.com\/fr\/concert-852-Festival-MITO.html\">Milan le 10 septembre<\/a> et <a href=\"http:\/\/www.ensembleinter.com\/fr\/fiche-concert.php?IDconcert=853&amp;precedent=852&amp;is_transmettre=0\">Turin le 11 septembre<\/a>, dans le cadre du festival MITO. Elle revient pour nous sur son parcours et son exp\u00e9rience avec l\u2019Ensemble, d\u00e9but\u00e9s pendant les deux soir\u00e9es Turbulences Clair-Obscur de d\u00e9cembre 2014.\u00a0<\/i><\/span><br \/>\n<b>H\u00e9l\u00e8ne, votre r\u00e9pertoire m\u00eale musique ancienne, musique contemporaine et musique de chambre\u00a0: quel \u00e9quilibre recherchez-vous ?<\/b><br \/>\nLes diff\u00e9rents genres et styles sont \u00e0 mon sens compl\u00e9mentaires. Je ne pr\u00e9tends pas qu\u2019ils le soient dans l\u2019absolu (je suis convaincue qu\u2019il est possible de se r\u00e9aliser pleinement au travers d\u2019un seul r\u00e9pertoire donn\u00e9), mais ils le sont pour moi, en ce sens que j\u2019aime m\u2019\u00e9panouir au sein de modes d\u2019expression diff\u00e9rents mais port\u00e9s par une seule et m\u00eame technique, et par un seul vecteur humain\u00a0: la voix dans le corps. L\u2019\u00e9quilibre que je recherche est donc une compl\u00e9mentarit\u00e9 personnelle.<br \/>\nQuant aux enjeux des musiques ancienne et contemporaine, je ne suis pas certaine que les similitudes les plus flagrantes entre ces deux univers soient \u00e0 proprement parler artistiques. S\u2019y retrouve, je crois, un d\u00e9sir commun de plus en plus pr\u00e9sent de renouer avec un public dont ces musiques s\u2019\u00e9taient partiellement \u00e9loign\u00e9es. D\u2019autre part, ces r\u00e9pertoires autorisent une exploration sonore plus d\u00e9complex\u00e9e, peut-\u00eatre, en regard des r\u00e9pertoires plus largement partag\u00e9s et reconnus, et donc une autre forme de libert\u00e9.<br \/>\n<b>D\u2019o\u00f9 vous vient votre attirance pour la cr\u00e9ation\u00a0?<\/b><br \/>\nLa curiosit\u00e9. Au sortir de l\u2019adolescence, je connaissais peu la musique contemporaine. Moins, en tout cas, que les autres r\u00e9pertoires de la musique \u00ab\u00a0classique\u00a0\u00bb\u00a0: cette m\u00e9connaissance de la musique \u00ab\u00a0de notre temps\u00a0\u00bb m\u2019a interpel\u00e9e. Au travers des classes que j\u2019ai fr\u00e9quent\u00e9es, je me suis li\u00e9e d\u2019amiti\u00e9 avec des musiciens d\u2019horizons diff\u00e9rents qui m\u2019ont fait partager leur go\u00fbt et leur enthousiasme. Leur pers\u00e9v\u00e9rance et leur investissement en g\u00e9n\u00e9ral r\u00e9pondaient \u00e0 des exigences fondamentales. J\u2019ai peu \u00e0 peu d\u00e9couvert une dimension suppl\u00e9mentaire de l\u2019art vivant, de celui dont on observe et go\u00fbte la maturation des pr\u00e9mices aux repr\u00e9sentations. Par ailleurs, la cr\u00e9ation fait partie de moi depuis l\u2019enfance, par le biais d\u2019autres domaines : il \u00e9tait donc naturel que la musique contemporaine trouve sa place dans mon quotidien.<br \/>\n&nbsp;<br \/>\n<a href=\"http:\/\/www.ensembleinter.com\/accents-online\/wp-content\/uploads\/2015\/09\/DSC_1498-NB.jpg\"><img loading=\"lazy\" decoding=\"async\" class=\"aligncenter size-full wp-image-8255\" alt=\"DSC_1498-NB\" src=\"http:\/\/www.ensembleinter.com\/accents-online\/wp-content\/uploads\/2015\/09\/DSC_1498-NB.jpg\" width=\"492\" height=\"635\" srcset=\"https:\/\/www.ensembleintercontemporain.com\/content\/uploads\/2015\/09\/DSC_1498-NB.jpg 492w, https:\/\/www.ensembleintercontemporain.com\/content\/uploads\/2015\/09\/DSC_1498-NB-232x300.jpg 232w\" sizes=\"auto, (max-width: 492px) 100vw, 492px\" \/><\/a><br \/>\n<b>Que repr\u00e9sente une collaboration avec l\u2019Ensemble intercontemporain ?<\/b><br \/>\nTout d\u2019abord,\u00a0c\u2019est une continuit\u00e9 dans mon \u00e9volution\u00a0: j\u2019ai commenc\u00e9 avec le Klangforum Wien, puis avec l\u2019Ensemble Modern, notamment. Travailler avec l\u2019EIC s\u2019inscrit dans une certaine logique\u00a0! Ensuite, cela repr\u00e9sente une forme de reconnaissance artistique et professionnelle\u00a0: j\u2019ai fait mes d\u00e9buts avec l\u2019Ensemble en d\u00e9cembre dernier, et je suis tr\u00e8s heureuse que cette collaboration soit aujourd\u2019hui reconduite, car cela t\u00e9moigne de la confiance qui m\u2019est donn\u00e9e. Enfin, pour un musicien vers\u00e9 dans la musique contemporaine, chanter avec ce pilier de la cr\u00e9ation artistique est \u00e9videmment \u00e0 la fois une aspiration et un bonheur.<br \/>\n<b>Comment travaille-t-on une \u0153uvre comme <i>Pli selon Pli\u00a0<\/i>?<\/b><br \/>\nComme n\u2019importe quelle autre \u0153uvre de r\u00e9pertoire\u00a0! Je veux dire avec les m\u00eames outils et exigences techniques sur le plan vocal que pour un <i>Lied<\/i> de Berg ou un air de Mozart. Le type d\u2019\u00e9coute diff\u00e8re peut-\u00eatre du fait qu\u2019on ne prend pas ses rep\u00e8res de la m\u00eame fa\u00e7on\u00a0: il faut approprier sa concentration auditive \u00e0 chaque langage musical.<br \/>\nChanter cette \u0153uvre avec l\u2019EIC m\u2019est naturellement d\u2019une aide pr\u00e9cieuse\u00a0: elle appartient \u00e0 son r\u00e9pertoire, ses musiciens en ont une profonde exp\u00e9rience, y compris avec le compositeur lui-m\u00eame, qu\u2019ils me font partager avec bienveillance, et dont ils me nourrissent tout simplement en proposant leur interpr\u00e9tation.<br \/>\n&nbsp;<br \/>\n<a href=\"http:\/\/www.ensembleinter.com\/accents-online\/wp-content\/uploads\/2015\/09\/DSC_1518-NB.jpg\"><img loading=\"lazy\" decoding=\"async\" class=\"aligncenter size-full wp-image-8256\" alt=\"DSC_1518-NB\" src=\"http:\/\/www.ensembleinter.com\/accents-online\/wp-content\/uploads\/2015\/09\/DSC_1518-NB.jpg\" width=\"492\" height=\"597\" srcset=\"https:\/\/www.ensembleintercontemporain.com\/content\/uploads\/2015\/09\/DSC_1518-NB.jpg 492w, https:\/\/www.ensembleintercontemporain.com\/content\/uploads\/2015\/09\/DSC_1518-NB-247x300.jpg 247w\" sizes=\"auto, (max-width: 492px) 100vw, 492px\" \/><\/a><br \/>\n<b>St\u00e9phane Mallarm\u00e9 travaille sa langue d\u2019une mani\u00e8re tr\u00e8s particuli\u00e8re\u00a0: cela influe-t-il votre mani\u00e8re de chanter\u00a0?<\/b><br \/>\nAu risque de paraitre radicale\u00a0: non, la conception cr\u00e9atrice mallarm\u00e9enne n\u2019influe pas mon chant. Je ne propose pas une interpr\u00e9tation de la po\u00e9sie de Mallarm\u00e9, ce n\u2019est pas mon r\u00f4le en tant qu\u2019interpr\u00e8te\u00a0: j\u2019essaie humblement de restituer ce que je per\u00e7ois de l\u2019interpr\u00e9tation que Pierre Boulez en a faite. Par exemple, l\u2019\u00e9criture vocale rend la compr\u00e9hension compl\u00e8te du texte plut\u00f4t difficile, mais oblige \u00e0 se focaliser sur l\u2019essence du po\u00e8me.<br \/>\n<b>Les trois mouvements centraux de <i>Pli selon pli <\/i>(et notamment les deux que vous chanterez) sont marqu\u00e9s \u00ab\u00a0Improvisation\u00a0\u00bb\u00a0: que vous inspire cette indication\u00a0?<\/b><br \/>\nLe terme \u00e9voque pour moi d\u2019autres \u0153uvres proches de nous, comme les <i>Improvisations<\/i> de Kandinsky. En art contemporain, on observe souvent le d\u00e9sir de capturer ce qui est traditionnellement, au sens strict, une cr\u00e9ativit\u00e9 dans l\u2019instant, et donc de le noter. Un d\u00e9sir de coucher sur la papier, le plus pr\u00e9cis\u00e9ment possible (parfois avec une notation nouvelle), lors de la composition, ce qui en d\u2019autres temps aurait peut-\u00eatre \u00e9t\u00e9 confi\u00e9 \u00e0 la cr\u00e9ativit\u00e9 plus ou moins spontan\u00e9e de l\u2019interpr\u00e8te, comme dans l\u2019ornementation baroque ou dans le jazz, ou ce qui en d\u2019autres lieux rel\u00e8verait de la tradition orale de la musique savante d\u2019autres cultures que la n\u00f4tre. En r\u00e9sum\u00e9, c\u2019est une indication qui rev\u00eat dans mon imaginaire un caract\u00e8re assez cosmopolite.<br \/>\n&nbsp;<br \/>\n&nbsp;<br \/>\n<iframe loading=\"lazy\" src=\"https:\/\/w.soundcloud.com\/player\/?url=https%3A\/\/api.soundcloud.com\/tracks\/181192148&amp;color=ff5500&amp;auto_play=false&amp;hide_related=false&amp;show_comments=true&amp;show_user=true&amp;show_reposts=false\" height=\"166\" width=\"100%\" frameborder=\"no\" scrolling=\"no\"><\/iframe><br \/>\n&nbsp;<br \/>\nPhotos\u00a0(de haut en bas)\u00a0: portrait DR \/ \u00a9 Luc Hossepied pour l\u2019Ensemble intercontemporain<br \/>\n&nbsp;<\/p>\n","protected":false},"excerpt":{"rendered":"<p>La soprano H\u00e9l\u00e8ne Fauch\u00e8re accompagne l\u2019Ensemble intercontemporain dans ses concerts \u00e0\u00a0<a href=\"http:\/\/www.ensembleinter.com\/fr\/concert-852-Festival-MITO.html\">Milan le 10 septembre<\/a>\u00a0et\u00a0<a href=\"http:\/\/www.ensembleinter.com\/fr\/fiche-concert.php?IDconcert=853&amp;precedent=852&amp;is_transmettre=0\">Turin le 11 septembre<\/a>, dans le cadre du festival MITO. Elle revient pour nous sur son exp\u00e9rience avec l\u2019Ensemble, d\u00e9but\u00e9e fin 2014.<\/p>\n","protected":false},"author":5,"featured_media":8258,"comment_status":"open","ping_status":"open","sticky":false,"template":"","format":"standard","meta":{"_acf_changed":false,"footnotes":""},"categories":[4],"tags":[356,686,637,687,108,87,109],"class_list":["post-8253","post","type-post","status-publish","format-standard","has-post-thumbnail","hentry","category-entretiens","tag-chant","tag-claude-debussy","tag-claude-vivier","tag-helene-fauchere","tag-pli-selon-pli","tag-rene-char","tag-stephane-mallarme"],"acf":[],"yoast_head":"<!-- This site is optimized with the Yoast SEO plugin v27.5 - https:\/\/yoast.com\/product\/yoast-seo-wordpress\/ -->\n<title>Entretien avec H\u00e9l\u00e8ne Fauch\u00e8re, soprano - Ensemble intercontemporain<\/title>\n<meta name=\"robots\" content=\"index, follow, max-snippet:-1, max-image-preview:large, max-video-preview:-1\" \/>\n<link rel=\"canonical\" href=\"https:\/\/www.ensembleintercontemporain.com\/fr\/2015\/09\/entretien-avec-helene-fauchere-soprano\/\" \/>\n<meta property=\"og:locale\" content=\"fr_FR\" \/>\n<meta property=\"og:type\" content=\"article\" \/>\n<meta property=\"og:title\" content=\"Entretien avec H\u00e9l\u00e8ne Fauch\u00e8re, soprano - Ensemble intercontemporain\" \/>\n<meta property=\"og:description\" content=\"La soprano H\u00e9l\u00e8ne Fauch\u00e8re accompagne l\u2019Ensemble intercontemporain dans ses concerts \u00e0\u00a0Milan le 10 septembre\u00a0et\u00a0Turin le 11 septembre, dans le cadre du festival MITO. Elle revient pour nous sur son exp\u00e9rience avec l\u2019Ensemble, d\u00e9but\u00e9e fin 2014.\" \/>\n<meta property=\"og:url\" content=\"https:\/\/www.ensembleintercontemporain.com\/fr\/2015\/09\/entretien-avec-helene-fauchere-soprano\/\" \/>\n<meta property=\"og:site_name\" content=\"Ensemble intercontemporain\" \/>\n<meta property=\"article:published_time\" content=\"2015-09-10T15:38:36+00:00\" \/>\n<meta property=\"og:image\" content=\"https:\/\/www.ensembleintercontemporain.com\/content\/uploads\/2015\/09\/Helene_Fauch\u00e8re_header.jpg\" \/>\n\t<meta property=\"og:image:width\" content=\"464\" \/>\n\t<meta property=\"og:image:height\" content=\"237\" \/>\n\t<meta property=\"og:image:type\" content=\"image\/jpeg\" \/>\n<meta name=\"author\" content=\"J\u00e9remie Szpirglas\" \/>\n<meta name=\"twitter:card\" content=\"summary_large_image\" \/>\n<meta name=\"twitter:label1\" content=\"\u00c9crit par\" \/>\n\t<meta name=\"twitter:data1\" content=\"J\u00e9remie Szpirglas\" \/>\n\t<meta name=\"twitter:label2\" content=\"Dur\u00e9e de lecture estim\u00e9e\" \/>\n\t<meta name=\"twitter:data2\" content=\"5 minutes\" \/>\n<script type=\"application\/ld+json\" class=\"yoast-schema-graph\">{\"@context\":\"https:\\\/\\\/schema.org\",\"@graph\":[{\"@type\":\"Article\",\"@id\":\"https:\\\/\\\/www.ensembleintercontemporain.com\\\/fr\\\/2015\\\/09\\\/entretien-avec-helene-fauchere-soprano\\\/#article\",\"isPartOf\":{\"@id\":\"https:\\\/\\\/www.ensembleintercontemporain.com\\\/fr\\\/2015\\\/09\\\/entretien-avec-helene-fauchere-soprano\\\/\"},\"author\":{\"name\":\"J\u00e9remie Szpirglas\",\"@id\":\"https:\\\/\\\/www.ensembleintercontemporain.com\\\/en\\\/#\\\/schema\\\/person\\\/439a7dd5cd8a167c34c931d7cc900214\"},\"headline\":\"Entretien avec H\u00e9l\u00e8ne Fauch\u00e8re, soprano\",\"datePublished\":\"2015-09-10T15:38:36+00:00\",\"mainEntityOfPage\":{\"@id\":\"https:\\\/\\\/www.ensembleintercontemporain.com\\\/fr\\\/2015\\\/09\\\/entretien-avec-helene-fauchere-soprano\\\/\"},\"wordCount\":970,\"commentCount\":0,\"image\":{\"@id\":\"https:\\\/\\\/www.ensembleintercontemporain.com\\\/fr\\\/2015\\\/09\\\/entretien-avec-helene-fauchere-soprano\\\/#primaryimage\"},\"thumbnailUrl\":\"https:\\\/\\\/www.ensembleintercontemporain.com\\\/content\\\/uploads\\\/2015\\\/09\\\/Helene_Fauch\u00e8re_header.jpg\",\"keywords\":[\"chant\",\"Claude Debussy\",\"Claude Vivier\",\"H\u00e9l\u00e8ne Fauch\u00e8re\",\"pli selon pli\",\"Ren\u00e9 Char\",\"St\u00e9phane Mallarm\u00e9\"],\"articleSection\":[\"Entretien\"],\"inLanguage\":\"fr-FR\"},{\"@type\":\"WebPage\",\"@id\":\"https:\\\/\\\/www.ensembleintercontemporain.com\\\/fr\\\/2015\\\/09\\\/entretien-avec-helene-fauchere-soprano\\\/\",\"url\":\"https:\\\/\\\/www.ensembleintercontemporain.com\\\/fr\\\/2015\\\/09\\\/entretien-avec-helene-fauchere-soprano\\\/\",\"name\":\"Entretien avec H\u00e9l\u00e8ne Fauch\u00e8re, soprano - Ensemble intercontemporain\",\"isPartOf\":{\"@id\":\"https:\\\/\\\/www.ensembleintercontemporain.com\\\/en\\\/#website\"},\"primaryImageOfPage\":{\"@id\":\"https:\\\/\\\/www.ensembleintercontemporain.com\\\/fr\\\/2015\\\/09\\\/entretien-avec-helene-fauchere-soprano\\\/#primaryimage\"},\"image\":{\"@id\":\"https:\\\/\\\/www.ensembleintercontemporain.com\\\/fr\\\/2015\\\/09\\\/entretien-avec-helene-fauchere-soprano\\\/#primaryimage\"},\"thumbnailUrl\":\"https:\\\/\\\/www.ensembleintercontemporain.com\\\/content\\\/uploads\\\/2015\\\/09\\\/Helene_Fauch\u00e8re_header.jpg\",\"datePublished\":\"2015-09-10T15:38:36+00:00\",\"author\":{\"@id\":\"https:\\\/\\\/www.ensembleintercontemporain.com\\\/en\\\/#\\\/schema\\\/person\\\/439a7dd5cd8a167c34c931d7cc900214\"},\"breadcrumb\":{\"@id\":\"https:\\\/\\\/www.ensembleintercontemporain.com\\\/fr\\\/2015\\\/09\\\/entretien-avec-helene-fauchere-soprano\\\/#breadcrumb\"},\"inLanguage\":\"fr-FR\",\"potentialAction\":[{\"@type\":\"ReadAction\",\"target\":[\"https:\\\/\\\/www.ensembleintercontemporain.com\\\/fr\\\/2015\\\/09\\\/entretien-avec-helene-fauchere-soprano\\\/\"]}]},{\"@type\":\"ImageObject\",\"inLanguage\":\"fr-FR\",\"@id\":\"https:\\\/\\\/www.ensembleintercontemporain.com\\\/fr\\\/2015\\\/09\\\/entretien-avec-helene-fauchere-soprano\\\/#primaryimage\",\"url\":\"https:\\\/\\\/www.ensembleintercontemporain.com\\\/content\\\/uploads\\\/2015\\\/09\\\/Helene_Fauch\u00e8re_header.jpg\",\"contentUrl\":\"https:\\\/\\\/www.ensembleintercontemporain.com\\\/content\\\/uploads\\\/2015\\\/09\\\/Helene_Fauch\u00e8re_header.jpg\",\"width\":464,\"height\":237},{\"@type\":\"BreadcrumbList\",\"@id\":\"https:\\\/\\\/www.ensembleintercontemporain.com\\\/fr\\\/2015\\\/09\\\/entretien-avec-helene-fauchere-soprano\\\/#breadcrumb\",\"itemListElement\":[{\"@type\":\"ListItem\",\"position\":1,\"name\":\"Home\",\"item\":\"https:\\\/\\\/www.ensembleintercontemporain.com\\\/fr\\\/\"},{\"@type\":\"ListItem\",\"position\":2,\"name\":\"Entretien avec H\u00e9l\u00e8ne Fauch\u00e8re, soprano\"}]},{\"@type\":\"WebSite\",\"@id\":\"https:\\\/\\\/www.ensembleintercontemporain.com\\\/en\\\/#website\",\"url\":\"https:\\\/\\\/www.ensembleintercontemporain.com\\\/en\\\/\",\"name\":\"Ensemble intercontemporain\",\"description\":\"\",\"potentialAction\":[{\"@type\":\"SearchAction\",\"target\":{\"@type\":\"EntryPoint\",\"urlTemplate\":\"https:\\\/\\\/www.ensembleintercontemporain.com\\\/en\\\/?s={search_term_string}\"},\"query-input\":{\"@type\":\"PropertyValueSpecification\",\"valueRequired\":true,\"valueName\":\"search_term_string\"}}],\"inLanguage\":\"fr-FR\"},{\"@type\":\"Person\",\"@id\":\"https:\\\/\\\/www.ensembleintercontemporain.com\\\/en\\\/#\\\/schema\\\/person\\\/439a7dd5cd8a167c34c931d7cc900214\",\"name\":\"J\u00e9remie Szpirglas\",\"image\":{\"@type\":\"ImageObject\",\"inLanguage\":\"fr-FR\",\"@id\":\"https:\\\/\\\/secure.gravatar.com\\\/avatar\\\/51406c8ec861211e1bd97cfab9a482b48101946652a6a78f911670a9a593f3ed?s=96&d=mm&r=g\",\"url\":\"https:\\\/\\\/secure.gravatar.com\\\/avatar\\\/51406c8ec861211e1bd97cfab9a482b48101946652a6a78f911670a9a593f3ed?s=96&d=mm&r=g\",\"contentUrl\":\"https:\\\/\\\/secure.gravatar.com\\\/avatar\\\/51406c8ec861211e1bd97cfab9a482b48101946652a6a78f911670a9a593f3ed?s=96&d=mm&r=g\",\"caption\":\"J\u00e9remie Szpirglas\"},\"url\":\"https:\\\/\\\/www.ensembleintercontemporain.com\\\/fr\\\/author\\\/benjamin-szpirglas\\\/\"}]}<\/script>\n<!-- \/ Yoast SEO plugin. -->","yoast_head_json":{"title":"Entretien avec H\u00e9l\u00e8ne Fauch\u00e8re, soprano - Ensemble intercontemporain","robots":{"index":"index","follow":"follow","max-snippet":"max-snippet:-1","max-image-preview":"max-image-preview:large","max-video-preview":"max-video-preview:-1"},"canonical":"https:\/\/www.ensembleintercontemporain.com\/fr\/2015\/09\/entretien-avec-helene-fauchere-soprano\/","og_locale":"fr_FR","og_type":"article","og_title":"Entretien avec H\u00e9l\u00e8ne Fauch\u00e8re, soprano - Ensemble intercontemporain","og_description":"La soprano H\u00e9l\u00e8ne Fauch\u00e8re accompagne l\u2019Ensemble intercontemporain dans ses concerts \u00e0\u00a0Milan le 10 septembre\u00a0et\u00a0Turin le 11 septembre, dans le cadre du festival MITO. Elle revient pour nous sur son exp\u00e9rience avec l\u2019Ensemble, d\u00e9but\u00e9e fin 2014.","og_url":"https:\/\/www.ensembleintercontemporain.com\/fr\/2015\/09\/entretien-avec-helene-fauchere-soprano\/","og_site_name":"Ensemble intercontemporain","article_published_time":"2015-09-10T15:38:36+00:00","og_image":[{"width":464,"height":237,"url":"https:\/\/www.ensembleintercontemporain.com\/content\/uploads\/2015\/09\/Helene_Fauch\u00e8re_header.jpg","type":"image\/jpeg"}],"author":"J\u00e9remie Szpirglas","twitter_card":"summary_large_image","twitter_misc":{"\u00c9crit par":"J\u00e9remie Szpirglas","Dur\u00e9e de lecture estim\u00e9e":"5 minutes"},"schema":{"@context":"https:\/\/schema.org","@graph":[{"@type":"Article","@id":"https:\/\/www.ensembleintercontemporain.com\/fr\/2015\/09\/entretien-avec-helene-fauchere-soprano\/#article","isPartOf":{"@id":"https:\/\/www.ensembleintercontemporain.com\/fr\/2015\/09\/entretien-avec-helene-fauchere-soprano\/"},"author":{"name":"J\u00e9remie Szpirglas","@id":"https:\/\/www.ensembleintercontemporain.com\/en\/#\/schema\/person\/439a7dd5cd8a167c34c931d7cc900214"},"headline":"Entretien avec H\u00e9l\u00e8ne Fauch\u00e8re, soprano","datePublished":"2015-09-10T15:38:36+00:00","mainEntityOfPage":{"@id":"https:\/\/www.ensembleintercontemporain.com\/fr\/2015\/09\/entretien-avec-helene-fauchere-soprano\/"},"wordCount":970,"commentCount":0,"image":{"@id":"https:\/\/www.ensembleintercontemporain.com\/fr\/2015\/09\/entretien-avec-helene-fauchere-soprano\/#primaryimage"},"thumbnailUrl":"https:\/\/www.ensembleintercontemporain.com\/content\/uploads\/2015\/09\/Helene_Fauch\u00e8re_header.jpg","keywords":["chant","Claude Debussy","Claude Vivier","H\u00e9l\u00e8ne Fauch\u00e8re","pli selon pli","Ren\u00e9 Char","St\u00e9phane Mallarm\u00e9"],"articleSection":["Entretien"],"inLanguage":"fr-FR"},{"@type":"WebPage","@id":"https:\/\/www.ensembleintercontemporain.com\/fr\/2015\/09\/entretien-avec-helene-fauchere-soprano\/","url":"https:\/\/www.ensembleintercontemporain.com\/fr\/2015\/09\/entretien-avec-helene-fauchere-soprano\/","name":"Entretien avec H\u00e9l\u00e8ne Fauch\u00e8re, soprano - Ensemble intercontemporain","isPartOf":{"@id":"https:\/\/www.ensembleintercontemporain.com\/en\/#website"},"primaryImageOfPage":{"@id":"https:\/\/www.ensembleintercontemporain.com\/fr\/2015\/09\/entretien-avec-helene-fauchere-soprano\/#primaryimage"},"image":{"@id":"https:\/\/www.ensembleintercontemporain.com\/fr\/2015\/09\/entretien-avec-helene-fauchere-soprano\/#primaryimage"},"thumbnailUrl":"https:\/\/www.ensembleintercontemporain.com\/content\/uploads\/2015\/09\/Helene_Fauch\u00e8re_header.jpg","datePublished":"2015-09-10T15:38:36+00:00","author":{"@id":"https:\/\/www.ensembleintercontemporain.com\/en\/#\/schema\/person\/439a7dd5cd8a167c34c931d7cc900214"},"breadcrumb":{"@id":"https:\/\/www.ensembleintercontemporain.com\/fr\/2015\/09\/entretien-avec-helene-fauchere-soprano\/#breadcrumb"},"inLanguage":"fr-FR","potentialAction":[{"@type":"ReadAction","target":["https:\/\/www.ensembleintercontemporain.com\/fr\/2015\/09\/entretien-avec-helene-fauchere-soprano\/"]}]},{"@type":"ImageObject","inLanguage":"fr-FR","@id":"https:\/\/www.ensembleintercontemporain.com\/fr\/2015\/09\/entretien-avec-helene-fauchere-soprano\/#primaryimage","url":"https:\/\/www.ensembleintercontemporain.com\/content\/uploads\/2015\/09\/Helene_Fauch\u00e8re_header.jpg","contentUrl":"https:\/\/www.ensembleintercontemporain.com\/content\/uploads\/2015\/09\/Helene_Fauch\u00e8re_header.jpg","width":464,"height":237},{"@type":"BreadcrumbList","@id":"https:\/\/www.ensembleintercontemporain.com\/fr\/2015\/09\/entretien-avec-helene-fauchere-soprano\/#breadcrumb","itemListElement":[{"@type":"ListItem","position":1,"name":"Home","item":"https:\/\/www.ensembleintercontemporain.com\/fr\/"},{"@type":"ListItem","position":2,"name":"Entretien avec H\u00e9l\u00e8ne Fauch\u00e8re, soprano"}]},{"@type":"WebSite","@id":"https:\/\/www.ensembleintercontemporain.com\/en\/#website","url":"https:\/\/www.ensembleintercontemporain.com\/en\/","name":"Ensemble intercontemporain","description":"","potentialAction":[{"@type":"SearchAction","target":{"@type":"EntryPoint","urlTemplate":"https:\/\/www.ensembleintercontemporain.com\/en\/?s={search_term_string}"},"query-input":{"@type":"PropertyValueSpecification","valueRequired":true,"valueName":"search_term_string"}}],"inLanguage":"fr-FR"},{"@type":"Person","@id":"https:\/\/www.ensembleintercontemporain.com\/en\/#\/schema\/person\/439a7dd5cd8a167c34c931d7cc900214","name":"J\u00e9remie Szpirglas","image":{"@type":"ImageObject","inLanguage":"fr-FR","@id":"https:\/\/secure.gravatar.com\/avatar\/51406c8ec861211e1bd97cfab9a482b48101946652a6a78f911670a9a593f3ed?s=96&d=mm&r=g","url":"https:\/\/secure.gravatar.com\/avatar\/51406c8ec861211e1bd97cfab9a482b48101946652a6a78f911670a9a593f3ed?s=96&d=mm&r=g","contentUrl":"https:\/\/secure.gravatar.com\/avatar\/51406c8ec861211e1bd97cfab9a482b48101946652a6a78f911670a9a593f3ed?s=96&d=mm&r=g","caption":"J\u00e9remie Szpirglas"},"url":"https:\/\/www.ensembleintercontemporain.com\/fr\/author\/benjamin-szpirglas\/"}]}},"_links":{"self":[{"href":"https:\/\/www.ensembleintercontemporain.com\/fr\/wp-json\/wp\/v2\/posts\/8253\/"}],"collection":[{"href":"https:\/\/www.ensembleintercontemporain.com\/fr\/wp-json\/wp\/v2\/posts\/"}],"about":[{"href":"https:\/\/www.ensembleintercontemporain.com\/fr\/wp-json\/wp\/v2\/types\/post\/"}],"author":[{"embeddable":true,"href":"https:\/\/www.ensembleintercontemporain.com\/fr\/wp-json\/wp\/v2\/users\/5\/"}],"replies":[{"embeddable":true,"href":"https:\/\/www.ensembleintercontemporain.com\/fr\/wp-json\/wp\/v2\/comments\/?post=8253"}],"version-history":[{"count":0,"href":"https:\/\/www.ensembleintercontemporain.com\/fr\/wp-json\/wp\/v2\/posts\/8253\/revisions\/"}],"wp:featuredmedia":[{"embeddable":true,"href":"https:\/\/www.ensembleintercontemporain.com\/fr\/wp-json\/wp\/v2\/media\/8258\/"}],"wp:attachment":[{"href":"https:\/\/www.ensembleintercontemporain.com\/fr\/wp-json\/wp\/v2\/media\/?parent=8253"}],"wp:term":[{"taxonomy":"category","embeddable":true,"href":"https:\/\/www.ensembleintercontemporain.com\/fr\/wp-json\/wp\/v2\/categories\/?post=8253"},{"taxonomy":"post_tag","embeddable":true,"href":"https:\/\/www.ensembleintercontemporain.com\/fr\/wp-json\/wp\/v2\/tags\/?post=8253"}],"curies":[{"name":"wp","href":"https:\/\/api.w.org\/{rel}","templated":true}]}}