{"id":7788,"date":"2015-03-27T10:00:40","date_gmt":"2015-03-27T08:00:40","guid":{"rendered":"http:\/\/www.ensembleinter.com\/accents-online\/?p=7788"},"modified":"2015-03-27T10:00:40","modified_gmt":"2015-03-27T08:00:40","slug":"amerique-ameriques-une-singularite-plurielle","status":"publish","type":"post","link":"https:\/\/www.ensembleintercontemporain.com\/fr\/2015\/03\/amerique-ameriques-une-singularite-plurielle\/","title":{"rendered":"Am\u00e9rique\u2026 Am\u00e9riques. Une singularit\u00e9 plurielle."},"content":{"rendered":"<p style=\"text-align: center;\"><a href=\"http:\/\/www.ensembleinter.com\/accents-online\/wp-content\/uploads\/2015\/03\/Reich_908864_111.jpg\"><img loading=\"lazy\" decoding=\"async\" class=\"aligncenter size-full wp-image-7791\" alt=\"Reich_908864_11\" src=\"http:\/\/www.ensembleinter.com\/accents-online\/wp-content\/uploads\/2015\/03\/Reich_908864_111.jpg\" width=\"492\" height=\"504\" srcset=\"https:\/\/www.ensembleintercontemporain.com\/content\/uploads\/2015\/03\/Reich_908864_111.jpg 492w, https:\/\/www.ensembleintercontemporain.com\/content\/uploads\/2015\/03\/Reich_908864_111-293x300.jpg 293w\" sizes=\"auto, (max-width: 492px) 100vw, 492px\" \/><\/a><span style=\"font-size: xx-small;\"><b>\u00a0<\/b><\/span><\/p>\n<p style=\"text-align: left;\"><span style=\"color: #000080;\"><em><span style=\"font-size: large;\">E<\/span>n pr\u00e9lude au week-end \u00ab Sketches of New York \u00bb du 24 au 26 avril 2015 \u00e0 la Philharmonie de Paris, l\u2019Ensemble jouera le <a href=\"http:\/\/www.ensembleinter.com\/fr\/concert-797-New-York,-New-Works.html\">21 avril <\/a>un programme \u00ab\u00a0made in USA\u00a0\u00bb, entre cr\u00e9ations et classique du vingti\u00e8me si\u00e8cle. L\u2019occasion pour le \u00a0musicologue et historien Max Noubel de retracer en quelques grands jalons l\u2019histoire de la cr\u00e9ation musicale aux Etats-Unis du vingti\u00e8me si\u00e8cle \u00e0 aujourd\u2019hui.<\/em><\/span><\/p>\n<p>&nbsp;<br \/>\n\u00ab Ces derni\u00e8res ann\u00e9es, nos compositeurs semblent avoir \u00e9volu\u00e9 vers un langage auquel nous pourrions associer le label \u00a0<em>Made in America<\/em> et qui pourrait se transformer en une contribution pr\u00e9cieuse au courant mondial de la musique contemporaine. \u00bb<br \/>\nCette d\u00e9claration des compositrices Marion et Flora Bauer, prononc\u00e9e en 1927, t\u00e9moigne de la volont\u00e9 d\u2019afficher une identit\u00e9 musicale authentiquement moderne et am\u00e9ricaine. Le pays conna\u00eet alors un \u00e2ge d\u2019or musical qui se traduit par une diversit\u00e9 des modes d\u2019expression et par une volont\u00e9 de surmonter le complexe d\u2019inf\u00e9riorit\u00e9 vis-\u00e0-vis de l\u2019Europe. D\u00e8s cette \u00e9poque, l\u2019Am\u00e9rique appara\u00eet comme un pays d\u2019une extraordinaire \u00e9nergie musicale, ce qu\u2019elle demeure encore aujourd\u2019hui. Cette terre de tous les possibles s\u2019est montr\u00e9e capable d\u2019int\u00e9grer les expressions artistiques les plus vari\u00e9es avec le m\u00eame app\u00e9tit et la m\u00eame g\u00e9n\u00e9rosit\u00e9 qu\u2019elle s\u2019est montr\u00e9e capable d\u2019int\u00e9grer des populations \u00e9trang\u00e8res de conditions sociales et de niveaux culturels tr\u00e8s divers.<br \/>\n\u00c0 cette \u00e9poque, le Vieux continent porte encore un regard d\u00e9daigneux sur la musique am\u00e9ricaine et est loin d\u2019imaginer le r\u00f4le majeur que celle-ci va jouer dans la seconde moiti\u00e9 du XX<sup>e<\/sup> si\u00e8cle. Les musiciens am\u00e9ricains d\u00e9couvrent \u00e0 peine la musique de <a href=\"https:\/\/www.youtube.com\/watch?v=uHs6VGKZ4Wo\">Charles Ives <\/a>(1874-1954) qui, dans un quasi anonymat, a compos\u00e9 entre 1903 et 1915 des pi\u00e8ces d\u2019une modernit\u00e9 et d\u2019une audace cr\u00e9atrices sans pr\u00e9c\u00e9dent. Cet authentique pionnier a exp\u00e9riment\u00e9 rien moins que l&rsquo;atonalit\u00e9 (avant Schoenberg), les dissonances libres (avant Stravinsky), les quarts de ton, les collages, les clusters, mais aussi la musique al\u00e9atoire, les polyrythmies et des formations instrumentales inhabituelles.<br \/>\n&nbsp;<\/p>\n<p style=\"text-align: center;\"><a href=\"http:\/\/www.ensembleinter.com\/accents-online\/wp-content\/uploads\/2015\/03\/Ives.jpg\"><img loading=\"lazy\" decoding=\"async\" class=\"aligncenter size-full wp-image-7801\" alt=\"Charles Ives \/ Foto - Charles Ives \/ Photo -\" src=\"http:\/\/www.ensembleinter.com\/accents-online\/wp-content\/uploads\/2015\/03\/Ives.jpg\" width=\"492\" height=\"596\" srcset=\"https:\/\/www.ensembleintercontemporain.com\/content\/uploads\/2015\/03\/Ives.jpg 492w, https:\/\/www.ensembleintercontemporain.com\/content\/uploads\/2015\/03\/Ives-248x300.jpg 248w\" sizes=\"auto, (max-width: 492px) 100vw, 492px\" \/><\/a><strong><span style=\"font-size: x-small;\">\u00a0Charles Ives\/DR<\/span><\/strong><\/p>\n<p>Le public new-yorkais d\u00e9couvre aussi avec stup\u00e9faction la musique d\u2019<a href=\"https:\/\/www.youtube.com\/watch?v=xC04YxbhL_I\">Edgard Var\u00e8se <\/a>(1883-1965), naturalis\u00e9 am\u00e9ricain en 1927, qui projette dans l\u2019espace acoustique des masses sonores qui semblent faire \u00e9cho aux volumes gigantesques des nouveaux gratte-ciels sur lesquels r\u00e9sonne d\u00e9j\u00e0 la fr\u00e9n\u00e9sie urbaine.<br \/>\n<iframe loading=\"lazy\" src=\"https:\/\/www.youtube.com\/embed\/wClwaBuFOJA\" height=\"277\" width=\"492\" allowfullscreen=\"\" frameborder=\"0\"><\/iframe><br \/>\n&nbsp;<br \/>\n<a href=\"https:\/\/www.youtube.com\/watch?v=VMjW3DTId7Y\">George Antheil<\/a> (1900-1959) glorifie la machine dans son <a href=\"https:\/\/www.youtube.com\/watch?v=cXbwPRmyMLM\"><em>Ballet m\u00e9canique<\/em> <\/a>(1927), Ruth Crawford (1901-1953) tisse dans l\u2019Andante de son <em>Quatuor \u00e0 cordes<\/em> (1930) des textures sonores qui pr\u00e9figurent la musique de Ligeti tandis qu\u2019<a href=\"https:\/\/www.youtube.com\/watch?v=FJ1KxMrhIEY\">Henry Cowell <\/a>(1897-1965) tire des entrailles du piano des sonorit\u00e9s inou\u00efes en grattant ou en pin\u00e7ant les cordes. <em>Rhapsody in Blue<\/em> (1924) de George Gershwin (1898-1937) corrompt d\u00e9licieusement la musique classique avec ses rythmes syncop\u00e9s emprunt\u00e9s aux musiciens noirs. Le \u00ab vrai \u00bb jazz, quant \u00e0 lui, endiable les nuits dans les cabarets noirs de Harlem comme le <em>Small&rsquo;s Paradies<\/em> ou le Cotton Club.<br \/>\nLes ravages caus\u00e9s par la D\u00e9pression vont durement atteindre le monde musical. De nombreux compositeurs d\u2019avant-garde renoncent \u00e0 des conceptions trop \u00e9litistes de l\u2019art. Les musiques populaires, jusqu\u2019alors d\u00e9daign\u00e9es par les musiciens savants, deviennent des sources d\u2019inspiration majeures au cours des ann\u00e9es 1930-1940. Roy Harris (1898-1979) magnifie les grands espaces am\u00e9ricains dans ses pages symphoniques, et <a href=\"https:\/\/www.youtube.com\/watch?v=SOMVZT_FyLo\">Aaron Copland<\/a> (1900-1990) parvient \u00e0 toucher un large public avec un langage simple et \u00e9l\u00e9gant dans des \u0153uvres devenues de v\u00e9ritables embl\u00e8mes de la musique am\u00e9ricaine comme <a href=\"https:\/\/www.youtube.com\/watch?v=t4E1JYP5Tgc\"><em>Appalachian Spring<\/em> <\/a>(1943-44) ou F<em>anfare for the Common Man<\/em> (1942).<\/p>\n<p style=\"text-align: center;\"><a href=\"http:\/\/www.ensembleinter.com\/accents-online\/wp-content\/uploads\/2015\/03\/aaron-copland.jpg\"><img loading=\"lazy\" decoding=\"async\" class=\"aligncenter size-full wp-image-7797\" alt=\"aaron-copland\" src=\"http:\/\/www.ensembleinter.com\/accents-online\/wp-content\/uploads\/2015\/03\/aaron-copland.jpg\" width=\"492\" height=\"277\" srcset=\"https:\/\/www.ensembleintercontemporain.com\/content\/uploads\/2015\/03\/aaron-copland.jpg 492w, https:\/\/www.ensembleintercontemporain.com\/content\/uploads\/2015\/03\/aaron-copland-300x169.jpg 300w\" sizes=\"auto, (max-width: 492px) 100vw, 492px\" \/><\/a><strong><span style=\"font-size: x-small;\">Aaron Copland \/DR<\/span><\/strong><\/p>\n<p>L\u2019apr\u00e8s-guerre voit le paysage musical am\u00e9ricain se modifier \u00e0 nouveau. Le jazz est d\u00e9sormais concurrenc\u00e9 s\u00e9v\u00e8rement par le rock &amp; roll qui s\u00e9duit une jeunesse de plus en plus \u00e9mancip\u00e9e. En 1957, Leonard Bernstein (1918-1990) triomphe \u00e0 Broadway avec <em>West Side Story<\/em> et donne un nouveau ton \u00e0 la com\u00e9die musicale. Dans la sph\u00e8re de la musique savante, l\u2019opposition entre les partisans de Stravinsky et ceux de Schoenberg s\u2019amenuise au profit d\u2019une h\u00e9g\u00e9monie progressive de la musique s\u00e9rielle qui va atteindre son apog\u00e9e au cours des ann\u00e9es 1960. M\u00eame Aaron Copland et Igor Stravinsky ne r\u00e9sisteront pas \u00e0 l\u2019attraction du s\u00e9rialisme qu\u2019ils s\u2019approprieront de fa\u00e7on tr\u00e8s personnelle. Jacob Druckman, d\u00e9clarera plus tard que \u00ab ne pas \u00eatre s\u00e9riel sur la C\u00f4te est des \u00c9tats-Unis dans les ann\u00e9es 1960 \u00e9tait comme ne pas \u00eatre catholique \u00e0 Rome au XIII<sup>e<\/sup> si\u00e8cle.\u00bb<br \/>\nDans les d\u00e9cennies suivantes, c\u2019est surtout <a href=\"https:\/\/www.youtube.com\/watch?v=JuTRWHAd_IM\">Milton Babbitt <\/a>(n\u00e9 en 1916) qui s\u2019imposera comme la grande figure am\u00e9ricaine du s\u00e9rialisme et influencera un grand nombre de compositeurs. Cet \u00e9rudit dot\u00e9 d\u2019une grande culture math\u00e9matique, passionn\u00e9 de jazz et grand connaisseur des musiques populaires a su utiliser la s\u00e9rie dans des styles tr\u00e8s \u00e9clectiques qui t\u00e9moignent d\u2019une tr\u00e8s grande souplesse typiquement am\u00e9ricaine. Contrairement \u00e0 une id\u00e9e re\u00e7ue, la tradition dod\u00e9caphonique am\u00e9ricaine est encore bien repr\u00e9sent\u00e9e aujourd\u2019hui et s\u2019exprime tr\u00e8s diversement \u00e0 travers des approches ouvertes et originales. Milton Babbitt a jou\u00e9 aussi un r\u00f4le d\u00e9terminant dans le d\u00e9veloppement de la musique \u00e9lectronique et du synth\u00e9tiseur en poursuivant le travail des pionniers Vladimir Ussachevsky (1911-1990) et d\u2019Otto Luening (1900-1996) au Columbia-Princeton Center. C\u2019est \u00e9galement \u00e0 Princeton que Max Mathews va poursuivre les recherches en informatique musicale qu\u2019il avait entreprises au Bell Telephone Laboratories de Murray Hill, au milieu des ann\u00e9es 1950. D\u2019abord principalement cantonn\u00e9e dans les universit\u00e9s am\u00e9ricaines, la musique assist\u00e9e par ordinateur s\u2019est plus largement r\u00e9pandue, \u00e0 partir des ann\u00e9es 1980, avec le d\u00e9veloppement d\u2019outils informatiques personnels.<\/p>\n<p style=\"text-align: center;\"><a href=\"http:\/\/www.ensembleinter.com\/accents-online\/wp-content\/uploads\/2015\/03\/Carter_E62436002101.jpg\"><img loading=\"lazy\" decoding=\"async\" class=\"aligncenter size-full wp-image-7794\" alt=\"Elliott Carter\" src=\"http:\/\/www.ensembleinter.com\/accents-online\/wp-content\/uploads\/2015\/03\/Carter_E62436002101.jpg\" width=\"492\" height=\"325\" srcset=\"https:\/\/www.ensembleintercontemporain.com\/content\/uploads\/2015\/03\/Carter_E62436002101.jpg 492w, https:\/\/www.ensembleintercontemporain.com\/content\/uploads\/2015\/03\/Carter_E62436002101-300x198.jpg 300w\" sizes=\"auto, (max-width: 492px) 100vw, 492px\" \/><\/a><strong><span style=\"font-size: x-small;\">Elliott Carter (c) Philippe Gontier<\/span><\/strong><\/p>\n<p>En marge du s\u00e9rialisme, <a href=\"https:\/\/www.youtube.com\/watch?v=i6LM3WYBZfs\">Elliott Carter<\/a> (1908-2012) a trouv\u00e9 sa propre voie apr\u00e8s s\u2019\u00eatre d\u00e9livr\u00e9 de l\u2019influence n\u00e9oclassique. \u00c0 partir de son Premier<em> Quatuor<\/em> (1951), il a construit patiemment, et avec une prolixit\u00e9 de plus en plus grande, une \u0153uvre d\u2019une exceptionnelle richesse polyrythmique, fond\u00e9e sur une red\u00e9finition du contrepoint et des relations instrumentales. Celui que l\u2019on consid\u00e8re souvent comme le plus europ\u00e9en des compositeurs am\u00e9ricains est parvenu \u00e0 faire une synth\u00e8se de la spontan\u00e9it\u00e9 et de la clart\u00e9 fran\u00e7aise, du sens de la prosodie musicale germanique, de la vitalit\u00e9 et de l\u2019\u00e9nergie rythmiques propres \u00e0 la musique am\u00e9ricaine tout en cr\u00e9ant un style \u00e9minemment personnel. Le haut degr\u00e9 d\u2019\u00e9laboration de ses \u0153uvres et son sens prodigieux de l\u2019\u00e9criture instrumentale ont fait l\u2019admiration des plus grands interpr\u00e8tes \u00e0 travers le monde. Pierre Boulez et l\u2019Ensemble intercontemporain ont entretenu une relation privil\u00e9gi\u00e9e avec cette grande figure musicale am\u00e9ricaine. Elle a donn\u00e9 lieu aux commandes de<em> Esprit rude\/Esprit doux<\/em>, pour fl\u00fbte et clarinette (1984), de <em>Penthode<\/em> (1985), pour ensemble, du <em><a href=\"https:\/\/www.youtube.com\/watch?v=5Re9vvypcM4\">Concerto pour clarinette <\/a>(<\/em>1996) et de <em>R\u00e9flexions<\/em>, pour ensemble (2004).<br \/>\nL\u2019esprit exp\u00e9rimentaliste qui est une des caract\u00e9ristiques de la musique am\u00e9ricaine, r\u00e9appara\u00eet en pleine lumi\u00e8re apr\u00e8s la guerre et contribue \u00e0 donner un sang neuf \u00e0 la musique. Retir\u00e9 au Mexique, <a href=\"https:\/\/www.youtube.com\/watch?v=UPdX85cv_D8\">Conlon Nancarrow<\/a> (1912-1997) a compos\u00e9 des <em>\u00c9tudes pour piano<\/em> m\u00e9canique d\u2019une difficult\u00e9 technique telle qu\u2019elles ne peuvent \u00eatre jou\u00e9es par des pianistes. Les constructions polyrythmiques extr\u00eamement \u00e9labor\u00e9es qu\u2019elles font entendre ont eu une grande influence sur Gy\u00f6rgy Ligeti. John Cage (1912-1992), avec ses c\u00e9l\u00e8bres <em>Sonates et Interludes<\/em> (1948), pour piano pr\u00e9par\u00e9 ainsi que Lou Harrison (1917-2003), avec ses pi\u00e8ces \u00e9crites pour son \u00ab gamelan am\u00e9ricain \u00bb (fait de touches d\u2019aluminium et de bonbonnes d\u2019oxyg\u00e8ne) se sont largement inspir\u00e9s des musiques d\u2019Extr\u00eame-Orient. Harry Brant (1913-2008) a r\u00e9alis\u00e9, avec son concept de musique spatialis\u00e9e, de nouvelles dispositions orchestrales dont s\u2019est inspir\u00e9 Stockhausen. <a href=\"https:\/\/www.youtube.com\/watch?v=P3Zvf1Xujog\">George Crumb <\/a>(n\u00e9 en 1929) a th\u00e9\u00e2tralis\u00e9 le jeu des interpr\u00e8tes et tir\u00e9 des instruments des sonorit\u00e9s inou\u00efes notamment dans ses <em>Makrokosmos<\/em> (1971-72), pour piano et dans son inqui\u00e9tant quatuor \u00e0 cordes <em>Black Angels<\/em> (1970), compos\u00e9 avec le sombre arri\u00e8re-plan de la guerre du Vietnam.<br \/>\n<iframe loading=\"lazy\" src=\"https:\/\/www.youtube.com\/embed\/11o8nHk-l_o\" height=\"277\" width=\"492\" allowfullscreen=\"\" frameborder=\"0\"><\/iframe><br \/>\n&nbsp;<br \/>\nL\u2019Europe ne peut plus feindre d\u2019ignorer ce qui se passe outre-Atlantique tant l\u2019apport de la musique am\u00e9ricaine est devenu important. Si c\u2019est bien sur le Vieux continent que se sont produites les r\u00e9volutions musicales du d\u00e9but du XX<sup>e<\/sup> si\u00e8cle, notamment avec <em>Le sacre du printemps<\/em> et les \u0153uvres s\u00e9rielles des trois Viennois, c\u2019est sur le sol am\u00e9ricain qu\u2019ont eu lieu deux des plus grands s\u00e9ismes musicaux de la seconde partie du si\u00e8cle.<br \/>\n&nbsp;<\/p>\n<p style=\"text-align: center;\"><a href=\"http:\/\/www.ensembleinter.com\/accents-online\/wp-content\/uploads\/2015\/03\/Cage.jpg\"><img loading=\"lazy\" decoding=\"async\" class=\"aligncenter size-full wp-image-7795\" alt=\"American Composer John Cage\" src=\"http:\/\/www.ensembleinter.com\/accents-online\/wp-content\/uploads\/2015\/03\/Cage.jpg\" width=\"492\" height=\"660\" srcset=\"https:\/\/www.ensembleintercontemporain.com\/content\/uploads\/2015\/03\/Cage.jpg 492w, https:\/\/www.ensembleintercontemporain.com\/content\/uploads\/2015\/03\/Cage-224x300.jpg 224w\" sizes=\"auto, (max-width: 492px) 100vw, 492px\" \/><\/a><strong><span style=\"font-size: x-small;\">John Cage\/DR<\/span><\/strong><\/p>\n<p>Le premier a \u00e9t\u00e9 provoqu\u00e9, au d\u00e9but des ann\u00e9es 1950, par <span style=\"color: #0000ff;\"><span style=\"color: #00ccff;\">John Cage<\/span><strong> <\/strong><\/span>qui a donn\u00e9 une valeur musicale au silence, notamment avec sa pi\u00e8ce <em>4\u2019 33\u2019\u2019<\/em> (1952). Il a aussi effac\u00e9 la fronti\u00e8re entre mu-sique et bruit avec ses \u0153uvres pour percussions et, entre autres, avec<em> <a href=\"https:\/\/www.youtube.com\/watch?v=iRa0j_EIth0\">Imaginary Landscape IV<\/a><\/em> (1951), et a fait entrer le hasard et l\u2019ind\u00e9termination dans la composition avec <em>Music of Changes<\/em> (1951) ou le <em><a href=\"https:\/\/www.youtube.com\/watch?v=wGsGPF1QPP8\">Concerto pour piano pr\u00e9par\u00e9 et orchestre de chambre<\/a><\/em> (1957-58). Les id\u00e9es de John Cage, et notamment de sa remise en question des codes traditionnels de la musique savante occidentale, ont nourri l\u2019imagination d\u2019un vaste courant conceptuel pluridisciplinaire am\u00e9ricain. Sa longue et tr\u00e8s fructueuse collaboration avec le chor\u00e9graphe Merce Cunningham a contribu\u00e9 \u00e0 r\u00e9volutionner le rapport de la musique \u00e0 la danse. Dans le sillage trac\u00e9 par Cage, <span style=\"color: #00ccff;\">Morton Feldman<\/span> (1926-1987) a invent\u00e9 une po\u00e9tique musicale radicalement nouvelle dans des \u0153uvres o\u00f9 le temps s\u2019\u00e9tire \u00e0 l\u2019extr\u00eame comme dan son<a href=\"https:\/\/www.youtube.com\/watch?v=K95RtulCuOc\"> <em>Quatuor \u00e0 cordes n\u00b0 2<\/em> <\/a>(1983) qui dure plus de cinq heures sans interruption.<br \/>\nLe second s\u00e9isme a \u00e9t\u00e9 d\u00e9clench\u00e9, au milieu des ann\u00e9es 1960, par <span style=\"color: #00ccff;\">Terry Riley<\/span> (n\u00e9 en 1935) avec sa pi\u00e8ce <a href=\"https:\/\/www.youtube.com\/watch?v=PbBkdYCViLs\"><em>In C<\/em> <\/a>(1964), consid\u00e9r\u00e9e comme la premi\u00e8re \u0153uvre majeure du courant minimaliste r\u00e9p\u00e9titif. Selon John Adams, l\u2019apport de <em>In C<\/em> a \u00e9t\u00e9 aussi d\u00e9terminant pour la musique que l\u2019apport de <em>On the Road<\/em> (publi\u00e9 en 1957) de Jack Kerouac pour la litt\u00e9rature. Constitu\u00e9e de 53 fragments tr\u00e8s simples r\u00e9p\u00e9t\u00e9s ad libitum sur une pulsation immuable par un nombre variable de musiciens, <em>In C<\/em> modifie radicalement l\u2019approche du discours musical.<br \/>\nParmi les grandes figures du minimalisme r\u00e9p\u00e9titif, c\u2019est <span style=\"color: #00ccff;\">Steve Reich<\/span> qui a le plus rapidement acquis la reconnaissance du milieu de la musique savante, et qui s\u2019est impos\u00e9 comme un des plus importants repr\u00e9sentants de la musique am\u00e9ricaine. Ses \u0153uvres instrumentales (fond\u00e9es sur des d\u00e9phasages de patterns, inspir\u00e9s \u00e0 l\u2019origine par ses premi\u00e8res pi\u00e8ces pour bande magn\u00e9tique) comme <em>Drumming (<\/em>1971), pour ensemble de percussions ou <em>Music for 18 Musicians <\/em>(1974-76) sont aujourd\u2019hui au r\u00e9pertoire de nombreuses formations. Riley, Reich, mais aussi <a href=\"https:\/\/www.youtube.com\/watch?v=slaixLikE2o\">Philip Glass<\/a> (n\u00e9 en 1937) et<a href=\"https:\/\/www.youtube.com\/watch?v=5LoUm_r7It8\"> John Adams <\/a>(n\u00e9 en 1947) ont su \u00e9viter le risque d\u2019enfermement que pouvait engendrer une application trop stricte des principes minimalistes, et ont tous fait \u00e9voluer leur langage de fa\u00e7on personnelle et inventive. Dignes h\u00e9ritiers de ces grandes figures, William Duckworth, Paul Dresher ou Daniel Lentz ont donn\u00e9 des r\u00e9sonances riches et diverses au postminimalisme.<br \/>\n<iframe loading=\"lazy\" src=\"https:\/\/www.youtube.com\/embed\/ApnbymNz9dE\" height=\"277\" width=\"492\" allowfullscreen=\"\" frameborder=\"0\"><\/iframe><br \/>\n&nbsp;<br \/>\nAu cours des ann\u00e9es 1960, beaucoup de compositeurs am\u00e9ricains ont commenc\u00e9 \u00e0 rejeter la musique s\u00e9rielle et sont retourn\u00e9s \u00e0 un langage tonal abondamment nourri de citations d\u2019\u0153uvres europ\u00e9ennes du pass\u00e9. George Rochberg (1918-2005), <a href=\"https:\/\/www.youtube.com\/watch?v=pmWkqz8yHc0\">Jacob Druckman <\/a>(1928-1996), John Corigliano (n\u00e9 en 1938), repr\u00e9sentent principalement ce courant postmoderne am\u00e9ricain. La volont\u00e9 de retourner \u00e0 une expression personnelle et de donner la primaut\u00e9 \u00e0 l\u2019intuition ont amen\u00e9 aussi l\u2019\u00e9panouissement d\u2019un nouveau romantisme repr\u00e9sent\u00e9 d\u2019abord par David Del Tredici (n\u00e9 en 1937), John Harbison (n\u00e9 en 1938) ou Christopher Rouse (n\u00e9 en 1949). Dans les ann\u00e9es 1990, des compositeurs comme, Mickael Gordon (n\u00e9 en 1956) ou <a href=\"https:\/\/www.youtube.com\/watch?v=uhTusoemAdI\">John Luther Adams<\/a> (n\u00e9 en 1953) ont adopt\u00e9, quant \u00e0 eux, un style \u00ab totaliste \u00bb pouvant int\u00e9grer toutes les ressources musicales disponibles. Ils ont compos\u00e9 des \u0153uvres accessibles, mais suffisamment \u00e9labor\u00e9es pour pouvoir toucher un public aux go\u00fbts sophistiqu\u00e9s.<br \/>\nUne des grandes forces de la musique am\u00e9ricaine est d\u2019avoir estomp\u00e9 les fronti\u00e8res entre musique savante et musique populaire. En 1957, <a href=\"https:\/\/www.youtube.com\/watch?v=ag5UklJRyis\">Gunther Schuller <\/a>(n\u00e9 en 1925) avait voulu cr\u00e9er un \u00ab Third Stream \u00bb (troisi\u00e8me courant) en combinant jazz et musique contemporaine. Plus tard, William Bolcom (n\u00e9 en 1938) a compos\u00e9 des \u0153uvres o\u00f9 se m\u00ealent jazz, gestes s\u00e9riels, musiques d\u2019inspiration classique ou romantique, tandis que John Adams est sorti du moule minimaliste pour pouvoir int\u00e9grer potentiellement l\u2019ensemble des styles de la musique am\u00e9ricaine et de la musique europ\u00e9enne. Tout au long de sa tr\u00e8s prolifique carri\u00e8re,<a href=\"https:\/\/www.youtube.com\/watch?v=tf_ut84VLbw\"> Frank Zappa<\/a> (1940-1993) a construit une \u0153uvre d\u2019une diversit\u00e9 stup\u00e9fiante m\u00ealant aussi bien les r\u00e9f\u00e9rences \u00e0 Var\u00e8se, Stravinsky qu\u2019au Doo wop, au jazz ou \u00e0 la musique concr\u00e8te. \u00c0 la fin des ann\u00e9es 1970, <a href=\"https:\/\/www.youtube.com\/watch?v=pC2TCWcKVfo\">Rhys Chatham <\/a>(n\u00e9 en 1952), Robert Ashley (1930-2014), Peter Gordon (n\u00e9 en 1951) et Glenn Branca (n\u00e9 en 1948) ont collabor\u00e9 avec des musiciens de rock et se sont largement inspir\u00e9s de leur musique. Laurie Anderson a connu un succ\u00e8s ph\u00e9nom\u00e9nal avec sa pi\u00e8ce postminimaliste\u00a0<em><a href=\"https:\/\/www.youtube.com\/watch?v=_GAGFngepGA\">O Superman<\/a><\/em>, class\u00e9e n\u00b0 2 des pop charts anglais, en 1981. Meredith Monk (n\u00e9e en 1942) m\u00eale la danse, le th\u00e9\u00e2tre et la musique, et puise son inspiration dans diverses cultures. La fronti\u00e8re entre musique \u00e9crite et musique improvis\u00e9e, d\u00e9j\u00e0 mise \u00e0 mal avec les minimalistes Terry Riley et La Monte Young (alors influenc\u00e9s par John Coltrane) s\u2019est estomp\u00e9e aussi chez des compositeurs comme <span style=\"color: #00ccff;\">John Zorn<\/span> (n\u00e9 en 1953) ou Anthony Braxton (n\u00e9 en 1945), mais aussi chez de plus jeunes musiciens.<br \/>\n<iframe loading=\"lazy\" src=\"https:\/\/www.youtube.com\/embed\/zbGHHriLxgo\" height=\"277\" width=\"492\" allowfullscreen=\"\" frameborder=\"0\"><\/iframe><br \/>\n&nbsp;<br \/>\nDepuis une trentaine ann\u00e9es, on assiste aux \u00c9tats-Unis a une augmentation consid\u00e9rable du nombre de compositeurs et \u00e0 une grande diversification des courants musicaux Si les prix de composition ou les r\u00e9sidences au sein de prestigieuses institutions mettent sous les projecteurs une poign\u00e9e d\u2019\u00e9lus, une quantit\u00e9 impressionnante de talents, diss\u00e9min\u00e9s sur tout le territoire, joue un r\u00f4le fondamental dans la vie musicale \u00e9tasunienne. L\u2019attractivit\u00e9 de New York reste tr\u00e8s forte pour de nombreux jeunes compositeurs et la ville montre toujours une belle \u00e9nergie cr\u00e9atrice. Mais les lignes de partage entre Uptown et Downtown n\u2019ont plus le m\u00eame sens. La C\u00f4te ouest garde sa propre mentalit\u00e9, mais n\u2019a plus le monopole de l\u2019anticonformisme musical. L\u2019Am\u00e9rique \u00e9volue \u00e0 une vitesse stup\u00e9fiante. La perte de la supr\u00e9matie \u00e9conomique, l\u2019influence culturelle grandissante des \u00ab nouveaux am\u00e9ricains \u00bb latinos et asiatiques, auront des r\u00e9percussions majeures sur la musique de ce pays. S\u2019il est difficile d\u2019imaginer ce que donneront ces mutations, il n\u2019est pas hasardeux d\u2019avancer que cette Am\u00e9rique plurielle saura garder sa singularit\u00e9 et demeurer un passionnant espace de d\u00e9couvertes.<br \/>\n&#8212;&#8212;&#8212;&#8212;&#8212;&#8212;&#8212;&#8212;&#8212;&#8212;&#8212;&#8212;&#8212;-<br \/>\nPhoto haut : Steve Reich (c) Philippe Gontier<br \/>\n&nbsp;<\/p>\n","protected":false},"excerpt":{"rendered":"<p>En pr\u00e9lude au week-end \u00ab Sketches of New-York \u00bb du 24 au 26 avril 2015 \u00e0 la Philharmonie de Paris, l\u2019Ensemble jouera le\u00a0<a href=\"http:\/\/www.ensembleinter.com\/fr\/concert-797-New-York,-New-Works.html\">mardi 21 avril\u00a0<\/a>un programme \u00ab made in USA \u00bb, entre cr\u00e9ations et classique du vingti\u00e8me si\u00e8cle. L\u2019occasion pour Max Noubel de retracer, en quelques grands jalons, l\u2019histoire de la cr\u00e9ation musicale aux Etats-Unis du vingti\u00e8me si\u00e8cle \u00e0 aujourd\u2019hui.<\/p>\n","protected":false},"author":51,"featured_media":7792,"comment_status":"open","ping_status":"open","sticky":false,"template":"","format":"standard","meta":{"_acf_changed":false,"footnotes":""},"categories":[10],"tags":[651,202,461,64,633,652,653,654,655,656],"class_list":["post-7788","post","type-post","status-publish","format-standard","has-post-thumbnail","hentry","category-grand-angle","tag-charles-ives","tag-elliott-carter","tag-george-crumb","tag-john-cage","tag-john-zorn","tag-morton-feldman","tag-musique-americaine","tag-philip-glass","tag-steve-reich","tag-terry-riley"],"acf":[],"yoast_head":"<!-- This site is optimized with the Yoast SEO plugin v27.5 - https:\/\/yoast.com\/product\/yoast-seo-wordpress\/ -->\n<title>Am\u00e9rique\u2026 Am\u00e9riques. Une singularit\u00e9 plurielle. - Ensemble intercontemporain<\/title>\n<meta name=\"robots\" content=\"index, follow, max-snippet:-1, max-image-preview:large, max-video-preview:-1\" \/>\n<link rel=\"canonical\" href=\"https:\/\/www.ensembleintercontemporain.com\/fr\/2015\/03\/amerique-ameriques-une-singularite-plurielle\/\" \/>\n<meta property=\"og:locale\" content=\"fr_FR\" \/>\n<meta property=\"og:type\" content=\"article\" \/>\n<meta property=\"og:title\" content=\"Am\u00e9rique\u2026 Am\u00e9riques. Une singularit\u00e9 plurielle. - Ensemble intercontemporain\" \/>\n<meta property=\"og:description\" content=\"En pr\u00e9lude au week-end \u00ab Sketches of New-York \u00bb du 24 au 26 avril 2015 \u00e0 la Philharmonie de Paris, l\u2019Ensemble jouera le\u00a0mardi 21 avril\u00a0un programme \u00ab made in USA \u00bb, entre cr\u00e9ations et classique du vingti\u00e8me si\u00e8cle. L\u2019occasion pour Max Noubel de retracer, en quelques grands jalons, l\u2019histoire de la cr\u00e9ation musicale aux Etats-Unis du vingti\u00e8me si\u00e8cle \u00e0 aujourd\u2019hui.\" \/>\n<meta property=\"og:url\" content=\"https:\/\/www.ensembleintercontemporain.com\/en\/2015\/03\/amerique-ameriques-une-singularite-plurielle\/\" \/>\n<meta property=\"og:site_name\" content=\"Ensemble intercontemporain\" \/>\n<meta property=\"article:published_time\" content=\"2015-03-27T08:00:40+00:00\" \/>\n<meta property=\"og:image\" content=\"https:\/\/www.ensembleintercontemporain.com\/content\/uploads\/2015\/03\/Reich_908864_une.jpg\" \/>\n\t<meta property=\"og:image:width\" content=\"464\" \/>\n\t<meta property=\"og:image:height\" content=\"237\" \/>\n\t<meta property=\"og:image:type\" content=\"image\/jpeg\" \/>\n<meta name=\"author\" content=\"Max Noubel\" \/>\n<meta name=\"twitter:card\" content=\"summary_large_image\" \/>\n<meta name=\"twitter:label1\" content=\"\u00c9crit par\" \/>\n\t<meta name=\"twitter:data1\" content=\"Max Noubel\" \/>\n\t<meta name=\"twitter:label2\" content=\"Dur\u00e9e de lecture estim\u00e9e\" \/>\n\t<meta name=\"twitter:data2\" content=\"13 minutes\" \/>\n<script type=\"application\/ld+json\" class=\"yoast-schema-graph\">{\"@context\":\"https:\\\/\\\/schema.org\",\"@graph\":[{\"@type\":\"Article\",\"@id\":\"https:\\\/\\\/www.ensembleintercontemporain.com\\\/en\\\/2015\\\/03\\\/amerique-ameriques-une-singularite-plurielle\\\/#article\",\"isPartOf\":{\"@id\":\"https:\\\/\\\/www.ensembleintercontemporain.com\\\/en\\\/2015\\\/03\\\/amerique-ameriques-une-singularite-plurielle\\\/\"},\"author\":{\"name\":\"Max Noubel\",\"@id\":\"https:\\\/\\\/www.ensembleintercontemporain.com\\\/en\\\/#\\\/schema\\\/person\\\/0a9df67604faa9fdc6b6fcd4a39772f7\"},\"headline\":\"Am\u00e9rique\u2026 Am\u00e9riques. Une singularit\u00e9 plurielle.\",\"datePublished\":\"2015-03-27T08:00:40+00:00\",\"mainEntityOfPage\":{\"@id\":\"https:\\\/\\\/www.ensembleintercontemporain.com\\\/en\\\/2015\\\/03\\\/amerique-ameriques-une-singularite-plurielle\\\/\"},\"wordCount\":2575,\"commentCount\":0,\"image\":{\"@id\":\"https:\\\/\\\/www.ensembleintercontemporain.com\\\/en\\\/2015\\\/03\\\/amerique-ameriques-une-singularite-plurielle\\\/#primaryimage\"},\"thumbnailUrl\":\"https:\\\/\\\/www.ensembleintercontemporain.com\\\/content\\\/uploads\\\/2015\\\/03\\\/Reich_908864_une.jpg\",\"keywords\":[\"Charles Ives\",\"elliott carter\",\"george crumb\",\"John Cage\",\"john zorn\",\"Morton feldman\",\"Musique am\u00e9ricaine\",\"Philip Glass\",\"Steve Reich\",\"terry Riley\"],\"articleSection\":[\"Grand Angle\"],\"inLanguage\":\"fr-FR\"},{\"@type\":\"WebPage\",\"@id\":\"https:\\\/\\\/www.ensembleintercontemporain.com\\\/en\\\/2015\\\/03\\\/amerique-ameriques-une-singularite-plurielle\\\/\",\"url\":\"https:\\\/\\\/www.ensembleintercontemporain.com\\\/en\\\/2015\\\/03\\\/amerique-ameriques-une-singularite-plurielle\\\/\",\"name\":\"Am\u00e9rique\u2026 Am\u00e9riques. Une singularit\u00e9 plurielle. - Ensemble intercontemporain\",\"isPartOf\":{\"@id\":\"https:\\\/\\\/www.ensembleintercontemporain.com\\\/en\\\/#website\"},\"primaryImageOfPage\":{\"@id\":\"https:\\\/\\\/www.ensembleintercontemporain.com\\\/en\\\/2015\\\/03\\\/amerique-ameriques-une-singularite-plurielle\\\/#primaryimage\"},\"image\":{\"@id\":\"https:\\\/\\\/www.ensembleintercontemporain.com\\\/en\\\/2015\\\/03\\\/amerique-ameriques-une-singularite-plurielle\\\/#primaryimage\"},\"thumbnailUrl\":\"https:\\\/\\\/www.ensembleintercontemporain.com\\\/content\\\/uploads\\\/2015\\\/03\\\/Reich_908864_une.jpg\",\"datePublished\":\"2015-03-27T08:00:40+00:00\",\"author\":{\"@id\":\"https:\\\/\\\/www.ensembleintercontemporain.com\\\/en\\\/#\\\/schema\\\/person\\\/0a9df67604faa9fdc6b6fcd4a39772f7\"},\"breadcrumb\":{\"@id\":\"https:\\\/\\\/www.ensembleintercontemporain.com\\\/en\\\/2015\\\/03\\\/amerique-ameriques-une-singularite-plurielle\\\/#breadcrumb\"},\"inLanguage\":\"fr-FR\",\"potentialAction\":[{\"@type\":\"ReadAction\",\"target\":[\"https:\\\/\\\/www.ensembleintercontemporain.com\\\/en\\\/2015\\\/03\\\/amerique-ameriques-une-singularite-plurielle\\\/\"]}]},{\"@type\":\"ImageObject\",\"inLanguage\":\"fr-FR\",\"@id\":\"https:\\\/\\\/www.ensembleintercontemporain.com\\\/en\\\/2015\\\/03\\\/amerique-ameriques-une-singularite-plurielle\\\/#primaryimage\",\"url\":\"https:\\\/\\\/www.ensembleintercontemporain.com\\\/content\\\/uploads\\\/2015\\\/03\\\/Reich_908864_une.jpg\",\"contentUrl\":\"https:\\\/\\\/www.ensembleintercontemporain.com\\\/content\\\/uploads\\\/2015\\\/03\\\/Reich_908864_une.jpg\",\"width\":464,\"height\":237},{\"@type\":\"BreadcrumbList\",\"@id\":\"https:\\\/\\\/www.ensembleintercontemporain.com\\\/en\\\/2015\\\/03\\\/amerique-ameriques-une-singularite-plurielle\\\/#breadcrumb\",\"itemListElement\":[{\"@type\":\"ListItem\",\"position\":1,\"name\":\"Home\",\"item\":\"https:\\\/\\\/www.ensembleintercontemporain.com\\\/fr\\\/\"},{\"@type\":\"ListItem\",\"position\":2,\"name\":\"Am\u00e9rique\u2026 Am\u00e9riques. Une singularit\u00e9 plurielle.\"}]},{\"@type\":\"WebSite\",\"@id\":\"https:\\\/\\\/www.ensembleintercontemporain.com\\\/en\\\/#website\",\"url\":\"https:\\\/\\\/www.ensembleintercontemporain.com\\\/en\\\/\",\"name\":\"Ensemble intercontemporain\",\"description\":\"\",\"potentialAction\":[{\"@type\":\"SearchAction\",\"target\":{\"@type\":\"EntryPoint\",\"urlTemplate\":\"https:\\\/\\\/www.ensembleintercontemporain.com\\\/en\\\/?s={search_term_string}\"},\"query-input\":{\"@type\":\"PropertyValueSpecification\",\"valueRequired\":true,\"valueName\":\"search_term_string\"}}],\"inLanguage\":\"fr-FR\"},{\"@type\":\"Person\",\"@id\":\"https:\\\/\\\/www.ensembleintercontemporain.com\\\/en\\\/#\\\/schema\\\/person\\\/0a9df67604faa9fdc6b6fcd4a39772f7\",\"name\":\"Max Noubel\",\"image\":{\"@type\":\"ImageObject\",\"inLanguage\":\"fr-FR\",\"@id\":\"https:\\\/\\\/secure.gravatar.com\\\/avatar\\\/72fefa15b2dbf2647b40014bc8f61e6ae31e1443317173c04f435fe45a2db1b8?s=96&d=mm&r=g\",\"url\":\"https:\\\/\\\/secure.gravatar.com\\\/avatar\\\/72fefa15b2dbf2647b40014bc8f61e6ae31e1443317173c04f435fe45a2db1b8?s=96&d=mm&r=g\",\"contentUrl\":\"https:\\\/\\\/secure.gravatar.com\\\/avatar\\\/72fefa15b2dbf2647b40014bc8f61e6ae31e1443317173c04f435fe45a2db1b8?s=96&d=mm&r=g\",\"caption\":\"Max Noubel\"},\"url\":\"https:\\\/\\\/www.ensembleintercontemporain.com\\\/fr\\\/author\\\/max-noubel\\\/\"}]}<\/script>\n<!-- \/ Yoast SEO plugin. -->","yoast_head_json":{"title":"Am\u00e9rique\u2026 Am\u00e9riques. Une singularit\u00e9 plurielle. - Ensemble intercontemporain","robots":{"index":"index","follow":"follow","max-snippet":"max-snippet:-1","max-image-preview":"max-image-preview:large","max-video-preview":"max-video-preview:-1"},"canonical":"https:\/\/www.ensembleintercontemporain.com\/fr\/2015\/03\/amerique-ameriques-une-singularite-plurielle\/","og_locale":"fr_FR","og_type":"article","og_title":"Am\u00e9rique\u2026 Am\u00e9riques. Une singularit\u00e9 plurielle. - Ensemble intercontemporain","og_description":"En pr\u00e9lude au week-end \u00ab Sketches of New-York \u00bb du 24 au 26 avril 2015 \u00e0 la Philharmonie de Paris, l\u2019Ensemble jouera le\u00a0mardi 21 avril\u00a0un programme \u00ab made in USA \u00bb, entre cr\u00e9ations et classique du vingti\u00e8me si\u00e8cle. L\u2019occasion pour Max Noubel de retracer, en quelques grands jalons, l\u2019histoire de la cr\u00e9ation musicale aux Etats-Unis du vingti\u00e8me si\u00e8cle \u00e0 aujourd\u2019hui.","og_url":"https:\/\/www.ensembleintercontemporain.com\/en\/2015\/03\/amerique-ameriques-une-singularite-plurielle\/","og_site_name":"Ensemble intercontemporain","article_published_time":"2015-03-27T08:00:40+00:00","og_image":[{"width":464,"height":237,"url":"https:\/\/www.ensembleintercontemporain.com\/content\/uploads\/2015\/03\/Reich_908864_une.jpg","type":"image\/jpeg"}],"author":"Max Noubel","twitter_card":"summary_large_image","twitter_misc":{"\u00c9crit par":"Max Noubel","Dur\u00e9e de lecture estim\u00e9e":"13 minutes"},"schema":{"@context":"https:\/\/schema.org","@graph":[{"@type":"Article","@id":"https:\/\/www.ensembleintercontemporain.com\/en\/2015\/03\/amerique-ameriques-une-singularite-plurielle\/#article","isPartOf":{"@id":"https:\/\/www.ensembleintercontemporain.com\/en\/2015\/03\/amerique-ameriques-une-singularite-plurielle\/"},"author":{"name":"Max Noubel","@id":"https:\/\/www.ensembleintercontemporain.com\/en\/#\/schema\/person\/0a9df67604faa9fdc6b6fcd4a39772f7"},"headline":"Am\u00e9rique\u2026 Am\u00e9riques. Une singularit\u00e9 plurielle.","datePublished":"2015-03-27T08:00:40+00:00","mainEntityOfPage":{"@id":"https:\/\/www.ensembleintercontemporain.com\/en\/2015\/03\/amerique-ameriques-une-singularite-plurielle\/"},"wordCount":2575,"commentCount":0,"image":{"@id":"https:\/\/www.ensembleintercontemporain.com\/en\/2015\/03\/amerique-ameriques-une-singularite-plurielle\/#primaryimage"},"thumbnailUrl":"https:\/\/www.ensembleintercontemporain.com\/content\/uploads\/2015\/03\/Reich_908864_une.jpg","keywords":["Charles Ives","elliott carter","george crumb","John Cage","john zorn","Morton feldman","Musique am\u00e9ricaine","Philip Glass","Steve Reich","terry Riley"],"articleSection":["Grand Angle"],"inLanguage":"fr-FR"},{"@type":"WebPage","@id":"https:\/\/www.ensembleintercontemporain.com\/en\/2015\/03\/amerique-ameriques-une-singularite-plurielle\/","url":"https:\/\/www.ensembleintercontemporain.com\/en\/2015\/03\/amerique-ameriques-une-singularite-plurielle\/","name":"Am\u00e9rique\u2026 Am\u00e9riques. Une singularit\u00e9 plurielle. - Ensemble intercontemporain","isPartOf":{"@id":"https:\/\/www.ensembleintercontemporain.com\/en\/#website"},"primaryImageOfPage":{"@id":"https:\/\/www.ensembleintercontemporain.com\/en\/2015\/03\/amerique-ameriques-une-singularite-plurielle\/#primaryimage"},"image":{"@id":"https:\/\/www.ensembleintercontemporain.com\/en\/2015\/03\/amerique-ameriques-une-singularite-plurielle\/#primaryimage"},"thumbnailUrl":"https:\/\/www.ensembleintercontemporain.com\/content\/uploads\/2015\/03\/Reich_908864_une.jpg","datePublished":"2015-03-27T08:00:40+00:00","author":{"@id":"https:\/\/www.ensembleintercontemporain.com\/en\/#\/schema\/person\/0a9df67604faa9fdc6b6fcd4a39772f7"},"breadcrumb":{"@id":"https:\/\/www.ensembleintercontemporain.com\/en\/2015\/03\/amerique-ameriques-une-singularite-plurielle\/#breadcrumb"},"inLanguage":"fr-FR","potentialAction":[{"@type":"ReadAction","target":["https:\/\/www.ensembleintercontemporain.com\/en\/2015\/03\/amerique-ameriques-une-singularite-plurielle\/"]}]},{"@type":"ImageObject","inLanguage":"fr-FR","@id":"https:\/\/www.ensembleintercontemporain.com\/en\/2015\/03\/amerique-ameriques-une-singularite-plurielle\/#primaryimage","url":"https:\/\/www.ensembleintercontemporain.com\/content\/uploads\/2015\/03\/Reich_908864_une.jpg","contentUrl":"https:\/\/www.ensembleintercontemporain.com\/content\/uploads\/2015\/03\/Reich_908864_une.jpg","width":464,"height":237},{"@type":"BreadcrumbList","@id":"https:\/\/www.ensembleintercontemporain.com\/en\/2015\/03\/amerique-ameriques-une-singularite-plurielle\/#breadcrumb","itemListElement":[{"@type":"ListItem","position":1,"name":"Home","item":"https:\/\/www.ensembleintercontemporain.com\/fr\/"},{"@type":"ListItem","position":2,"name":"Am\u00e9rique\u2026 Am\u00e9riques. Une singularit\u00e9 plurielle."}]},{"@type":"WebSite","@id":"https:\/\/www.ensembleintercontemporain.com\/en\/#website","url":"https:\/\/www.ensembleintercontemporain.com\/en\/","name":"Ensemble intercontemporain","description":"","potentialAction":[{"@type":"SearchAction","target":{"@type":"EntryPoint","urlTemplate":"https:\/\/www.ensembleintercontemporain.com\/en\/?s={search_term_string}"},"query-input":{"@type":"PropertyValueSpecification","valueRequired":true,"valueName":"search_term_string"}}],"inLanguage":"fr-FR"},{"@type":"Person","@id":"https:\/\/www.ensembleintercontemporain.com\/en\/#\/schema\/person\/0a9df67604faa9fdc6b6fcd4a39772f7","name":"Max Noubel","image":{"@type":"ImageObject","inLanguage":"fr-FR","@id":"https:\/\/secure.gravatar.com\/avatar\/72fefa15b2dbf2647b40014bc8f61e6ae31e1443317173c04f435fe45a2db1b8?s=96&d=mm&r=g","url":"https:\/\/secure.gravatar.com\/avatar\/72fefa15b2dbf2647b40014bc8f61e6ae31e1443317173c04f435fe45a2db1b8?s=96&d=mm&r=g","contentUrl":"https:\/\/secure.gravatar.com\/avatar\/72fefa15b2dbf2647b40014bc8f61e6ae31e1443317173c04f435fe45a2db1b8?s=96&d=mm&r=g","caption":"Max Noubel"},"url":"https:\/\/www.ensembleintercontemporain.com\/fr\/author\/max-noubel\/"}]}},"_links":{"self":[{"href":"https:\/\/www.ensembleintercontemporain.com\/fr\/wp-json\/wp\/v2\/posts\/7788\/"}],"collection":[{"href":"https:\/\/www.ensembleintercontemporain.com\/fr\/wp-json\/wp\/v2\/posts\/"}],"about":[{"href":"https:\/\/www.ensembleintercontemporain.com\/fr\/wp-json\/wp\/v2\/types\/post\/"}],"author":[{"embeddable":true,"href":"https:\/\/www.ensembleintercontemporain.com\/fr\/wp-json\/wp\/v2\/users\/51\/"}],"replies":[{"embeddable":true,"href":"https:\/\/www.ensembleintercontemporain.com\/fr\/wp-json\/wp\/v2\/comments\/?post=7788"}],"version-history":[{"count":0,"href":"https:\/\/www.ensembleintercontemporain.com\/fr\/wp-json\/wp\/v2\/posts\/7788\/revisions\/"}],"wp:featuredmedia":[{"embeddable":true,"href":"https:\/\/www.ensembleintercontemporain.com\/fr\/wp-json\/wp\/v2\/media\/7792\/"}],"wp:attachment":[{"href":"https:\/\/www.ensembleintercontemporain.com\/fr\/wp-json\/wp\/v2\/media\/?parent=7788"}],"wp:term":[{"taxonomy":"category","embeddable":true,"href":"https:\/\/www.ensembleintercontemporain.com\/fr\/wp-json\/wp\/v2\/categories\/?post=7788"},{"taxonomy":"post_tag","embeddable":true,"href":"https:\/\/www.ensembleintercontemporain.com\/fr\/wp-json\/wp\/v2\/tags\/?post=7788"}],"curies":[{"name":"wp","href":"https:\/\/api.w.org\/{rel}","templated":true}]}}