{"id":7740,"date":"2015-02-28T09:00:43","date_gmt":"2015-02-28T07:00:43","guid":{"rendered":"http:\/\/www.ensembleinter.com\/accents-online\/?p=7740"},"modified":"2020-09-16T13:16:46","modified_gmt":"2020-09-16T11:16:46","slug":"frederique-cambreling-harpiste-presente-quatre-chants-pour-franchir-le-seuil-de-gerard-grisey","status":"publish","type":"post","link":"https:\/\/www.ensembleintercontemporain.com\/fr\/2015\/02\/frederique-cambreling-harpiste-presente-quatre-chants-pour-franchir-le-seuil-de-gerard-grisey\/","title":{"rendered":"\u00ab\u00a0Quatre chants pour franchir le seuil\u00a0\u00bb de G\u00e9rard Grisey, Fr\u00e9d\u00e9rique Cambreling"},"content":{"rendered":"<p><a href=\"http:\/\/www.ensembleinter.com\/accents-online\/wp-content\/uploads\/2014\/07\/11.jpg\"><img loading=\"lazy\" decoding=\"async\" class=\"aligncenter size-full wp-image-7141\" src=\"http:\/\/www.ensembleinter.com\/accents-online\/wp-content\/uploads\/2014\/07\/11.jpg\" alt=\"1\" width=\"492\" height=\"507\" srcset=\"https:\/\/www.ensembleintercontemporain.com\/content\/uploads\/2014\/07\/11.jpg 492w, https:\/\/www.ensembleintercontemporain.com\/content\/uploads\/2014\/07\/11-291x300.jpg 291w\" sizes=\"auto, (max-width: 492px) 100vw, 492px\" \/><\/a><br \/>\n<span style=\"font-size: 14pt;\">En 1996, G\u00e9rard Grisey d\u00e9bute la composition de <em>Quatre chants pour franchir<\/em> le seuil. Sa derni\u00e8re pi\u00e8ce. Une m\u00e9ditation musicale en 4 mouvements pour soprano et quinze instruments. La harpe y joue un r\u00f4le rythmique et \u2026 \u00ab symbolique \u00bb selon la harpiste Fr\u00e9d\u00e9rique Cambreling, avec qui G\u00e9rard Grisey a travaill\u00e9, afin de pr\u00e9parer et mieux comprendre les possibilit\u00e9s de jeu offertes par l\u2019instrument.<\/span><\/p>\n<p><iframe loading=\"lazy\" src=\"https:\/\/w.soundcloud.com\/player\/?url=https%3A\/\/api.soundcloud.com\/tracks\/195367570&amp;color=ff5500&amp;auto_play=false&amp;hide_related=false&amp;show_comments=true&amp;show_user=true&amp;show_reposts=false\" width=\"100%\" height=\"166\" frameborder=\"no\" scrolling=\"no\"><\/iframe><\/p>\n","protected":false},"excerpt":{"rendered":"<p>Fr\u00e9d\u00e9rique Cambreling, harpiste, pr\u00e9sente <em>Quatre chants pour franchir le seuil<\/em> de G\u00e9rard Grisey.<\/p>\n","protected":false},"author":100,"featured_media":7146,"comment_status":"closed","ping_status":"closed","sticky":false,"template":"","format":"standard","meta":{"_acf_changed":false,"footnotes":""},"categories":[102,1105],"tags":[85,40,103],"class_list":["post-7740","post","type-post","status-publish","format-standard","has-post-thumbnail","hentry","category-eclairage","category-un-soliste-une-oeuvre","tag-frederique-cambreling","tag-gerard-grisey","tag-quatre-chants-pour-franchir-le-seuil","concert-au-dela","concert-repetition-publique"],"acf":[],"yoast_head":"<!-- This site is optimized with the Yoast SEO plugin v27.5 - https:\/\/yoast.com\/product\/yoast-seo-wordpress\/ -->\n<title>&quot;Quatre chants pour franchir le seuil&quot; de G\u00e9rard Grisey, Fr\u00e9d\u00e9rique Cambreling - Ensemble intercontemporain<\/title>\n<meta name=\"robots\" content=\"index, follow, max-snippet:-1, max-image-preview:large, max-video-preview:-1\" \/>\n<link rel=\"canonical\" href=\"https:\/\/www.ensembleintercontemporain.com\/fr\/2015\/02\/frederique-cambreling-harpiste-presente-quatre-chants-pour-franchir-le-seuil-de-gerard-grisey\/\" \/>\n<meta property=\"og:locale\" content=\"fr_FR\" \/>\n<meta property=\"og:type\" content=\"article\" \/>\n<meta property=\"og:title\" content=\"&quot;Quatre chants pour franchir le seuil&quot; de G\u00e9rard Grisey, Fr\u00e9d\u00e9rique Cambreling - Ensemble intercontemporain\" \/>\n<meta property=\"og:description\" content=\"Fr\u00e9d\u00e9rique Cambreling, harpiste, pr\u00e9sente Quatre chants pour franchir le seuil de G\u00e9rard Grisey.\" \/>\n<meta property=\"og:url\" content=\"https:\/\/www.ensembleintercontemporain.com\/fr\/2015\/02\/frederique-cambreling-harpiste-presente-quatre-chants-pour-franchir-le-seuil-de-gerard-grisey\/\" \/>\n<meta property=\"og:site_name\" content=\"Ensemble intercontemporain\" \/>\n<meta property=\"article:published_time\" content=\"2015-02-28T07:00:43+00:00\" \/>\n<meta property=\"article:modified_time\" content=\"2020-09-16T11:16:46+00:00\" \/>\n<meta property=\"og:image\" content=\"https:\/\/www.ensembleintercontemporain.com\/content\/uploads\/2014\/07\/une-OK.jpg\" \/>\n\t<meta property=\"og:image:width\" content=\"464\" \/>\n\t<meta property=\"og:image:height\" content=\"237\" \/>\n\t<meta property=\"og:image:type\" content=\"image\/jpeg\" \/>\n<meta name=\"author\" content=\"Sebastien Lecordier\" \/>\n<meta name=\"twitter:card\" content=\"summary_large_image\" \/>\n<meta name=\"twitter:label1\" content=\"\u00c9crit par\" \/>\n\t<meta name=\"twitter:data1\" content=\"Sebastien Lecordier\" \/>\n<script type=\"application\/ld+json\" class=\"yoast-schema-graph\">{\"@context\":\"https:\\\/\\\/schema.org\",\"@graph\":[{\"@type\":\"Article\",\"@id\":\"https:\\\/\\\/www.ensembleintercontemporain.com\\\/fr\\\/2015\\\/02\\\/frederique-cambreling-harpiste-presente-quatre-chants-pour-franchir-le-seuil-de-gerard-grisey\\\/#article\",\"isPartOf\":{\"@id\":\"https:\\\/\\\/www.ensembleintercontemporain.com\\\/fr\\\/2015\\\/02\\\/frederique-cambreling-harpiste-presente-quatre-chants-pour-franchir-le-seuil-de-gerard-grisey\\\/\"},\"author\":{\"name\":\"Sebastien Lecordier\",\"@id\":\"https:\\\/\\\/www.ensembleintercontemporain.com\\\/en\\\/#\\\/schema\\\/person\\\/4ac6cb642190982076f2abf86184af7a\"},\"headline\":\"\u00ab\u00a0Quatre chants pour franchir le seuil\u00a0\u00bb de G\u00e9rard Grisey, Fr\u00e9d\u00e9rique Cambreling\",\"datePublished\":\"2015-02-28T07:00:43+00:00\",\"dateModified\":\"2020-09-16T11:16:46+00:00\",\"mainEntityOfPage\":{\"@id\":\"https:\\\/\\\/www.ensembleintercontemporain.com\\\/fr\\\/2015\\\/02\\\/frederique-cambreling-harpiste-presente-quatre-chants-pour-franchir-le-seuil-de-gerard-grisey\\\/\"},\"wordCount\":85,\"image\":{\"@id\":\"https:\\\/\\\/www.ensembleintercontemporain.com\\\/fr\\\/2015\\\/02\\\/frederique-cambreling-harpiste-presente-quatre-chants-pour-franchir-le-seuil-de-gerard-grisey\\\/#primaryimage\"},\"thumbnailUrl\":\"https:\\\/\\\/www.ensembleintercontemporain.com\\\/content\\\/uploads\\\/2014\\\/07\\\/une-OK.jpg\",\"keywords\":[\"Fr\u00e9d\u00e9rique Cambreling\",\"G\u00e9rard Grisey\",\"Quatre chants pour franchir le Seuil\"],\"articleSection\":[\"\u00c9clairage\",\"Un.e soliste, une \u0153uvre\"],\"inLanguage\":\"fr-FR\"},{\"@type\":\"WebPage\",\"@id\":\"https:\\\/\\\/www.ensembleintercontemporain.com\\\/fr\\\/2015\\\/02\\\/frederique-cambreling-harpiste-presente-quatre-chants-pour-franchir-le-seuil-de-gerard-grisey\\\/\",\"url\":\"https:\\\/\\\/www.ensembleintercontemporain.com\\\/fr\\\/2015\\\/02\\\/frederique-cambreling-harpiste-presente-quatre-chants-pour-franchir-le-seuil-de-gerard-grisey\\\/\",\"name\":\"\\\"Quatre chants pour franchir le seuil\\\" de G\u00e9rard Grisey, Fr\u00e9d\u00e9rique Cambreling - Ensemble intercontemporain\",\"isPartOf\":{\"@id\":\"https:\\\/\\\/www.ensembleintercontemporain.com\\\/en\\\/#website\"},\"primaryImageOfPage\":{\"@id\":\"https:\\\/\\\/www.ensembleintercontemporain.com\\\/fr\\\/2015\\\/02\\\/frederique-cambreling-harpiste-presente-quatre-chants-pour-franchir-le-seuil-de-gerard-grisey\\\/#primaryimage\"},\"image\":{\"@id\":\"https:\\\/\\\/www.ensembleintercontemporain.com\\\/fr\\\/2015\\\/02\\\/frederique-cambreling-harpiste-presente-quatre-chants-pour-franchir-le-seuil-de-gerard-grisey\\\/#primaryimage\"},\"thumbnailUrl\":\"https:\\\/\\\/www.ensembleintercontemporain.com\\\/content\\\/uploads\\\/2014\\\/07\\\/une-OK.jpg\",\"datePublished\":\"2015-02-28T07:00:43+00:00\",\"dateModified\":\"2020-09-16T11:16:46+00:00\",\"author\":{\"@id\":\"https:\\\/\\\/www.ensembleintercontemporain.com\\\/en\\\/#\\\/schema\\\/person\\\/4ac6cb642190982076f2abf86184af7a\"},\"breadcrumb\":{\"@id\":\"https:\\\/\\\/www.ensembleintercontemporain.com\\\/fr\\\/2015\\\/02\\\/frederique-cambreling-harpiste-presente-quatre-chants-pour-franchir-le-seuil-de-gerard-grisey\\\/#breadcrumb\"},\"inLanguage\":\"fr-FR\",\"potentialAction\":[{\"@type\":\"ReadAction\",\"target\":[\"https:\\\/\\\/www.ensembleintercontemporain.com\\\/fr\\\/2015\\\/02\\\/frederique-cambreling-harpiste-presente-quatre-chants-pour-franchir-le-seuil-de-gerard-grisey\\\/\"]}]},{\"@type\":\"ImageObject\",\"inLanguage\":\"fr-FR\",\"@id\":\"https:\\\/\\\/www.ensembleintercontemporain.com\\\/fr\\\/2015\\\/02\\\/frederique-cambreling-harpiste-presente-quatre-chants-pour-franchir-le-seuil-de-gerard-grisey\\\/#primaryimage\",\"url\":\"https:\\\/\\\/www.ensembleintercontemporain.com\\\/content\\\/uploads\\\/2014\\\/07\\\/une-OK.jpg\",\"contentUrl\":\"https:\\\/\\\/www.ensembleintercontemporain.com\\\/content\\\/uploads\\\/2014\\\/07\\\/une-OK.jpg\",\"width\":464,\"height\":237},{\"@type\":\"BreadcrumbList\",\"@id\":\"https:\\\/\\\/www.ensembleintercontemporain.com\\\/fr\\\/2015\\\/02\\\/frederique-cambreling-harpiste-presente-quatre-chants-pour-franchir-le-seuil-de-gerard-grisey\\\/#breadcrumb\",\"itemListElement\":[{\"@type\":\"ListItem\",\"position\":1,\"name\":\"Home\",\"item\":\"https:\\\/\\\/www.ensembleintercontemporain.com\\\/fr\\\/\"},{\"@type\":\"ListItem\",\"position\":2,\"name\":\"\u00ab\u00a0Quatre chants pour franchir le seuil\u00a0\u00bb de G\u00e9rard Grisey, Fr\u00e9d\u00e9rique Cambreling\"}]},{\"@type\":\"WebSite\",\"@id\":\"https:\\\/\\\/www.ensembleintercontemporain.com\\\/en\\\/#website\",\"url\":\"https:\\\/\\\/www.ensembleintercontemporain.com\\\/en\\\/\",\"name\":\"Ensemble intercontemporain\",\"description\":\"\",\"potentialAction\":[{\"@type\":\"SearchAction\",\"target\":{\"@type\":\"EntryPoint\",\"urlTemplate\":\"https:\\\/\\\/www.ensembleintercontemporain.com\\\/en\\\/?s={search_term_string}\"},\"query-input\":{\"@type\":\"PropertyValueSpecification\",\"valueRequired\":true,\"valueName\":\"search_term_string\"}}],\"inLanguage\":\"fr-FR\"},{\"@type\":\"Person\",\"@id\":\"https:\\\/\\\/www.ensembleintercontemporain.com\\\/en\\\/#\\\/schema\\\/person\\\/4ac6cb642190982076f2abf86184af7a\",\"name\":\"Sebastien Lecordier\",\"image\":{\"@type\":\"ImageObject\",\"inLanguage\":\"fr-FR\",\"@id\":\"https:\\\/\\\/secure.gravatar.com\\\/avatar\\\/3ee8dc843076f778904325b98fa1cd8c6c426d7974ba349bfaf3294e537d5e9b?s=96&d=mm&r=g\",\"url\":\"https:\\\/\\\/secure.gravatar.com\\\/avatar\\\/3ee8dc843076f778904325b98fa1cd8c6c426d7974ba349bfaf3294e537d5e9b?s=96&d=mm&r=g\",\"contentUrl\":\"https:\\\/\\\/secure.gravatar.com\\\/avatar\\\/3ee8dc843076f778904325b98fa1cd8c6c426d7974ba349bfaf3294e537d5e9b?s=96&d=mm&r=g\",\"caption\":\"Sebastien Lecordier\"},\"url\":\"https:\\\/\\\/www.ensembleintercontemporain.com\\\/fr\\\/author\\\/sebastien-lecordier\\\/\"}]}<\/script>\n<!-- \/ Yoast SEO plugin. -->","yoast_head_json":{"title":"\"Quatre chants pour franchir le seuil\" de G\u00e9rard Grisey, Fr\u00e9d\u00e9rique Cambreling - Ensemble intercontemporain","robots":{"index":"index","follow":"follow","max-snippet":"max-snippet:-1","max-image-preview":"max-image-preview:large","max-video-preview":"max-video-preview:-1"},"canonical":"https:\/\/www.ensembleintercontemporain.com\/fr\/2015\/02\/frederique-cambreling-harpiste-presente-quatre-chants-pour-franchir-le-seuil-de-gerard-grisey\/","og_locale":"fr_FR","og_type":"article","og_title":"\"Quatre chants pour franchir le seuil\" de G\u00e9rard Grisey, Fr\u00e9d\u00e9rique Cambreling - Ensemble intercontemporain","og_description":"Fr\u00e9d\u00e9rique Cambreling, harpiste, pr\u00e9sente Quatre chants pour franchir le seuil de G\u00e9rard Grisey.","og_url":"https:\/\/www.ensembleintercontemporain.com\/fr\/2015\/02\/frederique-cambreling-harpiste-presente-quatre-chants-pour-franchir-le-seuil-de-gerard-grisey\/","og_site_name":"Ensemble intercontemporain","article_published_time":"2015-02-28T07:00:43+00:00","article_modified_time":"2020-09-16T11:16:46+00:00","og_image":[{"width":464,"height":237,"url":"https:\/\/www.ensembleintercontemporain.com\/content\/uploads\/2014\/07\/une-OK.jpg","type":"image\/jpeg"}],"author":"Sebastien Lecordier","twitter_card":"summary_large_image","twitter_misc":{"\u00c9crit par":"Sebastien Lecordier"},"schema":{"@context":"https:\/\/schema.org","@graph":[{"@type":"Article","@id":"https:\/\/www.ensembleintercontemporain.com\/fr\/2015\/02\/frederique-cambreling-harpiste-presente-quatre-chants-pour-franchir-le-seuil-de-gerard-grisey\/#article","isPartOf":{"@id":"https:\/\/www.ensembleintercontemporain.com\/fr\/2015\/02\/frederique-cambreling-harpiste-presente-quatre-chants-pour-franchir-le-seuil-de-gerard-grisey\/"},"author":{"name":"Sebastien Lecordier","@id":"https:\/\/www.ensembleintercontemporain.com\/en\/#\/schema\/person\/4ac6cb642190982076f2abf86184af7a"},"headline":"\u00ab\u00a0Quatre chants pour franchir le seuil\u00a0\u00bb de G\u00e9rard Grisey, Fr\u00e9d\u00e9rique Cambreling","datePublished":"2015-02-28T07:00:43+00:00","dateModified":"2020-09-16T11:16:46+00:00","mainEntityOfPage":{"@id":"https:\/\/www.ensembleintercontemporain.com\/fr\/2015\/02\/frederique-cambreling-harpiste-presente-quatre-chants-pour-franchir-le-seuil-de-gerard-grisey\/"},"wordCount":85,"image":{"@id":"https:\/\/www.ensembleintercontemporain.com\/fr\/2015\/02\/frederique-cambreling-harpiste-presente-quatre-chants-pour-franchir-le-seuil-de-gerard-grisey\/#primaryimage"},"thumbnailUrl":"https:\/\/www.ensembleintercontemporain.com\/content\/uploads\/2014\/07\/une-OK.jpg","keywords":["Fr\u00e9d\u00e9rique Cambreling","G\u00e9rard Grisey","Quatre chants pour franchir le Seuil"],"articleSection":["\u00c9clairage","Un.e soliste, une \u0153uvre"],"inLanguage":"fr-FR"},{"@type":"WebPage","@id":"https:\/\/www.ensembleintercontemporain.com\/fr\/2015\/02\/frederique-cambreling-harpiste-presente-quatre-chants-pour-franchir-le-seuil-de-gerard-grisey\/","url":"https:\/\/www.ensembleintercontemporain.com\/fr\/2015\/02\/frederique-cambreling-harpiste-presente-quatre-chants-pour-franchir-le-seuil-de-gerard-grisey\/","name":"\"Quatre chants pour franchir le seuil\" de G\u00e9rard Grisey, Fr\u00e9d\u00e9rique Cambreling - Ensemble intercontemporain","isPartOf":{"@id":"https:\/\/www.ensembleintercontemporain.com\/en\/#website"},"primaryImageOfPage":{"@id":"https:\/\/www.ensembleintercontemporain.com\/fr\/2015\/02\/frederique-cambreling-harpiste-presente-quatre-chants-pour-franchir-le-seuil-de-gerard-grisey\/#primaryimage"},"image":{"@id":"https:\/\/www.ensembleintercontemporain.com\/fr\/2015\/02\/frederique-cambreling-harpiste-presente-quatre-chants-pour-franchir-le-seuil-de-gerard-grisey\/#primaryimage"},"thumbnailUrl":"https:\/\/www.ensembleintercontemporain.com\/content\/uploads\/2014\/07\/une-OK.jpg","datePublished":"2015-02-28T07:00:43+00:00","dateModified":"2020-09-16T11:16:46+00:00","author":{"@id":"https:\/\/www.ensembleintercontemporain.com\/en\/#\/schema\/person\/4ac6cb642190982076f2abf86184af7a"},"breadcrumb":{"@id":"https:\/\/www.ensembleintercontemporain.com\/fr\/2015\/02\/frederique-cambreling-harpiste-presente-quatre-chants-pour-franchir-le-seuil-de-gerard-grisey\/#breadcrumb"},"inLanguage":"fr-FR","potentialAction":[{"@type":"ReadAction","target":["https:\/\/www.ensembleintercontemporain.com\/fr\/2015\/02\/frederique-cambreling-harpiste-presente-quatre-chants-pour-franchir-le-seuil-de-gerard-grisey\/"]}]},{"@type":"ImageObject","inLanguage":"fr-FR","@id":"https:\/\/www.ensembleintercontemporain.com\/fr\/2015\/02\/frederique-cambreling-harpiste-presente-quatre-chants-pour-franchir-le-seuil-de-gerard-grisey\/#primaryimage","url":"https:\/\/www.ensembleintercontemporain.com\/content\/uploads\/2014\/07\/une-OK.jpg","contentUrl":"https:\/\/www.ensembleintercontemporain.com\/content\/uploads\/2014\/07\/une-OK.jpg","width":464,"height":237},{"@type":"BreadcrumbList","@id":"https:\/\/www.ensembleintercontemporain.com\/fr\/2015\/02\/frederique-cambreling-harpiste-presente-quatre-chants-pour-franchir-le-seuil-de-gerard-grisey\/#breadcrumb","itemListElement":[{"@type":"ListItem","position":1,"name":"Home","item":"https:\/\/www.ensembleintercontemporain.com\/fr\/"},{"@type":"ListItem","position":2,"name":"\u00ab\u00a0Quatre chants pour franchir le seuil\u00a0\u00bb de G\u00e9rard Grisey, Fr\u00e9d\u00e9rique Cambreling"}]},{"@type":"WebSite","@id":"https:\/\/www.ensembleintercontemporain.com\/en\/#website","url":"https:\/\/www.ensembleintercontemporain.com\/en\/","name":"Ensemble intercontemporain","description":"","potentialAction":[{"@type":"SearchAction","target":{"@type":"EntryPoint","urlTemplate":"https:\/\/www.ensembleintercontemporain.com\/en\/?s={search_term_string}"},"query-input":{"@type":"PropertyValueSpecification","valueRequired":true,"valueName":"search_term_string"}}],"inLanguage":"fr-FR"},{"@type":"Person","@id":"https:\/\/www.ensembleintercontemporain.com\/en\/#\/schema\/person\/4ac6cb642190982076f2abf86184af7a","name":"Sebastien Lecordier","image":{"@type":"ImageObject","inLanguage":"fr-FR","@id":"https:\/\/secure.gravatar.com\/avatar\/3ee8dc843076f778904325b98fa1cd8c6c426d7974ba349bfaf3294e537d5e9b?s=96&d=mm&r=g","url":"https:\/\/secure.gravatar.com\/avatar\/3ee8dc843076f778904325b98fa1cd8c6c426d7974ba349bfaf3294e537d5e9b?s=96&d=mm&r=g","contentUrl":"https:\/\/secure.gravatar.com\/avatar\/3ee8dc843076f778904325b98fa1cd8c6c426d7974ba349bfaf3294e537d5e9b?s=96&d=mm&r=g","caption":"Sebastien Lecordier"},"url":"https:\/\/www.ensembleintercontemporain.com\/fr\/author\/sebastien-lecordier\/"}]}},"_links":{"self":[{"href":"https:\/\/www.ensembleintercontemporain.com\/fr\/wp-json\/wp\/v2\/posts\/7740\/"}],"collection":[{"href":"https:\/\/www.ensembleintercontemporain.com\/fr\/wp-json\/wp\/v2\/posts\/"}],"about":[{"href":"https:\/\/www.ensembleintercontemporain.com\/fr\/wp-json\/wp\/v2\/types\/post\/"}],"author":[{"embeddable":true,"href":"https:\/\/www.ensembleintercontemporain.com\/fr\/wp-json\/wp\/v2\/users\/100\/"}],"replies":[{"embeddable":true,"href":"https:\/\/www.ensembleintercontemporain.com\/fr\/wp-json\/wp\/v2\/comments\/?post=7740"}],"version-history":[{"count":2,"href":"https:\/\/www.ensembleintercontemporain.com\/fr\/wp-json\/wp\/v2\/posts\/7740\/revisions\/"}],"predecessor-version":[{"id":19467,"href":"https:\/\/www.ensembleintercontemporain.com\/fr\/wp-json\/wp\/v2\/posts\/7740\/revisions\/19467\/"}],"wp:featuredmedia":[{"embeddable":true,"href":"https:\/\/www.ensembleintercontemporain.com\/fr\/wp-json\/wp\/v2\/media\/7146\/"}],"wp:attachment":[{"href":"https:\/\/www.ensembleintercontemporain.com\/fr\/wp-json\/wp\/v2\/media\/?parent=7740"}],"wp:term":[{"taxonomy":"category","embeddable":true,"href":"https:\/\/www.ensembleintercontemporain.com\/fr\/wp-json\/wp\/v2\/categories\/?post=7740"},{"taxonomy":"post_tag","embeddable":true,"href":"https:\/\/www.ensembleintercontemporain.com\/fr\/wp-json\/wp\/v2\/tags\/?post=7740"}],"curies":[{"name":"wp","href":"https:\/\/api.w.org\/{rel}","templated":true}]}}