{"id":6818,"date":"2014-04-01T15:48:06","date_gmt":"2014-04-01T13:48:06","guid":{"rendered":"http:\/\/www.ensembleinter.com\/accents-online\/?p=6818"},"modified":"2014-04-01T15:48:06","modified_gmt":"2014-04-01T13:48:06","slug":"philippe-leroux-total-solo","status":"publish","type":"post","link":"https:\/\/www.ensembleintercontemporain.com\/fr\/2014\/04\/philippe-leroux-total-solo\/","title":{"rendered":"Philippe Leroux est Total SOlo"},"content":{"rendered":"<p><a href=\"http:\/\/www.weekendturbulences.com\/presentation-du-week-end-air-libre\/\"><img loading=\"lazy\" decoding=\"async\" class=\"aligncenter size-full wp-image-6827\" alt=\"PhLeroux\" src=\"http:\/\/www.ensembleinter.com\/accents-online\/wp-content\/uploads\/2014\/04\/PhLeroux.jpg\" width=\"492\" height=\"328\" srcset=\"https:\/\/www.ensembleintercontemporain.com\/content\/uploads\/2014\/04\/PhLeroux.jpg 492w, https:\/\/www.ensembleintercontemporain.com\/content\/uploads\/2014\/04\/PhLeroux-300x200.jpg 300w\" sizes=\"auto, (max-width: 492px) 100vw, 492px\" \/><\/a><br \/>\n<strong>Philippe Leroux, <em>Total SOlo<\/em> sera cr\u00e9\u00e9e dans le cadre du troisi\u00e8me w<a href=\"http:\/\/www.weekendturbulences.com\/presentation-du-week-end-air-libre\/\">eek-end Turbulences du 11 au 13 avril, Air Libre<\/a>, pour lequel Bruno Mantovani a voulu mettre l\u2019accent sur l\u2019articulation du solo \u00e0 l\u2019ensemble, de l\u2019individu \u00e0 la soci\u00e9t\u00e9. Une th\u00e9matique \u00e0 laquelle votre titre semble faire \u00e9cho.<\/strong><br \/>\nNous sommes effectivement au c\u0153ur de ma probl\u00e9matique : d\u00e8s lors qu\u2019on soul\u00e8ve la question du solo en composition, on l\u2019envisage comme une m\u00e9taphore du rapport entre l\u2019individu et le groupe. On a toutefois tendance \u00e0 la penser en termes binaires (individu\/groupe). Je veux quant \u00e0 moi introduire d\u2019autres cat\u00e9gories comme le petit groupe \u2014 une cat\u00e9gorie qui pourrait \u00eatre plus utilis\u00e9e, en politique par exemple. De m\u00eame, on pense g\u00e9n\u00e9ralement que la masse, la foule, agit comme une seule personne, mais la r\u00e9alit\u00e9 est bien plus complexe : la multitude peut \u00eatre unie, ou compl\u00e8tement divis\u00e9e \u2014 c\u2019est aussi ce que j\u2019ai essay\u00e9 de travailler dans <em>Total SOLo<\/em>. J\u2019y d\u00e9cline l\u2019ensemble des relations qui peuvent exister entre un individu, un petit groupe, un grand groupe, et jusqu\u2019aux interactions au sein du grand groupe\u2026<br \/>\n<strong>Comment cela s\u2019exprime-t-il concr\u00e8tement dans Total <em>SOlo<\/em>?<\/strong><br \/>\nLa pi\u00e8ce est un vaste solo, mais un solo pens\u00e9 successivement de diff\u00e9rentes mani\u00e8res, pour explorer la question de la solitude de l\u2019instrument, ou de la solitude de l\u2019ensemble. Ainsi la partition est-elle con\u00e7ue comme une tresse (topologique) \u00e0 quatre brins, qui sont autant de natures du \u00ab solo \u00bb.<br \/>\nLe premier brin est une sorte de monodie, compos\u00e9e et composite \u2014 compos\u00e9e de l\u2019int\u00e9rieur, elle traite 15 \u00e0 28 instruments comme un seul m\u00e9ta-instrument. Comme pour une mixture d\u2019orgue, tous les instruments ou presque participent \u00e0 cette monodie. Le principe n\u2019est pas tr\u00e8s \u00e9loign\u00e9 de celui de Klangfarbenmelodie, m\u00eame s\u2019il rel\u00e8ve moins de la juxtaposition des timbres que de la superposition de strates. On pourrait parler de synth\u00e8se additive sur le plan fr\u00e9quentiel (les hauteurs), mais j\u2019accorde \u00e9galement une grande attention au timbre. Je travaille en outre sur des formants de densit\u00e9 pour cr\u00e9er, m\u00eame au niveau harmonique, \u00e0 l\u2019int\u00e9rieur d\u2019un accord, diff\u00e9rentes zones de densit\u00e9\u2026<br \/>\nLe deuxi\u00e8me brin, ce sont des solos individuels : c\u2019est le solo typique qu\u2019on conna\u00eet. Je peux toutefois les figer par moments, dans des mouvements quasi statiques, qui engendrent une grande tension. Tous ces solos sont d\u00e9volus \u00e0 six solistes (fl\u00fbte basse, cor anglais, cor, petite trompette en la, violon et contrebasse) que j\u2019ai choisis pour leurs sonorit\u00e9s, ainsi que pour leur aspect idiomatique et leurs possibilit\u00e9s virtuoses.<br \/>\nLe troisi\u00e8me brin est une d\u00e9multiplication du deuxi\u00e8me : les six instruments solistes jouent ensemble \u2014 comme un petit groupe.<br \/>\nEnfin le quatri\u00e8me et dernier brin s\u2019affranchit quelque peu de l\u2019id\u00e9e de solo pour effleurer la question de la polyphonie. Au lieu de penser la monodie globale comme un \u00e9l\u00e9ment unique, on la consid\u00e8re sous la forme de deux strates superpos\u00e9es : j\u2019y ai recours aux techniques d\u2019\u00e9criture classiques : canons, d\u00e9calages, r\u00e9trograde, palindrome, etc.<br \/>\nVous parliez de tresse topologique \u00e0 quatre brins : comment cette tresse se manifeste-t-elle dans la forme ? Par un entrelacement de ces quatre types d\u2019activit\u00e9 : on commence par la premi\u00e8re, puis on bascule vers la deuxi\u00e8me, qu\u2019on abandonne pour la troisi\u00e8me, pour revenir ensuite \u00e0 la premi\u00e8re de nouveau et ainsi de suite. Exactement comme une tresse de cheveux \u2014 m\u00eame si les brins n\u2019apparaissent pas de fa\u00e7on p\u00e9riodique et r\u00e9guli\u00e8re \u2014 : on n\u2019entend jamais qu\u2019un brin \u00e0 la fois. Cependant, quand on quitte un brin, il continue d\u2019\u00e9voluer, hors de port\u00e9e de nos oreilles. Lorsqu\u2019il repara\u00eet, on ne le reprend jamais o\u00f9 on l\u2019a laiss\u00e9, mais un peu plus loin. Des liens virtuels passionnants se cr\u00e9ent ainsi entre les diff\u00e9rents moments de la pi\u00e8ce. C\u2019est pour moi un enjeu formel tr\u00e8s fort car c\u2019est une mani\u00e8re d\u2019assurer \u00e0 la fois la continuit\u00e9 et la coh\u00e9rence des id\u00e9es, tout en pr\u00e9parant l\u2019auditeur aux plus extravagantes surprises.<br \/>\n\u00c0 partir de l\u00e0, je soigne les encha\u00eenements, les articulations formelles. Je d\u00e9cline de multiples fa\u00e7ons de passer d\u2019une s\u00e9quence \u00e0 l\u2019autre. Pour donner un exemple concret : d\u2019une s\u00e9quence de solo vers un s\u00e9quence de groupe, on peut faire un \u00ab cut \u00bb ou faire na\u00eetre le groupe au sein du discours du soliste, ou encore d\u00e9multiplier la figure du soliste ; le solo peut se poursuivre apr\u00e8s l\u2019entr\u00e9e du groupe, mais peut aussi bien reprendre le dessus, se dissoudre dans le groupe, ou interagir avec lui pour cr\u00e9er des sous-groupes. La richesse des transitions assure la fluidit\u00e9 du discours musical.<br \/>\n<strong>On vous sait tr\u00e8s int\u00e9ress\u00e9 par les musiques anciennes, m\u00e9di\u00e9vales, pr\u00e9baroques ou baroques, dont vous r\u00e9investissez la grammaire et l\u2019imaginaire. Et dans ces diverses mani\u00e8res d\u2019aborder le solo, on devine en filigrane la forme du concerto grosso\u2026<\/strong><br \/>\nOui, car elles correspondent \u00e0 des p\u00e9riodes o\u00f9 l\u2019\u00e9quilibre entre structure et spontan\u00e9it\u00e9 \u00e9tait excellent, et o\u00f9 le mot tradition ne repr\u00e9sentait rien de fig\u00e9. \u00c0 un d\u00e9tail pr\u00e8s toutefois, qui a son importance : dans le concerto grosso, tout se joue encore sous une forme dialectique. Deux groupes sont en pr\u00e9sence : le ripieno et le concertino \u2014 la foule et le groupe actif. Il y manque donc le v\u00e9ritable \u00ab solo \u00bb. Je m\u00eale quant \u00e0 moi le concerto grosso, le concerto solo, et le concertant, dans le sens du \u00ab concert \u00bb.<br \/>\n&nbsp;<br \/>\nPhoto : Pierre Raimbault<br \/>\n&nbsp;<br \/>\n&nbsp;<\/p>\n","protected":false},"excerpt":{"rendered":"<p>Entretien avec le compositeur Philippe Leroux sur <em>Total SOlo<\/em>, qui sera cr\u00e9\u00e9e le <a href=\"http:\/\/www.weekendturbulences.com\/presentation-du-week-end-air-libre\/\">13 avril 2014 \u00e0 la Cit\u00e9 de la musique<\/a> dans le cadre du dernier week-end Turbulences de la saison 2013-14, <em>Air libre<\/em>.<\/p>\n<style><!--\n\/* Font Definitions *\/\n@font-face\n\t{font-family:\"\uff2d\uff33 \u660e\u671d\";\n\tmso-font-charset:78;\n\tmso-generic-font-family:auto;\n\tmso-font-pitch:variable;\n\tmso-font-signature:-536870145 1791491579 18 0 131231 0;}\n@font-face\n\t{font-family:\"Cambria Math\";\n\tpanose-1:2 4 5 3 5 4 6 3 2 4;\n\tmso-font-charset:0;\n\tmso-generic-font-family:auto;\n\tmso-font-pitch:variable;\n\tmso-font-signature:-536870145 1107305727 0 0 415 0;}\n@font-face\n\t{font-family:Cambria;\n\tpanose-1:2 4 5 3 5 4 6 3 2 4;\n\tmso-font-charset:0;\n\tmso-generic-font-family:auto;\n\tmso-font-pitch:variable;\n\tmso-font-signature:-536870145 1073743103 0 0 415 0;}\n@font-face\n\t{font-family:Garamond;\n\tpanose-1:2 2 4 4 3 3 1 1 8 3;\n\tmso-font-charset:0;\n\tmso-generic-font-family:auto;\n\tmso-font-pitch:variable;\n\tmso-font-signature:3 0 0 0 1 0;}\n \/* Style Definitions *\/\np.MsoNormal, li.MsoNormal, div.MsoNormal\n\t{mso-style-unhide:no;\n\tmso-style-qformat:yes;\n\tmso-style-parent:\"\";\n\tmargin:0cm;\n\tmargin-bottom:.0001pt;\n\tmso-pagination:widow-orphan;\n\tfont-size:12.0pt;\n\tfont-family:Cambria;\n\tmso-fareast-font-family:\"\uff2d\uff33 \u660e\u671d\";\n\tmso-bidi-font-family:\"Times New Roman\";}\n.MsoChpDefault\n\t{mso-style-type:export-only;\n\tmso-default-props:yes;\n\tfont-size:10.0pt;\n\tmso-ansi-font-size:10.0pt;\n\tmso-bidi-font-size:10.0pt;\n\tfont-family:Cambria;\n\tmso-ascii-font-family:Cambria;\n\tmso-fareast-font-family:\"\uff2d\uff33 \u660e\u671d\";\n\tmso-hansi-font-family:Cambria;}\n@page WordSection1\n\t{size:612.0pt 792.0pt;\n\tmargin:70.85pt 70.85pt 70.85pt 70.85pt;\n\tmso-header-margin:36.0pt;\n\tmso-footer-margin:36.0pt;\n\tmso-paper-source:0;}\ndiv.WordSection1\n\t{page:WordSection1;}\n--><\/style>\n","protected":false},"author":5,"featured_media":6829,"comment_status":"open","ping_status":"open","sticky":false,"template":"","format":"standard","meta":{"_acf_changed":false,"footnotes":""},"categories":[4],"tags":[60,589,563],"class_list":["post-6818","post","type-post","status-publish","format-standard","has-post-thumbnail","hentry","category-entretiens","tag-creation","tag-philippe-leroux","tag-week-end-turbulences","concert-presences","concert-repetition-publique"],"acf":[],"yoast_head":"<!-- This site is optimized with the Yoast SEO plugin v27.5 - https:\/\/yoast.com\/product\/yoast-seo-wordpress\/ -->\n<title>Philippe Leroux est Total SOlo - Ensemble intercontemporain<\/title>\n<meta name=\"robots\" content=\"index, follow, max-snippet:-1, max-image-preview:large, max-video-preview:-1\" \/>\n<link rel=\"canonical\" href=\"https:\/\/www.ensembleintercontemporain.com\/fr\/2014\/04\/philippe-leroux-total-solo\/\" \/>\n<meta property=\"og:locale\" content=\"fr_FR\" \/>\n<meta property=\"og:type\" content=\"article\" \/>\n<meta property=\"og:title\" content=\"Philippe Leroux est Total SOlo - Ensemble intercontemporain\" \/>\n<meta property=\"og:description\" content=\"Entretien avec le compositeur Philippe Leroux sur Total SOlo, qui sera cr\u00e9\u00e9e le 13 avril 2014 \u00e0 la Cit\u00e9 de la musique dans le cadre du dernier week-end Turbulences de la saison 2013-14, Air libre.\" \/>\n<meta property=\"og:url\" content=\"https:\/\/www.ensembleintercontemporain.com\/en\/2014\/04\/philippe-leroux-total-solo\/\" \/>\n<meta property=\"og:site_name\" content=\"Ensemble intercontemporain\" \/>\n<meta property=\"article:published_time\" content=\"2014-04-01T13:48:06+00:00\" \/>\n<meta property=\"og:image\" content=\"https:\/\/www.ensembleintercontemporain.com\/content\/uploads\/2014\/04\/PhLeroux02-une.jpg\" \/>\n\t<meta property=\"og:image:width\" content=\"464\" \/>\n\t<meta property=\"og:image:height\" content=\"237\" \/>\n\t<meta property=\"og:image:type\" content=\"image\/jpeg\" \/>\n<meta name=\"author\" content=\"J\u00e9remie Szpirglas\" \/>\n<meta name=\"twitter:card\" content=\"summary_large_image\" \/>\n<meta name=\"twitter:label1\" content=\"\u00c9crit par\" \/>\n\t<meta name=\"twitter:data1\" content=\"J\u00e9remie Szpirglas\" \/>\n\t<meta name=\"twitter:label2\" content=\"Dur\u00e9e de lecture estim\u00e9e\" \/>\n\t<meta name=\"twitter:data2\" content=\"5 minutes\" \/>\n<script type=\"application\/ld+json\" class=\"yoast-schema-graph\">{\"@context\":\"https:\\\/\\\/schema.org\",\"@graph\":[{\"@type\":\"Article\",\"@id\":\"https:\\\/\\\/www.ensembleintercontemporain.com\\\/en\\\/2014\\\/04\\\/philippe-leroux-total-solo\\\/#article\",\"isPartOf\":{\"@id\":\"https:\\\/\\\/www.ensembleintercontemporain.com\\\/en\\\/2014\\\/04\\\/philippe-leroux-total-solo\\\/\"},\"author\":{\"name\":\"J\u00e9remie Szpirglas\",\"@id\":\"https:\\\/\\\/www.ensembleintercontemporain.com\\\/en\\\/#\\\/schema\\\/person\\\/439a7dd5cd8a167c34c931d7cc900214\"},\"headline\":\"Philippe Leroux est Total SOlo\",\"datePublished\":\"2014-04-01T13:48:06+00:00\",\"mainEntityOfPage\":{\"@id\":\"https:\\\/\\\/www.ensembleintercontemporain.com\\\/en\\\/2014\\\/04\\\/philippe-leroux-total-solo\\\/\"},\"wordCount\":989,\"commentCount\":0,\"image\":{\"@id\":\"https:\\\/\\\/www.ensembleintercontemporain.com\\\/en\\\/2014\\\/04\\\/philippe-leroux-total-solo\\\/#primaryimage\"},\"thumbnailUrl\":\"https:\\\/\\\/www.ensembleintercontemporain.com\\\/content\\\/uploads\\\/2014\\\/04\\\/PhLeroux02-une.jpg\",\"keywords\":[\"cr\u00e9ation\",\"Philippe Leroux\",\"week-end Turbulences\"],\"articleSection\":[\"Entretien\"],\"inLanguage\":\"fr-FR\"},{\"@type\":\"WebPage\",\"@id\":\"https:\\\/\\\/www.ensembleintercontemporain.com\\\/en\\\/2014\\\/04\\\/philippe-leroux-total-solo\\\/\",\"url\":\"https:\\\/\\\/www.ensembleintercontemporain.com\\\/en\\\/2014\\\/04\\\/philippe-leroux-total-solo\\\/\",\"name\":\"Philippe Leroux est Total SOlo - Ensemble intercontemporain\",\"isPartOf\":{\"@id\":\"https:\\\/\\\/www.ensembleintercontemporain.com\\\/en\\\/#website\"},\"primaryImageOfPage\":{\"@id\":\"https:\\\/\\\/www.ensembleintercontemporain.com\\\/en\\\/2014\\\/04\\\/philippe-leroux-total-solo\\\/#primaryimage\"},\"image\":{\"@id\":\"https:\\\/\\\/www.ensembleintercontemporain.com\\\/en\\\/2014\\\/04\\\/philippe-leroux-total-solo\\\/#primaryimage\"},\"thumbnailUrl\":\"https:\\\/\\\/www.ensembleintercontemporain.com\\\/content\\\/uploads\\\/2014\\\/04\\\/PhLeroux02-une.jpg\",\"datePublished\":\"2014-04-01T13:48:06+00:00\",\"author\":{\"@id\":\"https:\\\/\\\/www.ensembleintercontemporain.com\\\/en\\\/#\\\/schema\\\/person\\\/439a7dd5cd8a167c34c931d7cc900214\"},\"breadcrumb\":{\"@id\":\"https:\\\/\\\/www.ensembleintercontemporain.com\\\/en\\\/2014\\\/04\\\/philippe-leroux-total-solo\\\/#breadcrumb\"},\"inLanguage\":\"fr-FR\",\"potentialAction\":[{\"@type\":\"ReadAction\",\"target\":[\"https:\\\/\\\/www.ensembleintercontemporain.com\\\/en\\\/2014\\\/04\\\/philippe-leroux-total-solo\\\/\"]}]},{\"@type\":\"ImageObject\",\"inLanguage\":\"fr-FR\",\"@id\":\"https:\\\/\\\/www.ensembleintercontemporain.com\\\/en\\\/2014\\\/04\\\/philippe-leroux-total-solo\\\/#primaryimage\",\"url\":\"https:\\\/\\\/www.ensembleintercontemporain.com\\\/content\\\/uploads\\\/2014\\\/04\\\/PhLeroux02-une.jpg\",\"contentUrl\":\"https:\\\/\\\/www.ensembleintercontemporain.com\\\/content\\\/uploads\\\/2014\\\/04\\\/PhLeroux02-une.jpg\",\"width\":464,\"height\":237},{\"@type\":\"BreadcrumbList\",\"@id\":\"https:\\\/\\\/www.ensembleintercontemporain.com\\\/en\\\/2014\\\/04\\\/philippe-leroux-total-solo\\\/#breadcrumb\",\"itemListElement\":[{\"@type\":\"ListItem\",\"position\":1,\"name\":\"Home\",\"item\":\"https:\\\/\\\/www.ensembleintercontemporain.com\\\/fr\\\/\"},{\"@type\":\"ListItem\",\"position\":2,\"name\":\"Philippe Leroux est Total SOlo\"}]},{\"@type\":\"WebSite\",\"@id\":\"https:\\\/\\\/www.ensembleintercontemporain.com\\\/en\\\/#website\",\"url\":\"https:\\\/\\\/www.ensembleintercontemporain.com\\\/en\\\/\",\"name\":\"Ensemble intercontemporain\",\"description\":\"\",\"potentialAction\":[{\"@type\":\"SearchAction\",\"target\":{\"@type\":\"EntryPoint\",\"urlTemplate\":\"https:\\\/\\\/www.ensembleintercontemporain.com\\\/en\\\/?s={search_term_string}\"},\"query-input\":{\"@type\":\"PropertyValueSpecification\",\"valueRequired\":true,\"valueName\":\"search_term_string\"}}],\"inLanguage\":\"fr-FR\"},{\"@type\":\"Person\",\"@id\":\"https:\\\/\\\/www.ensembleintercontemporain.com\\\/en\\\/#\\\/schema\\\/person\\\/439a7dd5cd8a167c34c931d7cc900214\",\"name\":\"J\u00e9remie Szpirglas\",\"image\":{\"@type\":\"ImageObject\",\"inLanguage\":\"fr-FR\",\"@id\":\"https:\\\/\\\/secure.gravatar.com\\\/avatar\\\/51406c8ec861211e1bd97cfab9a482b48101946652a6a78f911670a9a593f3ed?s=96&d=mm&r=g\",\"url\":\"https:\\\/\\\/secure.gravatar.com\\\/avatar\\\/51406c8ec861211e1bd97cfab9a482b48101946652a6a78f911670a9a593f3ed?s=96&d=mm&r=g\",\"contentUrl\":\"https:\\\/\\\/secure.gravatar.com\\\/avatar\\\/51406c8ec861211e1bd97cfab9a482b48101946652a6a78f911670a9a593f3ed?s=96&d=mm&r=g\",\"caption\":\"J\u00e9remie Szpirglas\"},\"url\":\"https:\\\/\\\/www.ensembleintercontemporain.com\\\/fr\\\/author\\\/benjamin-szpirglas\\\/\"}]}<\/script>\n<!-- \/ Yoast SEO plugin. -->","yoast_head_json":{"title":"Philippe Leroux est Total SOlo - Ensemble intercontemporain","robots":{"index":"index","follow":"follow","max-snippet":"max-snippet:-1","max-image-preview":"max-image-preview:large","max-video-preview":"max-video-preview:-1"},"canonical":"https:\/\/www.ensembleintercontemporain.com\/fr\/2014\/04\/philippe-leroux-total-solo\/","og_locale":"fr_FR","og_type":"article","og_title":"Philippe Leroux est Total SOlo - Ensemble intercontemporain","og_description":"Entretien avec le compositeur Philippe Leroux sur Total SOlo, qui sera cr\u00e9\u00e9e le 13 avril 2014 \u00e0 la Cit\u00e9 de la musique dans le cadre du dernier week-end Turbulences de la saison 2013-14, Air libre.","og_url":"https:\/\/www.ensembleintercontemporain.com\/en\/2014\/04\/philippe-leroux-total-solo\/","og_site_name":"Ensemble intercontemporain","article_published_time":"2014-04-01T13:48:06+00:00","og_image":[{"width":464,"height":237,"url":"https:\/\/www.ensembleintercontemporain.com\/content\/uploads\/2014\/04\/PhLeroux02-une.jpg","type":"image\/jpeg"}],"author":"J\u00e9remie Szpirglas","twitter_card":"summary_large_image","twitter_misc":{"\u00c9crit par":"J\u00e9remie Szpirglas","Dur\u00e9e de lecture estim\u00e9e":"5 minutes"},"schema":{"@context":"https:\/\/schema.org","@graph":[{"@type":"Article","@id":"https:\/\/www.ensembleintercontemporain.com\/en\/2014\/04\/philippe-leroux-total-solo\/#article","isPartOf":{"@id":"https:\/\/www.ensembleintercontemporain.com\/en\/2014\/04\/philippe-leroux-total-solo\/"},"author":{"name":"J\u00e9remie Szpirglas","@id":"https:\/\/www.ensembleintercontemporain.com\/en\/#\/schema\/person\/439a7dd5cd8a167c34c931d7cc900214"},"headline":"Philippe Leroux est Total SOlo","datePublished":"2014-04-01T13:48:06+00:00","mainEntityOfPage":{"@id":"https:\/\/www.ensembleintercontemporain.com\/en\/2014\/04\/philippe-leroux-total-solo\/"},"wordCount":989,"commentCount":0,"image":{"@id":"https:\/\/www.ensembleintercontemporain.com\/en\/2014\/04\/philippe-leroux-total-solo\/#primaryimage"},"thumbnailUrl":"https:\/\/www.ensembleintercontemporain.com\/content\/uploads\/2014\/04\/PhLeroux02-une.jpg","keywords":["cr\u00e9ation","Philippe Leroux","week-end Turbulences"],"articleSection":["Entretien"],"inLanguage":"fr-FR"},{"@type":"WebPage","@id":"https:\/\/www.ensembleintercontemporain.com\/en\/2014\/04\/philippe-leroux-total-solo\/","url":"https:\/\/www.ensembleintercontemporain.com\/en\/2014\/04\/philippe-leroux-total-solo\/","name":"Philippe Leroux est Total SOlo - Ensemble intercontemporain","isPartOf":{"@id":"https:\/\/www.ensembleintercontemporain.com\/en\/#website"},"primaryImageOfPage":{"@id":"https:\/\/www.ensembleintercontemporain.com\/en\/2014\/04\/philippe-leroux-total-solo\/#primaryimage"},"image":{"@id":"https:\/\/www.ensembleintercontemporain.com\/en\/2014\/04\/philippe-leroux-total-solo\/#primaryimage"},"thumbnailUrl":"https:\/\/www.ensembleintercontemporain.com\/content\/uploads\/2014\/04\/PhLeroux02-une.jpg","datePublished":"2014-04-01T13:48:06+00:00","author":{"@id":"https:\/\/www.ensembleintercontemporain.com\/en\/#\/schema\/person\/439a7dd5cd8a167c34c931d7cc900214"},"breadcrumb":{"@id":"https:\/\/www.ensembleintercontemporain.com\/en\/2014\/04\/philippe-leroux-total-solo\/#breadcrumb"},"inLanguage":"fr-FR","potentialAction":[{"@type":"ReadAction","target":["https:\/\/www.ensembleintercontemporain.com\/en\/2014\/04\/philippe-leroux-total-solo\/"]}]},{"@type":"ImageObject","inLanguage":"fr-FR","@id":"https:\/\/www.ensembleintercontemporain.com\/en\/2014\/04\/philippe-leroux-total-solo\/#primaryimage","url":"https:\/\/www.ensembleintercontemporain.com\/content\/uploads\/2014\/04\/PhLeroux02-une.jpg","contentUrl":"https:\/\/www.ensembleintercontemporain.com\/content\/uploads\/2014\/04\/PhLeroux02-une.jpg","width":464,"height":237},{"@type":"BreadcrumbList","@id":"https:\/\/www.ensembleintercontemporain.com\/en\/2014\/04\/philippe-leroux-total-solo\/#breadcrumb","itemListElement":[{"@type":"ListItem","position":1,"name":"Home","item":"https:\/\/www.ensembleintercontemporain.com\/fr\/"},{"@type":"ListItem","position":2,"name":"Philippe Leroux est Total SOlo"}]},{"@type":"WebSite","@id":"https:\/\/www.ensembleintercontemporain.com\/en\/#website","url":"https:\/\/www.ensembleintercontemporain.com\/en\/","name":"Ensemble intercontemporain","description":"","potentialAction":[{"@type":"SearchAction","target":{"@type":"EntryPoint","urlTemplate":"https:\/\/www.ensembleintercontemporain.com\/en\/?s={search_term_string}"},"query-input":{"@type":"PropertyValueSpecification","valueRequired":true,"valueName":"search_term_string"}}],"inLanguage":"fr-FR"},{"@type":"Person","@id":"https:\/\/www.ensembleintercontemporain.com\/en\/#\/schema\/person\/439a7dd5cd8a167c34c931d7cc900214","name":"J\u00e9remie Szpirglas","image":{"@type":"ImageObject","inLanguage":"fr-FR","@id":"https:\/\/secure.gravatar.com\/avatar\/51406c8ec861211e1bd97cfab9a482b48101946652a6a78f911670a9a593f3ed?s=96&d=mm&r=g","url":"https:\/\/secure.gravatar.com\/avatar\/51406c8ec861211e1bd97cfab9a482b48101946652a6a78f911670a9a593f3ed?s=96&d=mm&r=g","contentUrl":"https:\/\/secure.gravatar.com\/avatar\/51406c8ec861211e1bd97cfab9a482b48101946652a6a78f911670a9a593f3ed?s=96&d=mm&r=g","caption":"J\u00e9remie Szpirglas"},"url":"https:\/\/www.ensembleintercontemporain.com\/fr\/author\/benjamin-szpirglas\/"}]}},"_links":{"self":[{"href":"https:\/\/www.ensembleintercontemporain.com\/fr\/wp-json\/wp\/v2\/posts\/6818\/"}],"collection":[{"href":"https:\/\/www.ensembleintercontemporain.com\/fr\/wp-json\/wp\/v2\/posts\/"}],"about":[{"href":"https:\/\/www.ensembleintercontemporain.com\/fr\/wp-json\/wp\/v2\/types\/post\/"}],"author":[{"embeddable":true,"href":"https:\/\/www.ensembleintercontemporain.com\/fr\/wp-json\/wp\/v2\/users\/5\/"}],"replies":[{"embeddable":true,"href":"https:\/\/www.ensembleintercontemporain.com\/fr\/wp-json\/wp\/v2\/comments\/?post=6818"}],"version-history":[{"count":0,"href":"https:\/\/www.ensembleintercontemporain.com\/fr\/wp-json\/wp\/v2\/posts\/6818\/revisions\/"}],"wp:featuredmedia":[{"embeddable":true,"href":"https:\/\/www.ensembleintercontemporain.com\/fr\/wp-json\/wp\/v2\/media\/6829\/"}],"wp:attachment":[{"href":"https:\/\/www.ensembleintercontemporain.com\/fr\/wp-json\/wp\/v2\/media\/?parent=6818"}],"wp:term":[{"taxonomy":"category","embeddable":true,"href":"https:\/\/www.ensembleintercontemporain.com\/fr\/wp-json\/wp\/v2\/categories\/?post=6818"},{"taxonomy":"post_tag","embeddable":true,"href":"https:\/\/www.ensembleintercontemporain.com\/fr\/wp-json\/wp\/v2\/tags\/?post=6818"}],"curies":[{"name":"wp","href":"https:\/\/api.w.org\/{rel}","templated":true}]}}