{"id":4916,"date":"1999-01-15T10:10:26","date_gmt":"1999-01-15T08:10:26","guid":{"rendered":"http:\/\/www.ensembleinter.com\/accents-online\/?p=4916"},"modified":"1999-01-15T10:10:26","modified_gmt":"1999-01-15T08:10:26","slug":"solo-maryvonne-le-dizes-violon","status":"publish","type":"post","link":"https:\/\/www.ensembleintercontemporain.com\/fr\/1999\/01\/solo-maryvonne-le-dizes-violon\/","title":{"rendered":"[solo] Maryvonne Le Diz\u00e8s, violon"},"content":{"rendered":"<p>Maryvonne Le Diz\u00e8s sera l\u2019interpr\u00e8te du <em>Concerto pour violon<\/em> de Ligeti les 11, 12, 13, et 14 f\u00e9vrier prochains, dans un programme chor\u00e9graphique sign\u00e9 Fran\u00e7ois Raffinot. Portrait d\u2019une violoniste membre de l\u2019Ensemble depuis 1979, pour qui interpr\u00e9ter et enseigner rel\u00e8vent d\u2019un m\u00eame engagement.<br \/>\n&nbsp;<br \/>\n<strong>Vous enseignez depuis vingt ans, notamment au Conservatoire de Boulogne-Billancourt. Pourquoi cet int\u00e9r\u00eat pour la p\u00e9dagogie\u00a0? <\/strong><br \/>\nA 14 ans j\u2019\u00e9tais d\u00e9j\u00e0 r\u00e9p\u00e9titrice de mon professeur, Yvonne Blot, et je n\u2019ai jamais cess\u00e9 d\u2019enseigner depuis. J\u2019ai eu la chance de pouvoir enseigner au Conservatoire National de R\u00e9gion de Boulogne, o\u00f9 je suis entr\u00e9e \u00e0 peu pr\u00e8s au m\u00eame moment qu\u2019\u00e0 l\u2019Ensemble intercontemporain, en 1979. J\u2019estime que, m\u00eame si les cours priv\u00e9s permettent au professeur de prendre davantage son temps, on obtient de meilleurs r\u00e9sultats dans un conservatoire, qui offre la possibilit\u00e9 de faire de la musique de chambre, de l\u2019orchestre, d\u2019engager des discussions, d\u2019\u00e9couter les autres.<br \/>\nL\u2019enseignement m\u2019est aussi vital que le jeu de mon instrument. Je ne peux enseigner si je ne joue pas, et ne peux jouer sans enseigner.<br \/>\n&nbsp;<br \/>\n<strong>Pourquoi cela\u00a0?<\/strong><br \/>\nJ\u2019aime le contact avec les jeunes, et il me semble qu\u2019avec mon exp\u00e9rience \u00e0 l\u2019Ensemble intercontemporain, je peux apporter beaucoup \u00e0 mes \u00e9l\u00e8ves. Si j\u2019ai une partition contemporaine particuli\u00e8rement int\u00e9ressante \u00e0 montrer, \u00e0 jouer ou \u00e0 commenter, je n\u2019h\u00e9site pas. Je n\u2019abuse pas, mais j\u2019essaie de les initier.<br \/>\n&nbsp;<br \/>\n<strong>Comment r\u00e9agissent vos jeunes \u00e9l\u00e8ves\u00a0?<\/strong><br \/>\nIls sont en g\u00e9n\u00e9ral tr\u00e8s int\u00e9ress\u00e9s. Certains ont une v\u00e9ritable soif de connaissance, tandis que d\u2019autres n\u2019admettent que le pass\u00e9. Mais ils sont tous plus ou moins oblig\u00e9s d\u2019y venir\u00a0: le Conservatoire National de R\u00e9gion de Boulogne impose en effet \u00e0 chaque fin de cycle une pi\u00e8ce contemporaine. Dans tous les stages que j\u2019anime, je fais aussi un peu de musique contemporaine. Cela se passe toujours tr\u00e8s bien. Si j\u2019explique que telle pi\u00e8ce est int\u00e9ressante et les fera progresser, ils me font confiance.<br \/>\n&nbsp;<br \/>\n<strong>Ne faudrait-il pas inculquer l\u2019histoire de la musique aux jeunes, et ce d\u00e8s le \u00ab\u00a0berceau\u00a0\u00bb ? <\/strong><br \/>\nLe violon est une discipline \u00e0 part. Le r\u00e9pertoire romantique, par exemple, ne peut \u00eatre abord\u00e9 qu\u2019apr\u00e8s plusieurs ann\u00e9es d\u2019instrument. En musique contemporaine, gr\u00e2ce aux diverses collections lanc\u00e9es ces derni\u00e8res ann\u00e9es, nous avons d\u00e9sormais des pi\u00e8ces p\u00e9dagogiques fort abordables apr\u00e8s quelques ann\u00e9es de violon. Mais, honn\u00eatement, nous avons d\u00e9j\u00e0 tant de mal \u00e0 faire tirer l\u2019archet droit avec un son pur et propre que nous pr\u00e9f\u00e9rons attendre avant d\u2019aborder les timbres<em> ponticello<\/em> ou le jeu sur la touche. C\u2019est avant tout par l\u2019\u00e9coute que l\u2019on forme les enfants, et mieux vaut les habituer \u00e0 entendre des accords parfaits, puisque le probl\u00e8me central reste la justesse\u00a0: les quarts de ton, ils les font naturellement, ce n\u2019est donc pas la peine d\u2019en parler\u00a0! Je suis en revanche pour le m\u00e9lange des genres\u00a0; je l\u2019applique en donnant \u00e0 mes \u00e9l\u00e8ves une pi\u00e8ce plus ou moins contemporaine, une autre plus technique, aux c\u00f4t\u00e9s d\u2019un Vivaldi ou un Corelli&#8230;<br \/>\n&nbsp;<br \/>\n<strong>Le fait d\u2019\u00eatre femme a-t-il suscit\u00e9 des probl\u00e8mes dans votre carri\u00e8re\u00a0? <\/strong><br \/>\nIl m\u2019est arriv\u00e9 de recevoir quelques r\u00e9flexions, mais j\u2019ai \u00e9t\u00e9 la premi\u00e8re femme \u00e0 remporter le Concours Paganini, la premi\u00e8re \u00e9trang\u00e8re et premi\u00e8re femme \u00e0 me pr\u00e9senter au Concours du Carnegie Hall. Ce ne fut pas facile tous les jours&#8230; Apr\u00e8s la naissance de mes enfants, et deux ans pass\u00e9s aux Etats-Unis, o\u00f9 j\u2019avais suivi mon mari, je me suis demand\u00e9e ce que je pourrais bien faire de ma vie. Il \u00e9tait temps de retravailler mon instrument\u00a0! J\u2019avais le r\u00e9pertoire, mes doigts fonction\u00adnaient, mais je n\u2019avais plus le temps de r\u00e9fl\u00e9\u00adchir sur les \u0153uvres ni de faire des recherches. J\u2019ai voulu de nouveau travailler \u00e0 fond, et je me suis lanc\u00e9e dans l\u2019int\u00e9grale des Sonates et Partitas de Bach, des Sonates de Beethoven, Brahms, Schumann, Prokofiev. J\u2019ai repris le r\u00e9pertoire de musique de chambre, tous les concertos&#8230; Je me suis refait une sant\u00e9\u00a0! Mais j\u2019\u00e9tais persuad\u00e9e que l\u2019orchestre m\u2019\u00e9tait inaccessible, car je voulais \u00eatre violon solo, et je n\u2019avais gu\u00e8re de chances \u00e0 l\u2019\u00e9poque d\u2019\u00eatre accept\u00e9e \u00e0 ce poste. C\u2019est alors qu\u2019une place s\u2019est lib\u00e9r\u00e9e \u00e0 l\u2019Ensemble intercontemporain.<br \/>\n&nbsp;<br \/>\n<strong>Qu\u2019est-ce qui vous incite \u00e0 rester \u00e0 l\u2019Ensemble intercontemporain apr\u00e8s plus de vingt ans de collaboration\u00a0?<\/strong><br \/>\nLe travail avec les compositeurs me pas\u00adsionne. Pouvoir discuter d\u2019une partition avec son auteur, voir ensemble ce qui est possible ou non, essayer de la r\u00e9aliser avec lui.<br \/>\n&nbsp;<br \/>\n<strong>Les compositeurs connaissent-ils bien le violon\u00a0?<\/strong><br \/>\nCertains le connaissent parfaitement. Boulez \u00e9crit magnifiquement pour le violon \u00adcomme pour tous les instruments. Mais si les compositeurs ma\u00eetrisent moins le violon, il est toujours int\u00e9ressant de travailler avec eux\u00a0: on peut leur montrer qu\u2019en modifiant parfois simplement une note, qui emp\u00eache la virtuosit\u00e9 souhait\u00e9e, on peut toucher l\u2019esprit qu\u2019ils attendent de nous. Le travail avec les compositeurs m\u2019int\u00e9resse donc beaucoup m\u00eame si, je le reconnais, certaines pi\u00e8ces peuvent parfois m\u2019ennuyer\u00a0: c\u2019est le risque de la cr\u00e9ation. J\u2019ai cr\u00e9\u00e9, jou\u00e9 et enregistr\u00e9 quantit\u00e9 d\u2019\u0153uvres contemporaines. La musique de chambre contribue largement \u00e0 ma volont\u00e9 de rester \u00e0 l\u2019Ensemble. Il y a dans ce r\u00e9pertoire des \u0153uvres magnifiques. Celles qui m\u2019int\u00e9res\u00adsent le plus ne sont pas seulement celles que je joue avec le Trio \u00e0 cordes de l\u2019intercontemporain mais aussi celles que je peux jouer avec les divers types de formations de l\u2019Ensemble.<br \/>\n&nbsp;<br \/>\n<strong>Avez-vous travaill\u00e9 avec Gyorgy Ligeti ? <\/strong><br \/>\nOui, et je l\u2019admire. J\u2019ai eu la chance de travailler une matin\u00e9e enti\u00e8re avec lui sur les harmoniques de son <em>Trio pour piano, violon et cor<\/em>. Ligeti sait \u00e9couter, et il sait aussi ce qu\u2019il veut. C\u2019est lui qui avait \u00e9crit les harmoniques, mais nous avons diff\u00e9renci\u00e9 ensemble celles qu\u2019il voulait artificielles de celles qu\u2019il attendait naturelles. La grande diff\u00e9rence entre ces deux indications est qu\u2019un certain nombre d\u2019harmoniques se jouent tout en haut du violon, mais sonnent un peu bas, et c\u2019est ce qu\u2019il voulait. La fin du premier mouvement, notamment, est en harmoniques tout l\u00e0-haut et comprend un risque\u00a0: \u00ab J\u2019aime le risque\u00a0! \u00bb m\u2019a r\u00e9torqu\u00e9 Ligeti&#8230; Apr\u00e8s le <em>Trio<\/em>, j\u2019ai pu jouer le <em>Concerto<\/em> avec l\u2019Ensemble intercontemporain.<br \/>\n&nbsp;<br \/>\n<strong>Une \u0153uvre comme celle-ci vous a demand\u00e9 combien de mois de travail\u00a0? <\/strong><br \/>\nPratiquement un an. J\u2019ai d\u2019abord lu la partition, puis je l\u2019ai install\u00e9e sur mon pupitre, en l\u2019ouvrant aux mouvements qui me sont apparus particuli\u00e8rement difficiles. Je les ai travaill\u00e9s, puis les ai mis de c\u00f4t\u00e9 avant de les reprendre \u00e0 intervalles r\u00e9guliers. Six mois avant le concert, je l\u2019ai \u00e9tudi\u00e9e de plus pr\u00e8s et, le dernier mois, je l\u2019ai travaill\u00e9e toute la journ\u00e9e. Je recommence d\u00e8s d\u00e9cembre pour \u00eatre pr\u00eate en f\u00e9vrier prochain. Je ne joue pas la partition par c\u0153ur, bien que je la sache parfaitement. Mais cela ne m\u2019int\u00e9resse pas.<br \/>\n&nbsp;<br \/>\n<strong>Pourquoi jouer le <em>Concerto<\/em> de Brahms par c\u0153ur, pas celui de Ligeti ? <\/strong><br \/>\nJe pense que si je montais maintenant le moindre concerto classique je ne le jouerais pas par c\u0153ur. Jouer par c\u0153ur ne m\u2019int\u00e9resse plus, m\u00eame si je ne regarde pas la partition. Elle est l\u00e0, c\u2019est tout. La grande difficult\u00e9 du <em>Concerto<\/em> de Ligeti tient au fait que son auteur exploite des difficult\u00e9s techniques et musicales qui n\u2019existent pas dans le r\u00e9pertoire classique. L\u2019un des mouvements se d\u00e9roule enti\u00e8rement dans l\u2019extr\u00eame aigu du violon, en notes tenues avec un l\u00e9ger <em>vibrato<\/em>, ce que l\u2019on ne travaille dans aucun conservatoire. Ce <em>vibrato<\/em> doit en effet \u00eatre tr\u00e8s pur et parfaitement juste parce qu\u2019il y a des tenues ailleurs. Le premier mouvement exploite une m\u00e9lodie rythmique, o\u00f9 les espaces sont jou\u00e9s sur les cordes \u00e0 vide. Cela non plus ne se travaille pas dans les conservatoires et on ne le trouve pas dans le r\u00e9pertoire classique. Ce mouvement dure cinq minutes et doit \u00eatre jou\u00e9 \u00e0 toute vitesse. On ne le voit pas passer&#8230; et c\u2019est monstrueusement complexe\u00a0! La partition comporte d\u2019autres difficult\u00e9s de v\u00e9locit\u00e9, avec encha\u00eenements de doubles cordes en quartes, quintes, sixtes augment\u00e9es qui ne tombent sous les doigts, quoiqu\u2019elles soient fort bien \u00e9crites. Sans parler des subtilit\u00e9s d\u2019ordre rythmique, des accords de quatre sons <em>pizzicato<\/em> qui doivent imp\u00e9rativement sonner\u2026<br \/>\n&nbsp;<br \/>\n<strong>Ligeti utilise souvent l\u2019instrument non pas dans sa tessiture naturelle mais dans ses registres extr\u00eames, souvent <em>a contrario<\/em> de son registre propre \u2013 violoncelle dans l\u2019aigu, fl\u00fbte dans le grave&#8230; <\/strong><br \/>\nIl faut aussi jouer tr\u00e8s fort et tr\u00e8s violemment. Puis, soudain, se pr\u00e9sente une note tenue dans l\u2019extr\u00eame aigu <em>pianissimo<\/em>. Le tout oblige \u00e0 une grande ma\u00eetrise. Certes, l\u2019acquis classique est indispensable parce qu\u2019il permet de conna\u00eetre parfaitement le manche de l\u2019instrument, mais ce sont des difficult\u00e9s que l\u2019on n\u2019a gu\u00e8re l\u2019occasion de travailler.<br \/>\n&nbsp;<br \/>\n<strong>Au sein de l\u2019Ensemble intercontemporain, pouvez-vous susciter vous-m\u00eame des commandes? <\/strong><br \/>\nNous pouvons sugg\u00e9rer diff\u00e9rents composi\u00adteurs ou diff\u00e9rents types de formations. Pour notre Trio \u00e0 cordes, une commande a ainsi \u00e9t\u00e9 pass\u00e9e \u00e0 <span style=\"font-size: small;\">Jean-Baptiste Devil<\/span>lers, et pour une autre formation \u2013 un <em>Trio pour saxophone, trombone et violon<\/em> \u2013 \u00e0 Gilbert Amy. Philippe F\u00e9nelon a \u00e9crit \u00e0 mon intention <em>Ommaggio (a Tiepolo)<\/em> en 1990.<br \/>\n&nbsp;<br \/>\n<span style=\"font-size: small;\">Propos recueillis par <strong>Bruno Serrou<\/strong> le 30 juillet 1998<\/span><\/p>\n","protected":false},"excerpt":{"rendered":"<p>Maryvonne Le Diz\u00e8s sera l\u2019interpr\u00e8te du Concerto pour violon de Ligeti  les 11, 12, 13, et 14 f\u00e9vrier prochains, dans un programme  chor\u00e9graphique sign\u00e9 Fran\u00e7ois Raffinot. Portrait d\u2019une violoniste membre  de l\u2019Ensemble depuis 1979, pour qui interpr\u00e9ter et enseigner rel\u00e8vent  d\u2019un m\u00eame engagement.<\/p>\n","protected":false},"author":18,"featured_media":0,"comment_status":"open","ping_status":"open","sticky":false,"template":"","format":"standard","meta":{"_acf_changed":false,"footnotes":""},"categories":[6],"tags":[89,91,18],"class_list":["post-4916","post","type-post","status-publish","format-standard","hentry","category-portrait","tag-accents-n7","tag-maryvonne-le-dizes","tag-violon"],"acf":[],"yoast_head":"<!-- This site is optimized with the Yoast SEO plugin v27.5 - https:\/\/yoast.com\/product\/yoast-seo-wordpress\/ -->\n<title>[solo] Maryvonne Le Diz\u00e8s, violon - Ensemble intercontemporain<\/title>\n<meta name=\"robots\" content=\"index, follow, max-snippet:-1, max-image-preview:large, max-video-preview:-1\" \/>\n<link rel=\"canonical\" href=\"https:\/\/www.ensembleintercontemporain.com\/fr\/1999\/01\/solo-maryvonne-le-dizes-violon\/\" \/>\n<meta property=\"og:locale\" content=\"fr_FR\" \/>\n<meta property=\"og:type\" content=\"article\" \/>\n<meta property=\"og:title\" content=\"[solo] Maryvonne Le Diz\u00e8s, violon - Ensemble intercontemporain\" \/>\n<meta property=\"og:description\" content=\"Maryvonne Le Diz\u00e8s sera l\u2019interpr\u00e8te du Concerto pour violon de Ligeti les 11, 12, 13, et 14 f\u00e9vrier prochains, dans un programme chor\u00e9graphique sign\u00e9 Fran\u00e7ois Raffinot. Portrait d\u2019une violoniste membre de l\u2019Ensemble depuis 1979, pour qui interpr\u00e9ter et enseigner rel\u00e8vent d\u2019un m\u00eame engagement.\" \/>\n<meta property=\"og:url\" content=\"https:\/\/www.ensembleintercontemporain.com\/en\/1999\/01\/solo-maryvonne-le-dizes-violon\/\" \/>\n<meta property=\"og:site_name\" content=\"Ensemble intercontemporain\" \/>\n<meta property=\"article:published_time\" content=\"1999-01-15T08:10:26+00:00\" \/>\n<meta name=\"author\" content=\"Bruno Serrou\" \/>\n<meta name=\"twitter:card\" content=\"summary_large_image\" \/>\n<meta name=\"twitter:label1\" content=\"\u00c9crit par\" \/>\n\t<meta name=\"twitter:data1\" content=\"Bruno Serrou\" \/>\n\t<meta name=\"twitter:label2\" content=\"Dur\u00e9e de lecture estim\u00e9e\" \/>\n\t<meta name=\"twitter:data2\" content=\"9 minutes\" \/>\n<script type=\"application\/ld+json\" class=\"yoast-schema-graph\">{\"@context\":\"https:\\\/\\\/schema.org\",\"@graph\":[{\"@type\":\"Article\",\"@id\":\"https:\\\/\\\/www.ensembleintercontemporain.com\\\/en\\\/1999\\\/01\\\/solo-maryvonne-le-dizes-violon\\\/#article\",\"isPartOf\":{\"@id\":\"https:\\\/\\\/www.ensembleintercontemporain.com\\\/en\\\/1999\\\/01\\\/solo-maryvonne-le-dizes-violon\\\/\"},\"author\":{\"name\":\"Bruno Serrou\",\"@id\":\"https:\\\/\\\/www.ensembleintercontemporain.com\\\/en\\\/#\\\/schema\\\/person\\\/43e4d9c5176547217be6ae23664e7ad4\"},\"headline\":\"[solo] Maryvonne Le Diz\u00e8s, violon\",\"datePublished\":\"1999-01-15T08:10:26+00:00\",\"mainEntityOfPage\":{\"@id\":\"https:\\\/\\\/www.ensembleintercontemporain.com\\\/en\\\/1999\\\/01\\\/solo-maryvonne-le-dizes-violon\\\/\"},\"wordCount\":1718,\"commentCount\":0,\"keywords\":[\"Accents n\u00b07\",\"Maryvonne Le Diz\u00e8s\",\"violon\"],\"articleSection\":[\"Portrait\"],\"inLanguage\":\"fr-FR\"},{\"@type\":\"WebPage\",\"@id\":\"https:\\\/\\\/www.ensembleintercontemporain.com\\\/en\\\/1999\\\/01\\\/solo-maryvonne-le-dizes-violon\\\/\",\"url\":\"https:\\\/\\\/www.ensembleintercontemporain.com\\\/en\\\/1999\\\/01\\\/solo-maryvonne-le-dizes-violon\\\/\",\"name\":\"[solo] Maryvonne Le Diz\u00e8s, violon - Ensemble intercontemporain\",\"isPartOf\":{\"@id\":\"https:\\\/\\\/www.ensembleintercontemporain.com\\\/en\\\/#website\"},\"datePublished\":\"1999-01-15T08:10:26+00:00\",\"author\":{\"@id\":\"https:\\\/\\\/www.ensembleintercontemporain.com\\\/en\\\/#\\\/schema\\\/person\\\/43e4d9c5176547217be6ae23664e7ad4\"},\"breadcrumb\":{\"@id\":\"https:\\\/\\\/www.ensembleintercontemporain.com\\\/en\\\/1999\\\/01\\\/solo-maryvonne-le-dizes-violon\\\/#breadcrumb\"},\"inLanguage\":\"fr-FR\",\"potentialAction\":[{\"@type\":\"ReadAction\",\"target\":[\"https:\\\/\\\/www.ensembleintercontemporain.com\\\/en\\\/1999\\\/01\\\/solo-maryvonne-le-dizes-violon\\\/\"]}]},{\"@type\":\"BreadcrumbList\",\"@id\":\"https:\\\/\\\/www.ensembleintercontemporain.com\\\/en\\\/1999\\\/01\\\/solo-maryvonne-le-dizes-violon\\\/#breadcrumb\",\"itemListElement\":[{\"@type\":\"ListItem\",\"position\":1,\"name\":\"Home\",\"item\":\"https:\\\/\\\/www.ensembleintercontemporain.com\\\/fr\\\/\"},{\"@type\":\"ListItem\",\"position\":2,\"name\":\"[solo] Maryvonne Le Diz\u00e8s, violon\"}]},{\"@type\":\"WebSite\",\"@id\":\"https:\\\/\\\/www.ensembleintercontemporain.com\\\/en\\\/#website\",\"url\":\"https:\\\/\\\/www.ensembleintercontemporain.com\\\/en\\\/\",\"name\":\"Ensemble intercontemporain\",\"description\":\"\",\"potentialAction\":[{\"@type\":\"SearchAction\",\"target\":{\"@type\":\"EntryPoint\",\"urlTemplate\":\"https:\\\/\\\/www.ensembleintercontemporain.com\\\/en\\\/?s={search_term_string}\"},\"query-input\":{\"@type\":\"PropertyValueSpecification\",\"valueRequired\":true,\"valueName\":\"search_term_string\"}}],\"inLanguage\":\"fr-FR\"},{\"@type\":\"Person\",\"@id\":\"https:\\\/\\\/www.ensembleintercontemporain.com\\\/en\\\/#\\\/schema\\\/person\\\/43e4d9c5176547217be6ae23664e7ad4\",\"name\":\"Bruno Serrou\",\"image\":{\"@type\":\"ImageObject\",\"inLanguage\":\"fr-FR\",\"@id\":\"https:\\\/\\\/secure.gravatar.com\\\/avatar\\\/02dac289852c62c2dd0c154a58e601dbc7b786f7206fbfe7a523839c469c72ed?s=96&d=mm&r=g\",\"url\":\"https:\\\/\\\/secure.gravatar.com\\\/avatar\\\/02dac289852c62c2dd0c154a58e601dbc7b786f7206fbfe7a523839c469c72ed?s=96&d=mm&r=g\",\"contentUrl\":\"https:\\\/\\\/secure.gravatar.com\\\/avatar\\\/02dac289852c62c2dd0c154a58e601dbc7b786f7206fbfe7a523839c469c72ed?s=96&d=mm&r=g\",\"caption\":\"Bruno Serrou\"},\"url\":\"https:\\\/\\\/www.ensembleintercontemporain.com\\\/fr\\\/author\\\/bruno-serrou\\\/\"}]}<\/script>\n<!-- \/ Yoast SEO plugin. -->","yoast_head_json":{"title":"[solo] Maryvonne Le Diz\u00e8s, violon - Ensemble intercontemporain","robots":{"index":"index","follow":"follow","max-snippet":"max-snippet:-1","max-image-preview":"max-image-preview:large","max-video-preview":"max-video-preview:-1"},"canonical":"https:\/\/www.ensembleintercontemporain.com\/fr\/1999\/01\/solo-maryvonne-le-dizes-violon\/","og_locale":"fr_FR","og_type":"article","og_title":"[solo] Maryvonne Le Diz\u00e8s, violon - Ensemble intercontemporain","og_description":"Maryvonne Le Diz\u00e8s sera l\u2019interpr\u00e8te du Concerto pour violon de Ligeti les 11, 12, 13, et 14 f\u00e9vrier prochains, dans un programme chor\u00e9graphique sign\u00e9 Fran\u00e7ois Raffinot. Portrait d\u2019une violoniste membre de l\u2019Ensemble depuis 1979, pour qui interpr\u00e9ter et enseigner rel\u00e8vent d\u2019un m\u00eame engagement.","og_url":"https:\/\/www.ensembleintercontemporain.com\/en\/1999\/01\/solo-maryvonne-le-dizes-violon\/","og_site_name":"Ensemble intercontemporain","article_published_time":"1999-01-15T08:10:26+00:00","author":"Bruno Serrou","twitter_card":"summary_large_image","twitter_misc":{"\u00c9crit par":"Bruno Serrou","Dur\u00e9e de lecture estim\u00e9e":"9 minutes"},"schema":{"@context":"https:\/\/schema.org","@graph":[{"@type":"Article","@id":"https:\/\/www.ensembleintercontemporain.com\/en\/1999\/01\/solo-maryvonne-le-dizes-violon\/#article","isPartOf":{"@id":"https:\/\/www.ensembleintercontemporain.com\/en\/1999\/01\/solo-maryvonne-le-dizes-violon\/"},"author":{"name":"Bruno Serrou","@id":"https:\/\/www.ensembleintercontemporain.com\/en\/#\/schema\/person\/43e4d9c5176547217be6ae23664e7ad4"},"headline":"[solo] Maryvonne Le Diz\u00e8s, violon","datePublished":"1999-01-15T08:10:26+00:00","mainEntityOfPage":{"@id":"https:\/\/www.ensembleintercontemporain.com\/en\/1999\/01\/solo-maryvonne-le-dizes-violon\/"},"wordCount":1718,"commentCount":0,"keywords":["Accents n\u00b07","Maryvonne Le Diz\u00e8s","violon"],"articleSection":["Portrait"],"inLanguage":"fr-FR"},{"@type":"WebPage","@id":"https:\/\/www.ensembleintercontemporain.com\/en\/1999\/01\/solo-maryvonne-le-dizes-violon\/","url":"https:\/\/www.ensembleintercontemporain.com\/en\/1999\/01\/solo-maryvonne-le-dizes-violon\/","name":"[solo] Maryvonne Le Diz\u00e8s, violon - Ensemble intercontemporain","isPartOf":{"@id":"https:\/\/www.ensembleintercontemporain.com\/en\/#website"},"datePublished":"1999-01-15T08:10:26+00:00","author":{"@id":"https:\/\/www.ensembleintercontemporain.com\/en\/#\/schema\/person\/43e4d9c5176547217be6ae23664e7ad4"},"breadcrumb":{"@id":"https:\/\/www.ensembleintercontemporain.com\/en\/1999\/01\/solo-maryvonne-le-dizes-violon\/#breadcrumb"},"inLanguage":"fr-FR","potentialAction":[{"@type":"ReadAction","target":["https:\/\/www.ensembleintercontemporain.com\/en\/1999\/01\/solo-maryvonne-le-dizes-violon\/"]}]},{"@type":"BreadcrumbList","@id":"https:\/\/www.ensembleintercontemporain.com\/en\/1999\/01\/solo-maryvonne-le-dizes-violon\/#breadcrumb","itemListElement":[{"@type":"ListItem","position":1,"name":"Home","item":"https:\/\/www.ensembleintercontemporain.com\/fr\/"},{"@type":"ListItem","position":2,"name":"[solo] Maryvonne Le Diz\u00e8s, violon"}]},{"@type":"WebSite","@id":"https:\/\/www.ensembleintercontemporain.com\/en\/#website","url":"https:\/\/www.ensembleintercontemporain.com\/en\/","name":"Ensemble intercontemporain","description":"","potentialAction":[{"@type":"SearchAction","target":{"@type":"EntryPoint","urlTemplate":"https:\/\/www.ensembleintercontemporain.com\/en\/?s={search_term_string}"},"query-input":{"@type":"PropertyValueSpecification","valueRequired":true,"valueName":"search_term_string"}}],"inLanguage":"fr-FR"},{"@type":"Person","@id":"https:\/\/www.ensembleintercontemporain.com\/en\/#\/schema\/person\/43e4d9c5176547217be6ae23664e7ad4","name":"Bruno Serrou","image":{"@type":"ImageObject","inLanguage":"fr-FR","@id":"https:\/\/secure.gravatar.com\/avatar\/02dac289852c62c2dd0c154a58e601dbc7b786f7206fbfe7a523839c469c72ed?s=96&d=mm&r=g","url":"https:\/\/secure.gravatar.com\/avatar\/02dac289852c62c2dd0c154a58e601dbc7b786f7206fbfe7a523839c469c72ed?s=96&d=mm&r=g","contentUrl":"https:\/\/secure.gravatar.com\/avatar\/02dac289852c62c2dd0c154a58e601dbc7b786f7206fbfe7a523839c469c72ed?s=96&d=mm&r=g","caption":"Bruno Serrou"},"url":"https:\/\/www.ensembleintercontemporain.com\/fr\/author\/bruno-serrou\/"}]}},"_links":{"self":[{"href":"https:\/\/www.ensembleintercontemporain.com\/fr\/wp-json\/wp\/v2\/posts\/4916\/"}],"collection":[{"href":"https:\/\/www.ensembleintercontemporain.com\/fr\/wp-json\/wp\/v2\/posts\/"}],"about":[{"href":"https:\/\/www.ensembleintercontemporain.com\/fr\/wp-json\/wp\/v2\/types\/post\/"}],"author":[{"embeddable":true,"href":"https:\/\/www.ensembleintercontemporain.com\/fr\/wp-json\/wp\/v2\/users\/18\/"}],"replies":[{"embeddable":true,"href":"https:\/\/www.ensembleintercontemporain.com\/fr\/wp-json\/wp\/v2\/comments\/?post=4916"}],"version-history":[{"count":0,"href":"https:\/\/www.ensembleintercontemporain.com\/fr\/wp-json\/wp\/v2\/posts\/4916\/revisions\/"}],"wp:attachment":[{"href":"https:\/\/www.ensembleintercontemporain.com\/fr\/wp-json\/wp\/v2\/media\/?parent=4916"}],"wp:term":[{"taxonomy":"category","embeddable":true,"href":"https:\/\/www.ensembleintercontemporain.com\/fr\/wp-json\/wp\/v2\/categories\/?post=4916"},{"taxonomy":"post_tag","embeddable":true,"href":"https:\/\/www.ensembleintercontemporain.com\/fr\/wp-json\/wp\/v2\/tags\/?post=4916"}],"curies":[{"name":"wp","href":"https:\/\/api.w.org\/{rel}","templated":true}]}}