{"id":31222,"date":"2026-09-04T14:13:27","date_gmt":"2026-09-04T12:13:27","guid":{"rendered":"https:\/\/www.ensembleintercontemporain.com\/?p=31222"},"modified":"2026-09-04T14:13:27","modified_gmt":"2026-09-04T12:13:27","slug":"paul-riveaux-leic-nous-porte-desormais-vers-le-futur","status":"publish","type":"post","link":"https:\/\/www.ensembleintercontemporain.com\/fr\/2026\/09\/paul-riveaux-leic-nous-porte-desormais-vers-le-futur\/","title":{"rendered":"Paul Riveaux\u00a0: l\u2019EIC nous porte d\u00e9sormais vers le futur."},"content":{"rendered":"<p><strong><span style=\"color: #003366;\"><span style=\"font-size: 18pt;\"><img loading=\"lazy\" decoding=\"async\" class=\"aligncenter size-full wp-image-31223\" src=\"http:\/\/www.ensembleintercontemporain.com\/content\/uploads\/2026\/09\/img6003-2.jpg\" alt=\"\" width=\"1920\" height=\"1280\" srcset=\"https:\/\/www.ensembleintercontemporain.com\/content\/uploads\/2026\/09\/img6003-2.jpg 1920w, https:\/\/www.ensembleintercontemporain.com\/content\/uploads\/2026\/09\/img6003-2-300x200.jpg 300w, https:\/\/www.ensembleintercontemporain.com\/content\/uploads\/2026\/09\/img6003-2-1024x683.jpg 1024w, https:\/\/www.ensembleintercontemporain.com\/content\/uploads\/2026\/09\/img6003-2-768x512.jpg 768w, https:\/\/www.ensembleintercontemporain.com\/content\/uploads\/2026\/09\/img6003-2-1536x1024.jpg 1536w\" sizes=\"auto, (max-width: 1920px) 100vw, 1920px\" \/><br \/>\nT<\/span>rente-six ann\u00e9es pass\u00e9es au c\u0153ur de l\u2019Ensemble intercontemporain donnent un point de vue privil\u00e9gi\u00e9 sur son histoire et ses transformations. Bassoniste \u00e0 l\u2019EIC depuis 1990, Paul Riveaux en a connu les grandes tourn\u00e9es, les rencontres marquantes et les \u00e9volutions musicales. \u00c0 quelques mois de son d\u00e9part, il se retourne sur le chemin parcouru mais regarde surtout vers l\u2019avenir, convaincu que la musique contemporaine \u2013 ou plut\u00f4t \u00ab contempo-reine \u00bb, comme il aime \u00e0 la nommer \u2013 a encore de beaux jours devant elle.<\/span><\/strong><\/p>\n<p style=\"font-weight: 400;\"><span style=\"font-size: 14pt;\">Arriv\u00e9 \u00e0 l\u2019Ensemble intercontemporain en 1990, voil\u00e0 36 ans, je me souviens que Pierre Boulez nous faisait alors beaucoup travailler, sp\u00e9cialement les \u00ab classiques du XX\u00e8me \u00bb comme Stravinsky, la deuxi\u00e8me \u00c9cole de Vienne (Berg, Schoenberg, Webern), Messiaen bien s\u00fbr, et ses propres \u0153uvres comme <em>R\u00e9pons<\/em> (avec de passionnantes mais interminables s\u00e9ances dans l\u2019antre souterraine de l\u2019Ircam !), <em>\u2026explosante-fixe\u2026<\/em> ou <em>D\u00e9rive<\/em>, mais aussi Donatoni, Berio, Ligeti, Carter, Kurtag (ils \u00e9taient alors tous bien vivants), sans oublier les jeunes de l\u2019\u00e9poque\u00a0: Manoury, Dalbavie, Grisey et tant d\u2019autres !<\/span><br \/>\n<span style=\"font-size: 14pt;\">Nous faisions beaucoup de tourn\u00e9es internationales dans des salles mythiques\u00a0: Carnegie Hall \u00e0 New York, la Scala de Milan, la Philharmonie de Berlin, le Concertgebouw d\u2019Amsterdam, South Bank Center de Londres, sans oublier Tokyo, S\u00e9oul, Rio de Janeiro, S\u00e3o Paulo\u2026 Nous jouions aussi avec de grands solistes comme Barenboim, Gidon Kremer, Mitsuko Uchida, Anne-Sophie Mutter, Zoltan Kocsis, Miklos Perenyi\u2026<\/span><br \/>\n<span style=\"font-size: 14pt;\">Et le succ\u00e8s \u00e9tait toujours au rendez-vous, si bien qu\u2019il nous arrivait de craindre que, apr\u00e8s Boulez, l\u2019avenir de l\u2019EIC n\u2019\u00e9tait pas forc\u00e9ment garanti. Qu\u2019allions-nous devenir sans lui\u00a0?<\/span><br \/>\n<span style=\"font-size: 14pt;\">Pourtant, au fil des ann\u00e9es, et gr\u00e2ce au travail de nos directeurs musicaux successifs (Peter E\u00f6tv\u00f6s,<\/span> <span style=\"font-size: 14pt;\">David Robertson, Jonathan Nott, Susanna M\u00e4lkki, Matthias Pintscher et aujourd\u2019hui Pierre Bleuse) et \u00e0 la diversit\u00e9 musicale que chacun d\u2019eux a apport\u00e9e et d\u00e9fendue, on voit que le public est toujours l\u00e0, fid\u00e8le et enthousiaste, assoiff\u00e9 de (re)d\u00e9couvertes, conscient de la richesse infinie de cette \u00ab\u00a0musique contemporaine \u00bb ! L\u2019imaginaire des compositeurs est sans fin, et notre public en redemande\u00a0: des univers musicaux \u00e9tranges, po\u00e9tiques, inou\u00efs, fantastiques, telluriques, terrifiants, cosmiques, fascinants, ou profond\u00e9ment apaisants, hypnotiques, m\u00e9ditatifs\u2026<\/span><\/p>\n<p><img loading=\"lazy\" decoding=\"async\" class=\"aligncenter wp-image-31225\" src=\"http:\/\/www.ensembleintercontemporain.com\/content\/uploads\/2026\/09\/riveaux-paulceic-1024x688.jpg\" alt=\"\" width=\"850\" height=\"571\" srcset=\"https:\/\/www.ensembleintercontemporain.com\/content\/uploads\/2026\/09\/riveaux-paulceic-1024x688.jpg 1024w, https:\/\/www.ensembleintercontemporain.com\/content\/uploads\/2026\/09\/riveaux-paulceic-300x201.jpg 300w, https:\/\/www.ensembleintercontemporain.com\/content\/uploads\/2026\/09\/riveaux-paulceic-768x516.jpg 768w, https:\/\/www.ensembleintercontemporain.com\/content\/uploads\/2026\/09\/riveaux-paulceic-1536x1032.jpg 1536w, https:\/\/www.ensembleintercontemporain.com\/content\/uploads\/2026\/09\/riveaux-paulceic-2048x1376.jpg 2048w\" sizes=\"auto, (max-width: 850px) 100vw, 850px\" \/><\/p>\n<p style=\"font-weight: 400;\"><span style=\"font-size: 14pt;\">Pour moi, le niveau technique et musical des \u00e9quipes de l\u2019EIC est aujourd\u2019hui \u00e0 son apog\u00e9e. L\u2019Ensemble entre dans son \u00e2ge m\u00fbr, et nous porte d\u00e9sormais vers le futur. Je ne doute pas une seconde qu\u2019il continuera longtemps \u00e0 exprimer la marche de notre monde. Car cette musique que je qualifierais de \u00ab\u00a0contempo-reine\u00a0\u00bb est depuis toujours l\u2019expression de son \u00e9poque : Bach, Mozart, Brahms, Ravel, Stravinsky, Prokofiev \u00e9taient autant des compositeurs de leurs temps que ceux de 2026.<\/span><br \/>\n<span style=\"font-size: 14pt;\">Alors que je m\u2019appr\u00eate dans quelques mois \u00e0 quitter l\u2019EIC, je lui souhaite une longue et belle vie\u00a0! On en reparlera en 2076.<\/span><\/p>\n<p>&nbsp;<\/p>\n<p>Photos (de haut en bas) : \u00a9\u00a0Franck Ferville \/ \u00a9 Luc Hossepied pour l&rsquo;Ensemble intercontemporain<\/p>\n","protected":false},"excerpt":{"rendered":"<p>Trente-six ann\u00e9es pass\u00e9es au c\u0153ur de l\u2019Ensemble intercontemporain donnent un point de vue privil\u00e9gi\u00e9 sur son histoire et ses transformations. Bassoniste \u00e0 l\u2019EIC depuis 1990, Paul Riveaux en a connu les grandes tourn\u00e9es, les rencontres marquantes et les \u00e9volutions musicales. \u00c0 quelques mois de son d\u00e9part, il se retourne sur le chemin parcouru mais regarde surtout vers l\u2019avenir, convaincu que la musique contemporaine \u2013 ou plut\u00f4t \u00ab contempo-reine \u00bb, comme il aime \u00e0 la nommer \u2013 a encore de beaux jours devant elle.<\/p>\n","protected":false},"author":250,"featured_media":31223,"comment_status":"closed","ping_status":"closed","sticky":false,"template":"","format":"standard","meta":{"_acf_changed":false,"footnotes":""},"categories":[102],"tags":[],"class_list":["post-31222","post","type-post","status-publish","format-standard","has-post-thumbnail","hentry","category-eclairage"],"acf":[],"yoast_head":"<!-- This site is optimized with the Yoast SEO plugin v28.4 - https:\/\/yoast.com\/product\/yoast-seo-wordpress\/ -->\n<title>Paul Riveaux\u00a0: l\u2019EIC nous porte d\u00e9sormais vers le futur. - Ensemble intercontemporain<\/title>\n<meta name=\"robots\" content=\"index, follow, max-snippet:-1, max-image-preview:large, max-video-preview:-1\" \/>\n<link rel=\"canonical\" href=\"https:\/\/www.ensembleintercontemporain.com\/fr\/2026\/09\/paul-riveaux-leic-nous-porte-desormais-vers-le-futur\/\" \/>\n<meta property=\"og:locale\" content=\"fr_FR\" \/>\n<meta property=\"og:type\" content=\"article\" \/>\n<meta property=\"og:title\" content=\"Paul Riveaux\u00a0: l\u2019EIC nous porte d\u00e9sormais vers le futur. - Ensemble intercontemporain\" \/>\n<meta property=\"og:description\" content=\"Trente-six ann\u00e9es pass\u00e9es au c\u0153ur de l\u2019Ensemble intercontemporain donnent un point de vue privil\u00e9gi\u00e9 sur son histoire et ses transformations. Bassoniste \u00e0 l\u2019EIC depuis 1990, Paul Riveaux en a connu les grandes tourn\u00e9es, les rencontres marquantes et les \u00e9volutions musicales. \u00c0 quelques mois de son d\u00e9part, il se retourne sur le chemin parcouru mais regarde surtout vers l\u2019avenir, convaincu que la musique contemporaine \u2013 ou plut\u00f4t \u00ab contempo-reine \u00bb, comme il aime \u00e0 la nommer \u2013 a encore de beaux jours devant elle.\" \/>\n<meta property=\"og:url\" content=\"https:\/\/www.ensembleintercontemporain.com\/fr\/2026\/09\/paul-riveaux-leic-nous-porte-desormais-vers-le-futur\/\" \/>\n<meta property=\"og:site_name\" content=\"Ensemble intercontemporain\" \/>\n<meta property=\"article:published_time\" content=\"2026-09-04T12:13:27+00:00\" \/>\n<meta property=\"og:image\" content=\"https:\/\/www.ensembleintercontemporain.com\/content\/uploads\/2026\/09\/img6003-2.jpg\" \/>\n\t<meta property=\"og:image:width\" content=\"1920\" \/>\n\t<meta property=\"og:image:height\" content=\"1280\" \/>\n\t<meta property=\"og:image:type\" content=\"image\/jpeg\" \/>\n<meta name=\"author\" content=\"Paul Riveaux\" \/>\n<meta name=\"twitter:card\" content=\"summary_large_image\" \/>\n<meta name=\"twitter:label1\" content=\"\u00c9crit par\" \/>\n\t<meta name=\"twitter:data1\" content=\"Paul Riveaux\" \/>\n\t<meta name=\"twitter:label2\" content=\"Dur\u00e9e de lecture estim\u00e9e\" \/>\n\t<meta name=\"twitter:data2\" content=\"3 minutes\" \/>\n<script type=\"application\/ld+json\" class=\"yoast-schema-graph\">{\"@context\":\"https:\\\/\\\/schema.org\",\"@graph\":[{\"@type\":\"Article\",\"@id\":\"https:\\\/\\\/www.ensembleintercontemporain.com\\\/fr\\\/2026\\\/09\\\/paul-riveaux-leic-nous-porte-desormais-vers-le-futur\\\/#article\",\"isPartOf\":{\"@id\":\"https:\\\/\\\/www.ensembleintercontemporain.com\\\/fr\\\/2026\\\/09\\\/paul-riveaux-leic-nous-porte-desormais-vers-le-futur\\\/\"},\"author\":{\"name\":\"Paul Riveaux\",\"@id\":\"https:\\\/\\\/www.ensembleintercontemporain.com\\\/en\\\/#\\\/schema\\\/person\\\/35e84fc98def67e60a0bd4d0846b7cbd\"},\"headline\":\"Paul Riveaux\u00a0: l\u2019EIC nous porte d\u00e9sormais vers le futur.\",\"datePublished\":\"2026-09-04T12:13:27+00:00\",\"mainEntityOfPage\":{\"@id\":\"https:\\\/\\\/www.ensembleintercontemporain.com\\\/fr\\\/2026\\\/09\\\/paul-riveaux-leic-nous-porte-desormais-vers-le-futur\\\/\"},\"wordCount\":511,\"image\":{\"@id\":\"https:\\\/\\\/www.ensembleintercontemporain.com\\\/fr\\\/2026\\\/09\\\/paul-riveaux-leic-nous-porte-desormais-vers-le-futur\\\/#primaryimage\"},\"thumbnailUrl\":\"https:\\\/\\\/www.ensembleintercontemporain.com\\\/content\\\/uploads\\\/2026\\\/09\\\/img6003-2.jpg\",\"articleSection\":[\"\u00c9clairage\"],\"inLanguage\":\"fr-FR\"},{\"@type\":\"WebPage\",\"@id\":\"https:\\\/\\\/www.ensembleintercontemporain.com\\\/fr\\\/2026\\\/09\\\/paul-riveaux-leic-nous-porte-desormais-vers-le-futur\\\/\",\"url\":\"https:\\\/\\\/www.ensembleintercontemporain.com\\\/fr\\\/2026\\\/09\\\/paul-riveaux-leic-nous-porte-desormais-vers-le-futur\\\/\",\"name\":\"Paul Riveaux\u00a0: l\u2019EIC nous porte d\u00e9sormais vers le futur. - Ensemble intercontemporain\",\"isPartOf\":{\"@id\":\"https:\\\/\\\/www.ensembleintercontemporain.com\\\/en\\\/#website\"},\"primaryImageOfPage\":{\"@id\":\"https:\\\/\\\/www.ensembleintercontemporain.com\\\/fr\\\/2026\\\/09\\\/paul-riveaux-leic-nous-porte-desormais-vers-le-futur\\\/#primaryimage\"},\"image\":{\"@id\":\"https:\\\/\\\/www.ensembleintercontemporain.com\\\/fr\\\/2026\\\/09\\\/paul-riveaux-leic-nous-porte-desormais-vers-le-futur\\\/#primaryimage\"},\"thumbnailUrl\":\"https:\\\/\\\/www.ensembleintercontemporain.com\\\/content\\\/uploads\\\/2026\\\/09\\\/img6003-2.jpg\",\"datePublished\":\"2026-09-04T12:13:27+00:00\",\"author\":{\"@id\":\"https:\\\/\\\/www.ensembleintercontemporain.com\\\/en\\\/#\\\/schema\\\/person\\\/35e84fc98def67e60a0bd4d0846b7cbd\"},\"breadcrumb\":{\"@id\":\"https:\\\/\\\/www.ensembleintercontemporain.com\\\/fr\\\/2026\\\/09\\\/paul-riveaux-leic-nous-porte-desormais-vers-le-futur\\\/#breadcrumb\"},\"inLanguage\":\"fr-FR\",\"potentialAction\":[{\"@type\":\"ReadAction\",\"target\":[\"https:\\\/\\\/www.ensembleintercontemporain.com\\\/fr\\\/2026\\\/09\\\/paul-riveaux-leic-nous-porte-desormais-vers-le-futur\\\/\"]}]},{\"@type\":\"ImageObject\",\"inLanguage\":\"fr-FR\",\"@id\":\"https:\\\/\\\/www.ensembleintercontemporain.com\\\/fr\\\/2026\\\/09\\\/paul-riveaux-leic-nous-porte-desormais-vers-le-futur\\\/#primaryimage\",\"url\":\"https:\\\/\\\/www.ensembleintercontemporain.com\\\/content\\\/uploads\\\/2026\\\/09\\\/img6003-2.jpg\",\"contentUrl\":\"https:\\\/\\\/www.ensembleintercontemporain.com\\\/content\\\/uploads\\\/2026\\\/09\\\/img6003-2.jpg\",\"width\":1920,\"height\":1280},{\"@type\":\"BreadcrumbList\",\"@id\":\"https:\\\/\\\/www.ensembleintercontemporain.com\\\/fr\\\/2026\\\/09\\\/paul-riveaux-leic-nous-porte-desormais-vers-le-futur\\\/#breadcrumb\",\"itemListElement\":[{\"@type\":\"ListItem\",\"position\":1,\"name\":\"Home\",\"item\":\"https:\\\/\\\/www.ensembleintercontemporain.com\\\/fr\\\/\"},{\"@type\":\"ListItem\",\"position\":2,\"name\":\"Paul Riveaux\u00a0: l\u2019EIC nous porte d\u00e9sormais vers le futur.\"}]},{\"@type\":\"WebSite\",\"@id\":\"https:\\\/\\\/www.ensembleintercontemporain.com\\\/en\\\/#website\",\"url\":\"https:\\\/\\\/www.ensembleintercontemporain.com\\\/en\\\/\",\"name\":\"Ensemble intercontemporain\",\"description\":\"\",\"potentialAction\":[{\"@type\":\"SearchAction\",\"target\":{\"@type\":\"EntryPoint\",\"urlTemplate\":\"https:\\\/\\\/www.ensembleintercontemporain.com\\\/en\\\/?s={search_term_string}\"},\"query-input\":{\"@type\":\"PropertyValueSpecification\",\"valueRequired\":true,\"valueName\":\"search_term_string\"}}],\"inLanguage\":\"fr-FR\"},{\"@type\":\"Person\",\"@id\":\"https:\\\/\\\/www.ensembleintercontemporain.com\\\/en\\\/#\\\/schema\\\/person\\\/35e84fc98def67e60a0bd4d0846b7cbd\",\"name\":\"Paul Riveaux\",\"image\":{\"@type\":\"ImageObject\",\"inLanguage\":\"fr-FR\",\"@id\":\"https:\\\/\\\/secure.gravatar.com\\\/avatar\\\/fca47a98c22a97a43f898e967a6d536758f1b8bb9de7a04da1613da731ed8507?s=96&d=mm&r=g\",\"url\":\"https:\\\/\\\/secure.gravatar.com\\\/avatar\\\/fca47a98c22a97a43f898e967a6d536758f1b8bb9de7a04da1613da731ed8507?s=96&d=mm&r=g\",\"contentUrl\":\"https:\\\/\\\/secure.gravatar.com\\\/avatar\\\/fca47a98c22a97a43f898e967a6d536758f1b8bb9de7a04da1613da731ed8507?s=96&d=mm&r=g\",\"caption\":\"Paul Riveaux\"},\"url\":\"https:\\\/\\\/www.ensembleintercontemporain.com\\\/fr\\\/author\\\/p-riveaux\\\/\"}]}<\/script>\n<!-- \/ Yoast SEO plugin. -->","yoast_head_json":{"title":"Paul Riveaux\u00a0: l\u2019EIC nous porte d\u00e9sormais vers le futur. - Ensemble intercontemporain","robots":{"index":"index","follow":"follow","max-snippet":"max-snippet:-1","max-image-preview":"max-image-preview:large","max-video-preview":"max-video-preview:-1"},"canonical":"https:\/\/www.ensembleintercontemporain.com\/fr\/2026\/09\/paul-riveaux-leic-nous-porte-desormais-vers-le-futur\/","og_locale":"fr_FR","og_type":"article","og_title":"Paul Riveaux\u00a0: l\u2019EIC nous porte d\u00e9sormais vers le futur. - Ensemble intercontemporain","og_description":"Trente-six ann\u00e9es pass\u00e9es au c\u0153ur de l\u2019Ensemble intercontemporain donnent un point de vue privil\u00e9gi\u00e9 sur son histoire et ses transformations. Bassoniste \u00e0 l\u2019EIC depuis 1990, Paul Riveaux en a connu les grandes tourn\u00e9es, les rencontres marquantes et les \u00e9volutions musicales. \u00c0 quelques mois de son d\u00e9part, il se retourne sur le chemin parcouru mais regarde surtout vers l\u2019avenir, convaincu que la musique contemporaine \u2013 ou plut\u00f4t \u00ab contempo-reine \u00bb, comme il aime \u00e0 la nommer \u2013 a encore de beaux jours devant elle.","og_url":"https:\/\/www.ensembleintercontemporain.com\/fr\/2026\/09\/paul-riveaux-leic-nous-porte-desormais-vers-le-futur\/","og_site_name":"Ensemble intercontemporain","article_published_time":"2026-09-04T12:13:27+00:00","og_image":[{"width":1920,"height":1280,"url":"https:\/\/www.ensembleintercontemporain.com\/content\/uploads\/2026\/09\/img6003-2.jpg","type":"image\/jpeg"}],"author":"Paul Riveaux","twitter_card":"summary_large_image","twitter_misc":{"\u00c9crit par":"Paul Riveaux","Dur\u00e9e de lecture estim\u00e9e":"3 minutes"},"schema":{"@context":"https:\/\/schema.org","@graph":[{"@type":"Article","@id":"https:\/\/www.ensembleintercontemporain.com\/fr\/2026\/09\/paul-riveaux-leic-nous-porte-desormais-vers-le-futur\/#article","isPartOf":{"@id":"https:\/\/www.ensembleintercontemporain.com\/fr\/2026\/09\/paul-riveaux-leic-nous-porte-desormais-vers-le-futur\/"},"author":{"name":"Paul Riveaux","@id":"https:\/\/www.ensembleintercontemporain.com\/en\/#\/schema\/person\/35e84fc98def67e60a0bd4d0846b7cbd"},"headline":"Paul Riveaux\u00a0: l\u2019EIC nous porte d\u00e9sormais vers le futur.","datePublished":"2026-09-04T12:13:27+00:00","mainEntityOfPage":{"@id":"https:\/\/www.ensembleintercontemporain.com\/fr\/2026\/09\/paul-riveaux-leic-nous-porte-desormais-vers-le-futur\/"},"wordCount":511,"image":{"@id":"https:\/\/www.ensembleintercontemporain.com\/fr\/2026\/09\/paul-riveaux-leic-nous-porte-desormais-vers-le-futur\/#primaryimage"},"thumbnailUrl":"https:\/\/www.ensembleintercontemporain.com\/content\/uploads\/2026\/09\/img6003-2.jpg","articleSection":["\u00c9clairage"],"inLanguage":"fr-FR"},{"@type":"WebPage","@id":"https:\/\/www.ensembleintercontemporain.com\/fr\/2026\/09\/paul-riveaux-leic-nous-porte-desormais-vers-le-futur\/","url":"https:\/\/www.ensembleintercontemporain.com\/fr\/2026\/09\/paul-riveaux-leic-nous-porte-desormais-vers-le-futur\/","name":"Paul Riveaux\u00a0: l\u2019EIC nous porte d\u00e9sormais vers le futur. - Ensemble intercontemporain","isPartOf":{"@id":"https:\/\/www.ensembleintercontemporain.com\/en\/#website"},"primaryImageOfPage":{"@id":"https:\/\/www.ensembleintercontemporain.com\/fr\/2026\/09\/paul-riveaux-leic-nous-porte-desormais-vers-le-futur\/#primaryimage"},"image":{"@id":"https:\/\/www.ensembleintercontemporain.com\/fr\/2026\/09\/paul-riveaux-leic-nous-porte-desormais-vers-le-futur\/#primaryimage"},"thumbnailUrl":"https:\/\/www.ensembleintercontemporain.com\/content\/uploads\/2026\/09\/img6003-2.jpg","datePublished":"2026-09-04T12:13:27+00:00","author":{"@id":"https:\/\/www.ensembleintercontemporain.com\/en\/#\/schema\/person\/35e84fc98def67e60a0bd4d0846b7cbd"},"breadcrumb":{"@id":"https:\/\/www.ensembleintercontemporain.com\/fr\/2026\/09\/paul-riveaux-leic-nous-porte-desormais-vers-le-futur\/#breadcrumb"},"inLanguage":"fr-FR","potentialAction":[{"@type":"ReadAction","target":["https:\/\/www.ensembleintercontemporain.com\/fr\/2026\/09\/paul-riveaux-leic-nous-porte-desormais-vers-le-futur\/"]}]},{"@type":"ImageObject","inLanguage":"fr-FR","@id":"https:\/\/www.ensembleintercontemporain.com\/fr\/2026\/09\/paul-riveaux-leic-nous-porte-desormais-vers-le-futur\/#primaryimage","url":"https:\/\/www.ensembleintercontemporain.com\/content\/uploads\/2026\/09\/img6003-2.jpg","contentUrl":"https:\/\/www.ensembleintercontemporain.com\/content\/uploads\/2026\/09\/img6003-2.jpg","width":1920,"height":1280},{"@type":"BreadcrumbList","@id":"https:\/\/www.ensembleintercontemporain.com\/fr\/2026\/09\/paul-riveaux-leic-nous-porte-desormais-vers-le-futur\/#breadcrumb","itemListElement":[{"@type":"ListItem","position":1,"name":"Home","item":"https:\/\/www.ensembleintercontemporain.com\/fr\/"},{"@type":"ListItem","position":2,"name":"Paul Riveaux\u00a0: l\u2019EIC nous porte d\u00e9sormais vers le futur."}]},{"@type":"WebSite","@id":"https:\/\/www.ensembleintercontemporain.com\/en\/#website","url":"https:\/\/www.ensembleintercontemporain.com\/en\/","name":"Ensemble intercontemporain","description":"","potentialAction":[{"@type":"SearchAction","target":{"@type":"EntryPoint","urlTemplate":"https:\/\/www.ensembleintercontemporain.com\/en\/?s={search_term_string}"},"query-input":{"@type":"PropertyValueSpecification","valueRequired":true,"valueName":"search_term_string"}}],"inLanguage":"fr-FR"},{"@type":"Person","@id":"https:\/\/www.ensembleintercontemporain.com\/en\/#\/schema\/person\/35e84fc98def67e60a0bd4d0846b7cbd","name":"Paul Riveaux","image":{"@type":"ImageObject","inLanguage":"fr-FR","@id":"https:\/\/secure.gravatar.com\/avatar\/fca47a98c22a97a43f898e967a6d536758f1b8bb9de7a04da1613da731ed8507?s=96&d=mm&r=g","url":"https:\/\/secure.gravatar.com\/avatar\/fca47a98c22a97a43f898e967a6d536758f1b8bb9de7a04da1613da731ed8507?s=96&d=mm&r=g","contentUrl":"https:\/\/secure.gravatar.com\/avatar\/fca47a98c22a97a43f898e967a6d536758f1b8bb9de7a04da1613da731ed8507?s=96&d=mm&r=g","caption":"Paul Riveaux"},"url":"https:\/\/www.ensembleintercontemporain.com\/fr\/author\/p-riveaux\/"}]}},"_links":{"self":[{"href":"https:\/\/www.ensembleintercontemporain.com\/fr\/wp-json\/wp\/v2\/posts\/31222\/"}],"collection":[{"href":"https:\/\/www.ensembleintercontemporain.com\/fr\/wp-json\/wp\/v2\/posts\/"}],"about":[{"href":"https:\/\/www.ensembleintercontemporain.com\/fr\/wp-json\/wp\/v2\/types\/post\/"}],"author":[{"embeddable":true,"href":"https:\/\/www.ensembleintercontemporain.com\/fr\/wp-json\/wp\/v2\/users\/250\/"}],"replies":[{"embeddable":true,"href":"https:\/\/www.ensembleintercontemporain.com\/fr\/wp-json\/wp\/v2\/comments\/?post=31222"}],"version-history":[{"count":5,"href":"https:\/\/www.ensembleintercontemporain.com\/fr\/wp-json\/wp\/v2\/posts\/31222\/revisions\/"}],"predecessor-version":[{"id":31231,"href":"https:\/\/www.ensembleintercontemporain.com\/fr\/wp-json\/wp\/v2\/posts\/31222\/revisions\/31231\/"}],"wp:featuredmedia":[{"embeddable":true,"href":"https:\/\/www.ensembleintercontemporain.com\/fr\/wp-json\/wp\/v2\/media\/31223\/"}],"wp:attachment":[{"href":"https:\/\/www.ensembleintercontemporain.com\/fr\/wp-json\/wp\/v2\/media\/?parent=31222"}],"wp:term":[{"taxonomy":"category","embeddable":true,"href":"https:\/\/www.ensembleintercontemporain.com\/fr\/wp-json\/wp\/v2\/categories\/?post=31222"},{"taxonomy":"post_tag","embeddable":true,"href":"https:\/\/www.ensembleintercontemporain.com\/fr\/wp-json\/wp\/v2\/tags\/?post=31222"}],"curies":[{"name":"wp","href":"https:\/\/api.w.org\/{rel}","templated":true}]}}