{"id":30219,"date":"2026-01-23T15:49:58","date_gmt":"2026-01-23T14:49:58","guid":{"rendered":"https:\/\/www.ensembleintercontemporain.com\/?p=30219"},"modified":"2026-01-26T11:03:37","modified_gmt":"2026-01-26T10:03:37","slug":"un-programme-a-limage-de-gyorgy-kurtag","status":"publish","type":"post","link":"https:\/\/www.ensembleintercontemporain.com\/fr\/2026\/01\/un-programme-a-limage-de-gyorgy-kurtag\/","title":{"rendered":"Un programme anniversaire \u00e0 l&rsquo;image de Gy\u00f6rgy Kurt\u00e1g."},"content":{"rendered":"<p><span style=\"color: #003366;\"><strong><span style=\"font-size: 14pt;\"><img loading=\"lazy\" decoding=\"async\" class=\"aligncenter size-full wp-image-30220\" src=\"http:\/\/www.ensembleintercontemporain.com\/content\/uploads\/2026\/01\/dsc-3003ceic.jpg\" alt=\"\" width=\"1920\" height=\"1278\" srcset=\"https:\/\/www.ensembleintercontemporain.com\/content\/uploads\/2026\/01\/dsc-3003ceic.jpg 1920w, https:\/\/www.ensembleintercontemporain.com\/content\/uploads\/2026\/01\/dsc-3003ceic-300x200.jpg 300w, https:\/\/www.ensembleintercontemporain.com\/content\/uploads\/2026\/01\/dsc-3003ceic-1024x682.jpg 1024w, https:\/\/www.ensembleintercontemporain.com\/content\/uploads\/2026\/01\/dsc-3003ceic-768x511.jpg 768w, https:\/\/www.ensembleintercontemporain.com\/content\/uploads\/2026\/01\/dsc-3003ceic-1536x1022.jpg 1536w\" sizes=\"auto, (max-width: 1920px) 100vw, 1920px\" \/><\/span><\/strong><\/span><\/p>\n<p><span style=\"color: #003366;\"><strong><span style=\"font-size: 18pt;\">P<\/span>our c\u00e9l\u00e9brer le centenaire de Gy\u00f6rgy Kurt\u00e1g, les solistes de l\u2019Ensemble intercontemporain ont imagin\u00e9 un premier programme tout en r\u00e9sonance, fid\u00e8le \u00e0 son art du lien et de la miniature. Un hommage vivant, nourri de filiations hongroises et de regards crois\u00e9s, donn\u00e9 le <a href=\"https:\/\/www.ensembleintercontemporain.com\/fr\/concert\/ascendances-2026-02-19-20h00-paris\/\">19 f\u00e9vrier \u00e0 la Philharmonie de Paris<\/a>.<\/strong><\/span><\/p>\n<p><span style=\"font-size: 14pt;\">Voil\u00e0 bien longtemps que, avec mes coll\u00e8gues solistes, nous travaillons la musique de Gy\u00f6rgy Kurt\u00e1g, souvent avec Kurt\u00e1g lui-m\u00eame. Aussi, pour f\u00eater son centenaire comme il se doit, nous avons imagin\u00e9 un programme \u00e0 son image, et \u00e0 l\u2019image de ceux que lui-aime concevoir. C\u2019est-\u00e0-dire un programme qui, en encha\u00eenant les \u0153uvres sans interruption, les fait entrer en r\u00e9sonance les unes avec les autres.<\/span><\/p>\n<p><span style=\"font-size: 14pt;\">L\u2019int\u00e9r\u00eat que notre percussionniste Aur\u00e9lien Gignoux porte au cymbalum nous a en outre ouvert tout un horizon\u00a0: celui de la filiation hongroise de Kurt\u00e1g. C\u2019est pourquoi sa musique dialoguera avec celles de ses a\u00een\u00e9s B\u00e9la Bart\u00f3k, Zolt\u00e1n Kodaly (avec lesquels, au-del\u00e0 des racines musicales, il partage une certaine conception de la p\u00e9dagogie), S\u00e1ndor Veress (son professeur de composition) et m\u00eame Franz Liszt mais aussi Gy\u00f6rgy Ligeti, son condisciple \u00e0 Budapest, avec lequel il a franchi le rideau de fer et dont il restera toujours tr\u00e8s proche, bien que leurs musiques soient tr\u00e8s diff\u00e9rentes.<\/span><\/p>\n<p><span style=\"font-size: 14pt;\">Pour sa propre musique ou lorsqu\u2019il interpr\u00e8te celle des autres, Kurt\u00e1g aime pr\u00e9senter les \u0153uvres sous plusieurs visages, arrang\u00e9es ou non, comme vues sous diff\u00e9rents angles. C\u2019est ainsi que nous avons sollicit\u00e9 le compositeur <\/span><span style=\"font-size: 14pt;\">catalan Joan Magrane pour transcrire deux des <em>Klavierstuck S.192<\/em> de Liszt pour clarinette, alto et cymbalum. Nous avons aussi imagin\u00e9 nous-m\u00eame une version de l\u2019<em>\u00c9tude XI<\/em>, <em>En Suspens,<\/em>\u00a0que Ligeti a d\u00e9di\u00e9e \u00e0 Kurt\u00e1g, pour cymbalum, violoncelle et piano. Nous revisiterons \u00e9galement quelques-uns des <em>44 Duos<\/em> pour violon ou des extraits du <em>Mikrokosmos<\/em> de Bart\u00f3k. Et les grands corpus de Kurt\u00e1g lui-m\u00eame, \u00e0 l\u2019instar des <em>J\u00e1t\u00e9kok<\/em> ou des <em>Jelek<\/em>, <em>j\u00e1t\u00e9kok \u00e9s \u00fczenetek<\/em>, seront \u00e9videmment un terrain d\u2019aventure fertile.<\/span><br \/>\n<span style=\"font-size: 14pt;\">Enfin, nous avons invit\u00e9 la soprano Jenny Daviet pour chanter des extraits du chef-d\u2019\u0153uvre que sont les Kafka-Fragmente, pour compl\u00e9ter cet hommage \u00e0 un compositeur encore tr\u00e8s actif\u00a0!<\/span><\/p>\n<p style=\"text-align: right;\"><em>Propos recueillis par J\u00e9r\u00e9mie Szpirglas<\/em><\/p>\n<p>&nbsp;<\/p>\n<div style=\"position: relative; padding-bottom: 56.25%; height: 0; overflow: hidden;\"><iframe style=\"width: 100%; height: 100%; position: absolute; left: 0px; top: 0px; overflow: hidden; border: none;\" src=\"https:\/\/geo.dailymotion.com\/player.html?video=x6buous\"><\/iframe><\/div>\n<p>&nbsp;<\/p>\n<p style=\"text-align: left;\">Photo \u00a9 EIC<\/p>\n","protected":false},"excerpt":{"rendered":"<p>Pour c\u00e9l\u00e9brer le centenaire de Gy\u00f6rgy Kurt\u00e1g, les solistes de l\u2019Ensemble intercontemporain ont imagin\u00e9 un premier programme tout en r\u00e9sonance, fid\u00e8le \u00e0 son art du lien et de la miniature. Un hommage vivant, nourri de filiations hongroises et de regards crois\u00e9s, donn\u00e9 le 19 f\u00e9vrier \u00e0 la Philharmonie de Paris.<\/p>\n","protected":false},"author":149,"featured_media":30220,"comment_status":"closed","ping_status":"closed","sticky":false,"template":"","format":"standard","meta":{"_acf_changed":false,"footnotes":""},"categories":[102],"tags":[36,171],"class_list":["post-30219","post","type-post","status-publish","format-standard","has-post-thumbnail","hentry","category-eclairage","tag-gyorgy-kurtag","tag-odile-auboin","concert-ascendances"],"acf":[],"yoast_head":"<!-- This site is optimized with the Yoast SEO plugin v27.5 - https:\/\/yoast.com\/product\/yoast-seo-wordpress\/ -->\n<title>Un programme anniversaire \u00e0 l&#039;image de Gy\u00f6rgy Kurt\u00e1g. - Ensemble intercontemporain<\/title>\n<meta name=\"robots\" content=\"index, follow, max-snippet:-1, max-image-preview:large, max-video-preview:-1\" \/>\n<link rel=\"canonical\" href=\"https:\/\/www.ensembleintercontemporain.com\/fr\/2026\/01\/un-programme-a-limage-de-gyorgy-kurtag\/\" \/>\n<meta property=\"og:locale\" content=\"fr_FR\" \/>\n<meta property=\"og:type\" content=\"article\" \/>\n<meta property=\"og:title\" content=\"Un programme anniversaire \u00e0 l&#039;image de Gy\u00f6rgy Kurt\u00e1g. - Ensemble intercontemporain\" \/>\n<meta property=\"og:description\" content=\"Pour c\u00e9l\u00e9brer le centenaire de Gy\u00f6rgy Kurt\u00e1g, les solistes de l\u2019Ensemble intercontemporain ont imagin\u00e9 un premier programme tout en r\u00e9sonance, fid\u00e8le \u00e0 son art du lien et de la miniature. Un hommage vivant, nourri de filiations hongroises et de regards crois\u00e9s, donn\u00e9 le 19 f\u00e9vrier \u00e0 la Philharmonie de Paris.\" \/>\n<meta property=\"og:url\" content=\"https:\/\/www.ensembleintercontemporain.com\/fr\/2026\/01\/un-programme-a-limage-de-gyorgy-kurtag\/\" \/>\n<meta property=\"og:site_name\" content=\"Ensemble intercontemporain\" \/>\n<meta property=\"article:published_time\" content=\"2026-01-23T14:49:58+00:00\" \/>\n<meta property=\"article:modified_time\" content=\"2026-01-26T10:03:37+00:00\" \/>\n<meta property=\"og:image\" content=\"https:\/\/www.ensembleintercontemporain.com\/content\/uploads\/2026\/01\/dsc-3003ceic.jpg\" \/>\n\t<meta property=\"og:image:width\" content=\"1920\" \/>\n\t<meta property=\"og:image:height\" content=\"1278\" \/>\n\t<meta property=\"og:image:type\" content=\"image\/jpeg\" \/>\n<meta name=\"author\" content=\"Odile Auboin\" \/>\n<meta name=\"twitter:card\" content=\"summary_large_image\" \/>\n<meta name=\"twitter:label1\" content=\"\u00c9crit par\" \/>\n\t<meta name=\"twitter:data1\" content=\"Odile Auboin\" \/>\n\t<meta name=\"twitter:label2\" content=\"Dur\u00e9e de lecture estim\u00e9e\" \/>\n\t<meta name=\"twitter:data2\" content=\"3 minutes\" \/>\n<script type=\"application\/ld+json\" class=\"yoast-schema-graph\">{\"@context\":\"https:\\\/\\\/schema.org\",\"@graph\":[{\"@type\":\"Article\",\"@id\":\"https:\\\/\\\/www.ensembleintercontemporain.com\\\/fr\\\/2026\\\/01\\\/un-programme-a-limage-de-gyorgy-kurtag\\\/#article\",\"isPartOf\":{\"@id\":\"https:\\\/\\\/www.ensembleintercontemporain.com\\\/fr\\\/2026\\\/01\\\/un-programme-a-limage-de-gyorgy-kurtag\\\/\"},\"author\":{\"name\":\"Odile Auboin\",\"@id\":\"https:\\\/\\\/www.ensembleintercontemporain.com\\\/en\\\/#\\\/schema\\\/person\\\/1acd9554c0ecd4eb5f6f3f919697d2a9\"},\"headline\":\"Un programme anniversaire \u00e0 l&rsquo;image de Gy\u00f6rgy Kurt\u00e1g.\",\"datePublished\":\"2026-01-23T14:49:58+00:00\",\"dateModified\":\"2026-01-26T10:03:37+00:00\",\"mainEntityOfPage\":{\"@id\":\"https:\\\/\\\/www.ensembleintercontemporain.com\\\/fr\\\/2026\\\/01\\\/un-programme-a-limage-de-gyorgy-kurtag\\\/\"},\"wordCount\":419,\"image\":{\"@id\":\"https:\\\/\\\/www.ensembleintercontemporain.com\\\/fr\\\/2026\\\/01\\\/un-programme-a-limage-de-gyorgy-kurtag\\\/#primaryimage\"},\"thumbnailUrl\":\"https:\\\/\\\/www.ensembleintercontemporain.com\\\/content\\\/uploads\\\/2026\\\/01\\\/dsc-3003ceic.jpg\",\"keywords\":[\"Gyorgy Kurtag\",\"odile auboin\"],\"articleSection\":[\"\u00c9clairage\"],\"inLanguage\":\"fr-FR\"},{\"@type\":\"WebPage\",\"@id\":\"https:\\\/\\\/www.ensembleintercontemporain.com\\\/fr\\\/2026\\\/01\\\/un-programme-a-limage-de-gyorgy-kurtag\\\/\",\"url\":\"https:\\\/\\\/www.ensembleintercontemporain.com\\\/fr\\\/2026\\\/01\\\/un-programme-a-limage-de-gyorgy-kurtag\\\/\",\"name\":\"Un programme anniversaire \u00e0 l'image de Gy\u00f6rgy Kurt\u00e1g. - Ensemble intercontemporain\",\"isPartOf\":{\"@id\":\"https:\\\/\\\/www.ensembleintercontemporain.com\\\/en\\\/#website\"},\"primaryImageOfPage\":{\"@id\":\"https:\\\/\\\/www.ensembleintercontemporain.com\\\/fr\\\/2026\\\/01\\\/un-programme-a-limage-de-gyorgy-kurtag\\\/#primaryimage\"},\"image\":{\"@id\":\"https:\\\/\\\/www.ensembleintercontemporain.com\\\/fr\\\/2026\\\/01\\\/un-programme-a-limage-de-gyorgy-kurtag\\\/#primaryimage\"},\"thumbnailUrl\":\"https:\\\/\\\/www.ensembleintercontemporain.com\\\/content\\\/uploads\\\/2026\\\/01\\\/dsc-3003ceic.jpg\",\"datePublished\":\"2026-01-23T14:49:58+00:00\",\"dateModified\":\"2026-01-26T10:03:37+00:00\",\"author\":{\"@id\":\"https:\\\/\\\/www.ensembleintercontemporain.com\\\/en\\\/#\\\/schema\\\/person\\\/1acd9554c0ecd4eb5f6f3f919697d2a9\"},\"breadcrumb\":{\"@id\":\"https:\\\/\\\/www.ensembleintercontemporain.com\\\/fr\\\/2026\\\/01\\\/un-programme-a-limage-de-gyorgy-kurtag\\\/#breadcrumb\"},\"inLanguage\":\"fr-FR\",\"potentialAction\":[{\"@type\":\"ReadAction\",\"target\":[\"https:\\\/\\\/www.ensembleintercontemporain.com\\\/fr\\\/2026\\\/01\\\/un-programme-a-limage-de-gyorgy-kurtag\\\/\"]}]},{\"@type\":\"ImageObject\",\"inLanguage\":\"fr-FR\",\"@id\":\"https:\\\/\\\/www.ensembleintercontemporain.com\\\/fr\\\/2026\\\/01\\\/un-programme-a-limage-de-gyorgy-kurtag\\\/#primaryimage\",\"url\":\"https:\\\/\\\/www.ensembleintercontemporain.com\\\/content\\\/uploads\\\/2026\\\/01\\\/dsc-3003ceic.jpg\",\"contentUrl\":\"https:\\\/\\\/www.ensembleintercontemporain.com\\\/content\\\/uploads\\\/2026\\\/01\\\/dsc-3003ceic.jpg\",\"width\":1920,\"height\":1278},{\"@type\":\"BreadcrumbList\",\"@id\":\"https:\\\/\\\/www.ensembleintercontemporain.com\\\/fr\\\/2026\\\/01\\\/un-programme-a-limage-de-gyorgy-kurtag\\\/#breadcrumb\",\"itemListElement\":[{\"@type\":\"ListItem\",\"position\":1,\"name\":\"Home\",\"item\":\"https:\\\/\\\/www.ensembleintercontemporain.com\\\/fr\\\/\"},{\"@type\":\"ListItem\",\"position\":2,\"name\":\"Un programme anniversaire \u00e0 l&rsquo;image de Gy\u00f6rgy Kurt\u00e1g.\"}]},{\"@type\":\"WebSite\",\"@id\":\"https:\\\/\\\/www.ensembleintercontemporain.com\\\/en\\\/#website\",\"url\":\"https:\\\/\\\/www.ensembleintercontemporain.com\\\/en\\\/\",\"name\":\"Ensemble intercontemporain\",\"description\":\"\",\"potentialAction\":[{\"@type\":\"SearchAction\",\"target\":{\"@type\":\"EntryPoint\",\"urlTemplate\":\"https:\\\/\\\/www.ensembleintercontemporain.com\\\/en\\\/?s={search_term_string}\"},\"query-input\":{\"@type\":\"PropertyValueSpecification\",\"valueRequired\":true,\"valueName\":\"search_term_string\"}}],\"inLanguage\":\"fr-FR\"},{\"@type\":\"Person\",\"@id\":\"https:\\\/\\\/www.ensembleintercontemporain.com\\\/en\\\/#\\\/schema\\\/person\\\/1acd9554c0ecd4eb5f6f3f919697d2a9\",\"name\":\"Odile Auboin\",\"image\":{\"@type\":\"ImageObject\",\"inLanguage\":\"fr-FR\",\"@id\":\"https:\\\/\\\/secure.gravatar.com\\\/avatar\\\/7109756e337eb440da9058ddc483e3feef32e8556c3ebfe665f85ceff910a74d?s=96&d=mm&r=g\",\"url\":\"https:\\\/\\\/secure.gravatar.com\\\/avatar\\\/7109756e337eb440da9058ddc483e3feef32e8556c3ebfe665f85ceff910a74d?s=96&d=mm&r=g\",\"contentUrl\":\"https:\\\/\\\/secure.gravatar.com\\\/avatar\\\/7109756e337eb440da9058ddc483e3feef32e8556c3ebfe665f85ceff910a74d?s=96&d=mm&r=g\",\"caption\":\"Odile Auboin\"},\"url\":\"https:\\\/\\\/www.ensembleintercontemporain.com\\\/fr\\\/author\\\/o-auboin\\\/\"}]}<\/script>\n<!-- \/ Yoast SEO plugin. -->","yoast_head_json":{"title":"Un programme anniversaire \u00e0 l'image de Gy\u00f6rgy Kurt\u00e1g. - Ensemble intercontemporain","robots":{"index":"index","follow":"follow","max-snippet":"max-snippet:-1","max-image-preview":"max-image-preview:large","max-video-preview":"max-video-preview:-1"},"canonical":"https:\/\/www.ensembleintercontemporain.com\/fr\/2026\/01\/un-programme-a-limage-de-gyorgy-kurtag\/","og_locale":"fr_FR","og_type":"article","og_title":"Un programme anniversaire \u00e0 l'image de Gy\u00f6rgy Kurt\u00e1g. - Ensemble intercontemporain","og_description":"Pour c\u00e9l\u00e9brer le centenaire de Gy\u00f6rgy Kurt\u00e1g, les solistes de l\u2019Ensemble intercontemporain ont imagin\u00e9 un premier programme tout en r\u00e9sonance, fid\u00e8le \u00e0 son art du lien et de la miniature. Un hommage vivant, nourri de filiations hongroises et de regards crois\u00e9s, donn\u00e9 le 19 f\u00e9vrier \u00e0 la Philharmonie de Paris.","og_url":"https:\/\/www.ensembleintercontemporain.com\/fr\/2026\/01\/un-programme-a-limage-de-gyorgy-kurtag\/","og_site_name":"Ensemble intercontemporain","article_published_time":"2026-01-23T14:49:58+00:00","article_modified_time":"2026-01-26T10:03:37+00:00","og_image":[{"width":1920,"height":1278,"url":"https:\/\/www.ensembleintercontemporain.com\/content\/uploads\/2026\/01\/dsc-3003ceic.jpg","type":"image\/jpeg"}],"author":"Odile Auboin","twitter_card":"summary_large_image","twitter_misc":{"\u00c9crit par":"Odile Auboin","Dur\u00e9e de lecture estim\u00e9e":"3 minutes"},"schema":{"@context":"https:\/\/schema.org","@graph":[{"@type":"Article","@id":"https:\/\/www.ensembleintercontemporain.com\/fr\/2026\/01\/un-programme-a-limage-de-gyorgy-kurtag\/#article","isPartOf":{"@id":"https:\/\/www.ensembleintercontemporain.com\/fr\/2026\/01\/un-programme-a-limage-de-gyorgy-kurtag\/"},"author":{"name":"Odile Auboin","@id":"https:\/\/www.ensembleintercontemporain.com\/en\/#\/schema\/person\/1acd9554c0ecd4eb5f6f3f919697d2a9"},"headline":"Un programme anniversaire \u00e0 l&rsquo;image de Gy\u00f6rgy Kurt\u00e1g.","datePublished":"2026-01-23T14:49:58+00:00","dateModified":"2026-01-26T10:03:37+00:00","mainEntityOfPage":{"@id":"https:\/\/www.ensembleintercontemporain.com\/fr\/2026\/01\/un-programme-a-limage-de-gyorgy-kurtag\/"},"wordCount":419,"image":{"@id":"https:\/\/www.ensembleintercontemporain.com\/fr\/2026\/01\/un-programme-a-limage-de-gyorgy-kurtag\/#primaryimage"},"thumbnailUrl":"https:\/\/www.ensembleintercontemporain.com\/content\/uploads\/2026\/01\/dsc-3003ceic.jpg","keywords":["Gyorgy Kurtag","odile auboin"],"articleSection":["\u00c9clairage"],"inLanguage":"fr-FR"},{"@type":"WebPage","@id":"https:\/\/www.ensembleintercontemporain.com\/fr\/2026\/01\/un-programme-a-limage-de-gyorgy-kurtag\/","url":"https:\/\/www.ensembleintercontemporain.com\/fr\/2026\/01\/un-programme-a-limage-de-gyorgy-kurtag\/","name":"Un programme anniversaire \u00e0 l'image de Gy\u00f6rgy Kurt\u00e1g. - Ensemble intercontemporain","isPartOf":{"@id":"https:\/\/www.ensembleintercontemporain.com\/en\/#website"},"primaryImageOfPage":{"@id":"https:\/\/www.ensembleintercontemporain.com\/fr\/2026\/01\/un-programme-a-limage-de-gyorgy-kurtag\/#primaryimage"},"image":{"@id":"https:\/\/www.ensembleintercontemporain.com\/fr\/2026\/01\/un-programme-a-limage-de-gyorgy-kurtag\/#primaryimage"},"thumbnailUrl":"https:\/\/www.ensembleintercontemporain.com\/content\/uploads\/2026\/01\/dsc-3003ceic.jpg","datePublished":"2026-01-23T14:49:58+00:00","dateModified":"2026-01-26T10:03:37+00:00","author":{"@id":"https:\/\/www.ensembleintercontemporain.com\/en\/#\/schema\/person\/1acd9554c0ecd4eb5f6f3f919697d2a9"},"breadcrumb":{"@id":"https:\/\/www.ensembleintercontemporain.com\/fr\/2026\/01\/un-programme-a-limage-de-gyorgy-kurtag\/#breadcrumb"},"inLanguage":"fr-FR","potentialAction":[{"@type":"ReadAction","target":["https:\/\/www.ensembleintercontemporain.com\/fr\/2026\/01\/un-programme-a-limage-de-gyorgy-kurtag\/"]}]},{"@type":"ImageObject","inLanguage":"fr-FR","@id":"https:\/\/www.ensembleintercontemporain.com\/fr\/2026\/01\/un-programme-a-limage-de-gyorgy-kurtag\/#primaryimage","url":"https:\/\/www.ensembleintercontemporain.com\/content\/uploads\/2026\/01\/dsc-3003ceic.jpg","contentUrl":"https:\/\/www.ensembleintercontemporain.com\/content\/uploads\/2026\/01\/dsc-3003ceic.jpg","width":1920,"height":1278},{"@type":"BreadcrumbList","@id":"https:\/\/www.ensembleintercontemporain.com\/fr\/2026\/01\/un-programme-a-limage-de-gyorgy-kurtag\/#breadcrumb","itemListElement":[{"@type":"ListItem","position":1,"name":"Home","item":"https:\/\/www.ensembleintercontemporain.com\/fr\/"},{"@type":"ListItem","position":2,"name":"Un programme anniversaire \u00e0 l&rsquo;image de Gy\u00f6rgy Kurt\u00e1g."}]},{"@type":"WebSite","@id":"https:\/\/www.ensembleintercontemporain.com\/en\/#website","url":"https:\/\/www.ensembleintercontemporain.com\/en\/","name":"Ensemble intercontemporain","description":"","potentialAction":[{"@type":"SearchAction","target":{"@type":"EntryPoint","urlTemplate":"https:\/\/www.ensembleintercontemporain.com\/en\/?s={search_term_string}"},"query-input":{"@type":"PropertyValueSpecification","valueRequired":true,"valueName":"search_term_string"}}],"inLanguage":"fr-FR"},{"@type":"Person","@id":"https:\/\/www.ensembleintercontemporain.com\/en\/#\/schema\/person\/1acd9554c0ecd4eb5f6f3f919697d2a9","name":"Odile Auboin","image":{"@type":"ImageObject","inLanguage":"fr-FR","@id":"https:\/\/secure.gravatar.com\/avatar\/7109756e337eb440da9058ddc483e3feef32e8556c3ebfe665f85ceff910a74d?s=96&d=mm&r=g","url":"https:\/\/secure.gravatar.com\/avatar\/7109756e337eb440da9058ddc483e3feef32e8556c3ebfe665f85ceff910a74d?s=96&d=mm&r=g","contentUrl":"https:\/\/secure.gravatar.com\/avatar\/7109756e337eb440da9058ddc483e3feef32e8556c3ebfe665f85ceff910a74d?s=96&d=mm&r=g","caption":"Odile Auboin"},"url":"https:\/\/www.ensembleintercontemporain.com\/fr\/author\/o-auboin\/"}]}},"_links":{"self":[{"href":"https:\/\/www.ensembleintercontemporain.com\/fr\/wp-json\/wp\/v2\/posts\/30219\/"}],"collection":[{"href":"https:\/\/www.ensembleintercontemporain.com\/fr\/wp-json\/wp\/v2\/posts\/"}],"about":[{"href":"https:\/\/www.ensembleintercontemporain.com\/fr\/wp-json\/wp\/v2\/types\/post\/"}],"author":[{"embeddable":true,"href":"https:\/\/www.ensembleintercontemporain.com\/fr\/wp-json\/wp\/v2\/users\/149\/"}],"replies":[{"embeddable":true,"href":"https:\/\/www.ensembleintercontemporain.com\/fr\/wp-json\/wp\/v2\/comments\/?post=30219"}],"version-history":[{"count":6,"href":"https:\/\/www.ensembleintercontemporain.com\/fr\/wp-json\/wp\/v2\/posts\/30219\/revisions\/"}],"predecessor-version":[{"id":30291,"href":"https:\/\/www.ensembleintercontemporain.com\/fr\/wp-json\/wp\/v2\/posts\/30219\/revisions\/30291\/"}],"wp:featuredmedia":[{"embeddable":true,"href":"https:\/\/www.ensembleintercontemporain.com\/fr\/wp-json\/wp\/v2\/media\/30220\/"}],"wp:attachment":[{"href":"https:\/\/www.ensembleintercontemporain.com\/fr\/wp-json\/wp\/v2\/media\/?parent=30219"}],"wp:term":[{"taxonomy":"category","embeddable":true,"href":"https:\/\/www.ensembleintercontemporain.com\/fr\/wp-json\/wp\/v2\/categories\/?post=30219"},{"taxonomy":"post_tag","embeddable":true,"href":"https:\/\/www.ensembleintercontemporain.com\/fr\/wp-json\/wp\/v2\/tags\/?post=30219"}],"curies":[{"name":"wp","href":"https:\/\/api.w.org\/{rel}","templated":true}]}}