{"id":29115,"date":"2025-06-19T15:16:11","date_gmt":"2025-06-19T13:16:11","guid":{"rendered":"https:\/\/www.ensembleintercontemporain.com\/?p=29115"},"modified":"2025-06-19T15:17:42","modified_gmt":"2025-06-19T13:17:42","slug":"blaauw-sinjo-de-rebecca-saunders","status":"publish","type":"post","link":"https:\/\/www.ensembleintercontemporain.com\/fr\/2025\/06\/blaauw-sinjo-de-rebecca-saunders\/","title":{"rendered":"\u00ab\u00a0Blaauw\/Sinjo\u00a0\u00bb de Rebecca Saunders."},"content":{"rendered":"<p><span style=\"color: #003366;\"><strong><span style=\"font-size: 18pt;\"><img loading=\"lazy\" decoding=\"async\" class=\"aligncenter size-full wp-image-29116\" src=\"http:\/\/www.ensembleintercontemporain.com\/content\/uploads\/2025\/06\/img0187cfranck-ferville.jpg\" alt=\"\" width=\"1920\" height=\"1280\" srcset=\"https:\/\/www.ensembleintercontemporain.com\/content\/uploads\/2025\/06\/img0187cfranck-ferville.jpg 1920w, https:\/\/www.ensembleintercontemporain.com\/content\/uploads\/2025\/06\/img0187cfranck-ferville-300x200.jpg 300w, https:\/\/www.ensembleintercontemporain.com\/content\/uploads\/2025\/06\/img0187cfranck-ferville-1024x683.jpg 1024w, https:\/\/www.ensembleintercontemporain.com\/content\/uploads\/2025\/06\/img0187cfranck-ferville-768x512.jpg 768w, https:\/\/www.ensembleintercontemporain.com\/content\/uploads\/2025\/06\/img0187cfranck-ferville-1536x1024.jpg 1536w\" sizes=\"auto, (max-width: 1920px) 100vw, 1920px\" \/><\/span><\/strong><\/span><\/p>\n<p><span style=\"color: #003366;\"><strong><span style=\"font-size: 18pt;\">L<\/span>e <a href=\"https:\/\/www.ensembleintercontemporain.com\/fr\/concert\/bleu-2025-06-26-20h00-paris\/\">jeudi 26 juin, \u00e0 la Cit\u00e9 de la musique<\/a>, Lucas Lipari-Mayer sera le soliste de <em>Blaauw\/Sinjo<\/em> pour trompette et piano r\u00e9sonnant, de la compositrice anglaise Rebecca Saunders. Une \u0153uvre qui fait autant r\u00e9f\u00e9rence \u00e0 son d\u00e9dicataire, le trompettiste n\u00e9erlandais Marco Blaauw, qu\u2019\u00e0 la couleur bleue. \u2028<\/strong><\/span><\/p>\n<p><span style=\"font-size: 14pt;\">Rebecca Saunders compose souvent en \u00e9troite collaboration avec un interpr\u00e8te. En l\u2019occurrence, comme son titre l\u2019indique, <em>Blaauw<\/em> a \u00e9t\u00e9 compos\u00e9 avec <a href=\"https:\/\/www.youtube.com\/watch?v=WWO8n3PNzqU\" target=\"_blank\" rel=\"noopener\">Marco Blaauw,<\/a> trompettiste de l\u2019ensemble MusikFabrik. Ensemble, ils ont \u00e9norm\u00e9ment travaill\u00e9 sur une technique de jeu particuli\u00e8re appel\u00e9e \u00ab split-tone \u00bb \u2014 qu\u2019on pourrait traduire par \u00ab son divis\u00e9 \u00bb. C\u2019est une technique d\u00e9j\u00e0 assez ancienne pour produire des multiphoniques, qui implique une double vibration des l\u00e8vres (les deux l\u00e8vres ne vibrent pas \u00e0 la fr\u00e9quence) afin de faire ressortir plusieurs harmoniques de l\u2019instrument. L\u2019\u00e9criture de <em>Blaauw\/Sinjo<\/em>\u00a0s\u2019appuie donc beaucoup sur les <em>split-tones<\/em>, ainsi que sur le contraste entre le timbre dense et parfois bruit\u00e9 qu\u2019ils produisent et des effets de sourdine sur un <em>mi<\/em> aigu, pur et a\u00e9rien. Ce travail de la mati\u00e8re refl\u00e8te aussi, je crois, le fait que \u00ab Blauw \u00bb, sans le deuxi\u00e8me \u00ab a \u00bb donc, signifie \u00ab bleu \u00bb en n\u00e9erlandais. Dans sa notice d\u2019\u0153uvre, Rebecca Saunders cite Vassili Kandinsky et le r\u00e9alisateur et plasticien Derek Jarman.<\/span><\/p>\n<p><span style=\"font-size: 14pt;\">D\u2019autre part, un peu comme notre <em>Sequenza<\/em> de Berio, la pi\u00e8ce se joue dans la caisse d\u2019un piano. La diff\u00e9rence avec Berio, c\u2019est que la p\u00e9dale forte est activ\u00e9e pendant toute la dur\u00e9e de la pi\u00e8ce, et qu\u2019on fait donc r\u00e9sonner toutes les cordes et toute la table du piano, ce qui cr\u00e9e comme une nappe sonore ininterrompue.<\/span><\/p>\n<p><img loading=\"lazy\" decoding=\"async\" class=\" wp-image-29118\" src=\"http:\/\/www.ensembleintercontemporain.com\/content\/uploads\/2025\/06\/blaaw.jpg\" alt=\"\" width=\"845\" height=\"584\" srcset=\"https:\/\/www.ensembleintercontemporain.com\/content\/uploads\/2025\/06\/blaaw.jpg 1321w, https:\/\/www.ensembleintercontemporain.com\/content\/uploads\/2025\/06\/blaaw-300x208.jpg 300w, https:\/\/www.ensembleintercontemporain.com\/content\/uploads\/2025\/06\/blaaw-1024x709.jpg 1024w, https:\/\/www.ensembleintercontemporain.com\/content\/uploads\/2025\/06\/blaaw-768x531.jpg 768w\" sizes=\"auto, (max-width: 845px) 100vw, 845px\" \/><\/p>\n<p><span style=\"font-size: 14pt;\">Une derni\u00e8re pr\u00e9cision : \u00e0 l\u2019origine,<em> Blaauw<\/em> se joue sur une trompette \u00e0 double pavillon \u2014 avec un jeu entre les deux. Rebecca a toutefois \u00e9crit une nouvelle version, pour trompette \u00e0 un seul pavillon, intitul\u00e9e <em>Blaauw\/Sinjo<\/em> \u2014 \u00ab Sinjo \u00bb signifiant aussi \u00ab bleu \u00bb, mais en bulgare, le cr\u00e9ateur de cette nouvelle version \u00e9tant le bulgare Sava Stoianov, trompettiste de l\u2019Ensemble Modern. Nous avons une trompette \u00e0 double pavillon \u00e0 l\u2019Ensemble intercontemporain, mais <em>Blaauw\/Sinjo<\/em> n\u2019ayant pas encore \u00e9t\u00e9 cr\u00e9\u00e9e en France, Rebecca m\u2019a demand\u00e9 de le faire !<\/span><\/p>\n<p style=\"text-align: right;\"><em>Propos recueillis par J\u00e9r\u00e9mie Szpirglas<\/em><\/p>\n","protected":false},"excerpt":{"rendered":"<p>Le jeudi 26 juin, \u00e0 la Cit\u00e9 de la musique, Lucas Lipari-Mayer sera le soliste de \u00ab\u00a0Blaauw\/Sinjo\u00a0\u00bb, pour trompette et piano r\u00e9sonnant, de la compositrice anglaise Rebecca Saunders. Une \u0153uvre qui fait autant r\u00e9f\u00e9rence \u00e0 son d\u00e9dicataire, le trompettiste n\u00e9erlandais Marco Blaauw qu\u2019\u00e0 la couleur bleue. \u2028<\/p>\n","protected":false},"author":182,"featured_media":29116,"comment_status":"closed","ping_status":"closed","sticky":false,"template":"","format":"standard","meta":{"_acf_changed":false,"footnotes":""},"categories":[102],"tags":[],"class_list":["post-29115","post","type-post","status-publish","format-standard","has-post-thumbnail","hentry","category-eclairage","concert-bleu"],"acf":[],"yoast_head":"<!-- This site is optimized with the Yoast SEO plugin v27.5 - https:\/\/yoast.com\/product\/yoast-seo-wordpress\/ -->\n<title>&quot;Blaauw\/Sinjo&quot; de Rebecca Saunders. - Ensemble intercontemporain<\/title>\n<meta name=\"robots\" content=\"index, follow, max-snippet:-1, max-image-preview:large, max-video-preview:-1\" \/>\n<link rel=\"canonical\" href=\"https:\/\/www.ensembleintercontemporain.com\/fr\/2025\/06\/blaauw-sinjo-de-rebecca-saunders\/\" \/>\n<meta property=\"og:locale\" content=\"fr_FR\" \/>\n<meta property=\"og:type\" content=\"article\" \/>\n<meta property=\"og:title\" content=\"&quot;Blaauw\/Sinjo&quot; de Rebecca Saunders. - Ensemble intercontemporain\" \/>\n<meta property=\"og:description\" content=\"Le jeudi 26 juin, \u00e0 la Cit\u00e9 de la musique, Lucas Lipari-Mayer sera le soliste de &quot;Blaauw\/Sinjo&quot;, pour trompette et piano r\u00e9sonnant, de la compositrice anglaise Rebecca Saunders. Une \u0153uvre qui fait autant r\u00e9f\u00e9rence \u00e0 son d\u00e9dicataire, le trompettiste n\u00e9erlandais Marco Blaauw qu\u2019\u00e0 la couleur bleue. \u2028\" \/>\n<meta property=\"og:url\" content=\"https:\/\/www.ensembleintercontemporain.com\/fr\/2025\/06\/blaauw-sinjo-de-rebecca-saunders\/\" \/>\n<meta property=\"og:site_name\" content=\"Ensemble intercontemporain\" \/>\n<meta property=\"article:published_time\" content=\"2025-06-19T13:16:11+00:00\" \/>\n<meta property=\"article:modified_time\" content=\"2025-06-19T13:17:42+00:00\" \/>\n<meta property=\"og:image\" content=\"https:\/\/www.ensembleintercontemporain.com\/content\/uploads\/2025\/06\/img0187cfranck-ferville.jpg\" \/>\n\t<meta property=\"og:image:width\" content=\"1920\" \/>\n\t<meta property=\"og:image:height\" content=\"1280\" \/>\n\t<meta property=\"og:image:type\" content=\"image\/jpeg\" \/>\n<meta name=\"author\" content=\"Lucas Lipari-Mayer\" \/>\n<meta name=\"twitter:card\" content=\"summary_large_image\" \/>\n<meta name=\"twitter:label1\" content=\"\u00c9crit par\" \/>\n\t<meta name=\"twitter:data1\" content=\"Lucas Lipari-Mayer\" \/>\n\t<meta name=\"twitter:label2\" content=\"Dur\u00e9e de lecture estim\u00e9e\" \/>\n\t<meta name=\"twitter:data2\" content=\"3 minutes\" \/>\n<script type=\"application\/ld+json\" class=\"yoast-schema-graph\">{\"@context\":\"https:\\\/\\\/schema.org\",\"@graph\":[{\"@type\":\"Article\",\"@id\":\"https:\\\/\\\/www.ensembleintercontemporain.com\\\/fr\\\/2025\\\/06\\\/blaauw-sinjo-de-rebecca-saunders\\\/#article\",\"isPartOf\":{\"@id\":\"https:\\\/\\\/www.ensembleintercontemporain.com\\\/fr\\\/2025\\\/06\\\/blaauw-sinjo-de-rebecca-saunders\\\/\"},\"author\":{\"name\":\"Lucas Lipari-Mayer\",\"@id\":\"https:\\\/\\\/www.ensembleintercontemporain.com\\\/en\\\/#\\\/schema\\\/person\\\/9a3e710352d34e33855e4b780aea5dd8\"},\"headline\":\"\u00ab\u00a0Blaauw\\\/Sinjo\u00a0\u00bb de Rebecca Saunders.\",\"datePublished\":\"2025-06-19T13:16:11+00:00\",\"dateModified\":\"2025-06-19T13:17:42+00:00\",\"mainEntityOfPage\":{\"@id\":\"https:\\\/\\\/www.ensembleintercontemporain.com\\\/fr\\\/2025\\\/06\\\/blaauw-sinjo-de-rebecca-saunders\\\/\"},\"wordCount\":397,\"image\":{\"@id\":\"https:\\\/\\\/www.ensembleintercontemporain.com\\\/fr\\\/2025\\\/06\\\/blaauw-sinjo-de-rebecca-saunders\\\/#primaryimage\"},\"thumbnailUrl\":\"https:\\\/\\\/www.ensembleintercontemporain.com\\\/content\\\/uploads\\\/2025\\\/06\\\/img0187cfranck-ferville.jpg\",\"articleSection\":[\"\u00c9clairage\"],\"inLanguage\":\"fr-FR\"},{\"@type\":\"WebPage\",\"@id\":\"https:\\\/\\\/www.ensembleintercontemporain.com\\\/fr\\\/2025\\\/06\\\/blaauw-sinjo-de-rebecca-saunders\\\/\",\"url\":\"https:\\\/\\\/www.ensembleintercontemporain.com\\\/fr\\\/2025\\\/06\\\/blaauw-sinjo-de-rebecca-saunders\\\/\",\"name\":\"\\\"Blaauw\\\/Sinjo\\\" de Rebecca Saunders. - Ensemble intercontemporain\",\"isPartOf\":{\"@id\":\"https:\\\/\\\/www.ensembleintercontemporain.com\\\/en\\\/#website\"},\"primaryImageOfPage\":{\"@id\":\"https:\\\/\\\/www.ensembleintercontemporain.com\\\/fr\\\/2025\\\/06\\\/blaauw-sinjo-de-rebecca-saunders\\\/#primaryimage\"},\"image\":{\"@id\":\"https:\\\/\\\/www.ensembleintercontemporain.com\\\/fr\\\/2025\\\/06\\\/blaauw-sinjo-de-rebecca-saunders\\\/#primaryimage\"},\"thumbnailUrl\":\"https:\\\/\\\/www.ensembleintercontemporain.com\\\/content\\\/uploads\\\/2025\\\/06\\\/img0187cfranck-ferville.jpg\",\"datePublished\":\"2025-06-19T13:16:11+00:00\",\"dateModified\":\"2025-06-19T13:17:42+00:00\",\"author\":{\"@id\":\"https:\\\/\\\/www.ensembleintercontemporain.com\\\/en\\\/#\\\/schema\\\/person\\\/9a3e710352d34e33855e4b780aea5dd8\"},\"breadcrumb\":{\"@id\":\"https:\\\/\\\/www.ensembleintercontemporain.com\\\/fr\\\/2025\\\/06\\\/blaauw-sinjo-de-rebecca-saunders\\\/#breadcrumb\"},\"inLanguage\":\"fr-FR\",\"potentialAction\":[{\"@type\":\"ReadAction\",\"target\":[\"https:\\\/\\\/www.ensembleintercontemporain.com\\\/fr\\\/2025\\\/06\\\/blaauw-sinjo-de-rebecca-saunders\\\/\"]}]},{\"@type\":\"ImageObject\",\"inLanguage\":\"fr-FR\",\"@id\":\"https:\\\/\\\/www.ensembleintercontemporain.com\\\/fr\\\/2025\\\/06\\\/blaauw-sinjo-de-rebecca-saunders\\\/#primaryimage\",\"url\":\"https:\\\/\\\/www.ensembleintercontemporain.com\\\/content\\\/uploads\\\/2025\\\/06\\\/img0187cfranck-ferville.jpg\",\"contentUrl\":\"https:\\\/\\\/www.ensembleintercontemporain.com\\\/content\\\/uploads\\\/2025\\\/06\\\/img0187cfranck-ferville.jpg\",\"width\":1920,\"height\":1280},{\"@type\":\"BreadcrumbList\",\"@id\":\"https:\\\/\\\/www.ensembleintercontemporain.com\\\/fr\\\/2025\\\/06\\\/blaauw-sinjo-de-rebecca-saunders\\\/#breadcrumb\",\"itemListElement\":[{\"@type\":\"ListItem\",\"position\":1,\"name\":\"Home\",\"item\":\"https:\\\/\\\/www.ensembleintercontemporain.com\\\/fr\\\/\"},{\"@type\":\"ListItem\",\"position\":2,\"name\":\"\u00ab\u00a0Blaauw\\\/Sinjo\u00a0\u00bb de Rebecca Saunders.\"}]},{\"@type\":\"WebSite\",\"@id\":\"https:\\\/\\\/www.ensembleintercontemporain.com\\\/en\\\/#website\",\"url\":\"https:\\\/\\\/www.ensembleintercontemporain.com\\\/en\\\/\",\"name\":\"Ensemble intercontemporain\",\"description\":\"\",\"potentialAction\":[{\"@type\":\"SearchAction\",\"target\":{\"@type\":\"EntryPoint\",\"urlTemplate\":\"https:\\\/\\\/www.ensembleintercontemporain.com\\\/en\\\/?s={search_term_string}\"},\"query-input\":{\"@type\":\"PropertyValueSpecification\",\"valueRequired\":true,\"valueName\":\"search_term_string\"}}],\"inLanguage\":\"fr-FR\"},{\"@type\":\"Person\",\"@id\":\"https:\\\/\\\/www.ensembleintercontemporain.com\\\/en\\\/#\\\/schema\\\/person\\\/9a3e710352d34e33855e4b780aea5dd8\",\"name\":\"Lucas Lipari-Mayer\",\"image\":{\"@type\":\"ImageObject\",\"inLanguage\":\"fr-FR\",\"@id\":\"https:\\\/\\\/secure.gravatar.com\\\/avatar\\\/4be1f05ce529d8f0a691f3a02244d487b45024a98abc0d4f135f3733966465a7?s=96&d=mm&r=g\",\"url\":\"https:\\\/\\\/secure.gravatar.com\\\/avatar\\\/4be1f05ce529d8f0a691f3a02244d487b45024a98abc0d4f135f3733966465a7?s=96&d=mm&r=g\",\"contentUrl\":\"https:\\\/\\\/secure.gravatar.com\\\/avatar\\\/4be1f05ce529d8f0a691f3a02244d487b45024a98abc0d4f135f3733966465a7?s=96&d=mm&r=g\",\"caption\":\"Lucas Lipari-Mayer\"},\"url\":\"https:\\\/\\\/www.ensembleintercontemporain.com\\\/fr\\\/author\\\/l-liparimayer\\\/\"}]}<\/script>\n<!-- \/ Yoast SEO plugin. -->","yoast_head_json":{"title":"\"Blaauw\/Sinjo\" de Rebecca Saunders. - Ensemble intercontemporain","robots":{"index":"index","follow":"follow","max-snippet":"max-snippet:-1","max-image-preview":"max-image-preview:large","max-video-preview":"max-video-preview:-1"},"canonical":"https:\/\/www.ensembleintercontemporain.com\/fr\/2025\/06\/blaauw-sinjo-de-rebecca-saunders\/","og_locale":"fr_FR","og_type":"article","og_title":"\"Blaauw\/Sinjo\" de Rebecca Saunders. - Ensemble intercontemporain","og_description":"Le jeudi 26 juin, \u00e0 la Cit\u00e9 de la musique, Lucas Lipari-Mayer sera le soliste de \"Blaauw\/Sinjo\", pour trompette et piano r\u00e9sonnant, de la compositrice anglaise Rebecca Saunders. Une \u0153uvre qui fait autant r\u00e9f\u00e9rence \u00e0 son d\u00e9dicataire, le trompettiste n\u00e9erlandais Marco Blaauw qu\u2019\u00e0 la couleur bleue. \u2028","og_url":"https:\/\/www.ensembleintercontemporain.com\/fr\/2025\/06\/blaauw-sinjo-de-rebecca-saunders\/","og_site_name":"Ensemble intercontemporain","article_published_time":"2025-06-19T13:16:11+00:00","article_modified_time":"2025-06-19T13:17:42+00:00","og_image":[{"width":1920,"height":1280,"url":"https:\/\/www.ensembleintercontemporain.com\/content\/uploads\/2025\/06\/img0187cfranck-ferville.jpg","type":"image\/jpeg"}],"author":"Lucas Lipari-Mayer","twitter_card":"summary_large_image","twitter_misc":{"\u00c9crit par":"Lucas Lipari-Mayer","Dur\u00e9e de lecture estim\u00e9e":"3 minutes"},"schema":{"@context":"https:\/\/schema.org","@graph":[{"@type":"Article","@id":"https:\/\/www.ensembleintercontemporain.com\/fr\/2025\/06\/blaauw-sinjo-de-rebecca-saunders\/#article","isPartOf":{"@id":"https:\/\/www.ensembleintercontemporain.com\/fr\/2025\/06\/blaauw-sinjo-de-rebecca-saunders\/"},"author":{"name":"Lucas Lipari-Mayer","@id":"https:\/\/www.ensembleintercontemporain.com\/en\/#\/schema\/person\/9a3e710352d34e33855e4b780aea5dd8"},"headline":"\u00ab\u00a0Blaauw\/Sinjo\u00a0\u00bb de Rebecca Saunders.","datePublished":"2025-06-19T13:16:11+00:00","dateModified":"2025-06-19T13:17:42+00:00","mainEntityOfPage":{"@id":"https:\/\/www.ensembleintercontemporain.com\/fr\/2025\/06\/blaauw-sinjo-de-rebecca-saunders\/"},"wordCount":397,"image":{"@id":"https:\/\/www.ensembleintercontemporain.com\/fr\/2025\/06\/blaauw-sinjo-de-rebecca-saunders\/#primaryimage"},"thumbnailUrl":"https:\/\/www.ensembleintercontemporain.com\/content\/uploads\/2025\/06\/img0187cfranck-ferville.jpg","articleSection":["\u00c9clairage"],"inLanguage":"fr-FR"},{"@type":"WebPage","@id":"https:\/\/www.ensembleintercontemporain.com\/fr\/2025\/06\/blaauw-sinjo-de-rebecca-saunders\/","url":"https:\/\/www.ensembleintercontemporain.com\/fr\/2025\/06\/blaauw-sinjo-de-rebecca-saunders\/","name":"\"Blaauw\/Sinjo\" de Rebecca Saunders. - Ensemble intercontemporain","isPartOf":{"@id":"https:\/\/www.ensembleintercontemporain.com\/en\/#website"},"primaryImageOfPage":{"@id":"https:\/\/www.ensembleintercontemporain.com\/fr\/2025\/06\/blaauw-sinjo-de-rebecca-saunders\/#primaryimage"},"image":{"@id":"https:\/\/www.ensembleintercontemporain.com\/fr\/2025\/06\/blaauw-sinjo-de-rebecca-saunders\/#primaryimage"},"thumbnailUrl":"https:\/\/www.ensembleintercontemporain.com\/content\/uploads\/2025\/06\/img0187cfranck-ferville.jpg","datePublished":"2025-06-19T13:16:11+00:00","dateModified":"2025-06-19T13:17:42+00:00","author":{"@id":"https:\/\/www.ensembleintercontemporain.com\/en\/#\/schema\/person\/9a3e710352d34e33855e4b780aea5dd8"},"breadcrumb":{"@id":"https:\/\/www.ensembleintercontemporain.com\/fr\/2025\/06\/blaauw-sinjo-de-rebecca-saunders\/#breadcrumb"},"inLanguage":"fr-FR","potentialAction":[{"@type":"ReadAction","target":["https:\/\/www.ensembleintercontemporain.com\/fr\/2025\/06\/blaauw-sinjo-de-rebecca-saunders\/"]}]},{"@type":"ImageObject","inLanguage":"fr-FR","@id":"https:\/\/www.ensembleintercontemporain.com\/fr\/2025\/06\/blaauw-sinjo-de-rebecca-saunders\/#primaryimage","url":"https:\/\/www.ensembleintercontemporain.com\/content\/uploads\/2025\/06\/img0187cfranck-ferville.jpg","contentUrl":"https:\/\/www.ensembleintercontemporain.com\/content\/uploads\/2025\/06\/img0187cfranck-ferville.jpg","width":1920,"height":1280},{"@type":"BreadcrumbList","@id":"https:\/\/www.ensembleintercontemporain.com\/fr\/2025\/06\/blaauw-sinjo-de-rebecca-saunders\/#breadcrumb","itemListElement":[{"@type":"ListItem","position":1,"name":"Home","item":"https:\/\/www.ensembleintercontemporain.com\/fr\/"},{"@type":"ListItem","position":2,"name":"\u00ab\u00a0Blaauw\/Sinjo\u00a0\u00bb de Rebecca Saunders."}]},{"@type":"WebSite","@id":"https:\/\/www.ensembleintercontemporain.com\/en\/#website","url":"https:\/\/www.ensembleintercontemporain.com\/en\/","name":"Ensemble intercontemporain","description":"","potentialAction":[{"@type":"SearchAction","target":{"@type":"EntryPoint","urlTemplate":"https:\/\/www.ensembleintercontemporain.com\/en\/?s={search_term_string}"},"query-input":{"@type":"PropertyValueSpecification","valueRequired":true,"valueName":"search_term_string"}}],"inLanguage":"fr-FR"},{"@type":"Person","@id":"https:\/\/www.ensembleintercontemporain.com\/en\/#\/schema\/person\/9a3e710352d34e33855e4b780aea5dd8","name":"Lucas Lipari-Mayer","image":{"@type":"ImageObject","inLanguage":"fr-FR","@id":"https:\/\/secure.gravatar.com\/avatar\/4be1f05ce529d8f0a691f3a02244d487b45024a98abc0d4f135f3733966465a7?s=96&d=mm&r=g","url":"https:\/\/secure.gravatar.com\/avatar\/4be1f05ce529d8f0a691f3a02244d487b45024a98abc0d4f135f3733966465a7?s=96&d=mm&r=g","contentUrl":"https:\/\/secure.gravatar.com\/avatar\/4be1f05ce529d8f0a691f3a02244d487b45024a98abc0d4f135f3733966465a7?s=96&d=mm&r=g","caption":"Lucas Lipari-Mayer"},"url":"https:\/\/www.ensembleintercontemporain.com\/fr\/author\/l-liparimayer\/"}]}},"_links":{"self":[{"href":"https:\/\/www.ensembleintercontemporain.com\/fr\/wp-json\/wp\/v2\/posts\/29115\/"}],"collection":[{"href":"https:\/\/www.ensembleintercontemporain.com\/fr\/wp-json\/wp\/v2\/posts\/"}],"about":[{"href":"https:\/\/www.ensembleintercontemporain.com\/fr\/wp-json\/wp\/v2\/types\/post\/"}],"author":[{"embeddable":true,"href":"https:\/\/www.ensembleintercontemporain.com\/fr\/wp-json\/wp\/v2\/users\/182\/"}],"replies":[{"embeddable":true,"href":"https:\/\/www.ensembleintercontemporain.com\/fr\/wp-json\/wp\/v2\/comments\/?post=29115"}],"version-history":[{"count":9,"href":"https:\/\/www.ensembleintercontemporain.com\/fr\/wp-json\/wp\/v2\/posts\/29115\/revisions\/"}],"predecessor-version":[{"id":29128,"href":"https:\/\/www.ensembleintercontemporain.com\/fr\/wp-json\/wp\/v2\/posts\/29115\/revisions\/29128\/"}],"wp:featuredmedia":[{"embeddable":true,"href":"https:\/\/www.ensembleintercontemporain.com\/fr\/wp-json\/wp\/v2\/media\/29116\/"}],"wp:attachment":[{"href":"https:\/\/www.ensembleintercontemporain.com\/fr\/wp-json\/wp\/v2\/media\/?parent=29115"}],"wp:term":[{"taxonomy":"category","embeddable":true,"href":"https:\/\/www.ensembleintercontemporain.com\/fr\/wp-json\/wp\/v2\/categories\/?post=29115"},{"taxonomy":"post_tag","embeddable":true,"href":"https:\/\/www.ensembleintercontemporain.com\/fr\/wp-json\/wp\/v2\/tags\/?post=29115"}],"curies":[{"name":"wp","href":"https:\/\/api.w.org\/{rel}","templated":true}]}}