{"id":28794,"date":"2025-04-01T17:40:14","date_gmt":"2025-04-01T15:40:14","guid":{"rendered":"https:\/\/www.ensembleintercontemporain.com\/?p=28794"},"modified":"2025-04-14T11:54:10","modified_gmt":"2025-04-14T09:54:10","slug":"emmanuelle-ophele-for-philip-guston","status":"publish","type":"post","link":"https:\/\/www.ensembleintercontemporain.com\/fr\/2025\/04\/emmanuelle-ophele-for-philip-guston\/","title":{"rendered":"Emmanuelle Oph\u00e8le : \u00ab\u00a0For Philip Guston\u00a0\u00bb."},"content":{"rendered":"<p><img loading=\"lazy\" decoding=\"async\" class=\"aligncenter size-full wp-image-28866\" src=\"http:\/\/www.ensembleintercontemporain.com\/content\/uploads\/2025\/04\/emmanuelle-ophelecfranck-ferville-1-scaled.jpg\" alt=\"\" width=\"2560\" height=\"1727\" srcset=\"https:\/\/www.ensembleintercontemporain.com\/content\/uploads\/2025\/04\/emmanuelle-ophelecfranck-ferville-1-scaled.jpg 2560w, https:\/\/www.ensembleintercontemporain.com\/content\/uploads\/2025\/04\/emmanuelle-ophelecfranck-ferville-1-300x202.jpg 300w, https:\/\/www.ensembleintercontemporain.com\/content\/uploads\/2025\/04\/emmanuelle-ophelecfranck-ferville-1-1024x691.jpg 1024w, https:\/\/www.ensembleintercontemporain.com\/content\/uploads\/2025\/04\/emmanuelle-ophelecfranck-ferville-1-768x518.jpg 768w, https:\/\/www.ensembleintercontemporain.com\/content\/uploads\/2025\/04\/emmanuelle-ophelecfranck-ferville-1-1536x1036.jpg 1536w, https:\/\/www.ensembleintercontemporain.com\/content\/uploads\/2025\/04\/emmanuelle-ophelecfranck-ferville-1-2048x1381.jpg 2048w\" sizes=\"auto, (max-width: 2560px) 100vw, 2560px\" \/><\/p>\n<p><span style=\"color: #003366;\"><strong><span style=\"font-size: 12pt;\"><span style=\"font-size: 18pt;\">D<\/span><\/span>ans le cadre de l\u2019exposition \u00ab Corps et \u00e2mes \u00bb pr\u00e9sent\u00e9e \u00e0 la Bourse du Commerce, trois solistes y interpr\u00e8teront <a href=\"https:\/\/www.ensembleintercontemporain.com\/fr\/concert\/for-philip-guston-2025-04-15-19h00-paris\/\">le 15 avril<\/a> l\u2019une des \u0153uvres majeures du compositeur Morton Feldman, \u00e9crite en hommage \u00e0 son ami, le peintre am\u00e9ricain Philip Guston. D\u2019une dur\u00e9e de quatre heures, cette pi\u00e8ce repr\u00e9sente un v\u00e9ritable d\u00e9fi pour les musiciens, comme l\u2019explique la fl\u00fbtiste Emmanuelle Oph\u00e8le.<\/strong><\/span><\/p>\n<p><span style=\"font-size: 14pt;\">Quand on nous a propos\u00e9 de jouer <em>For Philip Guston<\/em> \u00e0 la Bourse du commerce, je n\u2019y ai pas cru. Jouer dans ce lieu magnifique ? Plus de quatre heures de musique ? C\u2019\u00e9tait pour moi une \u00e9vidence que l\u2019Ensemble devait r\u00e9pondre \u00e0 cette invitation. J\u2019ai tout de suite accept\u00e9, et il n\u2019en fallut pas plus pour convaincre Aur\u00e9lien Gignoux [percussionniste], qui en a parl\u00e9 \u00e0 son tour \u00e0 Ninon Hannecart-S\u00e9gal [pianiste], pour que le trio soit form\u00e9 !<\/span><\/p>\n<p><span style=\"font-size: 14pt;\">C\u2019est un projet fou, tr\u00e8s exp\u00e9rimental, qui joue sur les sensations des musiciens et des spectateurs. Aucun de nous n\u2019a d\u00e9j\u00e0 donn\u00e9 plus de quatre heures de musique sans interruption, c\u2019est une v\u00e9ritable performance. Le plus intriguant est qu\u2019au premier abord, la partition ne semble pas si difficile. Mais plus je la travaille, plus je me rends compte de sa difficult\u00e9. Pour \u00eatre honn\u00eate, je n\u2019ai jamais jou\u00e9 une pi\u00e8ce aussi difficile, en 38 ans ! La dur\u00e9e n\u2019est pas la seule en cause. Bien s\u00fbr, elle affecte la concentration des interpr\u00e8tes. Nous avons d\u00fb ajouter des rep\u00e8res temporels sur la partition, pour indiquer les 2h puis 3h de musique. Mais la pi\u00e8ce elle-m\u00eame est d\u2019une complexit\u00e9 rythmique d\u00e9concertante. Pendant plusieurs mesures, les trois musiciens ne partage jamais le m\u00eame rythme, et la premi\u00e8re note en commun n\u2019appara\u00eet qu&rsquo;au bout de huit mesures ! Juste le temps de v\u00e9rifier qu\u2019on est toujours au tempo, et de repartir\u2026<\/span><\/p>\n<p><span style=\"font-size: 14pt;\">\u00c0 ces micro-diff\u00e9rences rythmiques s\u2019ajoute, paradoxalement, une certaine forme de langueur, ou de longueur, qui cr\u00e9\u00e9 une impression de s\u00e9r\u00e9nit\u00e9. Certaines cellules sont r\u00e9p\u00e9t\u00e9es 3, 4 fois, \u00e0 l\u2019infini, et de cette r\u00e9p\u00e9tition na\u00eet comme une transe. La nuance pianissimo de la pi\u00e8ce y contribue fortement. Morton Feldman \u00e9crit <em>ppp<\/em> ; puis apr\u00e8s 3h de musique, <em>pppp<\/em>, comme pour nous rappeler que la r\u00e9sonnance du son doit rester tr\u00e8s intime. Elle invite le spectateur \u00e0 l\u2019introspection, \u00e0 la m\u00e9ditation, ou simplement au l\u00e2cher-prise.<\/span><\/p>\n<p><span style=\"font-size: 14pt;\">Pour nous, interpr\u00e8tes, elle nous force \u00e0 rester \u00e0 la fois tr\u00e8s concentr\u00e9s sur nos propres sensations, et tr\u00e8s connect\u00e9s aux autres. Nous puisons dans les \u00e9nergies des uns des autres. Si cette performance est tr\u00e8s physique, je ne veux pas laisser transpara\u00eetre de douleur ou de malaise, je pr\u00e9f\u00e8re d\u2019ailleurs jouer debout. Je voudrais arriver \u00e0 transmettre cette s\u00e9r\u00e9nit\u00e9, cette paix, pour offrir aux spectateurs cette exp\u00e9rience de la beaut\u00e9. La Bourse du commerce est un endroit parfait pour cela !<\/span><\/p>\n<p><img loading=\"lazy\" decoding=\"async\" class=\"aligncenter size-full wp-image-28799\" src=\"http:\/\/www.ensembleintercontemporain.com\/content\/uploads\/2025\/04\/domage-bdc-mars-2020-scaled.jpg\" alt=\"\" width=\"2560\" height=\"1683\" srcset=\"https:\/\/www.ensembleintercontemporain.com\/content\/uploads\/2025\/04\/domage-bdc-mars-2020-scaled.jpg 2560w, https:\/\/www.ensembleintercontemporain.com\/content\/uploads\/2025\/04\/domage-bdc-mars-2020-300x197.jpg 300w, https:\/\/www.ensembleintercontemporain.com\/content\/uploads\/2025\/04\/domage-bdc-mars-2020-1024x673.jpg 1024w, https:\/\/www.ensembleintercontemporain.com\/content\/uploads\/2025\/04\/domage-bdc-mars-2020-768x505.jpg 768w, https:\/\/www.ensembleintercontemporain.com\/content\/uploads\/2025\/04\/domage-bdc-mars-2020-1536x1010.jpg 1536w, https:\/\/www.ensembleintercontemporain.com\/content\/uploads\/2025\/04\/domage-bdc-mars-2020-2048x1346.jpg 2048w\" sizes=\"auto, (max-width: 2560px) 100vw, 2560px\" \/><\/p>\n<p>Photos : Emmanuelle Oph\u00e8le \u00a9 Franck Ferville \/ La Rotonde \u00a9 Bourse du commerce<\/p>\n","protected":false},"excerpt":{"rendered":"<p>Dans le cadre de l\u2019exposition \u00ab Corps et \u00e2mes \u00bb pr\u00e9sent\u00e9e \u00e0 la Bourse du Commerce, trois solistes y interpr\u00e8teront le 15 avril l\u2019une des \u0153uvres majeures du compositeur Morton Feldman, \u00e9crite en hommage \u00e0 son ami, le peintre am\u00e9ricain Philip Guston. D\u2019une dur\u00e9e de quatre heures, cette pi\u00e8ce repr\u00e9sente un v\u00e9ritable d\u00e9fi pour les musiciens, comme l\u2019explique la fl\u00fbtiste Emmanuelle Oph\u00e8le.<\/p>\n","protected":false},"author":129,"featured_media":28866,"comment_status":"closed","ping_status":"closed","sticky":false,"template":"","format":"standard","meta":{"_acf_changed":false,"footnotes":""},"categories":[102],"tags":[],"class_list":["post-28794","post","type-post","status-publish","format-standard","has-post-thumbnail","hentry","category-eclairage","concert-for-philip-guston"],"acf":[],"yoast_head":"<!-- This site is optimized with the Yoast SEO plugin v27.5 - https:\/\/yoast.com\/product\/yoast-seo-wordpress\/ -->\n<title>Emmanuelle Oph\u00e8le : &quot;For Philip Guston&quot;. - Ensemble intercontemporain<\/title>\n<meta name=\"robots\" content=\"index, follow, max-snippet:-1, max-image-preview:large, max-video-preview:-1\" \/>\n<link rel=\"canonical\" href=\"https:\/\/www.ensembleintercontemporain.com\/fr\/2025\/04\/emmanuelle-ophele-for-philip-guston\/\" \/>\n<meta property=\"og:locale\" content=\"fr_FR\" \/>\n<meta property=\"og:type\" content=\"article\" \/>\n<meta property=\"og:title\" content=\"Emmanuelle Oph\u00e8le : &quot;For Philip Guston&quot;. - Ensemble intercontemporain\" \/>\n<meta property=\"og:description\" content=\"Dans le cadre de l\u2019exposition \u00ab Corps et \u00e2mes \u00bb pr\u00e9sent\u00e9e \u00e0 la Bourse du Commerce, trois solistes y interpr\u00e8teront le 15 avril l\u2019une des \u0153uvres majeures du compositeur Morton Feldman, \u00e9crite en hommage \u00e0 son ami, le peintre am\u00e9ricain Philip Guston. D\u2019une dur\u00e9e de quatre heures, cette pi\u00e8ce repr\u00e9sente un v\u00e9ritable d\u00e9fi pour les musiciens, comme l\u2019explique la fl\u00fbtiste Emmanuelle Oph\u00e8le.\" \/>\n<meta property=\"og:url\" content=\"https:\/\/www.ensembleintercontemporain.com\/fr\/2025\/04\/emmanuelle-ophele-for-philip-guston\/\" \/>\n<meta property=\"og:site_name\" content=\"Ensemble intercontemporain\" \/>\n<meta property=\"article:published_time\" content=\"2025-04-01T15:40:14+00:00\" \/>\n<meta property=\"article:modified_time\" content=\"2025-04-14T09:54:10+00:00\" \/>\n<meta property=\"og:image\" content=\"https:\/\/www.ensembleintercontemporain.com\/content\/uploads\/2025\/04\/emmanuelle-ophelecfranck-ferville-1-scaled.jpg\" \/>\n\t<meta property=\"og:image:width\" content=\"2560\" \/>\n\t<meta property=\"og:image:height\" content=\"1727\" \/>\n\t<meta property=\"og:image:type\" content=\"image\/jpeg\" \/>\n<meta name=\"author\" content=\"Emmanuelle Oph\u00e8le\" \/>\n<meta name=\"twitter:card\" content=\"summary_large_image\" \/>\n<meta name=\"twitter:label1\" content=\"\u00c9crit par\" \/>\n\t<meta name=\"twitter:data1\" content=\"Emmanuelle Oph\u00e8le\" \/>\n\t<meta name=\"twitter:label2\" content=\"Dur\u00e9e de lecture estim\u00e9e\" \/>\n\t<meta name=\"twitter:data2\" content=\"4 minutes\" \/>\n<script type=\"application\/ld+json\" class=\"yoast-schema-graph\">{\"@context\":\"https:\\\/\\\/schema.org\",\"@graph\":[{\"@type\":\"Article\",\"@id\":\"https:\\\/\\\/www.ensembleintercontemporain.com\\\/fr\\\/2025\\\/04\\\/emmanuelle-ophele-for-philip-guston\\\/#article\",\"isPartOf\":{\"@id\":\"https:\\\/\\\/www.ensembleintercontemporain.com\\\/fr\\\/2025\\\/04\\\/emmanuelle-ophele-for-philip-guston\\\/\"},\"author\":{\"name\":\"Emmanuelle Oph\u00e8le\",\"@id\":\"https:\\\/\\\/www.ensembleintercontemporain.com\\\/en\\\/#\\\/schema\\\/person\\\/f89915738451d30e9d9ea3525bf011db\"},\"headline\":\"Emmanuelle Oph\u00e8le : \u00ab\u00a0For Philip Guston\u00a0\u00bb.\",\"datePublished\":\"2025-04-01T15:40:14+00:00\",\"dateModified\":\"2025-04-14T09:54:10+00:00\",\"mainEntityOfPage\":{\"@id\":\"https:\\\/\\\/www.ensembleintercontemporain.com\\\/fr\\\/2025\\\/04\\\/emmanuelle-ophele-for-philip-guston\\\/\"},\"wordCount\":535,\"image\":{\"@id\":\"https:\\\/\\\/www.ensembleintercontemporain.com\\\/fr\\\/2025\\\/04\\\/emmanuelle-ophele-for-philip-guston\\\/#primaryimage\"},\"thumbnailUrl\":\"https:\\\/\\\/www.ensembleintercontemporain.com\\\/content\\\/uploads\\\/2025\\\/04\\\/emmanuelle-ophelecfranck-ferville-1-scaled.jpg\",\"articleSection\":[\"\u00c9clairage\"],\"inLanguage\":\"fr-FR\"},{\"@type\":\"WebPage\",\"@id\":\"https:\\\/\\\/www.ensembleintercontemporain.com\\\/fr\\\/2025\\\/04\\\/emmanuelle-ophele-for-philip-guston\\\/\",\"url\":\"https:\\\/\\\/www.ensembleintercontemporain.com\\\/fr\\\/2025\\\/04\\\/emmanuelle-ophele-for-philip-guston\\\/\",\"name\":\"Emmanuelle Oph\u00e8le : \\\"For Philip Guston\\\". - Ensemble intercontemporain\",\"isPartOf\":{\"@id\":\"https:\\\/\\\/www.ensembleintercontemporain.com\\\/en\\\/#website\"},\"primaryImageOfPage\":{\"@id\":\"https:\\\/\\\/www.ensembleintercontemporain.com\\\/fr\\\/2025\\\/04\\\/emmanuelle-ophele-for-philip-guston\\\/#primaryimage\"},\"image\":{\"@id\":\"https:\\\/\\\/www.ensembleintercontemporain.com\\\/fr\\\/2025\\\/04\\\/emmanuelle-ophele-for-philip-guston\\\/#primaryimage\"},\"thumbnailUrl\":\"https:\\\/\\\/www.ensembleintercontemporain.com\\\/content\\\/uploads\\\/2025\\\/04\\\/emmanuelle-ophelecfranck-ferville-1-scaled.jpg\",\"datePublished\":\"2025-04-01T15:40:14+00:00\",\"dateModified\":\"2025-04-14T09:54:10+00:00\",\"author\":{\"@id\":\"https:\\\/\\\/www.ensembleintercontemporain.com\\\/en\\\/#\\\/schema\\\/person\\\/f89915738451d30e9d9ea3525bf011db\"},\"breadcrumb\":{\"@id\":\"https:\\\/\\\/www.ensembleintercontemporain.com\\\/fr\\\/2025\\\/04\\\/emmanuelle-ophele-for-philip-guston\\\/#breadcrumb\"},\"inLanguage\":\"fr-FR\",\"potentialAction\":[{\"@type\":\"ReadAction\",\"target\":[\"https:\\\/\\\/www.ensembleintercontemporain.com\\\/fr\\\/2025\\\/04\\\/emmanuelle-ophele-for-philip-guston\\\/\"]}]},{\"@type\":\"ImageObject\",\"inLanguage\":\"fr-FR\",\"@id\":\"https:\\\/\\\/www.ensembleintercontemporain.com\\\/fr\\\/2025\\\/04\\\/emmanuelle-ophele-for-philip-guston\\\/#primaryimage\",\"url\":\"https:\\\/\\\/www.ensembleintercontemporain.com\\\/content\\\/uploads\\\/2025\\\/04\\\/emmanuelle-ophelecfranck-ferville-1-scaled.jpg\",\"contentUrl\":\"https:\\\/\\\/www.ensembleintercontemporain.com\\\/content\\\/uploads\\\/2025\\\/04\\\/emmanuelle-ophelecfranck-ferville-1-scaled.jpg\",\"width\":2560,\"height\":1727},{\"@type\":\"BreadcrumbList\",\"@id\":\"https:\\\/\\\/www.ensembleintercontemporain.com\\\/fr\\\/2025\\\/04\\\/emmanuelle-ophele-for-philip-guston\\\/#breadcrumb\",\"itemListElement\":[{\"@type\":\"ListItem\",\"position\":1,\"name\":\"Home\",\"item\":\"https:\\\/\\\/www.ensembleintercontemporain.com\\\/fr\\\/\"},{\"@type\":\"ListItem\",\"position\":2,\"name\":\"Emmanuelle Oph\u00e8le : \u00ab\u00a0For Philip Guston\u00a0\u00bb.\"}]},{\"@type\":\"WebSite\",\"@id\":\"https:\\\/\\\/www.ensembleintercontemporain.com\\\/en\\\/#website\",\"url\":\"https:\\\/\\\/www.ensembleintercontemporain.com\\\/en\\\/\",\"name\":\"Ensemble intercontemporain\",\"description\":\"\",\"potentialAction\":[{\"@type\":\"SearchAction\",\"target\":{\"@type\":\"EntryPoint\",\"urlTemplate\":\"https:\\\/\\\/www.ensembleintercontemporain.com\\\/en\\\/?s={search_term_string}\"},\"query-input\":{\"@type\":\"PropertyValueSpecification\",\"valueRequired\":true,\"valueName\":\"search_term_string\"}}],\"inLanguage\":\"fr-FR\"},{\"@type\":\"Person\",\"@id\":\"https:\\\/\\\/www.ensembleintercontemporain.com\\\/en\\\/#\\\/schema\\\/person\\\/f89915738451d30e9d9ea3525bf011db\",\"name\":\"Emmanuelle Oph\u00e8le\",\"image\":{\"@type\":\"ImageObject\",\"inLanguage\":\"fr-FR\",\"@id\":\"https:\\\/\\\/secure.gravatar.com\\\/avatar\\\/627d5f20a28069f3d7948f18b226ed9eac763aecb6cba371005265f5d818f401?s=96&d=mm&r=g\",\"url\":\"https:\\\/\\\/secure.gravatar.com\\\/avatar\\\/627d5f20a28069f3d7948f18b226ed9eac763aecb6cba371005265f5d818f401?s=96&d=mm&r=g\",\"contentUrl\":\"https:\\\/\\\/secure.gravatar.com\\\/avatar\\\/627d5f20a28069f3d7948f18b226ed9eac763aecb6cba371005265f5d818f401?s=96&d=mm&r=g\",\"caption\":\"Emmanuelle Oph\u00e8le\"},\"url\":\"https:\\\/\\\/www.ensembleintercontemporain.com\\\/fr\\\/author\\\/ophele\\\/\"}]}<\/script>\n<!-- \/ Yoast SEO plugin. -->","yoast_head_json":{"title":"Emmanuelle Oph\u00e8le : \"For Philip Guston\". - Ensemble intercontemporain","robots":{"index":"index","follow":"follow","max-snippet":"max-snippet:-1","max-image-preview":"max-image-preview:large","max-video-preview":"max-video-preview:-1"},"canonical":"https:\/\/www.ensembleintercontemporain.com\/fr\/2025\/04\/emmanuelle-ophele-for-philip-guston\/","og_locale":"fr_FR","og_type":"article","og_title":"Emmanuelle Oph\u00e8le : \"For Philip Guston\". - Ensemble intercontemporain","og_description":"Dans le cadre de l\u2019exposition \u00ab Corps et \u00e2mes \u00bb pr\u00e9sent\u00e9e \u00e0 la Bourse du Commerce, trois solistes y interpr\u00e8teront le 15 avril l\u2019une des \u0153uvres majeures du compositeur Morton Feldman, \u00e9crite en hommage \u00e0 son ami, le peintre am\u00e9ricain Philip Guston. D\u2019une dur\u00e9e de quatre heures, cette pi\u00e8ce repr\u00e9sente un v\u00e9ritable d\u00e9fi pour les musiciens, comme l\u2019explique la fl\u00fbtiste Emmanuelle Oph\u00e8le.","og_url":"https:\/\/www.ensembleintercontemporain.com\/fr\/2025\/04\/emmanuelle-ophele-for-philip-guston\/","og_site_name":"Ensemble intercontemporain","article_published_time":"2025-04-01T15:40:14+00:00","article_modified_time":"2025-04-14T09:54:10+00:00","og_image":[{"width":2560,"height":1727,"url":"https:\/\/www.ensembleintercontemporain.com\/content\/uploads\/2025\/04\/emmanuelle-ophelecfranck-ferville-1-scaled.jpg","type":"image\/jpeg"}],"author":"Emmanuelle Oph\u00e8le","twitter_card":"summary_large_image","twitter_misc":{"\u00c9crit par":"Emmanuelle Oph\u00e8le","Dur\u00e9e de lecture estim\u00e9e":"4 minutes"},"schema":{"@context":"https:\/\/schema.org","@graph":[{"@type":"Article","@id":"https:\/\/www.ensembleintercontemporain.com\/fr\/2025\/04\/emmanuelle-ophele-for-philip-guston\/#article","isPartOf":{"@id":"https:\/\/www.ensembleintercontemporain.com\/fr\/2025\/04\/emmanuelle-ophele-for-philip-guston\/"},"author":{"name":"Emmanuelle Oph\u00e8le","@id":"https:\/\/www.ensembleintercontemporain.com\/en\/#\/schema\/person\/f89915738451d30e9d9ea3525bf011db"},"headline":"Emmanuelle Oph\u00e8le : \u00ab\u00a0For Philip Guston\u00a0\u00bb.","datePublished":"2025-04-01T15:40:14+00:00","dateModified":"2025-04-14T09:54:10+00:00","mainEntityOfPage":{"@id":"https:\/\/www.ensembleintercontemporain.com\/fr\/2025\/04\/emmanuelle-ophele-for-philip-guston\/"},"wordCount":535,"image":{"@id":"https:\/\/www.ensembleintercontemporain.com\/fr\/2025\/04\/emmanuelle-ophele-for-philip-guston\/#primaryimage"},"thumbnailUrl":"https:\/\/www.ensembleintercontemporain.com\/content\/uploads\/2025\/04\/emmanuelle-ophelecfranck-ferville-1-scaled.jpg","articleSection":["\u00c9clairage"],"inLanguage":"fr-FR"},{"@type":"WebPage","@id":"https:\/\/www.ensembleintercontemporain.com\/fr\/2025\/04\/emmanuelle-ophele-for-philip-guston\/","url":"https:\/\/www.ensembleintercontemporain.com\/fr\/2025\/04\/emmanuelle-ophele-for-philip-guston\/","name":"Emmanuelle Oph\u00e8le : \"For Philip Guston\". - Ensemble intercontemporain","isPartOf":{"@id":"https:\/\/www.ensembleintercontemporain.com\/en\/#website"},"primaryImageOfPage":{"@id":"https:\/\/www.ensembleintercontemporain.com\/fr\/2025\/04\/emmanuelle-ophele-for-philip-guston\/#primaryimage"},"image":{"@id":"https:\/\/www.ensembleintercontemporain.com\/fr\/2025\/04\/emmanuelle-ophele-for-philip-guston\/#primaryimage"},"thumbnailUrl":"https:\/\/www.ensembleintercontemporain.com\/content\/uploads\/2025\/04\/emmanuelle-ophelecfranck-ferville-1-scaled.jpg","datePublished":"2025-04-01T15:40:14+00:00","dateModified":"2025-04-14T09:54:10+00:00","author":{"@id":"https:\/\/www.ensembleintercontemporain.com\/en\/#\/schema\/person\/f89915738451d30e9d9ea3525bf011db"},"breadcrumb":{"@id":"https:\/\/www.ensembleintercontemporain.com\/fr\/2025\/04\/emmanuelle-ophele-for-philip-guston\/#breadcrumb"},"inLanguage":"fr-FR","potentialAction":[{"@type":"ReadAction","target":["https:\/\/www.ensembleintercontemporain.com\/fr\/2025\/04\/emmanuelle-ophele-for-philip-guston\/"]}]},{"@type":"ImageObject","inLanguage":"fr-FR","@id":"https:\/\/www.ensembleintercontemporain.com\/fr\/2025\/04\/emmanuelle-ophele-for-philip-guston\/#primaryimage","url":"https:\/\/www.ensembleintercontemporain.com\/content\/uploads\/2025\/04\/emmanuelle-ophelecfranck-ferville-1-scaled.jpg","contentUrl":"https:\/\/www.ensembleintercontemporain.com\/content\/uploads\/2025\/04\/emmanuelle-ophelecfranck-ferville-1-scaled.jpg","width":2560,"height":1727},{"@type":"BreadcrumbList","@id":"https:\/\/www.ensembleintercontemporain.com\/fr\/2025\/04\/emmanuelle-ophele-for-philip-guston\/#breadcrumb","itemListElement":[{"@type":"ListItem","position":1,"name":"Home","item":"https:\/\/www.ensembleintercontemporain.com\/fr\/"},{"@type":"ListItem","position":2,"name":"Emmanuelle Oph\u00e8le : \u00ab\u00a0For Philip Guston\u00a0\u00bb."}]},{"@type":"WebSite","@id":"https:\/\/www.ensembleintercontemporain.com\/en\/#website","url":"https:\/\/www.ensembleintercontemporain.com\/en\/","name":"Ensemble intercontemporain","description":"","potentialAction":[{"@type":"SearchAction","target":{"@type":"EntryPoint","urlTemplate":"https:\/\/www.ensembleintercontemporain.com\/en\/?s={search_term_string}"},"query-input":{"@type":"PropertyValueSpecification","valueRequired":true,"valueName":"search_term_string"}}],"inLanguage":"fr-FR"},{"@type":"Person","@id":"https:\/\/www.ensembleintercontemporain.com\/en\/#\/schema\/person\/f89915738451d30e9d9ea3525bf011db","name":"Emmanuelle Oph\u00e8le","image":{"@type":"ImageObject","inLanguage":"fr-FR","@id":"https:\/\/secure.gravatar.com\/avatar\/627d5f20a28069f3d7948f18b226ed9eac763aecb6cba371005265f5d818f401?s=96&d=mm&r=g","url":"https:\/\/secure.gravatar.com\/avatar\/627d5f20a28069f3d7948f18b226ed9eac763aecb6cba371005265f5d818f401?s=96&d=mm&r=g","contentUrl":"https:\/\/secure.gravatar.com\/avatar\/627d5f20a28069f3d7948f18b226ed9eac763aecb6cba371005265f5d818f401?s=96&d=mm&r=g","caption":"Emmanuelle Oph\u00e8le"},"url":"https:\/\/www.ensembleintercontemporain.com\/fr\/author\/ophele\/"}]}},"_links":{"self":[{"href":"https:\/\/www.ensembleintercontemporain.com\/fr\/wp-json\/wp\/v2\/posts\/28794\/"}],"collection":[{"href":"https:\/\/www.ensembleintercontemporain.com\/fr\/wp-json\/wp\/v2\/posts\/"}],"about":[{"href":"https:\/\/www.ensembleintercontemporain.com\/fr\/wp-json\/wp\/v2\/types\/post\/"}],"author":[{"embeddable":true,"href":"https:\/\/www.ensembleintercontemporain.com\/fr\/wp-json\/wp\/v2\/users\/129\/"}],"replies":[{"embeddable":true,"href":"https:\/\/www.ensembleintercontemporain.com\/fr\/wp-json\/wp\/v2\/comments\/?post=28794"}],"version-history":[{"count":7,"href":"https:\/\/www.ensembleintercontemporain.com\/fr\/wp-json\/wp\/v2\/posts\/28794\/revisions\/"}],"predecessor-version":[{"id":28880,"href":"https:\/\/www.ensembleintercontemporain.com\/fr\/wp-json\/wp\/v2\/posts\/28794\/revisions\/28880\/"}],"wp:featuredmedia":[{"embeddable":true,"href":"https:\/\/www.ensembleintercontemporain.com\/fr\/wp-json\/wp\/v2\/media\/28866\/"}],"wp:attachment":[{"href":"https:\/\/www.ensembleintercontemporain.com\/fr\/wp-json\/wp\/v2\/media\/?parent=28794"}],"wp:term":[{"taxonomy":"category","embeddable":true,"href":"https:\/\/www.ensembleintercontemporain.com\/fr\/wp-json\/wp\/v2\/categories\/?post=28794"},{"taxonomy":"post_tag","embeddable":true,"href":"https:\/\/www.ensembleintercontemporain.com\/fr\/wp-json\/wp\/v2\/tags\/?post=28794"}],"curies":[{"name":"wp","href":"https:\/\/api.w.org\/{rel}","templated":true}]}}