{"id":28695,"date":"2025-04-01T17:22:10","date_gmt":"2025-04-01T15:22:10","guid":{"rendered":"https:\/\/www.ensembleintercontemporain.com\/?p=28695"},"modified":"2025-04-01T17:28:56","modified_gmt":"2025-04-01T15:28:56","slug":"vortex-de-son-et-dimages-entretien-avec-thomas-penanguer-videaste-et-scenographe","status":"publish","type":"post","link":"https:\/\/www.ensembleintercontemporain.com\/fr\/2025\/04\/vortex-de-son-et-dimages-entretien-avec-thomas-penanguer-videaste-et-scenographe\/","title":{"rendered":"Vortex de son et d\u2019images. Entretien avec Thomas Penanguer, vid\u00e9aste et sc\u00e9nographe."},"content":{"rendered":"<p><span style=\"color: #003366;\"><strong><span style=\"font-size: 12pt;\"><img loading=\"lazy\" decoding=\"async\" class=\"aligncenter size-full wp-image-28696\" src=\"http:\/\/www.ensembleintercontemporain.com\/content\/uploads\/2025\/03\/uf4a7250-steff-saint-e.jpg\" alt=\"\" width=\"1920\" height=\"1280\" srcset=\"https:\/\/www.ensembleintercontemporain.com\/content\/uploads\/2025\/03\/uf4a7250-steff-saint-e.jpg 1920w, https:\/\/www.ensembleintercontemporain.com\/content\/uploads\/2025\/03\/uf4a7250-steff-saint-e-300x200.jpg 300w, https:\/\/www.ensembleintercontemporain.com\/content\/uploads\/2025\/03\/uf4a7250-steff-saint-e-1024x683.jpg 1024w, https:\/\/www.ensembleintercontemporain.com\/content\/uploads\/2025\/03\/uf4a7250-steff-saint-e-768x512.jpg 768w, https:\/\/www.ensembleintercontemporain.com\/content\/uploads\/2025\/03\/uf4a7250-steff-saint-e-1536x1024.jpg 1536w\" sizes=\"auto, (max-width: 1920px) 100vw, 1920px\" \/><br \/>\n<span style=\"font-size: 18pt;\">L<\/span><\/span>e <a href=\"https:\/\/www.ensembleintercontemporain.com\/fr\/concert\/tongyeong-international-music-festival-2025-04-04-20h00-tongyeong\/\">4 avril prochain<\/a>, dans le cadre du Tongyeong International Music Festival en Cor\u00e9e du Sud, les solistes de l\u2019EIC interpr\u00e9teront un chef-d&rsquo;\u0153uvre de G\u00e9rard Grisey : <em>Vortex Temporum<\/em>. Mais, cette fois-ci, ce classique du mouvement spectral sera enrichi d&rsquo;une cr\u00e9ation vid\u00e9o r\u00e9alis\u00e9e par Thomas P\u00e9nanguer. Le sc\u00e9nographe, vid\u00e9aste et plasticien fran\u00e7ais l\u00e8ve le voile sur les dessous de son travail.<\/strong><\/span><\/p>\n<p><strong>Thomas, quelle place occupe la musique, et surtout la musique contemporaine, dans votre quotidien cr\u00e9atif ?<\/strong><br \/>\n<span style=\"font-size: 14pt;\">Ma pratique de plasticien \u00e0 crois\u00e9 la cr\u00e9ation musicale contemporaine voil\u00e0 une dizaine d\u2019ann\u00e9es avec l\u2019Ensemble Flashback de Perpignan. Ce fut \u00e0 la fois une initiation, la naissance d&rsquo;une collaboration au long cours en cr\u00e9ation vid\u00e9o, et une fabuleuse rencontre avec des compositeurs tel que Jesper Nordin, Jacopo Baboni-Schilingi, Alexander Vert, Lara Morciano et de nombreux interpr\u00e8tes comme Diego Tosi, Odile Auboin ou Nicolas Crosse, d\u00e9j\u00e0\u2026 Au fil du temps j&rsquo;ai d\u00e9velopp\u00e9 des outils de cr\u00e9ation technique et r\u00e9flexif adapt\u00e9s \u00e0 la sc\u00e8ne musicale contemporaine et depuis. Ce projet avec l\u2019EIC sur <em>Vortex Temporum<\/em> de G\u00e9rard Grisey me permet de poursuivre cette exploration.\u00a0\u00a0 \u00a0\u2028<\/span><\/p>\n<p><strong>De quel genre d\u2019outils de cr\u00e9ation technique et r\u00e9flexif s\u2019agit-il\u00a0?<\/strong><br \/>\n<span style=\"font-size: 14pt;\">Au fil de mes exp\u00e9riences en contact avec le monde de la musique contemporaine mes modalit\u00e9s\u00a0de cr\u00e9ation vid\u00e9o pour la sc\u00e8ne ont \u00e9volu\u00e9. D\u2019un point de vue technique, j\u2019utilise la captation sonore ou gestuelle des interpr\u00e8tes afin d\u2019\u00e9tablir une relation en temps r\u00e9el et ainsi de cr\u00e9er une sorte de lutherie visuelle, et de faire \u00ab\u00a0sonner\u00a0\u00bb les images d\u2019un instrument augment\u00e9. Les avanc\u00e9es technologiques, alli\u00e9es aux techniques sc\u00e9nographiques,\u00a0ouvrent \u00e9galement de nombreuses possibilit\u00e9s de cr\u00e9ation mais aussi d\u2019adaptation aux diff\u00e9rentes exigences des productions. Je destine mes images \u00e0 des dispositifs immersifs, entre projection sur tulle, pepperghost[1], r\u00e9alit\u00e9 virtuelle, et chaque nouvelle cr\u00e9ation devient un espace exp\u00e9rimental sc\u00e9nographique et visuel.<\/span><br \/>\n<span style=\"font-size: 14pt;\">\u2028Comment avez-vous proc\u00e9d\u00e9 ? Quelle a \u00e9t\u00e9 votre \u00ab\u00a0porte d\u2019entr\u00e9e\u00a0\u00bb dans l\u2019\u0153uvre pour commencer \u00e0 travailler ?<\/span><br \/>\n<span style=\"font-size: 14pt;\">Dans le cadre d\u2019une commande, je proc\u00e8de par une premi\u00e8re \u00e9coute\u00a0intuitive de la pi\u00e8ce, compl\u00e9t\u00e9e en prenant connaissance de toute la documentation disponible. Puis la cr\u00e9ation de mati\u00e8res visuelles commence en me plongeant dans la partie la plus sensible de mes propres perceptions. L\u2019analyse structurelle et temporelle de l\u2019\u0153uvre sert ensuite aux r\u00e9solutions techniques inh\u00e9rentes\u00a0\u00e0 la projection vid\u00e9o pour la sc\u00e8ne.<\/span><\/p>\n<p><strong><img loading=\"lazy\" decoding=\"async\" class=\"alignleft size-full wp-image-28700\" src=\"http:\/\/www.ensembleintercontemporain.com\/content\/uploads\/2025\/03\/ggriseyvivien-250x250-1.jpg\" alt=\"\" width=\"250\" height=\"257\" \/>L\u2019approche \u00ab spectrale \u00bb de la composition de Grisey vous a-t-elle inspir\u00e9 ? Avez-vous tent\u00e9 d\u2019en transposer certains outils ou aspects \u00e0 vos m\u00e9thodes de travail ?<\/strong><br \/>\n<span style=\"font-size: 14pt;\">Dans la r\u00e9alisation vid\u00e9o pour la sc\u00e8ne musicale contemporaine, chaque rencontre avec l\u2019\u0153uvre d\u2019un compositeur est l\u2019occasion de d\u00e9couvrir de nouvelles approches et d\u2019enrichir et mettre en \u0153uvre mes outils de cr\u00e9ation. Les univers et textures que <em>Vortex Temporum<\/em> m\u2019a inspir\u00e9s sont \u00e9videmment li\u00e9s aux processus musicaux utilis\u00e9s par Gerard Grisey.<\/span><br \/>\n<span style=\"font-size: 14pt;\">Du point de vue technique, j\u2019utilise ici une captation par microphone des interpr\u00e8tes pour g\u00e9n\u00e9rer les textures vid\u00e9o. La projection se trouve ainsi enti\u00e8rement li\u00e9e aux tessitures, attaques et enveloppes des parties instrumentales, de sorte que le proc\u00e9d\u00e9 du compositeur se traduit \u00e0 l\u2019image en temps r\u00e9el selon les param\u00e8tres visuels que je choisis d\u2019exploiter. Les mati\u00e8res et formes color\u00e9es et abstraites s\u2019entrem\u00ealent au paysage musical port\u00e9 par les musiciens, cr\u00e9ant des visuels anim\u00e9s mat\u00e9rialisant les sensations g\u00e9n\u00e9r\u00e9es par les trajectoires, dur\u00e9e et intensit\u00e9 du discours musical, renforc\u00e9es par des effets de feedback et de miroir.<\/span><\/p>\n<p><strong> Comment avez-vous envisag\u00e9 l\u2019articulation entre le discours musical et votre discours visuel, \u00e0 la fois en termes de synchronicit\u00e9, mais aussi de contrepoint et de contraste ? Le visuel est une dimension qui phagocyte parfois l\u2019attention du public au d\u00e9triment des autres sens : comment laisser une place \u00e0 la musique ?<br \/>\n<\/strong><span style=\"font-size: 14pt;\">Apr\u00e8s avoir lu les documents concernant <em>Vortex temporum<\/em>, je me suis appuy\u00e9\u00a0sur la description des trois mondes, humains, baleines, insectes, m\u2019int\u00e9ressant \u00e0 la place de la lumi\u00e8re et du mouvement dans chacun de ces univers mat\u00e9riels. Chaque partie correspond donc \u00e0 la cr\u00e9ation d\u2019un spectre visuel dynamique diff\u00e9rent. Ma proposition se veut ainsi une mise en abyme de ces trois dimensions symboliques\u00a0: le temps des humains, d\u2019abord, o\u00f9 l\u2019on alterne entre musique et vid\u00e9o\u00a0; le royaume des baleines, ensuite, o\u00f9 la r\u00eaverie plonge dans la mati\u00e8re aquatique de l\u2019onirisme\u00a0; le monde des insectes, enfin, qui se manifeste par des fr\u00e9missements ponctu\u00e9s d\u2019envol\u00e9es al\u00e9atoires et d\u2019\u00e9clats de lumi\u00e8re. L\u2019art vid\u00e9o dans le contexte sc\u00e9nique est une dramaturgie de lumi\u00e8re, en l\u2019occurrence une plong\u00e9e profonde dans un monde d\u2019imagination inlassablement en mouvement, \u00e0 la fois doux et tourment\u00e9, silencieux et chaotique, comme aspir\u00e9 par les mati\u00e8res sonores et visuelles entrelac\u00e9es de <em>Vortex Temporum<\/em>.<\/span><br \/>\n<span style=\"font-size: 14pt;\">La proposition de cette collaboration avec l\u2019EIC est bien s\u00fbr de trouver l\u2019\u00e9quilibre sc\u00e9nique entre les interpr\u00e8tes, la projection visuelle et l\u2019\u0153uvre de G\u00e9rard Grisey pour donner \u00e0 entendre et \u00e0 voir autant les \u00e9clats que les silences.<\/span><\/p>\n<p style=\"text-align: center;\"><img loading=\"lazy\" decoding=\"async\" class=\"aligncenter wp-image-28753\" src=\"http:\/\/www.ensembleintercontemporain.com\/content\/uploads\/2025\/03\/vortext-tap-img-3.png\" alt=\"\" width=\"900\" height=\"505\" srcset=\"https:\/\/www.ensembleintercontemporain.com\/content\/uploads\/2025\/03\/vortext-tap-img-3.png 1914w, https:\/\/www.ensembleintercontemporain.com\/content\/uploads\/2025\/03\/vortext-tap-img-3-300x168.png 300w, https:\/\/www.ensembleintercontemporain.com\/content\/uploads\/2025\/03\/vortext-tap-img-3-1024x575.png 1024w, https:\/\/www.ensembleintercontemporain.com\/content\/uploads\/2025\/03\/vortext-tap-img-3-768x431.png 768w, https:\/\/www.ensembleintercontemporain.com\/content\/uploads\/2025\/03\/vortext-tap-img-3-1536x862.png 1536w\" sizes=\"auto, (max-width: 900px) 100vw, 900px\" \/>Esquisse visuelle pour <em>Vortex Temporum<\/em> de G\u00e9rard Grisey<\/p>\n<p>&nbsp;<\/p>\n<p><a href=\"https:\/\/www.thomas-penanguer.fr\">En savoir plus sur Thomas Penanguer\u00a0<\/a><\/p>\n<p>[1] Pepperghost ou spectre de Pepper\u00a0: illusion d\u2019optique utilisant une plaque semi-r\u00e9fl\u00e9chissante (verre m\u00e9tallis\u00e9 ou film plastique) et des techniques d\u2019\u00e9clairage particuli\u00e8res.<\/p>\n<p>Photos (de haut en bas) : \u00a0Thomas Penanguer \u00a9 Steff Saint E \/ G\u00e9rard Grisey \u00a9 Vivien<\/p>\n","protected":false},"excerpt":{"rendered":"<p>Le 4 avril prochain, dans le cadre du Tongyeong International Music Festival en Cor\u00e9e du Sud, les solistes de l\u2019EIC interpr\u00e9teront un chef-d&rsquo;\u0153uvre de G\u00e9rard Grisey : Vortex Temporum. Mais, cette fois-ci, ce classique du mouvement spectral sera enrichi d&rsquo;une cr\u00e9ation vid\u00e9o r\u00e9alis\u00e9e par Thomas P\u00e9nanguer. Le sc\u00e9nographe, vid\u00e9aste et plasticien fran\u00e7ais l\u00e8ve le voile sur les dessous de son travail.<\/p>\n","protected":false},"author":106,"featured_media":28696,"comment_status":"closed","ping_status":"closed","sticky":false,"template":"","format":"standard","meta":{"_acf_changed":false,"footnotes":""},"categories":[4],"tags":[40,369],"class_list":["post-28695","post","type-post","status-publish","format-standard","has-post-thumbnail","hentry","category-entretiens","tag-gerard-grisey","tag-video","concert-tongyeong-international-music-festival"],"acf":[],"yoast_head":"<!-- This site is optimized with the Yoast SEO plugin v27.5 - https:\/\/yoast.com\/product\/yoast-seo-wordpress\/ -->\n<title>Vortex de son et d\u2019images. Entretien avec Thomas Penanguer, vid\u00e9aste et sc\u00e9nographe. - Ensemble intercontemporain<\/title>\n<meta name=\"robots\" content=\"index, follow, max-snippet:-1, max-image-preview:large, max-video-preview:-1\" \/>\n<link rel=\"canonical\" href=\"https:\/\/www.ensembleintercontemporain.com\/fr\/2025\/04\/vortex-de-son-et-dimages-entretien-avec-thomas-penanguer-videaste-et-scenographe\/\" \/>\n<meta property=\"og:locale\" content=\"fr_FR\" \/>\n<meta property=\"og:type\" content=\"article\" \/>\n<meta property=\"og:title\" content=\"Vortex de son et d\u2019images. Entretien avec Thomas Penanguer, vid\u00e9aste et sc\u00e9nographe. - Ensemble intercontemporain\" \/>\n<meta property=\"og:description\" content=\"Le 4 avril prochain, dans le cadre du Tongyeong International Music Festival en Cor\u00e9e du Sud, les solistes de l\u2019EIC interpr\u00e9teront un chef-d&#039;\u0153uvre de G\u00e9rard Grisey : Vortex Temporum. Mais, cette fois-ci, ce classique du mouvement spectral sera enrichi d&#039;une cr\u00e9ation vid\u00e9o r\u00e9alis\u00e9e par Thomas P\u00e9nanguer. Le sc\u00e9nographe, vid\u00e9aste et plasticien fran\u00e7ais l\u00e8ve le voile sur les dessous de son travail.\" \/>\n<meta property=\"og:url\" content=\"https:\/\/www.ensembleintercontemporain.com\/fr\/2025\/04\/vortex-de-son-et-dimages-entretien-avec-thomas-penanguer-videaste-et-scenographe\/\" \/>\n<meta property=\"og:site_name\" content=\"Ensemble intercontemporain\" \/>\n<meta property=\"article:published_time\" content=\"2025-04-01T15:22:10+00:00\" \/>\n<meta property=\"article:modified_time\" content=\"2025-04-01T15:28:56+00:00\" \/>\n<meta property=\"og:image\" content=\"https:\/\/www.ensembleintercontemporain.com\/content\/uploads\/2025\/03\/uf4a7250-steff-saint-e.jpg\" \/>\n\t<meta property=\"og:image:width\" content=\"1920\" \/>\n\t<meta property=\"og:image:height\" content=\"1280\" \/>\n\t<meta property=\"og:image:type\" content=\"image\/jpeg\" \/>\n<meta name=\"author\" content=\"Lou Madjar\" \/>\n<meta name=\"twitter:card\" content=\"summary_large_image\" \/>\n<meta name=\"twitter:label1\" content=\"\u00c9crit par\" \/>\n\t<meta name=\"twitter:data1\" content=\"Lou Madjar\" \/>\n\t<meta name=\"twitter:label2\" content=\"Dur\u00e9e de lecture estim\u00e9e\" \/>\n\t<meta name=\"twitter:data2\" content=\"6 minutes\" \/>\n<script type=\"application\/ld+json\" class=\"yoast-schema-graph\">{\"@context\":\"https:\\\/\\\/schema.org\",\"@graph\":[{\"@type\":\"Article\",\"@id\":\"https:\\\/\\\/www.ensembleintercontemporain.com\\\/fr\\\/2025\\\/04\\\/vortex-de-son-et-dimages-entretien-avec-thomas-penanguer-videaste-et-scenographe\\\/#article\",\"isPartOf\":{\"@id\":\"https:\\\/\\\/www.ensembleintercontemporain.com\\\/fr\\\/2025\\\/04\\\/vortex-de-son-et-dimages-entretien-avec-thomas-penanguer-videaste-et-scenographe\\\/\"},\"author\":{\"name\":\"Lou Madjar\",\"@id\":\"https:\\\/\\\/www.ensembleintercontemporain.com\\\/en\\\/#\\\/schema\\\/person\\\/f56cef9c7c3dbbaa55b6fb6424402c60\"},\"headline\":\"Vortex de son et d\u2019images. Entretien avec Thomas Penanguer, vid\u00e9aste et sc\u00e9nographe.\",\"datePublished\":\"2025-04-01T15:22:10+00:00\",\"dateModified\":\"2025-04-01T15:28:56+00:00\",\"mainEntityOfPage\":{\"@id\":\"https:\\\/\\\/www.ensembleintercontemporain.com\\\/fr\\\/2025\\\/04\\\/vortex-de-son-et-dimages-entretien-avec-thomas-penanguer-videaste-et-scenographe\\\/\"},\"wordCount\":997,\"image\":{\"@id\":\"https:\\\/\\\/www.ensembleintercontemporain.com\\\/fr\\\/2025\\\/04\\\/vortex-de-son-et-dimages-entretien-avec-thomas-penanguer-videaste-et-scenographe\\\/#primaryimage\"},\"thumbnailUrl\":\"https:\\\/\\\/www.ensembleintercontemporain.com\\\/content\\\/uploads\\\/2025\\\/03\\\/uf4a7250-steff-saint-e.jpg\",\"keywords\":[\"G\u00e9rard Grisey\",\"Video\"],\"articleSection\":[\"Entretien\"],\"inLanguage\":\"fr-FR\"},{\"@type\":\"WebPage\",\"@id\":\"https:\\\/\\\/www.ensembleintercontemporain.com\\\/fr\\\/2025\\\/04\\\/vortex-de-son-et-dimages-entretien-avec-thomas-penanguer-videaste-et-scenographe\\\/\",\"url\":\"https:\\\/\\\/www.ensembleintercontemporain.com\\\/fr\\\/2025\\\/04\\\/vortex-de-son-et-dimages-entretien-avec-thomas-penanguer-videaste-et-scenographe\\\/\",\"name\":\"Vortex de son et d\u2019images. Entretien avec Thomas Penanguer, vid\u00e9aste et sc\u00e9nographe. - Ensemble intercontemporain\",\"isPartOf\":{\"@id\":\"https:\\\/\\\/www.ensembleintercontemporain.com\\\/en\\\/#website\"},\"primaryImageOfPage\":{\"@id\":\"https:\\\/\\\/www.ensembleintercontemporain.com\\\/fr\\\/2025\\\/04\\\/vortex-de-son-et-dimages-entretien-avec-thomas-penanguer-videaste-et-scenographe\\\/#primaryimage\"},\"image\":{\"@id\":\"https:\\\/\\\/www.ensembleintercontemporain.com\\\/fr\\\/2025\\\/04\\\/vortex-de-son-et-dimages-entretien-avec-thomas-penanguer-videaste-et-scenographe\\\/#primaryimage\"},\"thumbnailUrl\":\"https:\\\/\\\/www.ensembleintercontemporain.com\\\/content\\\/uploads\\\/2025\\\/03\\\/uf4a7250-steff-saint-e.jpg\",\"datePublished\":\"2025-04-01T15:22:10+00:00\",\"dateModified\":\"2025-04-01T15:28:56+00:00\",\"author\":{\"@id\":\"https:\\\/\\\/www.ensembleintercontemporain.com\\\/en\\\/#\\\/schema\\\/person\\\/f56cef9c7c3dbbaa55b6fb6424402c60\"},\"breadcrumb\":{\"@id\":\"https:\\\/\\\/www.ensembleintercontemporain.com\\\/fr\\\/2025\\\/04\\\/vortex-de-son-et-dimages-entretien-avec-thomas-penanguer-videaste-et-scenographe\\\/#breadcrumb\"},\"inLanguage\":\"fr-FR\",\"potentialAction\":[{\"@type\":\"ReadAction\",\"target\":[\"https:\\\/\\\/www.ensembleintercontemporain.com\\\/fr\\\/2025\\\/04\\\/vortex-de-son-et-dimages-entretien-avec-thomas-penanguer-videaste-et-scenographe\\\/\"]}]},{\"@type\":\"ImageObject\",\"inLanguage\":\"fr-FR\",\"@id\":\"https:\\\/\\\/www.ensembleintercontemporain.com\\\/fr\\\/2025\\\/04\\\/vortex-de-son-et-dimages-entretien-avec-thomas-penanguer-videaste-et-scenographe\\\/#primaryimage\",\"url\":\"https:\\\/\\\/www.ensembleintercontemporain.com\\\/content\\\/uploads\\\/2025\\\/03\\\/uf4a7250-steff-saint-e.jpg\",\"contentUrl\":\"https:\\\/\\\/www.ensembleintercontemporain.com\\\/content\\\/uploads\\\/2025\\\/03\\\/uf4a7250-steff-saint-e.jpg\",\"width\":1920,\"height\":1280},{\"@type\":\"BreadcrumbList\",\"@id\":\"https:\\\/\\\/www.ensembleintercontemporain.com\\\/fr\\\/2025\\\/04\\\/vortex-de-son-et-dimages-entretien-avec-thomas-penanguer-videaste-et-scenographe\\\/#breadcrumb\",\"itemListElement\":[{\"@type\":\"ListItem\",\"position\":1,\"name\":\"Home\",\"item\":\"https:\\\/\\\/www.ensembleintercontemporain.com\\\/fr\\\/\"},{\"@type\":\"ListItem\",\"position\":2,\"name\":\"Vortex de son et d\u2019images. Entretien avec Thomas Penanguer, vid\u00e9aste et sc\u00e9nographe.\"}]},{\"@type\":\"WebSite\",\"@id\":\"https:\\\/\\\/www.ensembleintercontemporain.com\\\/en\\\/#website\",\"url\":\"https:\\\/\\\/www.ensembleintercontemporain.com\\\/en\\\/\",\"name\":\"Ensemble intercontemporain\",\"description\":\"\",\"potentialAction\":[{\"@type\":\"SearchAction\",\"target\":{\"@type\":\"EntryPoint\",\"urlTemplate\":\"https:\\\/\\\/www.ensembleintercontemporain.com\\\/en\\\/?s={search_term_string}\"},\"query-input\":{\"@type\":\"PropertyValueSpecification\",\"valueRequired\":true,\"valueName\":\"search_term_string\"}}],\"inLanguage\":\"fr-FR\"},{\"@type\":\"Person\",\"@id\":\"https:\\\/\\\/www.ensembleintercontemporain.com\\\/en\\\/#\\\/schema\\\/person\\\/f56cef9c7c3dbbaa55b6fb6424402c60\",\"name\":\"Lou Madjar\",\"image\":{\"@type\":\"ImageObject\",\"inLanguage\":\"fr-FR\",\"@id\":\"https:\\\/\\\/secure.gravatar.com\\\/avatar\\\/c9659f14931b162ccd8972a82e8049b47fcc5c3bd4dddeb071645991624353db?s=96&d=mm&r=g\",\"url\":\"https:\\\/\\\/secure.gravatar.com\\\/avatar\\\/c9659f14931b162ccd8972a82e8049b47fcc5c3bd4dddeb071645991624353db?s=96&d=mm&r=g\",\"contentUrl\":\"https:\\\/\\\/secure.gravatar.com\\\/avatar\\\/c9659f14931b162ccd8972a82e8049b47fcc5c3bd4dddeb071645991624353db?s=96&d=mm&r=g\",\"caption\":\"Lou Madjar\"},\"url\":\"https:\\\/\\\/www.ensembleintercontemporain.com\\\/fr\\\/author\\\/lou-madjar\\\/\"}]}<\/script>\n<!-- \/ Yoast SEO plugin. -->","yoast_head_json":{"title":"Vortex de son et d\u2019images. Entretien avec Thomas Penanguer, vid\u00e9aste et sc\u00e9nographe. - Ensemble intercontemporain","robots":{"index":"index","follow":"follow","max-snippet":"max-snippet:-1","max-image-preview":"max-image-preview:large","max-video-preview":"max-video-preview:-1"},"canonical":"https:\/\/www.ensembleintercontemporain.com\/fr\/2025\/04\/vortex-de-son-et-dimages-entretien-avec-thomas-penanguer-videaste-et-scenographe\/","og_locale":"fr_FR","og_type":"article","og_title":"Vortex de son et d\u2019images. Entretien avec Thomas Penanguer, vid\u00e9aste et sc\u00e9nographe. - Ensemble intercontemporain","og_description":"Le 4 avril prochain, dans le cadre du Tongyeong International Music Festival en Cor\u00e9e du Sud, les solistes de l\u2019EIC interpr\u00e9teront un chef-d'\u0153uvre de G\u00e9rard Grisey : Vortex Temporum. Mais, cette fois-ci, ce classique du mouvement spectral sera enrichi d'une cr\u00e9ation vid\u00e9o r\u00e9alis\u00e9e par Thomas P\u00e9nanguer. Le sc\u00e9nographe, vid\u00e9aste et plasticien fran\u00e7ais l\u00e8ve le voile sur les dessous de son travail.","og_url":"https:\/\/www.ensembleintercontemporain.com\/fr\/2025\/04\/vortex-de-son-et-dimages-entretien-avec-thomas-penanguer-videaste-et-scenographe\/","og_site_name":"Ensemble intercontemporain","article_published_time":"2025-04-01T15:22:10+00:00","article_modified_time":"2025-04-01T15:28:56+00:00","og_image":[{"width":1920,"height":1280,"url":"https:\/\/www.ensembleintercontemporain.com\/content\/uploads\/2025\/03\/uf4a7250-steff-saint-e.jpg","type":"image\/jpeg"}],"author":"Lou Madjar","twitter_card":"summary_large_image","twitter_misc":{"\u00c9crit par":"Lou Madjar","Dur\u00e9e de lecture estim\u00e9e":"6 minutes"},"schema":{"@context":"https:\/\/schema.org","@graph":[{"@type":"Article","@id":"https:\/\/www.ensembleintercontemporain.com\/fr\/2025\/04\/vortex-de-son-et-dimages-entretien-avec-thomas-penanguer-videaste-et-scenographe\/#article","isPartOf":{"@id":"https:\/\/www.ensembleintercontemporain.com\/fr\/2025\/04\/vortex-de-son-et-dimages-entretien-avec-thomas-penanguer-videaste-et-scenographe\/"},"author":{"name":"Lou Madjar","@id":"https:\/\/www.ensembleintercontemporain.com\/en\/#\/schema\/person\/f56cef9c7c3dbbaa55b6fb6424402c60"},"headline":"Vortex de son et d\u2019images. Entretien avec Thomas Penanguer, vid\u00e9aste et sc\u00e9nographe.","datePublished":"2025-04-01T15:22:10+00:00","dateModified":"2025-04-01T15:28:56+00:00","mainEntityOfPage":{"@id":"https:\/\/www.ensembleintercontemporain.com\/fr\/2025\/04\/vortex-de-son-et-dimages-entretien-avec-thomas-penanguer-videaste-et-scenographe\/"},"wordCount":997,"image":{"@id":"https:\/\/www.ensembleintercontemporain.com\/fr\/2025\/04\/vortex-de-son-et-dimages-entretien-avec-thomas-penanguer-videaste-et-scenographe\/#primaryimage"},"thumbnailUrl":"https:\/\/www.ensembleintercontemporain.com\/content\/uploads\/2025\/03\/uf4a7250-steff-saint-e.jpg","keywords":["G\u00e9rard Grisey","Video"],"articleSection":["Entretien"],"inLanguage":"fr-FR"},{"@type":"WebPage","@id":"https:\/\/www.ensembleintercontemporain.com\/fr\/2025\/04\/vortex-de-son-et-dimages-entretien-avec-thomas-penanguer-videaste-et-scenographe\/","url":"https:\/\/www.ensembleintercontemporain.com\/fr\/2025\/04\/vortex-de-son-et-dimages-entretien-avec-thomas-penanguer-videaste-et-scenographe\/","name":"Vortex de son et d\u2019images. Entretien avec Thomas Penanguer, vid\u00e9aste et sc\u00e9nographe. - Ensemble intercontemporain","isPartOf":{"@id":"https:\/\/www.ensembleintercontemporain.com\/en\/#website"},"primaryImageOfPage":{"@id":"https:\/\/www.ensembleintercontemporain.com\/fr\/2025\/04\/vortex-de-son-et-dimages-entretien-avec-thomas-penanguer-videaste-et-scenographe\/#primaryimage"},"image":{"@id":"https:\/\/www.ensembleintercontemporain.com\/fr\/2025\/04\/vortex-de-son-et-dimages-entretien-avec-thomas-penanguer-videaste-et-scenographe\/#primaryimage"},"thumbnailUrl":"https:\/\/www.ensembleintercontemporain.com\/content\/uploads\/2025\/03\/uf4a7250-steff-saint-e.jpg","datePublished":"2025-04-01T15:22:10+00:00","dateModified":"2025-04-01T15:28:56+00:00","author":{"@id":"https:\/\/www.ensembleintercontemporain.com\/en\/#\/schema\/person\/f56cef9c7c3dbbaa55b6fb6424402c60"},"breadcrumb":{"@id":"https:\/\/www.ensembleintercontemporain.com\/fr\/2025\/04\/vortex-de-son-et-dimages-entretien-avec-thomas-penanguer-videaste-et-scenographe\/#breadcrumb"},"inLanguage":"fr-FR","potentialAction":[{"@type":"ReadAction","target":["https:\/\/www.ensembleintercontemporain.com\/fr\/2025\/04\/vortex-de-son-et-dimages-entretien-avec-thomas-penanguer-videaste-et-scenographe\/"]}]},{"@type":"ImageObject","inLanguage":"fr-FR","@id":"https:\/\/www.ensembleintercontemporain.com\/fr\/2025\/04\/vortex-de-son-et-dimages-entretien-avec-thomas-penanguer-videaste-et-scenographe\/#primaryimage","url":"https:\/\/www.ensembleintercontemporain.com\/content\/uploads\/2025\/03\/uf4a7250-steff-saint-e.jpg","contentUrl":"https:\/\/www.ensembleintercontemporain.com\/content\/uploads\/2025\/03\/uf4a7250-steff-saint-e.jpg","width":1920,"height":1280},{"@type":"BreadcrumbList","@id":"https:\/\/www.ensembleintercontemporain.com\/fr\/2025\/04\/vortex-de-son-et-dimages-entretien-avec-thomas-penanguer-videaste-et-scenographe\/#breadcrumb","itemListElement":[{"@type":"ListItem","position":1,"name":"Home","item":"https:\/\/www.ensembleintercontemporain.com\/fr\/"},{"@type":"ListItem","position":2,"name":"Vortex de son et d\u2019images. Entretien avec Thomas Penanguer, vid\u00e9aste et sc\u00e9nographe."}]},{"@type":"WebSite","@id":"https:\/\/www.ensembleintercontemporain.com\/en\/#website","url":"https:\/\/www.ensembleintercontemporain.com\/en\/","name":"Ensemble intercontemporain","description":"","potentialAction":[{"@type":"SearchAction","target":{"@type":"EntryPoint","urlTemplate":"https:\/\/www.ensembleintercontemporain.com\/en\/?s={search_term_string}"},"query-input":{"@type":"PropertyValueSpecification","valueRequired":true,"valueName":"search_term_string"}}],"inLanguage":"fr-FR"},{"@type":"Person","@id":"https:\/\/www.ensembleintercontemporain.com\/en\/#\/schema\/person\/f56cef9c7c3dbbaa55b6fb6424402c60","name":"Lou Madjar","image":{"@type":"ImageObject","inLanguage":"fr-FR","@id":"https:\/\/secure.gravatar.com\/avatar\/c9659f14931b162ccd8972a82e8049b47fcc5c3bd4dddeb071645991624353db?s=96&d=mm&r=g","url":"https:\/\/secure.gravatar.com\/avatar\/c9659f14931b162ccd8972a82e8049b47fcc5c3bd4dddeb071645991624353db?s=96&d=mm&r=g","contentUrl":"https:\/\/secure.gravatar.com\/avatar\/c9659f14931b162ccd8972a82e8049b47fcc5c3bd4dddeb071645991624353db?s=96&d=mm&r=g","caption":"Lou Madjar"},"url":"https:\/\/www.ensembleintercontemporain.com\/fr\/author\/lou-madjar\/"}]}},"_links":{"self":[{"href":"https:\/\/www.ensembleintercontemporain.com\/fr\/wp-json\/wp\/v2\/posts\/28695\/"}],"collection":[{"href":"https:\/\/www.ensembleintercontemporain.com\/fr\/wp-json\/wp\/v2\/posts\/"}],"about":[{"href":"https:\/\/www.ensembleintercontemporain.com\/fr\/wp-json\/wp\/v2\/types\/post\/"}],"author":[{"embeddable":true,"href":"https:\/\/www.ensembleintercontemporain.com\/fr\/wp-json\/wp\/v2\/users\/106\/"}],"replies":[{"embeddable":true,"href":"https:\/\/www.ensembleintercontemporain.com\/fr\/wp-json\/wp\/v2\/comments\/?post=28695"}],"version-history":[{"count":11,"href":"https:\/\/www.ensembleintercontemporain.com\/fr\/wp-json\/wp\/v2\/posts\/28695\/revisions\/"}],"predecessor-version":[{"id":28793,"href":"https:\/\/www.ensembleintercontemporain.com\/fr\/wp-json\/wp\/v2\/posts\/28695\/revisions\/28793\/"}],"wp:featuredmedia":[{"embeddable":true,"href":"https:\/\/www.ensembleintercontemporain.com\/fr\/wp-json\/wp\/v2\/media\/28696\/"}],"wp:attachment":[{"href":"https:\/\/www.ensembleintercontemporain.com\/fr\/wp-json\/wp\/v2\/media\/?parent=28695"}],"wp:term":[{"taxonomy":"category","embeddable":true,"href":"https:\/\/www.ensembleintercontemporain.com\/fr\/wp-json\/wp\/v2\/categories\/?post=28695"},{"taxonomy":"post_tag","embeddable":true,"href":"https:\/\/www.ensembleintercontemporain.com\/fr\/wp-json\/wp\/v2\/tags\/?post=28695"}],"curies":[{"name":"wp","href":"https:\/\/api.w.org\/{rel}","templated":true}]}}