{"id":28573,"date":"2025-03-14T15:00:18","date_gmt":"2025-03-14T14:00:18","guid":{"rendered":"https:\/\/www.ensembleintercontemporain.com\/?p=28573"},"modified":"2025-03-14T15:00:18","modified_gmt":"2025-03-14T14:00:18","slug":"nicolas-de-stael-dechiquete-de-la-forme","status":"publish","type":"post","link":"https:\/\/www.ensembleintercontemporain.com\/fr\/2025\/03\/nicolas-de-stael-dechiquete-de-la-forme\/","title":{"rendered":"Nicolas de Sta\u00ebl, d\u00e9chiquet\u00e9 de la forme."},"content":{"rendered":"<p><span style=\"font-size: large;\"><img loading=\"lazy\" decoding=\"async\" class=\"aligncenter size-full wp-image-28310\" src=\"http:\/\/www.ensembleintercontemporain.com\/content\/uploads\/2025\/02\/le-concert-le-grand-concert-l-orchestre-nicolas-stael-1955-huile-toile-6-3-50-0.png\" alt=\"\" width=\"1280\" height=\"763\" srcset=\"https:\/\/www.ensembleintercontemporain.com\/content\/uploads\/2025\/02\/le-concert-le-grand-concert-l-orchestre-nicolas-stael-1955-huile-toile-6-3-50-0.png 1280w, https:\/\/www.ensembleintercontemporain.com\/content\/uploads\/2025\/02\/le-concert-le-grand-concert-l-orchestre-nicolas-stael-1955-huile-toile-6-3-50-0-300x179.png 300w, https:\/\/www.ensembleintercontemporain.com\/content\/uploads\/2025\/02\/le-concert-le-grand-concert-l-orchestre-nicolas-stael-1955-huile-toile-6-3-50-0-1024x610.png 1024w, https:\/\/www.ensembleintercontemporain.com\/content\/uploads\/2025\/02\/le-concert-le-grand-concert-l-orchestre-nicolas-stael-1955-huile-toile-6-3-50-0-768x458.png 768w\" sizes=\"auto, (max-width: 1280px) 100vw, 1280px\" \/><\/span><\/p>\n<p><span style=\"color: #003366;\"><strong><span style=\"font-size: 18pt;\">L<\/span>undi <a href=\"https:\/\/www.ensembleintercontemporain.com\/fr\/concert\/livre-pour-quatuor-2025-03-17-20h00-antibes\/\">17 mars, au Mus\u00e9e Picasso d&rsquo;Antibes<\/a>, le quatuor de l&rsquo;Ensemble intercontemporain jouera plusieurs mouvements du <em>Livre pour quatuor<\/em> de Pierre Boulez devant le c\u00e9l\u00e8bre tableau <em>Le Concert<\/em> de Nicolas de Sta\u00ebl. L&rsquo;occasion de revenir sur le travail du peintre fran\u00e7ais et sa relation artistique autant qu&rsquo;amicale avec Pierre Boulez. \u00a0<\/strong><\/span><\/p>\n<p style=\"text-align: right;\"><span style=\"font-size: large;\">\u00ab Je roule de France en Sicile, de Sicile en Italie, en regardant beaucoup de temples, de ruines ou pas, des kilom\u00e8tres carr\u00e9s de mosa\u00efques et \u00e0 part la nage dans toutes les mers, je ne fais rien, sinon quelques croquis. Le point culminant fut Agrigente et le mus\u00e9e de Syracuse. \u00bb<\/span><br \/>\nNicolas de Sta\u00ebl \u00e0 Jacques Dubourg, septembre 1953 <span style=\"font-size: 10pt;\"><em>[1]<\/em><\/span><\/p>\n<p><span style=\"font-size: 14pt;\">\u00ab Corps et \u00e2me devenu un fant\u00f4me qui peint des temples grecs et un nu si adorablement obs\u00e9dant sans mod\u00e8le\u00a0<em><span style=\"font-size: 10pt;\">[2]<\/span><\/em>\u00a0\u00bb, Sta\u00ebl laisse sur ses toiles de l\u2019automne puis de l\u2019hiver 1953-1954 la double empreinte d\u2019un voyage en Italie et d\u2019une passion amoureuse. Le premier se lit tr\u00e8s nettement dans la s\u00e9rie de toiles intitul\u00e9es <em>Sicile<\/em>, <em>Agrigente<\/em> ou <em>Paysage de Sicile<\/em>. La seconde, dans l\u2019obsession de l\u2019absente, se nourrit des souvenirs du premier. Ainsi le th\u00e8me des paysages siciliens semble-t-il se prolonger de longs mois apr\u00e8s le retour en France, jusqu\u2019au d\u00e9but de l\u2019ann\u00e9e 1954. Sta\u00ebl travaille alors en Provence\u00a0; aux th\u00e8mes siciliens se m\u00eale une <em>Montagne Sainte-Victoire<\/em> (1954) dont la forme et les couleurs empruntent \u00e0 la lumi\u00e8re insulaire et aux temples grecs. Plus exub\u00e9rante encore sur le plan des couleurs, elle tisse un trait d\u2019union entre le lieu o\u00f9 travaille le peintre et les souvenirs qui le hantent. Face \u00e0 cette montagne, C\u00e9zanne cherchait \u00ab les tons t\u00eatus des rocs, l\u2019obstination rationnelle du mot, la fluidit\u00e9 de l\u2019air, la chaleur du soleil\u00a0<span style=\"font-size: 10pt;\"><em>[3]<\/em><\/span>\u00a0\u00bb &#8211; autant de sensations que rendent les couleurs et les emp\u00e2tements de Sta\u00ebl. <em>Sicile<\/em>, que rien, hormis le titre, n\u2019\u00e9loigne fonci\u00e8rement de la <em>Montagne Sainte-Victoire<\/em>, se distingue n\u00e9anmoins des autres toiles par un \u00ab d\u00e9chiquet\u00e9 de la forme <span style=\"font-size: 10pt;\"><em>[4]<\/em><\/span> \u00bb qui traverse le motif pyramidal du fond du sol au ciel du tableau. La s\u00e9rie de peintures n\u00e9es de ce voyage en Italie a souvent \u00e9t\u00e9 consid\u00e9r\u00e9e comme le d\u00e9but de l\u2019\u0153uvre solitaire du peintre, lumi\u00e8re byzantine, fonds monochromes qui se retrouvent jusque dans le <em>Grand Concert d\u2019Antibes<\/em>, peint en mars 1955 (ci-dessus). D\u00e9but de l\u2019\u0153uvre solitaire et p\u00e9riode de bascule vers la r\u00e9inscription d\u2019un r\u00e9el identifiable sur la toile.<\/span><br \/>\n<span style=\"font-size: 14pt;\">\u00a0<\/span><br \/>\n<span style=\"font-size: 14pt;\">Peu avant que Sta\u00ebl n\u2019ex\u00e9cute ces toiles \u2013 p\u00e9riode d\u2019\u00e9lection pour Boulez \u2013, le peintre et le compositeur se rencontrent chez Suzanne T\u00e9zenas, qui organisait alors des concerts priv\u00e9s dans son salon. Au tout d\u00e9but de l\u2019ann\u00e9e 1953, Nicolas de Sta\u00ebl et Ren\u00e9 Char pensent \u00e0 un projet de ballet sur le th\u00e8me de \u00ab l&rsquo;abominable homme des neiges \u00bb. Pour la musique, des collaborations avec Stravinsky, Dallapiccola, Messiaen, Boulez\u2026 sont successivement envisag\u00e9es, et donnent lieu \u00e0 des auditions attentives de la part du peintre. La curiosit\u00e9 inqui\u00e8te de Sta\u00ebl est le moteur d\u2019une qu\u00eate ind\u00e9finiment relanc\u00e9e : \u00e0 New York, il renonce \u00e0 convaincre Stravinsky puis, voulant \u00e9couter la musique de Dallapiccola, il entend Messiaen qui l\u2019interpr\u00e8te chez Suzanne T\u00e9zenas ; Dallapiccola est oubli\u00e9. Venu \u00e9couter Yvonne Loriod jouer les \u0153uvres de Messiaen, il d\u00e9couvre Boulez ; et Boulez \u00e9clipse Messiaen\u2026 \u00ab Sta\u00ebl s\u2019enthousiasme pour la <em>Deuxi\u00e8me sonate<\/em> de Boulez. (foncier, c\u2019est foncier dit-il) \u00bb, note Pierre Lecuire dans son journal le 5 mai 1953 <span style=\"font-size: 10pt;\"><em>[5]<\/em><\/span>. L\u2019impression laiss\u00e9e par Boulez reste sans appel et pourtant sibylline encore : au lendemain du r\u00e9cital qui avait r\u00e9uni des \u0153uvres de Messiaen et la <em>Deuxi\u00e8me sonate<\/em> de Boulez, Sta\u00ebl \u00e9crit \u00e0 Char : \u00ab Derni\u00e8re investigation musicale hier soir, lorsque Boulez donne trois notes ce pauvre Messiaen n\u2019existe plus malgr\u00e9 la pyramide d\u2019\u0153ufs blancs qui porte son lustre <span style=\"font-size: 10pt;\"><em>[6]<\/em><\/span>. \u00bb Pyramide d\u2019\u0153ufs blancs qui garde tout son myst\u00e8re meringu\u00e9\u2026 Le projet de ballet est finalement abandonn\u00e9 et le ballet reste \u00ab \u00a0\u00ab\u00a0po\u00e8me\u00a0\u00bb \u00a0car, \u00e9crit Char au peintre, je me sens incapable de l\u2019adapter pour le mettre \u00e0 la port\u00e9e d\u2019un musicien. Je ne sais pas travailler sur le d\u00e9tail et tu comprends et tu sens cela toi, aussi bien que moi. \u00bb Il ajoute plus loin une de ces images dont les couleurs \u00e9loquentes nourrissent sa correspondance avec le peintre et se lisent parfois dans les tableaux de Sta\u00ebl : \u00ab les coteaux sont de sang, le thym est en fleurs dans les moindres rocailles <span style=\"font-size: 10pt;\"><em>[7]<\/em><\/span> \u00bb.<\/span><\/p>\n<p style=\"font-weight: 400;\">\u00c0<span style=\"font-size: 14pt;\"> son retour de Sicile, Sta\u00ebl avait signal\u00e9 \u00e0 son marchand de tableaux Jacques Dubourg : \u00ab dites \u00e0 No\u00e9mie qu\u2019il a paru aux Presses universitaires de France une analyse de Boulez du <em>Sacre<\/em> de Stravinsky qui prend trente pages d\u2019un livre intitul\u00e9 <em>Musique russe<\/em>. Il y a de quoi gu\u00e9rir un bon rhume <span style=\"font-size: 10pt;\"><em>[8]<\/em><\/span> \u00bb\u2026 M\u00e9dication \u00e0 part, Sta\u00ebl aimait profond\u00e9ment la musique. Il en avait \u00e9t\u00e9 entour\u00e9 enfant, et n\u2019avait jamais cess\u00e9 de s\u2019y int\u00e9resser. Familier des concerts, il interrogeait, dans un parall\u00e9lisme lui permettant de mettre \u00e0 distance les recherches qui l\u2019occupaient, une \u00e9volution formelle de la musique qui enrichisse et \u00e9claire celle de la peinture de son \u00e9poque. Mont\u00e9 \u00e0 Paris pour assister aux concerts du Domaine musical des 5 et 6 mars 1955, une dizaine de jours avant de se suicider, il \u00e9voque ces questions avec Boulez qui se souvient : \u00ab Ayant senti le pi\u00e8ge du d\u00e9coratif dans le pur abstrait, il essayait de plus en plus de s\u2019ancrer dans la r\u00e9alit\u00e9, sans sacrifier pour cela l\u2019ordonnance, la structure. C\u2019est cette antinomie \u00e0 r\u00e9soudre qu\u2019il saisissait dans Webern, le rapport entre le motif, aux deux sens du terme, et l\u2019organisation structurelle. Il y voyait une justification indispensable \u00e0 la g\u00e9om\u00e9trie en m\u00eame temps que l\u2019assouplissement de cette g\u00e9om\u00e9trie aux besoins de la repr\u00e9sentation, de l\u2019expression <em><span style=\"font-size: 10pt;\">[9]<\/span><\/em>. \u00bb<\/span><\/p>\n<p>&nbsp;<\/p>\n<p style=\"font-weight: 400;\">[1] Nicolas de Sta\u00ebl, <em>Lettres 1926-1955<\/em>, \u00e9d. Germain Viatte, Paris, Le Bruit du temps, 2014, p.448.<br \/>\n[2] Nicolas de Sta\u00ebl \u00e0 Ren\u00e9 Char, in <em>Correspondance 1951-1954<\/em>, Paris, Editions des Busclats, 2010, p.129.<br \/>\n[3] Cit\u00e9 par Joachim Gasquet, in <em>C\u00e9zanne<\/em>, La Versanne, Encre Marine, 2002, p.277.<br \/>\n[4] Nicolas de Sta\u00ebl \u00e0 Pierre Lecuire, 8 janvier 1954, in <em>Lettres 1926-1955<\/em>, op. cit. , p.498.<br \/>\n[5] BnF, d\u00e9partement des Manuscrits occidentaux<br \/>\n[6] Le 6 mai 1953, in <em>Lettres 1926-1955<\/em>, op. cit. , p.422<br \/>\n[7] Ren\u00e9 Char \u00e0 Nicolas de Sta\u00ebl le 4 mai 1953, in <em>Correspondance 1951-1954, op. cit. <\/em>, p.104.<br \/>\n[8] Nicolas de Sta\u00ebl\u00a0\u00e0 Jacques Dubourg, Lagnes, 12 octobre 1953, in <em>Lettres 1926-1955<\/em>, op. cit. , p.460. Sta\u00ebl fait allusion \u00e0 la tr\u00e8s fameuse analyse du sacre intitul\u00e9e<em> Stravinsky demeure<\/em>.<br \/>\n[9] <em>Le souvenir de Nicolas de Sta\u00ebl, <\/em>in <em>Nicolas de Sta\u00ebl<\/em>, catalogue de l&rsquo;exposition pr\u00e9sent\u00e9e du 12 mars au 30 juin 2023 au Centre Pompidou, Paris, Centre Pompidou, 2003, p.12.<\/p>\n<p>Propos de cet article d\u00e9velopp\u00e9 par Sarah Barbedette in <em>Po\u00e9tique du concert. A la lumi\u00e8re du tableau de Nicolas de Sta\u00ebl<\/em>, Fayard, 2014.<br \/>\nExtrait tir\u00e9 de Pierre Boulez, Collectif \u00a9 Actes Sud, Philarmonie de Paris, 2015<\/p>\n<p>Image : Nicolas de Sta\u00ebl, <em>Le Concert<\/em> (1955), huile sur toile, 3,5x6m, Mus\u00e9e Picasso \u00a9 Adagp, Paris, 2025<\/p>\n","protected":false},"excerpt":{"rendered":"<p>Lundi 17 mars, au Mus\u00e9e Picasso d&rsquo;Antibes, le quatuor de l&rsquo;Ensemble intercontemporain, jouera plusieurs mouvements du \u00ab\u00a0Livre pour quatuor\u00a0\u00bb de Pierre Boulez devant le c\u00e9l\u00e8bre tableau \u00ab\u00a0Le Concert\u00a0\u00bb, de Nicolas de Sta\u00ebl. L&rsquo;occasion de revenir sur le travail du peintre fran\u00e7ais et sa relation autant artistique qu&rsquo;amicale avec Pierre Boulez. \u00a0<\/p>\n","protected":false},"author":234,"featured_media":28310,"comment_status":"closed","ping_status":"closed","sticky":false,"template":"","format":"standard","meta":{"_acf_changed":false,"footnotes":""},"categories":[102],"tags":[],"class_list":["post-28573","post","type-post","status-publish","format-standard","has-post-thumbnail","hentry","category-eclairage","concert-livre-pour-quatuor"],"acf":[],"yoast_head":"<!-- This site is optimized with the Yoast SEO plugin v27.5 - https:\/\/yoast.com\/product\/yoast-seo-wordpress\/ -->\n<title>Nicolas de Sta\u00ebl, d\u00e9chiquet\u00e9 de la forme. - Ensemble intercontemporain<\/title>\n<meta name=\"robots\" content=\"index, follow, max-snippet:-1, max-image-preview:large, max-video-preview:-1\" \/>\n<link rel=\"canonical\" href=\"https:\/\/www.ensembleintercontemporain.com\/fr\/2025\/03\/nicolas-de-stael-dechiquete-de-la-forme\/\" \/>\n<meta property=\"og:locale\" content=\"fr_FR\" \/>\n<meta property=\"og:type\" content=\"article\" \/>\n<meta property=\"og:title\" content=\"Nicolas de Sta\u00ebl, d\u00e9chiquet\u00e9 de la forme. - Ensemble intercontemporain\" \/>\n<meta property=\"og:description\" content=\"Lundi 17 mars, au Mus\u00e9e Picasso d&#039;Antibes, le quatuor de l&#039;Ensemble intercontemporain, jouera plusieurs mouvements du &quot;Livre pour quatuor&quot; de Pierre Boulez devant le c\u00e9l\u00e8bre tableau &quot;Le Concert&quot;, de Nicolas de Sta\u00ebl. L&#039;occasion de revenir sur le travail du peintre fran\u00e7ais et sa relation autant artistique qu&#039;amicale avec Pierre Boulez. \u00a0\" \/>\n<meta property=\"og:url\" content=\"https:\/\/www.ensembleintercontemporain.com\/fr\/2025\/03\/nicolas-de-stael-dechiquete-de-la-forme\/\" \/>\n<meta property=\"og:site_name\" content=\"Ensemble intercontemporain\" \/>\n<meta property=\"article:published_time\" content=\"2025-03-14T14:00:18+00:00\" \/>\n<meta property=\"og:image\" content=\"https:\/\/www.ensembleintercontemporain.com\/content\/uploads\/2025\/02\/le-concert-le-grand-concert-l-orchestre-nicolas-stael-1955-huile-toile-6-3-50-0.png\" \/>\n\t<meta property=\"og:image:width\" content=\"1280\" \/>\n\t<meta property=\"og:image:height\" content=\"763\" \/>\n\t<meta property=\"og:image:type\" content=\"image\/png\" \/>\n<meta name=\"author\" content=\"Sarah Barbedette\" \/>\n<meta name=\"twitter:card\" content=\"summary_large_image\" \/>\n<meta name=\"twitter:label1\" content=\"\u00c9crit par\" \/>\n\t<meta name=\"twitter:data1\" content=\"Sarah Barbedette\" \/>\n\t<meta name=\"twitter:label2\" content=\"Dur\u00e9e de lecture estim\u00e9e\" \/>\n\t<meta name=\"twitter:data2\" content=\"7 minutes\" \/>\n<script type=\"application\/ld+json\" class=\"yoast-schema-graph\">{\"@context\":\"https:\\\/\\\/schema.org\",\"@graph\":[{\"@type\":\"Article\",\"@id\":\"https:\\\/\\\/www.ensembleintercontemporain.com\\\/fr\\\/2025\\\/03\\\/nicolas-de-stael-dechiquete-de-la-forme\\\/#article\",\"isPartOf\":{\"@id\":\"https:\\\/\\\/www.ensembleintercontemporain.com\\\/fr\\\/2025\\\/03\\\/nicolas-de-stael-dechiquete-de-la-forme\\\/\"},\"author\":{\"name\":\"Sarah Barbedette\",\"@id\":\"https:\\\/\\\/www.ensembleintercontemporain.com\\\/en\\\/#\\\/schema\\\/person\\\/3898be0fc2ff7ecb0ad4346571d9ee5a\"},\"headline\":\"Nicolas de Sta\u00ebl, d\u00e9chiquet\u00e9 de la forme.\",\"datePublished\":\"2025-03-14T14:00:18+00:00\",\"mainEntityOfPage\":{\"@id\":\"https:\\\/\\\/www.ensembleintercontemporain.com\\\/fr\\\/2025\\\/03\\\/nicolas-de-stael-dechiquete-de-la-forme\\\/\"},\"wordCount\":1223,\"image\":{\"@id\":\"https:\\\/\\\/www.ensembleintercontemporain.com\\\/fr\\\/2025\\\/03\\\/nicolas-de-stael-dechiquete-de-la-forme\\\/#primaryimage\"},\"thumbnailUrl\":\"https:\\\/\\\/www.ensembleintercontemporain.com\\\/content\\\/uploads\\\/2025\\\/02\\\/le-concert-le-grand-concert-l-orchestre-nicolas-stael-1955-huile-toile-6-3-50-0.png\",\"articleSection\":[\"\u00c9clairage\"],\"inLanguage\":\"fr-FR\"},{\"@type\":\"WebPage\",\"@id\":\"https:\\\/\\\/www.ensembleintercontemporain.com\\\/fr\\\/2025\\\/03\\\/nicolas-de-stael-dechiquete-de-la-forme\\\/\",\"url\":\"https:\\\/\\\/www.ensembleintercontemporain.com\\\/fr\\\/2025\\\/03\\\/nicolas-de-stael-dechiquete-de-la-forme\\\/\",\"name\":\"Nicolas de Sta\u00ebl, d\u00e9chiquet\u00e9 de la forme. - Ensemble intercontemporain\",\"isPartOf\":{\"@id\":\"https:\\\/\\\/www.ensembleintercontemporain.com\\\/en\\\/#website\"},\"primaryImageOfPage\":{\"@id\":\"https:\\\/\\\/www.ensembleintercontemporain.com\\\/fr\\\/2025\\\/03\\\/nicolas-de-stael-dechiquete-de-la-forme\\\/#primaryimage\"},\"image\":{\"@id\":\"https:\\\/\\\/www.ensembleintercontemporain.com\\\/fr\\\/2025\\\/03\\\/nicolas-de-stael-dechiquete-de-la-forme\\\/#primaryimage\"},\"thumbnailUrl\":\"https:\\\/\\\/www.ensembleintercontemporain.com\\\/content\\\/uploads\\\/2025\\\/02\\\/le-concert-le-grand-concert-l-orchestre-nicolas-stael-1955-huile-toile-6-3-50-0.png\",\"datePublished\":\"2025-03-14T14:00:18+00:00\",\"author\":{\"@id\":\"https:\\\/\\\/www.ensembleintercontemporain.com\\\/en\\\/#\\\/schema\\\/person\\\/3898be0fc2ff7ecb0ad4346571d9ee5a\"},\"breadcrumb\":{\"@id\":\"https:\\\/\\\/www.ensembleintercontemporain.com\\\/fr\\\/2025\\\/03\\\/nicolas-de-stael-dechiquete-de-la-forme\\\/#breadcrumb\"},\"inLanguage\":\"fr-FR\",\"potentialAction\":[{\"@type\":\"ReadAction\",\"target\":[\"https:\\\/\\\/www.ensembleintercontemporain.com\\\/fr\\\/2025\\\/03\\\/nicolas-de-stael-dechiquete-de-la-forme\\\/\"]}]},{\"@type\":\"ImageObject\",\"inLanguage\":\"fr-FR\",\"@id\":\"https:\\\/\\\/www.ensembleintercontemporain.com\\\/fr\\\/2025\\\/03\\\/nicolas-de-stael-dechiquete-de-la-forme\\\/#primaryimage\",\"url\":\"https:\\\/\\\/www.ensembleintercontemporain.com\\\/content\\\/uploads\\\/2025\\\/02\\\/le-concert-le-grand-concert-l-orchestre-nicolas-stael-1955-huile-toile-6-3-50-0.png\",\"contentUrl\":\"https:\\\/\\\/www.ensembleintercontemporain.com\\\/content\\\/uploads\\\/2025\\\/02\\\/le-concert-le-grand-concert-l-orchestre-nicolas-stael-1955-huile-toile-6-3-50-0.png\",\"width\":1280,\"height\":763},{\"@type\":\"BreadcrumbList\",\"@id\":\"https:\\\/\\\/www.ensembleintercontemporain.com\\\/fr\\\/2025\\\/03\\\/nicolas-de-stael-dechiquete-de-la-forme\\\/#breadcrumb\",\"itemListElement\":[{\"@type\":\"ListItem\",\"position\":1,\"name\":\"Home\",\"item\":\"https:\\\/\\\/www.ensembleintercontemporain.com\\\/fr\\\/\"},{\"@type\":\"ListItem\",\"position\":2,\"name\":\"Nicolas de Sta\u00ebl, d\u00e9chiquet\u00e9 de la forme.\"}]},{\"@type\":\"WebSite\",\"@id\":\"https:\\\/\\\/www.ensembleintercontemporain.com\\\/en\\\/#website\",\"url\":\"https:\\\/\\\/www.ensembleintercontemporain.com\\\/en\\\/\",\"name\":\"Ensemble intercontemporain\",\"description\":\"\",\"potentialAction\":[{\"@type\":\"SearchAction\",\"target\":{\"@type\":\"EntryPoint\",\"urlTemplate\":\"https:\\\/\\\/www.ensembleintercontemporain.com\\\/en\\\/?s={search_term_string}\"},\"query-input\":{\"@type\":\"PropertyValueSpecification\",\"valueRequired\":true,\"valueName\":\"search_term_string\"}}],\"inLanguage\":\"fr-FR\"},{\"@type\":\"Person\",\"@id\":\"https:\\\/\\\/www.ensembleintercontemporain.com\\\/en\\\/#\\\/schema\\\/person\\\/3898be0fc2ff7ecb0ad4346571d9ee5a\",\"name\":\"Sarah Barbedette\",\"image\":{\"@type\":\"ImageObject\",\"inLanguage\":\"fr-FR\",\"@id\":\"https:\\\/\\\/secure.gravatar.com\\\/avatar\\\/7ac7f4e6cc101eee29d1607a920fc49b1b71da059d159f50bba47dea831803c7?s=96&d=mm&r=g\",\"url\":\"https:\\\/\\\/secure.gravatar.com\\\/avatar\\\/7ac7f4e6cc101eee29d1607a920fc49b1b71da059d159f50bba47dea831803c7?s=96&d=mm&r=g\",\"contentUrl\":\"https:\\\/\\\/secure.gravatar.com\\\/avatar\\\/7ac7f4e6cc101eee29d1607a920fc49b1b71da059d159f50bba47dea831803c7?s=96&d=mm&r=g\",\"caption\":\"Sarah Barbedette\"},\"url\":\"https:\\\/\\\/www.ensembleintercontemporain.com\\\/fr\\\/author\\\/s-barbedette\\\/\"}]}<\/script>\n<!-- \/ Yoast SEO plugin. -->","yoast_head_json":{"title":"Nicolas de Sta\u00ebl, d\u00e9chiquet\u00e9 de la forme. - Ensemble intercontemporain","robots":{"index":"index","follow":"follow","max-snippet":"max-snippet:-1","max-image-preview":"max-image-preview:large","max-video-preview":"max-video-preview:-1"},"canonical":"https:\/\/www.ensembleintercontemporain.com\/fr\/2025\/03\/nicolas-de-stael-dechiquete-de-la-forme\/","og_locale":"fr_FR","og_type":"article","og_title":"Nicolas de Sta\u00ebl, d\u00e9chiquet\u00e9 de la forme. - Ensemble intercontemporain","og_description":"Lundi 17 mars, au Mus\u00e9e Picasso d'Antibes, le quatuor de l'Ensemble intercontemporain, jouera plusieurs mouvements du \"Livre pour quatuor\" de Pierre Boulez devant le c\u00e9l\u00e8bre tableau \"Le Concert\", de Nicolas de Sta\u00ebl. L'occasion de revenir sur le travail du peintre fran\u00e7ais et sa relation autant artistique qu'amicale avec Pierre Boulez. \u00a0","og_url":"https:\/\/www.ensembleintercontemporain.com\/fr\/2025\/03\/nicolas-de-stael-dechiquete-de-la-forme\/","og_site_name":"Ensemble intercontemporain","article_published_time":"2025-03-14T14:00:18+00:00","og_image":[{"width":1280,"height":763,"url":"https:\/\/www.ensembleintercontemporain.com\/content\/uploads\/2025\/02\/le-concert-le-grand-concert-l-orchestre-nicolas-stael-1955-huile-toile-6-3-50-0.png","type":"image\/png"}],"author":"Sarah Barbedette","twitter_card":"summary_large_image","twitter_misc":{"\u00c9crit par":"Sarah Barbedette","Dur\u00e9e de lecture estim\u00e9e":"7 minutes"},"schema":{"@context":"https:\/\/schema.org","@graph":[{"@type":"Article","@id":"https:\/\/www.ensembleintercontemporain.com\/fr\/2025\/03\/nicolas-de-stael-dechiquete-de-la-forme\/#article","isPartOf":{"@id":"https:\/\/www.ensembleintercontemporain.com\/fr\/2025\/03\/nicolas-de-stael-dechiquete-de-la-forme\/"},"author":{"name":"Sarah Barbedette","@id":"https:\/\/www.ensembleintercontemporain.com\/en\/#\/schema\/person\/3898be0fc2ff7ecb0ad4346571d9ee5a"},"headline":"Nicolas de Sta\u00ebl, d\u00e9chiquet\u00e9 de la forme.","datePublished":"2025-03-14T14:00:18+00:00","mainEntityOfPage":{"@id":"https:\/\/www.ensembleintercontemporain.com\/fr\/2025\/03\/nicolas-de-stael-dechiquete-de-la-forme\/"},"wordCount":1223,"image":{"@id":"https:\/\/www.ensembleintercontemporain.com\/fr\/2025\/03\/nicolas-de-stael-dechiquete-de-la-forme\/#primaryimage"},"thumbnailUrl":"https:\/\/www.ensembleintercontemporain.com\/content\/uploads\/2025\/02\/le-concert-le-grand-concert-l-orchestre-nicolas-stael-1955-huile-toile-6-3-50-0.png","articleSection":["\u00c9clairage"],"inLanguage":"fr-FR"},{"@type":"WebPage","@id":"https:\/\/www.ensembleintercontemporain.com\/fr\/2025\/03\/nicolas-de-stael-dechiquete-de-la-forme\/","url":"https:\/\/www.ensembleintercontemporain.com\/fr\/2025\/03\/nicolas-de-stael-dechiquete-de-la-forme\/","name":"Nicolas de Sta\u00ebl, d\u00e9chiquet\u00e9 de la forme. - Ensemble intercontemporain","isPartOf":{"@id":"https:\/\/www.ensembleintercontemporain.com\/en\/#website"},"primaryImageOfPage":{"@id":"https:\/\/www.ensembleintercontemporain.com\/fr\/2025\/03\/nicolas-de-stael-dechiquete-de-la-forme\/#primaryimage"},"image":{"@id":"https:\/\/www.ensembleintercontemporain.com\/fr\/2025\/03\/nicolas-de-stael-dechiquete-de-la-forme\/#primaryimage"},"thumbnailUrl":"https:\/\/www.ensembleintercontemporain.com\/content\/uploads\/2025\/02\/le-concert-le-grand-concert-l-orchestre-nicolas-stael-1955-huile-toile-6-3-50-0.png","datePublished":"2025-03-14T14:00:18+00:00","author":{"@id":"https:\/\/www.ensembleintercontemporain.com\/en\/#\/schema\/person\/3898be0fc2ff7ecb0ad4346571d9ee5a"},"breadcrumb":{"@id":"https:\/\/www.ensembleintercontemporain.com\/fr\/2025\/03\/nicolas-de-stael-dechiquete-de-la-forme\/#breadcrumb"},"inLanguage":"fr-FR","potentialAction":[{"@type":"ReadAction","target":["https:\/\/www.ensembleintercontemporain.com\/fr\/2025\/03\/nicolas-de-stael-dechiquete-de-la-forme\/"]}]},{"@type":"ImageObject","inLanguage":"fr-FR","@id":"https:\/\/www.ensembleintercontemporain.com\/fr\/2025\/03\/nicolas-de-stael-dechiquete-de-la-forme\/#primaryimage","url":"https:\/\/www.ensembleintercontemporain.com\/content\/uploads\/2025\/02\/le-concert-le-grand-concert-l-orchestre-nicolas-stael-1955-huile-toile-6-3-50-0.png","contentUrl":"https:\/\/www.ensembleintercontemporain.com\/content\/uploads\/2025\/02\/le-concert-le-grand-concert-l-orchestre-nicolas-stael-1955-huile-toile-6-3-50-0.png","width":1280,"height":763},{"@type":"BreadcrumbList","@id":"https:\/\/www.ensembleintercontemporain.com\/fr\/2025\/03\/nicolas-de-stael-dechiquete-de-la-forme\/#breadcrumb","itemListElement":[{"@type":"ListItem","position":1,"name":"Home","item":"https:\/\/www.ensembleintercontemporain.com\/fr\/"},{"@type":"ListItem","position":2,"name":"Nicolas de Sta\u00ebl, d\u00e9chiquet\u00e9 de la forme."}]},{"@type":"WebSite","@id":"https:\/\/www.ensembleintercontemporain.com\/en\/#website","url":"https:\/\/www.ensembleintercontemporain.com\/en\/","name":"Ensemble intercontemporain","description":"","potentialAction":[{"@type":"SearchAction","target":{"@type":"EntryPoint","urlTemplate":"https:\/\/www.ensembleintercontemporain.com\/en\/?s={search_term_string}"},"query-input":{"@type":"PropertyValueSpecification","valueRequired":true,"valueName":"search_term_string"}}],"inLanguage":"fr-FR"},{"@type":"Person","@id":"https:\/\/www.ensembleintercontemporain.com\/en\/#\/schema\/person\/3898be0fc2ff7ecb0ad4346571d9ee5a","name":"Sarah Barbedette","image":{"@type":"ImageObject","inLanguage":"fr-FR","@id":"https:\/\/secure.gravatar.com\/avatar\/7ac7f4e6cc101eee29d1607a920fc49b1b71da059d159f50bba47dea831803c7?s=96&d=mm&r=g","url":"https:\/\/secure.gravatar.com\/avatar\/7ac7f4e6cc101eee29d1607a920fc49b1b71da059d159f50bba47dea831803c7?s=96&d=mm&r=g","contentUrl":"https:\/\/secure.gravatar.com\/avatar\/7ac7f4e6cc101eee29d1607a920fc49b1b71da059d159f50bba47dea831803c7?s=96&d=mm&r=g","caption":"Sarah Barbedette"},"url":"https:\/\/www.ensembleintercontemporain.com\/fr\/author\/s-barbedette\/"}]}},"_links":{"self":[{"href":"https:\/\/www.ensembleintercontemporain.com\/fr\/wp-json\/wp\/v2\/posts\/28573\/"}],"collection":[{"href":"https:\/\/www.ensembleintercontemporain.com\/fr\/wp-json\/wp\/v2\/posts\/"}],"about":[{"href":"https:\/\/www.ensembleintercontemporain.com\/fr\/wp-json\/wp\/v2\/types\/post\/"}],"author":[{"embeddable":true,"href":"https:\/\/www.ensembleintercontemporain.com\/fr\/wp-json\/wp\/v2\/users\/234\/"}],"replies":[{"embeddable":true,"href":"https:\/\/www.ensembleintercontemporain.com\/fr\/wp-json\/wp\/v2\/comments\/?post=28573"}],"version-history":[{"count":10,"href":"https:\/\/www.ensembleintercontemporain.com\/fr\/wp-json\/wp\/v2\/posts\/28573\/revisions\/"}],"predecessor-version":[{"id":28583,"href":"https:\/\/www.ensembleintercontemporain.com\/fr\/wp-json\/wp\/v2\/posts\/28573\/revisions\/28583\/"}],"wp:featuredmedia":[{"embeddable":true,"href":"https:\/\/www.ensembleintercontemporain.com\/fr\/wp-json\/wp\/v2\/media\/28310\/"}],"wp:attachment":[{"href":"https:\/\/www.ensembleintercontemporain.com\/fr\/wp-json\/wp\/v2\/media\/?parent=28573"}],"wp:term":[{"taxonomy":"category","embeddable":true,"href":"https:\/\/www.ensembleintercontemporain.com\/fr\/wp-json\/wp\/v2\/categories\/?post=28573"},{"taxonomy":"post_tag","embeddable":true,"href":"https:\/\/www.ensembleintercontemporain.com\/fr\/wp-json\/wp\/v2\/tags\/?post=28573"}],"curies":[{"name":"wp","href":"https:\/\/api.w.org\/{rel}","templated":true}]}}