{"id":28436,"date":"2025-02-27T17:34:30","date_gmt":"2025-02-27T16:34:30","guid":{"rendered":"https:\/\/www.ensembleintercontemporain.com\/?p=28436"},"modified":"2025-02-27T17:34:30","modified_gmt":"2025-02-27T16:34:30","slug":"polyphonie-x-de-pierre-boulez","status":"publish","type":"post","link":"https:\/\/www.ensembleintercontemporain.com\/fr\/2025\/02\/polyphonie-x-de-pierre-boulez\/","title":{"rendered":"\u00ab\u00a0Polyphonie X\u00a0\u00bb de Pierre Boulez."},"content":{"rendered":"<p><span style=\"font-size: 14pt;\"><img loading=\"lazy\" decoding=\"async\" class=\"aligncenter size-full wp-image-28437\" src=\"http:\/\/www.ensembleintercontemporain.com\/content\/uploads\/2025\/02\/akg1029441-nb.jpg\" alt=\"\" width=\"1920\" height=\"1419\" srcset=\"https:\/\/www.ensembleintercontemporain.com\/content\/uploads\/2025\/02\/akg1029441-nb.jpg 1920w, https:\/\/www.ensembleintercontemporain.com\/content\/uploads\/2025\/02\/akg1029441-nb-300x222.jpg 300w, https:\/\/www.ensembleintercontemporain.com\/content\/uploads\/2025\/02\/akg1029441-nb-1024x757.jpg 1024w, https:\/\/www.ensembleintercontemporain.com\/content\/uploads\/2025\/02\/akg1029441-nb-768x568.jpg 768w, https:\/\/www.ensembleintercontemporain.com\/content\/uploads\/2025\/02\/akg1029441-nb-1536x1135.jpg 1536w\" sizes=\"auto, (max-width: 1920px) 100vw, 1920px\" \/><\/span><\/p>\n<p><strong><span style=\"font-size: 12pt; color: #003366;\"><span style=\"font-size: 18pt;\">L<\/span>es nombreux concerts et autres \u00e9v\u00e9nements c\u00e9l\u00e9brant le centenaire de la naissance de Pierre Boulez en 2025 sont l&rsquo;occasion de d\u00e9couvrir des \u0153uvres de jeunesse rarissimes du compositeur, comme <em>Polyphonie X <\/em>au programme de <a href=\"https:\/\/www.ensembleintercontemporain.com\/fr\/?p=28436&amp;preview=true\">l&rsquo;atelier-concert du 26 mars \u00e0 la Philharmonie de Paris<\/a>.\u00a0<\/span><\/strong><\/p>\n<p><span style=\"font-size: 14pt;\">Accueillie par un scandale devenu c\u00e9l\u00e8bre, la cr\u00e9ation le 6 octobre 1951 de<em> Polyphonie X<\/em> au festival de Donaueschingen \u2013 le \u00ab X \u00bb du titre signale une conception g\u00e9n\u00e9rale multipliant croisements et permutations \u2013 marque un tournant au sein des m\u00e9thodes de composition de Pierre Boulez, alors \u00e2g\u00e9 de 26 ans. Pour la premi\u00e8re fois, il tente de g\u00e9n\u00e9raliser son approche s\u00e9rielle jusqu\u2019\u00e0 y inclure les transformations rythmiques et l\u2019\u00e9volution des groupements instrumentaux, sans oublier les tempos.<br \/>\n<\/span><br \/>\n<span style=\"font-size: 14pt;\">La gen\u00e8se de l\u2019\u0153uvre est fascinante\u00a0: pens\u00e9e initialement pour 49 instruments et avec des quarts de ton, la version d\u00e9finitive est pour 18 instruments et les quarts de ton ont \u00e9t\u00e9 \u00e9limin\u00e9s, tandis que l\u2019ensemble est compos\u00e9 \u00e0 rebours par rapport \u00e0 la forme projet\u00e9e. Une page d\u2019esquisse, v\u00e9ritable pierre de rosette, montre les principes imagin\u00e9s pour convertir le mat\u00e9riau originel dans celui de la partition achev\u00e9e.<\/span><\/p>\n<div id=\"attachment_28443\" style=\"width: 735px\" class=\"wp-caption aligncenter\"><img loading=\"lazy\" decoding=\"async\" aria-describedby=\"caption-attachment-28443\" class=\" wp-image-28443\" src=\"http:\/\/www.ensembleintercontemporain.com\/content\/uploads\/2025\/02\/polyphonie-x.jpg\" alt=\"\" width=\"725\" height=\"408\" srcset=\"https:\/\/www.ensembleintercontemporain.com\/content\/uploads\/2025\/02\/polyphonie-x.jpg 826w, https:\/\/www.ensembleintercontemporain.com\/content\/uploads\/2025\/02\/polyphonie-x-300x169.jpg 300w, https:\/\/www.ensembleintercontemporain.com\/content\/uploads\/2025\/02\/polyphonie-x-768x432.jpg 768w\" sizes=\"auto, (max-width: 725px) 100vw, 725px\" \/><p id=\"caption-attachment-28443\" class=\"wp-caption-text\"><span style=\"font-size: 10pt;\">\u00a0 \u00a0 \u00a0 \u00a0 \u00a0 \u00a0 \u00a0 \u00a0 \u00a0 \u00a0 \u00a0 \u00a0 \u00a0 \u00a0 \u00a0 \u00a0 \u00a0 \u00a0 \u00a0 \u00a0 \u00a0 \u00a0 <span style=\"font-size: 12pt;\">\u00a0 \u00a0 \u00a0 \u00a0 \u00a0<strong><span style=\"font-size: 10pt;\"><span style=\"color: #003366;\"><span style=\"font-size: 12pt;\">Extrait d&rsquo;une page de la partition de <\/span><\/span><\/span><\/strong><span style=\"color: #003366;\"><em><strong>Polyphonie X<\/strong>\u00a0<\/em><\/span><\/span><\/span><\/p><\/div>\n<p><span style=\"font-size: 14pt;\">Particuli\u00e8rement extraordinaire est le traitement de l\u2019effectif instrumental\u00a0: r\u00e9parti dans le 1er mouvement en sept groupes de deux, trois ou quatre instruments (bois, cuivres ou cordes), le 2e mouvement rebat les cartes, troublant l\u2019\u00e9coute, cr\u00e9ant de nouvelles associations, incitant \u00e0 une perception spatialis\u00e9e, avant que le 3e ne s\u2019aventure dans une dimension concertante. Les mouvements 4 et 5 projet\u00e9s n\u2019ont jamais \u00e9t\u00e9 \u00e9crits.<br \/>\n<\/span><br \/>\n<span style=\"font-size: 14pt;\">Absent lors de la cr\u00e9ation, peu satisfait de l\u2019enregistrement qu\u2019il en d\u00e9couvre, non seulement Pierre Boulez ne dirigera jamais cette partition, mais il la retirera imm\u00e9diatement de son catalogue. Pourtant, non d\u00e9nu\u00e9e de qualit\u00e9s, elle annonce nombre d\u2019aspects de ses r\u00e9ussites ult\u00e9rieures et m\u00e9rite certainement d\u2019\u00eatre connue. Sans compter ce qu\u2019annonce le titre originel Polyphonies\u00a0: en effet, le compositeur ambitionne ici de sortir des cat\u00e9gories usuelles de m\u00e9lodie et d\u2019harmonie, choisissant de partir directement de blocs, de groupes de densit\u00e9s variables, tout en les combinant entre eux, \u00e9laborant en r\u00e9sum\u00e9 un complexe de structures de structures, un v\u00e9ritable d\u00e9fi sonore et perceptif propos\u00e9e \u00e0 l\u2019auditeur.<\/span><\/p>\n<p>&nbsp;<\/p>\n<p><span style=\"color: #003366;\"><span style=\"color: #003366;\"><span style=\"caret-color: #003366;\"><b>\u00a0<\/b><\/span><\/span><span style=\"font-size: 14pt;\"><strong><span style=\"font-size: 12pt;\"><em>Polyphonie X <\/em>de Pierre Boulez<\/span><\/strong>\u00a0<\/span><\/span><\/p>\n<p><iframe loading=\"lazy\" title=\"YouTube video player\" src=\"https:\/\/www.youtube.com\/embed\/cQqLp9IwHWk?si=1LoqRwOormzb09EU\" width=\"560\" height=\"315\" frameborder=\"0\" allowfullscreen=\"allowfullscreen\"><\/iframe><\/p>\n<p>&nbsp;<\/p>\n<p>Photo : \u00a0Pierre Boulez devant la partition de <em>Klavierst\u00fcck XI<\/em> du compositeur allemand Karlheinz Stockhausen, Paris, 1958 \u00a9 AKG images<\/p>\n","protected":false},"excerpt":{"rendered":"<p>Les nombreux concerts et autres \u00e9v\u00e9nements c\u00e9l\u00e9brant le centenaire de la naissance de Pierre Boulez en 2025 sont l&rsquo;occasion de d\u00e9couvrir des \u0153uvres de jeunesse rarissimes du compositeur, comme \u00ab\u00a0Polyphonie X\u00a0\u00bb au programme de l&rsquo;atelier-concert du 26 mars \u00e0 la Philharmonie de Paris.\u00a0<\/p>\n","protected":false},"author":232,"featured_media":28437,"comment_status":"closed","ping_status":"closed","sticky":false,"template":"","format":"standard","meta":{"_acf_changed":false,"footnotes":""},"categories":[102],"tags":[],"class_list":["post-28436","post","type-post","status-publish","format-standard","has-post-thumbnail","hentry","category-eclairage","concert-polyphonie-x"],"acf":[],"yoast_head":"<!-- This site is optimized with the Yoast SEO plugin v27.5 - https:\/\/yoast.com\/product\/yoast-seo-wordpress\/ -->\n<title>&quot;Polyphonie X&quot; de Pierre Boulez. - Ensemble intercontemporain<\/title>\n<meta name=\"robots\" content=\"index, follow, max-snippet:-1, max-image-preview:large, max-video-preview:-1\" \/>\n<link rel=\"canonical\" href=\"https:\/\/www.ensembleintercontemporain.com\/fr\/2025\/02\/polyphonie-x-de-pierre-boulez\/\" \/>\n<meta property=\"og:locale\" content=\"fr_FR\" \/>\n<meta property=\"og:type\" content=\"article\" \/>\n<meta property=\"og:title\" content=\"&quot;Polyphonie X&quot; de Pierre Boulez. - Ensemble intercontemporain\" \/>\n<meta property=\"og:description\" content=\"Les nombreux concerts et autres \u00e9v\u00e9nements c\u00e9l\u00e9brant le centenaire de la naissance de Pierre Boulez en 2025 sont l&#039;occasion de d\u00e9couvrir des \u0153uvres de jeunesse rarissimes du compositeur, comme &quot;Polyphonie X&quot; au programme de l&#039;atelier-concert du 26 mars \u00e0 la Philharmonie de Paris.\u00a0\" \/>\n<meta property=\"og:url\" content=\"https:\/\/www.ensembleintercontemporain.com\/fr\/2025\/02\/polyphonie-x-de-pierre-boulez\/\" \/>\n<meta property=\"og:site_name\" content=\"Ensemble intercontemporain\" \/>\n<meta property=\"article:published_time\" content=\"2025-02-27T16:34:30+00:00\" \/>\n<meta property=\"og:image\" content=\"https:\/\/www.ensembleintercontemporain.com\/content\/uploads\/2025\/02\/akg1029441-nb.jpg\" \/>\n\t<meta property=\"og:image:width\" content=\"1920\" \/>\n\t<meta property=\"og:image:height\" content=\"1419\" \/>\n\t<meta property=\"og:image:type\" content=\"image\/jpeg\" \/>\n<meta name=\"author\" content=\"Claude Abromont\" \/>\n<meta name=\"twitter:card\" content=\"summary_large_image\" \/>\n<meta name=\"twitter:label1\" content=\"\u00c9crit par\" \/>\n\t<meta name=\"twitter:data1\" content=\"Claude Abromont\" \/>\n\t<meta name=\"twitter:label2\" content=\"Dur\u00e9e de lecture estim\u00e9e\" \/>\n\t<meta name=\"twitter:data2\" content=\"3 minutes\" \/>\n<script type=\"application\/ld+json\" class=\"yoast-schema-graph\">{\"@context\":\"https:\\\/\\\/schema.org\",\"@graph\":[{\"@type\":\"Article\",\"@id\":\"https:\\\/\\\/www.ensembleintercontemporain.com\\\/fr\\\/2025\\\/02\\\/polyphonie-x-de-pierre-boulez\\\/#article\",\"isPartOf\":{\"@id\":\"https:\\\/\\\/www.ensembleintercontemporain.com\\\/fr\\\/2025\\\/02\\\/polyphonie-x-de-pierre-boulez\\\/\"},\"author\":{\"name\":\"Claude Abromont\",\"@id\":\"https:\\\/\\\/www.ensembleintercontemporain.com\\\/en\\\/#\\\/schema\\\/person\\\/7f169893d85972f2f893862d123f9ed9\"},\"headline\":\"\u00ab\u00a0Polyphonie X\u00a0\u00bb de Pierre Boulez.\",\"datePublished\":\"2025-02-27T16:34:30+00:00\",\"mainEntityOfPage\":{\"@id\":\"https:\\\/\\\/www.ensembleintercontemporain.com\\\/fr\\\/2025\\\/02\\\/polyphonie-x-de-pierre-boulez\\\/\"},\"wordCount\":443,\"image\":{\"@id\":\"https:\\\/\\\/www.ensembleintercontemporain.com\\\/fr\\\/2025\\\/02\\\/polyphonie-x-de-pierre-boulez\\\/#primaryimage\"},\"thumbnailUrl\":\"https:\\\/\\\/www.ensembleintercontemporain.com\\\/content\\\/uploads\\\/2025\\\/02\\\/akg1029441-nb.jpg\",\"articleSection\":[\"\u00c9clairage\"],\"inLanguage\":\"fr-FR\"},{\"@type\":\"WebPage\",\"@id\":\"https:\\\/\\\/www.ensembleintercontemporain.com\\\/fr\\\/2025\\\/02\\\/polyphonie-x-de-pierre-boulez\\\/\",\"url\":\"https:\\\/\\\/www.ensembleintercontemporain.com\\\/fr\\\/2025\\\/02\\\/polyphonie-x-de-pierre-boulez\\\/\",\"name\":\"\\\"Polyphonie X\\\" de Pierre Boulez. - Ensemble intercontemporain\",\"isPartOf\":{\"@id\":\"https:\\\/\\\/www.ensembleintercontemporain.com\\\/en\\\/#website\"},\"primaryImageOfPage\":{\"@id\":\"https:\\\/\\\/www.ensembleintercontemporain.com\\\/fr\\\/2025\\\/02\\\/polyphonie-x-de-pierre-boulez\\\/#primaryimage\"},\"image\":{\"@id\":\"https:\\\/\\\/www.ensembleintercontemporain.com\\\/fr\\\/2025\\\/02\\\/polyphonie-x-de-pierre-boulez\\\/#primaryimage\"},\"thumbnailUrl\":\"https:\\\/\\\/www.ensembleintercontemporain.com\\\/content\\\/uploads\\\/2025\\\/02\\\/akg1029441-nb.jpg\",\"datePublished\":\"2025-02-27T16:34:30+00:00\",\"author\":{\"@id\":\"https:\\\/\\\/www.ensembleintercontemporain.com\\\/en\\\/#\\\/schema\\\/person\\\/7f169893d85972f2f893862d123f9ed9\"},\"breadcrumb\":{\"@id\":\"https:\\\/\\\/www.ensembleintercontemporain.com\\\/fr\\\/2025\\\/02\\\/polyphonie-x-de-pierre-boulez\\\/#breadcrumb\"},\"inLanguage\":\"fr-FR\",\"potentialAction\":[{\"@type\":\"ReadAction\",\"target\":[\"https:\\\/\\\/www.ensembleintercontemporain.com\\\/fr\\\/2025\\\/02\\\/polyphonie-x-de-pierre-boulez\\\/\"]}]},{\"@type\":\"ImageObject\",\"inLanguage\":\"fr-FR\",\"@id\":\"https:\\\/\\\/www.ensembleintercontemporain.com\\\/fr\\\/2025\\\/02\\\/polyphonie-x-de-pierre-boulez\\\/#primaryimage\",\"url\":\"https:\\\/\\\/www.ensembleintercontemporain.com\\\/content\\\/uploads\\\/2025\\\/02\\\/akg1029441-nb.jpg\",\"contentUrl\":\"https:\\\/\\\/www.ensembleintercontemporain.com\\\/content\\\/uploads\\\/2025\\\/02\\\/akg1029441-nb.jpg\",\"width\":1920,\"height\":1419},{\"@type\":\"BreadcrumbList\",\"@id\":\"https:\\\/\\\/www.ensembleintercontemporain.com\\\/fr\\\/2025\\\/02\\\/polyphonie-x-de-pierre-boulez\\\/#breadcrumb\",\"itemListElement\":[{\"@type\":\"ListItem\",\"position\":1,\"name\":\"Home\",\"item\":\"https:\\\/\\\/www.ensembleintercontemporain.com\\\/fr\\\/\"},{\"@type\":\"ListItem\",\"position\":2,\"name\":\"\u00ab\u00a0Polyphonie X\u00a0\u00bb de Pierre Boulez.\"}]},{\"@type\":\"WebSite\",\"@id\":\"https:\\\/\\\/www.ensembleintercontemporain.com\\\/en\\\/#website\",\"url\":\"https:\\\/\\\/www.ensembleintercontemporain.com\\\/en\\\/\",\"name\":\"Ensemble intercontemporain\",\"description\":\"\",\"potentialAction\":[{\"@type\":\"SearchAction\",\"target\":{\"@type\":\"EntryPoint\",\"urlTemplate\":\"https:\\\/\\\/www.ensembleintercontemporain.com\\\/en\\\/?s={search_term_string}\"},\"query-input\":{\"@type\":\"PropertyValueSpecification\",\"valueRequired\":true,\"valueName\":\"search_term_string\"}}],\"inLanguage\":\"fr-FR\"},{\"@type\":\"Person\",\"@id\":\"https:\\\/\\\/www.ensembleintercontemporain.com\\\/en\\\/#\\\/schema\\\/person\\\/7f169893d85972f2f893862d123f9ed9\",\"name\":\"Claude Abromont\",\"image\":{\"@type\":\"ImageObject\",\"inLanguage\":\"fr-FR\",\"@id\":\"https:\\\/\\\/secure.gravatar.com\\\/avatar\\\/315360b21a5ac6b8156a9602a12ba45f332b1ad3d3ecb872f6ab25a2cd0f3196?s=96&d=mm&r=g\",\"url\":\"https:\\\/\\\/secure.gravatar.com\\\/avatar\\\/315360b21a5ac6b8156a9602a12ba45f332b1ad3d3ecb872f6ab25a2cd0f3196?s=96&d=mm&r=g\",\"contentUrl\":\"https:\\\/\\\/secure.gravatar.com\\\/avatar\\\/315360b21a5ac6b8156a9602a12ba45f332b1ad3d3ecb872f6ab25a2cd0f3196?s=96&d=mm&r=g\",\"caption\":\"Claude Abromont\"},\"url\":\"https:\\\/\\\/www.ensembleintercontemporain.com\\\/fr\\\/author\\\/c-abromont\\\/\"}]}<\/script>\n<!-- \/ Yoast SEO plugin. -->","yoast_head_json":{"title":"\"Polyphonie X\" de Pierre Boulez. - Ensemble intercontemporain","robots":{"index":"index","follow":"follow","max-snippet":"max-snippet:-1","max-image-preview":"max-image-preview:large","max-video-preview":"max-video-preview:-1"},"canonical":"https:\/\/www.ensembleintercontemporain.com\/fr\/2025\/02\/polyphonie-x-de-pierre-boulez\/","og_locale":"fr_FR","og_type":"article","og_title":"\"Polyphonie X\" de Pierre Boulez. - Ensemble intercontemporain","og_description":"Les nombreux concerts et autres \u00e9v\u00e9nements c\u00e9l\u00e9brant le centenaire de la naissance de Pierre Boulez en 2025 sont l'occasion de d\u00e9couvrir des \u0153uvres de jeunesse rarissimes du compositeur, comme \"Polyphonie X\" au programme de l'atelier-concert du 26 mars \u00e0 la Philharmonie de Paris.\u00a0","og_url":"https:\/\/www.ensembleintercontemporain.com\/fr\/2025\/02\/polyphonie-x-de-pierre-boulez\/","og_site_name":"Ensemble intercontemporain","article_published_time":"2025-02-27T16:34:30+00:00","og_image":[{"width":1920,"height":1419,"url":"https:\/\/www.ensembleintercontemporain.com\/content\/uploads\/2025\/02\/akg1029441-nb.jpg","type":"image\/jpeg"}],"author":"Claude Abromont","twitter_card":"summary_large_image","twitter_misc":{"\u00c9crit par":"Claude Abromont","Dur\u00e9e de lecture estim\u00e9e":"3 minutes"},"schema":{"@context":"https:\/\/schema.org","@graph":[{"@type":"Article","@id":"https:\/\/www.ensembleintercontemporain.com\/fr\/2025\/02\/polyphonie-x-de-pierre-boulez\/#article","isPartOf":{"@id":"https:\/\/www.ensembleintercontemporain.com\/fr\/2025\/02\/polyphonie-x-de-pierre-boulez\/"},"author":{"name":"Claude Abromont","@id":"https:\/\/www.ensembleintercontemporain.com\/en\/#\/schema\/person\/7f169893d85972f2f893862d123f9ed9"},"headline":"\u00ab\u00a0Polyphonie X\u00a0\u00bb de Pierre Boulez.","datePublished":"2025-02-27T16:34:30+00:00","mainEntityOfPage":{"@id":"https:\/\/www.ensembleintercontemporain.com\/fr\/2025\/02\/polyphonie-x-de-pierre-boulez\/"},"wordCount":443,"image":{"@id":"https:\/\/www.ensembleintercontemporain.com\/fr\/2025\/02\/polyphonie-x-de-pierre-boulez\/#primaryimage"},"thumbnailUrl":"https:\/\/www.ensembleintercontemporain.com\/content\/uploads\/2025\/02\/akg1029441-nb.jpg","articleSection":["\u00c9clairage"],"inLanguage":"fr-FR"},{"@type":"WebPage","@id":"https:\/\/www.ensembleintercontemporain.com\/fr\/2025\/02\/polyphonie-x-de-pierre-boulez\/","url":"https:\/\/www.ensembleintercontemporain.com\/fr\/2025\/02\/polyphonie-x-de-pierre-boulez\/","name":"\"Polyphonie X\" de Pierre Boulez. - Ensemble intercontemporain","isPartOf":{"@id":"https:\/\/www.ensembleintercontemporain.com\/en\/#website"},"primaryImageOfPage":{"@id":"https:\/\/www.ensembleintercontemporain.com\/fr\/2025\/02\/polyphonie-x-de-pierre-boulez\/#primaryimage"},"image":{"@id":"https:\/\/www.ensembleintercontemporain.com\/fr\/2025\/02\/polyphonie-x-de-pierre-boulez\/#primaryimage"},"thumbnailUrl":"https:\/\/www.ensembleintercontemporain.com\/content\/uploads\/2025\/02\/akg1029441-nb.jpg","datePublished":"2025-02-27T16:34:30+00:00","author":{"@id":"https:\/\/www.ensembleintercontemporain.com\/en\/#\/schema\/person\/7f169893d85972f2f893862d123f9ed9"},"breadcrumb":{"@id":"https:\/\/www.ensembleintercontemporain.com\/fr\/2025\/02\/polyphonie-x-de-pierre-boulez\/#breadcrumb"},"inLanguage":"fr-FR","potentialAction":[{"@type":"ReadAction","target":["https:\/\/www.ensembleintercontemporain.com\/fr\/2025\/02\/polyphonie-x-de-pierre-boulez\/"]}]},{"@type":"ImageObject","inLanguage":"fr-FR","@id":"https:\/\/www.ensembleintercontemporain.com\/fr\/2025\/02\/polyphonie-x-de-pierre-boulez\/#primaryimage","url":"https:\/\/www.ensembleintercontemporain.com\/content\/uploads\/2025\/02\/akg1029441-nb.jpg","contentUrl":"https:\/\/www.ensembleintercontemporain.com\/content\/uploads\/2025\/02\/akg1029441-nb.jpg","width":1920,"height":1419},{"@type":"BreadcrumbList","@id":"https:\/\/www.ensembleintercontemporain.com\/fr\/2025\/02\/polyphonie-x-de-pierre-boulez\/#breadcrumb","itemListElement":[{"@type":"ListItem","position":1,"name":"Home","item":"https:\/\/www.ensembleintercontemporain.com\/fr\/"},{"@type":"ListItem","position":2,"name":"\u00ab\u00a0Polyphonie X\u00a0\u00bb de Pierre Boulez."}]},{"@type":"WebSite","@id":"https:\/\/www.ensembleintercontemporain.com\/en\/#website","url":"https:\/\/www.ensembleintercontemporain.com\/en\/","name":"Ensemble intercontemporain","description":"","potentialAction":[{"@type":"SearchAction","target":{"@type":"EntryPoint","urlTemplate":"https:\/\/www.ensembleintercontemporain.com\/en\/?s={search_term_string}"},"query-input":{"@type":"PropertyValueSpecification","valueRequired":true,"valueName":"search_term_string"}}],"inLanguage":"fr-FR"},{"@type":"Person","@id":"https:\/\/www.ensembleintercontemporain.com\/en\/#\/schema\/person\/7f169893d85972f2f893862d123f9ed9","name":"Claude Abromont","image":{"@type":"ImageObject","inLanguage":"fr-FR","@id":"https:\/\/secure.gravatar.com\/avatar\/315360b21a5ac6b8156a9602a12ba45f332b1ad3d3ecb872f6ab25a2cd0f3196?s=96&d=mm&r=g","url":"https:\/\/secure.gravatar.com\/avatar\/315360b21a5ac6b8156a9602a12ba45f332b1ad3d3ecb872f6ab25a2cd0f3196?s=96&d=mm&r=g","contentUrl":"https:\/\/secure.gravatar.com\/avatar\/315360b21a5ac6b8156a9602a12ba45f332b1ad3d3ecb872f6ab25a2cd0f3196?s=96&d=mm&r=g","caption":"Claude Abromont"},"url":"https:\/\/www.ensembleintercontemporain.com\/fr\/author\/c-abromont\/"}]}},"_links":{"self":[{"href":"https:\/\/www.ensembleintercontemporain.com\/fr\/wp-json\/wp\/v2\/posts\/28436\/"}],"collection":[{"href":"https:\/\/www.ensembleintercontemporain.com\/fr\/wp-json\/wp\/v2\/posts\/"}],"about":[{"href":"https:\/\/www.ensembleintercontemporain.com\/fr\/wp-json\/wp\/v2\/types\/post\/"}],"author":[{"embeddable":true,"href":"https:\/\/www.ensembleintercontemporain.com\/fr\/wp-json\/wp\/v2\/users\/232\/"}],"replies":[{"embeddable":true,"href":"https:\/\/www.ensembleintercontemporain.com\/fr\/wp-json\/wp\/v2\/comments\/?post=28436"}],"version-history":[{"count":12,"href":"https:\/\/www.ensembleintercontemporain.com\/fr\/wp-json\/wp\/v2\/posts\/28436\/revisions\/"}],"predecessor-version":[{"id":28452,"href":"https:\/\/www.ensembleintercontemporain.com\/fr\/wp-json\/wp\/v2\/posts\/28436\/revisions\/28452\/"}],"wp:featuredmedia":[{"embeddable":true,"href":"https:\/\/www.ensembleintercontemporain.com\/fr\/wp-json\/wp\/v2\/media\/28437\/"}],"wp:attachment":[{"href":"https:\/\/www.ensembleintercontemporain.com\/fr\/wp-json\/wp\/v2\/media\/?parent=28436"}],"wp:term":[{"taxonomy":"category","embeddable":true,"href":"https:\/\/www.ensembleintercontemporain.com\/fr\/wp-json\/wp\/v2\/categories\/?post=28436"},{"taxonomy":"post_tag","embeddable":true,"href":"https:\/\/www.ensembleintercontemporain.com\/fr\/wp-json\/wp\/v2\/tags\/?post=28436"}],"curies":[{"name":"wp","href":"https:\/\/api.w.org\/{rel}","templated":true}]}}