{"id":27942,"date":"2024-12-06T17:29:03","date_gmt":"2024-12-06T16:29:03","guid":{"rendered":"https:\/\/www.ensembleintercontemporain.com\/?p=27942"},"modified":"2024-12-06T17:29:03","modified_gmt":"2024-12-06T16:29:03","slug":"edgard-varese-arcana","status":"publish","type":"post","link":"https:\/\/www.ensembleintercontemporain.com\/fr\/2024\/12\/edgard-varese-arcana\/","title":{"rendered":"Edgard Var\u00e8se : \u00ab\u00a0Arcana\u00a0\u00bb"},"content":{"rendered":"<p><span style=\"font-size: 14pt;\"><img loading=\"lazy\" decoding=\"async\" class=\"aligncenter size-full wp-image-27943\" src=\"http:\/\/www.ensembleintercontemporain.com\/content\/uploads\/2024\/12\/unknown.jpeg\" alt=\"\" width=\"1920\" height=\"1283\" srcset=\"https:\/\/www.ensembleintercontemporain.com\/content\/uploads\/2024\/12\/unknown.jpeg 1920w, https:\/\/www.ensembleintercontemporain.com\/content\/uploads\/2024\/12\/unknown-300x200.jpeg 300w, https:\/\/www.ensembleintercontemporain.com\/content\/uploads\/2024\/12\/unknown-1024x684.jpeg 1024w, https:\/\/www.ensembleintercontemporain.com\/content\/uploads\/2024\/12\/unknown-768x513.jpeg 768w, https:\/\/www.ensembleintercontemporain.com\/content\/uploads\/2024\/12\/unknown-1536x1026.jpeg 1536w\" sizes=\"auto, (max-width: 1920px) 100vw, 1920px\" \/><br \/>\n\u00ab Une \u00e9toile existe, plus haut que tout le reste. Celle-ci est l\u2019\u00e9toile de l\u2019Apocalypse. La deuxi\u00e8me est celle de l\u2019ascendant. La troisi\u00e8me est celle des \u00e9l\u00e9ments, qui sont quatre ; il y a donc six \u00e9toiles \u00e9tablies. Outre celles-ci il y a encore une autre \u00e9toile, l\u2019imagination, qui donne naissance \u00e0 une nouvelle \u00e9toile et un nouveau ciel. \u00bb<\/span><br \/>\n<span style=\"font-size: 14pt;\">Paracelse<br \/>\n<\/span><span style=\"font-size: 14pt;\">M\u00e9decin, philosophe, th\u00e9ologien et alchimiste<\/span><\/p>\n<p><span style=\"font-size: 14pt;\">\u00ab Le titre de mon \u0153uvre et la citation de Paracelse plac\u00e9e en exergue n\u2019ont aucun lien avec le travail de composition de l\u2019\u0153uvre \u00bb, \u00e9crit Edgard Var\u00e8se au sujet d\u2019<em>Arcana<\/em>, comme pour dissiper tout malentendu. En vain, du reste, puisque nombre de commentateurs et de musicologues continueront \u00e0 analyser la partition au crible de cette vision astrologique du fameux alchimiste suisse de langue allemande.<\/span><br \/>\n<span style=\"font-size: 14pt;\">\u2028En v\u00e9rit\u00e9, si l\u2019alchimie a pu fournir une premi\u00e8re inspiration \u00e0 <em>Arcana<\/em>, dont la composition d\u00e9bute peu apr\u00e8s la cr\u00e9ation d\u2019<em>Int\u00e9grales<\/em>, \u00e0 New York au printemps 1925, tout ou presque de ce que Var\u00e8se aura compos\u00e9 jusqu\u2019\u00e0 l\u2019automne 1926 sera tout bonnement jet\u00e9 \u00e0 la poubelle. Entretemps, le compositeur est revenu \u00e0 Paris, et loge sur l\u2019Ile Saint-Louis, et l\u2019on peut suivre, presque pas \u00e0 pas, l\u2019avanc\u00e9e du travail via l\u2019abondante correspondance qu\u2019il entretient avec sa femme. Ainsi, dans une lettre dat\u00e9e du 9 octobre 1926, lui relate-t-il ce r\u00eave \u00e9trange (et p\u00e9n\u00e9trant ?) qu\u2019il vient de faire :<\/span><\/p>\n<p><span style=\"font-size: 14pt;\"><img loading=\"lazy\" decoding=\"async\" class=\"alignleft wp-image-27952\" src=\"http:\/\/www.ensembleintercontemporain.com\/content\/uploads\/2024\/12\/edgard-varese-214x300.jpg\" alt=\"\" width=\"300\" height=\"421\" srcset=\"https:\/\/www.ensembleintercontemporain.com\/content\/uploads\/2024\/12\/edgard-varese-214x300.jpg 214w, https:\/\/www.ensembleintercontemporain.com\/content\/uploads\/2024\/12\/edgard-varese-730x1024.jpg 730w, https:\/\/www.ensembleintercontemporain.com\/content\/uploads\/2024\/12\/edgard-varese-768x1077.jpg 768w, https:\/\/www.ensembleintercontemporain.com\/content\/uploads\/2024\/12\/edgard-varese.jpg 856w\" sizes=\"auto, (max-width: 300px) 100vw, 300px\" \/>\u00ab J\u2019ai r\u00eav\u00e9 de deux Fanfares. J\u2019\u00e9tais sur un bateau qui tournoyait en plein oc\u00e9an vertigineusement en grands cercles. Au loin, on voyait un phare tr\u00e8s haut \u2013 et tout en haut, un ange \u2013 et c\u2019\u00e9tait toi \u2013 une trompette dans chaque main. Alternativement : projections de toutes couleurs \u2013 rouge \u2013 verte \u2013 jaune \u2013 bleue \u2013 et tu jouais la Fanfare no 1 \u2013 trompette main droite. Puis brusquement le ciel devenait incandescent, aveuglant, tu portais ta main gauche \u00e0 ta bouche, et la Fanfare no 2 \u00e9clatait. Et le bateau tournait et filait et les alternances de projections et d\u2019incandescence devenaient plus fr\u00e9quentes \u2013 intensifi\u00e9es \u2013 et les Fanfares plus impatientes\u2026 et puis je me suis r\u00e9veill\u00e9 mais ce sera quand m\u00eame dans <em>Arcanes<\/em>. \u00bb<br \/>\n<\/span><span style=\"font-size: 14pt;\">Var\u00e8se pousse le vice jusqu\u2019\u00e0 transcrire musicalement ces deux fanfares que l\u2019on croisera \u00e0 plusieurs occasions au cours de la pi\u00e8ce \u2013 m\u00eame si le mat\u00e9riau a \u00e9volu\u00e9 entre leur notation premi\u00e8re au r\u00e9veil et la version finale de la partition, r\u00e9vis\u00e9e \u00e0 plusieurs reprises, en 1931 et 1960.<\/span><br \/>\n<span style=\"font-size: 14pt;\">\u2028Nous sommes alors en 1926. Le tout-Paris artistique bruisse du Manifeste du surr\u00e9alisme publi\u00e9 par Andr\u00e9 Breton deux ans auparavant. Var\u00e8se, qui avait d\u00e9j\u00e0 suivi de loin Dada, fr\u00e9quente bon nombre des acteurs les plus influents du mouvement. Et son processus cr\u00e9atif s\u2019en ressent fortement.\u2028 Aussi, dans sa lettre du 25 octobre, il annonce \u00e0 sa femme que ce n\u2019est plus seulement les deux Fanfares qui seront dans <em>Arcana<\/em>, c\u2019est toute la pi\u00e8ce qui en est boulevers\u00e9e : \u00ab \u00c9tais arriv\u00e9 \u00e0 moiti\u00e9, ai tout d\u00e9truit et br\u00fbl\u00e9, et j\u2019ai recommenc\u00e9 \u00bb. Puis encore, le 11 novembre : \u00ab <em>Arcanes<\/em> marche, ou plut\u00f4t va marcher bien. Je suis content de les avoir d\u00e9chir\u00e9es et d\u2019avoir recommenc\u00e9 \u00bb.<\/span><br \/>\n<span style=\"font-size: 14pt;\">\u2028Ainsi le r\u00eave fait-il office de catalyseur \u00e0 cette m\u00e9taphore de l\u2019alchimie qu\u2019est la pi\u00e8ce, de ses transmutations et secr\u00e8tes arcanes.<\/span><\/p>\n<p><span style=\"color: #003366;\"><a style=\"color: #003366;\" href=\"https:\/\/www.ensembleintercontemporain.com\/fr\/concert\/grand-soir-edgard-varese-2024-12-10-20h00-paris\/\"><strong><em>Arcana<\/em> en concert le 10.12.2024 \u00e0 la Philharmonie de Paris.<\/strong><\/a><\/span><\/p>\n<p>Photos \u00a9 Anne-Elise Grosbois \/ E. Var\u00e8se : source resmusica.com<\/p>\n","protected":false},"excerpt":{"rendered":"<p>\u00ab Une \u00e9toile existe, plus haut que tout le reste. Celle-ci est l\u2019\u00e9toile de l\u2019Apocalypse. La deuxi\u00e8me est celle de l\u2019ascendant. La troisi\u00e8me est celle des \u00e9l\u00e9ments, qui sont quatre ; il y a donc six \u00e9toiles \u00e9tablies. Outre celles-ci il y a encore une autre \u00e9toile, l\u2019imagination, qui donne naissance \u00e0 une nouvelle \u00e9toile [&hellip;]<\/p>\n","protected":false},"author":5,"featured_media":27943,"comment_status":"closed","ping_status":"closed","sticky":false,"template":"","format":"standard","meta":{"_acf_changed":false,"footnotes":""},"categories":[102],"tags":[],"class_list":["post-27942","post","type-post","status-publish","format-standard","has-post-thumbnail","hentry","category-eclairage","concert-grand-soir-edgard-varese"],"acf":[],"yoast_head":"<!-- This site is optimized with the Yoast SEO plugin v27.5 - https:\/\/yoast.com\/product\/yoast-seo-wordpress\/ -->\n<title>Edgard Var\u00e8se : &quot;Arcana&quot; - Ensemble intercontemporain<\/title>\n<meta name=\"robots\" content=\"index, follow, max-snippet:-1, max-image-preview:large, max-video-preview:-1\" \/>\n<link rel=\"canonical\" href=\"https:\/\/www.ensembleintercontemporain.com\/fr\/2024\/12\/edgard-varese-arcana\/\" \/>\n<meta property=\"og:locale\" content=\"fr_FR\" \/>\n<meta property=\"og:type\" content=\"article\" \/>\n<meta property=\"og:title\" content=\"Edgard Var\u00e8se : &quot;Arcana&quot; - Ensemble intercontemporain\" \/>\n<meta property=\"og:description\" content=\"\u00ab Une \u00e9toile existe, plus haut que tout le reste. Celle-ci est l\u2019\u00e9toile de l\u2019Apocalypse. La deuxi\u00e8me est celle de l\u2019ascendant. La troisi\u00e8me est celle des \u00e9l\u00e9ments, qui sont quatre ; il y a donc six \u00e9toiles \u00e9tablies. Outre celles-ci il y a encore une autre \u00e9toile, l\u2019imagination, qui donne naissance \u00e0 une nouvelle \u00e9toile [&hellip;]\" \/>\n<meta property=\"og:url\" content=\"https:\/\/www.ensembleintercontemporain.com\/fr\/2024\/12\/edgard-varese-arcana\/\" \/>\n<meta property=\"og:site_name\" content=\"Ensemble intercontemporain\" \/>\n<meta property=\"article:published_time\" content=\"2024-12-06T16:29:03+00:00\" \/>\n<meta property=\"og:image\" content=\"https:\/\/www.ensembleintercontemporain.com\/content\/uploads\/2024\/12\/unknown.jpeg\" \/>\n\t<meta property=\"og:image:width\" content=\"1920\" \/>\n\t<meta property=\"og:image:height\" content=\"1283\" \/>\n\t<meta property=\"og:image:type\" content=\"image\/jpeg\" \/>\n<meta name=\"author\" content=\"J\u00e9remie Szpirglas\" \/>\n<meta name=\"twitter:card\" content=\"summary_large_image\" \/>\n<meta name=\"twitter:label1\" content=\"\u00c9crit par\" \/>\n\t<meta name=\"twitter:data1\" content=\"J\u00e9remie Szpirglas\" \/>\n\t<meta name=\"twitter:label2\" content=\"Dur\u00e9e de lecture estim\u00e9e\" \/>\n\t<meta name=\"twitter:data2\" content=\"4 minutes\" \/>\n<script type=\"application\/ld+json\" class=\"yoast-schema-graph\">{\"@context\":\"https:\\\/\\\/schema.org\",\"@graph\":[{\"@type\":\"Article\",\"@id\":\"https:\\\/\\\/www.ensembleintercontemporain.com\\\/fr\\\/2024\\\/12\\\/edgard-varese-arcana\\\/#article\",\"isPartOf\":{\"@id\":\"https:\\\/\\\/www.ensembleintercontemporain.com\\\/fr\\\/2024\\\/12\\\/edgard-varese-arcana\\\/\"},\"author\":{\"name\":\"J\u00e9remie Szpirglas\",\"@id\":\"https:\\\/\\\/www.ensembleintercontemporain.com\\\/en\\\/#\\\/schema\\\/person\\\/439a7dd5cd8a167c34c931d7cc900214\"},\"headline\":\"Edgard Var\u00e8se : \u00ab\u00a0Arcana\u00a0\u00bb\",\"datePublished\":\"2024-12-06T16:29:03+00:00\",\"mainEntityOfPage\":{\"@id\":\"https:\\\/\\\/www.ensembleintercontemporain.com\\\/fr\\\/2024\\\/12\\\/edgard-varese-arcana\\\/\"},\"wordCount\":593,\"image\":{\"@id\":\"https:\\\/\\\/www.ensembleintercontemporain.com\\\/fr\\\/2024\\\/12\\\/edgard-varese-arcana\\\/#primaryimage\"},\"thumbnailUrl\":\"https:\\\/\\\/www.ensembleintercontemporain.com\\\/content\\\/uploads\\\/2024\\\/12\\\/unknown.jpeg\",\"articleSection\":[\"\u00c9clairage\"],\"inLanguage\":\"fr-FR\"},{\"@type\":\"WebPage\",\"@id\":\"https:\\\/\\\/www.ensembleintercontemporain.com\\\/fr\\\/2024\\\/12\\\/edgard-varese-arcana\\\/\",\"url\":\"https:\\\/\\\/www.ensembleintercontemporain.com\\\/fr\\\/2024\\\/12\\\/edgard-varese-arcana\\\/\",\"name\":\"Edgard Var\u00e8se : \\\"Arcana\\\" - Ensemble intercontemporain\",\"isPartOf\":{\"@id\":\"https:\\\/\\\/www.ensembleintercontemporain.com\\\/en\\\/#website\"},\"primaryImageOfPage\":{\"@id\":\"https:\\\/\\\/www.ensembleintercontemporain.com\\\/fr\\\/2024\\\/12\\\/edgard-varese-arcana\\\/#primaryimage\"},\"image\":{\"@id\":\"https:\\\/\\\/www.ensembleintercontemporain.com\\\/fr\\\/2024\\\/12\\\/edgard-varese-arcana\\\/#primaryimage\"},\"thumbnailUrl\":\"https:\\\/\\\/www.ensembleintercontemporain.com\\\/content\\\/uploads\\\/2024\\\/12\\\/unknown.jpeg\",\"datePublished\":\"2024-12-06T16:29:03+00:00\",\"author\":{\"@id\":\"https:\\\/\\\/www.ensembleintercontemporain.com\\\/en\\\/#\\\/schema\\\/person\\\/439a7dd5cd8a167c34c931d7cc900214\"},\"breadcrumb\":{\"@id\":\"https:\\\/\\\/www.ensembleintercontemporain.com\\\/fr\\\/2024\\\/12\\\/edgard-varese-arcana\\\/#breadcrumb\"},\"inLanguage\":\"fr-FR\",\"potentialAction\":[{\"@type\":\"ReadAction\",\"target\":[\"https:\\\/\\\/www.ensembleintercontemporain.com\\\/fr\\\/2024\\\/12\\\/edgard-varese-arcana\\\/\"]}]},{\"@type\":\"ImageObject\",\"inLanguage\":\"fr-FR\",\"@id\":\"https:\\\/\\\/www.ensembleintercontemporain.com\\\/fr\\\/2024\\\/12\\\/edgard-varese-arcana\\\/#primaryimage\",\"url\":\"https:\\\/\\\/www.ensembleintercontemporain.com\\\/content\\\/uploads\\\/2024\\\/12\\\/unknown.jpeg\",\"contentUrl\":\"https:\\\/\\\/www.ensembleintercontemporain.com\\\/content\\\/uploads\\\/2024\\\/12\\\/unknown.jpeg\",\"width\":1920,\"height\":1283},{\"@type\":\"BreadcrumbList\",\"@id\":\"https:\\\/\\\/www.ensembleintercontemporain.com\\\/fr\\\/2024\\\/12\\\/edgard-varese-arcana\\\/#breadcrumb\",\"itemListElement\":[{\"@type\":\"ListItem\",\"position\":1,\"name\":\"Home\",\"item\":\"https:\\\/\\\/www.ensembleintercontemporain.com\\\/fr\\\/\"},{\"@type\":\"ListItem\",\"position\":2,\"name\":\"Edgard Var\u00e8se : \u00ab\u00a0Arcana\u00a0\u00bb\"}]},{\"@type\":\"WebSite\",\"@id\":\"https:\\\/\\\/www.ensembleintercontemporain.com\\\/en\\\/#website\",\"url\":\"https:\\\/\\\/www.ensembleintercontemporain.com\\\/en\\\/\",\"name\":\"Ensemble intercontemporain\",\"description\":\"\",\"potentialAction\":[{\"@type\":\"SearchAction\",\"target\":{\"@type\":\"EntryPoint\",\"urlTemplate\":\"https:\\\/\\\/www.ensembleintercontemporain.com\\\/en\\\/?s={search_term_string}\"},\"query-input\":{\"@type\":\"PropertyValueSpecification\",\"valueRequired\":true,\"valueName\":\"search_term_string\"}}],\"inLanguage\":\"fr-FR\"},{\"@type\":\"Person\",\"@id\":\"https:\\\/\\\/www.ensembleintercontemporain.com\\\/en\\\/#\\\/schema\\\/person\\\/439a7dd5cd8a167c34c931d7cc900214\",\"name\":\"J\u00e9remie Szpirglas\",\"image\":{\"@type\":\"ImageObject\",\"inLanguage\":\"fr-FR\",\"@id\":\"https:\\\/\\\/secure.gravatar.com\\\/avatar\\\/51406c8ec861211e1bd97cfab9a482b48101946652a6a78f911670a9a593f3ed?s=96&d=mm&r=g\",\"url\":\"https:\\\/\\\/secure.gravatar.com\\\/avatar\\\/51406c8ec861211e1bd97cfab9a482b48101946652a6a78f911670a9a593f3ed?s=96&d=mm&r=g\",\"contentUrl\":\"https:\\\/\\\/secure.gravatar.com\\\/avatar\\\/51406c8ec861211e1bd97cfab9a482b48101946652a6a78f911670a9a593f3ed?s=96&d=mm&r=g\",\"caption\":\"J\u00e9remie Szpirglas\"},\"url\":\"https:\\\/\\\/www.ensembleintercontemporain.com\\\/fr\\\/author\\\/benjamin-szpirglas\\\/\"}]}<\/script>\n<!-- \/ Yoast SEO plugin. -->","yoast_head_json":{"title":"Edgard Var\u00e8se : \"Arcana\" - Ensemble intercontemporain","robots":{"index":"index","follow":"follow","max-snippet":"max-snippet:-1","max-image-preview":"max-image-preview:large","max-video-preview":"max-video-preview:-1"},"canonical":"https:\/\/www.ensembleintercontemporain.com\/fr\/2024\/12\/edgard-varese-arcana\/","og_locale":"fr_FR","og_type":"article","og_title":"Edgard Var\u00e8se : \"Arcana\" - Ensemble intercontemporain","og_description":"\u00ab Une \u00e9toile existe, plus haut que tout le reste. Celle-ci est l\u2019\u00e9toile de l\u2019Apocalypse. La deuxi\u00e8me est celle de l\u2019ascendant. La troisi\u00e8me est celle des \u00e9l\u00e9ments, qui sont quatre ; il y a donc six \u00e9toiles \u00e9tablies. Outre celles-ci il y a encore une autre \u00e9toile, l\u2019imagination, qui donne naissance \u00e0 une nouvelle \u00e9toile [&hellip;]","og_url":"https:\/\/www.ensembleintercontemporain.com\/fr\/2024\/12\/edgard-varese-arcana\/","og_site_name":"Ensemble intercontemporain","article_published_time":"2024-12-06T16:29:03+00:00","og_image":[{"width":1920,"height":1283,"url":"https:\/\/www.ensembleintercontemporain.com\/content\/uploads\/2024\/12\/unknown.jpeg","type":"image\/jpeg"}],"author":"J\u00e9remie Szpirglas","twitter_card":"summary_large_image","twitter_misc":{"\u00c9crit par":"J\u00e9remie Szpirglas","Dur\u00e9e de lecture estim\u00e9e":"4 minutes"},"schema":{"@context":"https:\/\/schema.org","@graph":[{"@type":"Article","@id":"https:\/\/www.ensembleintercontemporain.com\/fr\/2024\/12\/edgard-varese-arcana\/#article","isPartOf":{"@id":"https:\/\/www.ensembleintercontemporain.com\/fr\/2024\/12\/edgard-varese-arcana\/"},"author":{"name":"J\u00e9remie Szpirglas","@id":"https:\/\/www.ensembleintercontemporain.com\/en\/#\/schema\/person\/439a7dd5cd8a167c34c931d7cc900214"},"headline":"Edgard Var\u00e8se : \u00ab\u00a0Arcana\u00a0\u00bb","datePublished":"2024-12-06T16:29:03+00:00","mainEntityOfPage":{"@id":"https:\/\/www.ensembleintercontemporain.com\/fr\/2024\/12\/edgard-varese-arcana\/"},"wordCount":593,"image":{"@id":"https:\/\/www.ensembleintercontemporain.com\/fr\/2024\/12\/edgard-varese-arcana\/#primaryimage"},"thumbnailUrl":"https:\/\/www.ensembleintercontemporain.com\/content\/uploads\/2024\/12\/unknown.jpeg","articleSection":["\u00c9clairage"],"inLanguage":"fr-FR"},{"@type":"WebPage","@id":"https:\/\/www.ensembleintercontemporain.com\/fr\/2024\/12\/edgard-varese-arcana\/","url":"https:\/\/www.ensembleintercontemporain.com\/fr\/2024\/12\/edgard-varese-arcana\/","name":"Edgard Var\u00e8se : \"Arcana\" - Ensemble intercontemporain","isPartOf":{"@id":"https:\/\/www.ensembleintercontemporain.com\/en\/#website"},"primaryImageOfPage":{"@id":"https:\/\/www.ensembleintercontemporain.com\/fr\/2024\/12\/edgard-varese-arcana\/#primaryimage"},"image":{"@id":"https:\/\/www.ensembleintercontemporain.com\/fr\/2024\/12\/edgard-varese-arcana\/#primaryimage"},"thumbnailUrl":"https:\/\/www.ensembleintercontemporain.com\/content\/uploads\/2024\/12\/unknown.jpeg","datePublished":"2024-12-06T16:29:03+00:00","author":{"@id":"https:\/\/www.ensembleintercontemporain.com\/en\/#\/schema\/person\/439a7dd5cd8a167c34c931d7cc900214"},"breadcrumb":{"@id":"https:\/\/www.ensembleintercontemporain.com\/fr\/2024\/12\/edgard-varese-arcana\/#breadcrumb"},"inLanguage":"fr-FR","potentialAction":[{"@type":"ReadAction","target":["https:\/\/www.ensembleintercontemporain.com\/fr\/2024\/12\/edgard-varese-arcana\/"]}]},{"@type":"ImageObject","inLanguage":"fr-FR","@id":"https:\/\/www.ensembleintercontemporain.com\/fr\/2024\/12\/edgard-varese-arcana\/#primaryimage","url":"https:\/\/www.ensembleintercontemporain.com\/content\/uploads\/2024\/12\/unknown.jpeg","contentUrl":"https:\/\/www.ensembleintercontemporain.com\/content\/uploads\/2024\/12\/unknown.jpeg","width":1920,"height":1283},{"@type":"BreadcrumbList","@id":"https:\/\/www.ensembleintercontemporain.com\/fr\/2024\/12\/edgard-varese-arcana\/#breadcrumb","itemListElement":[{"@type":"ListItem","position":1,"name":"Home","item":"https:\/\/www.ensembleintercontemporain.com\/fr\/"},{"@type":"ListItem","position":2,"name":"Edgard Var\u00e8se : \u00ab\u00a0Arcana\u00a0\u00bb"}]},{"@type":"WebSite","@id":"https:\/\/www.ensembleintercontemporain.com\/en\/#website","url":"https:\/\/www.ensembleintercontemporain.com\/en\/","name":"Ensemble intercontemporain","description":"","potentialAction":[{"@type":"SearchAction","target":{"@type":"EntryPoint","urlTemplate":"https:\/\/www.ensembleintercontemporain.com\/en\/?s={search_term_string}"},"query-input":{"@type":"PropertyValueSpecification","valueRequired":true,"valueName":"search_term_string"}}],"inLanguage":"fr-FR"},{"@type":"Person","@id":"https:\/\/www.ensembleintercontemporain.com\/en\/#\/schema\/person\/439a7dd5cd8a167c34c931d7cc900214","name":"J\u00e9remie Szpirglas","image":{"@type":"ImageObject","inLanguage":"fr-FR","@id":"https:\/\/secure.gravatar.com\/avatar\/51406c8ec861211e1bd97cfab9a482b48101946652a6a78f911670a9a593f3ed?s=96&d=mm&r=g","url":"https:\/\/secure.gravatar.com\/avatar\/51406c8ec861211e1bd97cfab9a482b48101946652a6a78f911670a9a593f3ed?s=96&d=mm&r=g","contentUrl":"https:\/\/secure.gravatar.com\/avatar\/51406c8ec861211e1bd97cfab9a482b48101946652a6a78f911670a9a593f3ed?s=96&d=mm&r=g","caption":"J\u00e9remie Szpirglas"},"url":"https:\/\/www.ensembleintercontemporain.com\/fr\/author\/benjamin-szpirglas\/"}]}},"_links":{"self":[{"href":"https:\/\/www.ensembleintercontemporain.com\/fr\/wp-json\/wp\/v2\/posts\/27942\/"}],"collection":[{"href":"https:\/\/www.ensembleintercontemporain.com\/fr\/wp-json\/wp\/v2\/posts\/"}],"about":[{"href":"https:\/\/www.ensembleintercontemporain.com\/fr\/wp-json\/wp\/v2\/types\/post\/"}],"author":[{"embeddable":true,"href":"https:\/\/www.ensembleintercontemporain.com\/fr\/wp-json\/wp\/v2\/users\/5\/"}],"replies":[{"embeddable":true,"href":"https:\/\/www.ensembleintercontemporain.com\/fr\/wp-json\/wp\/v2\/comments\/?post=27942"}],"version-history":[{"count":6,"href":"https:\/\/www.ensembleintercontemporain.com\/fr\/wp-json\/wp\/v2\/posts\/27942\/revisions\/"}],"predecessor-version":[{"id":27956,"href":"https:\/\/www.ensembleintercontemporain.com\/fr\/wp-json\/wp\/v2\/posts\/27942\/revisions\/27956\/"}],"wp:featuredmedia":[{"embeddable":true,"href":"https:\/\/www.ensembleintercontemporain.com\/fr\/wp-json\/wp\/v2\/media\/27943\/"}],"wp:attachment":[{"href":"https:\/\/www.ensembleintercontemporain.com\/fr\/wp-json\/wp\/v2\/media\/?parent=27942"}],"wp:term":[{"taxonomy":"category","embeddable":true,"href":"https:\/\/www.ensembleintercontemporain.com\/fr\/wp-json\/wp\/v2\/categories\/?post=27942"},{"taxonomy":"post_tag","embeddable":true,"href":"https:\/\/www.ensembleintercontemporain.com\/fr\/wp-json\/wp\/v2\/tags\/?post=27942"}],"curies":[{"name":"wp","href":"https:\/\/api.w.org\/{rel}","templated":true}]}}