{"id":27886,"date":"2024-11-25T17:25:28","date_gmt":"2024-11-25T16:25:28","guid":{"rendered":"https:\/\/www.ensembleintercontemporain.com\/?p=27886"},"modified":"2024-11-25T17:25:28","modified_gmt":"2024-11-25T16:25:28","slug":"densite-21-5-dedgard-varese","status":"publish","type":"post","link":"https:\/\/www.ensembleintercontemporain.com\/fr\/2024\/11\/densite-21-5-dedgard-varese\/","title":{"rendered":"\u00ab\u00a0Densit\u00e9 21.5\u00a0\u00bb d\u2019Edgard Var\u00e8se."},"content":{"rendered":"<p><img loading=\"lazy\" decoding=\"async\" class=\"size-full wp-image-20261\" src=\"http:\/\/www.ensembleintercontemporain.com\/content\/uploads\/2021\/02\/dscf4434.jpg\" alt=\"\" width=\"1920\" height=\"1280\" srcset=\"https:\/\/www.ensembleintercontemporain.com\/content\/uploads\/2021\/02\/dscf4434.jpg 1920w, https:\/\/www.ensembleintercontemporain.com\/content\/uploads\/2021\/02\/dscf4434-300x200.jpg 300w, https:\/\/www.ensembleintercontemporain.com\/content\/uploads\/2021\/02\/dscf4434-1024x683.jpg 1024w, https:\/\/www.ensembleintercontemporain.com\/content\/uploads\/2021\/02\/dscf4434-768x512.jpg 768w, https:\/\/www.ensembleintercontemporain.com\/content\/uploads\/2021\/02\/dscf4434-1536x1024.jpg 1536w\" sizes=\"auto, (max-width: 1920px) 100vw, 1920px\" \/><\/p>\n<p><strong><span style=\"font-size: 18pt;\">L<\/span><span style=\"color: #003366;\">e <a href=\"https:\/\/www.ensembleintercontemporain.com\/fr\/concert\/grand-soir-edgard-varese-2024-12-10-20h00-paris\/\">10 d\u00e9cembre, \u00e0 la Philharmonie de Paris<\/a>, Sophie Cherrier sera la soliste de <\/span><em style=\"color: #003366;\">Densit\u00e9 21.5 <\/em>d&rsquo;Edgard Var\u00e8se<span style=\"color: #003366;\">. Eclairage de la fl\u00fbtiste de l&rsquo;EIC sur une pi\u00e8ce iconique du r\u00e9pertoire pour fl\u00fbte solo.\u00a0<\/span><\/strong><\/p>\n<p><span style=\"font-size: 14pt;\">Compos\u00e9e en 1936, et revue dix ans plus tard, <em>Densit\u00e9 21.5<\/em>\u00a0est \u00e0 mes yeux une pi\u00e8ce r\u00e9volutionnaire. La pr\u00e9c\u00e9dente grande pi\u00e8ce solo embl\u00e9matique de notre r\u00e9pertoire remonte \u00e0 1913 : <em>Syrinx<\/em> de Claude Debussy. Destin\u00e9e \u00e0 accompagner le monodrame <em>Psych\u00e9<\/em> de Gabriel Mourey, <em>Syrinx<\/em> est un petit bijou, tr\u00e8s m\u00e9lodique. La partition est d\u00e9j\u00e0 tr\u00e8s pr\u00e9cise, avec beaucoup d\u2019indications de rythmes et de dynamiques. <\/span>\u00a0<span style=\"font-size: 14pt;\">23 ans plus tard, cette pr\u00e9cision devient plus grande encore avec <em>Densit\u00e9 21.5<\/em>\u00a0Edgard Var\u00e8se fait entrer la fl\u00fbte dans la modernit\u00e9. <\/span><br \/>\n<span style=\"font-size: 14pt;\">Une modernit\u00e9 scientifique, m\u00eame : compos\u00e9e pour inaugurer le nouvel instrument du fl\u00fbtiste Georges Barr\u00e8re, son titre fait directement r\u00e9f\u00e9rence au m\u00e9tal dans lequel il est fabriqu\u00e9, le platine, dont la densit\u00e9 est de 21.5 g\/cm3. Le compositeur c\u00e9l\u00e8bre ainsi ce qui est pr\u00e9sent\u00e9 \u00e0 l\u2019\u00e9poque comme une avanc\u00e9e dans la facture instrumentale en m\u00eame temps que les connaissances scientifiques sur la mati\u00e8re.<\/span><br \/>\n<span style=\"font-size: 14pt;\"><em>Syrinx<\/em> et <em>Densit\u00e9 21.5<\/em> sont deux pi\u00e8ces tr\u00e8s courtes, et je me demande si Var\u00e8se ne fait pas un petit clin d\u2019\u0153il \u00e0 son a\u00een\u00e9 en ouvrant <em>Densit\u00e9 21.5<\/em> sur le m\u00eame intervalle de trois notes, certes transpos\u00e9, mais dessinant exactement la m\u00eame courbe.<\/span><br \/>\n<span style=\"font-size: 14pt;\"><img loading=\"lazy\" decoding=\"async\" class=\"alignleft size-medium wp-image-27868\" src=\"http:\/\/www.ensembleintercontemporain.com\/content\/uploads\/2024\/11\/varesemmmahler300dp-copie-9-300x200.jpg\" alt=\"\" width=\"300\" height=\"200\" srcset=\"https:\/\/www.ensembleintercontemporain.com\/content\/uploads\/2024\/11\/varesemmmahler300dp-copie-9-300x200.jpg 300w, https:\/\/www.ensembleintercontemporain.com\/content\/uploads\/2024\/11\/varesemmmahler300dp-copie-9-1024x683.jpg 1024w, https:\/\/www.ensembleintercontemporain.com\/content\/uploads\/2024\/11\/varesemmmahler300dp-copie-9-768x512.jpg 768w, https:\/\/www.ensembleintercontemporain.com\/content\/uploads\/2024\/11\/varesemmmahler300dp-copie-9-1536x1024.jpg 1536w, https:\/\/www.ensembleintercontemporain.com\/content\/uploads\/2024\/11\/varesemmmahler300dp-copie-9.jpg 1900w\" sizes=\"auto, (max-width: 300px) 100vw, 300px\" \/>Apr\u00e8s \u00e7a, en revanche, l\u2019aspect m\u00e9lodique de Debussy n\u2019est plus qu\u2019un lointain souvenir : si l\u2019on a parfois une id\u00e9e de m\u00e9lodie, elle est rapidement interrompue par des quasi acc\u00e8s de folie. Var\u00e8se imprime un ton beaucoup plus rugueux, avec des sauts d\u2019intervalles et des dynamiques extr\u00eames (jusqu\u2019\u00e0 fff). Il exploite toute l\u2019\u00e9tendue du registre, jusqu\u2019\u00e0 ce contre-r\u00e9 qui tend compl\u00e8tement la pi\u00e8ce pendant une ligne et demi ! Je ne suis pas certaine qu\u2019on ait entendu beaucoup de contre-r\u00e9 de fl\u00fbte \u00e0 l\u2019\u00e9poque\u2026 Je me suis toujours dit que ces grands sauts d\u2019intervalle avaient d\u00fb inspirer Pierre Boulez qui les a utilis\u00e9s dans des rythmes encore plus complexes et rapides.<\/span><br \/>\n<span style=\"font-size: 14pt;\">Apparait aussi un premier \u00ab mode de jeu \u00bb, comme on les appelle aujourd\u2019hui. En l\u2019occurrence, Var\u00e8se demande que les notes marqu\u00e9es d\u2019un \u00ab + \u00bb soient jou\u00e9es doucement, en claquant les clefs pour obtenir un effet de percussion. Compar\u00e9 \u00e0 ce que nous demandent les compositeurs d&rsquo;aujourd&rsquo;hui, \u00e7a n\u2019a l\u2019air de rien, mais l\u00e0 encore, dans le contexte de l\u2019\u00e9poque, c\u2019\u00e9tait une petite r\u00e9volution.<\/span><\/p>\n<p style=\"text-align: right;\"><em>Propos recueillis par J\u00e9r\u00e9mie Szpirglas<\/em><\/p>\n<p>&nbsp;<\/p>\n<p>Photos (de haut en bas) : \u00a9 EIC \/ Edgard Var\u00e8se \u00a9 M\u00e9diath\u00e8que Musicale Mahler<\/p>\n","protected":false},"excerpt":{"rendered":"<p>Le 10 d\u00e9cembre, \u00e0 la Philharmonie de Paris, Sophie Cherrier sera la soliste de \u00ab\u00a0Densit\u00e9 21.5\u00a0\u00bb d&rsquo;Edgard Var\u00e8se. Eclairage de la fl\u00fbtiste de l&rsquo;EIC sur une pi\u00e8ce iconique du r\u00e9pertoire pour fl\u00fbte solo.\u00a0<\/p>\n","protected":false},"author":195,"featured_media":20261,"comment_status":"closed","ping_status":"closed","sticky":false,"template":"","format":"standard","meta":{"_acf_changed":false,"footnotes":""},"categories":[102],"tags":[170,81],"class_list":["post-27886","post","type-post","status-publish","format-standard","has-post-thumbnail","hentry","category-eclairage","tag-edgard-varese","tag-sophie-cherrier","concert-grand-soir-edgard-varese"],"acf":[],"yoast_head":"<!-- This site is optimized with the Yoast SEO plugin v27.5 - https:\/\/yoast.com\/product\/yoast-seo-wordpress\/ -->\n<title>&quot;Densit\u00e9 21.5&quot; d\u2019Edgard Var\u00e8se. - Ensemble intercontemporain<\/title>\n<meta name=\"robots\" content=\"index, follow, max-snippet:-1, max-image-preview:large, max-video-preview:-1\" \/>\n<link rel=\"canonical\" href=\"https:\/\/www.ensembleintercontemporain.com\/fr\/2024\/11\/densite-21-5-dedgard-varese\/\" \/>\n<meta property=\"og:locale\" content=\"fr_FR\" \/>\n<meta property=\"og:type\" content=\"article\" \/>\n<meta property=\"og:title\" content=\"&quot;Densit\u00e9 21.5&quot; d\u2019Edgard Var\u00e8se. - Ensemble intercontemporain\" \/>\n<meta property=\"og:description\" content=\"Le 10 d\u00e9cembre, \u00e0 la Philharmonie de Paris, Sophie Cherrier sera la soliste de &quot;Densit\u00e9 21.5&quot; d&#039;Edgard Var\u00e8se. Eclairage de la fl\u00fbtiste de l&#039;EIC sur une pi\u00e8ce iconique du r\u00e9pertoire pour fl\u00fbte solo.\u00a0\" \/>\n<meta property=\"og:url\" content=\"https:\/\/www.ensembleintercontemporain.com\/fr\/2024\/11\/densite-21-5-dedgard-varese\/\" \/>\n<meta property=\"og:site_name\" content=\"Ensemble intercontemporain\" \/>\n<meta property=\"article:published_time\" content=\"2024-11-25T16:25:28+00:00\" \/>\n<meta property=\"og:image\" content=\"https:\/\/www.ensembleintercontemporain.com\/content\/uploads\/2021\/02\/dscf4434.jpg\" \/>\n\t<meta property=\"og:image:width\" content=\"1920\" \/>\n\t<meta property=\"og:image:height\" content=\"1280\" \/>\n\t<meta property=\"og:image:type\" content=\"image\/jpeg\" \/>\n<meta name=\"author\" content=\"Sophie Cherrier\" \/>\n<meta name=\"twitter:card\" content=\"summary_large_image\" \/>\n<meta name=\"twitter:label1\" content=\"\u00c9crit par\" \/>\n\t<meta name=\"twitter:data1\" content=\"Sophie Cherrier\" \/>\n\t<meta name=\"twitter:label2\" content=\"Dur\u00e9e de lecture estim\u00e9e\" \/>\n\t<meta name=\"twitter:data2\" content=\"3 minutes\" \/>\n<script type=\"application\/ld+json\" class=\"yoast-schema-graph\">{\"@context\":\"https:\\\/\\\/schema.org\",\"@graph\":[{\"@type\":\"Article\",\"@id\":\"https:\\\/\\\/www.ensembleintercontemporain.com\\\/fr\\\/2024\\\/11\\\/densite-21-5-dedgard-varese\\\/#article\",\"isPartOf\":{\"@id\":\"https:\\\/\\\/www.ensembleintercontemporain.com\\\/fr\\\/2024\\\/11\\\/densite-21-5-dedgard-varese\\\/\"},\"author\":{\"name\":\"Sophie Cherrier\",\"@id\":\"https:\\\/\\\/www.ensembleintercontemporain.com\\\/en\\\/#\\\/schema\\\/person\\\/486eaba711dd22e42bbee46a49e3009f\"},\"headline\":\"\u00ab\u00a0Densit\u00e9 21.5\u00a0\u00bb d\u2019Edgard Var\u00e8se.\",\"datePublished\":\"2024-11-25T16:25:28+00:00\",\"mainEntityOfPage\":{\"@id\":\"https:\\\/\\\/www.ensembleintercontemporain.com\\\/fr\\\/2024\\\/11\\\/densite-21-5-dedgard-varese\\\/\"},\"wordCount\":481,\"image\":{\"@id\":\"https:\\\/\\\/www.ensembleintercontemporain.com\\\/fr\\\/2024\\\/11\\\/densite-21-5-dedgard-varese\\\/#primaryimage\"},\"thumbnailUrl\":\"https:\\\/\\\/www.ensembleintercontemporain.com\\\/content\\\/uploads\\\/2021\\\/02\\\/dscf4434.jpg\",\"keywords\":[\"Edgard Var\u00e8se\",\"sophie cherrier\"],\"articleSection\":[\"\u00c9clairage\"],\"inLanguage\":\"fr-FR\"},{\"@type\":\"WebPage\",\"@id\":\"https:\\\/\\\/www.ensembleintercontemporain.com\\\/fr\\\/2024\\\/11\\\/densite-21-5-dedgard-varese\\\/\",\"url\":\"https:\\\/\\\/www.ensembleintercontemporain.com\\\/fr\\\/2024\\\/11\\\/densite-21-5-dedgard-varese\\\/\",\"name\":\"\\\"Densit\u00e9 21.5\\\" d\u2019Edgard Var\u00e8se. - Ensemble intercontemporain\",\"isPartOf\":{\"@id\":\"https:\\\/\\\/www.ensembleintercontemporain.com\\\/en\\\/#website\"},\"primaryImageOfPage\":{\"@id\":\"https:\\\/\\\/www.ensembleintercontemporain.com\\\/fr\\\/2024\\\/11\\\/densite-21-5-dedgard-varese\\\/#primaryimage\"},\"image\":{\"@id\":\"https:\\\/\\\/www.ensembleintercontemporain.com\\\/fr\\\/2024\\\/11\\\/densite-21-5-dedgard-varese\\\/#primaryimage\"},\"thumbnailUrl\":\"https:\\\/\\\/www.ensembleintercontemporain.com\\\/content\\\/uploads\\\/2021\\\/02\\\/dscf4434.jpg\",\"datePublished\":\"2024-11-25T16:25:28+00:00\",\"author\":{\"@id\":\"https:\\\/\\\/www.ensembleintercontemporain.com\\\/en\\\/#\\\/schema\\\/person\\\/486eaba711dd22e42bbee46a49e3009f\"},\"breadcrumb\":{\"@id\":\"https:\\\/\\\/www.ensembleintercontemporain.com\\\/fr\\\/2024\\\/11\\\/densite-21-5-dedgard-varese\\\/#breadcrumb\"},\"inLanguage\":\"fr-FR\",\"potentialAction\":[{\"@type\":\"ReadAction\",\"target\":[\"https:\\\/\\\/www.ensembleintercontemporain.com\\\/fr\\\/2024\\\/11\\\/densite-21-5-dedgard-varese\\\/\"]}]},{\"@type\":\"ImageObject\",\"inLanguage\":\"fr-FR\",\"@id\":\"https:\\\/\\\/www.ensembleintercontemporain.com\\\/fr\\\/2024\\\/11\\\/densite-21-5-dedgard-varese\\\/#primaryimage\",\"url\":\"https:\\\/\\\/www.ensembleintercontemporain.com\\\/content\\\/uploads\\\/2021\\\/02\\\/dscf4434.jpg\",\"contentUrl\":\"https:\\\/\\\/www.ensembleintercontemporain.com\\\/content\\\/uploads\\\/2021\\\/02\\\/dscf4434.jpg\",\"width\":1920,\"height\":1280,\"caption\":\"Sophie Cherrier \u00a9 EIC\"},{\"@type\":\"BreadcrumbList\",\"@id\":\"https:\\\/\\\/www.ensembleintercontemporain.com\\\/fr\\\/2024\\\/11\\\/densite-21-5-dedgard-varese\\\/#breadcrumb\",\"itemListElement\":[{\"@type\":\"ListItem\",\"position\":1,\"name\":\"Home\",\"item\":\"https:\\\/\\\/www.ensembleintercontemporain.com\\\/fr\\\/\"},{\"@type\":\"ListItem\",\"position\":2,\"name\":\"\u00ab\u00a0Densit\u00e9 21.5\u00a0\u00bb d\u2019Edgard Var\u00e8se.\"}]},{\"@type\":\"WebSite\",\"@id\":\"https:\\\/\\\/www.ensembleintercontemporain.com\\\/en\\\/#website\",\"url\":\"https:\\\/\\\/www.ensembleintercontemporain.com\\\/en\\\/\",\"name\":\"Ensemble intercontemporain\",\"description\":\"\",\"potentialAction\":[{\"@type\":\"SearchAction\",\"target\":{\"@type\":\"EntryPoint\",\"urlTemplate\":\"https:\\\/\\\/www.ensembleintercontemporain.com\\\/en\\\/?s={search_term_string}\"},\"query-input\":{\"@type\":\"PropertyValueSpecification\",\"valueRequired\":true,\"valueName\":\"search_term_string\"}}],\"inLanguage\":\"fr-FR\"},{\"@type\":\"Person\",\"@id\":\"https:\\\/\\\/www.ensembleintercontemporain.com\\\/en\\\/#\\\/schema\\\/person\\\/486eaba711dd22e42bbee46a49e3009f\",\"name\":\"Sophie Cherrier\",\"image\":{\"@type\":\"ImageObject\",\"inLanguage\":\"fr-FR\",\"@id\":\"https:\\\/\\\/secure.gravatar.com\\\/avatar\\\/f001f86b02a182531db25813ecc518b8775f1875e41eae4747a74397bf0a0671?s=96&d=mm&r=g\",\"url\":\"https:\\\/\\\/secure.gravatar.com\\\/avatar\\\/f001f86b02a182531db25813ecc518b8775f1875e41eae4747a74397bf0a0671?s=96&d=mm&r=g\",\"contentUrl\":\"https:\\\/\\\/secure.gravatar.com\\\/avatar\\\/f001f86b02a182531db25813ecc518b8775f1875e41eae4747a74397bf0a0671?s=96&d=mm&r=g\",\"caption\":\"Sophie Cherrier\"},\"url\":\"https:\\\/\\\/www.ensembleintercontemporain.com\\\/fr\\\/author\\\/scherrier\\\/\"}]}<\/script>\n<!-- \/ Yoast SEO plugin. -->","yoast_head_json":{"title":"\"Densit\u00e9 21.5\" d\u2019Edgard Var\u00e8se. - Ensemble intercontemporain","robots":{"index":"index","follow":"follow","max-snippet":"max-snippet:-1","max-image-preview":"max-image-preview:large","max-video-preview":"max-video-preview:-1"},"canonical":"https:\/\/www.ensembleintercontemporain.com\/fr\/2024\/11\/densite-21-5-dedgard-varese\/","og_locale":"fr_FR","og_type":"article","og_title":"\"Densit\u00e9 21.5\" d\u2019Edgard Var\u00e8se. - Ensemble intercontemporain","og_description":"Le 10 d\u00e9cembre, \u00e0 la Philharmonie de Paris, Sophie Cherrier sera la soliste de \"Densit\u00e9 21.5\" d'Edgard Var\u00e8se. Eclairage de la fl\u00fbtiste de l'EIC sur une pi\u00e8ce iconique du r\u00e9pertoire pour fl\u00fbte solo.\u00a0","og_url":"https:\/\/www.ensembleintercontemporain.com\/fr\/2024\/11\/densite-21-5-dedgard-varese\/","og_site_name":"Ensemble intercontemporain","article_published_time":"2024-11-25T16:25:28+00:00","og_image":[{"width":1920,"height":1280,"url":"https:\/\/www.ensembleintercontemporain.com\/content\/uploads\/2021\/02\/dscf4434.jpg","type":"image\/jpeg"}],"author":"Sophie Cherrier","twitter_card":"summary_large_image","twitter_misc":{"\u00c9crit par":"Sophie Cherrier","Dur\u00e9e de lecture estim\u00e9e":"3 minutes"},"schema":{"@context":"https:\/\/schema.org","@graph":[{"@type":"Article","@id":"https:\/\/www.ensembleintercontemporain.com\/fr\/2024\/11\/densite-21-5-dedgard-varese\/#article","isPartOf":{"@id":"https:\/\/www.ensembleintercontemporain.com\/fr\/2024\/11\/densite-21-5-dedgard-varese\/"},"author":{"name":"Sophie Cherrier","@id":"https:\/\/www.ensembleintercontemporain.com\/en\/#\/schema\/person\/486eaba711dd22e42bbee46a49e3009f"},"headline":"\u00ab\u00a0Densit\u00e9 21.5\u00a0\u00bb d\u2019Edgard Var\u00e8se.","datePublished":"2024-11-25T16:25:28+00:00","mainEntityOfPage":{"@id":"https:\/\/www.ensembleintercontemporain.com\/fr\/2024\/11\/densite-21-5-dedgard-varese\/"},"wordCount":481,"image":{"@id":"https:\/\/www.ensembleintercontemporain.com\/fr\/2024\/11\/densite-21-5-dedgard-varese\/#primaryimage"},"thumbnailUrl":"https:\/\/www.ensembleintercontemporain.com\/content\/uploads\/2021\/02\/dscf4434.jpg","keywords":["Edgard Var\u00e8se","sophie cherrier"],"articleSection":["\u00c9clairage"],"inLanguage":"fr-FR"},{"@type":"WebPage","@id":"https:\/\/www.ensembleintercontemporain.com\/fr\/2024\/11\/densite-21-5-dedgard-varese\/","url":"https:\/\/www.ensembleintercontemporain.com\/fr\/2024\/11\/densite-21-5-dedgard-varese\/","name":"\"Densit\u00e9 21.5\" d\u2019Edgard Var\u00e8se. - Ensemble intercontemporain","isPartOf":{"@id":"https:\/\/www.ensembleintercontemporain.com\/en\/#website"},"primaryImageOfPage":{"@id":"https:\/\/www.ensembleintercontemporain.com\/fr\/2024\/11\/densite-21-5-dedgard-varese\/#primaryimage"},"image":{"@id":"https:\/\/www.ensembleintercontemporain.com\/fr\/2024\/11\/densite-21-5-dedgard-varese\/#primaryimage"},"thumbnailUrl":"https:\/\/www.ensembleintercontemporain.com\/content\/uploads\/2021\/02\/dscf4434.jpg","datePublished":"2024-11-25T16:25:28+00:00","author":{"@id":"https:\/\/www.ensembleintercontemporain.com\/en\/#\/schema\/person\/486eaba711dd22e42bbee46a49e3009f"},"breadcrumb":{"@id":"https:\/\/www.ensembleintercontemporain.com\/fr\/2024\/11\/densite-21-5-dedgard-varese\/#breadcrumb"},"inLanguage":"fr-FR","potentialAction":[{"@type":"ReadAction","target":["https:\/\/www.ensembleintercontemporain.com\/fr\/2024\/11\/densite-21-5-dedgard-varese\/"]}]},{"@type":"ImageObject","inLanguage":"fr-FR","@id":"https:\/\/www.ensembleintercontemporain.com\/fr\/2024\/11\/densite-21-5-dedgard-varese\/#primaryimage","url":"https:\/\/www.ensembleintercontemporain.com\/content\/uploads\/2021\/02\/dscf4434.jpg","contentUrl":"https:\/\/www.ensembleintercontemporain.com\/content\/uploads\/2021\/02\/dscf4434.jpg","width":1920,"height":1280,"caption":"Sophie Cherrier \u00a9 EIC"},{"@type":"BreadcrumbList","@id":"https:\/\/www.ensembleintercontemporain.com\/fr\/2024\/11\/densite-21-5-dedgard-varese\/#breadcrumb","itemListElement":[{"@type":"ListItem","position":1,"name":"Home","item":"https:\/\/www.ensembleintercontemporain.com\/fr\/"},{"@type":"ListItem","position":2,"name":"\u00ab\u00a0Densit\u00e9 21.5\u00a0\u00bb d\u2019Edgard Var\u00e8se."}]},{"@type":"WebSite","@id":"https:\/\/www.ensembleintercontemporain.com\/en\/#website","url":"https:\/\/www.ensembleintercontemporain.com\/en\/","name":"Ensemble intercontemporain","description":"","potentialAction":[{"@type":"SearchAction","target":{"@type":"EntryPoint","urlTemplate":"https:\/\/www.ensembleintercontemporain.com\/en\/?s={search_term_string}"},"query-input":{"@type":"PropertyValueSpecification","valueRequired":true,"valueName":"search_term_string"}}],"inLanguage":"fr-FR"},{"@type":"Person","@id":"https:\/\/www.ensembleintercontemporain.com\/en\/#\/schema\/person\/486eaba711dd22e42bbee46a49e3009f","name":"Sophie Cherrier","image":{"@type":"ImageObject","inLanguage":"fr-FR","@id":"https:\/\/secure.gravatar.com\/avatar\/f001f86b02a182531db25813ecc518b8775f1875e41eae4747a74397bf0a0671?s=96&d=mm&r=g","url":"https:\/\/secure.gravatar.com\/avatar\/f001f86b02a182531db25813ecc518b8775f1875e41eae4747a74397bf0a0671?s=96&d=mm&r=g","contentUrl":"https:\/\/secure.gravatar.com\/avatar\/f001f86b02a182531db25813ecc518b8775f1875e41eae4747a74397bf0a0671?s=96&d=mm&r=g","caption":"Sophie Cherrier"},"url":"https:\/\/www.ensembleintercontemporain.com\/fr\/author\/scherrier\/"}]}},"_links":{"self":[{"href":"https:\/\/www.ensembleintercontemporain.com\/fr\/wp-json\/wp\/v2\/posts\/27886\/"}],"collection":[{"href":"https:\/\/www.ensembleintercontemporain.com\/fr\/wp-json\/wp\/v2\/posts\/"}],"about":[{"href":"https:\/\/www.ensembleintercontemporain.com\/fr\/wp-json\/wp\/v2\/types\/post\/"}],"author":[{"embeddable":true,"href":"https:\/\/www.ensembleintercontemporain.com\/fr\/wp-json\/wp\/v2\/users\/195\/"}],"replies":[{"embeddable":true,"href":"https:\/\/www.ensembleintercontemporain.com\/fr\/wp-json\/wp\/v2\/comments\/?post=27886"}],"version-history":[{"count":4,"href":"https:\/\/www.ensembleintercontemporain.com\/fr\/wp-json\/wp\/v2\/posts\/27886\/revisions\/"}],"predecessor-version":[{"id":27890,"href":"https:\/\/www.ensembleintercontemporain.com\/fr\/wp-json\/wp\/v2\/posts\/27886\/revisions\/27890\/"}],"wp:featuredmedia":[{"embeddable":true,"href":"https:\/\/www.ensembleintercontemporain.com\/fr\/wp-json\/wp\/v2\/media\/20261\/"}],"wp:attachment":[{"href":"https:\/\/www.ensembleintercontemporain.com\/fr\/wp-json\/wp\/v2\/media\/?parent=27886"}],"wp:term":[{"taxonomy":"category","embeddable":true,"href":"https:\/\/www.ensembleintercontemporain.com\/fr\/wp-json\/wp\/v2\/categories\/?post=27886"},{"taxonomy":"post_tag","embeddable":true,"href":"https:\/\/www.ensembleintercontemporain.com\/fr\/wp-json\/wp\/v2\/tags\/?post=27886"}],"curies":[{"name":"wp","href":"https:\/\/api.w.org\/{rel}","templated":true}]}}