{"id":27345,"date":"2024-08-26T16:39:57","date_gmt":"2024-08-26T14:39:57","guid":{"rendered":"https:\/\/www.ensembleintercontemporain.com\/?p=27345"},"modified":"2024-09-03T11:00:29","modified_gmt":"2024-09-03T09:00:29","slug":"2024-2025-une-saison-anniversaire","status":"publish","type":"post","link":"https:\/\/www.ensembleintercontemporain.com\/fr\/2024\/08\/2024-2025-une-saison-anniversaire\/","title":{"rendered":"2024-25 : une saison anniversaire !"},"content":{"rendered":"<p><strong><span style=\"font-size: 18pt;\"><img loading=\"lazy\" decoding=\"async\" class=\"aligncenter size-full wp-image-27347\" src=\"http:\/\/www.ensembleintercontemporain.com\/content\/uploads\/2024\/08\/sandrine-expilly-eic-pierre-bleuse-68hd.jpg\" alt=\"\" width=\"1920\" height=\"1301\" srcset=\"https:\/\/www.ensembleintercontemporain.com\/content\/uploads\/2024\/08\/sandrine-expilly-eic-pierre-bleuse-68hd.jpg 1920w, https:\/\/www.ensembleintercontemporain.com\/content\/uploads\/2024\/08\/sandrine-expilly-eic-pierre-bleuse-68hd-300x203.jpg 300w, https:\/\/www.ensembleintercontemporain.com\/content\/uploads\/2024\/08\/sandrine-expilly-eic-pierre-bleuse-68hd-1024x694.jpg 1024w, https:\/\/www.ensembleintercontemporain.com\/content\/uploads\/2024\/08\/sandrine-expilly-eic-pierre-bleuse-68hd-768x520.jpg 768w, https:\/\/www.ensembleintercontemporain.com\/content\/uploads\/2024\/08\/sandrine-expilly-eic-pierre-bleuse-68hd-1536x1041.jpg 1536w\" sizes=\"auto, (max-width: 1920px) 100vw, 1920px\" \/><\/span><\/strong><\/p>\n<p><strong><span style=\"font-size: 18pt;\">P<\/span><span style=\"color: #003366;\">ierre Bleuse, <span style=\"caret-color: #003366;\">directeur<\/span> musical de l&rsquo;Ensemble intercontemporain, pr\u00e9sente la nouvelle saison 2024-25, marqu\u00e9e par les nombreuses c\u00e9l\u00e9brations de l&rsquo;anniversaire du centenaire de la naissance de Pierre Boulez.\u00a0<\/span><\/strong><\/p>\n<p style=\"font-weight: 400;\"><span style=\"font-size: 14pt;\">Le 26 mars 2025, Pierre Boulez aurait eu 100 ans. Nous avons donc voulu faire de cette saison 2024-2025 une saisonanniversaire, qui c\u00e9l\u00e8bre celui qui fut \u00e0 la fois un immense compositeur, chef d\u2019orchestre et p\u00e9dagogue, mais aussi le concepteur et fondateur de \u00a0l\u2019Ensemble intercontemporain.<\/span><\/p>\n<p style=\"font-weight: 400;\"><span style=\"font-size: 14pt;\">Le<a href=\"https:\/\/www.ensembleintercontemporain.com\/fr\/concert\/eic-friends-2025-01-06-20h00-paris\/\"> 6 janvier<\/a>, nous aurons l\u2019honneur et la joie de donner le coup d\u2019envoi des festivit\u00e9s \u00e0 la Philharmonie de Paris, avec, de surcroit, une de nos soir\u00e9es \u00ab\u00a0EIC &amp; Friends\u00a0\u00bb. Initi\u00e9 l\u2019an pass\u00e9 en compagnie de la violoniste Patricia Kopatchinskaja, nous reprenons cette ann\u00e9e ce format de concert au parfum de festival en compagnie de deux anciens solistes qui nous font le plaisir de revenir parmi nous \u00e0 cette occasion : le pianiste Pierre-Laurent Aimard et le violoncelliste Jean-Guihen Queyras. Deux anciens coll\u00e8gues qui ont depuis connu une carri\u00e8re solo flamboyante, et avec lesquels les \u00e9changes seront des plus riches, \u00e0 n\u2019en pas douter.<\/span><\/p>\n<p><img loading=\"lazy\" decoding=\"async\" class=\"aligncenter wp-image-27350\" src=\"http:\/\/www.ensembleintercontemporain.com\/content\/uploads\/2024\/08\/boulez-929383-25-1024x679.jpg\" alt=\"\" width=\"800\" height=\"531\" srcset=\"https:\/\/www.ensembleintercontemporain.com\/content\/uploads\/2024\/08\/boulez-929383-25-1024x679.jpg 1024w, https:\/\/www.ensembleintercontemporain.com\/content\/uploads\/2024\/08\/boulez-929383-25-300x199.jpg 300w, https:\/\/www.ensembleintercontemporain.com\/content\/uploads\/2024\/08\/boulez-929383-25-768x510.jpg 768w, https:\/\/www.ensembleintercontemporain.com\/content\/uploads\/2024\/08\/boulez-929383-25-1536x1019.jpg 1536w, https:\/\/www.ensembleintercontemporain.com\/content\/uploads\/2024\/08\/boulez-929383-25.jpg 1920w\" sizes=\"auto, (max-width: 800px) 100vw, 800px\" \/><\/p>\n<p style=\"font-weight: 400;\"><span style=\"font-size: 14pt;\">Nous jouerons Boulez, intens\u00e9ment, intensivement et passionn\u00e9ment \u2014 mais pas uniquement, puisque nous avons voulu ces c\u00e9l\u00e9brations \u00e0 son image : nous pr\u00e9senterons donc ses sources d\u2019inspiration (Debussy, la Seconde \u00c9cole de Vienne) sans jamais perdre de vue l\u2019avenir, en mettant son \u0153uvre en perspective avec celles de compositeurs et compositrices des g\u00e9n\u00e9rations actuelles. Les c\u00e9l\u00e9brations de cet anniversaire nous emm\u00e8neront aussi en tourn\u00e9e, en France, en Europe, avec des projets de concerts au Japon et en Cor\u00e9e du Sud.<\/span><\/p>\n<p style=\"font-weight: 400;\"><span style=\"font-size: 14pt;\">La pr\u00e9sence de notre fondateur se devine, en filigrane, tout au long de la saison, d\u00e8s le concert d\u2019ouverture \u00e0 la Philharmonie de Paris. Certes, son nom n\u2019apparait nulle part au <a href=\"https:\/\/www.ensembleintercontemporain.com\/fr\/concert\/mahler-jarrell-2024-09-13-20h00-paris\/\">programme du 13 septembre<\/a>, mais j\u2019y dirigerai la <em>Symphonie n\u00b04<\/em> de Gustav Mahler, proposant une nouvelle instrumentation r\u00e9alis\u00e9e par un de nos compositeurs phares, cette saison : Michael Jarrell (photo ci-dessous). Si j\u2019ai demand\u00e9 \u00e0 Michael de s\u2019emparer de cette <em>Quatri\u00e8me <\/em>de Mahler (nous lui avons aussi pass\u00e9 commande d\u2019une nouvelle \u0153uvre qui revisite l\u2019effectif de <em>cummings ist der dichter<\/em>, qui sera cr\u00e9\u00e9e au cours du <a href=\"https:\/\/www.ensembleintercontemporain.com\/fr\/concert\/concert-anniversaire-2025-03-28-20h00-paris\/\">concert anniversaire, le 28 mars<\/a>), c\u2019est pour nous rappeler le musicien complet qu\u2019\u00e9tait Pierre Boulez. Son enregistrement des Symphonies de Mahler avec le Philharmonique de Vienne fut un tournant dans sa carri\u00e8re.<\/span><\/p>\n<p><img loading=\"lazy\" decoding=\"async\" class=\"wp-image-27352\" src=\"http:\/\/www.ensembleintercontemporain.com\/content\/uploads\/2024\/08\/jarrellmichael3-1024x882.jpg\" alt=\"\" width=\"800\" height=\"689\" srcset=\"https:\/\/www.ensembleintercontemporain.com\/content\/uploads\/2024\/08\/jarrellmichael3-1024x882.jpg 1024w, https:\/\/www.ensembleintercontemporain.com\/content\/uploads\/2024\/08\/jarrellmichael3-300x259.jpg 300w, https:\/\/www.ensembleintercontemporain.com\/content\/uploads\/2024\/08\/jarrellmichael3-768x662.jpg 768w, https:\/\/www.ensembleintercontemporain.com\/content\/uploads\/2024\/08\/jarrellmichael3.jpg 1280w\" sizes=\"auto, (max-width: 800px) 100vw, 800px\" \/><\/p>\n<p style=\"font-weight: 400;\"><span style=\"font-size: 14pt;\">Pierre Boulez disait qu\u2019une \u0153uvre musicale a plusieurs caract\u00e9ristiques : sa forme, ce qui fait sa substance, l\u2019intelligence des motifs et de sa construction, et sa partie plus expressive, voire sensuelle. Une interpr\u00e9tation doit trouver un \u00e9quilibre entre les deux : l\u2019ex\u00e9cution doit \u00eatre claire, pour avoir une r\u00e9elle r\u00e9sonance, mais ne jamais oublier ce qu\u2019il y a d\u2019inexplicable, de charnel, de spirituel dans la musique. Si on la prive de l\u2019un ou de l\u2019autre, la musique ne vit pas. C\u2019est un enseignement qui m\u2019inspire encore aujourd\u2019hui. De m\u00eame, lorsque je consid\u00e8re la vie de Pierre Boulez, je d\u00e9couvre un homme qui n\u2019a cess\u00e9 d\u2019avancer, d\u2019\u00e9voluer, avec une grande ouverture \u00e0 l\u2019autre. C\u2019est aussi avec cette vision qu\u2019il a cr\u00e9\u00e9 l\u2019Ensemble intercontemporain.<\/span><\/p>\n<p style=\"font-weight: 400;\"><span style=\"font-size: 14pt;\">Ce sont donc toutes ces facettes de sa personnalit\u00e9 que je voudrais montrer au cours de cette saison : le compositeur, bien s\u00fbr, mais aussi le chef, le cr\u00e9ateur d\u2019institution, l\u2019auteur, etc., dont la richesse est aussi dans le parcours. C\u2019est pourquoi nous jouerons cette saison ses grandes \u0153uvres \u2013 <em><a href=\"https:\/\/www.ensembleintercontemporain.com\/fr\/concert\/eic-friends-2025-01-06-20h00-paris\/\">R\u00e9pons<\/a>, <a href=\"https:\/\/www.ensembleintercontemporain.com\/fr\/concert\/sur-incises-2025-05-15-20h00-cologne\/\">sur Incises<\/a>\u2026<\/em> \u2013 mais aussi des partitions plus m\u00e9connues comme<a href=\"https:\/\/www.ensembleintercontemporain.com\/fr\/concert\/polyphonie-x-2025-03-26-18h00-paris\/\"> <em>Polyphonie X<\/em><\/a>, cr\u00e9\u00e9e \u00e0 Donaueshingen en 1951 puis retir\u00e9e du catalogue.<\/span><\/p>\n<p style=\"font-weight: 400;\"><span style=\"font-size: 14pt;\">Nos retours r\u00e9currents aux origines de notre r\u00e9pertoire agissent aussi comme un rappel, puisque la palette sonore que nous y d\u00e9ployons est essentielle pour rendre justice \u00e0 l\u2019\u0153uvre de nos contemporains, comme <a href=\"https:\/\/www.ensembleintercontemporain.com\/fr\/concert\/skin-skar-skull-2024-11-08-20h00-paris\/\">Rebecca Saunders<\/a>, <a href=\"https:\/\/www.ensembleintercontemporain.com\/fr\/concert\/echo-from-afar-2024-10-11-20h00-paris\/\">Clara Iannotta<\/a> (photo ci-dessous) ou <a href=\"https:\/\/www.ensembleintercontemporain.com\/fr\/concert\/ballades-et-requiem-2025-05-06-20h00-paris\/\">Francesco Filidei<\/a>, \u00e0 qui nous consacrons \u00e0 chacun.e un programme en forme de portrait. Car j\u2019ai voulu cette ann\u00e9e mettre l\u2019accent sur ces concerts monographiques, seuls \u00e0 m\u00eame de pr\u00e9senter les diverses facettes d\u2019une compositrice ou d\u2019un compositeur, mais aussi, pour nous en tant qu\u2019ensemble, d\u2019approfondir notre connaissance de leurs univers musicaux.<\/span><\/p>\n<p><img loading=\"lazy\" decoding=\"async\" class=\"aligncenter wp-image-27354\" src=\"http:\/\/www.ensembleintercontemporain.com\/content\/uploads\/2024\/08\/as-251017-0114-1024x702.jpg\" alt=\"\" width=\"800\" height=\"549\" srcset=\"https:\/\/www.ensembleintercontemporain.com\/content\/uploads\/2024\/08\/as-251017-0114-1024x702.jpg 1024w, https:\/\/www.ensembleintercontemporain.com\/content\/uploads\/2024\/08\/as-251017-0114-300x206.jpg 300w, https:\/\/www.ensembleintercontemporain.com\/content\/uploads\/2024\/08\/as-251017-0114-768x527.jpg 768w, https:\/\/www.ensembleintercontemporain.com\/content\/uploads\/2024\/08\/as-251017-0114-1536x1054.jpg 1536w, https:\/\/www.ensembleintercontemporain.com\/content\/uploads\/2024\/08\/as-251017-0114.jpg 1920w\" sizes=\"auto, (max-width: 800px) 100vw, 800px\" \/><\/p>\n<p style=\"font-weight: 400;\"><span style=\"font-size: 14pt;\">Avec les \u00e9tudiant.e.s du Conservatoire de Paris, parmi lesquels les solistes de l\u2019ensemble NEXT qui rassemble les jeunes musicien.ne.s du cursus de l\u2019Artist diploma \u2013 Interpr\u00e9tation Cr\u00e9ation (un cursus anim\u00e9, du reste, par des solistes de l\u2019EIC), nous proposerons \u00e9galement, <a href=\"https:\/\/www.ensembleintercontemporain.com\/fr\/concert\/grand-soir-edgard-varese-2024-12-12-20h00-paris\/\">le 10 d\u00e9cembre \u00e0 la Philharmonie de Paris<\/a>, un Grand Soir consacr\u00e9 \u00e0 un grand g\u00e9nie du XX<sup>e<\/sup> si\u00e8cle, que Boulez a si ardemment d\u00e9fendu, <a href=\"https:\/\/www.ensembleintercontemporain.com\/fr\/concert\/grand-soir-edgard-varese-2024-12-12-20h00-paris\/\">Edgard Var\u00e8se<\/a>, avec une quasi int\u00e9grale de son \u0153uvre pour orchestre.<\/span><\/p>\n<p style=\"font-weight: 400;\"><span style=\"font-size: 14pt;\">La transmission et la p\u00e9dagogie sont en effet l\u2019un des piliers du projet de l\u2019Ensemble intercontemporain tel que dessin\u00e9 par Pierre Boulez, et c\u2019est pourquoi nous continuons cette saison \u00e0 suivre des compositeurs et compositrices de la jeune g\u00e9n\u00e9ration, comme Sofia Avramidou ou Bastien David. Accompagner leur cheminement et leur maturation esth\u00e9tiques est \u00e0 la fois une de nos missions, et un \u00e9merveillement sans cesse renouvel\u00e9 face \u00e0 ces nouveaux horizons qu\u2019ils nous ouvrent.<\/span><\/p>\n<p style=\"font-weight: 400;\"><span style=\"font-size: 14pt;\">La compositrice grecque Sofia Avramidou, justement, a accept\u00e9 avec enthousiasme de se lancer dans une folle aventure propos\u00e9e par Fr\u00e9d\u00e9ric Maurin, directeur artistique de l\u2019Orchestre National de Jazz : des <em>Jeux <\/em>imagin\u00e9s \u00e0 six mains (\u00e0 Sofia et Fr\u00e9d\u00e9ric se joint l\u2019inclassable Andy Emler) qui r\u00e9unissent sept solistes de l\u2019EIC et sept de l\u2019ONJ. Une \u0153uvre hybride qui laissera une large place \u00e0 l\u2019improvisation \u00e0 d\u00e9couvrir le <a href=\"https:\/\/www.ensembleintercontemporain.com\/fr\/concert\/jeux-2024-10-18-20h30-chalons-en-champagne\/\">18 octobre \u00e0 Ch\u00e2lons-En-Champagne<\/a>.<\/span><\/p>\n<p><img loading=\"lazy\" decoding=\"async\" class=\"aligncenter wp-image-27356\" src=\"http:\/\/www.ensembleintercontemporain.com\/content\/uploads\/2024\/08\/2021-04-19-concert-intercontemporain-hector-parra-alauriol-33-1024x681.jpg\" alt=\"\" width=\"800\" height=\"532\" srcset=\"https:\/\/www.ensembleintercontemporain.com\/content\/uploads\/2024\/08\/2021-04-19-concert-intercontemporain-hector-parra-alauriol-33-1024x681.jpg 1024w, https:\/\/www.ensembleintercontemporain.com\/content\/uploads\/2024\/08\/2021-04-19-concert-intercontemporain-hector-parra-alauriol-33-300x200.jpg 300w, https:\/\/www.ensembleintercontemporain.com\/content\/uploads\/2024\/08\/2021-04-19-concert-intercontemporain-hector-parra-alauriol-33-768x511.jpg 768w, https:\/\/www.ensembleintercontemporain.com\/content\/uploads\/2024\/08\/2021-04-19-concert-intercontemporain-hector-parra-alauriol-33-1536x1022.jpg 1536w, https:\/\/www.ensembleintercontemporain.com\/content\/uploads\/2024\/08\/2021-04-19-concert-intercontemporain-hector-parra-alauriol-33.jpg 1920w\" sizes=\"auto, (max-width: 800px) 100vw, 800px\" \/><\/p>\n<p style=\"font-weight: 400;\"><span style=\"font-size: 14pt;\">Ce vent de folie soufflera \u00e9galement sur les nombreux programmes de musique soliste ou chambriste que nous porterons cette ann\u00e9e, cette vari\u00e9t\u00e9 des effectifs \u00e9tant, l\u00e0 encore, une volont\u00e9 de Pierre Boulez. Et je suis certain qu\u2019en passionn\u00e9 de peinture qu\u2019il \u00e9tait, il serait ravi de constater que son coll\u00e8gue, le Catalan H\u00e8ctor Parra (photo ci-dessus), a l\u2019intention \u00a0de s\u2019emparer de l\u2019\u0153uvre d\u2019un peintre aussi radical que Joan Mir\u00f3 pour imaginer un nouveau concerto pour trompette, ensemble et \u00e9lectronique, en cr\u00e9ation lors du <a href=\"https:\/\/www.ensembleintercontemporain.com\/fr\/concert\/bleu-2025-06-26-20h00-paris\/\">dernier concert de la saison \u00e0 la Philharmonie de Paris, le 26 juin<\/a>. Un concert d\u2019ailleurs tout \u00e0 fait particulier, au programme enti\u00e8rement con\u00e7u autour de la couleur bleu.\u00a0<\/span><\/p>\n<p style=\"text-align: right;\"><em>Propos recueillis par J\u00e9r\u00e9mie Szpirglas<\/em><\/p>\n<p><strong>Photos (de haut en bas)<\/strong> : Pierre Bleuse \u00a9 Sandrine Expilly\u00a0\/ Pierre Boulez, Tokyo, 1995 \u00a9 Philippe Gontier\u00a0\/ Michael Jarrell \u00a9 Maurice Weiss\u00a0\/ Clara Iannotta \u00a9 Astrid Ackermann\u00a0\/ H\u00e8ctor Parra \u00a9 Amandine Lauriol<\/p>\n","protected":false},"excerpt":{"rendered":"<p>Pierre Bleuse, directeur musical de l&rsquo;Ensemble intercontemporain, pr\u00e9sente la nouvelle saison 2024-25, marqu\u00e9e par les nombreuses c\u00e9l\u00e9brations de l&rsquo;anniversaire du centenaire de la naissance de Pierre Boulez.\u00a0<\/p>\n","protected":false},"author":180,"featured_media":27347,"comment_status":"closed","ping_status":"closed","sticky":false,"template":"","format":"standard","meta":{"_acf_changed":false,"footnotes":""},"categories":[1380,1002],"tags":[],"class_list":["post-27345","post","type-post","status-publish","format-standard","has-post-thumbnail","hentry","category-boulez-100","category-edito"],"acf":[],"yoast_head":"<!-- This site is optimized with the Yoast SEO plugin v27.5 - https:\/\/yoast.com\/product\/yoast-seo-wordpress\/ -->\n<title>2024-25 : une saison anniversaire ! - Ensemble intercontemporain<\/title>\n<meta name=\"robots\" content=\"index, follow, max-snippet:-1, max-image-preview:large, max-video-preview:-1\" \/>\n<link rel=\"canonical\" href=\"https:\/\/www.ensembleintercontemporain.com\/fr\/2024\/08\/2024-2025-une-saison-anniversaire\/\" \/>\n<meta property=\"og:locale\" content=\"fr_FR\" \/>\n<meta property=\"og:type\" content=\"article\" \/>\n<meta property=\"og:title\" content=\"2024-25 : une saison anniversaire ! - Ensemble intercontemporain\" \/>\n<meta property=\"og:description\" content=\"Pierre Bleuse, directeur musical de l&#039;Ensemble intercontemporain, pr\u00e9sente la nouvelle saison 2024-25, marqu\u00e9e par les nombreuses c\u00e9l\u00e9brations de l&#039;anniversaire du centenaire de la naissance de Pierre Boulez.\u00a0\" \/>\n<meta property=\"og:url\" content=\"https:\/\/www.ensembleintercontemporain.com\/fr\/2024\/08\/2024-2025-une-saison-anniversaire\/\" \/>\n<meta property=\"og:site_name\" content=\"Ensemble intercontemporain\" \/>\n<meta property=\"article:published_time\" content=\"2024-08-26T14:39:57+00:00\" \/>\n<meta property=\"article:modified_time\" content=\"2024-09-03T09:00:29+00:00\" \/>\n<meta property=\"og:image\" content=\"https:\/\/www.ensembleintercontemporain.com\/content\/uploads\/2024\/08\/sandrine-expilly-eic-pierre-bleuse-68hd.jpg\" \/>\n\t<meta property=\"og:image:width\" content=\"1920\" \/>\n\t<meta property=\"og:image:height\" content=\"1301\" \/>\n\t<meta property=\"og:image:type\" content=\"image\/jpeg\" \/>\n<meta name=\"author\" content=\"Pierre Bleuse\" \/>\n<meta name=\"twitter:card\" content=\"summary_large_image\" \/>\n<meta name=\"twitter:label1\" content=\"\u00c9crit par\" \/>\n\t<meta name=\"twitter:data1\" content=\"Pierre Bleuse\" \/>\n\t<meta name=\"twitter:label2\" content=\"Dur\u00e9e de lecture estim\u00e9e\" \/>\n\t<meta name=\"twitter:data2\" content=\"7 minutes\" \/>\n<script type=\"application\/ld+json\" class=\"yoast-schema-graph\">{\"@context\":\"https:\\\/\\\/schema.org\",\"@graph\":[{\"@type\":\"Article\",\"@id\":\"https:\\\/\\\/www.ensembleintercontemporain.com\\\/fr\\\/2024\\\/08\\\/2024-2025-une-saison-anniversaire\\\/#article\",\"isPartOf\":{\"@id\":\"https:\\\/\\\/www.ensembleintercontemporain.com\\\/fr\\\/2024\\\/08\\\/2024-2025-une-saison-anniversaire\\\/\"},\"author\":{\"name\":\"Pierre Bleuse\",\"@id\":\"https:\\\/\\\/www.ensembleintercontemporain.com\\\/en\\\/#\\\/schema\\\/person\\\/9b8cf546674af87c4b518a8bcb777c7c\"},\"headline\":\"2024-25 : une saison anniversaire !\",\"datePublished\":\"2024-08-26T14:39:57+00:00\",\"dateModified\":\"2024-09-03T09:00:29+00:00\",\"mainEntityOfPage\":{\"@id\":\"https:\\\/\\\/www.ensembleintercontemporain.com\\\/fr\\\/2024\\\/08\\\/2024-2025-une-saison-anniversaire\\\/\"},\"wordCount\":1144,\"image\":{\"@id\":\"https:\\\/\\\/www.ensembleintercontemporain.com\\\/fr\\\/2024\\\/08\\\/2024-2025-une-saison-anniversaire\\\/#primaryimage\"},\"thumbnailUrl\":\"https:\\\/\\\/www.ensembleintercontemporain.com\\\/content\\\/uploads\\\/2024\\\/08\\\/sandrine-expilly-eic-pierre-bleuse-68hd.jpg\",\"articleSection\":[\"Boulez 100\",\"\u00c9dito\"],\"inLanguage\":\"fr-FR\"},{\"@type\":\"WebPage\",\"@id\":\"https:\\\/\\\/www.ensembleintercontemporain.com\\\/fr\\\/2024\\\/08\\\/2024-2025-une-saison-anniversaire\\\/\",\"url\":\"https:\\\/\\\/www.ensembleintercontemporain.com\\\/fr\\\/2024\\\/08\\\/2024-2025-une-saison-anniversaire\\\/\",\"name\":\"2024-25 : une saison anniversaire ! - Ensemble intercontemporain\",\"isPartOf\":{\"@id\":\"https:\\\/\\\/www.ensembleintercontemporain.com\\\/en\\\/#website\"},\"primaryImageOfPage\":{\"@id\":\"https:\\\/\\\/www.ensembleintercontemporain.com\\\/fr\\\/2024\\\/08\\\/2024-2025-une-saison-anniversaire\\\/#primaryimage\"},\"image\":{\"@id\":\"https:\\\/\\\/www.ensembleintercontemporain.com\\\/fr\\\/2024\\\/08\\\/2024-2025-une-saison-anniversaire\\\/#primaryimage\"},\"thumbnailUrl\":\"https:\\\/\\\/www.ensembleintercontemporain.com\\\/content\\\/uploads\\\/2024\\\/08\\\/sandrine-expilly-eic-pierre-bleuse-68hd.jpg\",\"datePublished\":\"2024-08-26T14:39:57+00:00\",\"dateModified\":\"2024-09-03T09:00:29+00:00\",\"author\":{\"@id\":\"https:\\\/\\\/www.ensembleintercontemporain.com\\\/en\\\/#\\\/schema\\\/person\\\/9b8cf546674af87c4b518a8bcb777c7c\"},\"breadcrumb\":{\"@id\":\"https:\\\/\\\/www.ensembleintercontemporain.com\\\/fr\\\/2024\\\/08\\\/2024-2025-une-saison-anniversaire\\\/#breadcrumb\"},\"inLanguage\":\"fr-FR\",\"potentialAction\":[{\"@type\":\"ReadAction\",\"target\":[\"https:\\\/\\\/www.ensembleintercontemporain.com\\\/fr\\\/2024\\\/08\\\/2024-2025-une-saison-anniversaire\\\/\"]}]},{\"@type\":\"ImageObject\",\"inLanguage\":\"fr-FR\",\"@id\":\"https:\\\/\\\/www.ensembleintercontemporain.com\\\/fr\\\/2024\\\/08\\\/2024-2025-une-saison-anniversaire\\\/#primaryimage\",\"url\":\"https:\\\/\\\/www.ensembleintercontemporain.com\\\/content\\\/uploads\\\/2024\\\/08\\\/sandrine-expilly-eic-pierre-bleuse-68hd.jpg\",\"contentUrl\":\"https:\\\/\\\/www.ensembleintercontemporain.com\\\/content\\\/uploads\\\/2024\\\/08\\\/sandrine-expilly-eic-pierre-bleuse-68hd.jpg\",\"width\":1920,\"height\":1301},{\"@type\":\"BreadcrumbList\",\"@id\":\"https:\\\/\\\/www.ensembleintercontemporain.com\\\/fr\\\/2024\\\/08\\\/2024-2025-une-saison-anniversaire\\\/#breadcrumb\",\"itemListElement\":[{\"@type\":\"ListItem\",\"position\":1,\"name\":\"Home\",\"item\":\"https:\\\/\\\/www.ensembleintercontemporain.com\\\/fr\\\/\"},{\"@type\":\"ListItem\",\"position\":2,\"name\":\"2024-25 : une saison anniversaire !\"}]},{\"@type\":\"WebSite\",\"@id\":\"https:\\\/\\\/www.ensembleintercontemporain.com\\\/en\\\/#website\",\"url\":\"https:\\\/\\\/www.ensembleintercontemporain.com\\\/en\\\/\",\"name\":\"Ensemble intercontemporain\",\"description\":\"\",\"potentialAction\":[{\"@type\":\"SearchAction\",\"target\":{\"@type\":\"EntryPoint\",\"urlTemplate\":\"https:\\\/\\\/www.ensembleintercontemporain.com\\\/en\\\/?s={search_term_string}\"},\"query-input\":{\"@type\":\"PropertyValueSpecification\",\"valueRequired\":true,\"valueName\":\"search_term_string\"}}],\"inLanguage\":\"fr-FR\"},{\"@type\":\"Person\",\"@id\":\"https:\\\/\\\/www.ensembleintercontemporain.com\\\/en\\\/#\\\/schema\\\/person\\\/9b8cf546674af87c4b518a8bcb777c7c\",\"name\":\"Pierre Bleuse\",\"image\":{\"@type\":\"ImageObject\",\"inLanguage\":\"fr-FR\",\"@id\":\"https:\\\/\\\/secure.gravatar.com\\\/avatar\\\/e9dbf0e3c02b6294136f67147df5eafaedfdfa80fee38716489150a5e4da17fe?s=96&d=mm&r=g\",\"url\":\"https:\\\/\\\/secure.gravatar.com\\\/avatar\\\/e9dbf0e3c02b6294136f67147df5eafaedfdfa80fee38716489150a5e4da17fe?s=96&d=mm&r=g\",\"contentUrl\":\"https:\\\/\\\/secure.gravatar.com\\\/avatar\\\/e9dbf0e3c02b6294136f67147df5eafaedfdfa80fee38716489150a5e4da17fe?s=96&d=mm&r=g\",\"caption\":\"Pierre Bleuse\"},\"url\":\"https:\\\/\\\/www.ensembleintercontemporain.com\\\/fr\\\/author\\\/pbleuse\\\/\"}]}<\/script>\n<!-- \/ Yoast SEO plugin. -->","yoast_head_json":{"title":"2024-25 : une saison anniversaire ! - Ensemble intercontemporain","robots":{"index":"index","follow":"follow","max-snippet":"max-snippet:-1","max-image-preview":"max-image-preview:large","max-video-preview":"max-video-preview:-1"},"canonical":"https:\/\/www.ensembleintercontemporain.com\/fr\/2024\/08\/2024-2025-une-saison-anniversaire\/","og_locale":"fr_FR","og_type":"article","og_title":"2024-25 : une saison anniversaire ! - Ensemble intercontemporain","og_description":"Pierre Bleuse, directeur musical de l'Ensemble intercontemporain, pr\u00e9sente la nouvelle saison 2024-25, marqu\u00e9e par les nombreuses c\u00e9l\u00e9brations de l'anniversaire du centenaire de la naissance de Pierre Boulez.\u00a0","og_url":"https:\/\/www.ensembleintercontemporain.com\/fr\/2024\/08\/2024-2025-une-saison-anniversaire\/","og_site_name":"Ensemble intercontemporain","article_published_time":"2024-08-26T14:39:57+00:00","article_modified_time":"2024-09-03T09:00:29+00:00","og_image":[{"width":1920,"height":1301,"url":"https:\/\/www.ensembleintercontemporain.com\/content\/uploads\/2024\/08\/sandrine-expilly-eic-pierre-bleuse-68hd.jpg","type":"image\/jpeg"}],"author":"Pierre Bleuse","twitter_card":"summary_large_image","twitter_misc":{"\u00c9crit par":"Pierre Bleuse","Dur\u00e9e de lecture estim\u00e9e":"7 minutes"},"schema":{"@context":"https:\/\/schema.org","@graph":[{"@type":"Article","@id":"https:\/\/www.ensembleintercontemporain.com\/fr\/2024\/08\/2024-2025-une-saison-anniversaire\/#article","isPartOf":{"@id":"https:\/\/www.ensembleintercontemporain.com\/fr\/2024\/08\/2024-2025-une-saison-anniversaire\/"},"author":{"name":"Pierre Bleuse","@id":"https:\/\/www.ensembleintercontemporain.com\/en\/#\/schema\/person\/9b8cf546674af87c4b518a8bcb777c7c"},"headline":"2024-25 : une saison anniversaire !","datePublished":"2024-08-26T14:39:57+00:00","dateModified":"2024-09-03T09:00:29+00:00","mainEntityOfPage":{"@id":"https:\/\/www.ensembleintercontemporain.com\/fr\/2024\/08\/2024-2025-une-saison-anniversaire\/"},"wordCount":1144,"image":{"@id":"https:\/\/www.ensembleintercontemporain.com\/fr\/2024\/08\/2024-2025-une-saison-anniversaire\/#primaryimage"},"thumbnailUrl":"https:\/\/www.ensembleintercontemporain.com\/content\/uploads\/2024\/08\/sandrine-expilly-eic-pierre-bleuse-68hd.jpg","articleSection":["Boulez 100","\u00c9dito"],"inLanguage":"fr-FR"},{"@type":"WebPage","@id":"https:\/\/www.ensembleintercontemporain.com\/fr\/2024\/08\/2024-2025-une-saison-anniversaire\/","url":"https:\/\/www.ensembleintercontemporain.com\/fr\/2024\/08\/2024-2025-une-saison-anniversaire\/","name":"2024-25 : une saison anniversaire ! - Ensemble intercontemporain","isPartOf":{"@id":"https:\/\/www.ensembleintercontemporain.com\/en\/#website"},"primaryImageOfPage":{"@id":"https:\/\/www.ensembleintercontemporain.com\/fr\/2024\/08\/2024-2025-une-saison-anniversaire\/#primaryimage"},"image":{"@id":"https:\/\/www.ensembleintercontemporain.com\/fr\/2024\/08\/2024-2025-une-saison-anniversaire\/#primaryimage"},"thumbnailUrl":"https:\/\/www.ensembleintercontemporain.com\/content\/uploads\/2024\/08\/sandrine-expilly-eic-pierre-bleuse-68hd.jpg","datePublished":"2024-08-26T14:39:57+00:00","dateModified":"2024-09-03T09:00:29+00:00","author":{"@id":"https:\/\/www.ensembleintercontemporain.com\/en\/#\/schema\/person\/9b8cf546674af87c4b518a8bcb777c7c"},"breadcrumb":{"@id":"https:\/\/www.ensembleintercontemporain.com\/fr\/2024\/08\/2024-2025-une-saison-anniversaire\/#breadcrumb"},"inLanguage":"fr-FR","potentialAction":[{"@type":"ReadAction","target":["https:\/\/www.ensembleintercontemporain.com\/fr\/2024\/08\/2024-2025-une-saison-anniversaire\/"]}]},{"@type":"ImageObject","inLanguage":"fr-FR","@id":"https:\/\/www.ensembleintercontemporain.com\/fr\/2024\/08\/2024-2025-une-saison-anniversaire\/#primaryimage","url":"https:\/\/www.ensembleintercontemporain.com\/content\/uploads\/2024\/08\/sandrine-expilly-eic-pierre-bleuse-68hd.jpg","contentUrl":"https:\/\/www.ensembleintercontemporain.com\/content\/uploads\/2024\/08\/sandrine-expilly-eic-pierre-bleuse-68hd.jpg","width":1920,"height":1301},{"@type":"BreadcrumbList","@id":"https:\/\/www.ensembleintercontemporain.com\/fr\/2024\/08\/2024-2025-une-saison-anniversaire\/#breadcrumb","itemListElement":[{"@type":"ListItem","position":1,"name":"Home","item":"https:\/\/www.ensembleintercontemporain.com\/fr\/"},{"@type":"ListItem","position":2,"name":"2024-25 : une saison anniversaire !"}]},{"@type":"WebSite","@id":"https:\/\/www.ensembleintercontemporain.com\/en\/#website","url":"https:\/\/www.ensembleintercontemporain.com\/en\/","name":"Ensemble intercontemporain","description":"","potentialAction":[{"@type":"SearchAction","target":{"@type":"EntryPoint","urlTemplate":"https:\/\/www.ensembleintercontemporain.com\/en\/?s={search_term_string}"},"query-input":{"@type":"PropertyValueSpecification","valueRequired":true,"valueName":"search_term_string"}}],"inLanguage":"fr-FR"},{"@type":"Person","@id":"https:\/\/www.ensembleintercontemporain.com\/en\/#\/schema\/person\/9b8cf546674af87c4b518a8bcb777c7c","name":"Pierre Bleuse","image":{"@type":"ImageObject","inLanguage":"fr-FR","@id":"https:\/\/secure.gravatar.com\/avatar\/e9dbf0e3c02b6294136f67147df5eafaedfdfa80fee38716489150a5e4da17fe?s=96&d=mm&r=g","url":"https:\/\/secure.gravatar.com\/avatar\/e9dbf0e3c02b6294136f67147df5eafaedfdfa80fee38716489150a5e4da17fe?s=96&d=mm&r=g","contentUrl":"https:\/\/secure.gravatar.com\/avatar\/e9dbf0e3c02b6294136f67147df5eafaedfdfa80fee38716489150a5e4da17fe?s=96&d=mm&r=g","caption":"Pierre Bleuse"},"url":"https:\/\/www.ensembleintercontemporain.com\/fr\/author\/pbleuse\/"}]}},"_links":{"self":[{"href":"https:\/\/www.ensembleintercontemporain.com\/fr\/wp-json\/wp\/v2\/posts\/27345\/"}],"collection":[{"href":"https:\/\/www.ensembleintercontemporain.com\/fr\/wp-json\/wp\/v2\/posts\/"}],"about":[{"href":"https:\/\/www.ensembleintercontemporain.com\/fr\/wp-json\/wp\/v2\/types\/post\/"}],"author":[{"embeddable":true,"href":"https:\/\/www.ensembleintercontemporain.com\/fr\/wp-json\/wp\/v2\/users\/180\/"}],"replies":[{"embeddable":true,"href":"https:\/\/www.ensembleintercontemporain.com\/fr\/wp-json\/wp\/v2\/comments\/?post=27345"}],"version-history":[{"count":6,"href":"https:\/\/www.ensembleintercontemporain.com\/fr\/wp-json\/wp\/v2\/posts\/27345\/revisions\/"}],"predecessor-version":[{"id":27366,"href":"https:\/\/www.ensembleintercontemporain.com\/fr\/wp-json\/wp\/v2\/posts\/27345\/revisions\/27366\/"}],"wp:featuredmedia":[{"embeddable":true,"href":"https:\/\/www.ensembleintercontemporain.com\/fr\/wp-json\/wp\/v2\/media\/27347\/"}],"wp:attachment":[{"href":"https:\/\/www.ensembleintercontemporain.com\/fr\/wp-json\/wp\/v2\/media\/?parent=27345"}],"wp:term":[{"taxonomy":"category","embeddable":true,"href":"https:\/\/www.ensembleintercontemporain.com\/fr\/wp-json\/wp\/v2\/categories\/?post=27345"},{"taxonomy":"post_tag","embeddable":true,"href":"https:\/\/www.ensembleintercontemporain.com\/fr\/wp-json\/wp\/v2\/tags\/?post=27345"}],"curies":[{"name":"wp","href":"https:\/\/api.w.org\/{rel}","templated":true}]}}