{"id":26500,"date":"2024-03-21T17:40:20","date_gmt":"2024-03-21T16:40:20","guid":{"rendered":"https:\/\/www.ensembleintercontemporain.com\/?p=26500"},"modified":"2024-04-29T12:07:38","modified_gmt":"2024-04-29T10:07:38","slug":"abime-des-oiseaux-dolivier-messiaen","status":"publish","type":"post","link":"https:\/\/www.ensembleintercontemporain.com\/fr\/2024\/03\/abime-des-oiseaux-dolivier-messiaen\/","title":{"rendered":"\u00ab Ab\u00eeme des oiseaux \u00bb d&rsquo;Olivier Messiaen"},"content":{"rendered":"<p><img loading=\"lazy\" decoding=\"async\" class=\"aligncenter wp-image-26504 size-large\" src=\"http:\/\/www.ensembleintercontemporain.com\/content\/uploads\/2024\/03\/imgp2687-1024x800.jpg\" alt=\"\" width=\"1024\" height=\"800\" \/><\/p>\n<p><span style=\"color: #003366;\"><strong><span style=\"font-size: 18pt;\">L<\/span>ors d&rsquo;un concert le <a href=\"https:\/\/www.ensembleintercontemporain.com\/fr\/concert\/vox-animalis-2024-03-23-16h00-lyon\/\">23 mars 2024 \u00e0 l&rsquo;Auditorium de Lyon<\/a>, Alain Billard sera l&rsquo;interpr\u00e8te de l&rsquo;<em>Ab\u00eeme des oiseaux<\/em>, extrait du <em>Quatuor pour la fin du Temps <\/em>d&rsquo;Olivier Messiaen, compos\u00e9 en temps de guerre et \u00e0 l&rsquo;\u00e9cho encore tr\u00e8s actuel, comme nous l&rsquo;explique le clarinettiste.<\/strong><\/span><\/p>\n<p style=\"font-weight: 400;\"><span style=\"font-size: 14pt;\">Quand je joue l\u2019<em>Ab\u00eeme des oiseaux<\/em>, je ne suis pas le m\u00eame homme, tout simplement. Je ne peux pas jouer cette pi\u00e8ce sans songer aux circonstances tragiques de sa composition par Olivier Messiaen, en 1940, au Stalag VIII-A, en Allemagne. La pi\u00e8ce s\u2019ouvre sur une repr\u00e9sentation de \u00ab\u2009l\u2019ab\u00eeme\u2009\u00bb mentionn\u00e9 par le titre\u2009: c\u2019est-\u00e0-dire la privation de libert\u00e9, l\u2019enfermement dans un camp de prisonniers, l\u2019Europe elle-m\u00eame plong\u00e9e dans les t\u00e9n\u00e8bres. Messiaen indique textuellement sur la partition\u2009: \u00ab\u2009D\u00e9sol\u00e9\u2009\u00bb \u2013 et ce d\u00e9but est effectivement lent et triste. J\u2019y entends toute la bassesse de l\u2019homme qui se manifestait alors. Trois <em>mi<\/em> identiques retentissent \u00e0 intervalles r\u00e9guliers, comme la sir\u00e8ne d\u2019appel pour le rassemblement dans le camps.\u2009Chaque fois que je joue cette note, j\u2019ai le sentiment d\u2019\u00eatre moi-m\u00eame prisonnier. <\/span><span style=\"font-size: 14pt;\">Cela dit, Messiaen avait une foi inextinguible, et son \u00e9criture porte en elle cet espoir qui l\u2019illuminait. <\/span><\/p>\n<p style=\"font-weight: 400;\"><span style=\"font-size: 14pt;\">Il appara\u00eet au moins \u00e0 deux moments, indiqu\u00e9s \u00ab\u2009Mod\u00e9r\u00e9s\u2009\u00bb (peut-\u00eatre un signe de la mod\u00e9ration et de la nuance du caract\u00e8re du compositeur), successions de grands intervalles montants et descendants, comme des appels au secours qui, h\u00e9las, restent sans r\u00e9ponse. Et puis, en contrepoint de l\u2019ab\u00eeme, Messiaen nous ouvre une fen\u00eatre sur une forme de l\u00e9g\u00e8ret\u00e9 et d\u2019insouciance\u2009: celle de l\u2019oiseau, vif, gai, capricieux. Seulement cette insouciance ne dure pas, et la pi\u00e8ce se referme de nouveau sur une infinie tristesse. Aujourd\u2019hui, je rejoue l\u2019<em>Ab\u00eeme des oiseaux<\/em> avec \u00e0 l\u2019esprit le fait que cette histoire, h\u00e9las, se r\u00e9p\u00e8te, et pas si loin de nous.<\/span><\/p>\n<p><span style=\"color: #000000;\">Photo \u00a9 Franck Ferville<\/span><\/p>\n","protected":false},"excerpt":{"rendered":"<p>Lors d&rsquo;un concert le 23 mars 2024 \u00e0 l&rsquo;Auditorium de Lyon, Alain Billard sera l&rsquo;interpr\u00e8te de l'\u00a0\u00bbAb\u00eeme des oiseaux\u00a0\u00bb, extrait du \u00ab\u00a0Quatuor pour la fin du Temps\u00a0\u00bb d&rsquo;Olivier Messiaen, compos\u00e9 en temps de guerre et \u00e0 l&rsquo;\u00e9cho encore tr\u00e8s actuel, comme nous l&rsquo;explique le clarinettiste.\u00a0<\/p>\n","protected":false},"author":139,"featured_media":26504,"comment_status":"closed","ping_status":"closed","sticky":false,"template":"","format":"standard","meta":{"_acf_changed":false,"footnotes":""},"categories":[102],"tags":[],"class_list":["post-26500","post","type-post","status-publish","format-standard","has-post-thumbnail","hentry","category-eclairage","concert-vox-animalis"],"acf":[],"yoast_head":"<!-- This site is optimized with the Yoast SEO plugin v27.5 - https:\/\/yoast.com\/product\/yoast-seo-wordpress\/ -->\n<title>\u00ab Ab\u00eeme des oiseaux \u00bb d&#039;Olivier Messiaen - Ensemble intercontemporain<\/title>\n<meta name=\"robots\" content=\"index, follow, max-snippet:-1, max-image-preview:large, max-video-preview:-1\" \/>\n<link rel=\"canonical\" href=\"https:\/\/www.ensembleintercontemporain.com\/fr\/2024\/03\/abime-des-oiseaux-dolivier-messiaen\/\" \/>\n<meta property=\"og:locale\" content=\"fr_FR\" \/>\n<meta property=\"og:type\" content=\"article\" \/>\n<meta property=\"og:title\" content=\"\u00ab Ab\u00eeme des oiseaux \u00bb d&#039;Olivier Messiaen - Ensemble intercontemporain\" \/>\n<meta property=\"og:description\" content=\"Lors d&#039;un concert le 23 mars 2024 \u00e0 l&#039;Auditorium de Lyon, Alain Billard sera l&#039;interpr\u00e8te de l&#039;&quot;Ab\u00eeme des oiseaux&quot;, extrait du &quot;Quatuor pour la fin du Temps&quot; d&#039;Olivier Messiaen, compos\u00e9 en temps de guerre et \u00e0 l&#039;\u00e9cho encore tr\u00e8s actuel, comme nous l&#039;explique le clarinettiste.\u00a0\" \/>\n<meta property=\"og:url\" content=\"https:\/\/www.ensembleintercontemporain.com\/fr\/2024\/03\/abime-des-oiseaux-dolivier-messiaen\/\" \/>\n<meta property=\"og:site_name\" content=\"Ensemble intercontemporain\" \/>\n<meta property=\"article:published_time\" content=\"2024-03-21T16:40:20+00:00\" \/>\n<meta property=\"article:modified_time\" content=\"2024-04-29T10:07:38+00:00\" \/>\n<meta property=\"og:image\" content=\"https:\/\/www.ensembleintercontemporain.com\/content\/uploads\/2024\/03\/imgp2687-e1711039658770.jpg\" \/>\n\t<meta property=\"og:image:width\" content=\"1686\" \/>\n\t<meta property=\"og:image:height\" content=\"1270\" \/>\n\t<meta property=\"og:image:type\" content=\"image\/jpeg\" \/>\n<meta name=\"author\" content=\"Alain Billard\" \/>\n<meta name=\"twitter:card\" content=\"summary_large_image\" \/>\n<meta name=\"twitter:label1\" content=\"\u00c9crit par\" \/>\n\t<meta name=\"twitter:data1\" content=\"Alain Billard\" \/>\n\t<meta name=\"twitter:label2\" content=\"Dur\u00e9e de lecture estim\u00e9e\" \/>\n\t<meta name=\"twitter:data2\" content=\"2 minutes\" \/>\n<script type=\"application\/ld+json\" class=\"yoast-schema-graph\">{\"@context\":\"https:\\\/\\\/schema.org\",\"@graph\":[{\"@type\":\"Article\",\"@id\":\"https:\\\/\\\/www.ensembleintercontemporain.com\\\/fr\\\/2024\\\/03\\\/abime-des-oiseaux-dolivier-messiaen\\\/#article\",\"isPartOf\":{\"@id\":\"https:\\\/\\\/www.ensembleintercontemporain.com\\\/fr\\\/2024\\\/03\\\/abime-des-oiseaux-dolivier-messiaen\\\/\"},\"author\":{\"name\":\"Alain Billard\",\"@id\":\"https:\\\/\\\/www.ensembleintercontemporain.com\\\/en\\\/#\\\/schema\\\/person\\\/75b79391a8bf10f8e025e12c5538910c\"},\"headline\":\"\u00ab Ab\u00eeme des oiseaux \u00bb d&rsquo;Olivier Messiaen\",\"datePublished\":\"2024-03-21T16:40:20+00:00\",\"dateModified\":\"2024-04-29T10:07:38+00:00\",\"mainEntityOfPage\":{\"@id\":\"https:\\\/\\\/www.ensembleintercontemporain.com\\\/fr\\\/2024\\\/03\\\/abime-des-oiseaux-dolivier-messiaen\\\/\"},\"wordCount\":348,\"image\":{\"@id\":\"https:\\\/\\\/www.ensembleintercontemporain.com\\\/fr\\\/2024\\\/03\\\/abime-des-oiseaux-dolivier-messiaen\\\/#primaryimage\"},\"thumbnailUrl\":\"https:\\\/\\\/www.ensembleintercontemporain.com\\\/content\\\/uploads\\\/2024\\\/03\\\/imgp2687-e1711039658770.jpg\",\"articleSection\":[\"\u00c9clairage\"],\"inLanguage\":\"fr-FR\"},{\"@type\":\"WebPage\",\"@id\":\"https:\\\/\\\/www.ensembleintercontemporain.com\\\/fr\\\/2024\\\/03\\\/abime-des-oiseaux-dolivier-messiaen\\\/\",\"url\":\"https:\\\/\\\/www.ensembleintercontemporain.com\\\/fr\\\/2024\\\/03\\\/abime-des-oiseaux-dolivier-messiaen\\\/\",\"name\":\"\u00ab Ab\u00eeme des oiseaux \u00bb d'Olivier Messiaen - Ensemble intercontemporain\",\"isPartOf\":{\"@id\":\"https:\\\/\\\/www.ensembleintercontemporain.com\\\/en\\\/#website\"},\"primaryImageOfPage\":{\"@id\":\"https:\\\/\\\/www.ensembleintercontemporain.com\\\/fr\\\/2024\\\/03\\\/abime-des-oiseaux-dolivier-messiaen\\\/#primaryimage\"},\"image\":{\"@id\":\"https:\\\/\\\/www.ensembleintercontemporain.com\\\/fr\\\/2024\\\/03\\\/abime-des-oiseaux-dolivier-messiaen\\\/#primaryimage\"},\"thumbnailUrl\":\"https:\\\/\\\/www.ensembleintercontemporain.com\\\/content\\\/uploads\\\/2024\\\/03\\\/imgp2687-e1711039658770.jpg\",\"datePublished\":\"2024-03-21T16:40:20+00:00\",\"dateModified\":\"2024-04-29T10:07:38+00:00\",\"author\":{\"@id\":\"https:\\\/\\\/www.ensembleintercontemporain.com\\\/en\\\/#\\\/schema\\\/person\\\/75b79391a8bf10f8e025e12c5538910c\"},\"breadcrumb\":{\"@id\":\"https:\\\/\\\/www.ensembleintercontemporain.com\\\/fr\\\/2024\\\/03\\\/abime-des-oiseaux-dolivier-messiaen\\\/#breadcrumb\"},\"inLanguage\":\"fr-FR\",\"potentialAction\":[{\"@type\":\"ReadAction\",\"target\":[\"https:\\\/\\\/www.ensembleintercontemporain.com\\\/fr\\\/2024\\\/03\\\/abime-des-oiseaux-dolivier-messiaen\\\/\"]}]},{\"@type\":\"ImageObject\",\"inLanguage\":\"fr-FR\",\"@id\":\"https:\\\/\\\/www.ensembleintercontemporain.com\\\/fr\\\/2024\\\/03\\\/abime-des-oiseaux-dolivier-messiaen\\\/#primaryimage\",\"url\":\"https:\\\/\\\/www.ensembleintercontemporain.com\\\/content\\\/uploads\\\/2024\\\/03\\\/imgp2687-e1711039658770.jpg\",\"contentUrl\":\"https:\\\/\\\/www.ensembleintercontemporain.com\\\/content\\\/uploads\\\/2024\\\/03\\\/imgp2687-e1711039658770.jpg\",\"width\":1686,\"height\":1270},{\"@type\":\"BreadcrumbList\",\"@id\":\"https:\\\/\\\/www.ensembleintercontemporain.com\\\/fr\\\/2024\\\/03\\\/abime-des-oiseaux-dolivier-messiaen\\\/#breadcrumb\",\"itemListElement\":[{\"@type\":\"ListItem\",\"position\":1,\"name\":\"Home\",\"item\":\"https:\\\/\\\/www.ensembleintercontemporain.com\\\/fr\\\/\"},{\"@type\":\"ListItem\",\"position\":2,\"name\":\"\u00ab Ab\u00eeme des oiseaux \u00bb d&rsquo;Olivier Messiaen\"}]},{\"@type\":\"WebSite\",\"@id\":\"https:\\\/\\\/www.ensembleintercontemporain.com\\\/en\\\/#website\",\"url\":\"https:\\\/\\\/www.ensembleintercontemporain.com\\\/en\\\/\",\"name\":\"Ensemble intercontemporain\",\"description\":\"\",\"potentialAction\":[{\"@type\":\"SearchAction\",\"target\":{\"@type\":\"EntryPoint\",\"urlTemplate\":\"https:\\\/\\\/www.ensembleintercontemporain.com\\\/en\\\/?s={search_term_string}\"},\"query-input\":{\"@type\":\"PropertyValueSpecification\",\"valueRequired\":true,\"valueName\":\"search_term_string\"}}],\"inLanguage\":\"fr-FR\"},{\"@type\":\"Person\",\"@id\":\"https:\\\/\\\/www.ensembleintercontemporain.com\\\/en\\\/#\\\/schema\\\/person\\\/75b79391a8bf10f8e025e12c5538910c\",\"name\":\"Alain Billard\",\"image\":{\"@type\":\"ImageObject\",\"inLanguage\":\"fr-FR\",\"@id\":\"https:\\\/\\\/secure.gravatar.com\\\/avatar\\\/63960fc4caa1a8c22a1f9f9a6b5e33056283ecbbd090f6a85499406d4982d733?s=96&d=mm&r=g\",\"url\":\"https:\\\/\\\/secure.gravatar.com\\\/avatar\\\/63960fc4caa1a8c22a1f9f9a6b5e33056283ecbbd090f6a85499406d4982d733?s=96&d=mm&r=g\",\"contentUrl\":\"https:\\\/\\\/secure.gravatar.com\\\/avatar\\\/63960fc4caa1a8c22a1f9f9a6b5e33056283ecbbd090f6a85499406d4982d733?s=96&d=mm&r=g\",\"caption\":\"Alain Billard\"},\"url\":\"https:\\\/\\\/www.ensembleintercontemporain.com\\\/fr\\\/author\\\/alain-billard\\\/\"}]}<\/script>\n<!-- \/ Yoast SEO plugin. -->","yoast_head_json":{"title":"\u00ab Ab\u00eeme des oiseaux \u00bb d'Olivier Messiaen - Ensemble intercontemporain","robots":{"index":"index","follow":"follow","max-snippet":"max-snippet:-1","max-image-preview":"max-image-preview:large","max-video-preview":"max-video-preview:-1"},"canonical":"https:\/\/www.ensembleintercontemporain.com\/fr\/2024\/03\/abime-des-oiseaux-dolivier-messiaen\/","og_locale":"fr_FR","og_type":"article","og_title":"\u00ab Ab\u00eeme des oiseaux \u00bb d'Olivier Messiaen - Ensemble intercontemporain","og_description":"Lors d'un concert le 23 mars 2024 \u00e0 l'Auditorium de Lyon, Alain Billard sera l'interpr\u00e8te de l'\"Ab\u00eeme des oiseaux\", extrait du \"Quatuor pour la fin du Temps\" d'Olivier Messiaen, compos\u00e9 en temps de guerre et \u00e0 l'\u00e9cho encore tr\u00e8s actuel, comme nous l'explique le clarinettiste.\u00a0","og_url":"https:\/\/www.ensembleintercontemporain.com\/fr\/2024\/03\/abime-des-oiseaux-dolivier-messiaen\/","og_site_name":"Ensemble intercontemporain","article_published_time":"2024-03-21T16:40:20+00:00","article_modified_time":"2024-04-29T10:07:38+00:00","og_image":[{"width":1686,"height":1270,"url":"https:\/\/www.ensembleintercontemporain.com\/content\/uploads\/2024\/03\/imgp2687-e1711039658770.jpg","type":"image\/jpeg"}],"author":"Alain Billard","twitter_card":"summary_large_image","twitter_misc":{"\u00c9crit par":"Alain Billard","Dur\u00e9e de lecture estim\u00e9e":"2 minutes"},"schema":{"@context":"https:\/\/schema.org","@graph":[{"@type":"Article","@id":"https:\/\/www.ensembleintercontemporain.com\/fr\/2024\/03\/abime-des-oiseaux-dolivier-messiaen\/#article","isPartOf":{"@id":"https:\/\/www.ensembleintercontemporain.com\/fr\/2024\/03\/abime-des-oiseaux-dolivier-messiaen\/"},"author":{"name":"Alain Billard","@id":"https:\/\/www.ensembleintercontemporain.com\/en\/#\/schema\/person\/75b79391a8bf10f8e025e12c5538910c"},"headline":"\u00ab Ab\u00eeme des oiseaux \u00bb d&rsquo;Olivier Messiaen","datePublished":"2024-03-21T16:40:20+00:00","dateModified":"2024-04-29T10:07:38+00:00","mainEntityOfPage":{"@id":"https:\/\/www.ensembleintercontemporain.com\/fr\/2024\/03\/abime-des-oiseaux-dolivier-messiaen\/"},"wordCount":348,"image":{"@id":"https:\/\/www.ensembleintercontemporain.com\/fr\/2024\/03\/abime-des-oiseaux-dolivier-messiaen\/#primaryimage"},"thumbnailUrl":"https:\/\/www.ensembleintercontemporain.com\/content\/uploads\/2024\/03\/imgp2687-e1711039658770.jpg","articleSection":["\u00c9clairage"],"inLanguage":"fr-FR"},{"@type":"WebPage","@id":"https:\/\/www.ensembleintercontemporain.com\/fr\/2024\/03\/abime-des-oiseaux-dolivier-messiaen\/","url":"https:\/\/www.ensembleintercontemporain.com\/fr\/2024\/03\/abime-des-oiseaux-dolivier-messiaen\/","name":"\u00ab Ab\u00eeme des oiseaux \u00bb d'Olivier Messiaen - Ensemble intercontemporain","isPartOf":{"@id":"https:\/\/www.ensembleintercontemporain.com\/en\/#website"},"primaryImageOfPage":{"@id":"https:\/\/www.ensembleintercontemporain.com\/fr\/2024\/03\/abime-des-oiseaux-dolivier-messiaen\/#primaryimage"},"image":{"@id":"https:\/\/www.ensembleintercontemporain.com\/fr\/2024\/03\/abime-des-oiseaux-dolivier-messiaen\/#primaryimage"},"thumbnailUrl":"https:\/\/www.ensembleintercontemporain.com\/content\/uploads\/2024\/03\/imgp2687-e1711039658770.jpg","datePublished":"2024-03-21T16:40:20+00:00","dateModified":"2024-04-29T10:07:38+00:00","author":{"@id":"https:\/\/www.ensembleintercontemporain.com\/en\/#\/schema\/person\/75b79391a8bf10f8e025e12c5538910c"},"breadcrumb":{"@id":"https:\/\/www.ensembleintercontemporain.com\/fr\/2024\/03\/abime-des-oiseaux-dolivier-messiaen\/#breadcrumb"},"inLanguage":"fr-FR","potentialAction":[{"@type":"ReadAction","target":["https:\/\/www.ensembleintercontemporain.com\/fr\/2024\/03\/abime-des-oiseaux-dolivier-messiaen\/"]}]},{"@type":"ImageObject","inLanguage":"fr-FR","@id":"https:\/\/www.ensembleintercontemporain.com\/fr\/2024\/03\/abime-des-oiseaux-dolivier-messiaen\/#primaryimage","url":"https:\/\/www.ensembleintercontemporain.com\/content\/uploads\/2024\/03\/imgp2687-e1711039658770.jpg","contentUrl":"https:\/\/www.ensembleintercontemporain.com\/content\/uploads\/2024\/03\/imgp2687-e1711039658770.jpg","width":1686,"height":1270},{"@type":"BreadcrumbList","@id":"https:\/\/www.ensembleintercontemporain.com\/fr\/2024\/03\/abime-des-oiseaux-dolivier-messiaen\/#breadcrumb","itemListElement":[{"@type":"ListItem","position":1,"name":"Home","item":"https:\/\/www.ensembleintercontemporain.com\/fr\/"},{"@type":"ListItem","position":2,"name":"\u00ab Ab\u00eeme des oiseaux \u00bb d&rsquo;Olivier Messiaen"}]},{"@type":"WebSite","@id":"https:\/\/www.ensembleintercontemporain.com\/en\/#website","url":"https:\/\/www.ensembleintercontemporain.com\/en\/","name":"Ensemble intercontemporain","description":"","potentialAction":[{"@type":"SearchAction","target":{"@type":"EntryPoint","urlTemplate":"https:\/\/www.ensembleintercontemporain.com\/en\/?s={search_term_string}"},"query-input":{"@type":"PropertyValueSpecification","valueRequired":true,"valueName":"search_term_string"}}],"inLanguage":"fr-FR"},{"@type":"Person","@id":"https:\/\/www.ensembleintercontemporain.com\/en\/#\/schema\/person\/75b79391a8bf10f8e025e12c5538910c","name":"Alain Billard","image":{"@type":"ImageObject","inLanguage":"fr-FR","@id":"https:\/\/secure.gravatar.com\/avatar\/63960fc4caa1a8c22a1f9f9a6b5e33056283ecbbd090f6a85499406d4982d733?s=96&d=mm&r=g","url":"https:\/\/secure.gravatar.com\/avatar\/63960fc4caa1a8c22a1f9f9a6b5e33056283ecbbd090f6a85499406d4982d733?s=96&d=mm&r=g","contentUrl":"https:\/\/secure.gravatar.com\/avatar\/63960fc4caa1a8c22a1f9f9a6b5e33056283ecbbd090f6a85499406d4982d733?s=96&d=mm&r=g","caption":"Alain Billard"},"url":"https:\/\/www.ensembleintercontemporain.com\/fr\/author\/alain-billard\/"}]}},"_links":{"self":[{"href":"https:\/\/www.ensembleintercontemporain.com\/fr\/wp-json\/wp\/v2\/posts\/26500\/"}],"collection":[{"href":"https:\/\/www.ensembleintercontemporain.com\/fr\/wp-json\/wp\/v2\/posts\/"}],"about":[{"href":"https:\/\/www.ensembleintercontemporain.com\/fr\/wp-json\/wp\/v2\/types\/post\/"}],"author":[{"embeddable":true,"href":"https:\/\/www.ensembleintercontemporain.com\/fr\/wp-json\/wp\/v2\/users\/139\/"}],"replies":[{"embeddable":true,"href":"https:\/\/www.ensembleintercontemporain.com\/fr\/wp-json\/wp\/v2\/comments\/?post=26500"}],"version-history":[{"count":12,"href":"https:\/\/www.ensembleintercontemporain.com\/fr\/wp-json\/wp\/v2\/posts\/26500\/revisions\/"}],"predecessor-version":[{"id":26517,"href":"https:\/\/www.ensembleintercontemporain.com\/fr\/wp-json\/wp\/v2\/posts\/26500\/revisions\/26517\/"}],"wp:featuredmedia":[{"embeddable":true,"href":"https:\/\/www.ensembleintercontemporain.com\/fr\/wp-json\/wp\/v2\/media\/26504\/"}],"wp:attachment":[{"href":"https:\/\/www.ensembleintercontemporain.com\/fr\/wp-json\/wp\/v2\/media\/?parent=26500"}],"wp:term":[{"taxonomy":"category","embeddable":true,"href":"https:\/\/www.ensembleintercontemporain.com\/fr\/wp-json\/wp\/v2\/categories\/?post=26500"},{"taxonomy":"post_tag","embeddable":true,"href":"https:\/\/www.ensembleintercontemporain.com\/fr\/wp-json\/wp\/v2\/tags\/?post=26500"}],"curies":[{"name":"wp","href":"https:\/\/api.w.org\/{rel}","templated":true}]}}