{"id":26406,"date":"2024-03-04T17:18:54","date_gmt":"2024-03-04T16:18:54","guid":{"rendered":"https:\/\/www.ensembleintercontemporain.com\/?p=26406"},"modified":"2025-02-12T16:33:10","modified_gmt":"2025-02-12T15:33:10","slug":"linfini-potentiel-des-marionnettes-entretien-avec-aurelie-hubeau-metteuse-en-scene","status":"publish","type":"post","link":"https:\/\/www.ensembleintercontemporain.com\/fr\/2024\/03\/linfini-potentiel-des-marionnettes-entretien-avec-aurelie-hubeau-metteuse-en-scene\/","title":{"rendered":"L\u2019infini potentiel des marionnettes. Entretien avec Aur\u00e9lie Hubeau, metteuse en sc\u00e8ne."},"content":{"rendered":"<p><img loading=\"lazy\" decoding=\"async\" class=\"aligncenter size-large wp-image-26407\" src=\"http:\/\/www.ensembleintercontemporain.com\/content\/uploads\/2024\/03\/repetition-alice-22fev24-cdm-24-1024x576.jpeg\" alt=\"\" width=\"1024\" height=\"576\" \/><\/p>\n<p><span style=\"color: #003366;\"><strong><span style=\"font-size: 14pt;\"><span style=\"font-size: 18pt;\">A<\/span><\/span>ncienne \u00e9l\u00e8ve de l&rsquo;Ecole Nationale Sup\u00e9rieure des Arts de la Marionnette (ESNAM), aujourd&rsquo;hui metteuse en sc\u00e8ne et marionnettiste, Aur\u00e9lie Hubeau assure la direction sc\u00e9nique du <a href=\"https:\/\/www.ensembleintercontemporain.com\/fr\/concert\/alice-et-le-miroir-2024-03-10-16h00-philharmonie-de-paris\/\">spectacle musical <em>Alice et le miroir<\/em><\/a>, une opportunit\u00e9 de transmettre son savoir \u00e0 huit com\u00e9diens \u00e9tudiant \u00e0 l&rsquo;ESNAM. Elle se confie sur l&rsquo;incroyable connexion entre l&rsquo;univers fantastique de Lewis Carroll et celui de la marionnette.<\/strong><\/span><\/p>\n<p><strong>Quand Sofia Avramidou vous a partag\u00e9 le projet de mettre en sc\u00e8ne l\u2019univers de Lewis Carroll, quelle a \u00e9t\u00e9 votre premi\u00e8re r\u00e9action ?<\/strong><strong><br \/>\n<\/strong><span style=\"font-size: 14pt;\">J\u2019ai \u00e9t\u00e9 absolument ravie, parce que, tout d\u2019abord j&rsquo;adore cette histoire, et puis cette \u0153uvre est un puit d\u2019inspiration sans fond pour les marionnettes ! On y retrouve tout ce que nous traitons en marionnette : le rapport entre les diff\u00e9rentes \u00e9chelles, le passage du tout petit au tr\u00e8s grand, les cr\u00e9atures hybrides, les personnages imaginaires, l\u2019imitation\u2026 Il y a comme un fil invisible qui relie l\u2019univers de Lewis Caroll au n\u00f4tre, donc c\u2019\u00e9tait une v\u00e9ritable aubaine \u2013 presque une \u00e9vidence \u2013 de mettre en sc\u00e8ne <em>De l\u2019Autre c\u00f4t\u00e9 du miroir<\/em> avec le support des marionnettes.<\/span><\/p>\n<p><strong>Quelle est la sp\u00e9cificit\u00e9 de la marionnette, et comment l\u2019explorez-vous pour traiter cet univers carrollien de tous les possibles ?<br \/>\n<\/strong><span style=\"font-size: 14pt;\">Je pense que ce qui diff\u00e9rencie r\u00e9ellement la marionnette des autres arts de la sc\u00e8ne, c&rsquo;est sa rencontre entre le th\u00e9\u00e2tre et les arts plastiques. L\u2019art de la marionnette met en jeu des formes, des volumes, des cr\u00e9ations, des images : il met en mouvements des objets, que sont les marionnettes, par opposition au th\u00e9\u00e2tre qui est un art de l\u2019incarnation. Avec la marionnette, on obtient tout de suite ce l\u00e9ger d\u00e9calage, qui nous fait basculer dans un monde irr\u00e9aliste de par la taille des marionnettes, et l\u2019infini des possibles qu\u2019elles repr\u00e9sentent. Une marionnette peut voler, par exemple, \u00e0 l\u2019inverse d\u2019un acteur ou d\u2019une actrice. Leur potentiel est infini. <\/span><\/p>\n<p><span style=\"font-size: 14pt;\">En cela, l\u2019ouvrage de Lewis Carroll est particuli\u00e8rement riche, puisqu\u2019il fait entrer en jeu des personnages incongrus comme un \u0153uf (Humpty Dumpty), un papillon ou des fleurs. Le livret de M\u00e9lanie Le Moine commence, par exemple, par la rencontre d\u2019Alice avec des fleurs : en marionnette, on ne se pose m\u00eame pas la question, on cr\u00e9e des fleurs ! Leur cr\u00e9atrice est Julie Faure-Brac, une artiste plasticienne qui r\u00e9fl\u00e9chit au dessin en volume et avec qui j\u2019avais terriblement envie de travailler. Ensuite, c\u2019est le mouvement qu\u2019impulse le marionnettiste qui leur donne la vie.<\/span><\/p>\n<p><img loading=\"lazy\" decoding=\"async\" class=\"wp-image-26359 aligncenter\" src=\"http:\/\/www.ensembleintercontemporain.com\/content\/uploads\/2024\/02\/repetition-alice-22fev24-cdm-2-scaled-e1708966836691-1024x628.jpeg\" alt=\"\" width=\"767\" height=\"470\" srcset=\"https:\/\/www.ensembleintercontemporain.com\/content\/uploads\/2024\/02\/repetition-alice-22fev24-cdm-2-scaled-e1708966836691-1024x628.jpeg 1024w, https:\/\/www.ensembleintercontemporain.com\/content\/uploads\/2024\/02\/repetition-alice-22fev24-cdm-2-scaled-e1708966836691-300x184.jpeg 300w, https:\/\/www.ensembleintercontemporain.com\/content\/uploads\/2024\/02\/repetition-alice-22fev24-cdm-2-scaled-e1708966836691-768x471.jpeg 768w, https:\/\/www.ensembleintercontemporain.com\/content\/uploads\/2024\/02\/repetition-alice-22fev24-cdm-2-scaled-e1708966836691-1536x942.jpeg 1536w, https:\/\/www.ensembleintercontemporain.com\/content\/uploads\/2024\/02\/repetition-alice-22fev24-cdm-2-scaled-e1708966836691-2048x1257.jpeg 2048w\" sizes=\"auto, (max-width: 767px) 100vw, 767px\" \/><\/p>\n<p><strong><em>De l\u2019Autre c\u00f4t\u00e9 d\u2019Alice<\/em> est l\u2019histoire d\u2019une petite fille qui grandit, qui s\u2019\u00e9mancipe\u2026 Comment r\u00e9ussissez-vous, par la marionnette, \u00e0 capter cette \u00e9volution ?<br \/>\n<\/strong><span style=\"font-size: 14pt;\">Par le travail de cr\u00e9ation de la marionnette. Avec Coline Fouilh\u00e9 et Julie Faure Brac, nous avons construit la marionnette d\u2019Alice au fur et \u00e0 mesure, donc que les r\u00e9p\u00e9titions ont commenc\u00e9 sans qu\u2019Alice ne soit termin\u00e9e. Et d\u2019ailleurs, elle ne l\u2019est pas encore. En fait, elle grandit au fur et \u00e0 mesure des r\u00e9p\u00e9titions, elle prend de l\u2019\u00e2ge, litt\u00e9ralement. \u00c0 son visage originellement blanc, on a rajout\u00e9 de la couleur, puis des lunettes, des cheveux\u2026 Cela a compl\u00e8tement chang\u00e9 la marionnette. En effet, la marionnette a son autonomie propre, ses inflexions, ses actions, auxquelles le ou la marionnettiste doit se montrer attentif. On n\u2019essaie pas de faire faire des choses \u00e0 une marionnette, cela ne marche jamais. Elle r\u00e9siste. Mais le ou la marionnettiste suit la marionnette, pour voir ce qu\u2019elle donne, puis op\u00e8re des choix et les met en sc\u00e8ne. L\u2019\u00e9volution d\u2019Alice passe aussi par des postures diff\u00e9rentes, des gestuelles, et donc par son changement de temp\u00e9rament tout au long de la pi\u00e8ce.<\/span><\/p>\n<p><strong>Par le choix des costumes, auquel vous avez activement particip\u00e9, qu\u2019avez-vous voulu transmettre ?<br \/>\n<\/strong><span style=\"font-size: 14pt;\">Pour la palette de couleurs, je me suis bas\u00e9e sur celles de l&rsquo;\u00e9chiquier de <em>De l\u2019Autre c\u00f4t\u00e9 du miroir<\/em> : le noir et le blanc, auxquels j\u2019ai ajout\u00e9 le rouge, pour la reine rouge. Les motifs du damier s\u2019inspirent \u00e9galement du jeu d\u2019\u00e9checs, d\u2019ailleurs plac\u00e9 au-devant du plateau. \u00c0 partir de l\u00e0, nous avons d\u00e9clin\u00e9 les costumes avec Coline [Fouilh\u00e9], Julie [Faure-Brac] et les couturi\u00e8res Christiane de Meyer et Jacqueline Faure-Brac. Celui d\u2019Alice est tr\u00e8s contemporain : c\u2019est une petite fille ordinaire, en jean et basket. D\u2019autres, comme celui de la reine rouge, sont \u00e0 la lisi\u00e8re entre le costume et la marionnette : port\u00e9e par la soprano, cette \u00e9norme crinoline rouge lui donne une gestuelle particuli\u00e8re, presque marionnettique.<\/span><\/p>\n<p><img loading=\"lazy\" decoding=\"async\" class=\"aligncenter wp-image-26409\" src=\"http:\/\/www.ensembleintercontemporain.com\/content\/uploads\/2024\/03\/repetition-alice-22fev24-cdm-1-1024x576.jpeg\" alt=\"\" width=\"765\" height=\"430\" srcset=\"https:\/\/www.ensembleintercontemporain.com\/content\/uploads\/2024\/03\/repetition-alice-22fev24-cdm-1-1024x576.jpeg 1024w, https:\/\/www.ensembleintercontemporain.com\/content\/uploads\/2024\/03\/repetition-alice-22fev24-cdm-1-300x169.jpeg 300w, https:\/\/www.ensembleintercontemporain.com\/content\/uploads\/2024\/03\/repetition-alice-22fev24-cdm-1-768x432.jpeg 768w, https:\/\/www.ensembleintercontemporain.com\/content\/uploads\/2024\/03\/repetition-alice-22fev24-cdm-1-1536x864.jpeg 1536w, https:\/\/www.ensembleintercontemporain.com\/content\/uploads\/2024\/03\/repetition-alice-22fev24-cdm-1-2048x1153.jpeg 2048w\" sizes=\"auto, (max-width: 765px) 100vw, 765px\" \/><\/p>\n<p><span style=\"font-size: 14pt;\">Je me suis \u00e9galement inspir\u00e9e du miroir pour habiller les marionnettistes, qui se situent \u00ab de l\u2019autre c\u00f4t\u00e9 du miroir \u00bb. Chacun porte un d\u00e9tail miroitant (chaussette, barrettes, chemise\u2026). Tous habill\u00e9s de noir, ils n\u2019en portent pas moins une tenue unique, \u00e9l\u00e9gante, \u00e0 l\u2019oppos\u00e9 des \u00ab immondes pyjamas noirs \u00bb que les marionnettistes sont la plupart du temps oblig\u00e9s de porter, souvent pour des raisons pratiques, \u00e9conomiques mais aussi visuelles : dispara\u00eetre derri\u00e8re la marionnette. Or, les marionnettistes ont ici un r\u00f4le de com\u00e9diens, il me fallait donc trouver des costumes qui permettent de tenir aussi ce r\u00f4le sur le devant de la sc\u00e8ne. C\u2019\u00e9tait comme en peinture, ou en musique : c\u2019est l\u2019\u00e9quilibre des couleurs qui \u00e9claire les \u00e9l\u00e9ments majeurs, sans occulter l\u2019arri\u00e8re-plan. Par ailleurs, leur vari\u00e9t\u00e9 de costumes symbolise notre diversit\u00e9 : ils sont tous et toutes Alice, et nous avec.<\/span><\/p>\n<p><strong>Vous parlez d&rsquo;\u00e9quilibre du plateau ; comment approchez-vous l\u2019\u00e9quilibre entre la musique et le jeu, entre marionnettistes et musiciens ?<br \/>\n<\/strong><span style=\"font-size: 14pt;\">C&rsquo;est tout un art de la souplesse, dans un cadre tr\u00e8s rigide. On cr\u00e9e \u00e0 l\u2019int\u00e9rieur d\u2019un cadre tr\u00e8s pr\u00e9cis : la musique de Sofia Avramidou, le livret de M\u00e9lanie Le Moine, l\u2019espace de jeu. En attendant de r\u00e9p\u00e9ter tous ensemble (musiciens, marionnettistes, chanteuse\u2026), on travaille \u00e0 partir des enregistrements musicaux, qui sont donc fixes. Pour moi, la musique d\u00e9termine l\u2019interpr\u00e9tation de la marionnette : tel \u00e9l\u00e9ment musical, qui repr\u00e9sente un personnage ou un paysage \u00e9motionnel, d\u00e9clenche tel mouvement sc\u00e9nique (changement de d\u00e9cor, entr\u00e9e d\u2019un personnage, geste\u2026). Je fixe alors la \u00ab partition sc\u00e9nique \u00bb, \u00e0 partir d\u2019un timing tr\u00e8s pr\u00e9cis, m\u00eame si certains moments offrent n\u00e9anmoins une souplesse d\u2019interpr\u00e9tation. Je sais qu\u2019on retrouvera ces moments de gr\u00e2ce lors de nos futures rencontres avec les musiciens de l\u2019Ensemble intercontemporain, o\u00f9, malgr\u00e9 la rigidit\u00e9 du cadre, l\u2019on parvient \u00e0 joindre nos voix, pour cr\u00e9er.<\/span><\/p>\n<p><strong>Si vous deviez r\u00e9sumer <em>De l\u2019Autre c\u00f4t\u00e9 d\u2019Alice<\/em> en quelques mots ?<br \/>\n<\/strong><span style=\"font-size: 14pt;\">Je dirais que c\u2019est l\u2019histoire d\u2019un r\u00eave. Alice est une petite fille qui, endormie, passe \u00ab de l\u2019autre c\u00f4t\u00e9 du miroir \u00bb et vit des aventures extraordinaires, parfois formidables, parfois \u00e9puisantes. Elle est sans cesse confront\u00e9e \u00e0 des personnages qui sont rarement sympathiques, dans des lieux sans queue ni t\u00eate. Mais comme elle est une enfant, je crois qu\u2019elle s\u2019amuse beaucoup. Elle prend, et elle apprend aussi. Alice a cette capacit\u00e9 d\u2019\u00e9merveillement qui lui permet de ne jamais \u00eatre dans le jugement. Pour moi, sa capacit\u00e9 d\u2019accueillir l\u2019inconnu et de s\u2019y engager \u00e0 100% est un r\u00e9v\u00e9lateur de la puissance de l\u2019enfance. <\/span><\/p>\n<p><span style=\"font-size: 14pt;\">Pourtant, Alice est aussi une petite fille qui prend son r\u00eave en mains : elle avance sur l\u2019\u00e9chiquier pour se retrouver reine puis, une fois couronn\u00e9e, lorsque tout vire au chaos, \u00e0 la limite du cauchemar, elle met un terme \u00e0 son r\u00eave. Elle est aussi capable, au r\u00e9veil, de se le rem\u00e9morer et de le raconter, donc de le revivre. D\u2019ailleurs, dans <em>Alice au Pays des merveilles<\/em>, elle le raconte \u00e0 sa grande s\u0153ur. Elle transmet des histoires, et c\u2019est aussi ce que nous faisons, \u00e0 la Philharmonie de Paris, en racontant la sienne.<\/span><\/p>\n<p><strong><br \/>\n<\/strong><span style=\"font-size: 18.6667px;\">Photos \u00a9 Claire de Montgolfier, EIC<\/span><\/p>\n<p>&nbsp;<\/p>\n","protected":false},"excerpt":{"rendered":"<p>Ancienne \u00e9l\u00e8ve de l&rsquo;Ecole Nationale Sup\u00e9rieure des Arts de la Marionnette (ESNAM), aujourd&rsquo;hui metteuse en sc\u00e8ne et marionnettiste, Aur\u00e9lie Hubeau assure la direction sc\u00e9nique du spectacle musical \u00ab\u00a0Alice et le miroir\u00a0\u00bb, une opportunit\u00e9 de transmettre son savoir \u00e0 huit com\u00e9diens \u00e9tudiant \u00e0 l&rsquo;ESNAM. Elle se confie sur l&rsquo;incroyable connexion entre l&rsquo;univers fantastique de Lewis Carroll et celui de la marionnette.<\/p>\n","protected":false},"author":226,"featured_media":26407,"comment_status":"closed","ping_status":"closed","sticky":false,"template":"","format":"standard","meta":{"_acf_changed":false,"footnotes":""},"categories":[4],"tags":[],"class_list":["post-26406","post","type-post","status-publish","format-standard","has-post-thumbnail","hentry","category-entretiens","concert-alice-et-le-miroir","concert-de-lautre-cote-dalice"],"acf":[],"yoast_head":"<!-- This site is optimized with the Yoast SEO plugin v27.5 - https:\/\/yoast.com\/product\/yoast-seo-wordpress\/ -->\n<title>L\u2019infini potentiel des marionnettes. Entretien avec Aur\u00e9lie Hubeau, metteuse en sc\u00e8ne. - Ensemble intercontemporain<\/title>\n<meta name=\"robots\" content=\"index, follow, max-snippet:-1, max-image-preview:large, max-video-preview:-1\" \/>\n<link rel=\"canonical\" href=\"https:\/\/www.ensembleintercontemporain.com\/fr\/2024\/03\/linfini-potentiel-des-marionnettes-entretien-avec-aurelie-hubeau-metteuse-en-scene\/\" \/>\n<meta property=\"og:locale\" content=\"fr_FR\" \/>\n<meta property=\"og:type\" content=\"article\" \/>\n<meta property=\"og:title\" content=\"L\u2019infini potentiel des marionnettes. Entretien avec Aur\u00e9lie Hubeau, metteuse en sc\u00e8ne. - Ensemble intercontemporain\" \/>\n<meta property=\"og:description\" content=\"Ancienne \u00e9l\u00e8ve de l&#039;Ecole Nationale Sup\u00e9rieure des Arts de la Marionnette (ESNAM), aujourd&#039;hui metteuse en sc\u00e8ne et marionnettiste, Aur\u00e9lie Hubeau assure la direction sc\u00e9nique du spectacle musical &quot;Alice et le miroir&quot;, une opportunit\u00e9 de transmettre son savoir \u00e0 huit com\u00e9diens \u00e9tudiant \u00e0 l&#039;ESNAM. Elle se confie sur l&#039;incroyable connexion entre l&#039;univers fantastique de Lewis Carroll et celui de la marionnette.\" \/>\n<meta property=\"og:url\" content=\"https:\/\/www.ensembleintercontemporain.com\/fr\/2024\/03\/linfini-potentiel-des-marionnettes-entretien-avec-aurelie-hubeau-metteuse-en-scene\/\" \/>\n<meta property=\"og:site_name\" content=\"Ensemble intercontemporain\" \/>\n<meta property=\"article:published_time\" content=\"2024-03-04T16:18:54+00:00\" \/>\n<meta property=\"article:modified_time\" content=\"2025-02-12T15:33:10+00:00\" \/>\n<meta property=\"og:image\" content=\"https:\/\/www.ensembleintercontemporain.com\/content\/uploads\/2024\/03\/repetition-alice-22fev24-cdm-24-scaled-e1709569204815.jpeg\" \/>\n\t<meta property=\"og:image:width\" content=\"2311\" \/>\n\t<meta property=\"og:image:height\" content=\"1435\" \/>\n\t<meta property=\"og:image:type\" content=\"image\/jpeg\" \/>\n<meta name=\"author\" content=\"Claire de Montgolfier\" \/>\n<meta name=\"twitter:card\" content=\"summary_large_image\" \/>\n<meta name=\"twitter:label1\" content=\"\u00c9crit par\" \/>\n\t<meta name=\"twitter:data1\" content=\"Claire de Montgolfier\" \/>\n\t<meta name=\"twitter:label2\" content=\"Dur\u00e9e de lecture estim\u00e9e\" \/>\n\t<meta name=\"twitter:data2\" content=\"8 minutes\" \/>\n<script type=\"application\/ld+json\" class=\"yoast-schema-graph\">{\"@context\":\"https:\\\/\\\/schema.org\",\"@graph\":[{\"@type\":\"Article\",\"@id\":\"https:\\\/\\\/www.ensembleintercontemporain.com\\\/fr\\\/2024\\\/03\\\/linfini-potentiel-des-marionnettes-entretien-avec-aurelie-hubeau-metteuse-en-scene\\\/#article\",\"isPartOf\":{\"@id\":\"https:\\\/\\\/www.ensembleintercontemporain.com\\\/fr\\\/2024\\\/03\\\/linfini-potentiel-des-marionnettes-entretien-avec-aurelie-hubeau-metteuse-en-scene\\\/\"},\"author\":{\"name\":\"Claire de Montgolfier\",\"@id\":\"https:\\\/\\\/www.ensembleintercontemporain.com\\\/en\\\/#\\\/schema\\\/person\\\/a671c14572dc65fc7bd5dbfd68db7418\"},\"headline\":\"L\u2019infini potentiel des marionnettes. Entretien avec Aur\u00e9lie Hubeau, metteuse en sc\u00e8ne.\",\"datePublished\":\"2024-03-04T16:18:54+00:00\",\"dateModified\":\"2025-02-12T15:33:10+00:00\",\"mainEntityOfPage\":{\"@id\":\"https:\\\/\\\/www.ensembleintercontemporain.com\\\/fr\\\/2024\\\/03\\\/linfini-potentiel-des-marionnettes-entretien-avec-aurelie-hubeau-metteuse-en-scene\\\/\"},\"wordCount\":1397,\"image\":{\"@id\":\"https:\\\/\\\/www.ensembleintercontemporain.com\\\/fr\\\/2024\\\/03\\\/linfini-potentiel-des-marionnettes-entretien-avec-aurelie-hubeau-metteuse-en-scene\\\/#primaryimage\"},\"thumbnailUrl\":\"https:\\\/\\\/www.ensembleintercontemporain.com\\\/content\\\/uploads\\\/2024\\\/03\\\/repetition-alice-22fev24-cdm-24-scaled-e1709569204815.jpeg\",\"articleSection\":[\"Entretien\"],\"inLanguage\":\"fr-FR\"},{\"@type\":\"WebPage\",\"@id\":\"https:\\\/\\\/www.ensembleintercontemporain.com\\\/fr\\\/2024\\\/03\\\/linfini-potentiel-des-marionnettes-entretien-avec-aurelie-hubeau-metteuse-en-scene\\\/\",\"url\":\"https:\\\/\\\/www.ensembleintercontemporain.com\\\/fr\\\/2024\\\/03\\\/linfini-potentiel-des-marionnettes-entretien-avec-aurelie-hubeau-metteuse-en-scene\\\/\",\"name\":\"L\u2019infini potentiel des marionnettes. Entretien avec Aur\u00e9lie Hubeau, metteuse en sc\u00e8ne. - Ensemble intercontemporain\",\"isPartOf\":{\"@id\":\"https:\\\/\\\/www.ensembleintercontemporain.com\\\/en\\\/#website\"},\"primaryImageOfPage\":{\"@id\":\"https:\\\/\\\/www.ensembleintercontemporain.com\\\/fr\\\/2024\\\/03\\\/linfini-potentiel-des-marionnettes-entretien-avec-aurelie-hubeau-metteuse-en-scene\\\/#primaryimage\"},\"image\":{\"@id\":\"https:\\\/\\\/www.ensembleintercontemporain.com\\\/fr\\\/2024\\\/03\\\/linfini-potentiel-des-marionnettes-entretien-avec-aurelie-hubeau-metteuse-en-scene\\\/#primaryimage\"},\"thumbnailUrl\":\"https:\\\/\\\/www.ensembleintercontemporain.com\\\/content\\\/uploads\\\/2024\\\/03\\\/repetition-alice-22fev24-cdm-24-scaled-e1709569204815.jpeg\",\"datePublished\":\"2024-03-04T16:18:54+00:00\",\"dateModified\":\"2025-02-12T15:33:10+00:00\",\"author\":{\"@id\":\"https:\\\/\\\/www.ensembleintercontemporain.com\\\/en\\\/#\\\/schema\\\/person\\\/a671c14572dc65fc7bd5dbfd68db7418\"},\"breadcrumb\":{\"@id\":\"https:\\\/\\\/www.ensembleintercontemporain.com\\\/fr\\\/2024\\\/03\\\/linfini-potentiel-des-marionnettes-entretien-avec-aurelie-hubeau-metteuse-en-scene\\\/#breadcrumb\"},\"inLanguage\":\"fr-FR\",\"potentialAction\":[{\"@type\":\"ReadAction\",\"target\":[\"https:\\\/\\\/www.ensembleintercontemporain.com\\\/fr\\\/2024\\\/03\\\/linfini-potentiel-des-marionnettes-entretien-avec-aurelie-hubeau-metteuse-en-scene\\\/\"]}]},{\"@type\":\"ImageObject\",\"inLanguage\":\"fr-FR\",\"@id\":\"https:\\\/\\\/www.ensembleintercontemporain.com\\\/fr\\\/2024\\\/03\\\/linfini-potentiel-des-marionnettes-entretien-avec-aurelie-hubeau-metteuse-en-scene\\\/#primaryimage\",\"url\":\"https:\\\/\\\/www.ensembleintercontemporain.com\\\/content\\\/uploads\\\/2024\\\/03\\\/repetition-alice-22fev24-cdm-24-scaled-e1709569204815.jpeg\",\"contentUrl\":\"https:\\\/\\\/www.ensembleintercontemporain.com\\\/content\\\/uploads\\\/2024\\\/03\\\/repetition-alice-22fev24-cdm-24-scaled-e1709569204815.jpeg\",\"width\":2311,\"height\":1435},{\"@type\":\"BreadcrumbList\",\"@id\":\"https:\\\/\\\/www.ensembleintercontemporain.com\\\/fr\\\/2024\\\/03\\\/linfini-potentiel-des-marionnettes-entretien-avec-aurelie-hubeau-metteuse-en-scene\\\/#breadcrumb\",\"itemListElement\":[{\"@type\":\"ListItem\",\"position\":1,\"name\":\"Home\",\"item\":\"https:\\\/\\\/www.ensembleintercontemporain.com\\\/fr\\\/\"},{\"@type\":\"ListItem\",\"position\":2,\"name\":\"L\u2019infini potentiel des marionnettes. Entretien avec Aur\u00e9lie Hubeau, metteuse en sc\u00e8ne.\"}]},{\"@type\":\"WebSite\",\"@id\":\"https:\\\/\\\/www.ensembleintercontemporain.com\\\/en\\\/#website\",\"url\":\"https:\\\/\\\/www.ensembleintercontemporain.com\\\/en\\\/\",\"name\":\"Ensemble intercontemporain\",\"description\":\"\",\"potentialAction\":[{\"@type\":\"SearchAction\",\"target\":{\"@type\":\"EntryPoint\",\"urlTemplate\":\"https:\\\/\\\/www.ensembleintercontemporain.com\\\/en\\\/?s={search_term_string}\"},\"query-input\":{\"@type\":\"PropertyValueSpecification\",\"valueRequired\":true,\"valueName\":\"search_term_string\"}}],\"inLanguage\":\"fr-FR\"},{\"@type\":\"Person\",\"@id\":\"https:\\\/\\\/www.ensembleintercontemporain.com\\\/en\\\/#\\\/schema\\\/person\\\/a671c14572dc65fc7bd5dbfd68db7418\",\"name\":\"Claire de Montgolfier\",\"image\":{\"@type\":\"ImageObject\",\"inLanguage\":\"fr-FR\",\"@id\":\"https:\\\/\\\/secure.gravatar.com\\\/avatar\\\/c84354649c00cfd6343a2c8f0e214686bdc9985408d5bff2676c10e44f35ca87?s=96&d=mm&r=g\",\"url\":\"https:\\\/\\\/secure.gravatar.com\\\/avatar\\\/c84354649c00cfd6343a2c8f0e214686bdc9985408d5bff2676c10e44f35ca87?s=96&d=mm&r=g\",\"contentUrl\":\"https:\\\/\\\/secure.gravatar.com\\\/avatar\\\/c84354649c00cfd6343a2c8f0e214686bdc9985408d5bff2676c10e44f35ca87?s=96&d=mm&r=g\",\"caption\":\"Claire de Montgolfier\"},\"url\":\"https:\\\/\\\/www.ensembleintercontemporain.com\\\/fr\\\/author\\\/claire-de-montgolfier\\\/\"}]}<\/script>\n<!-- \/ Yoast SEO plugin. -->","yoast_head_json":{"title":"L\u2019infini potentiel des marionnettes. Entretien avec Aur\u00e9lie Hubeau, metteuse en sc\u00e8ne. - Ensemble intercontemporain","robots":{"index":"index","follow":"follow","max-snippet":"max-snippet:-1","max-image-preview":"max-image-preview:large","max-video-preview":"max-video-preview:-1"},"canonical":"https:\/\/www.ensembleintercontemporain.com\/fr\/2024\/03\/linfini-potentiel-des-marionnettes-entretien-avec-aurelie-hubeau-metteuse-en-scene\/","og_locale":"fr_FR","og_type":"article","og_title":"L\u2019infini potentiel des marionnettes. Entretien avec Aur\u00e9lie Hubeau, metteuse en sc\u00e8ne. - Ensemble intercontemporain","og_description":"Ancienne \u00e9l\u00e8ve de l'Ecole Nationale Sup\u00e9rieure des Arts de la Marionnette (ESNAM), aujourd'hui metteuse en sc\u00e8ne et marionnettiste, Aur\u00e9lie Hubeau assure la direction sc\u00e9nique du spectacle musical \"Alice et le miroir\", une opportunit\u00e9 de transmettre son savoir \u00e0 huit com\u00e9diens \u00e9tudiant \u00e0 l'ESNAM. Elle se confie sur l'incroyable connexion entre l'univers fantastique de Lewis Carroll et celui de la marionnette.","og_url":"https:\/\/www.ensembleintercontemporain.com\/fr\/2024\/03\/linfini-potentiel-des-marionnettes-entretien-avec-aurelie-hubeau-metteuse-en-scene\/","og_site_name":"Ensemble intercontemporain","article_published_time":"2024-03-04T16:18:54+00:00","article_modified_time":"2025-02-12T15:33:10+00:00","og_image":[{"width":2311,"height":1435,"url":"https:\/\/www.ensembleintercontemporain.com\/content\/uploads\/2024\/03\/repetition-alice-22fev24-cdm-24-scaled-e1709569204815.jpeg","type":"image\/jpeg"}],"author":"Claire de Montgolfier","twitter_card":"summary_large_image","twitter_misc":{"\u00c9crit par":"Claire de Montgolfier","Dur\u00e9e de lecture estim\u00e9e":"8 minutes"},"schema":{"@context":"https:\/\/schema.org","@graph":[{"@type":"Article","@id":"https:\/\/www.ensembleintercontemporain.com\/fr\/2024\/03\/linfini-potentiel-des-marionnettes-entretien-avec-aurelie-hubeau-metteuse-en-scene\/#article","isPartOf":{"@id":"https:\/\/www.ensembleintercontemporain.com\/fr\/2024\/03\/linfini-potentiel-des-marionnettes-entretien-avec-aurelie-hubeau-metteuse-en-scene\/"},"author":{"name":"Claire de Montgolfier","@id":"https:\/\/www.ensembleintercontemporain.com\/en\/#\/schema\/person\/a671c14572dc65fc7bd5dbfd68db7418"},"headline":"L\u2019infini potentiel des marionnettes. Entretien avec Aur\u00e9lie Hubeau, metteuse en sc\u00e8ne.","datePublished":"2024-03-04T16:18:54+00:00","dateModified":"2025-02-12T15:33:10+00:00","mainEntityOfPage":{"@id":"https:\/\/www.ensembleintercontemporain.com\/fr\/2024\/03\/linfini-potentiel-des-marionnettes-entretien-avec-aurelie-hubeau-metteuse-en-scene\/"},"wordCount":1397,"image":{"@id":"https:\/\/www.ensembleintercontemporain.com\/fr\/2024\/03\/linfini-potentiel-des-marionnettes-entretien-avec-aurelie-hubeau-metteuse-en-scene\/#primaryimage"},"thumbnailUrl":"https:\/\/www.ensembleintercontemporain.com\/content\/uploads\/2024\/03\/repetition-alice-22fev24-cdm-24-scaled-e1709569204815.jpeg","articleSection":["Entretien"],"inLanguage":"fr-FR"},{"@type":"WebPage","@id":"https:\/\/www.ensembleintercontemporain.com\/fr\/2024\/03\/linfini-potentiel-des-marionnettes-entretien-avec-aurelie-hubeau-metteuse-en-scene\/","url":"https:\/\/www.ensembleintercontemporain.com\/fr\/2024\/03\/linfini-potentiel-des-marionnettes-entretien-avec-aurelie-hubeau-metteuse-en-scene\/","name":"L\u2019infini potentiel des marionnettes. Entretien avec Aur\u00e9lie Hubeau, metteuse en sc\u00e8ne. - Ensemble intercontemporain","isPartOf":{"@id":"https:\/\/www.ensembleintercontemporain.com\/en\/#website"},"primaryImageOfPage":{"@id":"https:\/\/www.ensembleintercontemporain.com\/fr\/2024\/03\/linfini-potentiel-des-marionnettes-entretien-avec-aurelie-hubeau-metteuse-en-scene\/#primaryimage"},"image":{"@id":"https:\/\/www.ensembleintercontemporain.com\/fr\/2024\/03\/linfini-potentiel-des-marionnettes-entretien-avec-aurelie-hubeau-metteuse-en-scene\/#primaryimage"},"thumbnailUrl":"https:\/\/www.ensembleintercontemporain.com\/content\/uploads\/2024\/03\/repetition-alice-22fev24-cdm-24-scaled-e1709569204815.jpeg","datePublished":"2024-03-04T16:18:54+00:00","dateModified":"2025-02-12T15:33:10+00:00","author":{"@id":"https:\/\/www.ensembleintercontemporain.com\/en\/#\/schema\/person\/a671c14572dc65fc7bd5dbfd68db7418"},"breadcrumb":{"@id":"https:\/\/www.ensembleintercontemporain.com\/fr\/2024\/03\/linfini-potentiel-des-marionnettes-entretien-avec-aurelie-hubeau-metteuse-en-scene\/#breadcrumb"},"inLanguage":"fr-FR","potentialAction":[{"@type":"ReadAction","target":["https:\/\/www.ensembleintercontemporain.com\/fr\/2024\/03\/linfini-potentiel-des-marionnettes-entretien-avec-aurelie-hubeau-metteuse-en-scene\/"]}]},{"@type":"ImageObject","inLanguage":"fr-FR","@id":"https:\/\/www.ensembleintercontemporain.com\/fr\/2024\/03\/linfini-potentiel-des-marionnettes-entretien-avec-aurelie-hubeau-metteuse-en-scene\/#primaryimage","url":"https:\/\/www.ensembleintercontemporain.com\/content\/uploads\/2024\/03\/repetition-alice-22fev24-cdm-24-scaled-e1709569204815.jpeg","contentUrl":"https:\/\/www.ensembleintercontemporain.com\/content\/uploads\/2024\/03\/repetition-alice-22fev24-cdm-24-scaled-e1709569204815.jpeg","width":2311,"height":1435},{"@type":"BreadcrumbList","@id":"https:\/\/www.ensembleintercontemporain.com\/fr\/2024\/03\/linfini-potentiel-des-marionnettes-entretien-avec-aurelie-hubeau-metteuse-en-scene\/#breadcrumb","itemListElement":[{"@type":"ListItem","position":1,"name":"Home","item":"https:\/\/www.ensembleintercontemporain.com\/fr\/"},{"@type":"ListItem","position":2,"name":"L\u2019infini potentiel des marionnettes. Entretien avec Aur\u00e9lie Hubeau, metteuse en sc\u00e8ne."}]},{"@type":"WebSite","@id":"https:\/\/www.ensembleintercontemporain.com\/en\/#website","url":"https:\/\/www.ensembleintercontemporain.com\/en\/","name":"Ensemble intercontemporain","description":"","potentialAction":[{"@type":"SearchAction","target":{"@type":"EntryPoint","urlTemplate":"https:\/\/www.ensembleintercontemporain.com\/en\/?s={search_term_string}"},"query-input":{"@type":"PropertyValueSpecification","valueRequired":true,"valueName":"search_term_string"}}],"inLanguage":"fr-FR"},{"@type":"Person","@id":"https:\/\/www.ensembleintercontemporain.com\/en\/#\/schema\/person\/a671c14572dc65fc7bd5dbfd68db7418","name":"Claire de Montgolfier","image":{"@type":"ImageObject","inLanguage":"fr-FR","@id":"https:\/\/secure.gravatar.com\/avatar\/c84354649c00cfd6343a2c8f0e214686bdc9985408d5bff2676c10e44f35ca87?s=96&d=mm&r=g","url":"https:\/\/secure.gravatar.com\/avatar\/c84354649c00cfd6343a2c8f0e214686bdc9985408d5bff2676c10e44f35ca87?s=96&d=mm&r=g","contentUrl":"https:\/\/secure.gravatar.com\/avatar\/c84354649c00cfd6343a2c8f0e214686bdc9985408d5bff2676c10e44f35ca87?s=96&d=mm&r=g","caption":"Claire de Montgolfier"},"url":"https:\/\/www.ensembleintercontemporain.com\/fr\/author\/claire-de-montgolfier\/"}]}},"_links":{"self":[{"href":"https:\/\/www.ensembleintercontemporain.com\/fr\/wp-json\/wp\/v2\/posts\/26406\/"}],"collection":[{"href":"https:\/\/www.ensembleintercontemporain.com\/fr\/wp-json\/wp\/v2\/posts\/"}],"about":[{"href":"https:\/\/www.ensembleintercontemporain.com\/fr\/wp-json\/wp\/v2\/types\/post\/"}],"author":[{"embeddable":true,"href":"https:\/\/www.ensembleintercontemporain.com\/fr\/wp-json\/wp\/v2\/users\/226\/"}],"replies":[{"embeddable":true,"href":"https:\/\/www.ensembleintercontemporain.com\/fr\/wp-json\/wp\/v2\/comments\/?post=26406"}],"version-history":[{"count":8,"href":"https:\/\/www.ensembleintercontemporain.com\/fr\/wp-json\/wp\/v2\/posts\/26406\/revisions\/"}],"predecessor-version":[{"id":28371,"href":"https:\/\/www.ensembleintercontemporain.com\/fr\/wp-json\/wp\/v2\/posts\/26406\/revisions\/28371\/"}],"wp:featuredmedia":[{"embeddable":true,"href":"https:\/\/www.ensembleintercontemporain.com\/fr\/wp-json\/wp\/v2\/media\/26407\/"}],"wp:attachment":[{"href":"https:\/\/www.ensembleintercontemporain.com\/fr\/wp-json\/wp\/v2\/media\/?parent=26406"}],"wp:term":[{"taxonomy":"category","embeddable":true,"href":"https:\/\/www.ensembleintercontemporain.com\/fr\/wp-json\/wp\/v2\/categories\/?post=26406"},{"taxonomy":"post_tag","embeddable":true,"href":"https:\/\/www.ensembleintercontemporain.com\/fr\/wp-json\/wp\/v2\/tags\/?post=26406"}],"curies":[{"name":"wp","href":"https:\/\/api.w.org\/{rel}","templated":true}]}}