{"id":26352,"date":"2024-03-01T11:20:21","date_gmt":"2024-03-01T10:20:21","guid":{"rendered":"https:\/\/www.ensembleintercontemporain.com\/?p=26352"},"modified":"2025-02-12T16:33:59","modified_gmt":"2025-02-12T15:33:59","slug":"alice-nous-enseigne-le-pouvoir-de-limaginaire-et-la-liberte-entretien-avec-sofia-avramidou-compositrice","status":"publish","type":"post","link":"https:\/\/www.ensembleintercontemporain.com\/fr\/2024\/03\/alice-nous-enseigne-le-pouvoir-de-limaginaire-et-la-liberte-entretien-avec-sofia-avramidou-compositrice\/","title":{"rendered":"\u00ab\u2009Alice nous enseigne le pouvoir de l\u2019imaginaire et la libert\u00e9.\u2009\u00bb Entretien avec Sofia Avramidou, compositrice."},"content":{"rendered":"<p><img loading=\"lazy\" decoding=\"async\" class=\"aligncenter wp-image-26354 size-large\" src=\"http:\/\/www.ensembleintercontemporain.com\/content\/uploads\/2024\/02\/w0a0256-1024x727.jpg\" alt=\"\" width=\"1024\" height=\"727\" srcset=\"https:\/\/www.ensembleintercontemporain.com\/content\/uploads\/2024\/02\/w0a0256-1024x727.jpg 1024w, https:\/\/www.ensembleintercontemporain.com\/content\/uploads\/2024\/02\/w0a0256-300x213.jpg 300w, https:\/\/www.ensembleintercontemporain.com\/content\/uploads\/2024\/02\/w0a0256-768x545.jpg 768w, https:\/\/www.ensembleintercontemporain.com\/content\/uploads\/2024\/02\/w0a0256-1536x1090.jpg 1536w, https:\/\/www.ensembleintercontemporain.com\/content\/uploads\/2024\/02\/w0a0256-2048x1453.jpg 2048w\" sizes=\"auto, (max-width: 1024px) 100vw, 1024px\" \/><\/p>\n<p><span style=\"color: #003366;\"><strong><span style=\"font-size: 14pt;\"><span style=\"font-size: 18pt;\">I<\/span><\/span>nspir\u00e9e par les mythes et la litt\u00e9rature, la compositrice grecque plonge une nouvelle fois dans l\u2019univers de Lewis Carroll et les aventures d\u2019Alice, avec une cr\u00e9ation sp\u00e9cialement con\u00e7ue pour le jeune public, <em>De l&rsquo;Autre c\u00f4t\u00e9 d&rsquo;Alice<\/em>, pour soprano, quatre musiciens, \u00e9lectronique et\u2026 marionnettes, qui sera cr\u00e9\u00e9e <a href=\"https:\/\/www.ensembleintercontemporain.com\/fr\/concert\/alice-et-le-miroir-2024-03-10-16h00-philharmonie-de-paris\/\">le 10 mars \u00e0 la Philharmonie de Paris<\/a>.<\/strong><\/span><\/p>\n<p><strong>Pourquoi avoir choisi <em>De l\u2019autre c\u00f4t\u00e9 du miroir<\/em>, le deuxi\u00e8me volet des aventures d\u2019<em>Alice au pays des merveilles,<\/em> chef-d\u2019\u0153uvre de la litt\u00e9rature de l\u2019absurde<\/strong><strong>\u00a0?<br \/>\n<\/strong><span style=\"font-size: 14pt;\">Je suis, de mani\u00e8re g\u00e9n\u00e9rale, tr\u00e8s inspir\u00e9e par la litt\u00e9rature\u2009: les mythes, les po\u00e8mes, les contes de f\u00e9e sont de merveilleux mat\u00e9riaux pour ma musique. Et quelle h\u00e9ro\u00efne, Alice\u2009! C\u2019est un projet qui est principalement bas\u00e9 sur le deuxi\u00e8me livre d\u2019Alice, moins connu que le premier tome, mais tout aussi incroyable. Alice nous enseigne le pouvoir de l\u2019imaginaire et la libert\u00e9. J\u2019ai \u00e9t\u00e9 inspir\u00e9e par beaucoup d\u2019\u00e9l\u00e9ments dans ce livre. \u00c0 la premi\u00e8re lecture, on a l\u2019impression d\u2019un conte pour enfant, mais pas du tout. Les m\u00e9taphores et les all\u00e9gories sont l\u00e9gions, le symbolisme aussi, et les niveaux de lecture sont nombreux, quasiment philosophiques. Les deux livres sont d\u2019ailleurs des objets de recherche bien connus pour la psychanalyse et l\u2019histoire a clairement une dimension socio-politique, sans \u00e9poque pr\u00e9cise, ce qui la rend universelle\u2009!<\/span><\/p>\n<p><strong>Comment vous \u00eates-vous empar\u00e9e, musicalement, de tous ces \u00e9l\u00e9ments fantastiques<\/strong><strong>\u00a0?<br \/>\n<\/strong><span style=\"font-size: 14pt;\">Je souhaite montrer la profonde solitude dans ce voyage initiatique vers l\u2019\u00e2ge adulte. Alice est un personnage qui ne cesse d\u2019\u00e9voluer au fil de l\u2019histoire, elle forge son caract\u00e8re critique et acc\u00e8de \u00e0 une forme d\u2019\u00e9mancipation et de libert\u00e9. Je cherche \u00e0 traduire la dramaturgie de l\u2019histoire d\u2019Alice dans ma musique, sans tomber dans une \u0153uvre purement narrative, mais plut\u00f4t en jouant sur les atmosph\u00e8res. C\u2019est une \u0153uvre pour clarinette, violoncelle, contrebasse et percussions. Il y aura aussi une soprano, donc cinq musiciens, finalement\u2009! Je traite la voix comme un instrument plut\u00f4t qu\u2019un protagoniste, elle n\u2019a pas de r\u00f4le d\u00e9fini ou plut\u00f4t peut \u00eatre tour \u00e0 tour plusieurs personnages, dont Alice. Un alliage de timbres qui offre un large champ des possibles. M\u00e9lanie Le Moine signe le livret de l\u2019\u0153uvre, dont elle a su retenir la quintessence\u2009: le livre est \u00e9norme et la pi\u00e8ce dure moins d\u2019une heure\u2009! Je peux aussi compter sur la connexion avec les musiciens de l\u2019Ensemble intercontemporain\u2009: l\u2019intensit\u00e9 de leur engagement est rare et tr\u00e8s pr\u00e9cieuse pour les compositeurs, elle nous permet de nous d\u00e9passer.<\/span><\/p>\n<p><img loading=\"lazy\" decoding=\"async\" class=\"aligncenter wp-image-26359\" src=\"http:\/\/www.ensembleintercontemporain.com\/content\/uploads\/2024\/02\/repetition-alice-22fev24-cdm-2-1024x576.jpeg\" alt=\"\" width=\"600\" height=\"337\" \/><\/p>\n<p><strong>C\u2019est la premi\u00e8re fois que vous travaillez avec des marionnettes sur sc\u00e8ne<\/strong><strong>\u00a0?<br \/>\n<\/strong><span style=\"font-size: 14pt;\">La pr\u00e9sence des marionnettes de l\u2019Institut international de la marionnette de Charleville-M\u00e9zi\u00e8res aux c\u00f4t\u00e9s des musiciens apporte une dimension fantastique \u00e0 la musique. Leur pr\u00e9sence r\u00e9v\u00e8le toute la palette d\u2019\u00e9motions de la partition\u2009! Elles ont un r\u00f4le po\u00e9tique, stimulent l\u2019imagination et suscitent le r\u00eave. Mais, en m\u00eame temps, elles ont aussi quelque chose d\u2019effrayant et \u00e9trange, comme venues d\u2019un autre monde. Plus que tout, l\u2019utilisation de marionnettes apporte une dimension tr\u00e8s p\u00e9dagogique et th\u00e9\u00e2trale, notamment pour le jeune public, \u00e0 la fronti\u00e8re entre notre monde et les territoires de l\u2019imaginaire. On peut communiquer \u00e9norm\u00e9ment d\u2019\u00e9motions \u00e0 travers les marionnettes.<\/span><\/p>\n<p><strong>Quels ont \u00e9t\u00e9 vos axes de travail avec la metteuse en sc\u00e8ne Aur\u00e9lie Hubeau<\/strong><strong>\u00a0?<br \/>\n<\/strong><span style=\"font-size: 14pt;\">Nous avons bien s\u00fbr \u00e9norm\u00e9ment parl\u00e9 du livre, essentiellement de sa dimension psychanalytique et politique. Mais ce que nous avons retenus est avant tout les th\u00e8mes du passage \u00e0 l&rsquo;\u00e2ge adulte, du questionnement de son identit\u00e9, des sujets particuli\u00e8rement actuels\u2026<\/span><\/p>\n<p>Photos (de haut en bas) : \u00a9 Sandrine Expilly \/ \u00a9 Claire de Montgolfier, EIC<\/p>\n","protected":false},"excerpt":{"rendered":"<p>Inspir\u00e9e par les mythes et la litt\u00e9rature, la compositrice grecque nous plonge une nouvelle fois dans l\u2019univers de Lewis Carroll et les aventures d\u2019Alice, avec une cr\u00e9ation sp\u00e9cialement con\u00e7ue pour le jeune public, De l&rsquo;autre c\u00f4t\u00e9 d&rsquo;Alice, pour soprano, quatre musiciens, \u00e9lectronique et\u2026 marionnettes, qui sera cr\u00e9\u00e9e le 10 mars \u00e0 la Philharmonie de Paris.<\/p>\n","protected":false},"author":192,"featured_media":26354,"comment_status":"closed","ping_status":"closed","sticky":false,"template":"","format":"standard","meta":{"_acf_changed":false,"footnotes":""},"categories":[4],"tags":[],"class_list":["post-26352","post","type-post","status-publish","format-standard","has-post-thumbnail","hentry","category-entretiens","concert-alice-et-le-miroir","concert-de-lautre-cote-dalice"],"acf":[],"yoast_head":"<!-- This site is optimized with the Yoast SEO plugin v27.5 - https:\/\/yoast.com\/product\/yoast-seo-wordpress\/ -->\n<title>\u00ab\u2009Alice nous enseigne le pouvoir de l\u2019imaginaire et la libert\u00e9.\u2009\u00bb Entretien avec Sofia Avramidou, compositrice. - Ensemble intercontemporain<\/title>\n<meta name=\"robots\" content=\"index, follow, max-snippet:-1, max-image-preview:large, max-video-preview:-1\" \/>\n<link rel=\"canonical\" href=\"https:\/\/www.ensembleintercontemporain.com\/fr\/2024\/03\/alice-nous-enseigne-le-pouvoir-de-limaginaire-et-la-liberte-entretien-avec-sofia-avramidou-compositrice\/\" \/>\n<meta property=\"og:locale\" content=\"fr_FR\" \/>\n<meta property=\"og:type\" content=\"article\" \/>\n<meta property=\"og:title\" content=\"\u00ab\u2009Alice nous enseigne le pouvoir de l\u2019imaginaire et la libert\u00e9.\u2009\u00bb Entretien avec Sofia Avramidou, compositrice. - Ensemble intercontemporain\" \/>\n<meta property=\"og:description\" content=\"Inspir\u00e9e par les mythes et la litt\u00e9rature, la compositrice grecque nous plonge une nouvelle fois dans l\u2019univers de Lewis Carroll et les aventures d\u2019Alice, avec une cr\u00e9ation sp\u00e9cialement con\u00e7ue pour le jeune public, De l&#039;autre c\u00f4t\u00e9 d&#039;Alice, pour soprano, quatre musiciens, \u00e9lectronique et\u2026 marionnettes, qui sera cr\u00e9\u00e9e le 10 mars \u00e0 la Philharmonie de Paris.\" \/>\n<meta property=\"og:url\" content=\"https:\/\/www.ensembleintercontemporain.com\/fr\/2024\/03\/alice-nous-enseigne-le-pouvoir-de-limaginaire-et-la-liberte-entretien-avec-sofia-avramidou-compositrice\/\" \/>\n<meta property=\"og:site_name\" content=\"Ensemble intercontemporain\" \/>\n<meta property=\"article:published_time\" content=\"2024-03-01T10:20:21+00:00\" \/>\n<meta property=\"article:modified_time\" content=\"2025-02-12T15:33:59+00:00\" \/>\n<meta property=\"og:image\" content=\"https:\/\/www.ensembleintercontemporain.com\/content\/uploads\/2024\/02\/w0a0256.jpg\" \/>\n\t<meta property=\"og:image:width\" content=\"2363\" \/>\n\t<meta property=\"og:image:height\" content=\"1677\" \/>\n\t<meta property=\"og:image:type\" content=\"image\/jpeg\" \/>\n<meta name=\"author\" content=\"Suzanne Gervais\" \/>\n<meta name=\"twitter:card\" content=\"summary_large_image\" \/>\n<meta name=\"twitter:label1\" content=\"\u00c9crit par\" \/>\n\t<meta name=\"twitter:data1\" content=\"Suzanne Gervais\" \/>\n\t<meta name=\"twitter:label2\" content=\"Dur\u00e9e de lecture estim\u00e9e\" \/>\n\t<meta name=\"twitter:data2\" content=\"4 minutes\" \/>\n<script type=\"application\/ld+json\" class=\"yoast-schema-graph\">{\"@context\":\"https:\\\/\\\/schema.org\",\"@graph\":[{\"@type\":\"Article\",\"@id\":\"https:\\\/\\\/www.ensembleintercontemporain.com\\\/fr\\\/2024\\\/03\\\/alice-nous-enseigne-le-pouvoir-de-limaginaire-et-la-liberte-entretien-avec-sofia-avramidou-compositrice\\\/#article\",\"isPartOf\":{\"@id\":\"https:\\\/\\\/www.ensembleintercontemporain.com\\\/fr\\\/2024\\\/03\\\/alice-nous-enseigne-le-pouvoir-de-limaginaire-et-la-liberte-entretien-avec-sofia-avramidou-compositrice\\\/\"},\"author\":{\"name\":\"Suzanne Gervais\",\"@id\":\"https:\\\/\\\/www.ensembleintercontemporain.com\\\/en\\\/#\\\/schema\\\/person\\\/92c37710f3f1bf5d5aa32cf7f9c9752e\"},\"headline\":\"\u00ab\u2009Alice nous enseigne le pouvoir de l\u2019imaginaire et la libert\u00e9.\u2009\u00bb Entretien avec Sofia Avramidou, compositrice.\",\"datePublished\":\"2024-03-01T10:20:21+00:00\",\"dateModified\":\"2025-02-12T15:33:59+00:00\",\"mainEntityOfPage\":{\"@id\":\"https:\\\/\\\/www.ensembleintercontemporain.com\\\/fr\\\/2024\\\/03\\\/alice-nous-enseigne-le-pouvoir-de-limaginaire-et-la-liberte-entretien-avec-sofia-avramidou-compositrice\\\/\"},\"wordCount\":690,\"image\":{\"@id\":\"https:\\\/\\\/www.ensembleintercontemporain.com\\\/fr\\\/2024\\\/03\\\/alice-nous-enseigne-le-pouvoir-de-limaginaire-et-la-liberte-entretien-avec-sofia-avramidou-compositrice\\\/#primaryimage\"},\"thumbnailUrl\":\"https:\\\/\\\/www.ensembleintercontemporain.com\\\/content\\\/uploads\\\/2024\\\/02\\\/w0a0256.jpg\",\"articleSection\":[\"Entretien\"],\"inLanguage\":\"fr-FR\"},{\"@type\":\"WebPage\",\"@id\":\"https:\\\/\\\/www.ensembleintercontemporain.com\\\/fr\\\/2024\\\/03\\\/alice-nous-enseigne-le-pouvoir-de-limaginaire-et-la-liberte-entretien-avec-sofia-avramidou-compositrice\\\/\",\"url\":\"https:\\\/\\\/www.ensembleintercontemporain.com\\\/fr\\\/2024\\\/03\\\/alice-nous-enseigne-le-pouvoir-de-limaginaire-et-la-liberte-entretien-avec-sofia-avramidou-compositrice\\\/\",\"name\":\"\u00ab\u2009Alice nous enseigne le pouvoir de l\u2019imaginaire et la libert\u00e9.\u2009\u00bb Entretien avec Sofia Avramidou, compositrice. - Ensemble intercontemporain\",\"isPartOf\":{\"@id\":\"https:\\\/\\\/www.ensembleintercontemporain.com\\\/en\\\/#website\"},\"primaryImageOfPage\":{\"@id\":\"https:\\\/\\\/www.ensembleintercontemporain.com\\\/fr\\\/2024\\\/03\\\/alice-nous-enseigne-le-pouvoir-de-limaginaire-et-la-liberte-entretien-avec-sofia-avramidou-compositrice\\\/#primaryimage\"},\"image\":{\"@id\":\"https:\\\/\\\/www.ensembleintercontemporain.com\\\/fr\\\/2024\\\/03\\\/alice-nous-enseigne-le-pouvoir-de-limaginaire-et-la-liberte-entretien-avec-sofia-avramidou-compositrice\\\/#primaryimage\"},\"thumbnailUrl\":\"https:\\\/\\\/www.ensembleintercontemporain.com\\\/content\\\/uploads\\\/2024\\\/02\\\/w0a0256.jpg\",\"datePublished\":\"2024-03-01T10:20:21+00:00\",\"dateModified\":\"2025-02-12T15:33:59+00:00\",\"author\":{\"@id\":\"https:\\\/\\\/www.ensembleintercontemporain.com\\\/en\\\/#\\\/schema\\\/person\\\/92c37710f3f1bf5d5aa32cf7f9c9752e\"},\"breadcrumb\":{\"@id\":\"https:\\\/\\\/www.ensembleintercontemporain.com\\\/fr\\\/2024\\\/03\\\/alice-nous-enseigne-le-pouvoir-de-limaginaire-et-la-liberte-entretien-avec-sofia-avramidou-compositrice\\\/#breadcrumb\"},\"inLanguage\":\"fr-FR\",\"potentialAction\":[{\"@type\":\"ReadAction\",\"target\":[\"https:\\\/\\\/www.ensembleintercontemporain.com\\\/fr\\\/2024\\\/03\\\/alice-nous-enseigne-le-pouvoir-de-limaginaire-et-la-liberte-entretien-avec-sofia-avramidou-compositrice\\\/\"]}]},{\"@type\":\"ImageObject\",\"inLanguage\":\"fr-FR\",\"@id\":\"https:\\\/\\\/www.ensembleintercontemporain.com\\\/fr\\\/2024\\\/03\\\/alice-nous-enseigne-le-pouvoir-de-limaginaire-et-la-liberte-entretien-avec-sofia-avramidou-compositrice\\\/#primaryimage\",\"url\":\"https:\\\/\\\/www.ensembleintercontemporain.com\\\/content\\\/uploads\\\/2024\\\/02\\\/w0a0256.jpg\",\"contentUrl\":\"https:\\\/\\\/www.ensembleintercontemporain.com\\\/content\\\/uploads\\\/2024\\\/02\\\/w0a0256.jpg\",\"width\":2363,\"height\":1677},{\"@type\":\"BreadcrumbList\",\"@id\":\"https:\\\/\\\/www.ensembleintercontemporain.com\\\/fr\\\/2024\\\/03\\\/alice-nous-enseigne-le-pouvoir-de-limaginaire-et-la-liberte-entretien-avec-sofia-avramidou-compositrice\\\/#breadcrumb\",\"itemListElement\":[{\"@type\":\"ListItem\",\"position\":1,\"name\":\"Home\",\"item\":\"https:\\\/\\\/www.ensembleintercontemporain.com\\\/fr\\\/\"},{\"@type\":\"ListItem\",\"position\":2,\"name\":\"\u00ab\u2009Alice nous enseigne le pouvoir de l\u2019imaginaire et la libert\u00e9.\u2009\u00bb Entretien avec Sofia Avramidou, compositrice.\"}]},{\"@type\":\"WebSite\",\"@id\":\"https:\\\/\\\/www.ensembleintercontemporain.com\\\/en\\\/#website\",\"url\":\"https:\\\/\\\/www.ensembleintercontemporain.com\\\/en\\\/\",\"name\":\"Ensemble intercontemporain\",\"description\":\"\",\"potentialAction\":[{\"@type\":\"SearchAction\",\"target\":{\"@type\":\"EntryPoint\",\"urlTemplate\":\"https:\\\/\\\/www.ensembleintercontemporain.com\\\/en\\\/?s={search_term_string}\"},\"query-input\":{\"@type\":\"PropertyValueSpecification\",\"valueRequired\":true,\"valueName\":\"search_term_string\"}}],\"inLanguage\":\"fr-FR\"},{\"@type\":\"Person\",\"@id\":\"https:\\\/\\\/www.ensembleintercontemporain.com\\\/en\\\/#\\\/schema\\\/person\\\/92c37710f3f1bf5d5aa32cf7f9c9752e\",\"name\":\"Suzanne Gervais\",\"image\":{\"@type\":\"ImageObject\",\"inLanguage\":\"fr-FR\",\"@id\":\"https:\\\/\\\/secure.gravatar.com\\\/avatar\\\/198242a7c0645c69eb7844fd165e29ec4aa259e44bbb6961901748cdadd85a0a?s=96&d=mm&r=g\",\"url\":\"https:\\\/\\\/secure.gravatar.com\\\/avatar\\\/198242a7c0645c69eb7844fd165e29ec4aa259e44bbb6961901748cdadd85a0a?s=96&d=mm&r=g\",\"contentUrl\":\"https:\\\/\\\/secure.gravatar.com\\\/avatar\\\/198242a7c0645c69eb7844fd165e29ec4aa259e44bbb6961901748cdadd85a0a?s=96&d=mm&r=g\",\"caption\":\"Suzanne Gervais\"},\"url\":\"https:\\\/\\\/www.ensembleintercontemporain.com\\\/fr\\\/author\\\/s-gervais\\\/\"}]}<\/script>\n<!-- \/ Yoast SEO plugin. -->","yoast_head_json":{"title":"\u00ab\u2009Alice nous enseigne le pouvoir de l\u2019imaginaire et la libert\u00e9.\u2009\u00bb Entretien avec Sofia Avramidou, compositrice. - Ensemble intercontemporain","robots":{"index":"index","follow":"follow","max-snippet":"max-snippet:-1","max-image-preview":"max-image-preview:large","max-video-preview":"max-video-preview:-1"},"canonical":"https:\/\/www.ensembleintercontemporain.com\/fr\/2024\/03\/alice-nous-enseigne-le-pouvoir-de-limaginaire-et-la-liberte-entretien-avec-sofia-avramidou-compositrice\/","og_locale":"fr_FR","og_type":"article","og_title":"\u00ab\u2009Alice nous enseigne le pouvoir de l\u2019imaginaire et la libert\u00e9.\u2009\u00bb Entretien avec Sofia Avramidou, compositrice. - Ensemble intercontemporain","og_description":"Inspir\u00e9e par les mythes et la litt\u00e9rature, la compositrice grecque nous plonge une nouvelle fois dans l\u2019univers de Lewis Carroll et les aventures d\u2019Alice, avec une cr\u00e9ation sp\u00e9cialement con\u00e7ue pour le jeune public, De l'autre c\u00f4t\u00e9 d'Alice, pour soprano, quatre musiciens, \u00e9lectronique et\u2026 marionnettes, qui sera cr\u00e9\u00e9e le 10 mars \u00e0 la Philharmonie de Paris.","og_url":"https:\/\/www.ensembleintercontemporain.com\/fr\/2024\/03\/alice-nous-enseigne-le-pouvoir-de-limaginaire-et-la-liberte-entretien-avec-sofia-avramidou-compositrice\/","og_site_name":"Ensemble intercontemporain","article_published_time":"2024-03-01T10:20:21+00:00","article_modified_time":"2025-02-12T15:33:59+00:00","og_image":[{"width":2363,"height":1677,"url":"https:\/\/www.ensembleintercontemporain.com\/content\/uploads\/2024\/02\/w0a0256.jpg","type":"image\/jpeg"}],"author":"Suzanne Gervais","twitter_card":"summary_large_image","twitter_misc":{"\u00c9crit par":"Suzanne Gervais","Dur\u00e9e de lecture estim\u00e9e":"4 minutes"},"schema":{"@context":"https:\/\/schema.org","@graph":[{"@type":"Article","@id":"https:\/\/www.ensembleintercontemporain.com\/fr\/2024\/03\/alice-nous-enseigne-le-pouvoir-de-limaginaire-et-la-liberte-entretien-avec-sofia-avramidou-compositrice\/#article","isPartOf":{"@id":"https:\/\/www.ensembleintercontemporain.com\/fr\/2024\/03\/alice-nous-enseigne-le-pouvoir-de-limaginaire-et-la-liberte-entretien-avec-sofia-avramidou-compositrice\/"},"author":{"name":"Suzanne Gervais","@id":"https:\/\/www.ensembleintercontemporain.com\/en\/#\/schema\/person\/92c37710f3f1bf5d5aa32cf7f9c9752e"},"headline":"\u00ab\u2009Alice nous enseigne le pouvoir de l\u2019imaginaire et la libert\u00e9.\u2009\u00bb Entretien avec Sofia Avramidou, compositrice.","datePublished":"2024-03-01T10:20:21+00:00","dateModified":"2025-02-12T15:33:59+00:00","mainEntityOfPage":{"@id":"https:\/\/www.ensembleintercontemporain.com\/fr\/2024\/03\/alice-nous-enseigne-le-pouvoir-de-limaginaire-et-la-liberte-entretien-avec-sofia-avramidou-compositrice\/"},"wordCount":690,"image":{"@id":"https:\/\/www.ensembleintercontemporain.com\/fr\/2024\/03\/alice-nous-enseigne-le-pouvoir-de-limaginaire-et-la-liberte-entretien-avec-sofia-avramidou-compositrice\/#primaryimage"},"thumbnailUrl":"https:\/\/www.ensembleintercontemporain.com\/content\/uploads\/2024\/02\/w0a0256.jpg","articleSection":["Entretien"],"inLanguage":"fr-FR"},{"@type":"WebPage","@id":"https:\/\/www.ensembleintercontemporain.com\/fr\/2024\/03\/alice-nous-enseigne-le-pouvoir-de-limaginaire-et-la-liberte-entretien-avec-sofia-avramidou-compositrice\/","url":"https:\/\/www.ensembleintercontemporain.com\/fr\/2024\/03\/alice-nous-enseigne-le-pouvoir-de-limaginaire-et-la-liberte-entretien-avec-sofia-avramidou-compositrice\/","name":"\u00ab\u2009Alice nous enseigne le pouvoir de l\u2019imaginaire et la libert\u00e9.\u2009\u00bb Entretien avec Sofia Avramidou, compositrice. - Ensemble intercontemporain","isPartOf":{"@id":"https:\/\/www.ensembleintercontemporain.com\/en\/#website"},"primaryImageOfPage":{"@id":"https:\/\/www.ensembleintercontemporain.com\/fr\/2024\/03\/alice-nous-enseigne-le-pouvoir-de-limaginaire-et-la-liberte-entretien-avec-sofia-avramidou-compositrice\/#primaryimage"},"image":{"@id":"https:\/\/www.ensembleintercontemporain.com\/fr\/2024\/03\/alice-nous-enseigne-le-pouvoir-de-limaginaire-et-la-liberte-entretien-avec-sofia-avramidou-compositrice\/#primaryimage"},"thumbnailUrl":"https:\/\/www.ensembleintercontemporain.com\/content\/uploads\/2024\/02\/w0a0256.jpg","datePublished":"2024-03-01T10:20:21+00:00","dateModified":"2025-02-12T15:33:59+00:00","author":{"@id":"https:\/\/www.ensembleintercontemporain.com\/en\/#\/schema\/person\/92c37710f3f1bf5d5aa32cf7f9c9752e"},"breadcrumb":{"@id":"https:\/\/www.ensembleintercontemporain.com\/fr\/2024\/03\/alice-nous-enseigne-le-pouvoir-de-limaginaire-et-la-liberte-entretien-avec-sofia-avramidou-compositrice\/#breadcrumb"},"inLanguage":"fr-FR","potentialAction":[{"@type":"ReadAction","target":["https:\/\/www.ensembleintercontemporain.com\/fr\/2024\/03\/alice-nous-enseigne-le-pouvoir-de-limaginaire-et-la-liberte-entretien-avec-sofia-avramidou-compositrice\/"]}]},{"@type":"ImageObject","inLanguage":"fr-FR","@id":"https:\/\/www.ensembleintercontemporain.com\/fr\/2024\/03\/alice-nous-enseigne-le-pouvoir-de-limaginaire-et-la-liberte-entretien-avec-sofia-avramidou-compositrice\/#primaryimage","url":"https:\/\/www.ensembleintercontemporain.com\/content\/uploads\/2024\/02\/w0a0256.jpg","contentUrl":"https:\/\/www.ensembleintercontemporain.com\/content\/uploads\/2024\/02\/w0a0256.jpg","width":2363,"height":1677},{"@type":"BreadcrumbList","@id":"https:\/\/www.ensembleintercontemporain.com\/fr\/2024\/03\/alice-nous-enseigne-le-pouvoir-de-limaginaire-et-la-liberte-entretien-avec-sofia-avramidou-compositrice\/#breadcrumb","itemListElement":[{"@type":"ListItem","position":1,"name":"Home","item":"https:\/\/www.ensembleintercontemporain.com\/fr\/"},{"@type":"ListItem","position":2,"name":"\u00ab\u2009Alice nous enseigne le pouvoir de l\u2019imaginaire et la libert\u00e9.\u2009\u00bb Entretien avec Sofia Avramidou, compositrice."}]},{"@type":"WebSite","@id":"https:\/\/www.ensembleintercontemporain.com\/en\/#website","url":"https:\/\/www.ensembleintercontemporain.com\/en\/","name":"Ensemble intercontemporain","description":"","potentialAction":[{"@type":"SearchAction","target":{"@type":"EntryPoint","urlTemplate":"https:\/\/www.ensembleintercontemporain.com\/en\/?s={search_term_string}"},"query-input":{"@type":"PropertyValueSpecification","valueRequired":true,"valueName":"search_term_string"}}],"inLanguage":"fr-FR"},{"@type":"Person","@id":"https:\/\/www.ensembleintercontemporain.com\/en\/#\/schema\/person\/92c37710f3f1bf5d5aa32cf7f9c9752e","name":"Suzanne Gervais","image":{"@type":"ImageObject","inLanguage":"fr-FR","@id":"https:\/\/secure.gravatar.com\/avatar\/198242a7c0645c69eb7844fd165e29ec4aa259e44bbb6961901748cdadd85a0a?s=96&d=mm&r=g","url":"https:\/\/secure.gravatar.com\/avatar\/198242a7c0645c69eb7844fd165e29ec4aa259e44bbb6961901748cdadd85a0a?s=96&d=mm&r=g","contentUrl":"https:\/\/secure.gravatar.com\/avatar\/198242a7c0645c69eb7844fd165e29ec4aa259e44bbb6961901748cdadd85a0a?s=96&d=mm&r=g","caption":"Suzanne Gervais"},"url":"https:\/\/www.ensembleintercontemporain.com\/fr\/author\/s-gervais\/"}]}},"_links":{"self":[{"href":"https:\/\/www.ensembleintercontemporain.com\/fr\/wp-json\/wp\/v2\/posts\/26352\/"}],"collection":[{"href":"https:\/\/www.ensembleintercontemporain.com\/fr\/wp-json\/wp\/v2\/posts\/"}],"about":[{"href":"https:\/\/www.ensembleintercontemporain.com\/fr\/wp-json\/wp\/v2\/types\/post\/"}],"author":[{"embeddable":true,"href":"https:\/\/www.ensembleintercontemporain.com\/fr\/wp-json\/wp\/v2\/users\/192\/"}],"replies":[{"embeddable":true,"href":"https:\/\/www.ensembleintercontemporain.com\/fr\/wp-json\/wp\/v2\/comments\/?post=26352"}],"version-history":[{"count":8,"href":"https:\/\/www.ensembleintercontemporain.com\/fr\/wp-json\/wp\/v2\/posts\/26352\/revisions\/"}],"predecessor-version":[{"id":28373,"href":"https:\/\/www.ensembleintercontemporain.com\/fr\/wp-json\/wp\/v2\/posts\/26352\/revisions\/28373\/"}],"wp:featuredmedia":[{"embeddable":true,"href":"https:\/\/www.ensembleintercontemporain.com\/fr\/wp-json\/wp\/v2\/media\/26354\/"}],"wp:attachment":[{"href":"https:\/\/www.ensembleintercontemporain.com\/fr\/wp-json\/wp\/v2\/media\/?parent=26352"}],"wp:term":[{"taxonomy":"category","embeddable":true,"href":"https:\/\/www.ensembleintercontemporain.com\/fr\/wp-json\/wp\/v2\/categories\/?post=26352"},{"taxonomy":"post_tag","embeddable":true,"href":"https:\/\/www.ensembleintercontemporain.com\/fr\/wp-json\/wp\/v2\/tags\/?post=26352"}],"curies":[{"name":"wp","href":"https:\/\/api.w.org\/{rel}","templated":true}]}}