{"id":24065,"date":"2023-02-23T15:00:20","date_gmt":"2023-02-23T14:00:20","guid":{"rendered":"https:\/\/www.ensembleintercontemporain.com\/?p=24065"},"modified":"2023-03-01T15:38:36","modified_gmt":"2023-03-01T14:38:36","slug":"andile-khumalo-invisible-self","status":"publish","type":"post","link":"https:\/\/www.ensembleintercontemporain.com\/fr\/2023\/02\/andile-khumalo-invisible-self\/","title":{"rendered":"Andile Khumalo :       \u00ab Invisible Self \u00bb."},"content":{"rendered":"<p><span style=\"font-size: 14pt;\"><em><img loading=\"lazy\" decoding=\"async\" class=\"aligncenter size-full wp-image-24066\" src=\"http:\/\/www.ensembleintercontemporain.com\/content\/uploads\/2023\/02\/andile-khumalo-c-dita-pepe.jpeg\" alt=\"\" width=\"1920\" height=\"1281\" srcset=\"https:\/\/www.ensembleintercontemporain.com\/content\/uploads\/2023\/02\/andile-khumalo-c-dita-pepe.jpeg 1920w, https:\/\/www.ensembleintercontemporain.com\/content\/uploads\/2023\/02\/andile-khumalo-c-dita-pepe-300x200.jpeg 300w, https:\/\/www.ensembleintercontemporain.com\/content\/uploads\/2023\/02\/andile-khumalo-c-dita-pepe-1024x683.jpeg 1024w, https:\/\/www.ensembleintercontemporain.com\/content\/uploads\/2023\/02\/andile-khumalo-c-dita-pepe-768x512.jpeg 768w, https:\/\/www.ensembleintercontemporain.com\/content\/uploads\/2023\/02\/andile-khumalo-c-dita-pepe-1536x1025.jpeg 1536w\" sizes=\"auto, (max-width: 1920px) 100vw, 1920px\" \/><br \/>\n<\/em><\/span><\/p>\n<p><span style=\"color: #003366;\"><strong><span style=\"font-size: 12pt;\">Le <a href=\"https:\/\/www.ensembleintercontemporain.com\/fr\/concert\/ligeti-aux-sources-du-rythme-2023-03-03-20h00-paris\/\">3 mars \u00e0 la Cit\u00e9 de la musique<\/a>, l&rsquo;Ensemble intercontemporain jouera, en cr\u00e9ation fran\u00e7aise, <em>Invisible Self<\/em> du compositeur sud-africain Andile Khumalo. Une \u0153uvre pour piano et ensemble compos\u00e9e en 2020 en forme de r\u00e9flexion sur les probl\u00e8mes de coh\u00e9sion sociale en Afrique du Sud.\u00a0<\/span><\/strong><\/span><\/p>\n<p><span style=\"font-size: 14pt;\"><em>Invisible Self <\/em>a \u00e9t\u00e9 pens\u00e9e comme une r\u00e9flexion sur les enjeux de coh\u00e9sion et le combat social qu\u2019affrontent de nombreux africains d\u2019Afrique du Sud. Et, dans le m\u00eame temps, cette pi\u00e8ce parle de la mani\u00e8re dont on peut d\u00e9finir la musique africaine aujourd\u2019hui.<\/span><\/p>\n<p><span style=\"font-size: 14pt;\"><em>Invisible Self <\/em>se pr\u00e9sente comme une pi\u00e8ce pour piano avec ensemble. Bien qu\u2019au centre du dispositif, l\u2019objet \u00ab\u00a0piano\u00a0\u00bb n\u2019est pas consid\u00e9r\u00e9 diff\u00e9remment du reste de l\u2019ensemble, qui repr\u00e9sente symboliquement son environnement. On pourrait dire, selon le point de vue adopt\u00e9, que le geste musical premier port\u00e9 par le piano est graduellement d\u00e9construit par l\u2019environnement, ou bien que, \u00e0 mesure que le mat\u00e9riau se d\u00e9veloppe, ce geste s\u2019adapte et attire l\u2019environnement \u00e0 lui. Dans tous les cas, chaque fois qu\u2019il se trouve ainsi \u00e9cartel\u00e9 par son environnement, ses couches intimes se d\u00e9voilent. Ce processus donne l\u2019illusion de plonger de plus en plus profond\u00e9ment l\u2019\u00e2me ou le c\u0153ur de l\u2019identit\u00e9 propres \u00e0 cet objet musical. Et, ce faisant, le \u00ab\u00a0vrai moi\u00a0\u00bb ou le \u00ab\u00a0moi int\u00e9rieur\u00a0\u00bb fait apparaitre le \u00ab\u00a0moi originel\u00a0\u00bb (celui du d\u00e9but de la pi\u00e8ce) comme une version distordue du \u00ab\u00a0moi int\u00e9rieur\u00a0\u00bb.<\/p>\n<p><\/span><\/p>\n<p><img loading=\"lazy\" decoding=\"async\" class=\"aligncenter  wp-image-24272\" src=\"http:\/\/www.ensembleintercontemporain.com\/content\/uploads\/2023\/02\/dscf0847.jpg\" alt=\"\" width=\"800\" height=\"556\" srcset=\"https:\/\/www.ensembleintercontemporain.com\/content\/uploads\/2023\/02\/dscf0847.jpg 1280w, https:\/\/www.ensembleintercontemporain.com\/content\/uploads\/2023\/02\/dscf0847-300x209.jpg 300w, https:\/\/www.ensembleintercontemporain.com\/content\/uploads\/2023\/02\/dscf0847-1024x712.jpg 1024w, https:\/\/www.ensembleintercontemporain.com\/content\/uploads\/2023\/02\/dscf0847-768x534.jpg 768w\" sizes=\"auto, (max-width: 800px) 100vw, 800px\" \/><\/p>\n<p><span style=\"font-size: 14pt;\"><em>Invisible Self <\/em>tire son inspiration des tensions entre les \u00ab\u00a0migrants\u00a0\u00bb africains et les africains d\u2019Afrique du Sud, qui ont men\u00e9 ces derni\u00e8res ann\u00e9es \u00e0 des attaques x\u00e9nophobes, bouleversant le paysage social sud-africain. Avec, bien s\u00fbr, l\u2019in\u00e9vitable question de ce que serait un \u00ab\u00a0migrant\u00a0\u00bb africain en Afrique\u00a0? Et de qui serait capable d\u00e9finir l\u2019\u00e9trange-t\u00e9 ou \u00ab\u00a0l\u2019alt\u00e9rit\u00e9\u00a0\u00bb d\u2019africains en Afrique\u00a0?<\/span><\/p>\n<p>Photo \u00a9 Dita Pepe<\/p>\n","protected":false},"excerpt":{"rendered":"<p>Le 3 mars \u00e0 la Cit\u00e9 de la musique, l&rsquo;Ensemble intercontemporain jouera, en cr\u00e9ation fran\u00e7aise, \u00ab\u00a0Invisible Self\u00a0\u00bb du compositeur sud-africain Andile Khumalo. Une \u0153uvre pour piano et ensemble compos\u00e9e en 2020 en forme de r\u00e9flexion sur les probl\u00e8mes de coh\u00e9sion sociale en Afrique du Sud.\u00a0<\/p>\n","protected":false},"author":208,"featured_media":24066,"comment_status":"closed","ping_status":"closed","sticky":false,"template":"","format":"standard","meta":{"_acf_changed":false,"footnotes":""},"categories":[102],"tags":[],"class_list":["post-24065","post","type-post","status-publish","format-standard","has-post-thumbnail","hentry","category-eclairage","concert-ligeti-aux-sources-du-rythme"],"acf":[],"yoast_head":"<!-- This site is optimized with the Yoast SEO plugin v27.5 - https:\/\/yoast.com\/product\/yoast-seo-wordpress\/ -->\n<title>Andile Khumalo :    \u00ab Invisible Self \u00bb. - Ensemble intercontemporain<\/title>\n<meta name=\"robots\" content=\"index, follow, max-snippet:-1, max-image-preview:large, max-video-preview:-1\" \/>\n<link rel=\"canonical\" href=\"https:\/\/www.ensembleintercontemporain.com\/fr\/2023\/02\/andile-khumalo-invisible-self\/\" \/>\n<meta property=\"og:locale\" content=\"fr_FR\" \/>\n<meta property=\"og:type\" content=\"article\" \/>\n<meta property=\"og:title\" content=\"Andile Khumalo :    \u00ab Invisible Self \u00bb. - Ensemble intercontemporain\" \/>\n<meta property=\"og:description\" content=\"Le 3 mars \u00e0 la Cit\u00e9 de la musique, l&#039;Ensemble intercontemporain jouera, en cr\u00e9ation fran\u00e7aise, &quot;Invisible Self&quot; du compositeur sud-africain Andile Khumalo. Une \u0153uvre pour piano et ensemble compos\u00e9e en 2020 en forme de r\u00e9flexion sur les probl\u00e8mes de coh\u00e9sion sociale en Afrique du Sud.\u00a0\" \/>\n<meta property=\"og:url\" content=\"https:\/\/www.ensembleintercontemporain.com\/fr\/2023\/02\/andile-khumalo-invisible-self\/\" \/>\n<meta property=\"og:site_name\" content=\"Ensemble intercontemporain\" \/>\n<meta property=\"article:published_time\" content=\"2023-02-23T14:00:20+00:00\" \/>\n<meta property=\"article:modified_time\" content=\"2023-03-01T14:38:36+00:00\" \/>\n<meta property=\"og:image\" content=\"http:\/\/www.ensembleintercontemporain.com\/content\/uploads\/2023\/02\/andile-khumalo-c-dita-pepe.jpeg\" \/>\n\t<meta property=\"og:image:width\" content=\"1920\" \/>\n\t<meta property=\"og:image:height\" content=\"1281\" \/>\n\t<meta property=\"og:image:type\" content=\"image\/jpeg\" \/>\n<meta name=\"author\" content=\"Andile Khumalo\" \/>\n<meta name=\"twitter:card\" content=\"summary_large_image\" \/>\n<meta name=\"twitter:label1\" content=\"\u00c9crit par\" \/>\n\t<meta name=\"twitter:data1\" content=\"Andile Khumalo\" \/>\n\t<meta name=\"twitter:label2\" content=\"Dur\u00e9e de lecture estim\u00e9e\" \/>\n\t<meta name=\"twitter:data2\" content=\"2 minutes\" \/>\n<script type=\"application\/ld+json\" class=\"yoast-schema-graph\">{\"@context\":\"https:\\\/\\\/schema.org\",\"@graph\":[{\"@type\":\"Article\",\"@id\":\"https:\\\/\\\/www.ensembleintercontemporain.com\\\/fr\\\/2023\\\/02\\\/andile-khumalo-invisible-self\\\/#article\",\"isPartOf\":{\"@id\":\"https:\\\/\\\/www.ensembleintercontemporain.com\\\/fr\\\/2023\\\/02\\\/andile-khumalo-invisible-self\\\/\"},\"author\":{\"name\":\"Andile Khumalo\",\"@id\":\"https:\\\/\\\/www.ensembleintercontemporain.com\\\/en\\\/#\\\/schema\\\/person\\\/48107c13c3a710fce7444c0061162e28\"},\"headline\":\"Andile Khumalo : \u00ab Invisible Self \u00bb.\",\"datePublished\":\"2023-02-23T14:00:20+00:00\",\"dateModified\":\"2023-03-01T14:38:36+00:00\",\"mainEntityOfPage\":{\"@id\":\"https:\\\/\\\/www.ensembleintercontemporain.com\\\/fr\\\/2023\\\/02\\\/andile-khumalo-invisible-self\\\/\"},\"wordCount\":341,\"image\":{\"@id\":\"https:\\\/\\\/www.ensembleintercontemporain.com\\\/fr\\\/2023\\\/02\\\/andile-khumalo-invisible-self\\\/#primaryimage\"},\"thumbnailUrl\":\"https:\\\/\\\/www.ensembleintercontemporain.com\\\/content\\\/uploads\\\/2023\\\/02\\\/andile-khumalo-c-dita-pepe.jpeg\",\"articleSection\":[\"\u00c9clairage\"],\"inLanguage\":\"fr-FR\"},{\"@type\":\"WebPage\",\"@id\":\"https:\\\/\\\/www.ensembleintercontemporain.com\\\/fr\\\/2023\\\/02\\\/andile-khumalo-invisible-self\\\/\",\"url\":\"https:\\\/\\\/www.ensembleintercontemporain.com\\\/fr\\\/2023\\\/02\\\/andile-khumalo-invisible-self\\\/\",\"name\":\"Andile Khumalo : \u00ab Invisible Self \u00bb. - Ensemble intercontemporain\",\"isPartOf\":{\"@id\":\"https:\\\/\\\/www.ensembleintercontemporain.com\\\/en\\\/#website\"},\"primaryImageOfPage\":{\"@id\":\"https:\\\/\\\/www.ensembleintercontemporain.com\\\/fr\\\/2023\\\/02\\\/andile-khumalo-invisible-self\\\/#primaryimage\"},\"image\":{\"@id\":\"https:\\\/\\\/www.ensembleintercontemporain.com\\\/fr\\\/2023\\\/02\\\/andile-khumalo-invisible-self\\\/#primaryimage\"},\"thumbnailUrl\":\"https:\\\/\\\/www.ensembleintercontemporain.com\\\/content\\\/uploads\\\/2023\\\/02\\\/andile-khumalo-c-dita-pepe.jpeg\",\"datePublished\":\"2023-02-23T14:00:20+00:00\",\"dateModified\":\"2023-03-01T14:38:36+00:00\",\"author\":{\"@id\":\"https:\\\/\\\/www.ensembleintercontemporain.com\\\/en\\\/#\\\/schema\\\/person\\\/48107c13c3a710fce7444c0061162e28\"},\"breadcrumb\":{\"@id\":\"https:\\\/\\\/www.ensembleintercontemporain.com\\\/fr\\\/2023\\\/02\\\/andile-khumalo-invisible-self\\\/#breadcrumb\"},\"inLanguage\":\"fr-FR\",\"potentialAction\":[{\"@type\":\"ReadAction\",\"target\":[\"https:\\\/\\\/www.ensembleintercontemporain.com\\\/fr\\\/2023\\\/02\\\/andile-khumalo-invisible-self\\\/\"]}]},{\"@type\":\"ImageObject\",\"inLanguage\":\"fr-FR\",\"@id\":\"https:\\\/\\\/www.ensembleintercontemporain.com\\\/fr\\\/2023\\\/02\\\/andile-khumalo-invisible-self\\\/#primaryimage\",\"url\":\"https:\\\/\\\/www.ensembleintercontemporain.com\\\/content\\\/uploads\\\/2023\\\/02\\\/andile-khumalo-c-dita-pepe.jpeg\",\"contentUrl\":\"https:\\\/\\\/www.ensembleintercontemporain.com\\\/content\\\/uploads\\\/2023\\\/02\\\/andile-khumalo-c-dita-pepe.jpeg\",\"width\":1920,\"height\":1281},{\"@type\":\"BreadcrumbList\",\"@id\":\"https:\\\/\\\/www.ensembleintercontemporain.com\\\/fr\\\/2023\\\/02\\\/andile-khumalo-invisible-self\\\/#breadcrumb\",\"itemListElement\":[{\"@type\":\"ListItem\",\"position\":1,\"name\":\"Home\",\"item\":\"https:\\\/\\\/www.ensembleintercontemporain.com\\\/fr\\\/\"},{\"@type\":\"ListItem\",\"position\":2,\"name\":\"Andile Khumalo : \u00ab Invisible Self \u00bb.\"}]},{\"@type\":\"WebSite\",\"@id\":\"https:\\\/\\\/www.ensembleintercontemporain.com\\\/en\\\/#website\",\"url\":\"https:\\\/\\\/www.ensembleintercontemporain.com\\\/en\\\/\",\"name\":\"Ensemble intercontemporain\",\"description\":\"\",\"potentialAction\":[{\"@type\":\"SearchAction\",\"target\":{\"@type\":\"EntryPoint\",\"urlTemplate\":\"https:\\\/\\\/www.ensembleintercontemporain.com\\\/en\\\/?s={search_term_string}\"},\"query-input\":{\"@type\":\"PropertyValueSpecification\",\"valueRequired\":true,\"valueName\":\"search_term_string\"}}],\"inLanguage\":\"fr-FR\"},{\"@type\":\"Person\",\"@id\":\"https:\\\/\\\/www.ensembleintercontemporain.com\\\/en\\\/#\\\/schema\\\/person\\\/48107c13c3a710fce7444c0061162e28\",\"name\":\"Andile Khumalo\",\"image\":{\"@type\":\"ImageObject\",\"inLanguage\":\"fr-FR\",\"@id\":\"https:\\\/\\\/secure.gravatar.com\\\/avatar\\\/861da498be550e0a060160d5ca018469d261b3fabc8190fbb7f1a372f7eb708a?s=96&d=mm&r=g\",\"url\":\"https:\\\/\\\/secure.gravatar.com\\\/avatar\\\/861da498be550e0a060160d5ca018469d261b3fabc8190fbb7f1a372f7eb708a?s=96&d=mm&r=g\",\"contentUrl\":\"https:\\\/\\\/secure.gravatar.com\\\/avatar\\\/861da498be550e0a060160d5ca018469d261b3fabc8190fbb7f1a372f7eb708a?s=96&d=mm&r=g\",\"caption\":\"Andile Khumalo\"},\"url\":\"https:\\\/\\\/www.ensembleintercontemporain.com\\\/fr\\\/author\\\/akhumalo\\\/\"}]}<\/script>\n<!-- \/ Yoast SEO plugin. -->","yoast_head_json":{"title":"Andile Khumalo :    \u00ab Invisible Self \u00bb. - Ensemble intercontemporain","robots":{"index":"index","follow":"follow","max-snippet":"max-snippet:-1","max-image-preview":"max-image-preview:large","max-video-preview":"max-video-preview:-1"},"canonical":"https:\/\/www.ensembleintercontemporain.com\/fr\/2023\/02\/andile-khumalo-invisible-self\/","og_locale":"fr_FR","og_type":"article","og_title":"Andile Khumalo :    \u00ab Invisible Self \u00bb. - Ensemble intercontemporain","og_description":"Le 3 mars \u00e0 la Cit\u00e9 de la musique, l'Ensemble intercontemporain jouera, en cr\u00e9ation fran\u00e7aise, \"Invisible Self\" du compositeur sud-africain Andile Khumalo. Une \u0153uvre pour piano et ensemble compos\u00e9e en 2020 en forme de r\u00e9flexion sur les probl\u00e8mes de coh\u00e9sion sociale en Afrique du Sud.\u00a0","og_url":"https:\/\/www.ensembleintercontemporain.com\/fr\/2023\/02\/andile-khumalo-invisible-self\/","og_site_name":"Ensemble intercontemporain","article_published_time":"2023-02-23T14:00:20+00:00","article_modified_time":"2023-03-01T14:38:36+00:00","og_image":[{"width":1920,"height":1281,"url":"http:\/\/www.ensembleintercontemporain.com\/content\/uploads\/2023\/02\/andile-khumalo-c-dita-pepe.jpeg","type":"image\/jpeg"}],"author":"Andile Khumalo","twitter_card":"summary_large_image","twitter_misc":{"\u00c9crit par":"Andile Khumalo","Dur\u00e9e de lecture estim\u00e9e":"2 minutes"},"schema":{"@context":"https:\/\/schema.org","@graph":[{"@type":"Article","@id":"https:\/\/www.ensembleintercontemporain.com\/fr\/2023\/02\/andile-khumalo-invisible-self\/#article","isPartOf":{"@id":"https:\/\/www.ensembleintercontemporain.com\/fr\/2023\/02\/andile-khumalo-invisible-self\/"},"author":{"name":"Andile Khumalo","@id":"https:\/\/www.ensembleintercontemporain.com\/en\/#\/schema\/person\/48107c13c3a710fce7444c0061162e28"},"headline":"Andile Khumalo : \u00ab Invisible Self \u00bb.","datePublished":"2023-02-23T14:00:20+00:00","dateModified":"2023-03-01T14:38:36+00:00","mainEntityOfPage":{"@id":"https:\/\/www.ensembleintercontemporain.com\/fr\/2023\/02\/andile-khumalo-invisible-self\/"},"wordCount":341,"image":{"@id":"https:\/\/www.ensembleintercontemporain.com\/fr\/2023\/02\/andile-khumalo-invisible-self\/#primaryimage"},"thumbnailUrl":"https:\/\/www.ensembleintercontemporain.com\/content\/uploads\/2023\/02\/andile-khumalo-c-dita-pepe.jpeg","articleSection":["\u00c9clairage"],"inLanguage":"fr-FR"},{"@type":"WebPage","@id":"https:\/\/www.ensembleintercontemporain.com\/fr\/2023\/02\/andile-khumalo-invisible-self\/","url":"https:\/\/www.ensembleintercontemporain.com\/fr\/2023\/02\/andile-khumalo-invisible-self\/","name":"Andile Khumalo : \u00ab Invisible Self \u00bb. - Ensemble intercontemporain","isPartOf":{"@id":"https:\/\/www.ensembleintercontemporain.com\/en\/#website"},"primaryImageOfPage":{"@id":"https:\/\/www.ensembleintercontemporain.com\/fr\/2023\/02\/andile-khumalo-invisible-self\/#primaryimage"},"image":{"@id":"https:\/\/www.ensembleintercontemporain.com\/fr\/2023\/02\/andile-khumalo-invisible-self\/#primaryimage"},"thumbnailUrl":"https:\/\/www.ensembleintercontemporain.com\/content\/uploads\/2023\/02\/andile-khumalo-c-dita-pepe.jpeg","datePublished":"2023-02-23T14:00:20+00:00","dateModified":"2023-03-01T14:38:36+00:00","author":{"@id":"https:\/\/www.ensembleintercontemporain.com\/en\/#\/schema\/person\/48107c13c3a710fce7444c0061162e28"},"breadcrumb":{"@id":"https:\/\/www.ensembleintercontemporain.com\/fr\/2023\/02\/andile-khumalo-invisible-self\/#breadcrumb"},"inLanguage":"fr-FR","potentialAction":[{"@type":"ReadAction","target":["https:\/\/www.ensembleintercontemporain.com\/fr\/2023\/02\/andile-khumalo-invisible-self\/"]}]},{"@type":"ImageObject","inLanguage":"fr-FR","@id":"https:\/\/www.ensembleintercontemporain.com\/fr\/2023\/02\/andile-khumalo-invisible-self\/#primaryimage","url":"https:\/\/www.ensembleintercontemporain.com\/content\/uploads\/2023\/02\/andile-khumalo-c-dita-pepe.jpeg","contentUrl":"https:\/\/www.ensembleintercontemporain.com\/content\/uploads\/2023\/02\/andile-khumalo-c-dita-pepe.jpeg","width":1920,"height":1281},{"@type":"BreadcrumbList","@id":"https:\/\/www.ensembleintercontemporain.com\/fr\/2023\/02\/andile-khumalo-invisible-self\/#breadcrumb","itemListElement":[{"@type":"ListItem","position":1,"name":"Home","item":"https:\/\/www.ensembleintercontemporain.com\/fr\/"},{"@type":"ListItem","position":2,"name":"Andile Khumalo : \u00ab Invisible Self \u00bb."}]},{"@type":"WebSite","@id":"https:\/\/www.ensembleintercontemporain.com\/en\/#website","url":"https:\/\/www.ensembleintercontemporain.com\/en\/","name":"Ensemble intercontemporain","description":"","potentialAction":[{"@type":"SearchAction","target":{"@type":"EntryPoint","urlTemplate":"https:\/\/www.ensembleintercontemporain.com\/en\/?s={search_term_string}"},"query-input":{"@type":"PropertyValueSpecification","valueRequired":true,"valueName":"search_term_string"}}],"inLanguage":"fr-FR"},{"@type":"Person","@id":"https:\/\/www.ensembleintercontemporain.com\/en\/#\/schema\/person\/48107c13c3a710fce7444c0061162e28","name":"Andile Khumalo","image":{"@type":"ImageObject","inLanguage":"fr-FR","@id":"https:\/\/secure.gravatar.com\/avatar\/861da498be550e0a060160d5ca018469d261b3fabc8190fbb7f1a372f7eb708a?s=96&d=mm&r=g","url":"https:\/\/secure.gravatar.com\/avatar\/861da498be550e0a060160d5ca018469d261b3fabc8190fbb7f1a372f7eb708a?s=96&d=mm&r=g","contentUrl":"https:\/\/secure.gravatar.com\/avatar\/861da498be550e0a060160d5ca018469d261b3fabc8190fbb7f1a372f7eb708a?s=96&d=mm&r=g","caption":"Andile Khumalo"},"url":"https:\/\/www.ensembleintercontemporain.com\/fr\/author\/akhumalo\/"}]}},"_links":{"self":[{"href":"https:\/\/www.ensembleintercontemporain.com\/fr\/wp-json\/wp\/v2\/posts\/24065\/"}],"collection":[{"href":"https:\/\/www.ensembleintercontemporain.com\/fr\/wp-json\/wp\/v2\/posts\/"}],"about":[{"href":"https:\/\/www.ensembleintercontemporain.com\/fr\/wp-json\/wp\/v2\/types\/post\/"}],"author":[{"embeddable":true,"href":"https:\/\/www.ensembleintercontemporain.com\/fr\/wp-json\/wp\/v2\/users\/208\/"}],"replies":[{"embeddable":true,"href":"https:\/\/www.ensembleintercontemporain.com\/fr\/wp-json\/wp\/v2\/comments\/?post=24065"}],"version-history":[{"count":5,"href":"https:\/\/www.ensembleintercontemporain.com\/fr\/wp-json\/wp\/v2\/posts\/24065\/revisions\/"}],"predecessor-version":[{"id":24274,"href":"https:\/\/www.ensembleintercontemporain.com\/fr\/wp-json\/wp\/v2\/posts\/24065\/revisions\/24274\/"}],"wp:featuredmedia":[{"embeddable":true,"href":"https:\/\/www.ensembleintercontemporain.com\/fr\/wp-json\/wp\/v2\/media\/24066\/"}],"wp:attachment":[{"href":"https:\/\/www.ensembleintercontemporain.com\/fr\/wp-json\/wp\/v2\/media\/?parent=24065"}],"wp:term":[{"taxonomy":"category","embeddable":true,"href":"https:\/\/www.ensembleintercontemporain.com\/fr\/wp-json\/wp\/v2\/categories\/?post=24065"},{"taxonomy":"post_tag","embeddable":true,"href":"https:\/\/www.ensembleintercontemporain.com\/fr\/wp-json\/wp\/v2\/tags\/?post=24065"}],"curies":[{"name":"wp","href":"https:\/\/api.w.org\/{rel}","templated":true}]}}