{"id":23991,"date":"2023-02-08T12:45:37","date_gmt":"2023-02-08T11:45:37","guid":{"rendered":"https:\/\/www.ensembleintercontemporain.com\/?p=23991"},"modified":"2023-02-08T12:45:37","modified_gmt":"2023-02-08T11:45:37","slug":"espace-et-lumiere","status":"publish","type":"post","link":"https:\/\/www.ensembleintercontemporain.com\/fr\/2023\/02\/espace-et-lumiere\/","title":{"rendered":"Espace et lumi\u00e8re."},"content":{"rendered":"<p><span style=\"font-size: 14pt;\"><img loading=\"lazy\" decoding=\"async\" class=\"aligncenter size-full wp-image-23993\" src=\"http:\/\/www.ensembleintercontemporain.com\/content\/uploads\/2023\/02\/eric-soyer-bd.jpg\" alt=\"\" width=\"1920\" height=\"1288\" srcset=\"https:\/\/www.ensembleintercontemporain.com\/content\/uploads\/2023\/02\/eric-soyer-bd.jpg 1920w, https:\/\/www.ensembleintercontemporain.com\/content\/uploads\/2023\/02\/eric-soyer-bd-300x201.jpg 300w, https:\/\/www.ensembleintercontemporain.com\/content\/uploads\/2023\/02\/eric-soyer-bd-1024x687.jpg 1024w, https:\/\/www.ensembleintercontemporain.com\/content\/uploads\/2023\/02\/eric-soyer-bd-768x515.jpg 768w, https:\/\/www.ensembleintercontemporain.com\/content\/uploads\/2023\/02\/eric-soyer-bd-1536x1030.jpg 1536w\" sizes=\"auto, (max-width: 1920px) 100vw, 1920px\" \/><br \/>\n<span style=\"font-size: 12pt; color: #003366;\"><strong><span style=\"font-size: 14pt;\">C<\/span>r\u00e9ateur lumi\u00e8re, \u00c9ric Soyer a multipli\u00e9 les collaborations dans tous les domaines. Citons p\u00eale-m\u00eale : Th\u00e9o Mercier, Nac\u00e9ra Belaza, Thierry Thieu Niang, Ondrej Adameck, Sulayman Al Bassam, Angelin Preljocaj, Maud Le Pladec, Philippe Saire, Sylvain Maurice, Jeanne Added, Jean Paul Gaultier, Zhao Miao, Phia M\u00e9nard, Joss De Paw, Abderrahmane Sissako\u2026 Le <a href=\"https:\/\/www.ensembleintercontemporain.com\/fr\/concert\/un-souffle-de-lumiere-2023-06-09-20h00-paris\/\">9 juin 2023<\/a>, il mettra ses talents au service de l\u2019Ensemble intercontemporain pour une soir\u00e9e empreinte de spiritualit\u00e9 \u00e0 la Cit\u00e9 de la musique, r\u00e9unissant Anton Webern, Kaija Saariaho, Mark Andre et G\u00e9rard Grisey. Il est notre \u00ab Invit\u00e9 \u00bb en ce d\u00e9but d\u2019ann\u00e9e, pour mettre en lumi\u00e8re ses propres processus de cr\u00e9ation.<\/strong><\/span><\/span><\/p>\n<p><span style=\"font-size: 14pt;\"><br \/>\nMa relation au processus de cr\u00e9ation d\u00e9marre par le t\u00e9lescopage des pens\u00e9es jet\u00e9es dans le vide. Elles se mettront en ordre en temps utile. L\u2019espace sc\u00e9nographique est l\u2019\u00e9l\u00e9ment dramaturgique qui, hors d\u2019un contexte fictionnel ou intellectuel, s\u2019adresse aux sens et structure le principe de vision, de perception du spectateur, et l\u2019invite \u00e0 un type d\u2019\u00e9coute au sens large.<\/span><br \/>\n<span style=\"font-size: 14pt;\">Les images sc\u00e9niques surgissent, \u00e0 la mani\u00e8re d\u2019une photographie lorsque le papier est plong\u00e9 dans le bain de r\u00e9v\u00e9lateur. Le terreau est l\u2019imaginaire du spectateur, sa capacit\u00e9 \u00e0 plonger et rassembler le visible comme un tout, avec l\u2019invisible comme ciment. En ce sens mon intuition est la mati\u00e8re premi\u00e8re et ma capacit\u00e9 sensible, le premier filtre de r\u00e9f\u00e9rence pour avancer dans le vide (qui, en musique, serait le silence), et la forme dessine le vide, le mat\u00e9rialise pour le rendre sensible.<\/span><br \/>\n<span style=\"font-size: 14pt;\">L\u2019espace entre deux corps est une chor\u00e9graphie au m\u00eame titre que le corps en mouvement. Nous sommes des \u00eatres profond\u00e9ment photosensibles.<\/span><br \/>\n<span style=\"font-size: 14pt;\">Le temps de la repr\u00e9sentation est une suspension du temps ordinaire\u00a0; une porte qui s\u2019ouvre vers le monde du r\u00eave o\u00f9 la logique du temps r\u00e9el peut \u00eatre boulevers\u00e9e. Construire, d\u00e9construire, recommencer, et toujours donner corps \u00e0 ce r\u00eave de pouvoir fabriquer une r\u00e9alit\u00e9 qui se joue des sens \u2013 voil\u00e0 le moteur d\u2019un jeu in\u00e9puisable. Croire \u00e0 la fiction, rendre tangible les frictions, c\u2019est cr\u00e9er un temps concentr\u00e9 des existences, des exp\u00e9riences humaines \u00e9motives et sensorielles. <\/span><span style=\"font-size: 14pt;\">Les r\u00e8gles de la perception deviennent alors mall\u00e9ables.<\/span><\/p>\n<p><img loading=\"lazy\" decoding=\"async\" class=\"aligncenter wp-image-23996\" src=\"http:\/\/www.ensembleintercontemporain.com\/content\/uploads\/2023\/02\/le-vol-du-boli-1-1024x718.jpg\" alt=\"\" width=\"700\" height=\"490\" srcset=\"https:\/\/www.ensembleintercontemporain.com\/content\/uploads\/2023\/02\/le-vol-du-boli-1-1024x718.jpg 1024w, https:\/\/www.ensembleintercontemporain.com\/content\/uploads\/2023\/02\/le-vol-du-boli-1-300x210.jpg 300w, https:\/\/www.ensembleintercontemporain.com\/content\/uploads\/2023\/02\/le-vol-du-boli-1-768x539.jpg 768w, https:\/\/www.ensembleintercontemporain.com\/content\/uploads\/2023\/02\/le-vol-du-boli-1-1536x1078.jpg 1536w, https:\/\/www.ensembleintercontemporain.com\/content\/uploads\/2023\/02\/le-vol-du-boli-1.jpg 1920w\" sizes=\"auto, (max-width: 700px) 100vw, 700px\" \/><br \/>\n<span style=\"font-size: 14pt;\">Voir ces \u00e9difices se r\u00e9aliser sous nos yeux en temps r\u00e9el fait que cet art est unique. Une partition qui ne reproduit finalement jamais exactement le m\u00eame mouvement mais se r\u00e9invente chaque soir avec parfois des grains de sable qui enrayent la machine. C\u2019est une peinture \u00e9ph\u00e9m\u00e8re grand format avec ses tensions, dont les corps des interpr\u00e8tes sont l\u2019\u00e9picentre. Ces <em>corps<\/em> d\u00e9clencheurs de m\u00e9canismes horlogers, de ch\u00e2teaux de cartes qu\u2019un souffle balaie, respirent les architectures de lumi\u00e8re. Nous utilisons la m\u00e9moire vive du spectateur comme terreau d\u2019une image en construction, dans une tentative d\u2019assembler des fragments pour obtenir une image totale.<\/span><br \/>\n<span style=\"font-size: 14pt;\">Au d\u00e9part \u00e9tait l\u2019espace. Au d\u00e9part est un processus qui ne connait pas sa forme, une \u00e9quation insoluble dans un tableur, un point d\u2019arriv\u00e9e inconnu, travers\u00e9 de flash de certitudes \u00e9ph\u00e9m\u00e8res. Un processus qui questionne les st\u00e9r\u00e9otypes des images pour toucher la mati\u00e8re sensible mall\u00e9able \u00e0 l\u2019envi\u2026 Les outils se transforment, et les aires de jeu s\u2019\u00e9largissent ainsi que le bagage dans lequel puiser plus en profondeur. Et le regard qui interroge le champ des perceptions. Le processus de maturation a sa temporalit\u00e9 insaisissable.<\/span><br \/>\n<span style=\"font-size: 14pt;\">Les exp\u00e9riences s\u2019enrichissent mutuellement et, si chaque pi\u00e8ce est unique et intrins\u00e8quement diff\u00e9rente, mon tout est un sillon. Toujours revenir \u00e0 ces \u00e9motions premi\u00e8res. Le principe d\u2019incertitude, l\u2019accident sont essentiels afin d\u2019ouvrir des failles. Repousser l\u2019instant des d\u00e9cisions pour rester proche de l\u2019\u00e9criture en mouvement, du d\u00e9sir de jouer, de transformer. Pourtant, il s\u2019agit de fixer, mais de ne pas figer, d\u2019\u00e9crire une partition, des partitions, des gammes, d\u2019organiser des palettes, d\u2019\u00e9largir des variations.<\/span><\/p>\n<p><img loading=\"lazy\" decoding=\"async\" class=\"aligncenter wp-image-23998\" src=\"http:\/\/www.ensembleintercontemporain.com\/content\/uploads\/2023\/02\/pinocchio-par-joel-pommerat2-1024x745.jpg\" alt=\"\" width=\"700\" height=\"510\" srcset=\"https:\/\/www.ensembleintercontemporain.com\/content\/uploads\/2023\/02\/pinocchio-par-joel-pommerat2-1024x745.jpg 1024w, https:\/\/www.ensembleintercontemporain.com\/content\/uploads\/2023\/02\/pinocchio-par-joel-pommerat2-300x218.jpg 300w, https:\/\/www.ensembleintercontemporain.com\/content\/uploads\/2023\/02\/pinocchio-par-joel-pommerat2-768x559.jpg 768w, https:\/\/www.ensembleintercontemporain.com\/content\/uploads\/2023\/02\/pinocchio-par-joel-pommerat2-1536x1118.jpg 1536w, https:\/\/www.ensembleintercontemporain.com\/content\/uploads\/2023\/02\/pinocchio-par-joel-pommerat2.jpg 1920w\" sizes=\"auto, (max-width: 700px) 100vw, 700px\" \/><br \/>\n<span style=\"font-size: 14pt;\">L\u2019art sc\u00e9nographique interroge le contenant et le contenu, il s\u2019op\u00e8re dans un espace-temps particulier qui fait une mise en rapport, une mise en abime des imaginaires \u2013imaginaires des cr\u00e9ateurs, des interpr\u00e8tes et des spectateurs.<\/span><br \/>\n<span style=\"font-size: 14pt;\">Le domaine du visible et de l\u2019invisible, du myst\u00e8re de l\u2019inconnu, de tout ce qu\u2019on ne peut pas tout \u00e0 fait d\u00e9terminer \u2013 de ce qui \u00e9chappe \u00e0 la connaissance, \u00e0 la conscience ou \u00e0 la possibilit\u00e9 de conscience \u2013 est une dimension active qui nourrit l\u2019imaginaire.<\/span><br \/>\n<span style=\"font-size: 14pt;\">La lumi\u00e8re que je cr\u00e9e ne cherche pas \u00e0 rendre visible, elle accorde une place \u00e0 cet imaginaire de l\u2019\u0153il. Ce qui m\u2019int\u00e9resse, c\u2019est l\u2019aspect organique de la lumi\u00e8re et de l\u2019ombre. Cette derni\u00e8re est aussi tangible qu\u2019immat\u00e9rielle, elle a ses propri\u00e9t\u00e9s physiques de propagation dans l\u2019air, ses propri\u00e9t\u00e9s physiologiques sur les spectateurs, ses r\u00e8gles, ses grains. Elle se travaille comme la musique, comme le parfum dans l\u2019espace et le temps, elle se compose.<\/span><br \/>\n<span style=\"font-size: 14pt;\">La lumi\u00e8re est une mati\u00e8re qui nous enveloppe et nous traverse. Elle est un \u00e9cho du son, une vibration. Les plans se d\u00e9voilent, se t\u00e9lescopent, s\u2019absorbent, se diluent. Elle est r\u00e9gie par quelques principes simples et demande du temps d\u2019observation, d\u2019exp\u00e9rimentation pour en saisir les infinies possibilit\u00e9s d\u2019assemblage. Elle a ses r\u00e8gles de diffusion dans l\u2019espacee laisse couper, trancher, adoucir, se transforme en permanence au gr\u00e9 des obstacles qu\u2019elle rencontre. Des flammes qui ondoient aux filaments qui rougeoient, aux arcs qui aveuglent, aux LEDs qui aplanissent jusqu\u2019aux lasers qui transpercent, toutes les technologies sont bonnes pour constituer une palette, puis des gammes et, enfin, une partition.<\/span><br \/>\n<span style=\"font-size: 14pt;\">Aiguis\u00e9e comme un couperet ou vaporeuse, la lumi\u00e8re participe activement \u00e0 la construction mentale de la troisi\u00e8me dimension dans ces r\u00e9partitions de l\u2019ombre. Par ses transformations, elle d\u00e9finit le rapport au temps, charrie ses myst\u00e8res, se joue de nos sens.<\/span><\/p>\n","protected":false},"excerpt":{"rendered":"<p>Cr\u00e9ateur lumi\u00e8re, \u00c9ric Soyer a multipli\u00e9 les collaborations dans tous les domaines. Le 9 juin 2023, il mettra ses talents au service de l\u2019Ensemble intercontemporain pour une soir\u00e9e empreinte de spiritualit\u00e9 \u00e0 la Cit\u00e9 de la musique. Il est notre \u00ab Invit\u00e9 \u00bb en ce d\u00e9but d\u2019ann\u00e9e, pour mettre en lumi\u00e8re ses propres processus de cr\u00e9ation.<\/p>\n","protected":false},"author":205,"featured_media":23993,"comment_status":"closed","ping_status":"closed","sticky":false,"template":"","format":"standard","meta":{"_acf_changed":false,"footnotes":""},"categories":[1151],"tags":[],"class_list":["post-23991","post","type-post","status-publish","format-standard","has-post-thumbnail","hentry","category-linvite"],"acf":[],"yoast_head":"<!-- This site is optimized with the Yoast SEO plugin v27.4 - https:\/\/yoast.com\/product\/yoast-seo-wordpress\/ -->\n<title>Espace et lumi\u00e8re. - Ensemble intercontemporain<\/title>\n<meta name=\"robots\" content=\"index, follow, max-snippet:-1, max-image-preview:large, max-video-preview:-1\" \/>\n<link rel=\"canonical\" href=\"https:\/\/www.ensembleintercontemporain.com\/fr\/2023\/02\/espace-et-lumiere\/\" \/>\n<meta property=\"og:locale\" content=\"fr_FR\" \/>\n<meta property=\"og:type\" content=\"article\" \/>\n<meta property=\"og:title\" content=\"Espace et lumi\u00e8re. - Ensemble intercontemporain\" \/>\n<meta property=\"og:description\" content=\"Cr\u00e9ateur lumi\u00e8re, \u00c9ric Soyer a multipli\u00e9 les collaborations dans tous les domaines. Le 9 juin 2023, il mettra ses talents au service de l\u2019Ensemble intercontemporain pour une soir\u00e9e empreinte de spiritualit\u00e9 \u00e0 la Cit\u00e9 de la musique. Il est notre \u00ab Invit\u00e9 \u00bb en ce d\u00e9but d\u2019ann\u00e9e, pour mettre en lumi\u00e8re ses propres processus de cr\u00e9ation.\" \/>\n<meta property=\"og:url\" content=\"https:\/\/www.ensembleintercontemporain.com\/fr\/2023\/02\/espace-et-lumiere\/\" \/>\n<meta property=\"og:site_name\" content=\"Ensemble intercontemporain\" \/>\n<meta property=\"article:published_time\" content=\"2023-02-08T11:45:37+00:00\" \/>\n<meta property=\"og:image\" content=\"http:\/\/www.ensembleintercontemporain.com\/content\/uploads\/2023\/02\/eric-soyer-bd.jpg\" \/>\n\t<meta property=\"og:image:width\" content=\"1920\" \/>\n\t<meta property=\"og:image:height\" content=\"1288\" \/>\n\t<meta property=\"og:image:type\" content=\"image\/jpeg\" \/>\n<meta name=\"author\" content=\"Eric Soyer\" \/>\n<meta name=\"twitter:card\" content=\"summary_large_image\" \/>\n<meta name=\"twitter:label1\" content=\"\u00c9crit par\" \/>\n\t<meta name=\"twitter:data1\" content=\"Eric Soyer\" \/>\n\t<meta name=\"twitter:label2\" content=\"Dur\u00e9e de lecture estim\u00e9e\" \/>\n\t<meta name=\"twitter:data2\" content=\"6 minutes\" \/>\n<script type=\"application\/ld+json\" class=\"yoast-schema-graph\">{\"@context\":\"https:\\\/\\\/schema.org\",\"@graph\":[{\"@type\":\"Article\",\"@id\":\"https:\\\/\\\/www.ensembleintercontemporain.com\\\/fr\\\/2023\\\/02\\\/espace-et-lumiere\\\/#article\",\"isPartOf\":{\"@id\":\"https:\\\/\\\/www.ensembleintercontemporain.com\\\/fr\\\/2023\\\/02\\\/espace-et-lumiere\\\/\"},\"author\":{\"name\":\"Eric Soyer\",\"@id\":\"https:\\\/\\\/www.ensembleintercontemporain.com\\\/en\\\/#\\\/schema\\\/person\\\/b9979a9fd864694e8986c591a7ee046b\"},\"headline\":\"Espace et lumi\u00e8re.\",\"datePublished\":\"2023-02-08T11:45:37+00:00\",\"mainEntityOfPage\":{\"@id\":\"https:\\\/\\\/www.ensembleintercontemporain.com\\\/fr\\\/2023\\\/02\\\/espace-et-lumiere\\\/\"},\"wordCount\":1050,\"image\":{\"@id\":\"https:\\\/\\\/www.ensembleintercontemporain.com\\\/fr\\\/2023\\\/02\\\/espace-et-lumiere\\\/#primaryimage\"},\"thumbnailUrl\":\"https:\\\/\\\/www.ensembleintercontemporain.com\\\/content\\\/uploads\\\/2023\\\/02\\\/eric-soyer-bd.jpg\",\"articleSection\":[\"L'invit\u00e9.e\"],\"inLanguage\":\"fr-FR\"},{\"@type\":\"WebPage\",\"@id\":\"https:\\\/\\\/www.ensembleintercontemporain.com\\\/fr\\\/2023\\\/02\\\/espace-et-lumiere\\\/\",\"url\":\"https:\\\/\\\/www.ensembleintercontemporain.com\\\/fr\\\/2023\\\/02\\\/espace-et-lumiere\\\/\",\"name\":\"Espace et lumi\u00e8re. - Ensemble intercontemporain\",\"isPartOf\":{\"@id\":\"https:\\\/\\\/www.ensembleintercontemporain.com\\\/en\\\/#website\"},\"primaryImageOfPage\":{\"@id\":\"https:\\\/\\\/www.ensembleintercontemporain.com\\\/fr\\\/2023\\\/02\\\/espace-et-lumiere\\\/#primaryimage\"},\"image\":{\"@id\":\"https:\\\/\\\/www.ensembleintercontemporain.com\\\/fr\\\/2023\\\/02\\\/espace-et-lumiere\\\/#primaryimage\"},\"thumbnailUrl\":\"https:\\\/\\\/www.ensembleintercontemporain.com\\\/content\\\/uploads\\\/2023\\\/02\\\/eric-soyer-bd.jpg\",\"datePublished\":\"2023-02-08T11:45:37+00:00\",\"author\":{\"@id\":\"https:\\\/\\\/www.ensembleintercontemporain.com\\\/en\\\/#\\\/schema\\\/person\\\/b9979a9fd864694e8986c591a7ee046b\"},\"breadcrumb\":{\"@id\":\"https:\\\/\\\/www.ensembleintercontemporain.com\\\/fr\\\/2023\\\/02\\\/espace-et-lumiere\\\/#breadcrumb\"},\"inLanguage\":\"fr-FR\",\"potentialAction\":[{\"@type\":\"ReadAction\",\"target\":[\"https:\\\/\\\/www.ensembleintercontemporain.com\\\/fr\\\/2023\\\/02\\\/espace-et-lumiere\\\/\"]}]},{\"@type\":\"ImageObject\",\"inLanguage\":\"fr-FR\",\"@id\":\"https:\\\/\\\/www.ensembleintercontemporain.com\\\/fr\\\/2023\\\/02\\\/espace-et-lumiere\\\/#primaryimage\",\"url\":\"https:\\\/\\\/www.ensembleintercontemporain.com\\\/content\\\/uploads\\\/2023\\\/02\\\/eric-soyer-bd.jpg\",\"contentUrl\":\"https:\\\/\\\/www.ensembleintercontemporain.com\\\/content\\\/uploads\\\/2023\\\/02\\\/eric-soyer-bd.jpg\",\"width\":1920,\"height\":1288,\"caption\":\"\"},{\"@type\":\"BreadcrumbList\",\"@id\":\"https:\\\/\\\/www.ensembleintercontemporain.com\\\/fr\\\/2023\\\/02\\\/espace-et-lumiere\\\/#breadcrumb\",\"itemListElement\":[{\"@type\":\"ListItem\",\"position\":1,\"name\":\"Home\",\"item\":\"https:\\\/\\\/www.ensembleintercontemporain.com\\\/fr\\\/\"},{\"@type\":\"ListItem\",\"position\":2,\"name\":\"Espace et lumi\u00e8re.\"}]},{\"@type\":\"WebSite\",\"@id\":\"https:\\\/\\\/www.ensembleintercontemporain.com\\\/en\\\/#website\",\"url\":\"https:\\\/\\\/www.ensembleintercontemporain.com\\\/en\\\/\",\"name\":\"Ensemble intercontemporain\",\"description\":\"\",\"potentialAction\":[{\"@type\":\"SearchAction\",\"target\":{\"@type\":\"EntryPoint\",\"urlTemplate\":\"https:\\\/\\\/www.ensembleintercontemporain.com\\\/en\\\/?s={search_term_string}\"},\"query-input\":{\"@type\":\"PropertyValueSpecification\",\"valueRequired\":true,\"valueName\":\"search_term_string\"}}],\"inLanguage\":\"fr-FR\"},{\"@type\":\"Person\",\"@id\":\"https:\\\/\\\/www.ensembleintercontemporain.com\\\/en\\\/#\\\/schema\\\/person\\\/b9979a9fd864694e8986c591a7ee046b\",\"name\":\"Eric Soyer\",\"image\":{\"@type\":\"ImageObject\",\"inLanguage\":\"fr-FR\",\"@id\":\"https:\\\/\\\/secure.gravatar.com\\\/avatar\\\/ae02a72b5ee2de455edee466c8e809809890305acd6cda6bf48f88bd1d081b19?s=96&d=mm&r=g\",\"url\":\"https:\\\/\\\/secure.gravatar.com\\\/avatar\\\/ae02a72b5ee2de455edee466c8e809809890305acd6cda6bf48f88bd1d081b19?s=96&d=mm&r=g\",\"contentUrl\":\"https:\\\/\\\/secure.gravatar.com\\\/avatar\\\/ae02a72b5ee2de455edee466c8e809809890305acd6cda6bf48f88bd1d081b19?s=96&d=mm&r=g\",\"caption\":\"Eric Soyer\"},\"url\":\"https:\\\/\\\/www.ensembleintercontemporain.com\\\/fr\\\/author\\\/esoyer\\\/\"}]}<\/script>\n<!-- \/ Yoast SEO plugin. -->","yoast_head_json":{"title":"Espace et lumi\u00e8re. - Ensemble intercontemporain","robots":{"index":"index","follow":"follow","max-snippet":"max-snippet:-1","max-image-preview":"max-image-preview:large","max-video-preview":"max-video-preview:-1"},"canonical":"https:\/\/www.ensembleintercontemporain.com\/fr\/2023\/02\/espace-et-lumiere\/","og_locale":"fr_FR","og_type":"article","og_title":"Espace et lumi\u00e8re. - Ensemble intercontemporain","og_description":"Cr\u00e9ateur lumi\u00e8re, \u00c9ric Soyer a multipli\u00e9 les collaborations dans tous les domaines. Le 9 juin 2023, il mettra ses talents au service de l\u2019Ensemble intercontemporain pour une soir\u00e9e empreinte de spiritualit\u00e9 \u00e0 la Cit\u00e9 de la musique. Il est notre \u00ab Invit\u00e9 \u00bb en ce d\u00e9but d\u2019ann\u00e9e, pour mettre en lumi\u00e8re ses propres processus de cr\u00e9ation.","og_url":"https:\/\/www.ensembleintercontemporain.com\/fr\/2023\/02\/espace-et-lumiere\/","og_site_name":"Ensemble intercontemporain","article_published_time":"2023-02-08T11:45:37+00:00","og_image":[{"width":1920,"height":1288,"url":"http:\/\/www.ensembleintercontemporain.com\/content\/uploads\/2023\/02\/eric-soyer-bd.jpg","type":"image\/jpeg"}],"author":"Eric Soyer","twitter_card":"summary_large_image","twitter_misc":{"\u00c9crit par":"Eric Soyer","Dur\u00e9e de lecture estim\u00e9e":"6 minutes"},"schema":{"@context":"https:\/\/schema.org","@graph":[{"@type":"Article","@id":"https:\/\/www.ensembleintercontemporain.com\/fr\/2023\/02\/espace-et-lumiere\/#article","isPartOf":{"@id":"https:\/\/www.ensembleintercontemporain.com\/fr\/2023\/02\/espace-et-lumiere\/"},"author":{"name":"Eric Soyer","@id":"https:\/\/www.ensembleintercontemporain.com\/en\/#\/schema\/person\/b9979a9fd864694e8986c591a7ee046b"},"headline":"Espace et lumi\u00e8re.","datePublished":"2023-02-08T11:45:37+00:00","mainEntityOfPage":{"@id":"https:\/\/www.ensembleintercontemporain.com\/fr\/2023\/02\/espace-et-lumiere\/"},"wordCount":1050,"image":{"@id":"https:\/\/www.ensembleintercontemporain.com\/fr\/2023\/02\/espace-et-lumiere\/#primaryimage"},"thumbnailUrl":"https:\/\/www.ensembleintercontemporain.com\/content\/uploads\/2023\/02\/eric-soyer-bd.jpg","articleSection":["L'invit\u00e9.e"],"inLanguage":"fr-FR"},{"@type":"WebPage","@id":"https:\/\/www.ensembleintercontemporain.com\/fr\/2023\/02\/espace-et-lumiere\/","url":"https:\/\/www.ensembleintercontemporain.com\/fr\/2023\/02\/espace-et-lumiere\/","name":"Espace et lumi\u00e8re. - Ensemble intercontemporain","isPartOf":{"@id":"https:\/\/www.ensembleintercontemporain.com\/en\/#website"},"primaryImageOfPage":{"@id":"https:\/\/www.ensembleintercontemporain.com\/fr\/2023\/02\/espace-et-lumiere\/#primaryimage"},"image":{"@id":"https:\/\/www.ensembleintercontemporain.com\/fr\/2023\/02\/espace-et-lumiere\/#primaryimage"},"thumbnailUrl":"https:\/\/www.ensembleintercontemporain.com\/content\/uploads\/2023\/02\/eric-soyer-bd.jpg","datePublished":"2023-02-08T11:45:37+00:00","author":{"@id":"https:\/\/www.ensembleintercontemporain.com\/en\/#\/schema\/person\/b9979a9fd864694e8986c591a7ee046b"},"breadcrumb":{"@id":"https:\/\/www.ensembleintercontemporain.com\/fr\/2023\/02\/espace-et-lumiere\/#breadcrumb"},"inLanguage":"fr-FR","potentialAction":[{"@type":"ReadAction","target":["https:\/\/www.ensembleintercontemporain.com\/fr\/2023\/02\/espace-et-lumiere\/"]}]},{"@type":"ImageObject","inLanguage":"fr-FR","@id":"https:\/\/www.ensembleintercontemporain.com\/fr\/2023\/02\/espace-et-lumiere\/#primaryimage","url":"https:\/\/www.ensembleintercontemporain.com\/content\/uploads\/2023\/02\/eric-soyer-bd.jpg","contentUrl":"https:\/\/www.ensembleintercontemporain.com\/content\/uploads\/2023\/02\/eric-soyer-bd.jpg","width":1920,"height":1288,"caption":""},{"@type":"BreadcrumbList","@id":"https:\/\/www.ensembleintercontemporain.com\/fr\/2023\/02\/espace-et-lumiere\/#breadcrumb","itemListElement":[{"@type":"ListItem","position":1,"name":"Home","item":"https:\/\/www.ensembleintercontemporain.com\/fr\/"},{"@type":"ListItem","position":2,"name":"Espace et lumi\u00e8re."}]},{"@type":"WebSite","@id":"https:\/\/www.ensembleintercontemporain.com\/en\/#website","url":"https:\/\/www.ensembleintercontemporain.com\/en\/","name":"Ensemble intercontemporain","description":"","potentialAction":[{"@type":"SearchAction","target":{"@type":"EntryPoint","urlTemplate":"https:\/\/www.ensembleintercontemporain.com\/en\/?s={search_term_string}"},"query-input":{"@type":"PropertyValueSpecification","valueRequired":true,"valueName":"search_term_string"}}],"inLanguage":"fr-FR"},{"@type":"Person","@id":"https:\/\/www.ensembleintercontemporain.com\/en\/#\/schema\/person\/b9979a9fd864694e8986c591a7ee046b","name":"Eric Soyer","image":{"@type":"ImageObject","inLanguage":"fr-FR","@id":"https:\/\/secure.gravatar.com\/avatar\/ae02a72b5ee2de455edee466c8e809809890305acd6cda6bf48f88bd1d081b19?s=96&d=mm&r=g","url":"https:\/\/secure.gravatar.com\/avatar\/ae02a72b5ee2de455edee466c8e809809890305acd6cda6bf48f88bd1d081b19?s=96&d=mm&r=g","contentUrl":"https:\/\/secure.gravatar.com\/avatar\/ae02a72b5ee2de455edee466c8e809809890305acd6cda6bf48f88bd1d081b19?s=96&d=mm&r=g","caption":"Eric Soyer"},"url":"https:\/\/www.ensembleintercontemporain.com\/fr\/author\/esoyer\/"}]}},"_links":{"self":[{"href":"https:\/\/www.ensembleintercontemporain.com\/fr\/wp-json\/wp\/v2\/posts\/23991\/"}],"collection":[{"href":"https:\/\/www.ensembleintercontemporain.com\/fr\/wp-json\/wp\/v2\/posts\/"}],"about":[{"href":"https:\/\/www.ensembleintercontemporain.com\/fr\/wp-json\/wp\/v2\/types\/post\/"}],"author":[{"embeddable":true,"href":"https:\/\/www.ensembleintercontemporain.com\/fr\/wp-json\/wp\/v2\/users\/205\/"}],"replies":[{"embeddable":true,"href":"https:\/\/www.ensembleintercontemporain.com\/fr\/wp-json\/wp\/v2\/comments\/?post=23991"}],"version-history":[{"count":9,"href":"https:\/\/www.ensembleintercontemporain.com\/fr\/wp-json\/wp\/v2\/posts\/23991\/revisions\/"}],"predecessor-version":[{"id":24060,"href":"https:\/\/www.ensembleintercontemporain.com\/fr\/wp-json\/wp\/v2\/posts\/23991\/revisions\/24060\/"}],"wp:featuredmedia":[{"embeddable":true,"href":"https:\/\/www.ensembleintercontemporain.com\/fr\/wp-json\/wp\/v2\/media\/23993\/"}],"wp:attachment":[{"href":"https:\/\/www.ensembleintercontemporain.com\/fr\/wp-json\/wp\/v2\/media\/?parent=23991"}],"wp:term":[{"taxonomy":"category","embeddable":true,"href":"https:\/\/www.ensembleintercontemporain.com\/fr\/wp-json\/wp\/v2\/categories\/?post=23991"},{"taxonomy":"post_tag","embeddable":true,"href":"https:\/\/www.ensembleintercontemporain.com\/fr\/wp-json\/wp\/v2\/tags\/?post=23991"}],"curies":[{"name":"wp","href":"https:\/\/api.w.org\/{rel}","templated":true}]}}