{"id":23736,"date":"2022-12-19T11:00:41","date_gmt":"2022-12-19T10:00:41","guid":{"rendered":"https:\/\/www.ensembleintercontemporain.com\/?p=23736"},"modified":"2022-12-19T16:59:00","modified_gmt":"2022-12-19T15:59:00","slug":"edgard-varese-deserts-2","status":"publish","type":"post","link":"https:\/\/www.ensembleintercontemporain.com\/fr\/2022\/12\/edgard-varese-deserts-2\/","title":{"rendered":"Edgard Var\u00e8se : \u00ab\u00a0D\u00e9serts\u00a0\u00bb."},"content":{"rendered":"<p><span style=\"font-size: 14pt;\"><img loading=\"lazy\" decoding=\"async\" class=\"aligncenter size-full wp-image-23737\" src=\"http:\/\/www.ensembleintercontemporain.com\/content\/uploads\/2022\/12\/varese-desert-santa-fe-nb.jpg\" alt=\"\" width=\"1920\" height=\"1313\" srcset=\"https:\/\/www.ensembleintercontemporain.com\/content\/uploads\/2022\/12\/varese-desert-santa-fe-nb.jpg 1920w, https:\/\/www.ensembleintercontemporain.com\/content\/uploads\/2022\/12\/varese-desert-santa-fe-nb-300x205.jpg 300w, https:\/\/www.ensembleintercontemporain.com\/content\/uploads\/2022\/12\/varese-desert-santa-fe-nb-1024x700.jpg 1024w, https:\/\/www.ensembleintercontemporain.com\/content\/uploads\/2022\/12\/varese-desert-santa-fe-nb-768x525.jpg 768w, https:\/\/www.ensembleintercontemporain.com\/content\/uploads\/2022\/12\/varese-desert-santa-fe-nb-1536x1050.jpg 1536w\" sizes=\"auto, (max-width: 1920px) 100vw, 1920px\" \/><\/span><\/p>\n<p><span style=\"color: #003366;\"><strong><span style=\"font-size: 18pt;\">P<\/span>resque 70 ans apr\u00e8s sa cr\u00e9ation chahut\u00e9e au Th\u00e9\u00e2tre des Champs-\u00c9lys\u00e9es en 1954, <em>D\u00e9serts <\/em>d\u2019Edgard Var\u00e8se reste encore aujourd\u2019hui une \u0153uvre radicale d\u2019une puissance fulgurante. Le public parisien pourra d\u2019ailleurs le constater le<a href=\"https:\/\/www.ensembleintercontemporain.com\/fr\/concert\/deserts-2023-01-22-16h00-paris\/\"> 22 janvier \u00e0 la Philharmonie de Paris<\/a>. <em>D\u00e9serts <\/em>sera en outre jou\u00e9e avec le film que le vid\u00e9aste am\u00e9ricain Bill Viola r\u00e9alisa sp\u00e9cialement pour l\u2019\u0153uvre en 1994.<\/strong><\/span><\/p>\n<p><span style=\"font-size: 14pt;\"><br \/>\nParticipant d\u2019une recherche inlassable \u00ab\u00a0d\u2019instruments qui aient une voix plus conforme \u00e0 notre \u00e9poque\u00a0\u00bb,<em> D\u00e9serts <\/em>d\u2019Edgard Var\u00e8se est le dernier avatar d\u2019une pi\u00e8ce qui en a connu de nombreux, sous les titres successifs de <em>l&rsquo;Astronome<\/em> puis <em>The One All Alone,<\/em> pi\u00e8ce de th\u00e9\u00e2tre musical spectaculaire de science-fiction en 1928, ou encore <em>Espace<\/em> \u2014 dont une <em>\u00c9tude<\/em>, pour deux pianos, percussions et ch\u0153ur, voit le jour en 1947.<\/span><\/p>\n<p><span style=\"font-size: 14pt;\">Cependant, en 1949, Var\u00e8se d\u00e9cide de reprendre ses plans pour <em>Espace<\/em> et d\u2019incorporer dans une nouvelle \u0153uvre, <em>D\u00e9serts<\/em>, les esquisses r\u00e9alis\u00e9es \u00e0 cet effet. Il ach\u00e8ve les parties instrumentales de <em>D\u00e9serts<\/em> en 1952. La m\u00eame ann\u00e9e, il re\u00e7oit en cadeau un enregistreur \u00e0 bande, et part \u00e0 New York faire des enregistrements pour ce qu\u2019il appelle les \u2018interpolations\u2019 dans <em>D\u00e9serts<\/em>. Celles-ci peuvent \u00eatre jou\u00e9es en alternance avec les parties instrumentales.<\/span><\/p>\n<p><span style=\"font-size: 14pt;\">La premi\u00e8re interpolation est d\u00e9j\u00e0 achev\u00e9e lorsque, en 1954, Var\u00e8se retourne \u00e0 Paris \u00e0 l\u2019invitation du <em>Club d&rsquo;essai<\/em> de la radio fran\u00e7aise afin de terminer (avec l\u2019aide de Pierre Henry) son travail sur les interpolations. Hermann Scherchen en dirige la premi\u00e8re ex\u00e9cution \u00e0 Paris. Cette ex\u00e9cution, en 1954, suscite de vives r\u00e9actions. Ce n\u2019est que lors de la deuxi\u00e8me ex\u00e9cution \u00e0 Hambourg \u2013 dirig\u00e9e par Bruno Maderna, et \u00e0 laquelle assiste Karlheinz Stockhausen \u2014 que <em>D\u00e9serts<\/em> est re\u00e7u favorablement.<\/span><\/p>\n<p><span style=\"font-size: 14pt;\">Initialement, les interpolations \u00e9taient enregistr\u00e9es en mono, mais pour les enregistrements de <em>D\u00e9serts <\/em>que Robert Craft r\u00e9alise (notamment) en 1960 pour Columbia Records, une version st\u00e9r\u00e9o est cr\u00e9\u00e9e. En 1965, Var\u00e8se donne cette version au compositeur turc \u0130lhan Mimaro\u011flu, en lui expliquant que les interpolations peuvent \u00e9galement \u00eatre ex\u00e9cut\u00e9es en tant qu\u2019\u0153uvre \u00e9lectronique ind\u00e9pendante (tout comme on peut omettre la bande sonore dans <em>D\u00e9serts<\/em>). Jusqu\u2019\u00e0 sa mort, en 1965, Var\u00e8se continuera de modifier les interpolations.<\/span><\/p>\n<p><span style=\"font-size: 14pt;\">Dans plusieurs interviews, Var\u00e8se a d\u00e9clar\u00e9 que <em>D\u00e9serts<\/em> incluait des images film\u00e9es, pour lesquelles il tenta de susciter l\u2019int\u00e9r\u00eat de Walt Disney\u00a0: \u00ab\u00a0L\u2019id\u00e9e de ce projet est de produire un film d\u2019une conception nouvelle<img loading=\"lazy\" decoding=\"async\" class=\"alignright size-full wp-image-23742\" src=\"http:\/\/www.ensembleintercontemporain.com\/content\/uploads\/2022\/12\/deser-varese-bd.jpg\" alt=\"\" width=\"400\" height=\"559\" srcset=\"https:\/\/www.ensembleintercontemporain.com\/content\/uploads\/2022\/12\/deser-varese-bd.jpg 400w, https:\/\/www.ensembleintercontemporain.com\/content\/uploads\/2022\/12\/deser-varese-bd-215x300.jpg 215w\" sizes=\"auto, (max-width: 400px) 100vw, 400px\" \/> dans sa relation entre les images et le son. (\u2026) Par d\u00e9sert, il faut entendre tous les d\u00e9serts\u00a0: d\u00e9serts de la terre (sable, neige, montagnes), d\u00e9serts de la mer, d\u00e9serts du ciel (n\u00e9buleuses, galaxies, etc.), et d\u00e9serts de l\u2019esprit humain. (\u2026) Pour la r\u00e9alisation de mon projet, la partition sera \u00e9crite en premier, puis r\u00e9p\u00e9t\u00e9e et enregistr\u00e9e sur la bande son. (\u2026) La dynamique, la tension, les rythmes (ou plut\u00f4t LE RYTHME, \u00e9l\u00e9ment de stabilit\u00e9) seront bien entendu calcul\u00e9s avec l\u2019enti\u00e8ret\u00e9 du film \u00e0 l\u2019esprit. Le directeur de la photographie se familiarisera avec la partition de mani\u00e8re approfondie. (\u2026) Les images de terre, de ciel et d\u2019eau seront film\u00e9es dans les d\u00e9serts am\u00e9ricains\u00a0: Californie (Vall\u00e9e de la Mort), Nouveau-Mexique, Arizona, Utah, Alaska\u00a0: d\u00e9serts de sable, \u00e9tendues d\u2019eau isol\u00e9es, solitudes de neige, gorges d\u00e9sertes et escarp\u00e9es, routes abandonn\u00e9es, villes-fant\u00f4mes, etc. Pour les galaxies d\u2019\u00e9toiles, les n\u00e9buleuses, les montagnes lunaires, on pourrait utiliser des photographies existantes. Cam\u00e9ra\u00a0: 35 millim\u00e8tres, noir et blanc, infrarouge, (couleur si c\u2019est souhaitable,) t\u00e9lescopique. L\u2019ensemble doit \u00e9voquer un sentiment d\u2019intemporalit\u00e9, de l\u00e9gende, de fantasmagorie dantesque et apocalyptique.\u00a0\u00bb<\/span><\/p>\n<p><span style=\"font-size: 14pt;\">Tout bien consid\u00e9r\u00e9, la proposition que fit Le Corbusier \u00e0 Var\u00e8se, en 1958, de cr\u00e9er, \u00e0 l\u2019invitation de Philips, un po\u00e8me \u00e9lectronique \u00e0 l\u2019aide des derniers \u00e9quipements technologiques du moment, venait \u00e0 point nomm\u00e9.<\/span><\/p>\n<p>Photos &#8211; DR<\/p>\n","protected":false},"excerpt":{"rendered":"<p>Presque 70 ans apr\u00e8s sa cr\u00e9ation chahut\u00e9e au Th\u00e9\u00e2tre des Champs-\u00c9lys\u00e9es en 1954, \u00ab\u00a0D\u00e9serts\u00a0\u00bb d\u2019Edgard Var\u00e8se reste encore aujourd\u2019hui une \u0153uvre radicale d\u2019une puissance fulgurante. Le public parisien pourra d\u2019ailleurs le constater le 22 janvier \u00e0 la Philharmonie de Paris. \u00ab\u00a0D\u00e9serts\u00a0\u00bb sera en outre jou\u00e9e avec le film que le vid\u00e9aste am\u00e9ricain Bill Viola r\u00e9alisa sp\u00e9cialement pour l\u2019\u0153uvre en 1994.<\/p>\n","protected":false},"author":201,"featured_media":23737,"comment_status":"closed","ping_status":"closed","sticky":false,"template":"","format":"standard","meta":{"_acf_changed":false,"footnotes":""},"categories":[10],"tags":[170],"class_list":["post-23736","post","type-post","status-publish","format-standard","has-post-thumbnail","hentry","category-grand-angle","tag-edgard-varese","concert-deserts"],"acf":[],"yoast_head":"<!-- This site is optimized with the Yoast SEO plugin v27.5 - https:\/\/yoast.com\/product\/yoast-seo-wordpress\/ -->\n<title>Edgard Var\u00e8se : &quot;D\u00e9serts&quot;. - Ensemble intercontemporain<\/title>\n<meta name=\"robots\" content=\"index, follow, max-snippet:-1, max-image-preview:large, max-video-preview:-1\" \/>\n<link rel=\"canonical\" href=\"https:\/\/www.ensembleintercontemporain.com\/fr\/2022\/12\/edgard-varese-deserts-2\/\" \/>\n<meta property=\"og:locale\" content=\"fr_FR\" \/>\n<meta property=\"og:type\" content=\"article\" \/>\n<meta property=\"og:title\" content=\"Edgard Var\u00e8se : &quot;D\u00e9serts&quot;. - Ensemble intercontemporain\" \/>\n<meta property=\"og:description\" content=\"Presque 70 ans apr\u00e8s sa cr\u00e9ation chahut\u00e9e au Th\u00e9\u00e2tre des Champs-\u00c9lys\u00e9es en 1954, &quot;D\u00e9serts&quot; d\u2019Edgard Var\u00e8se reste encore aujourd\u2019hui une \u0153uvre radicale d\u2019une puissance fulgurante. Le public parisien pourra d\u2019ailleurs le constater le 22 janvier \u00e0 la Philharmonie de Paris. &quot;D\u00e9serts&quot; sera en outre jou\u00e9e avec le film que le vid\u00e9aste am\u00e9ricain Bill Viola r\u00e9alisa sp\u00e9cialement pour l\u2019\u0153uvre en 1994.\" \/>\n<meta property=\"og:url\" content=\"https:\/\/www.ensembleintercontemporain.com\/fr\/2022\/12\/edgard-varese-deserts-2\/\" \/>\n<meta property=\"og:site_name\" content=\"Ensemble intercontemporain\" \/>\n<meta property=\"article:published_time\" content=\"2022-12-19T10:00:41+00:00\" \/>\n<meta property=\"article:modified_time\" content=\"2022-12-19T15:59:00+00:00\" \/>\n<meta property=\"og:image\" content=\"http:\/\/www.ensembleintercontemporain.com\/content\/uploads\/2022\/12\/varese-desert-santa-fe-nb.jpg\" \/>\n\t<meta property=\"og:image:width\" content=\"1920\" \/>\n\t<meta property=\"og:image:height\" content=\"1313\" \/>\n\t<meta property=\"og:image:type\" content=\"image\/jpeg\" \/>\n<meta name=\"author\" content=\"Willem Herring\" \/>\n<meta name=\"twitter:card\" content=\"summary_large_image\" \/>\n<meta name=\"twitter:label1\" content=\"\u00c9crit par\" \/>\n\t<meta name=\"twitter:data1\" content=\"Willem Herring\" \/>\n\t<meta name=\"twitter:label2\" content=\"Dur\u00e9e de lecture estim\u00e9e\" \/>\n\t<meta name=\"twitter:data2\" content=\"4 minutes\" \/>\n<script type=\"application\/ld+json\" class=\"yoast-schema-graph\">{\"@context\":\"https:\\\/\\\/schema.org\",\"@graph\":[{\"@type\":\"Article\",\"@id\":\"https:\\\/\\\/www.ensembleintercontemporain.com\\\/fr\\\/2022\\\/12\\\/edgard-varese-deserts-2\\\/#article\",\"isPartOf\":{\"@id\":\"https:\\\/\\\/www.ensembleintercontemporain.com\\\/fr\\\/2022\\\/12\\\/edgard-varese-deserts-2\\\/\"},\"author\":{\"name\":\"Willem Herring\",\"@id\":\"https:\\\/\\\/www.ensembleintercontemporain.com\\\/en\\\/#\\\/schema\\\/person\\\/ddb8312b21e9a883a1bcf5f0a3d241ac\"},\"headline\":\"Edgard Var\u00e8se : \u00ab\u00a0D\u00e9serts\u00a0\u00bb.\",\"datePublished\":\"2022-12-19T10:00:41+00:00\",\"dateModified\":\"2022-12-19T15:59:00+00:00\",\"mainEntityOfPage\":{\"@id\":\"https:\\\/\\\/www.ensembleintercontemporain.com\\\/fr\\\/2022\\\/12\\\/edgard-varese-deserts-2\\\/\"},\"wordCount\":700,\"image\":{\"@id\":\"https:\\\/\\\/www.ensembleintercontemporain.com\\\/fr\\\/2022\\\/12\\\/edgard-varese-deserts-2\\\/#primaryimage\"},\"thumbnailUrl\":\"https:\\\/\\\/www.ensembleintercontemporain.com\\\/content\\\/uploads\\\/2022\\\/12\\\/varese-desert-santa-fe-nb.jpg\",\"keywords\":[\"Edgard Var\u00e8se\"],\"articleSection\":[\"Grand Angle\"],\"inLanguage\":\"fr-FR\"},{\"@type\":\"WebPage\",\"@id\":\"https:\\\/\\\/www.ensembleintercontemporain.com\\\/fr\\\/2022\\\/12\\\/edgard-varese-deserts-2\\\/\",\"url\":\"https:\\\/\\\/www.ensembleintercontemporain.com\\\/fr\\\/2022\\\/12\\\/edgard-varese-deserts-2\\\/\",\"name\":\"Edgard Var\u00e8se : \\\"D\u00e9serts\\\". - Ensemble intercontemporain\",\"isPartOf\":{\"@id\":\"https:\\\/\\\/www.ensembleintercontemporain.com\\\/en\\\/#website\"},\"primaryImageOfPage\":{\"@id\":\"https:\\\/\\\/www.ensembleintercontemporain.com\\\/fr\\\/2022\\\/12\\\/edgard-varese-deserts-2\\\/#primaryimage\"},\"image\":{\"@id\":\"https:\\\/\\\/www.ensembleintercontemporain.com\\\/fr\\\/2022\\\/12\\\/edgard-varese-deserts-2\\\/#primaryimage\"},\"thumbnailUrl\":\"https:\\\/\\\/www.ensembleintercontemporain.com\\\/content\\\/uploads\\\/2022\\\/12\\\/varese-desert-santa-fe-nb.jpg\",\"datePublished\":\"2022-12-19T10:00:41+00:00\",\"dateModified\":\"2022-12-19T15:59:00+00:00\",\"author\":{\"@id\":\"https:\\\/\\\/www.ensembleintercontemporain.com\\\/en\\\/#\\\/schema\\\/person\\\/ddb8312b21e9a883a1bcf5f0a3d241ac\"},\"breadcrumb\":{\"@id\":\"https:\\\/\\\/www.ensembleintercontemporain.com\\\/fr\\\/2022\\\/12\\\/edgard-varese-deserts-2\\\/#breadcrumb\"},\"inLanguage\":\"fr-FR\",\"potentialAction\":[{\"@type\":\"ReadAction\",\"target\":[\"https:\\\/\\\/www.ensembleintercontemporain.com\\\/fr\\\/2022\\\/12\\\/edgard-varese-deserts-2\\\/\"]}]},{\"@type\":\"ImageObject\",\"inLanguage\":\"fr-FR\",\"@id\":\"https:\\\/\\\/www.ensembleintercontemporain.com\\\/fr\\\/2022\\\/12\\\/edgard-varese-deserts-2\\\/#primaryimage\",\"url\":\"https:\\\/\\\/www.ensembleintercontemporain.com\\\/content\\\/uploads\\\/2022\\\/12\\\/varese-desert-santa-fe-nb.jpg\",\"contentUrl\":\"https:\\\/\\\/www.ensembleintercontemporain.com\\\/content\\\/uploads\\\/2022\\\/12\\\/varese-desert-santa-fe-nb.jpg\",\"width\":1920,\"height\":1313},{\"@type\":\"BreadcrumbList\",\"@id\":\"https:\\\/\\\/www.ensembleintercontemporain.com\\\/fr\\\/2022\\\/12\\\/edgard-varese-deserts-2\\\/#breadcrumb\",\"itemListElement\":[{\"@type\":\"ListItem\",\"position\":1,\"name\":\"Home\",\"item\":\"https:\\\/\\\/www.ensembleintercontemporain.com\\\/fr\\\/\"},{\"@type\":\"ListItem\",\"position\":2,\"name\":\"Edgard Var\u00e8se : \u00ab\u00a0D\u00e9serts\u00a0\u00bb.\"}]},{\"@type\":\"WebSite\",\"@id\":\"https:\\\/\\\/www.ensembleintercontemporain.com\\\/en\\\/#website\",\"url\":\"https:\\\/\\\/www.ensembleintercontemporain.com\\\/en\\\/\",\"name\":\"Ensemble intercontemporain\",\"description\":\"\",\"potentialAction\":[{\"@type\":\"SearchAction\",\"target\":{\"@type\":\"EntryPoint\",\"urlTemplate\":\"https:\\\/\\\/www.ensembleintercontemporain.com\\\/en\\\/?s={search_term_string}\"},\"query-input\":{\"@type\":\"PropertyValueSpecification\",\"valueRequired\":true,\"valueName\":\"search_term_string\"}}],\"inLanguage\":\"fr-FR\"},{\"@type\":\"Person\",\"@id\":\"https:\\\/\\\/www.ensembleintercontemporain.com\\\/en\\\/#\\\/schema\\\/person\\\/ddb8312b21e9a883a1bcf5f0a3d241ac\",\"name\":\"Willem Herring\",\"image\":{\"@type\":\"ImageObject\",\"inLanguage\":\"fr-FR\",\"@id\":\"https:\\\/\\\/secure.gravatar.com\\\/avatar\\\/62ba8b9d249b0fd8c92294b9872310bca38b4dfd12aa08efc3965efdfa6ebbf9?s=96&d=mm&r=g\",\"url\":\"https:\\\/\\\/secure.gravatar.com\\\/avatar\\\/62ba8b9d249b0fd8c92294b9872310bca38b4dfd12aa08efc3965efdfa6ebbf9?s=96&d=mm&r=g\",\"contentUrl\":\"https:\\\/\\\/secure.gravatar.com\\\/avatar\\\/62ba8b9d249b0fd8c92294b9872310bca38b4dfd12aa08efc3965efdfa6ebbf9?s=96&d=mm&r=g\",\"caption\":\"Willem Herring\"},\"url\":\"https:\\\/\\\/www.ensembleintercontemporain.com\\\/fr\\\/author\\\/wherring\\\/\"}]}<\/script>\n<!-- \/ Yoast SEO plugin. -->","yoast_head_json":{"title":"Edgard Var\u00e8se : \"D\u00e9serts\". - Ensemble intercontemporain","robots":{"index":"index","follow":"follow","max-snippet":"max-snippet:-1","max-image-preview":"max-image-preview:large","max-video-preview":"max-video-preview:-1"},"canonical":"https:\/\/www.ensembleintercontemporain.com\/fr\/2022\/12\/edgard-varese-deserts-2\/","og_locale":"fr_FR","og_type":"article","og_title":"Edgard Var\u00e8se : \"D\u00e9serts\". - Ensemble intercontemporain","og_description":"Presque 70 ans apr\u00e8s sa cr\u00e9ation chahut\u00e9e au Th\u00e9\u00e2tre des Champs-\u00c9lys\u00e9es en 1954, \"D\u00e9serts\" d\u2019Edgard Var\u00e8se reste encore aujourd\u2019hui une \u0153uvre radicale d\u2019une puissance fulgurante. Le public parisien pourra d\u2019ailleurs le constater le 22 janvier \u00e0 la Philharmonie de Paris. \"D\u00e9serts\" sera en outre jou\u00e9e avec le film que le vid\u00e9aste am\u00e9ricain Bill Viola r\u00e9alisa sp\u00e9cialement pour l\u2019\u0153uvre en 1994.","og_url":"https:\/\/www.ensembleintercontemporain.com\/fr\/2022\/12\/edgard-varese-deserts-2\/","og_site_name":"Ensemble intercontemporain","article_published_time":"2022-12-19T10:00:41+00:00","article_modified_time":"2022-12-19T15:59:00+00:00","og_image":[{"width":1920,"height":1313,"url":"http:\/\/www.ensembleintercontemporain.com\/content\/uploads\/2022\/12\/varese-desert-santa-fe-nb.jpg","type":"image\/jpeg"}],"author":"Willem Herring","twitter_card":"summary_large_image","twitter_misc":{"\u00c9crit par":"Willem Herring","Dur\u00e9e de lecture estim\u00e9e":"4 minutes"},"schema":{"@context":"https:\/\/schema.org","@graph":[{"@type":"Article","@id":"https:\/\/www.ensembleintercontemporain.com\/fr\/2022\/12\/edgard-varese-deserts-2\/#article","isPartOf":{"@id":"https:\/\/www.ensembleintercontemporain.com\/fr\/2022\/12\/edgard-varese-deserts-2\/"},"author":{"name":"Willem Herring","@id":"https:\/\/www.ensembleintercontemporain.com\/en\/#\/schema\/person\/ddb8312b21e9a883a1bcf5f0a3d241ac"},"headline":"Edgard Var\u00e8se : \u00ab\u00a0D\u00e9serts\u00a0\u00bb.","datePublished":"2022-12-19T10:00:41+00:00","dateModified":"2022-12-19T15:59:00+00:00","mainEntityOfPage":{"@id":"https:\/\/www.ensembleintercontemporain.com\/fr\/2022\/12\/edgard-varese-deserts-2\/"},"wordCount":700,"image":{"@id":"https:\/\/www.ensembleintercontemporain.com\/fr\/2022\/12\/edgard-varese-deserts-2\/#primaryimage"},"thumbnailUrl":"https:\/\/www.ensembleintercontemporain.com\/content\/uploads\/2022\/12\/varese-desert-santa-fe-nb.jpg","keywords":["Edgard Var\u00e8se"],"articleSection":["Grand Angle"],"inLanguage":"fr-FR"},{"@type":"WebPage","@id":"https:\/\/www.ensembleintercontemporain.com\/fr\/2022\/12\/edgard-varese-deserts-2\/","url":"https:\/\/www.ensembleintercontemporain.com\/fr\/2022\/12\/edgard-varese-deserts-2\/","name":"Edgard Var\u00e8se : \"D\u00e9serts\". - Ensemble intercontemporain","isPartOf":{"@id":"https:\/\/www.ensembleintercontemporain.com\/en\/#website"},"primaryImageOfPage":{"@id":"https:\/\/www.ensembleintercontemporain.com\/fr\/2022\/12\/edgard-varese-deserts-2\/#primaryimage"},"image":{"@id":"https:\/\/www.ensembleintercontemporain.com\/fr\/2022\/12\/edgard-varese-deserts-2\/#primaryimage"},"thumbnailUrl":"https:\/\/www.ensembleintercontemporain.com\/content\/uploads\/2022\/12\/varese-desert-santa-fe-nb.jpg","datePublished":"2022-12-19T10:00:41+00:00","dateModified":"2022-12-19T15:59:00+00:00","author":{"@id":"https:\/\/www.ensembleintercontemporain.com\/en\/#\/schema\/person\/ddb8312b21e9a883a1bcf5f0a3d241ac"},"breadcrumb":{"@id":"https:\/\/www.ensembleintercontemporain.com\/fr\/2022\/12\/edgard-varese-deserts-2\/#breadcrumb"},"inLanguage":"fr-FR","potentialAction":[{"@type":"ReadAction","target":["https:\/\/www.ensembleintercontemporain.com\/fr\/2022\/12\/edgard-varese-deserts-2\/"]}]},{"@type":"ImageObject","inLanguage":"fr-FR","@id":"https:\/\/www.ensembleintercontemporain.com\/fr\/2022\/12\/edgard-varese-deserts-2\/#primaryimage","url":"https:\/\/www.ensembleintercontemporain.com\/content\/uploads\/2022\/12\/varese-desert-santa-fe-nb.jpg","contentUrl":"https:\/\/www.ensembleintercontemporain.com\/content\/uploads\/2022\/12\/varese-desert-santa-fe-nb.jpg","width":1920,"height":1313},{"@type":"BreadcrumbList","@id":"https:\/\/www.ensembleintercontemporain.com\/fr\/2022\/12\/edgard-varese-deserts-2\/#breadcrumb","itemListElement":[{"@type":"ListItem","position":1,"name":"Home","item":"https:\/\/www.ensembleintercontemporain.com\/fr\/"},{"@type":"ListItem","position":2,"name":"Edgard Var\u00e8se : \u00ab\u00a0D\u00e9serts\u00a0\u00bb."}]},{"@type":"WebSite","@id":"https:\/\/www.ensembleintercontemporain.com\/en\/#website","url":"https:\/\/www.ensembleintercontemporain.com\/en\/","name":"Ensemble intercontemporain","description":"","potentialAction":[{"@type":"SearchAction","target":{"@type":"EntryPoint","urlTemplate":"https:\/\/www.ensembleintercontemporain.com\/en\/?s={search_term_string}"},"query-input":{"@type":"PropertyValueSpecification","valueRequired":true,"valueName":"search_term_string"}}],"inLanguage":"fr-FR"},{"@type":"Person","@id":"https:\/\/www.ensembleintercontemporain.com\/en\/#\/schema\/person\/ddb8312b21e9a883a1bcf5f0a3d241ac","name":"Willem Herring","image":{"@type":"ImageObject","inLanguage":"fr-FR","@id":"https:\/\/secure.gravatar.com\/avatar\/62ba8b9d249b0fd8c92294b9872310bca38b4dfd12aa08efc3965efdfa6ebbf9?s=96&d=mm&r=g","url":"https:\/\/secure.gravatar.com\/avatar\/62ba8b9d249b0fd8c92294b9872310bca38b4dfd12aa08efc3965efdfa6ebbf9?s=96&d=mm&r=g","contentUrl":"https:\/\/secure.gravatar.com\/avatar\/62ba8b9d249b0fd8c92294b9872310bca38b4dfd12aa08efc3965efdfa6ebbf9?s=96&d=mm&r=g","caption":"Willem Herring"},"url":"https:\/\/www.ensembleintercontemporain.com\/fr\/author\/wherring\/"}]}},"_links":{"self":[{"href":"https:\/\/www.ensembleintercontemporain.com\/fr\/wp-json\/wp\/v2\/posts\/23736\/"}],"collection":[{"href":"https:\/\/www.ensembleintercontemporain.com\/fr\/wp-json\/wp\/v2\/posts\/"}],"about":[{"href":"https:\/\/www.ensembleintercontemporain.com\/fr\/wp-json\/wp\/v2\/types\/post\/"}],"author":[{"embeddable":true,"href":"https:\/\/www.ensembleintercontemporain.com\/fr\/wp-json\/wp\/v2\/users\/201\/"}],"replies":[{"embeddable":true,"href":"https:\/\/www.ensembleintercontemporain.com\/fr\/wp-json\/wp\/v2\/comments\/?post=23736"}],"version-history":[{"count":6,"href":"https:\/\/www.ensembleintercontemporain.com\/fr\/wp-json\/wp\/v2\/posts\/23736\/revisions\/"}],"predecessor-version":[{"id":23772,"href":"https:\/\/www.ensembleintercontemporain.com\/fr\/wp-json\/wp\/v2\/posts\/23736\/revisions\/23772\/"}],"wp:featuredmedia":[{"embeddable":true,"href":"https:\/\/www.ensembleintercontemporain.com\/fr\/wp-json\/wp\/v2\/media\/23737\/"}],"wp:attachment":[{"href":"https:\/\/www.ensembleintercontemporain.com\/fr\/wp-json\/wp\/v2\/media\/?parent=23736"}],"wp:term":[{"taxonomy":"category","embeddable":true,"href":"https:\/\/www.ensembleintercontemporain.com\/fr\/wp-json\/wp\/v2\/categories\/?post=23736"},{"taxonomy":"post_tag","embeddable":true,"href":"https:\/\/www.ensembleintercontemporain.com\/fr\/wp-json\/wp\/v2\/tags\/?post=23736"}],"curies":[{"name":"wp","href":"https:\/\/api.w.org\/{rel}","templated":true}]}}