{"id":23466,"date":"2022-11-03T16:37:41","date_gmt":"2022-11-03T15:37:41","guid":{"rendered":"https:\/\/www.ensembleintercontemporain.com\/?p=23466"},"modified":"2022-11-17T16:44:24","modified_gmt":"2022-11-17T15:44:24","slug":"la-coincidence-du-vaste-et-de-lintime-entretien-avec-lisa-illean-compositrice","status":"publish","type":"post","link":"https:\/\/www.ensembleintercontemporain.com\/fr\/2022\/11\/la-coincidence-du-vaste-et-de-lintime-entretien-avec-lisa-illean-compositrice\/","title":{"rendered":"La co\u00efncidence du vaste et de l\u2019intime. Entretien avec Lisa Illean, compositrice."},"content":{"rendered":"<p><span style=\"font-size: 14pt;\"><img loading=\"lazy\" decoding=\"async\" class=\"aligncenter size-full wp-image-23467\" src=\"http:\/\/www.ensembleintercontemporain.com\/content\/uploads\/2022\/11\/lisa-illean-freycinet.jpg\" alt=\"\" width=\"1920\" height=\"1283\" srcset=\"https:\/\/www.ensembleintercontemporain.com\/content\/uploads\/2022\/11\/lisa-illean-freycinet.jpg 1920w, https:\/\/www.ensembleintercontemporain.com\/content\/uploads\/2022\/11\/lisa-illean-freycinet-300x200.jpg 300w, https:\/\/www.ensembleintercontemporain.com\/content\/uploads\/2022\/11\/lisa-illean-freycinet-1024x684.jpg 1024w, https:\/\/www.ensembleintercontemporain.com\/content\/uploads\/2022\/11\/lisa-illean-freycinet-768x513.jpg 768w, https:\/\/www.ensembleintercontemporain.com\/content\/uploads\/2022\/11\/lisa-illean-freycinet-1536x1026.jpg 1536w\" sizes=\"auto, (max-width: 1920px) 100vw, 1920px\" \/><\/span><\/p>\n<p><strong><a style=\"color: #003366; font-size: 12pt;\" href=\"https:\/\/www.ensembleintercontemporain.com\/fr\/concert\/vox-animalis-2022-11-17-20h00-paris\/\"><span style=\"font-size: 14pt;\">L<\/span>e 17 novembre, \u00e0 la Cit\u00e9 de la musique,<\/a><span style=\"color: #003366; font-size: medium;\"> la jeune compositrice australienne Lisa Illean pr\u00e9sentera une nouvelle \u0153uvre pour piano et violoncelle au\u00a0<\/span><span style=\"color: #003366;\">titre aussi\u00a0\u00e9trange que<\/span><span style=\"color: #003366; font-size: medium;\">\u00a0difficilement traduisible\u00a0: <\/span><em style=\"color: #003366; font-size: 12pt;\">Ever-weaver<\/em><em style=\"color: #003366; font-size: 12pt;\">. <\/em><span style=\"color: #003366; font-size: medium;\">Entretien avec une musicienne qui se dit habit\u00e9e par une v\u00e9ritable fascination pour la sonorit\u00e9.\u00a0<\/span><\/strong><\/p>\n<p><span style=\"font-size: 14pt;\"><strong>Lisa, vous \u00eates n\u00e9e en Australie. Avez-vous commenc\u00e9 la musique dans votre pays natal ?<em>\u00a0<\/em><\/strong><strong><br \/>\n<\/strong>J&rsquo;ai grandi \u00e0 Sydney o\u00f9 j&rsquo;ai appris le piano et suivi la classe de composition. J&rsquo;ai ensuite d\u00e9m\u00e9nag\u00e9 \u00e0 Melbourne et \u00e9tudi\u00e9 au Victorian College of the Arts (qui fait maintenant partie de l&rsquo;Universit\u00e9 de Melbourne). Il s&rsquo;agissait d&rsquo;un programme tourn\u00e9 vers la pratique<strong>,<\/strong> en dialogue avec les autres \u00e9coles, englobant un travail interdisciplinaire avec des danseurs, des cr\u00e9ateurs de th\u00e9\u00e2tre : installation sonore, improvisation, direction d&rsquo;orchestre et esth\u00e9tique.\u00a0<\/span><\/p>\n<p><span style=\"font-size: 14pt;\"><strong>Quels sont vos mod\u00e8les en mati\u00e8re de composition ?\u00a0<\/strong><strong><br \/>\n<\/strong>Chaque fois que j&rsquo;\u00e9coute attentivement, je peux trouver des moments intrigants ou des aspects sonores que j&rsquo;ai envie de traduire musicalement. Cela se produit autant en \u00e9coutant le monde naturel ou des sch\u00e9mas de conversations distantes qu\u2019en \u00e9coutant de la musique. Il existe \u00e9galement de nombreux artistes d&rsquo;autres disciplines qui ont \u00e9t\u00e9 au fil des ans une grande source d&rsquo;inspiration ou d&rsquo;encouragement.<\/span><br \/>\n<span style=\"font-size: 14pt;\">Ce ne sont pas exactement des mod\u00e8les, mais j&rsquo;ai pass\u00e9 du temps derni\u00e8rement avec la musique de Gilles Binchois et Fran\u00e7ois Couperin, en m\u2019int\u00e9ressant aux lignes agiles de leur \u00e9criture. J&rsquo;ai aussi pens\u00e9 aux sons qui glissent ou qui ondulent \u00e0 partir d&rsquo;un point, comme les effets de diffraction dans l&rsquo;eau. Cela m&rsquo;am\u00e8ne \u00e0 Fred Frith (\u00abNo Birds\u00bb), \u00e0 la musique de Dowland comme \u00e0 celle de Chiyoko Szalvnics, \u00e0 la \u00abfree music machine \u00bb (anc\u00eatre du synth\u00e9tiseur) de Percy Grainger, la \u00ab pedal steel guitar \u00bb ou encore la rumeur ambiante de la circulation ou de vastes \u00e9tendues d&rsquo;eau.<\/span><\/p>\n<p><span style=\"font-size: 14pt;\"><strong>Vous partagez avec Sivan Eldar et Lawrence Dunn (cf. <\/strong><strong><em>CD Spilled out from tangles<\/em><\/strong><strong>), un go\u00fbt pour les tempi \u00e9tir\u00e9s et une certaine transparence\/\u00e9conomie dans l&rsquo;\u00e9criture. Comment qualifieriez-vous votre esth\u00e9tique ?\u00a0<\/strong><strong><br \/>\n<\/strong>Je parlerai d&rsquo;une fascination pour la sonorit\u00e9 : il faut du temps pour que l\u2019oreille s\u2019en impr\u00e8gne et une certaine transparence pour que les changements soient entendus comme tels. J&rsquo;essaie de faire de la composition une pratique quotidienne guid\u00e9e par des questions techniques et conceptuelles. Et, autant <img loading=\"lazy\" decoding=\"async\" class=\"alignright size-medium wp-image-23537\" src=\"http:\/\/www.ensembleintercontemporain.com\/content\/uploads\/2022\/11\/illean-def-300x300.jpg\" alt=\"\" width=\"300\" height=\"300\" srcset=\"https:\/\/www.ensembleintercontemporain.com\/content\/uploads\/2022\/11\/illean-def-300x300.jpg 300w, https:\/\/www.ensembleintercontemporain.com\/content\/uploads\/2022\/11\/illean-def-1024x1024.jpg 1024w, https:\/\/www.ensembleintercontemporain.com\/content\/uploads\/2022\/11\/illean-def-150x150.jpg 150w, https:\/\/www.ensembleintercontemporain.com\/content\/uploads\/2022\/11\/illean-def-768x767.jpg 768w, https:\/\/www.ensembleintercontemporain.com\/content\/uploads\/2022\/11\/illean-def.jpg 1144w\" sizes=\"auto, (max-width: 300px) 100vw, 300px\" \/>que possible, faire en sorte que mon travail de composition r\u00e9pondant aux commandes d\u00e9coule de cette pratique. <\/span><br \/>\n<span style=\"font-size: 14pt;\">Au cours des cinq derni\u00e8res ann\u00e9es, j&rsquo;ai souvent explor\u00e9 les fa\u00e7ons de combiner d&rsquo;une mani\u00e8re compl\u00e9mentaire et personnelle des accords flexibles, non temp\u00e9r\u00e9s, avec ceux, fixes, du piano. \u00c0 travers cette mati\u00e8re sonore subtile mais pr\u00e9cise, j&rsquo;explore la relation entre les ph\u00e9nom\u00e8nes perceptifs et un monde \u00e9vocateur personnel.<\/span><br \/>\n<span style=\"font-size: 14pt;\">Je m&rsquo;int\u00e9resse particuli\u00e8rement \u00e0 la co\u00efncidence du vaste et de l&rsquo;intime au sein d&rsquo;une musique qui \u00ab cultive la distance \u00bb &#8211; pour reprendre une expression intrigante utilis\u00e9e par Susan Stewart pour d\u00e9finir comment surgit un sentiment de nostalgie &#8211; mais qui est aussi int\u00e9rieure et personnelle. Mon travail fait souvent na\u00eetre des analogies entre l&rsquo;audible et le visible \u2013 redevables \u00e0 des artistes comme Vija Celmins et Christiane Baumgartner \u2013 et utilise des proc\u00e9d\u00e9s tactiles relevant des arts plastiques. Enfin, j\u2019ajouterai que bon nombre de mes pi\u00e8ces sont li\u00e9es \u00e0 l&rsquo;oc\u00e9an ou aux \u00e9l\u00e9ments naturels.<br \/>\n<\/span><\/p>\n<p><span style=\"font-size: 14pt;\"><strong><em>Ever-weaver<\/em><\/strong><strong> est difficile \u00e0 traduire en fran\u00e7ais ; J&rsquo;ai l&rsquo;impression que la valeur sonore et po\u00e9tique de vos titres prime sur la dimension s\u00e9mantique. Comment les choisissez-vous ?\u00a0<\/strong><strong><br \/>\n<\/strong>Dans le cas de <em>Ever-weaver<\/em>, la structuration sonore du titre refl\u00e8te sa signification : la pi\u00e8ce s&rsquo;int\u00e9resse aux motifs observ\u00e9s dans le monde naturel qui peuvent \u00eatre retiss\u00e9s \u00e0 l&rsquo;infini. Plus g\u00e9n\u00e9ralement, je souhaite que les titres aient autant \u00e0 voir avec le processus \u2013 avec des questions techniques sur la fa\u00e7on dont les sons sont assembl\u00e9s &#8211; qu&rsquo;avec la transmission d&rsquo;une atmosph\u00e8re.<\/p>\n<p><img loading=\"lazy\" decoding=\"async\" class=\"aligncenter size-large wp-image-23541\" src=\"http:\/\/www.ensembleintercontemporain.com\/content\/uploads\/2022\/11\/illean-eaver-weaver-score-20221004-pdf-editeur-9-2-1024x784.jpg\" alt=\"\" width=\"1024\" height=\"784\" srcset=\"https:\/\/www.ensembleintercontemporain.com\/content\/uploads\/2022\/11\/illean-eaver-weaver-score-20221004-pdf-editeur-9-2-1024x784.jpg 1024w, https:\/\/www.ensembleintercontemporain.com\/content\/uploads\/2022\/11\/illean-eaver-weaver-score-20221004-pdf-editeur-9-2-300x230.jpg 300w, https:\/\/www.ensembleintercontemporain.com\/content\/uploads\/2022\/11\/illean-eaver-weaver-score-20221004-pdf-editeur-9-2-768x588.jpg 768w, https:\/\/www.ensembleintercontemporain.com\/content\/uploads\/2022\/11\/illean-eaver-weaver-score-20221004-pdf-editeur-9-2.jpg 1280w\" sizes=\"auto, (max-width: 1024px) 100vw, 1024px\" \/><br \/>\n<\/span><span style=\"font-size: 14pt;\"><strong>La formation piano et violoncelle, sans la voix ni le mat\u00e9riel pr\u00e9enregistr\u00e9 que vous aimez inclure dans vos compositions, est plut\u00f4t rare dans votre production.\u00a0<\/strong><strong><br \/>\n<\/strong>L&rsquo;utilisation d&rsquo;une ou plusieurs couches \u00e9lectroniques de sons filtr\u00e9s\/pr\u00e9enregistr\u00e9s a \u00e9t\u00e9 une avanc\u00e9e d\u00e9terminante pour ma pratique de ces derni\u00e8res ann\u00e9es. Ce processus fait souvent appel \u00e0 des instruments \u00ab de tous les jours \u00bb sans sophistication, tels que des cithares de fabrication simple. La partie \u00e9lectronique permet d\u2019engendrer des accords non temp\u00e9r\u00e9s sur des instruments acoustiques et peut cr\u00e9er une double-exposition sonore. On peut alors comparer le processus de la composition \u00e0 celui de la peinture \u00e0 l&rsquo;huile o\u00f9 de fines couches transparentes s&rsquo;accumulent pour donner de la perspective et de la profondeur. Pour autant, j&rsquo;\u00e9tais tr\u00e8s heureuse de revenir \u00e0 un environnement purement acoustique dans <em>ever-weaver<\/em>. Ici, la superposition des strates sonores s\u2019effectue selon diff\u00e9rents moyens : par des changements abrupts de tempo ou d\u2019\u00e9nergie au sein d\u2019un mat\u00e9riau musical tr\u00e8s concentr\u00e9, comme si une nouvelle image s\u2019imprimait dans l&rsquo;\u0153il ou qu\u2019une autre strate sonore apparaissait parmi les diff\u00e9rentes couches qui se superposent en continu.<\/span><\/p>\n<p>&nbsp;<\/p>\n<p><span style=\"font-size: 14pt;\"><strong>Les deux instruments ont-ils une pr\u00e9paration particuli\u00e8re ?\u00a0<\/strong><strong><br \/>\n<\/strong>Le violoncelliste dispose d&rsquo;un deuxi\u00e8me instrument, avec sa corde de r\u00e9 accord\u00e9e l\u00e9g\u00e8rement plus bas que d&rsquo;habitude, ce qui facilite un environnement de sonorit\u00e9s non temp\u00e9r\u00e9es dans les derni\u00e8res minutes du morceau. En dehors de cela, il n&rsquo;y a pas de pr\u00e9paration mais les instruments sont abord\u00e9s de mani\u00e8re tr\u00e8s tactile, avec plusieurs voix (ou lignes) au sein de chaque partie n\u00e9cessitant des approches subtilement diff\u00e9rentes du toucher pratiqu\u00e9es sur l\u2019ensemble du registre. La densit\u00e9 sonore se cr\u00e9e au sein des lignes entrelac\u00e9es,\u00a0la vari\u00e9t\u00e9 nuanc\u00e9e de l&rsquo;articulation ajoutant dimension et perspective.<\/span><\/p>\n<p><span style=\"font-size: 14pt;\"><strong>En \u00e9coutant votre musique, certains journalistes ont parl\u00e9 de proximit\u00e9 avec le compositeur am\u00e9ricain Morton Feldman. Est-ce un compositeur qui compte pour vous ?<br \/>\n<\/strong>La musique de Morton Feldman invite \u00e0 une \u00e9coute de la subtilit\u00e9. Les instruments s\u2019expriment souvent clairement et jouent avec une virtuosit\u00e9 discr\u00e8te. Ces id\u00e9es sont importantes pour moi aussi. Chaque son y a sa place et son poids.<\/span><\/p>\n<p>&nbsp;<\/p>\n<p>Photos : \u00a0\u00a9 Freycinet \/ DR<\/p>\n","protected":false},"excerpt":{"rendered":"<p>Le 17 novembre, \u00e0 la Cit\u00e9 de la musique, la jeune compositrice australienne Lisa Illean pr\u00e9sentera une nouvelle \u0153uvre pour piano et violoncelle au titre difficilement traduisible\u00a0: <em>Ever-weaver<\/em>. Entretien avec une musicienne qui se dit habit\u00e9e par une v\u00e9ritable fascination pour la sonorit\u00e9.\u00a0<\/p>\n","protected":false},"author":103,"featured_media":23467,"comment_status":"closed","ping_status":"closed","sticky":false,"template":"","format":"standard","meta":{"_acf_changed":false,"footnotes":""},"categories":[4],"tags":[],"class_list":["post-23466","post","type-post","status-publish","format-standard","has-post-thumbnail","hentry","category-entretiens","concert-vox-animalis"],"acf":[],"yoast_head":"<!-- This site is optimized with the Yoast SEO plugin v27.5 - https:\/\/yoast.com\/product\/yoast-seo-wordpress\/ -->\n<title>La co\u00efncidence du vaste et de l\u2019intime. Entretien avec Lisa Illean, compositrice. - Ensemble intercontemporain<\/title>\n<meta name=\"robots\" content=\"index, follow, max-snippet:-1, max-image-preview:large, max-video-preview:-1\" \/>\n<link rel=\"canonical\" href=\"https:\/\/www.ensembleintercontemporain.com\/fr\/2022\/11\/la-coincidence-du-vaste-et-de-lintime-entretien-avec-lisa-illean-compositrice\/\" \/>\n<meta property=\"og:locale\" content=\"fr_FR\" \/>\n<meta property=\"og:type\" content=\"article\" \/>\n<meta property=\"og:title\" content=\"La co\u00efncidence du vaste et de l\u2019intime. Entretien avec Lisa Illean, compositrice. - Ensemble intercontemporain\" \/>\n<meta property=\"og:description\" content=\"Le 17 novembre, \u00e0 la Cit\u00e9 de la musique, la jeune compositrice australienne Lisa Illean pr\u00e9sentera une nouvelle \u0153uvre pour piano et violoncelle au titre difficilement traduisible\u00a0: Ever-weaver. Entretien avec une musicienne qui se dit habit\u00e9e par une v\u00e9ritable fascination pour la sonorit\u00e9.\u00a0\" \/>\n<meta property=\"og:url\" content=\"https:\/\/www.ensembleintercontemporain.com\/fr\/2022\/11\/la-coincidence-du-vaste-et-de-lintime-entretien-avec-lisa-illean-compositrice\/\" \/>\n<meta property=\"og:site_name\" content=\"Ensemble intercontemporain\" \/>\n<meta property=\"article:published_time\" content=\"2022-11-03T15:37:41+00:00\" \/>\n<meta property=\"article:modified_time\" content=\"2022-11-17T15:44:24+00:00\" \/>\n<meta property=\"og:image\" content=\"http:\/\/www.ensembleintercontemporain.com\/content\/uploads\/2022\/11\/lisa-illean-freycinet-1024x684.jpg\" \/>\n\t<meta property=\"og:image:width\" content=\"1024\" \/>\n\t<meta property=\"og:image:height\" content=\"684\" \/>\n\t<meta property=\"og:image:type\" content=\"image\/jpeg\" \/>\n<meta name=\"author\" content=\"Mich\u00e8le Tosi\" \/>\n<meta name=\"twitter:card\" content=\"summary_large_image\" \/>\n<meta name=\"twitter:label1\" content=\"\u00c9crit par\" \/>\n\t<meta name=\"twitter:data1\" content=\"Mich\u00e8le Tosi\" \/>\n\t<meta name=\"twitter:label2\" content=\"Dur\u00e9e de lecture estim\u00e9e\" \/>\n\t<meta name=\"twitter:data2\" content=\"6 minutes\" \/>\n<script type=\"application\/ld+json\" class=\"yoast-schema-graph\">{\"@context\":\"https:\\\/\\\/schema.org\",\"@graph\":[{\"@type\":\"Article\",\"@id\":\"https:\\\/\\\/www.ensembleintercontemporain.com\\\/fr\\\/2022\\\/11\\\/la-coincidence-du-vaste-et-de-lintime-entretien-avec-lisa-illean-compositrice\\\/#article\",\"isPartOf\":{\"@id\":\"https:\\\/\\\/www.ensembleintercontemporain.com\\\/fr\\\/2022\\\/11\\\/la-coincidence-du-vaste-et-de-lintime-entretien-avec-lisa-illean-compositrice\\\/\"},\"author\":{\"name\":\"Mich\u00e8le Tosi\",\"@id\":\"https:\\\/\\\/www.ensembleintercontemporain.com\\\/en\\\/#\\\/schema\\\/person\\\/92c6d15972ae1cedf91c8b68b21b02b0\"},\"headline\":\"La co\u00efncidence du vaste et de l\u2019intime. Entretien avec Lisa Illean, compositrice.\",\"datePublished\":\"2022-11-03T15:37:41+00:00\",\"dateModified\":\"2022-11-17T15:44:24+00:00\",\"mainEntityOfPage\":{\"@id\":\"https:\\\/\\\/www.ensembleintercontemporain.com\\\/fr\\\/2022\\\/11\\\/la-coincidence-du-vaste-et-de-lintime-entretien-avec-lisa-illean-compositrice\\\/\"},\"wordCount\":1077,\"image\":{\"@id\":\"https:\\\/\\\/www.ensembleintercontemporain.com\\\/fr\\\/2022\\\/11\\\/la-coincidence-du-vaste-et-de-lintime-entretien-avec-lisa-illean-compositrice\\\/#primaryimage\"},\"thumbnailUrl\":\"https:\\\/\\\/www.ensembleintercontemporain.com\\\/content\\\/uploads\\\/2022\\\/11\\\/lisa-illean-freycinet.jpg\",\"articleSection\":[\"Entretien\"],\"inLanguage\":\"fr-FR\"},{\"@type\":\"WebPage\",\"@id\":\"https:\\\/\\\/www.ensembleintercontemporain.com\\\/fr\\\/2022\\\/11\\\/la-coincidence-du-vaste-et-de-lintime-entretien-avec-lisa-illean-compositrice\\\/\",\"url\":\"https:\\\/\\\/www.ensembleintercontemporain.com\\\/fr\\\/2022\\\/11\\\/la-coincidence-du-vaste-et-de-lintime-entretien-avec-lisa-illean-compositrice\\\/\",\"name\":\"La co\u00efncidence du vaste et de l\u2019intime. Entretien avec Lisa Illean, compositrice. - Ensemble intercontemporain\",\"isPartOf\":{\"@id\":\"https:\\\/\\\/www.ensembleintercontemporain.com\\\/en\\\/#website\"},\"primaryImageOfPage\":{\"@id\":\"https:\\\/\\\/www.ensembleintercontemporain.com\\\/fr\\\/2022\\\/11\\\/la-coincidence-du-vaste-et-de-lintime-entretien-avec-lisa-illean-compositrice\\\/#primaryimage\"},\"image\":{\"@id\":\"https:\\\/\\\/www.ensembleintercontemporain.com\\\/fr\\\/2022\\\/11\\\/la-coincidence-du-vaste-et-de-lintime-entretien-avec-lisa-illean-compositrice\\\/#primaryimage\"},\"thumbnailUrl\":\"https:\\\/\\\/www.ensembleintercontemporain.com\\\/content\\\/uploads\\\/2022\\\/11\\\/lisa-illean-freycinet.jpg\",\"datePublished\":\"2022-11-03T15:37:41+00:00\",\"dateModified\":\"2022-11-17T15:44:24+00:00\",\"author\":{\"@id\":\"https:\\\/\\\/www.ensembleintercontemporain.com\\\/en\\\/#\\\/schema\\\/person\\\/92c6d15972ae1cedf91c8b68b21b02b0\"},\"breadcrumb\":{\"@id\":\"https:\\\/\\\/www.ensembleintercontemporain.com\\\/fr\\\/2022\\\/11\\\/la-coincidence-du-vaste-et-de-lintime-entretien-avec-lisa-illean-compositrice\\\/#breadcrumb\"},\"inLanguage\":\"fr-FR\",\"potentialAction\":[{\"@type\":\"ReadAction\",\"target\":[\"https:\\\/\\\/www.ensembleintercontemporain.com\\\/fr\\\/2022\\\/11\\\/la-coincidence-du-vaste-et-de-lintime-entretien-avec-lisa-illean-compositrice\\\/\"]}]},{\"@type\":\"ImageObject\",\"inLanguage\":\"fr-FR\",\"@id\":\"https:\\\/\\\/www.ensembleintercontemporain.com\\\/fr\\\/2022\\\/11\\\/la-coincidence-du-vaste-et-de-lintime-entretien-avec-lisa-illean-compositrice\\\/#primaryimage\",\"url\":\"https:\\\/\\\/www.ensembleintercontemporain.com\\\/content\\\/uploads\\\/2022\\\/11\\\/lisa-illean-freycinet.jpg\",\"contentUrl\":\"https:\\\/\\\/www.ensembleintercontemporain.com\\\/content\\\/uploads\\\/2022\\\/11\\\/lisa-illean-freycinet.jpg\",\"width\":1920,\"height\":1283},{\"@type\":\"BreadcrumbList\",\"@id\":\"https:\\\/\\\/www.ensembleintercontemporain.com\\\/fr\\\/2022\\\/11\\\/la-coincidence-du-vaste-et-de-lintime-entretien-avec-lisa-illean-compositrice\\\/#breadcrumb\",\"itemListElement\":[{\"@type\":\"ListItem\",\"position\":1,\"name\":\"Home\",\"item\":\"https:\\\/\\\/www.ensembleintercontemporain.com\\\/fr\\\/\"},{\"@type\":\"ListItem\",\"position\":2,\"name\":\"La co\u00efncidence du vaste et de l\u2019intime. Entretien avec Lisa Illean, compositrice.\"}]},{\"@type\":\"WebSite\",\"@id\":\"https:\\\/\\\/www.ensembleintercontemporain.com\\\/en\\\/#website\",\"url\":\"https:\\\/\\\/www.ensembleintercontemporain.com\\\/en\\\/\",\"name\":\"Ensemble intercontemporain\",\"description\":\"\",\"potentialAction\":[{\"@type\":\"SearchAction\",\"target\":{\"@type\":\"EntryPoint\",\"urlTemplate\":\"https:\\\/\\\/www.ensembleintercontemporain.com\\\/en\\\/?s={search_term_string}\"},\"query-input\":{\"@type\":\"PropertyValueSpecification\",\"valueRequired\":true,\"valueName\":\"search_term_string\"}}],\"inLanguage\":\"fr-FR\"},{\"@type\":\"Person\",\"@id\":\"https:\\\/\\\/www.ensembleintercontemporain.com\\\/en\\\/#\\\/schema\\\/person\\\/92c6d15972ae1cedf91c8b68b21b02b0\",\"name\":\"Mich\u00e8le Tosi\",\"image\":{\"@type\":\"ImageObject\",\"inLanguage\":\"fr-FR\",\"@id\":\"https:\\\/\\\/secure.gravatar.com\\\/avatar\\\/32842fb76a993deecd6cb7b0175cd68ca91c1de5ed6c8550656506da750760bf?s=96&d=mm&r=g\",\"url\":\"https:\\\/\\\/secure.gravatar.com\\\/avatar\\\/32842fb76a993deecd6cb7b0175cd68ca91c1de5ed6c8550656506da750760bf?s=96&d=mm&r=g\",\"contentUrl\":\"https:\\\/\\\/secure.gravatar.com\\\/avatar\\\/32842fb76a993deecd6cb7b0175cd68ca91c1de5ed6c8550656506da750760bf?s=96&d=mm&r=g\",\"caption\":\"Mich\u00e8le Tosi\"},\"url\":\"https:\\\/\\\/www.ensembleintercontemporain.com\\\/fr\\\/author\\\/mtosi\\\/\"}]}<\/script>\n<!-- \/ Yoast SEO plugin. -->","yoast_head_json":{"title":"La co\u00efncidence du vaste et de l\u2019intime. Entretien avec Lisa Illean, compositrice. - Ensemble intercontemporain","robots":{"index":"index","follow":"follow","max-snippet":"max-snippet:-1","max-image-preview":"max-image-preview:large","max-video-preview":"max-video-preview:-1"},"canonical":"https:\/\/www.ensembleintercontemporain.com\/fr\/2022\/11\/la-coincidence-du-vaste-et-de-lintime-entretien-avec-lisa-illean-compositrice\/","og_locale":"fr_FR","og_type":"article","og_title":"La co\u00efncidence du vaste et de l\u2019intime. Entretien avec Lisa Illean, compositrice. - Ensemble intercontemporain","og_description":"Le 17 novembre, \u00e0 la Cit\u00e9 de la musique, la jeune compositrice australienne Lisa Illean pr\u00e9sentera une nouvelle \u0153uvre pour piano et violoncelle au titre difficilement traduisible\u00a0: Ever-weaver. Entretien avec une musicienne qui se dit habit\u00e9e par une v\u00e9ritable fascination pour la sonorit\u00e9.\u00a0","og_url":"https:\/\/www.ensembleintercontemporain.com\/fr\/2022\/11\/la-coincidence-du-vaste-et-de-lintime-entretien-avec-lisa-illean-compositrice\/","og_site_name":"Ensemble intercontemporain","article_published_time":"2022-11-03T15:37:41+00:00","article_modified_time":"2022-11-17T15:44:24+00:00","og_image":[{"width":1024,"height":684,"url":"http:\/\/www.ensembleintercontemporain.com\/content\/uploads\/2022\/11\/lisa-illean-freycinet-1024x684.jpg","type":"image\/jpeg"}],"author":"Mich\u00e8le Tosi","twitter_card":"summary_large_image","twitter_misc":{"\u00c9crit par":"Mich\u00e8le Tosi","Dur\u00e9e de lecture estim\u00e9e":"6 minutes"},"schema":{"@context":"https:\/\/schema.org","@graph":[{"@type":"Article","@id":"https:\/\/www.ensembleintercontemporain.com\/fr\/2022\/11\/la-coincidence-du-vaste-et-de-lintime-entretien-avec-lisa-illean-compositrice\/#article","isPartOf":{"@id":"https:\/\/www.ensembleintercontemporain.com\/fr\/2022\/11\/la-coincidence-du-vaste-et-de-lintime-entretien-avec-lisa-illean-compositrice\/"},"author":{"name":"Mich\u00e8le Tosi","@id":"https:\/\/www.ensembleintercontemporain.com\/en\/#\/schema\/person\/92c6d15972ae1cedf91c8b68b21b02b0"},"headline":"La co\u00efncidence du vaste et de l\u2019intime. Entretien avec Lisa Illean, compositrice.","datePublished":"2022-11-03T15:37:41+00:00","dateModified":"2022-11-17T15:44:24+00:00","mainEntityOfPage":{"@id":"https:\/\/www.ensembleintercontemporain.com\/fr\/2022\/11\/la-coincidence-du-vaste-et-de-lintime-entretien-avec-lisa-illean-compositrice\/"},"wordCount":1077,"image":{"@id":"https:\/\/www.ensembleintercontemporain.com\/fr\/2022\/11\/la-coincidence-du-vaste-et-de-lintime-entretien-avec-lisa-illean-compositrice\/#primaryimage"},"thumbnailUrl":"https:\/\/www.ensembleintercontemporain.com\/content\/uploads\/2022\/11\/lisa-illean-freycinet.jpg","articleSection":["Entretien"],"inLanguage":"fr-FR"},{"@type":"WebPage","@id":"https:\/\/www.ensembleintercontemporain.com\/fr\/2022\/11\/la-coincidence-du-vaste-et-de-lintime-entretien-avec-lisa-illean-compositrice\/","url":"https:\/\/www.ensembleintercontemporain.com\/fr\/2022\/11\/la-coincidence-du-vaste-et-de-lintime-entretien-avec-lisa-illean-compositrice\/","name":"La co\u00efncidence du vaste et de l\u2019intime. Entretien avec Lisa Illean, compositrice. - Ensemble intercontemporain","isPartOf":{"@id":"https:\/\/www.ensembleintercontemporain.com\/en\/#website"},"primaryImageOfPage":{"@id":"https:\/\/www.ensembleintercontemporain.com\/fr\/2022\/11\/la-coincidence-du-vaste-et-de-lintime-entretien-avec-lisa-illean-compositrice\/#primaryimage"},"image":{"@id":"https:\/\/www.ensembleintercontemporain.com\/fr\/2022\/11\/la-coincidence-du-vaste-et-de-lintime-entretien-avec-lisa-illean-compositrice\/#primaryimage"},"thumbnailUrl":"https:\/\/www.ensembleintercontemporain.com\/content\/uploads\/2022\/11\/lisa-illean-freycinet.jpg","datePublished":"2022-11-03T15:37:41+00:00","dateModified":"2022-11-17T15:44:24+00:00","author":{"@id":"https:\/\/www.ensembleintercontemporain.com\/en\/#\/schema\/person\/92c6d15972ae1cedf91c8b68b21b02b0"},"breadcrumb":{"@id":"https:\/\/www.ensembleintercontemporain.com\/fr\/2022\/11\/la-coincidence-du-vaste-et-de-lintime-entretien-avec-lisa-illean-compositrice\/#breadcrumb"},"inLanguage":"fr-FR","potentialAction":[{"@type":"ReadAction","target":["https:\/\/www.ensembleintercontemporain.com\/fr\/2022\/11\/la-coincidence-du-vaste-et-de-lintime-entretien-avec-lisa-illean-compositrice\/"]}]},{"@type":"ImageObject","inLanguage":"fr-FR","@id":"https:\/\/www.ensembleintercontemporain.com\/fr\/2022\/11\/la-coincidence-du-vaste-et-de-lintime-entretien-avec-lisa-illean-compositrice\/#primaryimage","url":"https:\/\/www.ensembleintercontemporain.com\/content\/uploads\/2022\/11\/lisa-illean-freycinet.jpg","contentUrl":"https:\/\/www.ensembleintercontemporain.com\/content\/uploads\/2022\/11\/lisa-illean-freycinet.jpg","width":1920,"height":1283},{"@type":"BreadcrumbList","@id":"https:\/\/www.ensembleintercontemporain.com\/fr\/2022\/11\/la-coincidence-du-vaste-et-de-lintime-entretien-avec-lisa-illean-compositrice\/#breadcrumb","itemListElement":[{"@type":"ListItem","position":1,"name":"Home","item":"https:\/\/www.ensembleintercontemporain.com\/fr\/"},{"@type":"ListItem","position":2,"name":"La co\u00efncidence du vaste et de l\u2019intime. Entretien avec Lisa Illean, compositrice."}]},{"@type":"WebSite","@id":"https:\/\/www.ensembleintercontemporain.com\/en\/#website","url":"https:\/\/www.ensembleintercontemporain.com\/en\/","name":"Ensemble intercontemporain","description":"","potentialAction":[{"@type":"SearchAction","target":{"@type":"EntryPoint","urlTemplate":"https:\/\/www.ensembleintercontemporain.com\/en\/?s={search_term_string}"},"query-input":{"@type":"PropertyValueSpecification","valueRequired":true,"valueName":"search_term_string"}}],"inLanguage":"fr-FR"},{"@type":"Person","@id":"https:\/\/www.ensembleintercontemporain.com\/en\/#\/schema\/person\/92c6d15972ae1cedf91c8b68b21b02b0","name":"Mich\u00e8le Tosi","image":{"@type":"ImageObject","inLanguage":"fr-FR","@id":"https:\/\/secure.gravatar.com\/avatar\/32842fb76a993deecd6cb7b0175cd68ca91c1de5ed6c8550656506da750760bf?s=96&d=mm&r=g","url":"https:\/\/secure.gravatar.com\/avatar\/32842fb76a993deecd6cb7b0175cd68ca91c1de5ed6c8550656506da750760bf?s=96&d=mm&r=g","contentUrl":"https:\/\/secure.gravatar.com\/avatar\/32842fb76a993deecd6cb7b0175cd68ca91c1de5ed6c8550656506da750760bf?s=96&d=mm&r=g","caption":"Mich\u00e8le Tosi"},"url":"https:\/\/www.ensembleintercontemporain.com\/fr\/author\/mtosi\/"}]}},"_links":{"self":[{"href":"https:\/\/www.ensembleintercontemporain.com\/fr\/wp-json\/wp\/v2\/posts\/23466\/"}],"collection":[{"href":"https:\/\/www.ensembleintercontemporain.com\/fr\/wp-json\/wp\/v2\/posts\/"}],"about":[{"href":"https:\/\/www.ensembleintercontemporain.com\/fr\/wp-json\/wp\/v2\/types\/post\/"}],"author":[{"embeddable":true,"href":"https:\/\/www.ensembleintercontemporain.com\/fr\/wp-json\/wp\/v2\/users\/103\/"}],"replies":[{"embeddable":true,"href":"https:\/\/www.ensembleintercontemporain.com\/fr\/wp-json\/wp\/v2\/comments\/?post=23466"}],"version-history":[{"count":8,"href":"https:\/\/www.ensembleintercontemporain.com\/fr\/wp-json\/wp\/v2\/posts\/23466\/revisions\/"}],"predecessor-version":[{"id":23543,"href":"https:\/\/www.ensembleintercontemporain.com\/fr\/wp-json\/wp\/v2\/posts\/23466\/revisions\/23543\/"}],"wp:featuredmedia":[{"embeddable":true,"href":"https:\/\/www.ensembleintercontemporain.com\/fr\/wp-json\/wp\/v2\/media\/23467\/"}],"wp:attachment":[{"href":"https:\/\/www.ensembleintercontemporain.com\/fr\/wp-json\/wp\/v2\/media\/?parent=23466"}],"wp:term":[{"taxonomy":"category","embeddable":true,"href":"https:\/\/www.ensembleintercontemporain.com\/fr\/wp-json\/wp\/v2\/categories\/?post=23466"},{"taxonomy":"post_tag","embeddable":true,"href":"https:\/\/www.ensembleintercontemporain.com\/fr\/wp-json\/wp\/v2\/tags\/?post=23466"}],"curies":[{"name":"wp","href":"https:\/\/api.w.org\/{rel}","templated":true}]}}