{"id":23436,"date":"2022-10-31T16:29:45","date_gmt":"2022-10-31T15:29:45","guid":{"rendered":"https:\/\/www.ensembleintercontemporain.com\/?p=23436"},"modified":"2022-10-31T16:29:45","modified_gmt":"2022-10-31T15:29:45","slug":"newborn-entretien-avec-roberto-negro-et-nicolas-crosse","status":"publish","type":"post","link":"https:\/\/www.ensembleintercontemporain.com\/fr\/2022\/10\/newborn-entretien-avec-roberto-negro-et-nicolas-crosse\/","title":{"rendered":"\u00ab\u00a0Newborn\u00a0\u00bb. Entretien avec Roberto Negro et Nicolas Crosse."},"content":{"rendered":"<p><span style=\"color: #003366;\"><strong><span style=\"font-size: 18pt;\"><img loading=\"lazy\" decoding=\"async\" class=\"aligncenter size-full wp-image-23437\" src=\"http:\/\/www.ensembleintercontemporain.com\/content\/uploads\/2022\/10\/2022-03-01-trio-ensemble-intercontemporain-alauriol-12-mag.jpg\" alt=\"\" width=\"1920\" height=\"1278\" srcset=\"https:\/\/www.ensembleintercontemporain.com\/content\/uploads\/2022\/10\/2022-03-01-trio-ensemble-intercontemporain-alauriol-12-mag.jpg 1920w, https:\/\/www.ensembleintercontemporain.com\/content\/uploads\/2022\/10\/2022-03-01-trio-ensemble-intercontemporain-alauriol-12-mag-300x200.jpg 300w, https:\/\/www.ensembleintercontemporain.com\/content\/uploads\/2022\/10\/2022-03-01-trio-ensemble-intercontemporain-alauriol-12-mag-1024x682.jpg 1024w, https:\/\/www.ensembleintercontemporain.com\/content\/uploads\/2022\/10\/2022-03-01-trio-ensemble-intercontemporain-alauriol-12-mag-768x511.jpg 768w, https:\/\/www.ensembleintercontemporain.com\/content\/uploads\/2022\/10\/2022-03-01-trio-ensemble-intercontemporain-alauriol-12-mag-1536x1022.jpg 1536w\" sizes=\"auto, (max-width: 1920px) 100vw, 1920px\" \/><\/span><\/strong><\/span><\/p>\n<p><span style=\"color: #003366;\"><strong><span style=\"font-size: 18pt;\">C<\/span>\u2019est une exp\u00e9rience musicale in\u00e9dite que nous propose Roberto Negro avec <em>Newborn,<\/em> son nouveau projet\u00a0<span style=\"caret-color: #003366;\">r\u00e9alis\u00e9\u00a0<\/span>en collaboration \u00e9troite avec les solistes de l\u2019Ensemble intercontemporain. Une rencontre unique en son genre, entre improvisation et composition, n\u00e9e d\u2019une autre rencontre entre ce musicien de la sc\u00e8ne jazz actuelle et Nicolas Crosse, contrebassiste de l\u2019EIC. Ils reviennent pour nous sur la gen\u00e8se de cette cr\u00e9ation\u00a0originale qui sera jou\u00e9e pour la premi\u00e8re fois le<a href=\"https:\/\/www.ensembleintercontemporain.com\/fr\/concert\/newborn-2022-11-07-20h00-mulhouse\/\"> 7\u00a0<span style=\"caret-color: #003366;\">novembre 2022 \u00e0 La Filature de Mulhouse.\u00a0<\/span><\/a><\/strong><\/span><\/p>\n<p><span style=\"font-size: 14pt;\"><strong>Roberto, Nicolas, avant toute chose, comment vous \u00eates-vous rencontr\u00e9s et comment vous est venue l\u2019id\u00e9e de travailler ensemble \u00e0 ce projet ?<\/strong><\/span><\/p>\n<p><span style=\"font-size: 14pt;\"><strong>Roberto Negro :<\/strong> On s\u2019est rencontr\u00e9s en 2015. Sous l\u2019impulsion du club Le Triton qui depuis des ann\u00e9es organise sous l\u2019appellation \u00ab Intersessions \u00bb des rencontres entre musiciens de jazz et solistes de l\u2019Ensemble intercontemporain, on a mont\u00e9 un projet en grande partie improvis\u00e9 avec, d\u2019une part, moi-m\u00eame au piano et Th\u00e9o Ceccaldi au violon, et de l\u2019autre Nicolas \u00e0 la contrebasse et \u00c9ric-Maria Couturier au violoncelle. Du temps a pass\u00e9 mais j\u2019ai conserv\u00e9 cette exp\u00e9rience dans un coin de la t\u00eate et, quelques ann\u00e9es plus tard, j\u2019ai recontact\u00e9 Nicolas pour lui proposer un nouveau projet, en trio cette fois, avec le percussionniste Michele Rabbia, dans lequel le param\u00e8tre du son serait central.<\/span><\/p>\n<p><span style=\"font-size: 14pt;\"><strong>Nicolas Crosse :<\/strong> Le principe du trio m\u2019a imm\u00e9diatement s\u00e9duit mais tr\u00e8s vite l\u2019id\u00e9e qu\u2019on pourrait aller encore plus loin en \u00e9clatant les formes s\u2019est impos\u00e9e. Olivier Leymarie, directeur g\u00e9n\u00e9ral de l\u2019EIC, qui connaissait d\u00e9j\u00e0 le travail de Roberto et notamment son duo avec \u00c9mile Parisien autour de la musique de Gy\u00f6rgy Ligeti, a accept\u00e9 l\u2019id\u00e9e d\u2019une collaboration entre notre institution et la coop\u00e9rative Full Rhizome dont fait partie Roberto.<\/span><\/p>\n<p><span style=\"font-size: 14pt;\"><strong>\u00c0 l\u2019origine de ce projet il y a donc un trio. Quel type de musique avez-vous exp\u00e9riment\u00e9 dans ce cadre qui \u00e0 un moment a pu vous donner l\u2019envie d\u2019en d\u00e9velopper les intuitions dans une formule orchestrale plus \u00e9toff\u00e9e ? <\/strong><\/span><\/p>\n<p><span style=\"font-size: 14pt;\"><strong>RN :<\/strong> On s\u2019est d\u2019abord vu de fa\u00e7on \u00e9parse en sessions de travail totalement improvis\u00e9es qu\u2019on enregistrait pour voir quel type de mat\u00e9riau sonore on pouvait cr\u00e9er et quel type d\u2019impulsions \u00e7a pouvait engendrer en mati\u00e8re d\u2019\u00e9criture. Quand l\u2019id\u00e9e d\u2019embrigader d\u2019autres membres de l\u2019Ensemble s\u2019est profil\u00e9e et que le principe de composer une pi\u00e8ce s\u2019est d\u00e9cid\u00e9, j\u2019ai choisi d\u2019\u00e9crire pour ce trio initial en projetant le fait que, dans un second temps, j\u2019arrangerais pour l\u2019ensemble.<\/span><\/p>\n<p><img loading=\"lazy\" decoding=\"async\" class=\"aligncenter size-large wp-image-23445\" src=\"http:\/\/www.ensembleintercontemporain.com\/content\/uploads\/2022\/10\/eic-newborn-repet-vanves-photographe-quentin-chevrier-octobre2022-4-1024x683.jpg\" alt=\"\" width=\"1024\" height=\"683\" srcset=\"https:\/\/www.ensembleintercontemporain.com\/content\/uploads\/2022\/10\/eic-newborn-repet-vanves-photographe-quentin-chevrier-octobre2022-4-1024x683.jpg 1024w, https:\/\/www.ensembleintercontemporain.com\/content\/uploads\/2022\/10\/eic-newborn-repet-vanves-photographe-quentin-chevrier-octobre2022-4-300x200.jpg 300w, https:\/\/www.ensembleintercontemporain.com\/content\/uploads\/2022\/10\/eic-newborn-repet-vanves-photographe-quentin-chevrier-octobre2022-4-768x512.jpg 768w, https:\/\/www.ensembleintercontemporain.com\/content\/uploads\/2022\/10\/eic-newborn-repet-vanves-photographe-quentin-chevrier-octobre2022-4-1536x1025.jpg 1536w, https:\/\/www.ensembleintercontemporain.com\/content\/uploads\/2022\/10\/eic-newborn-repet-vanves-photographe-quentin-chevrier-octobre2022-4.jpg 1920w\" sizes=\"auto, (max-width: 1024px) 100vw, 1024px\" \/><\/p>\n<p><span style=\"font-size: 14pt;\"><br \/>\n<strong>Roberto, vous \u00eates connu et reconnu en tant que musicien de la sc\u00e8ne jazz\u00a0: quelle est votre relation \u00e0 la musique contemporaine ? <\/strong><\/span><\/p>\n<p><span style=\"font-size: 14pt;\"><strong>RN :<\/strong> Un grand nombre de musiciens de ma g\u00e9n\u00e9ration qu\u2019on relie aux mondes du jazz int\u00e8grent dans leur musique des \u00e9l\u00e9ments de langage issus du domaine contemporain. \u00c7a fait partie de notre culture. Ceci pos\u00e9 je ne me consid\u00e8re d\u2019aucune mani\u00e8re comme un compositeur de musique contemporaine. Ce que je peux apporter de personnel et de diff\u00e9rent dans un tel projet, c\u2019est cette pratique qui est au c\u0153ur de mon travail de composition et qui consiste \u00e0 concevoir des architectures qui int\u00e8grent le geste de l\u2019improvisation en prenant en compte la personnalit\u00e9 des musiciens qui vont les interpr\u00e9ter. Une \u00e9tape tr\u00e8s importante pour moi dans ce travail s\u2019est d\u00e9roul\u00e9e en avril 2021 lorsque j\u2019ai rencontr\u00e9 tous les musiciens de l\u2019intercontemporain int\u00e9ress\u00e9s par l\u2019id\u00e9e de participer au projet. J\u2019ai alors pu mesurer jusqu\u2019o\u00f9 chacun pouvait aller dans l\u2019improvisation.<\/span><\/p>\n<p><span style=\"font-size: 14pt;\"><strong>Pr\u00e9cis\u00e9ment Nicolas, quelle est votre relation au jazz et \u00e0 l\u2019improvisation et comment \u0153uvrez-vous au sein de l\u2019institution pour l\u2019ouvrir \u00e0 ces pratiques ? <\/strong><\/span><\/p>\n<p><span style=\"font-size: 14pt;\"><strong>NC :<\/strong> Personnellement j\u2019ai toujours consid\u00e9r\u00e9 que l\u2019improvisation fait partie de l\u2019hygi\u00e8ne de base d\u2019un musicien et se doit d\u2019entrer de fa\u00e7on quotidienne dans sa pratique. Mais c\u2019est vrai que l\u2019Ensemble intercontemporain est une institution qui, dans la droite ligne de son fondateur Pierre Boulez, continue de privil\u00e9gier la partition. Cependant des individualit\u00e9s au sein de l\u2019Ensemble sont int\u00e9ress\u00e9es par l\u2019improvisation et, \u00e0 travers ce type de projets, ouvrent de nouveaux chantiers et questionnent concr\u00e8tement la musique contemporaine quant aux orientations qu\u2019elle pourrait prendre \u00e0 l\u2019avenir.<\/span><\/p>\n<p><span style=\"font-size: 14pt;\"><strong>Pensez-vous qu\u2019\u00e0 travers ce type de propositions l\u2019improvisation se voit de nouveau donner une place dans le langage contemporain ? <\/strong><\/span><\/p>\n<p><span style=\"font-size: 14pt;\"><strong>RN :<\/strong> De la m\u00eame mani\u00e8re qu\u2019on ne devient pas un musicien d\u2019orchestre capable de lire \u00e0 vue n\u2019importe quelle partition, l\u2019improvisation \u00e7a ne s\u2019improvise pas ! Ce sont des ann\u00e9es de pratique. Pour que ces deux univers se rencontrent, il faut que chacun fasse un mouvement vers l\u2019autre et multiplier les projets qui vont dans ce sens.<\/span><\/p>\n<p><span style=\"font-size: 14pt;\"><strong>Pr\u00e9cis\u00e9ment, comment avez-vous abord\u00e9 l\u2019\u00e9laboration de cette \u0153uvre hybride pour jeter concr\u00e8tement des ponts entre ces deux univers ? <\/strong><\/span><\/p>\n<p><span style=\"font-size: 14pt;\"><strong>RN :<\/strong> Il faut d\u2019abord pr\u00e9ciser que si je m\u2019\u00e9tais retrouv\u00e9 seul face \u00e0 l\u2019Ensemble \u00e7a n\u2019aurait tout simplement pas \u00e9t\u00e9 possible ! Par son engagement hyperactif dans le projet et par sa position strat\u00e9gique, \u00e0 l\u2019interface entre le trio et l\u2019orchestre, l\u2019apport de Nicolas est fondamental. Ce que j\u2019am\u00e8ne au final aux musiciens est tr\u00e8s architectur\u00e9. Mais \u00e0 l\u2019int\u00e9rieur de ces cadres pr\u00e9cis\u00e9ment d\u00e9finis, ce qui va se construire musicalement au moment de la performance va le plus souvent \u00eatre le fruit de propositions improvis\u00e9es qui vont \u00eatre suscit\u00e9es dans des registres et \u00e0 des niveaux d\u2019implication diff\u00e9rents selon les dispositifs mis en place.<\/span><\/p>\n<p><img loading=\"lazy\" decoding=\"async\" class=\"aligncenter size-large wp-image-23439\" src=\"http:\/\/www.ensembleintercontemporain.com\/content\/uploads\/2022\/10\/eic-newborn-repet-vanves-photographe-quentin-chevrier-octobre2022-1-1024x683.jpg\" alt=\"\" width=\"1024\" height=\"683\" srcset=\"https:\/\/www.ensembleintercontemporain.com\/content\/uploads\/2022\/10\/eic-newborn-repet-vanves-photographe-quentin-chevrier-octobre2022-1-1024x683.jpg 1024w, https:\/\/www.ensembleintercontemporain.com\/content\/uploads\/2022\/10\/eic-newborn-repet-vanves-photographe-quentin-chevrier-octobre2022-1-300x200.jpg 300w, https:\/\/www.ensembleintercontemporain.com\/content\/uploads\/2022\/10\/eic-newborn-repet-vanves-photographe-quentin-chevrier-octobre2022-1-768x512.jpg 768w, https:\/\/www.ensembleintercontemporain.com\/content\/uploads\/2022\/10\/eic-newborn-repet-vanves-photographe-quentin-chevrier-octobre2022-1-1536x1025.jpg 1536w, https:\/\/www.ensembleintercontemporain.com\/content\/uploads\/2022\/10\/eic-newborn-repet-vanves-photographe-quentin-chevrier-octobre2022-1.jpg 1920w\" sizes=\"auto, (max-width: 1024px) 100vw, 1024px\" \/><\/p>\n<p><span style=\"font-size: 14pt;\"><strong>Vous avez \u00e9crit avec la contrainte d\u2019une instrumentation qui s\u2019est d\u00e9cid\u00e9e de fa\u00e7on un peu al\u00e9atoire par le choix qu\u2019ont fait les musiciens de l\u2019Ensemble de participer ou non au projet, qui donne un effectif assez \u00ab\u00a0musique contemporaine\u00a0\u00bb\u2026 Est-ce que \u00e7a a orient\u00e9 votre \u00e9criture ? <\/strong><\/span><\/p>\n<p><span style=\"font-size: 14pt;\"><strong>RN :<\/strong> Je suis pass\u00e9 par mille phases mais bien s\u00fbr la mati\u00e8re sonore induit des d\u00e9placements et des changements d\u2019\u00e9quilibre qui parfois peuvent \u00eatre d\u00e9routants. J\u2019ai ressenti \u00e0 un moment que je m\u2019aventurais trop loin de mes bases et que ce que je proposais ne me ressemblait pas. Du coup j\u2019ai ramen\u00e9 ce que j\u2019avais \u00e9crit vers des territoires plus coutumiers et j\u2019ai beaucoup travaill\u00e9 la forme dans ce va-et-vient. Tout \u00e7a a demand\u00e9 un travail tr\u00e8s empirique qui n\u2019est pas forc\u00e9ment dans le quotidien de musiciens plus habitu\u00e9s \u00e0 rendre les moindres nuances d\u2019une partition qu\u2019\u00e0 participer concr\u00e8tement \u00e0 son \u00e9laboration.<\/span><\/p>\n<p><span style=\"font-size: 14pt;\"><strong>NC :<\/strong> C\u2019est vrai que composer pour un ensemble comme l\u2019intercontemporain, quand on n\u2019est pas du \u00ab\u00a0s\u00e9rail\u00a0\u00bb, peut \u00eatre impressionnant. On peut inconsciemment tomber dans des postures d\u2019\u00e9criture qui renvoient \u00e0 certains clich\u00e9s \u00ab\u00a0contemporains\u00a0\u00bb pour se rassurer ou donner des gages de sa l\u00e9gitimit\u00e9. Sachant cela j\u2019ai tout de suite invit\u00e9 Roberto \u00e0 oublier toutes les r\u00e9f\u00e9rences qu\u2019il pouvait avoir en t\u00eate. Je voulais simplement que Roberto propose sa musique\u2026<\/span><\/p>\n<p>Photos\u00a0(de haut en bas)\u00a0: \u00a9 Amandine Lauriol \/ R\u00e9p\u00e9tition aux Th\u00e9\u00e2tre de Vanves, octobre 2022 \u00a9 Quentin Chevrier.<\/p>\n","protected":false},"excerpt":{"rendered":"<p>C\u2019est une exp\u00e9rience musicale in\u00e9dite que nous propose Roberto Negro avec <em>Newborn<\/em>, son nouveau projet r\u00e9alis\u00e9 en collaboration \u00e9troite avec les solistes de l\u2019Ensemble intercontemporain. Une rencontre unique en son genre, entre improvisation et composition, n\u00e9e d\u2019une autre rencontre entre ce musicien de la sc\u00e8ne jazz actuelle et Nicolas Crosse, contrebassiste de l\u2019EIC. Ils reviennent pour nous sur la gen\u00e8se de cette cr\u00e9ation originale qui sera jou\u00e9e pour la premi\u00e8re fois le 7\u00a0novembre 2022 \u00e0 La Filature de Mulhouse.\u00a0<\/p>\n","protected":false},"author":198,"featured_media":23437,"comment_status":"closed","ping_status":"closed","sticky":false,"template":"","format":"standard","meta":{"_acf_changed":false,"footnotes":""},"categories":[4],"tags":[61,354,599,1281],"class_list":["post-23436","post","type-post","status-publish","format-standard","has-post-thumbnail","hentry","category-entretiens","tag-creation-musicale","tag-jazz","tag-nicolas-crosse","tag-roberto-negro","concert-newborn"],"acf":[],"yoast_head":"<!-- This site is optimized with the Yoast SEO plugin v27.5 - https:\/\/yoast.com\/product\/yoast-seo-wordpress\/ -->\n<title>&quot;Newborn&quot;. Entretien avec Roberto Negro et Nicolas Crosse. - Ensemble intercontemporain<\/title>\n<meta name=\"robots\" content=\"index, follow, max-snippet:-1, max-image-preview:large, max-video-preview:-1\" \/>\n<link rel=\"canonical\" href=\"https:\/\/www.ensembleintercontemporain.com\/fr\/2022\/10\/newborn-entretien-avec-roberto-negro-et-nicolas-crosse\/\" \/>\n<meta property=\"og:locale\" content=\"fr_FR\" \/>\n<meta property=\"og:type\" content=\"article\" \/>\n<meta property=\"og:title\" content=\"&quot;Newborn&quot;. Entretien avec Roberto Negro et Nicolas Crosse. - Ensemble intercontemporain\" \/>\n<meta property=\"og:description\" content=\"C\u2019est une exp\u00e9rience musicale in\u00e9dite que nous propose Roberto Negro avec Newborn, son nouveau projet r\u00e9alis\u00e9 en collaboration \u00e9troite avec les solistes de l\u2019Ensemble intercontemporain. Une rencontre unique en son genre, entre improvisation et composition, n\u00e9e d\u2019une autre rencontre entre ce musicien de la sc\u00e8ne jazz actuelle et Nicolas Crosse, contrebassiste de l\u2019EIC. Ils reviennent pour nous sur la gen\u00e8se de cette cr\u00e9ation originale qui sera jou\u00e9e pour la premi\u00e8re fois le 7\u00a0novembre 2022 \u00e0 La Filature de Mulhouse.\u00a0\" \/>\n<meta property=\"og:url\" content=\"https:\/\/www.ensembleintercontemporain.com\/fr\/2022\/10\/newborn-entretien-avec-roberto-negro-et-nicolas-crosse\/\" \/>\n<meta property=\"og:site_name\" content=\"Ensemble intercontemporain\" \/>\n<meta property=\"article:published_time\" content=\"2022-10-31T15:29:45+00:00\" \/>\n<meta property=\"og:image\" content=\"http:\/\/www.ensembleintercontemporain.com\/content\/uploads\/2022\/10\/2022-03-01-trio-ensemble-intercontemporain-alauriol-12-mag.jpg\" \/>\n\t<meta property=\"og:image:width\" content=\"1920\" \/>\n\t<meta property=\"og:image:height\" content=\"1278\" \/>\n\t<meta property=\"og:image:type\" content=\"image\/jpeg\" \/>\n<meta name=\"author\" content=\"St\u00e9phane Ollivier\" \/>\n<meta name=\"twitter:card\" content=\"summary_large_image\" \/>\n<meta name=\"twitter:label1\" content=\"\u00c9crit par\" \/>\n\t<meta name=\"twitter:data1\" content=\"St\u00e9phane Ollivier\" \/>\n\t<meta name=\"twitter:label2\" content=\"Dur\u00e9e de lecture estim\u00e9e\" \/>\n\t<meta name=\"twitter:data2\" content=\"7 minutes\" \/>\n<script type=\"application\/ld+json\" class=\"yoast-schema-graph\">{\"@context\":\"https:\\\/\\\/schema.org\",\"@graph\":[{\"@type\":\"Article\",\"@id\":\"https:\\\/\\\/www.ensembleintercontemporain.com\\\/fr\\\/2022\\\/10\\\/newborn-entretien-avec-roberto-negro-et-nicolas-crosse\\\/#article\",\"isPartOf\":{\"@id\":\"https:\\\/\\\/www.ensembleintercontemporain.com\\\/fr\\\/2022\\\/10\\\/newborn-entretien-avec-roberto-negro-et-nicolas-crosse\\\/\"},\"author\":{\"name\":\"St\u00e9phane Ollivier\",\"@id\":\"https:\\\/\\\/www.ensembleintercontemporain.com\\\/en\\\/#\\\/schema\\\/person\\\/f329bf14c2fc5e0dbb4dafb58b61797c\"},\"headline\":\"\u00ab\u00a0Newborn\u00a0\u00bb. Entretien avec Roberto Negro et Nicolas Crosse.\",\"datePublished\":\"2022-10-31T15:29:45+00:00\",\"mainEntityOfPage\":{\"@id\":\"https:\\\/\\\/www.ensembleintercontemporain.com\\\/fr\\\/2022\\\/10\\\/newborn-entretien-avec-roberto-negro-et-nicolas-crosse\\\/\"},\"wordCount\":1276,\"image\":{\"@id\":\"https:\\\/\\\/www.ensembleintercontemporain.com\\\/fr\\\/2022\\\/10\\\/newborn-entretien-avec-roberto-negro-et-nicolas-crosse\\\/#primaryimage\"},\"thumbnailUrl\":\"https:\\\/\\\/www.ensembleintercontemporain.com\\\/content\\\/uploads\\\/2022\\\/10\\\/2022-03-01-trio-ensemble-intercontemporain-alauriol-12-mag.jpg\",\"keywords\":[\"cr\u00e9ation musicale\",\"jazz\",\"Nicolas Crosse\",\"roberto negro\"],\"articleSection\":[\"Entretien\"],\"inLanguage\":\"fr-FR\"},{\"@type\":\"WebPage\",\"@id\":\"https:\\\/\\\/www.ensembleintercontemporain.com\\\/fr\\\/2022\\\/10\\\/newborn-entretien-avec-roberto-negro-et-nicolas-crosse\\\/\",\"url\":\"https:\\\/\\\/www.ensembleintercontemporain.com\\\/fr\\\/2022\\\/10\\\/newborn-entretien-avec-roberto-negro-et-nicolas-crosse\\\/\",\"name\":\"\\\"Newborn\\\". Entretien avec Roberto Negro et Nicolas Crosse. - Ensemble intercontemporain\",\"isPartOf\":{\"@id\":\"https:\\\/\\\/www.ensembleintercontemporain.com\\\/en\\\/#website\"},\"primaryImageOfPage\":{\"@id\":\"https:\\\/\\\/www.ensembleintercontemporain.com\\\/fr\\\/2022\\\/10\\\/newborn-entretien-avec-roberto-negro-et-nicolas-crosse\\\/#primaryimage\"},\"image\":{\"@id\":\"https:\\\/\\\/www.ensembleintercontemporain.com\\\/fr\\\/2022\\\/10\\\/newborn-entretien-avec-roberto-negro-et-nicolas-crosse\\\/#primaryimage\"},\"thumbnailUrl\":\"https:\\\/\\\/www.ensembleintercontemporain.com\\\/content\\\/uploads\\\/2022\\\/10\\\/2022-03-01-trio-ensemble-intercontemporain-alauriol-12-mag.jpg\",\"datePublished\":\"2022-10-31T15:29:45+00:00\",\"author\":{\"@id\":\"https:\\\/\\\/www.ensembleintercontemporain.com\\\/en\\\/#\\\/schema\\\/person\\\/f329bf14c2fc5e0dbb4dafb58b61797c\"},\"breadcrumb\":{\"@id\":\"https:\\\/\\\/www.ensembleintercontemporain.com\\\/fr\\\/2022\\\/10\\\/newborn-entretien-avec-roberto-negro-et-nicolas-crosse\\\/#breadcrumb\"},\"inLanguage\":\"fr-FR\",\"potentialAction\":[{\"@type\":\"ReadAction\",\"target\":[\"https:\\\/\\\/www.ensembleintercontemporain.com\\\/fr\\\/2022\\\/10\\\/newborn-entretien-avec-roberto-negro-et-nicolas-crosse\\\/\"]}]},{\"@type\":\"ImageObject\",\"inLanguage\":\"fr-FR\",\"@id\":\"https:\\\/\\\/www.ensembleintercontemporain.com\\\/fr\\\/2022\\\/10\\\/newborn-entretien-avec-roberto-negro-et-nicolas-crosse\\\/#primaryimage\",\"url\":\"https:\\\/\\\/www.ensembleintercontemporain.com\\\/content\\\/uploads\\\/2022\\\/10\\\/2022-03-01-trio-ensemble-intercontemporain-alauriol-12-mag.jpg\",\"contentUrl\":\"https:\\\/\\\/www.ensembleintercontemporain.com\\\/content\\\/uploads\\\/2022\\\/10\\\/2022-03-01-trio-ensemble-intercontemporain-alauriol-12-mag.jpg\",\"width\":1920,\"height\":1278},{\"@type\":\"BreadcrumbList\",\"@id\":\"https:\\\/\\\/www.ensembleintercontemporain.com\\\/fr\\\/2022\\\/10\\\/newborn-entretien-avec-roberto-negro-et-nicolas-crosse\\\/#breadcrumb\",\"itemListElement\":[{\"@type\":\"ListItem\",\"position\":1,\"name\":\"Home\",\"item\":\"https:\\\/\\\/www.ensembleintercontemporain.com\\\/fr\\\/\"},{\"@type\":\"ListItem\",\"position\":2,\"name\":\"\u00ab\u00a0Newborn\u00a0\u00bb. Entretien avec Roberto Negro et Nicolas Crosse.\"}]},{\"@type\":\"WebSite\",\"@id\":\"https:\\\/\\\/www.ensembleintercontemporain.com\\\/en\\\/#website\",\"url\":\"https:\\\/\\\/www.ensembleintercontemporain.com\\\/en\\\/\",\"name\":\"Ensemble intercontemporain\",\"description\":\"\",\"potentialAction\":[{\"@type\":\"SearchAction\",\"target\":{\"@type\":\"EntryPoint\",\"urlTemplate\":\"https:\\\/\\\/www.ensembleintercontemporain.com\\\/en\\\/?s={search_term_string}\"},\"query-input\":{\"@type\":\"PropertyValueSpecification\",\"valueRequired\":true,\"valueName\":\"search_term_string\"}}],\"inLanguage\":\"fr-FR\"},{\"@type\":\"Person\",\"@id\":\"https:\\\/\\\/www.ensembleintercontemporain.com\\\/en\\\/#\\\/schema\\\/person\\\/f329bf14c2fc5e0dbb4dafb58b61797c\",\"name\":\"St\u00e9phane Ollivier\",\"image\":{\"@type\":\"ImageObject\",\"inLanguage\":\"fr-FR\",\"@id\":\"https:\\\/\\\/secure.gravatar.com\\\/avatar\\\/6613fe44f57ccfd6a6c6afee445bd8c090af044838ad733a3ccd3a089688cf54?s=96&d=mm&r=g\",\"url\":\"https:\\\/\\\/secure.gravatar.com\\\/avatar\\\/6613fe44f57ccfd6a6c6afee445bd8c090af044838ad733a3ccd3a089688cf54?s=96&d=mm&r=g\",\"contentUrl\":\"https:\\\/\\\/secure.gravatar.com\\\/avatar\\\/6613fe44f57ccfd6a6c6afee445bd8c090af044838ad733a3ccd3a089688cf54?s=96&d=mm&r=g\",\"caption\":\"St\u00e9phane Ollivier\"},\"url\":\"https:\\\/\\\/www.ensembleintercontemporain.com\\\/fr\\\/author\\\/sollivier\\\/\"}]}<\/script>\n<!-- \/ Yoast SEO plugin. -->","yoast_head_json":{"title":"\"Newborn\". Entretien avec Roberto Negro et Nicolas Crosse. - Ensemble intercontemporain","robots":{"index":"index","follow":"follow","max-snippet":"max-snippet:-1","max-image-preview":"max-image-preview:large","max-video-preview":"max-video-preview:-1"},"canonical":"https:\/\/www.ensembleintercontemporain.com\/fr\/2022\/10\/newborn-entretien-avec-roberto-negro-et-nicolas-crosse\/","og_locale":"fr_FR","og_type":"article","og_title":"\"Newborn\". Entretien avec Roberto Negro et Nicolas Crosse. - Ensemble intercontemporain","og_description":"C\u2019est une exp\u00e9rience musicale in\u00e9dite que nous propose Roberto Negro avec Newborn, son nouveau projet r\u00e9alis\u00e9 en collaboration \u00e9troite avec les solistes de l\u2019Ensemble intercontemporain. Une rencontre unique en son genre, entre improvisation et composition, n\u00e9e d\u2019une autre rencontre entre ce musicien de la sc\u00e8ne jazz actuelle et Nicolas Crosse, contrebassiste de l\u2019EIC. Ils reviennent pour nous sur la gen\u00e8se de cette cr\u00e9ation originale qui sera jou\u00e9e pour la premi\u00e8re fois le 7\u00a0novembre 2022 \u00e0 La Filature de Mulhouse.\u00a0","og_url":"https:\/\/www.ensembleintercontemporain.com\/fr\/2022\/10\/newborn-entretien-avec-roberto-negro-et-nicolas-crosse\/","og_site_name":"Ensemble intercontemporain","article_published_time":"2022-10-31T15:29:45+00:00","og_image":[{"width":1920,"height":1278,"url":"http:\/\/www.ensembleintercontemporain.com\/content\/uploads\/2022\/10\/2022-03-01-trio-ensemble-intercontemporain-alauriol-12-mag.jpg","type":"image\/jpeg"}],"author":"St\u00e9phane Ollivier","twitter_card":"summary_large_image","twitter_misc":{"\u00c9crit par":"St\u00e9phane Ollivier","Dur\u00e9e de lecture estim\u00e9e":"7 minutes"},"schema":{"@context":"https:\/\/schema.org","@graph":[{"@type":"Article","@id":"https:\/\/www.ensembleintercontemporain.com\/fr\/2022\/10\/newborn-entretien-avec-roberto-negro-et-nicolas-crosse\/#article","isPartOf":{"@id":"https:\/\/www.ensembleintercontemporain.com\/fr\/2022\/10\/newborn-entretien-avec-roberto-negro-et-nicolas-crosse\/"},"author":{"name":"St\u00e9phane Ollivier","@id":"https:\/\/www.ensembleintercontemporain.com\/en\/#\/schema\/person\/f329bf14c2fc5e0dbb4dafb58b61797c"},"headline":"\u00ab\u00a0Newborn\u00a0\u00bb. Entretien avec Roberto Negro et Nicolas Crosse.","datePublished":"2022-10-31T15:29:45+00:00","mainEntityOfPage":{"@id":"https:\/\/www.ensembleintercontemporain.com\/fr\/2022\/10\/newborn-entretien-avec-roberto-negro-et-nicolas-crosse\/"},"wordCount":1276,"image":{"@id":"https:\/\/www.ensembleintercontemporain.com\/fr\/2022\/10\/newborn-entretien-avec-roberto-negro-et-nicolas-crosse\/#primaryimage"},"thumbnailUrl":"https:\/\/www.ensembleintercontemporain.com\/content\/uploads\/2022\/10\/2022-03-01-trio-ensemble-intercontemporain-alauriol-12-mag.jpg","keywords":["cr\u00e9ation musicale","jazz","Nicolas Crosse","roberto negro"],"articleSection":["Entretien"],"inLanguage":"fr-FR"},{"@type":"WebPage","@id":"https:\/\/www.ensembleintercontemporain.com\/fr\/2022\/10\/newborn-entretien-avec-roberto-negro-et-nicolas-crosse\/","url":"https:\/\/www.ensembleintercontemporain.com\/fr\/2022\/10\/newborn-entretien-avec-roberto-negro-et-nicolas-crosse\/","name":"\"Newborn\". Entretien avec Roberto Negro et Nicolas Crosse. - Ensemble intercontemporain","isPartOf":{"@id":"https:\/\/www.ensembleintercontemporain.com\/en\/#website"},"primaryImageOfPage":{"@id":"https:\/\/www.ensembleintercontemporain.com\/fr\/2022\/10\/newborn-entretien-avec-roberto-negro-et-nicolas-crosse\/#primaryimage"},"image":{"@id":"https:\/\/www.ensembleintercontemporain.com\/fr\/2022\/10\/newborn-entretien-avec-roberto-negro-et-nicolas-crosse\/#primaryimage"},"thumbnailUrl":"https:\/\/www.ensembleintercontemporain.com\/content\/uploads\/2022\/10\/2022-03-01-trio-ensemble-intercontemporain-alauriol-12-mag.jpg","datePublished":"2022-10-31T15:29:45+00:00","author":{"@id":"https:\/\/www.ensembleintercontemporain.com\/en\/#\/schema\/person\/f329bf14c2fc5e0dbb4dafb58b61797c"},"breadcrumb":{"@id":"https:\/\/www.ensembleintercontemporain.com\/fr\/2022\/10\/newborn-entretien-avec-roberto-negro-et-nicolas-crosse\/#breadcrumb"},"inLanguage":"fr-FR","potentialAction":[{"@type":"ReadAction","target":["https:\/\/www.ensembleintercontemporain.com\/fr\/2022\/10\/newborn-entretien-avec-roberto-negro-et-nicolas-crosse\/"]}]},{"@type":"ImageObject","inLanguage":"fr-FR","@id":"https:\/\/www.ensembleintercontemporain.com\/fr\/2022\/10\/newborn-entretien-avec-roberto-negro-et-nicolas-crosse\/#primaryimage","url":"https:\/\/www.ensembleintercontemporain.com\/content\/uploads\/2022\/10\/2022-03-01-trio-ensemble-intercontemporain-alauriol-12-mag.jpg","contentUrl":"https:\/\/www.ensembleintercontemporain.com\/content\/uploads\/2022\/10\/2022-03-01-trio-ensemble-intercontemporain-alauriol-12-mag.jpg","width":1920,"height":1278},{"@type":"BreadcrumbList","@id":"https:\/\/www.ensembleintercontemporain.com\/fr\/2022\/10\/newborn-entretien-avec-roberto-negro-et-nicolas-crosse\/#breadcrumb","itemListElement":[{"@type":"ListItem","position":1,"name":"Home","item":"https:\/\/www.ensembleintercontemporain.com\/fr\/"},{"@type":"ListItem","position":2,"name":"\u00ab\u00a0Newborn\u00a0\u00bb. Entretien avec Roberto Negro et Nicolas Crosse."}]},{"@type":"WebSite","@id":"https:\/\/www.ensembleintercontemporain.com\/en\/#website","url":"https:\/\/www.ensembleintercontemporain.com\/en\/","name":"Ensemble intercontemporain","description":"","potentialAction":[{"@type":"SearchAction","target":{"@type":"EntryPoint","urlTemplate":"https:\/\/www.ensembleintercontemporain.com\/en\/?s={search_term_string}"},"query-input":{"@type":"PropertyValueSpecification","valueRequired":true,"valueName":"search_term_string"}}],"inLanguage":"fr-FR"},{"@type":"Person","@id":"https:\/\/www.ensembleintercontemporain.com\/en\/#\/schema\/person\/f329bf14c2fc5e0dbb4dafb58b61797c","name":"St\u00e9phane Ollivier","image":{"@type":"ImageObject","inLanguage":"fr-FR","@id":"https:\/\/secure.gravatar.com\/avatar\/6613fe44f57ccfd6a6c6afee445bd8c090af044838ad733a3ccd3a089688cf54?s=96&d=mm&r=g","url":"https:\/\/secure.gravatar.com\/avatar\/6613fe44f57ccfd6a6c6afee445bd8c090af044838ad733a3ccd3a089688cf54?s=96&d=mm&r=g","contentUrl":"https:\/\/secure.gravatar.com\/avatar\/6613fe44f57ccfd6a6c6afee445bd8c090af044838ad733a3ccd3a089688cf54?s=96&d=mm&r=g","caption":"St\u00e9phane Ollivier"},"url":"https:\/\/www.ensembleintercontemporain.com\/fr\/author\/sollivier\/"}]}},"_links":{"self":[{"href":"https:\/\/www.ensembleintercontemporain.com\/fr\/wp-json\/wp\/v2\/posts\/23436\/"}],"collection":[{"href":"https:\/\/www.ensembleintercontemporain.com\/fr\/wp-json\/wp\/v2\/posts\/"}],"about":[{"href":"https:\/\/www.ensembleintercontemporain.com\/fr\/wp-json\/wp\/v2\/types\/post\/"}],"author":[{"embeddable":true,"href":"https:\/\/www.ensembleintercontemporain.com\/fr\/wp-json\/wp\/v2\/users\/198\/"}],"replies":[{"embeddable":true,"href":"https:\/\/www.ensembleintercontemporain.com\/fr\/wp-json\/wp\/v2\/comments\/?post=23436"}],"version-history":[{"count":9,"href":"https:\/\/www.ensembleintercontemporain.com\/fr\/wp-json\/wp\/v2\/posts\/23436\/revisions\/"}],"predecessor-version":[{"id":23452,"href":"https:\/\/www.ensembleintercontemporain.com\/fr\/wp-json\/wp\/v2\/posts\/23436\/revisions\/23452\/"}],"wp:featuredmedia":[{"embeddable":true,"href":"https:\/\/www.ensembleintercontemporain.com\/fr\/wp-json\/wp\/v2\/media\/23437\/"}],"wp:attachment":[{"href":"https:\/\/www.ensembleintercontemporain.com\/fr\/wp-json\/wp\/v2\/media\/?parent=23436"}],"wp:term":[{"taxonomy":"category","embeddable":true,"href":"https:\/\/www.ensembleintercontemporain.com\/fr\/wp-json\/wp\/v2\/categories\/?post=23436"},{"taxonomy":"post_tag","embeddable":true,"href":"https:\/\/www.ensembleintercontemporain.com\/fr\/wp-json\/wp\/v2\/tags\/?post=23436"}],"curies":[{"name":"wp","href":"https:\/\/api.w.org\/{rel}","templated":true}]}}