{"id":23424,"date":"2022-10-27T17:42:58","date_gmt":"2022-10-27T15:42:58","guid":{"rendered":"https:\/\/www.ensembleintercontemporain.com\/?p=23424"},"modified":"2022-10-27T17:49:25","modified_gmt":"2022-10-27T15:49:25","slug":"sonic-eclipse-de-matthias-pintscher","status":"publish","type":"post","link":"https:\/\/www.ensembleintercontemporain.com\/fr\/2022\/10\/sonic-eclipse-de-matthias-pintscher\/","title":{"rendered":"\u00ab\u00a0sonic eclipse\u00a0\u00bb de Matthias Pintscher."},"content":{"rendered":"<p><span style=\"color: #003366;\"><strong><img loading=\"lazy\" decoding=\"async\" class=\"aligncenter size-full wp-image-23425\" src=\"http:\/\/www.ensembleintercontemporain.com\/content\/uploads\/2022\/10\/dscf0910ceic.jpg\" alt=\"\" width=\"2000\" height=\"1315\" srcset=\"https:\/\/www.ensembleintercontemporain.com\/content\/uploads\/2022\/10\/dscf0910ceic.jpg 2000w, https:\/\/www.ensembleintercontemporain.com\/content\/uploads\/2022\/10\/dscf0910ceic-300x197.jpg 300w, https:\/\/www.ensembleintercontemporain.com\/content\/uploads\/2022\/10\/dscf0910ceic-1024x673.jpg 1024w, https:\/\/www.ensembleintercontemporain.com\/content\/uploads\/2022\/10\/dscf0910ceic-768x505.jpg 768w, https:\/\/www.ensembleintercontemporain.com\/content\/uploads\/2022\/10\/dscf0910ceic-1536x1010.jpg 1536w\" sizes=\"auto, (max-width: 2000px) 100vw, 2000px\" \/><\/strong><\/span><\/p>\n<p><span style=\"color: #003366;\"><strong><span style=\"font-size: 14pt;\">J<\/span>ean-Christophe Vervoitte sera le<a href=\"https:\/\/www.ensembleintercontemporain.com\/fr\/concert\/sonic-eclipse-2022-11-01-19h30-berlin\/\"> 1<sup>er<\/sup> novembre \u00e0 Berlin<\/a> pour jouer le cycle \u00ab\u00a0cosmico-musical\u00a0\u00bb <em>sonic eclipse<\/em> de Matthias Pintscher. L\u2019occasion pour le corniste de partager son exp\u00e9rience d\u2019une \u0153uvre toute en \u00e9clipse\u2026instrumentale. \u00a0 \u00a0<\/strong><\/span><\/p>\n<p><span style=\"font-size: 14pt;\">Ce qui m\u2019a tout de suite frapp\u00e9 d\u00e8s les premi\u00e8res r\u00e9p\u00e9titions de <em>sonic eclipse<\/em>, c\u2019est le d\u00e9fi technique que cette \u0153uvre repr\u00e9sente. Quand on d\u00e9couvre la partition, on est surpris par sa volubilit\u00e9 et sa difficult\u00e9 tactile. C\u2019est une pi\u00e8ce qui exige \u00e9norm\u00e9ment de travail et de temps pour \u00ab\u00a0l\u2019apprivoiser\u00a0\u00bb ainsi qu\u2019une endurance et une puissance rares. S\u2019agissant de l\u2019\u00e9criture pour cor, le langage qu\u2019y d\u00e9ploie Matthias Pintscher fait abstraction des caract\u00e9ristiques techniques de l\u2019instrument, notamment sur le plan des registres \u2014 avec, par exemple, des cadences qui commencent dans le suraigu et finissent dans le grave extr\u00eame, entrecoup\u00e9es d\u2019\u00e9lans de virtuosit\u00e9. On pourrait presque penser qu\u2019elle a \u00e9t\u00e9 \u00e9crite ind\u00e9pendamment des contingences techniques de l\u2019instrument. Cependant, pass\u00e9e cette premi\u00e8re impression, on arrive progressivement \u00e0 s\u2019affranchir de ces difficult\u00e9s pour arriver \u00e0 une forme de naturel dans l\u2019ex\u00e9cution. Comme si on faisait sauter les verrous de l\u2019impossible. R\u00e9sultat\u00a0: le cor qu\u2019on y entend ne ressemble pas vraiment \u00e0 celui qu\u2019on a dans l\u2019oreille habituellement.<\/span><\/p>\n<p><span style=\"font-size: 14pt;\">L\u2019id\u00e9e d\u2019\u00e9clipse, se retrouve dans le dispositif m\u00eame de la pi\u00e8ce. Dans le premier mouvement, je suis dans l\u2019orchestre et j\u2019accompagne le trompettiste qui est alors soliste \u2014 comme un astre masqu\u00e9 par un autre. Dans le deuxi\u00e8me, le trompettiste r\u00e9int\u00e8gre les rangs de l\u2019orchestre tandis que j\u2019en sors \u2014 comme si l\u2019astre cach\u00e9 sortait de l\u2019ombre pour s\u2019interposer aux yeux de l\u2019observateur. Enfin, dans le final, nous sommes tous les deux mis en avant. L\u2019id\u00e9e de cyclicit\u00e9 et de r\u00e9volution plan\u00e9taire se retrouve \u00e9galement dans la r\u00e9currence de certaines figures musicales, qui reviennent p\u00e9riodiquement comme ces com\u00e8tes qui sortent une fois tous les 500 ans des profondeurs du cosmos pour venir se r\u00e9chauffer pr\u00e8s du soleil. Matthias n\u2019h\u00e9site pas \u00e0 jalonner ainsi sa partition de mat\u00e9riau th\u00e9matique imm\u00e9diatement reconnaissable.<\/span><\/p>\n<p><span style=\"font-size: 14pt;\"><br \/>\n<img loading=\"lazy\" decoding=\"async\" class=\"aligncenter size-large wp-image-23427\" src=\"http:\/\/www.ensembleintercontemporain.com\/content\/uploads\/2022\/10\/dscf3384-1024x708.jpg\" alt=\"\" width=\"1024\" height=\"708\" srcset=\"https:\/\/www.ensembleintercontemporain.com\/content\/uploads\/2022\/10\/dscf3384-1024x708.jpg 1024w, https:\/\/www.ensembleintercontemporain.com\/content\/uploads\/2022\/10\/dscf3384-300x207.jpg 300w, https:\/\/www.ensembleintercontemporain.com\/content\/uploads\/2022\/10\/dscf3384-768x531.jpg 768w, https:\/\/www.ensembleintercontemporain.com\/content\/uploads\/2022\/10\/dscf3384-1536x1062.jpg 1536w, https:\/\/www.ensembleintercontemporain.com\/content\/uploads\/2022\/10\/dscf3384-2048x1416.jpg 2048w\" sizes=\"auto, (max-width: 1024px) 100vw, 1024px\" \/><br \/>\n<\/span><\/p>\n<p style=\"text-align: left;\"><span style=\"font-size: 14pt;\"><em>sonic eclipse<\/em> est un pr\u00e9cipit\u00e9 du style musical de Matthias, avec notamment une tr\u00e8s belle orchestration, vivante et transparente, avec des couleurs fascinantes et des rythmiques tr\u00e8s d\u00e9finies. C\u2019est une \u0153uvre facile d\u2019acc\u00e8s pour tous les publics, virtuose et spectaculaire. Raison pour laquelle, sans doute, nous l\u2019avons beaucoup jou\u00e9e ces derni\u00e8res ann\u00e9es, toujours avec succ\u00e8s\u00a0: elle est devenue la carte de visite de l\u2019Ensemble intercontemporain avec Matthias Pintscher \u00e0 sa t\u00eate.<\/span><\/p>\n<p style=\"text-align: right;\"><span style=\"font-size: 14pt;\"><br \/>\n<span style=\"font-size: 12pt;\"><em>Propos recueillis par J\u00e9r\u00e9mie Szpirglas\u00a0<\/em><\/span><\/span><\/p>\n<p>&nbsp;<\/p>\n<p><span style=\"color: #003366;\"><strong>Et aussi un reportage vid\u00e9o sur <em>sonic eclipse<\/em> de Matthias Pintscher\u00a0<\/strong><\/span><\/p>\n<p><iframe loading=\"lazy\" title=\"YouTube video player\" src=\"https:\/\/www.youtube.com\/embed\/Ujo7SgDW6r8\" width=\"560\" height=\"315\" frameborder=\"0\" allowfullscreen=\"allowfullscreen\"><\/iframe><\/p>\n<p>Photos\u00a0\u00a9 EIC<\/p>\n","protected":false},"excerpt":{"rendered":"<p>Jean-Christophe Vervoitte sera le 1er novembre \u00e0 Berlin pour jouer le cycle \u00ab\u00a0cosmico-musical\u00a0\u00bb <em>sonic eclipse<\/em> de Matthias Pintscher. L\u2019occasion pour le corniste de partager son exp\u00e9rience d\u2019une \u0153uvre toute en \u00e9clipse\u2026instrumentale.<\/p>\n","protected":false},"author":135,"featured_media":23425,"comment_status":"closed","ping_status":"closed","sticky":false,"template":"","format":"standard","meta":{"_acf_changed":false,"footnotes":""},"categories":[102],"tags":[43,44,560],"class_list":["post-23424","post","type-post","status-publish","format-standard","has-post-thumbnail","hentry","category-eclairage","tag-cor","tag-jean-christophe-vervoitte","tag-matthias-pintscher","concert-sonic-eclipse"],"acf":[],"yoast_head":"<!-- This site is optimized with the Yoast SEO plugin v27.5 - https:\/\/yoast.com\/product\/yoast-seo-wordpress\/ -->\n<title>&quot;sonic eclipse&quot; de Matthias Pintscher. - Ensemble intercontemporain<\/title>\n<meta name=\"robots\" content=\"index, follow, max-snippet:-1, max-image-preview:large, max-video-preview:-1\" \/>\n<link rel=\"canonical\" href=\"https:\/\/www.ensembleintercontemporain.com\/fr\/2022\/10\/sonic-eclipse-de-matthias-pintscher\/\" \/>\n<meta property=\"og:locale\" content=\"fr_FR\" \/>\n<meta property=\"og:type\" content=\"article\" \/>\n<meta property=\"og:title\" content=\"&quot;sonic eclipse&quot; de Matthias Pintscher. - Ensemble intercontemporain\" \/>\n<meta property=\"og:description\" content=\"Jean-Christophe Vervoitte sera le 1er novembre \u00e0 Berlin pour jouer le cycle \u00ab\u00a0cosmico-musical\u00a0\u00bb sonic eclipse de Matthias Pintscher. L\u2019occasion pour le corniste de partager son exp\u00e9rience d\u2019une \u0153uvre toute en \u00e9clipse\u2026instrumentale.\" \/>\n<meta property=\"og:url\" content=\"https:\/\/www.ensembleintercontemporain.com\/fr\/2022\/10\/sonic-eclipse-de-matthias-pintscher\/\" \/>\n<meta property=\"og:site_name\" content=\"Ensemble intercontemporain\" \/>\n<meta property=\"article:published_time\" content=\"2022-10-27T15:42:58+00:00\" \/>\n<meta property=\"article:modified_time\" content=\"2022-10-27T15:49:25+00:00\" \/>\n<meta property=\"og:image\" content=\"http:\/\/www.ensembleintercontemporain.com\/content\/uploads\/2022\/10\/dscf0910ceic.jpg\" \/>\n\t<meta property=\"og:image:width\" content=\"2000\" \/>\n\t<meta property=\"og:image:height\" content=\"1315\" \/>\n\t<meta property=\"og:image:type\" content=\"image\/jpeg\" \/>\n<meta name=\"author\" content=\"Jean-Christophe Vervoitte\" \/>\n<meta name=\"twitter:card\" content=\"summary_large_image\" \/>\n<meta name=\"twitter:label1\" content=\"\u00c9crit par\" \/>\n\t<meta name=\"twitter:data1\" content=\"Jean-Christophe Vervoitte\" \/>\n\t<meta name=\"twitter:label2\" content=\"Dur\u00e9e de lecture estim\u00e9e\" \/>\n\t<meta name=\"twitter:data2\" content=\"3 minutes\" \/>\n<script type=\"application\/ld+json\" class=\"yoast-schema-graph\">{\"@context\":\"https:\\\/\\\/schema.org\",\"@graph\":[{\"@type\":\"Article\",\"@id\":\"https:\\\/\\\/www.ensembleintercontemporain.com\\\/fr\\\/2022\\\/10\\\/sonic-eclipse-de-matthias-pintscher\\\/#article\",\"isPartOf\":{\"@id\":\"https:\\\/\\\/www.ensembleintercontemporain.com\\\/fr\\\/2022\\\/10\\\/sonic-eclipse-de-matthias-pintscher\\\/\"},\"author\":{\"name\":\"Jean-Christophe Vervoitte\",\"@id\":\"https:\\\/\\\/www.ensembleintercontemporain.com\\\/en\\\/#\\\/schema\\\/person\\\/f2a48167ae68d04576b61c7d38e7ea58\"},\"headline\":\"\u00ab\u00a0sonic eclipse\u00a0\u00bb de Matthias Pintscher.\",\"datePublished\":\"2022-10-27T15:42:58+00:00\",\"dateModified\":\"2022-10-27T15:49:25+00:00\",\"mainEntityOfPage\":{\"@id\":\"https:\\\/\\\/www.ensembleintercontemporain.com\\\/fr\\\/2022\\\/10\\\/sonic-eclipse-de-matthias-pintscher\\\/\"},\"wordCount\":498,\"image\":{\"@id\":\"https:\\\/\\\/www.ensembleintercontemporain.com\\\/fr\\\/2022\\\/10\\\/sonic-eclipse-de-matthias-pintscher\\\/#primaryimage\"},\"thumbnailUrl\":\"https:\\\/\\\/www.ensembleintercontemporain.com\\\/content\\\/uploads\\\/2022\\\/10\\\/dscf0910ceic.jpg\",\"keywords\":[\"Cor\",\"Jean-Christophe Vervoitte\",\"matthias pintscher\"],\"articleSection\":[\"\u00c9clairage\"],\"inLanguage\":\"fr-FR\"},{\"@type\":\"WebPage\",\"@id\":\"https:\\\/\\\/www.ensembleintercontemporain.com\\\/fr\\\/2022\\\/10\\\/sonic-eclipse-de-matthias-pintscher\\\/\",\"url\":\"https:\\\/\\\/www.ensembleintercontemporain.com\\\/fr\\\/2022\\\/10\\\/sonic-eclipse-de-matthias-pintscher\\\/\",\"name\":\"\\\"sonic eclipse\\\" de Matthias Pintscher. - Ensemble intercontemporain\",\"isPartOf\":{\"@id\":\"https:\\\/\\\/www.ensembleintercontemporain.com\\\/en\\\/#website\"},\"primaryImageOfPage\":{\"@id\":\"https:\\\/\\\/www.ensembleintercontemporain.com\\\/fr\\\/2022\\\/10\\\/sonic-eclipse-de-matthias-pintscher\\\/#primaryimage\"},\"image\":{\"@id\":\"https:\\\/\\\/www.ensembleintercontemporain.com\\\/fr\\\/2022\\\/10\\\/sonic-eclipse-de-matthias-pintscher\\\/#primaryimage\"},\"thumbnailUrl\":\"https:\\\/\\\/www.ensembleintercontemporain.com\\\/content\\\/uploads\\\/2022\\\/10\\\/dscf0910ceic.jpg\",\"datePublished\":\"2022-10-27T15:42:58+00:00\",\"dateModified\":\"2022-10-27T15:49:25+00:00\",\"author\":{\"@id\":\"https:\\\/\\\/www.ensembleintercontemporain.com\\\/en\\\/#\\\/schema\\\/person\\\/f2a48167ae68d04576b61c7d38e7ea58\"},\"breadcrumb\":{\"@id\":\"https:\\\/\\\/www.ensembleintercontemporain.com\\\/fr\\\/2022\\\/10\\\/sonic-eclipse-de-matthias-pintscher\\\/#breadcrumb\"},\"inLanguage\":\"fr-FR\",\"potentialAction\":[{\"@type\":\"ReadAction\",\"target\":[\"https:\\\/\\\/www.ensembleintercontemporain.com\\\/fr\\\/2022\\\/10\\\/sonic-eclipse-de-matthias-pintscher\\\/\"]}]},{\"@type\":\"ImageObject\",\"inLanguage\":\"fr-FR\",\"@id\":\"https:\\\/\\\/www.ensembleintercontemporain.com\\\/fr\\\/2022\\\/10\\\/sonic-eclipse-de-matthias-pintscher\\\/#primaryimage\",\"url\":\"https:\\\/\\\/www.ensembleintercontemporain.com\\\/content\\\/uploads\\\/2022\\\/10\\\/dscf0910ceic.jpg\",\"contentUrl\":\"https:\\\/\\\/www.ensembleintercontemporain.com\\\/content\\\/uploads\\\/2022\\\/10\\\/dscf0910ceic.jpg\",\"width\":2000,\"height\":1315},{\"@type\":\"BreadcrumbList\",\"@id\":\"https:\\\/\\\/www.ensembleintercontemporain.com\\\/fr\\\/2022\\\/10\\\/sonic-eclipse-de-matthias-pintscher\\\/#breadcrumb\",\"itemListElement\":[{\"@type\":\"ListItem\",\"position\":1,\"name\":\"Home\",\"item\":\"https:\\\/\\\/www.ensembleintercontemporain.com\\\/fr\\\/\"},{\"@type\":\"ListItem\",\"position\":2,\"name\":\"\u00ab\u00a0sonic eclipse\u00a0\u00bb de Matthias Pintscher.\"}]},{\"@type\":\"WebSite\",\"@id\":\"https:\\\/\\\/www.ensembleintercontemporain.com\\\/en\\\/#website\",\"url\":\"https:\\\/\\\/www.ensembleintercontemporain.com\\\/en\\\/\",\"name\":\"Ensemble intercontemporain\",\"description\":\"\",\"potentialAction\":[{\"@type\":\"SearchAction\",\"target\":{\"@type\":\"EntryPoint\",\"urlTemplate\":\"https:\\\/\\\/www.ensembleintercontemporain.com\\\/en\\\/?s={search_term_string}\"},\"query-input\":{\"@type\":\"PropertyValueSpecification\",\"valueRequired\":true,\"valueName\":\"search_term_string\"}}],\"inLanguage\":\"fr-FR\"},{\"@type\":\"Person\",\"@id\":\"https:\\\/\\\/www.ensembleintercontemporain.com\\\/en\\\/#\\\/schema\\\/person\\\/f2a48167ae68d04576b61c7d38e7ea58\",\"name\":\"Jean-Christophe Vervoitte\",\"image\":{\"@type\":\"ImageObject\",\"inLanguage\":\"fr-FR\",\"@id\":\"https:\\\/\\\/secure.gravatar.com\\\/avatar\\\/95ef6dbe3e5ec4c7f254ff6dba4c6f8701574374e5e28cec2c645ca30b257565?s=96&d=mm&r=g\",\"url\":\"https:\\\/\\\/secure.gravatar.com\\\/avatar\\\/95ef6dbe3e5ec4c7f254ff6dba4c6f8701574374e5e28cec2c645ca30b257565?s=96&d=mm&r=g\",\"contentUrl\":\"https:\\\/\\\/secure.gravatar.com\\\/avatar\\\/95ef6dbe3e5ec4c7f254ff6dba4c6f8701574374e5e28cec2c645ca30b257565?s=96&d=mm&r=g\",\"caption\":\"Jean-Christophe Vervoitte\"},\"url\":\"https:\\\/\\\/www.ensembleintercontemporain.com\\\/fr\\\/author\\\/jean-christophe-vervoitte\\\/\"}]}<\/script>\n<!-- \/ Yoast SEO plugin. -->","yoast_head_json":{"title":"\"sonic eclipse\" de Matthias Pintscher. - Ensemble intercontemporain","robots":{"index":"index","follow":"follow","max-snippet":"max-snippet:-1","max-image-preview":"max-image-preview:large","max-video-preview":"max-video-preview:-1"},"canonical":"https:\/\/www.ensembleintercontemporain.com\/fr\/2022\/10\/sonic-eclipse-de-matthias-pintscher\/","og_locale":"fr_FR","og_type":"article","og_title":"\"sonic eclipse\" de Matthias Pintscher. - Ensemble intercontemporain","og_description":"Jean-Christophe Vervoitte sera le 1er novembre \u00e0 Berlin pour jouer le cycle \u00ab\u00a0cosmico-musical\u00a0\u00bb sonic eclipse de Matthias Pintscher. L\u2019occasion pour le corniste de partager son exp\u00e9rience d\u2019une \u0153uvre toute en \u00e9clipse\u2026instrumentale.","og_url":"https:\/\/www.ensembleintercontemporain.com\/fr\/2022\/10\/sonic-eclipse-de-matthias-pintscher\/","og_site_name":"Ensemble intercontemporain","article_published_time":"2022-10-27T15:42:58+00:00","article_modified_time":"2022-10-27T15:49:25+00:00","og_image":[{"width":2000,"height":1315,"url":"http:\/\/www.ensembleintercontemporain.com\/content\/uploads\/2022\/10\/dscf0910ceic.jpg","type":"image\/jpeg"}],"author":"Jean-Christophe Vervoitte","twitter_card":"summary_large_image","twitter_misc":{"\u00c9crit par":"Jean-Christophe Vervoitte","Dur\u00e9e de lecture estim\u00e9e":"3 minutes"},"schema":{"@context":"https:\/\/schema.org","@graph":[{"@type":"Article","@id":"https:\/\/www.ensembleintercontemporain.com\/fr\/2022\/10\/sonic-eclipse-de-matthias-pintscher\/#article","isPartOf":{"@id":"https:\/\/www.ensembleintercontemporain.com\/fr\/2022\/10\/sonic-eclipse-de-matthias-pintscher\/"},"author":{"name":"Jean-Christophe Vervoitte","@id":"https:\/\/www.ensembleintercontemporain.com\/en\/#\/schema\/person\/f2a48167ae68d04576b61c7d38e7ea58"},"headline":"\u00ab\u00a0sonic eclipse\u00a0\u00bb de Matthias Pintscher.","datePublished":"2022-10-27T15:42:58+00:00","dateModified":"2022-10-27T15:49:25+00:00","mainEntityOfPage":{"@id":"https:\/\/www.ensembleintercontemporain.com\/fr\/2022\/10\/sonic-eclipse-de-matthias-pintscher\/"},"wordCount":498,"image":{"@id":"https:\/\/www.ensembleintercontemporain.com\/fr\/2022\/10\/sonic-eclipse-de-matthias-pintscher\/#primaryimage"},"thumbnailUrl":"https:\/\/www.ensembleintercontemporain.com\/content\/uploads\/2022\/10\/dscf0910ceic.jpg","keywords":["Cor","Jean-Christophe Vervoitte","matthias pintscher"],"articleSection":["\u00c9clairage"],"inLanguage":"fr-FR"},{"@type":"WebPage","@id":"https:\/\/www.ensembleintercontemporain.com\/fr\/2022\/10\/sonic-eclipse-de-matthias-pintscher\/","url":"https:\/\/www.ensembleintercontemporain.com\/fr\/2022\/10\/sonic-eclipse-de-matthias-pintscher\/","name":"\"sonic eclipse\" de Matthias Pintscher. - Ensemble intercontemporain","isPartOf":{"@id":"https:\/\/www.ensembleintercontemporain.com\/en\/#website"},"primaryImageOfPage":{"@id":"https:\/\/www.ensembleintercontemporain.com\/fr\/2022\/10\/sonic-eclipse-de-matthias-pintscher\/#primaryimage"},"image":{"@id":"https:\/\/www.ensembleintercontemporain.com\/fr\/2022\/10\/sonic-eclipse-de-matthias-pintscher\/#primaryimage"},"thumbnailUrl":"https:\/\/www.ensembleintercontemporain.com\/content\/uploads\/2022\/10\/dscf0910ceic.jpg","datePublished":"2022-10-27T15:42:58+00:00","dateModified":"2022-10-27T15:49:25+00:00","author":{"@id":"https:\/\/www.ensembleintercontemporain.com\/en\/#\/schema\/person\/f2a48167ae68d04576b61c7d38e7ea58"},"breadcrumb":{"@id":"https:\/\/www.ensembleintercontemporain.com\/fr\/2022\/10\/sonic-eclipse-de-matthias-pintscher\/#breadcrumb"},"inLanguage":"fr-FR","potentialAction":[{"@type":"ReadAction","target":["https:\/\/www.ensembleintercontemporain.com\/fr\/2022\/10\/sonic-eclipse-de-matthias-pintscher\/"]}]},{"@type":"ImageObject","inLanguage":"fr-FR","@id":"https:\/\/www.ensembleintercontemporain.com\/fr\/2022\/10\/sonic-eclipse-de-matthias-pintscher\/#primaryimage","url":"https:\/\/www.ensembleintercontemporain.com\/content\/uploads\/2022\/10\/dscf0910ceic.jpg","contentUrl":"https:\/\/www.ensembleintercontemporain.com\/content\/uploads\/2022\/10\/dscf0910ceic.jpg","width":2000,"height":1315},{"@type":"BreadcrumbList","@id":"https:\/\/www.ensembleintercontemporain.com\/fr\/2022\/10\/sonic-eclipse-de-matthias-pintscher\/#breadcrumb","itemListElement":[{"@type":"ListItem","position":1,"name":"Home","item":"https:\/\/www.ensembleintercontemporain.com\/fr\/"},{"@type":"ListItem","position":2,"name":"\u00ab\u00a0sonic eclipse\u00a0\u00bb de Matthias Pintscher."}]},{"@type":"WebSite","@id":"https:\/\/www.ensembleintercontemporain.com\/en\/#website","url":"https:\/\/www.ensembleintercontemporain.com\/en\/","name":"Ensemble intercontemporain","description":"","potentialAction":[{"@type":"SearchAction","target":{"@type":"EntryPoint","urlTemplate":"https:\/\/www.ensembleintercontemporain.com\/en\/?s={search_term_string}"},"query-input":{"@type":"PropertyValueSpecification","valueRequired":true,"valueName":"search_term_string"}}],"inLanguage":"fr-FR"},{"@type":"Person","@id":"https:\/\/www.ensembleintercontemporain.com\/en\/#\/schema\/person\/f2a48167ae68d04576b61c7d38e7ea58","name":"Jean-Christophe Vervoitte","image":{"@type":"ImageObject","inLanguage":"fr-FR","@id":"https:\/\/secure.gravatar.com\/avatar\/95ef6dbe3e5ec4c7f254ff6dba4c6f8701574374e5e28cec2c645ca30b257565?s=96&d=mm&r=g","url":"https:\/\/secure.gravatar.com\/avatar\/95ef6dbe3e5ec4c7f254ff6dba4c6f8701574374e5e28cec2c645ca30b257565?s=96&d=mm&r=g","contentUrl":"https:\/\/secure.gravatar.com\/avatar\/95ef6dbe3e5ec4c7f254ff6dba4c6f8701574374e5e28cec2c645ca30b257565?s=96&d=mm&r=g","caption":"Jean-Christophe Vervoitte"},"url":"https:\/\/www.ensembleintercontemporain.com\/fr\/author\/jean-christophe-vervoitte\/"}]}},"_links":{"self":[{"href":"https:\/\/www.ensembleintercontemporain.com\/fr\/wp-json\/wp\/v2\/posts\/23424\/"}],"collection":[{"href":"https:\/\/www.ensembleintercontemporain.com\/fr\/wp-json\/wp\/v2\/posts\/"}],"about":[{"href":"https:\/\/www.ensembleintercontemporain.com\/fr\/wp-json\/wp\/v2\/types\/post\/"}],"author":[{"embeddable":true,"href":"https:\/\/www.ensembleintercontemporain.com\/fr\/wp-json\/wp\/v2\/users\/135\/"}],"replies":[{"embeddable":true,"href":"https:\/\/www.ensembleintercontemporain.com\/fr\/wp-json\/wp\/v2\/comments\/?post=23424"}],"version-history":[{"count":5,"href":"https:\/\/www.ensembleintercontemporain.com\/fr\/wp-json\/wp\/v2\/posts\/23424\/revisions\/"}],"predecessor-version":[{"id":23435,"href":"https:\/\/www.ensembleintercontemporain.com\/fr\/wp-json\/wp\/v2\/posts\/23424\/revisions\/23435\/"}],"wp:featuredmedia":[{"embeddable":true,"href":"https:\/\/www.ensembleintercontemporain.com\/fr\/wp-json\/wp\/v2\/media\/23425\/"}],"wp:attachment":[{"href":"https:\/\/www.ensembleintercontemporain.com\/fr\/wp-json\/wp\/v2\/media\/?parent=23424"}],"wp:term":[{"taxonomy":"category","embeddable":true,"href":"https:\/\/www.ensembleintercontemporain.com\/fr\/wp-json\/wp\/v2\/categories\/?post=23424"},{"taxonomy":"post_tag","embeddable":true,"href":"https:\/\/www.ensembleintercontemporain.com\/fr\/wp-json\/wp\/v2\/tags\/?post=23424"}],"curies":[{"name":"wp","href":"https:\/\/api.w.org\/{rel}","templated":true}]}}