{"id":21403,"date":"2021-09-30T12:02:09","date_gmt":"2021-09-30T10:02:09","guid":{"rendered":"https:\/\/www.ensembleintercontemporain.com\/?p=21403"},"modified":"2021-10-04T12:42:29","modified_gmt":"2021-10-04T10:42:29","slug":"a-linterieur-dinterieur-entretien-avec-silvia-costa-metteuse-en-scene","status":"publish","type":"post","link":"https:\/\/www.ensembleintercontemporain.com\/fr\/2021\/09\/a-linterieur-dinterieur-entretien-avec-silvia-costa-metteuse-en-scene\/","title":{"rendered":"\u00c0 l\u2019int\u00e9rieur d\u2019Int\u00e9rieur. Entretien avec Silvia Costa, metteuse en sc\u00e8ne."},"content":{"rendered":"<p><span style=\"color: #003366; font-size: 14pt;\"><strong><img loading=\"lazy\" decoding=\"async\" class=\"aligncenter size-full wp-image-21404\" src=\"http:\/\/www.ensembleintercontemporain.com\/content\/uploads\/2021\/09\/silvia-costa-2.jpeg\" alt=\"\" width=\"1920\" height=\"1308\" srcset=\"https:\/\/www.ensembleintercontemporain.com\/content\/uploads\/2021\/09\/silvia-costa-2.jpeg 1920w, https:\/\/www.ensembleintercontemporain.com\/content\/uploads\/2021\/09\/silvia-costa-2-300x204.jpeg 300w, https:\/\/www.ensembleintercontemporain.com\/content\/uploads\/2021\/09\/silvia-costa-2-1024x698.jpeg 1024w, https:\/\/www.ensembleintercontemporain.com\/content\/uploads\/2021\/09\/silvia-costa-2-768x523.jpeg 768w, https:\/\/www.ensembleintercontemporain.com\/content\/uploads\/2021\/09\/silvia-costa-2-1536x1046.jpeg 1536w\" sizes=\"auto, (max-width: 1920px) 100vw, 1920px\" \/><\/strong><\/span><\/p>\n<p><span style=\"color: #003366; font-size: 14pt;\"><strong><span style=\"font-size: 18pt;\">D<\/span>ans ses mises en sc\u00e8ne, Silvia Costa, qui est aussi com\u00e9dienne et plasticienne, utilise l\u2019espace, la lumi\u00e8re, les mots, les corps et la musique comme un seul mat\u00e9riau \u00e0 modeler. Elle livre une interpr\u00e9tation d\u2019<em>Int\u00e9rieur<\/em>, pi\u00e8ce de Maurice Maeterlinck, sur une cr\u00e9ation musicale du compositeur catalan Joan Magran\u00e9 Figuera, qui sera pr\u00e9sent\u00e9e, en cr\u00e9ation mondiale, les<a href=\"https:\/\/www.ensembleintercontemporain.com\/fr\/concert\/interieur-2021-10-22-20h00-paris\/\"> 22 et 23 octobre au Th\u00e9\u00e2tre du Ch\u00e2telet.<\/a><\/strong><\/span><\/p>\n<p><em>\u00a0<\/em><\/p>\n<p><span style=\"font-size: 14pt;\"><strong>Silvia, connaissiez-vous la pi\u00e8ce de Maurice Maeterlinck avant cette collaboration ?<br \/>\n<\/strong>De nom uniquement. En la lisant, je l\u2019ai trouv\u00e9e tr\u00e8s originale. Elle traite de la compassion, un th\u00e8me rarement abord\u00e9, avec pour argument l\u2019annonce de la mort d\u2019une enfant \u00e0 sa famille.\u00a0C\u2019est une pi\u00e8ce qui distille beaucoup de myst\u00e8res, avec des personnages arch\u00e9typaux, comme l\u2019ancien et l\u2019\u00e9tranger, qu\u2019on rencontre aussi dans le th\u00e9\u00e2tre grec. Maeterlinck tisse ces \u00e9l\u00e9ments dans une simplicit\u00e9 totale. J\u2019ai voulu recr\u00e9er cette construction avec les moyens \u00e0 ma disposition\u00a0: un orchestre, une composition musicale, un r\u00e9citant pour lequel la pi\u00e8ce a \u00e9t\u00e9 r\u00e9\u00e9crite et simplifi\u00e9e dans la version de Joan Magran\u00e9 Figuera, et une danseuse, le tout sur le grand espace sc\u00e9nique du Ch\u00e2telet.<\/span><\/p>\n<p><span style=\"font-size: 14pt;\"><strong>Que vous a inspir\u00e9 la musique de <\/strong><strong>Jo<\/strong><strong>an <\/strong><strong>Magran\u00e9 Figuera\u00a0?<br \/>\n<\/strong>J\u2019y trouve une dimension rituelle qui me pla\u00eet et j\u2019y reconnais la dimension \u00e9th\u00e9r\u00e9e, symboliste, du th\u00e9\u00e2tre de Maeterlinck. La composition contemporaine rel\u00e8ve le d\u00e9fi de faire de la musique une mati\u00e8re non fig\u00e9e. Cela peut \u00eatre un magma dans lequel on s\u2019engouffre, mais on y d\u00e9couvre parfois quelque chose de sculpt\u00e9, de d\u00e9licat, de pr\u00e9cis. C\u2019est le cas dans celle de Joan. Elle accompagne, elle tire un fil.<\/span><\/p>\n<p><span style=\"font-size: 14pt;\"><strong>Votre vision de plasticienne affleure dans vos propos. \u00cates-vous synesth\u00e8te\u00a0?<br \/>\n<\/strong>Oui. La musique m\u2019\u00e9voque des images, la lumi\u00e8re des sensations. C\u2019est tr\u00e8s utile quand on travaille dans un projet tel que celui-ci, pour traduire un \u00e9l\u00e9ment manquant en sollicitant d\u2019autres sens. Il faut entrer dans la t\u00eate du compositeur, se nourrir des mots du r\u00e9citant et trouver des solutions pour cr\u00e9er des images ou des structures assez ouvertes, pour que fonctionne la premi\u00e8re rencontre sur sc\u00e8ne de nos deux univers.<\/span><\/p>\n<p>&nbsp;<\/p>\n<p><span style=\"font-size: 14pt;\"><strong><img loading=\"lazy\" decoding=\"async\" class=\"alignleft size-medium wp-image-21406\" src=\"http:\/\/www.ensembleintercontemporain.com\/content\/uploads\/2021\/09\/maquette-mise-en-scene-300x286.jpg\" alt=\"\" width=\"300\" height=\"286\" srcset=\"https:\/\/www.ensembleintercontemporain.com\/content\/uploads\/2021\/09\/maquette-mise-en-scene-300x286.jpg 300w, https:\/\/www.ensembleintercontemporain.com\/content\/uploads\/2021\/09\/maquette-mise-en-scene-1024x977.jpg 1024w, https:\/\/www.ensembleintercontemporain.com\/content\/uploads\/2021\/09\/maquette-mise-en-scene-768x733.jpg 768w, https:\/\/www.ensembleintercontemporain.com\/content\/uploads\/2021\/09\/maquette-mise-en-scene.jpg 1280w\" sizes=\"auto, (max-width: 300px) 100vw, 300px\" \/>Votre premi\u00e8re attention s\u2019est port\u00e9e vers la d\u00e9limitation des espaces sc\u00e9niques. Pourquoi\u00a0?<br \/>\n<\/strong>La pi\u00e8ce traite des limites, entre l\u2019int\u00e9rieur et l\u2019ext\u00e9rieur, au travers des fen\u00eatres par lesquelles on observe la famille avant de lui annoncer la nouvelle fatidique, mais aussi des limites des corps face \u00e0 la mort. Il est aussi question de prot\u00e9ger la famille contre la douleur. Il faut selon moi des espaces pr\u00e9cis pour aborder de telles th\u00e9matiques. Joan Magran\u00e9 Figuera a \u00e9crit sa musique en pr\u00e9voyant le d\u00e9placement d\u2019un groupe de musiciens sur sc\u00e8ne. J\u2019utilise cet aspect processionnel. Je joue avec la musique et la d\u00e9ambulation pour imaginer une traduction de ces limites, en donnant au public des sensations de proximit\u00e9 puis d\u2019\u00e9loignement.<br \/>\n<\/span><\/p>\n<p>&nbsp;<\/p>\n<p><span style=\"font-size: 14pt;\"><strong>Comment utilisez-vous la lumi\u00e8re\u00a0?<br \/>\n<\/strong>C\u2019est elle qui trace les espaces. Lumi\u00e8re et musique sont les parois d\u2019une chambre mentale de la m\u00e9moire et des sentiments. Matteo Bambi, qui assure la r\u00e9gie lumi\u00e8re, m\u2019accompagne dans la cr\u00e9ation. Notre projet joue \u00e0 la fois sur une dimension architecturale et sur la cr\u00e9ation d\u2019ambiances, avec l\u2019ombre port\u00e9e des fen\u00eatres, visible au sol, et des effets d\u2019ambiance nocturne, d\u2019eau, de brouillard, qu\u2019il fallait retranscrire car ils sont li\u00e9s \u00e0 l\u2019\u00e9quilibre entre le visible et l\u2019invisible et participent \u00e0 l\u2019ouverture po\u00e9tique du langage. Joan les a d\u2019ailleurs pris en compte dans sa composition.<\/span><\/p>\n<p><span style=\"font-size: 14pt;\"><strong>Que repr\u00e9sente la danseuse\u00a0?<br \/>\n<\/strong>Elle s\u00e9dimente toute la complexit\u00e9 de l\u2019\u0153uvre. Elle repr\u00e9sente bien s\u00fbr la jeune fille retrouv\u00e9e morte, son souvenir, mais aussi son fant\u00f4me. Je cherche \u00e0 travers elle des images subconscientes, sur ce que veut dire la vie, le passage de la vie \u00e0 la mort. Mon travail est tr\u00e8s symbolique en g\u00e9n\u00e9ral, et parfois tr\u00e8s proche de la chor\u00e9graphie. Mon parcours d\u2019autodidacte, pass\u00e9e par l\u2019\u00e9tude des Beaux-Arts \u00e0 Venise, puis l\u2019exp\u00e9rience de la sc\u00e8ne, o\u00f9 je joue toujours, me rend sans doute sensible au geste.<\/span><\/p>\n<p><span style=\"font-size: 14pt;\"><strong>Pendant dix ans, vous avez collabor\u00e9 \u00e0 toutes les productions th\u00e9\u00e2trales et lyriques du metteur en sc\u00e8ne Romeo Castellucci. Quelle empreinte cela a-t-il laiss\u00e9 dans votre cr\u00e9ation\u00a0?<br \/>\n<\/strong>J\u2019ai surtout appris qu\u2019elle n\u2019a rien \u00e0 voir avec l\u2019inspiration, que c\u2019est un travail quotidien, qu\u2019un artiste doit toujours tout mettre en crise. Il me reste aussi la conviction qu\u2019il faut \u00eatre tr\u00e8s connect\u00e9 \u00e0 sa propre imagination. La mienne est tr\u00e8s po\u00e9tique, c\u2019est une recherche d\u2019id\u00e9al. <em>Int\u00e9rieur<\/em> m\u2019a boulevers\u00e9e par son humanit\u00e9 compatissante, si rare et pourtant si n\u00e9cessaire. Il ne faut jamais oublier l\u2019id\u00e9al.<\/span><\/p>\n<p>Photo \u00a9 Alan Chies<\/p>\n","protected":false},"excerpt":{"rendered":"<p>Dans ses mises en sc\u00e8ne, Silvia Costa, qui est aussi com\u00e9dienne et plasticienne, utilise l\u2019espace, la lumi\u00e8re, les mots, les corps et la musique comme un seul mat\u00e9riau \u00e0 modeler. Elle livre une interpr\u00e9tation d\u2019\u00a0\u00bbInt\u00e9rieur\u00a0\u00bb, pi\u00e8ce de Maurice Maeterlinck, sur une cr\u00e9ation musicale du compositeur catalan Joan Magran\u00e9 Figuera, qui sera pr\u00e9sent\u00e9e, en cr\u00e9ation mondiale, les 22 et 23 octobre au Th\u00e9\u00e2tre du Ch\u00e2telet.<\/p>\n","protected":false},"author":150,"featured_media":21404,"comment_status":"closed","ping_status":"closed","sticky":false,"template":"","format":"standard","meta":{"_acf_changed":false,"footnotes":""},"categories":[4],"tags":[61,1221,1069],"class_list":["post-21403","post","type-post","status-publish","format-standard","has-post-thumbnail","hentry","category-entretiens","tag-creation-musicale","tag-silvia-costa","tag-theatre-du-chatelet","concert-interieur"],"acf":[],"yoast_head":"<!-- This site is optimized with the Yoast SEO plugin v27.5 - https:\/\/yoast.com\/product\/yoast-seo-wordpress\/ -->\n<title>\u00c0 l\u2019int\u00e9rieur d\u2019Int\u00e9rieur. Entretien avec Silvia Costa, metteuse en sc\u00e8ne. - Ensemble intercontemporain<\/title>\n<meta name=\"robots\" content=\"index, follow, max-snippet:-1, max-image-preview:large, max-video-preview:-1\" \/>\n<link rel=\"canonical\" href=\"https:\/\/www.ensembleintercontemporain.com\/fr\/2021\/09\/a-linterieur-dinterieur-entretien-avec-silvia-costa-metteuse-en-scene\/\" \/>\n<meta property=\"og:locale\" content=\"fr_FR\" \/>\n<meta property=\"og:type\" content=\"article\" \/>\n<meta property=\"og:title\" content=\"\u00c0 l\u2019int\u00e9rieur d\u2019Int\u00e9rieur. Entretien avec Silvia Costa, metteuse en sc\u00e8ne. - Ensemble intercontemporain\" \/>\n<meta property=\"og:description\" content=\"Dans ses mises en sc\u00e8ne, Silvia Costa, qui est aussi com\u00e9dienne et plasticienne, utilise l\u2019espace, la lumi\u00e8re, les mots, les corps et la musique comme un seul mat\u00e9riau \u00e0 modeler. Elle livre une interpr\u00e9tation d\u2019&quot;Int\u00e9rieur&quot;, pi\u00e8ce de Maurice Maeterlinck, sur une cr\u00e9ation musicale du compositeur catalan Joan Magran\u00e9 Figuera, qui sera pr\u00e9sent\u00e9e, en cr\u00e9ation mondiale, les 22 et 23 octobre au Th\u00e9\u00e2tre du Ch\u00e2telet.\" \/>\n<meta property=\"og:url\" content=\"https:\/\/www.ensembleintercontemporain.com\/en\/2021\/09\/a-linterieur-dinterieur-entretien-avec-silvia-costa-metteuse-en-scene\/\" \/>\n<meta property=\"og:site_name\" content=\"Ensemble intercontemporain\" \/>\n<meta property=\"article:published_time\" content=\"2021-09-30T10:02:09+00:00\" \/>\n<meta property=\"article:modified_time\" content=\"2021-10-04T10:42:29+00:00\" \/>\n<meta property=\"og:image\" content=\"https:\/\/www.ensembleintercontemporain.com\/content\/uploads\/2021\/09\/silvia-costa-2.jpeg\" \/>\n\t<meta property=\"og:image:width\" content=\"1920\" \/>\n\t<meta property=\"og:image:height\" content=\"1308\" \/>\n\t<meta property=\"og:image:type\" content=\"image\/jpeg\" \/>\n<meta name=\"author\" content=\"Axelle Corty\" \/>\n<meta name=\"twitter:card\" content=\"summary_large_image\" \/>\n<meta name=\"twitter:label1\" content=\"\u00c9crit par\" \/>\n\t<meta name=\"twitter:data1\" content=\"Axelle Corty\" \/>\n\t<meta name=\"twitter:label2\" content=\"Dur\u00e9e de lecture estim\u00e9e\" \/>\n\t<meta name=\"twitter:data2\" content=\"4 minutes\" \/>\n<script type=\"application\/ld+json\" class=\"yoast-schema-graph\">{\"@context\":\"https:\\\/\\\/schema.org\",\"@graph\":[{\"@type\":\"Article\",\"@id\":\"https:\\\/\\\/www.ensembleintercontemporain.com\\\/en\\\/2021\\\/09\\\/a-linterieur-dinterieur-entretien-avec-silvia-costa-metteuse-en-scene\\\/#article\",\"isPartOf\":{\"@id\":\"https:\\\/\\\/www.ensembleintercontemporain.com\\\/en\\\/2021\\\/09\\\/a-linterieur-dinterieur-entretien-avec-silvia-costa-metteuse-en-scene\\\/\"},\"author\":{\"name\":\"Axelle Corty\",\"@id\":\"https:\\\/\\\/www.ensembleintercontemporain.com\\\/en\\\/#\\\/schema\\\/person\\\/b39aa84988c55394ebbb9a98242ecdbb\"},\"headline\":\"\u00c0 l\u2019int\u00e9rieur d\u2019Int\u00e9rieur. Entretien avec Silvia Costa, metteuse en sc\u00e8ne.\",\"datePublished\":\"2021-09-30T10:02:09+00:00\",\"dateModified\":\"2021-10-04T10:42:29+00:00\",\"mainEntityOfPage\":{\"@id\":\"https:\\\/\\\/www.ensembleintercontemporain.com\\\/en\\\/2021\\\/09\\\/a-linterieur-dinterieur-entretien-avec-silvia-costa-metteuse-en-scene\\\/\"},\"wordCount\":894,\"image\":{\"@id\":\"https:\\\/\\\/www.ensembleintercontemporain.com\\\/en\\\/2021\\\/09\\\/a-linterieur-dinterieur-entretien-avec-silvia-costa-metteuse-en-scene\\\/#primaryimage\"},\"thumbnailUrl\":\"https:\\\/\\\/www.ensembleintercontemporain.com\\\/content\\\/uploads\\\/2021\\\/09\\\/silvia-costa-2.jpeg\",\"keywords\":[\"cr\u00e9ation musicale\",\"Silvia Costa\",\"Th\u00e9\u00e2tre du ch\u00e2telet\"],\"articleSection\":[\"Entretien\"],\"inLanguage\":\"fr-FR\"},{\"@type\":\"WebPage\",\"@id\":\"https:\\\/\\\/www.ensembleintercontemporain.com\\\/en\\\/2021\\\/09\\\/a-linterieur-dinterieur-entretien-avec-silvia-costa-metteuse-en-scene\\\/\",\"url\":\"https:\\\/\\\/www.ensembleintercontemporain.com\\\/en\\\/2021\\\/09\\\/a-linterieur-dinterieur-entretien-avec-silvia-costa-metteuse-en-scene\\\/\",\"name\":\"\u00c0 l\u2019int\u00e9rieur d\u2019Int\u00e9rieur. Entretien avec Silvia Costa, metteuse en sc\u00e8ne. - Ensemble intercontemporain\",\"isPartOf\":{\"@id\":\"https:\\\/\\\/www.ensembleintercontemporain.com\\\/en\\\/#website\"},\"primaryImageOfPage\":{\"@id\":\"https:\\\/\\\/www.ensembleintercontemporain.com\\\/en\\\/2021\\\/09\\\/a-linterieur-dinterieur-entretien-avec-silvia-costa-metteuse-en-scene\\\/#primaryimage\"},\"image\":{\"@id\":\"https:\\\/\\\/www.ensembleintercontemporain.com\\\/en\\\/2021\\\/09\\\/a-linterieur-dinterieur-entretien-avec-silvia-costa-metteuse-en-scene\\\/#primaryimage\"},\"thumbnailUrl\":\"https:\\\/\\\/www.ensembleintercontemporain.com\\\/content\\\/uploads\\\/2021\\\/09\\\/silvia-costa-2.jpeg\",\"datePublished\":\"2021-09-30T10:02:09+00:00\",\"dateModified\":\"2021-10-04T10:42:29+00:00\",\"author\":{\"@id\":\"https:\\\/\\\/www.ensembleintercontemporain.com\\\/en\\\/#\\\/schema\\\/person\\\/b39aa84988c55394ebbb9a98242ecdbb\"},\"breadcrumb\":{\"@id\":\"https:\\\/\\\/www.ensembleintercontemporain.com\\\/en\\\/2021\\\/09\\\/a-linterieur-dinterieur-entretien-avec-silvia-costa-metteuse-en-scene\\\/#breadcrumb\"},\"inLanguage\":\"fr-FR\",\"potentialAction\":[{\"@type\":\"ReadAction\",\"target\":[\"https:\\\/\\\/www.ensembleintercontemporain.com\\\/en\\\/2021\\\/09\\\/a-linterieur-dinterieur-entretien-avec-silvia-costa-metteuse-en-scene\\\/\"]}]},{\"@type\":\"ImageObject\",\"inLanguage\":\"fr-FR\",\"@id\":\"https:\\\/\\\/www.ensembleintercontemporain.com\\\/en\\\/2021\\\/09\\\/a-linterieur-dinterieur-entretien-avec-silvia-costa-metteuse-en-scene\\\/#primaryimage\",\"url\":\"https:\\\/\\\/www.ensembleintercontemporain.com\\\/content\\\/uploads\\\/2021\\\/09\\\/silvia-costa-2.jpeg\",\"contentUrl\":\"https:\\\/\\\/www.ensembleintercontemporain.com\\\/content\\\/uploads\\\/2021\\\/09\\\/silvia-costa-2.jpeg\",\"width\":1920,\"height\":1308},{\"@type\":\"BreadcrumbList\",\"@id\":\"https:\\\/\\\/www.ensembleintercontemporain.com\\\/en\\\/2021\\\/09\\\/a-linterieur-dinterieur-entretien-avec-silvia-costa-metteuse-en-scene\\\/#breadcrumb\",\"itemListElement\":[{\"@type\":\"ListItem\",\"position\":1,\"name\":\"Home\",\"item\":\"https:\\\/\\\/www.ensembleintercontemporain.com\\\/fr\\\/\"},{\"@type\":\"ListItem\",\"position\":2,\"name\":\"\u00c0 l\u2019int\u00e9rieur d\u2019Int\u00e9rieur. Entretien avec Silvia Costa, metteuse en sc\u00e8ne.\"}]},{\"@type\":\"WebSite\",\"@id\":\"https:\\\/\\\/www.ensembleintercontemporain.com\\\/en\\\/#website\",\"url\":\"https:\\\/\\\/www.ensembleintercontemporain.com\\\/en\\\/\",\"name\":\"Ensemble intercontemporain\",\"description\":\"\",\"potentialAction\":[{\"@type\":\"SearchAction\",\"target\":{\"@type\":\"EntryPoint\",\"urlTemplate\":\"https:\\\/\\\/www.ensembleintercontemporain.com\\\/en\\\/?s={search_term_string}\"},\"query-input\":{\"@type\":\"PropertyValueSpecification\",\"valueRequired\":true,\"valueName\":\"search_term_string\"}}],\"inLanguage\":\"fr-FR\"},{\"@type\":\"Person\",\"@id\":\"https:\\\/\\\/www.ensembleintercontemporain.com\\\/en\\\/#\\\/schema\\\/person\\\/b39aa84988c55394ebbb9a98242ecdbb\",\"name\":\"Axelle Corty\",\"image\":{\"@type\":\"ImageObject\",\"inLanguage\":\"fr-FR\",\"@id\":\"https:\\\/\\\/secure.gravatar.com\\\/avatar\\\/ee7f15daa85f845c869d6e24507b28d428b84be8522b6b1fcb141f2f7c6bc0ac?s=96&d=mm&r=g\",\"url\":\"https:\\\/\\\/secure.gravatar.com\\\/avatar\\\/ee7f15daa85f845c869d6e24507b28d428b84be8522b6b1fcb141f2f7c6bc0ac?s=96&d=mm&r=g\",\"contentUrl\":\"https:\\\/\\\/secure.gravatar.com\\\/avatar\\\/ee7f15daa85f845c869d6e24507b28d428b84be8522b6b1fcb141f2f7c6bc0ac?s=96&d=mm&r=g\",\"caption\":\"Axelle Corty\"},\"url\":\"https:\\\/\\\/www.ensembleintercontemporain.com\\\/fr\\\/author\\\/acorty\\\/\"}]}<\/script>\n<!-- \/ Yoast SEO plugin. -->","yoast_head_json":{"title":"\u00c0 l\u2019int\u00e9rieur d\u2019Int\u00e9rieur. Entretien avec Silvia Costa, metteuse en sc\u00e8ne. - Ensemble intercontemporain","robots":{"index":"index","follow":"follow","max-snippet":"max-snippet:-1","max-image-preview":"max-image-preview:large","max-video-preview":"max-video-preview:-1"},"canonical":"https:\/\/www.ensembleintercontemporain.com\/fr\/2021\/09\/a-linterieur-dinterieur-entretien-avec-silvia-costa-metteuse-en-scene\/","og_locale":"fr_FR","og_type":"article","og_title":"\u00c0 l\u2019int\u00e9rieur d\u2019Int\u00e9rieur. Entretien avec Silvia Costa, metteuse en sc\u00e8ne. - Ensemble intercontemporain","og_description":"Dans ses mises en sc\u00e8ne, Silvia Costa, qui est aussi com\u00e9dienne et plasticienne, utilise l\u2019espace, la lumi\u00e8re, les mots, les corps et la musique comme un seul mat\u00e9riau \u00e0 modeler. Elle livre une interpr\u00e9tation d\u2019\"Int\u00e9rieur\", pi\u00e8ce de Maurice Maeterlinck, sur une cr\u00e9ation musicale du compositeur catalan Joan Magran\u00e9 Figuera, qui sera pr\u00e9sent\u00e9e, en cr\u00e9ation mondiale, les 22 et 23 octobre au Th\u00e9\u00e2tre du Ch\u00e2telet.","og_url":"https:\/\/www.ensembleintercontemporain.com\/en\/2021\/09\/a-linterieur-dinterieur-entretien-avec-silvia-costa-metteuse-en-scene\/","og_site_name":"Ensemble intercontemporain","article_published_time":"2021-09-30T10:02:09+00:00","article_modified_time":"2021-10-04T10:42:29+00:00","og_image":[{"width":1920,"height":1308,"url":"https:\/\/www.ensembleintercontemporain.com\/content\/uploads\/2021\/09\/silvia-costa-2.jpeg","type":"image\/jpeg"}],"author":"Axelle Corty","twitter_card":"summary_large_image","twitter_misc":{"\u00c9crit par":"Axelle Corty","Dur\u00e9e de lecture estim\u00e9e":"4 minutes"},"schema":{"@context":"https:\/\/schema.org","@graph":[{"@type":"Article","@id":"https:\/\/www.ensembleintercontemporain.com\/en\/2021\/09\/a-linterieur-dinterieur-entretien-avec-silvia-costa-metteuse-en-scene\/#article","isPartOf":{"@id":"https:\/\/www.ensembleintercontemporain.com\/en\/2021\/09\/a-linterieur-dinterieur-entretien-avec-silvia-costa-metteuse-en-scene\/"},"author":{"name":"Axelle Corty","@id":"https:\/\/www.ensembleintercontemporain.com\/en\/#\/schema\/person\/b39aa84988c55394ebbb9a98242ecdbb"},"headline":"\u00c0 l\u2019int\u00e9rieur d\u2019Int\u00e9rieur. Entretien avec Silvia Costa, metteuse en sc\u00e8ne.","datePublished":"2021-09-30T10:02:09+00:00","dateModified":"2021-10-04T10:42:29+00:00","mainEntityOfPage":{"@id":"https:\/\/www.ensembleintercontemporain.com\/en\/2021\/09\/a-linterieur-dinterieur-entretien-avec-silvia-costa-metteuse-en-scene\/"},"wordCount":894,"image":{"@id":"https:\/\/www.ensembleintercontemporain.com\/en\/2021\/09\/a-linterieur-dinterieur-entretien-avec-silvia-costa-metteuse-en-scene\/#primaryimage"},"thumbnailUrl":"https:\/\/www.ensembleintercontemporain.com\/content\/uploads\/2021\/09\/silvia-costa-2.jpeg","keywords":["cr\u00e9ation musicale","Silvia Costa","Th\u00e9\u00e2tre du ch\u00e2telet"],"articleSection":["Entretien"],"inLanguage":"fr-FR"},{"@type":"WebPage","@id":"https:\/\/www.ensembleintercontemporain.com\/en\/2021\/09\/a-linterieur-dinterieur-entretien-avec-silvia-costa-metteuse-en-scene\/","url":"https:\/\/www.ensembleintercontemporain.com\/en\/2021\/09\/a-linterieur-dinterieur-entretien-avec-silvia-costa-metteuse-en-scene\/","name":"\u00c0 l\u2019int\u00e9rieur d\u2019Int\u00e9rieur. Entretien avec Silvia Costa, metteuse en sc\u00e8ne. - Ensemble intercontemporain","isPartOf":{"@id":"https:\/\/www.ensembleintercontemporain.com\/en\/#website"},"primaryImageOfPage":{"@id":"https:\/\/www.ensembleintercontemporain.com\/en\/2021\/09\/a-linterieur-dinterieur-entretien-avec-silvia-costa-metteuse-en-scene\/#primaryimage"},"image":{"@id":"https:\/\/www.ensembleintercontemporain.com\/en\/2021\/09\/a-linterieur-dinterieur-entretien-avec-silvia-costa-metteuse-en-scene\/#primaryimage"},"thumbnailUrl":"https:\/\/www.ensembleintercontemporain.com\/content\/uploads\/2021\/09\/silvia-costa-2.jpeg","datePublished":"2021-09-30T10:02:09+00:00","dateModified":"2021-10-04T10:42:29+00:00","author":{"@id":"https:\/\/www.ensembleintercontemporain.com\/en\/#\/schema\/person\/b39aa84988c55394ebbb9a98242ecdbb"},"breadcrumb":{"@id":"https:\/\/www.ensembleintercontemporain.com\/en\/2021\/09\/a-linterieur-dinterieur-entretien-avec-silvia-costa-metteuse-en-scene\/#breadcrumb"},"inLanguage":"fr-FR","potentialAction":[{"@type":"ReadAction","target":["https:\/\/www.ensembleintercontemporain.com\/en\/2021\/09\/a-linterieur-dinterieur-entretien-avec-silvia-costa-metteuse-en-scene\/"]}]},{"@type":"ImageObject","inLanguage":"fr-FR","@id":"https:\/\/www.ensembleintercontemporain.com\/en\/2021\/09\/a-linterieur-dinterieur-entretien-avec-silvia-costa-metteuse-en-scene\/#primaryimage","url":"https:\/\/www.ensembleintercontemporain.com\/content\/uploads\/2021\/09\/silvia-costa-2.jpeg","contentUrl":"https:\/\/www.ensembleintercontemporain.com\/content\/uploads\/2021\/09\/silvia-costa-2.jpeg","width":1920,"height":1308},{"@type":"BreadcrumbList","@id":"https:\/\/www.ensembleintercontemporain.com\/en\/2021\/09\/a-linterieur-dinterieur-entretien-avec-silvia-costa-metteuse-en-scene\/#breadcrumb","itemListElement":[{"@type":"ListItem","position":1,"name":"Home","item":"https:\/\/www.ensembleintercontemporain.com\/fr\/"},{"@type":"ListItem","position":2,"name":"\u00c0 l\u2019int\u00e9rieur d\u2019Int\u00e9rieur. Entretien avec Silvia Costa, metteuse en sc\u00e8ne."}]},{"@type":"WebSite","@id":"https:\/\/www.ensembleintercontemporain.com\/en\/#website","url":"https:\/\/www.ensembleintercontemporain.com\/en\/","name":"Ensemble intercontemporain","description":"","potentialAction":[{"@type":"SearchAction","target":{"@type":"EntryPoint","urlTemplate":"https:\/\/www.ensembleintercontemporain.com\/en\/?s={search_term_string}"},"query-input":{"@type":"PropertyValueSpecification","valueRequired":true,"valueName":"search_term_string"}}],"inLanguage":"fr-FR"},{"@type":"Person","@id":"https:\/\/www.ensembleintercontemporain.com\/en\/#\/schema\/person\/b39aa84988c55394ebbb9a98242ecdbb","name":"Axelle Corty","image":{"@type":"ImageObject","inLanguage":"fr-FR","@id":"https:\/\/secure.gravatar.com\/avatar\/ee7f15daa85f845c869d6e24507b28d428b84be8522b6b1fcb141f2f7c6bc0ac?s=96&d=mm&r=g","url":"https:\/\/secure.gravatar.com\/avatar\/ee7f15daa85f845c869d6e24507b28d428b84be8522b6b1fcb141f2f7c6bc0ac?s=96&d=mm&r=g","contentUrl":"https:\/\/secure.gravatar.com\/avatar\/ee7f15daa85f845c869d6e24507b28d428b84be8522b6b1fcb141f2f7c6bc0ac?s=96&d=mm&r=g","caption":"Axelle Corty"},"url":"https:\/\/www.ensembleintercontemporain.com\/fr\/author\/acorty\/"}]}},"_links":{"self":[{"href":"https:\/\/www.ensembleintercontemporain.com\/fr\/wp-json\/wp\/v2\/posts\/21403\/"}],"collection":[{"href":"https:\/\/www.ensembleintercontemporain.com\/fr\/wp-json\/wp\/v2\/posts\/"}],"about":[{"href":"https:\/\/www.ensembleintercontemporain.com\/fr\/wp-json\/wp\/v2\/types\/post\/"}],"author":[{"embeddable":true,"href":"https:\/\/www.ensembleintercontemporain.com\/fr\/wp-json\/wp\/v2\/users\/150\/"}],"replies":[{"embeddable":true,"href":"https:\/\/www.ensembleintercontemporain.com\/fr\/wp-json\/wp\/v2\/comments\/?post=21403"}],"version-history":[{"count":8,"href":"https:\/\/www.ensembleintercontemporain.com\/fr\/wp-json\/wp\/v2\/posts\/21403\/revisions\/"}],"predecessor-version":[{"id":21414,"href":"https:\/\/www.ensembleintercontemporain.com\/fr\/wp-json\/wp\/v2\/posts\/21403\/revisions\/21414\/"}],"wp:featuredmedia":[{"embeddable":true,"href":"https:\/\/www.ensembleintercontemporain.com\/fr\/wp-json\/wp\/v2\/media\/21404\/"}],"wp:attachment":[{"href":"https:\/\/www.ensembleintercontemporain.com\/fr\/wp-json\/wp\/v2\/media\/?parent=21403"}],"wp:term":[{"taxonomy":"category","embeddable":true,"href":"https:\/\/www.ensembleintercontemporain.com\/fr\/wp-json\/wp\/v2\/categories\/?post=21403"},{"taxonomy":"post_tag","embeddable":true,"href":"https:\/\/www.ensembleintercontemporain.com\/fr\/wp-json\/wp\/v2\/tags\/?post=21403"}],"curies":[{"name":"wp","href":"https:\/\/api.w.org\/{rel}","templated":true}]}}