{"id":21157,"date":"2021-09-01T11:00:32","date_gmt":"2021-09-01T09:00:32","guid":{"rendered":"https:\/\/www.ensembleintercontemporain.com\/?p=21157"},"modified":"2021-09-23T14:36:40","modified_gmt":"2021-09-23T12:36:40","slug":"in-between-narcisse-une-experience-immersive","status":"publish","type":"post","link":"https:\/\/www.ensembleintercontemporain.com\/fr\/2021\/09\/in-between-narcisse-une-experience-immersive\/","title":{"rendered":"\u00ab In Between, Narcisse \u00bb : une exp\u00e9rience immersive."},"content":{"rendered":"<p><strong><span style=\"color: #003366; font-size: 14pt;\"><img loading=\"lazy\" decoding=\"async\" class=\"aligncenter size-full wp-image-21159\" src=\"http:\/\/www.ensembleintercontemporain.com\/content\/uploads\/2021\/08\/img5172-pp-2.jpg\" alt=\"\" width=\"1920\" height=\"1471\" srcset=\"https:\/\/www.ensembleintercontemporain.com\/content\/uploads\/2021\/08\/img5172-pp-2.jpg 1920w, https:\/\/www.ensembleintercontemporain.com\/content\/uploads\/2021\/08\/img5172-pp-2-300x230.jpg 300w, https:\/\/www.ensembleintercontemporain.com\/content\/uploads\/2021\/08\/img5172-pp-2-1024x785.jpg 1024w, https:\/\/www.ensembleintercontemporain.com\/content\/uploads\/2021\/08\/img5172-pp-2-768x588.jpg 768w, https:\/\/www.ensembleintercontemporain.com\/content\/uploads\/2021\/08\/img5172-pp-2-1536x1177.jpg 1536w\" sizes=\"auto, (max-width: 1920px) 100vw, 1920px\" \/><\/span><\/strong><\/p>\n<p><strong><span style=\"color: #003366; font-size: large;\"><span style=\"font-size: 18pt;\">A<\/span>rtiste visuelle et metteuse en sc\u00e8ne Ali\u00e9nor Dauchez cor\u00e9alisera, avec Michael Kleine, la sc\u00e9nographie de la nouvelle soir\u00e9e\u00a0<\/span><em style=\"color: #003366; font-size: 14pt;\">In Between <\/em>(<span style=\"color: #003366; font-size: large;\">sur le th\u00e8me de Narcisse) du <a href=\"https:\/\/www.ensembleintercontemporain.com\/fr\/concert\/in-between-narcisse-2021-09-25-20h30-paris\/\">25 septembre \u00e0 la Cit\u00e9 de la musique<\/a>. Un format de concert original totalement en phase avec la\u00a0<span style=\"caret-color: #003366;\">recherche<\/span>\u00a0de la\u00a0<span style=\"color: #003366; font-size: large;\">directrice artistique de la compagnie de th\u00e9\u00e2tre musical La Cage,<\/span> de nouveaux dispositifs de narration et de repr\u00e9sentation. \u00a0<\/span><\/strong><\/p>\n<p><span style=\"font-size: 14pt;\">Narcisse, c\u2019est un mythe curieusement tr\u00e8s \u00ab\u00a0formel\u00a0\u00bb, d\u2019un point de vue \u00e0 la fois sonore et visuel, qui a notamment inspir\u00e9 de nombreux chefs-d\u2019\u0153uvre dans l\u2019histoire de la peinture. C\u2019est aussi un mythe largement op\u00e9rant dans le domaine de la psychologie, puisqu\u2019il a trait \u00e0 l\u2019amour-propre. Mais, comme bien des mythes, l\u2019histoire ne fait que poser un cadre\u00a0: quiconque s\u2019en empare peut l\u2019emmener dans une direction qui lui est propre. On ne sait par exemple pas que Narcisse est n\u00e9 du viol de sa m\u00e8re\u2026<\/span><\/p>\n<p><span style=\"font-size: 14pt;\">Pour une telle mise en sc\u00e8ne de concert, je me mets totalement au service de la musique. Mon r\u00f4le est de mettre en relation les \u0153uvres, dans le temps et dans l\u2019espace \u2014 surtout pour ce concert-ci, dont les compositeurs ont eux-m\u00eames une vision spatiale tr\u00e8s claire de leurs \u0153uvres.\u00a0Afin de proposer au public une exp\u00e9rience v\u00e9ritablement immersive, j\u2019ajoute \u00e0 cela un travail purement visuel, une sculpture performative \u00e0 l\u2019\u00e9chelle de la salle, qui \u00e9volue en contrepoint de la musique. Les \u00e9l\u00e9ments constitutifs du mythe y seront r\u00e9unis\u00a0: l\u2019eau miroitante, les fleurs\u2026<\/span><\/p>\n<p><img loading=\"lazy\" decoding=\"async\" class=\"aligncenter size-full wp-image-21364\" src=\"http:\/\/www.ensembleintercontemporain.com\/content\/uploads\/2021\/09\/dscf5335.jpg\" alt=\"\" width=\"1920\" height=\"1280\" srcset=\"https:\/\/www.ensembleintercontemporain.com\/content\/uploads\/2021\/09\/dscf5335.jpg 1920w, https:\/\/www.ensembleintercontemporain.com\/content\/uploads\/2021\/09\/dscf5335-300x200.jpg 300w, https:\/\/www.ensembleintercontemporain.com\/content\/uploads\/2021\/09\/dscf5335-1024x683.jpg 1024w, https:\/\/www.ensembleintercontemporain.com\/content\/uploads\/2021\/09\/dscf5335-768x512.jpg 768w, https:\/\/www.ensembleintercontemporain.com\/content\/uploads\/2021\/09\/dscf5335-1536x1024.jpg 1536w\" sizes=\"auto, (max-width: 1920px) 100vw, 1920px\" \/><\/p>\n<p>&nbsp;<\/p>\n<p><span style=\"font-size: 14pt;\">Enfin, la mise en sc\u00e8ne des musiciens eux-m\u00eames est un \u00e9l\u00e9ment sur lequel je peux agir. Dans une dramaturgie th\u00e9\u00e2trale traditionnelle, l\u2019acteur incarne un personnage fictif. \u00c0 mes yeux, le \u00ab\u00a0musicien\u00a0\u00bb est d\u00e9j\u00e0 un personnage en soi. Je peux d\u00e9caler son caract\u00e8re, le faire glisser, jusqu\u2019\u00e0 ce qu\u2019on ne sache plus ce qui vient de la personne \u00ab\u00a0r\u00e9elle\u00a0\u00bb et ce qui est \u00ab\u00a0personnage\u00a0\u00bb. J\u2019aime travailler avec ce trouble, jouer avec les codes du concert\u00a0: le r\u00f4le du chef, les costumes des musiciens, le travail de la lumi\u00e8re, l\u2019organisation spatiale des pupitres. En d\u00e9pla\u00e7ant les codes, on cr\u00e9e de la narration.\u00a0Tout est fait pour que les spectateurs mettent en relation ce qu\u2019ils entendent avec ce qu\u2019ils voient, \u00a0ouvrant de ce fait de nombreuses pistes d\u2019interpr\u00e9tation.<\/span><\/p>\n<p>Photo \u00a9 Franck Ferville<\/p>\n","protected":false},"excerpt":{"rendered":"<p>Artiste visuelle et metteuse en sc\u00e8ne Ali\u00e9nor Dauchez cor\u00e9alisera, avec Michael Kleine, la sc\u00e9nographie de la nouvelle soir\u00e9e\u00a0\u00ab\u00a0In Between\u00a0\u00bb (sur le th\u00e8me de Narcisse) du 25 septembre \u00e0 la Cit\u00e9 de la musique. Un format de concert original totalement en phase avec la\u00a0recherche\u00a0de la\u00a0directrice artistique de la compagnie de th\u00e9\u00e2tre musical La Cage, de nouveaux dispositifs de narration et de repr\u00e9sentation. \u00a0<\/p>\n","protected":false},"author":176,"featured_media":21159,"comment_status":"closed","ping_status":"closed","sticky":false,"template":"","format":"standard","meta":{"_acf_changed":false,"footnotes":""},"categories":[102],"tags":[1211,55,1063,707],"class_list":["post-21157","post","type-post","status-publish","format-standard","has-post-thumbnail","hentry","category-eclairage","tag-alienor-dauchez","tag-cite-de-la-musique","tag-in-between","tag-interdisciplinarite","concert-in-between-narcisse"],"acf":[],"yoast_head":"<!-- This site is optimized with the Yoast SEO plugin v27.5 - https:\/\/yoast.com\/product\/yoast-seo-wordpress\/ -->\n<title>\u00ab In Between, Narcisse \u00bb : une exp\u00e9rience immersive. - Ensemble intercontemporain<\/title>\n<meta name=\"robots\" content=\"index, follow, max-snippet:-1, max-image-preview:large, max-video-preview:-1\" \/>\n<link rel=\"canonical\" href=\"https:\/\/www.ensembleintercontemporain.com\/fr\/2021\/09\/in-between-narcisse-une-experience-immersive\/\" \/>\n<meta property=\"og:locale\" content=\"fr_FR\" \/>\n<meta property=\"og:type\" content=\"article\" \/>\n<meta property=\"og:title\" content=\"\u00ab In Between, Narcisse \u00bb : une exp\u00e9rience immersive. - Ensemble intercontemporain\" \/>\n<meta property=\"og:description\" content=\"Artiste visuelle et metteuse en sc\u00e8ne Ali\u00e9nor Dauchez cor\u00e9alisera, avec Michael Kleine, la sc\u00e9nographie de la nouvelle soir\u00e9e\u00a0&quot;In Between&quot; (sur le th\u00e8me de Narcisse) du 25 septembre \u00e0 la Cit\u00e9 de la musique. Un format de concert original totalement en phase avec la\u00a0recherche\u00a0de la\u00a0directrice artistique de la compagnie de th\u00e9\u00e2tre musical La Cage, de nouveaux dispositifs de narration et de repr\u00e9sentation. \u00a0\" \/>\n<meta property=\"og:url\" content=\"https:\/\/www.ensembleintercontemporain.com\/en\/2021\/09\/in-between-narcisse-une-experience-immersive\/\" \/>\n<meta property=\"og:site_name\" content=\"Ensemble intercontemporain\" \/>\n<meta property=\"article:published_time\" content=\"2021-09-01T09:00:32+00:00\" \/>\n<meta property=\"article:modified_time\" content=\"2021-09-23T12:36:40+00:00\" \/>\n<meta property=\"og:image\" content=\"https:\/\/www.ensembleintercontemporain.com\/content\/uploads\/2021\/08\/img5172-pp-2.jpg\" \/>\n\t<meta property=\"og:image:width\" content=\"1920\" \/>\n\t<meta property=\"og:image:height\" content=\"1471\" \/>\n\t<meta property=\"og:image:type\" content=\"image\/jpeg\" \/>\n<meta name=\"author\" content=\"Ali\u00e9nor Dauchez\" \/>\n<meta name=\"twitter:card\" content=\"summary_large_image\" \/>\n<meta name=\"twitter:label1\" content=\"\u00c9crit par\" \/>\n\t<meta name=\"twitter:data1\" content=\"Ali\u00e9nor Dauchez\" \/>\n\t<meta name=\"twitter:label2\" content=\"Dur\u00e9e de lecture estim\u00e9e\" \/>\n\t<meta name=\"twitter:data2\" content=\"3 minutes\" \/>\n<script type=\"application\/ld+json\" class=\"yoast-schema-graph\">{\"@context\":\"https:\\\/\\\/schema.org\",\"@graph\":[{\"@type\":\"Article\",\"@id\":\"https:\\\/\\\/www.ensembleintercontemporain.com\\\/en\\\/2021\\\/09\\\/in-between-narcisse-une-experience-immersive\\\/#article\",\"isPartOf\":{\"@id\":\"https:\\\/\\\/www.ensembleintercontemporain.com\\\/en\\\/2021\\\/09\\\/in-between-narcisse-une-experience-immersive\\\/\"},\"author\":{\"name\":\"Ali\u00e9nor Dauchez\",\"@id\":\"https:\\\/\\\/www.ensembleintercontemporain.com\\\/en\\\/#\\\/schema\\\/person\\\/9bcdf7472c227852d54a561ed6d08405\"},\"headline\":\"\u00ab In Between, Narcisse \u00bb : une exp\u00e9rience immersive.\",\"datePublished\":\"2021-09-01T09:00:32+00:00\",\"dateModified\":\"2021-09-23T12:36:40+00:00\",\"mainEntityOfPage\":{\"@id\":\"https:\\\/\\\/www.ensembleintercontemporain.com\\\/en\\\/2021\\\/09\\\/in-between-narcisse-une-experience-immersive\\\/\"},\"wordCount\":425,\"image\":{\"@id\":\"https:\\\/\\\/www.ensembleintercontemporain.com\\\/en\\\/2021\\\/09\\\/in-between-narcisse-une-experience-immersive\\\/#primaryimage\"},\"thumbnailUrl\":\"https:\\\/\\\/www.ensembleintercontemporain.com\\\/content\\\/uploads\\\/2021\\\/08\\\/img5172-pp-2.jpg\",\"keywords\":[\"alienor dauchez\",\"Cit\u00e9 de la musique\",\"in between\",\"interdisciplinarit\u00e9\"],\"articleSection\":[\"\u00c9clairage\"],\"inLanguage\":\"fr-FR\"},{\"@type\":\"WebPage\",\"@id\":\"https:\\\/\\\/www.ensembleintercontemporain.com\\\/en\\\/2021\\\/09\\\/in-between-narcisse-une-experience-immersive\\\/\",\"url\":\"https:\\\/\\\/www.ensembleintercontemporain.com\\\/en\\\/2021\\\/09\\\/in-between-narcisse-une-experience-immersive\\\/\",\"name\":\"\u00ab In Between, Narcisse \u00bb : une exp\u00e9rience immersive. - Ensemble intercontemporain\",\"isPartOf\":{\"@id\":\"https:\\\/\\\/www.ensembleintercontemporain.com\\\/en\\\/#website\"},\"primaryImageOfPage\":{\"@id\":\"https:\\\/\\\/www.ensembleintercontemporain.com\\\/en\\\/2021\\\/09\\\/in-between-narcisse-une-experience-immersive\\\/#primaryimage\"},\"image\":{\"@id\":\"https:\\\/\\\/www.ensembleintercontemporain.com\\\/en\\\/2021\\\/09\\\/in-between-narcisse-une-experience-immersive\\\/#primaryimage\"},\"thumbnailUrl\":\"https:\\\/\\\/www.ensembleintercontemporain.com\\\/content\\\/uploads\\\/2021\\\/08\\\/img5172-pp-2.jpg\",\"datePublished\":\"2021-09-01T09:00:32+00:00\",\"dateModified\":\"2021-09-23T12:36:40+00:00\",\"author\":{\"@id\":\"https:\\\/\\\/www.ensembleintercontemporain.com\\\/en\\\/#\\\/schema\\\/person\\\/9bcdf7472c227852d54a561ed6d08405\"},\"breadcrumb\":{\"@id\":\"https:\\\/\\\/www.ensembleintercontemporain.com\\\/en\\\/2021\\\/09\\\/in-between-narcisse-une-experience-immersive\\\/#breadcrumb\"},\"inLanguage\":\"fr-FR\",\"potentialAction\":[{\"@type\":\"ReadAction\",\"target\":[\"https:\\\/\\\/www.ensembleintercontemporain.com\\\/en\\\/2021\\\/09\\\/in-between-narcisse-une-experience-immersive\\\/\"]}]},{\"@type\":\"ImageObject\",\"inLanguage\":\"fr-FR\",\"@id\":\"https:\\\/\\\/www.ensembleintercontemporain.com\\\/en\\\/2021\\\/09\\\/in-between-narcisse-une-experience-immersive\\\/#primaryimage\",\"url\":\"https:\\\/\\\/www.ensembleintercontemporain.com\\\/content\\\/uploads\\\/2021\\\/08\\\/img5172-pp-2.jpg\",\"contentUrl\":\"https:\\\/\\\/www.ensembleintercontemporain.com\\\/content\\\/uploads\\\/2021\\\/08\\\/img5172-pp-2.jpg\",\"width\":1920,\"height\":1471},{\"@type\":\"BreadcrumbList\",\"@id\":\"https:\\\/\\\/www.ensembleintercontemporain.com\\\/en\\\/2021\\\/09\\\/in-between-narcisse-une-experience-immersive\\\/#breadcrumb\",\"itemListElement\":[{\"@type\":\"ListItem\",\"position\":1,\"name\":\"Home\",\"item\":\"https:\\\/\\\/www.ensembleintercontemporain.com\\\/fr\\\/\"},{\"@type\":\"ListItem\",\"position\":2,\"name\":\"\u00ab In Between, Narcisse \u00bb : une exp\u00e9rience immersive.\"}]},{\"@type\":\"WebSite\",\"@id\":\"https:\\\/\\\/www.ensembleintercontemporain.com\\\/en\\\/#website\",\"url\":\"https:\\\/\\\/www.ensembleintercontemporain.com\\\/en\\\/\",\"name\":\"Ensemble intercontemporain\",\"description\":\"\",\"potentialAction\":[{\"@type\":\"SearchAction\",\"target\":{\"@type\":\"EntryPoint\",\"urlTemplate\":\"https:\\\/\\\/www.ensembleintercontemporain.com\\\/en\\\/?s={search_term_string}\"},\"query-input\":{\"@type\":\"PropertyValueSpecification\",\"valueRequired\":true,\"valueName\":\"search_term_string\"}}],\"inLanguage\":\"fr-FR\"},{\"@type\":\"Person\",\"@id\":\"https:\\\/\\\/www.ensembleintercontemporain.com\\\/en\\\/#\\\/schema\\\/person\\\/9bcdf7472c227852d54a561ed6d08405\",\"name\":\"Ali\u00e9nor Dauchez\",\"image\":{\"@type\":\"ImageObject\",\"inLanguage\":\"fr-FR\",\"@id\":\"https:\\\/\\\/secure.gravatar.com\\\/avatar\\\/fd9967ad99c915bdfe96f11666b10e9fadf8906a9788d7356da7115afae4629d?s=96&d=mm&r=g\",\"url\":\"https:\\\/\\\/secure.gravatar.com\\\/avatar\\\/fd9967ad99c915bdfe96f11666b10e9fadf8906a9788d7356da7115afae4629d?s=96&d=mm&r=g\",\"contentUrl\":\"https:\\\/\\\/secure.gravatar.com\\\/avatar\\\/fd9967ad99c915bdfe96f11666b10e9fadf8906a9788d7356da7115afae4629d?s=96&d=mm&r=g\",\"caption\":\"Ali\u00e9nor Dauchez\"},\"url\":\"https:\\\/\\\/www.ensembleintercontemporain.com\\\/fr\\\/author\\\/adauchez\\\/\"}]}<\/script>\n<!-- \/ Yoast SEO plugin. -->","yoast_head_json":{"title":"\u00ab In Between, Narcisse \u00bb : une exp\u00e9rience immersive. - Ensemble intercontemporain","robots":{"index":"index","follow":"follow","max-snippet":"max-snippet:-1","max-image-preview":"max-image-preview:large","max-video-preview":"max-video-preview:-1"},"canonical":"https:\/\/www.ensembleintercontemporain.com\/fr\/2021\/09\/in-between-narcisse-une-experience-immersive\/","og_locale":"fr_FR","og_type":"article","og_title":"\u00ab In Between, Narcisse \u00bb : une exp\u00e9rience immersive. - Ensemble intercontemporain","og_description":"Artiste visuelle et metteuse en sc\u00e8ne Ali\u00e9nor Dauchez cor\u00e9alisera, avec Michael Kleine, la sc\u00e9nographie de la nouvelle soir\u00e9e\u00a0\"In Between\" (sur le th\u00e8me de Narcisse) du 25 septembre \u00e0 la Cit\u00e9 de la musique. Un format de concert original totalement en phase avec la\u00a0recherche\u00a0de la\u00a0directrice artistique de la compagnie de th\u00e9\u00e2tre musical La Cage, de nouveaux dispositifs de narration et de repr\u00e9sentation. \u00a0","og_url":"https:\/\/www.ensembleintercontemporain.com\/en\/2021\/09\/in-between-narcisse-une-experience-immersive\/","og_site_name":"Ensemble intercontemporain","article_published_time":"2021-09-01T09:00:32+00:00","article_modified_time":"2021-09-23T12:36:40+00:00","og_image":[{"width":1920,"height":1471,"url":"https:\/\/www.ensembleintercontemporain.com\/content\/uploads\/2021\/08\/img5172-pp-2.jpg","type":"image\/jpeg"}],"author":"Ali\u00e9nor Dauchez","twitter_card":"summary_large_image","twitter_misc":{"\u00c9crit par":"Ali\u00e9nor Dauchez","Dur\u00e9e de lecture estim\u00e9e":"3 minutes"},"schema":{"@context":"https:\/\/schema.org","@graph":[{"@type":"Article","@id":"https:\/\/www.ensembleintercontemporain.com\/en\/2021\/09\/in-between-narcisse-une-experience-immersive\/#article","isPartOf":{"@id":"https:\/\/www.ensembleintercontemporain.com\/en\/2021\/09\/in-between-narcisse-une-experience-immersive\/"},"author":{"name":"Ali\u00e9nor Dauchez","@id":"https:\/\/www.ensembleintercontemporain.com\/en\/#\/schema\/person\/9bcdf7472c227852d54a561ed6d08405"},"headline":"\u00ab In Between, Narcisse \u00bb : une exp\u00e9rience immersive.","datePublished":"2021-09-01T09:00:32+00:00","dateModified":"2021-09-23T12:36:40+00:00","mainEntityOfPage":{"@id":"https:\/\/www.ensembleintercontemporain.com\/en\/2021\/09\/in-between-narcisse-une-experience-immersive\/"},"wordCount":425,"image":{"@id":"https:\/\/www.ensembleintercontemporain.com\/en\/2021\/09\/in-between-narcisse-une-experience-immersive\/#primaryimage"},"thumbnailUrl":"https:\/\/www.ensembleintercontemporain.com\/content\/uploads\/2021\/08\/img5172-pp-2.jpg","keywords":["alienor dauchez","Cit\u00e9 de la musique","in between","interdisciplinarit\u00e9"],"articleSection":["\u00c9clairage"],"inLanguage":"fr-FR"},{"@type":"WebPage","@id":"https:\/\/www.ensembleintercontemporain.com\/en\/2021\/09\/in-between-narcisse-une-experience-immersive\/","url":"https:\/\/www.ensembleintercontemporain.com\/en\/2021\/09\/in-between-narcisse-une-experience-immersive\/","name":"\u00ab In Between, Narcisse \u00bb : une exp\u00e9rience immersive. - Ensemble intercontemporain","isPartOf":{"@id":"https:\/\/www.ensembleintercontemporain.com\/en\/#website"},"primaryImageOfPage":{"@id":"https:\/\/www.ensembleintercontemporain.com\/en\/2021\/09\/in-between-narcisse-une-experience-immersive\/#primaryimage"},"image":{"@id":"https:\/\/www.ensembleintercontemporain.com\/en\/2021\/09\/in-between-narcisse-une-experience-immersive\/#primaryimage"},"thumbnailUrl":"https:\/\/www.ensembleintercontemporain.com\/content\/uploads\/2021\/08\/img5172-pp-2.jpg","datePublished":"2021-09-01T09:00:32+00:00","dateModified":"2021-09-23T12:36:40+00:00","author":{"@id":"https:\/\/www.ensembleintercontemporain.com\/en\/#\/schema\/person\/9bcdf7472c227852d54a561ed6d08405"},"breadcrumb":{"@id":"https:\/\/www.ensembleintercontemporain.com\/en\/2021\/09\/in-between-narcisse-une-experience-immersive\/#breadcrumb"},"inLanguage":"fr-FR","potentialAction":[{"@type":"ReadAction","target":["https:\/\/www.ensembleintercontemporain.com\/en\/2021\/09\/in-between-narcisse-une-experience-immersive\/"]}]},{"@type":"ImageObject","inLanguage":"fr-FR","@id":"https:\/\/www.ensembleintercontemporain.com\/en\/2021\/09\/in-between-narcisse-une-experience-immersive\/#primaryimage","url":"https:\/\/www.ensembleintercontemporain.com\/content\/uploads\/2021\/08\/img5172-pp-2.jpg","contentUrl":"https:\/\/www.ensembleintercontemporain.com\/content\/uploads\/2021\/08\/img5172-pp-2.jpg","width":1920,"height":1471},{"@type":"BreadcrumbList","@id":"https:\/\/www.ensembleintercontemporain.com\/en\/2021\/09\/in-between-narcisse-une-experience-immersive\/#breadcrumb","itemListElement":[{"@type":"ListItem","position":1,"name":"Home","item":"https:\/\/www.ensembleintercontemporain.com\/fr\/"},{"@type":"ListItem","position":2,"name":"\u00ab In Between, Narcisse \u00bb : une exp\u00e9rience immersive."}]},{"@type":"WebSite","@id":"https:\/\/www.ensembleintercontemporain.com\/en\/#website","url":"https:\/\/www.ensembleintercontemporain.com\/en\/","name":"Ensemble intercontemporain","description":"","potentialAction":[{"@type":"SearchAction","target":{"@type":"EntryPoint","urlTemplate":"https:\/\/www.ensembleintercontemporain.com\/en\/?s={search_term_string}"},"query-input":{"@type":"PropertyValueSpecification","valueRequired":true,"valueName":"search_term_string"}}],"inLanguage":"fr-FR"},{"@type":"Person","@id":"https:\/\/www.ensembleintercontemporain.com\/en\/#\/schema\/person\/9bcdf7472c227852d54a561ed6d08405","name":"Ali\u00e9nor Dauchez","image":{"@type":"ImageObject","inLanguage":"fr-FR","@id":"https:\/\/secure.gravatar.com\/avatar\/fd9967ad99c915bdfe96f11666b10e9fadf8906a9788d7356da7115afae4629d?s=96&d=mm&r=g","url":"https:\/\/secure.gravatar.com\/avatar\/fd9967ad99c915bdfe96f11666b10e9fadf8906a9788d7356da7115afae4629d?s=96&d=mm&r=g","contentUrl":"https:\/\/secure.gravatar.com\/avatar\/fd9967ad99c915bdfe96f11666b10e9fadf8906a9788d7356da7115afae4629d?s=96&d=mm&r=g","caption":"Ali\u00e9nor Dauchez"},"url":"https:\/\/www.ensembleintercontemporain.com\/fr\/author\/adauchez\/"}]}},"_links":{"self":[{"href":"https:\/\/www.ensembleintercontemporain.com\/fr\/wp-json\/wp\/v2\/posts\/21157\/"}],"collection":[{"href":"https:\/\/www.ensembleintercontemporain.com\/fr\/wp-json\/wp\/v2\/posts\/"}],"about":[{"href":"https:\/\/www.ensembleintercontemporain.com\/fr\/wp-json\/wp\/v2\/types\/post\/"}],"author":[{"embeddable":true,"href":"https:\/\/www.ensembleintercontemporain.com\/fr\/wp-json\/wp\/v2\/users\/176\/"}],"replies":[{"embeddable":true,"href":"https:\/\/www.ensembleintercontemporain.com\/fr\/wp-json\/wp\/v2\/comments\/?post=21157"}],"version-history":[{"count":8,"href":"https:\/\/www.ensembleintercontemporain.com\/fr\/wp-json\/wp\/v2\/posts\/21157\/revisions\/"}],"predecessor-version":[{"id":21366,"href":"https:\/\/www.ensembleintercontemporain.com\/fr\/wp-json\/wp\/v2\/posts\/21157\/revisions\/21366\/"}],"wp:featuredmedia":[{"embeddable":true,"href":"https:\/\/www.ensembleintercontemporain.com\/fr\/wp-json\/wp\/v2\/media\/21159\/"}],"wp:attachment":[{"href":"https:\/\/www.ensembleintercontemporain.com\/fr\/wp-json\/wp\/v2\/media\/?parent=21157"}],"wp:term":[{"taxonomy":"category","embeddable":true,"href":"https:\/\/www.ensembleintercontemporain.com\/fr\/wp-json\/wp\/v2\/categories\/?post=21157"},{"taxonomy":"post_tag","embeddable":true,"href":"https:\/\/www.ensembleintercontemporain.com\/fr\/wp-json\/wp\/v2\/tags\/?post=21157"}],"curies":[{"name":"wp","href":"https:\/\/api.w.org\/{rel}","templated":true}]}}