{"id":21118,"date":"2021-06-30T12:56:33","date_gmt":"2021-06-30T10:56:33","guid":{"rendered":"https:\/\/www.ensembleintercontemporain.com\/?p=21118"},"modified":"2021-09-15T17:34:05","modified_gmt":"2021-09-15T15:34:05","slug":"retrouver-lautre-edito-de-saison-2021-22","status":"publish","type":"post","link":"https:\/\/www.ensembleintercontemporain.com\/fr\/2021\/06\/retrouver-lautre-edito-de-saison-2021-22\/","title":{"rendered":"Retrouver l&rsquo;autre &#8211; \u00c9dito de saison 2021-22"},"content":{"rendered":"<div>\n<p><img loading=\"lazy\" decoding=\"async\" class=\"aligncenter size-full wp-image-21123\" src=\"http:\/\/www.ensembleintercontemporain.com\/content\/uploads\/2021\/07\/matthias-pintscher-2021-zazzo-l1008521-1.jpg\" alt=\"\" width=\"1920\" height=\"2326\" srcset=\"https:\/\/www.ensembleintercontemporain.com\/content\/uploads\/2021\/07\/matthias-pintscher-2021-zazzo-l1008521-1.jpg 1920w, https:\/\/www.ensembleintercontemporain.com\/content\/uploads\/2021\/07\/matthias-pintscher-2021-zazzo-l1008521-1-248x300.jpg 248w, https:\/\/www.ensembleintercontemporain.com\/content\/uploads\/2021\/07\/matthias-pintscher-2021-zazzo-l1008521-1-845x1024.jpg 845w, https:\/\/www.ensembleintercontemporain.com\/content\/uploads\/2021\/07\/matthias-pintscher-2021-zazzo-l1008521-1-768x930.jpg 768w, https:\/\/www.ensembleintercontemporain.com\/content\/uploads\/2021\/07\/matthias-pintscher-2021-zazzo-l1008521-1-1268x1536.jpg 1268w, https:\/\/www.ensembleintercontemporain.com\/content\/uploads\/2021\/07\/matthias-pintscher-2021-zazzo-l1008521-1-1691x2048.jpg 1691w\" sizes=\"auto, (max-width: 1920px) 100vw, 1920px\" \/><\/p>\n<p><span style=\"font-size: 18pt;\">A<\/span><span style=\"font-size: large;\">vec cette rentr\u00e9e 2021-22, le r\u00e9el reprend enfin sa place et renvoie les productions r\u00e9alis\u00e9es\u00a0pour la \u00ab\u00a0sc\u00e8ne num\u00e9rique\u00a0\u00bb \u00e0 leur juste dimension d\u2019exp\u00e9dient. Nous sommes heureux de retrouver toutes les sensations du concert en public. \u00a0<\/span><\/p>\n<\/div>\n<div>\n<p class=\"Standard\"><span style=\"font-size: 14pt;\">Nous avons pourtant profit\u00e9 de cette \u00e9trange p\u00e9riode pour repenser nos processus et nos modes d\u2019action, et nous nous sommes d\u00e9couverts une flexibilit\u00e9 et une r\u00e9activit\u00e9 que nous ne soup\u00e7onnions pas\u00a0! De cette situation sont n\u00e9s par exemple le spectacle <i>Int\u00e9rieur<\/i>, que l\u2019on d\u00e9couvrira<a href=\"https:\/\/www.ensembleintercontemporain.com\/fr\/concert\/interieur-2021-10-22-20h00-paris\/\"> le 22 octobre au Th\u00e9\u00e2tre du Ch\u00e2telet<\/a>, port\u00e9 par le compositeur catalan Joan Magran\u00e9 Figuera et la metteuse en sc\u00e8ne Silvia Costa, ou encore la <i>Phantasmagoria,<\/i> du plasticien Philippe Parreno et du compositeur Marko Nikodijevic qui sera cr\u00e9\u00e9e \u00e0 Vienne en mai 2022. Deux projets qui poursuivent l\u2019exploration, toujours passionnante, des interactions de la musique avec les autres disciplines artistiques dans laquelle nous sommes engag\u00e9s ces derni\u00e8res ann\u00e9es.<\/span><\/p>\n<\/div>\n<div>\n<p class=\"Standard\"><span style=\"font-size: 14pt;\">Dans le monde d\u2019hier, nous serions, au moment o\u00f9 j\u2019\u00e9cris cet \u00e9dito, en train de boucler la saison 2022-2023. Mais non\u00a0: nous recevons encore des invitations de derni\u00e8re minute pour cette saison-ci, des invitations qui s\u2019ajoutent \u00e0 une <a href=\"https:\/\/www.ensembleintercontemporain.com\/fr\/concert\/suntory-hall-summer-festival-i-2021-08-22-18h00-tokyo\/\">grande tourn\u00e9e au Japon<\/a>, la premi\u00e8re depuis plus de dix ans, et \u00e0 la cr\u00e9ation russe de <a href=\"https:\/\/www.ensembleintercontemporain.com\/fr\/concert\/repons-2021-09-02-19h00-moscou\/\"><i>R\u00e9pons<\/i> \u00e0 Moscou<\/a>\u00a0! C\u2019est un d\u00e9fi terriblement excitant. J\u2019ai pu observer la m\u00eame flexibilit\u00e9 et la m\u00eame bonne volont\u00e9 de la part de nos solistes et du reste de l\u2019\u00e9quipe \u2014 et, \u00e0 pr\u00e9sent, de la part du public que l\u2019on retrouve, faisant preuve d\u2019une curiosit\u00e9, d\u2019un soutien, d\u2019une \u00e9nergie renouvel\u00e9s.<\/span><\/p>\n<\/div>\n<div>\n<p class=\"Standard\"><span style=\"font-size: 14pt;\">Dans cette s\u00e9quence de retour \u00e0 la normalit\u00e9, et \u00e0 tout ce qui constitue notre vie sociale, la musique a son r\u00f4le \u00e0 jouer. L\u2019art sonore devient le v\u00e9hicule du message, de l\u2019\u00e9motion, des souvenirs, des visions. Cette nature non verbale est ce qui rend notre art si pr\u00e9cieux. La musique nous apprend encore et toujours \u00e0 \u00e9couter, entendre et retrouver le respect de l\u2019autre. La musique contemporaine plus\u00a0encore, par la nouveaut\u00e9 qu\u2019elle propose, avec chaque nouvelle \u0153uvre, chaque nouveau compositeur. Elle invite \u00e0 se plonger dans l\u2019inconnu, et ce, avec curiosit\u00e9, plaisir, et tous les sens en \u00e9veil.<\/span><\/p>\n<\/div>\n<div>\n<p class=\"Standard\"><span style=\"font-size: 14pt;\"><img loading=\"lazy\" decoding=\"async\" class=\"alignleft size-medium wp-image-21129\" src=\"http:\/\/www.ensembleintercontemporain.com\/content\/uploads\/2021\/07\/1649-eic-2122-visuels-inbetweennarcisse-maiaflore-rvb-1-300x300.jpg\" alt=\"\" width=\"300\" height=\"300\" srcset=\"https:\/\/www.ensembleintercontemporain.com\/content\/uploads\/2021\/07\/1649-eic-2122-visuels-inbetweennarcisse-maiaflore-rvb-1-300x300.jpg 300w, https:\/\/www.ensembleintercontemporain.com\/content\/uploads\/2021\/07\/1649-eic-2122-visuels-inbetweennarcisse-maiaflore-rvb-1-1024x1024.jpg 1024w, https:\/\/www.ensembleintercontemporain.com\/content\/uploads\/2021\/07\/1649-eic-2122-visuels-inbetweennarcisse-maiaflore-rvb-1-150x150.jpg 150w, https:\/\/www.ensembleintercontemporain.com\/content\/uploads\/2021\/07\/1649-eic-2122-visuels-inbetweennarcisse-maiaflore-rvb-1-768x768.jpg 768w, https:\/\/www.ensembleintercontemporain.com\/content\/uploads\/2021\/07\/1649-eic-2122-visuels-inbetweennarcisse-maiaflore-rvb-1.jpg 1280w\" sizes=\"auto, (max-width: 300px) 100vw, 300px\" \/>C\u2019est en partie ce qui a motiv\u00e9 le choix du th\u00e8me autour duquel nous avons organis\u00e9 cette nouvelle saison\u00a0: apr\u00e8s Prom\u00e9th\u00e9e l\u2019an pass\u00e9, nous nous attachons \u00e0 une autre grande figure mythologique, celle de Narcisse, avec notamment une nouvelle soir\u00e9e \u00ab\u00a0In Between\u00a0\u00bb le <a href=\"https:\/\/www.ensembleintercontemporain.com\/fr\/concert\/in-between-narcisse-2021-09-25-20h30-paris\/\">25 septembre \u00e0 la Cit\u00e9 de la musique<\/a>, mise en sc\u00e8ne par Ali\u00e9nor Dauchez et Michael Kleine. Le mythe de Narcisse r\u00e9v\u00e8le bien des aspects, et pas les meilleurs, de la soci\u00e9t\u00e9 contemporaine\u00a0: obsession de l\u2019image, souci permanent des apparences, consid\u00e9ration d\u2019autrui comme un simple miroir de soi. Un ph\u00e9nom\u00e8ne dont le d\u00e9veloppement n\u2019est d\u2019ailleurs pas sans relation avec le bouleversement, ces derniers temps, de tout ce qui constitue le vivre ensemble. Ce repli sur la sph\u00e8re personnelle a certainement contribu\u00e9 \u00e0 l\u2019amplification de ces tendances, fortes, \u00e0 l\u2019\u00e9gocentrisme voire, \u00e0 proprement parler, au narcissisme. Il nous faut aujourd\u2019hui inverser la dynamique, retrouver une juste mesure, r\u00e9apprendre \u00e0 se taire pour mieux \u00e9couter.<\/span><\/p>\n<\/div>\n<div>\n<p class=\"Standard\"><span style=\"font-size: 14pt;\">Si Narcisse finit par mourir de cet impossible amour de lui-m\u00eame, ou plus exactement de son image, la l\u00e9gende a un autre protagoniste tout aussi important et peut-\u00eatre plus bouleversant\u00a0encore\u00a0: la nymphe \u00c9cho, priv\u00e9e d\u2019expression personnelle, condamn\u00e9e \u00e0 r\u00e9p\u00e9ter les derniers mots qu\u2019elle a entendus. C\u2019est en quelque sorte une \u00ab\u00a0follower\u00a0\u00bb, sans voix propre, qui se fond dans la masse, comme sur les r\u00e9seaux sociaux.\u00a0<\/span><span style=\"font-size: 14pt;\">Le mythe de Narcisse est aussi hautement musical, s\u2019exprimant dans des principes comme le reflet, l\u2019\u00e9cho bien s\u00fbr, ou la r\u00e9sonance\u2026<\/span><\/p>\n<\/div>\n<div>\n<p class=\"Standard\"><span style=\"font-size: 14pt;\">Cette passionnante nouvelle saison sera donc l\u2019occasion d\u2019un \u00e9lan vers l\u2019autre et vers ce qui est autre, loin du repli sur soi. Notre monde a r\u00e9solument besoin \u00ab\u00a0d\u2019autre\u00a0\u00bb\u00a0! \u00a0<\/span><\/p>\n<p class=\"Standard\"><span style=\"font-size: 14pt;\"><br \/>\n<\/span>* mai 2021<\/p>\n<\/div>\n<div>\n<p>Photos (de haut en bas) : \u00a9 Mathieu Zazzo \/ Pasco &amp; Co ; S\u00e9rie By the Sea \u00a9 Maia Flore \/ VU\u2019 pour Atout France<\/p>\n<\/div>\n","protected":false},"excerpt":{"rendered":"<p>Matthias Pintscher, directeur musical de l&rsquo;Ensemble intercontemporain, pr\u00e9sente la nouvelle saison 2021-22. <\/p>\n","protected":false},"author":99,"featured_media":21120,"comment_status":"closed","ping_status":"closed","sticky":false,"template":"","format":"standard","meta":{"_acf_changed":false,"footnotes":""},"categories":[1002],"tags":[],"class_list":["post-21118","post","type-post","status-publish","format-standard","has-post-thumbnail","hentry","category-edito"],"acf":[],"yoast_head":"<!-- This site is optimized with the Yoast SEO plugin v27.5 - https:\/\/yoast.com\/product\/yoast-seo-wordpress\/ -->\n<title>Retrouver l&#039;autre - \u00c9dito de saison 2021-22 - Ensemble intercontemporain<\/title>\n<meta name=\"robots\" content=\"index, follow, max-snippet:-1, max-image-preview:large, max-video-preview:-1\" \/>\n<link rel=\"canonical\" href=\"https:\/\/www.ensembleintercontemporain.com\/fr\/2021\/06\/retrouver-lautre-edito-de-saison-2021-22\/\" \/>\n<meta property=\"og:locale\" content=\"fr_FR\" \/>\n<meta property=\"og:type\" content=\"article\" \/>\n<meta property=\"og:title\" content=\"Retrouver l&#039;autre - \u00c9dito de saison 2021-22 - Ensemble intercontemporain\" \/>\n<meta property=\"og:description\" content=\"Matthias Pintscher, directeur musical de l&#039;Ensemble intercontemporain, pr\u00e9sente la nouvelle saison 2021-22.\" \/>\n<meta property=\"og:url\" content=\"https:\/\/www.ensembleintercontemporain.com\/fr\/2021\/06\/retrouver-lautre-edito-de-saison-2021-22\/\" \/>\n<meta property=\"og:site_name\" content=\"Ensemble intercontemporain\" \/>\n<meta property=\"article:published_time\" content=\"2021-06-30T10:56:33+00:00\" \/>\n<meta property=\"article:modified_time\" content=\"2021-09-15T15:34:05+00:00\" \/>\n<meta property=\"og:image\" content=\"https:\/\/www.ensembleintercontemporain.com\/content\/uploads\/2021\/07\/matthias-pintscher-2021-zazzo-l1008521.jpg\" \/>\n\t<meta property=\"og:image:width\" content=\"1920\" \/>\n\t<meta property=\"og:image:height\" content=\"1466\" \/>\n\t<meta property=\"og:image:type\" content=\"image\/jpeg\" \/>\n<meta name=\"author\" content=\"Matthias Pintscher\" \/>\n<meta name=\"twitter:card\" content=\"summary_large_image\" \/>\n<meta name=\"twitter:label1\" content=\"\u00c9crit par\" \/>\n\t<meta name=\"twitter:data1\" content=\"Matthias Pintscher\" \/>\n\t<meta name=\"twitter:label2\" content=\"Dur\u00e9e de lecture estim\u00e9e\" \/>\n\t<meta name=\"twitter:data2\" content=\"4 minutes\" \/>\n<script type=\"application\/ld+json\" class=\"yoast-schema-graph\">{\"@context\":\"https:\\\/\\\/schema.org\",\"@graph\":[{\"@type\":\"Article\",\"@id\":\"https:\\\/\\\/www.ensembleintercontemporain.com\\\/fr\\\/2021\\\/06\\\/retrouver-lautre-edito-de-saison-2021-22\\\/#article\",\"isPartOf\":{\"@id\":\"https:\\\/\\\/www.ensembleintercontemporain.com\\\/fr\\\/2021\\\/06\\\/retrouver-lautre-edito-de-saison-2021-22\\\/\"},\"author\":{\"name\":\"Matthias Pintscher\",\"@id\":\"https:\\\/\\\/www.ensembleintercontemporain.com\\\/en\\\/#\\\/schema\\\/person\\\/7ad62719e30a4a4b4a43ad9715778ad2\"},\"headline\":\"Retrouver l&rsquo;autre &#8211; \u00c9dito de saison 2021-22\",\"datePublished\":\"2021-06-30T10:56:33+00:00\",\"dateModified\":\"2021-09-15T15:34:05+00:00\",\"mainEntityOfPage\":{\"@id\":\"https:\\\/\\\/www.ensembleintercontemporain.com\\\/fr\\\/2021\\\/06\\\/retrouver-lautre-edito-de-saison-2021-22\\\/\"},\"wordCount\":732,\"image\":{\"@id\":\"https:\\\/\\\/www.ensembleintercontemporain.com\\\/fr\\\/2021\\\/06\\\/retrouver-lautre-edito-de-saison-2021-22\\\/#primaryimage\"},\"thumbnailUrl\":\"https:\\\/\\\/www.ensembleintercontemporain.com\\\/content\\\/uploads\\\/2021\\\/07\\\/matthias-pintscher-2021-zazzo-l1008521.jpg\",\"articleSection\":[\"\u00c9dito\"],\"inLanguage\":\"fr-FR\"},{\"@type\":\"WebPage\",\"@id\":\"https:\\\/\\\/www.ensembleintercontemporain.com\\\/fr\\\/2021\\\/06\\\/retrouver-lautre-edito-de-saison-2021-22\\\/\",\"url\":\"https:\\\/\\\/www.ensembleintercontemporain.com\\\/fr\\\/2021\\\/06\\\/retrouver-lautre-edito-de-saison-2021-22\\\/\",\"name\":\"Retrouver l'autre - \u00c9dito de saison 2021-22 - Ensemble intercontemporain\",\"isPartOf\":{\"@id\":\"https:\\\/\\\/www.ensembleintercontemporain.com\\\/en\\\/#website\"},\"primaryImageOfPage\":{\"@id\":\"https:\\\/\\\/www.ensembleintercontemporain.com\\\/fr\\\/2021\\\/06\\\/retrouver-lautre-edito-de-saison-2021-22\\\/#primaryimage\"},\"image\":{\"@id\":\"https:\\\/\\\/www.ensembleintercontemporain.com\\\/fr\\\/2021\\\/06\\\/retrouver-lautre-edito-de-saison-2021-22\\\/#primaryimage\"},\"thumbnailUrl\":\"https:\\\/\\\/www.ensembleintercontemporain.com\\\/content\\\/uploads\\\/2021\\\/07\\\/matthias-pintscher-2021-zazzo-l1008521.jpg\",\"datePublished\":\"2021-06-30T10:56:33+00:00\",\"dateModified\":\"2021-09-15T15:34:05+00:00\",\"author\":{\"@id\":\"https:\\\/\\\/www.ensembleintercontemporain.com\\\/en\\\/#\\\/schema\\\/person\\\/7ad62719e30a4a4b4a43ad9715778ad2\"},\"breadcrumb\":{\"@id\":\"https:\\\/\\\/www.ensembleintercontemporain.com\\\/fr\\\/2021\\\/06\\\/retrouver-lautre-edito-de-saison-2021-22\\\/#breadcrumb\"},\"inLanguage\":\"fr-FR\",\"potentialAction\":[{\"@type\":\"ReadAction\",\"target\":[\"https:\\\/\\\/www.ensembleintercontemporain.com\\\/fr\\\/2021\\\/06\\\/retrouver-lautre-edito-de-saison-2021-22\\\/\"]}]},{\"@type\":\"ImageObject\",\"inLanguage\":\"fr-FR\",\"@id\":\"https:\\\/\\\/www.ensembleintercontemporain.com\\\/fr\\\/2021\\\/06\\\/retrouver-lautre-edito-de-saison-2021-22\\\/#primaryimage\",\"url\":\"https:\\\/\\\/www.ensembleintercontemporain.com\\\/content\\\/uploads\\\/2021\\\/07\\\/matthias-pintscher-2021-zazzo-l1008521.jpg\",\"contentUrl\":\"https:\\\/\\\/www.ensembleintercontemporain.com\\\/content\\\/uploads\\\/2021\\\/07\\\/matthias-pintscher-2021-zazzo-l1008521.jpg\",\"width\":1920,\"height\":1466},{\"@type\":\"BreadcrumbList\",\"@id\":\"https:\\\/\\\/www.ensembleintercontemporain.com\\\/fr\\\/2021\\\/06\\\/retrouver-lautre-edito-de-saison-2021-22\\\/#breadcrumb\",\"itemListElement\":[{\"@type\":\"ListItem\",\"position\":1,\"name\":\"Home\",\"item\":\"https:\\\/\\\/www.ensembleintercontemporain.com\\\/fr\\\/\"},{\"@type\":\"ListItem\",\"position\":2,\"name\":\"Retrouver l&#8217;autre &#8211; \u00c9dito de saison 2021-22\"}]},{\"@type\":\"WebSite\",\"@id\":\"https:\\\/\\\/www.ensembleintercontemporain.com\\\/en\\\/#website\",\"url\":\"https:\\\/\\\/www.ensembleintercontemporain.com\\\/en\\\/\",\"name\":\"Ensemble intercontemporain\",\"description\":\"\",\"potentialAction\":[{\"@type\":\"SearchAction\",\"target\":{\"@type\":\"EntryPoint\",\"urlTemplate\":\"https:\\\/\\\/www.ensembleintercontemporain.com\\\/en\\\/?s={search_term_string}\"},\"query-input\":{\"@type\":\"PropertyValueSpecification\",\"valueRequired\":true,\"valueName\":\"search_term_string\"}}],\"inLanguage\":\"fr-FR\"},{\"@type\":\"Person\",\"@id\":\"https:\\\/\\\/www.ensembleintercontemporain.com\\\/en\\\/#\\\/schema\\\/person\\\/7ad62719e30a4a4b4a43ad9715778ad2\",\"name\":\"Matthias Pintscher\",\"image\":{\"@type\":\"ImageObject\",\"inLanguage\":\"fr-FR\",\"@id\":\"https:\\\/\\\/secure.gravatar.com\\\/avatar\\\/7f377a87f562ae6cd751b7ba0d4ac84209258d2bcea2299f800629da76f2ab52?s=96&d=mm&r=g\",\"url\":\"https:\\\/\\\/secure.gravatar.com\\\/avatar\\\/7f377a87f562ae6cd751b7ba0d4ac84209258d2bcea2299f800629da76f2ab52?s=96&d=mm&r=g\",\"contentUrl\":\"https:\\\/\\\/secure.gravatar.com\\\/avatar\\\/7f377a87f562ae6cd751b7ba0d4ac84209258d2bcea2299f800629da76f2ab52?s=96&d=mm&r=g\",\"caption\":\"Matthias Pintscher\"},\"url\":\"https:\\\/\\\/www.ensembleintercontemporain.com\\\/fr\\\/author\\\/matthias-pintscher\\\/\"}]}<\/script>\n<!-- \/ Yoast SEO plugin. -->","yoast_head_json":{"title":"Retrouver l'autre - \u00c9dito de saison 2021-22 - Ensemble intercontemporain","robots":{"index":"index","follow":"follow","max-snippet":"max-snippet:-1","max-image-preview":"max-image-preview:large","max-video-preview":"max-video-preview:-1"},"canonical":"https:\/\/www.ensembleintercontemporain.com\/fr\/2021\/06\/retrouver-lautre-edito-de-saison-2021-22\/","og_locale":"fr_FR","og_type":"article","og_title":"Retrouver l'autre - \u00c9dito de saison 2021-22 - Ensemble intercontemporain","og_description":"Matthias Pintscher, directeur musical de l'Ensemble intercontemporain, pr\u00e9sente la nouvelle saison 2021-22.","og_url":"https:\/\/www.ensembleintercontemporain.com\/fr\/2021\/06\/retrouver-lautre-edito-de-saison-2021-22\/","og_site_name":"Ensemble intercontemporain","article_published_time":"2021-06-30T10:56:33+00:00","article_modified_time":"2021-09-15T15:34:05+00:00","og_image":[{"width":1920,"height":1466,"url":"https:\/\/www.ensembleintercontemporain.com\/content\/uploads\/2021\/07\/matthias-pintscher-2021-zazzo-l1008521.jpg","type":"image\/jpeg"}],"author":"Matthias Pintscher","twitter_card":"summary_large_image","twitter_misc":{"\u00c9crit par":"Matthias Pintscher","Dur\u00e9e de lecture estim\u00e9e":"4 minutes"},"schema":{"@context":"https:\/\/schema.org","@graph":[{"@type":"Article","@id":"https:\/\/www.ensembleintercontemporain.com\/fr\/2021\/06\/retrouver-lautre-edito-de-saison-2021-22\/#article","isPartOf":{"@id":"https:\/\/www.ensembleintercontemporain.com\/fr\/2021\/06\/retrouver-lautre-edito-de-saison-2021-22\/"},"author":{"name":"Matthias Pintscher","@id":"https:\/\/www.ensembleintercontemporain.com\/en\/#\/schema\/person\/7ad62719e30a4a4b4a43ad9715778ad2"},"headline":"Retrouver l&rsquo;autre &#8211; \u00c9dito de saison 2021-22","datePublished":"2021-06-30T10:56:33+00:00","dateModified":"2021-09-15T15:34:05+00:00","mainEntityOfPage":{"@id":"https:\/\/www.ensembleintercontemporain.com\/fr\/2021\/06\/retrouver-lautre-edito-de-saison-2021-22\/"},"wordCount":732,"image":{"@id":"https:\/\/www.ensembleintercontemporain.com\/fr\/2021\/06\/retrouver-lautre-edito-de-saison-2021-22\/#primaryimage"},"thumbnailUrl":"https:\/\/www.ensembleintercontemporain.com\/content\/uploads\/2021\/07\/matthias-pintscher-2021-zazzo-l1008521.jpg","articleSection":["\u00c9dito"],"inLanguage":"fr-FR"},{"@type":"WebPage","@id":"https:\/\/www.ensembleintercontemporain.com\/fr\/2021\/06\/retrouver-lautre-edito-de-saison-2021-22\/","url":"https:\/\/www.ensembleintercontemporain.com\/fr\/2021\/06\/retrouver-lautre-edito-de-saison-2021-22\/","name":"Retrouver l'autre - \u00c9dito de saison 2021-22 - Ensemble intercontemporain","isPartOf":{"@id":"https:\/\/www.ensembleintercontemporain.com\/en\/#website"},"primaryImageOfPage":{"@id":"https:\/\/www.ensembleintercontemporain.com\/fr\/2021\/06\/retrouver-lautre-edito-de-saison-2021-22\/#primaryimage"},"image":{"@id":"https:\/\/www.ensembleintercontemporain.com\/fr\/2021\/06\/retrouver-lautre-edito-de-saison-2021-22\/#primaryimage"},"thumbnailUrl":"https:\/\/www.ensembleintercontemporain.com\/content\/uploads\/2021\/07\/matthias-pintscher-2021-zazzo-l1008521.jpg","datePublished":"2021-06-30T10:56:33+00:00","dateModified":"2021-09-15T15:34:05+00:00","author":{"@id":"https:\/\/www.ensembleintercontemporain.com\/en\/#\/schema\/person\/7ad62719e30a4a4b4a43ad9715778ad2"},"breadcrumb":{"@id":"https:\/\/www.ensembleintercontemporain.com\/fr\/2021\/06\/retrouver-lautre-edito-de-saison-2021-22\/#breadcrumb"},"inLanguage":"fr-FR","potentialAction":[{"@type":"ReadAction","target":["https:\/\/www.ensembleintercontemporain.com\/fr\/2021\/06\/retrouver-lautre-edito-de-saison-2021-22\/"]}]},{"@type":"ImageObject","inLanguage":"fr-FR","@id":"https:\/\/www.ensembleintercontemporain.com\/fr\/2021\/06\/retrouver-lautre-edito-de-saison-2021-22\/#primaryimage","url":"https:\/\/www.ensembleintercontemporain.com\/content\/uploads\/2021\/07\/matthias-pintscher-2021-zazzo-l1008521.jpg","contentUrl":"https:\/\/www.ensembleintercontemporain.com\/content\/uploads\/2021\/07\/matthias-pintscher-2021-zazzo-l1008521.jpg","width":1920,"height":1466},{"@type":"BreadcrumbList","@id":"https:\/\/www.ensembleintercontemporain.com\/fr\/2021\/06\/retrouver-lautre-edito-de-saison-2021-22\/#breadcrumb","itemListElement":[{"@type":"ListItem","position":1,"name":"Home","item":"https:\/\/www.ensembleintercontemporain.com\/fr\/"},{"@type":"ListItem","position":2,"name":"Retrouver l&#8217;autre &#8211; \u00c9dito de saison 2021-22"}]},{"@type":"WebSite","@id":"https:\/\/www.ensembleintercontemporain.com\/en\/#website","url":"https:\/\/www.ensembleintercontemporain.com\/en\/","name":"Ensemble intercontemporain","description":"","potentialAction":[{"@type":"SearchAction","target":{"@type":"EntryPoint","urlTemplate":"https:\/\/www.ensembleintercontemporain.com\/en\/?s={search_term_string}"},"query-input":{"@type":"PropertyValueSpecification","valueRequired":true,"valueName":"search_term_string"}}],"inLanguage":"fr-FR"},{"@type":"Person","@id":"https:\/\/www.ensembleintercontemporain.com\/en\/#\/schema\/person\/7ad62719e30a4a4b4a43ad9715778ad2","name":"Matthias Pintscher","image":{"@type":"ImageObject","inLanguage":"fr-FR","@id":"https:\/\/secure.gravatar.com\/avatar\/7f377a87f562ae6cd751b7ba0d4ac84209258d2bcea2299f800629da76f2ab52?s=96&d=mm&r=g","url":"https:\/\/secure.gravatar.com\/avatar\/7f377a87f562ae6cd751b7ba0d4ac84209258d2bcea2299f800629da76f2ab52?s=96&d=mm&r=g","contentUrl":"https:\/\/secure.gravatar.com\/avatar\/7f377a87f562ae6cd751b7ba0d4ac84209258d2bcea2299f800629da76f2ab52?s=96&d=mm&r=g","caption":"Matthias Pintscher"},"url":"https:\/\/www.ensembleintercontemporain.com\/fr\/author\/matthias-pintscher\/"}]}},"_links":{"self":[{"href":"https:\/\/www.ensembleintercontemporain.com\/fr\/wp-json\/wp\/v2\/posts\/21118\/"}],"collection":[{"href":"https:\/\/www.ensembleintercontemporain.com\/fr\/wp-json\/wp\/v2\/posts\/"}],"about":[{"href":"https:\/\/www.ensembleintercontemporain.com\/fr\/wp-json\/wp\/v2\/types\/post\/"}],"author":[{"embeddable":true,"href":"https:\/\/www.ensembleintercontemporain.com\/fr\/wp-json\/wp\/v2\/users\/99\/"}],"replies":[{"embeddable":true,"href":"https:\/\/www.ensembleintercontemporain.com\/fr\/wp-json\/wp\/v2\/comments\/?post=21118"}],"version-history":[{"count":10,"href":"https:\/\/www.ensembleintercontemporain.com\/fr\/wp-json\/wp\/v2\/posts\/21118\/revisions\/"}],"predecessor-version":[{"id":21286,"href":"https:\/\/www.ensembleintercontemporain.com\/fr\/wp-json\/wp\/v2\/posts\/21118\/revisions\/21286\/"}],"wp:featuredmedia":[{"embeddable":true,"href":"https:\/\/www.ensembleintercontemporain.com\/fr\/wp-json\/wp\/v2\/media\/21120\/"}],"wp:attachment":[{"href":"https:\/\/www.ensembleintercontemporain.com\/fr\/wp-json\/wp\/v2\/media\/?parent=21118"}],"wp:term":[{"taxonomy":"category","embeddable":true,"href":"https:\/\/www.ensembleintercontemporain.com\/fr\/wp-json\/wp\/v2\/categories\/?post=21118"},{"taxonomy":"post_tag","embeddable":true,"href":"https:\/\/www.ensembleintercontemporain.com\/fr\/wp-json\/wp\/v2\/tags\/?post=21118"}],"curies":[{"name":"wp","href":"https:\/\/api.w.org\/{rel}","templated":true}]}}