{"id":18449,"date":"2020-01-30T12:40:11","date_gmt":"2020-01-30T11:40:11","guid":{"rendered":"https:\/\/www.ensembleintercontemporain.com\/?p=18449"},"modified":"2021-10-26T14:23:13","modified_gmt":"2021-10-26T12:23:13","slug":"un-engagement-total-entretien-avec-yann-robin-compositeur-et-nicolas-crosse-contrebassiste","status":"publish","type":"post","link":"https:\/\/www.ensembleintercontemporain.com\/fr\/2020\/01\/un-engagement-total-entretien-avec-yann-robin-compositeur-et-nicolas-crosse-contrebassiste\/","title":{"rendered":"\u00ab Un Engagement total \u00bb. Entretien avec Yann Robin, compositeur et Nicolas Crosse, contrebassiste."},"content":{"rendered":"<p><strong><span style=\"font-size: 14pt; color: #003366;\"><img loading=\"lazy\" decoding=\"async\" class=\"aligncenter size-full wp-image-18453\" src=\"http:\/\/www.ensembleintercontemporain.com\/content\/uploads\/2020\/01\/mg_2336-def-1.jpg\" alt=\"\" width=\"1920\" height=\"1385\" srcset=\"https:\/\/www.ensembleintercontemporain.com\/content\/uploads\/2020\/01\/mg_2336-def-1.jpg 1920w, https:\/\/www.ensembleintercontemporain.com\/content\/uploads\/2020\/01\/mg_2336-def-1-300x216.jpg 300w, https:\/\/www.ensembleintercontemporain.com\/content\/uploads\/2020\/01\/mg_2336-def-1-1024x739.jpg 1024w, https:\/\/www.ensembleintercontemporain.com\/content\/uploads\/2020\/01\/mg_2336-def-1-768x554.jpg 768w, https:\/\/www.ensembleintercontemporain.com\/content\/uploads\/2020\/01\/mg_2336-def-1-1536x1108.jpg 1536w\" sizes=\"auto, (max-width: 1920px) 100vw, 1920px\" \/><\/span><\/strong><\/p>\n<p><strong><span style=\"font-size: 14pt; color: #003366;\"><a href=\"https:\/\/www.ensembleintercontemporain.com\/fr\/concert\/grand-soir-numerique-2-2020-02-07-20h30-paris\/\">Le 7 f\u00e9vrier \u00e0 la Cit\u00e9 de la musique<\/a>, Nicolas Crosse sera soliste dans <em>Triades<\/em> de Yann Robin pour contrebasse, ensemble et \u00e9lectronique. C\u2019est le cinqui\u00e8me volet d\u2019un cycle qui comprenait jusqu\u2019ici <em>Asym\u00e9triades<\/em>, <em>Sym\u00e9triades<\/em>, <em>Sym\u00e9triades \/ Extension<\/em> et <em>Myst<\/em>. Rencontre avec le compositeur et son interpr\u00e8te, duo ins\u00e9parable et d\u00e9tonnant\u2026<\/span><\/strong><\/p>\n<p><span style=\"font-size: 14pt;\"><strong>Yann, pourquoi ce besoin d&rsquo;un cycle (qui rappelle celui d\u2019<em>Art of Metal<\/em> cr\u00e9\u00e9 avec Alain Billard et sa clarinette contrebasse m\u00e9tal)\u00a0?<\/strong><\/span><\/p>\n<p><span style=\"font-size: 14pt;\">\u00c0 l\u2019origine, exactement comme avec Alain Billard en effet, il y a un vrai d\u00e9sir de travailler ensemble, avec Nicolas Crosse, autour de son instrument. D\u2019abord avec \u00e9lectronique puis avec ensemble. Je me suis toutefois rendu compte que ces premi\u00e8res pi\u00e8ces ne nous suffisaient pas pour v\u00e9ritablement approfondir le sujet : approfondir exige d\u2019investir du temps avec l\u2019instrumentiste. Par exemple, la composition de la deuxi\u00e8me pi\u00e8ce permet de reconsid\u00e9rer et de recontextualiser un mat\u00e9riau extrait de la premi\u00e8re, et de l\u2019amener dans une direction diff\u00e9rente. En d\u2019autres termes, en passant la premi\u00e8re pi\u00e8ce par le filtre de la deuxi\u00e8me, on donne naissance \u00e0 la troisi\u00e8me\u2026 Comme <em>Art of Metal 3<\/em>, <em>Triades<\/em> peut donc \u00eatre vue comme un condens\u00e9 ou une \u00ab\u00a0synth\u00e8se \/ extension\u00a0\u00bb des pr\u00e9c\u00e9dents volets\u00a0\u2014 mais pas seulement.<\/span><\/p>\n<p><span style=\"font-size: 14pt;\"><strong>Nicolas Crosse\u00a0:<\/strong> Yann est l\u2019une des personnalit\u00e9s les plus importantes dans ma carri\u00e8re de musicien \u2014 et m\u00eame avant que j\u2019int\u00e8gre l\u2019EIC. Ce n\u2019est pas tous les jours qu\u2019on a la chance de cr\u00e9er un concerto pour contrebasse, et c\u2019est un honneur ! D\u2019autant plus que les pi\u00e8ces que nous avons faites ensemble deviennent pour moi des \u0153uvres majeures du r\u00e9pertoire\u00a0; sa vision de l\u2019instrument, sa mani\u00e8re de l\u2019architecturer est unique. J\u2019ai h\u00e2te de voir mes \u00e9l\u00e8ves au CNSM s\u2019y plonger.<\/span><\/p>\n<p><span style=\"font-size: 14pt;\"><strong><img loading=\"lazy\" decoding=\"async\" class=\"alignleft size-medium wp-image-18457\" src=\"http:\/\/www.ensembleintercontemporain.com\/content\/uploads\/2020\/01\/triades-300x222.jpg\" alt=\"\" width=\"300\" height=\"222\" srcset=\"https:\/\/www.ensembleintercontemporain.com\/content\/uploads\/2020\/01\/triades-300x222.jpg 300w, https:\/\/www.ensembleintercontemporain.com\/content\/uploads\/2020\/01\/triades-1024x759.jpg 1024w, https:\/\/www.ensembleintercontemporain.com\/content\/uploads\/2020\/01\/triades-768x569.jpg 768w, https:\/\/www.ensembleintercontemporain.com\/content\/uploads\/2020\/01\/triades.jpg 1202w\" sizes=\"auto, (max-width: 300px) 100vw, 300px\" \/>Les titres du cycle font r\u00e9f\u00e9rence aux formations monstrueuses qui peuplent la surface de la plan\u00e8te Solaris, dans le roman de Stanislav Lem\u00a0: pourquoi\u00a0?<\/strong><\/span><\/p>\n<p><span style=\"font-size: 14pt;\"><strong>Y.R.\u00a0: <\/strong>La po\u00e9tique du cycle est venue au cours de la composition. Le passage consacr\u00e9 \u00e0 ces cr\u00e9atures fabuleuses g\u00e9n\u00e9r\u00e9es par Solaris, et dot\u00e9es d\u2019une activit\u00e9 ph\u00e9nom\u00e9nale et de dynamismes prodigieux d\u00e9passant tout ce que l\u2019esprit humain peut imaginer, est le plus dynamique du roman, et ces descriptions trouvaient un tr\u00e8s grand \u00e9cho en moi, ainsi que dans le travail que nous faisions avec Nicolas.<\/span><\/p>\n<p>&nbsp;<\/p>\n<p><span style=\"font-size: 14pt;\"><strong>Voil\u00e0 plus de quinze ans que vous vous c\u00f4toyez. Y a-t-il encore des surprises, de la nouveaut\u00e9\u00a0?<\/strong><\/span><\/p>\n<p><span style=\"font-size: 14pt;\"><strong>Y.R.\u00a0: <\/strong>\u00c9videmment. Par exemple, lorsqu\u2019on a enregistr\u00e9 la partie soliste de <em>Triades<\/em>, afin de pouvoir exp\u00e9rimenter dessus la partie \u00e9lectronique, Nicolas s\u2019est arr\u00eat\u00e9 un moment et nous a dit\u00a0: \u00ab\u00a0Tiens, ce geste, je crois que je ne l\u2019avais jamais fait\u00a0!\u00a0\u00bb C\u2019\u00e9tait un trille en glissendo, en \u00e9crasant l\u2019archet.<\/span><\/p>\n<p><span style=\"font-size: 14pt;\"><strong>N.C.\u00a0:<\/strong> Yann ne travaille pas que pour la contrebasse, mais aussi pour tous les autres instruments \u00e0 cordes. Et si, auparavant, il r\u00e9servait certains sons, certains gestes, \u00e0 certains instruments (violon, alto, etc.), aujourd\u2019hui, il est arriv\u00e9 \u00e0 une forme synth\u00e9tique de ces gestes, qui lui permet de les appliquer \u00e0 tous les instruments indistinctement. Ce qui m\u2019oblige \u00e9videmment \u00e0 adapter ces gestes \u00e0 la taille et aux qualit\u00e9s acoustiques propres \u00e0 la contrebasse\u2026<\/span><\/p>\n<p><span style=\"font-size: 14pt;\"><strong>Y.R.\u00a0: <\/strong>Cela \u00e9tant dit, \u00e7a ne l\u2019a pas du tout d\u00e9rang\u00e9. Nicolas a tellement int\u00e9gr\u00e9 mon univers et mon imaginaire, qu\u2019il n\u2019y a presque plus besoin d\u2019en parler. Au reste, mon imaginaire s\u2019est d\u00e9velopp\u00e9 gr\u00e2ce \u00e0 lui et \u00e0 quelques autres instrumentistes avec lesquels je collabore sur le long terme. Sans eux, ma musique ne serait pas ce qu\u2019elle est aujourd\u2019hui. Pareil pour Robin Meier qui programme l\u2019\u00e9lectronique avec moi depuis bien longtemps. S\u2019agissant de <em>Triades<\/em>, je peux m\u00eame dire que nous sommes tous les trois impliqu\u00e9s dans le processus de cr\u00e9ation. <\/span><span style=\"font-size: 14pt;\">Ce qui veut dire que, lorsqu\u2019on travaille la pi\u00e8ce avec Nicolas, on parle choix d\u2019interpr\u00e9tations, poids, phras\u00e9, agogiques et dynamiques \u2014 bref, on parle musique. Jamais mat\u00e9riau ou technique. C\u2019est passionnant parce qu\u2019on se chante les choses, on les conduit, on va jusque dans le moindre petit d\u00e9tail. C\u2019est le bonheur\u00a0!<\/span><\/p>\n<p><span style=\"font-size: 14pt;\"><strong>N.C.\u00a0: <\/strong>On a en effet battu ensemble tous les sentiers de l\u2019exploitation de l\u2019instrument. Aujourd\u2019hui, quand il me demande un type de son, je sais comment le faire. On ne parle plus de hauteurs ou de sons d\u00e9finis, mais de travail de la mati\u00e8re. Et, ce qui est plus important encore, son \u00e9criture, tr\u00e8s graphique, est tr\u00e8s \u00e9loquente\u00a0et tombe toujours juste. Ce qui est essentiel si l\u2019on veut pouvoir faire vivre ces pi\u00e8ces de mani\u00e8re autonome, sans avoir besoin du compositeur ou de son cr\u00e9ateur<\/span><\/p>\n<p><img loading=\"lazy\" decoding=\"async\" class=\"aligncenter size-full wp-image-18492\" src=\"http:\/\/www.ensembleintercontemporain.com\/content\/uploads\/2020\/01\/dscf1588-2.jpg\" alt=\"\" width=\"1920\" height=\"1293\" srcset=\"https:\/\/www.ensembleintercontemporain.com\/content\/uploads\/2020\/01\/dscf1588-2.jpg 1920w, https:\/\/www.ensembleintercontemporain.com\/content\/uploads\/2020\/01\/dscf1588-2-300x202.jpg 300w, https:\/\/www.ensembleintercontemporain.com\/content\/uploads\/2020\/01\/dscf1588-2-1024x690.jpg 1024w, https:\/\/www.ensembleintercontemporain.com\/content\/uploads\/2020\/01\/dscf1588-2-768x517.jpg 768w, https:\/\/www.ensembleintercontemporain.com\/content\/uploads\/2020\/01\/dscf1588-2-1536x1034.jpg 1536w\" sizes=\"auto, (max-width: 1920px) 100vw, 1920px\" \/><\/p>\n<p><span style=\"font-size: 14pt;\"><strong>L\u2019interpr\u00e9tation d\u2019une \u0153uvre de Yann Robin exige une \u00e9nergie ph\u00e9nom\u00e9nale\u00a0: qu\u2019est-ce que cela repr\u00e9sente physiquement\u00a0?<\/strong><\/span><\/p>\n<p><span style=\"font-size: 14pt;\"><strong>Y.R.\u00a0: <\/strong>Une petite anecdote\u00a0: la premi\u00e8re fois que j\u2019ai entendu Nicolas en concert, c\u2019\u00e9tait au Conservatoire o\u00f9 nous \u00e9tions tous deux \u00e9tudiants, et il jouait une pi\u00e8ce rev\u00eatu d\u2019une v\u00e9ritable armure, \u00e0 la demande du compositeur. Son engagement et son \u00e9nergie m\u2019ont litt\u00e9ralement bluff\u00e9.<\/span><\/p>\n<p><span style=\"font-size: 14pt;\"><strong>N.C.\u00a0: <\/strong>J\u2019avais 25 ans, et l\u2019armure pesait 12 kg\u00a0: c\u2019\u00e9tait terrible, mais je m\u2019\u00e9tais mis au d\u00e9fi. Je suis sorti de l\u00e0, j\u2019\u00e9tais \u00e9puis\u00e9\u2026 Mais cette dimension physique dans le rapport \u00e0 l\u2019instrument, cette \u00e9nergie sauvage, voire bestiale,\u00a0me plait beaucoup dans la musique de Yann, m\u00eame si cela fait partie des grands enjeux de l\u2019interpr\u00e9tation\u00a0: il faut savoir g\u00e9rer son \u00e9nergie, autant du point de vue musculaire que de l\u2019endurance. Car l\u2019engagement physique est total. Dans le d\u00e9roul\u00e9 de <em>Triades <\/em>par exemple, j\u2019ai d\u00fb trouver des moments de respiration pour r\u00e9cup\u00e9rer tr\u00e8s vite et repartir au combat. M\u00eame le travail en amont est compliqu\u00e9\u00a0: il ne faut surtout pas tout donner d\u00e8s le d\u00e9but. Mais au contraire donner de plus en plus, en crescendo, de r\u00e9p\u00e9tition en r\u00e9p\u00e9tition, jusqu\u2019au moment du concert.<\/span><\/p>\n<p>&nbsp;<\/p>\n<p><iframe loading=\"lazy\" src=\"https:\/\/w.soundcloud.com\/player\/?url=https%3A\/\/api.soundcloud.com\/users\/213471315&amp;color=%23ff5500&amp;auto_play=false&amp;hide_related=false&amp;show_comments=true&amp;show_user=true&amp;show_reposts=false&amp;show_teaser=true&amp;visual=true\" width=\"100%\" height=\"300\" frameborder=\"no\" scrolling=\"no\"><\/iframe><\/p>\n<p>&nbsp;<\/p>\n<p>Photos (de haut en bas) : \u00a9 Franck Ferville \/ autres photos \u00a9 EIC<\/p>\n","protected":false},"excerpt":{"rendered":"<p>Le 7 f\u00e9vrier \u00e0 la Cit\u00e9 de la musique, Nicolas Crosse sera soliste dans <em>Triades<\/em>de Yann Robin pour contrebasse, ensemble et \u00e9lectronique. C\u2019est le cinqui\u00e8me volet d\u2019un cycle qui comprenait jusqu\u2019ici <em>Asym\u00e9triades<\/em>, <em>Sym\u00e9triades<\/em>, <em>Sym\u00e9triades<\/em> \/ <em>Extension<\/em> et <em>Myst<\/em>. Rencontre avec le compositeur et son interpr\u00e8te, duo ins\u00e9parable et d\u00e9tonnant\u2026<\/p>\n","protected":false},"author":5,"featured_media":18453,"comment_status":"closed","ping_status":"closed","sticky":false,"template":"","format":"standard","meta":{"_acf_changed":false,"footnotes":""},"categories":[4],"tags":[227,9,193,599,338],"class_list":["post-18449","post","type-post","status-publish","format-standard","has-post-thumbnail","hentry","category-entretiens","tag-contrebasse","tag-ircam","tag-musique-electronique","tag-nicolas-crosse","tag-yann-robin","concert-music-box"],"acf":[],"yoast_head":"<!-- This site is optimized with the Yoast SEO plugin v27.5 - https:\/\/yoast.com\/product\/yoast-seo-wordpress\/ -->\n<title>\u00ab Un Engagement total \u00bb. Entretien avec Yann Robin, compositeur et Nicolas Crosse, contrebassiste. - Ensemble intercontemporain<\/title>\n<meta name=\"description\" content=\"Entretien avec le compositeur Yann Robin et le contrebassiste Nicolas Crosse\" \/>\n<meta name=\"robots\" content=\"index, follow, max-snippet:-1, max-image-preview:large, max-video-preview:-1\" \/>\n<link rel=\"canonical\" href=\"https:\/\/www.ensembleintercontemporain.com\/fr\/2020\/01\/un-engagement-total-entretien-avec-yann-robin-compositeur-et-nicolas-crosse-contrebassiste\/\" \/>\n<meta property=\"og:locale\" content=\"fr_FR\" \/>\n<meta property=\"og:type\" content=\"article\" \/>\n<meta property=\"og:title\" content=\"\u00ab Un Engagement total \u00bb. Entretien avec Yann Robin, compositeur et Nicolas Crosse, contrebassiste. - Ensemble intercontemporain\" \/>\n<meta property=\"og:description\" content=\"Entretien avec le compositeur Yann Robin et le contrebassiste Nicolas Crosse\" \/>\n<meta property=\"og:url\" content=\"https:\/\/www.ensembleintercontemporain.com\/en\/2020\/01\/un-engagement-total-entretien-avec-yann-robin-compositeur-et-nicolas-crosse-contrebassiste\/\" \/>\n<meta property=\"og:site_name\" content=\"Ensemble intercontemporain\" \/>\n<meta property=\"article:published_time\" content=\"2020-01-30T11:40:11+00:00\" \/>\n<meta property=\"article:modified_time\" content=\"2021-10-26T12:23:13+00:00\" \/>\n<meta property=\"og:image\" content=\"https:\/\/www.ensembleintercontemporain.com\/content\/uploads\/2020\/01\/mg_2336-def-1.jpg\" \/>\n\t<meta property=\"og:image:width\" content=\"1920\" \/>\n\t<meta property=\"og:image:height\" content=\"1385\" \/>\n\t<meta property=\"og:image:type\" content=\"image\/jpeg\" \/>\n<meta name=\"author\" content=\"J\u00e9remie Szpirglas\" \/>\n<meta name=\"twitter:card\" content=\"summary_large_image\" \/>\n<meta name=\"twitter:label1\" content=\"\u00c9crit par\" \/>\n\t<meta name=\"twitter:data1\" content=\"J\u00e9remie Szpirglas\" \/>\n\t<meta name=\"twitter:label2\" content=\"Dur\u00e9e de lecture estim\u00e9e\" \/>\n\t<meta name=\"twitter:data2\" content=\"5 minutes\" \/>\n<script type=\"application\/ld+json\" class=\"yoast-schema-graph\">{\"@context\":\"https:\\\/\\\/schema.org\",\"@graph\":[{\"@type\":\"Article\",\"@id\":\"https:\\\/\\\/www.ensembleintercontemporain.com\\\/en\\\/2020\\\/01\\\/un-engagement-total-entretien-avec-yann-robin-compositeur-et-nicolas-crosse-contrebassiste\\\/#article\",\"isPartOf\":{\"@id\":\"https:\\\/\\\/www.ensembleintercontemporain.com\\\/en\\\/2020\\\/01\\\/un-engagement-total-entretien-avec-yann-robin-compositeur-et-nicolas-crosse-contrebassiste\\\/\"},\"author\":{\"name\":\"J\u00e9remie Szpirglas\",\"@id\":\"https:\\\/\\\/www.ensembleintercontemporain.com\\\/en\\\/#\\\/schema\\\/person\\\/439a7dd5cd8a167c34c931d7cc900214\"},\"headline\":\"\u00ab Un Engagement total \u00bb. Entretien avec Yann Robin, compositeur et Nicolas Crosse, contrebassiste.\",\"datePublished\":\"2020-01-30T11:40:11+00:00\",\"dateModified\":\"2021-10-26T12:23:13+00:00\",\"mainEntityOfPage\":{\"@id\":\"https:\\\/\\\/www.ensembleintercontemporain.com\\\/en\\\/2020\\\/01\\\/un-engagement-total-entretien-avec-yann-robin-compositeur-et-nicolas-crosse-contrebassiste\\\/\"},\"wordCount\":1100,\"image\":{\"@id\":\"https:\\\/\\\/www.ensembleintercontemporain.com\\\/en\\\/2020\\\/01\\\/un-engagement-total-entretien-avec-yann-robin-compositeur-et-nicolas-crosse-contrebassiste\\\/#primaryimage\"},\"thumbnailUrl\":\"https:\\\/\\\/www.ensembleintercontemporain.com\\\/content\\\/uploads\\\/2020\\\/01\\\/mg_2336-def-1.jpg\",\"keywords\":[\"contrebasse\",\"ircam\",\"musique \u00e9lectronique\",\"Nicolas Crosse\",\"Yann Robin\"],\"articleSection\":[\"Entretien\"],\"inLanguage\":\"fr-FR\"},{\"@type\":\"WebPage\",\"@id\":\"https:\\\/\\\/www.ensembleintercontemporain.com\\\/en\\\/2020\\\/01\\\/un-engagement-total-entretien-avec-yann-robin-compositeur-et-nicolas-crosse-contrebassiste\\\/\",\"url\":\"https:\\\/\\\/www.ensembleintercontemporain.com\\\/en\\\/2020\\\/01\\\/un-engagement-total-entretien-avec-yann-robin-compositeur-et-nicolas-crosse-contrebassiste\\\/\",\"name\":\"\u00ab Un Engagement total \u00bb. Entretien avec Yann Robin, compositeur et Nicolas Crosse, contrebassiste. - Ensemble intercontemporain\",\"isPartOf\":{\"@id\":\"https:\\\/\\\/www.ensembleintercontemporain.com\\\/en\\\/#website\"},\"primaryImageOfPage\":{\"@id\":\"https:\\\/\\\/www.ensembleintercontemporain.com\\\/en\\\/2020\\\/01\\\/un-engagement-total-entretien-avec-yann-robin-compositeur-et-nicolas-crosse-contrebassiste\\\/#primaryimage\"},\"image\":{\"@id\":\"https:\\\/\\\/www.ensembleintercontemporain.com\\\/en\\\/2020\\\/01\\\/un-engagement-total-entretien-avec-yann-robin-compositeur-et-nicolas-crosse-contrebassiste\\\/#primaryimage\"},\"thumbnailUrl\":\"https:\\\/\\\/www.ensembleintercontemporain.com\\\/content\\\/uploads\\\/2020\\\/01\\\/mg_2336-def-1.jpg\",\"datePublished\":\"2020-01-30T11:40:11+00:00\",\"dateModified\":\"2021-10-26T12:23:13+00:00\",\"author\":{\"@id\":\"https:\\\/\\\/www.ensembleintercontemporain.com\\\/en\\\/#\\\/schema\\\/person\\\/439a7dd5cd8a167c34c931d7cc900214\"},\"description\":\"Entretien avec le compositeur Yann Robin et le contrebassiste Nicolas Crosse\",\"breadcrumb\":{\"@id\":\"https:\\\/\\\/www.ensembleintercontemporain.com\\\/en\\\/2020\\\/01\\\/un-engagement-total-entretien-avec-yann-robin-compositeur-et-nicolas-crosse-contrebassiste\\\/#breadcrumb\"},\"inLanguage\":\"fr-FR\",\"potentialAction\":[{\"@type\":\"ReadAction\",\"target\":[\"https:\\\/\\\/www.ensembleintercontemporain.com\\\/en\\\/2020\\\/01\\\/un-engagement-total-entretien-avec-yann-robin-compositeur-et-nicolas-crosse-contrebassiste\\\/\"]}]},{\"@type\":\"ImageObject\",\"inLanguage\":\"fr-FR\",\"@id\":\"https:\\\/\\\/www.ensembleintercontemporain.com\\\/en\\\/2020\\\/01\\\/un-engagement-total-entretien-avec-yann-robin-compositeur-et-nicolas-crosse-contrebassiste\\\/#primaryimage\",\"url\":\"https:\\\/\\\/www.ensembleintercontemporain.com\\\/content\\\/uploads\\\/2020\\\/01\\\/mg_2336-def-1.jpg\",\"contentUrl\":\"https:\\\/\\\/www.ensembleintercontemporain.com\\\/content\\\/uploads\\\/2020\\\/01\\\/mg_2336-def-1.jpg\",\"width\":1920,\"height\":1385},{\"@type\":\"BreadcrumbList\",\"@id\":\"https:\\\/\\\/www.ensembleintercontemporain.com\\\/en\\\/2020\\\/01\\\/un-engagement-total-entretien-avec-yann-robin-compositeur-et-nicolas-crosse-contrebassiste\\\/#breadcrumb\",\"itemListElement\":[{\"@type\":\"ListItem\",\"position\":1,\"name\":\"Home\",\"item\":\"https:\\\/\\\/www.ensembleintercontemporain.com\\\/fr\\\/\"},{\"@type\":\"ListItem\",\"position\":2,\"name\":\"\u00ab Un Engagement total \u00bb. Entretien avec Yann Robin, compositeur et Nicolas Crosse, contrebassiste.\"}]},{\"@type\":\"WebSite\",\"@id\":\"https:\\\/\\\/www.ensembleintercontemporain.com\\\/en\\\/#website\",\"url\":\"https:\\\/\\\/www.ensembleintercontemporain.com\\\/en\\\/\",\"name\":\"Ensemble intercontemporain\",\"description\":\"\",\"potentialAction\":[{\"@type\":\"SearchAction\",\"target\":{\"@type\":\"EntryPoint\",\"urlTemplate\":\"https:\\\/\\\/www.ensembleintercontemporain.com\\\/en\\\/?s={search_term_string}\"},\"query-input\":{\"@type\":\"PropertyValueSpecification\",\"valueRequired\":true,\"valueName\":\"search_term_string\"}}],\"inLanguage\":\"fr-FR\"},{\"@type\":\"Person\",\"@id\":\"https:\\\/\\\/www.ensembleintercontemporain.com\\\/en\\\/#\\\/schema\\\/person\\\/439a7dd5cd8a167c34c931d7cc900214\",\"name\":\"J\u00e9remie Szpirglas\",\"image\":{\"@type\":\"ImageObject\",\"inLanguage\":\"fr-FR\",\"@id\":\"https:\\\/\\\/secure.gravatar.com\\\/avatar\\\/51406c8ec861211e1bd97cfab9a482b48101946652a6a78f911670a9a593f3ed?s=96&d=mm&r=g\",\"url\":\"https:\\\/\\\/secure.gravatar.com\\\/avatar\\\/51406c8ec861211e1bd97cfab9a482b48101946652a6a78f911670a9a593f3ed?s=96&d=mm&r=g\",\"contentUrl\":\"https:\\\/\\\/secure.gravatar.com\\\/avatar\\\/51406c8ec861211e1bd97cfab9a482b48101946652a6a78f911670a9a593f3ed?s=96&d=mm&r=g\",\"caption\":\"J\u00e9remie Szpirglas\"},\"url\":\"https:\\\/\\\/www.ensembleintercontemporain.com\\\/fr\\\/author\\\/benjamin-szpirglas\\\/\"}]}<\/script>\n<!-- \/ Yoast SEO plugin. -->","yoast_head_json":{"title":"\u00ab Un Engagement total \u00bb. Entretien avec Yann Robin, compositeur et Nicolas Crosse, contrebassiste. - Ensemble intercontemporain","description":"Entretien avec le compositeur Yann Robin et le contrebassiste Nicolas Crosse","robots":{"index":"index","follow":"follow","max-snippet":"max-snippet:-1","max-image-preview":"max-image-preview:large","max-video-preview":"max-video-preview:-1"},"canonical":"https:\/\/www.ensembleintercontemporain.com\/fr\/2020\/01\/un-engagement-total-entretien-avec-yann-robin-compositeur-et-nicolas-crosse-contrebassiste\/","og_locale":"fr_FR","og_type":"article","og_title":"\u00ab Un Engagement total \u00bb. Entretien avec Yann Robin, compositeur et Nicolas Crosse, contrebassiste. - Ensemble intercontemporain","og_description":"Entretien avec le compositeur Yann Robin et le contrebassiste Nicolas Crosse","og_url":"https:\/\/www.ensembleintercontemporain.com\/en\/2020\/01\/un-engagement-total-entretien-avec-yann-robin-compositeur-et-nicolas-crosse-contrebassiste\/","og_site_name":"Ensemble intercontemporain","article_published_time":"2020-01-30T11:40:11+00:00","article_modified_time":"2021-10-26T12:23:13+00:00","og_image":[{"width":1920,"height":1385,"url":"https:\/\/www.ensembleintercontemporain.com\/content\/uploads\/2020\/01\/mg_2336-def-1.jpg","type":"image\/jpeg"}],"author":"J\u00e9remie Szpirglas","twitter_card":"summary_large_image","twitter_misc":{"\u00c9crit par":"J\u00e9remie Szpirglas","Dur\u00e9e de lecture estim\u00e9e":"5 minutes"},"schema":{"@context":"https:\/\/schema.org","@graph":[{"@type":"Article","@id":"https:\/\/www.ensembleintercontemporain.com\/en\/2020\/01\/un-engagement-total-entretien-avec-yann-robin-compositeur-et-nicolas-crosse-contrebassiste\/#article","isPartOf":{"@id":"https:\/\/www.ensembleintercontemporain.com\/en\/2020\/01\/un-engagement-total-entretien-avec-yann-robin-compositeur-et-nicolas-crosse-contrebassiste\/"},"author":{"name":"J\u00e9remie Szpirglas","@id":"https:\/\/www.ensembleintercontemporain.com\/en\/#\/schema\/person\/439a7dd5cd8a167c34c931d7cc900214"},"headline":"\u00ab Un Engagement total \u00bb. Entretien avec Yann Robin, compositeur et Nicolas Crosse, contrebassiste.","datePublished":"2020-01-30T11:40:11+00:00","dateModified":"2021-10-26T12:23:13+00:00","mainEntityOfPage":{"@id":"https:\/\/www.ensembleintercontemporain.com\/en\/2020\/01\/un-engagement-total-entretien-avec-yann-robin-compositeur-et-nicolas-crosse-contrebassiste\/"},"wordCount":1100,"image":{"@id":"https:\/\/www.ensembleintercontemporain.com\/en\/2020\/01\/un-engagement-total-entretien-avec-yann-robin-compositeur-et-nicolas-crosse-contrebassiste\/#primaryimage"},"thumbnailUrl":"https:\/\/www.ensembleintercontemporain.com\/content\/uploads\/2020\/01\/mg_2336-def-1.jpg","keywords":["contrebasse","ircam","musique \u00e9lectronique","Nicolas Crosse","Yann Robin"],"articleSection":["Entretien"],"inLanguage":"fr-FR"},{"@type":"WebPage","@id":"https:\/\/www.ensembleintercontemporain.com\/en\/2020\/01\/un-engagement-total-entretien-avec-yann-robin-compositeur-et-nicolas-crosse-contrebassiste\/","url":"https:\/\/www.ensembleintercontemporain.com\/en\/2020\/01\/un-engagement-total-entretien-avec-yann-robin-compositeur-et-nicolas-crosse-contrebassiste\/","name":"\u00ab Un Engagement total \u00bb. Entretien avec Yann Robin, compositeur et Nicolas Crosse, contrebassiste. - Ensemble intercontemporain","isPartOf":{"@id":"https:\/\/www.ensembleintercontemporain.com\/en\/#website"},"primaryImageOfPage":{"@id":"https:\/\/www.ensembleintercontemporain.com\/en\/2020\/01\/un-engagement-total-entretien-avec-yann-robin-compositeur-et-nicolas-crosse-contrebassiste\/#primaryimage"},"image":{"@id":"https:\/\/www.ensembleintercontemporain.com\/en\/2020\/01\/un-engagement-total-entretien-avec-yann-robin-compositeur-et-nicolas-crosse-contrebassiste\/#primaryimage"},"thumbnailUrl":"https:\/\/www.ensembleintercontemporain.com\/content\/uploads\/2020\/01\/mg_2336-def-1.jpg","datePublished":"2020-01-30T11:40:11+00:00","dateModified":"2021-10-26T12:23:13+00:00","author":{"@id":"https:\/\/www.ensembleintercontemporain.com\/en\/#\/schema\/person\/439a7dd5cd8a167c34c931d7cc900214"},"description":"Entretien avec le compositeur Yann Robin et le contrebassiste Nicolas Crosse","breadcrumb":{"@id":"https:\/\/www.ensembleintercontemporain.com\/en\/2020\/01\/un-engagement-total-entretien-avec-yann-robin-compositeur-et-nicolas-crosse-contrebassiste\/#breadcrumb"},"inLanguage":"fr-FR","potentialAction":[{"@type":"ReadAction","target":["https:\/\/www.ensembleintercontemporain.com\/en\/2020\/01\/un-engagement-total-entretien-avec-yann-robin-compositeur-et-nicolas-crosse-contrebassiste\/"]}]},{"@type":"ImageObject","inLanguage":"fr-FR","@id":"https:\/\/www.ensembleintercontemporain.com\/en\/2020\/01\/un-engagement-total-entretien-avec-yann-robin-compositeur-et-nicolas-crosse-contrebassiste\/#primaryimage","url":"https:\/\/www.ensembleintercontemporain.com\/content\/uploads\/2020\/01\/mg_2336-def-1.jpg","contentUrl":"https:\/\/www.ensembleintercontemporain.com\/content\/uploads\/2020\/01\/mg_2336-def-1.jpg","width":1920,"height":1385},{"@type":"BreadcrumbList","@id":"https:\/\/www.ensembleintercontemporain.com\/en\/2020\/01\/un-engagement-total-entretien-avec-yann-robin-compositeur-et-nicolas-crosse-contrebassiste\/#breadcrumb","itemListElement":[{"@type":"ListItem","position":1,"name":"Home","item":"https:\/\/www.ensembleintercontemporain.com\/fr\/"},{"@type":"ListItem","position":2,"name":"\u00ab Un Engagement total \u00bb. Entretien avec Yann Robin, compositeur et Nicolas Crosse, contrebassiste."}]},{"@type":"WebSite","@id":"https:\/\/www.ensembleintercontemporain.com\/en\/#website","url":"https:\/\/www.ensembleintercontemporain.com\/en\/","name":"Ensemble intercontemporain","description":"","potentialAction":[{"@type":"SearchAction","target":{"@type":"EntryPoint","urlTemplate":"https:\/\/www.ensembleintercontemporain.com\/en\/?s={search_term_string}"},"query-input":{"@type":"PropertyValueSpecification","valueRequired":true,"valueName":"search_term_string"}}],"inLanguage":"fr-FR"},{"@type":"Person","@id":"https:\/\/www.ensembleintercontemporain.com\/en\/#\/schema\/person\/439a7dd5cd8a167c34c931d7cc900214","name":"J\u00e9remie Szpirglas","image":{"@type":"ImageObject","inLanguage":"fr-FR","@id":"https:\/\/secure.gravatar.com\/avatar\/51406c8ec861211e1bd97cfab9a482b48101946652a6a78f911670a9a593f3ed?s=96&d=mm&r=g","url":"https:\/\/secure.gravatar.com\/avatar\/51406c8ec861211e1bd97cfab9a482b48101946652a6a78f911670a9a593f3ed?s=96&d=mm&r=g","contentUrl":"https:\/\/secure.gravatar.com\/avatar\/51406c8ec861211e1bd97cfab9a482b48101946652a6a78f911670a9a593f3ed?s=96&d=mm&r=g","caption":"J\u00e9remie Szpirglas"},"url":"https:\/\/www.ensembleintercontemporain.com\/fr\/author\/benjamin-szpirglas\/"}]}},"_links":{"self":[{"href":"https:\/\/www.ensembleintercontemporain.com\/fr\/wp-json\/wp\/v2\/posts\/18449\/"}],"collection":[{"href":"https:\/\/www.ensembleintercontemporain.com\/fr\/wp-json\/wp\/v2\/posts\/"}],"about":[{"href":"https:\/\/www.ensembleintercontemporain.com\/fr\/wp-json\/wp\/v2\/types\/post\/"}],"author":[{"embeddable":true,"href":"https:\/\/www.ensembleintercontemporain.com\/fr\/wp-json\/wp\/v2\/users\/5\/"}],"replies":[{"embeddable":true,"href":"https:\/\/www.ensembleintercontemporain.com\/fr\/wp-json\/wp\/v2\/comments\/?post=18449"}],"version-history":[{"count":11,"href":"https:\/\/www.ensembleintercontemporain.com\/fr\/wp-json\/wp\/v2\/posts\/18449\/revisions\/"}],"predecessor-version":[{"id":21564,"href":"https:\/\/www.ensembleintercontemporain.com\/fr\/wp-json\/wp\/v2\/posts\/18449\/revisions\/21564\/"}],"wp:featuredmedia":[{"embeddable":true,"href":"https:\/\/www.ensembleintercontemporain.com\/fr\/wp-json\/wp\/v2\/media\/18453\/"}],"wp:attachment":[{"href":"https:\/\/www.ensembleintercontemporain.com\/fr\/wp-json\/wp\/v2\/media\/?parent=18449"}],"wp:term":[{"taxonomy":"category","embeddable":true,"href":"https:\/\/www.ensembleintercontemporain.com\/fr\/wp-json\/wp\/v2\/categories\/?post=18449"},{"taxonomy":"post_tag","embeddable":true,"href":"https:\/\/www.ensembleintercontemporain.com\/fr\/wp-json\/wp\/v2\/tags\/?post=18449"}],"curies":[{"name":"wp","href":"https:\/\/api.w.org\/{rel}","templated":true}]}}