{"id":18082,"date":"2019-11-28T15:25:58","date_gmt":"2019-11-28T14:25:58","guid":{"rendered":"https:\/\/www.ensembleintercontemporain.com\/?p=18082"},"modified":"2019-11-28T15:25:58","modified_gmt":"2019-11-28T14:25:58","slug":"hommage-a-olly","status":"publish","type":"post","link":"https:\/\/www.ensembleintercontemporain.com\/fr\/2019\/11\/hommage-a-olly\/","title":{"rendered":"Hommage \u00e0 Olly."},"content":{"rendered":"<p><a href=\"https:\/\/youtu.be\/UPhSjGkj4Xg\"><strong><span style=\"color: #003366; font-size: 14pt;\"><img loading=\"lazy\" decoding=\"async\" class=\"aligncenter size-full wp-image-18083\" src=\"http:\/\/www.ensembleintercontemporain.com\/content\/uploads\/2019\/11\/edito-dec-19-une_pp.jpg\" alt=\"\" width=\"1920\" height=\"1174\" srcset=\"https:\/\/www.ensembleintercontemporain.com\/content\/uploads\/2019\/11\/edito-dec-19-une_pp.jpg 1920w, https:\/\/www.ensembleintercontemporain.com\/content\/uploads\/2019\/11\/edito-dec-19-une_pp-300x183.jpg 300w, https:\/\/www.ensembleintercontemporain.com\/content\/uploads\/2019\/11\/edito-dec-19-une_pp-768x470.jpg 768w, https:\/\/www.ensembleintercontemporain.com\/content\/uploads\/2019\/11\/edito-dec-19-une_pp-1024x626.jpg 1024w\" sizes=\"auto, (max-width: 1920px) 100vw, 1920px\" \/><\/span><\/strong><\/a><\/p>\n<p><strong><span style=\"color: #003366; font-size: 14pt;\">Le compositeur et chef d\u2019orchestre \u00e9cossais Oliver Knussen (1952-2018), \u00ab Olly \u00bb pour les intimes, \u00e9tait un g\u00e9ant, dans tous les sens du terme. \u00c0 l\u2019occasion du concert hommage du <a href=\"https:\/\/www.ensembleintercontemporain.com\/fr\/concert\/hommage-a-olly-2019-12-10-20h30-paris\/\">10 d\u00e9cembre 2019 \u00e0 la Cit\u00e9 de la musique<\/a>, Matthias Pintscher revient sur sa relation avec une personnalit\u00e9 aussi hors norme qu\u2019attachante.<\/span><\/strong><\/p>\n<p>&nbsp;<\/p>\n<p><iframe loading=\"lazy\" src=\"https:\/\/www.youtube.com\/embed\/UPhSjGkj4Xg\" width=\"560\" height=\"315\" frameborder=\"0\" allowfullscreen=\"allowfullscreen\"><\/iframe><\/p>\n","protected":false},"excerpt":{"rendered":"<p>Le compositeur et chef d\u2019orchestre \u00e9cossais Oliver Knussen (1952-2018), \u00ab Olly \u00bb pour les intimes, \u00e9tait un g\u00e9ant, dans tous les sens du terme. Matthias Pintscher pr\u00e9sente le programme du concert hommage 10 d\u00e9cembre 2019 \u00e0 la Cit\u00e9 de la musique. <\/p>\n","protected":false},"author":99,"featured_media":18083,"comment_status":"closed","ping_status":"closed","sticky":false,"template":"","format":"standard","meta":{"_acf_changed":false,"footnotes":""},"categories":[1002],"tags":[55,560,159],"class_list":["post-18082","post","type-post","status-publish","format-standard","has-post-thumbnail","hentry","category-edito","tag-cite-de-la-musique","tag-matthias-pintscher","tag-oliver-knussen","concert-hommage-a-olly"],"acf":[],"yoast_head":"<!-- This site is optimized with the Yoast SEO plugin v27.5 - https:\/\/yoast.com\/product\/yoast-seo-wordpress\/ -->\n<title>Hommage \u00e0 Olly. - Ensemble intercontemporain<\/title>\n<meta name=\"description\" content=\"Matthias Pintscher pr\u00e9sente un concert consacr\u00e9 au compositeur et chef d&#039;orchestre \u00e9cossais Oliver Knussen\" \/>\n<meta name=\"robots\" content=\"index, follow, max-snippet:-1, max-image-preview:large, max-video-preview:-1\" \/>\n<link rel=\"canonical\" href=\"https:\/\/www.ensembleintercontemporain.com\/fr\/2019\/11\/hommage-a-olly\/\" \/>\n<meta property=\"og:locale\" content=\"fr_FR\" \/>\n<meta property=\"og:type\" content=\"article\" \/>\n<meta property=\"og:title\" content=\"Hommage \u00e0 Olly. - Ensemble intercontemporain\" \/>\n<meta property=\"og:description\" content=\"Matthias Pintscher pr\u00e9sente un concert consacr\u00e9 au compositeur et chef d&#039;orchestre \u00e9cossais Oliver Knussen\" \/>\n<meta property=\"og:url\" content=\"https:\/\/www.ensembleintercontemporain.com\/fr\/2019\/11\/hommage-a-olly\/\" \/>\n<meta property=\"og:site_name\" content=\"Ensemble intercontemporain\" \/>\n<meta property=\"article:published_time\" content=\"2019-11-28T14:25:58+00:00\" \/>\n<meta property=\"og:image\" content=\"https:\/\/www.ensembleintercontemporain.com\/content\/uploads\/2019\/11\/edito-dec-19-une_pp.jpg\" \/>\n\t<meta property=\"og:image:width\" content=\"1920\" \/>\n\t<meta property=\"og:image:height\" content=\"1174\" \/>\n\t<meta property=\"og:image:type\" content=\"image\/jpeg\" \/>\n<meta name=\"author\" content=\"Matthias Pintscher\" \/>\n<meta name=\"twitter:card\" content=\"summary_large_image\" \/>\n<meta name=\"twitter:label1\" content=\"\u00c9crit par\" \/>\n\t<meta name=\"twitter:data1\" content=\"Matthias Pintscher\" \/>\n<script type=\"application\/ld+json\" class=\"yoast-schema-graph\">{\"@context\":\"https:\\\/\\\/schema.org\",\"@graph\":[{\"@type\":\"Article\",\"@id\":\"https:\\\/\\\/www.ensembleintercontemporain.com\\\/fr\\\/2019\\\/11\\\/hommage-a-olly\\\/#article\",\"isPartOf\":{\"@id\":\"https:\\\/\\\/www.ensembleintercontemporain.com\\\/fr\\\/2019\\\/11\\\/hommage-a-olly\\\/\"},\"author\":{\"name\":\"Matthias Pintscher\",\"@id\":\"https:\\\/\\\/www.ensembleintercontemporain.com\\\/en\\\/#\\\/schema\\\/person\\\/7ad62719e30a4a4b4a43ad9715778ad2\"},\"headline\":\"Hommage \u00e0 Olly.\",\"datePublished\":\"2019-11-28T14:25:58+00:00\",\"mainEntityOfPage\":{\"@id\":\"https:\\\/\\\/www.ensembleintercontemporain.com\\\/fr\\\/2019\\\/11\\\/hommage-a-olly\\\/\"},\"wordCount\":54,\"image\":{\"@id\":\"https:\\\/\\\/www.ensembleintercontemporain.com\\\/fr\\\/2019\\\/11\\\/hommage-a-olly\\\/#primaryimage\"},\"thumbnailUrl\":\"https:\\\/\\\/www.ensembleintercontemporain.com\\\/content\\\/uploads\\\/2019\\\/11\\\/edito-dec-19-une_pp.jpg\",\"keywords\":[\"Cit\u00e9 de la musique\",\"matthias pintscher\",\"Oliver Knussen\"],\"articleSection\":[\"\u00c9dito\"],\"inLanguage\":\"fr-FR\"},{\"@type\":\"WebPage\",\"@id\":\"https:\\\/\\\/www.ensembleintercontemporain.com\\\/fr\\\/2019\\\/11\\\/hommage-a-olly\\\/\",\"url\":\"https:\\\/\\\/www.ensembleintercontemporain.com\\\/fr\\\/2019\\\/11\\\/hommage-a-olly\\\/\",\"name\":\"Hommage \u00e0 Olly. - Ensemble intercontemporain\",\"isPartOf\":{\"@id\":\"https:\\\/\\\/www.ensembleintercontemporain.com\\\/en\\\/#website\"},\"primaryImageOfPage\":{\"@id\":\"https:\\\/\\\/www.ensembleintercontemporain.com\\\/fr\\\/2019\\\/11\\\/hommage-a-olly\\\/#primaryimage\"},\"image\":{\"@id\":\"https:\\\/\\\/www.ensembleintercontemporain.com\\\/fr\\\/2019\\\/11\\\/hommage-a-olly\\\/#primaryimage\"},\"thumbnailUrl\":\"https:\\\/\\\/www.ensembleintercontemporain.com\\\/content\\\/uploads\\\/2019\\\/11\\\/edito-dec-19-une_pp.jpg\",\"datePublished\":\"2019-11-28T14:25:58+00:00\",\"author\":{\"@id\":\"https:\\\/\\\/www.ensembleintercontemporain.com\\\/en\\\/#\\\/schema\\\/person\\\/7ad62719e30a4a4b4a43ad9715778ad2\"},\"description\":\"Matthias Pintscher pr\u00e9sente un concert consacr\u00e9 au compositeur et chef d'orchestre \u00e9cossais Oliver Knussen\",\"breadcrumb\":{\"@id\":\"https:\\\/\\\/www.ensembleintercontemporain.com\\\/fr\\\/2019\\\/11\\\/hommage-a-olly\\\/#breadcrumb\"},\"inLanguage\":\"fr-FR\",\"potentialAction\":[{\"@type\":\"ReadAction\",\"target\":[\"https:\\\/\\\/www.ensembleintercontemporain.com\\\/fr\\\/2019\\\/11\\\/hommage-a-olly\\\/\"]}]},{\"@type\":\"ImageObject\",\"inLanguage\":\"fr-FR\",\"@id\":\"https:\\\/\\\/www.ensembleintercontemporain.com\\\/fr\\\/2019\\\/11\\\/hommage-a-olly\\\/#primaryimage\",\"url\":\"https:\\\/\\\/www.ensembleintercontemporain.com\\\/content\\\/uploads\\\/2019\\\/11\\\/edito-dec-19-une_pp.jpg\",\"contentUrl\":\"https:\\\/\\\/www.ensembleintercontemporain.com\\\/content\\\/uploads\\\/2019\\\/11\\\/edito-dec-19-une_pp.jpg\",\"width\":1920,\"height\":1174},{\"@type\":\"BreadcrumbList\",\"@id\":\"https:\\\/\\\/www.ensembleintercontemporain.com\\\/fr\\\/2019\\\/11\\\/hommage-a-olly\\\/#breadcrumb\",\"itemListElement\":[{\"@type\":\"ListItem\",\"position\":1,\"name\":\"Home\",\"item\":\"https:\\\/\\\/www.ensembleintercontemporain.com\\\/fr\\\/\"},{\"@type\":\"ListItem\",\"position\":2,\"name\":\"Hommage \u00e0 Olly.\"}]},{\"@type\":\"WebSite\",\"@id\":\"https:\\\/\\\/www.ensembleintercontemporain.com\\\/en\\\/#website\",\"url\":\"https:\\\/\\\/www.ensembleintercontemporain.com\\\/en\\\/\",\"name\":\"Ensemble intercontemporain\",\"description\":\"\",\"potentialAction\":[{\"@type\":\"SearchAction\",\"target\":{\"@type\":\"EntryPoint\",\"urlTemplate\":\"https:\\\/\\\/www.ensembleintercontemporain.com\\\/en\\\/?s={search_term_string}\"},\"query-input\":{\"@type\":\"PropertyValueSpecification\",\"valueRequired\":true,\"valueName\":\"search_term_string\"}}],\"inLanguage\":\"fr-FR\"},{\"@type\":\"Person\",\"@id\":\"https:\\\/\\\/www.ensembleintercontemporain.com\\\/en\\\/#\\\/schema\\\/person\\\/7ad62719e30a4a4b4a43ad9715778ad2\",\"name\":\"Matthias Pintscher\",\"image\":{\"@type\":\"ImageObject\",\"inLanguage\":\"fr-FR\",\"@id\":\"https:\\\/\\\/secure.gravatar.com\\\/avatar\\\/7f377a87f562ae6cd751b7ba0d4ac84209258d2bcea2299f800629da76f2ab52?s=96&d=mm&r=g\",\"url\":\"https:\\\/\\\/secure.gravatar.com\\\/avatar\\\/7f377a87f562ae6cd751b7ba0d4ac84209258d2bcea2299f800629da76f2ab52?s=96&d=mm&r=g\",\"contentUrl\":\"https:\\\/\\\/secure.gravatar.com\\\/avatar\\\/7f377a87f562ae6cd751b7ba0d4ac84209258d2bcea2299f800629da76f2ab52?s=96&d=mm&r=g\",\"caption\":\"Matthias Pintscher\"},\"url\":\"https:\\\/\\\/www.ensembleintercontemporain.com\\\/fr\\\/author\\\/matthias-pintscher\\\/\"}]}<\/script>\n<!-- \/ Yoast SEO plugin. -->","yoast_head_json":{"title":"Hommage \u00e0 Olly. - Ensemble intercontemporain","description":"Matthias Pintscher pr\u00e9sente un concert consacr\u00e9 au compositeur et chef d'orchestre \u00e9cossais Oliver Knussen","robots":{"index":"index","follow":"follow","max-snippet":"max-snippet:-1","max-image-preview":"max-image-preview:large","max-video-preview":"max-video-preview:-1"},"canonical":"https:\/\/www.ensembleintercontemporain.com\/fr\/2019\/11\/hommage-a-olly\/","og_locale":"fr_FR","og_type":"article","og_title":"Hommage \u00e0 Olly. - Ensemble intercontemporain","og_description":"Matthias Pintscher pr\u00e9sente un concert consacr\u00e9 au compositeur et chef d'orchestre \u00e9cossais Oliver Knussen","og_url":"https:\/\/www.ensembleintercontemporain.com\/fr\/2019\/11\/hommage-a-olly\/","og_site_name":"Ensemble intercontemporain","article_published_time":"2019-11-28T14:25:58+00:00","og_image":[{"width":1920,"height":1174,"url":"https:\/\/www.ensembleintercontemporain.com\/content\/uploads\/2019\/11\/edito-dec-19-une_pp.jpg","type":"image\/jpeg"}],"author":"Matthias Pintscher","twitter_card":"summary_large_image","twitter_misc":{"\u00c9crit par":"Matthias Pintscher"},"schema":{"@context":"https:\/\/schema.org","@graph":[{"@type":"Article","@id":"https:\/\/www.ensembleintercontemporain.com\/fr\/2019\/11\/hommage-a-olly\/#article","isPartOf":{"@id":"https:\/\/www.ensembleintercontemporain.com\/fr\/2019\/11\/hommage-a-olly\/"},"author":{"name":"Matthias Pintscher","@id":"https:\/\/www.ensembleintercontemporain.com\/en\/#\/schema\/person\/7ad62719e30a4a4b4a43ad9715778ad2"},"headline":"Hommage \u00e0 Olly.","datePublished":"2019-11-28T14:25:58+00:00","mainEntityOfPage":{"@id":"https:\/\/www.ensembleintercontemporain.com\/fr\/2019\/11\/hommage-a-olly\/"},"wordCount":54,"image":{"@id":"https:\/\/www.ensembleintercontemporain.com\/fr\/2019\/11\/hommage-a-olly\/#primaryimage"},"thumbnailUrl":"https:\/\/www.ensembleintercontemporain.com\/content\/uploads\/2019\/11\/edito-dec-19-une_pp.jpg","keywords":["Cit\u00e9 de la musique","matthias pintscher","Oliver Knussen"],"articleSection":["\u00c9dito"],"inLanguage":"fr-FR"},{"@type":"WebPage","@id":"https:\/\/www.ensembleintercontemporain.com\/fr\/2019\/11\/hommage-a-olly\/","url":"https:\/\/www.ensembleintercontemporain.com\/fr\/2019\/11\/hommage-a-olly\/","name":"Hommage \u00e0 Olly. - Ensemble intercontemporain","isPartOf":{"@id":"https:\/\/www.ensembleintercontemporain.com\/en\/#website"},"primaryImageOfPage":{"@id":"https:\/\/www.ensembleintercontemporain.com\/fr\/2019\/11\/hommage-a-olly\/#primaryimage"},"image":{"@id":"https:\/\/www.ensembleintercontemporain.com\/fr\/2019\/11\/hommage-a-olly\/#primaryimage"},"thumbnailUrl":"https:\/\/www.ensembleintercontemporain.com\/content\/uploads\/2019\/11\/edito-dec-19-une_pp.jpg","datePublished":"2019-11-28T14:25:58+00:00","author":{"@id":"https:\/\/www.ensembleintercontemporain.com\/en\/#\/schema\/person\/7ad62719e30a4a4b4a43ad9715778ad2"},"description":"Matthias Pintscher pr\u00e9sente un concert consacr\u00e9 au compositeur et chef d'orchestre \u00e9cossais Oliver Knussen","breadcrumb":{"@id":"https:\/\/www.ensembleintercontemporain.com\/fr\/2019\/11\/hommage-a-olly\/#breadcrumb"},"inLanguage":"fr-FR","potentialAction":[{"@type":"ReadAction","target":["https:\/\/www.ensembleintercontemporain.com\/fr\/2019\/11\/hommage-a-olly\/"]}]},{"@type":"ImageObject","inLanguage":"fr-FR","@id":"https:\/\/www.ensembleintercontemporain.com\/fr\/2019\/11\/hommage-a-olly\/#primaryimage","url":"https:\/\/www.ensembleintercontemporain.com\/content\/uploads\/2019\/11\/edito-dec-19-une_pp.jpg","contentUrl":"https:\/\/www.ensembleintercontemporain.com\/content\/uploads\/2019\/11\/edito-dec-19-une_pp.jpg","width":1920,"height":1174},{"@type":"BreadcrumbList","@id":"https:\/\/www.ensembleintercontemporain.com\/fr\/2019\/11\/hommage-a-olly\/#breadcrumb","itemListElement":[{"@type":"ListItem","position":1,"name":"Home","item":"https:\/\/www.ensembleintercontemporain.com\/fr\/"},{"@type":"ListItem","position":2,"name":"Hommage \u00e0 Olly."}]},{"@type":"WebSite","@id":"https:\/\/www.ensembleintercontemporain.com\/en\/#website","url":"https:\/\/www.ensembleintercontemporain.com\/en\/","name":"Ensemble intercontemporain","description":"","potentialAction":[{"@type":"SearchAction","target":{"@type":"EntryPoint","urlTemplate":"https:\/\/www.ensembleintercontemporain.com\/en\/?s={search_term_string}"},"query-input":{"@type":"PropertyValueSpecification","valueRequired":true,"valueName":"search_term_string"}}],"inLanguage":"fr-FR"},{"@type":"Person","@id":"https:\/\/www.ensembleintercontemporain.com\/en\/#\/schema\/person\/7ad62719e30a4a4b4a43ad9715778ad2","name":"Matthias Pintscher","image":{"@type":"ImageObject","inLanguage":"fr-FR","@id":"https:\/\/secure.gravatar.com\/avatar\/7f377a87f562ae6cd751b7ba0d4ac84209258d2bcea2299f800629da76f2ab52?s=96&d=mm&r=g","url":"https:\/\/secure.gravatar.com\/avatar\/7f377a87f562ae6cd751b7ba0d4ac84209258d2bcea2299f800629da76f2ab52?s=96&d=mm&r=g","contentUrl":"https:\/\/secure.gravatar.com\/avatar\/7f377a87f562ae6cd751b7ba0d4ac84209258d2bcea2299f800629da76f2ab52?s=96&d=mm&r=g","caption":"Matthias Pintscher"},"url":"https:\/\/www.ensembleintercontemporain.com\/fr\/author\/matthias-pintscher\/"}]}},"_links":{"self":[{"href":"https:\/\/www.ensembleintercontemporain.com\/fr\/wp-json\/wp\/v2\/posts\/18082\/"}],"collection":[{"href":"https:\/\/www.ensembleintercontemporain.com\/fr\/wp-json\/wp\/v2\/posts\/"}],"about":[{"href":"https:\/\/www.ensembleintercontemporain.com\/fr\/wp-json\/wp\/v2\/types\/post\/"}],"author":[{"embeddable":true,"href":"https:\/\/www.ensembleintercontemporain.com\/fr\/wp-json\/wp\/v2\/users\/99\/"}],"replies":[{"embeddable":true,"href":"https:\/\/www.ensembleintercontemporain.com\/fr\/wp-json\/wp\/v2\/comments\/?post=18082"}],"version-history":[{"count":5,"href":"https:\/\/www.ensembleintercontemporain.com\/fr\/wp-json\/wp\/v2\/posts\/18082\/revisions\/"}],"predecessor-version":[{"id":18088,"href":"https:\/\/www.ensembleintercontemporain.com\/fr\/wp-json\/wp\/v2\/posts\/18082\/revisions\/18088\/"}],"wp:featuredmedia":[{"embeddable":true,"href":"https:\/\/www.ensembleintercontemporain.com\/fr\/wp-json\/wp\/v2\/media\/18083\/"}],"wp:attachment":[{"href":"https:\/\/www.ensembleintercontemporain.com\/fr\/wp-json\/wp\/v2\/media\/?parent=18082"}],"wp:term":[{"taxonomy":"category","embeddable":true,"href":"https:\/\/www.ensembleintercontemporain.com\/fr\/wp-json\/wp\/v2\/categories\/?post=18082"},{"taxonomy":"post_tag","embeddable":true,"href":"https:\/\/www.ensembleintercontemporain.com\/fr\/wp-json\/wp\/v2\/tags\/?post=18082"}],"curies":[{"name":"wp","href":"https:\/\/api.w.org\/{rel}","templated":true}]}}