{"id":18042,"date":"2019-11-28T14:56:40","date_gmt":"2019-11-28T13:56:40","guid":{"rendered":"https:\/\/www.ensembleintercontemporain.com\/?p=18042"},"modified":"2019-11-28T14:56:40","modified_gmt":"2019-11-28T13:56:40","slug":"oliver-knussen-un-portrait","status":"publish","type":"post","link":"https:\/\/www.ensembleintercontemporain.com\/fr\/2019\/11\/oliver-knussen-un-portrait\/","title":{"rendered":"Oliver Knussen : un portrait."},"content":{"rendered":"<p><span style=\"color: #003366;\"><strong><span style=\"font-size: 14pt;\"><img loading=\"lazy\" decoding=\"async\" class=\"aligncenter size-full wp-image-18043\" src=\"http:\/\/www.ensembleintercontemporain.com\/content\/uploads\/2019\/11\/1-o-knussen-une.jpg\" alt=\"\" width=\"1920\" height=\"1170\" srcset=\"https:\/\/www.ensembleintercontemporain.com\/content\/uploads\/2019\/11\/1-o-knussen-une.jpg 1920w, https:\/\/www.ensembleintercontemporain.com\/content\/uploads\/2019\/11\/1-o-knussen-une-300x183.jpg 300w, https:\/\/www.ensembleintercontemporain.com\/content\/uploads\/2019\/11\/1-o-knussen-une-768x468.jpg 768w, https:\/\/www.ensembleintercontemporain.com\/content\/uploads\/2019\/11\/1-o-knussen-une-1024x624.jpg 1024w\" sizes=\"auto, (max-width: 1920px) 100vw, 1920px\" \/><\/span><\/strong><\/span><\/p>\n<p><span style=\"color: #003366;\"><strong><span style=\"font-size: 14pt;\">Il s\u2019appelait Oliver Knussen. Mais ses proches l\u2019appelaient tous \u00ab Olly \u00bb. Compositeur et chef d\u2019orchestre, Knussen devait diriger ce <a href=\"https:\/\/www.ensembleintercontemporain.com\/fr\/concert\/hommage-a-olly-2019-12-10-20h30-paris\/\">10 d\u00e9cembre un concert \u00e0 la t\u00eate de l\u2019Ensemble intercontemporain<\/a>, visant \u00e0 faire conna\u00eetre au public fran\u00e7ais son univers musical, c\u00e9l\u00e9br\u00e9 dans son Royaume-Uni natal, mais encore si peu connu de notre c\u00f4t\u00e9 de la manche. Son d\u00e9c\u00e8s pr\u00e9matur\u00e9 en Juillet 2018 n&rsquo;aura pas pour autant marqu\u00e9 la fin de ce projet et c&rsquo;est le chef am\u00e9ricain Brad Lubman qui reprendra le flambeau pour rendre un dernier et vibrant hommage \u00e0 \u00ab Olly \u00bb.\u00a0<\/span> <\/strong><\/span><\/p>\n<p>&nbsp;<\/p>\n<p><span style=\"font-size: 14pt;\">N\u00e9 en 1952, Oliver Knussen d\u00e9bute son apprentissage de bonne heure. En effet, difficile de passer \u00e0 c\u00f4t\u00e9 d\u2019une carri\u00e8re musicale avec un p\u00e8re comme Stuart Knussen.\u00a0Contrebasse solo du London Symphony Orchestra durant plus de vingt ans, Stuart fait ainsi profiter son jeune fils de la meilleure des formations musicales qu\u2019il soit. La composition arrive d\u2019ailleurs presque sur le tard pour l\u2019adolescent, son p\u00e8re l\u2019orientant plut\u00f4t vers une future carri\u00e8re de chef d\u2019orchestre. C\u2019est d\u2019ailleurs durant une r\u00e9p\u00e9tition du LSO que le jeune Oliver re\u00e7oit les encouragements du grand Benjamin Britten, dont l\u2019orchestre r\u00e9p\u00e8te la cr\u00e9ation de <em>Curlew River<\/em> au festival d\u2019Aldeburgh.<\/span><\/p>\n<p><img loading=\"lazy\" decoding=\"async\" class=\"alignleft size-medium wp-image-18045\" src=\"http:\/\/www.ensembleintercontemporain.com\/content\/uploads\/2019\/11\/2-shutterstock_editorial_1921739a-bd-215x300.jpg\" alt=\"\" width=\"215\" height=\"300\" srcset=\"https:\/\/www.ensembleintercontemporain.com\/content\/uploads\/2019\/11\/2-shutterstock_editorial_1921739a-bd-215x300.jpg 215w, https:\/\/www.ensembleintercontemporain.com\/content\/uploads\/2019\/11\/2-shutterstock_editorial_1921739a-bd-768x1070.jpg 768w, https:\/\/www.ensembleintercontemporain.com\/content\/uploads\/2019\/11\/2-shutterstock_editorial_1921739a-bd-735x1024.jpg 735w, https:\/\/www.ensembleintercontemporain.com\/content\/uploads\/2019\/11\/2-shutterstock_editorial_1921739a-bd.jpg 1280w\" sizes=\"auto, (max-width: 215px) 100vw, 215px\" \/>\u00c0<span style=\"font-size: 14pt;\"> quinze ans, Knussen (photo ci-contre) \u00e9met le d\u00e9sir de quitter l\u2019\u00e9cole pour se consacrer pleinement \u00e0 la musique. C\u2019est justement \u00e0 cette \u00e9poque qu\u2019il cr\u00e9\u00e9 l\u2019\u00e9v\u00e8nement, en dirigeant la cr\u00e9ation de sa <em>Symphony n\u00b01 \u00ab\u00a0In one mouvement\u00a0\u00bb, <\/em>\u00e0 la t\u00eate du London Symphony bien-s\u00fbr. Le Ma\u00eetre Britten s\u2019en souviendra, et commandera dans la foul\u00e9e une \u0153uvre au jeune homme, \u00e0 destination de \u00ab son \u00bb festival d\u2019Aldeburgh, posant ainsi la premi\u00e8re pierre d\u2019une collaboration qui unira Knussen et le Festival, jusqu\u2019\u00e0 la fin, puisqu\u2019il y dirige son dernier concert en 2017. Cela dit, le m\u00e9tier de compositeur est un labeur, fait d\u2019un travail au long cours. Pour forger son artisanat, il se forme dans les ann\u00e9es 1960 aupr\u00e8s de John Lambert, et s\u2019envole ensuite pour les Etats-Unis et l\u2019Acad\u00e9mie de Tanglewood au d\u00e9but des ann\u00e9es 1970, pour \u00e9tudier aupr\u00e8s de Gunther Schuller. <\/span><span style=\"font-size: 14pt;\">Car au fond, qu\u2019est-ce qui fait la patte Knussen, le style si personnel du compositeur\u00a0? C\u2019est d\u2019abord un raffinement extr\u00eame, pouss\u00e9 dans ses derniers retranchements. Jouant avec les dates limites de rendu des partitions, jusqu\u2019\u00e0 donner des \u0153uvres en cr\u00e9ation partielle (ses deux \u00ab\u00a0fantasy operas\u00a0\u00bb par exemple), Knussen apporte un soin du d\u00e9tail tout particulier \u00e0 ses compositions, rendant ainsi peu d\u2019opus, mais \u00e9vitant les \u0153uvres moins r\u00e9ussies. En orf\u00e8vre des timbres, il ajuste, dose, p\u00e8se, cis\u00e8le, \u00e0 l\u2019instar d\u2019un Ravel. Il use ainsi d\u2019un soin extr\u00eame des \u00e9quilibres et de l\u2019harmonie, toujours subtile et personnelle.<\/span><\/p>\n<p><span style=\"font-size: 14pt;\">La musique de Knussen c\u2019est aussi un parfum doux am\u00e8re, entre aridit\u00e9 et lyrisme. Le compositeur a peu \u00e9crit pour l\u2019op\u00e9ra. Pourtant, son \u0153uvre est constamment emprunte de vocalit\u00e9, d\u2019un lyrisme fi\u00e9vreux. Prise dans un flux m\u00e9lodique ininterrompu se renouvelant constamment, sa musique \u00ab coule \u00bb, et c\u2019est en cela qu\u2019elle capte ais\u00e9ment l\u2019auditeur. Que ce soit dans sa transparente <em>Cantata<\/em> de 1977, jusque dans son <em>Requiem<\/em> de 2006, on saisit en premier lieu l\u2019essence vocale d\u2019une musique intens\u00e9ment dramatique.<\/span><\/p>\n<p><span style=\"font-size: 14pt;\">Impossible aussi de parler de la musique d&rsquo;Oliver Knussen sans \u00e9voquer sa passion pour les cultures extra-europ\u00e9ennes, qui exercent sur lui un puissant pouvoir de fascination. Du faux gamelan balinais, tant\u00f4t webernien dans le deuxi\u00e8me mouvement de sa <em>Symphony n\u00b03<\/em>, tant\u00f4t ludique et pur dans ses <em>Two Organas<\/em>, jusqu\u2019\u00e0 l\u2019influence du Japon dans sa derni\u00e8re \u0153uvre achev\u00e9e, <em>O Hototogisu\u00a0!<\/em> pour soprano, fl\u00fbte et ensemble, \u00ab\u00a0fragment de japonisme\u00a0\u00bb, o\u00f9 il restitue la clart\u00e9 des ha\u00efkus avec fra\u00eecheur et vivacit\u00e9, notamment au moyen d\u2019une fl\u00fbte traversi\u00e8re \u00e9voquant l\u2019\u00e9ther du sakuachi.<\/span><\/p>\n<p><iframe loading=\"lazy\" src=\"https:\/\/www.youtube.com\/embed\/s2TeTocV0e8\" width=\"560\" height=\"315\" frameborder=\"0\" allowfullscreen=\"allowfullscreen\"><\/iframe><\/p>\n<p>&nbsp;<\/p>\n<p>\u00c0 <span style=\"font-size: 14pt;\">propos de la cr\u00e9ation de ce <em>O Hototogisu\u00a0!,<\/em> il s\u2019agissait \u00e9galement du dernier concert donn\u00e9 par <img loading=\"lazy\" decoding=\"async\" class=\"alignright size-medium wp-image-18047\" src=\"http:\/\/www.ensembleintercontemporain.com\/content\/uploads\/2019\/11\/3-knussen_o_hototogisu_po_ms-7-300x294.jpg\" alt=\"\" width=\"300\" height=\"294\" srcset=\"https:\/\/www.ensembleintercontemporain.com\/content\/uploads\/2019\/11\/3-knussen_o_hototogisu_po_ms-7-300x294.jpg 300w, https:\/\/www.ensembleintercontemporain.com\/content\/uploads\/2019\/11\/3-knussen_o_hototogisu_po_ms-7-768x752.jpg 768w, https:\/\/www.ensembleintercontemporain.com\/content\/uploads\/2019\/11\/3-knussen_o_hototogisu_po_ms-7-1024x1003.jpg 1024w, https:\/\/www.ensembleintercontemporain.com\/content\/uploads\/2019\/11\/3-knussen_o_hototogisu_po_ms-7.jpg 1280w\" sizes=\"auto, (max-width: 300px) 100vw, 300px\" \/>Knussen, en 2017 au festival d\u2019Aldeburgh. Car au regret de nombreux musiciens qui auraient souhait\u00e9 de plus nombreuses \u0153uvres de sa part, Knussen \u00e9tait \u00e9galement un chef d\u2019orchestre unanimement reconnu. Une oreille imparable, qui entendait tout, et qui connaissait tout. Se concentrant sur les partitions modernes et contemporaines, il dirigeait sans rel\u00e2che, la musique de ses amis notamment, comme des affinit\u00e9s \u00e9lectives. Il n\u2019y a qu\u2019\u00e0 regarder sa discographie, o\u00f9 se croisent joyeusement Benjamin Britten, Julian Anderson, Toru Takemitsu (qu\u2019il fit d\u00e9couvrir \u00e0 Simon Rattle), James McMillan, Magnus Lindberg, Mark-Anthony Turnage, Harrison Birtwistle, Aaron Copland, Hans-Werner Henze, jusqu\u2019\u00e0 Eliott Carter (dont il \u00e9tait un v\u00e9ritable champion des \u0153uvres tardives, malgr\u00e9 une musique \u00ab qui fait mal \u00e0 la t\u00eate et qui me fait \u00e9couter du Satie \u00bb selon ses propres dires). Et c\u2019est justement au-travers de ses choix d\u2019\u0153uvres que l\u2019on voit se dessiner ce langage si personnel que l\u2019on \u00e9voquait : libre, ind\u00e9pendant, hors des cases et des normes avec un quelque chose de r\u00e9solument britannique.<\/span><\/p>\n<p>&nbsp;<\/p>\n<p><img loading=\"lazy\" decoding=\"async\" class=\"aligncenter size-full wp-image-18049\" src=\"http:\/\/www.ensembleintercontemporain.com\/content\/uploads\/2019\/11\/4-ccu-3818046-nb.jpg\" alt=\"\" width=\"1920\" height=\"1285\" srcset=\"https:\/\/www.ensembleintercontemporain.com\/content\/uploads\/2019\/11\/4-ccu-3818046-nb.jpg 1920w, https:\/\/www.ensembleintercontemporain.com\/content\/uploads\/2019\/11\/4-ccu-3818046-nb-300x201.jpg 300w, https:\/\/www.ensembleintercontemporain.com\/content\/uploads\/2019\/11\/4-ccu-3818046-nb-768x514.jpg 768w, https:\/\/www.ensembleintercontemporain.com\/content\/uploads\/2019\/11\/4-ccu-3818046-nb-1024x685.jpg 1024w\" sizes=\"auto, (max-width: 1920px) 100vw, 1920px\" \/><\/p>\n<p>&nbsp;<\/p>\n<p><span style=\"font-size: 14pt;\">Personnalit\u00e9 li\u00e9e au Royaume-Uni et \u00e0 certains lieux en particulier (Snape dans le Suffolk o\u00f9 il r\u00e9sidait, tout pr\u00e8s d\u2019Aldeburgh et de son festival, Londres et la Royal Academy o\u00f9 il enseignait, Birmingham et son groupe de musique contemporaine qu\u2019il dirigea tant), Knussen \u00e9tait \u00e0 la fois un grand passeur, et un mentor. Pour son cadet Mark-Anthony Turnage par exemple, qu\u2019il rencontre lorsque le jeune Mark-Anthony n\u2019a que 16 ans. Il le prend sous son aile, et se trouve \u00eatre le premier \u00e0 lui dire \u00ab\u00a0tu seras compositeur, je crois en toi\u00a0\u00bb. Car au contact des souvenirs des uns et des autres, c\u2019est avant tout l\u2019humanit\u00e9 que l\u2019on retient de celui qui d\u00e9testait qu\u2019on l\u2019appelle autrement que \u00ab\u00a0Olly\u00a0\u00bb (il aimait raconter que lors de sa premi\u00e8re rencontre avec Stockhausen, Knussen lui dit \u00ab\u00a0You can call me Olly\u00a0\u00bb, et l\u2019autre de r\u00e9pondre \u00ab\u00a0You can call me Stockhausen\u00a0\u00bb). <\/span><span style=\"font-size: 14pt;\">Personnalit\u00e9 attachante, riche et complexe, Olly Knussen \u00e9tait un de ces artistes entiers, humain, inspirant pour toute une g\u00e9n\u00e9ration de musiciens. Le d\u00e9couvrir, lui et son univers de cr\u00e9ation, est alors bien plus qu\u2019une n\u00e9cessit\u00e9 mais un v\u00e9ritable \u00e9lan du c\u0153ur.<\/span><\/p>\n<p><iframe loading=\"lazy\" src=\"https:\/\/www.youtube.com\/embed\/DINxttrYtzA\" width=\"560\" height=\"315\" frameborder=\"0\" allowfullscreen=\"allowfullscreen\"><\/iframe><\/p>\n<p>&nbsp;<\/p>\n<p>Photos (de haut en bas) : \u00a9 Betty Freeman \/ Bridgeman Images ; \u00a9 Edwin Sampson\/ANL\/Shutterstock ; \u00a9 Chris Christodoulou \/ Bridgeman Images<\/p>\n","protected":false},"excerpt":{"rendered":"<p>Portrait du chef et compositeur \u00e9cossais Oliver Knussen \u00e0 l&rsquo;occasion du concert \u00ab\u00a0Hommage \u00e0 Olly\u00a0\u00bb du 10 d\u00e9cembre \u00e0 la Cit\u00e9 de la musique.    <\/p>\n","protected":false},"author":159,"featured_media":18043,"comment_status":"closed","ping_status":"closed","sticky":false,"template":"","format":"standard","meta":{"_acf_changed":false,"footnotes":""},"categories":[10],"tags":[993,159],"class_list":["post-18042","post","type-post","status-publish","format-standard","has-post-thumbnail","hentry","category-grand-angle","tag-musique-britannique","tag-oliver-knussen","concert-hommage-a-olly"],"acf":[],"yoast_head":"<!-- This site is optimized with the Yoast SEO plugin v27.5 - https:\/\/yoast.com\/product\/yoast-seo-wordpress\/ -->\n<title>Oliver Knussen : un portrait. - Ensemble intercontemporain<\/title>\n<meta name=\"description\" content=\"un article sur le compositeur et chef d&#039;orchestre Oliver Knussen\" \/>\n<meta name=\"robots\" content=\"index, follow, max-snippet:-1, max-image-preview:large, max-video-preview:-1\" \/>\n<link rel=\"canonical\" href=\"https:\/\/www.ensembleintercontemporain.com\/fr\/2019\/11\/oliver-knussen-un-portrait\/\" \/>\n<meta property=\"og:locale\" content=\"fr_FR\" \/>\n<meta property=\"og:type\" content=\"article\" \/>\n<meta property=\"og:title\" content=\"Oliver Knussen : un portrait. - Ensemble intercontemporain\" \/>\n<meta property=\"og:description\" content=\"un article sur le compositeur et chef d&#039;orchestre Oliver Knussen\" \/>\n<meta property=\"og:url\" content=\"https:\/\/www.ensembleintercontemporain.com\/en\/2019\/11\/oliver-knussen-un-portrait\/\" \/>\n<meta property=\"og:site_name\" content=\"Ensemble intercontemporain\" \/>\n<meta property=\"article:published_time\" content=\"2019-11-28T13:56:40+00:00\" \/>\n<meta property=\"og:image\" content=\"https:\/\/www.ensembleintercontemporain.com\/content\/uploads\/2019\/11\/1-o-knussen-une.jpg\" \/>\n\t<meta property=\"og:image:width\" content=\"1920\" \/>\n\t<meta property=\"og:image:height\" content=\"1170\" \/>\n\t<meta property=\"og:image:type\" content=\"image\/jpeg\" \/>\n<meta name=\"author\" content=\"Thomas Vergracht\" \/>\n<meta name=\"twitter:card\" content=\"summary_large_image\" \/>\n<meta name=\"twitter:label1\" content=\"\u00c9crit par\" \/>\n\t<meta name=\"twitter:data1\" content=\"Thomas Vergracht\" \/>\n\t<meta name=\"twitter:label2\" content=\"Dur\u00e9e de lecture estim\u00e9e\" \/>\n\t<meta name=\"twitter:data2\" content=\"6 minutes\" \/>\n<script type=\"application\/ld+json\" class=\"yoast-schema-graph\">{\"@context\":\"https:\\\/\\\/schema.org\",\"@graph\":[{\"@type\":\"Article\",\"@id\":\"https:\\\/\\\/www.ensembleintercontemporain.com\\\/en\\\/2019\\\/11\\\/oliver-knussen-un-portrait\\\/#article\",\"isPartOf\":{\"@id\":\"https:\\\/\\\/www.ensembleintercontemporain.com\\\/en\\\/2019\\\/11\\\/oliver-knussen-un-portrait\\\/\"},\"author\":{\"name\":\"Thomas Vergracht\",\"@id\":\"https:\\\/\\\/www.ensembleintercontemporain.com\\\/en\\\/#\\\/schema\\\/person\\\/f3a15c0c0e0e799fb0726c2c612efa2a\"},\"headline\":\"Oliver Knussen : un portrait.\",\"datePublished\":\"2019-11-28T13:56:40+00:00\",\"mainEntityOfPage\":{\"@id\":\"https:\\\/\\\/www.ensembleintercontemporain.com\\\/en\\\/2019\\\/11\\\/oliver-knussen-un-portrait\\\/\"},\"wordCount\":1112,\"image\":{\"@id\":\"https:\\\/\\\/www.ensembleintercontemporain.com\\\/en\\\/2019\\\/11\\\/oliver-knussen-un-portrait\\\/#primaryimage\"},\"thumbnailUrl\":\"https:\\\/\\\/www.ensembleintercontemporain.com\\\/content\\\/uploads\\\/2019\\\/11\\\/1-o-knussen-une.jpg\",\"keywords\":[\"musique britannique\",\"Oliver Knussen\"],\"articleSection\":[\"Grand Angle\"],\"inLanguage\":\"fr-FR\"},{\"@type\":\"WebPage\",\"@id\":\"https:\\\/\\\/www.ensembleintercontemporain.com\\\/en\\\/2019\\\/11\\\/oliver-knussen-un-portrait\\\/\",\"url\":\"https:\\\/\\\/www.ensembleintercontemporain.com\\\/en\\\/2019\\\/11\\\/oliver-knussen-un-portrait\\\/\",\"name\":\"Oliver Knussen : un portrait. - Ensemble intercontemporain\",\"isPartOf\":{\"@id\":\"https:\\\/\\\/www.ensembleintercontemporain.com\\\/en\\\/#website\"},\"primaryImageOfPage\":{\"@id\":\"https:\\\/\\\/www.ensembleintercontemporain.com\\\/en\\\/2019\\\/11\\\/oliver-knussen-un-portrait\\\/#primaryimage\"},\"image\":{\"@id\":\"https:\\\/\\\/www.ensembleintercontemporain.com\\\/en\\\/2019\\\/11\\\/oliver-knussen-un-portrait\\\/#primaryimage\"},\"thumbnailUrl\":\"https:\\\/\\\/www.ensembleintercontemporain.com\\\/content\\\/uploads\\\/2019\\\/11\\\/1-o-knussen-une.jpg\",\"datePublished\":\"2019-11-28T13:56:40+00:00\",\"author\":{\"@id\":\"https:\\\/\\\/www.ensembleintercontemporain.com\\\/en\\\/#\\\/schema\\\/person\\\/f3a15c0c0e0e799fb0726c2c612efa2a\"},\"description\":\"un article sur le compositeur et chef d'orchestre Oliver Knussen\",\"breadcrumb\":{\"@id\":\"https:\\\/\\\/www.ensembleintercontemporain.com\\\/en\\\/2019\\\/11\\\/oliver-knussen-un-portrait\\\/#breadcrumb\"},\"inLanguage\":\"fr-FR\",\"potentialAction\":[{\"@type\":\"ReadAction\",\"target\":[\"https:\\\/\\\/www.ensembleintercontemporain.com\\\/en\\\/2019\\\/11\\\/oliver-knussen-un-portrait\\\/\"]}]},{\"@type\":\"ImageObject\",\"inLanguage\":\"fr-FR\",\"@id\":\"https:\\\/\\\/www.ensembleintercontemporain.com\\\/en\\\/2019\\\/11\\\/oliver-knussen-un-portrait\\\/#primaryimage\",\"url\":\"https:\\\/\\\/www.ensembleintercontemporain.com\\\/content\\\/uploads\\\/2019\\\/11\\\/1-o-knussen-une.jpg\",\"contentUrl\":\"https:\\\/\\\/www.ensembleintercontemporain.com\\\/content\\\/uploads\\\/2019\\\/11\\\/1-o-knussen-une.jpg\",\"width\":1920,\"height\":1170},{\"@type\":\"BreadcrumbList\",\"@id\":\"https:\\\/\\\/www.ensembleintercontemporain.com\\\/en\\\/2019\\\/11\\\/oliver-knussen-un-portrait\\\/#breadcrumb\",\"itemListElement\":[{\"@type\":\"ListItem\",\"position\":1,\"name\":\"Home\",\"item\":\"https:\\\/\\\/www.ensembleintercontemporain.com\\\/fr\\\/\"},{\"@type\":\"ListItem\",\"position\":2,\"name\":\"Oliver Knussen : un portrait.\"}]},{\"@type\":\"WebSite\",\"@id\":\"https:\\\/\\\/www.ensembleintercontemporain.com\\\/en\\\/#website\",\"url\":\"https:\\\/\\\/www.ensembleintercontemporain.com\\\/en\\\/\",\"name\":\"Ensemble intercontemporain\",\"description\":\"\",\"potentialAction\":[{\"@type\":\"SearchAction\",\"target\":{\"@type\":\"EntryPoint\",\"urlTemplate\":\"https:\\\/\\\/www.ensembleintercontemporain.com\\\/en\\\/?s={search_term_string}\"},\"query-input\":{\"@type\":\"PropertyValueSpecification\",\"valueRequired\":true,\"valueName\":\"search_term_string\"}}],\"inLanguage\":\"fr-FR\"},{\"@type\":\"Person\",\"@id\":\"https:\\\/\\\/www.ensembleintercontemporain.com\\\/en\\\/#\\\/schema\\\/person\\\/f3a15c0c0e0e799fb0726c2c612efa2a\",\"name\":\"Thomas Vergracht\",\"image\":{\"@type\":\"ImageObject\",\"inLanguage\":\"fr-FR\",\"@id\":\"https:\\\/\\\/secure.gravatar.com\\\/avatar\\\/d5d604fe2b55d72a1ee9dc821c750b7c6a824fa5e3dfe7451db844437ae8316a?s=96&d=mm&r=g\",\"url\":\"https:\\\/\\\/secure.gravatar.com\\\/avatar\\\/d5d604fe2b55d72a1ee9dc821c750b7c6a824fa5e3dfe7451db844437ae8316a?s=96&d=mm&r=g\",\"contentUrl\":\"https:\\\/\\\/secure.gravatar.com\\\/avatar\\\/d5d604fe2b55d72a1ee9dc821c750b7c6a824fa5e3dfe7451db844437ae8316a?s=96&d=mm&r=g\",\"caption\":\"Thomas Vergracht\"},\"url\":\"https:\\\/\\\/www.ensembleintercontemporain.com\\\/fr\\\/author\\\/tvergracht\\\/\"}]}<\/script>\n<!-- \/ Yoast SEO plugin. -->","yoast_head_json":{"title":"Oliver Knussen : un portrait. - Ensemble intercontemporain","description":"un article sur le compositeur et chef d'orchestre Oliver Knussen","robots":{"index":"index","follow":"follow","max-snippet":"max-snippet:-1","max-image-preview":"max-image-preview:large","max-video-preview":"max-video-preview:-1"},"canonical":"https:\/\/www.ensembleintercontemporain.com\/fr\/2019\/11\/oliver-knussen-un-portrait\/","og_locale":"fr_FR","og_type":"article","og_title":"Oliver Knussen : un portrait. - Ensemble intercontemporain","og_description":"un article sur le compositeur et chef d'orchestre Oliver Knussen","og_url":"https:\/\/www.ensembleintercontemporain.com\/en\/2019\/11\/oliver-knussen-un-portrait\/","og_site_name":"Ensemble intercontemporain","article_published_time":"2019-11-28T13:56:40+00:00","og_image":[{"width":1920,"height":1170,"url":"https:\/\/www.ensembleintercontemporain.com\/content\/uploads\/2019\/11\/1-o-knussen-une.jpg","type":"image\/jpeg"}],"author":"Thomas Vergracht","twitter_card":"summary_large_image","twitter_misc":{"\u00c9crit par":"Thomas Vergracht","Dur\u00e9e de lecture estim\u00e9e":"6 minutes"},"schema":{"@context":"https:\/\/schema.org","@graph":[{"@type":"Article","@id":"https:\/\/www.ensembleintercontemporain.com\/en\/2019\/11\/oliver-knussen-un-portrait\/#article","isPartOf":{"@id":"https:\/\/www.ensembleintercontemporain.com\/en\/2019\/11\/oliver-knussen-un-portrait\/"},"author":{"name":"Thomas Vergracht","@id":"https:\/\/www.ensembleintercontemporain.com\/en\/#\/schema\/person\/f3a15c0c0e0e799fb0726c2c612efa2a"},"headline":"Oliver Knussen : un portrait.","datePublished":"2019-11-28T13:56:40+00:00","mainEntityOfPage":{"@id":"https:\/\/www.ensembleintercontemporain.com\/en\/2019\/11\/oliver-knussen-un-portrait\/"},"wordCount":1112,"image":{"@id":"https:\/\/www.ensembleintercontemporain.com\/en\/2019\/11\/oliver-knussen-un-portrait\/#primaryimage"},"thumbnailUrl":"https:\/\/www.ensembleintercontemporain.com\/content\/uploads\/2019\/11\/1-o-knussen-une.jpg","keywords":["musique britannique","Oliver Knussen"],"articleSection":["Grand Angle"],"inLanguage":"fr-FR"},{"@type":"WebPage","@id":"https:\/\/www.ensembleintercontemporain.com\/en\/2019\/11\/oliver-knussen-un-portrait\/","url":"https:\/\/www.ensembleintercontemporain.com\/en\/2019\/11\/oliver-knussen-un-portrait\/","name":"Oliver Knussen : un portrait. - Ensemble intercontemporain","isPartOf":{"@id":"https:\/\/www.ensembleintercontemporain.com\/en\/#website"},"primaryImageOfPage":{"@id":"https:\/\/www.ensembleintercontemporain.com\/en\/2019\/11\/oliver-knussen-un-portrait\/#primaryimage"},"image":{"@id":"https:\/\/www.ensembleintercontemporain.com\/en\/2019\/11\/oliver-knussen-un-portrait\/#primaryimage"},"thumbnailUrl":"https:\/\/www.ensembleintercontemporain.com\/content\/uploads\/2019\/11\/1-o-knussen-une.jpg","datePublished":"2019-11-28T13:56:40+00:00","author":{"@id":"https:\/\/www.ensembleintercontemporain.com\/en\/#\/schema\/person\/f3a15c0c0e0e799fb0726c2c612efa2a"},"description":"un article sur le compositeur et chef d'orchestre Oliver Knussen","breadcrumb":{"@id":"https:\/\/www.ensembleintercontemporain.com\/en\/2019\/11\/oliver-knussen-un-portrait\/#breadcrumb"},"inLanguage":"fr-FR","potentialAction":[{"@type":"ReadAction","target":["https:\/\/www.ensembleintercontemporain.com\/en\/2019\/11\/oliver-knussen-un-portrait\/"]}]},{"@type":"ImageObject","inLanguage":"fr-FR","@id":"https:\/\/www.ensembleintercontemporain.com\/en\/2019\/11\/oliver-knussen-un-portrait\/#primaryimage","url":"https:\/\/www.ensembleintercontemporain.com\/content\/uploads\/2019\/11\/1-o-knussen-une.jpg","contentUrl":"https:\/\/www.ensembleintercontemporain.com\/content\/uploads\/2019\/11\/1-o-knussen-une.jpg","width":1920,"height":1170},{"@type":"BreadcrumbList","@id":"https:\/\/www.ensembleintercontemporain.com\/en\/2019\/11\/oliver-knussen-un-portrait\/#breadcrumb","itemListElement":[{"@type":"ListItem","position":1,"name":"Home","item":"https:\/\/www.ensembleintercontemporain.com\/fr\/"},{"@type":"ListItem","position":2,"name":"Oliver Knussen : un portrait."}]},{"@type":"WebSite","@id":"https:\/\/www.ensembleintercontemporain.com\/en\/#website","url":"https:\/\/www.ensembleintercontemporain.com\/en\/","name":"Ensemble intercontemporain","description":"","potentialAction":[{"@type":"SearchAction","target":{"@type":"EntryPoint","urlTemplate":"https:\/\/www.ensembleintercontemporain.com\/en\/?s={search_term_string}"},"query-input":{"@type":"PropertyValueSpecification","valueRequired":true,"valueName":"search_term_string"}}],"inLanguage":"fr-FR"},{"@type":"Person","@id":"https:\/\/www.ensembleintercontemporain.com\/en\/#\/schema\/person\/f3a15c0c0e0e799fb0726c2c612efa2a","name":"Thomas Vergracht","image":{"@type":"ImageObject","inLanguage":"fr-FR","@id":"https:\/\/secure.gravatar.com\/avatar\/d5d604fe2b55d72a1ee9dc821c750b7c6a824fa5e3dfe7451db844437ae8316a?s=96&d=mm&r=g","url":"https:\/\/secure.gravatar.com\/avatar\/d5d604fe2b55d72a1ee9dc821c750b7c6a824fa5e3dfe7451db844437ae8316a?s=96&d=mm&r=g","contentUrl":"https:\/\/secure.gravatar.com\/avatar\/d5d604fe2b55d72a1ee9dc821c750b7c6a824fa5e3dfe7451db844437ae8316a?s=96&d=mm&r=g","caption":"Thomas Vergracht"},"url":"https:\/\/www.ensembleintercontemporain.com\/fr\/author\/tvergracht\/"}]}},"_links":{"self":[{"href":"https:\/\/www.ensembleintercontemporain.com\/fr\/wp-json\/wp\/v2\/posts\/18042\/"}],"collection":[{"href":"https:\/\/www.ensembleintercontemporain.com\/fr\/wp-json\/wp\/v2\/posts\/"}],"about":[{"href":"https:\/\/www.ensembleintercontemporain.com\/fr\/wp-json\/wp\/v2\/types\/post\/"}],"author":[{"embeddable":true,"href":"https:\/\/www.ensembleintercontemporain.com\/fr\/wp-json\/wp\/v2\/users\/159\/"}],"replies":[{"embeddable":true,"href":"https:\/\/www.ensembleintercontemporain.com\/fr\/wp-json\/wp\/v2\/comments\/?post=18042"}],"version-history":[{"count":12,"href":"https:\/\/www.ensembleintercontemporain.com\/fr\/wp-json\/wp\/v2\/posts\/18042\/revisions\/"}],"predecessor-version":[{"id":18078,"href":"https:\/\/www.ensembleintercontemporain.com\/fr\/wp-json\/wp\/v2\/posts\/18042\/revisions\/18078\/"}],"wp:featuredmedia":[{"embeddable":true,"href":"https:\/\/www.ensembleintercontemporain.com\/fr\/wp-json\/wp\/v2\/media\/18043\/"}],"wp:attachment":[{"href":"https:\/\/www.ensembleintercontemporain.com\/fr\/wp-json\/wp\/v2\/media\/?parent=18042"}],"wp:term":[{"taxonomy":"category","embeddable":true,"href":"https:\/\/www.ensembleintercontemporain.com\/fr\/wp-json\/wp\/v2\/categories\/?post=18042"},{"taxonomy":"post_tag","embeddable":true,"href":"https:\/\/www.ensembleintercontemporain.com\/fr\/wp-json\/wp\/v2\/tags\/?post=18042"}],"curies":[{"name":"wp","href":"https:\/\/api.w.org\/{rel}","templated":true}]}}