{"id":17455,"date":"2019-10-15T17:53:59","date_gmt":"2019-10-15T15:53:59","guid":{"rendered":"https:\/\/www.ensembleintercontemporain.com\/?p=17455"},"modified":"2019-10-15T17:53:59","modified_gmt":"2019-10-15T15:53:59","slug":"luciano-berio-le-metier-de-compositeur","status":"publish","type":"post","link":"https:\/\/www.ensembleintercontemporain.com\/fr\/2019\/10\/luciano-berio-le-metier-de-compositeur\/","title":{"rendered":"Luciano Berio :  Le m\u00e9tier de compositeur."},"content":{"rendered":"<p><span style=\"color: #003366; font-size: 14pt;\"><strong><img loading=\"lazy\" decoding=\"async\" class=\"aligncenter size-full wp-image-17533\" src=\"http:\/\/www.ensembleintercontemporain.com\/content\/uploads\/2012\/06\/berio_929187_26.jpg\" alt=\"\" width=\"1920\" height=\"1278\" srcset=\"https:\/\/www.ensembleintercontemporain.com\/content\/uploads\/2012\/06\/berio_929187_26.jpg 1920w, https:\/\/www.ensembleintercontemporain.com\/content\/uploads\/2012\/06\/berio_929187_26-300x200.jpg 300w, https:\/\/www.ensembleintercontemporain.com\/content\/uploads\/2012\/06\/berio_929187_26-768x511.jpg 768w, https:\/\/www.ensembleintercontemporain.com\/content\/uploads\/2012\/06\/berio_929187_26-1024x682.jpg 1024w\" sizes=\"auto, (max-width: 1920px) 100vw, 1920px\" \/><\/strong><\/span><\/p>\n<p><span style=\"color: #003366; font-size: 14pt;\"><strong>Publi\u00e9s pour la premi\u00e8re fois en 1981, les entretiens que Rossana Dalmonte a men\u00e9 avec Luciano Berio nous montrent le compositeur v\u00e9ritablement \u00e0 l\u2019\u0153uvre. La vision qu\u2019il offre de son propre processus cr\u00e9atif \u00e9claire ses plus grands chefs-d\u2019\u0153uvre, dont les <em>Sequenze<\/em>, n\u00e9es de sa fascination toujours amus\u00e9e pour la virtuosit\u00e9 instrumentale. Des <em>Sequenze<\/em> dont on pourra entendre deux opus, pour trompette et pour saxophone, au cours du concert du <a href=\"https:\/\/www.ensembleintercontemporain.com\/fr\/concert\/sinfonia-2019-11-12-20h30-paris\/\">12 novembre \u00e0 la Philharmonie de Paris.<\/a><\/strong><\/span><\/p>\n<p>&nbsp;<\/p>\n<p><span style=\"font-size: 14pt;\"><strong>Luciano, il me semble que le moment est venu d\u2019entrer dans ta \u00ab boutique \u00bb. Que sais-tu d\u2019une de tes \u0153uvres au moment o\u00f9 tu commences \u00e0 l\u2019\u00e9crire ? Jusqu\u2019\u00e0 quel point est-ce que tu t\u2019en tiens \u00e0 l\u2019id\u00e9e primitive pendant l\u2019\u00e9laboration ?<\/strong><\/span><\/p>\n<p><span style=\"font-size: 14pt;\">La premi\u00e8re id\u00e9e d\u2019une \u0153uvre est toujours, pour moi comme pour tout le monde, je pense, une id\u00e9e globale et tr\u00e8s g\u00e9n\u00e9rale, et peu \u00e0 peu, au fur et \u00e0 mesure que le travail avance, j\u2019en pr\u00e9cise les d\u00e9tails. Ce ne pourrait \u00eatre plus simple. Je ne crois pas cependant qu\u2019il existe des id\u00e9es \u00ab de d\u00e9part \u00bb. Quoi qu\u2019il en soit, au cours de la r\u00e9alisation, de la r\u00e9daction en somme et de la d\u00e9finition des d\u00e9tails, il peut arriver que je d\u00e9couvre de nouvelles possibilit\u00e9s et de nouvelles relations sur lesquelles je puis d\u00e9cider de m\u2019arr\u00eater, sans pour autant alt\u00e9rer la nature et la raison du projet. C\u2019est un peu comme d\u00e9cider de partir en voyage, d\u2019aller en Chine par exemple. Un tel projet ne peut surgir de rien, \u00e0 l\u2019improviste, et il n\u2019y a pas non plus une seule mani\u00e8re d\u2019y aller. Si, de plus, l\u2019itin\u00e9raire du voyage n\u2019a pas \u00e9t\u00e9 fix\u00e9 et d\u00e9cid\u00e9 d\u2019avance, \u00e0 P\u00e9kin, par quelques bureaucrates de la R\u00e9publique Populaire de Chine, et si je suis libre d\u2019aller o\u00f9 bon me semble, alors ce voyage peut devenir une source de d\u00e9couvertes int\u00e9ressantes ; chemin faisant, je peux d\u00e9cider de rester \u00e0 un endroit plus longtemps que pr\u00e9vu, ou m\u00eame de retourner un jour en Chine par une tout autre route. Et puis, aussi absurde que cela te paraisse, je reviendrai de Chine \u00e0 pied ou tout au plus \u00e0 bicyclette : je ne voudrais perdre aucun d\u00e9tail des villes et des paysages que j\u2019aurai travers\u00e9s \u00e0 vol d\u2019oiseau. Ou encore, j\u2019y vais \u00e0 pied et je reviens en avion. Je n\u2019aime pas ces voyages stochastiques o\u00f9 l\u2019on s\u2019occupe uniquement de la forme globale, de l\u2019enveloppe, mais non du d\u00e9tail, o\u00f9 les fronti\u00e8res sont d\u00e9finies mais non les rapports r\u00e9els, qu\u2019il faut prendre sur soi de r\u00e9aliser \u00e0 l\u2019int\u00e9rieur de ces limites. <\/span><\/p>\n<p><span style=\"font-size: 14pt;\">De m\u00eame que je n\u2019aime pas ces architectes qui deviennent sc\u00e9nographes : ils font un beau dessin et le donnent au th\u00e9\u00e2tre en attendant impatiemment que les pauvres travailleurs de l\u2019atelier du d\u00e9cor le r\u00e9alisent. Et je n\u2019aime pas non plus les architectures sans fonction pr\u00e9cise, qui ne respectent pas la vie, l\u2019id\u00e9al, le travail de l\u2019homme. Je pr\u00e9f\u00e8re un gratte-ciel sans id\u00e9aux (mais pas non plus sans un id\u00e9al) dans Park Avenue aux pyramides \u00e9gyptiennes. Pendant la r\u00e9alisation du projet initial, donc, c\u2019est-\u00e0-dire pendant que je d\u00e9finis les d\u00e9tails, il peut arriver \u00e9galement que la d\u00e9couverte et la prolif\u00e9ration de l\u2019impr\u00e9vu deviennent tellement importantes que je modifie effectivement le projet, et j\u2019accomplis alors le chemin inverse ; des d\u00e9tails, que j\u2019\u00e9tais venu recueillir et fixer, surgit un projet diff\u00e9rent. En somme, je ne jette rien, en bon Ligurien. Voil\u00e0 qui relie <em>Allelujah I<\/em> \u00e0 <em>Allelujah II<\/em>, <em>Sequenza II<\/em> \u00e0 <em>Chemins I<\/em>, <em>Sequenza VI<\/em> \u00e0 <em>Chemins II <\/em>et <em>III<\/em>, <em>Sequenza VII<\/em> \u00e0 <em>Chemins IV<\/em>, <em>Sequenza VIII<\/em> \u00e0 <em>Corale<\/em> ou, dans la direction oppos\u00e9e, <em>Chemins V<\/em> \u00e0 <em>Sequenza IX<\/em>.<\/span><\/p>\n<p><span style=\"font-size: 14pt;\"><strong>Ces projets qui se prolongent dans le temps, comme tes <em>Sequenze<\/em> justement (entre la premi\u00e8re, pour fl\u00fbte, et la derni\u00e8re en date, pour clarinette, il y a \u00e0 peu pr\u00e8s vingt-deux ans), font-ils partie d\u2019un plan ou sont-ils n\u00e9s par hasard ?<\/strong><\/span><\/p>\n<p><span style=\"font-size: 14pt;\">Ma premi\u00e8re <em>Sequenza <\/em>pour fl\u00fbte a \u00e9t\u00e9 compos\u00e9e en 1958 pour Severino Gazzelloni, et ce n\u2019\u00e9tait certainement pas un hasard si l\u2019on se trouvait ensemble \u00e0 Darmstadt en ces ann\u00e9es-l\u00e0, de m\u00eame que ce n\u2019est pas un hasard si j\u2019ai rencontr\u00e9 la harpe de Francis Pierre ou, plus encore, la voix de Cathy Berberian. Dans l\u2019ensemble des <em>Sequenze<\/em>, il y a diff\u00e9rents \u00e9l\u00e9ments unificateurs, pr\u00e9vus ou non. Le plus \u00e9vident et le plus ext\u00e9rieur est la virtuosit\u00e9. J\u2019ai un grand respect pour la virtuosit\u00e9, m\u00eame si ce mot peut provoquer quelques railleries ou encore \u00e9voquer l\u2019image d\u2019un homme \u00e9l\u00e9gant et un peu \u00e9vanescent, aux doigts agiles et \u00e0 la t\u00eate vide. La virtuosit\u00e9 na\u00eet souvent d\u2019un conflit, d\u2019une tension entre l\u2019id\u00e9e musicale et l\u2019instrument, entre le mat\u00e9riau et la mati\u00e8re musicale. Le cas le plus \u00e9vident et le plus simple dans le domaine de la peinture, c\u2019est lorsqu\u2019un peintre, avec ses pinceaux et ses couleurs, r\u00e9ussit \u00e0 faire une toile qui semble \u00eatre une photographie. <\/span><\/p>\n<p><span style=\"font-size: 14pt;\">En musique, les choses sont plus complexes parce qu\u2019il y a le fameux probl\u00e8me de l\u2019ex\u00e9cution et de la r\u00e9interpr\u00e9tation&#8230; Un autre cas bien connu de virtuosit\u00e9 peut se produire par exemple lorsque des pr\u00e9occupations techniques et des st\u00e9r\u00e9otypes de l\u2019ex\u00e9cution prennent le dessus sur l\u2019id\u00e9e ; ainsi chez Paganini, dont l\u2019\u0153uvre, que j\u2019aime beaucoup, n\u2019a sans doute pas r\u00e9volutionn\u00e9 l\u2019histoire de la musique, mais a contribu\u00e9 au d\u00e9veloppement de la technique du violon. Un autre moment de tension a lieu quand la nouveaut\u00e9 et la complexit\u00e9 de la pens\u00e9e musicale &#8211; avec des dimensions expressives tout aussi complexes et diversifi\u00e9es \u2013 impliquent des changements dans le rapport \u00e0 l\u2019instrument, en imposant une solution technique in\u00e9dite (comme dans les <em>Partitas<\/em> pour violon de Bach, les derni\u00e8res \u0153uvres pour piano de Beethoven, chez Debussy, Stravinsky, Boulez, Stockhausen etc.), o\u00f9 l\u2019on demande \u00e0 l\u2019interpr\u00e8te de fonctionner \u00e0 un niveau de virtuosit\u00e9 technique et intellectuelle extr\u00eamement \u00e9lev\u00e9. Finalement, comme je l\u2019ai souvent dit et en y insistant : \u00e0 notre \u00e9poque, le virtuose digne de ce nom est un musicien capable de se placer dans une vaste perspective historique et de r\u00e9soudre les tensions entre la cr\u00e9ativit\u00e9 d\u2019hier et celle d\u2019aujourd\u2019hui. Mes <em>Sequenze<\/em> sont toujours \u00e9crites pour ce type d\u2019interpr\u00e8tes (je n\u2019ai ni int\u00e9r\u00eat ni assez de patience pour les sp\u00e9cialistes de la musique contemporaine), ceux dont la virtuosit\u00e9 est avant tout une virtuosit\u00e9 de la conscience.<\/span><\/p>\n<p>&nbsp;<\/p>\n<p>Extrait de \u00ab Le m\u00e9tier de compositeur \u00bb, in Luciano Berio.<br \/>\nEntretiens avec Rossana Dalmonte \/ \u00c9crits choisis,<br \/>\n\u00c9ditions Contrechamps, octobre 2010.<\/p>\n","protected":false},"excerpt":{"rendered":"<p>Publi\u00e9s pour la premi\u00e8re fois en 1981, les entretiens que Rossana Dalmonte a men\u00e9 avec Luciano Berio nous montrent le compositeur v\u00e9ritablement \u00e0 l\u2019\u0153uvre. La vision qu\u2019il offre de son propre processus cr\u00e9atif \u00e9claire ses plus grands chefs-d\u2019\u0153uvre, dont les <em>Sequenze<\/em>, n\u00e9es de sa fascination toujours amus\u00e9e pour la virtuosit\u00e9 instrumentale. Des <em>Sequenze<\/em> dont on pourra entendre deux opus, pour trompette et pour saxophone, au cours du concert du 12 novembre \u00e0 la Philharmonie de Paris.<\/p>\n","protected":false},"author":157,"featured_media":17823,"comment_status":"closed","ping_status":"closed","sticky":false,"template":"","format":"standard","meta":{"_acf_changed":false,"footnotes":""},"categories":[4],"tags":[32,438],"class_list":["post-17455","post","type-post","status-publish","format-standard","has-post-thumbnail","hentry","category-entretiens","tag-luciano-berio","tag-sequenze","concert-sinfonia"],"acf":[],"yoast_head":"<!-- This site is optimized with the Yoast SEO plugin v27.5 - https:\/\/yoast.com\/product\/yoast-seo-wordpress\/ -->\n<title>Luciano Berio : Le m\u00e9tier de compositeur. - Ensemble intercontemporain<\/title>\n<meta name=\"robots\" content=\"index, follow, max-snippet:-1, max-image-preview:large, max-video-preview:-1\" \/>\n<link rel=\"canonical\" href=\"https:\/\/www.ensembleintercontemporain.com\/fr\/2019\/10\/luciano-berio-le-metier-de-compositeur\/\" \/>\n<meta property=\"og:locale\" content=\"fr_FR\" \/>\n<meta property=\"og:type\" content=\"article\" \/>\n<meta property=\"og:title\" content=\"Luciano Berio : Le m\u00e9tier de compositeur. - Ensemble intercontemporain\" \/>\n<meta property=\"og:description\" content=\"Publi\u00e9s pour la premi\u00e8re fois en 1981, les entretiens que Rossana Dalmonte a men\u00e9 avec Luciano Berio nous montrent le compositeur v\u00e9ritablement \u00e0 l\u2019\u0153uvre. La vision qu\u2019il offre de son propre processus cr\u00e9atif \u00e9claire ses plus grands chefs-d\u2019\u0153uvre, dont les Sequenze, n\u00e9es de sa fascination toujours amus\u00e9e pour la virtuosit\u00e9 instrumentale. Des Sequenze dont on pourra entendre deux opus, pour trompette et pour saxophone, au cours du concert du 12 novembre \u00e0 la Philharmonie de Paris.\" \/>\n<meta property=\"og:url\" content=\"https:\/\/www.ensembleintercontemporain.com\/fr\/2019\/10\/luciano-berio-le-metier-de-compositeur\/\" \/>\n<meta property=\"og:site_name\" content=\"Ensemble intercontemporain\" \/>\n<meta property=\"article:published_time\" content=\"2019-10-15T15:53:59+00:00\" \/>\n<meta property=\"og:image\" content=\"https:\/\/www.ensembleintercontemporain.com\/content\/uploads\/2011\/04\/berio_929187_26.jpg\" \/>\n\t<meta property=\"og:image:width\" content=\"2362\" \/>\n\t<meta property=\"og:image:height\" content=\"1572\" \/>\n\t<meta property=\"og:image:type\" content=\"image\/jpeg\" \/>\n<meta name=\"author\" content=\"Rossana Dalmonte\" \/>\n<meta name=\"twitter:card\" content=\"summary_large_image\" \/>\n<meta name=\"twitter:label1\" content=\"\u00c9crit par\" \/>\n\t<meta name=\"twitter:data1\" content=\"Rossana Dalmonte\" \/>\n\t<meta name=\"twitter:label2\" content=\"Dur\u00e9e de lecture estim\u00e9e\" \/>\n\t<meta name=\"twitter:data2\" content=\"6 minutes\" \/>\n<script type=\"application\/ld+json\" class=\"yoast-schema-graph\">{\"@context\":\"https:\\\/\\\/schema.org\",\"@graph\":[{\"@type\":\"Article\",\"@id\":\"https:\\\/\\\/www.ensembleintercontemporain.com\\\/fr\\\/2019\\\/10\\\/luciano-berio-le-metier-de-compositeur\\\/#article\",\"isPartOf\":{\"@id\":\"https:\\\/\\\/www.ensembleintercontemporain.com\\\/fr\\\/2019\\\/10\\\/luciano-berio-le-metier-de-compositeur\\\/\"},\"author\":{\"name\":\"Rossana Dalmonte\",\"@id\":\"https:\\\/\\\/www.ensembleintercontemporain.com\\\/en\\\/#\\\/schema\\\/person\\\/17aeec59002f93994e02b6a1e36d8254\"},\"headline\":\"Luciano Berio : Le m\u00e9tier de compositeur.\",\"datePublished\":\"2019-10-15T15:53:59+00:00\",\"mainEntityOfPage\":{\"@id\":\"https:\\\/\\\/www.ensembleintercontemporain.com\\\/fr\\\/2019\\\/10\\\/luciano-berio-le-metier-de-compositeur\\\/\"},\"wordCount\":1213,\"image\":{\"@id\":\"https:\\\/\\\/www.ensembleintercontemporain.com\\\/fr\\\/2019\\\/10\\\/luciano-berio-le-metier-de-compositeur\\\/#primaryimage\"},\"thumbnailUrl\":\"https:\\\/\\\/www.ensembleintercontemporain.com\\\/content\\\/uploads\\\/2011\\\/04\\\/berio_929187_26.jpg\",\"keywords\":[\"Luciano Berio\",\"sequenze\"],\"articleSection\":[\"Entretien\"],\"inLanguage\":\"fr-FR\"},{\"@type\":\"WebPage\",\"@id\":\"https:\\\/\\\/www.ensembleintercontemporain.com\\\/fr\\\/2019\\\/10\\\/luciano-berio-le-metier-de-compositeur\\\/\",\"url\":\"https:\\\/\\\/www.ensembleintercontemporain.com\\\/fr\\\/2019\\\/10\\\/luciano-berio-le-metier-de-compositeur\\\/\",\"name\":\"Luciano Berio : Le m\u00e9tier de compositeur. - Ensemble intercontemporain\",\"isPartOf\":{\"@id\":\"https:\\\/\\\/www.ensembleintercontemporain.com\\\/en\\\/#website\"},\"primaryImageOfPage\":{\"@id\":\"https:\\\/\\\/www.ensembleintercontemporain.com\\\/fr\\\/2019\\\/10\\\/luciano-berio-le-metier-de-compositeur\\\/#primaryimage\"},\"image\":{\"@id\":\"https:\\\/\\\/www.ensembleintercontemporain.com\\\/fr\\\/2019\\\/10\\\/luciano-berio-le-metier-de-compositeur\\\/#primaryimage\"},\"thumbnailUrl\":\"https:\\\/\\\/www.ensembleintercontemporain.com\\\/content\\\/uploads\\\/2011\\\/04\\\/berio_929187_26.jpg\",\"datePublished\":\"2019-10-15T15:53:59+00:00\",\"author\":{\"@id\":\"https:\\\/\\\/www.ensembleintercontemporain.com\\\/en\\\/#\\\/schema\\\/person\\\/17aeec59002f93994e02b6a1e36d8254\"},\"breadcrumb\":{\"@id\":\"https:\\\/\\\/www.ensembleintercontemporain.com\\\/fr\\\/2019\\\/10\\\/luciano-berio-le-metier-de-compositeur\\\/#breadcrumb\"},\"inLanguage\":\"fr-FR\",\"potentialAction\":[{\"@type\":\"ReadAction\",\"target\":[\"https:\\\/\\\/www.ensembleintercontemporain.com\\\/fr\\\/2019\\\/10\\\/luciano-berio-le-metier-de-compositeur\\\/\"]}]},{\"@type\":\"ImageObject\",\"inLanguage\":\"fr-FR\",\"@id\":\"https:\\\/\\\/www.ensembleintercontemporain.com\\\/fr\\\/2019\\\/10\\\/luciano-berio-le-metier-de-compositeur\\\/#primaryimage\",\"url\":\"https:\\\/\\\/www.ensembleintercontemporain.com\\\/content\\\/uploads\\\/2011\\\/04\\\/berio_929187_26.jpg\",\"contentUrl\":\"https:\\\/\\\/www.ensembleintercontemporain.com\\\/content\\\/uploads\\\/2011\\\/04\\\/berio_929187_26.jpg\",\"width\":2362,\"height\":1572,\"caption\":\"\"},{\"@type\":\"BreadcrumbList\",\"@id\":\"https:\\\/\\\/www.ensembleintercontemporain.com\\\/fr\\\/2019\\\/10\\\/luciano-berio-le-metier-de-compositeur\\\/#breadcrumb\",\"itemListElement\":[{\"@type\":\"ListItem\",\"position\":1,\"name\":\"Home\",\"item\":\"https:\\\/\\\/www.ensembleintercontemporain.com\\\/fr\\\/\"},{\"@type\":\"ListItem\",\"position\":2,\"name\":\"Luciano Berio : Le m\u00e9tier de compositeur.\"}]},{\"@type\":\"WebSite\",\"@id\":\"https:\\\/\\\/www.ensembleintercontemporain.com\\\/en\\\/#website\",\"url\":\"https:\\\/\\\/www.ensembleintercontemporain.com\\\/en\\\/\",\"name\":\"Ensemble intercontemporain\",\"description\":\"\",\"potentialAction\":[{\"@type\":\"SearchAction\",\"target\":{\"@type\":\"EntryPoint\",\"urlTemplate\":\"https:\\\/\\\/www.ensembleintercontemporain.com\\\/en\\\/?s={search_term_string}\"},\"query-input\":{\"@type\":\"PropertyValueSpecification\",\"valueRequired\":true,\"valueName\":\"search_term_string\"}}],\"inLanguage\":\"fr-FR\"},{\"@type\":\"Person\",\"@id\":\"https:\\\/\\\/www.ensembleintercontemporain.com\\\/en\\\/#\\\/schema\\\/person\\\/17aeec59002f93994e02b6a1e36d8254\",\"name\":\"Rossana Dalmonte\",\"image\":{\"@type\":\"ImageObject\",\"inLanguage\":\"fr-FR\",\"@id\":\"https:\\\/\\\/secure.gravatar.com\\\/avatar\\\/fc0d2cb16c40c30ff2800dcb5b08288797695a226e0b35244041eeff04d42a4a?s=96&d=mm&r=g\",\"url\":\"https:\\\/\\\/secure.gravatar.com\\\/avatar\\\/fc0d2cb16c40c30ff2800dcb5b08288797695a226e0b35244041eeff04d42a4a?s=96&d=mm&r=g\",\"contentUrl\":\"https:\\\/\\\/secure.gravatar.com\\\/avatar\\\/fc0d2cb16c40c30ff2800dcb5b08288797695a226e0b35244041eeff04d42a4a?s=96&d=mm&r=g\",\"caption\":\"Rossana Dalmonte\"},\"url\":\"https:\\\/\\\/www.ensembleintercontemporain.com\\\/fr\\\/author\\\/rossana-dalmonte\\\/\"}]}<\/script>\n<!-- \/ Yoast SEO plugin. -->","yoast_head_json":{"title":"Luciano Berio : Le m\u00e9tier de compositeur. - Ensemble intercontemporain","robots":{"index":"index","follow":"follow","max-snippet":"max-snippet:-1","max-image-preview":"max-image-preview:large","max-video-preview":"max-video-preview:-1"},"canonical":"https:\/\/www.ensembleintercontemporain.com\/fr\/2019\/10\/luciano-berio-le-metier-de-compositeur\/","og_locale":"fr_FR","og_type":"article","og_title":"Luciano Berio : Le m\u00e9tier de compositeur. - Ensemble intercontemporain","og_description":"Publi\u00e9s pour la premi\u00e8re fois en 1981, les entretiens que Rossana Dalmonte a men\u00e9 avec Luciano Berio nous montrent le compositeur v\u00e9ritablement \u00e0 l\u2019\u0153uvre. La vision qu\u2019il offre de son propre processus cr\u00e9atif \u00e9claire ses plus grands chefs-d\u2019\u0153uvre, dont les Sequenze, n\u00e9es de sa fascination toujours amus\u00e9e pour la virtuosit\u00e9 instrumentale. Des Sequenze dont on pourra entendre deux opus, pour trompette et pour saxophone, au cours du concert du 12 novembre \u00e0 la Philharmonie de Paris.","og_url":"https:\/\/www.ensembleintercontemporain.com\/fr\/2019\/10\/luciano-berio-le-metier-de-compositeur\/","og_site_name":"Ensemble intercontemporain","article_published_time":"2019-10-15T15:53:59+00:00","og_image":[{"width":2362,"height":1572,"url":"https:\/\/www.ensembleintercontemporain.com\/content\/uploads\/2011\/04\/berio_929187_26.jpg","type":"image\/jpeg"}],"author":"Rossana Dalmonte","twitter_card":"summary_large_image","twitter_misc":{"\u00c9crit par":"Rossana Dalmonte","Dur\u00e9e de lecture estim\u00e9e":"6 minutes"},"schema":{"@context":"https:\/\/schema.org","@graph":[{"@type":"Article","@id":"https:\/\/www.ensembleintercontemporain.com\/fr\/2019\/10\/luciano-berio-le-metier-de-compositeur\/#article","isPartOf":{"@id":"https:\/\/www.ensembleintercontemporain.com\/fr\/2019\/10\/luciano-berio-le-metier-de-compositeur\/"},"author":{"name":"Rossana Dalmonte","@id":"https:\/\/www.ensembleintercontemporain.com\/en\/#\/schema\/person\/17aeec59002f93994e02b6a1e36d8254"},"headline":"Luciano Berio : Le m\u00e9tier de compositeur.","datePublished":"2019-10-15T15:53:59+00:00","mainEntityOfPage":{"@id":"https:\/\/www.ensembleintercontemporain.com\/fr\/2019\/10\/luciano-berio-le-metier-de-compositeur\/"},"wordCount":1213,"image":{"@id":"https:\/\/www.ensembleintercontemporain.com\/fr\/2019\/10\/luciano-berio-le-metier-de-compositeur\/#primaryimage"},"thumbnailUrl":"https:\/\/www.ensembleintercontemporain.com\/content\/uploads\/2011\/04\/berio_929187_26.jpg","keywords":["Luciano Berio","sequenze"],"articleSection":["Entretien"],"inLanguage":"fr-FR"},{"@type":"WebPage","@id":"https:\/\/www.ensembleintercontemporain.com\/fr\/2019\/10\/luciano-berio-le-metier-de-compositeur\/","url":"https:\/\/www.ensembleintercontemporain.com\/fr\/2019\/10\/luciano-berio-le-metier-de-compositeur\/","name":"Luciano Berio : Le m\u00e9tier de compositeur. - Ensemble intercontemporain","isPartOf":{"@id":"https:\/\/www.ensembleintercontemporain.com\/en\/#website"},"primaryImageOfPage":{"@id":"https:\/\/www.ensembleintercontemporain.com\/fr\/2019\/10\/luciano-berio-le-metier-de-compositeur\/#primaryimage"},"image":{"@id":"https:\/\/www.ensembleintercontemporain.com\/fr\/2019\/10\/luciano-berio-le-metier-de-compositeur\/#primaryimage"},"thumbnailUrl":"https:\/\/www.ensembleintercontemporain.com\/content\/uploads\/2011\/04\/berio_929187_26.jpg","datePublished":"2019-10-15T15:53:59+00:00","author":{"@id":"https:\/\/www.ensembleintercontemporain.com\/en\/#\/schema\/person\/17aeec59002f93994e02b6a1e36d8254"},"breadcrumb":{"@id":"https:\/\/www.ensembleintercontemporain.com\/fr\/2019\/10\/luciano-berio-le-metier-de-compositeur\/#breadcrumb"},"inLanguage":"fr-FR","potentialAction":[{"@type":"ReadAction","target":["https:\/\/www.ensembleintercontemporain.com\/fr\/2019\/10\/luciano-berio-le-metier-de-compositeur\/"]}]},{"@type":"ImageObject","inLanguage":"fr-FR","@id":"https:\/\/www.ensembleintercontemporain.com\/fr\/2019\/10\/luciano-berio-le-metier-de-compositeur\/#primaryimage","url":"https:\/\/www.ensembleintercontemporain.com\/content\/uploads\/2011\/04\/berio_929187_26.jpg","contentUrl":"https:\/\/www.ensembleintercontemporain.com\/content\/uploads\/2011\/04\/berio_929187_26.jpg","width":2362,"height":1572,"caption":""},{"@type":"BreadcrumbList","@id":"https:\/\/www.ensembleintercontemporain.com\/fr\/2019\/10\/luciano-berio-le-metier-de-compositeur\/#breadcrumb","itemListElement":[{"@type":"ListItem","position":1,"name":"Home","item":"https:\/\/www.ensembleintercontemporain.com\/fr\/"},{"@type":"ListItem","position":2,"name":"Luciano Berio : Le m\u00e9tier de compositeur."}]},{"@type":"WebSite","@id":"https:\/\/www.ensembleintercontemporain.com\/en\/#website","url":"https:\/\/www.ensembleintercontemporain.com\/en\/","name":"Ensemble intercontemporain","description":"","potentialAction":[{"@type":"SearchAction","target":{"@type":"EntryPoint","urlTemplate":"https:\/\/www.ensembleintercontemporain.com\/en\/?s={search_term_string}"},"query-input":{"@type":"PropertyValueSpecification","valueRequired":true,"valueName":"search_term_string"}}],"inLanguage":"fr-FR"},{"@type":"Person","@id":"https:\/\/www.ensembleintercontemporain.com\/en\/#\/schema\/person\/17aeec59002f93994e02b6a1e36d8254","name":"Rossana Dalmonte","image":{"@type":"ImageObject","inLanguage":"fr-FR","@id":"https:\/\/secure.gravatar.com\/avatar\/fc0d2cb16c40c30ff2800dcb5b08288797695a226e0b35244041eeff04d42a4a?s=96&d=mm&r=g","url":"https:\/\/secure.gravatar.com\/avatar\/fc0d2cb16c40c30ff2800dcb5b08288797695a226e0b35244041eeff04d42a4a?s=96&d=mm&r=g","contentUrl":"https:\/\/secure.gravatar.com\/avatar\/fc0d2cb16c40c30ff2800dcb5b08288797695a226e0b35244041eeff04d42a4a?s=96&d=mm&r=g","caption":"Rossana Dalmonte"},"url":"https:\/\/www.ensembleintercontemporain.com\/fr\/author\/rossana-dalmonte\/"}]}},"_links":{"self":[{"href":"https:\/\/www.ensembleintercontemporain.com\/fr\/wp-json\/wp\/v2\/posts\/17455\/"}],"collection":[{"href":"https:\/\/www.ensembleintercontemporain.com\/fr\/wp-json\/wp\/v2\/posts\/"}],"about":[{"href":"https:\/\/www.ensembleintercontemporain.com\/fr\/wp-json\/wp\/v2\/types\/post\/"}],"author":[{"embeddable":true,"href":"https:\/\/www.ensembleintercontemporain.com\/fr\/wp-json\/wp\/v2\/users\/157\/"}],"replies":[{"embeddable":true,"href":"https:\/\/www.ensembleintercontemporain.com\/fr\/wp-json\/wp\/v2\/comments\/?post=17455"}],"version-history":[{"count":6,"href":"https:\/\/www.ensembleintercontemporain.com\/fr\/wp-json\/wp\/v2\/posts\/17455\/revisions\/"}],"predecessor-version":[{"id":17838,"href":"https:\/\/www.ensembleintercontemporain.com\/fr\/wp-json\/wp\/v2\/posts\/17455\/revisions\/17838\/"}],"wp:featuredmedia":[{"embeddable":true,"href":"https:\/\/www.ensembleintercontemporain.com\/fr\/wp-json\/wp\/v2\/media\/17823\/"}],"wp:attachment":[{"href":"https:\/\/www.ensembleintercontemporain.com\/fr\/wp-json\/wp\/v2\/media\/?parent=17455"}],"wp:term":[{"taxonomy":"category","embeddable":true,"href":"https:\/\/www.ensembleintercontemporain.com\/fr\/wp-json\/wp\/v2\/categories\/?post=17455"},{"taxonomy":"post_tag","embeddable":true,"href":"https:\/\/www.ensembleintercontemporain.com\/fr\/wp-json\/wp\/v2\/tags\/?post=17455"}],"curies":[{"name":"wp","href":"https:\/\/api.w.org\/{rel}","templated":true}]}}