{"id":17409,"date":"2019-08-29T13:13:05","date_gmt":"2019-08-29T11:13:05","guid":{"rendered":"https:\/\/www.ensembleintercontemporain.com\/?p=17409"},"modified":"2019-09-07T15:34:27","modified_gmt":"2019-09-07T13:34:27","slug":"vive-la-curiosite","status":"publish","type":"post","link":"https:\/\/www.ensembleintercontemporain.com\/fr\/2019\/08\/vive-la-curiosite\/","title":{"rendered":"Vive la curiosit\u00e9 !"},"content":{"rendered":"<p><img loading=\"lazy\" decoding=\"async\" class=\"size-full wp-image-17513\" src=\"http:\/\/www.ensembleintercontemporain.com\/content\/uploads\/2019\/07\/gae0118017.jpg\" alt=\"\" width=\"1920\" height=\"1280\" srcset=\"https:\/\/www.ensembleintercontemporain.com\/content\/uploads\/2019\/07\/gae0118017.jpg 1920w, https:\/\/www.ensembleintercontemporain.com\/content\/uploads\/2019\/07\/gae0118017-300x200.jpg 300w, https:\/\/www.ensembleintercontemporain.com\/content\/uploads\/2019\/07\/gae0118017-768x512.jpg 768w, https:\/\/www.ensembleintercontemporain.com\/content\/uploads\/2019\/07\/gae0118017-1024x683.jpg 1024w\" sizes=\"auto, (max-width: 1920px) 100vw, 1920px\" \/><\/p>\n<p><span style=\"font-size: 14pt;\">En avril dernier, alors que je marchais dans la rue au sortir d\u2019une r\u00e9p\u00e9tition publique, j\u2019ai saisi au vol la conversation de trois personnes qui venaient de nous \u00e9couter. L\u2019une d\u2019elles racontait \u00e0 ses amies qu\u2019elle avait d\u00e9couvert la musique d\u2019Helmut Lachenmann \u00e0 l\u2019un de nos concerts, deux ans auparavant : \u00e7a l\u2019avait tout de suite int\u00e9ress\u00e9e, disait-elle, parce que c\u2019\u00e9tait diff\u00e9rent. Cette musique avait piqu\u00e9 sa curiosit\u00e9. <\/span><span style=\"font-size: 14pt;\">\u00ab La curiosit\u00e9 est un vilain d\u00e9faut. \u00bb Voil\u00e0, je crois, l\u2019un des proverbes les plus faux qui soient ! C\u2019est au contraire une qualit\u00e9, que nous devons encourager et garder constamment \u00e9veill\u00e9e.<\/span><\/p>\n<p><span style=\"font-size: 14pt;\">Cette petite phrase sur Lachenmann m\u2019a du reste rappel\u00e9 ma propre r\u00e9action lorsque j\u2019ai entendu pour la premi\u00e8re fois <em>Lonicera Caprifolium<\/em> d\u2019Olga Neuwirth. J\u2019\u00e9tais tout jeune, nous participions tous deux \u00e0 une master classe de composition dirig\u00e9e par Peter E\u00f6tv\u00f6s. Et je me souviens encore de ma stup\u00e9faction en d\u00e9couvrant cette musique \u00e0 nulle autre pareille, curieuse \u00e0 plus d\u2019un titre. C\u2019est d\u2019ailleurs autour de cette \u0153uvre, dont les d\u00e9veloppements s\u2019inspirent de ceux d\u2019une plante prolif\u00e9rante, que nous avons imagin\u00e9 un <a href=\"https:\/\/www.ensembleintercontemporain.com\/fr\/concert\/grand-soir-cabinet-de-curiosites-2020-03-13-20h30-paris\/\">Grand Soir intitul\u00e9 \u00ab Cabinet de curiosit\u00e9s \u00bb<\/a>. Un programme dont chaque \u0153uvre est une \u00ab curiosit\u00e9 \u00bb en soi, et qui nous permet par exemple de cr\u00e9er une pi\u00e8ce de Gilbert Nouno pour trois triangles et \u00e9lectronique !<\/span><\/p>\n<p>&nbsp;<\/p>\n<p><span style=\"font-size: 14pt;\"><img loading=\"lazy\" decoding=\"async\" class=\"alignleft size-medium wp-image-17414\" src=\"http:\/\/www.ensembleintercontemporain.com\/content\/uploads\/2019\/07\/streb_ioulex_3031913-ec-300x200.jpg\" alt=\"\" width=\"300\" height=\"200\" srcset=\"https:\/\/www.ensembleintercontemporain.com\/content\/uploads\/2019\/07\/streb_ioulex_3031913-ec-300x200.jpg 300w, https:\/\/www.ensembleintercontemporain.com\/content\/uploads\/2019\/07\/streb_ioulex_3031913-ec-768x511.jpg 768w, https:\/\/www.ensembleintercontemporain.com\/content\/uploads\/2019\/07\/streb_ioulex_3031913-ec-1024x682.jpg 1024w, https:\/\/www.ensembleintercontemporain.com\/content\/uploads\/2019\/07\/streb_ioulex_3031913-ec.jpg 1920w\" sizes=\"auto, (max-width: 300px) 100vw, 300px\" \/>Si l\u2019on prend un peu de recul, cette saison 2019-2020 est un grand cabinet de curiosit\u00e9s. Et ce d\u00e8s le d\u00e9but de la saison, en septembre, au Th\u00e9\u00e2tre du Ch\u00e2telet, \u00e0 l\u2019occasion de sa r\u00e9ouverture apr\u00e8s deux ann\u00e9es de travaux. Au cours de cette <a href=\"https:\/\/www.ensembleintercontemporain.com\/fr\/concert\/parade-2019-09-13-20h00-paris\/\">soir\u00e9e vraiment extraordinaire, le 13 septembre<\/a>, nous cr\u00e9erons un \u00ab ballet \u00bb d\u2019un nouveau genre, avec une musique de Pierre-Yves Mac\u00e9 et une chor\u00e9graphie proprement renversante de l\u2019Am\u00e9ricaine Elizabeth Streb (photo ci-contre). Nous retournerons au Ch\u00e2telet en mars 2020 avec la reprise d\u2019un spectacle chor\u00e9graphique culte de Pina Bausch sur des textes de Bertold Brecht et une musique de Kurt Weill : <a href=\"https:\/\/www.ensembleintercontemporain.com\/fr\/concert\/les-sept-peches-capitaux-2020-03-24-20h00-paris\/\"><em>Les Sept P\u00e9ch\u00e9s capitaux<\/em>.<\/a> Ces deux productions marquent le d\u00e9but d\u2019une nouvelle collaboration au long cours sur des projets pluridisciplinaires avec cette grande institution parisienne.<\/span><\/p>\n<p>&nbsp;<\/p>\n<p><span style=\"font-size: 14pt;\"><img loading=\"lazy\" decoding=\"async\" class=\"alignright size-medium wp-image-17420\" src=\"http:\/\/www.ensembleintercontemporain.com\/content\/uploads\/2019\/07\/moritz-simon-geist-press-photo-300x196.jpg\" alt=\"\" width=\"300\" height=\"196\" srcset=\"https:\/\/www.ensembleintercontemporain.com\/content\/uploads\/2019\/07\/moritz-simon-geist-press-photo-300x196.jpg 300w, https:\/\/www.ensembleintercontemporain.com\/content\/uploads\/2019\/07\/moritz-simon-geist-press-photo-768x502.jpg 768w, https:\/\/www.ensembleintercontemporain.com\/content\/uploads\/2019\/07\/moritz-simon-geist-press-photo-1024x670.jpg 1024w, https:\/\/www.ensembleintercontemporain.com\/content\/uploads\/2019\/07\/moritz-simon-geist-press-photo.jpg 1235w\" sizes=\"auto, (max-width: 300px) 100vw, 300px\" \/>Pour notre <a href=\"https:\/\/www.ensembleintercontemporain.com\/fr\/concert\/incantations-2019-09-19-20h30-paris\/\">premier concert \u00e0 la Philharmonie de Paris, le 19 septembre<\/a>, nous jouerons deux \u0153uvres aussi singuli\u00e8res que saisissantes : <em>Ofan\u00ecm<\/em> de Luciano Berio et la mystique et th\u00e9\u00e2trale <em>Hi\u00e9rophanie <\/em>de Claude Vivier. Le <a href=\"https:\/\/www.ensembleintercontemporain.com\/fr\/concert\/canons-dhiver-2020-01-29-20h30-paris\/\">29 janvier 2020<\/a>, nous consacrerons une soir\u00e9e enti\u00e8re \u00e0\u2026 la neige avec le monumental cycle <em>Schnee<\/em> du compositeur danois Hans Abrahamsen ! <a href=\"https:\/\/www.ensembleintercontemporain.com\/fr\/concert\/grand-soir-numerique-2-2020-02-07-20h30-paris\/\">Le 7 f\u00e9vrier, le Grand Soir num\u00e9rique<\/a> livrera lui aussi son lot de curiosit\u00e9s en tout genre, comme, par exemple, une incroyable sculpture sonore cin\u00e9tique de Moritz Simon Geist (photo ci-contre &#8211; DR ). <\/span><span style=\"font-size: 14pt;\">Et pour le <a href=\"https:\/\/www.ensembleintercontemporain.com\/fr\/concert\/nuova-strada-2020-06-22-20h30-paris\/\">dernier concert de la saison, le 22 juin<\/a>, le compositeur italien Marco Momi s\u2019int\u00e9ressera quant \u00e0 lui \u00e0\u2026 un go\u00fbt et pas n\u2019importe lequel : l\u2019umami, cinqui\u00e8me saveur avec le sucr\u00e9, l\u2019acide, l\u2019amer et le sal\u00e9.<\/span><\/p>\n<p>&nbsp;<\/p>\n<p><span style=\"font-size: 14pt;\"> <img loading=\"lazy\" decoding=\"async\" class=\"alignleft size-medium wp-image-17440\" src=\"http:\/\/www.ensembleintercontemporain.com\/content\/uploads\/2019\/07\/321378_luciano-berio_nb-1-300x214.jpg\" alt=\"\" width=\"300\" height=\"214\" srcset=\"https:\/\/www.ensembleintercontemporain.com\/content\/uploads\/2019\/07\/321378_luciano-berio_nb-1-300x214.jpg 300w, https:\/\/www.ensembleintercontemporain.com\/content\/uploads\/2019\/07\/321378_luciano-berio_nb-1-768x547.jpg 768w, https:\/\/www.ensembleintercontemporain.com\/content\/uploads\/2019\/07\/321378_luciano-berio_nb-1-1024x730.jpg 1024w, https:\/\/www.ensembleintercontemporain.com\/content\/uploads\/2019\/07\/321378_luciano-berio_nb-1.jpg 1179w\" sizes=\"auto, (max-width: 300px) 100vw, 300px\" \/>M\u00eame nos concerts consacr\u00e9s \u00e0 nos \u00ab r\u00e9f\u00e9rences \u00bb r\u00e9v\u00e8lent un grain de folie : ainsi du concert monographique consacr\u00e9 \u00e0 Luciano Berio (photo ci-contre &#8211; DR ), le <a href=\"https:\/\/www.ensembleintercontemporain.com\/fr\/concert\/sinfonia-2019-11-12-20h30-paris\/\">12 novembre \u00e0 la Cit\u00e9 de la musique<\/a>, au cours duquel nous interpr\u00e8terons notamment <em>Sinfonia<\/em>, en collaboration avec les \u00e9tudiants du Conservatoire de Paris. <em>Sinfonia<\/em> est une \u0153uvre un peu \u00ab folle \u00bb. Berio lui-m\u00eame la d\u00e9finissait comme un \u00ab documentaire sur un objet trouv\u00e9 \u00bb. <\/span><\/p>\n<p>&nbsp;<\/p>\n<p>&nbsp;<\/p>\n<p><span style=\"font-size: 14pt;\"><img loading=\"lazy\" decoding=\"async\" class=\"alignright size-medium wp-image-17428\" src=\"http:\/\/www.ensembleintercontemporain.com\/content\/uploads\/2019\/07\/dsf0707-1-300x223.jpg\" alt=\"\" width=\"300\" height=\"223\" srcset=\"https:\/\/www.ensembleintercontemporain.com\/content\/uploads\/2019\/07\/dsf0707-1-300x223.jpg 300w, https:\/\/www.ensembleintercontemporain.com\/content\/uploads\/2019\/07\/dsf0707-1-768x570.jpg 768w, https:\/\/www.ensembleintercontemporain.com\/content\/uploads\/2019\/07\/dsf0707-1-1024x760.jpg 1024w, https:\/\/www.ensembleintercontemporain.com\/content\/uploads\/2019\/07\/dsf0707-1.jpg 1280w\" sizes=\"auto, (max-width: 300px) 100vw, 300px\" \/>Et si nous jouons cette ann\u00e9e le <em>Pierrot lunaire<\/em> de Sch\u00f6nberg et la <em>Suite lyrique<\/em> de Berg, c\u2019est pour accompagner le chor\u00e9graphe japonais Saburo Teshigawara (photo ci-contre), que nous aurons l\u2019immense plaisir de retrouver (<a href=\"https:\/\/www.ensembleintercontemporain.com\/fr\/concert\/lost-in-dance-pierrot-lunaire-2020-05-13-20h30-paris\/\">les 13 et 14 mai \u00e0 la Cit\u00e9 de la musique<\/a>)\u00a0 pour la troisi\u00e8me fois depuis l\u2019op\u00e9ra <em>Solaris <\/em>au Th\u00e9\u00e2tre des Champs-\u00c9lys\u00e9es en 2015. <\/span><span style=\"font-size: 14pt;\">On ne compte plus cette saison les concerts o\u00f9 la musique sort de son pr\u00e9 carr\u00e9 pour aller \u00e0 la rencontre d\u2019autres disciplines : un concert ax\u00e9 sur la performance au festival Musica, une cr\u00e9ation vid\u00e9o-musicale (\u00e0 moins que cela ne soit l\u2019inverse), fruit de la rencontre entre deux g\u00e9ants de la cr\u00e9ation contemporaine, le compositeur Steve Reich et le plasticien Gerhard Richter (<a href=\"https:\/\/www.ensembleintercontemporain.com\/fr\/concert\/reich-richter-2020-03-07-20h30-paris\/\">7 mars \u00e0 la Philharmonie de Paris<\/a>), un voyage en famille dans le monde astral de Karlheinz Stockhausen avec la compagnie chor\u00e9graphique Les Ouvreurs de Possibles (<a href=\"https:\/\/www.ensembleintercontemporain.com\/fr\/concert\/les-douze-boites-du-docteur-stock-2019-12-01-15h00-paris\/\">1er d\u00e9cembre \u00e0 la Philharmonie de Paris<\/a>), <em>L\u2019Histoire du soldat<\/em> de Stravinsky r\u00e9cit\u00e9e et dans\u00e9e etc. (<a href=\"https:\/\/www.ensembleintercontemporain.com\/fr\/concert\/histoire-du-soldat-2020-03-15-11h00-lyon\/\">15 mars \u00e0 Lyon<\/a>)<br \/>\n<\/span><\/p>\n<p><span style=\"font-size: 14pt;\">Une \u00ab saison des curiosit\u00e9s \u00bb en somme, au cours de laquelle sont expos\u00e9es des \u00ab choses \u00bb rares, singuli\u00e8res, nouvelles aussi, avec de nombreuses commandes pass\u00e9es \u00e0 des compositeurs de toutes les g\u00e9n\u00e9rations comme Beat Furrer, Yann Robin, Isabel Mundry, Rapha\u00ebl Cendo, Clara Iannotta, ou encore Bastien David. Un savant m\u00e9lange d\u2019\u0153uvres de toutes sortes et de toutes formes qui saura sans aucun doute \u00e9veiller la curiosit\u00e9 de chacun tout au long de cette saison.<\/span><\/p>\n<p>&nbsp;<\/p>\n<p>Photos (de haut en bas) : \u00a9 Eric Garault &#8211; Pasco &amp; Co\u00a0\/ \u00a9 Ioulex \/ DR \/ DR \/ \u00a9 Franck Ferville<\/p>\n","protected":false},"excerpt":{"rendered":"<p>Matthias Pintscher, directeur musical de l&rsquo;Ensemble intercontemporain, pr\u00e9sente la nouvelle saison 2019-20. <\/p>\n","protected":false},"author":99,"featured_media":17513,"comment_status":"closed","ping_status":"closed","sticky":false,"template":"","format":"standard","meta":{"_acf_changed":false,"footnotes":""},"categories":[1002],"tags":[560],"class_list":["post-17409","post","type-post","status-publish","format-standard","has-post-thumbnail","hentry","category-edito","tag-matthias-pintscher"],"acf":[],"yoast_head":"<!-- This site is optimized with the Yoast SEO plugin v27.5 - https:\/\/yoast.com\/product\/yoast-seo-wordpress\/ -->\n<title>Vive la curiosit\u00e9 ! - Ensemble intercontemporain<\/title>\n<meta name=\"robots\" content=\"index, follow, max-snippet:-1, max-image-preview:large, max-video-preview:-1\" \/>\n<link rel=\"canonical\" href=\"https:\/\/www.ensembleintercontemporain.com\/fr\/2019\/08\/vive-la-curiosite\/\" \/>\n<meta property=\"og:locale\" content=\"fr_FR\" \/>\n<meta property=\"og:type\" content=\"article\" \/>\n<meta property=\"og:title\" content=\"Vive la curiosit\u00e9 ! - Ensemble intercontemporain\" \/>\n<meta property=\"og:description\" content=\"Matthias Pintscher, directeur musical de l&#039;Ensemble intercontemporain, pr\u00e9sente la nouvelle saison 2019-20.\" \/>\n<meta property=\"og:url\" content=\"https:\/\/www.ensembleintercontemporain.com\/fr\/2019\/08\/vive-la-curiosite\/\" \/>\n<meta property=\"og:site_name\" content=\"Ensemble intercontemporain\" \/>\n<meta property=\"article:published_time\" content=\"2019-08-29T11:13:05+00:00\" \/>\n<meta property=\"article:modified_time\" content=\"2019-09-07T13:34:27+00:00\" \/>\n<meta property=\"og:image\" content=\"https:\/\/www.ensembleintercontemporain.com\/content\/uploads\/2019\/07\/gae0118017.jpg\" \/>\n\t<meta property=\"og:image:width\" content=\"1920\" \/>\n\t<meta property=\"og:image:height\" content=\"1280\" \/>\n\t<meta property=\"og:image:type\" content=\"image\/jpeg\" \/>\n<meta name=\"author\" content=\"Matthias Pintscher\" \/>\n<meta name=\"twitter:card\" content=\"summary_large_image\" \/>\n<meta name=\"twitter:label1\" content=\"\u00c9crit par\" \/>\n\t<meta name=\"twitter:data1\" content=\"Matthias Pintscher\" \/>\n\t<meta name=\"twitter:label2\" content=\"Dur\u00e9e de lecture estim\u00e9e\" \/>\n\t<meta name=\"twitter:data2\" content=\"4 minutes\" \/>\n<script type=\"application\/ld+json\" class=\"yoast-schema-graph\">{\"@context\":\"https:\\\/\\\/schema.org\",\"@graph\":[{\"@type\":\"Article\",\"@id\":\"https:\\\/\\\/www.ensembleintercontemporain.com\\\/fr\\\/2019\\\/08\\\/vive-la-curiosite\\\/#article\",\"isPartOf\":{\"@id\":\"https:\\\/\\\/www.ensembleintercontemporain.com\\\/fr\\\/2019\\\/08\\\/vive-la-curiosite\\\/\"},\"author\":{\"name\":\"Matthias Pintscher\",\"@id\":\"https:\\\/\\\/www.ensembleintercontemporain.com\\\/en\\\/#\\\/schema\\\/person\\\/7ad62719e30a4a4b4a43ad9715778ad2\"},\"headline\":\"Vive la curiosit\u00e9 !\",\"datePublished\":\"2019-08-29T11:13:05+00:00\",\"dateModified\":\"2019-09-07T13:34:27+00:00\",\"mainEntityOfPage\":{\"@id\":\"https:\\\/\\\/www.ensembleintercontemporain.com\\\/fr\\\/2019\\\/08\\\/vive-la-curiosite\\\/\"},\"wordCount\":885,\"image\":{\"@id\":\"https:\\\/\\\/www.ensembleintercontemporain.com\\\/fr\\\/2019\\\/08\\\/vive-la-curiosite\\\/#primaryimage\"},\"thumbnailUrl\":\"https:\\\/\\\/www.ensembleintercontemporain.com\\\/content\\\/uploads\\\/2019\\\/07\\\/gae0118017.jpg\",\"keywords\":[\"matthias pintscher\"],\"articleSection\":[\"\u00c9dito\"],\"inLanguage\":\"fr-FR\"},{\"@type\":\"WebPage\",\"@id\":\"https:\\\/\\\/www.ensembleintercontemporain.com\\\/fr\\\/2019\\\/08\\\/vive-la-curiosite\\\/\",\"url\":\"https:\\\/\\\/www.ensembleintercontemporain.com\\\/fr\\\/2019\\\/08\\\/vive-la-curiosite\\\/\",\"name\":\"Vive la curiosit\u00e9 ! - Ensemble intercontemporain\",\"isPartOf\":{\"@id\":\"https:\\\/\\\/www.ensembleintercontemporain.com\\\/en\\\/#website\"},\"primaryImageOfPage\":{\"@id\":\"https:\\\/\\\/www.ensembleintercontemporain.com\\\/fr\\\/2019\\\/08\\\/vive-la-curiosite\\\/#primaryimage\"},\"image\":{\"@id\":\"https:\\\/\\\/www.ensembleintercontemporain.com\\\/fr\\\/2019\\\/08\\\/vive-la-curiosite\\\/#primaryimage\"},\"thumbnailUrl\":\"https:\\\/\\\/www.ensembleintercontemporain.com\\\/content\\\/uploads\\\/2019\\\/07\\\/gae0118017.jpg\",\"datePublished\":\"2019-08-29T11:13:05+00:00\",\"dateModified\":\"2019-09-07T13:34:27+00:00\",\"author\":{\"@id\":\"https:\\\/\\\/www.ensembleintercontemporain.com\\\/en\\\/#\\\/schema\\\/person\\\/7ad62719e30a4a4b4a43ad9715778ad2\"},\"breadcrumb\":{\"@id\":\"https:\\\/\\\/www.ensembleintercontemporain.com\\\/fr\\\/2019\\\/08\\\/vive-la-curiosite\\\/#breadcrumb\"},\"inLanguage\":\"fr-FR\",\"potentialAction\":[{\"@type\":\"ReadAction\",\"target\":[\"https:\\\/\\\/www.ensembleintercontemporain.com\\\/fr\\\/2019\\\/08\\\/vive-la-curiosite\\\/\"]}]},{\"@type\":\"ImageObject\",\"inLanguage\":\"fr-FR\",\"@id\":\"https:\\\/\\\/www.ensembleintercontemporain.com\\\/fr\\\/2019\\\/08\\\/vive-la-curiosite\\\/#primaryimage\",\"url\":\"https:\\\/\\\/www.ensembleintercontemporain.com\\\/content\\\/uploads\\\/2019\\\/07\\\/gae0118017.jpg\",\"contentUrl\":\"https:\\\/\\\/www.ensembleintercontemporain.com\\\/content\\\/uploads\\\/2019\\\/07\\\/gae0118017.jpg\",\"width\":1920,\"height\":1280,\"caption\":\"\"},{\"@type\":\"BreadcrumbList\",\"@id\":\"https:\\\/\\\/www.ensembleintercontemporain.com\\\/fr\\\/2019\\\/08\\\/vive-la-curiosite\\\/#breadcrumb\",\"itemListElement\":[{\"@type\":\"ListItem\",\"position\":1,\"name\":\"Home\",\"item\":\"https:\\\/\\\/www.ensembleintercontemporain.com\\\/fr\\\/\"},{\"@type\":\"ListItem\",\"position\":2,\"name\":\"Vive la curiosit\u00e9 !\"}]},{\"@type\":\"WebSite\",\"@id\":\"https:\\\/\\\/www.ensembleintercontemporain.com\\\/en\\\/#website\",\"url\":\"https:\\\/\\\/www.ensembleintercontemporain.com\\\/en\\\/\",\"name\":\"Ensemble intercontemporain\",\"description\":\"\",\"potentialAction\":[{\"@type\":\"SearchAction\",\"target\":{\"@type\":\"EntryPoint\",\"urlTemplate\":\"https:\\\/\\\/www.ensembleintercontemporain.com\\\/en\\\/?s={search_term_string}\"},\"query-input\":{\"@type\":\"PropertyValueSpecification\",\"valueRequired\":true,\"valueName\":\"search_term_string\"}}],\"inLanguage\":\"fr-FR\"},{\"@type\":\"Person\",\"@id\":\"https:\\\/\\\/www.ensembleintercontemporain.com\\\/en\\\/#\\\/schema\\\/person\\\/7ad62719e30a4a4b4a43ad9715778ad2\",\"name\":\"Matthias Pintscher\",\"image\":{\"@type\":\"ImageObject\",\"inLanguage\":\"fr-FR\",\"@id\":\"https:\\\/\\\/secure.gravatar.com\\\/avatar\\\/7f377a87f562ae6cd751b7ba0d4ac84209258d2bcea2299f800629da76f2ab52?s=96&d=mm&r=g\",\"url\":\"https:\\\/\\\/secure.gravatar.com\\\/avatar\\\/7f377a87f562ae6cd751b7ba0d4ac84209258d2bcea2299f800629da76f2ab52?s=96&d=mm&r=g\",\"contentUrl\":\"https:\\\/\\\/secure.gravatar.com\\\/avatar\\\/7f377a87f562ae6cd751b7ba0d4ac84209258d2bcea2299f800629da76f2ab52?s=96&d=mm&r=g\",\"caption\":\"Matthias Pintscher\"},\"url\":\"https:\\\/\\\/www.ensembleintercontemporain.com\\\/fr\\\/author\\\/matthias-pintscher\\\/\"}]}<\/script>\n<!-- \/ Yoast SEO plugin. -->","yoast_head_json":{"title":"Vive la curiosit\u00e9 ! - Ensemble intercontemporain","robots":{"index":"index","follow":"follow","max-snippet":"max-snippet:-1","max-image-preview":"max-image-preview:large","max-video-preview":"max-video-preview:-1"},"canonical":"https:\/\/www.ensembleintercontemporain.com\/fr\/2019\/08\/vive-la-curiosite\/","og_locale":"fr_FR","og_type":"article","og_title":"Vive la curiosit\u00e9 ! - Ensemble intercontemporain","og_description":"Matthias Pintscher, directeur musical de l'Ensemble intercontemporain, pr\u00e9sente la nouvelle saison 2019-20.","og_url":"https:\/\/www.ensembleintercontemporain.com\/fr\/2019\/08\/vive-la-curiosite\/","og_site_name":"Ensemble intercontemporain","article_published_time":"2019-08-29T11:13:05+00:00","article_modified_time":"2019-09-07T13:34:27+00:00","og_image":[{"width":1920,"height":1280,"url":"https:\/\/www.ensembleintercontemporain.com\/content\/uploads\/2019\/07\/gae0118017.jpg","type":"image\/jpeg"}],"author":"Matthias Pintscher","twitter_card":"summary_large_image","twitter_misc":{"\u00c9crit par":"Matthias Pintscher","Dur\u00e9e de lecture estim\u00e9e":"4 minutes"},"schema":{"@context":"https:\/\/schema.org","@graph":[{"@type":"Article","@id":"https:\/\/www.ensembleintercontemporain.com\/fr\/2019\/08\/vive-la-curiosite\/#article","isPartOf":{"@id":"https:\/\/www.ensembleintercontemporain.com\/fr\/2019\/08\/vive-la-curiosite\/"},"author":{"name":"Matthias Pintscher","@id":"https:\/\/www.ensembleintercontemporain.com\/en\/#\/schema\/person\/7ad62719e30a4a4b4a43ad9715778ad2"},"headline":"Vive la curiosit\u00e9 !","datePublished":"2019-08-29T11:13:05+00:00","dateModified":"2019-09-07T13:34:27+00:00","mainEntityOfPage":{"@id":"https:\/\/www.ensembleintercontemporain.com\/fr\/2019\/08\/vive-la-curiosite\/"},"wordCount":885,"image":{"@id":"https:\/\/www.ensembleintercontemporain.com\/fr\/2019\/08\/vive-la-curiosite\/#primaryimage"},"thumbnailUrl":"https:\/\/www.ensembleintercontemporain.com\/content\/uploads\/2019\/07\/gae0118017.jpg","keywords":["matthias pintscher"],"articleSection":["\u00c9dito"],"inLanguage":"fr-FR"},{"@type":"WebPage","@id":"https:\/\/www.ensembleintercontemporain.com\/fr\/2019\/08\/vive-la-curiosite\/","url":"https:\/\/www.ensembleintercontemporain.com\/fr\/2019\/08\/vive-la-curiosite\/","name":"Vive la curiosit\u00e9 ! - Ensemble intercontemporain","isPartOf":{"@id":"https:\/\/www.ensembleintercontemporain.com\/en\/#website"},"primaryImageOfPage":{"@id":"https:\/\/www.ensembleintercontemporain.com\/fr\/2019\/08\/vive-la-curiosite\/#primaryimage"},"image":{"@id":"https:\/\/www.ensembleintercontemporain.com\/fr\/2019\/08\/vive-la-curiosite\/#primaryimage"},"thumbnailUrl":"https:\/\/www.ensembleintercontemporain.com\/content\/uploads\/2019\/07\/gae0118017.jpg","datePublished":"2019-08-29T11:13:05+00:00","dateModified":"2019-09-07T13:34:27+00:00","author":{"@id":"https:\/\/www.ensembleintercontemporain.com\/en\/#\/schema\/person\/7ad62719e30a4a4b4a43ad9715778ad2"},"breadcrumb":{"@id":"https:\/\/www.ensembleintercontemporain.com\/fr\/2019\/08\/vive-la-curiosite\/#breadcrumb"},"inLanguage":"fr-FR","potentialAction":[{"@type":"ReadAction","target":["https:\/\/www.ensembleintercontemporain.com\/fr\/2019\/08\/vive-la-curiosite\/"]}]},{"@type":"ImageObject","inLanguage":"fr-FR","@id":"https:\/\/www.ensembleintercontemporain.com\/fr\/2019\/08\/vive-la-curiosite\/#primaryimage","url":"https:\/\/www.ensembleintercontemporain.com\/content\/uploads\/2019\/07\/gae0118017.jpg","contentUrl":"https:\/\/www.ensembleintercontemporain.com\/content\/uploads\/2019\/07\/gae0118017.jpg","width":1920,"height":1280,"caption":""},{"@type":"BreadcrumbList","@id":"https:\/\/www.ensembleintercontemporain.com\/fr\/2019\/08\/vive-la-curiosite\/#breadcrumb","itemListElement":[{"@type":"ListItem","position":1,"name":"Home","item":"https:\/\/www.ensembleintercontemporain.com\/fr\/"},{"@type":"ListItem","position":2,"name":"Vive la curiosit\u00e9 !"}]},{"@type":"WebSite","@id":"https:\/\/www.ensembleintercontemporain.com\/en\/#website","url":"https:\/\/www.ensembleintercontemporain.com\/en\/","name":"Ensemble intercontemporain","description":"","potentialAction":[{"@type":"SearchAction","target":{"@type":"EntryPoint","urlTemplate":"https:\/\/www.ensembleintercontemporain.com\/en\/?s={search_term_string}"},"query-input":{"@type":"PropertyValueSpecification","valueRequired":true,"valueName":"search_term_string"}}],"inLanguage":"fr-FR"},{"@type":"Person","@id":"https:\/\/www.ensembleintercontemporain.com\/en\/#\/schema\/person\/7ad62719e30a4a4b4a43ad9715778ad2","name":"Matthias Pintscher","image":{"@type":"ImageObject","inLanguage":"fr-FR","@id":"https:\/\/secure.gravatar.com\/avatar\/7f377a87f562ae6cd751b7ba0d4ac84209258d2bcea2299f800629da76f2ab52?s=96&d=mm&r=g","url":"https:\/\/secure.gravatar.com\/avatar\/7f377a87f562ae6cd751b7ba0d4ac84209258d2bcea2299f800629da76f2ab52?s=96&d=mm&r=g","contentUrl":"https:\/\/secure.gravatar.com\/avatar\/7f377a87f562ae6cd751b7ba0d4ac84209258d2bcea2299f800629da76f2ab52?s=96&d=mm&r=g","caption":"Matthias Pintscher"},"url":"https:\/\/www.ensembleintercontemporain.com\/fr\/author\/matthias-pintscher\/"}]}},"_links":{"self":[{"href":"https:\/\/www.ensembleintercontemporain.com\/fr\/wp-json\/wp\/v2\/posts\/17409\/"}],"collection":[{"href":"https:\/\/www.ensembleintercontemporain.com\/fr\/wp-json\/wp\/v2\/posts\/"}],"about":[{"href":"https:\/\/www.ensembleintercontemporain.com\/fr\/wp-json\/wp\/v2\/types\/post\/"}],"author":[{"embeddable":true,"href":"https:\/\/www.ensembleintercontemporain.com\/fr\/wp-json\/wp\/v2\/users\/99\/"}],"replies":[{"embeddable":true,"href":"https:\/\/www.ensembleintercontemporain.com\/fr\/wp-json\/wp\/v2\/comments\/?post=17409"}],"version-history":[{"count":18,"href":"https:\/\/www.ensembleintercontemporain.com\/fr\/wp-json\/wp\/v2\/posts\/17409\/revisions\/"}],"predecessor-version":[{"id":17578,"href":"https:\/\/www.ensembleintercontemporain.com\/fr\/wp-json\/wp\/v2\/posts\/17409\/revisions\/17578\/"}],"wp:featuredmedia":[{"embeddable":true,"href":"https:\/\/www.ensembleintercontemporain.com\/fr\/wp-json\/wp\/v2\/media\/17513\/"}],"wp:attachment":[{"href":"https:\/\/www.ensembleintercontemporain.com\/fr\/wp-json\/wp\/v2\/media\/?parent=17409"}],"wp:term":[{"taxonomy":"category","embeddable":true,"href":"https:\/\/www.ensembleintercontemporain.com\/fr\/wp-json\/wp\/v2\/categories\/?post=17409"},{"taxonomy":"post_tag","embeddable":true,"href":"https:\/\/www.ensembleintercontemporain.com\/fr\/wp-json\/wp\/v2\/tags\/?post=17409"}],"curies":[{"name":"wp","href":"https:\/\/api.w.org\/{rel}","templated":true}]}}