{"id":17310,"date":"2019-05-29T18:28:53","date_gmt":"2019-05-29T16:28:53","guid":{"rendered":"https:\/\/www.ensembleintercontemporain.com\/?p=17310"},"modified":"2024-06-07T16:40:38","modified_gmt":"2024-06-07T14:40:38","slug":"ledito-video-de-matthias-pintscher-manifeste-2019","status":"publish","type":"post","link":"https:\/\/www.ensembleintercontemporain.com\/fr\/2019\/05\/ledito-video-de-matthias-pintscher-manifeste-2019\/","title":{"rendered":"L&rsquo;\u00e9dito vid\u00e9o de Matthias Pintscher : ManiFeste 2019."},"content":{"rendered":"<p><span style=\"font-size: 14pt; color: #003366;\"><img loading=\"lazy\" decoding=\"async\" class=\"aligncenter wp-image-17311 size-full\" src=\"http:\/\/www.ensembleintercontemporain.com\/content\/uploads\/2019\/05\/edito-juin-def.jpg\" alt=\"\" width=\"1920\" height=\"1180\" srcset=\"https:\/\/www.ensembleintercontemporain.com\/content\/uploads\/2019\/05\/edito-juin-def.jpg 1920w, https:\/\/www.ensembleintercontemporain.com\/content\/uploads\/2019\/05\/edito-juin-def-300x184.jpg 300w, https:\/\/www.ensembleintercontemporain.com\/content\/uploads\/2019\/05\/edito-juin-def-768x472.jpg 768w, https:\/\/www.ensembleintercontemporain.com\/content\/uploads\/2019\/05\/edito-juin-def-1024x629.jpg 1024w\" sizes=\"auto, (max-width: 1920px) 100vw, 1920px\" \/><\/span><\/p>\n<p><span style=\"font-size: 14pt; color: #003366;\">Pour son <a href=\"https:\/\/www.youtube.com\/watch?v=pyiSyGBGbjA\">dernier \u00e9dito de la saison 2018-19<\/a> Matthias Pintscher pr\u00e9sente les deux concerts des 14 et 22 juin programm\u00e9s dans le cadre du festival ManiFeste de l\u2019Ircam.<\/span><\/p>\n","protected":false},"excerpt":{"rendered":"<p>Pour son dernier \u00e9dito de la saison Matthias Pintscher pr\u00e9sente les deux concerts des 14 et 22 juin programm\u00e9s dans le cadre du festival ManiFeste de l\u2019Ircam.<\/p>\n","protected":false},"author":99,"featured_media":17311,"comment_status":"closed","ping_status":"closed","sticky":false,"template":"","format":"standard","meta":{"_acf_changed":false,"footnotes":""},"categories":[1002],"tags":[],"class_list":["post-17310","post","type-post","status-publish","format-standard","has-post-thumbnail","hentry","category-edito","concert-creations-manifestes"],"acf":[],"yoast_head":"<!-- This site is optimized with the Yoast SEO plugin v27.5 - https:\/\/yoast.com\/product\/yoast-seo-wordpress\/ -->\n<title>L&#039;\u00e9dito vid\u00e9o de Matthias Pintscher : ManiFeste 2019. - Ensemble intercontemporain<\/title>\n<meta name=\"robots\" content=\"index, follow, max-snippet:-1, max-image-preview:large, max-video-preview:-1\" \/>\n<link rel=\"canonical\" href=\"https:\/\/www.ensembleintercontemporain.com\/fr\/2019\/05\/ledito-video-de-matthias-pintscher-manifeste-2019\/\" \/>\n<meta property=\"og:locale\" content=\"fr_FR\" \/>\n<meta property=\"og:type\" content=\"article\" \/>\n<meta property=\"og:title\" content=\"L&#039;\u00e9dito vid\u00e9o de Matthias Pintscher : ManiFeste 2019. - Ensemble intercontemporain\" \/>\n<meta property=\"og:description\" content=\"Pour son dernier \u00e9dito de la saison Matthias Pintscher pr\u00e9sente les deux concerts des 14 et 22 juin programm\u00e9s dans le cadre du festival ManiFeste de l\u2019Ircam.\" \/>\n<meta property=\"og:url\" content=\"https:\/\/www.ensembleintercontemporain.com\/fr\/2019\/05\/ledito-video-de-matthias-pintscher-manifeste-2019\/\" \/>\n<meta property=\"og:site_name\" content=\"Ensemble intercontemporain\" \/>\n<meta property=\"article:published_time\" content=\"2019-05-29T16:28:53+00:00\" \/>\n<meta property=\"article:modified_time\" content=\"2024-06-07T14:40:38+00:00\" \/>\n<meta property=\"og:image\" content=\"https:\/\/www.ensembleintercontemporain.com\/content\/uploads\/2019\/05\/edito-juin-def.jpg\" \/>\n\t<meta property=\"og:image:width\" content=\"1920\" \/>\n\t<meta property=\"og:image:height\" content=\"1180\" \/>\n\t<meta property=\"og:image:type\" content=\"image\/jpeg\" \/>\n<meta name=\"author\" content=\"Matthias Pintscher\" \/>\n<meta name=\"twitter:card\" content=\"summary_large_image\" \/>\n<meta name=\"twitter:label1\" content=\"\u00c9crit par\" \/>\n\t<meta name=\"twitter:data1\" content=\"Matthias Pintscher\" \/>\n<script type=\"application\/ld+json\" class=\"yoast-schema-graph\">{\"@context\":\"https:\\\/\\\/schema.org\",\"@graph\":[{\"@type\":\"Article\",\"@id\":\"https:\\\/\\\/www.ensembleintercontemporain.com\\\/fr\\\/2019\\\/05\\\/ledito-video-de-matthias-pintscher-manifeste-2019\\\/#article\",\"isPartOf\":{\"@id\":\"https:\\\/\\\/www.ensembleintercontemporain.com\\\/fr\\\/2019\\\/05\\\/ledito-video-de-matthias-pintscher-manifeste-2019\\\/\"},\"author\":{\"name\":\"Matthias Pintscher\",\"@id\":\"https:\\\/\\\/www.ensembleintercontemporain.com\\\/en\\\/#\\\/schema\\\/person\\\/7ad62719e30a4a4b4a43ad9715778ad2\"},\"headline\":\"L&rsquo;\u00e9dito vid\u00e9o de Matthias Pintscher : ManiFeste 2019.\",\"datePublished\":\"2019-05-29T16:28:53+00:00\",\"dateModified\":\"2024-06-07T14:40:38+00:00\",\"mainEntityOfPage\":{\"@id\":\"https:\\\/\\\/www.ensembleintercontemporain.com\\\/fr\\\/2019\\\/05\\\/ledito-video-de-matthias-pintscher-manifeste-2019\\\/\"},\"wordCount\":37,\"image\":{\"@id\":\"https:\\\/\\\/www.ensembleintercontemporain.com\\\/fr\\\/2019\\\/05\\\/ledito-video-de-matthias-pintscher-manifeste-2019\\\/#primaryimage\"},\"thumbnailUrl\":\"https:\\\/\\\/www.ensembleintercontemporain.com\\\/content\\\/uploads\\\/2019\\\/05\\\/edito-juin-def.jpg\",\"articleSection\":[\"\u00c9dito\"],\"inLanguage\":\"fr-FR\"},{\"@type\":\"WebPage\",\"@id\":\"https:\\\/\\\/www.ensembleintercontemporain.com\\\/fr\\\/2019\\\/05\\\/ledito-video-de-matthias-pintscher-manifeste-2019\\\/\",\"url\":\"https:\\\/\\\/www.ensembleintercontemporain.com\\\/fr\\\/2019\\\/05\\\/ledito-video-de-matthias-pintscher-manifeste-2019\\\/\",\"name\":\"L'\u00e9dito vid\u00e9o de Matthias Pintscher : ManiFeste 2019. - Ensemble intercontemporain\",\"isPartOf\":{\"@id\":\"https:\\\/\\\/www.ensembleintercontemporain.com\\\/en\\\/#website\"},\"primaryImageOfPage\":{\"@id\":\"https:\\\/\\\/www.ensembleintercontemporain.com\\\/fr\\\/2019\\\/05\\\/ledito-video-de-matthias-pintscher-manifeste-2019\\\/#primaryimage\"},\"image\":{\"@id\":\"https:\\\/\\\/www.ensembleintercontemporain.com\\\/fr\\\/2019\\\/05\\\/ledito-video-de-matthias-pintscher-manifeste-2019\\\/#primaryimage\"},\"thumbnailUrl\":\"https:\\\/\\\/www.ensembleintercontemporain.com\\\/content\\\/uploads\\\/2019\\\/05\\\/edito-juin-def.jpg\",\"datePublished\":\"2019-05-29T16:28:53+00:00\",\"dateModified\":\"2024-06-07T14:40:38+00:00\",\"author\":{\"@id\":\"https:\\\/\\\/www.ensembleintercontemporain.com\\\/en\\\/#\\\/schema\\\/person\\\/7ad62719e30a4a4b4a43ad9715778ad2\"},\"breadcrumb\":{\"@id\":\"https:\\\/\\\/www.ensembleintercontemporain.com\\\/fr\\\/2019\\\/05\\\/ledito-video-de-matthias-pintscher-manifeste-2019\\\/#breadcrumb\"},\"inLanguage\":\"fr-FR\",\"potentialAction\":[{\"@type\":\"ReadAction\",\"target\":[\"https:\\\/\\\/www.ensembleintercontemporain.com\\\/fr\\\/2019\\\/05\\\/ledito-video-de-matthias-pintscher-manifeste-2019\\\/\"]}]},{\"@type\":\"ImageObject\",\"inLanguage\":\"fr-FR\",\"@id\":\"https:\\\/\\\/www.ensembleintercontemporain.com\\\/fr\\\/2019\\\/05\\\/ledito-video-de-matthias-pintscher-manifeste-2019\\\/#primaryimage\",\"url\":\"https:\\\/\\\/www.ensembleintercontemporain.com\\\/content\\\/uploads\\\/2019\\\/05\\\/edito-juin-def.jpg\",\"contentUrl\":\"https:\\\/\\\/www.ensembleintercontemporain.com\\\/content\\\/uploads\\\/2019\\\/05\\\/edito-juin-def.jpg\",\"width\":1920,\"height\":1180},{\"@type\":\"BreadcrumbList\",\"@id\":\"https:\\\/\\\/www.ensembleintercontemporain.com\\\/fr\\\/2019\\\/05\\\/ledito-video-de-matthias-pintscher-manifeste-2019\\\/#breadcrumb\",\"itemListElement\":[{\"@type\":\"ListItem\",\"position\":1,\"name\":\"Home\",\"item\":\"https:\\\/\\\/www.ensembleintercontemporain.com\\\/fr\\\/\"},{\"@type\":\"ListItem\",\"position\":2,\"name\":\"L&#8217;\u00e9dito vid\u00e9o de Matthias Pintscher : ManiFeste 2019.\"}]},{\"@type\":\"WebSite\",\"@id\":\"https:\\\/\\\/www.ensembleintercontemporain.com\\\/en\\\/#website\",\"url\":\"https:\\\/\\\/www.ensembleintercontemporain.com\\\/en\\\/\",\"name\":\"Ensemble intercontemporain\",\"description\":\"\",\"potentialAction\":[{\"@type\":\"SearchAction\",\"target\":{\"@type\":\"EntryPoint\",\"urlTemplate\":\"https:\\\/\\\/www.ensembleintercontemporain.com\\\/en\\\/?s={search_term_string}\"},\"query-input\":{\"@type\":\"PropertyValueSpecification\",\"valueRequired\":true,\"valueName\":\"search_term_string\"}}],\"inLanguage\":\"fr-FR\"},{\"@type\":\"Person\",\"@id\":\"https:\\\/\\\/www.ensembleintercontemporain.com\\\/en\\\/#\\\/schema\\\/person\\\/7ad62719e30a4a4b4a43ad9715778ad2\",\"name\":\"Matthias Pintscher\",\"image\":{\"@type\":\"ImageObject\",\"inLanguage\":\"fr-FR\",\"@id\":\"https:\\\/\\\/secure.gravatar.com\\\/avatar\\\/7f377a87f562ae6cd751b7ba0d4ac84209258d2bcea2299f800629da76f2ab52?s=96&d=mm&r=g\",\"url\":\"https:\\\/\\\/secure.gravatar.com\\\/avatar\\\/7f377a87f562ae6cd751b7ba0d4ac84209258d2bcea2299f800629da76f2ab52?s=96&d=mm&r=g\",\"contentUrl\":\"https:\\\/\\\/secure.gravatar.com\\\/avatar\\\/7f377a87f562ae6cd751b7ba0d4ac84209258d2bcea2299f800629da76f2ab52?s=96&d=mm&r=g\",\"caption\":\"Matthias Pintscher\"},\"url\":\"https:\\\/\\\/www.ensembleintercontemporain.com\\\/fr\\\/author\\\/matthias-pintscher\\\/\"}]}<\/script>\n<!-- \/ Yoast SEO plugin. -->","yoast_head_json":{"title":"L'\u00e9dito vid\u00e9o de Matthias Pintscher : ManiFeste 2019. - Ensemble intercontemporain","robots":{"index":"index","follow":"follow","max-snippet":"max-snippet:-1","max-image-preview":"max-image-preview:large","max-video-preview":"max-video-preview:-1"},"canonical":"https:\/\/www.ensembleintercontemporain.com\/fr\/2019\/05\/ledito-video-de-matthias-pintscher-manifeste-2019\/","og_locale":"fr_FR","og_type":"article","og_title":"L'\u00e9dito vid\u00e9o de Matthias Pintscher : ManiFeste 2019. - Ensemble intercontemporain","og_description":"Pour son dernier \u00e9dito de la saison Matthias Pintscher pr\u00e9sente les deux concerts des 14 et 22 juin programm\u00e9s dans le cadre du festival ManiFeste de l\u2019Ircam.","og_url":"https:\/\/www.ensembleintercontemporain.com\/fr\/2019\/05\/ledito-video-de-matthias-pintscher-manifeste-2019\/","og_site_name":"Ensemble intercontemporain","article_published_time":"2019-05-29T16:28:53+00:00","article_modified_time":"2024-06-07T14:40:38+00:00","og_image":[{"width":1920,"height":1180,"url":"https:\/\/www.ensembleintercontemporain.com\/content\/uploads\/2019\/05\/edito-juin-def.jpg","type":"image\/jpeg"}],"author":"Matthias Pintscher","twitter_card":"summary_large_image","twitter_misc":{"\u00c9crit par":"Matthias Pintscher"},"schema":{"@context":"https:\/\/schema.org","@graph":[{"@type":"Article","@id":"https:\/\/www.ensembleintercontemporain.com\/fr\/2019\/05\/ledito-video-de-matthias-pintscher-manifeste-2019\/#article","isPartOf":{"@id":"https:\/\/www.ensembleintercontemporain.com\/fr\/2019\/05\/ledito-video-de-matthias-pintscher-manifeste-2019\/"},"author":{"name":"Matthias Pintscher","@id":"https:\/\/www.ensembleintercontemporain.com\/en\/#\/schema\/person\/7ad62719e30a4a4b4a43ad9715778ad2"},"headline":"L&rsquo;\u00e9dito vid\u00e9o de Matthias Pintscher : ManiFeste 2019.","datePublished":"2019-05-29T16:28:53+00:00","dateModified":"2024-06-07T14:40:38+00:00","mainEntityOfPage":{"@id":"https:\/\/www.ensembleintercontemporain.com\/fr\/2019\/05\/ledito-video-de-matthias-pintscher-manifeste-2019\/"},"wordCount":37,"image":{"@id":"https:\/\/www.ensembleintercontemporain.com\/fr\/2019\/05\/ledito-video-de-matthias-pintscher-manifeste-2019\/#primaryimage"},"thumbnailUrl":"https:\/\/www.ensembleintercontemporain.com\/content\/uploads\/2019\/05\/edito-juin-def.jpg","articleSection":["\u00c9dito"],"inLanguage":"fr-FR"},{"@type":"WebPage","@id":"https:\/\/www.ensembleintercontemporain.com\/fr\/2019\/05\/ledito-video-de-matthias-pintscher-manifeste-2019\/","url":"https:\/\/www.ensembleintercontemporain.com\/fr\/2019\/05\/ledito-video-de-matthias-pintscher-manifeste-2019\/","name":"L'\u00e9dito vid\u00e9o de Matthias Pintscher : ManiFeste 2019. - Ensemble intercontemporain","isPartOf":{"@id":"https:\/\/www.ensembleintercontemporain.com\/en\/#website"},"primaryImageOfPage":{"@id":"https:\/\/www.ensembleintercontemporain.com\/fr\/2019\/05\/ledito-video-de-matthias-pintscher-manifeste-2019\/#primaryimage"},"image":{"@id":"https:\/\/www.ensembleintercontemporain.com\/fr\/2019\/05\/ledito-video-de-matthias-pintscher-manifeste-2019\/#primaryimage"},"thumbnailUrl":"https:\/\/www.ensembleintercontemporain.com\/content\/uploads\/2019\/05\/edito-juin-def.jpg","datePublished":"2019-05-29T16:28:53+00:00","dateModified":"2024-06-07T14:40:38+00:00","author":{"@id":"https:\/\/www.ensembleintercontemporain.com\/en\/#\/schema\/person\/7ad62719e30a4a4b4a43ad9715778ad2"},"breadcrumb":{"@id":"https:\/\/www.ensembleintercontemporain.com\/fr\/2019\/05\/ledito-video-de-matthias-pintscher-manifeste-2019\/#breadcrumb"},"inLanguage":"fr-FR","potentialAction":[{"@type":"ReadAction","target":["https:\/\/www.ensembleintercontemporain.com\/fr\/2019\/05\/ledito-video-de-matthias-pintscher-manifeste-2019\/"]}]},{"@type":"ImageObject","inLanguage":"fr-FR","@id":"https:\/\/www.ensembleintercontemporain.com\/fr\/2019\/05\/ledito-video-de-matthias-pintscher-manifeste-2019\/#primaryimage","url":"https:\/\/www.ensembleintercontemporain.com\/content\/uploads\/2019\/05\/edito-juin-def.jpg","contentUrl":"https:\/\/www.ensembleintercontemporain.com\/content\/uploads\/2019\/05\/edito-juin-def.jpg","width":1920,"height":1180},{"@type":"BreadcrumbList","@id":"https:\/\/www.ensembleintercontemporain.com\/fr\/2019\/05\/ledito-video-de-matthias-pintscher-manifeste-2019\/#breadcrumb","itemListElement":[{"@type":"ListItem","position":1,"name":"Home","item":"https:\/\/www.ensembleintercontemporain.com\/fr\/"},{"@type":"ListItem","position":2,"name":"L&#8217;\u00e9dito vid\u00e9o de Matthias Pintscher : ManiFeste 2019."}]},{"@type":"WebSite","@id":"https:\/\/www.ensembleintercontemporain.com\/en\/#website","url":"https:\/\/www.ensembleintercontemporain.com\/en\/","name":"Ensemble intercontemporain","description":"","potentialAction":[{"@type":"SearchAction","target":{"@type":"EntryPoint","urlTemplate":"https:\/\/www.ensembleintercontemporain.com\/en\/?s={search_term_string}"},"query-input":{"@type":"PropertyValueSpecification","valueRequired":true,"valueName":"search_term_string"}}],"inLanguage":"fr-FR"},{"@type":"Person","@id":"https:\/\/www.ensembleintercontemporain.com\/en\/#\/schema\/person\/7ad62719e30a4a4b4a43ad9715778ad2","name":"Matthias Pintscher","image":{"@type":"ImageObject","inLanguage":"fr-FR","@id":"https:\/\/secure.gravatar.com\/avatar\/7f377a87f562ae6cd751b7ba0d4ac84209258d2bcea2299f800629da76f2ab52?s=96&d=mm&r=g","url":"https:\/\/secure.gravatar.com\/avatar\/7f377a87f562ae6cd751b7ba0d4ac84209258d2bcea2299f800629da76f2ab52?s=96&d=mm&r=g","contentUrl":"https:\/\/secure.gravatar.com\/avatar\/7f377a87f562ae6cd751b7ba0d4ac84209258d2bcea2299f800629da76f2ab52?s=96&d=mm&r=g","caption":"Matthias Pintscher"},"url":"https:\/\/www.ensembleintercontemporain.com\/fr\/author\/matthias-pintscher\/"}]}},"_links":{"self":[{"href":"https:\/\/www.ensembleintercontemporain.com\/fr\/wp-json\/wp\/v2\/posts\/17310\/"}],"collection":[{"href":"https:\/\/www.ensembleintercontemporain.com\/fr\/wp-json\/wp\/v2\/posts\/"}],"about":[{"href":"https:\/\/www.ensembleintercontemporain.com\/fr\/wp-json\/wp\/v2\/types\/post\/"}],"author":[{"embeddable":true,"href":"https:\/\/www.ensembleintercontemporain.com\/fr\/wp-json\/wp\/v2\/users\/99\/"}],"replies":[{"embeddable":true,"href":"https:\/\/www.ensembleintercontemporain.com\/fr\/wp-json\/wp\/v2\/comments\/?post=17310"}],"version-history":[{"count":5,"href":"https:\/\/www.ensembleintercontemporain.com\/fr\/wp-json\/wp\/v2\/posts\/17310\/revisions\/"}],"predecessor-version":[{"id":26981,"href":"https:\/\/www.ensembleintercontemporain.com\/fr\/wp-json\/wp\/v2\/posts\/17310\/revisions\/26981\/"}],"wp:featuredmedia":[{"embeddable":true,"href":"https:\/\/www.ensembleintercontemporain.com\/fr\/wp-json\/wp\/v2\/media\/17311\/"}],"wp:attachment":[{"href":"https:\/\/www.ensembleintercontemporain.com\/fr\/wp-json\/wp\/v2\/media\/?parent=17310"}],"wp:term":[{"taxonomy":"category","embeddable":true,"href":"https:\/\/www.ensembleintercontemporain.com\/fr\/wp-json\/wp\/v2\/categories\/?post=17310"},{"taxonomy":"post_tag","embeddable":true,"href":"https:\/\/www.ensembleintercontemporain.com\/fr\/wp-json\/wp\/v2\/tags\/?post=17310"}],"curies":[{"name":"wp","href":"https:\/\/api.w.org\/{rel}","templated":true}]}}