{"id":16478,"date":"2019-04-01T11:36:20","date_gmt":"2019-04-01T09:36:20","guid":{"rendered":"https:\/\/www.ensembleintercontemporain.com\/?p=16478"},"modified":"2019-04-02T19:19:14","modified_gmt":"2019-04-02T17:19:14","slug":"la-sequenza-vii-de-luciano-berio","status":"publish","type":"post","link":"https:\/\/www.ensembleintercontemporain.com\/fr\/2019\/04\/la-sequenza-vii-de-luciano-berio\/","title":{"rendered":"La Sequenza VII de Luciano Berio."},"content":{"rendered":"<p>&nbsp;<\/p>\n<p><span style=\"font-size: 14pt; color: #003366;\"><img loading=\"lazy\" decoding=\"async\" class=\"aligncenter size-full wp-image-16494\" src=\"http:\/\/www.ensembleintercontemporain.com\/content\/uploads\/2019\/04\/dscf0924.jpg\" alt=\"\" width=\"1920\" height=\"1280\" srcset=\"https:\/\/www.ensembleintercontemporain.com\/content\/uploads\/2019\/04\/dscf0924.jpg 1920w, https:\/\/www.ensembleintercontemporain.com\/content\/uploads\/2019\/04\/dscf0924-300x200.jpg 300w, https:\/\/www.ensembleintercontemporain.com\/content\/uploads\/2019\/04\/dscf0924-768x512.jpg 768w, https:\/\/www.ensembleintercontemporain.com\/content\/uploads\/2019\/04\/dscf0924-1024x683.jpg 1024w\" sizes=\"auto, (max-width: 1920px) 100vw, 1920px\" \/><\/span><\/p>\n<p><span style=\"font-size: 14pt; color: #003366;\">\u00ab\u00a0Composer pour un virtuose digne de ce nom n\u2019est aujourd\u2019hui valable que pour consacrer un accord particulier entre le compositeur et l\u2019interpr\u00e8te et aussi comme t\u00e9moignage d\u2019un rapport humain.\u00a0\u00bb<\/span><br \/>\n<span style=\"font-size: 14pt; color: #003366;\">Luciano Berio<\/span><\/p>\n<p><span style=\"font-size: 14pt; color: #003366;\"><a href=\"https:\/\/www.ensembleintercontemporain.com\/fr\/concert\/pulse-passion-2019-04-02-20h30-paris\/\">Le mardi 2 avril \u00e0 la Philharmonie de Paris<\/a>, Philippe Grauvogel (photo ci-dessus) sera seul en sc\u00e8ne pour interpr\u00e9ter la <em>Sequenza VII<\/em> pour hautbois de Luciano Berio. Une \u0153uvre virtuose dans laquelle le compositeur italien poursuivait sa recherche de \u00ab\u00a0polyphonie virtuelle\u00a0\u00bb\u2026 <\/span><\/p>\n<p><span style=\"font-size: 14pt;\">Commenc\u00e9e en 1958 et se poursuivant jusqu\u2019en 1995, la s\u00e9rie de <em>Sequenze<\/em> constitue un fil rouge dans la vie cr\u00e9atrice de Luciano Berio\u00a0: celui d\u2019une exploration syst\u00e9matique des limites de la virtuosit\u00e9 instrumentale \u2014 jouant tour \u00e0 tour avec l\u2019acoustique ou la th\u00e9\u00e2tralit\u00e9, la polyphonie ou les techniques inhabituelles, l\u2019inou\u00ef ou l\u2019humour, mais sans jamais perdre vue la po\u00e9tique. Chacune des quatorze <em>Sequenze<\/em> est n\u00e9e de la rencontre avec un soliste. Plus qu\u2019une \u0153uvre de Luciano Berio seul, chacune est le produit de ce duo compositeur\/soliste sublimant l\u2019interaction entre l\u2019instrumentiste et son instrument.<\/span><br \/>\n<span style=\"font-size: 14pt;\"><img loading=\"lazy\" decoding=\"async\" class=\"alignleft size-medium wp-image-16485\" src=\"http:\/\/www.ensembleintercontemporain.com\/content\/uploads\/2019\/04\/berio-nb-286x300.jpg\" alt=\"\" width=\"286\" height=\"300\" srcset=\"https:\/\/www.ensembleintercontemporain.com\/content\/uploads\/2019\/04\/berio-nb-286x300.jpg 286w, https:\/\/www.ensembleintercontemporain.com\/content\/uploads\/2019\/04\/berio-nb.jpg 600w\" sizes=\"auto, (max-width: 286px) 100vw, 286px\" \/>Compos\u00e9e en 1969, la <em>Sequenza VII<\/em> pour hautbois a \u00e9t\u00e9 \u00e9crite en \u00e9troite collaboration avec l\u2019immense hautbo\u00efste et compositeur Heinz Holliger, auquel elle est d\u00e9dicac\u00e9e. Cette d\u00e9dicace est d\u2019ailleurs affirm\u00e9e dans l\u2019\u00e9criture, puisque toute la pi\u00e8ce est \u00e9labor\u00e9e autour de la note Si\u00a0 \u2014 une note jou\u00e9e pianissimo d\u2019un bout \u00e0 l\u2019autre de la pi\u00e8ce en coulisse, soit par un autre instrument, soit par une bande. C\u2019est autour de ce Si que le discours du hautbois prolif\u00e8re, la partie soliste \u00e9tant comme mise en perspective ou \u00ab\u00a0analys\u00e9e\u00a0\u00bb au crible de cette \u00ab\u00a0constante. \u00ab\u00a0Avec la <em>Sequenza VII<\/em>, \u00e9crit Berio, je poursuis la recherche d\u2019une polyphonie virtuelle. [\u2026] La pi\u00e8ce est habit\u00e9e d\u2019une sorte de conflit permanent \u2013 \u00e0 mon avis tr\u00e8s expressif et parfois dramatique \u2013 entre l\u2019extr\u00eame v\u00e9locit\u00e9 du phras\u00e9 instrumental et la lenteur des proc\u00e9d\u00e9s musicaux qui d\u00e9terminent le parcours.\u00a0\u00bb<\/span><br \/>\n<span style=\"font-size: 14pt;\">Chaque <em>Sequenza<\/em> a droit \u00e0 une courte introduction, que l\u2019on doit au po\u00e8te Edoardo Sanguineti. Pour la <em>Sequenza VII<\/em>, ce dernier \u00e9crit ainsi\u00a0:<\/span><br \/>\n<span style=\"font-size: 14pt;\">\u00ab\u00a0il tuo profile \u00e8 un mio paessaggio frenetico, tenuto a distanza<\/span><br \/>\n<span style=\"font-size: 14pt;\">\u00e8 un falso fuoco d\u2019amore, ch\u00e9 \u00e8 minimo : \u00e8 morto\u00a0\u00bb<\/span><br \/>\n<span style=\"font-size: 14pt;\">\u00ab\u00a0ton profil est un de mes paysages fr\u00e9n\u00e9tiques, tenu \u00e0 distance<\/span><br \/>\n<span style=\"font-size: 14pt;\">c\u2019est un feu d\u2019amour faux, minimal : il est mort\u00a0\u00bb<\/span><\/p>\n<p><iframe loading=\"lazy\" src=\"https:\/\/www.youtube.com\/embed\/2fGeiFjTwKw\" width=\"720\" height=\"405\" frameborder=\"0\" allowfullscreen=\"allowfullscreen\"><\/iframe><\/p>\n<p>Photos : Philippe Grauvogel, Philharmonie de Paris, 2018 \u00a9 EIC \/ Luciano Berio \u00a9 Philippe Gontier<\/p>\n","protected":false},"excerpt":{"rendered":"<p>Le 2 avril \u00e0 la Philharmonie de Paris, Philippe Garuvogel sera seul en sc\u00e8ne pour interpr\u00e9ter la Sequenza VII pour hautbois de Luciano Berio. Une \u0153uvre virtuose dans laquelle le compositeur italien poursuivait sa recherche de \u00ab polyphonie virtuelle \u00bb\u2026 <\/p>\n","protected":false},"author":5,"featured_media":16498,"comment_status":"closed","ping_status":"closed","sticky":false,"template":"","format":"standard","meta":{"_acf_changed":false,"footnotes":""},"categories":[102],"tags":[32,80,438],"class_list":["post-16478","post","type-post","status-publish","format-standard","has-post-thumbnail","hentry","category-eclairage","tag-luciano-berio","tag-sequenza","tag-sequenze","concert-pulse-passion"],"acf":[],"yoast_head":"<!-- This site is optimized with the Yoast SEO plugin v27.5 - https:\/\/yoast.com\/product\/yoast-seo-wordpress\/ -->\n<title>La Sequenza VII de Luciano Berio. - Ensemble intercontemporain<\/title>\n<meta name=\"robots\" content=\"index, follow, max-snippet:-1, max-image-preview:large, max-video-preview:-1\" \/>\n<link rel=\"canonical\" href=\"https:\/\/www.ensembleintercontemporain.com\/fr\/2019\/04\/la-sequenza-vii-de-luciano-berio\/\" \/>\n<meta property=\"og:locale\" content=\"fr_FR\" \/>\n<meta property=\"og:type\" content=\"article\" \/>\n<meta property=\"og:title\" content=\"La Sequenza VII de Luciano Berio. - Ensemble intercontemporain\" \/>\n<meta property=\"og:description\" content=\"Le 2 avril \u00e0 la Philharmonie de Paris, Philippe Garuvogel sera seul en sc\u00e8ne pour interpr\u00e9ter la Sequenza VII pour hautbois de Luciano Berio. Une \u0153uvre virtuose dans laquelle le compositeur italien poursuivait sa recherche de \u00ab polyphonie virtuelle \u00bb\u2026\" \/>\n<meta property=\"og:url\" content=\"https:\/\/www.ensembleintercontemporain.com\/en\/2019\/04\/la-sequenza-vii-de-luciano-berio\/\" \/>\n<meta property=\"og:site_name\" content=\"Ensemble intercontemporain\" \/>\n<meta property=\"article:published_time\" content=\"2019-04-01T09:36:20+00:00\" \/>\n<meta property=\"article:modified_time\" content=\"2019-04-02T17:19:14+00:00\" \/>\n<meta property=\"og:image\" content=\"https:\/\/www.ensembleintercontemporain.com\/content\/uploads\/2019\/04\/dscf0897.jpg\" \/>\n\t<meta property=\"og:image:width\" content=\"1920\" \/>\n\t<meta property=\"og:image:height\" content=\"1280\" \/>\n\t<meta property=\"og:image:type\" content=\"image\/jpeg\" \/>\n<meta name=\"author\" content=\"J\u00e9remie Szpirglas\" \/>\n<meta name=\"twitter:card\" content=\"summary_large_image\" \/>\n<meta name=\"twitter:label1\" content=\"\u00c9crit par\" \/>\n\t<meta name=\"twitter:data1\" content=\"J\u00e9remie Szpirglas\" \/>\n\t<meta name=\"twitter:label2\" content=\"Dur\u00e9e de lecture estim\u00e9e\" \/>\n\t<meta name=\"twitter:data2\" content=\"2 minutes\" \/>\n<script type=\"application\/ld+json\" class=\"yoast-schema-graph\">{\"@context\":\"https:\\\/\\\/schema.org\",\"@graph\":[{\"@type\":\"Article\",\"@id\":\"https:\\\/\\\/www.ensembleintercontemporain.com\\\/en\\\/2019\\\/04\\\/la-sequenza-vii-de-luciano-berio\\\/#article\",\"isPartOf\":{\"@id\":\"https:\\\/\\\/www.ensembleintercontemporain.com\\\/en\\\/2019\\\/04\\\/la-sequenza-vii-de-luciano-berio\\\/\"},\"author\":{\"name\":\"J\u00e9remie Szpirglas\",\"@id\":\"https:\\\/\\\/www.ensembleintercontemporain.com\\\/en\\\/#\\\/schema\\\/person\\\/439a7dd5cd8a167c34c931d7cc900214\"},\"headline\":\"La Sequenza VII de Luciano Berio.\",\"datePublished\":\"2019-04-01T09:36:20+00:00\",\"dateModified\":\"2019-04-02T17:19:14+00:00\",\"mainEntityOfPage\":{\"@id\":\"https:\\\/\\\/www.ensembleintercontemporain.com\\\/en\\\/2019\\\/04\\\/la-sequenza-vii-de-luciano-berio\\\/\"},\"wordCount\":429,\"image\":{\"@id\":\"https:\\\/\\\/www.ensembleintercontemporain.com\\\/en\\\/2019\\\/04\\\/la-sequenza-vii-de-luciano-berio\\\/#primaryimage\"},\"thumbnailUrl\":\"https:\\\/\\\/www.ensembleintercontemporain.com\\\/content\\\/uploads\\\/2019\\\/04\\\/dscf0897.jpg\",\"keywords\":[\"Luciano Berio\",\"sequenza\",\"sequenze\"],\"articleSection\":[\"\u00c9clairage\"],\"inLanguage\":\"fr-FR\"},{\"@type\":\"WebPage\",\"@id\":\"https:\\\/\\\/www.ensembleintercontemporain.com\\\/en\\\/2019\\\/04\\\/la-sequenza-vii-de-luciano-berio\\\/\",\"url\":\"https:\\\/\\\/www.ensembleintercontemporain.com\\\/en\\\/2019\\\/04\\\/la-sequenza-vii-de-luciano-berio\\\/\",\"name\":\"La Sequenza VII de Luciano Berio. - Ensemble intercontemporain\",\"isPartOf\":{\"@id\":\"https:\\\/\\\/www.ensembleintercontemporain.com\\\/en\\\/#website\"},\"primaryImageOfPage\":{\"@id\":\"https:\\\/\\\/www.ensembleintercontemporain.com\\\/en\\\/2019\\\/04\\\/la-sequenza-vii-de-luciano-berio\\\/#primaryimage\"},\"image\":{\"@id\":\"https:\\\/\\\/www.ensembleintercontemporain.com\\\/en\\\/2019\\\/04\\\/la-sequenza-vii-de-luciano-berio\\\/#primaryimage\"},\"thumbnailUrl\":\"https:\\\/\\\/www.ensembleintercontemporain.com\\\/content\\\/uploads\\\/2019\\\/04\\\/dscf0897.jpg\",\"datePublished\":\"2019-04-01T09:36:20+00:00\",\"dateModified\":\"2019-04-02T17:19:14+00:00\",\"author\":{\"@id\":\"https:\\\/\\\/www.ensembleintercontemporain.com\\\/en\\\/#\\\/schema\\\/person\\\/439a7dd5cd8a167c34c931d7cc900214\"},\"breadcrumb\":{\"@id\":\"https:\\\/\\\/www.ensembleintercontemporain.com\\\/en\\\/2019\\\/04\\\/la-sequenza-vii-de-luciano-berio\\\/#breadcrumb\"},\"inLanguage\":\"fr-FR\",\"potentialAction\":[{\"@type\":\"ReadAction\",\"target\":[\"https:\\\/\\\/www.ensembleintercontemporain.com\\\/en\\\/2019\\\/04\\\/la-sequenza-vii-de-luciano-berio\\\/\"]}]},{\"@type\":\"ImageObject\",\"inLanguage\":\"fr-FR\",\"@id\":\"https:\\\/\\\/www.ensembleintercontemporain.com\\\/en\\\/2019\\\/04\\\/la-sequenza-vii-de-luciano-berio\\\/#primaryimage\",\"url\":\"https:\\\/\\\/www.ensembleintercontemporain.com\\\/content\\\/uploads\\\/2019\\\/04\\\/dscf0897.jpg\",\"contentUrl\":\"https:\\\/\\\/www.ensembleintercontemporain.com\\\/content\\\/uploads\\\/2019\\\/04\\\/dscf0897.jpg\",\"width\":1920,\"height\":1280},{\"@type\":\"BreadcrumbList\",\"@id\":\"https:\\\/\\\/www.ensembleintercontemporain.com\\\/en\\\/2019\\\/04\\\/la-sequenza-vii-de-luciano-berio\\\/#breadcrumb\",\"itemListElement\":[{\"@type\":\"ListItem\",\"position\":1,\"name\":\"Home\",\"item\":\"https:\\\/\\\/www.ensembleintercontemporain.com\\\/fr\\\/\"},{\"@type\":\"ListItem\",\"position\":2,\"name\":\"La Sequenza VII de Luciano Berio.\"}]},{\"@type\":\"WebSite\",\"@id\":\"https:\\\/\\\/www.ensembleintercontemporain.com\\\/en\\\/#website\",\"url\":\"https:\\\/\\\/www.ensembleintercontemporain.com\\\/en\\\/\",\"name\":\"Ensemble intercontemporain\",\"description\":\"\",\"potentialAction\":[{\"@type\":\"SearchAction\",\"target\":{\"@type\":\"EntryPoint\",\"urlTemplate\":\"https:\\\/\\\/www.ensembleintercontemporain.com\\\/en\\\/?s={search_term_string}\"},\"query-input\":{\"@type\":\"PropertyValueSpecification\",\"valueRequired\":true,\"valueName\":\"search_term_string\"}}],\"inLanguage\":\"fr-FR\"},{\"@type\":\"Person\",\"@id\":\"https:\\\/\\\/www.ensembleintercontemporain.com\\\/en\\\/#\\\/schema\\\/person\\\/439a7dd5cd8a167c34c931d7cc900214\",\"name\":\"J\u00e9remie Szpirglas\",\"image\":{\"@type\":\"ImageObject\",\"inLanguage\":\"fr-FR\",\"@id\":\"https:\\\/\\\/secure.gravatar.com\\\/avatar\\\/51406c8ec861211e1bd97cfab9a482b48101946652a6a78f911670a9a593f3ed?s=96&d=mm&r=g\",\"url\":\"https:\\\/\\\/secure.gravatar.com\\\/avatar\\\/51406c8ec861211e1bd97cfab9a482b48101946652a6a78f911670a9a593f3ed?s=96&d=mm&r=g\",\"contentUrl\":\"https:\\\/\\\/secure.gravatar.com\\\/avatar\\\/51406c8ec861211e1bd97cfab9a482b48101946652a6a78f911670a9a593f3ed?s=96&d=mm&r=g\",\"caption\":\"J\u00e9remie Szpirglas\"},\"url\":\"https:\\\/\\\/www.ensembleintercontemporain.com\\\/fr\\\/author\\\/benjamin-szpirglas\\\/\"}]}<\/script>\n<!-- \/ Yoast SEO plugin. -->","yoast_head_json":{"title":"La Sequenza VII de Luciano Berio. - Ensemble intercontemporain","robots":{"index":"index","follow":"follow","max-snippet":"max-snippet:-1","max-image-preview":"max-image-preview:large","max-video-preview":"max-video-preview:-1"},"canonical":"https:\/\/www.ensembleintercontemporain.com\/fr\/2019\/04\/la-sequenza-vii-de-luciano-berio\/","og_locale":"fr_FR","og_type":"article","og_title":"La Sequenza VII de Luciano Berio. - Ensemble intercontemporain","og_description":"Le 2 avril \u00e0 la Philharmonie de Paris, Philippe Garuvogel sera seul en sc\u00e8ne pour interpr\u00e9ter la Sequenza VII pour hautbois de Luciano Berio. Une \u0153uvre virtuose dans laquelle le compositeur italien poursuivait sa recherche de \u00ab polyphonie virtuelle \u00bb\u2026","og_url":"https:\/\/www.ensembleintercontemporain.com\/en\/2019\/04\/la-sequenza-vii-de-luciano-berio\/","og_site_name":"Ensemble intercontemporain","article_published_time":"2019-04-01T09:36:20+00:00","article_modified_time":"2019-04-02T17:19:14+00:00","og_image":[{"width":1920,"height":1280,"url":"https:\/\/www.ensembleintercontemporain.com\/content\/uploads\/2019\/04\/dscf0897.jpg","type":"image\/jpeg"}],"author":"J\u00e9remie Szpirglas","twitter_card":"summary_large_image","twitter_misc":{"\u00c9crit par":"J\u00e9remie Szpirglas","Dur\u00e9e de lecture estim\u00e9e":"2 minutes"},"schema":{"@context":"https:\/\/schema.org","@graph":[{"@type":"Article","@id":"https:\/\/www.ensembleintercontemporain.com\/en\/2019\/04\/la-sequenza-vii-de-luciano-berio\/#article","isPartOf":{"@id":"https:\/\/www.ensembleintercontemporain.com\/en\/2019\/04\/la-sequenza-vii-de-luciano-berio\/"},"author":{"name":"J\u00e9remie Szpirglas","@id":"https:\/\/www.ensembleintercontemporain.com\/en\/#\/schema\/person\/439a7dd5cd8a167c34c931d7cc900214"},"headline":"La Sequenza VII de Luciano Berio.","datePublished":"2019-04-01T09:36:20+00:00","dateModified":"2019-04-02T17:19:14+00:00","mainEntityOfPage":{"@id":"https:\/\/www.ensembleintercontemporain.com\/en\/2019\/04\/la-sequenza-vii-de-luciano-berio\/"},"wordCount":429,"image":{"@id":"https:\/\/www.ensembleintercontemporain.com\/en\/2019\/04\/la-sequenza-vii-de-luciano-berio\/#primaryimage"},"thumbnailUrl":"https:\/\/www.ensembleintercontemporain.com\/content\/uploads\/2019\/04\/dscf0897.jpg","keywords":["Luciano Berio","sequenza","sequenze"],"articleSection":["\u00c9clairage"],"inLanguage":"fr-FR"},{"@type":"WebPage","@id":"https:\/\/www.ensembleintercontemporain.com\/en\/2019\/04\/la-sequenza-vii-de-luciano-berio\/","url":"https:\/\/www.ensembleintercontemporain.com\/en\/2019\/04\/la-sequenza-vii-de-luciano-berio\/","name":"La Sequenza VII de Luciano Berio. - Ensemble intercontemporain","isPartOf":{"@id":"https:\/\/www.ensembleintercontemporain.com\/en\/#website"},"primaryImageOfPage":{"@id":"https:\/\/www.ensembleintercontemporain.com\/en\/2019\/04\/la-sequenza-vii-de-luciano-berio\/#primaryimage"},"image":{"@id":"https:\/\/www.ensembleintercontemporain.com\/en\/2019\/04\/la-sequenza-vii-de-luciano-berio\/#primaryimage"},"thumbnailUrl":"https:\/\/www.ensembleintercontemporain.com\/content\/uploads\/2019\/04\/dscf0897.jpg","datePublished":"2019-04-01T09:36:20+00:00","dateModified":"2019-04-02T17:19:14+00:00","author":{"@id":"https:\/\/www.ensembleintercontemporain.com\/en\/#\/schema\/person\/439a7dd5cd8a167c34c931d7cc900214"},"breadcrumb":{"@id":"https:\/\/www.ensembleintercontemporain.com\/en\/2019\/04\/la-sequenza-vii-de-luciano-berio\/#breadcrumb"},"inLanguage":"fr-FR","potentialAction":[{"@type":"ReadAction","target":["https:\/\/www.ensembleintercontemporain.com\/en\/2019\/04\/la-sequenza-vii-de-luciano-berio\/"]}]},{"@type":"ImageObject","inLanguage":"fr-FR","@id":"https:\/\/www.ensembleintercontemporain.com\/en\/2019\/04\/la-sequenza-vii-de-luciano-berio\/#primaryimage","url":"https:\/\/www.ensembleintercontemporain.com\/content\/uploads\/2019\/04\/dscf0897.jpg","contentUrl":"https:\/\/www.ensembleintercontemporain.com\/content\/uploads\/2019\/04\/dscf0897.jpg","width":1920,"height":1280},{"@type":"BreadcrumbList","@id":"https:\/\/www.ensembleintercontemporain.com\/en\/2019\/04\/la-sequenza-vii-de-luciano-berio\/#breadcrumb","itemListElement":[{"@type":"ListItem","position":1,"name":"Home","item":"https:\/\/www.ensembleintercontemporain.com\/fr\/"},{"@type":"ListItem","position":2,"name":"La Sequenza VII de Luciano Berio."}]},{"@type":"WebSite","@id":"https:\/\/www.ensembleintercontemporain.com\/en\/#website","url":"https:\/\/www.ensembleintercontemporain.com\/en\/","name":"Ensemble intercontemporain","description":"","potentialAction":[{"@type":"SearchAction","target":{"@type":"EntryPoint","urlTemplate":"https:\/\/www.ensembleintercontemporain.com\/en\/?s={search_term_string}"},"query-input":{"@type":"PropertyValueSpecification","valueRequired":true,"valueName":"search_term_string"}}],"inLanguage":"fr-FR"},{"@type":"Person","@id":"https:\/\/www.ensembleintercontemporain.com\/en\/#\/schema\/person\/439a7dd5cd8a167c34c931d7cc900214","name":"J\u00e9remie Szpirglas","image":{"@type":"ImageObject","inLanguage":"fr-FR","@id":"https:\/\/secure.gravatar.com\/avatar\/51406c8ec861211e1bd97cfab9a482b48101946652a6a78f911670a9a593f3ed?s=96&d=mm&r=g","url":"https:\/\/secure.gravatar.com\/avatar\/51406c8ec861211e1bd97cfab9a482b48101946652a6a78f911670a9a593f3ed?s=96&d=mm&r=g","contentUrl":"https:\/\/secure.gravatar.com\/avatar\/51406c8ec861211e1bd97cfab9a482b48101946652a6a78f911670a9a593f3ed?s=96&d=mm&r=g","caption":"J\u00e9remie Szpirglas"},"url":"https:\/\/www.ensembleintercontemporain.com\/fr\/author\/benjamin-szpirglas\/"}]}},"_links":{"self":[{"href":"https:\/\/www.ensembleintercontemporain.com\/fr\/wp-json\/wp\/v2\/posts\/16478\/"}],"collection":[{"href":"https:\/\/www.ensembleintercontemporain.com\/fr\/wp-json\/wp\/v2\/posts\/"}],"about":[{"href":"https:\/\/www.ensembleintercontemporain.com\/fr\/wp-json\/wp\/v2\/types\/post\/"}],"author":[{"embeddable":true,"href":"https:\/\/www.ensembleintercontemporain.com\/fr\/wp-json\/wp\/v2\/users\/5\/"}],"replies":[{"embeddable":true,"href":"https:\/\/www.ensembleintercontemporain.com\/fr\/wp-json\/wp\/v2\/comments\/?post=16478"}],"version-history":[{"count":8,"href":"https:\/\/www.ensembleintercontemporain.com\/fr\/wp-json\/wp\/v2\/posts\/16478\/revisions\/"}],"predecessor-version":[{"id":16496,"href":"https:\/\/www.ensembleintercontemporain.com\/fr\/wp-json\/wp\/v2\/posts\/16478\/revisions\/16496\/"}],"wp:featuredmedia":[{"embeddable":true,"href":"https:\/\/www.ensembleintercontemporain.com\/fr\/wp-json\/wp\/v2\/media\/16498\/"}],"wp:attachment":[{"href":"https:\/\/www.ensembleintercontemporain.com\/fr\/wp-json\/wp\/v2\/media\/?parent=16478"}],"wp:term":[{"taxonomy":"category","embeddable":true,"href":"https:\/\/www.ensembleintercontemporain.com\/fr\/wp-json\/wp\/v2\/categories\/?post=16478"},{"taxonomy":"post_tag","embeddable":true,"href":"https:\/\/www.ensembleintercontemporain.com\/fr\/wp-json\/wp\/v2\/tags\/?post=16478"}],"curies":[{"name":"wp","href":"https:\/\/api.w.org\/{rel}","templated":true}]}}