{"id":15728,"date":"2019-02-04T14:30:04","date_gmt":"2019-02-04T13:30:04","guid":{"rendered":"http:\/\/www.ensembleinter.com\/?p=15728"},"modified":"2019-02-14T14:39:15","modified_gmt":"2019-02-14T13:39:15","slug":"symboles-et-musique-entretien-avec-florent-caron-darras-compositeur","status":"publish","type":"post","link":"https:\/\/www.ensembleintercontemporain.com\/fr\/2019\/02\/symboles-et-musique-entretien-avec-florent-caron-darras-compositeur\/","title":{"rendered":"Symboles et musique.  <br>Entretien avec Florent Caron Darras, compositeur.<br>"},"content":{"rendered":"<p><span style=\"color: #003366;\"><strong><span style=\"font-size: 14pt;\"><img loading=\"lazy\" decoding=\"async\" class=\"aligncenter size-full wp-image-15734\" src=\"http:\/\/www.ensembleinter.com\/content\/uploads\/2019\/02\/img3394.jpg\" alt=\"\" width=\"1920\" height=\"2177\" srcset=\"https:\/\/www.ensembleintercontemporain.com\/content\/uploads\/2019\/02\/img3394.jpg 1920w, https:\/\/www.ensembleintercontemporain.com\/content\/uploads\/2019\/02\/img3394-265x300.jpg 265w, https:\/\/www.ensembleintercontemporain.com\/content\/uploads\/2019\/02\/img3394-768x871.jpg 768w, https:\/\/www.ensembleintercontemporain.com\/content\/uploads\/2019\/02\/img3394-903x1024.jpg 903w\" sizes=\"auto, (max-width: 1920px) 100vw, 1920px\" \/><\/span><\/strong><\/span><\/p>\n<p><span style=\"color: #003366;\"><strong><span style=\"font-size: 14pt;\">Le 16 f\u00e9vrier prochain, l\u2019EIC cr\u00e9era <em>Milan Noir<\/em>, de Florent Caron Darras dans le cadre du festival Pr\u00e9sences de Radio France. Rencontre avec un jeune compositeur ouvert aux influences musicales extra-europ\u00e9ennes. Et le fait d\u2019\u00eatre n\u00e9 au Japon n\u2019y est certainement pas \u00e9tranger\u2026<\/span><\/strong><\/span><\/p>\n<p>&nbsp;<\/p>\n<p><span style=\"font-size: 14pt;\"><strong>Florent, en parall\u00e8le de votre parcours de compositeur, vous avez men\u00e9 des \u00e9tudes et recherches en musicologie et autres disciplines. En quoi ces \u00e9tudes enrichissent-elles votre pratique de compositeur ? En quoi \u00ab\u00a0d\u00e9placent-elles\u00a0\u00bb le regard du cr\u00e9ateur ?<\/strong><\/span><\/p>\n<p><span style=\"font-size: 14pt;\">Vous parlez d\u2019un \u00ab\u00a0d\u00e9placement\u00a0\u00bb du regard du cr\u00e9ateur, ce qui est tr\u00e8s bienvenu si l\u2019on consid\u00e8re que le principal enjeu de la cr\u00e9ation est la production d\u2019\u00e9carts. Au-del\u00e0 de l\u2019ouverture d\u2019horizons, de l\u2019\u00e9largissement culturel, du d\u00e9veloppement de l\u2019oreille ou de capacit\u00e9s techniques, les classes d\u2019analyse ou d\u2019esth\u00e9tique \u2013 pour ne citer qu\u2019elles \u2013 sont aussi l\u2019occasion de d\u00e9velopper une facult\u00e9 de jugement et une sensibilit\u00e9 \u00e0 la d\u00e9construction, ou de mener \u00e0 une plus grande conscience des europ\u00e9ocentrismes ou de l\u2019historicisme de notre culture. Ironiquement, tout cela m\u2019a plut\u00f4t conduit \u00e0 la critique des ex\u00e9g\u00e8ses et \u00e0 la d\u00e9fense d\u2019une exp\u00e9rience esth\u00e9tique d\u00e9barrass\u00e9e de tous interm\u00e9diaires. Mais les hasards de la vie bousculent parfois vos plans, et alors que rien ne m\u2019y destinait et que je n\u2019avais jamais envisag\u00e9 les sciences humaines autrement que comme constituantes de mon parcours de compositeur, j\u2019ai eu la chance inestimable de rencontrer Simha Arom et d\u2019\u00eatre invit\u00e9 \u00e0 travailler avec lui sur les polyphonies vocales de G\u00e9orgie, confrontant mon d\u00e9sir de comprendre avec cette grande intelligence logique et sensible que l\u2019on conna\u00eet. C\u2019est d\u2019ailleurs l\u2019une des rares personnes qui par ses fulgurances intellectuelles m\u2019a fait comprendre une certaine dimension esth\u00e9tique de la recherche.<\/span><\/p>\n<p><img loading=\"lazy\" decoding=\"async\" class=\"aligncenter size-full wp-image-15738\" src=\"http:\/\/www.ensembleinter.com\/content\/uploads\/2019\/02\/dsc00198.jpg\" alt=\"\" width=\"1920\" height=\"1280\" srcset=\"https:\/\/www.ensembleintercontemporain.com\/content\/uploads\/2019\/02\/dsc00198.jpg 1920w, https:\/\/www.ensembleintercontemporain.com\/content\/uploads\/2019\/02\/dsc00198-300x200.jpg 300w, https:\/\/www.ensembleintercontemporain.com\/content\/uploads\/2019\/02\/dsc00198-768x512.jpg 768w, https:\/\/www.ensembleintercontemporain.com\/content\/uploads\/2019\/02\/dsc00198-1024x683.jpg 1024w\" sizes=\"auto, (max-width: 1920px) 100vw, 1920px\" \/><\/p>\n<p><span style=\"font-size: 14pt;\"><strong>Nombre de vos pi\u00e8ces tirent leur inspiration de cultures extra-europ\u00e9ennes, et notamment de peuples dits \u00ab\u00a0premiers\u00a0\u00bb, que ce soit leurs modes de vie, leurs mythes ou leurs l\u00e9gendes. Pourquoi cela\u00a0? <\/strong><\/span><\/p>\n<p><span style=\"font-size: 14pt;\">Le monde dans lequel nous vivons aujourd\u2019hui peut nous amener \u00e0 de profondes questions ontologiques, concernant par exemple l\u2019impermanence des choses ou la validit\u00e9 des universaux. Dans un contexte global d\u2019effondrement, j\u2019aime croire en une hyper-contemporan\u00e9it\u00e9 du symbolisme en art, ce qui m\u2019am\u00e8ne parfois \u00e0 faire des recherches pour contextualiser mes sujets (comme pour <em>Forgerons<\/em>). Plut\u00f4t que des influences extra-europ\u00e9ennes, mes titres approchent davantage les rapports entre l\u2019Homme et son environnement, ou entre une nature premi\u00e8re et une culture du progr\u00e8s, par exemple entre organe et technologie dans <em>Sentinelle Nord.<br \/>\n<\/em><\/span><\/p>\n<p><span style=\"font-size: 14pt;\">Si je suis surtout stimul\u00e9 par la complexit\u00e9 et les d\u00e9fis du monde contemporain, les r\u00e9f\u00e9rences mythiques que l\u2019on pourrait croiser dans quelques-unes de mes notes de programmes ne sont autres que des moyens d\u2019asseoir mes intuitions sur des croyances parfois trouv\u00e9es au plus loin de mon espace et de mon temps, mais que je juge d\u2019une v\u00e9rit\u00e9 toute actuelle. Toutefois, au-del\u00e0 de ces \u00ab programmes \u00bb, il ne faut pas oublier que seule reste l\u2019exp\u00e9rience de la musique pure, et que ces sensibilit\u00e9s intimes sont davantage des points de d\u00e9parts pour le d\u00e9veloppement des id\u00e9es sonores, comme pour l\u2019\u00e9criture d\u2019un sc\u00e9nario structurant, que des pr\u00e9tentions \u00e0 quelconque message devant \u00eatre port\u00e9 par la musique. Le discours musical est donc parfois nourri formellement des rapports que j\u2019aurais pu formuler entre les r\u00e9sultats de mes recherches extra-musicales, souvent selon des principes d\u2019oppositions, par exemple en appliquant des comportements musicaux \u00e0 des symboles ou concepts, comme l\u2019on appliquerait des m\u00e9lodies \u00e0 des personnages, avant de les confronter dialectiquement.<\/span><\/p>\n<p>&nbsp;<\/p>\n<p><span style=\"font-size: 14pt;\"><strong>Votre nouvelle \u0153uvre qui sera cr\u00e9\u00e9e le 16 f\u00e9vrier s\u2019intitule <em>Milan Noir<\/em>. Pourquoi ce titre ?<\/strong><\/span><\/p>\n<p><span style=\"font-size: 14pt;\">Le milan noir est un rapace dont l\u2019on a r\u00e9cemment d\u00e9montr\u00e9 qu\u2019il \u00e9tait capable de se servir du feu pour chasser, transportant puis l\u00e2chant des brindilles enflamm\u00e9es pour pi\u00e9ger ses proies. Ayant d\u00e9but\u00e9 sans titre d\u00e9fini, l\u2019\u00e9criture de la pi\u00e8ce s\u2019est rapidement orient\u00e9e vers un mat\u00e9riau sonore assez aride, obstin\u00e9 d\u2019attaques dans l\u2019extr\u00eame aigu, desquelles je pressentais une certaine violence tout autant qu\u2019elles me mettaient au d\u00e9fi de leur d\u00e9veloppement dans le temps. Au m\u00eame moment, de grands incendies ravageaient la Californie, et un imaginaire autour du feu et de la pyromanie commen\u00e7ait \u00e0 se constituer autour de la pi\u00e8ce, jusqu\u2019\u00e0 m\u2019amener aux oiseaux incendiaires.<\/span><\/p>\n<p><span style=\"font-size: 14pt;\"><img loading=\"lazy\" decoding=\"async\" class=\"alignleft size-medium wp-image-15740\" src=\"http:\/\/www.ensembleinter.com\/content\/uploads\/2019\/02\/caron_darras_milan_noir_po-1-295x300.jpg\" alt=\"\" width=\"295\" height=\"300\" srcset=\"https:\/\/www.ensembleintercontemporain.com\/content\/uploads\/2019\/02\/caron_darras_milan_noir_po-1-295x300.jpg 295w, https:\/\/www.ensembleintercontemporain.com\/content\/uploads\/2019\/02\/caron_darras_milan_noir_po-1-768x782.jpg 768w, https:\/\/www.ensembleintercontemporain.com\/content\/uploads\/2019\/02\/caron_darras_milan_noir_po-1-1006x1024.jpg 1006w, https:\/\/www.ensembleintercontemporain.com\/content\/uploads\/2019\/02\/caron_darras_milan_noir_po-1.jpg 1920w\" sizes=\"auto, (max-width: 295px) 100vw, 295px\" \/>Je parlais plus haut de la n\u00e9cessit\u00e9 des symboles, quand bien m\u00eame seraient-ils \u00e0 r\u00e9inventer\u00a0: la destruction de la nature par un animal, le feu tombant du ciel, sont autant d\u2019id\u00e9es qui me sont parues tr\u00e8s f\u00e9condes, jusqu\u2019\u00e0 gouverner le d\u00e9roulement formel de la musique. Dans son ambivalence entre progression et destruction, tout autant que dans sa qualit\u00e9 insaisissable, le feu m\u2019a toujours sembl\u00e9 assez proche du processus cr\u00e9atif. Ma sensibilit\u00e9 \u00e0 la conception de la forme chez G\u00e9rard Grisey ou Jean-Luc Herv\u00e9 m\u2019a port\u00e9 parfois \u00e0 chercher une certaine organicit\u00e9 dans le d\u00e9veloppement des mat\u00e9riaux, organicit\u00e9 que j\u2019ai vu tout \u00e0 fait transposable dans l\u2019image d\u2019un incendie parti de rien. Les attaques r\u00e9p\u00e9t\u00e9es dans l\u2019extr\u00eame aigu sont ainsi devenues des \u00e9tincelles germinales, et j\u2019ai eu librement recours \u00e0 des mod\u00e8les sonores tels les chants ou cris du Milan noir pour concevoir des comportements instrumentaux rythmiques ou ornementaux me permettant le d\u00e9veloppement. Comme dans <em>Chute des \u00eatres du ciel<\/em>, une pi\u00e8ce pr\u00e9c\u00e9demment \u00e9crite pour harpe, <em>Milan Noir<\/em> accueille un travail sur les mouvements descendants, ici comme figuralismes du feu l\u00e2ch\u00e9 ou du plongeon de chasse.<\/span><\/p>\n<p><img loading=\"lazy\" decoding=\"async\" class=\"aligncenter size-full wp-image-15744\" src=\"http:\/\/www.ensembleinter.com\/content\/uploads\/2019\/02\/scan004.jpg\" alt=\"\" width=\"1920\" height=\"1390\" srcset=\"https:\/\/www.ensembleintercontemporain.com\/content\/uploads\/2019\/02\/scan004.jpg 1920w, https:\/\/www.ensembleintercontemporain.com\/content\/uploads\/2019\/02\/scan004-300x217.jpg 300w, https:\/\/www.ensembleintercontemporain.com\/content\/uploads\/2019\/02\/scan004-768x556.jpg 768w, https:\/\/www.ensembleintercontemporain.com\/content\/uploads\/2019\/02\/scan004-1024x741.jpg 1024w\" sizes=\"auto, (max-width: 1920px) 100vw, 1920px\" \/><\/p>\n<p><span style=\"font-size: 14pt;\"><strong>Comment avez-vous envisag\u00e9 cette commande de l\u2019EIC, sp\u00e9cifiquement pour six de ses solistes ?<\/strong><\/span><\/p>\n<p><span style=\"font-size: 14pt;\">On pourrait dire que <em>Milan Noir <\/em>est un sextuor pens\u00e9 comme une pi\u00e8ce soliste, en ce que tous les instruments participent en chaque instant d\u2019une m\u00eame attitude, d\u00e9fendent un seul comportement ou partagent la m\u00eame trajectoire. La polyphonie est toujours tr\u00e8s soutenue, les mesures \u00e0 moins de six instruments \u00e9tant assez rares, et la pi\u00e8ce tend \u00e0 une globalit\u00e9 de l\u2019effet par l\u2019interm\u00e9diaire des expressions individuelles. Or, l\u2019une des sp\u00e9cificit\u00e9s des solistes de l\u2019EIC se trouve certainement dans cette virtuosit\u00e9 qui demeure toujours habit\u00e9e d\u2019une profonde conscience collective. Cela peut d\u2019ailleurs se v\u00e9rifier \u00e0 la qualit\u00e9, toute d\u2019intuition et de complicit\u00e9, de leur communication non-verbale en r\u00e9p\u00e9tition\u00a0!<\/span><\/p>\n<p>&nbsp;<\/p>\n<p class=\"has-small-font-size\">Photo Florent Caron Darras \u00a9 Franck Ferville<\/p>\n","protected":false},"excerpt":{"rendered":"<p>Le 16 f\u00e9vrier prochain, l\u2019EIC cr\u00e9era Milan Noir, de Florent Caron Darras dans le cadre du festival Pr\u00e9sences de Radio France. Rencontre avec un jeune compositeur ouvert aux influences musicales extra-europ\u00e9ennes. Et le fait d\u2019\u00eatre n\u00e9 au Japon n\u2019y est certainement pas \u00e9tranger\u2026<\/p>\n","protected":false},"author":120,"featured_media":15751,"comment_status":"closed","ping_status":"closed","sticky":false,"template":"","format":"standard","meta":{"_acf_changed":false,"footnotes":""},"categories":[4],"tags":[61,980],"class_list":["post-15728","post","type-post","status-publish","format-standard","has-post-thumbnail","hentry","category-entretiens","tag-creation-musicale","tag-florent-caron-darras","concert-no-more-masterpieces"],"acf":[],"yoast_head":"<!-- This site is optimized with the Yoast SEO plugin v27.4 - https:\/\/yoast.com\/product\/yoast-seo-wordpress\/ -->\n<title>Symboles et musique. Entretien avec Florent Caron Darras, compositeur. - Ensemble intercontemporain<\/title>\n<meta name=\"robots\" content=\"index, follow, max-snippet:-1, max-image-preview:large, max-video-preview:-1\" \/>\n<link rel=\"canonical\" href=\"https:\/\/www.ensembleintercontemporain.com\/fr\/2019\/02\/symboles-et-musique-entretien-avec-florent-caron-darras-compositeur\/\" \/>\n<meta property=\"og:locale\" content=\"fr_FR\" \/>\n<meta property=\"og:type\" content=\"article\" \/>\n<meta property=\"og:title\" content=\"Symboles et musique. Entretien avec Florent Caron Darras, compositeur. - Ensemble intercontemporain\" \/>\n<meta property=\"og:description\" content=\"Le 16 f\u00e9vrier prochain, l\u2019EIC cr\u00e9era Milan Noir, de Florent Caron Darras dans le cadre du festival Pr\u00e9sences de Radio France. Rencontre avec un jeune compositeur ouvert aux influences musicales extra-europ\u00e9ennes. Et le fait d\u2019\u00eatre n\u00e9 au Japon n\u2019y est certainement pas \u00e9tranger\u2026\" \/>\n<meta property=\"og:url\" content=\"https:\/\/www.ensembleintercontemporain.com\/fr\/2019\/02\/symboles-et-musique-entretien-avec-florent-caron-darras-compositeur\/\" \/>\n<meta property=\"og:site_name\" content=\"Ensemble intercontemporain\" \/>\n<meta property=\"article:published_time\" content=\"2019-02-04T13:30:04+00:00\" \/>\n<meta property=\"article:modified_time\" content=\"2019-02-14T13:39:15+00:00\" \/>\n<meta property=\"og:image\" content=\"https:\/\/www.ensembleintercontemporain.com\/content\/uploads\/2019\/02\/img3383.jpg\" \/>\n\t<meta property=\"og:image:width\" content=\"1920\" \/>\n\t<meta property=\"og:image:height\" content=\"1280\" \/>\n\t<meta property=\"og:image:type\" content=\"image\/jpeg\" \/>\n<meta name=\"author\" content=\"Laurent Fassol\" \/>\n<meta name=\"twitter:card\" content=\"summary_large_image\" \/>\n<meta name=\"twitter:label1\" content=\"\u00c9crit par\" \/>\n\t<meta name=\"twitter:data1\" content=\"Laurent Fassol\" \/>\n\t<meta name=\"twitter:label2\" content=\"Dur\u00e9e de lecture estim\u00e9e\" \/>\n\t<meta name=\"twitter:data2\" content=\"6 minutes\" \/>\n<script type=\"application\/ld+json\" class=\"yoast-schema-graph\">{\"@context\":\"https:\\\/\\\/schema.org\",\"@graph\":[{\"@type\":\"Article\",\"@id\":\"https:\\\/\\\/www.ensembleintercontemporain.com\\\/fr\\\/2019\\\/02\\\/symboles-et-musique-entretien-avec-florent-caron-darras-compositeur\\\/#article\",\"isPartOf\":{\"@id\":\"https:\\\/\\\/www.ensembleintercontemporain.com\\\/fr\\\/2019\\\/02\\\/symboles-et-musique-entretien-avec-florent-caron-darras-compositeur\\\/\"},\"author\":{\"name\":\"Laurent Fassol\",\"@id\":\"https:\\\/\\\/www.ensembleintercontemporain.com\\\/en\\\/#\\\/schema\\\/person\\\/db3f9898e545976582d97604bd8579a5\"},\"headline\":\"Symboles et musique. Entretien avec Florent Caron Darras, compositeur.\",\"datePublished\":\"2019-02-04T13:30:04+00:00\",\"dateModified\":\"2019-02-14T13:39:15+00:00\",\"mainEntityOfPage\":{\"@id\":\"https:\\\/\\\/www.ensembleintercontemporain.com\\\/fr\\\/2019\\\/02\\\/symboles-et-musique-entretien-avec-florent-caron-darras-compositeur\\\/\"},\"wordCount\":1156,\"image\":{\"@id\":\"https:\\\/\\\/www.ensembleintercontemporain.com\\\/fr\\\/2019\\\/02\\\/symboles-et-musique-entretien-avec-florent-caron-darras-compositeur\\\/#primaryimage\"},\"thumbnailUrl\":\"https:\\\/\\\/www.ensembleintercontemporain.com\\\/content\\\/uploads\\\/2019\\\/02\\\/img3383.jpg\",\"keywords\":[\"cr\u00e9ation musicale\",\"Florent Caron Darras\"],\"articleSection\":[\"Entretien\"],\"inLanguage\":\"fr-FR\"},{\"@type\":\"WebPage\",\"@id\":\"https:\\\/\\\/www.ensembleintercontemporain.com\\\/fr\\\/2019\\\/02\\\/symboles-et-musique-entretien-avec-florent-caron-darras-compositeur\\\/\",\"url\":\"https:\\\/\\\/www.ensembleintercontemporain.com\\\/fr\\\/2019\\\/02\\\/symboles-et-musique-entretien-avec-florent-caron-darras-compositeur\\\/\",\"name\":\"Symboles et musique. Entretien avec Florent Caron Darras, compositeur. - Ensemble intercontemporain\",\"isPartOf\":{\"@id\":\"https:\\\/\\\/www.ensembleintercontemporain.com\\\/en\\\/#website\"},\"primaryImageOfPage\":{\"@id\":\"https:\\\/\\\/www.ensembleintercontemporain.com\\\/fr\\\/2019\\\/02\\\/symboles-et-musique-entretien-avec-florent-caron-darras-compositeur\\\/#primaryimage\"},\"image\":{\"@id\":\"https:\\\/\\\/www.ensembleintercontemporain.com\\\/fr\\\/2019\\\/02\\\/symboles-et-musique-entretien-avec-florent-caron-darras-compositeur\\\/#primaryimage\"},\"thumbnailUrl\":\"https:\\\/\\\/www.ensembleintercontemporain.com\\\/content\\\/uploads\\\/2019\\\/02\\\/img3383.jpg\",\"datePublished\":\"2019-02-04T13:30:04+00:00\",\"dateModified\":\"2019-02-14T13:39:15+00:00\",\"author\":{\"@id\":\"https:\\\/\\\/www.ensembleintercontemporain.com\\\/en\\\/#\\\/schema\\\/person\\\/db3f9898e545976582d97604bd8579a5\"},\"breadcrumb\":{\"@id\":\"https:\\\/\\\/www.ensembleintercontemporain.com\\\/fr\\\/2019\\\/02\\\/symboles-et-musique-entretien-avec-florent-caron-darras-compositeur\\\/#breadcrumb\"},\"inLanguage\":\"fr-FR\",\"potentialAction\":[{\"@type\":\"ReadAction\",\"target\":[\"https:\\\/\\\/www.ensembleintercontemporain.com\\\/fr\\\/2019\\\/02\\\/symboles-et-musique-entretien-avec-florent-caron-darras-compositeur\\\/\"]}]},{\"@type\":\"ImageObject\",\"inLanguage\":\"fr-FR\",\"@id\":\"https:\\\/\\\/www.ensembleintercontemporain.com\\\/fr\\\/2019\\\/02\\\/symboles-et-musique-entretien-avec-florent-caron-darras-compositeur\\\/#primaryimage\",\"url\":\"https:\\\/\\\/www.ensembleintercontemporain.com\\\/content\\\/uploads\\\/2019\\\/02\\\/img3383.jpg\",\"contentUrl\":\"https:\\\/\\\/www.ensembleintercontemporain.com\\\/content\\\/uploads\\\/2019\\\/02\\\/img3383.jpg\",\"width\":1920,\"height\":1280},{\"@type\":\"BreadcrumbList\",\"@id\":\"https:\\\/\\\/www.ensembleintercontemporain.com\\\/fr\\\/2019\\\/02\\\/symboles-et-musique-entretien-avec-florent-caron-darras-compositeur\\\/#breadcrumb\",\"itemListElement\":[{\"@type\":\"ListItem\",\"position\":1,\"name\":\"Home\",\"item\":\"https:\\\/\\\/www.ensembleintercontemporain.com\\\/fr\\\/\"},{\"@type\":\"ListItem\",\"position\":2,\"name\":\"Symboles et musique. Entretien avec Florent Caron Darras, compositeur.\"}]},{\"@type\":\"WebSite\",\"@id\":\"https:\\\/\\\/www.ensembleintercontemporain.com\\\/en\\\/#website\",\"url\":\"https:\\\/\\\/www.ensembleintercontemporain.com\\\/en\\\/\",\"name\":\"Ensemble intercontemporain\",\"description\":\"\",\"potentialAction\":[{\"@type\":\"SearchAction\",\"target\":{\"@type\":\"EntryPoint\",\"urlTemplate\":\"https:\\\/\\\/www.ensembleintercontemporain.com\\\/en\\\/?s={search_term_string}\"},\"query-input\":{\"@type\":\"PropertyValueSpecification\",\"valueRequired\":true,\"valueName\":\"search_term_string\"}}],\"inLanguage\":\"fr-FR\"},{\"@type\":\"Person\",\"@id\":\"https:\\\/\\\/www.ensembleintercontemporain.com\\\/en\\\/#\\\/schema\\\/person\\\/db3f9898e545976582d97604bd8579a5\",\"name\":\"Laurent Fassol\",\"image\":{\"@type\":\"ImageObject\",\"inLanguage\":\"fr-FR\",\"@id\":\"https:\\\/\\\/secure.gravatar.com\\\/avatar\\\/4af19ecb3044b1c7dd2d07404b9f6d97ab3520605a8fd4bce9d3902a69d066a6?s=96&d=mm&r=g\",\"url\":\"https:\\\/\\\/secure.gravatar.com\\\/avatar\\\/4af19ecb3044b1c7dd2d07404b9f6d97ab3520605a8fd4bce9d3902a69d066a6?s=96&d=mm&r=g\",\"contentUrl\":\"https:\\\/\\\/secure.gravatar.com\\\/avatar\\\/4af19ecb3044b1c7dd2d07404b9f6d97ab3520605a8fd4bce9d3902a69d066a6?s=96&d=mm&r=g\",\"caption\":\"Laurent Fassol\"},\"url\":\"https:\\\/\\\/www.ensembleintercontemporain.com\\\/fr\\\/author\\\/l-fassol\\\/\"}]}<\/script>\n<!-- \/ Yoast SEO plugin. -->","yoast_head_json":{"title":"Symboles et musique. Entretien avec Florent Caron Darras, compositeur. - Ensemble intercontemporain","robots":{"index":"index","follow":"follow","max-snippet":"max-snippet:-1","max-image-preview":"max-image-preview:large","max-video-preview":"max-video-preview:-1"},"canonical":"https:\/\/www.ensembleintercontemporain.com\/fr\/2019\/02\/symboles-et-musique-entretien-avec-florent-caron-darras-compositeur\/","og_locale":"fr_FR","og_type":"article","og_title":"Symboles et musique. Entretien avec Florent Caron Darras, compositeur. - Ensemble intercontemporain","og_description":"Le 16 f\u00e9vrier prochain, l\u2019EIC cr\u00e9era Milan Noir, de Florent Caron Darras dans le cadre du festival Pr\u00e9sences de Radio France. Rencontre avec un jeune compositeur ouvert aux influences musicales extra-europ\u00e9ennes. Et le fait d\u2019\u00eatre n\u00e9 au Japon n\u2019y est certainement pas \u00e9tranger\u2026","og_url":"https:\/\/www.ensembleintercontemporain.com\/fr\/2019\/02\/symboles-et-musique-entretien-avec-florent-caron-darras-compositeur\/","og_site_name":"Ensemble intercontemporain","article_published_time":"2019-02-04T13:30:04+00:00","article_modified_time":"2019-02-14T13:39:15+00:00","og_image":[{"width":1920,"height":1280,"url":"https:\/\/www.ensembleintercontemporain.com\/content\/uploads\/2019\/02\/img3383.jpg","type":"image\/jpeg"}],"author":"Laurent Fassol","twitter_card":"summary_large_image","twitter_misc":{"\u00c9crit par":"Laurent Fassol","Dur\u00e9e de lecture estim\u00e9e":"6 minutes"},"schema":{"@context":"https:\/\/schema.org","@graph":[{"@type":"Article","@id":"https:\/\/www.ensembleintercontemporain.com\/fr\/2019\/02\/symboles-et-musique-entretien-avec-florent-caron-darras-compositeur\/#article","isPartOf":{"@id":"https:\/\/www.ensembleintercontemporain.com\/fr\/2019\/02\/symboles-et-musique-entretien-avec-florent-caron-darras-compositeur\/"},"author":{"name":"Laurent Fassol","@id":"https:\/\/www.ensembleintercontemporain.com\/en\/#\/schema\/person\/db3f9898e545976582d97604bd8579a5"},"headline":"Symboles et musique. Entretien avec Florent Caron Darras, compositeur.","datePublished":"2019-02-04T13:30:04+00:00","dateModified":"2019-02-14T13:39:15+00:00","mainEntityOfPage":{"@id":"https:\/\/www.ensembleintercontemporain.com\/fr\/2019\/02\/symboles-et-musique-entretien-avec-florent-caron-darras-compositeur\/"},"wordCount":1156,"image":{"@id":"https:\/\/www.ensembleintercontemporain.com\/fr\/2019\/02\/symboles-et-musique-entretien-avec-florent-caron-darras-compositeur\/#primaryimage"},"thumbnailUrl":"https:\/\/www.ensembleintercontemporain.com\/content\/uploads\/2019\/02\/img3383.jpg","keywords":["cr\u00e9ation musicale","Florent Caron Darras"],"articleSection":["Entretien"],"inLanguage":"fr-FR"},{"@type":"WebPage","@id":"https:\/\/www.ensembleintercontemporain.com\/fr\/2019\/02\/symboles-et-musique-entretien-avec-florent-caron-darras-compositeur\/","url":"https:\/\/www.ensembleintercontemporain.com\/fr\/2019\/02\/symboles-et-musique-entretien-avec-florent-caron-darras-compositeur\/","name":"Symboles et musique. Entretien avec Florent Caron Darras, compositeur. - Ensemble intercontemporain","isPartOf":{"@id":"https:\/\/www.ensembleintercontemporain.com\/en\/#website"},"primaryImageOfPage":{"@id":"https:\/\/www.ensembleintercontemporain.com\/fr\/2019\/02\/symboles-et-musique-entretien-avec-florent-caron-darras-compositeur\/#primaryimage"},"image":{"@id":"https:\/\/www.ensembleintercontemporain.com\/fr\/2019\/02\/symboles-et-musique-entretien-avec-florent-caron-darras-compositeur\/#primaryimage"},"thumbnailUrl":"https:\/\/www.ensembleintercontemporain.com\/content\/uploads\/2019\/02\/img3383.jpg","datePublished":"2019-02-04T13:30:04+00:00","dateModified":"2019-02-14T13:39:15+00:00","author":{"@id":"https:\/\/www.ensembleintercontemporain.com\/en\/#\/schema\/person\/db3f9898e545976582d97604bd8579a5"},"breadcrumb":{"@id":"https:\/\/www.ensembleintercontemporain.com\/fr\/2019\/02\/symboles-et-musique-entretien-avec-florent-caron-darras-compositeur\/#breadcrumb"},"inLanguage":"fr-FR","potentialAction":[{"@type":"ReadAction","target":["https:\/\/www.ensembleintercontemporain.com\/fr\/2019\/02\/symboles-et-musique-entretien-avec-florent-caron-darras-compositeur\/"]}]},{"@type":"ImageObject","inLanguage":"fr-FR","@id":"https:\/\/www.ensembleintercontemporain.com\/fr\/2019\/02\/symboles-et-musique-entretien-avec-florent-caron-darras-compositeur\/#primaryimage","url":"https:\/\/www.ensembleintercontemporain.com\/content\/uploads\/2019\/02\/img3383.jpg","contentUrl":"https:\/\/www.ensembleintercontemporain.com\/content\/uploads\/2019\/02\/img3383.jpg","width":1920,"height":1280},{"@type":"BreadcrumbList","@id":"https:\/\/www.ensembleintercontemporain.com\/fr\/2019\/02\/symboles-et-musique-entretien-avec-florent-caron-darras-compositeur\/#breadcrumb","itemListElement":[{"@type":"ListItem","position":1,"name":"Home","item":"https:\/\/www.ensembleintercontemporain.com\/fr\/"},{"@type":"ListItem","position":2,"name":"Symboles et musique. Entretien avec Florent Caron Darras, compositeur."}]},{"@type":"WebSite","@id":"https:\/\/www.ensembleintercontemporain.com\/en\/#website","url":"https:\/\/www.ensembleintercontemporain.com\/en\/","name":"Ensemble intercontemporain","description":"","potentialAction":[{"@type":"SearchAction","target":{"@type":"EntryPoint","urlTemplate":"https:\/\/www.ensembleintercontemporain.com\/en\/?s={search_term_string}"},"query-input":{"@type":"PropertyValueSpecification","valueRequired":true,"valueName":"search_term_string"}}],"inLanguage":"fr-FR"},{"@type":"Person","@id":"https:\/\/www.ensembleintercontemporain.com\/en\/#\/schema\/person\/db3f9898e545976582d97604bd8579a5","name":"Laurent Fassol","image":{"@type":"ImageObject","inLanguage":"fr-FR","@id":"https:\/\/secure.gravatar.com\/avatar\/4af19ecb3044b1c7dd2d07404b9f6d97ab3520605a8fd4bce9d3902a69d066a6?s=96&d=mm&r=g","url":"https:\/\/secure.gravatar.com\/avatar\/4af19ecb3044b1c7dd2d07404b9f6d97ab3520605a8fd4bce9d3902a69d066a6?s=96&d=mm&r=g","contentUrl":"https:\/\/secure.gravatar.com\/avatar\/4af19ecb3044b1c7dd2d07404b9f6d97ab3520605a8fd4bce9d3902a69d066a6?s=96&d=mm&r=g","caption":"Laurent Fassol"},"url":"https:\/\/www.ensembleintercontemporain.com\/fr\/author\/l-fassol\/"}]}},"_links":{"self":[{"href":"https:\/\/www.ensembleintercontemporain.com\/fr\/wp-json\/wp\/v2\/posts\/15728\/"}],"collection":[{"href":"https:\/\/www.ensembleintercontemporain.com\/fr\/wp-json\/wp\/v2\/posts\/"}],"about":[{"href":"https:\/\/www.ensembleintercontemporain.com\/fr\/wp-json\/wp\/v2\/types\/post\/"}],"author":[{"embeddable":true,"href":"https:\/\/www.ensembleintercontemporain.com\/fr\/wp-json\/wp\/v2\/users\/120\/"}],"replies":[{"embeddable":true,"href":"https:\/\/www.ensembleintercontemporain.com\/fr\/wp-json\/wp\/v2\/comments\/?post=15728"}],"version-history":[{"count":5,"href":"https:\/\/www.ensembleintercontemporain.com\/fr\/wp-json\/wp\/v2\/posts\/15728\/revisions\/"}],"predecessor-version":[{"id":15860,"href":"https:\/\/www.ensembleintercontemporain.com\/fr\/wp-json\/wp\/v2\/posts\/15728\/revisions\/15860\/"}],"wp:featuredmedia":[{"embeddable":true,"href":"https:\/\/www.ensembleintercontemporain.com\/fr\/wp-json\/wp\/v2\/media\/15751\/"}],"wp:attachment":[{"href":"https:\/\/www.ensembleintercontemporain.com\/fr\/wp-json\/wp\/v2\/media\/?parent=15728"}],"wp:term":[{"taxonomy":"category","embeddable":true,"href":"https:\/\/www.ensembleintercontemporain.com\/fr\/wp-json\/wp\/v2\/categories\/?post=15728"},{"taxonomy":"post_tag","embeddable":true,"href":"https:\/\/www.ensembleintercontemporain.com\/fr\/wp-json\/wp\/v2\/tags\/?post=15728"}],"curies":[{"name":"wp","href":"https:\/\/api.w.org\/{rel}","templated":true}]}}