{"id":11551,"date":"2018-10-05T15:04:17","date_gmt":"2018-10-05T13:04:17","guid":{"rendered":"http:\/\/www.accentsonline.fr\/?p=11551"},"modified":"2020-03-04T11:32:56","modified_gmt":"2020-03-04T10:32:56","slug":"des-cloches-et-des-clangs-entretien-avec-clara-iannotta","status":"publish","type":"post","link":"https:\/\/www.ensembleintercontemporain.com\/fr\/2018\/10\/des-cloches-et-des-clangs-entretien-avec-clara-iannotta\/","title":{"rendered":"Des cloches et des Clangs. Entretien avec Clara Iannotta, compositrice."},"content":{"rendered":"<p><img loading=\"lazy\" decoding=\"async\" class=\"aligncenter size-full wp-image-17215\" src=\"http:\/\/www.ensembleintercontemporain.com\/content\/uploads\/2018\/10\/clara-iannotta-10-17-027.jpg\" alt=\"\" width=\"1920\" height=\"1278\" srcset=\"https:\/\/www.ensembleintercontemporain.com\/content\/uploads\/2018\/10\/clara-iannotta-10-17-027.jpg 1920w, https:\/\/www.ensembleintercontemporain.com\/content\/uploads\/2018\/10\/clara-iannotta-10-17-027-300x200.jpg 300w, https:\/\/www.ensembleintercontemporain.com\/content\/uploads\/2018\/10\/clara-iannotta-10-17-027-768x511.jpg 768w, https:\/\/www.ensembleintercontemporain.com\/content\/uploads\/2018\/10\/clara-iannotta-10-17-027-1024x682.jpg 1024w\" sizes=\"auto, (max-width: 1920px) 100vw, 1920px\" \/><\/p>\n<p><span style=\"color: #003366;\"><strong>Le 26 octobre prochain,\u00a0l\u2019EIC interpr\u00e8tera <em>Clangs<\/em>\u00a0pour violoncelle et orchestre de la compositrice italienne Clara Iannotta. Rencontre avec une cr\u00e9atrice qui n\u2019aime rien tant que de varier ses formes d\u2019expression.<\/strong><\/span><\/p>\n<p>&nbsp;<\/p>\n<p><strong><span style=\"font-size: 12pt;\">Clara, au m\u00eame programme que <em>Clangs<\/em>, on pourra entendre <em>Concertini<\/em>\u00a0du compositeur allemand Helmut Lachenmann. Comment vous situez-vous par rapport \u00e0 son h\u00e9ritage esth\u00e9tique ?<\/span><\/strong><\/p>\n<p><span style=\"font-size: 14pt;\">La premi\u00e8re fois que j\u2019ai \u00e9t\u00e9 jou\u00e9e par l\u2019Ensemble intercontemporain, c\u2019\u00e9tait dans le cadre du Festival d\u2019Automne en octobre 2014, lors de la cr\u00e9ation de ma pi\u00e8ce <a href=\"http:\/\/www.accentsonline.fr\/2014\/09\/30\/regarder-la-musique-entretien-avec-clara-ianotta-compositrice\/\">Intent on Resurrection \u2014 Spring or Some Such Thing<\/a>. Et ma musique partageait d\u00e9j\u00e0 l\u2019affiche avec <em>Concertini<\/em>\u00a0de Helmut Lachenmann\u00a0! Le festival consacrait cette ann\u00e9e-l\u00e0 une grande partie de sa programmation \u00e0 Luigi Nono, et Lachenmann m\u2019a racont\u00e9 qu\u2019il avait re\u00e7u un certain nombre de cartes postales de Nono, dans lesquelles celui-ci lui confiait qu\u2019il \u00e9tait en crise, et qu\u2019il n\u2019arrivait plus \u00e0 \u00e9crire. Je me rappelle lui avoir dit\u00a0: <em>\u00ab\u00a0C\u2019est bien, je pense que tous les artistes devraient avoir une crise, au moins une fois dans leur vie.\u00a0\u00bb<\/em> Et Lachenmann m\u2019a r\u00e9pondu\u00a0: <em>\u00ab\u00a0Tout d\u00e9pend de ce qui vient apr\u00e8s.\u00a0\u00bb<\/em> Bizarrement, apr\u00e8s ce concert, j\u2019ai pass\u00e9 11 mois sans parvenir \u00e0 \u00e9crire la moindre note de musique\u00a0! Et les mots de Lachenmann m\u2019ont accompagn\u00e9e pendant toute cette p\u00e9riode. Je ne cessais de m\u2019interroger\u00a0: <em>\u00ab\u00a0Quelle pi\u00e8ce viendra apr\u00e8s ?\u00a0\u00bb<\/em> voire <em>\u00ab\u00a0Y aura-t-il un apr\u00e8s\u00a0?\u00a0\u00bb<\/em> Cette crise a \u00e9t\u00e9 fondamentale dans mon parcours. D\u2019une certaine fa\u00e7on, savoir que Nono \u00e9tait lui aussi pass\u00e9 par des moments si difficiles m\u2019a donn\u00e9 du courage.<\/span><\/p>\n<p><img loading=\"lazy\" decoding=\"async\" class=\"alignnone\" src=\"http:\/\/www.accentsonline.fr\/wp-content\/uploads\/2018\/10\/clara-iannotta-2.jpg\" alt=\"\" width=\"492\" height=\"668\" \/><\/p>\n<p><span style=\"font-size: 14pt;\">Nous voil\u00e0 donc quatre ans plus tard, ma musique partage \u00e0 nouveau l\u2019affiche avec <em>Concertini<\/em> et j\u2019en suis honor\u00e9e. La musique et les \u00e9crits de Lachenmann ont consid\u00e9rablement influenc\u00e9 mon travail. Cela \u00e9tant dit, j\u2019ai parfois l\u2019impression que lorsque l\u2019on me demande si je suis influenc\u00e9e par Lachenmann, c\u2019est uniquement en raison des bruits que j\u2019utilise. Je trouve cela fort dommage\u00a0: cela revient \u00e0 r\u00e9duire son \u0153uvre \u00e0 celle d\u2019un cr\u00e9ateur de bruits. Ce qui me fascine chez Lachenmann, c\u2019est son ironie, son courage, sa profonde recherche\u00a0; cela va bien au-del\u00e0 des simples techniques instrumentales auxquelles j\u2019ai recours dans ma musique. L\u2019\u0153uvre d\u2019Helmut Lachenmann, tout comme celles de Luigi Nono, Mark Andr\u00e9, Rebecca Saunders ou \u00c9liane Radigue, pour ne citer qu\u2019eux, ont fa\u00e7onn\u00e9 la compositrice que je suis aujourd\u2019hui.<\/span><\/p>\n<p><strong><span style=\"font-size: 12pt;\">Quelle est l&rsquo;origine de Clangs ?\u2028<\/span><\/strong><\/p>\n<p><span style=\"font-size: 14pt;\">En automne 2011, j\u2019\u00e9tais \u00e0 Freiburg (en Allemagne) pour un concert. Alors que je me promenais au march\u00e9 de la place de la cath\u00e9drale, les cloches se sont mises \u00e0 sonner. Ce fut une exp\u00e9rience incroyable \u2014 le rythme, le son tr\u00e8s clair, et puis l\u2019harmonie suspendue dans l\u2019air qui peu \u00e0 peu se m\u00e9lange \u00e0 la rumeur du march\u00e9. J\u2019ai bien s\u00fbr eu tr\u00e8s souvent l\u2019occasion d\u2019entendre des cloches dans ma vie \u2014 je viens quand m\u00eame de Rome, et on a des \u00e9glises partout \u2014, mais l\u00e0, c\u2019\u00e9tait diff\u00e9rent. J\u2019ai \u00e9t\u00e9 si impressionn\u00e9e que j\u2019ai commenc\u00e9 \u00e0 chercher comment traduire en musique cette exp\u00e9rience personnelle d\u2019\u00e9coute\u00a0: ainsi est n\u00e9 <em>Clangs<\/em>.<\/span><\/p>\n<p><img loading=\"lazy\" decoding=\"async\" class=\"alignnone\" src=\"http:\/\/www.accentsonline.fr\/wp-content\/uploads\/2018\/10\/Clangs.jpg\" alt=\"\" width=\"492\" height=\"334\" \/><\/p>\n<p>&nbsp;<\/p>\n<p><strong><span style=\"font-size: 12pt;\">Comment avez-vous abord\u00e9 la forme concertante ? \u2028<\/span><\/strong><\/p>\n<p><span style=\"font-size: 14pt;\">Cette pi\u00e8ce a \u00e9t\u00e9 \u00e9crite en plusieurs \u00e9tapes\u00a0: d\u2019abord pour violoncelle et \u00e9lectronique, ensuite pour violoncelle et ensemble. Quelqu\u2019un qui s\u2019attendrait \u00e0 un concerto au sens classique du terme serait certainement d\u00e9\u00e7u. Le violoncelle ne joue pas plus que les autres instruments et nulle hi\u00e9rarchie ne r\u00e9gente le cours de la pi\u00e8ce. Toutefois, tous les sons de l\u2019ensemble ont \u00e9t\u00e9 con\u00e7us \u00e0 partir du violoncelle\u00a0: l\u2019instrument est ici la matrice de chaque son entendu.<\/span><\/p>\n<p><strong><span style=\"font-size: 12pt;\">S\u00e9verine Ballon qui a cr\u00e9\u00e9 l\u2019\u0153uvre, est une violoncelliste qui ne laisse g\u00e9n\u00e9ralement pas les compositeurs indiff\u00e9rents. Comment avez-vous travaill\u00e9 avec elle ?<\/span><\/strong><\/p>\n<p><span style=\"font-size: 14pt;\">J\u2019ai travaill\u00e9 avec elle pendant presque deux ans, et elle a sans aucun doute influenc\u00e9 la fa\u00e7on dont je pense les instruments \u00e0 cordes. Son approche de l\u2019instrument est quasi \u00ab\u00a0\u00e9lectronique\u00a0\u00bb, au sens o\u00f9 il n\u2019y pas de limite \u00e0 la production sonore. Je peux lui demander n\u2019importe quel son, elle trouvera une mani\u00e8re de le faire. En somme, la seule limite que j\u2019avais en travaillant avec elle, c\u2019\u00e9tait mon imagination, et la sienne. Nombre de techniques qu\u2019elle m\u2019a montr\u00e9es font aujourd\u2019hui partie de mon vocabulaire courant.\u00a0 Il y a en particulier un son que je n\u2019avais jamais entendu avant, et que j\u2019appelle depuis \u00ab\u00a0effet radio-sev\u00a0\u00bb (effet Radio-S\u00e9verine). Des musiciens comme elle sont tr\u00e8s rares, et je la remercie de sa g\u00e9n\u00e9rosit\u00e9 et de sa confiance, qui m\u2019ont permis d\u2019\u00e9crire cette pi\u00e8ce. Finalement, <em>Clangs a<\/em> \u00e9t\u00e9 compos\u00e9 pour S\u00e9verine, sur S\u00e9verine.<\/span><\/p>\n<p>&nbsp;<\/p>\n<p><iframe loading=\"lazy\" src=\"https:\/\/w.soundcloud.com\/player\/?url=https%3A\/\/api.soundcloud.com\/tracks\/67235241&amp;color=%23ff5500&amp;auto_play=false&amp;hide_related=false&amp;show_comments=true&amp;show_user=true&amp;show_reposts=false&amp;show_teaser=true&amp;visual=true\" width=\"100%\" height=\"300\" frameborder=\"no\" scrolling=\"no\"><\/iframe><\/p>\n","protected":false},"excerpt":{"rendered":"<p>Le 26 octobre prochain,\u00a0l\u2019EIC interpr\u00e8tera <em>Clangs<\/em>\u00a0pour violoncelle et orchestre de la compositrice italienne Clara Iannotta. Rencontre avec une cr\u00e9atrice qui n\u2019aime rien tant que de varier ses formes d\u2019expression.\u00a0 \u00a0<\/p>\n","protected":false},"author":130,"featured_media":17217,"comment_status":"closed","ping_status":"closed","sticky":false,"template":"","format":"standard","meta":{"_acf_changed":false,"footnotes":""},"categories":[4],"tags":[624,61,110,600],"class_list":["post-11551","post","type-post","status-publish","format-standard","has-post-thumbnail","hentry","category-entretiens","tag-clara-ianotta","tag-creation-musicale","tag-helmut-lachenmann","tag-philharmonie-de-paris","concert-repetition-publique","concert-rumorarium"],"acf":[],"yoast_head":"<!-- This site is optimized with the Yoast SEO plugin v27.4 - https:\/\/yoast.com\/product\/yoast-seo-wordpress\/ -->\n<title>Des cloches et des Clangs. Entretien avec Clara Iannotta, compositrice. - Ensemble intercontemporain<\/title>\n<meta name=\"robots\" content=\"index, follow, max-snippet:-1, max-image-preview:large, max-video-preview:-1\" \/>\n<link rel=\"canonical\" href=\"https:\/\/www.ensembleintercontemporain.com\/fr\/2018\/10\/des-cloches-et-des-clangs-entretien-avec-clara-iannotta\/\" \/>\n<meta property=\"og:locale\" content=\"fr_FR\" \/>\n<meta property=\"og:type\" content=\"article\" \/>\n<meta property=\"og:title\" content=\"Des cloches et des Clangs. Entretien avec Clara Iannotta, compositrice. - Ensemble intercontemporain\" \/>\n<meta property=\"og:description\" content=\"Le 26 octobre prochain,\u00a0l\u2019EIC interpr\u00e8tera Clangs\u00a0pour violoncelle et orchestre de la compositrice italienne Clara Iannotta. Rencontre avec une cr\u00e9atrice qui n\u2019aime rien tant que de varier ses formes d\u2019expression.\u00a0 \u00a0\" \/>\n<meta property=\"og:url\" content=\"https:\/\/www.ensembleintercontemporain.com\/fr\/2018\/10\/des-cloches-et-des-clangs-entretien-avec-clara-iannotta\/\" \/>\n<meta property=\"og:site_name\" content=\"Ensemble intercontemporain\" \/>\n<meta property=\"article:published_time\" content=\"2018-10-05T13:04:17+00:00\" \/>\n<meta property=\"article:modified_time\" content=\"2020-03-04T10:32:56+00:00\" \/>\n<meta property=\"og:image\" content=\"https:\/\/www.ensembleintercontemporain.com\/content\/uploads\/2018\/10\/clara-iannotta-10-17-027-1.jpg\" \/>\n\t<meta property=\"og:image:width\" content=\"1920\" \/>\n\t<meta property=\"og:image:height\" content=\"1278\" \/>\n\t<meta property=\"og:image:type\" content=\"image\/jpeg\" \/>\n<meta name=\"author\" content=\"Jean-Christophe Montrency\" \/>\n<meta name=\"twitter:card\" content=\"summary_large_image\" \/>\n<meta name=\"twitter:label1\" content=\"\u00c9crit par\" \/>\n\t<meta name=\"twitter:data1\" content=\"Jean-Christophe Montrency\" \/>\n\t<meta name=\"twitter:label2\" content=\"Dur\u00e9e de lecture estim\u00e9e\" \/>\n\t<meta name=\"twitter:data2\" content=\"4 minutes\" \/>\n<script type=\"application\/ld+json\" class=\"yoast-schema-graph\">{\"@context\":\"https:\\\/\\\/schema.org\",\"@graph\":[{\"@type\":\"Article\",\"@id\":\"https:\\\/\\\/www.ensembleintercontemporain.com\\\/fr\\\/2018\\\/10\\\/des-cloches-et-des-clangs-entretien-avec-clara-iannotta\\\/#article\",\"isPartOf\":{\"@id\":\"https:\\\/\\\/www.ensembleintercontemporain.com\\\/fr\\\/2018\\\/10\\\/des-cloches-et-des-clangs-entretien-avec-clara-iannotta\\\/\"},\"author\":{\"name\":\"Jean-Christophe Montrency\",\"@id\":\"https:\\\/\\\/www.ensembleintercontemporain.com\\\/en\\\/#\\\/schema\\\/person\\\/c13f33c61b5d6a7e72ecdfecf580f33f\"},\"headline\":\"Des cloches et des Clangs. Entretien avec Clara Iannotta, compositrice.\",\"datePublished\":\"2018-10-05T13:04:17+00:00\",\"dateModified\":\"2020-03-04T10:32:56+00:00\",\"mainEntityOfPage\":{\"@id\":\"https:\\\/\\\/www.ensembleintercontemporain.com\\\/fr\\\/2018\\\/10\\\/des-cloches-et-des-clangs-entretien-avec-clara-iannotta\\\/\"},\"wordCount\":850,\"image\":{\"@id\":\"https:\\\/\\\/www.ensembleintercontemporain.com\\\/fr\\\/2018\\\/10\\\/des-cloches-et-des-clangs-entretien-avec-clara-iannotta\\\/#primaryimage\"},\"thumbnailUrl\":\"https:\\\/\\\/www.ensembleintercontemporain.com\\\/content\\\/uploads\\\/2018\\\/10\\\/clara-iannotta-10-17-027-1.jpg\",\"keywords\":[\"Clara Ianotta\",\"cr\u00e9ation musicale\",\"helmut lachenmann\",\"Philharmonie de Paris\"],\"articleSection\":[\"Entretien\"],\"inLanguage\":\"fr-FR\"},{\"@type\":\"WebPage\",\"@id\":\"https:\\\/\\\/www.ensembleintercontemporain.com\\\/fr\\\/2018\\\/10\\\/des-cloches-et-des-clangs-entretien-avec-clara-iannotta\\\/\",\"url\":\"https:\\\/\\\/www.ensembleintercontemporain.com\\\/fr\\\/2018\\\/10\\\/des-cloches-et-des-clangs-entretien-avec-clara-iannotta\\\/\",\"name\":\"Des cloches et des Clangs. Entretien avec Clara Iannotta, compositrice. - Ensemble intercontemporain\",\"isPartOf\":{\"@id\":\"https:\\\/\\\/www.ensembleintercontemporain.com\\\/en\\\/#website\"},\"primaryImageOfPage\":{\"@id\":\"https:\\\/\\\/www.ensembleintercontemporain.com\\\/fr\\\/2018\\\/10\\\/des-cloches-et-des-clangs-entretien-avec-clara-iannotta\\\/#primaryimage\"},\"image\":{\"@id\":\"https:\\\/\\\/www.ensembleintercontemporain.com\\\/fr\\\/2018\\\/10\\\/des-cloches-et-des-clangs-entretien-avec-clara-iannotta\\\/#primaryimage\"},\"thumbnailUrl\":\"https:\\\/\\\/www.ensembleintercontemporain.com\\\/content\\\/uploads\\\/2018\\\/10\\\/clara-iannotta-10-17-027-1.jpg\",\"datePublished\":\"2018-10-05T13:04:17+00:00\",\"dateModified\":\"2020-03-04T10:32:56+00:00\",\"author\":{\"@id\":\"https:\\\/\\\/www.ensembleintercontemporain.com\\\/en\\\/#\\\/schema\\\/person\\\/c13f33c61b5d6a7e72ecdfecf580f33f\"},\"breadcrumb\":{\"@id\":\"https:\\\/\\\/www.ensembleintercontemporain.com\\\/fr\\\/2018\\\/10\\\/des-cloches-et-des-clangs-entretien-avec-clara-iannotta\\\/#breadcrumb\"},\"inLanguage\":\"fr-FR\",\"potentialAction\":[{\"@type\":\"ReadAction\",\"target\":[\"https:\\\/\\\/www.ensembleintercontemporain.com\\\/fr\\\/2018\\\/10\\\/des-cloches-et-des-clangs-entretien-avec-clara-iannotta\\\/\"]}]},{\"@type\":\"ImageObject\",\"inLanguage\":\"fr-FR\",\"@id\":\"https:\\\/\\\/www.ensembleintercontemporain.com\\\/fr\\\/2018\\\/10\\\/des-cloches-et-des-clangs-entretien-avec-clara-iannotta\\\/#primaryimage\",\"url\":\"https:\\\/\\\/www.ensembleintercontemporain.com\\\/content\\\/uploads\\\/2018\\\/10\\\/clara-iannotta-10-17-027-1.jpg\",\"contentUrl\":\"https:\\\/\\\/www.ensembleintercontemporain.com\\\/content\\\/uploads\\\/2018\\\/10\\\/clara-iannotta-10-17-027-1.jpg\",\"width\":1920,\"height\":1278},{\"@type\":\"BreadcrumbList\",\"@id\":\"https:\\\/\\\/www.ensembleintercontemporain.com\\\/fr\\\/2018\\\/10\\\/des-cloches-et-des-clangs-entretien-avec-clara-iannotta\\\/#breadcrumb\",\"itemListElement\":[{\"@type\":\"ListItem\",\"position\":1,\"name\":\"Home\",\"item\":\"https:\\\/\\\/www.ensembleintercontemporain.com\\\/fr\\\/\"},{\"@type\":\"ListItem\",\"position\":2,\"name\":\"Des cloches et des Clangs. Entretien avec Clara Iannotta, compositrice.\"}]},{\"@type\":\"WebSite\",\"@id\":\"https:\\\/\\\/www.ensembleintercontemporain.com\\\/en\\\/#website\",\"url\":\"https:\\\/\\\/www.ensembleintercontemporain.com\\\/en\\\/\",\"name\":\"Ensemble intercontemporain\",\"description\":\"\",\"potentialAction\":[{\"@type\":\"SearchAction\",\"target\":{\"@type\":\"EntryPoint\",\"urlTemplate\":\"https:\\\/\\\/www.ensembleintercontemporain.com\\\/en\\\/?s={search_term_string}\"},\"query-input\":{\"@type\":\"PropertyValueSpecification\",\"valueRequired\":true,\"valueName\":\"search_term_string\"}}],\"inLanguage\":\"fr-FR\"},{\"@type\":\"Person\",\"@id\":\"https:\\\/\\\/www.ensembleintercontemporain.com\\\/en\\\/#\\\/schema\\\/person\\\/c13f33c61b5d6a7e72ecdfecf580f33f\",\"name\":\"Jean-Christophe Montrency\",\"image\":{\"@type\":\"ImageObject\",\"inLanguage\":\"fr-FR\",\"@id\":\"https:\\\/\\\/secure.gravatar.com\\\/avatar\\\/eacb2435d9dce2cfc2dc1403ea2b0976ebb7d95bfd5731b7e0ac3812b7286c1f?s=96&d=mm&r=g\",\"url\":\"https:\\\/\\\/secure.gravatar.com\\\/avatar\\\/eacb2435d9dce2cfc2dc1403ea2b0976ebb7d95bfd5731b7e0ac3812b7286c1f?s=96&d=mm&r=g\",\"contentUrl\":\"https:\\\/\\\/secure.gravatar.com\\\/avatar\\\/eacb2435d9dce2cfc2dc1403ea2b0976ebb7d95bfd5731b7e0ac3812b7286c1f?s=96&d=mm&r=g\",\"caption\":\"Jean-Christophe Montrency\"},\"url\":\"https:\\\/\\\/www.ensembleintercontemporain.com\\\/fr\\\/author\\\/jean-christophe-montrency\\\/\"}]}<\/script>\n<!-- \/ Yoast SEO plugin. -->","yoast_head_json":{"title":"Des cloches et des Clangs. Entretien avec Clara Iannotta, compositrice. - Ensemble intercontemporain","robots":{"index":"index","follow":"follow","max-snippet":"max-snippet:-1","max-image-preview":"max-image-preview:large","max-video-preview":"max-video-preview:-1"},"canonical":"https:\/\/www.ensembleintercontemporain.com\/fr\/2018\/10\/des-cloches-et-des-clangs-entretien-avec-clara-iannotta\/","og_locale":"fr_FR","og_type":"article","og_title":"Des cloches et des Clangs. Entretien avec Clara Iannotta, compositrice. - Ensemble intercontemporain","og_description":"Le 26 octobre prochain,\u00a0l\u2019EIC interpr\u00e8tera Clangs\u00a0pour violoncelle et orchestre de la compositrice italienne Clara Iannotta. Rencontre avec une cr\u00e9atrice qui n\u2019aime rien tant que de varier ses formes d\u2019expression.\u00a0 \u00a0","og_url":"https:\/\/www.ensembleintercontemporain.com\/fr\/2018\/10\/des-cloches-et-des-clangs-entretien-avec-clara-iannotta\/","og_site_name":"Ensemble intercontemporain","article_published_time":"2018-10-05T13:04:17+00:00","article_modified_time":"2020-03-04T10:32:56+00:00","og_image":[{"width":1920,"height":1278,"url":"https:\/\/www.ensembleintercontemporain.com\/content\/uploads\/2018\/10\/clara-iannotta-10-17-027-1.jpg","type":"image\/jpeg"}],"author":"Jean-Christophe Montrency","twitter_card":"summary_large_image","twitter_misc":{"\u00c9crit par":"Jean-Christophe Montrency","Dur\u00e9e de lecture estim\u00e9e":"4 minutes"},"schema":{"@context":"https:\/\/schema.org","@graph":[{"@type":"Article","@id":"https:\/\/www.ensembleintercontemporain.com\/fr\/2018\/10\/des-cloches-et-des-clangs-entretien-avec-clara-iannotta\/#article","isPartOf":{"@id":"https:\/\/www.ensembleintercontemporain.com\/fr\/2018\/10\/des-cloches-et-des-clangs-entretien-avec-clara-iannotta\/"},"author":{"name":"Jean-Christophe Montrency","@id":"https:\/\/www.ensembleintercontemporain.com\/en\/#\/schema\/person\/c13f33c61b5d6a7e72ecdfecf580f33f"},"headline":"Des cloches et des Clangs. Entretien avec Clara Iannotta, compositrice.","datePublished":"2018-10-05T13:04:17+00:00","dateModified":"2020-03-04T10:32:56+00:00","mainEntityOfPage":{"@id":"https:\/\/www.ensembleintercontemporain.com\/fr\/2018\/10\/des-cloches-et-des-clangs-entretien-avec-clara-iannotta\/"},"wordCount":850,"image":{"@id":"https:\/\/www.ensembleintercontemporain.com\/fr\/2018\/10\/des-cloches-et-des-clangs-entretien-avec-clara-iannotta\/#primaryimage"},"thumbnailUrl":"https:\/\/www.ensembleintercontemporain.com\/content\/uploads\/2018\/10\/clara-iannotta-10-17-027-1.jpg","keywords":["Clara Ianotta","cr\u00e9ation musicale","helmut lachenmann","Philharmonie de Paris"],"articleSection":["Entretien"],"inLanguage":"fr-FR"},{"@type":"WebPage","@id":"https:\/\/www.ensembleintercontemporain.com\/fr\/2018\/10\/des-cloches-et-des-clangs-entretien-avec-clara-iannotta\/","url":"https:\/\/www.ensembleintercontemporain.com\/fr\/2018\/10\/des-cloches-et-des-clangs-entretien-avec-clara-iannotta\/","name":"Des cloches et des Clangs. Entretien avec Clara Iannotta, compositrice. - Ensemble intercontemporain","isPartOf":{"@id":"https:\/\/www.ensembleintercontemporain.com\/en\/#website"},"primaryImageOfPage":{"@id":"https:\/\/www.ensembleintercontemporain.com\/fr\/2018\/10\/des-cloches-et-des-clangs-entretien-avec-clara-iannotta\/#primaryimage"},"image":{"@id":"https:\/\/www.ensembleintercontemporain.com\/fr\/2018\/10\/des-cloches-et-des-clangs-entretien-avec-clara-iannotta\/#primaryimage"},"thumbnailUrl":"https:\/\/www.ensembleintercontemporain.com\/content\/uploads\/2018\/10\/clara-iannotta-10-17-027-1.jpg","datePublished":"2018-10-05T13:04:17+00:00","dateModified":"2020-03-04T10:32:56+00:00","author":{"@id":"https:\/\/www.ensembleintercontemporain.com\/en\/#\/schema\/person\/c13f33c61b5d6a7e72ecdfecf580f33f"},"breadcrumb":{"@id":"https:\/\/www.ensembleintercontemporain.com\/fr\/2018\/10\/des-cloches-et-des-clangs-entretien-avec-clara-iannotta\/#breadcrumb"},"inLanguage":"fr-FR","potentialAction":[{"@type":"ReadAction","target":["https:\/\/www.ensembleintercontemporain.com\/fr\/2018\/10\/des-cloches-et-des-clangs-entretien-avec-clara-iannotta\/"]}]},{"@type":"ImageObject","inLanguage":"fr-FR","@id":"https:\/\/www.ensembleintercontemporain.com\/fr\/2018\/10\/des-cloches-et-des-clangs-entretien-avec-clara-iannotta\/#primaryimage","url":"https:\/\/www.ensembleintercontemporain.com\/content\/uploads\/2018\/10\/clara-iannotta-10-17-027-1.jpg","contentUrl":"https:\/\/www.ensembleintercontemporain.com\/content\/uploads\/2018\/10\/clara-iannotta-10-17-027-1.jpg","width":1920,"height":1278},{"@type":"BreadcrumbList","@id":"https:\/\/www.ensembleintercontemporain.com\/fr\/2018\/10\/des-cloches-et-des-clangs-entretien-avec-clara-iannotta\/#breadcrumb","itemListElement":[{"@type":"ListItem","position":1,"name":"Home","item":"https:\/\/www.ensembleintercontemporain.com\/fr\/"},{"@type":"ListItem","position":2,"name":"Des cloches et des Clangs. Entretien avec Clara Iannotta, compositrice."}]},{"@type":"WebSite","@id":"https:\/\/www.ensembleintercontemporain.com\/en\/#website","url":"https:\/\/www.ensembleintercontemporain.com\/en\/","name":"Ensemble intercontemporain","description":"","potentialAction":[{"@type":"SearchAction","target":{"@type":"EntryPoint","urlTemplate":"https:\/\/www.ensembleintercontemporain.com\/en\/?s={search_term_string}"},"query-input":{"@type":"PropertyValueSpecification","valueRequired":true,"valueName":"search_term_string"}}],"inLanguage":"fr-FR"},{"@type":"Person","@id":"https:\/\/www.ensembleintercontemporain.com\/en\/#\/schema\/person\/c13f33c61b5d6a7e72ecdfecf580f33f","name":"Jean-Christophe Montrency","image":{"@type":"ImageObject","inLanguage":"fr-FR","@id":"https:\/\/secure.gravatar.com\/avatar\/eacb2435d9dce2cfc2dc1403ea2b0976ebb7d95bfd5731b7e0ac3812b7286c1f?s=96&d=mm&r=g","url":"https:\/\/secure.gravatar.com\/avatar\/eacb2435d9dce2cfc2dc1403ea2b0976ebb7d95bfd5731b7e0ac3812b7286c1f?s=96&d=mm&r=g","contentUrl":"https:\/\/secure.gravatar.com\/avatar\/eacb2435d9dce2cfc2dc1403ea2b0976ebb7d95bfd5731b7e0ac3812b7286c1f?s=96&d=mm&r=g","caption":"Jean-Christophe Montrency"},"url":"https:\/\/www.ensembleintercontemporain.com\/fr\/author\/jean-christophe-montrency\/"}]}},"_links":{"self":[{"href":"https:\/\/www.ensembleintercontemporain.com\/fr\/wp-json\/wp\/v2\/posts\/11551\/"}],"collection":[{"href":"https:\/\/www.ensembleintercontemporain.com\/fr\/wp-json\/wp\/v2\/posts\/"}],"about":[{"href":"https:\/\/www.ensembleintercontemporain.com\/fr\/wp-json\/wp\/v2\/types\/post\/"}],"author":[{"embeddable":true,"href":"https:\/\/www.ensembleintercontemporain.com\/fr\/wp-json\/wp\/v2\/users\/130\/"}],"replies":[{"embeddable":true,"href":"https:\/\/www.ensembleintercontemporain.com\/fr\/wp-json\/wp\/v2\/comments\/?post=11551"}],"version-history":[{"count":7,"href":"https:\/\/www.ensembleintercontemporain.com\/fr\/wp-json\/wp\/v2\/posts\/11551\/revisions\/"}],"predecessor-version":[{"id":18582,"href":"https:\/\/www.ensembleintercontemporain.com\/fr\/wp-json\/wp\/v2\/posts\/11551\/revisions\/18582\/"}],"wp:featuredmedia":[{"embeddable":true,"href":"https:\/\/www.ensembleintercontemporain.com\/fr\/wp-json\/wp\/v2\/media\/17217\/"}],"wp:attachment":[{"href":"https:\/\/www.ensembleintercontemporain.com\/fr\/wp-json\/wp\/v2\/media\/?parent=11551"}],"wp:term":[{"taxonomy":"category","embeddable":true,"href":"https:\/\/www.ensembleintercontemporain.com\/fr\/wp-json\/wp\/v2\/categories\/?post=11551"},{"taxonomy":"post_tag","embeddable":true,"href":"https:\/\/www.ensembleintercontemporain.com\/fr\/wp-json\/wp\/v2\/tags\/?post=11551"}],"curies":[{"name":"wp","href":"https:\/\/api.w.org\/{rel}","templated":true}]}}