{"id":11179,"date":"2018-04-03T11:38:45","date_gmt":"2018-04-03T09:38:45","guid":{"rendered":"http:\/\/www.ensembleinter.com\/accents-online\/?p=11179"},"modified":"2019-02-13T11:28:09","modified_gmt":"2019-02-13T10:28:09","slug":"la-percussion-comme-geste-et-parcours-entretien-avec-bruno-mantovani-compositeur","status":"publish","type":"post","link":"https:\/\/www.ensembleintercontemporain.com\/fr\/2018\/04\/la-percussion-comme-geste-et-parcours-entretien-avec-bruno-mantovani-compositeur\/","title":{"rendered":"La percussion comme geste et parcours. Entretien avec Bruno Mantovani, compositeur."},"content":{"rendered":"<p><img loading=\"lazy\" decoding=\"async\" class=\"alignnone\" src=\"http:\/\/www.ensembleinter.com\/accents-online\/wp-content\/uploads\/2018\/03\/1-Mantovani.jpg\" alt=\"\" width=\"492\" height=\"492\" \/><\/p>\n<p><strong><span id=\"inserted9144\" style=\"color: #003366;\"><span id=\"inserted5889\">P<\/span>ercussionniste de formation, Bruno Mantovani nous parle en passionn\u00e9 et en connaisseur de sa nouvelle\u00a0\u0153uvre, <em>Cadenza n\u00b01<\/em> pour percussions et ensemble qui sera\u00a0cr\u00e9\u00e9e le <a style=\"color: #003366;\" href=\"http:\/\/www.ensembleinter.com\/fr\/concert-1080-D\u00e9rive-2.html\" target=\"_blank\" rel=\"noopener\">25 avril \u00e0 la Philharmonie de Paris<\/a>. Une histoire de dramaturgie musicale entre le geste soliste virtuose et l\u2019impertinence de l\u2019instrument.<\/span><\/strong><\/p>\n<p><strong>Bruno, pour commencer, comment d\u00e9finiriez-vous votre relation avec l\u2019Ensemble intercontemporain ?<\/strong><\/p>\n<p><span style=\"font-size: 14pt;\">J\u2019ai commenc\u00e9 \u00e0 travailler avec plusieurs membres de l\u2019Ensemble bien avant d\u2019\u00eatre directeur du Conservatoire de Paris. Ma premi\u00e8re \u0153uvre \u00e9tait un concerto pour clarinette basse, interpr\u00e9t\u00e9 par Alain Billard. Ma relation avec ces musiciens va au-del\u00e0 de la sph\u00e8re professionnelle, c\u2019est une somme d\u2019aventures individuelles. Je n\u2019oublie pas que c\u2019est avec eux que j\u2019ai appris mon m\u00e9tier de chef. Ils ont \u00e9t\u00e9 tr\u00e8s bienveillants avec moi ! L\u2019Ensemble intercontemporain c\u2019est aussi pour moi la figure de Pierre Boulez. Il reste \u00e0 mes yeux comme une boussole, une figure essentielle de notre temps. Il a beaucoup dirig\u00e9 ma musique et nous avions des liens privil\u00e9gi\u00e9s. J\u2019admire cette polyvalence de talents, elle m\u2019est une source in\u00e9puisable d\u2019inspiration lorsque je passe des fonctions de chef \u00e0 celles de compositeur et directeur du Conservatoire de Paris\u2026<\/span><\/p>\n<p><strong>Le terme de \u00ab\u00a0compositeur\u00a0\u00bb recouvre-t-il toutes ces activit\u00e9s \u00a0?<\/strong><\/p>\n<p><span style=\"font-size: 14pt;\">Absolument. Je dirais que c\u2019est un seul et m\u00eame m\u00e9tier. J\u2019ajouterais qu\u2019un compositeur, c\u2019est aussi pour moi un musicologue \u2013 quelqu\u2019un qui se positionne par rapport \u00e0 l\u2019Histoire et qui fait un choix en mati\u00e8re de filiation, des choix par rapport aux personnes dont il h\u00e9rite. La musicologie est un art qui doit porter vers la modernit\u00e9.<\/span><\/p>\n<p class=\"legend\"><img loading=\"lazy\" decoding=\"async\" class=\"alignnone\" src=\"http:\/\/www.ensembleinter.com\/accents-online\/wp-content\/uploads\/2018\/03\/Cadenza1.jpg\" alt=\"\" width=\"492\" height=\"382\" \/><br \/>\nExtrait de la partition de Cadenza n\u00b01 de Bruno Mantovani<\/p>\n<p><strong>Votre nouvelle \u0153uvre, <em>Cadenza n\u00b01<\/em>, sera interpr\u00e9t\u00e9e par le percussionniste (et professeur au CNSMDP) Gilles Durot (photo ci-dessous). Vous avez vous-m\u00eame suivi une formation de percussionniste et compos\u00e9 plusieurs pi\u00e8ces dont un concerto pour timbales. Quelle particularit\u00e9 rev\u00eat cette famille d\u2019instruments pour vous ?<\/strong><\/p>\n<p><span style=\"font-size: 14pt;\">C\u2019est tr\u00e8s intrigant. Je ne joue absolument pas de la clarinette et pourtant c\u2019est l\u2019instrument pour lequel j\u2019ai le plus \u00e9crit. La percussion donne souvent un c\u00f4t\u00e9\u00a0\u00ab\u00a0Monsieur Bricolage\u00a0\u00bb. C\u2019est la raison pour laquelle j\u2019\u00e9cris pour des effectifs de percussions homog\u00e8nes, comme par exemple les congas dans <em>Le Grand Jeu<\/em>. Dans cette nouvelle \u0153uvre, le parcours entre les instruments de percussion cr\u00e9e une forme. Je suis parti d\u2019id\u00e9es tr\u00e8s simples comme des trilles, des roulements ou encore des gr\u00e9sillements, toute une palette d\u2019effets qui pouvaient circuler d\u2019une percussion \u00e0 une autre. J\u2019ai \u00e9crit dans un second temps des sections pour ensemble instrumental et la forme a commenc\u00e9 \u00e0 \u00e9merger. La pi\u00e8ce est \u00e9crite pour deux ensembles avec un percussionniste soliste dans chacun, et un percussionniste soliste principal.<\/span><\/p>\n<p class=\"legend\"><img loading=\"lazy\" decoding=\"async\" class=\"alignnone\" src=\"http:\/\/www.ensembleinter.com\/accents-online\/wp-content\/uploads\/2018\/03\/DSCF4856.jpg\" alt=\"\" width=\"492\" height=\"328\" \/><br \/>\nGilles Durot, Conservatoire de Paris, 2018<\/p>\n<p><strong>Vous \u00e9crivez ce que vous auriez vous-m\u00eame aim\u00e9 jouer ?<\/strong><\/p>\n<p><span style=\"font-size: 14pt;\">Disons qu\u2019il y a dans cette pi\u00e8ce des formules que je voulais entendre. J\u2019entends dans votre question celle du rapport que je peux entretenir avec la virtuosit\u00e9. J\u2019adopte rarement une virtuosit\u00e9 qui va contre l\u2019instrument ; en revanche, je demande \u00e0 l\u2019interpr\u00e8te d\u2019\u00eatre toujours \u00e0 la limite de ce qu\u2019il peut ex\u00e9cuter. En g\u00e9n\u00e9ral, les musiciens qui ouvrent une de mes partitions pour la premi\u00e8re fois sont d\u00e9courag\u00e9s et pensent qu\u2019ils ne pourront pas la jouer au tempo indiqu\u00e9. Ils sont surpris de constater que c\u2019est possible en r\u00e9alit\u00e9. Inversement, il y a des formes de d\u2019\u00e9criture virtuose moins denses mais plus difficiles d\u2019ex\u00e9cution.<\/span><\/p>\n<p><strong>La dramaturgie d\u2019une pi\u00e8ce, c\u2019est important ?<\/strong><\/p>\n<p><span style=\"font-size: 14pt;\">C\u2019est la chose la plus importante pour moi. La percussion est l\u2019instrument qui s\u2019int\u00e8gre le moins car il est soliste par nature et capable de grandes d\u00e9flagrations dynamiques comme de jouer pianissimo. La percussion permet \u00e9galement de changer d\u2019instrumentation en cours de route. Dans mon concerto, j\u2019ai imagin\u00e9 un ensemble de peaux \u00ab\u00a0fa\u00e7on Xenakis\u00a0\u00bb, un ensemble plus r\u00e9sonnant et un marimba positionn\u00e9 plus loin qui a une fonction de musique r\u00e9p\u00e9titive. Une des grandes le\u00e7ons de dramaturgie musicale, c\u2019est le <em>Bol\u00e9ro<\/em> de Ravel.<\/span><\/p>\n<p><strong>La percussion est-elle selon vous compatible avec l\u2019\u00e9l\u00e9ment m\u00e9lodique ?<\/strong><\/p>\n<p><span style=\"font-size: 14pt;\">Oui et pas uniquement avec des claviers. \u00c9coutez le duo enregistr\u00e9 par Max Roach et Dizzy Gillespie \u00e0 Paris en 1989. La percussion int\u00e8gre totalement l\u2019\u00e9l\u00e9ment m\u00e9lodique. J\u2019ai repris cette id\u00e9e en ajoutant \u00e0 la m\u00e9lodie des choses plus personnelles comme ces lignes qui s\u2019envolent et s\u2019interrompent brutalement. J\u2019ai voulu aussi que le marimba joue comme sur des peaux et que les peaux rendent un effet de marimba durant la vingtaine de minutes que dure la pi\u00e8ce. Je suis tr\u00e8s heureux que ce concerto soit dirig\u00e9 par Peter E\u00f6tv\u00f6s. C\u2019est mon p\u00e8re spirituel, un passionn\u00e9 de jazz et de percussion, et un g\u00e9nie de l\u2019histoire de la musique \u2013 bref, la personne id\u00e9ale !<\/span><\/p>\n<p><span id=\"inserted9857\">Photos (de haut en bas)\u00a0: \u00a9 Franck Ferville \/ \u00a9 EIC<\/span><\/p>\n","protected":false},"excerpt":{"rendered":"<p>Percussionniste de formation, Bruno Mantovani nous parle en passionn\u00e9 et en connaisseur de sa nouvelle\u00a0\u0153uvre, <em>Cadenza n\u00b01<\/em> pour percussions et ensemble qui sera\u00a0cr\u00e9\u00e9e le 25 avril \u00e0 la Philharmonie de Paris. Une histoire de dramaturgie musicale entre le geste soliste virtuose et l\u2019impertinence de l\u2019instrument.<\/p>\n","protected":false},"author":104,"featured_media":11185,"comment_status":"closed","ping_status":"closed","sticky":false,"template":"","format":"standard","meta":{"_acf_changed":false,"footnotes":""},"categories":[4],"tags":[242,61,671,600],"class_list":["post-11179","post","type-post","status-publish","format-standard","has-post-thumbnail","hentry","category-entretiens","tag-bruno-mantovani","tag-creation-musicale","tag-percussions","tag-philharmonie-de-paris","concert-derive-2","concert-musica-nova","concert-printemps-musical","concert-repetition-publique"],"acf":[],"yoast_head":"<!-- This site is optimized with the Yoast SEO plugin v27.5 - https:\/\/yoast.com\/product\/yoast-seo-wordpress\/ -->\n<title>La percussion comme geste et parcours. Entretien avec Bruno Mantovani, compositeur. - Ensemble intercontemporain<\/title>\n<meta name=\"robots\" content=\"index, follow, max-snippet:-1, max-image-preview:large, max-video-preview:-1\" \/>\n<link rel=\"canonical\" href=\"https:\/\/www.ensembleintercontemporain.com\/fr\/2018\/04\/la-percussion-comme-geste-et-parcours-entretien-avec-bruno-mantovani-compositeur\/\" \/>\n<meta property=\"og:locale\" content=\"fr_FR\" \/>\n<meta property=\"og:type\" content=\"article\" \/>\n<meta property=\"og:title\" content=\"La percussion comme geste et parcours. Entretien avec Bruno Mantovani, compositeur. - Ensemble intercontemporain\" \/>\n<meta property=\"og:description\" content=\"Percussionniste de formation, Bruno Mantovani nous parle en passionn\u00e9 et en connaisseur de sa nouvelle\u00a0\u0153uvre, Cadenza n\u00b01 pour percussions et ensemble qui sera\u00a0cr\u00e9\u00e9e le 25 avril \u00e0 la Philharmonie de Paris. Une histoire de dramaturgie musicale entre le geste soliste virtuose et l\u2019impertinence de l\u2019instrument.\" \/>\n<meta property=\"og:url\" content=\"https:\/\/www.ensembleintercontemporain.com\/en\/2018\/04\/la-percussion-comme-geste-et-parcours-entretien-avec-bruno-mantovani-compositeur\/\" \/>\n<meta property=\"og:site_name\" content=\"Ensemble intercontemporain\" \/>\n<meta property=\"article:published_time\" content=\"2018-04-03T09:38:45+00:00\" \/>\n<meta property=\"article:modified_time\" content=\"2019-02-13T10:28:09+00:00\" \/>\n<meta property=\"og:image\" content=\"https:\/\/www.ensembleintercontemporain.com\/content\/uploads\/2018\/03\/Mantovani-une.jpg\" \/>\n\t<meta property=\"og:image:width\" content=\"464\" \/>\n\t<meta property=\"og:image:height\" content=\"237\" \/>\n\t<meta property=\"og:image:type\" content=\"image\/jpeg\" \/>\n<meta name=\"author\" content=\"David Verdier\" \/>\n<meta name=\"twitter:card\" content=\"summary_large_image\" \/>\n<meta name=\"twitter:label1\" content=\"\u00c9crit par\" \/>\n\t<meta name=\"twitter:data1\" content=\"David Verdier\" \/>\n\t<meta name=\"twitter:label2\" content=\"Dur\u00e9e de lecture estim\u00e9e\" \/>\n\t<meta name=\"twitter:data2\" content=\"4 minutes\" \/>\n<script type=\"application\/ld+json\" class=\"yoast-schema-graph\">{\"@context\":\"https:\\\/\\\/schema.org\",\"@graph\":[{\"@type\":\"Article\",\"@id\":\"https:\\\/\\\/www.ensembleintercontemporain.com\\\/en\\\/2018\\\/04\\\/la-percussion-comme-geste-et-parcours-entretien-avec-bruno-mantovani-compositeur\\\/#article\",\"isPartOf\":{\"@id\":\"https:\\\/\\\/www.ensembleintercontemporain.com\\\/en\\\/2018\\\/04\\\/la-percussion-comme-geste-et-parcours-entretien-avec-bruno-mantovani-compositeur\\\/\"},\"author\":{\"name\":\"David Verdier\",\"@id\":\"https:\\\/\\\/www.ensembleintercontemporain.com\\\/en\\\/#\\\/schema\\\/person\\\/faf89c90233416c8127eb1bf74ae2b55\"},\"headline\":\"La percussion comme geste et parcours. Entretien avec Bruno Mantovani, compositeur.\",\"datePublished\":\"2018-04-03T09:38:45+00:00\",\"dateModified\":\"2019-02-13T10:28:09+00:00\",\"mainEntityOfPage\":{\"@id\":\"https:\\\/\\\/www.ensembleintercontemporain.com\\\/en\\\/2018\\\/04\\\/la-percussion-comme-geste-et-parcours-entretien-avec-bruno-mantovani-compositeur\\\/\"},\"wordCount\":888,\"image\":{\"@id\":\"https:\\\/\\\/www.ensembleintercontemporain.com\\\/en\\\/2018\\\/04\\\/la-percussion-comme-geste-et-parcours-entretien-avec-bruno-mantovani-compositeur\\\/#primaryimage\"},\"thumbnailUrl\":\"https:\\\/\\\/www.ensembleintercontemporain.com\\\/content\\\/uploads\\\/2018\\\/03\\\/Mantovani-une.jpg\",\"keywords\":[\"Bruno Mantovani\",\"cr\u00e9ation musicale\",\"Percussions\",\"Philharmonie de Paris\"],\"articleSection\":[\"Entretien\"],\"inLanguage\":\"fr-FR\"},{\"@type\":\"WebPage\",\"@id\":\"https:\\\/\\\/www.ensembleintercontemporain.com\\\/en\\\/2018\\\/04\\\/la-percussion-comme-geste-et-parcours-entretien-avec-bruno-mantovani-compositeur\\\/\",\"url\":\"https:\\\/\\\/www.ensembleintercontemporain.com\\\/en\\\/2018\\\/04\\\/la-percussion-comme-geste-et-parcours-entretien-avec-bruno-mantovani-compositeur\\\/\",\"name\":\"La percussion comme geste et parcours. Entretien avec Bruno Mantovani, compositeur. - Ensemble intercontemporain\",\"isPartOf\":{\"@id\":\"https:\\\/\\\/www.ensembleintercontemporain.com\\\/en\\\/#website\"},\"primaryImageOfPage\":{\"@id\":\"https:\\\/\\\/www.ensembleintercontemporain.com\\\/en\\\/2018\\\/04\\\/la-percussion-comme-geste-et-parcours-entretien-avec-bruno-mantovani-compositeur\\\/#primaryimage\"},\"image\":{\"@id\":\"https:\\\/\\\/www.ensembleintercontemporain.com\\\/en\\\/2018\\\/04\\\/la-percussion-comme-geste-et-parcours-entretien-avec-bruno-mantovani-compositeur\\\/#primaryimage\"},\"thumbnailUrl\":\"https:\\\/\\\/www.ensembleintercontemporain.com\\\/content\\\/uploads\\\/2018\\\/03\\\/Mantovani-une.jpg\",\"datePublished\":\"2018-04-03T09:38:45+00:00\",\"dateModified\":\"2019-02-13T10:28:09+00:00\",\"author\":{\"@id\":\"https:\\\/\\\/www.ensembleintercontemporain.com\\\/en\\\/#\\\/schema\\\/person\\\/faf89c90233416c8127eb1bf74ae2b55\"},\"breadcrumb\":{\"@id\":\"https:\\\/\\\/www.ensembleintercontemporain.com\\\/en\\\/2018\\\/04\\\/la-percussion-comme-geste-et-parcours-entretien-avec-bruno-mantovani-compositeur\\\/#breadcrumb\"},\"inLanguage\":\"fr-FR\",\"potentialAction\":[{\"@type\":\"ReadAction\",\"target\":[\"https:\\\/\\\/www.ensembleintercontemporain.com\\\/en\\\/2018\\\/04\\\/la-percussion-comme-geste-et-parcours-entretien-avec-bruno-mantovani-compositeur\\\/\"]}]},{\"@type\":\"ImageObject\",\"inLanguage\":\"fr-FR\",\"@id\":\"https:\\\/\\\/www.ensembleintercontemporain.com\\\/en\\\/2018\\\/04\\\/la-percussion-comme-geste-et-parcours-entretien-avec-bruno-mantovani-compositeur\\\/#primaryimage\",\"url\":\"https:\\\/\\\/www.ensembleintercontemporain.com\\\/content\\\/uploads\\\/2018\\\/03\\\/Mantovani-une.jpg\",\"contentUrl\":\"https:\\\/\\\/www.ensembleintercontemporain.com\\\/content\\\/uploads\\\/2018\\\/03\\\/Mantovani-une.jpg\",\"width\":464,\"height\":237},{\"@type\":\"BreadcrumbList\",\"@id\":\"https:\\\/\\\/www.ensembleintercontemporain.com\\\/en\\\/2018\\\/04\\\/la-percussion-comme-geste-et-parcours-entretien-avec-bruno-mantovani-compositeur\\\/#breadcrumb\",\"itemListElement\":[{\"@type\":\"ListItem\",\"position\":1,\"name\":\"Home\",\"item\":\"https:\\\/\\\/www.ensembleintercontemporain.com\\\/fr\\\/\"},{\"@type\":\"ListItem\",\"position\":2,\"name\":\"La percussion comme geste et parcours. Entretien avec Bruno Mantovani, compositeur.\"}]},{\"@type\":\"WebSite\",\"@id\":\"https:\\\/\\\/www.ensembleintercontemporain.com\\\/en\\\/#website\",\"url\":\"https:\\\/\\\/www.ensembleintercontemporain.com\\\/en\\\/\",\"name\":\"Ensemble intercontemporain\",\"description\":\"\",\"potentialAction\":[{\"@type\":\"SearchAction\",\"target\":{\"@type\":\"EntryPoint\",\"urlTemplate\":\"https:\\\/\\\/www.ensembleintercontemporain.com\\\/en\\\/?s={search_term_string}\"},\"query-input\":{\"@type\":\"PropertyValueSpecification\",\"valueRequired\":true,\"valueName\":\"search_term_string\"}}],\"inLanguage\":\"fr-FR\"},{\"@type\":\"Person\",\"@id\":\"https:\\\/\\\/www.ensembleintercontemporain.com\\\/en\\\/#\\\/schema\\\/person\\\/faf89c90233416c8127eb1bf74ae2b55\",\"name\":\"David Verdier\",\"image\":{\"@type\":\"ImageObject\",\"inLanguage\":\"fr-FR\",\"@id\":\"https:\\\/\\\/secure.gravatar.com\\\/avatar\\\/50aa1859fa6288000ce9acd567e659e3153e72abe9614915b396859a186deaa0?s=96&d=mm&r=g\",\"url\":\"https:\\\/\\\/secure.gravatar.com\\\/avatar\\\/50aa1859fa6288000ce9acd567e659e3153e72abe9614915b396859a186deaa0?s=96&d=mm&r=g\",\"contentUrl\":\"https:\\\/\\\/secure.gravatar.com\\\/avatar\\\/50aa1859fa6288000ce9acd567e659e3153e72abe9614915b396859a186deaa0?s=96&d=mm&r=g\",\"caption\":\"David Verdier\"},\"url\":\"https:\\\/\\\/www.ensembleintercontemporain.com\\\/fr\\\/author\\\/david-verdier\\\/\"}]}<\/script>\n<!-- \/ Yoast SEO plugin. -->","yoast_head_json":{"title":"La percussion comme geste et parcours. Entretien avec Bruno Mantovani, compositeur. - Ensemble intercontemporain","robots":{"index":"index","follow":"follow","max-snippet":"max-snippet:-1","max-image-preview":"max-image-preview:large","max-video-preview":"max-video-preview:-1"},"canonical":"https:\/\/www.ensembleintercontemporain.com\/fr\/2018\/04\/la-percussion-comme-geste-et-parcours-entretien-avec-bruno-mantovani-compositeur\/","og_locale":"fr_FR","og_type":"article","og_title":"La percussion comme geste et parcours. Entretien avec Bruno Mantovani, compositeur. - Ensemble intercontemporain","og_description":"Percussionniste de formation, Bruno Mantovani nous parle en passionn\u00e9 et en connaisseur de sa nouvelle\u00a0\u0153uvre, Cadenza n\u00b01 pour percussions et ensemble qui sera\u00a0cr\u00e9\u00e9e le 25 avril \u00e0 la Philharmonie de Paris. Une histoire de dramaturgie musicale entre le geste soliste virtuose et l\u2019impertinence de l\u2019instrument.","og_url":"https:\/\/www.ensembleintercontemporain.com\/en\/2018\/04\/la-percussion-comme-geste-et-parcours-entretien-avec-bruno-mantovani-compositeur\/","og_site_name":"Ensemble intercontemporain","article_published_time":"2018-04-03T09:38:45+00:00","article_modified_time":"2019-02-13T10:28:09+00:00","og_image":[{"width":464,"height":237,"url":"https:\/\/www.ensembleintercontemporain.com\/content\/uploads\/2018\/03\/Mantovani-une.jpg","type":"image\/jpeg"}],"author":"David Verdier","twitter_card":"summary_large_image","twitter_misc":{"\u00c9crit par":"David Verdier","Dur\u00e9e de lecture estim\u00e9e":"4 minutes"},"schema":{"@context":"https:\/\/schema.org","@graph":[{"@type":"Article","@id":"https:\/\/www.ensembleintercontemporain.com\/en\/2018\/04\/la-percussion-comme-geste-et-parcours-entretien-avec-bruno-mantovani-compositeur\/#article","isPartOf":{"@id":"https:\/\/www.ensembleintercontemporain.com\/en\/2018\/04\/la-percussion-comme-geste-et-parcours-entretien-avec-bruno-mantovani-compositeur\/"},"author":{"name":"David Verdier","@id":"https:\/\/www.ensembleintercontemporain.com\/en\/#\/schema\/person\/faf89c90233416c8127eb1bf74ae2b55"},"headline":"La percussion comme geste et parcours. Entretien avec Bruno Mantovani, compositeur.","datePublished":"2018-04-03T09:38:45+00:00","dateModified":"2019-02-13T10:28:09+00:00","mainEntityOfPage":{"@id":"https:\/\/www.ensembleintercontemporain.com\/en\/2018\/04\/la-percussion-comme-geste-et-parcours-entretien-avec-bruno-mantovani-compositeur\/"},"wordCount":888,"image":{"@id":"https:\/\/www.ensembleintercontemporain.com\/en\/2018\/04\/la-percussion-comme-geste-et-parcours-entretien-avec-bruno-mantovani-compositeur\/#primaryimage"},"thumbnailUrl":"https:\/\/www.ensembleintercontemporain.com\/content\/uploads\/2018\/03\/Mantovani-une.jpg","keywords":["Bruno Mantovani","cr\u00e9ation musicale","Percussions","Philharmonie de Paris"],"articleSection":["Entretien"],"inLanguage":"fr-FR"},{"@type":"WebPage","@id":"https:\/\/www.ensembleintercontemporain.com\/en\/2018\/04\/la-percussion-comme-geste-et-parcours-entretien-avec-bruno-mantovani-compositeur\/","url":"https:\/\/www.ensembleintercontemporain.com\/en\/2018\/04\/la-percussion-comme-geste-et-parcours-entretien-avec-bruno-mantovani-compositeur\/","name":"La percussion comme geste et parcours. Entretien avec Bruno Mantovani, compositeur. - Ensemble intercontemporain","isPartOf":{"@id":"https:\/\/www.ensembleintercontemporain.com\/en\/#website"},"primaryImageOfPage":{"@id":"https:\/\/www.ensembleintercontemporain.com\/en\/2018\/04\/la-percussion-comme-geste-et-parcours-entretien-avec-bruno-mantovani-compositeur\/#primaryimage"},"image":{"@id":"https:\/\/www.ensembleintercontemporain.com\/en\/2018\/04\/la-percussion-comme-geste-et-parcours-entretien-avec-bruno-mantovani-compositeur\/#primaryimage"},"thumbnailUrl":"https:\/\/www.ensembleintercontemporain.com\/content\/uploads\/2018\/03\/Mantovani-une.jpg","datePublished":"2018-04-03T09:38:45+00:00","dateModified":"2019-02-13T10:28:09+00:00","author":{"@id":"https:\/\/www.ensembleintercontemporain.com\/en\/#\/schema\/person\/faf89c90233416c8127eb1bf74ae2b55"},"breadcrumb":{"@id":"https:\/\/www.ensembleintercontemporain.com\/en\/2018\/04\/la-percussion-comme-geste-et-parcours-entretien-avec-bruno-mantovani-compositeur\/#breadcrumb"},"inLanguage":"fr-FR","potentialAction":[{"@type":"ReadAction","target":["https:\/\/www.ensembleintercontemporain.com\/en\/2018\/04\/la-percussion-comme-geste-et-parcours-entretien-avec-bruno-mantovani-compositeur\/"]}]},{"@type":"ImageObject","inLanguage":"fr-FR","@id":"https:\/\/www.ensembleintercontemporain.com\/en\/2018\/04\/la-percussion-comme-geste-et-parcours-entretien-avec-bruno-mantovani-compositeur\/#primaryimage","url":"https:\/\/www.ensembleintercontemporain.com\/content\/uploads\/2018\/03\/Mantovani-une.jpg","contentUrl":"https:\/\/www.ensembleintercontemporain.com\/content\/uploads\/2018\/03\/Mantovani-une.jpg","width":464,"height":237},{"@type":"BreadcrumbList","@id":"https:\/\/www.ensembleintercontemporain.com\/en\/2018\/04\/la-percussion-comme-geste-et-parcours-entretien-avec-bruno-mantovani-compositeur\/#breadcrumb","itemListElement":[{"@type":"ListItem","position":1,"name":"Home","item":"https:\/\/www.ensembleintercontemporain.com\/fr\/"},{"@type":"ListItem","position":2,"name":"La percussion comme geste et parcours. Entretien avec Bruno Mantovani, compositeur."}]},{"@type":"WebSite","@id":"https:\/\/www.ensembleintercontemporain.com\/en\/#website","url":"https:\/\/www.ensembleintercontemporain.com\/en\/","name":"Ensemble intercontemporain","description":"","potentialAction":[{"@type":"SearchAction","target":{"@type":"EntryPoint","urlTemplate":"https:\/\/www.ensembleintercontemporain.com\/en\/?s={search_term_string}"},"query-input":{"@type":"PropertyValueSpecification","valueRequired":true,"valueName":"search_term_string"}}],"inLanguage":"fr-FR"},{"@type":"Person","@id":"https:\/\/www.ensembleintercontemporain.com\/en\/#\/schema\/person\/faf89c90233416c8127eb1bf74ae2b55","name":"David Verdier","image":{"@type":"ImageObject","inLanguage":"fr-FR","@id":"https:\/\/secure.gravatar.com\/avatar\/50aa1859fa6288000ce9acd567e659e3153e72abe9614915b396859a186deaa0?s=96&d=mm&r=g","url":"https:\/\/secure.gravatar.com\/avatar\/50aa1859fa6288000ce9acd567e659e3153e72abe9614915b396859a186deaa0?s=96&d=mm&r=g","contentUrl":"https:\/\/secure.gravatar.com\/avatar\/50aa1859fa6288000ce9acd567e659e3153e72abe9614915b396859a186deaa0?s=96&d=mm&r=g","caption":"David Verdier"},"url":"https:\/\/www.ensembleintercontemporain.com\/fr\/author\/david-verdier\/"}]}},"_links":{"self":[{"href":"https:\/\/www.ensembleintercontemporain.com\/fr\/wp-json\/wp\/v2\/posts\/11179\/"}],"collection":[{"href":"https:\/\/www.ensembleintercontemporain.com\/fr\/wp-json\/wp\/v2\/posts\/"}],"about":[{"href":"https:\/\/www.ensembleintercontemporain.com\/fr\/wp-json\/wp\/v2\/types\/post\/"}],"author":[{"embeddable":true,"href":"https:\/\/www.ensembleintercontemporain.com\/fr\/wp-json\/wp\/v2\/users\/104\/"}],"replies":[{"embeddable":true,"href":"https:\/\/www.ensembleintercontemporain.com\/fr\/wp-json\/wp\/v2\/comments\/?post=11179"}],"version-history":[{"count":3,"href":"https:\/\/www.ensembleintercontemporain.com\/fr\/wp-json\/wp\/v2\/posts\/11179\/revisions\/"}],"predecessor-version":[{"id":15777,"href":"https:\/\/www.ensembleintercontemporain.com\/fr\/wp-json\/wp\/v2\/posts\/11179\/revisions\/15777\/"}],"wp:featuredmedia":[{"embeddable":true,"href":"https:\/\/www.ensembleintercontemporain.com\/fr\/wp-json\/wp\/v2\/media\/11185\/"}],"wp:attachment":[{"href":"https:\/\/www.ensembleintercontemporain.com\/fr\/wp-json\/wp\/v2\/media\/?parent=11179"}],"wp:term":[{"taxonomy":"category","embeddable":true,"href":"https:\/\/www.ensembleintercontemporain.com\/fr\/wp-json\/wp\/v2\/categories\/?post=11179"},{"taxonomy":"post_tag","embeddable":true,"href":"https:\/\/www.ensembleintercontemporain.com\/fr\/wp-json\/wp\/v2\/tags\/?post=11179"}],"curies":[{"name":"wp","href":"https:\/\/api.w.org\/{rel}","templated":true}]}}