{"id":31209,"date":"2026-09-04T10:42:10","date_gmt":"2026-09-04T08:42:10","guid":{"rendered":"https:\/\/www.ensembleintercontemporain.com\/?p=31209"},"modified":"2026-09-04T15:49:21","modified_gmt":"2026-09-04T13:49:21","slug":"derive-3-de-pierre-boulez","status":"publish","type":"post","link":"https:\/\/www.ensembleintercontemporain.com\/en\/2026\/09\/derive-3-de-pierre-boulez\/","title":{"rendered":"&#8220;D\u00e9rive 3&#8221; de Pierre Boulez."},"content":{"rendered":"<p><strong><span style=\"font-size: 18pt;\"><img loading=\"lazy\" decoding=\"async\" class=\"aligncenter size-full wp-image-31210\" src=\"http:\/\/www.ensembleintercontemporain.com\/content\/uploads\/2026\/09\/pierre-boulez-archives-ircam-credit-inconnu.jpg\" alt=\"\" width=\"1920\" height=\"1390\" srcset=\"https:\/\/www.ensembleintercontemporain.com\/content\/uploads\/2026\/09\/pierre-boulez-archives-ircam-credit-inconnu.jpg 1920w, https:\/\/www.ensembleintercontemporain.com\/content\/uploads\/2026\/09\/pierre-boulez-archives-ircam-credit-inconnu-300x217.jpg 300w, https:\/\/www.ensembleintercontemporain.com\/content\/uploads\/2026\/09\/pierre-boulez-archives-ircam-credit-inconnu-1024x741.jpg 1024w, https:\/\/www.ensembleintercontemporain.com\/content\/uploads\/2026\/09\/pierre-boulez-archives-ircam-credit-inconnu-768x556.jpg 768w, https:\/\/www.ensembleintercontemporain.com\/content\/uploads\/2026\/09\/pierre-boulez-archives-ircam-credit-inconnu-1536x1112.jpg 1536w\" sizes=\"auto, (max-width: 1920px) 100vw, 1920px\" \/><br \/>\n<span style=\"color: #003366;\">D<\/span><\/span><span style=\"color: #003366;\">ix ans apr\u00e8s la disparition de Pierre Boulez, une \u0153uvre in\u00e9dite sera entendue pour la <span style=\"caret-color: #003366;\">premi\u00e8re<\/span> fois le <a href=\"https:\/\/www.ensembleintercontemporain.com\/fr\/concert\/eic50-juke-box-contemporain-2-2026-09-19-19h00-cite-de-la-musique\/\">19 septembre \u00e0 la Cit\u00e9 de la musique<\/a>. Retrouv\u00e9e dans les archives du compositeur, <\/span><em style=\"color: #003366;\">D\u00e9rive 3<\/em><span style=\"color: #003366;\"> sera cr\u00e9\u00e9e par l\u2019Ensemble intercontemporain sous la direction de Pierre Bleuse, comme un trait d\u2019union particuli\u00e8rement symbolique entre Boulez et l\u2019Ensemble qu\u2019il fondait il y a cinquante ans.<\/span><\/strong><\/p>\n<p><span style=\"font-size: 14pt;\">La premi\u00e8re r\u00e9action est l\u2019\u00e9tonnement : il resterait donc des \u0153uvres in\u00e9dites de Pierre Boulez ? Un compositeur pourtant si \u00e9minent, entour\u00e9 toute sa vie durant d\u2019interpr\u00e8tes de premier plan, toujours pr\u00eats \u00e0 se mettre au service de sa pens\u00e9e musicale \u2013 l\u2019Ensemble intercontemporain au premier chef ? En v\u00e9rit\u00e9, ce n\u2019est pas si \u00e9tonnant que cela : Boulez ne cessait de remettre l\u2019ouvrage \u2013 tous les ouvrages \u2013 sur le m\u00e9tier. Il retravaillait, ciselait sans tr\u00eave, trouvant mati\u00e8re \u00e0 nourrir son inspiration prolif\u00e9rante dans des esquisses pass\u00e9es ou dans des fragments d\u2019\u0153uvres d\u00e9j\u00e0 abouties. Bref : nombreuses sont les partitions qu\u2019il a laiss\u00e9es inachev\u00e9es.<br \/>\n<\/span><br \/>\n<span style=\"font-size: 14pt;\">Aussi le musicologue Alain Galliari ne f\u00fbt pas surpris, loin de l\u00e0, de d\u00e9nicher du mat\u00e9riau inconnu au cours de son p\u00e9riple \u00e0 travers les archives Boulez en vue de la publication du vaste et r\u00e9cent Catalogue de l\u2019\u0153uvre de Pierre Boulez pour les \u00e9ditions de Philharmonie de Paris (publi\u00e9es l\u2019an pass\u00e9 dans le cadre des c\u00e9l\u00e9brations du centenaire Boulez). C\u2019est ainsi qu\u2019en 2023 \u00e0 la Biblioth\u00e8que Nationale de France, il d\u00e9couvre la photocopie d\u2019un feuillet de partition d\u2019une pi\u00e8ce intitul\u00e9e <em>D\u00e9rive 3<\/em>. Sa curiosit\u00e9 ainsi titill\u00e9e, le musicologue se rend \u00e0 la Fondation Sacher \u00e0 B\u00e2le, o\u00f9 se trouvent des cartons de documents encore non inventori\u00e9s ni r\u00e9pertori\u00e9s depuis leur d\u00e9m\u00e9nagement de Baden-Baden suite au d\u00e9c\u00e8s de Pierre Boulez. Le musicologue y trouve plusieurs manuscrits d\u2019\u0153uvres inachev\u00e9es (notamment des <em>Notations<\/em> pour orchestre), et parmi eux celui de <em>D\u00e9rive 3<\/em>. Datant probablement de 2010, ce dernier est d\u00e9j\u00e0 grav\u00e9 (informatiquement) et semble quasiment publiable en l\u2019\u00e9tat.<br \/>\n<\/span><br \/>\n<span style=\"font-size: 14pt;\">Le mat\u00e9riau musical n\u2019est toutefois pas totalement inconnu. Car <em>D\u00e9rive 3<\/em>, comme son titre l\u2019indique (et tout comme ses deux grandes s\u0153urs), \u00ab d\u00e9rive \u00bb de fragments d\u00e9j\u00e0 expos\u00e9s dans (au moins) une \u0153uvre ant\u00e9rieure. <\/span><span style=\"font-size: 14pt;\">Au plus loin de la g\u00e9n\u00e9alogie, l\u2019origine de <em>D\u00e9rive 3<\/em> se trouve dans quelques mesures de la version finale d\u2019<em>\u00c9vadn\u00e9<\/em>, quatri\u00e8me mouvement de la cantate <em>Le Visage Nuptial<\/em> (1946\/1951\u20131953\/1985\u20131989) d\u2019apr\u00e8s un po\u00e8me extrait de Fureur et myst\u00e8re de Ren\u00e9 Char. D\u00e8s 1993, le compositeur confiait d\u2019ailleurs \u00e0 Peter Szendy\u00a0: \u00ab\u00a0<em>D\u00e9rive 3<\/em>, pour cuivres, auxquels j\u2019ai maintenant ajout\u00e9 des percussions, est issue de certains arp\u00e8ges, notamment pour les cors, de la nouvelle version du <em>Visage nuptial<\/em> \u2013 des arp\u00e8ges que je n\u2019avais exploit\u00e9s que sur quelques mesures. Ce sont des moments qui sont extraits d\u2019un contexte et plac\u00e9s dans un autre, pour y prolif\u00e9rer.\u00a0\u00bb<\/span><br \/>\n<span style=\"font-size: 14pt;\">Ces quelques mesures se retrouvent le 7 juin 1987 dans une courte pi\u00e8ce de circonstance compos\u00e9e pour l\u2019inauguration de la Menil Collection \u00e0 Houston (qui r\u00e9unit les collections priv\u00e9es de Dominique de M\u00e9nil, riche m\u00e9c\u00e8ne qui a financ\u00e9 plusieurs projets de Boulez). Intitul\u00e9e Initiale, la pi\u00e8ce est destin\u00e9e \u00e0 sept cuivres, d\u00e9j\u00e0 divis\u00e9s en deux ch\u0153urs\u00a0: trois cuivres d\u2019une part et trois autres auxquels se joint un tuba de l\u2019autre.<\/span><br \/>\n<span style=\"font-size: 14pt;\">Jusque-l\u00e0, Pierre Boulez n\u2019avait encore jamais compos\u00e9 pour cuivres de mani\u00e8re autonome. Cette \u00e9criture l\u2019attirait pourtant, surtout dans sa forme antiphonique, \u00e0 la mani\u00e8re d\u2019un Gabrieli ou d\u2019un Monteverdi \u2013 on sait combien il \u00e9tait fascin\u00e9 par les cori spezzatti (\u00ab\u00a0ch\u0153urs s\u00e9par\u00e9s\u00a0\u00bb ou \u00ab\u00a0double ch\u0153ur\u00a0\u00bb) de San Marco de Venise qui ont notamment inspir\u00e9 <em>R\u00e9pons<\/em>.<\/span><\/p>\n<p><span style=\"font-size: 14pt;\"><img loading=\"lazy\" decoding=\"async\" class=\"aligncenter wp-image-31216\" src=\"http:\/\/www.ensembleintercontemporain.com\/content\/uploads\/2026\/09\/unknown.jpeg\" alt=\"\" width=\"750\" height=\"750\" srcset=\"https:\/\/www.ensembleintercontemporain.com\/content\/uploads\/2026\/09\/unknown.jpeg 800w, https:\/\/www.ensembleintercontemporain.com\/content\/uploads\/2026\/09\/unknown-300x300.jpeg 300w, https:\/\/www.ensembleintercontemporain.com\/content\/uploads\/2026\/09\/unknown-150x150.jpeg 150w, https:\/\/www.ensembleintercontemporain.com\/content\/uploads\/2026\/09\/unknown-768x768.jpeg 768w\" sizes=\"auto, (max-width: 750px) 100vw, 750px\" \/><\/span><br \/>\n<span style=\"font-size: 14pt;\">Les archives\u00a0t\u00e9moignent de la maturation de ce travail au cours des ann\u00e9es suivantes, m\u00eame si la forme pr\u00e9cise du projet demeure ambigu\u00eb. Le 19 novembre 1992, un nouvel avatar, retravaillant les trois premi\u00e8res sections d\u2019<em>Initiale<\/em>, est cr\u00e9\u00e9 \u00e0 Chicago sous le titre de <em>Fanfare<\/em>, pour f\u00eater les 80 ans du chef Georg Solti \u2013 on en garde d\u2019ailleurs un enregistrement. L\u2019effectif a \u00e9t\u00e9 enrichi, avec quatre trompettes, six cors, quatre trombones et un tuba, toujours en deux groupes s\u00e9par\u00e9s. Pour marquer l\u2019occasion, Boulez concocte une coda un brin humoristique, avec huit coups de claves comme autant de d\u00e9cennies. Cette fin sera tr\u00e8s vite oubli\u00e9e\u00a0: la pi\u00e8ce n\u2019est vraisemblablement pas achev\u00e9e et Fanfare devient tr\u00e8s rapidement <em>D\u00e9rive 3<\/em>. Un contrat d\u2019\u00e9dition, dat\u00e9 du 21 d\u00e9cembre 1992, mentionne la pi\u00e8ce sous ce titre, avec la mention des percussions, en plus de deux ensembles de cuivres.<br \/>\n<\/span><span style=\"font-size: 14pt;\">Cependant, la partition d\u00e9couverte par Alain Galliari, qui date a priori de 2010, ne comprend que les parties de cuivres. Fort heureusement, le musicologue trouve dans les cartons un autre manuscrit, qui porte \u00e9galement le titre <em>D\u00e9rive 3<\/em>, avec les parties de percussions \u00e9crites \u00e0 la main \u00e0 l\u2019encre bleue. Elles ne correspondent pas parfaitement \u00e0 celles des cuivres, mais les deux sont facilement r\u00e9conciliables \u2013 un travail de mise au point qui sera confi\u00e9 au musicologue Peter O\u2019Hagan.<br \/>\n<\/span><br \/>\n<span style=\"font-size: 14pt;\">L\u2019autre mission dont sera charg\u00e9 Peter O\u2019Hagan\u00a0: la fin de l\u2019\u0153uvre. Car Boulez ne consid\u00e9rait de toute \u00e9vidence pas la partition achev\u00e9e \u2013 sans quoi il l\u2019aurait sans doute cr\u00e9\u00e9e et \u00e9dit\u00e9e avant sa disparition. Il a d\u2019ailleurs laiss\u00e9 des esquisses de la suite \u2013 et cette note manuscrite, un brin \u00e9nigmatique\u00a0: \u00ab\u00a0Pour finir [\u2013] Cloches. Accords immobiles. Ringing the bells \u2013 permutations\u00a0\u00bb. Alain Galliari fait un parall\u00e8le avec la fin de sur Incises (1996-1998)\u00a0: \u00ab\u00a0Dans sur Incises, on a un premier \u00e9tat de fin, suivi d\u2019une sorte de Coda qui proc\u00e8de d\u2019une forme de dissipation du mat\u00e9riau. De ce que l\u2019on comprend des esquisses de la Coda de <em>D\u00e9rive 3<\/em>, on peut imaginer qu\u2019il recherchait, peut-\u00eatre inconsciemment, ce genre d\u2019\u00e9miettement fantomatique.\u00a0\u00bb<\/span><br \/>\n<span style=\"font-size: 14pt;\">Cependant, cette Coda n\u2019\u00e9tant pas reconstituable en l\u2019\u00e9tat, l\u2019Ensemble intercontemporain et Pierre Bleuse ont pris le parti de s\u2019arr\u00eater \u00e0 la \u00ab\u00a0premi\u00e8re\u00a0\u00bb fin \u2013 aussi elliptique soit-elle \u2013 pour cette cr\u00e9ation posthume.<\/span><\/p>\n<p>&nbsp;<\/p>\n<p>Photo (de haut en bas) : Archives Ircam \/ Pierre Boulez dans sa maison de Baden-Baden \u00a9 Philippe Gontier<\/p>\n","protected":false},"excerpt":{"rendered":"<p>Dix ans apr\u00e8s la disparition de Pierre Boulez, une \u0153uvre in\u00e9dite sera entendue pour la premi\u00e8re fois le 19 septembre \u00e0 la Cit\u00e9 de la musique. Retrouv\u00e9e dans les archives du compositeur, &#8220;D\u00e9rive 3&#8221; sera cr\u00e9\u00e9e par l\u2019Ensemble intercontemporain et Pierre Bleuse, comme un trait d\u2019union particuli\u00e8rement symbolique entre Boulez et l\u2019Ensemble qu\u2019il fondait il y a cinquante ans.<\/p>\n","protected":false},"author":5,"featured_media":31210,"comment_status":"closed","ping_status":"closed","sticky":false,"template":"","format":"standard","meta":{"_acf_changed":false,"footnotes":""},"categories":[102],"tags":[],"class_list":["post-31209","post","type-post","status-publish","format-standard","has-post-thumbnail","hentry","category-eclairage","concert-eic50-juke-box-contemporain","concert-eic50-juke-box-contemporain-2"],"acf":[],"yoast_head":"<!-- This site is optimized with the Yoast SEO plugin v28.4 - https:\/\/yoast.com\/product\/yoast-seo-wordpress\/ -->\n<title>&quot;D\u00e9rive 3&quot; de Pierre Boulez. - Ensemble intercontemporain<\/title>\n<meta name=\"robots\" content=\"index, follow, max-snippet:-1, max-image-preview:large, max-video-preview:-1\" \/>\n<link rel=\"canonical\" href=\"https:\/\/www.ensembleintercontemporain.com\/en\/2026\/09\/derive-3-de-pierre-boulez\/\" \/>\n<meta property=\"og:locale\" content=\"en_US\" \/>\n<meta property=\"og:type\" content=\"article\" \/>\n<meta property=\"og:title\" content=\"&quot;D\u00e9rive 3&quot; de Pierre Boulez. - Ensemble intercontemporain\" \/>\n<meta property=\"og:description\" content=\"Dix ans apr\u00e8s la disparition de Pierre Boulez, une \u0153uvre in\u00e9dite sera entendue pour la premi\u00e8re fois le 19 septembre \u00e0 la Cit\u00e9 de la musique. Retrouv\u00e9e dans les archives du compositeur, &quot;D\u00e9rive 3&quot; sera cr\u00e9\u00e9e par l\u2019Ensemble intercontemporain et Pierre Bleuse, comme un trait d\u2019union particuli\u00e8rement symbolique entre Boulez et l\u2019Ensemble qu\u2019il fondait il y a cinquante ans.\" \/>\n<meta property=\"og:url\" content=\"https:\/\/www.ensembleintercontemporain.com\/en\/2026\/09\/derive-3-de-pierre-boulez\/\" \/>\n<meta property=\"og:site_name\" content=\"Ensemble intercontemporain\" \/>\n<meta property=\"article:published_time\" content=\"2026-09-04T08:42:10+00:00\" \/>\n<meta property=\"article:modified_time\" content=\"2026-09-04T13:49:21+00:00\" \/>\n<meta property=\"og:image\" content=\"https:\/\/www.ensembleintercontemporain.com\/content\/uploads\/2026\/09\/pierre-boulez-archives-ircam-credit-inconnu.jpg\" \/>\n\t<meta property=\"og:image:width\" content=\"1920\" \/>\n\t<meta property=\"og:image:height\" content=\"1390\" \/>\n\t<meta property=\"og:image:type\" content=\"image\/jpeg\" \/>\n<meta name=\"author\" content=\"J\u00e9remie Szpirglas\" \/>\n<meta name=\"twitter:card\" content=\"summary_large_image\" \/>\n<meta name=\"twitter:label1\" content=\"Written by\" \/>\n\t<meta name=\"twitter:data1\" content=\"J\u00e9remie Szpirglas\" \/>\n\t<meta name=\"twitter:label2\" content=\"Est. reading time\" \/>\n\t<meta name=\"twitter:data2\" content=\"6 minutes\" \/>\n<script type=\"application\/ld+json\" class=\"yoast-schema-graph\">{\"@context\":\"https:\\\/\\\/schema.org\",\"@graph\":[{\"@type\":\"Article\",\"@id\":\"https:\\\/\\\/www.ensembleintercontemporain.com\\\/en\\\/2026\\\/09\\\/derive-3-de-pierre-boulez\\\/#article\",\"isPartOf\":{\"@id\":\"https:\\\/\\\/www.ensembleintercontemporain.com\\\/en\\\/2026\\\/09\\\/derive-3-de-pierre-boulez\\\/\"},\"author\":{\"name\":\"J\u00e9remie Szpirglas\",\"@id\":\"https:\\\/\\\/www.ensembleintercontemporain.com\\\/en\\\/#\\\/schema\\\/person\\\/439a7dd5cd8a167c34c931d7cc900214\"},\"headline\":\"&#8220;D\u00e9rive 3&#8221; de Pierre Boulez.\",\"datePublished\":\"2026-09-04T08:42:10+00:00\",\"dateModified\":\"2026-09-04T13:49:21+00:00\",\"mainEntityOfPage\":{\"@id\":\"https:\\\/\\\/www.ensembleintercontemporain.com\\\/en\\\/2026\\\/09\\\/derive-3-de-pierre-boulez\\\/\"},\"wordCount\":1105,\"image\":{\"@id\":\"https:\\\/\\\/www.ensembleintercontemporain.com\\\/en\\\/2026\\\/09\\\/derive-3-de-pierre-boulez\\\/#primaryimage\"},\"thumbnailUrl\":\"https:\\\/\\\/www.ensembleintercontemporain.com\\\/content\\\/uploads\\\/2026\\\/09\\\/pierre-boulez-archives-ircam-credit-inconnu.jpg\",\"articleSection\":[\"\u00c9clairage\"],\"inLanguage\":\"en-US\"},{\"@type\":\"WebPage\",\"@id\":\"https:\\\/\\\/www.ensembleintercontemporain.com\\\/en\\\/2026\\\/09\\\/derive-3-de-pierre-boulez\\\/\",\"url\":\"https:\\\/\\\/www.ensembleintercontemporain.com\\\/en\\\/2026\\\/09\\\/derive-3-de-pierre-boulez\\\/\",\"name\":\"\\\"D\u00e9rive 3\\\" de Pierre Boulez. - Ensemble intercontemporain\",\"isPartOf\":{\"@id\":\"https:\\\/\\\/www.ensembleintercontemporain.com\\\/en\\\/#website\"},\"primaryImageOfPage\":{\"@id\":\"https:\\\/\\\/www.ensembleintercontemporain.com\\\/en\\\/2026\\\/09\\\/derive-3-de-pierre-boulez\\\/#primaryimage\"},\"image\":{\"@id\":\"https:\\\/\\\/www.ensembleintercontemporain.com\\\/en\\\/2026\\\/09\\\/derive-3-de-pierre-boulez\\\/#primaryimage\"},\"thumbnailUrl\":\"https:\\\/\\\/www.ensembleintercontemporain.com\\\/content\\\/uploads\\\/2026\\\/09\\\/pierre-boulez-archives-ircam-credit-inconnu.jpg\",\"datePublished\":\"2026-09-04T08:42:10+00:00\",\"dateModified\":\"2026-09-04T13:49:21+00:00\",\"author\":{\"@id\":\"https:\\\/\\\/www.ensembleintercontemporain.com\\\/en\\\/#\\\/schema\\\/person\\\/439a7dd5cd8a167c34c931d7cc900214\"},\"breadcrumb\":{\"@id\":\"https:\\\/\\\/www.ensembleintercontemporain.com\\\/en\\\/2026\\\/09\\\/derive-3-de-pierre-boulez\\\/#breadcrumb\"},\"inLanguage\":\"en-US\",\"potentialAction\":[{\"@type\":\"ReadAction\",\"target\":[\"https:\\\/\\\/www.ensembleintercontemporain.com\\\/en\\\/2026\\\/09\\\/derive-3-de-pierre-boulez\\\/\"]}]},{\"@type\":\"ImageObject\",\"inLanguage\":\"en-US\",\"@id\":\"https:\\\/\\\/www.ensembleintercontemporain.com\\\/en\\\/2026\\\/09\\\/derive-3-de-pierre-boulez\\\/#primaryimage\",\"url\":\"https:\\\/\\\/www.ensembleintercontemporain.com\\\/content\\\/uploads\\\/2026\\\/09\\\/pierre-boulez-archives-ircam-credit-inconnu.jpg\",\"contentUrl\":\"https:\\\/\\\/www.ensembleintercontemporain.com\\\/content\\\/uploads\\\/2026\\\/09\\\/pierre-boulez-archives-ircam-credit-inconnu.jpg\",\"width\":1920,\"height\":1390},{\"@type\":\"BreadcrumbList\",\"@id\":\"https:\\\/\\\/www.ensembleintercontemporain.com\\\/en\\\/2026\\\/09\\\/derive-3-de-pierre-boulez\\\/#breadcrumb\",\"itemListElement\":[{\"@type\":\"ListItem\",\"position\":1,\"name\":\"Home\",\"item\":\"https:\\\/\\\/www.ensembleintercontemporain.com\\\/en\\\/\"},{\"@type\":\"ListItem\",\"position\":2,\"name\":\"&#8220;D\u00e9rive 3&#8221; de Pierre Boulez.\"}]},{\"@type\":\"WebSite\",\"@id\":\"https:\\\/\\\/www.ensembleintercontemporain.com\\\/en\\\/#website\",\"url\":\"https:\\\/\\\/www.ensembleintercontemporain.com\\\/en\\\/\",\"name\":\"Ensemble intercontemporain\",\"description\":\"\",\"potentialAction\":[{\"@type\":\"SearchAction\",\"target\":{\"@type\":\"EntryPoint\",\"urlTemplate\":\"https:\\\/\\\/www.ensembleintercontemporain.com\\\/en\\\/?s={search_term_string}\"},\"query-input\":{\"@type\":\"PropertyValueSpecification\",\"valueRequired\":true,\"valueName\":\"search_term_string\"}}],\"inLanguage\":\"en-US\"},{\"@type\":\"Person\",\"@id\":\"https:\\\/\\\/www.ensembleintercontemporain.com\\\/en\\\/#\\\/schema\\\/person\\\/439a7dd5cd8a167c34c931d7cc900214\",\"name\":\"J\u00e9remie Szpirglas\",\"image\":{\"@type\":\"ImageObject\",\"inLanguage\":\"en-US\",\"@id\":\"https:\\\/\\\/secure.gravatar.com\\\/avatar\\\/51406c8ec861211e1bd97cfab9a482b48101946652a6a78f911670a9a593f3ed?s=96&d=mm&r=g\",\"url\":\"https:\\\/\\\/secure.gravatar.com\\\/avatar\\\/51406c8ec861211e1bd97cfab9a482b48101946652a6a78f911670a9a593f3ed?s=96&d=mm&r=g\",\"contentUrl\":\"https:\\\/\\\/secure.gravatar.com\\\/avatar\\\/51406c8ec861211e1bd97cfab9a482b48101946652a6a78f911670a9a593f3ed?s=96&d=mm&r=g\",\"caption\":\"J\u00e9remie Szpirglas\"},\"url\":\"https:\\\/\\\/www.ensembleintercontemporain.com\\\/en\\\/author\\\/benjamin-szpirglas\\\/\"}]}<\/script>\n<!-- \/ Yoast SEO plugin. -->","yoast_head_json":{"title":"\"D\u00e9rive 3\" de Pierre Boulez. - Ensemble intercontemporain","robots":{"index":"index","follow":"follow","max-snippet":"max-snippet:-1","max-image-preview":"max-image-preview:large","max-video-preview":"max-video-preview:-1"},"canonical":"https:\/\/www.ensembleintercontemporain.com\/en\/2026\/09\/derive-3-de-pierre-boulez\/","og_locale":"en_US","og_type":"article","og_title":"\"D\u00e9rive 3\" de Pierre Boulez. - Ensemble intercontemporain","og_description":"Dix ans apr\u00e8s la disparition de Pierre Boulez, une \u0153uvre in\u00e9dite sera entendue pour la premi\u00e8re fois le 19 septembre \u00e0 la Cit\u00e9 de la musique. Retrouv\u00e9e dans les archives du compositeur, \"D\u00e9rive 3\" sera cr\u00e9\u00e9e par l\u2019Ensemble intercontemporain et Pierre Bleuse, comme un trait d\u2019union particuli\u00e8rement symbolique entre Boulez et l\u2019Ensemble qu\u2019il fondait il y a cinquante ans.","og_url":"https:\/\/www.ensembleintercontemporain.com\/en\/2026\/09\/derive-3-de-pierre-boulez\/","og_site_name":"Ensemble intercontemporain","article_published_time":"2026-09-04T08:42:10+00:00","article_modified_time":"2026-09-04T13:49:21+00:00","og_image":[{"width":1920,"height":1390,"url":"https:\/\/www.ensembleintercontemporain.com\/content\/uploads\/2026\/09\/pierre-boulez-archives-ircam-credit-inconnu.jpg","type":"image\/jpeg"}],"author":"J\u00e9remie Szpirglas","twitter_card":"summary_large_image","twitter_misc":{"Written by":"J\u00e9remie Szpirglas","Est. reading time":"6 minutes"},"schema":{"@context":"https:\/\/schema.org","@graph":[{"@type":"Article","@id":"https:\/\/www.ensembleintercontemporain.com\/en\/2026\/09\/derive-3-de-pierre-boulez\/#article","isPartOf":{"@id":"https:\/\/www.ensembleintercontemporain.com\/en\/2026\/09\/derive-3-de-pierre-boulez\/"},"author":{"name":"J\u00e9remie Szpirglas","@id":"https:\/\/www.ensembleintercontemporain.com\/en\/#\/schema\/person\/439a7dd5cd8a167c34c931d7cc900214"},"headline":"&#8220;D\u00e9rive 3&#8221; de Pierre Boulez.","datePublished":"2026-09-04T08:42:10+00:00","dateModified":"2026-09-04T13:49:21+00:00","mainEntityOfPage":{"@id":"https:\/\/www.ensembleintercontemporain.com\/en\/2026\/09\/derive-3-de-pierre-boulez\/"},"wordCount":1105,"image":{"@id":"https:\/\/www.ensembleintercontemporain.com\/en\/2026\/09\/derive-3-de-pierre-boulez\/#primaryimage"},"thumbnailUrl":"https:\/\/www.ensembleintercontemporain.com\/content\/uploads\/2026\/09\/pierre-boulez-archives-ircam-credit-inconnu.jpg","articleSection":["\u00c9clairage"],"inLanguage":"en-US"},{"@type":"WebPage","@id":"https:\/\/www.ensembleintercontemporain.com\/en\/2026\/09\/derive-3-de-pierre-boulez\/","url":"https:\/\/www.ensembleintercontemporain.com\/en\/2026\/09\/derive-3-de-pierre-boulez\/","name":"\"D\u00e9rive 3\" de Pierre Boulez. - Ensemble intercontemporain","isPartOf":{"@id":"https:\/\/www.ensembleintercontemporain.com\/en\/#website"},"primaryImageOfPage":{"@id":"https:\/\/www.ensembleintercontemporain.com\/en\/2026\/09\/derive-3-de-pierre-boulez\/#primaryimage"},"image":{"@id":"https:\/\/www.ensembleintercontemporain.com\/en\/2026\/09\/derive-3-de-pierre-boulez\/#primaryimage"},"thumbnailUrl":"https:\/\/www.ensembleintercontemporain.com\/content\/uploads\/2026\/09\/pierre-boulez-archives-ircam-credit-inconnu.jpg","datePublished":"2026-09-04T08:42:10+00:00","dateModified":"2026-09-04T13:49:21+00:00","author":{"@id":"https:\/\/www.ensembleintercontemporain.com\/en\/#\/schema\/person\/439a7dd5cd8a167c34c931d7cc900214"},"breadcrumb":{"@id":"https:\/\/www.ensembleintercontemporain.com\/en\/2026\/09\/derive-3-de-pierre-boulez\/#breadcrumb"},"inLanguage":"en-US","potentialAction":[{"@type":"ReadAction","target":["https:\/\/www.ensembleintercontemporain.com\/en\/2026\/09\/derive-3-de-pierre-boulez\/"]}]},{"@type":"ImageObject","inLanguage":"en-US","@id":"https:\/\/www.ensembleintercontemporain.com\/en\/2026\/09\/derive-3-de-pierre-boulez\/#primaryimage","url":"https:\/\/www.ensembleintercontemporain.com\/content\/uploads\/2026\/09\/pierre-boulez-archives-ircam-credit-inconnu.jpg","contentUrl":"https:\/\/www.ensembleintercontemporain.com\/content\/uploads\/2026\/09\/pierre-boulez-archives-ircam-credit-inconnu.jpg","width":1920,"height":1390},{"@type":"BreadcrumbList","@id":"https:\/\/www.ensembleintercontemporain.com\/en\/2026\/09\/derive-3-de-pierre-boulez\/#breadcrumb","itemListElement":[{"@type":"ListItem","position":1,"name":"Home","item":"https:\/\/www.ensembleintercontemporain.com\/en\/"},{"@type":"ListItem","position":2,"name":"&#8220;D\u00e9rive 3&#8221; de Pierre Boulez."}]},{"@type":"WebSite","@id":"https:\/\/www.ensembleintercontemporain.com\/en\/#website","url":"https:\/\/www.ensembleintercontemporain.com\/en\/","name":"Ensemble intercontemporain","description":"","potentialAction":[{"@type":"SearchAction","target":{"@type":"EntryPoint","urlTemplate":"https:\/\/www.ensembleintercontemporain.com\/en\/?s={search_term_string}"},"query-input":{"@type":"PropertyValueSpecification","valueRequired":true,"valueName":"search_term_string"}}],"inLanguage":"en-US"},{"@type":"Person","@id":"https:\/\/www.ensembleintercontemporain.com\/en\/#\/schema\/person\/439a7dd5cd8a167c34c931d7cc900214","name":"J\u00e9remie Szpirglas","image":{"@type":"ImageObject","inLanguage":"en-US","@id":"https:\/\/secure.gravatar.com\/avatar\/51406c8ec861211e1bd97cfab9a482b48101946652a6a78f911670a9a593f3ed?s=96&d=mm&r=g","url":"https:\/\/secure.gravatar.com\/avatar\/51406c8ec861211e1bd97cfab9a482b48101946652a6a78f911670a9a593f3ed?s=96&d=mm&r=g","contentUrl":"https:\/\/secure.gravatar.com\/avatar\/51406c8ec861211e1bd97cfab9a482b48101946652a6a78f911670a9a593f3ed?s=96&d=mm&r=g","caption":"J\u00e9remie Szpirglas"},"url":"https:\/\/www.ensembleintercontemporain.com\/en\/author\/benjamin-szpirglas\/"}]}},"_links":{"self":[{"href":"https:\/\/www.ensembleintercontemporain.com\/en\/wp-json\/wp\/v2\/posts\/31209\/"}],"collection":[{"href":"https:\/\/www.ensembleintercontemporain.com\/en\/wp-json\/wp\/v2\/posts\/"}],"about":[{"href":"https:\/\/www.ensembleintercontemporain.com\/en\/wp-json\/wp\/v2\/types\/post\/"}],"author":[{"embeddable":true,"href":"https:\/\/www.ensembleintercontemporain.com\/en\/wp-json\/wp\/v2\/users\/5\/"}],"replies":[{"embeddable":true,"href":"https:\/\/www.ensembleintercontemporain.com\/en\/wp-json\/wp\/v2\/comments\/?post=31209"}],"version-history":[{"count":7,"href":"https:\/\/www.ensembleintercontemporain.com\/en\/wp-json\/wp\/v2\/posts\/31209\/revisions\/"}],"predecessor-version":[{"id":31233,"href":"https:\/\/www.ensembleintercontemporain.com\/en\/wp-json\/wp\/v2\/posts\/31209\/revisions\/31233\/"}],"wp:featuredmedia":[{"embeddable":true,"href":"https:\/\/www.ensembleintercontemporain.com\/en\/wp-json\/wp\/v2\/media\/31210\/"}],"wp:attachment":[{"href":"https:\/\/www.ensembleintercontemporain.com\/en\/wp-json\/wp\/v2\/media\/?parent=31209"}],"wp:term":[{"taxonomy":"category","embeddable":true,"href":"https:\/\/www.ensembleintercontemporain.com\/en\/wp-json\/wp\/v2\/categories\/?post=31209"},{"taxonomy":"post_tag","embeddable":true,"href":"https:\/\/www.ensembleintercontemporain.com\/en\/wp-json\/wp\/v2\/tags\/?post=31209"}],"curies":[{"name":"wp","href":"https:\/\/api.w.org\/{rel}","templated":true}]}}