{"id":31195,"date":"2026-09-03T17:46:24","date_gmt":"2026-09-03T15:46:24","guid":{"rendered":"https:\/\/www.ensembleintercontemporain.com\/?p=31195"},"modified":"2026-09-03T17:46:24","modified_gmt":"2026-09-03T15:46:24","slug":"aborder-la-composition-comme-un-miroir-tendu-au-repertoire-entretien-avec-mariam-razaei-platiniste-et-compositrice","status":"publish","type":"post","link":"https:\/\/www.ensembleintercontemporain.com\/en\/2026\/09\/aborder-la-composition-comme-un-miroir-tendu-au-repertoire-entretien-avec-mariam-razaei-platiniste-et-compositrice\/","title":{"rendered":"\u00ab\u00a0Aborder la composition comme un miroir tendu au r\u00e9pertoire\u00a0\u00bb. Entretien avec Mariam Razaei, platiniste et compositrice. \u00a0"},"content":{"rendered":"<p><span style=\"color: #003366;\"><strong><span style=\"font-size: 18pt;\"><img loading=\"lazy\" decoding=\"async\" class=\"aligncenter size-full wp-image-31196\" src=\"http:\/\/www.ensembleintercontemporain.com\/content\/uploads\/2026\/09\/mariam-platine.jpg\" alt=\"\" width=\"1920\" height=\"1279\" srcset=\"https:\/\/www.ensembleintercontemporain.com\/content\/uploads\/2026\/09\/mariam-platine.jpg 1920w, https:\/\/www.ensembleintercontemporain.com\/content\/uploads\/2026\/09\/mariam-platine-300x200.jpg 300w, https:\/\/www.ensembleintercontemporain.com\/content\/uploads\/2026\/09\/mariam-platine-1024x682.jpg 1024w, https:\/\/www.ensembleintercontemporain.com\/content\/uploads\/2026\/09\/mariam-platine-768x512.jpg 768w, https:\/\/www.ensembleintercontemporain.com\/content\/uploads\/2026\/09\/mariam-platine-1536x1023.jpg 1536w\" sizes=\"auto, (max-width: 1920px) 100vw, 1920px\" \/><br \/>\nP<\/span>our c\u00e9l\u00e9brer cinquante ans de cr\u00e9ation, pourquoi ne pas faire du r\u00e9pertoire de l\u2019Ensemble lui-m\u00eame une nouvelle mati\u00e8re musicale ? Invit\u00e9e des concerts anniversaire des <a href=\"https:\/\/www.ensembleintercontemporain.com\/fr\/concert\/eic50-juke-box-contemporain-2-2026-09-19-19h00-cite-de-la-musique\/\">19 et 20 septembre \u00e0 la Cit\u00e9 de la musique<\/a>, la platiniste britannique Mariam Rezaei s\u2019empare des archives sonores de l\u2019EIC pour les fragmenter, les m\u00ealer et les remettre en jeu aux c\u00f4t\u00e9s des solistes. Nourrie par le plunderphonics, sa performance fait dialoguer les musiques d\u2019hier et d\u2019aujourd\u2019hui et joue avec notre m\u00e9moire d\u2019auditeur\u00b7rice : des \u0153uvres famili\u00e8res resurgissent par bribes, transform\u00e9es par le scratch, le mixage et le beatjuggling. Une mani\u00e8re de parcourir cinquante ans d\u2019histoire en les \u00e9coutant autrement.<\/strong><\/span><\/p>\n<p><strong>Mariam, en tant que platiniste, vous vous \u00eates notamment fait conna\u00eetre par votre pratique du \u00ab plunderphonics \u00bb, qui consiste \u00e0 composer \u00e0 partir d\u2019\u00e9chantillons d\u2019\u0153uvres musicales, reconnaissables. Pourriez-vous nous pr\u00e9senter ce genre musical singulier et revenir bri\u00e8vement sur son histoire<\/strong> ?<br \/>\n<span style=\"font-size: 14pt;\">Le terme a \u00e9t\u00e9 invent\u00e9 par l\u2019artiste sonore John Oswald. Il d\u00e9signait au d\u00e9part l\u2019\u00e9tude de ce ph\u00e9nom\u00e8ne qui relie la musique populaire et la mani\u00e8re dont les auditeurs la per\u00e7oivent et se l\u2019approprient socialement. On peut l\u2019illustrer par la popularit\u00e9 universelle d\u2019artistes comme Elvis Presley ou ABBA : il suffit parfois \u00e0 un auditeur d\u2019entendre une seule seconde d\u2019une chanson pour \u00eatre capable d\u2019en chanter int\u00e9gralement les paroles. Ces chansons sont souvent associ\u00e9es \u00e0 des exp\u00e9riences profond\u00e9ment personnelles qui varient consid\u00e9rablement d\u2019un auditeur \u00e0 l\u2019autre\u00a0; ainsi, une m\u00eame chanson peut, aux uns, \u00e9voquer une f\u00eate m\u00e9morable entre amis, et des fun\u00e9railles d\u00e9chirantes \u00e0 un autre. Une approche ing\u00e9nieuse du plunderphonics \u2014 comme celle de John Oswald \u2014 permet d\u2019exploiter ce potentiel pour transformer radicalement la fa\u00e7on dont le public vit une musique qu\u2019il conna\u00eet d\u00e9j\u00e0. \u00a0\u2028<\/span><br \/>\n<span style=\"font-size: 14pt;\">De quelle mani\u00e8re vos recherches et votre pr\u00e9paration influencent-elles vos performances, et inversement ?<\/span><br \/>\n<span style=\"font-size: 14pt;\">Le turntablism ou platinisme repose sur l\u2019utilisation combin\u00e9e de platines vinyles, de disques et de techniques sp\u00e9cifiques. Manipuler les disques est le seul moyen de d\u00e9couvrir tout le potentiel musical qu\u2019ils rec\u00e8lent ; l\u2019exp\u00e9rimentation sonore constitue donc, quoi qu\u2019il arrive, l\u2019aspect le plus important de cette discipline.<br \/>\n<\/span><br \/>\n<strong>Vous composez donc \u00e0 partir d\u2019\u00e9chantillons de musiques pr\u00e9existantes : avez-vous d\u00e9j\u00e0 collabor\u00e9 de la sorte avec un ensemble de musique contemporaine ou travaill\u00e9 sur le r\u00e9pertoire contemporain ?<\/strong><br \/>\n<span style=\"font-size: 14pt;\">J\u2019ai d\u00e9j\u00e0 collabor\u00e9 avec diff\u00e9rents ensembles, mais c\u2019est la premi\u00e8re fois que je travaille avec une formation \u00e0 partir d\u2019\u0153uvres de son propre r\u00e9pertoire. Me baser sur des partitions et des enregistrements d\u2019archives est pour moi un v\u00e9ritable plaisir ; c\u2019est aussi une fa\u00e7on passionnante d\u2019interroger la platine au prisme des concepts du \u00ab plunderphonics \u00bb.<\/span><\/p>\n<p><img loading=\"lazy\" decoding=\"async\" class=\" wp-image-31198\" src=\"http:\/\/www.ensembleintercontemporain.com\/content\/uploads\/2026\/09\/rezaei-2.jpg\" alt=\"\" width=\"1000\" height=\"778\" srcset=\"https:\/\/www.ensembleintercontemporain.com\/content\/uploads\/2026\/09\/rezaei-2.jpg 1080w, https:\/\/www.ensembleintercontemporain.com\/content\/uploads\/2026\/09\/rezaei-2-300x233.jpg 300w, https:\/\/www.ensembleintercontemporain.com\/content\/uploads\/2026\/09\/rezaei-2-1024x796.jpg 1024w, https:\/\/www.ensembleintercontemporain.com\/content\/uploads\/2026\/09\/rezaei-2-768x597.jpg 768w\" sizes=\"auto, (max-width: 1000px) 100vw, 1000px\" \/><\/p>\n<p><strong>Pour votre performance dans le cadre de ce concert ouvrant les festivit\u00e9s du cinquantenaire de l\u2019Ensemble intercontemporain, vous utiliserez donc les archives audio de l\u2019Ensemble en tant que mati\u00e8re premi\u00e8re pour cr\u00e9er de nouvelles \u0153uvres : comment cela se passe-t-il concr\u00e8tement ? La manipulation de ce mat\u00e9riau n\u00e9cessite-t-elle des outils sp\u00e9cifiques\u00a0?<\/strong><br \/>\n<span style=\"font-size: 14pt;\">J\u2019aborde ici la composition comme un miroir tendu au r\u00e9pertoire, explorant les possibilit\u00e9s du plunderphonics en plus de la simple production musicale autonome aux platines. Ma d\u00e9marche part g\u00e9n\u00e9ralement d\u2019une r\u00e9flexion sur la technique. Ici, je produis des pi\u00e8ces aussi bien pour platine solo que pour ma collaboration avec l\u2019Ensemble. M\u2019appuyant sur le r\u00e9pertoire aussi riche que vari\u00e9 d\u2019\u0153uvres command\u00e9es et interpr\u00e9t\u00e9es par l\u2019EIC, j\u2019utilise des techniques \u00e9tendues aux platines, telles que le scratch, le beatjuggling et le mixage, pour m\u00ealer des enregistrements d\u2019hier et d\u2019aujourd\u2019hui. Autant d\u2019\u00e9l\u00e9ments qui sont ensuite r\u00e9investis, recontextualis\u00e9s et remix\u00e9s. Et c\u2019est nourrie tout \u00e0 la fois de mes propres exp\u00e9rimentations sur platine, des partitions \u00e9crites et de ma vision globale de la musique, que j\u2019ai travaill\u00e9 en amont avec les solistes afin d\u2019\u00e9laborer la performance finale sur sc\u00e8ne.<br \/>\n<\/span><br \/>\n<strong>\u2028Peut-on dire que votre travail propose comme une esquisse de \u00ab portrait musical \u00bb de l\u2019EIC ?<\/strong><br \/>\n<span style=\"font-size: 14pt;\">D\u2019une certaine mani\u00e8re. Ce travail revient sur les r\u00e9alisations et les prouesses accomplies par l\u2019Ensemble au fil des ans dans le domaine de la cr\u00e9ation musicale contemporaine.<\/span><br \/>\n<span style=\"font-size: 14pt;\">Par ailleurs, des bribes extraites de musiques originales \u2013 interpr\u00e9t\u00e9es par les solistes et les platines \u2013 viendront \u00ab titiller \u00bb l\u2019oreille du public. Autrement dit, le public reconna\u00eetra des \u00e9l\u00e9ments de la musique d\u2019origine, mais il les percevra sous un angle diff\u00e9rent et fragmentaire, n\u00e9cessitant parfois un certain temps pour les identifier pr\u00e9cis\u00e9ment. C\u2019est un peu l\u2019\u00e9quivalent musical de ces moments suspendus o\u00f9 l\u2019on a le nom de quelqu\u2019un sur le bout de la langue ! Fait int\u00e9ressant, chaque spectateur.rice conservera un souvenir unique et personnel des musiques que nous utilisons ; un souvenir qui, \u00e0 bien des \u00e9gards, le ou la replongera dans une \u00e9poque et un lieu donn\u00e9s, en y associant une atmosph\u00e8re particuli\u00e8re, voire des odeurs et des saveurs. Cette m\u00e9moire singuli\u00e8re est au c\u0153ur de l\u2019exp\u00e9rience du \u00ab\u00a0plunderphonics\u00a0\u00bb.<\/span><\/p>\n<p><strong><a href=\"https:\/\/mariamrezaei.co.uk\">En savoir plus sur \u00a0Mariam Rezaei\u00a0<\/a><\/strong><\/p>\n<p>Photos : source\u00a0mariamrezaei.co.uk<\/p>\n","protected":false},"excerpt":{"rendered":"<p>Pour c\u00e9l\u00e9brer cinquante ans de cr\u00e9ation, pourquoi ne pas faire du r\u00e9pertoire de l\u2019Ensemble lui-m\u00eame une nouvelle mati\u00e8re musicale ? Invit\u00e9e des concerts anniversaire des 19 et 20 septembre, la platiniste britannique Mariam Rezaei s\u2019empare des archives sonores de l\u2019EIC pour les fragmenter, les m\u00ealer et les remettre en jeu aux c\u00f4t\u00e9s des solistes. Nourrie par le plunderphonics, sa performance fait dialoguer les musiques d\u2019hier et d\u2019aujourd\u2019hui et joue avec notre m\u00e9moire d\u2019auditeur\u00b7rice : des \u0153uvres famili\u00e8res resurgissent par bribes, transform\u00e9es par le scratch, le mixage et le beatjuggling. Une mani\u00e8re de parcourir cinquante ans d\u2019histoire en les \u00e9coutant autrement.<\/p>\n","protected":false},"author":5,"featured_media":31196,"comment_status":"closed","ping_status":"closed","sticky":false,"template":"","format":"standard","meta":{"_acf_changed":false,"footnotes":""},"categories":[4],"tags":[],"class_list":["post-31195","post","type-post","status-publish","format-standard","has-post-thumbnail","hentry","category-entretiens","concert-eic50-juke-box-contemporain"],"acf":[],"yoast_head":"<!-- This site is optimized with the Yoast SEO plugin v28.4 - https:\/\/yoast.com\/product\/yoast-seo-wordpress\/ -->\n<title>\u00ab\u00a0Aborder la composition comme un miroir tendu au r\u00e9pertoire\u00a0\u00bb. Entretien avec Mariam Razaei, platiniste et compositrice. \u00a0 - Ensemble intercontemporain<\/title>\n<meta name=\"robots\" content=\"index, follow, max-snippet:-1, max-image-preview:large, max-video-preview:-1\" \/>\n<link rel=\"canonical\" href=\"https:\/\/www.ensembleintercontemporain.com\/en\/2026\/09\/aborder-la-composition-comme-un-miroir-tendu-au-repertoire-entretien-avec-mariam-razaei-platiniste-et-compositrice\/\" \/>\n<meta property=\"og:locale\" content=\"en_US\" \/>\n<meta property=\"og:type\" content=\"article\" \/>\n<meta property=\"og:title\" content=\"\u00ab\u00a0Aborder la composition comme un miroir tendu au r\u00e9pertoire\u00a0\u00bb. Entretien avec Mariam Razaei, platiniste et compositrice. \u00a0 - Ensemble intercontemporain\" \/>\n<meta property=\"og:description\" content=\"Pour c\u00e9l\u00e9brer cinquante ans de cr\u00e9ation, pourquoi ne pas faire du r\u00e9pertoire de l\u2019Ensemble lui-m\u00eame une nouvelle mati\u00e8re musicale ? Invit\u00e9e des concerts anniversaire des 19 et 20 septembre, la platiniste britannique Mariam Rezaei s\u2019empare des archives sonores de l\u2019EIC pour les fragmenter, les m\u00ealer et les remettre en jeu aux c\u00f4t\u00e9s des solistes. Nourrie par le plunderphonics, sa performance fait dialoguer les musiques d\u2019hier et d\u2019aujourd\u2019hui et joue avec notre m\u00e9moire d\u2019auditeur\u00b7rice : des \u0153uvres famili\u00e8res resurgissent par bribes, transform\u00e9es par le scratch, le mixage et le beatjuggling. Une mani\u00e8re de parcourir cinquante ans d\u2019histoire en les \u00e9coutant autrement.\" \/>\n<meta property=\"og:url\" content=\"https:\/\/www.ensembleintercontemporain.com\/en\/2026\/09\/aborder-la-composition-comme-un-miroir-tendu-au-repertoire-entretien-avec-mariam-razaei-platiniste-et-compositrice\/\" \/>\n<meta property=\"og:site_name\" content=\"Ensemble intercontemporain\" \/>\n<meta property=\"article:published_time\" content=\"2026-09-03T15:46:24+00:00\" \/>\n<meta property=\"og:image\" content=\"https:\/\/www.ensembleintercontemporain.com\/content\/uploads\/2026\/09\/mariam-platine.jpg\" \/>\n\t<meta property=\"og:image:width\" content=\"1920\" \/>\n\t<meta property=\"og:image:height\" content=\"1279\" \/>\n\t<meta property=\"og:image:type\" content=\"image\/jpeg\" \/>\n<meta name=\"author\" content=\"J\u00e9remie Szpirglas\" \/>\n<meta name=\"twitter:card\" content=\"summary_large_image\" \/>\n<meta name=\"twitter:label1\" content=\"Written by\" \/>\n\t<meta name=\"twitter:data1\" content=\"J\u00e9remie Szpirglas\" \/>\n\t<meta name=\"twitter:label2\" content=\"Est. reading time\" \/>\n\t<meta name=\"twitter:data2\" content=\"5 minutes\" \/>\n<script type=\"application\/ld+json\" class=\"yoast-schema-graph\">{\"@context\":\"https:\\\/\\\/schema.org\",\"@graph\":[{\"@type\":\"Article\",\"@id\":\"https:\\\/\\\/www.ensembleintercontemporain.com\\\/en\\\/2026\\\/09\\\/aborder-la-composition-comme-un-miroir-tendu-au-repertoire-entretien-avec-mariam-razaei-platiniste-et-compositrice\\\/#article\",\"isPartOf\":{\"@id\":\"https:\\\/\\\/www.ensembleintercontemporain.com\\\/en\\\/2026\\\/09\\\/aborder-la-composition-comme-un-miroir-tendu-au-repertoire-entretien-avec-mariam-razaei-platiniste-et-compositrice\\\/\"},\"author\":{\"name\":\"J\u00e9remie Szpirglas\",\"@id\":\"https:\\\/\\\/www.ensembleintercontemporain.com\\\/en\\\/#\\\/schema\\\/person\\\/439a7dd5cd8a167c34c931d7cc900214\"},\"headline\":\"\u00ab\u00a0Aborder la composition comme un miroir tendu au r\u00e9pertoire\u00a0\u00bb. Entretien avec Mariam Razaei, platiniste et compositrice. \u00a0\",\"datePublished\":\"2026-09-03T15:46:24+00:00\",\"mainEntityOfPage\":{\"@id\":\"https:\\\/\\\/www.ensembleintercontemporain.com\\\/en\\\/2026\\\/09\\\/aborder-la-composition-comme-un-miroir-tendu-au-repertoire-entretien-avec-mariam-razaei-platiniste-et-compositrice\\\/\"},\"wordCount\":941,\"image\":{\"@id\":\"https:\\\/\\\/www.ensembleintercontemporain.com\\\/en\\\/2026\\\/09\\\/aborder-la-composition-comme-un-miroir-tendu-au-repertoire-entretien-avec-mariam-razaei-platiniste-et-compositrice\\\/#primaryimage\"},\"thumbnailUrl\":\"https:\\\/\\\/www.ensembleintercontemporain.com\\\/content\\\/uploads\\\/2026\\\/09\\\/mariam-platine.jpg\",\"articleSection\":[\"Entretien\"],\"inLanguage\":\"en-US\"},{\"@type\":\"WebPage\",\"@id\":\"https:\\\/\\\/www.ensembleintercontemporain.com\\\/en\\\/2026\\\/09\\\/aborder-la-composition-comme-un-miroir-tendu-au-repertoire-entretien-avec-mariam-razaei-platiniste-et-compositrice\\\/\",\"url\":\"https:\\\/\\\/www.ensembleintercontemporain.com\\\/en\\\/2026\\\/09\\\/aborder-la-composition-comme-un-miroir-tendu-au-repertoire-entretien-avec-mariam-razaei-platiniste-et-compositrice\\\/\",\"name\":\"\u00ab\u00a0Aborder la composition comme un miroir tendu au r\u00e9pertoire\u00a0\u00bb. Entretien avec Mariam Razaei, platiniste et compositrice. \u00a0 - Ensemble intercontemporain\",\"isPartOf\":{\"@id\":\"https:\\\/\\\/www.ensembleintercontemporain.com\\\/en\\\/#website\"},\"primaryImageOfPage\":{\"@id\":\"https:\\\/\\\/www.ensembleintercontemporain.com\\\/en\\\/2026\\\/09\\\/aborder-la-composition-comme-un-miroir-tendu-au-repertoire-entretien-avec-mariam-razaei-platiniste-et-compositrice\\\/#primaryimage\"},\"image\":{\"@id\":\"https:\\\/\\\/www.ensembleintercontemporain.com\\\/en\\\/2026\\\/09\\\/aborder-la-composition-comme-un-miroir-tendu-au-repertoire-entretien-avec-mariam-razaei-platiniste-et-compositrice\\\/#primaryimage\"},\"thumbnailUrl\":\"https:\\\/\\\/www.ensembleintercontemporain.com\\\/content\\\/uploads\\\/2026\\\/09\\\/mariam-platine.jpg\",\"datePublished\":\"2026-09-03T15:46:24+00:00\",\"author\":{\"@id\":\"https:\\\/\\\/www.ensembleintercontemporain.com\\\/en\\\/#\\\/schema\\\/person\\\/439a7dd5cd8a167c34c931d7cc900214\"},\"breadcrumb\":{\"@id\":\"https:\\\/\\\/www.ensembleintercontemporain.com\\\/en\\\/2026\\\/09\\\/aborder-la-composition-comme-un-miroir-tendu-au-repertoire-entretien-avec-mariam-razaei-platiniste-et-compositrice\\\/#breadcrumb\"},\"inLanguage\":\"en-US\",\"potentialAction\":[{\"@type\":\"ReadAction\",\"target\":[\"https:\\\/\\\/www.ensembleintercontemporain.com\\\/en\\\/2026\\\/09\\\/aborder-la-composition-comme-un-miroir-tendu-au-repertoire-entretien-avec-mariam-razaei-platiniste-et-compositrice\\\/\"]}]},{\"@type\":\"ImageObject\",\"inLanguage\":\"en-US\",\"@id\":\"https:\\\/\\\/www.ensembleintercontemporain.com\\\/en\\\/2026\\\/09\\\/aborder-la-composition-comme-un-miroir-tendu-au-repertoire-entretien-avec-mariam-razaei-platiniste-et-compositrice\\\/#primaryimage\",\"url\":\"https:\\\/\\\/www.ensembleintercontemporain.com\\\/content\\\/uploads\\\/2026\\\/09\\\/mariam-platine.jpg\",\"contentUrl\":\"https:\\\/\\\/www.ensembleintercontemporain.com\\\/content\\\/uploads\\\/2026\\\/09\\\/mariam-platine.jpg\",\"width\":1920,\"height\":1279},{\"@type\":\"BreadcrumbList\",\"@id\":\"https:\\\/\\\/www.ensembleintercontemporain.com\\\/en\\\/2026\\\/09\\\/aborder-la-composition-comme-un-miroir-tendu-au-repertoire-entretien-avec-mariam-razaei-platiniste-et-compositrice\\\/#breadcrumb\",\"itemListElement\":[{\"@type\":\"ListItem\",\"position\":1,\"name\":\"Home\",\"item\":\"https:\\\/\\\/www.ensembleintercontemporain.com\\\/en\\\/\"},{\"@type\":\"ListItem\",\"position\":2,\"name\":\"\u00ab\u00a0Aborder la composition comme un miroir tendu au r\u00e9pertoire\u00a0\u00bb. Entretien avec Mariam Razaei, platiniste et compositrice. \u00a0\"}]},{\"@type\":\"WebSite\",\"@id\":\"https:\\\/\\\/www.ensembleintercontemporain.com\\\/en\\\/#website\",\"url\":\"https:\\\/\\\/www.ensembleintercontemporain.com\\\/en\\\/\",\"name\":\"Ensemble intercontemporain\",\"description\":\"\",\"potentialAction\":[{\"@type\":\"SearchAction\",\"target\":{\"@type\":\"EntryPoint\",\"urlTemplate\":\"https:\\\/\\\/www.ensembleintercontemporain.com\\\/en\\\/?s={search_term_string}\"},\"query-input\":{\"@type\":\"PropertyValueSpecification\",\"valueRequired\":true,\"valueName\":\"search_term_string\"}}],\"inLanguage\":\"en-US\"},{\"@type\":\"Person\",\"@id\":\"https:\\\/\\\/www.ensembleintercontemporain.com\\\/en\\\/#\\\/schema\\\/person\\\/439a7dd5cd8a167c34c931d7cc900214\",\"name\":\"J\u00e9remie Szpirglas\",\"image\":{\"@type\":\"ImageObject\",\"inLanguage\":\"en-US\",\"@id\":\"https:\\\/\\\/secure.gravatar.com\\\/avatar\\\/51406c8ec861211e1bd97cfab9a482b48101946652a6a78f911670a9a593f3ed?s=96&d=mm&r=g\",\"url\":\"https:\\\/\\\/secure.gravatar.com\\\/avatar\\\/51406c8ec861211e1bd97cfab9a482b48101946652a6a78f911670a9a593f3ed?s=96&d=mm&r=g\",\"contentUrl\":\"https:\\\/\\\/secure.gravatar.com\\\/avatar\\\/51406c8ec861211e1bd97cfab9a482b48101946652a6a78f911670a9a593f3ed?s=96&d=mm&r=g\",\"caption\":\"J\u00e9remie Szpirglas\"},\"url\":\"https:\\\/\\\/www.ensembleintercontemporain.com\\\/en\\\/author\\\/benjamin-szpirglas\\\/\"}]}<\/script>\n<!-- \/ Yoast SEO plugin. -->","yoast_head_json":{"title":"\u00ab\u00a0Aborder la composition comme un miroir tendu au r\u00e9pertoire\u00a0\u00bb. Entretien avec Mariam Razaei, platiniste et compositrice. \u00a0 - Ensemble intercontemporain","robots":{"index":"index","follow":"follow","max-snippet":"max-snippet:-1","max-image-preview":"max-image-preview:large","max-video-preview":"max-video-preview:-1"},"canonical":"https:\/\/www.ensembleintercontemporain.com\/en\/2026\/09\/aborder-la-composition-comme-un-miroir-tendu-au-repertoire-entretien-avec-mariam-razaei-platiniste-et-compositrice\/","og_locale":"en_US","og_type":"article","og_title":"\u00ab\u00a0Aborder la composition comme un miroir tendu au r\u00e9pertoire\u00a0\u00bb. Entretien avec Mariam Razaei, platiniste et compositrice. \u00a0 - Ensemble intercontemporain","og_description":"Pour c\u00e9l\u00e9brer cinquante ans de cr\u00e9ation, pourquoi ne pas faire du r\u00e9pertoire de l\u2019Ensemble lui-m\u00eame une nouvelle mati\u00e8re musicale ? Invit\u00e9e des concerts anniversaire des 19 et 20 septembre, la platiniste britannique Mariam Rezaei s\u2019empare des archives sonores de l\u2019EIC pour les fragmenter, les m\u00ealer et les remettre en jeu aux c\u00f4t\u00e9s des solistes. Nourrie par le plunderphonics, sa performance fait dialoguer les musiques d\u2019hier et d\u2019aujourd\u2019hui et joue avec notre m\u00e9moire d\u2019auditeur\u00b7rice : des \u0153uvres famili\u00e8res resurgissent par bribes, transform\u00e9es par le scratch, le mixage et le beatjuggling. Une mani\u00e8re de parcourir cinquante ans d\u2019histoire en les \u00e9coutant autrement.","og_url":"https:\/\/www.ensembleintercontemporain.com\/en\/2026\/09\/aborder-la-composition-comme-un-miroir-tendu-au-repertoire-entretien-avec-mariam-razaei-platiniste-et-compositrice\/","og_site_name":"Ensemble intercontemporain","article_published_time":"2026-09-03T15:46:24+00:00","og_image":[{"width":1920,"height":1279,"url":"https:\/\/www.ensembleintercontemporain.com\/content\/uploads\/2026\/09\/mariam-platine.jpg","type":"image\/jpeg"}],"author":"J\u00e9remie Szpirglas","twitter_card":"summary_large_image","twitter_misc":{"Written by":"J\u00e9remie Szpirglas","Est. reading time":"5 minutes"},"schema":{"@context":"https:\/\/schema.org","@graph":[{"@type":"Article","@id":"https:\/\/www.ensembleintercontemporain.com\/en\/2026\/09\/aborder-la-composition-comme-un-miroir-tendu-au-repertoire-entretien-avec-mariam-razaei-platiniste-et-compositrice\/#article","isPartOf":{"@id":"https:\/\/www.ensembleintercontemporain.com\/en\/2026\/09\/aborder-la-composition-comme-un-miroir-tendu-au-repertoire-entretien-avec-mariam-razaei-platiniste-et-compositrice\/"},"author":{"name":"J\u00e9remie Szpirglas","@id":"https:\/\/www.ensembleintercontemporain.com\/en\/#\/schema\/person\/439a7dd5cd8a167c34c931d7cc900214"},"headline":"\u00ab\u00a0Aborder la composition comme un miroir tendu au r\u00e9pertoire\u00a0\u00bb. Entretien avec Mariam Razaei, platiniste et compositrice. \u00a0","datePublished":"2026-09-03T15:46:24+00:00","mainEntityOfPage":{"@id":"https:\/\/www.ensembleintercontemporain.com\/en\/2026\/09\/aborder-la-composition-comme-un-miroir-tendu-au-repertoire-entretien-avec-mariam-razaei-platiniste-et-compositrice\/"},"wordCount":941,"image":{"@id":"https:\/\/www.ensembleintercontemporain.com\/en\/2026\/09\/aborder-la-composition-comme-un-miroir-tendu-au-repertoire-entretien-avec-mariam-razaei-platiniste-et-compositrice\/#primaryimage"},"thumbnailUrl":"https:\/\/www.ensembleintercontemporain.com\/content\/uploads\/2026\/09\/mariam-platine.jpg","articleSection":["Entretien"],"inLanguage":"en-US"},{"@type":"WebPage","@id":"https:\/\/www.ensembleintercontemporain.com\/en\/2026\/09\/aborder-la-composition-comme-un-miroir-tendu-au-repertoire-entretien-avec-mariam-razaei-platiniste-et-compositrice\/","url":"https:\/\/www.ensembleintercontemporain.com\/en\/2026\/09\/aborder-la-composition-comme-un-miroir-tendu-au-repertoire-entretien-avec-mariam-razaei-platiniste-et-compositrice\/","name":"\u00ab\u00a0Aborder la composition comme un miroir tendu au r\u00e9pertoire\u00a0\u00bb. Entretien avec Mariam Razaei, platiniste et compositrice. \u00a0 - Ensemble intercontemporain","isPartOf":{"@id":"https:\/\/www.ensembleintercontemporain.com\/en\/#website"},"primaryImageOfPage":{"@id":"https:\/\/www.ensembleintercontemporain.com\/en\/2026\/09\/aborder-la-composition-comme-un-miroir-tendu-au-repertoire-entretien-avec-mariam-razaei-platiniste-et-compositrice\/#primaryimage"},"image":{"@id":"https:\/\/www.ensembleintercontemporain.com\/en\/2026\/09\/aborder-la-composition-comme-un-miroir-tendu-au-repertoire-entretien-avec-mariam-razaei-platiniste-et-compositrice\/#primaryimage"},"thumbnailUrl":"https:\/\/www.ensembleintercontemporain.com\/content\/uploads\/2026\/09\/mariam-platine.jpg","datePublished":"2026-09-03T15:46:24+00:00","author":{"@id":"https:\/\/www.ensembleintercontemporain.com\/en\/#\/schema\/person\/439a7dd5cd8a167c34c931d7cc900214"},"breadcrumb":{"@id":"https:\/\/www.ensembleintercontemporain.com\/en\/2026\/09\/aborder-la-composition-comme-un-miroir-tendu-au-repertoire-entretien-avec-mariam-razaei-platiniste-et-compositrice\/#breadcrumb"},"inLanguage":"en-US","potentialAction":[{"@type":"ReadAction","target":["https:\/\/www.ensembleintercontemporain.com\/en\/2026\/09\/aborder-la-composition-comme-un-miroir-tendu-au-repertoire-entretien-avec-mariam-razaei-platiniste-et-compositrice\/"]}]},{"@type":"ImageObject","inLanguage":"en-US","@id":"https:\/\/www.ensembleintercontemporain.com\/en\/2026\/09\/aborder-la-composition-comme-un-miroir-tendu-au-repertoire-entretien-avec-mariam-razaei-platiniste-et-compositrice\/#primaryimage","url":"https:\/\/www.ensembleintercontemporain.com\/content\/uploads\/2026\/09\/mariam-platine.jpg","contentUrl":"https:\/\/www.ensembleintercontemporain.com\/content\/uploads\/2026\/09\/mariam-platine.jpg","width":1920,"height":1279},{"@type":"BreadcrumbList","@id":"https:\/\/www.ensembleintercontemporain.com\/en\/2026\/09\/aborder-la-composition-comme-un-miroir-tendu-au-repertoire-entretien-avec-mariam-razaei-platiniste-et-compositrice\/#breadcrumb","itemListElement":[{"@type":"ListItem","position":1,"name":"Home","item":"https:\/\/www.ensembleintercontemporain.com\/en\/"},{"@type":"ListItem","position":2,"name":"\u00ab\u00a0Aborder la composition comme un miroir tendu au r\u00e9pertoire\u00a0\u00bb. Entretien avec Mariam Razaei, platiniste et compositrice. \u00a0"}]},{"@type":"WebSite","@id":"https:\/\/www.ensembleintercontemporain.com\/en\/#website","url":"https:\/\/www.ensembleintercontemporain.com\/en\/","name":"Ensemble intercontemporain","description":"","potentialAction":[{"@type":"SearchAction","target":{"@type":"EntryPoint","urlTemplate":"https:\/\/www.ensembleintercontemporain.com\/en\/?s={search_term_string}"},"query-input":{"@type":"PropertyValueSpecification","valueRequired":true,"valueName":"search_term_string"}}],"inLanguage":"en-US"},{"@type":"Person","@id":"https:\/\/www.ensembleintercontemporain.com\/en\/#\/schema\/person\/439a7dd5cd8a167c34c931d7cc900214","name":"J\u00e9remie Szpirglas","image":{"@type":"ImageObject","inLanguage":"en-US","@id":"https:\/\/secure.gravatar.com\/avatar\/51406c8ec861211e1bd97cfab9a482b48101946652a6a78f911670a9a593f3ed?s=96&d=mm&r=g","url":"https:\/\/secure.gravatar.com\/avatar\/51406c8ec861211e1bd97cfab9a482b48101946652a6a78f911670a9a593f3ed?s=96&d=mm&r=g","contentUrl":"https:\/\/secure.gravatar.com\/avatar\/51406c8ec861211e1bd97cfab9a482b48101946652a6a78f911670a9a593f3ed?s=96&d=mm&r=g","caption":"J\u00e9remie Szpirglas"},"url":"https:\/\/www.ensembleintercontemporain.com\/en\/author\/benjamin-szpirglas\/"}]}},"_links":{"self":[{"href":"https:\/\/www.ensembleintercontemporain.com\/en\/wp-json\/wp\/v2\/posts\/31195\/"}],"collection":[{"href":"https:\/\/www.ensembleintercontemporain.com\/en\/wp-json\/wp\/v2\/posts\/"}],"about":[{"href":"https:\/\/www.ensembleintercontemporain.com\/en\/wp-json\/wp\/v2\/types\/post\/"}],"author":[{"embeddable":true,"href":"https:\/\/www.ensembleintercontemporain.com\/en\/wp-json\/wp\/v2\/users\/5\/"}],"replies":[{"embeddable":true,"href":"https:\/\/www.ensembleintercontemporain.com\/en\/wp-json\/wp\/v2\/comments\/?post=31195"}],"version-history":[{"count":5,"href":"https:\/\/www.ensembleintercontemporain.com\/en\/wp-json\/wp\/v2\/posts\/31195\/revisions\/"}],"predecessor-version":[{"id":31204,"href":"https:\/\/www.ensembleintercontemporain.com\/en\/wp-json\/wp\/v2\/posts\/31195\/revisions\/31204\/"}],"wp:featuredmedia":[{"embeddable":true,"href":"https:\/\/www.ensembleintercontemporain.com\/en\/wp-json\/wp\/v2\/media\/31196\/"}],"wp:attachment":[{"href":"https:\/\/www.ensembleintercontemporain.com\/en\/wp-json\/wp\/v2\/media\/?parent=31195"}],"wp:term":[{"taxonomy":"category","embeddable":true,"href":"https:\/\/www.ensembleintercontemporain.com\/en\/wp-json\/wp\/v2\/categories\/?post=31195"},{"taxonomy":"post_tag","embeddable":true,"href":"https:\/\/www.ensembleintercontemporain.com\/en\/wp-json\/wp\/v2\/tags\/?post=31195"}],"curies":[{"name":"wp","href":"https:\/\/api.w.org\/{rel}","templated":true}]}}