{"id":30430,"date":"2026-03-11T14:34:34","date_gmt":"2026-03-11T13:34:34","guid":{"rendered":"https:\/\/www.ensembleintercontemporain.com\/?p=30430"},"modified":"2026-03-11T14:34:34","modified_gmt":"2026-03-11T13:34:34","slug":"vincent-raphael-carinola-composer-avec-limaginaire-des-enfants","status":"publish","type":"post","link":"https:\/\/www.ensembleintercontemporain.com\/en\/2026\/03\/vincent-raphael-carinola-composer-avec-limaginaire-des-enfants\/","title":{"rendered":"Vincent-Rapha\u00ebl Carinola\u00a0: \u00a0composer avec l\u2019imaginaire des enfants. \u00a0\u00a0"},"content":{"rendered":"<p><strong><span style=\"color: #003366;\"><img loading=\"lazy\" decoding=\"async\" class=\"aligncenter size-full wp-image-30431\" src=\"http:\/\/www.ensembleintercontemporain.com\/content\/uploads\/2026\/03\/carinola-artnotes-variation-5.jpg\" alt=\"\" width=\"1920\" height=\"1357\" srcset=\"https:\/\/www.ensembleintercontemporain.com\/content\/uploads\/2026\/03\/carinola-artnotes-variation-5.jpg 1920w, https:\/\/www.ensembleintercontemporain.com\/content\/uploads\/2026\/03\/carinola-artnotes-variation-5-300x212.jpg 300w, https:\/\/www.ensembleintercontemporain.com\/content\/uploads\/2026\/03\/carinola-artnotes-variation-5-1024x724.jpg 1024w, https:\/\/www.ensembleintercontemporain.com\/content\/uploads\/2026\/03\/carinola-artnotes-variation-5-768x543.jpg 768w, https:\/\/www.ensembleintercontemporain.com\/content\/uploads\/2026\/03\/carinola-artnotes-variation-5-1536x1086.jpg 1536w\" sizes=\"auto, (max-width: 1920px) 100vw, 1920px\" \/><\/span><br \/>\n<span style=\"font-size: 18pt;\">C<\/span><span style=\"color: #003366;\">omment \u00e9crire une \u0153uvre contemporaine avec des enfants qui n\u2019ont parfois jamais pratiqu\u00e9 la musique ? Dans le cadre d\u2019un projet au <span style=\"caret-color: #003366;\">long<\/span> cours de d\u00e9couverte de l\u2019univers musical contemporain le compositeur Vincent-Rapha\u00ebl Carinola a imagin\u00e9 deux pi\u00e8ces pour quintette \u00e0 vent et ch\u0153ur d\u2019enfants \u00e0 partir des propositions des \u00e9l\u00e8ves de Pruzilly et de Chevagny-les-Chevri\u00e8res. Il \u00e9voque ici la gen\u00e8se de cette cr\u00e9ation collective qui sera pr\u00e9sent\u00e9e le <a href=\"https:\/\/www.ensembleintercontemporain.com\/fr\/concert\/un-souffle-de-jeunesse-et-de-creation-2026-03-12-19h00-chevagny-les-chevrieres\/\">12 mars dans cette petite commune de <\/a><\/span><span style=\"color: #003366;\">Sa\u00f4ne-et-Loire.\u00a0<\/span><\/strong><\/p>\n<p><span style=\"font-size: 14pt;\">L\u2019univers de la cr\u00e9ation musicale repose sur une pluralit\u00e9 de savoirs techniques tr\u00e8s exigeants : la pratique instrumentale, le syst\u00e8me de notation, les techniques de composition ou, de nos jours, l\u2019appareillage \u00e9lectroacoustique et num\u00e9rique. J\u2019aime cette technicit\u00e9 et j\u2019en appr\u00e9cie la beaut\u00e9 lorsqu\u2019elle s\u2019incarne dans des univers sonores inou\u00efs.\u00a0<\/span><br \/>\n<span style=\"font-size: large;\">Mais j\u2019ai quelque fois le sentiment qu\u2019elle nous installe dans des savoir-faire dont je me m\u00e9fie, peut-\u00eatre parce que je crains les connaissances acquises et fig\u00e9es. Travailler avec des enfants (ou des adultes) n\u2019ayant aucune pratique musicale est une fa\u00e7on (redoutable !) d\u2019\u00e9vacuer cette crainte. Comment r\u00e9aliser une \u0153uvre exigeante, d\u2019un point de vue formel et sonore, sans se reposer sur cette technicit\u00e9 ? \u2028<\/span><br \/>\n<em style=\"font-size: 14pt;\">Au commencement \u00e9tait le vent<\/em><span style=\"font-size: large;\"> et<\/span><em><span style=\"font-size: large;\"> Artnotes <\/span><\/em><span style=\"font-size: large;\">(partition graphique ci-dessus)<\/span><span style=\"font-size: large;\">, les deux pi\u00e8ces pour quintette \u00e0 vent et ch\u0153ur d\u2019enfants qui seront cr\u00e9\u00e9es dans la salle des f\u00eates de Chevagny-les-Chevri\u00e8res, sont une tentative de r\u00e9ponse \u00e0 cette question. Je ne les consid\u00e8re pas comme des \u0153uvres \u00ab p\u00e9dagogiques \u00bb, mais comme des \u0153uvres \u00e0 part enti\u00e8re, bien que destin\u00e9es \u00e0 des enfants. Il m\u2019a fallu exp\u00e9rimenter des proc\u00e9d\u00e9s adapt\u00e9s \u00e0 des situations nouvelles pour moi.<\/span><\/p>\n<p><span style=\"font-size: large;\"><img loading=\"lazy\" decoding=\"async\" class=\"aligncenter wp-image-30435\" src=\"http:\/\/www.ensembleintercontemporain.com\/content\/uploads\/2026\/03\/1-portrait-carinola-2.jpg\" alt=\"\" width=\"464\" height=\"348\" srcset=\"https:\/\/www.ensembleintercontemporain.com\/content\/uploads\/2026\/03\/1-portrait-carinola-2.jpg 492w, https:\/\/www.ensembleintercontemporain.com\/content\/uploads\/2026\/03\/1-portrait-carinola-2-300x225.jpg 300w\" sizes=\"auto, (max-width: 464px) 100vw, 464px\" \/><br \/>\nAinsi, les pi\u00e8ces int\u00e8grent des \u00e9l\u00e9ments musicaux et instrumentaux issus de ce que les enfants ont \u00e9labor\u00e9 dans leur \u00e9cole, aupr\u00e8s de leurs maitresses et des musiciens intervenants, et de propositions personnelles \u2013 des enregistrements de textes ou des conduites formelles, entre autres. Il en r\u00e9sulte une multiplicit\u00e9 de mat\u00e9riaux d\u2019une tr\u00e8s grande richesse sonore dont l\u2019agencement fat na\u00eetre un paysage sonore inattendu.\u00a0<\/span><\/p>\n","protected":false},"excerpt":{"rendered":"<p>Comment \u00e9crire une \u0153uvre contemporaine avec des enfants qui n\u2019ont parfois jamais pratiqu\u00e9 la musique ? Dans le cadre d\u2019un projet au long cours de d\u00e9couverte de l\u2019univers musical contemporain le compositeur Vincent-Rapha\u00ebl Carinola a imagin\u00e9 deux pi\u00e8ces pour quintette \u00e0 vent et ch\u0153ur d\u2019enfants \u00e0 partir des propositions des \u00e9l\u00e8ves de Pruzilly et de Chevagny-les-Chevri\u00e8res. Il \u00e9voque ici la gen\u00e8se de cette cr\u00e9ation collective qui sera pr\u00e9sent\u00e9e le 12 mars dans cette petite localit\u00e9 de Sa\u00f4ne-et-Loire.\u00a0<\/p>\n","protected":false},"author":247,"featured_media":30431,"comment_status":"closed","ping_status":"closed","sticky":false,"template":"","format":"standard","meta":{"_acf_changed":false,"footnotes":""},"categories":[102],"tags":[657],"class_list":["post-30430","post","type-post","status-publish","format-standard","has-post-thumbnail","hentry","category-eclairage","tag-actions-educatives","concert-un-souffle-de-jeunesse-et-de-creation"],"acf":[],"yoast_head":"<!-- This site is optimized with the Yoast SEO plugin v27.5 - https:\/\/yoast.com\/product\/yoast-seo-wordpress\/ -->\n<title>Vincent-Rapha\u00ebl Carinola\u00a0: \u00a0composer avec l\u2019imaginaire des enfants. \u00a0\u00a0 - Ensemble intercontemporain<\/title>\n<meta name=\"robots\" content=\"index, follow, max-snippet:-1, max-image-preview:large, max-video-preview:-1\" \/>\n<link rel=\"canonical\" href=\"https:\/\/www.ensembleintercontemporain.com\/en\/2026\/03\/vincent-raphael-carinola-composer-avec-limaginaire-des-enfants\/\" \/>\n<meta property=\"og:locale\" content=\"en_US\" \/>\n<meta property=\"og:type\" content=\"article\" \/>\n<meta property=\"og:title\" content=\"Vincent-Rapha\u00ebl Carinola\u00a0: \u00a0composer avec l\u2019imaginaire des enfants. \u00a0\u00a0 - Ensemble intercontemporain\" \/>\n<meta property=\"og:description\" content=\"Comment \u00e9crire une \u0153uvre contemporaine avec des enfants qui n\u2019ont parfois jamais pratiqu\u00e9 la musique ? Dans le cadre d\u2019un projet au long cours de d\u00e9couverte de l\u2019univers musical contemporain le compositeur Vincent-Rapha\u00ebl Carinola a imagin\u00e9 deux pi\u00e8ces pour quintette \u00e0 vent et ch\u0153ur d\u2019enfants \u00e0 partir des propositions des \u00e9l\u00e8ves de Pruzilly et de Chevagny-les-Chevri\u00e8res. Il \u00e9voque ici la gen\u00e8se de cette cr\u00e9ation collective qui sera pr\u00e9sent\u00e9e le 12 mars dans cette petite localit\u00e9 de Sa\u00f4ne-et-Loire.\u00a0\" \/>\n<meta property=\"og:url\" content=\"https:\/\/www.ensembleintercontemporain.com\/en\/2026\/03\/vincent-raphael-carinola-composer-avec-limaginaire-des-enfants\/\" \/>\n<meta property=\"og:site_name\" content=\"Ensemble intercontemporain\" \/>\n<meta property=\"article:published_time\" content=\"2026-03-11T13:34:34+00:00\" \/>\n<meta property=\"og:image\" content=\"https:\/\/www.ensembleintercontemporain.com\/content\/uploads\/2026\/03\/carinola-artnotes-variation-5.jpg\" \/>\n\t<meta property=\"og:image:width\" content=\"1920\" \/>\n\t<meta property=\"og:image:height\" content=\"1357\" \/>\n\t<meta property=\"og:image:type\" content=\"image\/jpeg\" \/>\n<meta name=\"author\" content=\"Vincent-Raphael Carinola\" \/>\n<meta name=\"twitter:card\" content=\"summary_large_image\" \/>\n<meta name=\"twitter:label1\" content=\"Written by\" \/>\n\t<meta name=\"twitter:data1\" content=\"Vincent-Raphael Carinola\" \/>\n\t<meta name=\"twitter:label2\" content=\"Est. reading time\" \/>\n\t<meta name=\"twitter:data2\" content=\"3 minutes\" \/>\n<script type=\"application\/ld+json\" class=\"yoast-schema-graph\">{\"@context\":\"https:\\\/\\\/schema.org\",\"@graph\":[{\"@type\":\"Article\",\"@id\":\"https:\\\/\\\/www.ensembleintercontemporain.com\\\/en\\\/2026\\\/03\\\/vincent-raphael-carinola-composer-avec-limaginaire-des-enfants\\\/#article\",\"isPartOf\":{\"@id\":\"https:\\\/\\\/www.ensembleintercontemporain.com\\\/en\\\/2026\\\/03\\\/vincent-raphael-carinola-composer-avec-limaginaire-des-enfants\\\/\"},\"author\":{\"name\":\"Vincent-Raphael Carinola\",\"@id\":\"https:\\\/\\\/www.ensembleintercontemporain.com\\\/en\\\/#\\\/schema\\\/person\\\/9f8ac1275b15b4c640a1ed9f95e0a3f2\"},\"headline\":\"Vincent-Rapha\u00ebl Carinola\u00a0: \u00a0composer avec l\u2019imaginaire des enfants. \u00a0\u00a0\",\"datePublished\":\"2026-03-11T13:34:34+00:00\",\"mainEntityOfPage\":{\"@id\":\"https:\\\/\\\/www.ensembleintercontemporain.com\\\/en\\\/2026\\\/03\\\/vincent-raphael-carinola-composer-avec-limaginaire-des-enfants\\\/\"},\"wordCount\":386,\"image\":{\"@id\":\"https:\\\/\\\/www.ensembleintercontemporain.com\\\/en\\\/2026\\\/03\\\/vincent-raphael-carinola-composer-avec-limaginaire-des-enfants\\\/#primaryimage\"},\"thumbnailUrl\":\"https:\\\/\\\/www.ensembleintercontemporain.com\\\/content\\\/uploads\\\/2026\\\/03\\\/carinola-artnotes-variation-5.jpg\",\"keywords\":[\"actions \u00e9ducatives\"],\"articleSection\":[\"\u00c9clairage\"],\"inLanguage\":\"en-US\"},{\"@type\":\"WebPage\",\"@id\":\"https:\\\/\\\/www.ensembleintercontemporain.com\\\/en\\\/2026\\\/03\\\/vincent-raphael-carinola-composer-avec-limaginaire-des-enfants\\\/\",\"url\":\"https:\\\/\\\/www.ensembleintercontemporain.com\\\/en\\\/2026\\\/03\\\/vincent-raphael-carinola-composer-avec-limaginaire-des-enfants\\\/\",\"name\":\"Vincent-Rapha\u00ebl Carinola\u00a0: \u00a0composer avec l\u2019imaginaire des enfants. \u00a0\u00a0 - Ensemble intercontemporain\",\"isPartOf\":{\"@id\":\"https:\\\/\\\/www.ensembleintercontemporain.com\\\/en\\\/#website\"},\"primaryImageOfPage\":{\"@id\":\"https:\\\/\\\/www.ensembleintercontemporain.com\\\/en\\\/2026\\\/03\\\/vincent-raphael-carinola-composer-avec-limaginaire-des-enfants\\\/#primaryimage\"},\"image\":{\"@id\":\"https:\\\/\\\/www.ensembleintercontemporain.com\\\/en\\\/2026\\\/03\\\/vincent-raphael-carinola-composer-avec-limaginaire-des-enfants\\\/#primaryimage\"},\"thumbnailUrl\":\"https:\\\/\\\/www.ensembleintercontemporain.com\\\/content\\\/uploads\\\/2026\\\/03\\\/carinola-artnotes-variation-5.jpg\",\"datePublished\":\"2026-03-11T13:34:34+00:00\",\"author\":{\"@id\":\"https:\\\/\\\/www.ensembleintercontemporain.com\\\/en\\\/#\\\/schema\\\/person\\\/9f8ac1275b15b4c640a1ed9f95e0a3f2\"},\"breadcrumb\":{\"@id\":\"https:\\\/\\\/www.ensembleintercontemporain.com\\\/en\\\/2026\\\/03\\\/vincent-raphael-carinola-composer-avec-limaginaire-des-enfants\\\/#breadcrumb\"},\"inLanguage\":\"en-US\",\"potentialAction\":[{\"@type\":\"ReadAction\",\"target\":[\"https:\\\/\\\/www.ensembleintercontemporain.com\\\/en\\\/2026\\\/03\\\/vincent-raphael-carinola-composer-avec-limaginaire-des-enfants\\\/\"]}]},{\"@type\":\"ImageObject\",\"inLanguage\":\"en-US\",\"@id\":\"https:\\\/\\\/www.ensembleintercontemporain.com\\\/en\\\/2026\\\/03\\\/vincent-raphael-carinola-composer-avec-limaginaire-des-enfants\\\/#primaryimage\",\"url\":\"https:\\\/\\\/www.ensembleintercontemporain.com\\\/content\\\/uploads\\\/2026\\\/03\\\/carinola-artnotes-variation-5.jpg\",\"contentUrl\":\"https:\\\/\\\/www.ensembleintercontemporain.com\\\/content\\\/uploads\\\/2026\\\/03\\\/carinola-artnotes-variation-5.jpg\",\"width\":1920,\"height\":1357},{\"@type\":\"BreadcrumbList\",\"@id\":\"https:\\\/\\\/www.ensembleintercontemporain.com\\\/en\\\/2026\\\/03\\\/vincent-raphael-carinola-composer-avec-limaginaire-des-enfants\\\/#breadcrumb\",\"itemListElement\":[{\"@type\":\"ListItem\",\"position\":1,\"name\":\"Home\",\"item\":\"https:\\\/\\\/www.ensembleintercontemporain.com\\\/en\\\/\"},{\"@type\":\"ListItem\",\"position\":2,\"name\":\"Vincent-Rapha\u00ebl Carinola\u00a0: \u00a0composer avec l\u2019imaginaire des enfants. \u00a0\u00a0\"}]},{\"@type\":\"WebSite\",\"@id\":\"https:\\\/\\\/www.ensembleintercontemporain.com\\\/en\\\/#website\",\"url\":\"https:\\\/\\\/www.ensembleintercontemporain.com\\\/en\\\/\",\"name\":\"Ensemble intercontemporain\",\"description\":\"\",\"potentialAction\":[{\"@type\":\"SearchAction\",\"target\":{\"@type\":\"EntryPoint\",\"urlTemplate\":\"https:\\\/\\\/www.ensembleintercontemporain.com\\\/en\\\/?s={search_term_string}\"},\"query-input\":{\"@type\":\"PropertyValueSpecification\",\"valueRequired\":true,\"valueName\":\"search_term_string\"}}],\"inLanguage\":\"en-US\"},{\"@type\":\"Person\",\"@id\":\"https:\\\/\\\/www.ensembleintercontemporain.com\\\/en\\\/#\\\/schema\\\/person\\\/9f8ac1275b15b4c640a1ed9f95e0a3f2\",\"name\":\"Vincent-Raphael Carinola\",\"image\":{\"@type\":\"ImageObject\",\"inLanguage\":\"en-US\",\"@id\":\"https:\\\/\\\/secure.gravatar.com\\\/avatar\\\/890cfda47968795faa22ce13a8fe22632bfe453fc8c5072365c65a7a783179a7?s=96&d=mm&r=g\",\"url\":\"https:\\\/\\\/secure.gravatar.com\\\/avatar\\\/890cfda47968795faa22ce13a8fe22632bfe453fc8c5072365c65a7a783179a7?s=96&d=mm&r=g\",\"contentUrl\":\"https:\\\/\\\/secure.gravatar.com\\\/avatar\\\/890cfda47968795faa22ce13a8fe22632bfe453fc8c5072365c65a7a783179a7?s=96&d=mm&r=g\",\"caption\":\"Vincent-Raphael Carinola\"},\"url\":\"https:\\\/\\\/www.ensembleintercontemporain.com\\\/en\\\/author\\\/vcarinola\\\/\"}]}<\/script>\n<!-- \/ Yoast SEO plugin. -->","yoast_head_json":{"title":"Vincent-Rapha\u00ebl Carinola\u00a0: \u00a0composer avec l\u2019imaginaire des enfants. \u00a0\u00a0 - Ensemble intercontemporain","robots":{"index":"index","follow":"follow","max-snippet":"max-snippet:-1","max-image-preview":"max-image-preview:large","max-video-preview":"max-video-preview:-1"},"canonical":"https:\/\/www.ensembleintercontemporain.com\/en\/2026\/03\/vincent-raphael-carinola-composer-avec-limaginaire-des-enfants\/","og_locale":"en_US","og_type":"article","og_title":"Vincent-Rapha\u00ebl Carinola\u00a0: \u00a0composer avec l\u2019imaginaire des enfants. \u00a0\u00a0 - Ensemble intercontemporain","og_description":"Comment \u00e9crire une \u0153uvre contemporaine avec des enfants qui n\u2019ont parfois jamais pratiqu\u00e9 la musique ? Dans le cadre d\u2019un projet au long cours de d\u00e9couverte de l\u2019univers musical contemporain le compositeur Vincent-Rapha\u00ebl Carinola a imagin\u00e9 deux pi\u00e8ces pour quintette \u00e0 vent et ch\u0153ur d\u2019enfants \u00e0 partir des propositions des \u00e9l\u00e8ves de Pruzilly et de Chevagny-les-Chevri\u00e8res. Il \u00e9voque ici la gen\u00e8se de cette cr\u00e9ation collective qui sera pr\u00e9sent\u00e9e le 12 mars dans cette petite localit\u00e9 de Sa\u00f4ne-et-Loire.\u00a0","og_url":"https:\/\/www.ensembleintercontemporain.com\/en\/2026\/03\/vincent-raphael-carinola-composer-avec-limaginaire-des-enfants\/","og_site_name":"Ensemble intercontemporain","article_published_time":"2026-03-11T13:34:34+00:00","og_image":[{"width":1920,"height":1357,"url":"https:\/\/www.ensembleintercontemporain.com\/content\/uploads\/2026\/03\/carinola-artnotes-variation-5.jpg","type":"image\/jpeg"}],"author":"Vincent-Raphael Carinola","twitter_card":"summary_large_image","twitter_misc":{"Written by":"Vincent-Raphael Carinola","Est. reading time":"3 minutes"},"schema":{"@context":"https:\/\/schema.org","@graph":[{"@type":"Article","@id":"https:\/\/www.ensembleintercontemporain.com\/en\/2026\/03\/vincent-raphael-carinola-composer-avec-limaginaire-des-enfants\/#article","isPartOf":{"@id":"https:\/\/www.ensembleintercontemporain.com\/en\/2026\/03\/vincent-raphael-carinola-composer-avec-limaginaire-des-enfants\/"},"author":{"name":"Vincent-Raphael Carinola","@id":"https:\/\/www.ensembleintercontemporain.com\/en\/#\/schema\/person\/9f8ac1275b15b4c640a1ed9f95e0a3f2"},"headline":"Vincent-Rapha\u00ebl Carinola\u00a0: \u00a0composer avec l\u2019imaginaire des enfants. \u00a0\u00a0","datePublished":"2026-03-11T13:34:34+00:00","mainEntityOfPage":{"@id":"https:\/\/www.ensembleintercontemporain.com\/en\/2026\/03\/vincent-raphael-carinola-composer-avec-limaginaire-des-enfants\/"},"wordCount":386,"image":{"@id":"https:\/\/www.ensembleintercontemporain.com\/en\/2026\/03\/vincent-raphael-carinola-composer-avec-limaginaire-des-enfants\/#primaryimage"},"thumbnailUrl":"https:\/\/www.ensembleintercontemporain.com\/content\/uploads\/2026\/03\/carinola-artnotes-variation-5.jpg","keywords":["actions \u00e9ducatives"],"articleSection":["\u00c9clairage"],"inLanguage":"en-US"},{"@type":"WebPage","@id":"https:\/\/www.ensembleintercontemporain.com\/en\/2026\/03\/vincent-raphael-carinola-composer-avec-limaginaire-des-enfants\/","url":"https:\/\/www.ensembleintercontemporain.com\/en\/2026\/03\/vincent-raphael-carinola-composer-avec-limaginaire-des-enfants\/","name":"Vincent-Rapha\u00ebl Carinola\u00a0: \u00a0composer avec l\u2019imaginaire des enfants. \u00a0\u00a0 - Ensemble intercontemporain","isPartOf":{"@id":"https:\/\/www.ensembleintercontemporain.com\/en\/#website"},"primaryImageOfPage":{"@id":"https:\/\/www.ensembleintercontemporain.com\/en\/2026\/03\/vincent-raphael-carinola-composer-avec-limaginaire-des-enfants\/#primaryimage"},"image":{"@id":"https:\/\/www.ensembleintercontemporain.com\/en\/2026\/03\/vincent-raphael-carinola-composer-avec-limaginaire-des-enfants\/#primaryimage"},"thumbnailUrl":"https:\/\/www.ensembleintercontemporain.com\/content\/uploads\/2026\/03\/carinola-artnotes-variation-5.jpg","datePublished":"2026-03-11T13:34:34+00:00","author":{"@id":"https:\/\/www.ensembleintercontemporain.com\/en\/#\/schema\/person\/9f8ac1275b15b4c640a1ed9f95e0a3f2"},"breadcrumb":{"@id":"https:\/\/www.ensembleintercontemporain.com\/en\/2026\/03\/vincent-raphael-carinola-composer-avec-limaginaire-des-enfants\/#breadcrumb"},"inLanguage":"en-US","potentialAction":[{"@type":"ReadAction","target":["https:\/\/www.ensembleintercontemporain.com\/en\/2026\/03\/vincent-raphael-carinola-composer-avec-limaginaire-des-enfants\/"]}]},{"@type":"ImageObject","inLanguage":"en-US","@id":"https:\/\/www.ensembleintercontemporain.com\/en\/2026\/03\/vincent-raphael-carinola-composer-avec-limaginaire-des-enfants\/#primaryimage","url":"https:\/\/www.ensembleintercontemporain.com\/content\/uploads\/2026\/03\/carinola-artnotes-variation-5.jpg","contentUrl":"https:\/\/www.ensembleintercontemporain.com\/content\/uploads\/2026\/03\/carinola-artnotes-variation-5.jpg","width":1920,"height":1357},{"@type":"BreadcrumbList","@id":"https:\/\/www.ensembleintercontemporain.com\/en\/2026\/03\/vincent-raphael-carinola-composer-avec-limaginaire-des-enfants\/#breadcrumb","itemListElement":[{"@type":"ListItem","position":1,"name":"Home","item":"https:\/\/www.ensembleintercontemporain.com\/en\/"},{"@type":"ListItem","position":2,"name":"Vincent-Rapha\u00ebl Carinola\u00a0: \u00a0composer avec l\u2019imaginaire des enfants. \u00a0\u00a0"}]},{"@type":"WebSite","@id":"https:\/\/www.ensembleintercontemporain.com\/en\/#website","url":"https:\/\/www.ensembleintercontemporain.com\/en\/","name":"Ensemble intercontemporain","description":"","potentialAction":[{"@type":"SearchAction","target":{"@type":"EntryPoint","urlTemplate":"https:\/\/www.ensembleintercontemporain.com\/en\/?s={search_term_string}"},"query-input":{"@type":"PropertyValueSpecification","valueRequired":true,"valueName":"search_term_string"}}],"inLanguage":"en-US"},{"@type":"Person","@id":"https:\/\/www.ensembleintercontemporain.com\/en\/#\/schema\/person\/9f8ac1275b15b4c640a1ed9f95e0a3f2","name":"Vincent-Raphael Carinola","image":{"@type":"ImageObject","inLanguage":"en-US","@id":"https:\/\/secure.gravatar.com\/avatar\/890cfda47968795faa22ce13a8fe22632bfe453fc8c5072365c65a7a783179a7?s=96&d=mm&r=g","url":"https:\/\/secure.gravatar.com\/avatar\/890cfda47968795faa22ce13a8fe22632bfe453fc8c5072365c65a7a783179a7?s=96&d=mm&r=g","contentUrl":"https:\/\/secure.gravatar.com\/avatar\/890cfda47968795faa22ce13a8fe22632bfe453fc8c5072365c65a7a783179a7?s=96&d=mm&r=g","caption":"Vincent-Raphael Carinola"},"url":"https:\/\/www.ensembleintercontemporain.com\/en\/author\/vcarinola\/"}]}},"_links":{"self":[{"href":"https:\/\/www.ensembleintercontemporain.com\/en\/wp-json\/wp\/v2\/posts\/30430\/"}],"collection":[{"href":"https:\/\/www.ensembleintercontemporain.com\/en\/wp-json\/wp\/v2\/posts\/"}],"about":[{"href":"https:\/\/www.ensembleintercontemporain.com\/en\/wp-json\/wp\/v2\/types\/post\/"}],"author":[{"embeddable":true,"href":"https:\/\/www.ensembleintercontemporain.com\/en\/wp-json\/wp\/v2\/users\/247\/"}],"replies":[{"embeddable":true,"href":"https:\/\/www.ensembleintercontemporain.com\/en\/wp-json\/wp\/v2\/comments\/?post=30430"}],"version-history":[{"count":7,"href":"https:\/\/www.ensembleintercontemporain.com\/en\/wp-json\/wp\/v2\/posts\/30430\/revisions\/"}],"predecessor-version":[{"id":30441,"href":"https:\/\/www.ensembleintercontemporain.com\/en\/wp-json\/wp\/v2\/posts\/30430\/revisions\/30441\/"}],"wp:featuredmedia":[{"embeddable":true,"href":"https:\/\/www.ensembleintercontemporain.com\/en\/wp-json\/wp\/v2\/media\/30431\/"}],"wp:attachment":[{"href":"https:\/\/www.ensembleintercontemporain.com\/en\/wp-json\/wp\/v2\/media\/?parent=30430"}],"wp:term":[{"taxonomy":"category","embeddable":true,"href":"https:\/\/www.ensembleintercontemporain.com\/en\/wp-json\/wp\/v2\/categories\/?post=30430"},{"taxonomy":"post_tag","embeddable":true,"href":"https:\/\/www.ensembleintercontemporain.com\/en\/wp-json\/wp\/v2\/tags\/?post=30430"}],"curies":[{"name":"wp","href":"https:\/\/api.w.org\/{rel}","templated":true}]}}