{"id":30404,"date":"2026-03-12T13:24:07","date_gmt":"2026-03-12T12:24:07","guid":{"rendered":"https:\/\/www.ensembleintercontemporain.com\/?p=30404"},"modified":"2026-03-24T15:52:01","modified_gmt":"2026-03-24T14:52:01","slug":"entre-le-langage-et-quelque-chose-qui-le-precede-entretien-avec-yeree-suh-soprano","status":"publish","type":"post","link":"https:\/\/www.ensembleintercontemporain.com\/en\/2026\/03\/entre-le-langage-et-quelque-chose-qui-le-precede-entretien-avec-yeree-suh-soprano\/","title":{"rendered":"\u00ab Entre le langage et quelque chose qui le pr\u00e9c\u00e8de. \u00bb Entretien avec Yeree Suh, soprano."},"content":{"rendered":"<p><strong><span style=\"color: #003366;\"><img loading=\"lazy\" decoding=\"async\" class=\"aligncenter size-full wp-image-18331\" src=\"http:\/\/www.ensembleintercontemporain.com\/content\/uploads\/2020\/01\/suh_03_c_marco_borggreve.jpg\" alt=\"\" width=\"1920\" height=\"1280\" srcset=\"https:\/\/www.ensembleintercontemporain.com\/content\/uploads\/2020\/01\/suh_03_c_marco_borggreve.jpg 1920w, https:\/\/www.ensembleintercontemporain.com\/content\/uploads\/2020\/01\/suh_03_c_marco_borggreve-300x200.jpg 300w, https:\/\/www.ensembleintercontemporain.com\/content\/uploads\/2020\/01\/suh_03_c_marco_borggreve-1024x683.jpg 1024w, https:\/\/www.ensembleintercontemporain.com\/content\/uploads\/2020\/01\/suh_03_c_marco_borggreve-768x512.jpg 768w, https:\/\/www.ensembleintercontemporain.com\/content\/uploads\/2020\/01\/suh_03_c_marco_borggreve-1536x1024.jpg 1536w\" sizes=\"auto, (max-width: 1920px) 100vw, 1920px\" \/><br \/>\n<span style=\"font-size: 18pt;\">L<\/span>e <a href=\"https:\/\/www.ensembleintercontemporain.com\/fr\/concert\/portrait-luca-francesconi-2026-03-26-20h00-paris\/\">26 mars \u00e0 la Philharmonie de Paris<\/a>, Yeree Suh rejoindra les solistes de l\u2019Ensemble intercontemporain pour c\u00e9l\u00e9brer les 70 ans de Luca Francesconi avec <em>Etymo<\/em>. Dans cette \u0153uvre de 1994 m\u00ealant \u00e9lectronique et fragments de <span style=\"caret-color: #003366;\">textes<\/span> de Baudelaire, la voix ne domine pas : elle s\u2019inscrit dans la texture sonore, entre souffle, mati\u00e8re et pr\u00e9cision extr\u00eame. La soprano \u00e9voque son approche de cette partition exigeante et sa mani\u00e8re d\u2019y faire entendre une voix \u00e0 la fronti\u00e8re du langage.<\/span><\/strong><\/p>\n<p><strong>Voil\u00e0 plusieurs ann\u00e9es que vous collaborez avec l\u2019Ensemble intercontemporain. En quoi cette exp\u00e9rience se distingue-t-elle de la collaboration avec d\u2019autres ensembles ? Est-ce que le fait que l\u2019EIC ait d\u00e9j\u00e0 interpr\u00e9t\u00e9 plusieurs fois <em>Etymo<\/em> de Luca Francesconi change la donne\u00a0?<\/strong><br \/>\n<span style=\"font-size: 14pt;\">Collaborer avec l\u2019Ensemble intercontemporain est toujours une exp\u00e9rience enrichissante. On y c\u00f4toie un groupe de solistes exceptionnels qui mettent consciemment leur responsabilit\u00e9 artistique individuelle au service de l\u2019ensemble. C\u2019est pr\u00e9cis\u00e9ment ce qui lui conf\u00e8re son extraordinaire pr\u00e9cision et sa vitalit\u00e9. La musique est r\u00e9fl\u00e9chie et constamment questionn\u00e9e ensemble \u2013 en termes de forme, de temps, de flux d\u2019\u00e9nergie et d\u2019\u00e9quilibre sonore. En tant que chanteuse, ma voix est une composante \u00e0 part enti\u00e8re de la structure sonore et non \u2013 comme c\u2019est g\u00e9n\u00e9ralement le cas \u2013 une voix \u00ab soliste \u00bb occupant le devant de la sc\u00e8ne et \u00ab simplement accompagn\u00e9e \u00bb.<\/span><br \/>\n<span style=\"font-size: 14pt;\">Cette mani\u00e8re de faire de la musique convient parfaitement \u00e0 une \u0153uvre comme <em>Etymo<\/em>, car la partie que je chante est intimement li\u00e9e \u00e0 la structure globale de la musique et constitue plus un prolongement de l\u2019instrumentation qu\u2019une partie \u00ab soliste \u00bb au sens traditionnel du terme.<\/span><\/p>\n<p><strong>Quel regard portez-vous sur l\u2019\u0153uvre de Luca Francesconi de mani\u00e8re g\u00e9n\u00e9rale\u00a0?<\/strong><br \/>\n<span style=\"font-size: 14pt;\">Je la connais depuis de nombreuses ann\u00e9es et je ressens une profonde affinit\u00e9 avec son langage musical. J\u2019ai le sentiment que sa musique oscille souvent entre s\u00e9mantique et pulsion sonore, entre le langage et quelque chose qui le pr\u00e9c\u00e8de, ce qui conf\u00e8re \u00e0 la voix un r\u00f4le particulier.<\/span><\/p>\n<p><img loading=\"lazy\" decoding=\"async\" class=\"aligncenter wp-image-30502\" src=\"http:\/\/www.ensembleintercontemporain.com\/content\/uploads\/2026\/03\/dscf0956-1024x683.jpg\" alt=\"\" width=\"1002\" height=\"668\" srcset=\"https:\/\/www.ensembleintercontemporain.com\/content\/uploads\/2026\/03\/dscf0956-1024x683.jpg 1024w, https:\/\/www.ensembleintercontemporain.com\/content\/uploads\/2026\/03\/dscf0956-300x200.jpg 300w, https:\/\/www.ensembleintercontemporain.com\/content\/uploads\/2026\/03\/dscf0956-768x512.jpg 768w, https:\/\/www.ensembleintercontemporain.com\/content\/uploads\/2026\/03\/dscf0956-1536x1024.jpg 1536w, https:\/\/www.ensembleintercontemporain.com\/content\/uploads\/2026\/03\/dscf0956.jpg 1920w\" sizes=\"auto, (max-width: 1002px) 100vw, 1002px\" \/><\/p>\n<p><strong>Ce sera la premi\u00e8re fois que vous chanterez <em>Etymo<\/em>\u00a0: comment abordez-vous une nouvelle \u0153uvre comme celle-ci\u00a0?<\/strong><br \/>\n<span style=\"font-size: 14pt;\">Tout commence par une longue \u00e9tude silencieuse de la partition, une phase durant laquelle j\u2019\u00e9vite autant que possible d\u2019\u00e9couter les \u00e9ventuels enregistrements existants afin de ne pas formater pr\u00e9matur\u00e9ment ma propre vision sonore. Les notices d\u2019\u0153uvre me sont utiles, mais restent des informations contextuelles. La communication directe avec la compositrice ou le compositeur est pr\u00e9cieuse, non seulement pour les conseils d\u2019interpr\u00e9tation qu\u2019il ou elle pourra me dispenser, mais aussi pour mieux comprendre l\u2019id\u00e9e esth\u00e9tique et conceptuelle de l\u2019\u0153uvre.\u2028<\/span><\/p>\n<p><strong>Quels sont les principaux d\u00e9fis que vous avez identifi\u00e9s concernant l\u2019interpr\u00e9tation d\u2019<em>Etymo<\/em>, une \u0153uvre avec \u00e9lectronique dans laquelle Luca Francesconi met des fragments baudelairiens au service du discours musical\u00a0?<\/strong><br \/>\n<span style=\"font-size: 14pt;\">Dans <em>Etymo<\/em>, l\u2019accent est mis moins sur le chant tel qu\u2019on l\u2019entend habituellement, que sur l\u2019incarnation, dans l\u2019instant, de la production sonore. Les strat\u00e9gies expressives usuelles peuvent ainsi constituer ici un obstacle.<\/span><br \/>\n<span style=\"font-size: 14pt;\">Sur le plan technique, les registres extr\u00eames, les variations subtiles d\u2019intonation et la finesse rythmique s\u2019av\u00e8rent tr\u00e8s exigeantes. \u00c0 cela s\u2019ajoutent la fragmentation partielle des vers de Charles Baudelaire en syllabes isol\u00e9es et la r\u00e9p\u00e9tition de sons au timbre quasi instrumental, qui requi\u00e8rent une attention de tous les instants pour tr\u00e8s pr\u00e9cis\u00e9ment s\u2019int\u00e9grer au tout sonore.<\/span><\/p>\n<p>&nbsp;<\/p>\n<p><em>Etymo<\/em> (extrait) de Luca Francesconi<\/p>\n<p><iframe loading=\"lazy\" src=\"https:\/\/w.soundcloud.com\/player\/?url=https%3A\/\/api.soundcloud.com\/tracks\/soundcloud%253Atracks%253A99373456&amp;color=%23ff5500&amp;auto_play=false&amp;hide_related=false&amp;show_comments=true&amp;show_user=true&amp;show_reposts=false&amp;show_teaser=true\" width=\"100%\" height=\"166\" frameborder=\"no\" scrolling=\"no\"><\/iframe><\/p>\n<p>&nbsp;<\/p>\n<p>Photos (de haut en bas) : \u00a0\u00a9 Marco Borggreve ; \u00a9 EIC<\/p>\n","protected":false},"excerpt":{"rendered":"<p>Le 26 mars \u00e0 la Philharmonie de Paris, Yeree Suh rejoindra les solistes de l\u2019Ensemble intercontemporain pour c\u00e9l\u00e9brer les 70 ans de Luca Francesconi avec &#8220;Etymo&#8221;. Dans cette \u0153uvre m\u00ealant \u00e9lectronique et fragments de textes de Baudelaire, la voix ne domine pas : elle s\u2019inscrit dans la texture sonore, entre souffle, mati\u00e8re et pr\u00e9cision extr\u00eame. La soprano \u00e9voque son approche de cette partition exigeante et sa mani\u00e8re d\u2019y faire entendre une voix \u00e0 la fronti\u00e8re du langage.<\/p>\n","protected":false},"author":5,"featured_media":18331,"comment_status":"closed","ping_status":"closed","sticky":false,"template":"","format":"standard","meta":{"_acf_changed":false,"footnotes":""},"categories":[4],"tags":[250,643],"class_list":["post-30404","post","type-post","status-publish","format-standard","has-post-thumbnail","hentry","category-entretiens","tag-luca-francesconi","tag-yeree-suh","concert-portrait-luca-francesconi"],"acf":[],"yoast_head":"<!-- This site is optimized with the Yoast SEO plugin v27.4 - https:\/\/yoast.com\/product\/yoast-seo-wordpress\/ -->\n<title>\u00ab Entre le langage et quelque chose qui le pr\u00e9c\u00e8de. \u00bb Entretien avec Yeree Suh, soprano. - Ensemble intercontemporain<\/title>\n<meta name=\"robots\" content=\"index, follow, max-snippet:-1, max-image-preview:large, max-video-preview:-1\" \/>\n<link rel=\"canonical\" href=\"https:\/\/www.ensembleintercontemporain.com\/en\/2026\/03\/entre-le-langage-et-quelque-chose-qui-le-precede-entretien-avec-yeree-suh-soprano\/\" \/>\n<meta property=\"og:locale\" content=\"en_US\" \/>\n<meta property=\"og:type\" content=\"article\" \/>\n<meta property=\"og:title\" content=\"\u00ab Entre le langage et quelque chose qui le pr\u00e9c\u00e8de. \u00bb Entretien avec Yeree Suh, soprano. - Ensemble intercontemporain\" \/>\n<meta property=\"og:description\" content=\"Le 26 mars \u00e0 la Philharmonie de Paris, Yeree Suh rejoindra les solistes de l\u2019Ensemble intercontemporain pour c\u00e9l\u00e9brer les 70 ans de Luca Francesconi avec &quot;Etymo&quot;. Dans cette \u0153uvre m\u00ealant \u00e9lectronique et fragments de textes de Baudelaire, la voix ne domine pas : elle s\u2019inscrit dans la texture sonore, entre souffle, mati\u00e8re et pr\u00e9cision extr\u00eame. La soprano \u00e9voque son approche de cette partition exigeante et sa mani\u00e8re d\u2019y faire entendre une voix \u00e0 la fronti\u00e8re du langage.\" \/>\n<meta property=\"og:url\" content=\"https:\/\/www.ensembleintercontemporain.com\/en\/2026\/03\/entre-le-langage-et-quelque-chose-qui-le-precede-entretien-avec-yeree-suh-soprano\/\" \/>\n<meta property=\"og:site_name\" content=\"Ensemble intercontemporain\" \/>\n<meta property=\"article:published_time\" content=\"2026-03-12T12:24:07+00:00\" \/>\n<meta property=\"article:modified_time\" content=\"2026-03-24T14:52:01+00:00\" \/>\n<meta property=\"og:image\" content=\"https:\/\/www.ensembleintercontemporain.com\/content\/uploads\/2020\/01\/suh_03_c_marco_borggreve.jpg\" \/>\n\t<meta property=\"og:image:width\" content=\"1920\" \/>\n\t<meta property=\"og:image:height\" content=\"1280\" \/>\n\t<meta property=\"og:image:type\" content=\"image\/jpeg\" \/>\n<meta name=\"author\" content=\"J\u00e9remie Szpirglas\" \/>\n<meta name=\"twitter:card\" content=\"summary_large_image\" \/>\n<meta name=\"twitter:label1\" content=\"Written by\" \/>\n\t<meta name=\"twitter:data1\" content=\"J\u00e9remie Szpirglas\" \/>\n\t<meta name=\"twitter:label2\" content=\"Est. reading time\" \/>\n\t<meta name=\"twitter:data2\" content=\"4 minutes\" \/>\n<script type=\"application\/ld+json\" class=\"yoast-schema-graph\">{\"@context\":\"https:\\\/\\\/schema.org\",\"@graph\":[{\"@type\":\"Article\",\"@id\":\"https:\\\/\\\/www.ensembleintercontemporain.com\\\/en\\\/2026\\\/03\\\/entre-le-langage-et-quelque-chose-qui-le-precede-entretien-avec-yeree-suh-soprano\\\/#article\",\"isPartOf\":{\"@id\":\"https:\\\/\\\/www.ensembleintercontemporain.com\\\/en\\\/2026\\\/03\\\/entre-le-langage-et-quelque-chose-qui-le-precede-entretien-avec-yeree-suh-soprano\\\/\"},\"author\":{\"name\":\"J\u00e9remie Szpirglas\",\"@id\":\"https:\\\/\\\/www.ensembleintercontemporain.com\\\/en\\\/#\\\/schema\\\/person\\\/439a7dd5cd8a167c34c931d7cc900214\"},\"headline\":\"\u00ab Entre le langage et quelque chose qui le pr\u00e9c\u00e8de. \u00bb Entretien avec Yeree Suh, soprano.\",\"datePublished\":\"2026-03-12T12:24:07+00:00\",\"dateModified\":\"2026-03-24T14:52:01+00:00\",\"mainEntityOfPage\":{\"@id\":\"https:\\\/\\\/www.ensembleintercontemporain.com\\\/en\\\/2026\\\/03\\\/entre-le-langage-et-quelque-chose-qui-le-precede-entretien-avec-yeree-suh-soprano\\\/\"},\"wordCount\":641,\"image\":{\"@id\":\"https:\\\/\\\/www.ensembleintercontemporain.com\\\/en\\\/2026\\\/03\\\/entre-le-langage-et-quelque-chose-qui-le-precede-entretien-avec-yeree-suh-soprano\\\/#primaryimage\"},\"thumbnailUrl\":\"https:\\\/\\\/www.ensembleintercontemporain.com\\\/content\\\/uploads\\\/2020\\\/01\\\/suh_03_c_marco_borggreve.jpg\",\"keywords\":[\"Luca Francesconi\",\"Yeree Suh\"],\"articleSection\":[\"Entretien\"],\"inLanguage\":\"en-US\"},{\"@type\":\"WebPage\",\"@id\":\"https:\\\/\\\/www.ensembleintercontemporain.com\\\/en\\\/2026\\\/03\\\/entre-le-langage-et-quelque-chose-qui-le-precede-entretien-avec-yeree-suh-soprano\\\/\",\"url\":\"https:\\\/\\\/www.ensembleintercontemporain.com\\\/en\\\/2026\\\/03\\\/entre-le-langage-et-quelque-chose-qui-le-precede-entretien-avec-yeree-suh-soprano\\\/\",\"name\":\"\u00ab Entre le langage et quelque chose qui le pr\u00e9c\u00e8de. \u00bb Entretien avec Yeree Suh, soprano. - Ensemble intercontemporain\",\"isPartOf\":{\"@id\":\"https:\\\/\\\/www.ensembleintercontemporain.com\\\/en\\\/#website\"},\"primaryImageOfPage\":{\"@id\":\"https:\\\/\\\/www.ensembleintercontemporain.com\\\/en\\\/2026\\\/03\\\/entre-le-langage-et-quelque-chose-qui-le-precede-entretien-avec-yeree-suh-soprano\\\/#primaryimage\"},\"image\":{\"@id\":\"https:\\\/\\\/www.ensembleintercontemporain.com\\\/en\\\/2026\\\/03\\\/entre-le-langage-et-quelque-chose-qui-le-precede-entretien-avec-yeree-suh-soprano\\\/#primaryimage\"},\"thumbnailUrl\":\"https:\\\/\\\/www.ensembleintercontemporain.com\\\/content\\\/uploads\\\/2020\\\/01\\\/suh_03_c_marco_borggreve.jpg\",\"datePublished\":\"2026-03-12T12:24:07+00:00\",\"dateModified\":\"2026-03-24T14:52:01+00:00\",\"author\":{\"@id\":\"https:\\\/\\\/www.ensembleintercontemporain.com\\\/en\\\/#\\\/schema\\\/person\\\/439a7dd5cd8a167c34c931d7cc900214\"},\"breadcrumb\":{\"@id\":\"https:\\\/\\\/www.ensembleintercontemporain.com\\\/en\\\/2026\\\/03\\\/entre-le-langage-et-quelque-chose-qui-le-precede-entretien-avec-yeree-suh-soprano\\\/#breadcrumb\"},\"inLanguage\":\"en-US\",\"potentialAction\":[{\"@type\":\"ReadAction\",\"target\":[\"https:\\\/\\\/www.ensembleintercontemporain.com\\\/en\\\/2026\\\/03\\\/entre-le-langage-et-quelque-chose-qui-le-precede-entretien-avec-yeree-suh-soprano\\\/\"]}]},{\"@type\":\"ImageObject\",\"inLanguage\":\"en-US\",\"@id\":\"https:\\\/\\\/www.ensembleintercontemporain.com\\\/en\\\/2026\\\/03\\\/entre-le-langage-et-quelque-chose-qui-le-precede-entretien-avec-yeree-suh-soprano\\\/#primaryimage\",\"url\":\"https:\\\/\\\/www.ensembleintercontemporain.com\\\/content\\\/uploads\\\/2020\\\/01\\\/suh_03_c_marco_borggreve.jpg\",\"contentUrl\":\"https:\\\/\\\/www.ensembleintercontemporain.com\\\/content\\\/uploads\\\/2020\\\/01\\\/suh_03_c_marco_borggreve.jpg\",\"width\":1920,\"height\":1280},{\"@type\":\"BreadcrumbList\",\"@id\":\"https:\\\/\\\/www.ensembleintercontemporain.com\\\/en\\\/2026\\\/03\\\/entre-le-langage-et-quelque-chose-qui-le-precede-entretien-avec-yeree-suh-soprano\\\/#breadcrumb\",\"itemListElement\":[{\"@type\":\"ListItem\",\"position\":1,\"name\":\"Home\",\"item\":\"https:\\\/\\\/www.ensembleintercontemporain.com\\\/en\\\/\"},{\"@type\":\"ListItem\",\"position\":2,\"name\":\"\u00ab Entre le langage et quelque chose qui le pr\u00e9c\u00e8de. \u00bb Entretien avec Yeree Suh, soprano.\"}]},{\"@type\":\"WebSite\",\"@id\":\"https:\\\/\\\/www.ensembleintercontemporain.com\\\/en\\\/#website\",\"url\":\"https:\\\/\\\/www.ensembleintercontemporain.com\\\/en\\\/\",\"name\":\"Ensemble intercontemporain\",\"description\":\"\",\"potentialAction\":[{\"@type\":\"SearchAction\",\"target\":{\"@type\":\"EntryPoint\",\"urlTemplate\":\"https:\\\/\\\/www.ensembleintercontemporain.com\\\/en\\\/?s={search_term_string}\"},\"query-input\":{\"@type\":\"PropertyValueSpecification\",\"valueRequired\":true,\"valueName\":\"search_term_string\"}}],\"inLanguage\":\"en-US\"},{\"@type\":\"Person\",\"@id\":\"https:\\\/\\\/www.ensembleintercontemporain.com\\\/en\\\/#\\\/schema\\\/person\\\/439a7dd5cd8a167c34c931d7cc900214\",\"name\":\"J\u00e9remie Szpirglas\",\"image\":{\"@type\":\"ImageObject\",\"inLanguage\":\"en-US\",\"@id\":\"https:\\\/\\\/secure.gravatar.com\\\/avatar\\\/51406c8ec861211e1bd97cfab9a482b48101946652a6a78f911670a9a593f3ed?s=96&d=mm&r=g\",\"url\":\"https:\\\/\\\/secure.gravatar.com\\\/avatar\\\/51406c8ec861211e1bd97cfab9a482b48101946652a6a78f911670a9a593f3ed?s=96&d=mm&r=g\",\"contentUrl\":\"https:\\\/\\\/secure.gravatar.com\\\/avatar\\\/51406c8ec861211e1bd97cfab9a482b48101946652a6a78f911670a9a593f3ed?s=96&d=mm&r=g\",\"caption\":\"J\u00e9remie Szpirglas\"},\"url\":\"https:\\\/\\\/www.ensembleintercontemporain.com\\\/en\\\/author\\\/benjamin-szpirglas\\\/\"}]}<\/script>\n<!-- \/ Yoast SEO plugin. -->","yoast_head_json":{"title":"\u00ab Entre le langage et quelque chose qui le pr\u00e9c\u00e8de. \u00bb Entretien avec Yeree Suh, soprano. - Ensemble intercontemporain","robots":{"index":"index","follow":"follow","max-snippet":"max-snippet:-1","max-image-preview":"max-image-preview:large","max-video-preview":"max-video-preview:-1"},"canonical":"https:\/\/www.ensembleintercontemporain.com\/en\/2026\/03\/entre-le-langage-et-quelque-chose-qui-le-precede-entretien-avec-yeree-suh-soprano\/","og_locale":"en_US","og_type":"article","og_title":"\u00ab Entre le langage et quelque chose qui le pr\u00e9c\u00e8de. \u00bb Entretien avec Yeree Suh, soprano. - Ensemble intercontemporain","og_description":"Le 26 mars \u00e0 la Philharmonie de Paris, Yeree Suh rejoindra les solistes de l\u2019Ensemble intercontemporain pour c\u00e9l\u00e9brer les 70 ans de Luca Francesconi avec \"Etymo\". Dans cette \u0153uvre m\u00ealant \u00e9lectronique et fragments de textes de Baudelaire, la voix ne domine pas : elle s\u2019inscrit dans la texture sonore, entre souffle, mati\u00e8re et pr\u00e9cision extr\u00eame. La soprano \u00e9voque son approche de cette partition exigeante et sa mani\u00e8re d\u2019y faire entendre une voix \u00e0 la fronti\u00e8re du langage.","og_url":"https:\/\/www.ensembleintercontemporain.com\/en\/2026\/03\/entre-le-langage-et-quelque-chose-qui-le-precede-entretien-avec-yeree-suh-soprano\/","og_site_name":"Ensemble intercontemporain","article_published_time":"2026-03-12T12:24:07+00:00","article_modified_time":"2026-03-24T14:52:01+00:00","og_image":[{"width":1920,"height":1280,"url":"https:\/\/www.ensembleintercontemporain.com\/content\/uploads\/2020\/01\/suh_03_c_marco_borggreve.jpg","type":"image\/jpeg"}],"author":"J\u00e9remie Szpirglas","twitter_card":"summary_large_image","twitter_misc":{"Written by":"J\u00e9remie Szpirglas","Est. reading time":"4 minutes"},"schema":{"@context":"https:\/\/schema.org","@graph":[{"@type":"Article","@id":"https:\/\/www.ensembleintercontemporain.com\/en\/2026\/03\/entre-le-langage-et-quelque-chose-qui-le-precede-entretien-avec-yeree-suh-soprano\/#article","isPartOf":{"@id":"https:\/\/www.ensembleintercontemporain.com\/en\/2026\/03\/entre-le-langage-et-quelque-chose-qui-le-precede-entretien-avec-yeree-suh-soprano\/"},"author":{"name":"J\u00e9remie Szpirglas","@id":"https:\/\/www.ensembleintercontemporain.com\/en\/#\/schema\/person\/439a7dd5cd8a167c34c931d7cc900214"},"headline":"\u00ab Entre le langage et quelque chose qui le pr\u00e9c\u00e8de. \u00bb Entretien avec Yeree Suh, soprano.","datePublished":"2026-03-12T12:24:07+00:00","dateModified":"2026-03-24T14:52:01+00:00","mainEntityOfPage":{"@id":"https:\/\/www.ensembleintercontemporain.com\/en\/2026\/03\/entre-le-langage-et-quelque-chose-qui-le-precede-entretien-avec-yeree-suh-soprano\/"},"wordCount":641,"image":{"@id":"https:\/\/www.ensembleintercontemporain.com\/en\/2026\/03\/entre-le-langage-et-quelque-chose-qui-le-precede-entretien-avec-yeree-suh-soprano\/#primaryimage"},"thumbnailUrl":"https:\/\/www.ensembleintercontemporain.com\/content\/uploads\/2020\/01\/suh_03_c_marco_borggreve.jpg","keywords":["Luca Francesconi","Yeree Suh"],"articleSection":["Entretien"],"inLanguage":"en-US"},{"@type":"WebPage","@id":"https:\/\/www.ensembleintercontemporain.com\/en\/2026\/03\/entre-le-langage-et-quelque-chose-qui-le-precede-entretien-avec-yeree-suh-soprano\/","url":"https:\/\/www.ensembleintercontemporain.com\/en\/2026\/03\/entre-le-langage-et-quelque-chose-qui-le-precede-entretien-avec-yeree-suh-soprano\/","name":"\u00ab Entre le langage et quelque chose qui le pr\u00e9c\u00e8de. \u00bb Entretien avec Yeree Suh, soprano. - Ensemble intercontemporain","isPartOf":{"@id":"https:\/\/www.ensembleintercontemporain.com\/en\/#website"},"primaryImageOfPage":{"@id":"https:\/\/www.ensembleintercontemporain.com\/en\/2026\/03\/entre-le-langage-et-quelque-chose-qui-le-precede-entretien-avec-yeree-suh-soprano\/#primaryimage"},"image":{"@id":"https:\/\/www.ensembleintercontemporain.com\/en\/2026\/03\/entre-le-langage-et-quelque-chose-qui-le-precede-entretien-avec-yeree-suh-soprano\/#primaryimage"},"thumbnailUrl":"https:\/\/www.ensembleintercontemporain.com\/content\/uploads\/2020\/01\/suh_03_c_marco_borggreve.jpg","datePublished":"2026-03-12T12:24:07+00:00","dateModified":"2026-03-24T14:52:01+00:00","author":{"@id":"https:\/\/www.ensembleintercontemporain.com\/en\/#\/schema\/person\/439a7dd5cd8a167c34c931d7cc900214"},"breadcrumb":{"@id":"https:\/\/www.ensembleintercontemporain.com\/en\/2026\/03\/entre-le-langage-et-quelque-chose-qui-le-precede-entretien-avec-yeree-suh-soprano\/#breadcrumb"},"inLanguage":"en-US","potentialAction":[{"@type":"ReadAction","target":["https:\/\/www.ensembleintercontemporain.com\/en\/2026\/03\/entre-le-langage-et-quelque-chose-qui-le-precede-entretien-avec-yeree-suh-soprano\/"]}]},{"@type":"ImageObject","inLanguage":"en-US","@id":"https:\/\/www.ensembleintercontemporain.com\/en\/2026\/03\/entre-le-langage-et-quelque-chose-qui-le-precede-entretien-avec-yeree-suh-soprano\/#primaryimage","url":"https:\/\/www.ensembleintercontemporain.com\/content\/uploads\/2020\/01\/suh_03_c_marco_borggreve.jpg","contentUrl":"https:\/\/www.ensembleintercontemporain.com\/content\/uploads\/2020\/01\/suh_03_c_marco_borggreve.jpg","width":1920,"height":1280},{"@type":"BreadcrumbList","@id":"https:\/\/www.ensembleintercontemporain.com\/en\/2026\/03\/entre-le-langage-et-quelque-chose-qui-le-precede-entretien-avec-yeree-suh-soprano\/#breadcrumb","itemListElement":[{"@type":"ListItem","position":1,"name":"Home","item":"https:\/\/www.ensembleintercontemporain.com\/en\/"},{"@type":"ListItem","position":2,"name":"\u00ab Entre le langage et quelque chose qui le pr\u00e9c\u00e8de. \u00bb Entretien avec Yeree Suh, soprano."}]},{"@type":"WebSite","@id":"https:\/\/www.ensembleintercontemporain.com\/en\/#website","url":"https:\/\/www.ensembleintercontemporain.com\/en\/","name":"Ensemble intercontemporain","description":"","potentialAction":[{"@type":"SearchAction","target":{"@type":"EntryPoint","urlTemplate":"https:\/\/www.ensembleintercontemporain.com\/en\/?s={search_term_string}"},"query-input":{"@type":"PropertyValueSpecification","valueRequired":true,"valueName":"search_term_string"}}],"inLanguage":"en-US"},{"@type":"Person","@id":"https:\/\/www.ensembleintercontemporain.com\/en\/#\/schema\/person\/439a7dd5cd8a167c34c931d7cc900214","name":"J\u00e9remie Szpirglas","image":{"@type":"ImageObject","inLanguage":"en-US","@id":"https:\/\/secure.gravatar.com\/avatar\/51406c8ec861211e1bd97cfab9a482b48101946652a6a78f911670a9a593f3ed?s=96&d=mm&r=g","url":"https:\/\/secure.gravatar.com\/avatar\/51406c8ec861211e1bd97cfab9a482b48101946652a6a78f911670a9a593f3ed?s=96&d=mm&r=g","contentUrl":"https:\/\/secure.gravatar.com\/avatar\/51406c8ec861211e1bd97cfab9a482b48101946652a6a78f911670a9a593f3ed?s=96&d=mm&r=g","caption":"J\u00e9remie Szpirglas"},"url":"https:\/\/www.ensembleintercontemporain.com\/en\/author\/benjamin-szpirglas\/"}]}},"_links":{"self":[{"href":"https:\/\/www.ensembleintercontemporain.com\/en\/wp-json\/wp\/v2\/posts\/30404\/"}],"collection":[{"href":"https:\/\/www.ensembleintercontemporain.com\/en\/wp-json\/wp\/v2\/posts\/"}],"about":[{"href":"https:\/\/www.ensembleintercontemporain.com\/en\/wp-json\/wp\/v2\/types\/post\/"}],"author":[{"embeddable":true,"href":"https:\/\/www.ensembleintercontemporain.com\/en\/wp-json\/wp\/v2\/users\/5\/"}],"replies":[{"embeddable":true,"href":"https:\/\/www.ensembleintercontemporain.com\/en\/wp-json\/wp\/v2\/comments\/?post=30404"}],"version-history":[{"count":5,"href":"https:\/\/www.ensembleintercontemporain.com\/en\/wp-json\/wp\/v2\/posts\/30404\/revisions\/"}],"predecessor-version":[{"id":30506,"href":"https:\/\/www.ensembleintercontemporain.com\/en\/wp-json\/wp\/v2\/posts\/30404\/revisions\/30506\/"}],"wp:featuredmedia":[{"embeddable":true,"href":"https:\/\/www.ensembleintercontemporain.com\/en\/wp-json\/wp\/v2\/media\/18331\/"}],"wp:attachment":[{"href":"https:\/\/www.ensembleintercontemporain.com\/en\/wp-json\/wp\/v2\/media\/?parent=30404"}],"wp:term":[{"taxonomy":"category","embeddable":true,"href":"https:\/\/www.ensembleintercontemporain.com\/en\/wp-json\/wp\/v2\/categories\/?post=30404"},{"taxonomy":"post_tag","embeddable":true,"href":"https:\/\/www.ensembleintercontemporain.com\/en\/wp-json\/wp\/v2\/tags\/?post=30404"}],"curies":[{"name":"wp","href":"https:\/\/api.w.org\/{rel}","templated":true}]}}