{"id":30209,"date":"2026-01-22T21:20:45","date_gmt":"2026-01-22T20:20:45","guid":{"rendered":"https:\/\/www.ensembleintercontemporain.com\/?p=30209"},"modified":"2026-01-22T21:21:29","modified_gmt":"2026-01-22T20:21:29","slug":"ensemble-vers-lavenir","status":"publish","type":"post","link":"https:\/\/www.ensembleintercontemporain.com\/en\/2026\/01\/ensemble-vers-lavenir\/","title":{"rendered":"Ensemble vers l\u2019avenir."},"content":{"rendered":"<p><span style=\"font-size: 18pt;\"><img loading=\"lazy\" decoding=\"async\" class=\"aligncenter size-full wp-image-30212\" src=\"http:\/\/www.ensembleintercontemporain.com\/content\/uploads\/2026\/01\/eic-14-09-23-photographe-quentin-chevrier-29.jpg\" alt=\"\" width=\"1920\" height=\"1280\" srcset=\"https:\/\/www.ensembleintercontemporain.com\/content\/uploads\/2026\/01\/eic-14-09-23-photographe-quentin-chevrier-29.jpg 1920w, https:\/\/www.ensembleintercontemporain.com\/content\/uploads\/2026\/01\/eic-14-09-23-photographe-quentin-chevrier-29-300x200.jpg 300w, https:\/\/www.ensembleintercontemporain.com\/content\/uploads\/2026\/01\/eic-14-09-23-photographe-quentin-chevrier-29-1024x683.jpg 1024w, https:\/\/www.ensembleintercontemporain.com\/content\/uploads\/2026\/01\/eic-14-09-23-photographe-quentin-chevrier-29-768x512.jpg 768w, https:\/\/www.ensembleintercontemporain.com\/content\/uploads\/2026\/01\/eic-14-09-23-photographe-quentin-chevrier-29-1536x1024.jpg 1536w\" sizes=\"auto, (max-width: 1920px) 100vw, 1920px\" \/><\/span><\/p>\n<p><strong><span style=\"font-size: 18pt;\">E<\/span><span style=\"color: #003366;\">n 2026, une histoire partag\u00e9e prend une nouvelle forme. En int\u00e9grant la Philharmonie de Paris comme sixi\u00e8me d\u00e9partement, l\u2019Ensemble intercontemporain prolonge un compagnonnage de longue date et affirme, plus que jamais, la cr\u00e9ation comme moteur de son avenir.<\/span><\/strong><\/p>\n<p><span style=\"font-size: 14pt;\">Il y a des moments o\u00f9 une relation ancienne trouve une nouvelle forme, plus \u00e9vidente, plus f\u00e9conde. L\u2019ann\u00e9e 2026 marque un moment de cette nature pour l\u2019Ensemble intercontemporain, qui a rejoint la Philharmonie de Paris en tant que sixi\u00e8me d\u00e9partement de l\u2019institution.<\/span><\/p>\n<p><span style=\"font-size: 14pt;\">Depuis le 1\u1d49\u02b3 janvier, l\u2019ensemble de 31 solistes, d\u00e9di\u00e9 \u00e0 la cr\u00e9ation et \u00e0 l\u2019interpr\u00e9tation des musiques des XX\u1d49 et XXI\u1d49 si\u00e8cles, s\u2019inscrit pleinement dans le projet artistique et culturel de la Philharmonie. Ce rapprochement n\u2019est ni un simple changement de statut, ni un geste administratif : il prolonge une histoire partag\u00e9e, engag\u00e9e d\u00e8s 1995, lorsque l\u2019Ensemble devenait r\u00e9sident \u00e0 la Cit\u00e9 de la musique.<\/span><br \/>\n<span style=\"font-size: 14pt;\">Au fil des d\u00e9cennies, un m\u00eame horizon s\u2019est dessin\u00e9 : d\u00e9fendre la cr\u00e9ation musicale, inventer de nouvelles formes de concert, transmettre, exp\u00e9rimenter, renouveler les mani\u00e8res d\u2019\u00e9couter et de partager la musique. L\u2019int\u00e9gration de l\u2019Ensemble appara\u00eet aujourd\u2019hui comme l\u2019aboutissement naturel de ce compagnonnage, et comme une mani\u00e8re d\u2019affirmer, avec force, que la cr\u00e9ation est l\u2019un des piliers fondateurs de la Philharmonie de Paris.<\/span><\/p>\n<p><span style=\"font-size: 14pt; color: #003366;\">\u00ab Ce nouveau chapitre r\u00e9pond \u00e0 une ambition partag\u00e9e : placer la cr\u00e9ation au c\u0153ur du projet de la Philharmonie tout en offrant \u00e0 l\u2019Ensemble intercontemporain un cadre structurant pour poursuivre son d\u00e9veloppement \u00bb<span style=\"color: #000000;\">,<\/span> <span style=\"color: #000000;\">souligne Olivier Mantei, directeur g\u00e9n\u00e9ral de la Philharmonie de Paris.<\/span><\/span><\/p>\n<p><span style=\"font-size: 14pt;\">D\u00e9sormais pleinement associ\u00e9 \u00e0 la gouvernance et au fonctionnement de l\u2019institution \u2014 aux c\u00f4t\u00e9s des d\u00e9partements Concerts et spectacles, Orchestre de Paris, Mus\u00e9e de la musique, \u00c9ducation et Savoirs \u2014 l\u2019Ensemble intercontemporain b\u00e9n\u00e9ficie d\u2019une articulation renforc\u00e9e avec l\u2019ensemble des \u00e9quipes de la Philharmonie. Cette nouvelle configuration ouvre un champ \u00e9largi de possibles : projets artistiques de plus grande ampleur, formats hybrides et sc\u00e9niques, exp\u00e9rimentations pluridisciplinaires, mais aussi actions ambitieuses d\u2019\u00e9ducation artistique et culturelle.<\/span><\/p>\n<p><img loading=\"lazy\" decoding=\"async\" class=\"aligncenter wp-image-30210\" src=\"http:\/\/www.ensembleintercontemporain.com\/content\/uploads\/2026\/01\/eic-main-gauche-generale-photographe-quentin-chevrier-sept2025-11-scaled.jpg\" alt=\"\" width=\"725\" height=\"829\" srcset=\"https:\/\/www.ensembleintercontemporain.com\/content\/uploads\/2026\/01\/eic-main-gauche-generale-photographe-quentin-chevrier-sept2025-11-scaled.jpg 2239w, https:\/\/www.ensembleintercontemporain.com\/content\/uploads\/2026\/01\/eic-main-gauche-generale-photographe-quentin-chevrier-sept2025-11-262x300.jpg 262w, https:\/\/www.ensembleintercontemporain.com\/content\/uploads\/2026\/01\/eic-main-gauche-generale-photographe-quentin-chevrier-sept2025-11-896x1024.jpg 896w, https:\/\/www.ensembleintercontemporain.com\/content\/uploads\/2026\/01\/eic-main-gauche-generale-photographe-quentin-chevrier-sept2025-11-768x878.jpg 768w, https:\/\/www.ensembleintercontemporain.com\/content\/uploads\/2026\/01\/eic-main-gauche-generale-photographe-quentin-chevrier-sept2025-11-1343x1536.jpg 1343w, https:\/\/www.ensembleintercontemporain.com\/content\/uploads\/2026\/01\/eic-main-gauche-generale-photographe-quentin-chevrier-sept2025-11-1791x2048.jpg 1791w\" sizes=\"auto, (max-width: 725px) 100vw, 725px\" \/><br \/>\n<span style=\"font-size: 14pt;\">Pour Pierre Bleuse, directeur musical de l\u2019Ensemble (photo ci-dessus), <span style=\"color: #003366;\">\u00ab cette int\u00e9gration ouvre un horizon des plus enthousiasmants : davantage de possibilit\u00e9s de cr\u00e9ation, de production, de rencontres, et une collaboration encore plus \u00e9troite avec l\u2019ensemble des \u00e9quipes de la Philharmonie \u00bb.<\/span><\/span><\/p>\n<p><span style=\"font-size: 14pt;\">M\u00eame \u00e9lan du c\u00f4t\u00e9 de la direction de l\u2019EIC : <span style=\"color: #003366;\">\u00ab la dynamique artistique de la Philharmonie, conjugu\u00e9e \u00e0 l\u2019expertise des \u00e9quipes, ouvre de nouvelles perspectives et renforce le rayonnement d\u2019un ensemble unique au monde \u00bb<\/span>, souligne Patrick Hahn.<\/span><\/p>\n<p><span style=\"font-size: 14pt;\">Fid\u00e8le \u00e0 la vision de son fondateur, Pierre Boulez, l\u2019Ensemble intercontemporain conserve ce qui fait son identit\u00e9 depuis 1976 : une vocation profond\u00e9ment exp\u00e9rimentale, nourrie par le dialogue avec les compositeurs et compositrices, l\u2019exploration des nouvelles techniques instrumentales, l\u2019invention de formes musicales en prise avec leur temps, et une attention constante \u00e0 la transmission.<br \/>\n<\/span><br \/>\n<span style=\"font-size: 14pt;\">Cette nouvelle \u00e9tape s\u2019inscrit dans le prolongement du centenaire de la naissance de Pierre Boulez, c\u00e9l\u00e9br\u00e9 en 2025, et dans une r\u00e9flexion plus large sur le r\u00f4le des grandes institutions culturelles face aux enjeux artistiques contemporains. \u00c0 l\u2019heure o\u00f9 l\u2019Ensemble intercontemporain s\u2019appr\u00eate \u00e0 c\u00e9l\u00e9brer son 50\u1d49 anniversaire au sein m\u00eame de la Philharmonie de Paris, c\u2019est bien un avenir ouvert, collectif et inventif qui se dessine \u2014 fid\u00e8le \u00e0 un demi-si\u00e8cle de cr\u00e9ation, et r\u00e9solument tourn\u00e9 vers ce qui reste \u00e0 imaginer.<\/span><\/p>\n<p>Photos <b>\u00a9 <\/b>Quentin Chevrier<\/p>\n","protected":false},"excerpt":{"rendered":"<p>En 2026, une histoire partag\u00e9e prend une nouvelle forme. En int\u00e9grant la Philharmonie de Paris comme sixi\u00e8me d\u00e9partement, l\u2019Ensemble intercontemporain prolonge un compagnonnage de longue date et affirme, plus que jamais, la cr\u00e9ation comme moteur de son avenir.<\/p>\n","protected":false},"author":59,"featured_media":30212,"comment_status":"closed","ping_status":"closed","sticky":false,"template":"","format":"standard","meta":{"_acf_changed":false,"footnotes":""},"categories":[1002],"tags":[],"class_list":["post-30209","post","type-post","status-publish","format-standard","has-post-thumbnail","hentry","category-edito"],"acf":[],"yoast_head":"<!-- This site is optimized with the Yoast SEO plugin v27.5 - https:\/\/yoast.com\/product\/yoast-seo-wordpress\/ -->\n<title>Ensemble vers l\u2019avenir. - Ensemble intercontemporain<\/title>\n<meta name=\"robots\" content=\"index, follow, max-snippet:-1, max-image-preview:large, max-video-preview:-1\" \/>\n<link rel=\"canonical\" href=\"https:\/\/www.ensembleintercontemporain.com\/en\/2026\/01\/ensemble-vers-lavenir\/\" \/>\n<meta property=\"og:locale\" content=\"en_US\" \/>\n<meta property=\"og:type\" content=\"article\" \/>\n<meta property=\"og:title\" content=\"Ensemble vers l\u2019avenir. - Ensemble intercontemporain\" \/>\n<meta property=\"og:description\" content=\"En 2026, une histoire partag\u00e9e prend une nouvelle forme. En int\u00e9grant la Philharmonie de Paris comme sixi\u00e8me d\u00e9partement, l\u2019Ensemble intercontemporain prolonge un compagnonnage de longue date et affirme, plus que jamais, la cr\u00e9ation comme moteur de son avenir.\" \/>\n<meta property=\"og:url\" content=\"https:\/\/www.ensembleintercontemporain.com\/en\/2026\/01\/ensemble-vers-lavenir\/\" \/>\n<meta property=\"og:site_name\" content=\"Ensemble intercontemporain\" \/>\n<meta property=\"article:published_time\" content=\"2026-01-22T20:20:45+00:00\" \/>\n<meta property=\"article:modified_time\" content=\"2026-01-22T20:21:29+00:00\" \/>\n<meta property=\"og:image\" content=\"https:\/\/www.ensembleintercontemporain.com\/content\/uploads\/2026\/01\/eic-14-09-23-photographe-quentin-chevrier-29.jpg\" \/>\n\t<meta property=\"og:image:width\" content=\"1920\" \/>\n\t<meta property=\"og:image:height\" content=\"1280\" \/>\n\t<meta property=\"og:image:type\" content=\"image\/jpeg\" \/>\n<meta name=\"author\" content=\"Ensemble intercontemporain\" \/>\n<meta name=\"twitter:card\" content=\"summary_large_image\" \/>\n<meta name=\"twitter:label1\" content=\"Written by\" \/>\n\t<meta name=\"twitter:data1\" content=\"Ensemble intercontemporain\" \/>\n\t<meta name=\"twitter:label2\" content=\"Est. reading time\" \/>\n\t<meta name=\"twitter:data2\" content=\"4 minutes\" \/>\n<script type=\"application\/ld+json\" class=\"yoast-schema-graph\">{\"@context\":\"https:\\\/\\\/schema.org\",\"@graph\":[{\"@type\":\"Article\",\"@id\":\"https:\\\/\\\/www.ensembleintercontemporain.com\\\/en\\\/2026\\\/01\\\/ensemble-vers-lavenir\\\/#article\",\"isPartOf\":{\"@id\":\"https:\\\/\\\/www.ensembleintercontemporain.com\\\/en\\\/2026\\\/01\\\/ensemble-vers-lavenir\\\/\"},\"author\":{\"name\":\"Ensemble intercontemporain\",\"@id\":\"https:\\\/\\\/www.ensembleintercontemporain.com\\\/en\\\/#\\\/schema\\\/person\\\/dfea580cee66bf7981adf6126aec5936\"},\"headline\":\"Ensemble vers l\u2019avenir.\",\"datePublished\":\"2026-01-22T20:20:45+00:00\",\"dateModified\":\"2026-01-22T20:21:29+00:00\",\"mainEntityOfPage\":{\"@id\":\"https:\\\/\\\/www.ensembleintercontemporain.com\\\/en\\\/2026\\\/01\\\/ensemble-vers-lavenir\\\/\"},\"wordCount\":613,\"image\":{\"@id\":\"https:\\\/\\\/www.ensembleintercontemporain.com\\\/en\\\/2026\\\/01\\\/ensemble-vers-lavenir\\\/#primaryimage\"},\"thumbnailUrl\":\"https:\\\/\\\/www.ensembleintercontemporain.com\\\/content\\\/uploads\\\/2026\\\/01\\\/eic-14-09-23-photographe-quentin-chevrier-29.jpg\",\"articleSection\":[\"\u00c9dito\"],\"inLanguage\":\"en-US\"},{\"@type\":\"WebPage\",\"@id\":\"https:\\\/\\\/www.ensembleintercontemporain.com\\\/en\\\/2026\\\/01\\\/ensemble-vers-lavenir\\\/\",\"url\":\"https:\\\/\\\/www.ensembleintercontemporain.com\\\/en\\\/2026\\\/01\\\/ensemble-vers-lavenir\\\/\",\"name\":\"Ensemble vers l\u2019avenir. - Ensemble intercontemporain\",\"isPartOf\":{\"@id\":\"https:\\\/\\\/www.ensembleintercontemporain.com\\\/en\\\/#website\"},\"primaryImageOfPage\":{\"@id\":\"https:\\\/\\\/www.ensembleintercontemporain.com\\\/en\\\/2026\\\/01\\\/ensemble-vers-lavenir\\\/#primaryimage\"},\"image\":{\"@id\":\"https:\\\/\\\/www.ensembleintercontemporain.com\\\/en\\\/2026\\\/01\\\/ensemble-vers-lavenir\\\/#primaryimage\"},\"thumbnailUrl\":\"https:\\\/\\\/www.ensembleintercontemporain.com\\\/content\\\/uploads\\\/2026\\\/01\\\/eic-14-09-23-photographe-quentin-chevrier-29.jpg\",\"datePublished\":\"2026-01-22T20:20:45+00:00\",\"dateModified\":\"2026-01-22T20:21:29+00:00\",\"author\":{\"@id\":\"https:\\\/\\\/www.ensembleintercontemporain.com\\\/en\\\/#\\\/schema\\\/person\\\/dfea580cee66bf7981adf6126aec5936\"},\"breadcrumb\":{\"@id\":\"https:\\\/\\\/www.ensembleintercontemporain.com\\\/en\\\/2026\\\/01\\\/ensemble-vers-lavenir\\\/#breadcrumb\"},\"inLanguage\":\"en-US\",\"potentialAction\":[{\"@type\":\"ReadAction\",\"target\":[\"https:\\\/\\\/www.ensembleintercontemporain.com\\\/en\\\/2026\\\/01\\\/ensemble-vers-lavenir\\\/\"]}]},{\"@type\":\"ImageObject\",\"inLanguage\":\"en-US\",\"@id\":\"https:\\\/\\\/www.ensembleintercontemporain.com\\\/en\\\/2026\\\/01\\\/ensemble-vers-lavenir\\\/#primaryimage\",\"url\":\"https:\\\/\\\/www.ensembleintercontemporain.com\\\/content\\\/uploads\\\/2026\\\/01\\\/eic-14-09-23-photographe-quentin-chevrier-29.jpg\",\"contentUrl\":\"https:\\\/\\\/www.ensembleintercontemporain.com\\\/content\\\/uploads\\\/2026\\\/01\\\/eic-14-09-23-photographe-quentin-chevrier-29.jpg\",\"width\":1920,\"height\":1280},{\"@type\":\"BreadcrumbList\",\"@id\":\"https:\\\/\\\/www.ensembleintercontemporain.com\\\/en\\\/2026\\\/01\\\/ensemble-vers-lavenir\\\/#breadcrumb\",\"itemListElement\":[{\"@type\":\"ListItem\",\"position\":1,\"name\":\"Home\",\"item\":\"https:\\\/\\\/www.ensembleintercontemporain.com\\\/en\\\/\"},{\"@type\":\"ListItem\",\"position\":2,\"name\":\"Ensemble vers l\u2019avenir.\"}]},{\"@type\":\"WebSite\",\"@id\":\"https:\\\/\\\/www.ensembleintercontemporain.com\\\/en\\\/#website\",\"url\":\"https:\\\/\\\/www.ensembleintercontemporain.com\\\/en\\\/\",\"name\":\"Ensemble intercontemporain\",\"description\":\"\",\"potentialAction\":[{\"@type\":\"SearchAction\",\"target\":{\"@type\":\"EntryPoint\",\"urlTemplate\":\"https:\\\/\\\/www.ensembleintercontemporain.com\\\/en\\\/?s={search_term_string}\"},\"query-input\":{\"@type\":\"PropertyValueSpecification\",\"valueRequired\":true,\"valueName\":\"search_term_string\"}}],\"inLanguage\":\"en-US\"},{\"@type\":\"Person\",\"@id\":\"https:\\\/\\\/www.ensembleintercontemporain.com\\\/en\\\/#\\\/schema\\\/person\\\/dfea580cee66bf7981adf6126aec5936\",\"name\":\"Ensemble intercontemporain\",\"image\":{\"@type\":\"ImageObject\",\"inLanguage\":\"en-US\",\"@id\":\"https:\\\/\\\/secure.gravatar.com\\\/avatar\\\/7131d85484d41d368d6f8919d5e1edcb3fa339c4a2bcf28cb3c3be5bec6935ac?s=96&d=mm&r=g\",\"url\":\"https:\\\/\\\/secure.gravatar.com\\\/avatar\\\/7131d85484d41d368d6f8919d5e1edcb3fa339c4a2bcf28cb3c3be5bec6935ac?s=96&d=mm&r=g\",\"contentUrl\":\"https:\\\/\\\/secure.gravatar.com\\\/avatar\\\/7131d85484d41d368d6f8919d5e1edcb3fa339c4a2bcf28cb3c3be5bec6935ac?s=96&d=mm&r=g\",\"caption\":\"Ensemble intercontemporain\"},\"url\":\"https:\\\/\\\/www.ensembleintercontemporain.com\\\/en\\\/author\\\/eic\\\/\"}]}<\/script>\n<!-- \/ Yoast SEO plugin. -->","yoast_head_json":{"title":"Ensemble vers l\u2019avenir. - Ensemble intercontemporain","robots":{"index":"index","follow":"follow","max-snippet":"max-snippet:-1","max-image-preview":"max-image-preview:large","max-video-preview":"max-video-preview:-1"},"canonical":"https:\/\/www.ensembleintercontemporain.com\/en\/2026\/01\/ensemble-vers-lavenir\/","og_locale":"en_US","og_type":"article","og_title":"Ensemble vers l\u2019avenir. - Ensemble intercontemporain","og_description":"En 2026, une histoire partag\u00e9e prend une nouvelle forme. En int\u00e9grant la Philharmonie de Paris comme sixi\u00e8me d\u00e9partement, l\u2019Ensemble intercontemporain prolonge un compagnonnage de longue date et affirme, plus que jamais, la cr\u00e9ation comme moteur de son avenir.","og_url":"https:\/\/www.ensembleintercontemporain.com\/en\/2026\/01\/ensemble-vers-lavenir\/","og_site_name":"Ensemble intercontemporain","article_published_time":"2026-01-22T20:20:45+00:00","article_modified_time":"2026-01-22T20:21:29+00:00","og_image":[{"width":1920,"height":1280,"url":"https:\/\/www.ensembleintercontemporain.com\/content\/uploads\/2026\/01\/eic-14-09-23-photographe-quentin-chevrier-29.jpg","type":"image\/jpeg"}],"author":"Ensemble intercontemporain","twitter_card":"summary_large_image","twitter_misc":{"Written by":"Ensemble intercontemporain","Est. reading time":"4 minutes"},"schema":{"@context":"https:\/\/schema.org","@graph":[{"@type":"Article","@id":"https:\/\/www.ensembleintercontemporain.com\/en\/2026\/01\/ensemble-vers-lavenir\/#article","isPartOf":{"@id":"https:\/\/www.ensembleintercontemporain.com\/en\/2026\/01\/ensemble-vers-lavenir\/"},"author":{"name":"Ensemble intercontemporain","@id":"https:\/\/www.ensembleintercontemporain.com\/en\/#\/schema\/person\/dfea580cee66bf7981adf6126aec5936"},"headline":"Ensemble vers l\u2019avenir.","datePublished":"2026-01-22T20:20:45+00:00","dateModified":"2026-01-22T20:21:29+00:00","mainEntityOfPage":{"@id":"https:\/\/www.ensembleintercontemporain.com\/en\/2026\/01\/ensemble-vers-lavenir\/"},"wordCount":613,"image":{"@id":"https:\/\/www.ensembleintercontemporain.com\/en\/2026\/01\/ensemble-vers-lavenir\/#primaryimage"},"thumbnailUrl":"https:\/\/www.ensembleintercontemporain.com\/content\/uploads\/2026\/01\/eic-14-09-23-photographe-quentin-chevrier-29.jpg","articleSection":["\u00c9dito"],"inLanguage":"en-US"},{"@type":"WebPage","@id":"https:\/\/www.ensembleintercontemporain.com\/en\/2026\/01\/ensemble-vers-lavenir\/","url":"https:\/\/www.ensembleintercontemporain.com\/en\/2026\/01\/ensemble-vers-lavenir\/","name":"Ensemble vers l\u2019avenir. - Ensemble intercontemporain","isPartOf":{"@id":"https:\/\/www.ensembleintercontemporain.com\/en\/#website"},"primaryImageOfPage":{"@id":"https:\/\/www.ensembleintercontemporain.com\/en\/2026\/01\/ensemble-vers-lavenir\/#primaryimage"},"image":{"@id":"https:\/\/www.ensembleintercontemporain.com\/en\/2026\/01\/ensemble-vers-lavenir\/#primaryimage"},"thumbnailUrl":"https:\/\/www.ensembleintercontemporain.com\/content\/uploads\/2026\/01\/eic-14-09-23-photographe-quentin-chevrier-29.jpg","datePublished":"2026-01-22T20:20:45+00:00","dateModified":"2026-01-22T20:21:29+00:00","author":{"@id":"https:\/\/www.ensembleintercontemporain.com\/en\/#\/schema\/person\/dfea580cee66bf7981adf6126aec5936"},"breadcrumb":{"@id":"https:\/\/www.ensembleintercontemporain.com\/en\/2026\/01\/ensemble-vers-lavenir\/#breadcrumb"},"inLanguage":"en-US","potentialAction":[{"@type":"ReadAction","target":["https:\/\/www.ensembleintercontemporain.com\/en\/2026\/01\/ensemble-vers-lavenir\/"]}]},{"@type":"ImageObject","inLanguage":"en-US","@id":"https:\/\/www.ensembleintercontemporain.com\/en\/2026\/01\/ensemble-vers-lavenir\/#primaryimage","url":"https:\/\/www.ensembleintercontemporain.com\/content\/uploads\/2026\/01\/eic-14-09-23-photographe-quentin-chevrier-29.jpg","contentUrl":"https:\/\/www.ensembleintercontemporain.com\/content\/uploads\/2026\/01\/eic-14-09-23-photographe-quentin-chevrier-29.jpg","width":1920,"height":1280},{"@type":"BreadcrumbList","@id":"https:\/\/www.ensembleintercontemporain.com\/en\/2026\/01\/ensemble-vers-lavenir\/#breadcrumb","itemListElement":[{"@type":"ListItem","position":1,"name":"Home","item":"https:\/\/www.ensembleintercontemporain.com\/en\/"},{"@type":"ListItem","position":2,"name":"Ensemble vers l\u2019avenir."}]},{"@type":"WebSite","@id":"https:\/\/www.ensembleintercontemporain.com\/en\/#website","url":"https:\/\/www.ensembleintercontemporain.com\/en\/","name":"Ensemble intercontemporain","description":"","potentialAction":[{"@type":"SearchAction","target":{"@type":"EntryPoint","urlTemplate":"https:\/\/www.ensembleintercontemporain.com\/en\/?s={search_term_string}"},"query-input":{"@type":"PropertyValueSpecification","valueRequired":true,"valueName":"search_term_string"}}],"inLanguage":"en-US"},{"@type":"Person","@id":"https:\/\/www.ensembleintercontemporain.com\/en\/#\/schema\/person\/dfea580cee66bf7981adf6126aec5936","name":"Ensemble intercontemporain","image":{"@type":"ImageObject","inLanguage":"en-US","@id":"https:\/\/secure.gravatar.com\/avatar\/7131d85484d41d368d6f8919d5e1edcb3fa339c4a2bcf28cb3c3be5bec6935ac?s=96&d=mm&r=g","url":"https:\/\/secure.gravatar.com\/avatar\/7131d85484d41d368d6f8919d5e1edcb3fa339c4a2bcf28cb3c3be5bec6935ac?s=96&d=mm&r=g","contentUrl":"https:\/\/secure.gravatar.com\/avatar\/7131d85484d41d368d6f8919d5e1edcb3fa339c4a2bcf28cb3c3be5bec6935ac?s=96&d=mm&r=g","caption":"Ensemble intercontemporain"},"url":"https:\/\/www.ensembleintercontemporain.com\/en\/author\/eic\/"}]}},"_links":{"self":[{"href":"https:\/\/www.ensembleintercontemporain.com\/en\/wp-json\/wp\/v2\/posts\/30209\/"}],"collection":[{"href":"https:\/\/www.ensembleintercontemporain.com\/en\/wp-json\/wp\/v2\/posts\/"}],"about":[{"href":"https:\/\/www.ensembleintercontemporain.com\/en\/wp-json\/wp\/v2\/types\/post\/"}],"author":[{"embeddable":true,"href":"https:\/\/www.ensembleintercontemporain.com\/en\/wp-json\/wp\/v2\/users\/59\/"}],"replies":[{"embeddable":true,"href":"https:\/\/www.ensembleintercontemporain.com\/en\/wp-json\/wp\/v2\/comments\/?post=30209"}],"version-history":[{"count":4,"href":"https:\/\/www.ensembleintercontemporain.com\/en\/wp-json\/wp\/v2\/posts\/30209\/revisions\/"}],"predecessor-version":[{"id":30217,"href":"https:\/\/www.ensembleintercontemporain.com\/en\/wp-json\/wp\/v2\/posts\/30209\/revisions\/30217\/"}],"wp:featuredmedia":[{"embeddable":true,"href":"https:\/\/www.ensembleintercontemporain.com\/en\/wp-json\/wp\/v2\/media\/30212\/"}],"wp:attachment":[{"href":"https:\/\/www.ensembleintercontemporain.com\/en\/wp-json\/wp\/v2\/media\/?parent=30209"}],"wp:term":[{"taxonomy":"category","embeddable":true,"href":"https:\/\/www.ensembleintercontemporain.com\/en\/wp-json\/wp\/v2\/categories\/?post=30209"},{"taxonomy":"post_tag","embeddable":true,"href":"https:\/\/www.ensembleintercontemporain.com\/en\/wp-json\/wp\/v2\/tags\/?post=30209"}],"curies":[{"name":"wp","href":"https:\/\/api.w.org\/{rel}","templated":true}]}}