{"id":30167,"date":"2026-01-12T12:51:08","date_gmt":"2026-01-12T11:51:08","guid":{"rendered":"https:\/\/www.ensembleintercontemporain.com\/?p=30167"},"modified":"2026-01-16T11:03:17","modified_gmt":"2026-01-16T10:03:17","slug":"la-musique-nexiste-vraiment-que-lorsquelle-est-vivante-et-libre","status":"publish","type":"post","link":"https:\/\/www.ensembleintercontemporain.com\/en\/2026\/01\/la-musique-nexiste-vraiment-que-lorsquelle-est-vivante-et-libre\/","title":{"rendered":"\u00ab La musique n\u2019existe vraiment que lorsqu\u2019elle est vivante et libre \u00bb."},"content":{"rendered":"<p><img loading=\"lazy\" decoding=\"async\" class=\"size-full wp-image-30168\" src=\"http:\/\/www.ensembleintercontemporain.com\/content\/uploads\/2026\/01\/charlotte-saluste-bridoux-credit-kaupo-kikkas-scaled-e1767529964768.jpg\" alt=\"\" width=\"2250\" height=\"1685\" srcset=\"https:\/\/www.ensembleintercontemporain.com\/content\/uploads\/2026\/01\/charlotte-saluste-bridoux-credit-kaupo-kikkas-scaled-e1767529964768.jpg 2250w, https:\/\/www.ensembleintercontemporain.com\/content\/uploads\/2026\/01\/charlotte-saluste-bridoux-credit-kaupo-kikkas-scaled-e1767529964768-300x225.jpg 300w, https:\/\/www.ensembleintercontemporain.com\/content\/uploads\/2026\/01\/charlotte-saluste-bridoux-credit-kaupo-kikkas-scaled-e1767529964768-1024x767.jpg 1024w, https:\/\/www.ensembleintercontemporain.com\/content\/uploads\/2026\/01\/charlotte-saluste-bridoux-credit-kaupo-kikkas-scaled-e1767529964768-768x575.jpg 768w, https:\/\/www.ensembleintercontemporain.com\/content\/uploads\/2026\/01\/charlotte-saluste-bridoux-credit-kaupo-kikkas-scaled-e1767529964768-1536x1150.jpg 1536w, https:\/\/www.ensembleintercontemporain.com\/content\/uploads\/2026\/01\/charlotte-saluste-bridoux-credit-kaupo-kikkas-scaled-e1767529964768-2048x1534.jpg 2048w\" sizes=\"auto, (max-width: 2250px) 100vw, 2250px\" \/><\/p>\n<p><span style=\"color: #003366;\"><strong><span style=\"font-size: 18pt;\">L<\/span>\u2019invit\u00e9e de ce d\u00e9but d\u2019ann\u00e9e est la violoniste Charlotte Saluste-Bridoux, dont le parcours singulier sur la sc\u00e8ne contemporaine entre en r\u00e9sonance avec l\u2019esprit de l\u2019Ensemble intercontemporain. Anim\u00e9e par le d\u00e9sir d\u2019\u00e9largir l\u2019horizon d\u2019\u00e9coute du public, elle a confi\u00e9 \u00e0 cinq compositeurs et compositrices de sa g\u00e9n\u00e9ration l\u2019\u00e9criture des codas des concertos pour violon de Mozart. Un geste audacieux, qui bouscule le r\u00e9pertoire et insuffle libert\u00e9 et pr\u00e9sent \u00e0 la musique classique.<\/strong><\/span><\/p>\n<p><span style=\"font-size: 14pt;\"><strong>Votre rapport \u00e0 la musique semble tr\u00e8s physique. D\u2019o\u00f9 vient cette relation presque charnelle \u00e0 l\u2019instrument ?<\/strong><br \/>\nJe pense que c\u2019est central pour moi. Mon amour de la musique est profond\u00e9ment li\u00e9 \u00e0 une forme de d\u00e9pendance physique \u00e0 l\u2019instrument. J\u2019en ai vraiment pris conscience il y a plusieurs ann\u00e9es, quand je me suis cass\u00e9 un doigt. Je n\u2019ai pas pu jouer pendant plusieurs semaines et on ne savait m\u00eame pas si je pourrais r\u00e9ellement rejouer. <\/span><\/p>\n<p><span style=\"font-size: 14pt;\">Cette p\u00e9riode a \u00e9t\u00e9 une r\u00e9v\u00e9lation. \u00catre priv\u00e9e de l\u2019instrument n\u2019a pas seulement boulvers\u00e9 mon quotidien, mais aussi ma relation \u00e0 la musique. J\u2019ai compris que ce qui m\u2019importait peut-\u00eatre plus que tout, c\u2019\u00e9tait d\u2019\u00eatre avec l\u2019instrument : toucher, jouer, ressentir le geste. Le mot \u00ab jouer \u00bb prend ici tout son sens. Il a quelque chose de ludique, de vivant, presque enfantin, mais aussi de tr\u00e8s profond.<\/span><\/p>\n<p><span style=\"font-size: 14pt;\"><strong>Est-ce ce rapport au geste qui vous a men\u00e9e vers les cordes en boyau et les pratiques historiquement inform\u00e9es ?<\/strong><br \/>\nOui, tr\u00e8s probablement. Les cordes en boyau offrent une texture sonore diff\u00e9rente, plus rugueuse, avec davantage d\u2019asp\u00e9rit\u00e9s. Le son ne glisse pas : il r\u00e9siste, il s\u2019accroche, et cette r\u00e9sistance cr\u00e9e un lien tr\u00e8s fort avec l\u2019instrument. <\/span><\/p>\n<p><span style=\"font-size: 14pt;\">Sur le violon moderne, j\u2019utilise un m\u00e9lange de cordes en metal et de boyau fil\u00e9. Ces choix influencent tout : la prise de son, l\u2019articulation, la technique, la mani\u00e8re de penser la phrase musicale. Ce sont peut-\u00eatre des consid\u00e9rations tr\u00e8s techniques, mais elles participent \u00e0 une recherche de coh\u00e9rence entre diff\u00e9rents mondes esth\u00e9tiques.<\/span><\/p>\n<p><span style=\"font-size: 14pt;\"><strong>Vous faites souvent la distinction entre ce que vous jouez et ce que vous \u00e9coutez. Pouvez-vous nous en dire plus ?<\/strong><br \/>\nOui, il y a souvent un \u00e9cart entre les deux. J\u2019\u00e9coute \u00e9norm\u00e9ment de musique que je ne pratique pas. Par exemple, beaucoup de Purcell, de musique vocale de la Renaissance, des \u0153uvres pour voix ou pour piano, ou encore de la musique traditionnelle d&#8217;un peu partout. \u00c0 l\u2019inverse, certaines pi\u00e8ces que je joue beaucoup ne font pas partie de mon \u00e9coute quotidienne. <\/span><\/p>\n<p><span style=\"font-size: 14pt;\">Les concertos de Mozart en sont un bon exemple. Ce n\u2019est pas un r\u00e9pertoire que j\u2019\u00e9coute tous les matins, m\u00eame si j\u2019ai largement explor\u00e9 d\u2019autres pans de son \u0153uvre, de l&#8217;op\u00e9ra aux quatuors en passant par les symphonies. Mes go\u00fbts \u00e9voluent par phases, et ils d\u00e9pendent aussi de ce que je suis en train de travailler ou de vivre \u00e0 un moment donn\u00e9. Lorsque je suis en tourn\u00e9e avec un r\u00e9pertoire pr\u00e9cis, j\u2019\u00e9coute souvent des \u0153uvres diam\u00e9tralement oppos\u00e9es. Mais cette \u00e9coute nourrit mon jeu, et r\u00e9ciproquement.<\/span><\/p>\n<p><span style=\"font-size: 14pt;\"><strong>La musique de chambre occupe une place tr\u00e8s importante dans votre parcours. Pourquoi ?<\/strong><br \/>\nLa musique de chambre a \u00e9t\u00e9 ma plus grande \u00e9cole. J\u2019y ai consacr\u00e9 une immense partie de ma vie, et je continue aujourd\u2019hui encore. Pour moi, c\u2019est le joyau de l\u2019\u00e9criture musicale ! C\u2019est une forme tr\u00e8s contrainte, mais qui offre paradoxalement une immense libert\u00e9. L\u00e0 o\u00f9 la symphonie peut parfois \u00eatre une d\u00e9monstration de grandeur, et le concerto une mise en valeur du soliste, la musique de chambre est pour moi l\u2019expression la plus pure de l\u2019amour de la musique. Chaque voix compte, chaque geste a un impact imm\u00e9diat sur les autres. <\/span><\/p>\n<p><span style=\"font-size: 14pt;\">Faire partie du Chiaroscuro Quartet est une pierre importante de mon paysage musical quotidien, et une grande fiert\u00e9. <\/span><\/p>\n<p><img loading=\"lazy\" decoding=\"async\" class=\"size-full wp-image-30172\" src=\"http:\/\/www.ensembleintercontemporain.com\/content\/uploads\/2026\/01\/chiaroscuro-quartet-long-scaled-e1767531168356.jpeg\" alt=\"\" width=\"1715\" height=\"870\" srcset=\"https:\/\/www.ensembleintercontemporain.com\/content\/uploads\/2026\/01\/chiaroscuro-quartet-long-scaled-e1767531168356.jpeg 1715w, https:\/\/www.ensembleintercontemporain.com\/content\/uploads\/2026\/01\/chiaroscuro-quartet-long-scaled-e1767531168356-300x152.jpeg 300w, https:\/\/www.ensembleintercontemporain.com\/content\/uploads\/2026\/01\/chiaroscuro-quartet-long-scaled-e1767531168356-1024x519.jpeg 1024w, https:\/\/www.ensembleintercontemporain.com\/content\/uploads\/2026\/01\/chiaroscuro-quartet-long-scaled-e1767531168356-768x390.jpeg 768w, https:\/\/www.ensembleintercontemporain.com\/content\/uploads\/2026\/01\/chiaroscuro-quartet-long-scaled-e1767531168356-1536x779.jpeg 1536w\" sizes=\"auto, (max-width: 1715px) 100vw, 1715px\" \/><\/p>\n<p><span style=\"font-size: 14pt;\"><strong>A quoi ressemblerait une \u0153uvre \u00e9crite sp\u00e9cialement pour vous ?<\/strong><br \/>\n\u00c7a d\u00e9pend beaucoup de la personne qui l\u2019\u00e9crit ! Je suis une musicienne tr\u00e8s joueuse et tr\u00e8s intuitive, avec une grande place laiss\u00e9e \u00e0 l\u2019improvisation. J\u2019aurais donc envie de collaborer avec un\u00b7e compositeur\u00b7rice qui partage cette libert\u00e9 et cette \u00e9coute. J\u2019aime aussi partir d\u2019un petit bijou musical, presque fragile, puis le d\u00e9construire, le bousculer : jouer avec le public, l\u2019instrument et la mati\u00e8re musicale elle-m\u00eame.<\/span><\/p>\n<p><span style=\"font-size: 14pt;\"><strong>Le r\u00e9pertoire contemporain est apparu tr\u00e8s t\u00f4t dans votre pratique. Comment et pourquoi ?<\/strong><br \/>\nLa musique contemporaine m\u2019est apparue presque par hasard. L\u2019un de mes tout premiers concertos \u00e9tait de P\u0113teris Vasks [1946-] et le second d\u2019Andrzej Panufnik [1914-1991], alors que j\u2019\u00e9tais encore \u00e0 l\u2019\u00e9cole. Mon p\u00e8re (non musicien) m\u2019avait d\u2019ailleurs offert la partition de Vasks quand j\u2019avais onze ans, en l\u2019achetant chez notre librairie musicale, comme on offre un livre qu\u2019on n\u2019a pas lu mais qui accroche le regard en boutique&#8230; Des ann\u00e9es plus tard, lorsque cette \u0153uvre a \u00e9t\u00e9 programm\u00e9e par l\u2019orchestre de mon \u00e9cole, j\u2019ai red\u00e9couvert cette partition dans ma biblioth\u00e8que.<\/span><\/p>\n<p><span style=\"font-size: 14pt;\">\u00c0 l\u2019\u00e9poque, je n\u2019avais pas encore de personnalit\u00e9 musicale d\u00e9finie. J\u2019\u00e9tais en pleine exploration. Plus tard sont venues d\u2019autres r\u00e9v\u00e9lations : le baroque, les cordes en boyau, et le <em>stylus phantasticus<\/em> qui m\u2019a profond\u00e9ment marqu\u00e9e par sa libert\u00e9 et son caract\u00e8re presque folk. Ces phases de d\u00e9couverte ont d\u2019ailleurs souvent \u00e9t\u00e9 d\u00e9clench\u00e9es par des rencontres humaines.<\/span><\/p>\n<p><span style=\"font-size: 14pt;\"><strong>Parmi ces rencontres, Alina Ibraguimova semble avoir jou\u00e9 un r\u00f4le d\u00e9terminant.<\/strong><br \/>\nOui, absolument. Aujourd\u2019hui, elle est une coll\u00e8gue, mais elle a aussi \u00e9t\u00e9 une mentore essentielle. Son jeu a eu un immense impact sur le mien bien avant que je lui demande de me donner des cours. L\u2019\u00e9pisode du doigt cass\u00e9 a agi comme un catalyseur : je lui ai demand\u00e9 si elle accepterait de me donner cours, alors m\u00eame qu\u2019elle enseignait tr\u00e8s peu, et a r\u00e9pondu oui.<\/span><\/p>\n<p><span style=\"font-size: 14pt;\">J\u2019avais besoin de quelqu\u2019un qui soit profond\u00e9ment ancr\u00e9 dans la pratique vivante de la sc\u00e8ne, loin d\u2019un cadre trop dogmatique. <\/span><span style=\"font-size: 14pt;\">Je voulais sentir la musique en train de se faire, ici et maintenant. J\u2019\u00e9coutais tr\u00e8s peu d\u2019enregistrements, et cette relation a profond\u00e9ment influenc\u00e9 ma mani\u00e8re de penser la musique\u2026 en concert.<\/span><\/p>\n<p><span style=\"font-size: 14pt;\"><strong>Justement, quelle place occupe le concert dans votre conception de la musique ?<\/strong><br \/>\nLe concert est une exp\u00e9rience fondamentalement vivante. Il d\u00e9pend enti\u00e8rement du lieu, du public, du moment. L\u2019atmosph\u00e8re d\u2019une salle se ressent imm\u00e9diatement. La concentration du public, ou au contraire la distraction, se propage comme une vague. <\/span><\/p>\n<p><span style=\"font-size: 14pt;\">La musique classique n\u2019existe pleinement que dans cet \u00e9change. Elle prend vie sur sc\u00e8ne, gr\u00e2ce au public. Mais cet \u00e9change doit rester \u00e9quilibr\u00e9 : on joue pour soi, autant que pour les autres musicien\u00b7nes et pour le public. Ces trois p\u00f4les s\u2019enrichissent mutuellement, mais si l\u2019un d\u2019eux prend le dessus, l&#8217;\u00e9quilibre s&#8217;effondre. <\/span><\/p>\n<p><span style=\"font-size: 14pt;\">Lorsque je joue, que ce soit en musique de chambre ou en concerto, il m\u2019est essentiel de pouvoir interagir avec les autres musicien\u00b7nes, proposer une couleur, \u00e9tablir un dialogue. Je ne suis jamais statique en concert, peut-\u00eatre aussi dans une volont\u00e9 d\u2019inclure l\u2019auditoire avec mon violon.\u00a0<\/span><\/p>\n<p><span style=\"font-size: 14pt;\"><strong>Cette philosophie vous a conduite \u00e0 prendre des risques vis-\u00e0-vis du public, par exemple en commandant de nouvelles cadences pour les concertos pour violon de Mozart \u00e0 de jeunes compositeurs et compositrices contemporains. Pourquoi ce choix ?<\/strong><br \/>\nParce que je voulais casser l\u2019image fig\u00e9e et sacralis\u00e9e de Mozart. On oublie souvent \u00e0 quel point il \u00e9tait libre, irr\u00e9v\u00e9rencieux, plein d\u2019humour. Son \u00e9criture n\u2019est pas un mus\u00e9e, elle est vivante. <\/span><\/p>\n<p><span style=\"font-size: 14pt;\">Commander de nouvelles cadences \u00e0 des compositeurs et compositrices contemporains, alors que le public venait \u00e9couter une int\u00e9grale de Mozart, \u00e9tait un pari assum\u00e9. Je voulais cr\u00e9er un espace hybride entre pratique historique et instrument moderne, proposer quelque chose de mouvant, quitte \u00e0 bousculer les attentes du public et proposer une autre \u00e9coute. <\/span><\/p>\n<p><span style=\"font-size: 14pt;\">Le fait que le concert ait \u00e9t\u00e9 enregistr\u00e9 pour devenir un album m\u2019a aussi amen\u00e9e \u00e0 donner plus de visibilit\u00e9 \u00e0 ces personnes talentueuses, dont j\u2019admire \u00e9norm\u00e9ment le travail : H\u00e9lo\u00efse Werner, Joseph Havlet, William Marsey, Isabella Gellis et Oliver Leith. L\u2019enregistrement permettra de se replonger dans l\u2019\u00e9coute, une fois le choc du concert pass\u00e9.<\/span><\/p>\n<p><img loading=\"lazy\" decoding=\"async\" class=\" wp-image-30174\" src=\"http:\/\/www.ensembleintercontemporain.com\/content\/uploads\/2026\/01\/concert-appassionato-e1767531653462.jpg\" alt=\"\" width=\"236\" height=\"279\" srcset=\"https:\/\/www.ensembleintercontemporain.com\/content\/uploads\/2026\/01\/concert-appassionato-e1767531653462.jpg 817w, https:\/\/www.ensembleintercontemporain.com\/content\/uploads\/2026\/01\/concert-appassionato-e1767531653462-254x300.jpg 254w, https:\/\/www.ensembleintercontemporain.com\/content\/uploads\/2026\/01\/concert-appassionato-e1767531653462-768x907.jpg 768w\" sizes=\"auto, (max-width: 236px) 100vw, 236px\" \/><\/p>\n<p><span style=\"font-size: 14pt;\"><strong>Comment avez-vous financ\u00e9 ce projet ?<\/strong><br \/>\nAvec \u00e9norm\u00e9ment de soutien. Celui d\u2019une \u00e9quipe exceptionnelle au sein de l\u2019orchestre Appassionato, de dons de passionn\u00e9\u00b7es de musique, et de nombreux dossiers de bourse. Mais surtout gr\u00e2ce \u00e0 tous ceux et celles et ceux qui se reconna\u00eetront ici, et qui ont port\u00e9 ce projet \u00e0 bout de bras &#8211; et le font encore aujourd\u2019hui.<\/span><\/p>\n<p><span style=\"font-size: 14pt;\">Quant \u00e0 la m\u00e9thode, elle est assez simple : nous nous sommes lanc\u00e9s les yeux ferm\u00e9s, avec cette id\u00e9e tr\u00e8s claire que l\u2019on commence parce qu\u2019on y croit profond\u00e9ment, et que les solutions se construisent alors. Attendre d\u2019avoir toutes les ressources, c&#8217;est renoncer \u00e0 l\u2019essentiel.<\/span><\/p>\n<p><span style=\"font-size: 14pt;\"><strong>Pensez-vous que la curiosit\u00e9 du public soit sous-estim\u00e9e aujourd\u2019hui, dans la programmation des salles ?<\/strong><br \/>\nOui, sinc\u00e8rement. On att\u00e9nue parfois les propositions musicales au nom de la d\u00e9mocratisation, alors que susciter la curiosit\u00e9 suppose au contraire de proposer des \u0153uvres riches, exigeantes, avec plusieurs niveaux de lecture. En tant que musicien\u00b7ne, nous sommes gardiens de cet art complexe, qui a travers\u00e9 les si\u00e8cles et continuera de le faire. <\/span><\/p>\n<p><span style=\"font-size: 14pt;\">La musique n\u2019est pas un produit de consommation imm\u00e9diate. Elle demande parfois un effort, un temps d\u2019adaptation, voire une forme de friction. Mais c\u2019est pr\u00e9cis\u00e9ment cette r\u00e9sistance qui permet ensuite une exp\u00e9rience plus profonde. Si l\u2019on ne propose que des \u00ab bonbons musicaux \u00bb, on prive le public de cette complexit\u00e9. L&#8217;id\u00e9al est qu&#8217;il sorte de salle avec l&#8217;envie d&#8217;en d\u00e9couvrir davantage, parce que l\u2019art se nourrit de cette curiosit\u00e9.<\/span><\/p>\n<p><span style=\"font-size: 14pt;\"><strong>Pour conclure, qu\u2019est-ce qui vous guide aujourd\u2019hui lorsque vous montez sur sc\u00e8ne ?<\/strong><br \/>\nLa sinc\u00e9rit\u00e9 et la passion. Je crois profond\u00e9ment que c\u2019est la seule chose que l\u2019on puisse vraiment offrir au public. Voir quelqu\u2019un qui croit intens\u00e9ment en ce qu\u2019il fait, qui a plong\u00e9 dans son univers, et qui invite les autres \u00e0 y entrer librement. <\/span><span style=\"font-size: 14pt;\">La musique est un espace de recherche, de risque et de partage. Elle ne peut rester vivante que si l\u2019on accepte de marcher sur ce fil fragile, toujours en \u00e9quilibre instable, mais profond\u00e9ment libre.<\/span><\/p>\n<p>&nbsp;<\/p>\n<p style=\"text-align: right;\"><span style=\"font-size: 12pt;\">Propos recueillis par Claire de Montgolfier <\/span><\/p>\n<p><span style=\"font-size: 12pt;\">Photo : Charlotte Saluste-Bridoux \u00a9 Kaupo Kikkas \/ Chiaroscuro Quartet \u00a9 Joss Mckinley \/ Int\u00e9grale des concertos de Mozart \u00a9 Appassionato<\/span><\/p>\n","protected":false},"excerpt":{"rendered":"<p>L\u2019invit\u00e9e de ce d\u00e9but d\u2019ann\u00e9e est la violoniste Charlotte Saluste-Bridoux, dont le parcours singulier sur la sc\u00e8ne contemporaine entre en r\u00e9sonance avec l\u2019esprit de l\u2019Ensemble intercontemporain. Anim\u00e9e par le d\u00e9sir d\u2019\u00e9largir l\u2019horizon d\u2019\u00e9coute du public, elle a confi\u00e9 \u00e0 cinq compositeurs et compositrices de sa g\u00e9n\u00e9ration l\u2019\u00e9criture des codas des concertos pour violon de Mozart. Un geste audacieux, qui bouscule le r\u00e9pertoire et insuffle libert\u00e9 et pr\u00e9sent \u00e0 la musique classique.<\/p>\n","protected":false},"author":226,"featured_media":30168,"comment_status":"closed","ping_status":"closed","sticky":false,"template":"","format":"standard","meta":{"_acf_changed":false,"footnotes":""},"categories":[1151],"tags":[],"class_list":["post-30167","post","type-post","status-publish","format-standard","has-post-thumbnail","hentry","category-linvite"],"acf":[],"yoast_head":"<!-- This site is optimized with the Yoast SEO plugin v27.4 - https:\/\/yoast.com\/product\/yoast-seo-wordpress\/ -->\n<title>\u00ab La musique n\u2019existe vraiment que lorsqu\u2019elle est vivante et libre \u00bb. - Ensemble intercontemporain<\/title>\n<meta name=\"robots\" content=\"index, follow, max-snippet:-1, max-image-preview:large, max-video-preview:-1\" \/>\n<link rel=\"canonical\" href=\"https:\/\/www.ensembleintercontemporain.com\/en\/2026\/01\/la-musique-nexiste-vraiment-que-lorsquelle-est-vivante-et-libre\/\" \/>\n<meta property=\"og:locale\" content=\"en_US\" \/>\n<meta property=\"og:type\" content=\"article\" \/>\n<meta property=\"og:title\" content=\"\u00ab La musique n\u2019existe vraiment que lorsqu\u2019elle est vivante et libre \u00bb. - Ensemble intercontemporain\" \/>\n<meta property=\"og:description\" content=\"L\u2019invit\u00e9e de ce d\u00e9but d\u2019ann\u00e9e est la violoniste Charlotte Saluste-Bridoux, dont le parcours singulier sur la sc\u00e8ne contemporaine entre en r\u00e9sonance avec l\u2019esprit de l\u2019Ensemble intercontemporain. Anim\u00e9e par le d\u00e9sir d\u2019\u00e9largir l\u2019horizon d\u2019\u00e9coute du public, elle a confi\u00e9 \u00e0 cinq compositeurs et compositrices de sa g\u00e9n\u00e9ration l\u2019\u00e9criture des codas des concertos pour violon de Mozart. Un geste audacieux, qui bouscule le r\u00e9pertoire et insuffle libert\u00e9 et pr\u00e9sent \u00e0 la musique classique.\" \/>\n<meta property=\"og:url\" content=\"https:\/\/www.ensembleintercontemporain.com\/en\/2026\/01\/la-musique-nexiste-vraiment-que-lorsquelle-est-vivante-et-libre\/\" \/>\n<meta property=\"og:site_name\" content=\"Ensemble intercontemporain\" \/>\n<meta property=\"article:published_time\" content=\"2026-01-12T11:51:08+00:00\" \/>\n<meta property=\"article:modified_time\" content=\"2026-01-16T10:03:17+00:00\" \/>\n<meta property=\"og:image\" content=\"https:\/\/www.ensembleintercontemporain.com\/content\/uploads\/2026\/01\/charlotte-saluste-bridoux-credit-kaupo-kikkas-scaled-e1767529964768.jpg\" \/>\n\t<meta property=\"og:image:width\" content=\"2250\" \/>\n\t<meta property=\"og:image:height\" content=\"1685\" \/>\n\t<meta property=\"og:image:type\" content=\"image\/jpeg\" \/>\n<meta name=\"author\" content=\"Claire de Montgolfier\" \/>\n<meta name=\"twitter:card\" content=\"summary_large_image\" \/>\n<meta name=\"twitter:label1\" content=\"Written by\" \/>\n\t<meta name=\"twitter:data1\" content=\"Claire de Montgolfier\" \/>\n\t<meta name=\"twitter:label2\" content=\"Est. reading time\" \/>\n\t<meta name=\"twitter:data2\" content=\"10 minutes\" \/>\n<script type=\"application\/ld+json\" class=\"yoast-schema-graph\">{\"@context\":\"https:\\\/\\\/schema.org\",\"@graph\":[{\"@type\":\"Article\",\"@id\":\"https:\\\/\\\/www.ensembleintercontemporain.com\\\/en\\\/2026\\\/01\\\/la-musique-nexiste-vraiment-que-lorsquelle-est-vivante-et-libre\\\/#article\",\"isPartOf\":{\"@id\":\"https:\\\/\\\/www.ensembleintercontemporain.com\\\/en\\\/2026\\\/01\\\/la-musique-nexiste-vraiment-que-lorsquelle-est-vivante-et-libre\\\/\"},\"author\":{\"name\":\"Claire de Montgolfier\",\"@id\":\"https:\\\/\\\/www.ensembleintercontemporain.com\\\/en\\\/#\\\/schema\\\/person\\\/a671c14572dc65fc7bd5dbfd68db7418\"},\"headline\":\"\u00ab La musique n\u2019existe vraiment que lorsqu\u2019elle est vivante et libre \u00bb.\",\"datePublished\":\"2026-01-12T11:51:08+00:00\",\"dateModified\":\"2026-01-16T10:03:17+00:00\",\"mainEntityOfPage\":{\"@id\":\"https:\\\/\\\/www.ensembleintercontemporain.com\\\/en\\\/2026\\\/01\\\/la-musique-nexiste-vraiment-que-lorsquelle-est-vivante-et-libre\\\/\"},\"wordCount\":1884,\"image\":{\"@id\":\"https:\\\/\\\/www.ensembleintercontemporain.com\\\/en\\\/2026\\\/01\\\/la-musique-nexiste-vraiment-que-lorsquelle-est-vivante-et-libre\\\/#primaryimage\"},\"thumbnailUrl\":\"https:\\\/\\\/www.ensembleintercontemporain.com\\\/content\\\/uploads\\\/2026\\\/01\\\/charlotte-saluste-bridoux-credit-kaupo-kikkas-scaled-e1767529964768.jpg\",\"articleSection\":[\"L'invit\u00e9.e\"],\"inLanguage\":\"en-US\"},{\"@type\":\"WebPage\",\"@id\":\"https:\\\/\\\/www.ensembleintercontemporain.com\\\/en\\\/2026\\\/01\\\/la-musique-nexiste-vraiment-que-lorsquelle-est-vivante-et-libre\\\/\",\"url\":\"https:\\\/\\\/www.ensembleintercontemporain.com\\\/en\\\/2026\\\/01\\\/la-musique-nexiste-vraiment-que-lorsquelle-est-vivante-et-libre\\\/\",\"name\":\"\u00ab La musique n\u2019existe vraiment que lorsqu\u2019elle est vivante et libre \u00bb. - Ensemble intercontemporain\",\"isPartOf\":{\"@id\":\"https:\\\/\\\/www.ensembleintercontemporain.com\\\/en\\\/#website\"},\"primaryImageOfPage\":{\"@id\":\"https:\\\/\\\/www.ensembleintercontemporain.com\\\/en\\\/2026\\\/01\\\/la-musique-nexiste-vraiment-que-lorsquelle-est-vivante-et-libre\\\/#primaryimage\"},\"image\":{\"@id\":\"https:\\\/\\\/www.ensembleintercontemporain.com\\\/en\\\/2026\\\/01\\\/la-musique-nexiste-vraiment-que-lorsquelle-est-vivante-et-libre\\\/#primaryimage\"},\"thumbnailUrl\":\"https:\\\/\\\/www.ensembleintercontemporain.com\\\/content\\\/uploads\\\/2026\\\/01\\\/charlotte-saluste-bridoux-credit-kaupo-kikkas-scaled-e1767529964768.jpg\",\"datePublished\":\"2026-01-12T11:51:08+00:00\",\"dateModified\":\"2026-01-16T10:03:17+00:00\",\"author\":{\"@id\":\"https:\\\/\\\/www.ensembleintercontemporain.com\\\/en\\\/#\\\/schema\\\/person\\\/a671c14572dc65fc7bd5dbfd68db7418\"},\"breadcrumb\":{\"@id\":\"https:\\\/\\\/www.ensembleintercontemporain.com\\\/en\\\/2026\\\/01\\\/la-musique-nexiste-vraiment-que-lorsquelle-est-vivante-et-libre\\\/#breadcrumb\"},\"inLanguage\":\"en-US\",\"potentialAction\":[{\"@type\":\"ReadAction\",\"target\":[\"https:\\\/\\\/www.ensembleintercontemporain.com\\\/en\\\/2026\\\/01\\\/la-musique-nexiste-vraiment-que-lorsquelle-est-vivante-et-libre\\\/\"]}]},{\"@type\":\"ImageObject\",\"inLanguage\":\"en-US\",\"@id\":\"https:\\\/\\\/www.ensembleintercontemporain.com\\\/en\\\/2026\\\/01\\\/la-musique-nexiste-vraiment-que-lorsquelle-est-vivante-et-libre\\\/#primaryimage\",\"url\":\"https:\\\/\\\/www.ensembleintercontemporain.com\\\/content\\\/uploads\\\/2026\\\/01\\\/charlotte-saluste-bridoux-credit-kaupo-kikkas-scaled-e1767529964768.jpg\",\"contentUrl\":\"https:\\\/\\\/www.ensembleintercontemporain.com\\\/content\\\/uploads\\\/2026\\\/01\\\/charlotte-saluste-bridoux-credit-kaupo-kikkas-scaled-e1767529964768.jpg\",\"width\":2250,\"height\":1685,\"caption\":\"Charlotte Saluste-Bridoux \u00a9 Kaupo Kikkas\"},{\"@type\":\"BreadcrumbList\",\"@id\":\"https:\\\/\\\/www.ensembleintercontemporain.com\\\/en\\\/2026\\\/01\\\/la-musique-nexiste-vraiment-que-lorsquelle-est-vivante-et-libre\\\/#breadcrumb\",\"itemListElement\":[{\"@type\":\"ListItem\",\"position\":1,\"name\":\"Home\",\"item\":\"https:\\\/\\\/www.ensembleintercontemporain.com\\\/en\\\/\"},{\"@type\":\"ListItem\",\"position\":2,\"name\":\"\u00ab La musique n\u2019existe vraiment que lorsqu\u2019elle est vivante et libre \u00bb.\"}]},{\"@type\":\"WebSite\",\"@id\":\"https:\\\/\\\/www.ensembleintercontemporain.com\\\/en\\\/#website\",\"url\":\"https:\\\/\\\/www.ensembleintercontemporain.com\\\/en\\\/\",\"name\":\"Ensemble intercontemporain\",\"description\":\"\",\"potentialAction\":[{\"@type\":\"SearchAction\",\"target\":{\"@type\":\"EntryPoint\",\"urlTemplate\":\"https:\\\/\\\/www.ensembleintercontemporain.com\\\/en\\\/?s={search_term_string}\"},\"query-input\":{\"@type\":\"PropertyValueSpecification\",\"valueRequired\":true,\"valueName\":\"search_term_string\"}}],\"inLanguage\":\"en-US\"},{\"@type\":\"Person\",\"@id\":\"https:\\\/\\\/www.ensembleintercontemporain.com\\\/en\\\/#\\\/schema\\\/person\\\/a671c14572dc65fc7bd5dbfd68db7418\",\"name\":\"Claire de Montgolfier\",\"image\":{\"@type\":\"ImageObject\",\"inLanguage\":\"en-US\",\"@id\":\"https:\\\/\\\/secure.gravatar.com\\\/avatar\\\/c84354649c00cfd6343a2c8f0e214686bdc9985408d5bff2676c10e44f35ca87?s=96&d=mm&r=g\",\"url\":\"https:\\\/\\\/secure.gravatar.com\\\/avatar\\\/c84354649c00cfd6343a2c8f0e214686bdc9985408d5bff2676c10e44f35ca87?s=96&d=mm&r=g\",\"contentUrl\":\"https:\\\/\\\/secure.gravatar.com\\\/avatar\\\/c84354649c00cfd6343a2c8f0e214686bdc9985408d5bff2676c10e44f35ca87?s=96&d=mm&r=g\",\"caption\":\"Claire de Montgolfier\"},\"url\":\"https:\\\/\\\/www.ensembleintercontemporain.com\\\/en\\\/author\\\/claire-de-montgolfier\\\/\"}]}<\/script>\n<!-- \/ Yoast SEO plugin. -->","yoast_head_json":{"title":"\u00ab La musique n\u2019existe vraiment que lorsqu\u2019elle est vivante et libre \u00bb. - Ensemble intercontemporain","robots":{"index":"index","follow":"follow","max-snippet":"max-snippet:-1","max-image-preview":"max-image-preview:large","max-video-preview":"max-video-preview:-1"},"canonical":"https:\/\/www.ensembleintercontemporain.com\/en\/2026\/01\/la-musique-nexiste-vraiment-que-lorsquelle-est-vivante-et-libre\/","og_locale":"en_US","og_type":"article","og_title":"\u00ab La musique n\u2019existe vraiment que lorsqu\u2019elle est vivante et libre \u00bb. - Ensemble intercontemporain","og_description":"L\u2019invit\u00e9e de ce d\u00e9but d\u2019ann\u00e9e est la violoniste Charlotte Saluste-Bridoux, dont le parcours singulier sur la sc\u00e8ne contemporaine entre en r\u00e9sonance avec l\u2019esprit de l\u2019Ensemble intercontemporain. Anim\u00e9e par le d\u00e9sir d\u2019\u00e9largir l\u2019horizon d\u2019\u00e9coute du public, elle a confi\u00e9 \u00e0 cinq compositeurs et compositrices de sa g\u00e9n\u00e9ration l\u2019\u00e9criture des codas des concertos pour violon de Mozart. Un geste audacieux, qui bouscule le r\u00e9pertoire et insuffle libert\u00e9 et pr\u00e9sent \u00e0 la musique classique.","og_url":"https:\/\/www.ensembleintercontemporain.com\/en\/2026\/01\/la-musique-nexiste-vraiment-que-lorsquelle-est-vivante-et-libre\/","og_site_name":"Ensemble intercontemporain","article_published_time":"2026-01-12T11:51:08+00:00","article_modified_time":"2026-01-16T10:03:17+00:00","og_image":[{"width":2250,"height":1685,"url":"https:\/\/www.ensembleintercontemporain.com\/content\/uploads\/2026\/01\/charlotte-saluste-bridoux-credit-kaupo-kikkas-scaled-e1767529964768.jpg","type":"image\/jpeg"}],"author":"Claire de Montgolfier","twitter_card":"summary_large_image","twitter_misc":{"Written by":"Claire de Montgolfier","Est. reading time":"10 minutes"},"schema":{"@context":"https:\/\/schema.org","@graph":[{"@type":"Article","@id":"https:\/\/www.ensembleintercontemporain.com\/en\/2026\/01\/la-musique-nexiste-vraiment-que-lorsquelle-est-vivante-et-libre\/#article","isPartOf":{"@id":"https:\/\/www.ensembleintercontemporain.com\/en\/2026\/01\/la-musique-nexiste-vraiment-que-lorsquelle-est-vivante-et-libre\/"},"author":{"name":"Claire de Montgolfier","@id":"https:\/\/www.ensembleintercontemporain.com\/en\/#\/schema\/person\/a671c14572dc65fc7bd5dbfd68db7418"},"headline":"\u00ab La musique n\u2019existe vraiment que lorsqu\u2019elle est vivante et libre \u00bb.","datePublished":"2026-01-12T11:51:08+00:00","dateModified":"2026-01-16T10:03:17+00:00","mainEntityOfPage":{"@id":"https:\/\/www.ensembleintercontemporain.com\/en\/2026\/01\/la-musique-nexiste-vraiment-que-lorsquelle-est-vivante-et-libre\/"},"wordCount":1884,"image":{"@id":"https:\/\/www.ensembleintercontemporain.com\/en\/2026\/01\/la-musique-nexiste-vraiment-que-lorsquelle-est-vivante-et-libre\/#primaryimage"},"thumbnailUrl":"https:\/\/www.ensembleintercontemporain.com\/content\/uploads\/2026\/01\/charlotte-saluste-bridoux-credit-kaupo-kikkas-scaled-e1767529964768.jpg","articleSection":["L'invit\u00e9.e"],"inLanguage":"en-US"},{"@type":"WebPage","@id":"https:\/\/www.ensembleintercontemporain.com\/en\/2026\/01\/la-musique-nexiste-vraiment-que-lorsquelle-est-vivante-et-libre\/","url":"https:\/\/www.ensembleintercontemporain.com\/en\/2026\/01\/la-musique-nexiste-vraiment-que-lorsquelle-est-vivante-et-libre\/","name":"\u00ab La musique n\u2019existe vraiment que lorsqu\u2019elle est vivante et libre \u00bb. - Ensemble intercontemporain","isPartOf":{"@id":"https:\/\/www.ensembleintercontemporain.com\/en\/#website"},"primaryImageOfPage":{"@id":"https:\/\/www.ensembleintercontemporain.com\/en\/2026\/01\/la-musique-nexiste-vraiment-que-lorsquelle-est-vivante-et-libre\/#primaryimage"},"image":{"@id":"https:\/\/www.ensembleintercontemporain.com\/en\/2026\/01\/la-musique-nexiste-vraiment-que-lorsquelle-est-vivante-et-libre\/#primaryimage"},"thumbnailUrl":"https:\/\/www.ensembleintercontemporain.com\/content\/uploads\/2026\/01\/charlotte-saluste-bridoux-credit-kaupo-kikkas-scaled-e1767529964768.jpg","datePublished":"2026-01-12T11:51:08+00:00","dateModified":"2026-01-16T10:03:17+00:00","author":{"@id":"https:\/\/www.ensembleintercontemporain.com\/en\/#\/schema\/person\/a671c14572dc65fc7bd5dbfd68db7418"},"breadcrumb":{"@id":"https:\/\/www.ensembleintercontemporain.com\/en\/2026\/01\/la-musique-nexiste-vraiment-que-lorsquelle-est-vivante-et-libre\/#breadcrumb"},"inLanguage":"en-US","potentialAction":[{"@type":"ReadAction","target":["https:\/\/www.ensembleintercontemporain.com\/en\/2026\/01\/la-musique-nexiste-vraiment-que-lorsquelle-est-vivante-et-libre\/"]}]},{"@type":"ImageObject","inLanguage":"en-US","@id":"https:\/\/www.ensembleintercontemporain.com\/en\/2026\/01\/la-musique-nexiste-vraiment-que-lorsquelle-est-vivante-et-libre\/#primaryimage","url":"https:\/\/www.ensembleintercontemporain.com\/content\/uploads\/2026\/01\/charlotte-saluste-bridoux-credit-kaupo-kikkas-scaled-e1767529964768.jpg","contentUrl":"https:\/\/www.ensembleintercontemporain.com\/content\/uploads\/2026\/01\/charlotte-saluste-bridoux-credit-kaupo-kikkas-scaled-e1767529964768.jpg","width":2250,"height":1685,"caption":"Charlotte Saluste-Bridoux \u00a9 Kaupo Kikkas"},{"@type":"BreadcrumbList","@id":"https:\/\/www.ensembleintercontemporain.com\/en\/2026\/01\/la-musique-nexiste-vraiment-que-lorsquelle-est-vivante-et-libre\/#breadcrumb","itemListElement":[{"@type":"ListItem","position":1,"name":"Home","item":"https:\/\/www.ensembleintercontemporain.com\/en\/"},{"@type":"ListItem","position":2,"name":"\u00ab La musique n\u2019existe vraiment que lorsqu\u2019elle est vivante et libre \u00bb."}]},{"@type":"WebSite","@id":"https:\/\/www.ensembleintercontemporain.com\/en\/#website","url":"https:\/\/www.ensembleintercontemporain.com\/en\/","name":"Ensemble intercontemporain","description":"","potentialAction":[{"@type":"SearchAction","target":{"@type":"EntryPoint","urlTemplate":"https:\/\/www.ensembleintercontemporain.com\/en\/?s={search_term_string}"},"query-input":{"@type":"PropertyValueSpecification","valueRequired":true,"valueName":"search_term_string"}}],"inLanguage":"en-US"},{"@type":"Person","@id":"https:\/\/www.ensembleintercontemporain.com\/en\/#\/schema\/person\/a671c14572dc65fc7bd5dbfd68db7418","name":"Claire de Montgolfier","image":{"@type":"ImageObject","inLanguage":"en-US","@id":"https:\/\/secure.gravatar.com\/avatar\/c84354649c00cfd6343a2c8f0e214686bdc9985408d5bff2676c10e44f35ca87?s=96&d=mm&r=g","url":"https:\/\/secure.gravatar.com\/avatar\/c84354649c00cfd6343a2c8f0e214686bdc9985408d5bff2676c10e44f35ca87?s=96&d=mm&r=g","contentUrl":"https:\/\/secure.gravatar.com\/avatar\/c84354649c00cfd6343a2c8f0e214686bdc9985408d5bff2676c10e44f35ca87?s=96&d=mm&r=g","caption":"Claire de Montgolfier"},"url":"https:\/\/www.ensembleintercontemporain.com\/en\/author\/claire-de-montgolfier\/"}]}},"_links":{"self":[{"href":"https:\/\/www.ensembleintercontemporain.com\/en\/wp-json\/wp\/v2\/posts\/30167\/"}],"collection":[{"href":"https:\/\/www.ensembleintercontemporain.com\/en\/wp-json\/wp\/v2\/posts\/"}],"about":[{"href":"https:\/\/www.ensembleintercontemporain.com\/en\/wp-json\/wp\/v2\/types\/post\/"}],"author":[{"embeddable":true,"href":"https:\/\/www.ensembleintercontemporain.com\/en\/wp-json\/wp\/v2\/users\/226\/"}],"replies":[{"embeddable":true,"href":"https:\/\/www.ensembleintercontemporain.com\/en\/wp-json\/wp\/v2\/comments\/?post=30167"}],"version-history":[{"count":12,"href":"https:\/\/www.ensembleintercontemporain.com\/en\/wp-json\/wp\/v2\/posts\/30167\/revisions\/"}],"predecessor-version":[{"id":30171,"href":"https:\/\/www.ensembleintercontemporain.com\/en\/wp-json\/wp\/v2\/posts\/30167\/revisions\/30171\/"}],"wp:featuredmedia":[{"embeddable":true,"href":"https:\/\/www.ensembleintercontemporain.com\/en\/wp-json\/wp\/v2\/media\/30168\/"}],"wp:attachment":[{"href":"https:\/\/www.ensembleintercontemporain.com\/en\/wp-json\/wp\/v2\/media\/?parent=30167"}],"wp:term":[{"taxonomy":"category","embeddable":true,"href":"https:\/\/www.ensembleintercontemporain.com\/en\/wp-json\/wp\/v2\/categories\/?post=30167"},{"taxonomy":"post_tag","embeddable":true,"href":"https:\/\/www.ensembleintercontemporain.com\/en\/wp-json\/wp\/v2\/tags\/?post=30167"}],"curies":[{"name":"wp","href":"https:\/\/api.w.org\/{rel}","templated":true}]}}