{"id":28833,"date":"2025-04-02T23:43:10","date_gmt":"2025-04-02T21:43:10","guid":{"rendered":"https:\/\/www.ensembleintercontemporain.com\/?p=28833"},"modified":"2025-04-03T19:03:39","modified_gmt":"2025-04-03T17:03:39","slug":"jouer-ensemble-est-une-marque-de-confiance-entretien-avec-jeanne-marie-conquer-violoniste","status":"publish","type":"post","link":"https:\/\/www.ensembleintercontemporain.com\/en\/2025\/04\/jouer-ensemble-est-une-marque-de-confiance-entretien-avec-jeanne-marie-conquer-violoniste\/","title":{"rendered":"\u00ab Jouer ensemble est une marque de confiance \u00bb. Entretien avec Jeanne-Marie Conquer, violoniste."},"content":{"rendered":"<p><img loading=\"lazy\" decoding=\"async\" class=\"aligncenter size-full wp-image-28820\" src=\"http:\/\/www.ensembleintercontemporain.com\/content\/uploads\/2025\/04\/ensemble-intercontemporain-selection-18.jpg\" alt=\"\" width=\"2048\" height=\"1365\" srcset=\"https:\/\/www.ensembleintercontemporain.com\/content\/uploads\/2025\/04\/ensemble-intercontemporain-selection-18.jpg 2048w, https:\/\/www.ensembleintercontemporain.com\/content\/uploads\/2025\/04\/ensemble-intercontemporain-selection-18-300x200.jpg 300w, https:\/\/www.ensembleintercontemporain.com\/content\/uploads\/2025\/04\/ensemble-intercontemporain-selection-18-1024x683.jpg 1024w, https:\/\/www.ensembleintercontemporain.com\/content\/uploads\/2025\/04\/ensemble-intercontemporain-selection-18-768x512.jpg 768w, https:\/\/www.ensembleintercontemporain.com\/content\/uploads\/2025\/04\/ensemble-intercontemporain-selection-18-1536x1024.jpg 1536w\" sizes=\"auto, (max-width: 2048px) 100vw, 2048px\" \/><\/p>\n<p><strong><span style=\"color: #003366;\"><span style=\"font-size: 18pt;\">F<\/span>id\u00e8le \u00e0 sa mission d\u2019accompagnement et de formation des jeunes musiciens, l\u2019Ensemble intercontemporain noue un dialogue privil\u00e9gi\u00e9 avec l\u2019Acad\u00e9mie Stauffer \u00e0 Cr\u00e9mone, o\u00f9 quatre solistes se sont rendus pour une semaine de r\u00e9sidence. Cinq jours de travail intense, terminant par un <a href=\"https:\/\/www.ensembleintercontemporain.com\/fr\/concert\/quatuor-a-cremone-2025-04-04-20h30-cremone\/\">concert <em>side-by-side<\/em><\/a> qui met en relation certaines des \u0153uvres les plus embl\u00e9matiques de Boulez avec des pages de Bach, Webern, Canat de Chizy et Berio, dans un jeu de r\u00e9sonances, de tensions et de d\u00e9couvertes.<\/span><\/strong><\/p>\n<p><strong>Jeanne-Marie Conquer, expliquez-nous : comment a \u00e9t\u00e9 compos\u00e9 le programme du concert ?\u00a0<\/strong><br \/>\n<span style=\"font-size: 14pt;\">La conception de ce programme remonte \u00e0 une vingtaine d\u2019ann\u00e9es, gr\u00e2ce \u00e0 Jean-Louis Leleu (musicologue et sp\u00e9cialiste de Boulez, dont il fut l\u2019assistant) qui, avec le Quatuor Parisii, avait con\u00e7u ce programme pour un concert auquel j\u2019ai assist\u00e9. J\u2019en ai \u00e9t\u00e9 imm\u00e9diatement frapp\u00e9e et j\u2019ai voulu le jouer moi-m\u00eame, avec l\u2019Ensemble intercontemporain dont je faisais d\u00e9j\u00e0 partie. Mais je n\u2019\u00e9tais pas encore pr\u00eate. Je me souviens que Pierre Boulez lui-m\u00eame a \u00e9t\u00e9 tr\u00e8s surpris du r\u00e9sultat du concert, parce qu\u2019il avait presque reni\u00e9 son <em>Livre pour Quatuor<\/em>. Il a \u00e9t\u00e9 impressionn\u00e9 par la patience et la d\u00e9termination avec lesquelles les musiciens ont abord\u00e9 son \u0153uvre, aid\u00e9s par la lucidit\u00e9 et l\u2019exp\u00e9rience de Jean-Louis Leleu. Et finalement, il a d\u00e9clar\u00e9 : \u00ab Apr\u00e8s tout, \u00e7a sonne bien ! \u00bb<\/span><\/p>\n<p><strong>Vingt ans plus tard, l\u2019id\u00e9e vous para\u00eet donc toujours actuelle ?\u00a0<\/strong><br \/>\n<span style=\"font-size: 14pt;\">Oui, non seulement je trouve l\u2019id\u00e9e encore tr\u00e8s actuelle et int\u00e9ressante, mais je suis heureuse de rendre hommage \u00e0 Pierre Boulez, \u00e0 l\u2019occasion du centenaire de sa naissance, surtout avec un programme qui lui avait plu personnellement. J\u2019ai donc propos\u00e9 \u00e0 mes coll\u00e8gues de reprendre contact avec Jean-Louis Leleu, qui nous a beaucoup aid\u00e9s d\u2019un point de vue musicologique, et nous avons commenc\u00e9 \u00e0 travailler, retrouvant peu \u00e0 peu l\u2019harmonie recherch\u00e9e.<\/span><\/p>\n<p><img loading=\"lazy\" decoding=\"async\" class=\"size-full wp-image-28840\" src=\"http:\/\/www.ensembleintercontemporain.com\/content\/uploads\/2025\/04\/whatsapp-image-2025-03-19-at-095220-1.jpeg\" alt=\"\" width=\"1140\" height=\"800\" srcset=\"https:\/\/www.ensembleintercontemporain.com\/content\/uploads\/2025\/04\/whatsapp-image-2025-03-19-at-095220-1.jpeg 1140w, https:\/\/www.ensembleintercontemporain.com\/content\/uploads\/2025\/04\/whatsapp-image-2025-03-19-at-095220-1-300x211.jpeg 300w, https:\/\/www.ensembleintercontemporain.com\/content\/uploads\/2025\/04\/whatsapp-image-2025-03-19-at-095220-1-1024x719.jpeg 1024w, https:\/\/www.ensembleintercontemporain.com\/content\/uploads\/2025\/04\/whatsapp-image-2025-03-19-at-095220-1-768x539.jpeg 768w\" sizes=\"auto, (max-width: 1140px) 100vw, 1140px\" \/><span style=\"font-size: 10pt;\">Jeanne-Marie Conquer, Diego Tosi, Odile Auboin, Renaud Dejardin avec Jean-Louis Leleu, 17 mars 2025, Mus\u00e9e d&#8217;Antibes \u00a9 Luc Hossepied, EIC\u00a0<\/span><\/p>\n<p><strong>Bach, Webern et Boulez, telle \u00e9tait la programmation initiale. Puis vous l\u2019avez \u00e9largie \u00e0 deux autres compositeurs et compositrices.\u00a0<\/strong><br \/>\n<span style=\"font-size: 14pt;\">Exactement, toujours dans une coh\u00e9rence conceptuelle sugg\u00e9r\u00e9e par Leleu. Nous avons voulu inclure une pi\u00e8ce de musique de chambre d\u2019\u00c9dith Canat de Chizy, une compositrice fran\u00e7aise contemporaine majeure, n\u00e9e en 1950, ainsi que les <em>Duetti<\/em> pour deux violons de Luciano Berio (1925-2003). Nous ne pouvions pas les ignorer, car ils appartiennent \u00e0 la m\u00eame \u00e9poque. Beaucoup d\u2019\u00e9tudiants ne les connaissaient pas, alors pour le concert, nous avons d\u00e9cid\u00e9 de les r\u00e9arranger, en ajoutant plus de violons. Par exemple, <em>Edoardo,<\/em> le duo d\u00e9di\u00e9 \u00e0 Sanguineti, sera interpr\u00e9t\u00e9 avec une formation \u00e9largie, m\u00e9langeant les voix, presque comme s\u2019il s\u2019agissait d\u2019une improvisation !<\/span><\/p>\n<p><strong>Comment ont r\u00e9agi les jeunes musiciens face \u00e0 cette musique ?\u00a0<\/strong><br \/>\n<span style=\"font-size: 14pt;\">Mon v\u0153u est de leur faire comprendre \u2014 \u00e0 eux qui sont d\u00e9j\u00e0 excellents, soigneusement s\u00e9lectionn\u00e9s par l\u2019Acad\u00e9mie Stauffer \u2014 qu\u2019il s\u2019agit toujours l\u00e0 de la m\u00eame musique, du m\u00eame type de travail. Que ce soit pour le r\u00e9pertoire classique ou contemporain, les probl\u00e9matiques rythmiques, harmoniques, sont identiques. Et surtout, il faut une gentillesse r\u00e9ciproque, une harmonie, une int\u00e9gration. Chacun doit conna\u00eetre la partie de l\u2019autre, s\u2019entraider en cas de difficult\u00e9. Le travail d\u2019ensemble est complexe, il n\u2019y a pas de chef d\u2019orchestre : c\u2019est \u00e0 nous de prendre la responsabilit\u00e9 du tempo, des attaques, des dynamiques. C\u2019est un travail tr\u00e8s humain, o\u00f9 il faut cultiver la bienveillance.<\/span><\/p>\n<p><img loading=\"lazy\" decoding=\"async\" class=\"size-full wp-image-28825\" src=\"http:\/\/www.ensembleintercontemporain.com\/content\/uploads\/2025\/04\/ensemble-intercontemporain-selection-09.jpg\" alt=\"\" width=\"2048\" height=\"1365\" srcset=\"https:\/\/www.ensembleintercontemporain.com\/content\/uploads\/2025\/04\/ensemble-intercontemporain-selection-09.jpg 2048w, https:\/\/www.ensembleintercontemporain.com\/content\/uploads\/2025\/04\/ensemble-intercontemporain-selection-09-300x200.jpg 300w, https:\/\/www.ensembleintercontemporain.com\/content\/uploads\/2025\/04\/ensemble-intercontemporain-selection-09-1024x683.jpg 1024w, https:\/\/www.ensembleintercontemporain.com\/content\/uploads\/2025\/04\/ensemble-intercontemporain-selection-09-768x512.jpg 768w, https:\/\/www.ensembleintercontemporain.com\/content\/uploads\/2025\/04\/ensemble-intercontemporain-selection-09-1536x1024.jpg 1536w\" sizes=\"auto, (max-width: 2048px) 100vw, 2048px\" \/><span style=\"font-size: 10pt;\">Jeanne-Marie Conquer, Acad\u00e9mie Stauffer, avril 2024 \u00a9 Acad\u00e9mie Stauffer<\/span><\/p>\n<p><strong>Et quel est leur rapport avec la musique plus contemporaine, justement, le <em>Livre pour Quatuor<\/em> en particulier ?<\/strong><br \/>\n<span style=\"font-size: 14pt;\">Je veux leur transmettre mon amour de cette musique, leur dire que tout cela est li\u00e9 \u00e0 ce qu\u2019ils connaissent d\u00e9j\u00e0, que c\u2019est la m\u00eame chose, en juste un peu plus complexe. Je les observe : ils transpirent, froncent les sourcils, et je les invite : \u00ab Les gars, souriez. Riez ! \u00bb Il faut se lib\u00e9rer. Nous sommes un peu comme des scientifiques en laboratoire : nous exp\u00e9rimentons, analysons, essayons. Et puis \u00e0 un moment donn\u00e9, la solution arrive. Et c\u2019est magnifique. Nous d\u00e9couvrons que nous pouvons jouer trois mesures ensemble. Et \u00e7a marche. Puis on joue les suivantes. Il faut juste avoir du courage.<\/span><\/p>\n<p><strong>Et quel est pour vous le rapport du public \u00e0 la musique contemporaine ?<\/strong><br \/>\n<span style=\"font-size: 14pt;\">Question tr\u00e8s importante. Le public est central. Il ne faut jamais le n\u00e9gliger. Nous avons la grande chance de pouvoir pr\u00e9senter ce concert gr\u00e2ce \u00e0 l\u2019Acad\u00e9mie Stauffer, dans le magnifique Mus\u00e9e du Violon. L\u2019Auditorium est splendide, vraiment un petit \u00e9crin, et pour faire conna\u00eetre et appr\u00e9cier la musique contemporaine, il faut le bon contexte : d\u2019excellents musiciens, d\u2019excellents organisateurs, une acoustique parfaite. Tout cela aide \u00e9norm\u00e9ment les auditeurs. De plus, notre concert est diff\u00e9rent des autres. Tout est d\u00e9j\u00e0 dispos\u00e9 avec trois quatuors sur sc\u00e8ne et presque tous les musiciens sont d\u00e9j\u00e0 en place. Les duos de Berio sont, quant \u00e0 eux, dispers\u00e9s autour de l\u2019ovale de la sc\u00e8ne. Ainsi, le son provient de plusieurs directions, cr\u00e9ant un effet st\u00e9r\u00e9ophonique, voire h\u00e9t\u00e9rophonique. Visuellement, c\u2019est stimulant, car la musique contemporaine est aussi un spectacle pour les yeux. Il y a des gestes, des mouvements, une communication visuelle entre nous, musiciens ; c\u2019est un geste partag\u00e9, fait de confiance, comme un sourire, comme une caresse\u2026<\/span><\/p>\n<p style=\"text-align: right;\">Propos recueillis par <strong>Annalisa Rinaldi<\/strong> et <strong>Severyan Tsagareyshvili<\/strong>, pour la Fondation Stauffer.<\/p>\n","protected":false},"excerpt":{"rendered":"<p>Fid\u00e8le \u00e0 sa mission d\u2019accompagnement et de formation des jeunes musiciens, l\u2019Ensemble intercontemporain noue un dialogue privil\u00e9gi\u00e9 avec l\u2019Acad\u00e9mie Stauffer \u00e0 Cr\u00e9mone, o\u00f9 quatre solistes se sont rendus pour une semaine de r\u00e9sidence. Cinq jours de travail intense, terminant par un concert side-by-side qui met en relation certaines des \u0153uvres les plus embl\u00e9matiques de Boulez avec des pages de Bach, Webern, Canat de Chizy et Berio, dans un jeu de r\u00e9sonances, de tensions et de d\u00e9couvertes.<\/p>\n","protected":false},"author":188,"featured_media":28820,"comment_status":"closed","ping_status":"closed","sticky":false,"template":"","format":"standard","meta":{"_acf_changed":false,"footnotes":""},"categories":[4],"tags":[],"class_list":["post-28833","post","type-post","status-publish","format-standard","has-post-thumbnail","hentry","category-entretiens","concert-quatuor-a-cremone"],"acf":[],"yoast_head":"<!-- This site is optimized with the Yoast SEO plugin v27.5 - https:\/\/yoast.com\/product\/yoast-seo-wordpress\/ -->\n<title>\u00ab Jouer ensemble est une marque de confiance \u00bb. Entretien avec Jeanne-Marie Conquer, violoniste. - Ensemble intercontemporain<\/title>\n<meta name=\"robots\" content=\"index, follow, max-snippet:-1, max-image-preview:large, max-video-preview:-1\" \/>\n<link rel=\"canonical\" href=\"https:\/\/www.ensembleintercontemporain.com\/en\/2025\/04\/jouer-ensemble-est-une-marque-de-confiance-entretien-avec-jeanne-marie-conquer-violoniste\/\" \/>\n<meta property=\"og:locale\" content=\"en_US\" \/>\n<meta property=\"og:type\" content=\"article\" \/>\n<meta property=\"og:title\" content=\"\u00ab Jouer ensemble est une marque de confiance \u00bb. Entretien avec Jeanne-Marie Conquer, violoniste. - Ensemble intercontemporain\" \/>\n<meta property=\"og:description\" content=\"Fid\u00e8le \u00e0 sa mission d\u2019accompagnement et de formation des jeunes musiciens, l\u2019Ensemble intercontemporain noue un dialogue privil\u00e9gi\u00e9 avec l\u2019Acad\u00e9mie Stauffer \u00e0 Cr\u00e9mone, o\u00f9 quatre solistes se sont rendus pour une semaine de r\u00e9sidence. Cinq jours de travail intense, terminant par un concert side-by-side qui met en relation certaines des \u0153uvres les plus embl\u00e9matiques de Boulez avec des pages de Bach, Webern, Canat de Chizy et Berio, dans un jeu de r\u00e9sonances, de tensions et de d\u00e9couvertes.\" \/>\n<meta property=\"og:url\" content=\"https:\/\/www.ensembleintercontemporain.com\/en\/2025\/04\/jouer-ensemble-est-une-marque-de-confiance-entretien-avec-jeanne-marie-conquer-violoniste\/\" \/>\n<meta property=\"og:site_name\" content=\"Ensemble intercontemporain\" \/>\n<meta property=\"article:published_time\" content=\"2025-04-02T21:43:10+00:00\" \/>\n<meta property=\"article:modified_time\" content=\"2025-04-03T17:03:39+00:00\" \/>\n<meta property=\"og:image\" content=\"https:\/\/www.ensembleintercontemporain.com\/content\/uploads\/2025\/04\/ensemble-intercontemporain-selection-18.jpg\" \/>\n\t<meta property=\"og:image:width\" content=\"2048\" \/>\n\t<meta property=\"og:image:height\" content=\"1365\" \/>\n\t<meta property=\"og:image:type\" content=\"image\/jpeg\" \/>\n<meta name=\"author\" content=\"Jeanne-Marie Conquer\" \/>\n<meta name=\"twitter:card\" content=\"summary_large_image\" \/>\n<meta name=\"twitter:label1\" content=\"Written by\" \/>\n\t<meta name=\"twitter:data1\" content=\"Jeanne-Marie Conquer\" \/>\n\t<meta name=\"twitter:label2\" content=\"Est. reading time\" \/>\n\t<meta name=\"twitter:data2\" content=\"6 minutes\" \/>\n<script type=\"application\/ld+json\" class=\"yoast-schema-graph\">{\"@context\":\"https:\\\/\\\/schema.org\",\"@graph\":[{\"@type\":\"Article\",\"@id\":\"https:\\\/\\\/www.ensembleintercontemporain.com\\\/en\\\/2025\\\/04\\\/jouer-ensemble-est-une-marque-de-confiance-entretien-avec-jeanne-marie-conquer-violoniste\\\/#article\",\"isPartOf\":{\"@id\":\"https:\\\/\\\/www.ensembleintercontemporain.com\\\/en\\\/2025\\\/04\\\/jouer-ensemble-est-une-marque-de-confiance-entretien-avec-jeanne-marie-conquer-violoniste\\\/\"},\"author\":{\"name\":\"Jeanne-Marie Conquer\",\"@id\":\"https:\\\/\\\/www.ensembleintercontemporain.com\\\/en\\\/#\\\/schema\\\/person\\\/623fa614a4a58f07adbc7b9aa9b65bc5\"},\"headline\":\"\u00ab Jouer ensemble est une marque de confiance \u00bb. Entretien avec Jeanne-Marie Conquer, violoniste.\",\"datePublished\":\"2025-04-02T21:43:10+00:00\",\"dateModified\":\"2025-04-03T17:03:39+00:00\",\"mainEntityOfPage\":{\"@id\":\"https:\\\/\\\/www.ensembleintercontemporain.com\\\/en\\\/2025\\\/04\\\/jouer-ensemble-est-une-marque-de-confiance-entretien-avec-jeanne-marie-conquer-violoniste\\\/\"},\"wordCount\":974,\"image\":{\"@id\":\"https:\\\/\\\/www.ensembleintercontemporain.com\\\/en\\\/2025\\\/04\\\/jouer-ensemble-est-une-marque-de-confiance-entretien-avec-jeanne-marie-conquer-violoniste\\\/#primaryimage\"},\"thumbnailUrl\":\"https:\\\/\\\/www.ensembleintercontemporain.com\\\/content\\\/uploads\\\/2025\\\/04\\\/ensemble-intercontemporain-selection-18.jpg\",\"articleSection\":[\"Entretien\"],\"inLanguage\":\"en-US\"},{\"@type\":\"WebPage\",\"@id\":\"https:\\\/\\\/www.ensembleintercontemporain.com\\\/en\\\/2025\\\/04\\\/jouer-ensemble-est-une-marque-de-confiance-entretien-avec-jeanne-marie-conquer-violoniste\\\/\",\"url\":\"https:\\\/\\\/www.ensembleintercontemporain.com\\\/en\\\/2025\\\/04\\\/jouer-ensemble-est-une-marque-de-confiance-entretien-avec-jeanne-marie-conquer-violoniste\\\/\",\"name\":\"\u00ab Jouer ensemble est une marque de confiance \u00bb. Entretien avec Jeanne-Marie Conquer, violoniste. - Ensemble intercontemporain\",\"isPartOf\":{\"@id\":\"https:\\\/\\\/www.ensembleintercontemporain.com\\\/en\\\/#website\"},\"primaryImageOfPage\":{\"@id\":\"https:\\\/\\\/www.ensembleintercontemporain.com\\\/en\\\/2025\\\/04\\\/jouer-ensemble-est-une-marque-de-confiance-entretien-avec-jeanne-marie-conquer-violoniste\\\/#primaryimage\"},\"image\":{\"@id\":\"https:\\\/\\\/www.ensembleintercontemporain.com\\\/en\\\/2025\\\/04\\\/jouer-ensemble-est-une-marque-de-confiance-entretien-avec-jeanne-marie-conquer-violoniste\\\/#primaryimage\"},\"thumbnailUrl\":\"https:\\\/\\\/www.ensembleintercontemporain.com\\\/content\\\/uploads\\\/2025\\\/04\\\/ensemble-intercontemporain-selection-18.jpg\",\"datePublished\":\"2025-04-02T21:43:10+00:00\",\"dateModified\":\"2025-04-03T17:03:39+00:00\",\"author\":{\"@id\":\"https:\\\/\\\/www.ensembleintercontemporain.com\\\/en\\\/#\\\/schema\\\/person\\\/623fa614a4a58f07adbc7b9aa9b65bc5\"},\"breadcrumb\":{\"@id\":\"https:\\\/\\\/www.ensembleintercontemporain.com\\\/en\\\/2025\\\/04\\\/jouer-ensemble-est-une-marque-de-confiance-entretien-avec-jeanne-marie-conquer-violoniste\\\/#breadcrumb\"},\"inLanguage\":\"en-US\",\"potentialAction\":[{\"@type\":\"ReadAction\",\"target\":[\"https:\\\/\\\/www.ensembleintercontemporain.com\\\/en\\\/2025\\\/04\\\/jouer-ensemble-est-une-marque-de-confiance-entretien-avec-jeanne-marie-conquer-violoniste\\\/\"]}]},{\"@type\":\"ImageObject\",\"inLanguage\":\"en-US\",\"@id\":\"https:\\\/\\\/www.ensembleintercontemporain.com\\\/en\\\/2025\\\/04\\\/jouer-ensemble-est-une-marque-de-confiance-entretien-avec-jeanne-marie-conquer-violoniste\\\/#primaryimage\",\"url\":\"https:\\\/\\\/www.ensembleintercontemporain.com\\\/content\\\/uploads\\\/2025\\\/04\\\/ensemble-intercontemporain-selection-18.jpg\",\"contentUrl\":\"https:\\\/\\\/www.ensembleintercontemporain.com\\\/content\\\/uploads\\\/2025\\\/04\\\/ensemble-intercontemporain-selection-18.jpg\",\"width\":2048,\"height\":1365},{\"@type\":\"BreadcrumbList\",\"@id\":\"https:\\\/\\\/www.ensembleintercontemporain.com\\\/en\\\/2025\\\/04\\\/jouer-ensemble-est-une-marque-de-confiance-entretien-avec-jeanne-marie-conquer-violoniste\\\/#breadcrumb\",\"itemListElement\":[{\"@type\":\"ListItem\",\"position\":1,\"name\":\"Home\",\"item\":\"https:\\\/\\\/www.ensembleintercontemporain.com\\\/en\\\/\"},{\"@type\":\"ListItem\",\"position\":2,\"name\":\"\u00ab Jouer ensemble est une marque de confiance \u00bb. Entretien avec Jeanne-Marie Conquer, violoniste.\"}]},{\"@type\":\"WebSite\",\"@id\":\"https:\\\/\\\/www.ensembleintercontemporain.com\\\/en\\\/#website\",\"url\":\"https:\\\/\\\/www.ensembleintercontemporain.com\\\/en\\\/\",\"name\":\"Ensemble intercontemporain\",\"description\":\"\",\"potentialAction\":[{\"@type\":\"SearchAction\",\"target\":{\"@type\":\"EntryPoint\",\"urlTemplate\":\"https:\\\/\\\/www.ensembleintercontemporain.com\\\/en\\\/?s={search_term_string}\"},\"query-input\":{\"@type\":\"PropertyValueSpecification\",\"valueRequired\":true,\"valueName\":\"search_term_string\"}}],\"inLanguage\":\"en-US\"},{\"@type\":\"Person\",\"@id\":\"https:\\\/\\\/www.ensembleintercontemporain.com\\\/en\\\/#\\\/schema\\\/person\\\/623fa614a4a58f07adbc7b9aa9b65bc5\",\"name\":\"Jeanne-Marie Conquer\",\"image\":{\"@type\":\"ImageObject\",\"inLanguage\":\"en-US\",\"@id\":\"https:\\\/\\\/secure.gravatar.com\\\/avatar\\\/a4dec23595c1596eca7512f3208d115b80c63b1669fafd6938a3ba87ad5eb2ca?s=96&d=mm&r=g\",\"url\":\"https:\\\/\\\/secure.gravatar.com\\\/avatar\\\/a4dec23595c1596eca7512f3208d115b80c63b1669fafd6938a3ba87ad5eb2ca?s=96&d=mm&r=g\",\"contentUrl\":\"https:\\\/\\\/secure.gravatar.com\\\/avatar\\\/a4dec23595c1596eca7512f3208d115b80c63b1669fafd6938a3ba87ad5eb2ca?s=96&d=mm&r=g\",\"caption\":\"Jeanne-Marie Conquer\"},\"url\":\"https:\\\/\\\/www.ensembleintercontemporain.com\\\/en\\\/author\\\/jmconquer\\\/\"}]}<\/script>\n<!-- \/ Yoast SEO plugin. -->","yoast_head_json":{"title":"\u00ab Jouer ensemble est une marque de confiance \u00bb. Entretien avec Jeanne-Marie Conquer, violoniste. - Ensemble intercontemporain","robots":{"index":"index","follow":"follow","max-snippet":"max-snippet:-1","max-image-preview":"max-image-preview:large","max-video-preview":"max-video-preview:-1"},"canonical":"https:\/\/www.ensembleintercontemporain.com\/en\/2025\/04\/jouer-ensemble-est-une-marque-de-confiance-entretien-avec-jeanne-marie-conquer-violoniste\/","og_locale":"en_US","og_type":"article","og_title":"\u00ab Jouer ensemble est une marque de confiance \u00bb. Entretien avec Jeanne-Marie Conquer, violoniste. - Ensemble intercontemporain","og_description":"Fid\u00e8le \u00e0 sa mission d\u2019accompagnement et de formation des jeunes musiciens, l\u2019Ensemble intercontemporain noue un dialogue privil\u00e9gi\u00e9 avec l\u2019Acad\u00e9mie Stauffer \u00e0 Cr\u00e9mone, o\u00f9 quatre solistes se sont rendus pour une semaine de r\u00e9sidence. Cinq jours de travail intense, terminant par un concert side-by-side qui met en relation certaines des \u0153uvres les plus embl\u00e9matiques de Boulez avec des pages de Bach, Webern, Canat de Chizy et Berio, dans un jeu de r\u00e9sonances, de tensions et de d\u00e9couvertes.","og_url":"https:\/\/www.ensembleintercontemporain.com\/en\/2025\/04\/jouer-ensemble-est-une-marque-de-confiance-entretien-avec-jeanne-marie-conquer-violoniste\/","og_site_name":"Ensemble intercontemporain","article_published_time":"2025-04-02T21:43:10+00:00","article_modified_time":"2025-04-03T17:03:39+00:00","og_image":[{"width":2048,"height":1365,"url":"https:\/\/www.ensembleintercontemporain.com\/content\/uploads\/2025\/04\/ensemble-intercontemporain-selection-18.jpg","type":"image\/jpeg"}],"author":"Jeanne-Marie Conquer","twitter_card":"summary_large_image","twitter_misc":{"Written by":"Jeanne-Marie Conquer","Est. reading time":"6 minutes"},"schema":{"@context":"https:\/\/schema.org","@graph":[{"@type":"Article","@id":"https:\/\/www.ensembleintercontemporain.com\/en\/2025\/04\/jouer-ensemble-est-une-marque-de-confiance-entretien-avec-jeanne-marie-conquer-violoniste\/#article","isPartOf":{"@id":"https:\/\/www.ensembleintercontemporain.com\/en\/2025\/04\/jouer-ensemble-est-une-marque-de-confiance-entretien-avec-jeanne-marie-conquer-violoniste\/"},"author":{"name":"Jeanne-Marie Conquer","@id":"https:\/\/www.ensembleintercontemporain.com\/en\/#\/schema\/person\/623fa614a4a58f07adbc7b9aa9b65bc5"},"headline":"\u00ab Jouer ensemble est une marque de confiance \u00bb. Entretien avec Jeanne-Marie Conquer, violoniste.","datePublished":"2025-04-02T21:43:10+00:00","dateModified":"2025-04-03T17:03:39+00:00","mainEntityOfPage":{"@id":"https:\/\/www.ensembleintercontemporain.com\/en\/2025\/04\/jouer-ensemble-est-une-marque-de-confiance-entretien-avec-jeanne-marie-conquer-violoniste\/"},"wordCount":974,"image":{"@id":"https:\/\/www.ensembleintercontemporain.com\/en\/2025\/04\/jouer-ensemble-est-une-marque-de-confiance-entretien-avec-jeanne-marie-conquer-violoniste\/#primaryimage"},"thumbnailUrl":"https:\/\/www.ensembleintercontemporain.com\/content\/uploads\/2025\/04\/ensemble-intercontemporain-selection-18.jpg","articleSection":["Entretien"],"inLanguage":"en-US"},{"@type":"WebPage","@id":"https:\/\/www.ensembleintercontemporain.com\/en\/2025\/04\/jouer-ensemble-est-une-marque-de-confiance-entretien-avec-jeanne-marie-conquer-violoniste\/","url":"https:\/\/www.ensembleintercontemporain.com\/en\/2025\/04\/jouer-ensemble-est-une-marque-de-confiance-entretien-avec-jeanne-marie-conquer-violoniste\/","name":"\u00ab Jouer ensemble est une marque de confiance \u00bb. Entretien avec Jeanne-Marie Conquer, violoniste. - Ensemble intercontemporain","isPartOf":{"@id":"https:\/\/www.ensembleintercontemporain.com\/en\/#website"},"primaryImageOfPage":{"@id":"https:\/\/www.ensembleintercontemporain.com\/en\/2025\/04\/jouer-ensemble-est-une-marque-de-confiance-entretien-avec-jeanne-marie-conquer-violoniste\/#primaryimage"},"image":{"@id":"https:\/\/www.ensembleintercontemporain.com\/en\/2025\/04\/jouer-ensemble-est-une-marque-de-confiance-entretien-avec-jeanne-marie-conquer-violoniste\/#primaryimage"},"thumbnailUrl":"https:\/\/www.ensembleintercontemporain.com\/content\/uploads\/2025\/04\/ensemble-intercontemporain-selection-18.jpg","datePublished":"2025-04-02T21:43:10+00:00","dateModified":"2025-04-03T17:03:39+00:00","author":{"@id":"https:\/\/www.ensembleintercontemporain.com\/en\/#\/schema\/person\/623fa614a4a58f07adbc7b9aa9b65bc5"},"breadcrumb":{"@id":"https:\/\/www.ensembleintercontemporain.com\/en\/2025\/04\/jouer-ensemble-est-une-marque-de-confiance-entretien-avec-jeanne-marie-conquer-violoniste\/#breadcrumb"},"inLanguage":"en-US","potentialAction":[{"@type":"ReadAction","target":["https:\/\/www.ensembleintercontemporain.com\/en\/2025\/04\/jouer-ensemble-est-une-marque-de-confiance-entretien-avec-jeanne-marie-conquer-violoniste\/"]}]},{"@type":"ImageObject","inLanguage":"en-US","@id":"https:\/\/www.ensembleintercontemporain.com\/en\/2025\/04\/jouer-ensemble-est-une-marque-de-confiance-entretien-avec-jeanne-marie-conquer-violoniste\/#primaryimage","url":"https:\/\/www.ensembleintercontemporain.com\/content\/uploads\/2025\/04\/ensemble-intercontemporain-selection-18.jpg","contentUrl":"https:\/\/www.ensembleintercontemporain.com\/content\/uploads\/2025\/04\/ensemble-intercontemporain-selection-18.jpg","width":2048,"height":1365},{"@type":"BreadcrumbList","@id":"https:\/\/www.ensembleintercontemporain.com\/en\/2025\/04\/jouer-ensemble-est-une-marque-de-confiance-entretien-avec-jeanne-marie-conquer-violoniste\/#breadcrumb","itemListElement":[{"@type":"ListItem","position":1,"name":"Home","item":"https:\/\/www.ensembleintercontemporain.com\/en\/"},{"@type":"ListItem","position":2,"name":"\u00ab Jouer ensemble est une marque de confiance \u00bb. Entretien avec Jeanne-Marie Conquer, violoniste."}]},{"@type":"WebSite","@id":"https:\/\/www.ensembleintercontemporain.com\/en\/#website","url":"https:\/\/www.ensembleintercontemporain.com\/en\/","name":"Ensemble intercontemporain","description":"","potentialAction":[{"@type":"SearchAction","target":{"@type":"EntryPoint","urlTemplate":"https:\/\/www.ensembleintercontemporain.com\/en\/?s={search_term_string}"},"query-input":{"@type":"PropertyValueSpecification","valueRequired":true,"valueName":"search_term_string"}}],"inLanguage":"en-US"},{"@type":"Person","@id":"https:\/\/www.ensembleintercontemporain.com\/en\/#\/schema\/person\/623fa614a4a58f07adbc7b9aa9b65bc5","name":"Jeanne-Marie Conquer","image":{"@type":"ImageObject","inLanguage":"en-US","@id":"https:\/\/secure.gravatar.com\/avatar\/a4dec23595c1596eca7512f3208d115b80c63b1669fafd6938a3ba87ad5eb2ca?s=96&d=mm&r=g","url":"https:\/\/secure.gravatar.com\/avatar\/a4dec23595c1596eca7512f3208d115b80c63b1669fafd6938a3ba87ad5eb2ca?s=96&d=mm&r=g","contentUrl":"https:\/\/secure.gravatar.com\/avatar\/a4dec23595c1596eca7512f3208d115b80c63b1669fafd6938a3ba87ad5eb2ca?s=96&d=mm&r=g","caption":"Jeanne-Marie Conquer"},"url":"https:\/\/www.ensembleintercontemporain.com\/en\/author\/jmconquer\/"}]}},"_links":{"self":[{"href":"https:\/\/www.ensembleintercontemporain.com\/en\/wp-json\/wp\/v2\/posts\/28833\/"}],"collection":[{"href":"https:\/\/www.ensembleintercontemporain.com\/en\/wp-json\/wp\/v2\/posts\/"}],"about":[{"href":"https:\/\/www.ensembleintercontemporain.com\/en\/wp-json\/wp\/v2\/types\/post\/"}],"author":[{"embeddable":true,"href":"https:\/\/www.ensembleintercontemporain.com\/en\/wp-json\/wp\/v2\/users\/188\/"}],"replies":[{"embeddable":true,"href":"https:\/\/www.ensembleintercontemporain.com\/en\/wp-json\/wp\/v2\/comments\/?post=28833"}],"version-history":[{"count":13,"href":"https:\/\/www.ensembleintercontemporain.com\/en\/wp-json\/wp\/v2\/posts\/28833\/revisions\/"}],"predecessor-version":[{"id":28846,"href":"https:\/\/www.ensembleintercontemporain.com\/en\/wp-json\/wp\/v2\/posts\/28833\/revisions\/28846\/"}],"wp:featuredmedia":[{"embeddable":true,"href":"https:\/\/www.ensembleintercontemporain.com\/en\/wp-json\/wp\/v2\/media\/28820\/"}],"wp:attachment":[{"href":"https:\/\/www.ensembleintercontemporain.com\/en\/wp-json\/wp\/v2\/media\/?parent=28833"}],"wp:term":[{"taxonomy":"category","embeddable":true,"href":"https:\/\/www.ensembleintercontemporain.com\/en\/wp-json\/wp\/v2\/categories\/?post=28833"},{"taxonomy":"post_tag","embeddable":true,"href":"https:\/\/www.ensembleintercontemporain.com\/en\/wp-json\/wp\/v2\/tags\/?post=28833"}],"curies":[{"name":"wp","href":"https:\/\/api.w.org\/{rel}","templated":true}]}}