{"id":28669,"date":"2025-03-25T11:07:21","date_gmt":"2025-03-25T10:07:21","guid":{"rendered":"https:\/\/www.ensembleintercontemporain.com\/?p=28669"},"modified":"2025-03-27T12:25:16","modified_gmt":"2025-03-27T11:25:16","slug":"poesie-hommages-et-rig-veda-entretien-avec-michael-jarrell-compositeur","status":"publish","type":"post","link":"https:\/\/www.ensembleintercontemporain.com\/en\/2025\/03\/poesie-hommages-et-rig-veda-entretien-avec-michael-jarrell-compositeur\/","title":{"rendered":"Po\u00e9sie, hommages et Rig-Veda. Entretien avec Micha\u00ebl Jarrell, compositeur."},"content":{"rendered":"<p><strong><span style=\"color: #003366; font-size: 12pt;\"><img loading=\"lazy\" decoding=\"async\" class=\"aligncenter size-full wp-image-28672\" src=\"http:\/\/www.ensembleintercontemporain.com\/content\/uploads\/2025\/03\/dsc-2684-dxofp-1.jpg\" alt=\"\" width=\"1920\" height=\"1280\" srcset=\"https:\/\/www.ensembleintercontemporain.com\/content\/uploads\/2025\/03\/dsc-2684-dxofp-1.jpg 1920w, https:\/\/www.ensembleintercontemporain.com\/content\/uploads\/2025\/03\/dsc-2684-dxofp-1-300x200.jpg 300w, https:\/\/www.ensembleintercontemporain.com\/content\/uploads\/2025\/03\/dsc-2684-dxofp-1-1024x683.jpg 1024w, https:\/\/www.ensembleintercontemporain.com\/content\/uploads\/2025\/03\/dsc-2684-dxofp-1-768x512.jpg 768w, https:\/\/www.ensembleintercontemporain.com\/content\/uploads\/2025\/03\/dsc-2684-dxofp-1-1536x1024.jpg 1536w\" sizes=\"auto, (max-width: 1920px) 100vw, 1920px\" \/><\/span><\/strong><\/p>\n<p><strong><span style=\"color: #003366; font-size: 18pt;\">L<\/span><span style=\"color: #003366;\"><span style=\"font-size: 12pt;\">\u2019EIC<\/span> retrouve \u00e0 nouveau Micha\u00ebl Jarrell cette saison, avec une cr\u00e9ation pour ensemble et ch\u0153ur au programme du concert c\u00e9l\u00e9brant le centenaire de la naissance de Pierre Boulez le <a href=\"https:\/\/www.ensembleintercontemporain.com\/fr\/concert\/concert-anniversaire-2025-03-28-20h00-paris\/\">28 mars \u00e0 la Cit\u00e9 de la musique<\/a>. Le compositeur suisse nous livre les cl\u00e9s d\u2019\u00e9coute de sa nouvelle \u0153uvre aux accents po\u00e9tiques et mythologiques, mais aussi sur sa s\u00e9rie <span style=\"caret-color: #003366;\">plus<\/span> ancienne des <\/span><em style=\"color: #003366;\">Assonance<\/em><span style=\"color: #003366;\">.<\/span><\/strong><\/p>\n<p><strong>Micha\u00ebl, d\u2019o\u00f9 vient la r\u00e9f\u00e9rence \u00e0 l\u2019\u00ab assonance \u00bb ?<\/strong><br \/>\n<span style=\"font-size: 14pt;\">La s\u00e9rie des <em>Assonance<\/em> \u00e9tait un cycle que j\u2019avais entam\u00e9 il y a longtemps, en commen\u00e7ant par une pi\u00e8ce pour clarinette solo. Jusqu\u2019alors, j\u2019\u00e9crivais avec \u00e9norm\u00e9ment de structures, avec beaucoup de mat\u00e9riaux pr\u00e9-compositionnels. Un jour, apr\u00e8s avoir termin\u00e9 une \u0153uvre longue et dense, j\u2019ai eu envie d\u2019\u00e9crire une pi\u00e8ce solo plus courte. J\u2019ai alors choisi de partir d\u2019une ou deux figures r\u00e9currentes qui ponctueraient la pi\u00e8ce. C\u2019est alors que m\u2019est revenu le terme d\u2019\u00ab assonance \u00bb, cette forme d\u2019organisation primitive de la po\u00e9sie fran\u00e7aise, ant\u00e9rieure \u00e0 la syst\u00e9matisation des rimes et aux cadres formels des alexandrins. Loin d\u2019\u00eatre de simples \u00e9chos sonores, les assonances permettent d\u2019instaurer des points d\u2019articulation et de structuration dans un texte sans passer par une r\u00e9p\u00e9tition rigide. Cette notion a peu \u00e0 peu fa\u00e7onn\u00e9 mon approche du cycle. Peu \u00e0 peu, ces assonances sont devenues mes carnets d\u2019esquisses.<\/span><br \/>\n<span style=\"font-size: 14pt;\">\u00c0 l\u2019\u00e9poque, il y avait une sorte de logique de rupture, o\u00f9 chaque pi\u00e8ce serait une remise \u00e0 z\u00e9ro. Pour ma part, il m\u2019apparut que le geste compositionnel s\u2019inscrivait toujours dans une continuit\u00e9. D\u2019ailleurs, Pierre Boulez en est un exemple paradigmatique : en apparence, son \u00e9criture progresse constamment, mais elle est toujours ancr\u00e9e dans un dialogue r\u00e9current avec ses \u0153uvres ant\u00e9rieures. Mon int\u00e9r\u00eat pour les arts visuels a \u00e9galement jou\u00e9 un r\u00f4le dans cette r\u00e9flexion \u00e0 l\u2019\u00e9poque. J\u2019\u00e9tais fascin\u00e9 par tout ce qui relevait de l\u2019esquisse. Dans les arts visuels, les esquisses sont reconnues comme des \u0153uvres. Il existe des tableaux de Pablo Picasso avec 250 essais. C\u2019est cette libert\u00e9 dans la pratique que j\u2019avais envie de retrouver dans ce que j\u2019appelais mes cahiers d\u2019esquisses, o\u00f9 je pouvais essayer ou reprendre une id\u00e9e.<\/span><\/p>\n<p><strong>En vous r\u00e9f\u00e9rant \u00e0 l&#8217;assonance comme \u00e0 un artisanat \u00e9l\u00e9mentaire de la po\u00e9sie, vous ouvrez, par les esquisses, une libert\u00e9 de circulation \u00e0 diff\u00e9rents niveaux d&#8217;\u00e9laboration de la pi\u00e8ce.<\/strong><br \/>\n<span style=\"font-size: 14pt;\">C\u2019\u00e9tait aussi une mani\u00e8re de m\u2019affranchir d\u2019une certaine injonction \u00e0 produire des \u0153uvres closes. Pour la premi\u00e8re <em>Assonance<\/em>, mon travail s\u2019est accompagn\u00e9 d\u2019un processus pictural : la composition musicale et la pratique picturale se nourrissaient mutuellement. Progressivement, une forme de coh\u00e9rence est apparue, fond\u00e9e sur la r\u00e9currence de motifs qui se transforment selon des trajectoires multiples. Cette logique de circulation du mat\u00e9riau m\u2019a conduit \u00e0 prolonger l\u2019exp\u00e9rience jusqu\u2019\u00e0 neuf <em>Assonances<\/em>. Au fond, dans ce sens, cela est tr\u00e8s similaire \u00e0 l\u2019approche boul\u00e9zienne.<\/span><\/p>\n<p style=\"text-align: center;\"><iframe loading=\"lazy\" title=\"YouTube video player\" src=\"https:\/\/www.youtube.com\/embed\/q0ZtnME5b1A?si=5-qmUKiJzoZq0GQm\" width=\"560\" height=\"315\" frameborder=\"0\" allowfullscreen=\"allowfullscreen\"><\/iframe><\/p>\n<p><strong>Pour en venir \u00e0 la cr\u00e9ation, au-del\u00e0 de reprendre l&#8217;effectif de cummings ist der dichter, vous reprenez chaque mouvement de bakhti, il y a le fragment du Rig-Veda, mais le titre n\u2019est pas du tout de E.E. Cummings. <em>\u2026il semble que ce soit le ciel qui ait toujours le dernier mot\u2026<\/em> est une phrase de Ren\u00e9 Char. C&#8217;est un pas de c\u00f4t\u00e9 mais qui reste \u00e0 l&#8217;int\u00e9rieur de l&#8217;univers Boul\u00e9zien.<\/strong><br \/>\n<span style=\"font-size: 14pt;\">Je suis parti de mon aventure avec l\u2019Ensemble Intercontemporain, qui \u00e9tait initialement tr\u00e8s li\u00e9e \u00e0 Jonathan Harvey et Peter E\u00f6tv\u00f6s. Mon lien avec Pierre Boulez ne se d\u00e9veloppa vraiment que plus tard. La succession des disparitions dans le milieu musical a profond\u00e9ment marqu\u00e9 ma r\u00e9flexion. La mort de Kaija Saariaho, avec qui j\u2019avais \u00e9tudi\u00e9, celle de Jonathan Harvey, frappante d\u2019absurdit\u00e9, puis celles de Pierre Boulez et de Peter E\u00f6tv\u00f6s, avec qui j\u2019avais encore \u00e9chang\u00e9 peu avant sa disparition, ont constitu\u00e9 une forme de rupture brutale.<\/span><br \/>\n<span style=\"font-size: 14pt;\">Par un hasard significatif, la phrase de Ren\u00e9 Char m\u2019est alors apparue avec une r\u00e9sonance particuli\u00e8re : nous disparaissons tous. Si le po\u00e8te y voyait une r\u00e9flexion m\u00e9taphysique, j\u2019y ai plut\u00f4t per\u00e7u une prise de conscience de notre finitude. Le lien avec Pierre Boulez se prolonge ici d\u2019une autre mani\u00e8re : c\u2019est lui qui m\u2019a men\u00e9 \u00e0 Ren\u00e9 Char, tout comme Luciano Berio m\u2019a conduit \u00e0 d\u00e9couvrir E.E. Cummings.<\/span><\/p>\n<p><img loading=\"lazy\" decoding=\"async\" class=\"aligncenter size-full wp-image-28763\" src=\"http:\/\/www.ensembleintercontemporain.com\/content\/uploads\/2025\/03\/dscf0699.jpg\" alt=\"\" width=\"1920\" height=\"1280\" srcset=\"https:\/\/www.ensembleintercontemporain.com\/content\/uploads\/2025\/03\/dscf0699.jpg 1920w, https:\/\/www.ensembleintercontemporain.com\/content\/uploads\/2025\/03\/dscf0699-300x200.jpg 300w, https:\/\/www.ensembleintercontemporain.com\/content\/uploads\/2025\/03\/dscf0699-1024x683.jpg 1024w, https:\/\/www.ensembleintercontemporain.com\/content\/uploads\/2025\/03\/dscf0699-768x512.jpg 768w, https:\/\/www.ensembleintercontemporain.com\/content\/uploads\/2025\/03\/dscf0699-1536x1024.jpg 1536w\" sizes=\"auto, (max-width: 1920px) 100vw, 1920px\" \/><\/p>\n<p><strong>Est-ce que, dans la partition, quelque chose vient r\u00e9pliquer au rapport que Pierre Boulez avait avec l&#8217;EIC et \u00e0 sa fa\u00e7on de travailler le son ?<\/strong><br \/>\n<span style=\"font-size: 14pt;\">Aujourd\u2019hui, la notion m\u00eame de l\u2019\u00e9criture musicale est interrog\u00e9e, parfois remise en cause. Pourtant, je reste tr\u00e8s attach\u00e9 \u00e0 la partition, qui est \u00e0 la fois un laboratoire pour le compositeur et un mode de transmission aux musiciens. Plus elle est claire et d\u00e9taill\u00e9e, plus on peut aller droit \u00e0 l\u2019essentiel. Sans cela, on perd un temps pr\u00e9cieux \u00e0 tout expliquer. Avec une partition de Pierre Boulez, on comprend imm\u00e9diatement comment cela doit sonner, m\u00eame dans des \u0153uvres ouvertes comme \u00c9clats. Une fois le syst\u00e8me assimil\u00e9, tout devient limpide. C\u2019est cet aspect que je qualifie d\u2019\u00ab artisanat \u00bb chez Boulez : une exigence dans la construction du mat\u00e9riau qui n\u2019enferme pas la musique, mais au contraire en organise la potentialit\u00e9 expressive.<\/span><\/p>\n<p>&nbsp;<\/p>\n<p><strong><span style=\"font-size: 12pt;\">S\u2019il doit y avoir un legs musical de Pierre Boulez, il est donc \u00e0 d\u00e9fendre l&#8217;\u00e9criture comme vecteur de libert\u00e9 de cr\u00e9ation\u2026<\/span><\/strong><br \/>\n<span style=\"font-size: 14pt;\">Et d\u2019invention. Mais aussi dans l\u2019exigence que le compositeur s\u2019impose \u00e0 lui-m\u00eame, \u00e0 l\u2019\u00e9gal de ce qu\u2019il attend des musiciens. On leur demande d\u2019interpr\u00e9ter des \u0153uvres techniquement redoutables, alors il est normal d\u2019\u00eatre tout aussi exigeant envers soi-m\u00eame. J\u2019ai conscience d\u2019\u00e9crire une musique souvent tr\u00e8s virtuose, et Pierre Boulez avait cette approche, surtout dans ses derni\u00e8res \u0153uvres.<\/span><br \/>\n<span style=\"font-size: 14pt;\">J\u2019enseigne la composition, et pour la classe, je donne beaucoup de s\u00e9minaires d\u2019analyse sur des pi\u00e8ces du XX\u1d49 et XXI\u1d49 si\u00e8cle. \u00c9tudier les \u0153uvres de Pierre Boulez, c\u2019est constater \u00e0 quel point il \u00e9tait rigoureux avec lui-m\u00eame. Cette exigence est une le\u00e7on essentielle pour les compositeurs d\u2019aujourd\u2019hui.<\/span><\/p>\n<p>Photos \u00a9 EIC<\/p>\n","protected":false},"excerpt":{"rendered":"<p>L\u2019EIC retrouve \u00e0 nouveau Micha\u00ebl Jarrell cette saison, avec une cr\u00e9ation pour ensemble et ch\u0153ur au programme du concert c\u00e9l\u00e9brant le centenaire de la naissance de Pierre Boulez le 28 mars \u00e0 la Philharmonie de Paris. Le compositeur suisse nous livre les cl\u00e9s d\u2019\u00e9coute de sa nouvelle \u0153uvre aux accents po\u00e9tiques et mythologiques, mais aussi sur sa s\u00e9rie plus ancienne des &#8220;Assonance&#8221;.<\/p>\n","protected":false},"author":185,"featured_media":28672,"comment_status":"closed","ping_status":"closed","sticky":false,"template":"","format":"standard","meta":{"_acf_changed":false,"footnotes":""},"categories":[4],"tags":[],"class_list":["post-28669","post","type-post","status-publish","format-standard","has-post-thumbnail","hentry","category-entretiens","concert-concert-anniversaire"],"acf":[],"yoast_head":"<!-- This site is optimized with the Yoast SEO plugin v27.5 - https:\/\/yoast.com\/product\/yoast-seo-wordpress\/ -->\n<title>Po\u00e9sie, hommages et Rig-Veda. Entretien avec Micha\u00ebl Jarrell, compositeur. - Ensemble intercontemporain<\/title>\n<meta name=\"robots\" content=\"index, follow, max-snippet:-1, max-image-preview:large, max-video-preview:-1\" \/>\n<link rel=\"canonical\" href=\"https:\/\/www.ensembleintercontemporain.com\/en\/2025\/03\/poesie-hommages-et-rig-veda-entretien-avec-michael-jarrell-compositeur\/\" \/>\n<meta property=\"og:locale\" content=\"en_US\" \/>\n<meta property=\"og:type\" content=\"article\" \/>\n<meta property=\"og:title\" content=\"Po\u00e9sie, hommages et Rig-Veda. Entretien avec Micha\u00ebl Jarrell, compositeur. - Ensemble intercontemporain\" \/>\n<meta property=\"og:description\" content=\"L\u2019EIC retrouve \u00e0 nouveau Micha\u00ebl Jarrell cette saison, avec une cr\u00e9ation pour ensemble et ch\u0153ur au programme du concert c\u00e9l\u00e9brant le centenaire de la naissance de Pierre Boulez le 28 mars \u00e0 la Philharmonie de Paris. Le compositeur suisse nous livre les cl\u00e9s d\u2019\u00e9coute de sa nouvelle \u0153uvre aux accents po\u00e9tiques et mythologiques, mais aussi sur sa s\u00e9rie plus ancienne des &quot;Assonance&quot;.\" \/>\n<meta property=\"og:url\" content=\"https:\/\/www.ensembleintercontemporain.com\/en\/2025\/03\/poesie-hommages-et-rig-veda-entretien-avec-michael-jarrell-compositeur\/\" \/>\n<meta property=\"og:site_name\" content=\"Ensemble intercontemporain\" \/>\n<meta property=\"article:published_time\" content=\"2025-03-25T10:07:21+00:00\" \/>\n<meta property=\"article:modified_time\" content=\"2025-03-27T11:25:16+00:00\" \/>\n<meta property=\"og:image\" content=\"https:\/\/www.ensembleintercontemporain.com\/content\/uploads\/2025\/03\/dsc-2684-dxofp-1.jpg\" \/>\n\t<meta property=\"og:image:width\" content=\"1920\" \/>\n\t<meta property=\"og:image:height\" content=\"1280\" \/>\n\t<meta property=\"og:image:type\" content=\"image\/jpeg\" \/>\n<meta name=\"author\" content=\"David Christoffel\" \/>\n<meta name=\"twitter:card\" content=\"summary_large_image\" \/>\n<meta name=\"twitter:label1\" content=\"Written by\" \/>\n\t<meta name=\"twitter:data1\" content=\"David Christoffel\" \/>\n\t<meta name=\"twitter:label2\" content=\"Est. reading time\" \/>\n\t<meta name=\"twitter:data2\" content=\"6 minutes\" \/>\n<script type=\"application\/ld+json\" class=\"yoast-schema-graph\">{\"@context\":\"https:\\\/\\\/schema.org\",\"@graph\":[{\"@type\":\"Article\",\"@id\":\"https:\\\/\\\/www.ensembleintercontemporain.com\\\/en\\\/2025\\\/03\\\/poesie-hommages-et-rig-veda-entretien-avec-michael-jarrell-compositeur\\\/#article\",\"isPartOf\":{\"@id\":\"https:\\\/\\\/www.ensembleintercontemporain.com\\\/en\\\/2025\\\/03\\\/poesie-hommages-et-rig-veda-entretien-avec-michael-jarrell-compositeur\\\/\"},\"author\":{\"name\":\"David Christoffel\",\"@id\":\"https:\\\/\\\/www.ensembleintercontemporain.com\\\/en\\\/#\\\/schema\\\/person\\\/2e67daa38438119a1f45e83d76278daf\"},\"headline\":\"Po\u00e9sie, hommages et Rig-Veda. Entretien avec Micha\u00ebl Jarrell, compositeur.\",\"datePublished\":\"2025-03-25T10:07:21+00:00\",\"dateModified\":\"2025-03-27T11:25:16+00:00\",\"mainEntityOfPage\":{\"@id\":\"https:\\\/\\\/www.ensembleintercontemporain.com\\\/en\\\/2025\\\/03\\\/poesie-hommages-et-rig-veda-entretien-avec-michael-jarrell-compositeur\\\/\"},\"wordCount\":1099,\"image\":{\"@id\":\"https:\\\/\\\/www.ensembleintercontemporain.com\\\/en\\\/2025\\\/03\\\/poesie-hommages-et-rig-veda-entretien-avec-michael-jarrell-compositeur\\\/#primaryimage\"},\"thumbnailUrl\":\"https:\\\/\\\/www.ensembleintercontemporain.com\\\/content\\\/uploads\\\/2025\\\/03\\\/dsc-2684-dxofp-1.jpg\",\"articleSection\":[\"Entretien\"],\"inLanguage\":\"en-US\"},{\"@type\":\"WebPage\",\"@id\":\"https:\\\/\\\/www.ensembleintercontemporain.com\\\/en\\\/2025\\\/03\\\/poesie-hommages-et-rig-veda-entretien-avec-michael-jarrell-compositeur\\\/\",\"url\":\"https:\\\/\\\/www.ensembleintercontemporain.com\\\/en\\\/2025\\\/03\\\/poesie-hommages-et-rig-veda-entretien-avec-michael-jarrell-compositeur\\\/\",\"name\":\"Po\u00e9sie, hommages et Rig-Veda. Entretien avec Micha\u00ebl Jarrell, compositeur. - Ensemble intercontemporain\",\"isPartOf\":{\"@id\":\"https:\\\/\\\/www.ensembleintercontemporain.com\\\/en\\\/#website\"},\"primaryImageOfPage\":{\"@id\":\"https:\\\/\\\/www.ensembleintercontemporain.com\\\/en\\\/2025\\\/03\\\/poesie-hommages-et-rig-veda-entretien-avec-michael-jarrell-compositeur\\\/#primaryimage\"},\"image\":{\"@id\":\"https:\\\/\\\/www.ensembleintercontemporain.com\\\/en\\\/2025\\\/03\\\/poesie-hommages-et-rig-veda-entretien-avec-michael-jarrell-compositeur\\\/#primaryimage\"},\"thumbnailUrl\":\"https:\\\/\\\/www.ensembleintercontemporain.com\\\/content\\\/uploads\\\/2025\\\/03\\\/dsc-2684-dxofp-1.jpg\",\"datePublished\":\"2025-03-25T10:07:21+00:00\",\"dateModified\":\"2025-03-27T11:25:16+00:00\",\"author\":{\"@id\":\"https:\\\/\\\/www.ensembleintercontemporain.com\\\/en\\\/#\\\/schema\\\/person\\\/2e67daa38438119a1f45e83d76278daf\"},\"breadcrumb\":{\"@id\":\"https:\\\/\\\/www.ensembleintercontemporain.com\\\/en\\\/2025\\\/03\\\/poesie-hommages-et-rig-veda-entretien-avec-michael-jarrell-compositeur\\\/#breadcrumb\"},\"inLanguage\":\"en-US\",\"potentialAction\":[{\"@type\":\"ReadAction\",\"target\":[\"https:\\\/\\\/www.ensembleintercontemporain.com\\\/en\\\/2025\\\/03\\\/poesie-hommages-et-rig-veda-entretien-avec-michael-jarrell-compositeur\\\/\"]}]},{\"@type\":\"ImageObject\",\"inLanguage\":\"en-US\",\"@id\":\"https:\\\/\\\/www.ensembleintercontemporain.com\\\/en\\\/2025\\\/03\\\/poesie-hommages-et-rig-veda-entretien-avec-michael-jarrell-compositeur\\\/#primaryimage\",\"url\":\"https:\\\/\\\/www.ensembleintercontemporain.com\\\/content\\\/uploads\\\/2025\\\/03\\\/dsc-2684-dxofp-1.jpg\",\"contentUrl\":\"https:\\\/\\\/www.ensembleintercontemporain.com\\\/content\\\/uploads\\\/2025\\\/03\\\/dsc-2684-dxofp-1.jpg\",\"width\":1920,\"height\":1280},{\"@type\":\"BreadcrumbList\",\"@id\":\"https:\\\/\\\/www.ensembleintercontemporain.com\\\/en\\\/2025\\\/03\\\/poesie-hommages-et-rig-veda-entretien-avec-michael-jarrell-compositeur\\\/#breadcrumb\",\"itemListElement\":[{\"@type\":\"ListItem\",\"position\":1,\"name\":\"Home\",\"item\":\"https:\\\/\\\/www.ensembleintercontemporain.com\\\/en\\\/\"},{\"@type\":\"ListItem\",\"position\":2,\"name\":\"Po\u00e9sie, hommages et Rig-Veda. Entretien avec Micha\u00ebl Jarrell, compositeur.\"}]},{\"@type\":\"WebSite\",\"@id\":\"https:\\\/\\\/www.ensembleintercontemporain.com\\\/en\\\/#website\",\"url\":\"https:\\\/\\\/www.ensembleintercontemporain.com\\\/en\\\/\",\"name\":\"Ensemble intercontemporain\",\"description\":\"\",\"potentialAction\":[{\"@type\":\"SearchAction\",\"target\":{\"@type\":\"EntryPoint\",\"urlTemplate\":\"https:\\\/\\\/www.ensembleintercontemporain.com\\\/en\\\/?s={search_term_string}\"},\"query-input\":{\"@type\":\"PropertyValueSpecification\",\"valueRequired\":true,\"valueName\":\"search_term_string\"}}],\"inLanguage\":\"en-US\"},{\"@type\":\"Person\",\"@id\":\"https:\\\/\\\/www.ensembleintercontemporain.com\\\/en\\\/#\\\/schema\\\/person\\\/2e67daa38438119a1f45e83d76278daf\",\"name\":\"David Christoffel\",\"image\":{\"@type\":\"ImageObject\",\"inLanguage\":\"en-US\",\"@id\":\"https:\\\/\\\/secure.gravatar.com\\\/avatar\\\/454b223c8bd809ef49629a11274adb432a1f36c277297eff0a4b632610c4d520?s=96&d=mm&r=g\",\"url\":\"https:\\\/\\\/secure.gravatar.com\\\/avatar\\\/454b223c8bd809ef49629a11274adb432a1f36c277297eff0a4b632610c4d520?s=96&d=mm&r=g\",\"contentUrl\":\"https:\\\/\\\/secure.gravatar.com\\\/avatar\\\/454b223c8bd809ef49629a11274adb432a1f36c277297eff0a4b632610c4d520?s=96&d=mm&r=g\",\"caption\":\"David Christoffel\"},\"url\":\"https:\\\/\\\/www.ensembleintercontemporain.com\\\/en\\\/author\\\/david-christofell\\\/\"}]}<\/script>\n<!-- \/ Yoast SEO plugin. -->","yoast_head_json":{"title":"Po\u00e9sie, hommages et Rig-Veda. Entretien avec Micha\u00ebl Jarrell, compositeur. - Ensemble intercontemporain","robots":{"index":"index","follow":"follow","max-snippet":"max-snippet:-1","max-image-preview":"max-image-preview:large","max-video-preview":"max-video-preview:-1"},"canonical":"https:\/\/www.ensembleintercontemporain.com\/en\/2025\/03\/poesie-hommages-et-rig-veda-entretien-avec-michael-jarrell-compositeur\/","og_locale":"en_US","og_type":"article","og_title":"Po\u00e9sie, hommages et Rig-Veda. Entretien avec Micha\u00ebl Jarrell, compositeur. - Ensemble intercontemporain","og_description":"L\u2019EIC retrouve \u00e0 nouveau Micha\u00ebl Jarrell cette saison, avec une cr\u00e9ation pour ensemble et ch\u0153ur au programme du concert c\u00e9l\u00e9brant le centenaire de la naissance de Pierre Boulez le 28 mars \u00e0 la Philharmonie de Paris. Le compositeur suisse nous livre les cl\u00e9s d\u2019\u00e9coute de sa nouvelle \u0153uvre aux accents po\u00e9tiques et mythologiques, mais aussi sur sa s\u00e9rie plus ancienne des \"Assonance\".","og_url":"https:\/\/www.ensembleintercontemporain.com\/en\/2025\/03\/poesie-hommages-et-rig-veda-entretien-avec-michael-jarrell-compositeur\/","og_site_name":"Ensemble intercontemporain","article_published_time":"2025-03-25T10:07:21+00:00","article_modified_time":"2025-03-27T11:25:16+00:00","og_image":[{"width":1920,"height":1280,"url":"https:\/\/www.ensembleintercontemporain.com\/content\/uploads\/2025\/03\/dsc-2684-dxofp-1.jpg","type":"image\/jpeg"}],"author":"David Christoffel","twitter_card":"summary_large_image","twitter_misc":{"Written by":"David Christoffel","Est. reading time":"6 minutes"},"schema":{"@context":"https:\/\/schema.org","@graph":[{"@type":"Article","@id":"https:\/\/www.ensembleintercontemporain.com\/en\/2025\/03\/poesie-hommages-et-rig-veda-entretien-avec-michael-jarrell-compositeur\/#article","isPartOf":{"@id":"https:\/\/www.ensembleintercontemporain.com\/en\/2025\/03\/poesie-hommages-et-rig-veda-entretien-avec-michael-jarrell-compositeur\/"},"author":{"name":"David Christoffel","@id":"https:\/\/www.ensembleintercontemporain.com\/en\/#\/schema\/person\/2e67daa38438119a1f45e83d76278daf"},"headline":"Po\u00e9sie, hommages et Rig-Veda. Entretien avec Micha\u00ebl Jarrell, compositeur.","datePublished":"2025-03-25T10:07:21+00:00","dateModified":"2025-03-27T11:25:16+00:00","mainEntityOfPage":{"@id":"https:\/\/www.ensembleintercontemporain.com\/en\/2025\/03\/poesie-hommages-et-rig-veda-entretien-avec-michael-jarrell-compositeur\/"},"wordCount":1099,"image":{"@id":"https:\/\/www.ensembleintercontemporain.com\/en\/2025\/03\/poesie-hommages-et-rig-veda-entretien-avec-michael-jarrell-compositeur\/#primaryimage"},"thumbnailUrl":"https:\/\/www.ensembleintercontemporain.com\/content\/uploads\/2025\/03\/dsc-2684-dxofp-1.jpg","articleSection":["Entretien"],"inLanguage":"en-US"},{"@type":"WebPage","@id":"https:\/\/www.ensembleintercontemporain.com\/en\/2025\/03\/poesie-hommages-et-rig-veda-entretien-avec-michael-jarrell-compositeur\/","url":"https:\/\/www.ensembleintercontemporain.com\/en\/2025\/03\/poesie-hommages-et-rig-veda-entretien-avec-michael-jarrell-compositeur\/","name":"Po\u00e9sie, hommages et Rig-Veda. Entretien avec Micha\u00ebl Jarrell, compositeur. - Ensemble intercontemporain","isPartOf":{"@id":"https:\/\/www.ensembleintercontemporain.com\/en\/#website"},"primaryImageOfPage":{"@id":"https:\/\/www.ensembleintercontemporain.com\/en\/2025\/03\/poesie-hommages-et-rig-veda-entretien-avec-michael-jarrell-compositeur\/#primaryimage"},"image":{"@id":"https:\/\/www.ensembleintercontemporain.com\/en\/2025\/03\/poesie-hommages-et-rig-veda-entretien-avec-michael-jarrell-compositeur\/#primaryimage"},"thumbnailUrl":"https:\/\/www.ensembleintercontemporain.com\/content\/uploads\/2025\/03\/dsc-2684-dxofp-1.jpg","datePublished":"2025-03-25T10:07:21+00:00","dateModified":"2025-03-27T11:25:16+00:00","author":{"@id":"https:\/\/www.ensembleintercontemporain.com\/en\/#\/schema\/person\/2e67daa38438119a1f45e83d76278daf"},"breadcrumb":{"@id":"https:\/\/www.ensembleintercontemporain.com\/en\/2025\/03\/poesie-hommages-et-rig-veda-entretien-avec-michael-jarrell-compositeur\/#breadcrumb"},"inLanguage":"en-US","potentialAction":[{"@type":"ReadAction","target":["https:\/\/www.ensembleintercontemporain.com\/en\/2025\/03\/poesie-hommages-et-rig-veda-entretien-avec-michael-jarrell-compositeur\/"]}]},{"@type":"ImageObject","inLanguage":"en-US","@id":"https:\/\/www.ensembleintercontemporain.com\/en\/2025\/03\/poesie-hommages-et-rig-veda-entretien-avec-michael-jarrell-compositeur\/#primaryimage","url":"https:\/\/www.ensembleintercontemporain.com\/content\/uploads\/2025\/03\/dsc-2684-dxofp-1.jpg","contentUrl":"https:\/\/www.ensembleintercontemporain.com\/content\/uploads\/2025\/03\/dsc-2684-dxofp-1.jpg","width":1920,"height":1280},{"@type":"BreadcrumbList","@id":"https:\/\/www.ensembleintercontemporain.com\/en\/2025\/03\/poesie-hommages-et-rig-veda-entretien-avec-michael-jarrell-compositeur\/#breadcrumb","itemListElement":[{"@type":"ListItem","position":1,"name":"Home","item":"https:\/\/www.ensembleintercontemporain.com\/en\/"},{"@type":"ListItem","position":2,"name":"Po\u00e9sie, hommages et Rig-Veda. Entretien avec Micha\u00ebl Jarrell, compositeur."}]},{"@type":"WebSite","@id":"https:\/\/www.ensembleintercontemporain.com\/en\/#website","url":"https:\/\/www.ensembleintercontemporain.com\/en\/","name":"Ensemble intercontemporain","description":"","potentialAction":[{"@type":"SearchAction","target":{"@type":"EntryPoint","urlTemplate":"https:\/\/www.ensembleintercontemporain.com\/en\/?s={search_term_string}"},"query-input":{"@type":"PropertyValueSpecification","valueRequired":true,"valueName":"search_term_string"}}],"inLanguage":"en-US"},{"@type":"Person","@id":"https:\/\/www.ensembleintercontemporain.com\/en\/#\/schema\/person\/2e67daa38438119a1f45e83d76278daf","name":"David Christoffel","image":{"@type":"ImageObject","inLanguage":"en-US","@id":"https:\/\/secure.gravatar.com\/avatar\/454b223c8bd809ef49629a11274adb432a1f36c277297eff0a4b632610c4d520?s=96&d=mm&r=g","url":"https:\/\/secure.gravatar.com\/avatar\/454b223c8bd809ef49629a11274adb432a1f36c277297eff0a4b632610c4d520?s=96&d=mm&r=g","contentUrl":"https:\/\/secure.gravatar.com\/avatar\/454b223c8bd809ef49629a11274adb432a1f36c277297eff0a4b632610c4d520?s=96&d=mm&r=g","caption":"David Christoffel"},"url":"https:\/\/www.ensembleintercontemporain.com\/en\/author\/david-christofell\/"}]}},"_links":{"self":[{"href":"https:\/\/www.ensembleintercontemporain.com\/en\/wp-json\/wp\/v2\/posts\/28669\/"}],"collection":[{"href":"https:\/\/www.ensembleintercontemporain.com\/en\/wp-json\/wp\/v2\/posts\/"}],"about":[{"href":"https:\/\/www.ensembleintercontemporain.com\/en\/wp-json\/wp\/v2\/types\/post\/"}],"author":[{"embeddable":true,"href":"https:\/\/www.ensembleintercontemporain.com\/en\/wp-json\/wp\/v2\/users\/185\/"}],"replies":[{"embeddable":true,"href":"https:\/\/www.ensembleintercontemporain.com\/en\/wp-json\/wp\/v2\/comments\/?post=28669"}],"version-history":[{"count":12,"href":"https:\/\/www.ensembleintercontemporain.com\/en\/wp-json\/wp\/v2\/posts\/28669\/revisions\/"}],"predecessor-version":[{"id":28765,"href":"https:\/\/www.ensembleintercontemporain.com\/en\/wp-json\/wp\/v2\/posts\/28669\/revisions\/28765\/"}],"wp:featuredmedia":[{"embeddable":true,"href":"https:\/\/www.ensembleintercontemporain.com\/en\/wp-json\/wp\/v2\/media\/28672\/"}],"wp:attachment":[{"href":"https:\/\/www.ensembleintercontemporain.com\/en\/wp-json\/wp\/v2\/media\/?parent=28669"}],"wp:term":[{"taxonomy":"category","embeddable":true,"href":"https:\/\/www.ensembleintercontemporain.com\/en\/wp-json\/wp\/v2\/categories\/?post=28669"},{"taxonomy":"post_tag","embeddable":true,"href":"https:\/\/www.ensembleintercontemporain.com\/en\/wp-json\/wp\/v2\/tags\/?post=28669"}],"curies":[{"name":"wp","href":"https:\/\/api.w.org\/{rel}","templated":true}]}}