{"id":28540,"date":"2025-03-22T17:00:48","date_gmt":"2025-03-22T16:00:48","guid":{"rendered":"https:\/\/www.ensembleintercontemporain.com\/?p=28540"},"modified":"2025-03-24T16:32:36","modified_gmt":"2025-03-24T15:32:36","slug":"facteur-x-entretien-avec-pierre-andre-valade-chef-dorchestre","status":"publish","type":"post","link":"https:\/\/www.ensembleintercontemporain.com\/en\/2025\/03\/facteur-x-entretien-avec-pierre-andre-valade-chef-dorchestre\/","title":{"rendered":"Valeur de X. Entretien avec Pierre-Andr\u00e9 Valade, chef d&#8217;orchestre."},"content":{"rendered":"<p><span style=\"color: #003366;\"><strong><span style=\"font-size: 18pt;\"><img loading=\"lazy\" decoding=\"async\" class=\"aligncenter size-full wp-image-28619\" src=\"http:\/\/www.ensembleintercontemporain.com\/content\/uploads\/2025\/03\/161014-dsmt-konzert-02-baarsporthalle-ralfbrunner-262.jpeg\" alt=\"\" width=\"1920\" height=\"1280\" srcset=\"https:\/\/www.ensembleintercontemporain.com\/content\/uploads\/2025\/03\/161014-dsmt-konzert-02-baarsporthalle-ralfbrunner-262.jpeg 1920w, https:\/\/www.ensembleintercontemporain.com\/content\/uploads\/2025\/03\/161014-dsmt-konzert-02-baarsporthalle-ralfbrunner-262-300x200.jpeg 300w, https:\/\/www.ensembleintercontemporain.com\/content\/uploads\/2025\/03\/161014-dsmt-konzert-02-baarsporthalle-ralfbrunner-262-1024x683.jpeg 1024w, https:\/\/www.ensembleintercontemporain.com\/content\/uploads\/2025\/03\/161014-dsmt-konzert-02-baarsporthalle-ralfbrunner-262-768x512.jpeg 768w, https:\/\/www.ensembleintercontemporain.com\/content\/uploads\/2025\/03\/161014-dsmt-konzert-02-baarsporthalle-ralfbrunner-262-1536x1024.jpeg 1536w\" sizes=\"auto, (max-width: 1920px) 100vw, 1920px\" \/><br \/>\nL<\/span>e <a href=\"https:\/\/www.ensembleintercontemporain.com\/fr\/concert\/polyphonie-x-2025-03-26-18h00-paris\/\">26 mars prochain \u00e0 la Philharmonie de Paris<\/a>, au cours d\u2019un concert-conf\u00e9rence en dialogue avec le musicologue Claude Abromont, Pierre-Andr\u00e9 Valade dirigera<em> Polyphonie X<\/em>, \u0153uvre de jeunesse de Pierre Boulez, d\u00e9savou\u00e9e par le compositeur d\u00e8s sa cr\u00e9ation. Il \u00e9voque pour nous les enjeux de cette red\u00e9couverte.<\/strong><\/span><\/p>\n<p><strong>Dans quel contexte nait <em>Polyphonie X<\/em> ? Dans quelle situation se trouve Pierre Boulez \u00e0 l\u2019\u00e9poque et quel est son projet ?<\/strong><br \/>\n<span style=\"font-size: 14pt;\">La composition de <em>Polyphonie X<\/em> s\u2019\u00e9tale entre 1950 et 1951. Pierre Boulez a donc 25 ans quand il commence et 26 lors de la cr\u00e9ation de l\u2019\u0153uvre, au Festival de Donaueschingen, cr\u00e9ation qui d\u00e9clenche un v\u00e9ritable scandale.<em> Polyphonie X<\/em> se situe ainsi entre deux \u0153uvres majeures de la production du compositeur : la <em>Deuxi\u00e8me Sonate pour piano<\/em> et<em> Le Marteau sans Ma\u00eetre<\/em>. Nous sommes donc dans le Paris du d\u00e9but des ann\u00e9es cinquante, dans le contexte de bouillonnement intellectuel de l\u2019apr\u00e8s-guerre. Boulez est alors en pleine exploration de nouvelles techniques musicales, notamment le s\u00e9rialisme int\u00e9gral, et cherche d\u00e9j\u00e0 \u00e0 repousser les limites de la composition musicale, ce qu\u2019il fera toute sa vie durant.<br \/>\n<\/span><br \/>\n<strong>L\u2019\u0153uvre a \u00e9t\u00e9 d\u00e9savou\u00e9e par Boulez lui-m\u00eame : pourquoi ? Est-ce selon vous justifi\u00e9 et, sachant cela, pourquoi la reprendre ?<\/strong><br \/>\n<span style=\"font-size: 14pt;\">L\u2019\u0153uvre a \u00e9t\u00e9 retir\u00e9e par Boulez de son catalogue apr\u00e8s sa premi\u00e8re repr\u00e9sentation. Le compositeur venait donc d\u2019en entendre la cr\u00e9ation par l\u2019Orchestre de la SWR de Baden-Baden, sous la direction de Hans Rosbaud, c\u2019est-\u00e0-dire des musiciens parmi les meilleurs de l\u2019\u00e9poque. Avouons cependant que le niveau de virtuosit\u00e9 instrumentale pour la nouvelle musique n\u2019avait alors aucun rapport avec celui que nous connaissons aujourd\u2019hui : l\u2019enregistrement r\u00e9alis\u00e9 imm\u00e9diatement apr\u00e8s la cr\u00e9ation t\u00e9moigne du combat livr\u00e9 par les musiciens pour jouer cette partition d\u2019une exigence bien au-del\u00e0 du raisonnable face aux aptitudes de jeu de l\u2019\u00e9poque. Il est possible que ce param\u00e8tre ait pes\u00e9, parmi d\u2019autres, dans la d\u00e9cision de Pierre Boulez de la retirer de son catalogue, mais cette d\u00e9cision a \u00e9t\u00e9 prise avec, durant une grande partie de sa vie, l\u2019id\u00e9e d\u2019y revenir, de la retravailler, comme il l\u2019a fait pour nombre de ses \u0153uvres. Cela ne s\u2019est finalement jamais produit. Il n\u2019emp\u00eache que dans cette \u0153uvre transpire toute sa musique future et, s\u2019il ne l\u2019a pas retravaill\u00e9e en tant que telle, il est \u00e9vident que son \u00e9criture a nourri ses partitions ult\u00e9rieures.<\/span><\/p>\n<p><img loading=\"lazy\" decoding=\"async\" class=\"aligncenter wp-image-28544\" src=\"http:\/\/www.ensembleintercontemporain.com\/content\/uploads\/2025\/03\/boulez-polyphonie-x-00-po-13-copie-1024x724.jpg\" alt=\"\" width=\"852\" height=\"603\" srcset=\"https:\/\/www.ensembleintercontemporain.com\/content\/uploads\/2025\/03\/boulez-polyphonie-x-00-po-13-copie-1024x724.jpg 1024w, https:\/\/www.ensembleintercontemporain.com\/content\/uploads\/2025\/03\/boulez-polyphonie-x-00-po-13-copie-300x212.jpg 300w, https:\/\/www.ensembleintercontemporain.com\/content\/uploads\/2025\/03\/boulez-polyphonie-x-00-po-13-copie-768x543.jpg 768w, https:\/\/www.ensembleintercontemporain.com\/content\/uploads\/2025\/03\/boulez-polyphonie-x-00-po-13-copie-1536x1086.jpg 1536w, https:\/\/www.ensembleintercontemporain.com\/content\/uploads\/2025\/03\/boulez-polyphonie-x-00-po-13-copie-2048x1448.jpg 2048w\" sizes=\"auto, (max-width: 852px) 100vw, 852px\" \/><\/p>\n<p style=\"text-align: center;\"><span style=\"font-size: 14pt;\"><span style=\"font-size: 12pt;\">\u00a0 \u00a0 \u00a0 \u00a0 \u00a0 \u00a0 Extrait d&#8217;une page de la partition de <em>Polyphonie X\u00a0<\/em><\/span><\/span><\/p>\n<p><span style=\"font-size: 14pt;\">\u00c9tant donn\u00e9 ce retrait, la programmation de cette \u0153uvre dans le cadre d\u2019un concert ordinaire peut l\u00e9gitimement susciter des interrogations. Pour autant, ce n\u2019est pas ici un simple concert, et nous ne nous contentons pas de simplement reprendre la pi\u00e8ce : ce que nous r\u00e9alisons ici avec Claude Abromont est bien un atelier o\u00f9 nous entrerons avec le musicologue dans les arcanes de l\u2019\u0153uvre. Nous \u00e9taierons sa pr\u00e9sentation par des exemples sonores jou\u00e9s en direct par l\u2019Ensemble intercontemporain et moi-m\u00eame. Nous terminerons \u00e9videmment en jouant l\u2019\u0153uvre dans son int\u00e9gralit\u00e9. Nous sommes donc ici dans un cadre musicologique et historique, tout autant que musical, au sein duquel la programmation de <em>Polyphonie X<\/em> se con\u00e7oit pleinement. Elle constitue m\u00eame un \u00e9v\u00e9nement exceptionnel puisque nous proposons \u00e0 notre public l\u2019acc\u00e8s \u00e0 cette \u0153uvre m\u00e9connue du compositeur, en esp\u00e9rant convaincre et faire partager l\u2019intensit\u00e9 de l\u2019\u00e9nergie cr\u00e9atrice qui r\u00e9gnait \u00e0 Paris \u00e0 cette \u00e9poque et dont elle porte t\u00e9moignage.<\/span><\/p>\n<p><strong>Quel regard portez-vous vous-m\u00eame sur l\u2019\u0153uvre ?<\/strong><br \/>\n<span style=\"font-size: 14pt;\">Cette partition, \u00e9crite selon la technique du s\u00e9rialisme int\u00e9gral dont on pourrait craindre qu\u2019elle ne donne une \u0153uvre d\u00e9charn\u00e9e, est pourtant du pur Boulez : on y trouve des \u00e9l\u00e9ments d\u2019\u00e9criture qui habitent nombre de ses \u0153uvres futures, y compris les plus tardives. Si le compositeur \u00e9dicte ici des r\u00e8gles strictes, il n\u2019h\u00e9site pas \u00e0 les plier \u00e0 sa convenance, \u00e0 les transgresser, et c\u2019est cette transgression qui donne \u00e0 l\u2019\u0153uvre son attrait et sa finesse.<\/span><br \/>\n<span style=\"font-size: 14pt;\"><em>Polyphonie X<\/em> est constitu\u00e9e de trois parties.<br \/>\n<\/span><span style=\"font-size: 14pt;\">La premi\u00e8re repr\u00e9sente presque la moiti\u00e9 de l\u2019\u0153uvre. Y alternent trois tempos diff\u00e9rents (Mod\u00e9r\u00e9, Vif, et Lent) qui permutent entre eux, ponctu\u00e9s de ralentis et acc\u00e9l\u00e9r\u00e9s conf\u00e9rant \u00e0 ce mouvement une certaine souplesse, une respiration. Plus courte, la seconde partie utilise aussi ces trois m\u00eames tempos principaux mais cette fois \u00ab\u00a0nus\u00a0\u00bb pratiquement sans fluctuations ni permutations. On va et on vient de l\u2019un \u00e0 l\u2019autre avec une pr\u00e9dominance des Lent et Mod\u00e9r\u00e9, le tempo Vif n\u2019y repr\u00e9sentant que quatorze mesures. Pierre Boulez emploie ici des liens diff\u00e9rents entre les instruments. Les groupes instrumentaux ne sont plus ceux du premier mouvement, mais il conserve cependant la m\u00eame organisation des instruments sur la partition, et nous conservons donc, naturellement, la m\u00eame organisation des instruments sur sc\u00e8ne.<\/span><br \/>\n<span style=\"font-size: 14pt;\">La troisi\u00e8me partie suit le seul tempo Vif. Bien que restant graphiquement fid\u00e8le aux identit\u00e9s des groupes d\u2019instruments du premier mouvement, la partition croise les liens entre instruments dans des maillages encore diff\u00e9rents de ceux des premier et second mouvements. Ce sont, entre autres, ces liens que symbolise dans le titre la lettre \u00ab\u00a0X\u00a0\u00bb. Si l\u2019on doit dire \u00ab\u00a0Polyphonie X\u00a0\u00bb (la lettre X) et non pas \u00ab\u00a0Polyphonie 10\u00a0\u00bb, on pourrait aussi dire \u00ab\u00a0Polyphonie crois\u00e9e\u00a0\u00bb me rappelait Claude Abromont au cours d\u2019une r\u00e9cente conversation \u00e0 propos de l\u2019\u0153uvre.<\/span><\/p>\n<p>&nbsp;<\/p>\n<p><strong><span style=\"color: #003366;\"><span style=\"caret-color: #003366;\">D\u00e9couvrir<\/span><\/span><em><span style=\"color: #003366; font-size: medium;\">\u00a0Polyphonie X<\/span><\/em><span style=\"color: #003366; font-size: medium;\"> de Pierre Boulez\u00a0<\/span><\/strong><\/p>\n<p><iframe loading=\"lazy\" title=\"YouTube video player\" src=\"https:\/\/www.youtube.com\/embed\/cQqLp9IwHWk?si=VkeF0WxcQ5WlEHnM\" width=\"560\" height=\"315\" frameborder=\"0\" allowfullscreen=\"allowfullscreen\"><\/iframe><\/p>\n<p>Photo \u00a9 Ralf Brunner<\/p>\n","protected":false},"excerpt":{"rendered":"<p>Le 26 mars prochain, \u00e0 la Philharmonie de Paris, au cours d\u2019un concert-conf\u00e9rence en dialogue avec le musicologue Claude Abromont, Pierre-Andr\u00e9 Valade dirigera &#8220;Polyphonie X&#8221;, \u0153uvre de jeunesse de Pierre Boulez. Il \u00e9voque pour nous les enjeux de cette red\u00e9couverte\u2026<\/p>\n","protected":false},"author":5,"featured_media":28619,"comment_status":"closed","ping_status":"closed","sticky":false,"template":"","format":"standard","meta":{"_acf_changed":false,"footnotes":""},"categories":[1380,4],"tags":[],"class_list":["post-28540","post","type-post","status-publish","format-standard","has-post-thumbnail","hentry","category-boulez-100","category-entretiens","concert-polyphonie-x"],"acf":[],"yoast_head":"<!-- This site is optimized with the Yoast SEO plugin v27.5 - https:\/\/yoast.com\/product\/yoast-seo-wordpress\/ -->\n<title>Valeur de X. Entretien avec Pierre-Andr\u00e9 Valade, chef d&#039;orchestre. - Ensemble intercontemporain<\/title>\n<meta name=\"robots\" content=\"index, follow, max-snippet:-1, max-image-preview:large, max-video-preview:-1\" \/>\n<link rel=\"canonical\" href=\"https:\/\/www.ensembleintercontemporain.com\/en\/2025\/03\/facteur-x-entretien-avec-pierre-andre-valade-chef-dorchestre\/\" \/>\n<meta property=\"og:locale\" content=\"en_US\" \/>\n<meta property=\"og:type\" content=\"article\" \/>\n<meta property=\"og:title\" content=\"Valeur de X. Entretien avec Pierre-Andr\u00e9 Valade, chef d&#039;orchestre. - Ensemble intercontemporain\" \/>\n<meta property=\"og:description\" content=\"Le 26 mars prochain, \u00e0 la Philharmonie de Paris, au cours d\u2019un concert-conf\u00e9rence en dialogue avec le musicologue Claude Abromont, Pierre-Andr\u00e9 Valade dirigera &quot;Polyphonie X&quot;, \u0153uvre de jeunesse de Pierre Boulez. Il \u00e9voque pour nous les enjeux de cette red\u00e9couverte\u2026\" \/>\n<meta property=\"og:url\" content=\"https:\/\/www.ensembleintercontemporain.com\/en\/2025\/03\/facteur-x-entretien-avec-pierre-andre-valade-chef-dorchestre\/\" \/>\n<meta property=\"og:site_name\" content=\"Ensemble intercontemporain\" \/>\n<meta property=\"article:published_time\" content=\"2025-03-22T16:00:48+00:00\" \/>\n<meta property=\"article:modified_time\" content=\"2025-03-24T15:32:36+00:00\" \/>\n<meta property=\"og:image\" content=\"https:\/\/www.ensembleintercontemporain.com\/content\/uploads\/2025\/03\/161014-dsmt-konzert-02-baarsporthalle-ralfbrunner-262.jpeg\" \/>\n\t<meta property=\"og:image:width\" content=\"1920\" \/>\n\t<meta property=\"og:image:height\" content=\"1280\" \/>\n\t<meta property=\"og:image:type\" content=\"image\/jpeg\" \/>\n<meta name=\"author\" content=\"J\u00e9remie Szpirglas\" \/>\n<meta name=\"twitter:card\" content=\"summary_large_image\" \/>\n<meta name=\"twitter:label1\" content=\"Written by\" \/>\n\t<meta name=\"twitter:data1\" content=\"J\u00e9remie Szpirglas\" \/>\n\t<meta name=\"twitter:label2\" content=\"Est. reading time\" \/>\n\t<meta name=\"twitter:data2\" content=\"5 minutes\" \/>\n<script type=\"application\/ld+json\" class=\"yoast-schema-graph\">{\"@context\":\"https:\\\/\\\/schema.org\",\"@graph\":[{\"@type\":\"Article\",\"@id\":\"https:\\\/\\\/www.ensembleintercontemporain.com\\\/en\\\/2025\\\/03\\\/facteur-x-entretien-avec-pierre-andre-valade-chef-dorchestre\\\/#article\",\"isPartOf\":{\"@id\":\"https:\\\/\\\/www.ensembleintercontemporain.com\\\/en\\\/2025\\\/03\\\/facteur-x-entretien-avec-pierre-andre-valade-chef-dorchestre\\\/\"},\"author\":{\"name\":\"J\u00e9remie Szpirglas\",\"@id\":\"https:\\\/\\\/www.ensembleintercontemporain.com\\\/en\\\/#\\\/schema\\\/person\\\/439a7dd5cd8a167c34c931d7cc900214\"},\"headline\":\"Valeur de X. Entretien avec Pierre-Andr\u00e9 Valade, chef d&#8217;orchestre.\",\"datePublished\":\"2025-03-22T16:00:48+00:00\",\"dateModified\":\"2025-03-24T15:32:36+00:00\",\"mainEntityOfPage\":{\"@id\":\"https:\\\/\\\/www.ensembleintercontemporain.com\\\/en\\\/2025\\\/03\\\/facteur-x-entretien-avec-pierre-andre-valade-chef-dorchestre\\\/\"},\"wordCount\":976,\"image\":{\"@id\":\"https:\\\/\\\/www.ensembleintercontemporain.com\\\/en\\\/2025\\\/03\\\/facteur-x-entretien-avec-pierre-andre-valade-chef-dorchestre\\\/#primaryimage\"},\"thumbnailUrl\":\"https:\\\/\\\/www.ensembleintercontemporain.com\\\/content\\\/uploads\\\/2025\\\/03\\\/161014-dsmt-konzert-02-baarsporthalle-ralfbrunner-262.jpeg\",\"articleSection\":[\"Boulez 100\",\"Entretien\"],\"inLanguage\":\"en-US\"},{\"@type\":\"WebPage\",\"@id\":\"https:\\\/\\\/www.ensembleintercontemporain.com\\\/en\\\/2025\\\/03\\\/facteur-x-entretien-avec-pierre-andre-valade-chef-dorchestre\\\/\",\"url\":\"https:\\\/\\\/www.ensembleintercontemporain.com\\\/en\\\/2025\\\/03\\\/facteur-x-entretien-avec-pierre-andre-valade-chef-dorchestre\\\/\",\"name\":\"Valeur de X. Entretien avec Pierre-Andr\u00e9 Valade, chef d'orchestre. - Ensemble intercontemporain\",\"isPartOf\":{\"@id\":\"https:\\\/\\\/www.ensembleintercontemporain.com\\\/en\\\/#website\"},\"primaryImageOfPage\":{\"@id\":\"https:\\\/\\\/www.ensembleintercontemporain.com\\\/en\\\/2025\\\/03\\\/facteur-x-entretien-avec-pierre-andre-valade-chef-dorchestre\\\/#primaryimage\"},\"image\":{\"@id\":\"https:\\\/\\\/www.ensembleintercontemporain.com\\\/en\\\/2025\\\/03\\\/facteur-x-entretien-avec-pierre-andre-valade-chef-dorchestre\\\/#primaryimage\"},\"thumbnailUrl\":\"https:\\\/\\\/www.ensembleintercontemporain.com\\\/content\\\/uploads\\\/2025\\\/03\\\/161014-dsmt-konzert-02-baarsporthalle-ralfbrunner-262.jpeg\",\"datePublished\":\"2025-03-22T16:00:48+00:00\",\"dateModified\":\"2025-03-24T15:32:36+00:00\",\"author\":{\"@id\":\"https:\\\/\\\/www.ensembleintercontemporain.com\\\/en\\\/#\\\/schema\\\/person\\\/439a7dd5cd8a167c34c931d7cc900214\"},\"breadcrumb\":{\"@id\":\"https:\\\/\\\/www.ensembleintercontemporain.com\\\/en\\\/2025\\\/03\\\/facteur-x-entretien-avec-pierre-andre-valade-chef-dorchestre\\\/#breadcrumb\"},\"inLanguage\":\"en-US\",\"potentialAction\":[{\"@type\":\"ReadAction\",\"target\":[\"https:\\\/\\\/www.ensembleintercontemporain.com\\\/en\\\/2025\\\/03\\\/facteur-x-entretien-avec-pierre-andre-valade-chef-dorchestre\\\/\"]}]},{\"@type\":\"ImageObject\",\"inLanguage\":\"en-US\",\"@id\":\"https:\\\/\\\/www.ensembleintercontemporain.com\\\/en\\\/2025\\\/03\\\/facteur-x-entretien-avec-pierre-andre-valade-chef-dorchestre\\\/#primaryimage\",\"url\":\"https:\\\/\\\/www.ensembleintercontemporain.com\\\/content\\\/uploads\\\/2025\\\/03\\\/161014-dsmt-konzert-02-baarsporthalle-ralfbrunner-262.jpeg\",\"contentUrl\":\"https:\\\/\\\/www.ensembleintercontemporain.com\\\/content\\\/uploads\\\/2025\\\/03\\\/161014-dsmt-konzert-02-baarsporthalle-ralfbrunner-262.jpeg\",\"width\":1920,\"height\":1280,\"caption\":\"\"},{\"@type\":\"BreadcrumbList\",\"@id\":\"https:\\\/\\\/www.ensembleintercontemporain.com\\\/en\\\/2025\\\/03\\\/facteur-x-entretien-avec-pierre-andre-valade-chef-dorchestre\\\/#breadcrumb\",\"itemListElement\":[{\"@type\":\"ListItem\",\"position\":1,\"name\":\"Home\",\"item\":\"https:\\\/\\\/www.ensembleintercontemporain.com\\\/en\\\/\"},{\"@type\":\"ListItem\",\"position\":2,\"name\":\"Valeur de X. Entretien avec Pierre-Andr\u00e9 Valade, chef d&#8217;orchestre.\"}]},{\"@type\":\"WebSite\",\"@id\":\"https:\\\/\\\/www.ensembleintercontemporain.com\\\/en\\\/#website\",\"url\":\"https:\\\/\\\/www.ensembleintercontemporain.com\\\/en\\\/\",\"name\":\"Ensemble intercontemporain\",\"description\":\"\",\"potentialAction\":[{\"@type\":\"SearchAction\",\"target\":{\"@type\":\"EntryPoint\",\"urlTemplate\":\"https:\\\/\\\/www.ensembleintercontemporain.com\\\/en\\\/?s={search_term_string}\"},\"query-input\":{\"@type\":\"PropertyValueSpecification\",\"valueRequired\":true,\"valueName\":\"search_term_string\"}}],\"inLanguage\":\"en-US\"},{\"@type\":\"Person\",\"@id\":\"https:\\\/\\\/www.ensembleintercontemporain.com\\\/en\\\/#\\\/schema\\\/person\\\/439a7dd5cd8a167c34c931d7cc900214\",\"name\":\"J\u00e9remie Szpirglas\",\"image\":{\"@type\":\"ImageObject\",\"inLanguage\":\"en-US\",\"@id\":\"https:\\\/\\\/secure.gravatar.com\\\/avatar\\\/51406c8ec861211e1bd97cfab9a482b48101946652a6a78f911670a9a593f3ed?s=96&d=mm&r=g\",\"url\":\"https:\\\/\\\/secure.gravatar.com\\\/avatar\\\/51406c8ec861211e1bd97cfab9a482b48101946652a6a78f911670a9a593f3ed?s=96&d=mm&r=g\",\"contentUrl\":\"https:\\\/\\\/secure.gravatar.com\\\/avatar\\\/51406c8ec861211e1bd97cfab9a482b48101946652a6a78f911670a9a593f3ed?s=96&d=mm&r=g\",\"caption\":\"J\u00e9remie Szpirglas\"},\"url\":\"https:\\\/\\\/www.ensembleintercontemporain.com\\\/en\\\/author\\\/benjamin-szpirglas\\\/\"}]}<\/script>\n<!-- \/ Yoast SEO plugin. -->","yoast_head_json":{"title":"Valeur de X. Entretien avec Pierre-Andr\u00e9 Valade, chef d'orchestre. - Ensemble intercontemporain","robots":{"index":"index","follow":"follow","max-snippet":"max-snippet:-1","max-image-preview":"max-image-preview:large","max-video-preview":"max-video-preview:-1"},"canonical":"https:\/\/www.ensembleintercontemporain.com\/en\/2025\/03\/facteur-x-entretien-avec-pierre-andre-valade-chef-dorchestre\/","og_locale":"en_US","og_type":"article","og_title":"Valeur de X. Entretien avec Pierre-Andr\u00e9 Valade, chef d'orchestre. - Ensemble intercontemporain","og_description":"Le 26 mars prochain, \u00e0 la Philharmonie de Paris, au cours d\u2019un concert-conf\u00e9rence en dialogue avec le musicologue Claude Abromont, Pierre-Andr\u00e9 Valade dirigera \"Polyphonie X\", \u0153uvre de jeunesse de Pierre Boulez. Il \u00e9voque pour nous les enjeux de cette red\u00e9couverte\u2026","og_url":"https:\/\/www.ensembleintercontemporain.com\/en\/2025\/03\/facteur-x-entretien-avec-pierre-andre-valade-chef-dorchestre\/","og_site_name":"Ensemble intercontemporain","article_published_time":"2025-03-22T16:00:48+00:00","article_modified_time":"2025-03-24T15:32:36+00:00","og_image":[{"width":1920,"height":1280,"url":"https:\/\/www.ensembleintercontemporain.com\/content\/uploads\/2025\/03\/161014-dsmt-konzert-02-baarsporthalle-ralfbrunner-262.jpeg","type":"image\/jpeg"}],"author":"J\u00e9remie Szpirglas","twitter_card":"summary_large_image","twitter_misc":{"Written by":"J\u00e9remie Szpirglas","Est. reading time":"5 minutes"},"schema":{"@context":"https:\/\/schema.org","@graph":[{"@type":"Article","@id":"https:\/\/www.ensembleintercontemporain.com\/en\/2025\/03\/facteur-x-entretien-avec-pierre-andre-valade-chef-dorchestre\/#article","isPartOf":{"@id":"https:\/\/www.ensembleintercontemporain.com\/en\/2025\/03\/facteur-x-entretien-avec-pierre-andre-valade-chef-dorchestre\/"},"author":{"name":"J\u00e9remie Szpirglas","@id":"https:\/\/www.ensembleintercontemporain.com\/en\/#\/schema\/person\/439a7dd5cd8a167c34c931d7cc900214"},"headline":"Valeur de X. Entretien avec Pierre-Andr\u00e9 Valade, chef d&#8217;orchestre.","datePublished":"2025-03-22T16:00:48+00:00","dateModified":"2025-03-24T15:32:36+00:00","mainEntityOfPage":{"@id":"https:\/\/www.ensembleintercontemporain.com\/en\/2025\/03\/facteur-x-entretien-avec-pierre-andre-valade-chef-dorchestre\/"},"wordCount":976,"image":{"@id":"https:\/\/www.ensembleintercontemporain.com\/en\/2025\/03\/facteur-x-entretien-avec-pierre-andre-valade-chef-dorchestre\/#primaryimage"},"thumbnailUrl":"https:\/\/www.ensembleintercontemporain.com\/content\/uploads\/2025\/03\/161014-dsmt-konzert-02-baarsporthalle-ralfbrunner-262.jpeg","articleSection":["Boulez 100","Entretien"],"inLanguage":"en-US"},{"@type":"WebPage","@id":"https:\/\/www.ensembleintercontemporain.com\/en\/2025\/03\/facteur-x-entretien-avec-pierre-andre-valade-chef-dorchestre\/","url":"https:\/\/www.ensembleintercontemporain.com\/en\/2025\/03\/facteur-x-entretien-avec-pierre-andre-valade-chef-dorchestre\/","name":"Valeur de X. Entretien avec Pierre-Andr\u00e9 Valade, chef d'orchestre. - Ensemble intercontemporain","isPartOf":{"@id":"https:\/\/www.ensembleintercontemporain.com\/en\/#website"},"primaryImageOfPage":{"@id":"https:\/\/www.ensembleintercontemporain.com\/en\/2025\/03\/facteur-x-entretien-avec-pierre-andre-valade-chef-dorchestre\/#primaryimage"},"image":{"@id":"https:\/\/www.ensembleintercontemporain.com\/en\/2025\/03\/facteur-x-entretien-avec-pierre-andre-valade-chef-dorchestre\/#primaryimage"},"thumbnailUrl":"https:\/\/www.ensembleintercontemporain.com\/content\/uploads\/2025\/03\/161014-dsmt-konzert-02-baarsporthalle-ralfbrunner-262.jpeg","datePublished":"2025-03-22T16:00:48+00:00","dateModified":"2025-03-24T15:32:36+00:00","author":{"@id":"https:\/\/www.ensembleintercontemporain.com\/en\/#\/schema\/person\/439a7dd5cd8a167c34c931d7cc900214"},"breadcrumb":{"@id":"https:\/\/www.ensembleintercontemporain.com\/en\/2025\/03\/facteur-x-entretien-avec-pierre-andre-valade-chef-dorchestre\/#breadcrumb"},"inLanguage":"en-US","potentialAction":[{"@type":"ReadAction","target":["https:\/\/www.ensembleintercontemporain.com\/en\/2025\/03\/facteur-x-entretien-avec-pierre-andre-valade-chef-dorchestre\/"]}]},{"@type":"ImageObject","inLanguage":"en-US","@id":"https:\/\/www.ensembleintercontemporain.com\/en\/2025\/03\/facteur-x-entretien-avec-pierre-andre-valade-chef-dorchestre\/#primaryimage","url":"https:\/\/www.ensembleintercontemporain.com\/content\/uploads\/2025\/03\/161014-dsmt-konzert-02-baarsporthalle-ralfbrunner-262.jpeg","contentUrl":"https:\/\/www.ensembleintercontemporain.com\/content\/uploads\/2025\/03\/161014-dsmt-konzert-02-baarsporthalle-ralfbrunner-262.jpeg","width":1920,"height":1280,"caption":""},{"@type":"BreadcrumbList","@id":"https:\/\/www.ensembleintercontemporain.com\/en\/2025\/03\/facteur-x-entretien-avec-pierre-andre-valade-chef-dorchestre\/#breadcrumb","itemListElement":[{"@type":"ListItem","position":1,"name":"Home","item":"https:\/\/www.ensembleintercontemporain.com\/en\/"},{"@type":"ListItem","position":2,"name":"Valeur de X. Entretien avec Pierre-Andr\u00e9 Valade, chef d&#8217;orchestre."}]},{"@type":"WebSite","@id":"https:\/\/www.ensembleintercontemporain.com\/en\/#website","url":"https:\/\/www.ensembleintercontemporain.com\/en\/","name":"Ensemble intercontemporain","description":"","potentialAction":[{"@type":"SearchAction","target":{"@type":"EntryPoint","urlTemplate":"https:\/\/www.ensembleintercontemporain.com\/en\/?s={search_term_string}"},"query-input":{"@type":"PropertyValueSpecification","valueRequired":true,"valueName":"search_term_string"}}],"inLanguage":"en-US"},{"@type":"Person","@id":"https:\/\/www.ensembleintercontemporain.com\/en\/#\/schema\/person\/439a7dd5cd8a167c34c931d7cc900214","name":"J\u00e9remie Szpirglas","image":{"@type":"ImageObject","inLanguage":"en-US","@id":"https:\/\/secure.gravatar.com\/avatar\/51406c8ec861211e1bd97cfab9a482b48101946652a6a78f911670a9a593f3ed?s=96&d=mm&r=g","url":"https:\/\/secure.gravatar.com\/avatar\/51406c8ec861211e1bd97cfab9a482b48101946652a6a78f911670a9a593f3ed?s=96&d=mm&r=g","contentUrl":"https:\/\/secure.gravatar.com\/avatar\/51406c8ec861211e1bd97cfab9a482b48101946652a6a78f911670a9a593f3ed?s=96&d=mm&r=g","caption":"J\u00e9remie Szpirglas"},"url":"https:\/\/www.ensembleintercontemporain.com\/en\/author\/benjamin-szpirglas\/"}]}},"_links":{"self":[{"href":"https:\/\/www.ensembleintercontemporain.com\/en\/wp-json\/wp\/v2\/posts\/28540\/"}],"collection":[{"href":"https:\/\/www.ensembleintercontemporain.com\/en\/wp-json\/wp\/v2\/posts\/"}],"about":[{"href":"https:\/\/www.ensembleintercontemporain.com\/en\/wp-json\/wp\/v2\/types\/post\/"}],"author":[{"embeddable":true,"href":"https:\/\/www.ensembleintercontemporain.com\/en\/wp-json\/wp\/v2\/users\/5\/"}],"replies":[{"embeddable":true,"href":"https:\/\/www.ensembleintercontemporain.com\/en\/wp-json\/wp\/v2\/comments\/?post=28540"}],"version-history":[{"count":16,"href":"https:\/\/www.ensembleintercontemporain.com\/en\/wp-json\/wp\/v2\/posts\/28540\/revisions\/"}],"predecessor-version":[{"id":28666,"href":"https:\/\/www.ensembleintercontemporain.com\/en\/wp-json\/wp\/v2\/posts\/28540\/revisions\/28666\/"}],"wp:featuredmedia":[{"embeddable":true,"href":"https:\/\/www.ensembleintercontemporain.com\/en\/wp-json\/wp\/v2\/media\/28619\/"}],"wp:attachment":[{"href":"https:\/\/www.ensembleintercontemporain.com\/en\/wp-json\/wp\/v2\/media\/?parent=28540"}],"wp:term":[{"taxonomy":"category","embeddable":true,"href":"https:\/\/www.ensembleintercontemporain.com\/en\/wp-json\/wp\/v2\/categories\/?post=28540"},{"taxonomy":"post_tag","embeddable":true,"href":"https:\/\/www.ensembleintercontemporain.com\/en\/wp-json\/wp\/v2\/tags\/?post=28540"}],"curies":[{"name":"wp","href":"https:\/\/api.w.org\/{rel}","templated":true}]}}