{"id":28321,"date":"2025-02-11T12:49:02","date_gmt":"2025-02-11T11:49:02","guid":{"rendered":"https:\/\/www.ensembleintercontemporain.com\/?p=28321"},"modified":"2025-02-11T12:54:04","modified_gmt":"2025-02-11T11:54:04","slug":"jeanne-maugrenier-aller-plus-haut","status":"publish","type":"post","link":"https:\/\/www.ensembleintercontemporain.com\/en\/2025\/02\/jeanne-maugrenier-aller-plus-haut\/","title":{"rendered":"Jeanne Maugrenier : aller plus haut."},"content":{"rendered":"<p><span style=\"font-size: 14pt;\"><img loading=\"lazy\" decoding=\"async\" class=\"aligncenter size-full wp-image-28323\" src=\"http:\/\/www.ensembleintercontemporain.com\/content\/uploads\/2025\/02\/jmaugrenier-eic-fferville-08.jpg\" alt=\"\" width=\"1920\" height=\"1426\" srcset=\"https:\/\/www.ensembleintercontemporain.com\/content\/uploads\/2025\/02\/jmaugrenier-eic-fferville-08.jpg 1920w, https:\/\/www.ensembleintercontemporain.com\/content\/uploads\/2025\/02\/jmaugrenier-eic-fferville-08-300x223.jpg 300w, https:\/\/www.ensembleintercontemporain.com\/content\/uploads\/2025\/02\/jmaugrenier-eic-fferville-08-1024x761.jpg 1024w, https:\/\/www.ensembleintercontemporain.com\/content\/uploads\/2025\/02\/jmaugrenier-eic-fferville-08-768x570.jpg 768w, https:\/\/www.ensembleintercontemporain.com\/content\/uploads\/2025\/02\/jmaugrenier-eic-fferville-08-1536x1141.jpg 1536w\" sizes=\"auto, (max-width: 1920px) 100vw, 1920px\" \/><\/span><\/p>\n<p><span style=\"color: #003366;\"><strong><span style=\"font-size: 18pt;\">T<\/span>oujours plus haut, telle pourrait \u00eatre la devise de Jeanne Maugrenier, corniste \u00e0 l\u2019Ensemble intercontemporain depuis quelques mois, et qui aime autant le cor&#8230; que l&#8217;escalade ! Portrait d&#8217;une musicienne aux multiples talents.\u00a0<\/strong><\/span><\/p>\n<p><span style=\"font-size: 14pt;\">Le cor est arriv\u00e9 par hasard dans la vie de Jeanne Maugrenier. \u00ab Je faisais le tour des classes dans le conservatoire o\u00f9 ma m\u00e8re donnait des cours. Je suis entr\u00e9e dans la salle du cor et l\u2019instrument m\u2019a plu ! \u00bb. Jeune fille, elle d\u00e9couvre alors un instrument \u00e0 cuivre complexe mais d\u2019une fascinante versatilit\u00e9 : \u00ab Le cor poss\u00e8de tellement de r\u00f4les diff\u00e9rents \u00e0 l\u2019orchestre. Nous avons un grand r\u00e9pertoire soliste mais aussi de chambriste car le son chaleureux du cor a la chance de se marier aux autres instruments \u00bb<\/span><\/p>\n<p><span style=\"font-size: 14pt;\">Ce go\u00fbt de la difficult\u00e9 n\u2019est pas sans d\u00e9plaire \u00e0 la nouvelle recrue de l\u2019Ensemble intercontemporain. De fait, Jeanne Maugrenier rentre tout juste d\u2019une s\u00e9ance d\u2019escalade. \u00ab J\u2019en fais depuis que je suis petite. Je pratique le bloc : je monte des parois de faible hauteur qui sont surtout techniques. Il y a un c\u00f4t\u00e9 ludique : il faut v\u00e9rifier les bons mouvements et trouver les prises o\u00f9 s\u2019appuyer pour avancer plus loin \u00bb. Dans la journ\u00e9e, la musicienne poursuivra ses efforts. Une montagne de partitions l\u2019attend en effet sur son pupitre : \u00ab Je travaille les prochains programmes de l\u2019Ensemble : <em>Foxtrot Delirium<\/em> de Martin Matalon, deux pi\u00e8ces d\u2019Unsuk Chin que nous enregistrons bient\u00f4t, suivies d\u2019<em>Assonance IV b<\/em> pour cor seul de Michael Jarrell en mars.<br \/>\nQuand on se retrouve face \u00e0 de telles \u0153uvres, il y a l\u2019envie de se surpasser. La musique contemporaine pousse \u00e0 d\u00e9couvrir de nouvelles sonorit\u00e9s et chercher des nouveaux jeux instrumentaux pour coller au d\u00e9sir du compositeur et surmonter les difficult\u00e9s techniques de l\u2019\u00e9criture \u00bb.<\/span><\/p>\n<p><img loading=\"lazy\" decoding=\"async\" class=\"aligncenter wp-image-28325\" src=\"http:\/\/www.ensembleintercontemporain.com\/content\/uploads\/2025\/02\/eic-portrait-clara-iannotta-octobre2024-photographe-quentin-chevrier-41.jpg\" alt=\"\" width=\"792\" height=\"528\" srcset=\"https:\/\/www.ensembleintercontemporain.com\/content\/uploads\/2025\/02\/eic-portrait-clara-iannotta-octobre2024-photographe-quentin-chevrier-41.jpg 1920w, https:\/\/www.ensembleintercontemporain.com\/content\/uploads\/2025\/02\/eic-portrait-clara-iannotta-octobre2024-photographe-quentin-chevrier-41-300x200.jpg 300w, https:\/\/www.ensembleintercontemporain.com\/content\/uploads\/2025\/02\/eic-portrait-clara-iannotta-octobre2024-photographe-quentin-chevrier-41-1024x683.jpg 1024w, https:\/\/www.ensembleintercontemporain.com\/content\/uploads\/2025\/02\/eic-portrait-clara-iannotta-octobre2024-photographe-quentin-chevrier-41-768x512.jpg 768w, https:\/\/www.ensembleintercontemporain.com\/content\/uploads\/2025\/02\/eic-portrait-clara-iannotta-octobre2024-photographe-quentin-chevrier-41-1536x1025.jpg 1536w\" sizes=\"auto, (max-width: 792px) 100vw, 792px\" \/><\/p>\n<p><span style=\"font-size: 14pt;\">Jeanne a rejoint l\u2019Ensemble en septembre 2024 et reste concentr\u00e9e, comme une sportive de haut niveau. De Nevers o\u00f9 elle grandit, elle part \u00e9tudier \u00e0 Paris, Lyon, Leipzig puis Gen\u00e8ve. \u00c0 24 ans, elle devient la premi\u00e8re femme \u00e0 int\u00e9grer le pupitre de cuivres de l\u2019Orchestre de l\u2019Op\u00e9ra de Paris : \u00ab J\u2019adore le lyrique ! Comme nous donnons plusieurs repr\u00e9sentations, on finit par conna\u00eetre l\u2019\u0153uvre par c\u0153ur, ce qui permet de nous perfectionner \u00bb. Ce soin et cette minutie, elle les retrouve au sein de l&#8217;Ensemble : \u00ab Se familiariser avec une partition d\u2019aujourd\u2019hui r\u00e9clame du temps, mais ce qui est fou avec ce r\u00e9pertoire, c\u2019est qu\u2019ensuite tout coule de source \u00bb. Plus que jamais, la corniste rel\u00e8ve de nouveaux d\u00e9fis : \u00ab J\u2019ai toujours aim\u00e9 la cr\u00e9ation contemporaine. \u00c0 Lyon o\u00f9 j\u2019\u00e9tudiais, on jouait souvent des \u0153uvres de l\u2019ancien directeur du conservatoire Gilbert Amy. Je garde \u00e9galement un merveilleux souvenir de l\u2019Acad\u00e9mie du Festival de Lucerne. <\/span><em style=\"font-size: 14pt;\">Inori<\/em><span style=\"font-size: 14pt;\"> de Stockhausen fut un immense choc pour moi \u00bb.<\/span><\/p>\n<p><span style=\"font-size: 14pt;\">Int\u00e9grer l\u2019Ensemble intercontemporain constituait une \u00e9vidence. L\u2019envie de participer \u00e0 une musique d\u2019aujourd\u2019hui \u00e9crite par des compositeurs et compositrices actuels, collaborer et \u00e9changer avec ces derniers, d\u2019enrichir son r\u00e9pertoire, d\u00e9velopper sa technique instrumentale mais \u00e9galement le d\u00e9sir de travailler avec d\u2019\u00e9minents coll\u00e8gues : \u00ab Le cor solo de l\u2019ensemble, Jean-Christophe Vervoitte est une l\u00e9gende vivante du cor. Avec lui, tout semble si facile et vivant. C\u2019est une chance inou\u00efe que de c\u00f4toyer au quotidien de tels musiciens : l\u2019ambiance \u00e0 l\u2019Ensemble est tr\u00e8s familiale. Il n\u2019y a pas de hi\u00e9rarchie contrairement aux orchestres classiques et l\u2019entraide est spontan\u00e9e \u00bb.<\/span><br \/>\n<span style=\"font-size: 14pt;\">Deux concerts marquent d\u00e9j\u00e0 la saison de Jeanne. En d\u00e9cembre dernier, le Grand Soir Edgard Var\u00e8se \u00e9tait une r\u00e9v\u00e9lation : \u00ab Je connaissais bien s\u00fbr sa musique mais j\u2019ai approfondi son \u0153uvre en lisant sur lui. Var\u00e8se avait cinquante ans d\u2019avance et r\u00e9clamait des ordinateurs qui n\u2019existaient pas \u00e0 son \u00e9poque. Jouer un large panorama de sa musique, des pi\u00e8ces de chambre \u00e0 ses chefs d&#8217;\u0153uvre pour orchestre, \u00e9tait extr\u00eamement enrichissant \u00bb.<br \/>\nLe mois suivant, <em>R\u00e9pons<\/em> de Boulez rev\u00eat la dimension d\u2019un autre Everest : <\/span><span style=\"font-size: 14pt;\">\u00ab Quand j\u2019ai vu la partition, j\u2019ai ressenti de l\u2019inqui\u00e9tude. La pi\u00e8ce demande beaucoup de v\u00e9locit\u00e9 et de virtuosit\u00e9 et l\u2019apprentissage de nouveaux codes musicaux. Mais le concert \u00e0 la Philharmonie de Paris s\u2019est r\u00e9v\u00e9l\u00e9 un moment exceptionnel \u00bb.<\/span><\/p>\n<p><img loading=\"lazy\" decoding=\"async\" class=\"aligncenter size-full wp-image-28327\" src=\"http:\/\/www.ensembleintercontemporain.com\/content\/uploads\/2025\/02\/eic-boulez100ans-janv2025-photographe-quentin-chevrier-23.jpg\" alt=\"\" width=\"1920\" height=\"1280\" srcset=\"https:\/\/www.ensembleintercontemporain.com\/content\/uploads\/2025\/02\/eic-boulez100ans-janv2025-photographe-quentin-chevrier-23.jpg 1920w, https:\/\/www.ensembleintercontemporain.com\/content\/uploads\/2025\/02\/eic-boulez100ans-janv2025-photographe-quentin-chevrier-23-300x200.jpg 300w, https:\/\/www.ensembleintercontemporain.com\/content\/uploads\/2025\/02\/eic-boulez100ans-janv2025-photographe-quentin-chevrier-23-1024x683.jpg 1024w, https:\/\/www.ensembleintercontemporain.com\/content\/uploads\/2025\/02\/eic-boulez100ans-janv2025-photographe-quentin-chevrier-23-768x512.jpg 768w, https:\/\/www.ensembleintercontemporain.com\/content\/uploads\/2025\/02\/eic-boulez100ans-janv2025-photographe-quentin-chevrier-23-1536x1024.jpg 1536w\" sizes=\"auto, (max-width: 1920px) 100vw, 1920px\" \/><br \/>\n<span style=\"font-size: 14pt;\">Ainsi va la soif d\u2019apprendre de Jeanne Maugrenier. Toujours avide de d\u00e9couvertes, la jeune musicienne saisit chaque concert comme une opportunit\u00e9 de s\u2019am\u00e9liorer. Avancer, progresser, exp\u00e9rimenter : Jeanne trouve dans l\u2019Ensemble intercontemporain de quoi assouvir toutes ses curiosit\u00e9s. On songe \u00e0 son amour de l\u2019escalade : trouver les meilleures prises pour avancer plus loin. Sans plan de carri\u00e8re, Jeanne Maugrenier trace son chemin au fur et \u00e0 mesure des rencontres. Elle n\u2019a pas fini d\u2019aller plus haut.<\/span><\/p>\n<hr \/>\n<p><strong>Et pour mieux \u00a0conna\u00eetre Jeanne\u00a0 :\u00a0<\/strong><\/p>\n<p><img loading=\"lazy\" decoding=\"async\" class=\"aligncenter wp-image-28354\" src=\"http:\/\/www.ensembleintercontemporain.com\/content\/uploads\/2025\/02\/20250123-dsc04583-emergencesanne-elise-grosbois-scaled.jpg\" alt=\"\" width=\"525\" height=\"350\" srcset=\"https:\/\/www.ensembleintercontemporain.com\/content\/uploads\/2025\/02\/20250123-dsc04583-emergencesanne-elise-grosbois-scaled.jpg 2560w, https:\/\/www.ensembleintercontemporain.com\/content\/uploads\/2025\/02\/20250123-dsc04583-emergencesanne-elise-grosbois-300x200.jpg 300w, https:\/\/www.ensembleintercontemporain.com\/content\/uploads\/2025\/02\/20250123-dsc04583-emergencesanne-elise-grosbois-1024x683.jpg 1024w, https:\/\/www.ensembleintercontemporain.com\/content\/uploads\/2025\/02\/20250123-dsc04583-emergencesanne-elise-grosbois-768x512.jpg 768w, https:\/\/www.ensembleintercontemporain.com\/content\/uploads\/2025\/02\/20250123-dsc04583-emergencesanne-elise-grosbois-1536x1024.jpg 1536w, https:\/\/www.ensembleintercontemporain.com\/content\/uploads\/2025\/02\/20250123-dsc04583-emergencesanne-elise-grosbois-2048x1365.jpg 2048w\" sizes=\"auto, (max-width: 525px) 100vw, 525px\" \/><\/p>\n<p><strong>Deux livres de chevet ?<\/strong><\/p>\n<p><span style=\"font-size: 14pt;\">\u00ab J\u2019adore lire ! J\u2019ai souvent un livre sous la main et toujours \u00e9norm\u00e9ment d\u2019envies de lecture. Si je n\u2019\u00e9tais pas musicienne, je serais volontiers devenue libraire ou documentaliste dans une biblioth\u00e8que.\u00bb<\/span><\/p>\n<p><strong><span style=\"font-size: 12pt;\"><em><img loading=\"lazy\" decoding=\"async\" class=\"alignleft wp-image-28329 \" src=\"http:\/\/www.ensembleintercontemporain.com\/content\/uploads\/2025\/02\/steinbeck-182x300.jpg\" alt=\"\" width=\"133\" height=\"220\" srcset=\"https:\/\/www.ensembleintercontemporain.com\/content\/uploads\/2025\/02\/steinbeck-182x300.jpg 182w, https:\/\/www.ensembleintercontemporain.com\/content\/uploads\/2025\/02\/steinbeck.jpg 300w\" sizes=\"auto, (max-width: 133px) 100vw, 133px\" \/><\/em><\/span><\/strong><\/p>\n<p style=\"text-align: left;\"><strong><span style=\"font-size: 12pt;\"><em>Les Raisins de la col\u00e8re<\/em> de John Steinbeck<br \/>\n<\/span><\/strong><span style=\"font-size: 14pt;\">Un livre fondamental pour moi. Outre la dimension sociale, l&#8217;ouvrage \u00e9voque des th\u00e8mes tr\u00e8s importants comme l\u2019exode rural et l\u2019industrialisation des campagnes. Mais ce qui m\u2019impressionne le plus chez Steinbeck est sa capacit\u00e9 \u00e0 brosser des personnages profonds et complexes. Jamais de manich\u00e9isme chez lui : son \u00e9criture montre ce qu\u2019il y a de beau et de laid dans chacun. L\u2019humanit\u00e9 de ce livre me bouleverse.<\/span><\/p>\n<hr \/>\n<p style=\"text-align: left;\"><strong><img loading=\"lazy\" decoding=\"async\" class=\"alignleft wp-image-28331\" src=\"http:\/\/www.ensembleintercontemporain.com\/content\/uploads\/2025\/02\/furtifs.jpg\" alt=\"\" width=\"198\" height=\"326\" srcset=\"https:\/\/www.ensembleintercontemporain.com\/content\/uploads\/2025\/02\/furtifs.jpg 300w, https:\/\/www.ensembleintercontemporain.com\/content\/uploads\/2025\/02\/furtifs-182x300.jpg 182w\" sizes=\"auto, (max-width: 198px) 100vw, 198px\" \/><\/strong><\/p>\n<p><strong><em>Les Furtifs<\/em> d\u2019Alain Damasio<\/strong><br \/>\n<span style=\"font-size: 14pt;\">Alain Damasio est un visionnaire. Certes, il brosse une image sombre et inqui\u00e9tante du futur. Ses livres permettent de mieux comprendre les probl\u00e9matiques politiques et \u00e9cologiques, mais j\u2019appr\u00e9cie \u00e9galement l\u2019optimisme qui se d\u00e9gage de ses textes. Dans Les Furtifs, par exemple, on sent la force du collectif et l\u2019envie de construire en commun. Damasio nous met en garde des dangers mais d\u00e9livre un message de fraternit\u00e9.<\/span><\/p>\n<hr \/>\n<p><strong>Une adresse que vous aimez tout particuli\u00e8rement \u00e0 Paris ?<br \/>\n<\/strong><span style=\"font-size: 14pt;\">Chez Emma Duv\u00e9r\u00e9, dans le onzi\u00e8me arrondissement. Une p\u00e2tisserie \u00e9co-responsable et salon de th\u00e9 de quartier que j\u2019appr\u00e9cie beaucoup pour sa convivialit\u00e9. L\u2019endroit est tenu par deux femmes qui privil\u00e9gient les produits sains et les circuits courts. La cuisine est simple et on s\u2019y sent bien !<\/span><\/p>\n<p><span style=\"font-size: 14pt;\"><img loading=\"lazy\" decoding=\"async\" class=\"aligncenter size-full wp-image-28333\" src=\"http:\/\/www.ensembleintercontemporain.com\/content\/uploads\/2025\/02\/emmaduvere.jpg\" alt=\"\" width=\"1280\" height=\"720\" srcset=\"https:\/\/www.ensembleintercontemporain.com\/content\/uploads\/2025\/02\/emmaduvere.jpg 1280w, https:\/\/www.ensembleintercontemporain.com\/content\/uploads\/2025\/02\/emmaduvere-300x169.jpg 300w, https:\/\/www.ensembleintercontemporain.com\/content\/uploads\/2025\/02\/emmaduvere-1024x576.jpg 1024w, https:\/\/www.ensembleintercontemporain.com\/content\/uploads\/2025\/02\/emmaduvere-768x432.jpg 768w\" sizes=\"auto, (max-width: 1280px) 100vw, 1280px\" \/><br \/>\n<\/span><\/p>\n<p><span style=\"font-size: 10pt;\">Photos (de haut en bas) : portrait \u00a9 Franck Ferville \/ Jeanne Maugrenier puis <em>R\u00e9pons<\/em> \u00a9 Quentin Chevrier \/ Jeanne \u00a9 Anne-Elise Grosbois \/ DR<\/span><\/p>\n","protected":false},"excerpt":{"rendered":"<p>Toujours plus haut, telle pourrait \u00eatre la devise de Jeanne Maugrenier, corniste \u00e0 l\u2019Ensemble intercontemporain depuis quelques mois, et qui aime autant le cor&#8230; que l&#8217;escalade ! Portrait d&#8217;une musicienne aux multiples talents.\u00a0<\/p>\n","protected":false},"author":162,"featured_media":28323,"comment_status":"closed","ping_status":"closed","sticky":false,"template":"","format":"standard","meta":{"_acf_changed":false,"footnotes":""},"categories":[6],"tags":[],"class_list":["post-28321","post","type-post","status-publish","format-standard","has-post-thumbnail","hentry","category-portrait"],"acf":[],"yoast_head":"<!-- This site is optimized with the Yoast SEO plugin v27.5 - https:\/\/yoast.com\/product\/yoast-seo-wordpress\/ -->\n<title>Jeanne Maugrenier : aller plus haut. - Ensemble intercontemporain<\/title>\n<meta name=\"robots\" content=\"index, follow, max-snippet:-1, max-image-preview:large, max-video-preview:-1\" \/>\n<link rel=\"canonical\" href=\"https:\/\/www.ensembleintercontemporain.com\/en\/2025\/02\/jeanne-maugrenier-aller-plus-haut\/\" \/>\n<meta property=\"og:locale\" content=\"en_US\" \/>\n<meta property=\"og:type\" content=\"article\" \/>\n<meta property=\"og:title\" content=\"Jeanne Maugrenier : aller plus haut. - Ensemble intercontemporain\" \/>\n<meta property=\"og:description\" content=\"Toujours plus haut, telle pourrait \u00eatre la devise de Jeanne Maugrenier, corniste \u00e0 l\u2019Ensemble intercontemporain depuis quelques mois, et qui aime autant le cor... que l&#039;escalade ! Portrait d&#039;une musicienne aux multiples talents.\u00a0\" \/>\n<meta property=\"og:url\" content=\"https:\/\/www.ensembleintercontemporain.com\/en\/2025\/02\/jeanne-maugrenier-aller-plus-haut\/\" \/>\n<meta property=\"og:site_name\" content=\"Ensemble intercontemporain\" \/>\n<meta property=\"article:published_time\" content=\"2025-02-11T11:49:02+00:00\" \/>\n<meta property=\"article:modified_time\" content=\"2025-02-11T11:54:04+00:00\" \/>\n<meta property=\"og:image\" content=\"https:\/\/www.ensembleintercontemporain.com\/content\/uploads\/2025\/02\/jmaugrenier-eic-fferville-08.jpg\" \/>\n\t<meta property=\"og:image:width\" content=\"1920\" \/>\n\t<meta property=\"og:image:height\" content=\"1426\" \/>\n\t<meta property=\"og:image:type\" content=\"image\/jpeg\" \/>\n<meta name=\"author\" content=\"Laurent Vilarem\" \/>\n<meta name=\"twitter:card\" content=\"summary_large_image\" \/>\n<meta name=\"twitter:label1\" content=\"Written by\" \/>\n\t<meta name=\"twitter:data1\" content=\"Laurent Vilarem\" \/>\n\t<meta name=\"twitter:label2\" content=\"Est. reading time\" \/>\n\t<meta name=\"twitter:data2\" content=\"7 minutes\" \/>\n<script type=\"application\/ld+json\" class=\"yoast-schema-graph\">{\"@context\":\"https:\\\/\\\/schema.org\",\"@graph\":[{\"@type\":\"Article\",\"@id\":\"https:\\\/\\\/www.ensembleintercontemporain.com\\\/en\\\/2025\\\/02\\\/jeanne-maugrenier-aller-plus-haut\\\/#article\",\"isPartOf\":{\"@id\":\"https:\\\/\\\/www.ensembleintercontemporain.com\\\/en\\\/2025\\\/02\\\/jeanne-maugrenier-aller-plus-haut\\\/\"},\"author\":{\"name\":\"Laurent Vilarem\",\"@id\":\"https:\\\/\\\/www.ensembleintercontemporain.com\\\/en\\\/#\\\/schema\\\/person\\\/607ddf8dc59fcaa8499b7c88203300f5\"},\"headline\":\"Jeanne Maugrenier : aller plus haut.\",\"datePublished\":\"2025-02-11T11:49:02+00:00\",\"dateModified\":\"2025-02-11T11:54:04+00:00\",\"mainEntityOfPage\":{\"@id\":\"https:\\\/\\\/www.ensembleintercontemporain.com\\\/en\\\/2025\\\/02\\\/jeanne-maugrenier-aller-plus-haut\\\/\"},\"wordCount\":1127,\"image\":{\"@id\":\"https:\\\/\\\/www.ensembleintercontemporain.com\\\/en\\\/2025\\\/02\\\/jeanne-maugrenier-aller-plus-haut\\\/#primaryimage\"},\"thumbnailUrl\":\"https:\\\/\\\/www.ensembleintercontemporain.com\\\/content\\\/uploads\\\/2025\\\/02\\\/jmaugrenier-eic-fferville-08.jpg\",\"articleSection\":[\"Portrait\"],\"inLanguage\":\"en-US\"},{\"@type\":\"WebPage\",\"@id\":\"https:\\\/\\\/www.ensembleintercontemporain.com\\\/en\\\/2025\\\/02\\\/jeanne-maugrenier-aller-plus-haut\\\/\",\"url\":\"https:\\\/\\\/www.ensembleintercontemporain.com\\\/en\\\/2025\\\/02\\\/jeanne-maugrenier-aller-plus-haut\\\/\",\"name\":\"Jeanne Maugrenier : aller plus haut. - Ensemble intercontemporain\",\"isPartOf\":{\"@id\":\"https:\\\/\\\/www.ensembleintercontemporain.com\\\/en\\\/#website\"},\"primaryImageOfPage\":{\"@id\":\"https:\\\/\\\/www.ensembleintercontemporain.com\\\/en\\\/2025\\\/02\\\/jeanne-maugrenier-aller-plus-haut\\\/#primaryimage\"},\"image\":{\"@id\":\"https:\\\/\\\/www.ensembleintercontemporain.com\\\/en\\\/2025\\\/02\\\/jeanne-maugrenier-aller-plus-haut\\\/#primaryimage\"},\"thumbnailUrl\":\"https:\\\/\\\/www.ensembleintercontemporain.com\\\/content\\\/uploads\\\/2025\\\/02\\\/jmaugrenier-eic-fferville-08.jpg\",\"datePublished\":\"2025-02-11T11:49:02+00:00\",\"dateModified\":\"2025-02-11T11:54:04+00:00\",\"author\":{\"@id\":\"https:\\\/\\\/www.ensembleintercontemporain.com\\\/en\\\/#\\\/schema\\\/person\\\/607ddf8dc59fcaa8499b7c88203300f5\"},\"breadcrumb\":{\"@id\":\"https:\\\/\\\/www.ensembleintercontemporain.com\\\/en\\\/2025\\\/02\\\/jeanne-maugrenier-aller-plus-haut\\\/#breadcrumb\"},\"inLanguage\":\"en-US\",\"potentialAction\":[{\"@type\":\"ReadAction\",\"target\":[\"https:\\\/\\\/www.ensembleintercontemporain.com\\\/en\\\/2025\\\/02\\\/jeanne-maugrenier-aller-plus-haut\\\/\"]}]},{\"@type\":\"ImageObject\",\"inLanguage\":\"en-US\",\"@id\":\"https:\\\/\\\/www.ensembleintercontemporain.com\\\/en\\\/2025\\\/02\\\/jeanne-maugrenier-aller-plus-haut\\\/#primaryimage\",\"url\":\"https:\\\/\\\/www.ensembleintercontemporain.com\\\/content\\\/uploads\\\/2025\\\/02\\\/jmaugrenier-eic-fferville-08.jpg\",\"contentUrl\":\"https:\\\/\\\/www.ensembleintercontemporain.com\\\/content\\\/uploads\\\/2025\\\/02\\\/jmaugrenier-eic-fferville-08.jpg\",\"width\":1920,\"height\":1426},{\"@type\":\"BreadcrumbList\",\"@id\":\"https:\\\/\\\/www.ensembleintercontemporain.com\\\/en\\\/2025\\\/02\\\/jeanne-maugrenier-aller-plus-haut\\\/#breadcrumb\",\"itemListElement\":[{\"@type\":\"ListItem\",\"position\":1,\"name\":\"Home\",\"item\":\"https:\\\/\\\/www.ensembleintercontemporain.com\\\/en\\\/\"},{\"@type\":\"ListItem\",\"position\":2,\"name\":\"Jeanne Maugrenier : aller plus haut.\"}]},{\"@type\":\"WebSite\",\"@id\":\"https:\\\/\\\/www.ensembleintercontemporain.com\\\/en\\\/#website\",\"url\":\"https:\\\/\\\/www.ensembleintercontemporain.com\\\/en\\\/\",\"name\":\"Ensemble intercontemporain\",\"description\":\"\",\"potentialAction\":[{\"@type\":\"SearchAction\",\"target\":{\"@type\":\"EntryPoint\",\"urlTemplate\":\"https:\\\/\\\/www.ensembleintercontemporain.com\\\/en\\\/?s={search_term_string}\"},\"query-input\":{\"@type\":\"PropertyValueSpecification\",\"valueRequired\":true,\"valueName\":\"search_term_string\"}}],\"inLanguage\":\"en-US\"},{\"@type\":\"Person\",\"@id\":\"https:\\\/\\\/www.ensembleintercontemporain.com\\\/en\\\/#\\\/schema\\\/person\\\/607ddf8dc59fcaa8499b7c88203300f5\",\"name\":\"Laurent Vilarem\",\"image\":{\"@type\":\"ImageObject\",\"inLanguage\":\"en-US\",\"@id\":\"https:\\\/\\\/secure.gravatar.com\\\/avatar\\\/ec06ae6c7369a1e91061164d059ca9c63f4b8c9503eb16719baaf2c687b96de4?s=96&d=mm&r=g\",\"url\":\"https:\\\/\\\/secure.gravatar.com\\\/avatar\\\/ec06ae6c7369a1e91061164d059ca9c63f4b8c9503eb16719baaf2c687b96de4?s=96&d=mm&r=g\",\"contentUrl\":\"https:\\\/\\\/secure.gravatar.com\\\/avatar\\\/ec06ae6c7369a1e91061164d059ca9c63f4b8c9503eb16719baaf2c687b96de4?s=96&d=mm&r=g\",\"caption\":\"Laurent Vilarem\"},\"url\":\"https:\\\/\\\/www.ensembleintercontemporain.com\\\/en\\\/author\\\/lvilarem\\\/\"}]}<\/script>\n<!-- \/ Yoast SEO plugin. -->","yoast_head_json":{"title":"Jeanne Maugrenier : aller plus haut. - Ensemble intercontemporain","robots":{"index":"index","follow":"follow","max-snippet":"max-snippet:-1","max-image-preview":"max-image-preview:large","max-video-preview":"max-video-preview:-1"},"canonical":"https:\/\/www.ensembleintercontemporain.com\/en\/2025\/02\/jeanne-maugrenier-aller-plus-haut\/","og_locale":"en_US","og_type":"article","og_title":"Jeanne Maugrenier : aller plus haut. - Ensemble intercontemporain","og_description":"Toujours plus haut, telle pourrait \u00eatre la devise de Jeanne Maugrenier, corniste \u00e0 l\u2019Ensemble intercontemporain depuis quelques mois, et qui aime autant le cor... que l'escalade ! Portrait d'une musicienne aux multiples talents.\u00a0","og_url":"https:\/\/www.ensembleintercontemporain.com\/en\/2025\/02\/jeanne-maugrenier-aller-plus-haut\/","og_site_name":"Ensemble intercontemporain","article_published_time":"2025-02-11T11:49:02+00:00","article_modified_time":"2025-02-11T11:54:04+00:00","og_image":[{"width":1920,"height":1426,"url":"https:\/\/www.ensembleintercontemporain.com\/content\/uploads\/2025\/02\/jmaugrenier-eic-fferville-08.jpg","type":"image\/jpeg"}],"author":"Laurent Vilarem","twitter_card":"summary_large_image","twitter_misc":{"Written by":"Laurent Vilarem","Est. reading time":"7 minutes"},"schema":{"@context":"https:\/\/schema.org","@graph":[{"@type":"Article","@id":"https:\/\/www.ensembleintercontemporain.com\/en\/2025\/02\/jeanne-maugrenier-aller-plus-haut\/#article","isPartOf":{"@id":"https:\/\/www.ensembleintercontemporain.com\/en\/2025\/02\/jeanne-maugrenier-aller-plus-haut\/"},"author":{"name":"Laurent Vilarem","@id":"https:\/\/www.ensembleintercontemporain.com\/en\/#\/schema\/person\/607ddf8dc59fcaa8499b7c88203300f5"},"headline":"Jeanne Maugrenier : aller plus haut.","datePublished":"2025-02-11T11:49:02+00:00","dateModified":"2025-02-11T11:54:04+00:00","mainEntityOfPage":{"@id":"https:\/\/www.ensembleintercontemporain.com\/en\/2025\/02\/jeanne-maugrenier-aller-plus-haut\/"},"wordCount":1127,"image":{"@id":"https:\/\/www.ensembleintercontemporain.com\/en\/2025\/02\/jeanne-maugrenier-aller-plus-haut\/#primaryimage"},"thumbnailUrl":"https:\/\/www.ensembleintercontemporain.com\/content\/uploads\/2025\/02\/jmaugrenier-eic-fferville-08.jpg","articleSection":["Portrait"],"inLanguage":"en-US"},{"@type":"WebPage","@id":"https:\/\/www.ensembleintercontemporain.com\/en\/2025\/02\/jeanne-maugrenier-aller-plus-haut\/","url":"https:\/\/www.ensembleintercontemporain.com\/en\/2025\/02\/jeanne-maugrenier-aller-plus-haut\/","name":"Jeanne Maugrenier : aller plus haut. - Ensemble intercontemporain","isPartOf":{"@id":"https:\/\/www.ensembleintercontemporain.com\/en\/#website"},"primaryImageOfPage":{"@id":"https:\/\/www.ensembleintercontemporain.com\/en\/2025\/02\/jeanne-maugrenier-aller-plus-haut\/#primaryimage"},"image":{"@id":"https:\/\/www.ensembleintercontemporain.com\/en\/2025\/02\/jeanne-maugrenier-aller-plus-haut\/#primaryimage"},"thumbnailUrl":"https:\/\/www.ensembleintercontemporain.com\/content\/uploads\/2025\/02\/jmaugrenier-eic-fferville-08.jpg","datePublished":"2025-02-11T11:49:02+00:00","dateModified":"2025-02-11T11:54:04+00:00","author":{"@id":"https:\/\/www.ensembleintercontemporain.com\/en\/#\/schema\/person\/607ddf8dc59fcaa8499b7c88203300f5"},"breadcrumb":{"@id":"https:\/\/www.ensembleintercontemporain.com\/en\/2025\/02\/jeanne-maugrenier-aller-plus-haut\/#breadcrumb"},"inLanguage":"en-US","potentialAction":[{"@type":"ReadAction","target":["https:\/\/www.ensembleintercontemporain.com\/en\/2025\/02\/jeanne-maugrenier-aller-plus-haut\/"]}]},{"@type":"ImageObject","inLanguage":"en-US","@id":"https:\/\/www.ensembleintercontemporain.com\/en\/2025\/02\/jeanne-maugrenier-aller-plus-haut\/#primaryimage","url":"https:\/\/www.ensembleintercontemporain.com\/content\/uploads\/2025\/02\/jmaugrenier-eic-fferville-08.jpg","contentUrl":"https:\/\/www.ensembleintercontemporain.com\/content\/uploads\/2025\/02\/jmaugrenier-eic-fferville-08.jpg","width":1920,"height":1426},{"@type":"BreadcrumbList","@id":"https:\/\/www.ensembleintercontemporain.com\/en\/2025\/02\/jeanne-maugrenier-aller-plus-haut\/#breadcrumb","itemListElement":[{"@type":"ListItem","position":1,"name":"Home","item":"https:\/\/www.ensembleintercontemporain.com\/en\/"},{"@type":"ListItem","position":2,"name":"Jeanne Maugrenier : aller plus haut."}]},{"@type":"WebSite","@id":"https:\/\/www.ensembleintercontemporain.com\/en\/#website","url":"https:\/\/www.ensembleintercontemporain.com\/en\/","name":"Ensemble intercontemporain","description":"","potentialAction":[{"@type":"SearchAction","target":{"@type":"EntryPoint","urlTemplate":"https:\/\/www.ensembleintercontemporain.com\/en\/?s={search_term_string}"},"query-input":{"@type":"PropertyValueSpecification","valueRequired":true,"valueName":"search_term_string"}}],"inLanguage":"en-US"},{"@type":"Person","@id":"https:\/\/www.ensembleintercontemporain.com\/en\/#\/schema\/person\/607ddf8dc59fcaa8499b7c88203300f5","name":"Laurent Vilarem","image":{"@type":"ImageObject","inLanguage":"en-US","@id":"https:\/\/secure.gravatar.com\/avatar\/ec06ae6c7369a1e91061164d059ca9c63f4b8c9503eb16719baaf2c687b96de4?s=96&d=mm&r=g","url":"https:\/\/secure.gravatar.com\/avatar\/ec06ae6c7369a1e91061164d059ca9c63f4b8c9503eb16719baaf2c687b96de4?s=96&d=mm&r=g","contentUrl":"https:\/\/secure.gravatar.com\/avatar\/ec06ae6c7369a1e91061164d059ca9c63f4b8c9503eb16719baaf2c687b96de4?s=96&d=mm&r=g","caption":"Laurent Vilarem"},"url":"https:\/\/www.ensembleintercontemporain.com\/en\/author\/lvilarem\/"}]}},"_links":{"self":[{"href":"https:\/\/www.ensembleintercontemporain.com\/en\/wp-json\/wp\/v2\/posts\/28321\/"}],"collection":[{"href":"https:\/\/www.ensembleintercontemporain.com\/en\/wp-json\/wp\/v2\/posts\/"}],"about":[{"href":"https:\/\/www.ensembleintercontemporain.com\/en\/wp-json\/wp\/v2\/types\/post\/"}],"author":[{"embeddable":true,"href":"https:\/\/www.ensembleintercontemporain.com\/en\/wp-json\/wp\/v2\/users\/162\/"}],"replies":[{"embeddable":true,"href":"https:\/\/www.ensembleintercontemporain.com\/en\/wp-json\/wp\/v2\/comments\/?post=28321"}],"version-history":[{"count":22,"href":"https:\/\/www.ensembleintercontemporain.com\/en\/wp-json\/wp\/v2\/posts\/28321\/revisions\/"}],"predecessor-version":[{"id":28370,"href":"https:\/\/www.ensembleintercontemporain.com\/en\/wp-json\/wp\/v2\/posts\/28321\/revisions\/28370\/"}],"wp:featuredmedia":[{"embeddable":true,"href":"https:\/\/www.ensembleintercontemporain.com\/en\/wp-json\/wp\/v2\/media\/28323\/"}],"wp:attachment":[{"href":"https:\/\/www.ensembleintercontemporain.com\/en\/wp-json\/wp\/v2\/media\/?parent=28321"}],"wp:term":[{"taxonomy":"category","embeddable":true,"href":"https:\/\/www.ensembleintercontemporain.com\/en\/wp-json\/wp\/v2\/categories\/?post=28321"},{"taxonomy":"post_tag","embeddable":true,"href":"https:\/\/www.ensembleintercontemporain.com\/en\/wp-json\/wp\/v2\/tags\/?post=28321"}],"curies":[{"name":"wp","href":"https:\/\/api.w.org\/{rel}","templated":true}]}}