{"id":28226,"date":"2025-01-22T13:12:54","date_gmt":"2025-01-22T12:12:54","guid":{"rendered":"https:\/\/www.ensembleintercontemporain.com\/?p=28226"},"modified":"2025-01-22T14:48:29","modified_gmt":"2025-01-22T13:48:29","slug":"jeux-un-kaleidoscope-de-couleurs-et-de-sons","status":"publish","type":"post","link":"https:\/\/www.ensembleintercontemporain.com\/en\/2025\/01\/jeux-un-kaleidoscope-de-couleurs-et-de-sons\/","title":{"rendered":"Jeu(x) : un kal\u00e9idoscope de couleurs et de sons"},"content":{"rendered":"<p><img loading=\"lazy\" decoding=\"async\" class=\"aligncenter size-full wp-image-28229\" src=\"http:\/\/www.ensembleintercontemporain.com\/content\/uploads\/2025\/01\/dsc9957-scaled.jpg\" alt=\"\" width=\"2560\" height=\"1707\" srcset=\"https:\/\/www.ensembleintercontemporain.com\/content\/uploads\/2025\/01\/dsc9957-scaled.jpg 2560w, https:\/\/www.ensembleintercontemporain.com\/content\/uploads\/2025\/01\/dsc9957-300x200.jpg 300w, https:\/\/www.ensembleintercontemporain.com\/content\/uploads\/2025\/01\/dsc9957-1024x683.jpg 1024w, https:\/\/www.ensembleintercontemporain.com\/content\/uploads\/2025\/01\/dsc9957-768x512.jpg 768w, https:\/\/www.ensembleintercontemporain.com\/content\/uploads\/2025\/01\/dsc9957-1536x1024.jpg 1536w, https:\/\/www.ensembleintercontemporain.com\/content\/uploads\/2025\/01\/dsc9957-2048x1366.jpg 2048w\" sizes=\"auto, (max-width: 2560px) 100vw, 2560px\" \/><\/p>\n<p><span style=\"color: #003366;\"><strong><span style=\"font-size: 18pt;\">C<\/span>r\u00e9ation \u00e9crite conjointement par Sofia Avramidou, Andy Emler et Fr\u00e9d\u00e9ric Maurin, <em>Jeu(x) <\/em>est&#8230; jou\u00e9e par une formation in\u00e9dite r\u00e9unissant sept musiciens de l\u2019Orchestre National de Jazz (ONJ) et sept solistes de l\u2019Ensemble intercontemporain (EIC), <a href=\"https:\/\/www.ensembleintercontemporain.com\/fr\/concert\/jeux-2025-01-24-20h00-montreuil\/\">le 24 janvier au Conservatoire de Montreuil<\/a>. L&#8217;occasion de faire se rencontrer deux univers, mais aussi des personnalit\u00e9s, aussi distincts que compl\u00e9mentaires, autour d&#8217;un seul et m\u00eame but : jouer !<\/strong><\/span><\/p>\n<p><span style=\"font-size: 14pt;\"><strong>Que vous apporte cette rencontre, musicale et humaine, entre les univers \u00a0jazz et contemporain ?<\/strong><\/span><\/p>\n<p><span style=\"font-size: 14pt;\"><span style=\"font-size: 12pt;\"><strong>Aur\u00e9lien Gignoux (percussionniste EIC)<\/strong> <\/span>: J\u2019\u00e9prouve un grand plaisir \u00e0 m\u00ealer ces deux facettes que j\u2019ai longtemps c\u00f4toy\u00e9es, souvent s\u00e9par\u00e9ment. La grande richesse de cette rencontre tient \u00e9galement dans celle avec les musiciens de l\u2019ONJ, avec qui l\u2019\u00e9change est toujours extr\u00eamement vivant.<\/span><\/p>\n<p><span style=\"font-size: 14pt;\"><strong><span style=\"font-size: 12pt;\">Alain Billard (clarinettiste EIC)<\/span> <\/strong>: Lors de ma formation de clarinettiste au CNSM de Lyon, j\u2019ai eu la chance, avec Catherine Delaunay, d\u2019avoir comme professeur M. Jacques Di Donato, quelqu\u2019un de tr\u00e8s \u00e0 l\u2019aise avec tous les genres de musique, du populaire au classique en passant par le jazz. Ce go\u00fbt et ce savoir ont \u00e9t\u00e9 un atout dans notre formation, et plus d\u2019une trentaine d\u2019ann\u00e9es apr\u00e8s, le retrouver \u00e0 nouveau avec Catherine Delaunay et les autres musiciens de l\u2019ONJ me procure une grande joie.\u00a0<\/span><\/p>\n<p><span style=\"font-size: 14pt;\"><strong><span style=\"font-size: 12pt;\">Catherine Delaunay (clarinettiste ONJ)<\/span> <\/strong>: Je suis convaincue de l\u2019apport des deux langages l\u2019un \u00e0 l\u2019autre, donc de la pertinence musicale de ce projet. Mais c\u2019est avant tout la rencontre avec les merveilleux musiciens de l\u2019EIC qui me rend heureuse ! <\/span><\/p>\n<p><span style=\"font-size: 14pt;\"><span style=\"font-size: 12pt;\"><strong>Rafa\u00ebl Koerner (batteur ONJ)<\/strong><\/span> : Oui, c&#8217;est surtout cette rencontre avec les solistes de l&#8217;EIC, avec qui je n&#8217;avais jamais travaill\u00e9s auparavant et qui sont des musiciens et musiciennes d&#8217;exception, qui m&#8217;apporte \u00e9norm\u00e9ment. Ils ont \u00e0 la fois des comp\u00e9tences instrumentales tr\u00e8s larges et en m\u00eame temps tr\u00e8s sp\u00e9cifiques. Il est passionnant de les \u00e9couter et au vu des morceaux propos\u00e9s, cela m&#8217;am\u00e8ne \u00e0 adopter un caract\u00e8re sonore ou un jeu diff\u00e9rent, pour aller chercher de nouvelles articulations.<\/span><\/p>\n<p class=\"p3\"><span class=\"s1\" style=\"font-size: 14pt;\"><b>Justement, vous arrive-t-il de partager ou d\u2019\u00e9changer quelques techniques de jeu dites <i>jazz <\/i>ou <i>contemporaines<\/i>\u00a0?<\/b><\/span><\/p>\n<p class=\"p3\"><span class=\"s1\"><b>RK<\/b>\u00a0<strong>:<\/strong><span style=\"font-size: 14pt;\"> Oui, c&#8217;est d&#8217;ailleurs ce que j&#8217;ai fait d\u00e8s notre deuxi\u00e8me session de travail, quand j&#8217;ai demand\u00e9 \u00e0 Samuel Favre de me montrer un geste de roulement ultra <i>pianissimo<\/i>\u00a0! J&#8217;ai encore du travail\u2026<\/span><\/span><\/p>\n<p class=\"p3\"><span style=\"font-size: 14pt;\"><span class=\"s1\"><span style=\"font-size: 12pt;\"><b>AG<\/b><\/span>\u00a0<strong>:<\/strong> De mon point de vue, j\u2019ai l\u2019impression que ce partage de techniques se fait dans l\u2019intimit\u00e9 musicale, dans le jeu \u00e0 proprement parler. L\u2019\u00e9coute ouverte et attentive qui r\u00e8gne entre nous tous permet de s\u2019impr\u00e9gner des diff\u00e9rentes personnalit\u00e9s et modes de jeux qui nous caract\u00e9risent. Bien s\u00fbr, au d\u00e9tour d\u2019une r\u00e9p\u00e9tition, on aime \u00e9changer sur quelques aspects musicaux et techniques, parler d\u2019influences musicales ou d&#8217;autres natures, comme <span class=\"Apple-converted-space\">pour toute rencontre entre musiciens.\u00a0<\/span><\/span><\/span><\/p>\n<p class=\"p3\"><span class=\"s1\" style=\"font-size: 14pt;\"><span style=\"font-size: 12pt;\"><b>AB<\/b><strong>\u00a0<\/strong><\/span><strong>:<\/strong> Pour ma part, je me nourris surtout des techniques formelles conceptuelles, de rythmes de tourneries, de \u00ab groove \u00bb ou de \u00ab feeling \u00bb comme l\u2019appellent les musiciens de jazz. Dans la musique contemporaine, au contraire, nous avons une vision assez fixe des effets voulus, indiqu\u00e9s sur la partition d\u2019une mani\u00e8re claire et surtout reproductible. Pour ce projet commun \u00e0 l\u2019ONJ et \u00e0 l\u2019EIC, les deux ensembles arrivent chacun avec leur identit\u00e9 propre, pour mener, comme en musique de chambre, de nombreuses discussions sur l\u2019interpr\u00e9tation de certains modes de jeux ou phras\u00e9s musicaux.<span class=\"Apple-converted-space\">\u00a0<\/span><\/span><\/p>\n<p class=\"p3\"><span class=\"s1\" style=\"font-size: 14pt;\"><b><span style=\"font-size: 12pt;\">CD\u00a0:<\/span> <\/b>Dans mon langage d\u2019improvisation, je vais tr\u00e8s souvent piocher des techniques de jeu dans la musique contemporaine (j\u2019aime particuli\u00e8rement les quarts de ton et les multiphoniques). D\u2019ailleurs, je garde toujours \u00e0 proximit\u00e9 des pi\u00e8ces du r\u00e9pertoire contemporain pour mon travail musical personnel !<\/span><\/p>\n<p><img loading=\"lazy\" decoding=\"async\" class=\"aligncenter size-full wp-image-28250\" src=\"http:\/\/www.ensembleintercontemporain.com\/content\/uploads\/2025\/01\/projet-createur-de-collage-1-e1737543966148.png\" alt=\"\" width=\"1920\" height=\"990\" srcset=\"https:\/\/www.ensembleintercontemporain.com\/content\/uploads\/2025\/01\/projet-createur-de-collage-1-e1737543966148.png 1920w, https:\/\/www.ensembleintercontemporain.com\/content\/uploads\/2025\/01\/projet-createur-de-collage-1-e1737543966148-300x155.png 300w, https:\/\/www.ensembleintercontemporain.com\/content\/uploads\/2025\/01\/projet-createur-de-collage-1-e1737543966148-1024x528.png 1024w, https:\/\/www.ensembleintercontemporain.com\/content\/uploads\/2025\/01\/projet-createur-de-collage-1-e1737543966148-768x396.png 768w, https:\/\/www.ensembleintercontemporain.com\/content\/uploads\/2025\/01\/projet-createur-de-collage-1-e1737543966148-1536x792.png 1536w\" sizes=\"auto, (max-width: 1920px) 100vw, 1920px\" \/><\/p>\n<p class=\"p3\"><span class=\"s1\" style=\"font-size: 14pt;\"><b>Dans l\u2019ensemble, diriez-vous que l\u2019on arrive \u00e0 diff\u00e9rencier\u00a0\u00ab\u00a0qui vient d\u2019o\u00f9\u00a0\u00bb ?\u00a0<\/b><\/span><\/p>\n<p class=\"p3\"><span class=\"s1\" style=\"font-size: 14pt;\"><span style=\"font-size: 12pt;\"><b>RK\u00a0: <\/b><\/span>Il faudrait demander cela au public ! Honn\u00eatement, je crois que oui, dans la fa\u00e7on d&#8217;improviser et de faire sonner nos instruments. C&#8217;est ce qui rend cet \u00e9change int\u00e9ressant, je trouve.<\/span><\/p>\n<p class=\"p3\"><span class=\"s1\" style=\"font-size: 14pt;\"><strong><span style=\"font-size: 12pt;\">AB\u00a0:<\/span><\/strong> Nous arrivons par moment \u00e0 nous confondre, mais aussi \u00e0 faire ressortir nos personnalit\u00e9s sp\u00e9cifiques lors de moments d\u2019improvisation. Le tout est un kal\u00e9idoscope de couleurs et de sons qui nous emm\u00e8ne dans un monde \u00e9clectique, aux inspirations jazz, contemporaines, mais aussi folkloriques diffuses.<span class=\"Apple-converted-space\">\u00a0<\/span><\/span><\/p>\n<p class=\"p3\"><span class=\"s1\" style=\"font-size: 14pt;\"><span style=\"font-size: 12pt;\"><b>AG\u00a0:<\/b><\/span> J\u2019imagine que non, d\u2019une certaine mani\u00e8re, la connexion \u00e9tant assez forte pour que l\u2019\u00e9nergie de groupe surpasse les individualit\u00e9s. Cependant, de petits indices peuvent appara\u00eetre et donner des pistes : reste au public de se pr\u00eater au jeu !<\/span><\/p>\n<p class=\"p3\"><span class=\"s1\" style=\"font-size: 14pt;\"><b>Trois mois apr\u00e8s sa cr\u00e9ation \u00e0 Ch\u00e2lons-en-Champagne, vous reprenez\u00a0<i>Jeu(x)\u00a0<\/i>au Conservatoire de Montreuil. En quoi cette reprise est-elle diff\u00e9rente ? Qu\u2019avez pu, ou voulu, changer ?\u00a0<\/b><\/span><\/p>\n<p class=\"p3\"><span class=\"s1\" style=\"font-size: 14pt;\"><span style=\"font-size: 12pt;\"><b>CD\u00a0: <\/b><\/span>Il me semble que les deux ensembles sont tr\u00e8s souples, tr\u00e8s \u00e0 l\u2019\u00e9coute, donc des diff\u00e9rences seront n\u00e9cessairement perceptibles dans tous les petits moments d\u2019expression libre ou d\u2019improvisation. Par ailleurs, la reprise de la contrebasse par Nicolas Crosse va certainement donner un son diff\u00e9rent. P\u00e8re depuis peu, il avait d\u00fb \u00eatre remplac\u00e9 au pied lev\u00e9 par Sarah Murcia lors de la cr\u00e9ation. Une belle le\u00e7on d\u2019adaptabilit\u00e9 !<\/span><\/p>\n<p class=\"p3\"><span class=\"s1\" style=\"font-size: 14pt;\"><span style=\"font-size: 12pt;\"><b>AB\u00a0:<\/b><\/span> Le temps fait son \u0153uvre, et laisser reposer la pi\u00e8ce permet aux artistes de la penser et de l&#8217;aborder diff\u00e9remment. \u00a0Le plateau de <i>Jeu(x) <\/i>se retrouvera enrichi de ces nouvelles saveurs musicales, et peut-\u00eatre aussi de quelques surprises.<span class=\"Apple-converted-space\">\u00a0<\/span><\/span><\/p>\n<p class=\"p3\"><span class=\"s1\" style=\"font-size: 14pt;\"><span style=\"font-size: 12pt;\"><b>AG\u00a0:<\/b><\/span> La part de l\u2019improvisation dans le concert \u00e9tant centrale, celui-ci prend une nouvelle forme \u00e0 chaque fois que nous le donnons ! Avec deux nouveaux musiciens aux pupitres, j\u2019ai h\u00e2te de retrouver cette \u00e9nergie cr\u00e9atrice.<span class=\"Apple-converted-space\">\u00a0<\/span><\/span><\/p>\n<p><img loading=\"lazy\" decoding=\"async\" class=\"aligncenter wp-image-28254\" src=\"http:\/\/www.ensembleintercontemporain.com\/content\/uploads\/2025\/01\/dsc6838-scaled.jpg\" alt=\"\" width=\"563\" height=\"375\" srcset=\"https:\/\/www.ensembleintercontemporain.com\/content\/uploads\/2025\/01\/dsc6838-scaled.jpg 2560w, https:\/\/www.ensembleintercontemporain.com\/content\/uploads\/2025\/01\/dsc6838-300x200.jpg 300w, https:\/\/www.ensembleintercontemporain.com\/content\/uploads\/2025\/01\/dsc6838-1024x683.jpg 1024w, https:\/\/www.ensembleintercontemporain.com\/content\/uploads\/2025\/01\/dsc6838-768x512.jpg 768w, https:\/\/www.ensembleintercontemporain.com\/content\/uploads\/2025\/01\/dsc6838-1536x1024.jpg 1536w, https:\/\/www.ensembleintercontemporain.com\/content\/uploads\/2025\/01\/dsc6838-2048x1366.jpg 2048w\" sizes=\"auto, (max-width: 563px) 100vw, 563px\" \/><\/p>\n<p class=\"p3\"><span style=\"font-size: 14pt;\"><strong><span class=\"s1\">Y a-t-il une partie de \u00a0cette grande \u0153uvre, composite, que vous pr\u00e9f\u00e9rez, et pourquoi ?\u00a0<\/span><\/strong><\/span><\/p>\n<p class=\"p3\"><span class=\"s1\" style=\"font-size: 14pt;\"><strong><span style=\"font-size: 12pt;\">RK\u00a0:<\/span><\/strong> Le concert a vraiment \u00e9t\u00e9 con\u00e7u comme la rencontre entre deux compositeurs et une compositrice aux caract\u00e8res musicaux prononc\u00e9s. Je n&#8217;ai pas de pr\u00e9f\u00e9rence, du moins pour le moment. C&#8217;est passionnant d&#8217;essayer de rendre l&#8217;ensemble coh\u00e9rent, notamment parce que je connais tr\u00e8s bien la musique de Fr\u00e9d\u00e9ric Maurin, que je pratique depuis longtemps, et que j\u2019\u00e9coute celle d&#8217;Andy Emler depuis longtemps sans jamais l&#8217;avoir jou\u00e9e, tandis que la pi\u00e8ce de Sofia Avramidou m\u2019ouvre de nouvelles perspectives.<\/span><\/p>\n<p class=\"p3\"><span class=\"s1\" style=\"font-size: 14pt;\"><span style=\"font-size: 12pt;\"><b>CD\u00a0: <\/b><\/span>Difficile de choisir\u00a0! J\u2019aime<i> Obsession<\/i> d\u2019Andy Emler pour son c\u00f4t\u00e9 rythmique ent\u00eat\u00e9, <i>Level 2<\/i> de Sophia Avramidou pour le paysage sonore cr\u00e9\u00e9, et <i>Tone Box II<\/i> de Fr\u00e9d\u00e9ric Maurin pour ses 1\/4 de tons. Mais ma partie favorite reste sans doute les <i>Deux clarinettes<\/i> de Fr\u00e9d\u00e9ric, parce qu\u2019avec Alain Billard nous avons un magnifique espace d\u2019improvisation par-dessus l\u2019\u00e9criture orchestrale.<\/span><\/p>\n<p class=\"p3\"><span class=\"s1\" style=\"font-size: 14pt;\"><span style=\"font-size: 12pt;\"><b>AG\u00a0:<\/b><\/span> Dans son ensemble, ce que je pr\u00e9f\u00e8re est l\u2019\u00e9volution du concert, dont j\u2019essaye de profiter gr\u00e2ce \u00e0 l\u2019alternance des diff\u00e9rentes pi\u00e8ces. Peut-\u00eatre une mention particuli\u00e8re \u00e0 celles qui offrent un groove bien marqu\u00e9 !<span class=\"Apple-converted-space\">\u00a0<\/span><\/span><\/p>\n<p class=\"p3\"><span class=\"s1\" style=\"font-size: 14pt;\"><b>Le titre <i>Jeu(x),\u00a0<\/i>comment l\u2019interpr\u00e9tez-vous ?\u00a0<\/b><\/span><\/p>\n<p class=\"p3\"><span class=\"s1\" style=\"font-size: 14pt;\"><span style=\"font-size: 12pt;\"><b>AG<\/b>\u00a0<\/span><strong>:<\/strong> Dans un sens assez litt\u00e9ral\u00a0: le plaisir du jeu, dans l\u2019\u00e9change. La parenth\u00e8se du pluriel sugg\u00e8re une multiplicit\u00e9 qui caract\u00e9rise bien le projet\u00a0: diff\u00e9rents ensembles, diff\u00e9rents compositeurs et compositrices, diff\u00e9rents styles musicaux, dans un but commun de jeu !<\/span><\/p>\n<p class=\"p3\"><span class=\"s1\" style=\"font-size: 14pt;\"><span style=\"font-size: 12pt;\"><b>RK\u00a0: <\/b><\/span>Je l\u2019interpr\u00e8te comme ce qui comporte un lot de surprise et d&#8217;inattendu. Un jeu qui n\u00e9cessite de garder un enthousiasme \u00e9merveill\u00e9, sur des partitions n\u00e9anmoins tr\u00e8s complexes.\u00a0<\/span><\/p>\n<p class=\"p3\"><span style=\"font-size: 14pt;\"><span class=\"s1\">\u00a0<\/span><span class=\"s1\"><span style=\"font-size: 12pt;\"><b>AB<\/b>\u00a0:<\/span> Peut-\u00eatre qu&#8217;il aurait pu s&#8217;\u00e9crire aussi d\u2019une autre mani\u00e8re :<br \/>\n<\/span><span class=\"s1\">\u00ab J\u2019eux \u00bb : une sorte de <i>je<\/i> int\u00e9gr\u00e9 dans <i>eux<\/i>, l\u2019ensemble<br \/>\n<\/span><span class=\"s1\">\u00ab Je \u00bb : <i>moi, <\/i>le soliste qui improvise<br \/>\n<\/span><span class=\"s1\">\u00ab Jeux \u00bb : l\u2019amusement entre amis musiciens<br \/>\n<\/span><span class=\"s1\">Et en finalit\u00e9 \u00ab j\u2019eus \u00bb beaucoup de chance de faire partie de cette aventure !<\/span><\/span><\/p>\n<p><img loading=\"lazy\" decoding=\"async\" class=\"aligncenter wp-image-28252\" src=\"http:\/\/www.ensembleintercontemporain.com\/content\/uploads\/2025\/01\/projet-createur-de-collage-2-e1737544612423.png\" alt=\"\" width=\"867\" height=\"616\" srcset=\"https:\/\/www.ensembleintercontemporain.com\/content\/uploads\/2025\/01\/projet-createur-de-collage-2-e1737544612423.png 1802w, https:\/\/www.ensembleintercontemporain.com\/content\/uploads\/2025\/01\/projet-createur-de-collage-2-e1737544612423-300x213.png 300w, https:\/\/www.ensembleintercontemporain.com\/content\/uploads\/2025\/01\/projet-createur-de-collage-2-e1737544612423-1024x727.png 1024w, https:\/\/www.ensembleintercontemporain.com\/content\/uploads\/2025\/01\/projet-createur-de-collage-2-e1737544612423-768x546.png 768w, https:\/\/www.ensembleintercontemporain.com\/content\/uploads\/2025\/01\/projet-createur-de-collage-2-e1737544612423-1536x1091.png 1536w\" sizes=\"auto, (max-width: 867px) 100vw, 867px\" \/><\/p>\n<p class=\"p3\"><span class=\"s1\" style=\"font-size: 14pt;\"><b>Enfin, si vous deviez comparer\u00a0<i>Jeu(x)\u00a0<\/i>\u00e0 un jeu de plateau, quel serait-il ?\u00a0<\/b><\/span><\/p>\n<p class=\"p3\"><span class=\"s1\" style=\"font-size: 14pt;\"><span style=\"font-size: 12pt;\"><b>CD : <\/b><\/span>\u00c0 mon sens, ce serait plut\u00f4t un jeu collaboratif, d\u2019imagination et d\u2019improvisation\u00a0!<\/span><\/p>\n<p class=\"p3\"><span style=\"font-size: 14pt;\"><span class=\"s1\"><span style=\"font-size: 12pt;\"><b>RK\u00a0: <\/b><\/span>De toute \u00e9vidence, un jeu en \u00e9quipe qui fait appel \u00e0 l&#8217;imagination. La strat\u00e9gie, ce n&#8217;est pas mon truc !<\/span><span class=\"s1\">\u00a0<\/span><\/span><\/p>\n<p class=\"p3\"><span class=\"s1\" style=\"font-size: 14pt;\"><span style=\"font-size: 12pt;\"><b>AG\u00a0<\/b><strong>:<\/strong><\/span> J\u2019imagine un jeu assez simple, avec peu de r\u00e8gles, port\u00e9 sur le dialogue et la connexion \u00e0 l\u2019autre\u2026 pourquoi pas un <i>Dixit<span style=\"font-size: 8pt;\">\u00ae<\/span><\/i>\u00a0!<\/span><\/p>\n<p class=\"p3\"><span class=\"s1\" style=\"font-size: 14pt;\"><strong><span style=\"font-size: 12pt;\">AB\u00a0:<\/span> <\/strong>Pour moi, je vois un immense puzzle \u00e0 mille pi\u00e8ces, ou notes, effets, dialogues, o\u00f9 tout le monde se mettrait autour de la table pour construire ensemble cette unique et m\u00eame \u0153uvre \u00e0 partir des pi\u00e8ces musicales, \u00e0 trouver ensemble.<span class=\"Apple-converted-space\">\u00a0<\/span><\/span><\/p>\n<p><img loading=\"lazy\" decoding=\"async\" class=\"aligncenter wp-image-28241\" src=\"http:\/\/www.ensembleintercontemporain.com\/content\/uploads\/2025\/01\/dsc9993-scaled.jpg\" alt=\"\" width=\"807\" height=\"538\" srcset=\"https:\/\/www.ensembleintercontemporain.com\/content\/uploads\/2025\/01\/dsc9993-scaled.jpg 2560w, https:\/\/www.ensembleintercontemporain.com\/content\/uploads\/2025\/01\/dsc9993-300x200.jpg 300w, https:\/\/www.ensembleintercontemporain.com\/content\/uploads\/2025\/01\/dsc9993-1024x683.jpg 1024w, https:\/\/www.ensembleintercontemporain.com\/content\/uploads\/2025\/01\/dsc9993-768x512.jpg 768w, https:\/\/www.ensembleintercontemporain.com\/content\/uploads\/2025\/01\/dsc9993-1536x1024.jpg 1536w, https:\/\/www.ensembleintercontemporain.com\/content\/uploads\/2025\/01\/dsc9993-2048x1366.jpg 2048w\" sizes=\"auto, (max-width: 807px) 100vw, 807px\" \/><\/p>\n<p class=\"p3\">Photos \u00a9 Maxim Fran\u00e7ois<\/p>\n","protected":false},"excerpt":{"rendered":"<p>Cr\u00e9ation \u00e9crite conjointement par Sofia Avramidou, Andy Emler et Fr\u00e9d\u00e9ric Maurin, Jeu(x) est jou\u00e9e par une formation in\u00e9dite r\u00e9unissant sept musiciens de l\u2019Orchestre National de Jazz (ONJ) et sept solistes de l\u2019Ensemble intercontemporain (EIC), le 24 janvier au Conservatoire de Montreuil. L&#8217;occasion de faire se rencontrer deux univers, mais aussi des personnalit\u00e9s, aussi distincts que compl\u00e9mentaires, autour d&#8217;un seul et m\u00eame but : jouer !<\/p>\n","protected":false},"author":226,"featured_media":28229,"comment_status":"closed","ping_status":"closed","sticky":false,"template":"","format":"standard","meta":{"_acf_changed":false,"footnotes":""},"categories":[4],"tags":[],"class_list":["post-28226","post","type-post","status-publish","format-standard","has-post-thumbnail","hentry","category-entretiens","concert-jeux"],"acf":[],"yoast_head":"<!-- This site is optimized with the Yoast SEO plugin v27.5 - https:\/\/yoast.com\/product\/yoast-seo-wordpress\/ -->\n<title>Jeu(x) : un kal\u00e9idoscope de couleurs et de sons - Ensemble intercontemporain<\/title>\n<meta name=\"robots\" content=\"index, follow, max-snippet:-1, max-image-preview:large, max-video-preview:-1\" \/>\n<link rel=\"canonical\" href=\"https:\/\/www.ensembleintercontemporain.com\/en\/2025\/01\/jeux-un-kaleidoscope-de-couleurs-et-de-sons\/\" \/>\n<meta property=\"og:locale\" content=\"en_US\" \/>\n<meta property=\"og:type\" content=\"article\" \/>\n<meta property=\"og:title\" content=\"Jeu(x) : un kal\u00e9idoscope de couleurs et de sons - Ensemble intercontemporain\" \/>\n<meta property=\"og:description\" content=\"Cr\u00e9ation \u00e9crite conjointement par Sofia Avramidou, Andy Emler et Fr\u00e9d\u00e9ric Maurin, Jeu(x) est jou\u00e9e par une formation in\u00e9dite r\u00e9unissant sept musiciens de l\u2019Orchestre National de Jazz (ONJ) et sept solistes de l\u2019Ensemble intercontemporain (EIC), le 24 janvier au Conservatoire de Montreuil. L&#039;occasion de faire se rencontrer deux univers, mais aussi des personnalit\u00e9s, aussi distincts que compl\u00e9mentaires, autour d&#039;un seul et m\u00eame but : jouer !\" \/>\n<meta property=\"og:url\" content=\"https:\/\/www.ensembleintercontemporain.com\/en\/2025\/01\/jeux-un-kaleidoscope-de-couleurs-et-de-sons\/\" \/>\n<meta property=\"og:site_name\" content=\"Ensemble intercontemporain\" \/>\n<meta property=\"article:published_time\" content=\"2025-01-22T12:12:54+00:00\" \/>\n<meta property=\"article:modified_time\" content=\"2025-01-22T13:48:29+00:00\" \/>\n<meta property=\"og:image\" content=\"https:\/\/www.ensembleintercontemporain.com\/content\/uploads\/2025\/01\/dsc9957-scaled.jpg\" \/>\n\t<meta property=\"og:image:width\" content=\"2560\" \/>\n\t<meta property=\"og:image:height\" content=\"1707\" \/>\n\t<meta property=\"og:image:type\" content=\"image\/jpeg\" \/>\n<meta name=\"author\" content=\"Claire de Montgolfier\" \/>\n<meta name=\"twitter:card\" content=\"summary_large_image\" \/>\n<meta name=\"twitter:label1\" content=\"Written by\" \/>\n\t<meta name=\"twitter:data1\" content=\"Claire de Montgolfier\" \/>\n\t<meta name=\"twitter:label2\" content=\"Est. reading time\" \/>\n\t<meta name=\"twitter:data2\" content=\"8 minutes\" \/>\n<script type=\"application\/ld+json\" class=\"yoast-schema-graph\">{\"@context\":\"https:\\\/\\\/schema.org\",\"@graph\":[{\"@type\":\"Article\",\"@id\":\"https:\\\/\\\/www.ensembleintercontemporain.com\\\/en\\\/2025\\\/01\\\/jeux-un-kaleidoscope-de-couleurs-et-de-sons\\\/#article\",\"isPartOf\":{\"@id\":\"https:\\\/\\\/www.ensembleintercontemporain.com\\\/en\\\/2025\\\/01\\\/jeux-un-kaleidoscope-de-couleurs-et-de-sons\\\/\"},\"author\":{\"name\":\"Claire de Montgolfier\",\"@id\":\"https:\\\/\\\/www.ensembleintercontemporain.com\\\/en\\\/#\\\/schema\\\/person\\\/a671c14572dc65fc7bd5dbfd68db7418\"},\"headline\":\"Jeu(x) : un kal\u00e9idoscope de couleurs et de sons\",\"datePublished\":\"2025-01-22T12:12:54+00:00\",\"dateModified\":\"2025-01-22T13:48:29+00:00\",\"mainEntityOfPage\":{\"@id\":\"https:\\\/\\\/www.ensembleintercontemporain.com\\\/en\\\/2025\\\/01\\\/jeux-un-kaleidoscope-de-couleurs-et-de-sons\\\/\"},\"wordCount\":1461,\"image\":{\"@id\":\"https:\\\/\\\/www.ensembleintercontemporain.com\\\/en\\\/2025\\\/01\\\/jeux-un-kaleidoscope-de-couleurs-et-de-sons\\\/#primaryimage\"},\"thumbnailUrl\":\"https:\\\/\\\/www.ensembleintercontemporain.com\\\/content\\\/uploads\\\/2025\\\/01\\\/dsc9957-scaled.jpg\",\"articleSection\":[\"Entretien\"],\"inLanguage\":\"en-US\"},{\"@type\":\"WebPage\",\"@id\":\"https:\\\/\\\/www.ensembleintercontemporain.com\\\/en\\\/2025\\\/01\\\/jeux-un-kaleidoscope-de-couleurs-et-de-sons\\\/\",\"url\":\"https:\\\/\\\/www.ensembleintercontemporain.com\\\/en\\\/2025\\\/01\\\/jeux-un-kaleidoscope-de-couleurs-et-de-sons\\\/\",\"name\":\"Jeu(x) : un kal\u00e9idoscope de couleurs et de sons - Ensemble intercontemporain\",\"isPartOf\":{\"@id\":\"https:\\\/\\\/www.ensembleintercontemporain.com\\\/en\\\/#website\"},\"primaryImageOfPage\":{\"@id\":\"https:\\\/\\\/www.ensembleintercontemporain.com\\\/en\\\/2025\\\/01\\\/jeux-un-kaleidoscope-de-couleurs-et-de-sons\\\/#primaryimage\"},\"image\":{\"@id\":\"https:\\\/\\\/www.ensembleintercontemporain.com\\\/en\\\/2025\\\/01\\\/jeux-un-kaleidoscope-de-couleurs-et-de-sons\\\/#primaryimage\"},\"thumbnailUrl\":\"https:\\\/\\\/www.ensembleintercontemporain.com\\\/content\\\/uploads\\\/2025\\\/01\\\/dsc9957-scaled.jpg\",\"datePublished\":\"2025-01-22T12:12:54+00:00\",\"dateModified\":\"2025-01-22T13:48:29+00:00\",\"author\":{\"@id\":\"https:\\\/\\\/www.ensembleintercontemporain.com\\\/en\\\/#\\\/schema\\\/person\\\/a671c14572dc65fc7bd5dbfd68db7418\"},\"breadcrumb\":{\"@id\":\"https:\\\/\\\/www.ensembleintercontemporain.com\\\/en\\\/2025\\\/01\\\/jeux-un-kaleidoscope-de-couleurs-et-de-sons\\\/#breadcrumb\"},\"inLanguage\":\"en-US\",\"potentialAction\":[{\"@type\":\"ReadAction\",\"target\":[\"https:\\\/\\\/www.ensembleintercontemporain.com\\\/en\\\/2025\\\/01\\\/jeux-un-kaleidoscope-de-couleurs-et-de-sons\\\/\"]}]},{\"@type\":\"ImageObject\",\"inLanguage\":\"en-US\",\"@id\":\"https:\\\/\\\/www.ensembleintercontemporain.com\\\/en\\\/2025\\\/01\\\/jeux-un-kaleidoscope-de-couleurs-et-de-sons\\\/#primaryimage\",\"url\":\"https:\\\/\\\/www.ensembleintercontemporain.com\\\/content\\\/uploads\\\/2025\\\/01\\\/dsc9957-scaled.jpg\",\"contentUrl\":\"https:\\\/\\\/www.ensembleintercontemporain.com\\\/content\\\/uploads\\\/2025\\\/01\\\/dsc9957-scaled.jpg\",\"width\":2560,\"height\":1707},{\"@type\":\"BreadcrumbList\",\"@id\":\"https:\\\/\\\/www.ensembleintercontemporain.com\\\/en\\\/2025\\\/01\\\/jeux-un-kaleidoscope-de-couleurs-et-de-sons\\\/#breadcrumb\",\"itemListElement\":[{\"@type\":\"ListItem\",\"position\":1,\"name\":\"Home\",\"item\":\"https:\\\/\\\/www.ensembleintercontemporain.com\\\/en\\\/\"},{\"@type\":\"ListItem\",\"position\":2,\"name\":\"Jeu(x) : un kal\u00e9idoscope de couleurs et de sons\"}]},{\"@type\":\"WebSite\",\"@id\":\"https:\\\/\\\/www.ensembleintercontemporain.com\\\/en\\\/#website\",\"url\":\"https:\\\/\\\/www.ensembleintercontemporain.com\\\/en\\\/\",\"name\":\"Ensemble intercontemporain\",\"description\":\"\",\"potentialAction\":[{\"@type\":\"SearchAction\",\"target\":{\"@type\":\"EntryPoint\",\"urlTemplate\":\"https:\\\/\\\/www.ensembleintercontemporain.com\\\/en\\\/?s={search_term_string}\"},\"query-input\":{\"@type\":\"PropertyValueSpecification\",\"valueRequired\":true,\"valueName\":\"search_term_string\"}}],\"inLanguage\":\"en-US\"},{\"@type\":\"Person\",\"@id\":\"https:\\\/\\\/www.ensembleintercontemporain.com\\\/en\\\/#\\\/schema\\\/person\\\/a671c14572dc65fc7bd5dbfd68db7418\",\"name\":\"Claire de Montgolfier\",\"image\":{\"@type\":\"ImageObject\",\"inLanguage\":\"en-US\",\"@id\":\"https:\\\/\\\/secure.gravatar.com\\\/avatar\\\/c84354649c00cfd6343a2c8f0e214686bdc9985408d5bff2676c10e44f35ca87?s=96&d=mm&r=g\",\"url\":\"https:\\\/\\\/secure.gravatar.com\\\/avatar\\\/c84354649c00cfd6343a2c8f0e214686bdc9985408d5bff2676c10e44f35ca87?s=96&d=mm&r=g\",\"contentUrl\":\"https:\\\/\\\/secure.gravatar.com\\\/avatar\\\/c84354649c00cfd6343a2c8f0e214686bdc9985408d5bff2676c10e44f35ca87?s=96&d=mm&r=g\",\"caption\":\"Claire de Montgolfier\"},\"url\":\"https:\\\/\\\/www.ensembleintercontemporain.com\\\/en\\\/author\\\/claire-de-montgolfier\\\/\"}]}<\/script>\n<!-- \/ Yoast SEO plugin. -->","yoast_head_json":{"title":"Jeu(x) : un kal\u00e9idoscope de couleurs et de sons - Ensemble intercontemporain","robots":{"index":"index","follow":"follow","max-snippet":"max-snippet:-1","max-image-preview":"max-image-preview:large","max-video-preview":"max-video-preview:-1"},"canonical":"https:\/\/www.ensembleintercontemporain.com\/en\/2025\/01\/jeux-un-kaleidoscope-de-couleurs-et-de-sons\/","og_locale":"en_US","og_type":"article","og_title":"Jeu(x) : un kal\u00e9idoscope de couleurs et de sons - Ensemble intercontemporain","og_description":"Cr\u00e9ation \u00e9crite conjointement par Sofia Avramidou, Andy Emler et Fr\u00e9d\u00e9ric Maurin, Jeu(x) est jou\u00e9e par une formation in\u00e9dite r\u00e9unissant sept musiciens de l\u2019Orchestre National de Jazz (ONJ) et sept solistes de l\u2019Ensemble intercontemporain (EIC), le 24 janvier au Conservatoire de Montreuil. L'occasion de faire se rencontrer deux univers, mais aussi des personnalit\u00e9s, aussi distincts que compl\u00e9mentaires, autour d'un seul et m\u00eame but : jouer !","og_url":"https:\/\/www.ensembleintercontemporain.com\/en\/2025\/01\/jeux-un-kaleidoscope-de-couleurs-et-de-sons\/","og_site_name":"Ensemble intercontemporain","article_published_time":"2025-01-22T12:12:54+00:00","article_modified_time":"2025-01-22T13:48:29+00:00","og_image":[{"width":2560,"height":1707,"url":"https:\/\/www.ensembleintercontemporain.com\/content\/uploads\/2025\/01\/dsc9957-scaled.jpg","type":"image\/jpeg"}],"author":"Claire de Montgolfier","twitter_card":"summary_large_image","twitter_misc":{"Written by":"Claire de Montgolfier","Est. reading time":"8 minutes"},"schema":{"@context":"https:\/\/schema.org","@graph":[{"@type":"Article","@id":"https:\/\/www.ensembleintercontemporain.com\/en\/2025\/01\/jeux-un-kaleidoscope-de-couleurs-et-de-sons\/#article","isPartOf":{"@id":"https:\/\/www.ensembleintercontemporain.com\/en\/2025\/01\/jeux-un-kaleidoscope-de-couleurs-et-de-sons\/"},"author":{"name":"Claire de Montgolfier","@id":"https:\/\/www.ensembleintercontemporain.com\/en\/#\/schema\/person\/a671c14572dc65fc7bd5dbfd68db7418"},"headline":"Jeu(x) : un kal\u00e9idoscope de couleurs et de sons","datePublished":"2025-01-22T12:12:54+00:00","dateModified":"2025-01-22T13:48:29+00:00","mainEntityOfPage":{"@id":"https:\/\/www.ensembleintercontemporain.com\/en\/2025\/01\/jeux-un-kaleidoscope-de-couleurs-et-de-sons\/"},"wordCount":1461,"image":{"@id":"https:\/\/www.ensembleintercontemporain.com\/en\/2025\/01\/jeux-un-kaleidoscope-de-couleurs-et-de-sons\/#primaryimage"},"thumbnailUrl":"https:\/\/www.ensembleintercontemporain.com\/content\/uploads\/2025\/01\/dsc9957-scaled.jpg","articleSection":["Entretien"],"inLanguage":"en-US"},{"@type":"WebPage","@id":"https:\/\/www.ensembleintercontemporain.com\/en\/2025\/01\/jeux-un-kaleidoscope-de-couleurs-et-de-sons\/","url":"https:\/\/www.ensembleintercontemporain.com\/en\/2025\/01\/jeux-un-kaleidoscope-de-couleurs-et-de-sons\/","name":"Jeu(x) : un kal\u00e9idoscope de couleurs et de sons - Ensemble intercontemporain","isPartOf":{"@id":"https:\/\/www.ensembleintercontemporain.com\/en\/#website"},"primaryImageOfPage":{"@id":"https:\/\/www.ensembleintercontemporain.com\/en\/2025\/01\/jeux-un-kaleidoscope-de-couleurs-et-de-sons\/#primaryimage"},"image":{"@id":"https:\/\/www.ensembleintercontemporain.com\/en\/2025\/01\/jeux-un-kaleidoscope-de-couleurs-et-de-sons\/#primaryimage"},"thumbnailUrl":"https:\/\/www.ensembleintercontemporain.com\/content\/uploads\/2025\/01\/dsc9957-scaled.jpg","datePublished":"2025-01-22T12:12:54+00:00","dateModified":"2025-01-22T13:48:29+00:00","author":{"@id":"https:\/\/www.ensembleintercontemporain.com\/en\/#\/schema\/person\/a671c14572dc65fc7bd5dbfd68db7418"},"breadcrumb":{"@id":"https:\/\/www.ensembleintercontemporain.com\/en\/2025\/01\/jeux-un-kaleidoscope-de-couleurs-et-de-sons\/#breadcrumb"},"inLanguage":"en-US","potentialAction":[{"@type":"ReadAction","target":["https:\/\/www.ensembleintercontemporain.com\/en\/2025\/01\/jeux-un-kaleidoscope-de-couleurs-et-de-sons\/"]}]},{"@type":"ImageObject","inLanguage":"en-US","@id":"https:\/\/www.ensembleintercontemporain.com\/en\/2025\/01\/jeux-un-kaleidoscope-de-couleurs-et-de-sons\/#primaryimage","url":"https:\/\/www.ensembleintercontemporain.com\/content\/uploads\/2025\/01\/dsc9957-scaled.jpg","contentUrl":"https:\/\/www.ensembleintercontemporain.com\/content\/uploads\/2025\/01\/dsc9957-scaled.jpg","width":2560,"height":1707},{"@type":"BreadcrumbList","@id":"https:\/\/www.ensembleintercontemporain.com\/en\/2025\/01\/jeux-un-kaleidoscope-de-couleurs-et-de-sons\/#breadcrumb","itemListElement":[{"@type":"ListItem","position":1,"name":"Home","item":"https:\/\/www.ensembleintercontemporain.com\/en\/"},{"@type":"ListItem","position":2,"name":"Jeu(x) : un kal\u00e9idoscope de couleurs et de sons"}]},{"@type":"WebSite","@id":"https:\/\/www.ensembleintercontemporain.com\/en\/#website","url":"https:\/\/www.ensembleintercontemporain.com\/en\/","name":"Ensemble intercontemporain","description":"","potentialAction":[{"@type":"SearchAction","target":{"@type":"EntryPoint","urlTemplate":"https:\/\/www.ensembleintercontemporain.com\/en\/?s={search_term_string}"},"query-input":{"@type":"PropertyValueSpecification","valueRequired":true,"valueName":"search_term_string"}}],"inLanguage":"en-US"},{"@type":"Person","@id":"https:\/\/www.ensembleintercontemporain.com\/en\/#\/schema\/person\/a671c14572dc65fc7bd5dbfd68db7418","name":"Claire de Montgolfier","image":{"@type":"ImageObject","inLanguage":"en-US","@id":"https:\/\/secure.gravatar.com\/avatar\/c84354649c00cfd6343a2c8f0e214686bdc9985408d5bff2676c10e44f35ca87?s=96&d=mm&r=g","url":"https:\/\/secure.gravatar.com\/avatar\/c84354649c00cfd6343a2c8f0e214686bdc9985408d5bff2676c10e44f35ca87?s=96&d=mm&r=g","contentUrl":"https:\/\/secure.gravatar.com\/avatar\/c84354649c00cfd6343a2c8f0e214686bdc9985408d5bff2676c10e44f35ca87?s=96&d=mm&r=g","caption":"Claire de Montgolfier"},"url":"https:\/\/www.ensembleintercontemporain.com\/en\/author\/claire-de-montgolfier\/"}]}},"_links":{"self":[{"href":"https:\/\/www.ensembleintercontemporain.com\/en\/wp-json\/wp\/v2\/posts\/28226\/"}],"collection":[{"href":"https:\/\/www.ensembleintercontemporain.com\/en\/wp-json\/wp\/v2\/posts\/"}],"about":[{"href":"https:\/\/www.ensembleintercontemporain.com\/en\/wp-json\/wp\/v2\/types\/post\/"}],"author":[{"embeddable":true,"href":"https:\/\/www.ensembleintercontemporain.com\/en\/wp-json\/wp\/v2\/users\/226\/"}],"replies":[{"embeddable":true,"href":"https:\/\/www.ensembleintercontemporain.com\/en\/wp-json\/wp\/v2\/comments\/?post=28226"}],"version-history":[{"count":18,"href":"https:\/\/www.ensembleintercontemporain.com\/en\/wp-json\/wp\/v2\/posts\/28226\/revisions\/"}],"predecessor-version":[{"id":28268,"href":"https:\/\/www.ensembleintercontemporain.com\/en\/wp-json\/wp\/v2\/posts\/28226\/revisions\/28268\/"}],"wp:featuredmedia":[{"embeddable":true,"href":"https:\/\/www.ensembleintercontemporain.com\/en\/wp-json\/wp\/v2\/media\/28229\/"}],"wp:attachment":[{"href":"https:\/\/www.ensembleintercontemporain.com\/en\/wp-json\/wp\/v2\/media\/?parent=28226"}],"wp:term":[{"taxonomy":"category","embeddable":true,"href":"https:\/\/www.ensembleintercontemporain.com\/en\/wp-json\/wp\/v2\/categories\/?post=28226"},{"taxonomy":"post_tag","embeddable":true,"href":"https:\/\/www.ensembleintercontemporain.com\/en\/wp-json\/wp\/v2\/tags\/?post=28226"}],"curies":[{"name":"wp","href":"https:\/\/api.w.org\/{rel}","templated":true}]}}