{"id":28115,"date":"2025-01-27T09:45:52","date_gmt":"2025-01-27T08:45:52","guid":{"rendered":"https:\/\/www.ensembleintercontemporain.com\/?p=28115"},"modified":"2025-01-27T09:45:52","modified_gmt":"2025-01-27T08:45:52","slug":"pierre-boulez-cote-livres","status":"publish","type":"post","link":"https:\/\/www.ensembleintercontemporain.com\/en\/2025\/01\/pierre-boulez-cote-livres\/","title":{"rendered":"Pierre Boulez, c\u00f4t\u00e9 livres."},"content":{"rendered":"<p><strong><span style=\"font-size: 18pt; color: #003366;\"><img loading=\"lazy\" decoding=\"async\" class=\"aligncenter size-full wp-image-28188\" src=\"http:\/\/www.ensembleintercontemporain.com\/content\/uploads\/2025\/01\/boulez-456391-03-gontier.jpg\" alt=\"\" width=\"1920\" height=\"1280\" srcset=\"https:\/\/www.ensembleintercontemporain.com\/content\/uploads\/2025\/01\/boulez-456391-03-gontier.jpg 1920w, https:\/\/www.ensembleintercontemporain.com\/content\/uploads\/2025\/01\/boulez-456391-03-gontier-300x200.jpg 300w, https:\/\/www.ensembleintercontemporain.com\/content\/uploads\/2025\/01\/boulez-456391-03-gontier-1024x683.jpg 1024w, https:\/\/www.ensembleintercontemporain.com\/content\/uploads\/2025\/01\/boulez-456391-03-gontier-768x512.jpg 768w, https:\/\/www.ensembleintercontemporain.com\/content\/uploads\/2025\/01\/boulez-456391-03-gontier-1536x1024.jpg 1536w\" sizes=\"auto, (max-width: 1920px) 100vw, 1920px\" \/><br \/>\nE<\/span><span style=\"color: #003366;\">n plus d\u2019avoir \u00e9t\u00e9 le compositeur, le chef d\u2019orchestre, le grand <span style=\"caret-color: #003366;\">p\u00e9dagogue<\/span> et b\u00e2tisseur d\u2019institutions qu\u2019on connait, Pierre Boulez fut \u00e9galement l\u2019auteur d&#8217;essais et autres textes sur la musique et participa \u00e0 plusieurs livres d&#8217;entretiens. Le philosophe Lambert Dousson, qui a publi\u00e9 en 2017 <em>Une mani\u00e8re de penser et de sentir, essai sur Pierre Boulez<\/em> nous guide dans la bibliographie boul\u00e9zienne et propose des \u00e9l\u00e9ments de description de textes, devenus jalons de la musicologie et de l\u2019esth\u00e9tique musicale du vingti\u00e8me si\u00e8cle.<\/span><\/strong><\/p>\n<h3><span style=\"font-size: 12pt;\"><span style=\"color: #003366;\"><span style=\"font-size: 14pt;\">Les grands livres publi\u00e9s chez Christian Bourgeois<\/span><\/span><\/span><\/h3>\n<p><b><i>\u00a0<\/i><\/b><br \/>\n<span style=\"font-size: 14pt;\"><em><img loading=\"lazy\" decoding=\"async\" class=\"alignleft size-full wp-image-28149\" src=\"http:\/\/www.ensembleintercontemporain.com\/content\/uploads\/2025\/01\/releves-apprenti-300px.jpg\" alt=\"\" width=\"300\" height=\"456\" srcset=\"https:\/\/www.ensembleintercontemporain.com\/content\/uploads\/2025\/01\/releves-apprenti-300px.jpg 300w, https:\/\/www.ensembleintercontemporain.com\/content\/uploads\/2025\/01\/releves-apprenti-300px-197x300.jpg 197w\" sizes=\"auto, (max-width: 300px) 100vw, 300px\" \/><\/em><\/span><em><span style=\"color: #333333;\"><span style=\"font-size: 14pt;\"><strong>Relev\u00e9s d&#8217;apprenti,<\/strong><\/span><\/span><\/em><span style=\"color: #333333;\"><span style=\"font-size: 14pt;\"><strong> Paris, Le Seuil, 1966, coll. &#8220;Tel Quel&#8221;.<\/strong><\/span><\/span><span style=\"color: #333333;\"><strong><span style=\"font-size: 14pt; color: #333333;\">(repris dans<\/span><\/strong><\/span><em><span style=\"color: #333333;\"><strong><span style=\"font-size: 14pt; color: #333333;\"> Points de rep\u00e8re I. Imaginer.<\/span><\/strong><\/span><\/em><span style=\"color: #333333;\"><strong><span style=\"font-size: 14pt; color: #333333;\"> Christian Bourgeois, 1995)<\/span><\/strong><\/span><em><span style=\"color: #333333;\"><strong><br \/>\n<\/strong><\/span><\/em><span style=\"font-size: 14pt;\"><em>Relev\u00e9s d\u2019apprenti<\/em> regroupe des articles parus depuis 1948 jusqu\u2019au d\u00e9but des ann\u00e9es soixante. Boulez a tr\u00e8s t\u00f4t publi\u00e9 des textes dans de nombreuses revues musicales, mais \u00e9galement dans des revues d\u2019art et de litt\u00e9rature. On rep\u00e8re tout de suite sa griffe : un plaisir vif de la plume et de la pol\u00e9mique, avec un parti-pris radical pour la modernit\u00e9 et des prises de position ac\u00e9r\u00e9es contre l\u2019<em>establishment<\/em> fran\u00e7ais. Dans des textes comme \u00ab Incidences actuelles de Berg \u00bb (1948) ou \u00ab Sch\u00f6nberg est mort \u00bb (1952), il per\u00e7oit tr\u00e8s t\u00f4t l\u2019importance de Webern et du s\u00e9rialisme. Dans une langue s\u00e8che et limpide, il attaque ses adversaires de mani\u00e8re rude et p\u00e9remptoire, ceux qui d\u00e9fendent le n\u00e9o-classicisme comme ceux qui voient en Sch\u00f6nberg l\u2019horizon ind\u00e9passable de la musique. Tout en d\u00e9fendant Webern, il saisit ce qui chez les autres compositeurs incarne la pointe avanc\u00e9e de la modernit\u00e9 (Debussy, Stravinsky, Bart\u00f3k, Var\u00e8se\u2026). <em>Relev\u00e9s d\u2019apprenti<\/em> compte nombre d\u2019essais importants qui ont accompagn\u00e9 la gen\u00e8se d\u2019\u0153uvres marquantes de Boulez et de sa g\u00e9n\u00e9ration. Je pense notamment \u00e0 \u00ab Al\u00e9a \u00bb (1957), r\u00e9flexion sur ce qu\u2019Umberto Eco appellera dans son ouvrage \u00e9ponyme de 1962 \u00ab l\u2019\u0153uvre ouverte \u00bb, et lieu d\u2019affrontement entre les conceptions du hasard de John Cage (<em>Music of Changes<\/em>, 1951), Karlheinz Stockhausen (<em>Klavierst\u00fcck XI<\/em>, 1956), Henri Pousseur (<em>Mobile<\/em>, 1957) et la sienne (<em>Troisi\u00e8me Sonate<\/em> pour piano, 1957).<\/span><\/p>\n<p>&nbsp;<\/p>\n<p>&nbsp;<\/p>\n<p><strong><em><img loading=\"lazy\" decoding=\"async\" class=\"alignleft size-full wp-image-28151\" src=\"http:\/\/www.ensembleintercontemporain.com\/content\/uploads\/2025\/01\/jalons-300px.jpg\" alt=\"\" width=\"300\" height=\"425\" srcset=\"https:\/\/www.ensembleintercontemporain.com\/content\/uploads\/2025\/01\/jalons-300px.jpg 300w, https:\/\/www.ensembleintercontemporain.com\/content\/uploads\/2025\/01\/jalons-300px-212x300.jpg 212w\" sizes=\"auto, (max-width: 300px) 100vw, 300px\" \/><span style=\"color: #333333; font-size: 14pt;\">Jalons (pour une d\u00e9cennie) : dix ans d&#8217;enseignement au Coll\u00e8ge de France<\/span><\/em><span style=\"color: #333333; font-size: 14pt;\"> <em>(1978-1988)<\/em>.<\/span><\/strong><br \/>\n<span style=\"color: #333333; font-size: 14pt;\"><strong>Textes r\u00e9unis et pr\u00e9sent\u00e9s par J.-J. Nattiez, pr\u00e9face posthume de Michel Foucault, Paris, Christian Bourgois, 1989, coll. &#8220;Musique\/Pass\u00e9\/Pr\u00e9sent&#8221;.<\/strong><\/span><br \/>\n<strong><span style=\"color: #333333; font-size: 14pt;\">(repris dans <em>Points de rep\u00e8re III. Le\u00e7ons de musique. <\/em>Christian Bourgeois, 2005)<\/span><br \/>\n<\/strong><span style=\"font-size: 14pt;\">Pierre Boulez a enseign\u00e9 au Coll\u00e8ge de France entre 1976 et 1995, et <em>Jalons<\/em> regroupe la premi\u00e8re d\u00e9cennie de cours qu\u2019il a d\u00e9livr\u00e9s au sein de la chaire \u00ab Invention, technique et langage en musique \u00bb cr\u00e9\u00e9e pour lui. On ne retrouve plus le style combatif de <em>Relev\u00e9s d\u2019apprenti<\/em>. L\u2019\u00e9criture y est plus sage car le Coll\u00e8ge de France repr\u00e9sente le c\u0153ur de l\u2019institution fran\u00e7aise du savoir. Dans cet ouvrage, Boulez explore avec une finesse incroyable tous les m\u00e9andres du processus cr\u00e9atif, et nous fait vivre de l\u2019int\u00e9rieur la mani\u00e8re dont tous ces ressorts (le rapport \u00e0 l\u2019histoire, la technique, l\u2019\u00e9coute, la spontan\u00e9it\u00e9\u2026) sont activ\u00e9s au cours de la composition. Rares sont les artistes \u00e0 avoir pouss\u00e9 aussi loin l\u2019analyse des m\u00e9canismes mis en mouvement dans l\u2019invention musicale. Ce qui est extraordinaire avec Boulez tient dans sa capacit\u00e9 \u00e0 d\u00e9passer les enjeux de la musique pour scruter l\u2019invention artistique en g\u00e9n\u00e9ral. En ce sens, ses livres, et celui-ci en particulier, peuvent s\u2019adresser \u00e9galement aux peintres, aux \u00e9crivains, et \u00e0 toutes les personnes qui s\u2019int\u00e9ressent \u00e0 l\u2019art.<\/span><\/p>\n<p>&nbsp;<\/p>\n<p><strong><em><br \/>\n<img loading=\"lazy\" decoding=\"async\" class=\"alignleft size-full wp-image-28153\" src=\"http:\/\/www.ensembleintercontemporain.com\/content\/uploads\/2025\/01\/boulez-regards-sur-autrui-300px.jpg\" alt=\"\" width=\"300\" height=\"472\" srcset=\"https:\/\/www.ensembleintercontemporain.com\/content\/uploads\/2025\/01\/boulez-regards-sur-autrui-300px.jpg 300w, https:\/\/www.ensembleintercontemporain.com\/content\/uploads\/2025\/01\/boulez-regards-sur-autrui-300px-191x300.jpg 191w\" sizes=\"auto, (max-width: 300px) 100vw, 300px\" \/><span style=\"color: #333333; font-size: 14pt;\">Regards sur autrui<\/span><\/em><span style=\"color: #333333; font-size: 14pt;\">, Christian Bourgois, 1989, coll &#8220;Musique\/Pass\u00e9\/Pr\u00e9sent\u201d, 1995<\/span><\/strong><br \/>\n<strong><span style=\"color: #333333; font-size: 14pt;\">(repris dans <em>Points de rep\u00e8re IV. Regards sur autrui.<\/em> Christian Bourgeois, 2005)<\/span><br \/>\n<\/strong><span style=\"font-size: 14pt;\">Ce livre regroupe des articles de circonstance \u00e9crits par Boulez sur des personnalit\u00e9s qu\u2019il a crois\u00e9es, connues ou \u00e9tudi\u00e9es. On y compte des chefs d\u2019orchestre, des acteurs institutionnels, des compositeurs, aussi bien que des \u00e9crivains et des artistes. Regards sur autrui met en lumi\u00e8re quelque chose de remarquable chez Boulez : tr\u00e8s discret sur sa vie priv\u00e9e, le compositeur a en revanche tiss\u00e9 autour de lui un immense r\u00e9seau dans le monde musical, artistique et intellectuel. Quand on parle de Boulez, il faut \u00e9voquer aussi bien Roland Barthes, Gilles Deleuze, Michel Foucault, Claude L\u00e9vi-Strauss ou Francis Bacon que Paul Klee, Ren\u00e9 Char, Patrice Ch\u00e9reau, Yehudi Menuhin ou Olivier Messiaen. Sa personnalit\u00e9 magn\u00e9tique a ainsi cristallis\u00e9 la vie intellectuelle et artistique fran\u00e7aise et internationale, tout particuli\u00e8rement dans le bouillonnement d\u2019id\u00e9es prodigieux des ann\u00e9es cinquante et soixante.<\/span><\/p>\n<p>&nbsp;<\/p>\n<p>&nbsp;<\/p>\n<p>&nbsp;<\/p>\n<h3><span style=\"font-size: 14pt;\"><span style=\"color: #003366;\">Le livre le plus &#8220;expert&#8221;<\/span><strong><br \/>\n<\/strong><\/span><br \/>\n<strong><em><img loading=\"lazy\" decoding=\"async\" class=\"alignleft size-full wp-image-28177\" src=\"http:\/\/www.ensembleintercontemporain.com\/content\/uploads\/2025\/01\/penser-la-musique-aujourd-hui-pierre-boulez.jpg\" alt=\"\" width=\"300\" height=\"496\" srcset=\"https:\/\/www.ensembleintercontemporain.com\/content\/uploads\/2025\/01\/penser-la-musique-aujourd-hui-pierre-boulez.jpg 300w, https:\/\/www.ensembleintercontemporain.com\/content\/uploads\/2025\/01\/penser-la-musique-aujourd-hui-pierre-boulez-181x300.jpg 181w\" sizes=\"auto, (max-width: 300px) 100vw, 300px\" \/><\/em><\/strong><\/h3>\n<p><strong><span style=\"color: #333333; font-size: 14pt;\"><em>Penser la musique aujourd&#8217;hui<\/em>, Gallimard, 1963.\u00a0<\/span><br \/>\n<\/strong><span style=\"font-size: 14pt;\"><em>Penser la musique d\u2019aujourd\u2019hui<\/em> reprend les conf\u00e9rences que Pierre Boulez a donn\u00e9es aux rencontres internationales de <\/span><span style=\"font-size: 14pt;\">Darmstadt durant l\u2019\u00e9t\u00e9 1960. Le compositeur les a r\u00e9\u00e9crites dans une mati\u00e8re technique particuli\u00e8rement aride. Ce que Boulez vise \u00e0 travers ce travail d\u2019\u00e9criture th\u00e9orique, c\u2019est d\u00e9passer et d\u00e9placer la singularit\u00e9 des \u0153uvres pour investir le terrain des id\u00e9es et aborder des questions techniques ou esth\u00e9tiques d\u2019ordre g\u00e9n\u00e9ral, o\u00f9 s\u2019affrontent de v\u00e9ritables conceptions (de la forme, du hasard, de l\u2019\u00e9coute, de l\u2019art\u2026). D\u2019o\u00f9 la dimension hautement sp\u00e9culative de certains de ses textes, qui r\u00e9pondent aux essais non moins abstraits de Stockhausen par exemple. Mais ici Boulez opte pour un langage intimidant, presque cryptique et je dirais m\u00eame autoritaire\u2026<\/span><\/p>\n<p>&nbsp;<\/p>\n<p>&nbsp;<\/p>\n<p>&nbsp;<\/p>\n<p>&nbsp;<\/p>\n<h3><\/h3>\n<p>&nbsp;<\/p>\n<h3><span style=\"font-size: 14pt; color: #003366;\">Les livres d\u2019entretiens<\/span><\/h3>\n<p><strong><em><img loading=\"lazy\" decoding=\"async\" class=\"alignleft size-full wp-image-28159\" src=\"http:\/\/www.ensembleintercontemporain.com\/content\/uploads\/2025\/01\/par-volonte-et-par-hasard-300px.jpg\" alt=\"\" width=\"300\" height=\"446\" srcset=\"https:\/\/www.ensembleintercontemporain.com\/content\/uploads\/2025\/01\/par-volonte-et-par-hasard-300px.jpg 300w, https:\/\/www.ensembleintercontemporain.com\/content\/uploads\/2025\/01\/par-volonte-et-par-hasard-300px-202x300.jpg 202w\" sizes=\"auto, (max-width: 300px) 100vw, 300px\" \/><\/em><\/strong><\/p>\n<p>&nbsp;<\/p>\n<p>&nbsp;<\/p>\n<p>&nbsp;<\/p>\n<p><span style=\"color: #333333;\"><strong><span style=\"font-size: 14pt;\"><em>Par volont\u00e9 et par hasard<\/em>, entretiens avec C\u00e9lestin Deli\u00e8ge, Le Seuil, 1975.<\/span><br \/>\n<\/strong><\/span><span style=\"font-size: 14pt;\">Oh, ce livre, c\u2019est une merveille ! C\u2019est le musicologue belge C\u00e9lestin Deli\u00e8ge qui a men\u00e9 ces entretiens tr\u00e8s vivants entre 1972 et 1974, avec une intelligence et une finesse remarquables. Au cours de sa vie, Boulez a accord\u00e9 beaucoup d\u2019interviews, mais ceux-ci poss\u00e8dent une profondeur toute particuli\u00e8re, car ils mettent au jour une pens\u00e9e musicale incarn\u00e9e, qui se cherche, t\u00e2tonne, h\u00e9site, recule\u2026 \u2014 \u00e0 mille lieux des certitudes intimidantes qu\u2019ass\u00e8ne <em>Penser la musique aujourd\u2019hui.<\/em><\/span><\/p>\n<p>&nbsp;<\/p>\n<p>&nbsp;<\/p>\n<p>&nbsp;<\/p>\n<p>&nbsp;<\/p>\n<p><strong><i>\u00a0<\/i><\/strong><\/p>\n<p><strong><br \/>\n<\/strong><span style=\"font-size: 14pt;\"><img loading=\"lazy\" decoding=\"async\" class=\"alignleft size-full wp-image-28161\" src=\"http:\/\/www.ensembleintercontemporain.com\/content\/uploads\/2025\/01\/boulezarchimbaud-300px.jpg\" alt=\"\" width=\"300\" height=\"494\" srcset=\"https:\/\/www.ensembleintercontemporain.com\/content\/uploads\/2025\/01\/boulezarchimbaud-300px.jpg 300w, https:\/\/www.ensembleintercontemporain.com\/content\/uploads\/2025\/01\/boulezarchimbaud-300px-182x300.jpg 182w\" sizes=\"auto, (max-width: 300px) 100vw, 300px\" \/><\/span><\/p>\n<p>&nbsp;<\/p>\n<p>&nbsp;<\/p>\n<p>&nbsp;<\/p>\n<p>&nbsp;<\/p>\n<p>&nbsp;<\/p>\n<p>&nbsp;<\/p>\n<p><span style=\"font-size: 12pt; color: #333333;\"><em><strong><br \/>\n<span style=\"font-size: 14pt;\">Entretiens avec Michel Archimbaud<\/span><\/strong><\/em><strong><span style=\"font-size: 14pt;\">, Paris, Gallimard, 1996, Folio Essais, 2016.<\/span><br \/>\n<\/strong><\/span><span style=\"font-size: 14pt;\">Le livre id\u00e9al pour d\u00e9couvrir Boulez. C\u2019est une sorte de longue discussion limpide \u00e0 b\u00e2tons rompus sur la jeunesse, les d\u00e9couvertes, les rencontres du compositeur. Il est sans doute moins profond que <em>Par volont\u00e9 et par hasard<\/em>, mais \u00e0 la diff\u00e9rence de Deli\u00e8ge, Archimbaud a men\u00e9 des entretiens avec le compositeur durant les ann\u00e9es 2010, si bien que le livre retrace l\u2019ensemble du parcours de Boulez. En outre, le format de poche rend la lecture tr\u00e8s agr\u00e9able.<\/span><\/p>\n<p>&nbsp;<\/p>\n<p>&nbsp;<\/p>\n<p>&nbsp;<\/p>\n<p>&nbsp;<\/p>\n<p><em><strong><img loading=\"lazy\" decoding=\"async\" class=\"alignleft size-full wp-image-28163\" src=\"http:\/\/www.ensembleintercontemporain.com\/content\/uploads\/2025\/01\/clats2002-300px.jpg\" alt=\"\" width=\"300\" height=\"478\" srcset=\"https:\/\/www.ensembleintercontemporain.com\/content\/uploads\/2025\/01\/clats2002-300px.jpg 300w, https:\/\/www.ensembleintercontemporain.com\/content\/uploads\/2025\/01\/clats2002-300px-188x300.jpg 188w\" sizes=\"auto, (max-width: 300px) 100vw, 300px\" \/><\/strong><\/em><\/p>\n<p>&nbsp;<\/p>\n<p>&nbsp;<\/p>\n<p>&nbsp;<\/p>\n<p>&nbsp;<\/p>\n<p><span style=\"color: #333333; font-size: 14pt;\"><em><strong>\u00c9clats 2002<\/strong><\/em>, <strong>entretiens avec Claude Samuel, M\u00e9moire du livre, 2002.<\/strong><\/span><br \/>\n<span style=\"font-size: 14pt;\">Version augment\u00e9e en 2002 d\u2019un recueil paru en 1985, ce livre assez volumineux croise des entretiens que Boulez a accord\u00e9s au grand critique musical Claude Samuel, avec des textes de Marcel Proust, du chor\u00e9graphe Maurice B\u00e9jart, du po\u00e8te Yves Bonnefoy, du philosophe Jean-Fran\u00e7ois Lyotard\u2026 Ce livre montre l\u2019ampleur de la constellation boul\u00e9zienne, peupl\u00e9e de po\u00e9sies, de peintures, de romans autant que d\u2019\u0153uvres musicales.<\/span><\/p>\n<p>&nbsp;<\/p>\n<p>&nbsp;<\/p>\n<p>&nbsp;<\/p>\n<p>&nbsp;<\/p>\n<h3><span style=\"font-size: 14pt; color: #003366;\">Les correspondances<\/span><strong><br \/>\n<\/strong><br \/>\n<strong><em><img loading=\"lazy\" decoding=\"async\" class=\"alignleft size-full wp-image-28165\" src=\"http:\/\/www.ensembleintercontemporain.com\/content\/uploads\/2025\/01\/boulezcage-300px.jpg\" alt=\"\" width=\"300\" height=\"451\" srcset=\"https:\/\/www.ensembleintercontemporain.com\/content\/uploads\/2025\/01\/boulezcage-300px.jpg 300w, https:\/\/www.ensembleintercontemporain.com\/content\/uploads\/2025\/01\/boulezcage-300px-200x300.jpg 200w\" sizes=\"auto, (max-width: 300px) 100vw, 300px\" \/><\/em><\/strong><\/h3>\n<p><strong><span style=\"color: #333333; font-size: 14pt;\"><em>Correspondance Pierre Boulez-John Cage<\/em>, Paris, Christian Bourgois, 1991.<br \/>\n<\/span><\/strong><span style=\"font-size: 14pt;\">Une grande partie de l\u2019abondante correspondance de Boulez attend encore d\u2019\u00eatre publi\u00e9e \u2014 l\u2019ann\u00e9e 2025, avec le centenaire de sa naissance verra sans doute la parution de plusieurs recueils. Parmi ceux qui existent d\u00e9j\u00e0, je retiens les lettres denses et intenses que Boulez a \u00e9chang\u00e9es avec John Cage entre 1949 et 1952. Le propos est souvent technique, mais il est travers\u00e9 par une exaltation, comme si tous les deux se d\u00e9couvraient eux-m\u00eames en d\u00e9couvrant de nouvelles m\u00e9thodes de composition. La rupture entre les deux hommes sera brutale, provoqu\u00e9e par leurs diff\u00e9rends sur la question de l\u2019al\u00e9atoire : quand on identifie sa vie \u00e0 la musique, comment cela pourrait-il en aller autrement ? Pour ma part, je r\u00eave d\u2019une publication de la correspondance entre Boulez et Stockhausen. Les lettres sont conserv\u00e9es \u00e0 la Fondation Sacher en Suisse, mais certains extraits ont \u00e9t\u00e9 publi\u00e9s par Philippe Alb\u00e8ra dans un ouvrage sur <em>Pli selon pli<\/em> paru chez Contrechamps : on y retrouve le m\u00eame m\u00e9lange de consid\u00e9rations techniques tr\u00e8s abstraites et de d\u00e9clarations d\u2019amiti\u00e9 passionn\u00e9es.<\/span><\/p>\n<p>&nbsp;<\/p>\n<p>&nbsp;<\/p>\n<h3><span style=\"font-size: 14pt;\"><span style=\"color: #003366;\">Pierre Boulez philosophe<\/span><\/span><\/h3>\n<p><span style=\"font-size: 14pt;\"><strong><span style=\"color: #003366;\"><img loading=\"lazy\" decoding=\"async\" class=\"alignleft size-full wp-image-28167\" src=\"http:\/\/www.ensembleintercontemporain.com\/content\/uploads\/2025\/01\/manierede-sentir-etpenser-300px.jpg\" alt=\"\" width=\"300\" height=\"439\" srcset=\"https:\/\/www.ensembleintercontemporain.com\/content\/uploads\/2025\/01\/manierede-sentir-etpenser-300px.jpg 300w, https:\/\/www.ensembleintercontemporain.com\/content\/uploads\/2025\/01\/manierede-sentir-etpenser-300px-205x300.jpg 205w\" sizes=\"auto, (max-width: 300px) 100vw, 300px\" \/><\/span><\/strong><\/span><span style=\"color: #333333; font-size: 14pt;\"><em><strong>Une mani\u00e8re de penser et de sentir, Essai sur Pierre Boulez<\/strong><\/em>, <\/span><strong><span style=\"color: #333333; font-size: 14pt;\">Lambert Dousson, Presses Universitaires de Rennes, 2017.<\/span><br \/>\n<\/strong><span style=\"font-size: 14pt;\">Tout est parti d\u2019une phrase merveilleuse de Foucault \u00e0 propos de Boulez, dont cet essai constitue une sorte d\u2019immense explication : \u00ab Quel est donc le r\u00f4le de la pens\u00e9e dans ce qu\u2019on fait si elle ne doit \u00eatre ni simple savoir-faire ni pure th\u00e9orie ? Boulez le montrait : donner la force de rompre les r\u00e8gles dans l\u2019acte qui les fait jouer \u00bb. Ce n\u2019est donc pas un livre de musicologie, mais un essai philosophique qui explore les \u00e9crits de Boulez en eux-m\u00eames \u2014 tout particuli\u00e8rement <em>Penser la musique aujourd\u2019hui<\/em> \u2014 pour tenter d\u2019y mettre au jour une sorte de philosophie implicite, une r\u00e9flexion qui ne porte pas seulement sur la composition musicale, mais aussi, \u00e0 travers elle, sur des questions beaucoup plus g\u00e9n\u00e9rales et proprement philosophiques : qu\u2019est-ce qu\u2019\u00eatre sujet de ses pens\u00e9es, de ses actions ? Qu\u2019est-ce que la libert\u00e9 (cette \u00ab force \u00bb dont parle Foucault) ? Qu\u2019est-ce qu\u2019un sujet ? Quelle est la place de la raison, de la sensibilit\u00e9 ? Pour tenter de mettre au jour la r\u00e9ponse boul\u00e9zienne \u00e0 ces interrogations, je le fais entrer en dialogue avec Foucault bien s\u00fbr, mais aussi Barthes, L\u00e9vi-Strauss ou Deleuze, qui tous ont vu chez Boulez un \u00e9v\u00e9nement dans la pens\u00e9e.<\/span><\/p>\n<p>&nbsp;<\/p>\n<p>Photo Pierre Boulez \u00a9 Philippe Gontier<\/p>\n","protected":false},"excerpt":{"rendered":"<p>En plus d\u2019avoir \u00e9t\u00e9 le compositeur, le chef d\u2019orchestre, le grand p\u00e9dagogue et b\u00e2tisseur d\u2019institutions qu\u2019on connait, Pierre Boulez fut \u00e9galement l\u2019auteur d&#8217;essais et autres textes sur la musique et participa \u00e0 plusieurs livres d&#8217;entretiens. Le philosophe Lambert Dousson, qui a publi\u00e9 en 2017 \u00ab Une mani\u00e8re de penser et de sentir, essai sur Pierre Boulez \u00bb nous guide dans la bibliographie boul\u00e9zienne et propose des \u00e9l\u00e9ments de description de textes, devenus jalons de la musicologie et de l\u2019esth\u00e9tique musicale du vingti\u00e8me si\u00e8cle.<\/p>\n","protected":false},"author":231,"featured_media":28188,"comment_status":"closed","ping_status":"closed","sticky":false,"template":"","format":"standard","meta":{"_acf_changed":false,"footnotes":""},"categories":[1380,10],"tags":[17],"class_list":["post-28115","post","type-post","status-publish","format-standard","has-post-thumbnail","hentry","category-boulez-100","category-grand-angle","tag-pierre-boulez"],"acf":[],"yoast_head":"<!-- This site is optimized with the Yoast SEO plugin v27.5 - https:\/\/yoast.com\/product\/yoast-seo-wordpress\/ -->\n<title>Pierre Boulez, c\u00f4t\u00e9 livres. - Ensemble intercontemporain<\/title>\n<meta name=\"robots\" content=\"index, follow, max-snippet:-1, max-image-preview:large, max-video-preview:-1\" \/>\n<link rel=\"canonical\" href=\"https:\/\/www.ensembleintercontemporain.com\/en\/2025\/01\/pierre-boulez-cote-livres\/\" \/>\n<meta property=\"og:locale\" content=\"en_US\" \/>\n<meta property=\"og:type\" content=\"article\" \/>\n<meta property=\"og:title\" content=\"Pierre Boulez, c\u00f4t\u00e9 livres. - Ensemble intercontemporain\" \/>\n<meta property=\"og:description\" content=\"En plus d\u2019avoir \u00e9t\u00e9 le compositeur, le chef d\u2019orchestre, le grand p\u00e9dagogue et b\u00e2tisseur d\u2019institutions qu\u2019on connait, Pierre Boulez fut \u00e9galement l\u2019auteur d&#039;essais et autres textes sur la musique et participa \u00e0 plusieurs livres d&#039;entretiens. Le philosophe Lambert Dousson, qui a publi\u00e9 en 2017 \u00ab Une mani\u00e8re de penser et de sentir, essai sur Pierre Boulez \u00bb nous guide dans la bibliographie boul\u00e9zienne et propose des \u00e9l\u00e9ments de description de textes, devenus jalons de la musicologie et de l\u2019esth\u00e9tique musicale du vingti\u00e8me si\u00e8cle.\" \/>\n<meta property=\"og:url\" content=\"https:\/\/www.ensembleintercontemporain.com\/en\/2025\/01\/pierre-boulez-cote-livres\/\" \/>\n<meta property=\"og:site_name\" content=\"Ensemble intercontemporain\" \/>\n<meta property=\"article:published_time\" content=\"2025-01-27T08:45:52+00:00\" \/>\n<meta property=\"og:image\" content=\"https:\/\/www.ensembleintercontemporain.com\/content\/uploads\/2025\/01\/boulez-456391-03-gontier.jpg\" \/>\n\t<meta property=\"og:image:width\" content=\"1920\" \/>\n\t<meta property=\"og:image:height\" content=\"1280\" \/>\n\t<meta property=\"og:image:type\" content=\"image\/jpeg\" \/>\n<meta name=\"author\" content=\"Lambert Dousson\" \/>\n<meta name=\"twitter:card\" content=\"summary_large_image\" \/>\n<meta name=\"twitter:label1\" content=\"Written by\" \/>\n\t<meta name=\"twitter:data1\" content=\"Lambert Dousson\" \/>\n\t<meta name=\"twitter:label2\" content=\"Est. reading time\" \/>\n\t<meta name=\"twitter:data2\" content=\"10 minutes\" \/>\n<script type=\"application\/ld+json\" class=\"yoast-schema-graph\">{\"@context\":\"https:\\\/\\\/schema.org\",\"@graph\":[{\"@type\":\"Article\",\"@id\":\"https:\\\/\\\/www.ensembleintercontemporain.com\\\/en\\\/2025\\\/01\\\/pierre-boulez-cote-livres\\\/#article\",\"isPartOf\":{\"@id\":\"https:\\\/\\\/www.ensembleintercontemporain.com\\\/en\\\/2025\\\/01\\\/pierre-boulez-cote-livres\\\/\"},\"author\":{\"name\":\"Lambert Dousson\",\"@id\":\"https:\\\/\\\/www.ensembleintercontemporain.com\\\/en\\\/#\\\/schema\\\/person\\\/66cccbd5dc68e8aa7488785fdbe2eaad\"},\"headline\":\"Pierre Boulez, c\u00f4t\u00e9 livres.\",\"datePublished\":\"2025-01-27T08:45:52+00:00\",\"mainEntityOfPage\":{\"@id\":\"https:\\\/\\\/www.ensembleintercontemporain.com\\\/en\\\/2025\\\/01\\\/pierre-boulez-cote-livres\\\/\"},\"wordCount\":1711,\"image\":{\"@id\":\"https:\\\/\\\/www.ensembleintercontemporain.com\\\/en\\\/2025\\\/01\\\/pierre-boulez-cote-livres\\\/#primaryimage\"},\"thumbnailUrl\":\"https:\\\/\\\/www.ensembleintercontemporain.com\\\/content\\\/uploads\\\/2025\\\/01\\\/boulez-456391-03-gontier.jpg\",\"keywords\":[\"pierre boulez\"],\"articleSection\":[\"Boulez 100\",\"Grand Angle\"],\"inLanguage\":\"en-US\"},{\"@type\":\"WebPage\",\"@id\":\"https:\\\/\\\/www.ensembleintercontemporain.com\\\/en\\\/2025\\\/01\\\/pierre-boulez-cote-livres\\\/\",\"url\":\"https:\\\/\\\/www.ensembleintercontemporain.com\\\/en\\\/2025\\\/01\\\/pierre-boulez-cote-livres\\\/\",\"name\":\"Pierre Boulez, c\u00f4t\u00e9 livres. - Ensemble intercontemporain\",\"isPartOf\":{\"@id\":\"https:\\\/\\\/www.ensembleintercontemporain.com\\\/en\\\/#website\"},\"primaryImageOfPage\":{\"@id\":\"https:\\\/\\\/www.ensembleintercontemporain.com\\\/en\\\/2025\\\/01\\\/pierre-boulez-cote-livres\\\/#primaryimage\"},\"image\":{\"@id\":\"https:\\\/\\\/www.ensembleintercontemporain.com\\\/en\\\/2025\\\/01\\\/pierre-boulez-cote-livres\\\/#primaryimage\"},\"thumbnailUrl\":\"https:\\\/\\\/www.ensembleintercontemporain.com\\\/content\\\/uploads\\\/2025\\\/01\\\/boulez-456391-03-gontier.jpg\",\"datePublished\":\"2025-01-27T08:45:52+00:00\",\"author\":{\"@id\":\"https:\\\/\\\/www.ensembleintercontemporain.com\\\/en\\\/#\\\/schema\\\/person\\\/66cccbd5dc68e8aa7488785fdbe2eaad\"},\"breadcrumb\":{\"@id\":\"https:\\\/\\\/www.ensembleintercontemporain.com\\\/en\\\/2025\\\/01\\\/pierre-boulez-cote-livres\\\/#breadcrumb\"},\"inLanguage\":\"en-US\",\"potentialAction\":[{\"@type\":\"ReadAction\",\"target\":[\"https:\\\/\\\/www.ensembleintercontemporain.com\\\/en\\\/2025\\\/01\\\/pierre-boulez-cote-livres\\\/\"]}]},{\"@type\":\"ImageObject\",\"inLanguage\":\"en-US\",\"@id\":\"https:\\\/\\\/www.ensembleintercontemporain.com\\\/en\\\/2025\\\/01\\\/pierre-boulez-cote-livres\\\/#primaryimage\",\"url\":\"https:\\\/\\\/www.ensembleintercontemporain.com\\\/content\\\/uploads\\\/2025\\\/01\\\/boulez-456391-03-gontier.jpg\",\"contentUrl\":\"https:\\\/\\\/www.ensembleintercontemporain.com\\\/content\\\/uploads\\\/2025\\\/01\\\/boulez-456391-03-gontier.jpg\",\"width\":1920,\"height\":1280,\"caption\":\"\"},{\"@type\":\"BreadcrumbList\",\"@id\":\"https:\\\/\\\/www.ensembleintercontemporain.com\\\/en\\\/2025\\\/01\\\/pierre-boulez-cote-livres\\\/#breadcrumb\",\"itemListElement\":[{\"@type\":\"ListItem\",\"position\":1,\"name\":\"Home\",\"item\":\"https:\\\/\\\/www.ensembleintercontemporain.com\\\/en\\\/\"},{\"@type\":\"ListItem\",\"position\":2,\"name\":\"Pierre Boulez, c\u00f4t\u00e9 livres.\"}]},{\"@type\":\"WebSite\",\"@id\":\"https:\\\/\\\/www.ensembleintercontemporain.com\\\/en\\\/#website\",\"url\":\"https:\\\/\\\/www.ensembleintercontemporain.com\\\/en\\\/\",\"name\":\"Ensemble intercontemporain\",\"description\":\"\",\"potentialAction\":[{\"@type\":\"SearchAction\",\"target\":{\"@type\":\"EntryPoint\",\"urlTemplate\":\"https:\\\/\\\/www.ensembleintercontemporain.com\\\/en\\\/?s={search_term_string}\"},\"query-input\":{\"@type\":\"PropertyValueSpecification\",\"valueRequired\":true,\"valueName\":\"search_term_string\"}}],\"inLanguage\":\"en-US\"},{\"@type\":\"Person\",\"@id\":\"https:\\\/\\\/www.ensembleintercontemporain.com\\\/en\\\/#\\\/schema\\\/person\\\/66cccbd5dc68e8aa7488785fdbe2eaad\",\"name\":\"Lambert Dousson\",\"image\":{\"@type\":\"ImageObject\",\"inLanguage\":\"en-US\",\"@id\":\"https:\\\/\\\/secure.gravatar.com\\\/avatar\\\/ba9845286d4f32b2d40bc79a68dc95b61c827b2afc0e7b57a0520eb5323b6e24?s=96&d=mm&r=g\",\"url\":\"https:\\\/\\\/secure.gravatar.com\\\/avatar\\\/ba9845286d4f32b2d40bc79a68dc95b61c827b2afc0e7b57a0520eb5323b6e24?s=96&d=mm&r=g\",\"contentUrl\":\"https:\\\/\\\/secure.gravatar.com\\\/avatar\\\/ba9845286d4f32b2d40bc79a68dc95b61c827b2afc0e7b57a0520eb5323b6e24?s=96&d=mm&r=g\",\"caption\":\"Lambert Dousson\"},\"url\":\"https:\\\/\\\/www.ensembleintercontemporain.com\\\/en\\\/author\\\/l-dousson\\\/\"}]}<\/script>\n<!-- \/ Yoast SEO plugin. -->","yoast_head_json":{"title":"Pierre Boulez, c\u00f4t\u00e9 livres. - Ensemble intercontemporain","robots":{"index":"index","follow":"follow","max-snippet":"max-snippet:-1","max-image-preview":"max-image-preview:large","max-video-preview":"max-video-preview:-1"},"canonical":"https:\/\/www.ensembleintercontemporain.com\/en\/2025\/01\/pierre-boulez-cote-livres\/","og_locale":"en_US","og_type":"article","og_title":"Pierre Boulez, c\u00f4t\u00e9 livres. - Ensemble intercontemporain","og_description":"En plus d\u2019avoir \u00e9t\u00e9 le compositeur, le chef d\u2019orchestre, le grand p\u00e9dagogue et b\u00e2tisseur d\u2019institutions qu\u2019on connait, Pierre Boulez fut \u00e9galement l\u2019auteur d'essais et autres textes sur la musique et participa \u00e0 plusieurs livres d'entretiens. Le philosophe Lambert Dousson, qui a publi\u00e9 en 2017 \u00ab Une mani\u00e8re de penser et de sentir, essai sur Pierre Boulez \u00bb nous guide dans la bibliographie boul\u00e9zienne et propose des \u00e9l\u00e9ments de description de textes, devenus jalons de la musicologie et de l\u2019esth\u00e9tique musicale du vingti\u00e8me si\u00e8cle.","og_url":"https:\/\/www.ensembleintercontemporain.com\/en\/2025\/01\/pierre-boulez-cote-livres\/","og_site_name":"Ensemble intercontemporain","article_published_time":"2025-01-27T08:45:52+00:00","og_image":[{"width":1920,"height":1280,"url":"https:\/\/www.ensembleintercontemporain.com\/content\/uploads\/2025\/01\/boulez-456391-03-gontier.jpg","type":"image\/jpeg"}],"author":"Lambert Dousson","twitter_card":"summary_large_image","twitter_misc":{"Written by":"Lambert Dousson","Est. reading time":"10 minutes"},"schema":{"@context":"https:\/\/schema.org","@graph":[{"@type":"Article","@id":"https:\/\/www.ensembleintercontemporain.com\/en\/2025\/01\/pierre-boulez-cote-livres\/#article","isPartOf":{"@id":"https:\/\/www.ensembleintercontemporain.com\/en\/2025\/01\/pierre-boulez-cote-livres\/"},"author":{"name":"Lambert Dousson","@id":"https:\/\/www.ensembleintercontemporain.com\/en\/#\/schema\/person\/66cccbd5dc68e8aa7488785fdbe2eaad"},"headline":"Pierre Boulez, c\u00f4t\u00e9 livres.","datePublished":"2025-01-27T08:45:52+00:00","mainEntityOfPage":{"@id":"https:\/\/www.ensembleintercontemporain.com\/en\/2025\/01\/pierre-boulez-cote-livres\/"},"wordCount":1711,"image":{"@id":"https:\/\/www.ensembleintercontemporain.com\/en\/2025\/01\/pierre-boulez-cote-livres\/#primaryimage"},"thumbnailUrl":"https:\/\/www.ensembleintercontemporain.com\/content\/uploads\/2025\/01\/boulez-456391-03-gontier.jpg","keywords":["pierre boulez"],"articleSection":["Boulez 100","Grand Angle"],"inLanguage":"en-US"},{"@type":"WebPage","@id":"https:\/\/www.ensembleintercontemporain.com\/en\/2025\/01\/pierre-boulez-cote-livres\/","url":"https:\/\/www.ensembleintercontemporain.com\/en\/2025\/01\/pierre-boulez-cote-livres\/","name":"Pierre Boulez, c\u00f4t\u00e9 livres. - Ensemble intercontemporain","isPartOf":{"@id":"https:\/\/www.ensembleintercontemporain.com\/en\/#website"},"primaryImageOfPage":{"@id":"https:\/\/www.ensembleintercontemporain.com\/en\/2025\/01\/pierre-boulez-cote-livres\/#primaryimage"},"image":{"@id":"https:\/\/www.ensembleintercontemporain.com\/en\/2025\/01\/pierre-boulez-cote-livres\/#primaryimage"},"thumbnailUrl":"https:\/\/www.ensembleintercontemporain.com\/content\/uploads\/2025\/01\/boulez-456391-03-gontier.jpg","datePublished":"2025-01-27T08:45:52+00:00","author":{"@id":"https:\/\/www.ensembleintercontemporain.com\/en\/#\/schema\/person\/66cccbd5dc68e8aa7488785fdbe2eaad"},"breadcrumb":{"@id":"https:\/\/www.ensembleintercontemporain.com\/en\/2025\/01\/pierre-boulez-cote-livres\/#breadcrumb"},"inLanguage":"en-US","potentialAction":[{"@type":"ReadAction","target":["https:\/\/www.ensembleintercontemporain.com\/en\/2025\/01\/pierre-boulez-cote-livres\/"]}]},{"@type":"ImageObject","inLanguage":"en-US","@id":"https:\/\/www.ensembleintercontemporain.com\/en\/2025\/01\/pierre-boulez-cote-livres\/#primaryimage","url":"https:\/\/www.ensembleintercontemporain.com\/content\/uploads\/2025\/01\/boulez-456391-03-gontier.jpg","contentUrl":"https:\/\/www.ensembleintercontemporain.com\/content\/uploads\/2025\/01\/boulez-456391-03-gontier.jpg","width":1920,"height":1280,"caption":""},{"@type":"BreadcrumbList","@id":"https:\/\/www.ensembleintercontemporain.com\/en\/2025\/01\/pierre-boulez-cote-livres\/#breadcrumb","itemListElement":[{"@type":"ListItem","position":1,"name":"Home","item":"https:\/\/www.ensembleintercontemporain.com\/en\/"},{"@type":"ListItem","position":2,"name":"Pierre Boulez, c\u00f4t\u00e9 livres."}]},{"@type":"WebSite","@id":"https:\/\/www.ensembleintercontemporain.com\/en\/#website","url":"https:\/\/www.ensembleintercontemporain.com\/en\/","name":"Ensemble intercontemporain","description":"","potentialAction":[{"@type":"SearchAction","target":{"@type":"EntryPoint","urlTemplate":"https:\/\/www.ensembleintercontemporain.com\/en\/?s={search_term_string}"},"query-input":{"@type":"PropertyValueSpecification","valueRequired":true,"valueName":"search_term_string"}}],"inLanguage":"en-US"},{"@type":"Person","@id":"https:\/\/www.ensembleintercontemporain.com\/en\/#\/schema\/person\/66cccbd5dc68e8aa7488785fdbe2eaad","name":"Lambert Dousson","image":{"@type":"ImageObject","inLanguage":"en-US","@id":"https:\/\/secure.gravatar.com\/avatar\/ba9845286d4f32b2d40bc79a68dc95b61c827b2afc0e7b57a0520eb5323b6e24?s=96&d=mm&r=g","url":"https:\/\/secure.gravatar.com\/avatar\/ba9845286d4f32b2d40bc79a68dc95b61c827b2afc0e7b57a0520eb5323b6e24?s=96&d=mm&r=g","contentUrl":"https:\/\/secure.gravatar.com\/avatar\/ba9845286d4f32b2d40bc79a68dc95b61c827b2afc0e7b57a0520eb5323b6e24?s=96&d=mm&r=g","caption":"Lambert Dousson"},"url":"https:\/\/www.ensembleintercontemporain.com\/en\/author\/l-dousson\/"}]}},"_links":{"self":[{"href":"https:\/\/www.ensembleintercontemporain.com\/en\/wp-json\/wp\/v2\/posts\/28115\/"}],"collection":[{"href":"https:\/\/www.ensembleintercontemporain.com\/en\/wp-json\/wp\/v2\/posts\/"}],"about":[{"href":"https:\/\/www.ensembleintercontemporain.com\/en\/wp-json\/wp\/v2\/types\/post\/"}],"author":[{"embeddable":true,"href":"https:\/\/www.ensembleintercontemporain.com\/en\/wp-json\/wp\/v2\/users\/231\/"}],"replies":[{"embeddable":true,"href":"https:\/\/www.ensembleintercontemporain.com\/en\/wp-json\/wp\/v2\/comments\/?post=28115"}],"version-history":[{"count":52,"href":"https:\/\/www.ensembleintercontemporain.com\/en\/wp-json\/wp\/v2\/posts\/28115\/revisions\/"}],"predecessor-version":[{"id":28293,"href":"https:\/\/www.ensembleintercontemporain.com\/en\/wp-json\/wp\/v2\/posts\/28115\/revisions\/28293\/"}],"wp:featuredmedia":[{"embeddable":true,"href":"https:\/\/www.ensembleintercontemporain.com\/en\/wp-json\/wp\/v2\/media\/28188\/"}],"wp:attachment":[{"href":"https:\/\/www.ensembleintercontemporain.com\/en\/wp-json\/wp\/v2\/media\/?parent=28115"}],"wp:term":[{"taxonomy":"category","embeddable":true,"href":"https:\/\/www.ensembleintercontemporain.com\/en\/wp-json\/wp\/v2\/categories\/?post=28115"},{"taxonomy":"post_tag","embeddable":true,"href":"https:\/\/www.ensembleintercontemporain.com\/en\/wp-json\/wp\/v2\/tags\/?post=28115"}],"curies":[{"name":"wp","href":"https:\/\/api.w.org\/{rel}","templated":true}]}}