{"id":27894,"date":"2024-11-28T15:59:48","date_gmt":"2024-11-28T14:59:48","guid":{"rendered":"https:\/\/www.ensembleintercontemporain.com\/?p=27894"},"modified":"2024-12-05T12:23:45","modified_gmt":"2024-12-05T11:23:45","slug":"sarah-aristidou-une-soprano-de-feu-et-de-glace","status":"publish","type":"post","link":"https:\/\/www.ensembleintercontemporain.com\/en\/2024\/11\/sarah-aristidou-une-soprano-de-feu-et-de-glace\/","title":{"rendered":"Sarah Aristidou : de feu et de glace."},"content":{"rendered":"<p><img loading=\"lazy\" decoding=\"async\" class=\"size-full wp-image-27897\" src=\"http:\/\/www.ensembleintercontemporain.com\/content\/uploads\/2024\/11\/sarah-aristidou-header.jpg\" alt=\"\" width=\"1920\" height=\"1280\" srcset=\"https:\/\/www.ensembleintercontemporain.com\/content\/uploads\/2024\/11\/sarah-aristidou-header.jpg 1920w, https:\/\/www.ensembleintercontemporain.com\/content\/uploads\/2024\/11\/sarah-aristidou-header-300x200.jpg 300w, https:\/\/www.ensembleintercontemporain.com\/content\/uploads\/2024\/11\/sarah-aristidou-header-1024x683.jpg 1024w, https:\/\/www.ensembleintercontemporain.com\/content\/uploads\/2024\/11\/sarah-aristidou-header-768x512.jpg 768w, https:\/\/www.ensembleintercontemporain.com\/content\/uploads\/2024\/11\/sarah-aristidou-header-1536x1024.jpg 1536w\" sizes=\"auto, (max-width: 1920px) 100vw, 1920px\" \/><\/p>\n<p><span style=\"color: #003366;\"><strong><span style=\"font-size: 12pt;\"><span style=\"font-size: 18pt;\">L<\/span>a soprano fran\u00e7aise Sarah Aristidou sera \u00e0 l&#8217;affiche du Grand Soir Edgard Var\u00e8se, le <a style=\"color: #003366;\" href=\"https:\/\/www.ensembleintercontemporain.com\/fr\/concert\/grand-soir-edgard-varese-2024-12-10-20h00-paris\/\">10 d\u00e9cembre 2024 \u00e0 la Philharmonie de Paris<\/a>. L&#8217;occasion de faire connaissance avec une interpr\u00e8te aux multiples talents, qui enfant, r\u00eavait d\u00e9j\u00e0 de devenir chanteuse&#8230;<\/span><\/strong><\/span><\/p>\n<p><span style=\"font-size: 14pt;\">Sarah Aristidou n\u2019est jamais l\u00e0 o\u00f9 on l\u2019attend. M\u00eame ses amis le disent : \u00ab Je vis entre l\u2019Islande et Ibiza. Quand mes amis m\u2019appellent, leur premi\u00e8re question est toujours : Mais t\u2019es o\u00f9, exactement ? \u00bb. Le contraste entre l\u2019\u00eele bor\u00e9ale et l\u2019\u00eele bal\u00e9are est saisissant, mais la soprano s\u2019\u00e9panouit pr\u00e9cis\u00e9ment dans ces extr\u00eames : \u00ab J\u2019adore voyager. J\u2019ai \u00e9t\u00e9 \u00e9lev\u00e9e avec tellement de cultures et de sons diff\u00e9rents qu\u2019enfant, j\u2019avais l\u2019impression d\u2019avoir plusieurs voix en moi. Chanter me permet de d\u00e9couvrir en permanence et d\u2019exp\u00e9rimenter \u00bb.<\/span><\/p>\n<p><span style=\"font-size: 14pt;\">De Chypre, Sarah Aristidou a gard\u00e9 un amour des musiques traditionnelles. Enfant, la d\u00e9couverte de Maria Callas fait office de r\u00e9v\u00e9lateur : \u00ab J\u2019avais cinq ans quand on m\u2019a offert un de ses disques. Deux morceaux m\u2019ont particuli\u00e8rement frapp\u00e9e : la <em>Habanera<\/em> de Carmen et un air de <em>La Sonnambula<\/em> de Bellini. Une \u00e2me puissante \u00e9manait de sa voix \u00bb. Sarah \u00e9tudie d\u2019abord en France, aux Ma\u00eetrises d\u2019Herblay et de Radio France, puis au CRR de Paris, o\u00f9 elle d\u00e9couvre la chanteuse Cathy Berberian, ardente d\u00e9fenseuse du r\u00e9pertoire contemporain. D\u00e9j\u00e0, l\u2019envie d\u2019ailleurs la saisit. Elle choisit l\u2019Allemagne et entre dans la prestigieuse troupe de la Staatsoper de Berlin. On l\u2019interroge : pourquoi \u00eatre partie de France ?\u00a0 \u00ab J\u2019avais l\u2019impression qu\u2019en Allemagne, personne ne savait ce que j\u2019allais faire et que personne n\u2019avait \u00e0 me dire ce que je devais faire. L\u00e0-bas, le rapport \u00e0 la musique est plus naturel et plus libre \u00bb.\u00a0<\/span><\/p>\n<p><span style=\"font-size: 14pt;\">Outre-Rhin, ses mentors sont prestigieux. Daniel Barenbo\u00efm est l\u2019un des premiers \u00e0 lui faire confiance (\u00ab c\u2019est un g\u00e9nie ! Gr\u00e2ce \u00e0 son exigence extr\u00eame, il m\u2019a aid\u00e9e \u00e0 aller au-del\u00e0 de mes limites et \u00e0 r\u00e9aliser des choses que je croyais \u00eatre incapable de faire \u00bb). Parmi les autres rencontres extraordinaires, Sarah Aristidou \u00e9voque ses liens privil\u00e9gi\u00e9s avec les compositeurs : Aribert Reimann (\u00ab je l\u2019adorais ! La derni\u00e8re fois o\u00f9 je l\u2019ai vu, il est venu me f\u00e9liciter \u00e0 la fin du concert en me parlant comme \u00a0mon grand-p\u00e8re. Sa mani\u00e8re d\u2019\u00e9crire pour les voix est tellement naturelle \u00bb) ou encore Jorg Widmann et Thomas Larcher, dont l\u2019Ensemble intercontemporain a jou\u00e9 en mars dernier la magnifique <em>Living Mountain<\/em>.<\/span><\/p>\n<p><span style=\"font-size: 14pt;\">Le 10 d\u00e9cembre, Sarah Aristidou se produira \u00e0 la Philharmonie de Paris pour l\u2019<\/span><span class=\"Aucun\" style=\"font-size: 14pt;\">\u0153uvre <\/span><span style=\"font-size: 14pt;\">d\u2019un autre grand \u00ab exil\u00e9 \u00bb fran\u00e7ais : Edgard Var\u00e8se. En 2021, la chanteuse enregistrait la m\u00e9lodie d\u2019<em>Un grand sommeil noir<\/em> avec Daniel Barenboim au piano sur son premier disque Aether (Alpha Classics). Lors du Grand Soir Var\u00e8se, elle offrira les rares <em>Offrandes<\/em> du compositeur : \u00ab une musique tr\u00e8s intime qui permet de d\u00e9ployer une palette de couleurs fascinante \u00bb, d\u00e9clare-t-elle avec gourmandise. Mais ce concert signe surtout pour Sarah la rencontre avec Pierre Bleuse et l\u2019Ensemble intercontemporain avec lesquels elle a toujours r\u00eav\u00e9 de travailler. \u00ab Je ne sais pas si j\u2019ai le droit de le dire, mais d\u2019autres occasions sont pr\u00e9vues \u00e0 l\u2019avenir, sourit-elle. Je suis extr\u00eamement honor\u00e9e et heureuse de cette collaboration ! \u00bb<\/span><\/p>\n<p><img loading=\"lazy\" decoding=\"async\" class=\" wp-image-27899 aligncenter\" src=\"http:\/\/www.ensembleintercontemporain.com\/content\/uploads\/2024\/11\/sarah-aristidou-2-1024x698.jpg\" alt=\"\" width=\"920\" height=\"627\" srcset=\"https:\/\/www.ensembleintercontemporain.com\/content\/uploads\/2024\/11\/sarah-aristidou-2-1024x698.jpg 1024w, https:\/\/www.ensembleintercontemporain.com\/content\/uploads\/2024\/11\/sarah-aristidou-2-300x205.jpg 300w, https:\/\/www.ensembleintercontemporain.com\/content\/uploads\/2024\/11\/sarah-aristidou-2-768x524.jpg 768w, https:\/\/www.ensembleintercontemporain.com\/content\/uploads\/2024\/11\/sarah-aristidou-2.jpg 1280w\" sizes=\"auto, (max-width: 920px) 100vw, 920px\" \/><\/p>\n<p><span style=\"font-size: 14pt;\">L\u2019ann\u00e9e 2025 se place d\u00e9cid\u00e9ment sous le signe de la France pour la soprano. D\u00e9but janvier, Sarah Aristidou interpr\u00e8tera l\u2019immense <em>Pli selon Pli<\/em> de Pierre Boulez avec l\u2019orchestre Les Si\u00e8cles. Un monolithe musical de la naissance (le \u201cDon\u201d du premier mouvement) \u00e0 la mort (le \u201cTombeau\u201d final), qui rappelle de fa\u00e7on \u00e9tonnante le projet de son dernier disque Enigma qui \u00e9voque les sons aux diff\u00e9rentes \u00e9tapes de la vie : \u00ab C\u2019est un th\u00e8me qui m\u2019obs\u00e8de, et vers lequel je reviens sans cesse, ajoute-t-elle. La musique permet cette forme d\u2019introspection existentielle. Quand on est plus intime de soi-m\u00eame, on exprime des \u00e9motions humaines qui nous surprennent nous-m\u00eames \u00bb.<\/span><\/p>\n<p><span style=\"font-size: 14pt;\">Apr\u00e8s ce mois consacr\u00e9 \u00e0 la musique de Pierre Boulez, elle fera ses d\u00e9buts aux <\/span><span class=\"Aucun\" style=\"font-size: 14pt;\">\u00c9tats-Unis <\/span><span style=\"font-size: 14pt;\">, dans La <em>Voix humaine<\/em> de Poulenc avec l\u2019Orchestre de Cleveland, en attendant d\u2019interpr\u00e9ter, peut-\u00eatre, <em>Lulu<\/em> et <em>M\u00e9lisande<\/em>, deux r\u00f4les qu\u2019elle r\u00eave d\u2019incarner sur sc\u00e8ne. Et ensuite ? \u00ab Je me retire en Islande. Plus de t\u00e9l\u00e9phone ni d\u2019internet \u00bb. \u00c0 moins qu\u2019elle ne pr\u00e9f\u00e8re retourner \u00e0 Ibiza ?\u00a0 \u00ab L\u00e0-bas, il existe de nombreuses r\u00e9serves naturelles. J\u2019ai autant besoin des pins m\u00e9diterran\u00e9ens que des volcans scandinaves ! \u00bb, conclut-elle dans un \u00e9clat de rire vibrant.<\/span> <span style=\"font-size: 14pt;\">Sarah Aristidou ou la recherche d\u2019un \u00e9quilibre en perp\u00e9tuel mouvement.<\/span><br \/>\n<span style=\"color: #003366;\">\u00a0<\/span><\/p>\n<p style=\"text-align: center;\"><span style=\"color: #003366; font-size: 14pt;\"><strong>\u00a03 questions pour mieux conna\u00eetre Sarah Aristidou<\/strong><\/span><\/p>\n<p style=\"text-align: center;\"><span style=\"color: #003366;\"><strong><span style=\"font-size: 12pt;\">Le pays de vos r\u00eaves ?<\/span><\/strong><\/span><br \/>\n<strong><span style=\"font-size: 12pt;\"><span style=\"color: #003366;\"><em>L\u2019Islande<\/em><\/span><\/span><\/strong><\/p>\n<p style=\"text-align: left;\"><span style=\"font-size: 14pt;\"><img loading=\"lazy\" decoding=\"async\" class=\"aligncenter size-medium wp-image-27901\" src=\"http:\/\/www.ensembleintercontemporain.com\/content\/uploads\/2024\/11\/islande-2-300x203.jpg\" alt=\"\" width=\"300\" height=\"203\" srcset=\"https:\/\/www.ensembleintercontemporain.com\/content\/uploads\/2024\/11\/islande-2-300x203.jpg 300w, https:\/\/www.ensembleintercontemporain.com\/content\/uploads\/2024\/11\/islande-2-1024x691.jpg 1024w, https:\/\/www.ensembleintercontemporain.com\/content\/uploads\/2024\/11\/islande-2-768x518.jpg 768w, https:\/\/www.ensembleintercontemporain.com\/content\/uploads\/2024\/11\/islande-2.jpg 1280w\" sizes=\"auto, (max-width: 300px) 100vw, 300px\" \/><\/span><\/p>\n<p style=\"text-align: left;\"><span style=\"font-size: 14pt;\">J\u2019ai eu un choc extraordinaire en y allant pour la premi\u00e8re fois. Nous \u00e9tions en p\u00e9riode de Covid, et j\u2019ai eu l\u2019impression de me retrouver face \u00e0 un miroir. L\u2019Islande vous oblige \u00e0 plonger en vous. La nature y est tellement forte qu\u2019on est comme livr\u00e9e \u00e0 soi-m\u00eame. Soit on supporte ce miroir, soit on l\u2019endure. De mon c\u00f4t\u00e9, j\u2019ai besoin de cette n\u00e9cessaire introspection. Un peu comme pour la musique, on plonge profond\u00e9ment en soi afin de trouver sa v\u00e9rit\u00e9.<\/span><\/p>\n<p style=\"text-align: center;\"><span style=\"font-size: 12pt; color: #003366;\"><strong>Un livre qui vous accompagne ?<\/strong><\/span><br \/>\n<span style=\"font-size: 12pt;\"><strong><span style=\"color: #003366;\"><em>Quand la beaut\u00e9 fait mal de Naomi Wolf<br \/>\n<\/em><\/span><\/strong><\/span><\/p>\n<p style=\"text-align: left;\"><span style=\"font-size: 14pt;\"><img loading=\"lazy\" decoding=\"async\" class=\"aligncenter size-medium wp-image-27905\" src=\"http:\/\/www.ensembleintercontemporain.com\/content\/uploads\/2024\/11\/naomi-wolf-210x300.jpg\" alt=\"\" width=\"210\" height=\"300\" srcset=\"https:\/\/www.ensembleintercontemporain.com\/content\/uploads\/2024\/11\/naomi-wolf-210x300.jpg 210w, https:\/\/www.ensembleintercontemporain.com\/content\/uploads\/2024\/11\/naomi-wolf.jpg 419w\" sizes=\"auto, (max-width: 210px) 100vw, 210px\" \/><\/span><\/p>\n<p style=\"text-align: left;\"><span style=\"font-size: 14pt;\">J\u2019ai pris une \u00e9norme claque en le lisant ! L\u2019ouvrage traite de la dictature de la beaut\u00e9 impos\u00e9e aux femmes par la soci\u00e9t\u00e9 sur plusieurs g\u00e9n\u00e9rations et de ses cons\u00e9quences. Lire ce livre m\u2019a \u00e9norm\u00e9ment fait r\u00e9fl\u00e9chir et prendre conscience de certains de mes sch\u00e9mas int\u00e9rieurs. On trouve notamment des chapitres sur l\u2019instrumentalisation, des standards de beaut\u00e9, de l\u2019utilisation de ce mythe par les m\u00e9dias, et les religions. Ce livre montre comment on a fait taire des femmes, comment on les a annihil\u00e9es de l\u2019int\u00e9rieur.<\/span><\/p>\n<p style=\"text-align: center;\"><span style=\"color: #003366;\"><strong>L\u2019objet qui est toujours avec vous ?<br \/>\n<\/strong><\/span><em><strong><span style=\"color: #003366;\">Mon Canon AE1<\/span><br \/>\n<\/strong><\/em><\/p>\n<p><span style=\"font-size: 14pt;\"><img loading=\"lazy\" decoding=\"async\" class=\"aligncenter size-medium wp-image-27907\" src=\"http:\/\/www.ensembleintercontemporain.com\/content\/uploads\/2024\/11\/canonae1-300x230.jpg\" alt=\"\" width=\"300\" height=\"230\" srcset=\"https:\/\/www.ensembleintercontemporain.com\/content\/uploads\/2024\/11\/canonae1-300x230.jpg 300w, https:\/\/www.ensembleintercontemporain.com\/content\/uploads\/2024\/11\/canonae1-1024x786.jpg 1024w, https:\/\/www.ensembleintercontemporain.com\/content\/uploads\/2024\/11\/canonae1-768x589.jpg 768w, https:\/\/www.ensembleintercontemporain.com\/content\/uploads\/2024\/11\/canonae1.jpg 1200w\" sizes=\"auto, (max-width: 300px) 100vw, 300px\" \/>Je travaille en argentique et ne poss\u00e8de pas de cam\u00e9ra num\u00e9rique. Ma pratique de la photo reste instinctive et j\u2019ai mis quelques photos <a href=\"https:\/\/www.sarah-aristidou.com\">sur mon site internet<\/a>. Je garde tout le temps mon appareil photo avec moi. Je ne photographie pas des personnes mais plut\u00f4t des paysages. Ma photographie se rapproche de ma pratique de l\u2019improvisation : une voix n\u00e9cessaire que j\u2019utilise sans trop r\u00e9fl\u00e9chir. Comme le chant, c\u2019est un espace de libert\u00e9.<\/span><\/p>\n<p>&nbsp;<\/p>\n<p>Photos Sarah Aristidou &#8211; source sarah-aristidou.com<\/p>\n","protected":false},"excerpt":{"rendered":"<p>La soprano fran\u00e7aise Sarah Aristidou sera \u00e0 l&#8217;affiche du Grand Soir Edgard Var\u00e8se, le 10 d\u00e9cembre 2024 \u00e0 la Philharmonie de Paris. L&#8217;occasion de faire connaissance avec une interpr\u00e8te aux multiples talents, qui enfant, r\u00eavait d\u00e9j\u00e0 de devenir chanteuse&#8230;<\/p>\n","protected":false},"author":162,"featured_media":27897,"comment_status":"closed","ping_status":"closed","sticky":false,"template":"","format":"standard","meta":{"_acf_changed":false,"footnotes":""},"categories":[6],"tags":[],"class_list":["post-27894","post","type-post","status-publish","format-standard","has-post-thumbnail","hentry","category-portrait","concert-grand-soir-edgard-varese"],"acf":[],"yoast_head":"<!-- This site is optimized with the Yoast SEO plugin v27.5 - https:\/\/yoast.com\/product\/yoast-seo-wordpress\/ -->\n<title>Sarah Aristidou : de feu et de glace. - Ensemble intercontemporain<\/title>\n<meta name=\"robots\" content=\"index, follow, max-snippet:-1, max-image-preview:large, max-video-preview:-1\" \/>\n<link rel=\"canonical\" href=\"https:\/\/www.ensembleintercontemporain.com\/en\/2024\/11\/sarah-aristidou-une-soprano-de-feu-et-de-glace\/\" \/>\n<meta property=\"og:locale\" content=\"en_US\" \/>\n<meta property=\"og:type\" content=\"article\" \/>\n<meta property=\"og:title\" content=\"Sarah Aristidou : de feu et de glace. - Ensemble intercontemporain\" \/>\n<meta property=\"og:description\" content=\"La soprano fran\u00e7aise Sarah Aristidou sera \u00e0 l&#039;affiche du Grand Soir Edgard Var\u00e8se, le 10 d\u00e9cembre 2024 \u00e0 la Philharmonie de Paris. L&#039;occasion de faire connaissance avec une interpr\u00e8te aux multiples talents, qui enfant, r\u00eavait d\u00e9j\u00e0 de devenir chanteuse...\" \/>\n<meta property=\"og:url\" content=\"https:\/\/www.ensembleintercontemporain.com\/en\/2024\/11\/sarah-aristidou-une-soprano-de-feu-et-de-glace\/\" \/>\n<meta property=\"og:site_name\" content=\"Ensemble intercontemporain\" \/>\n<meta property=\"article:published_time\" content=\"2024-11-28T14:59:48+00:00\" \/>\n<meta property=\"article:modified_time\" content=\"2024-12-05T11:23:45+00:00\" \/>\n<meta property=\"og:image\" content=\"https:\/\/www.ensembleintercontemporain.com\/content\/uploads\/2024\/11\/sarah-aristidou-header.jpg\" \/>\n\t<meta property=\"og:image:width\" content=\"1920\" \/>\n\t<meta property=\"og:image:height\" content=\"1280\" \/>\n\t<meta property=\"og:image:type\" content=\"image\/jpeg\" \/>\n<meta name=\"author\" content=\"Laurent Vilarem\" \/>\n<meta name=\"twitter:card\" content=\"summary_large_image\" \/>\n<meta name=\"twitter:label1\" content=\"Written by\" \/>\n\t<meta name=\"twitter:data1\" content=\"Laurent Vilarem\" \/>\n\t<meta name=\"twitter:label2\" content=\"Est. reading time\" \/>\n\t<meta name=\"twitter:data2\" content=\"7 minutes\" \/>\n<script type=\"application\/ld+json\" class=\"yoast-schema-graph\">{\"@context\":\"https:\\\/\\\/schema.org\",\"@graph\":[{\"@type\":\"Article\",\"@id\":\"https:\\\/\\\/www.ensembleintercontemporain.com\\\/en\\\/2024\\\/11\\\/sarah-aristidou-une-soprano-de-feu-et-de-glace\\\/#article\",\"isPartOf\":{\"@id\":\"https:\\\/\\\/www.ensembleintercontemporain.com\\\/en\\\/2024\\\/11\\\/sarah-aristidou-une-soprano-de-feu-et-de-glace\\\/\"},\"author\":{\"name\":\"Laurent Vilarem\",\"@id\":\"https:\\\/\\\/www.ensembleintercontemporain.com\\\/en\\\/#\\\/schema\\\/person\\\/607ddf8dc59fcaa8499b7c88203300f5\"},\"headline\":\"Sarah Aristidou : de feu et de glace.\",\"datePublished\":\"2024-11-28T14:59:48+00:00\",\"dateModified\":\"2024-12-05T11:23:45+00:00\",\"mainEntityOfPage\":{\"@id\":\"https:\\\/\\\/www.ensembleintercontemporain.com\\\/en\\\/2024\\\/11\\\/sarah-aristidou-une-soprano-de-feu-et-de-glace\\\/\"},\"wordCount\":1150,\"image\":{\"@id\":\"https:\\\/\\\/www.ensembleintercontemporain.com\\\/en\\\/2024\\\/11\\\/sarah-aristidou-une-soprano-de-feu-et-de-glace\\\/#primaryimage\"},\"thumbnailUrl\":\"https:\\\/\\\/www.ensembleintercontemporain.com\\\/content\\\/uploads\\\/2024\\\/11\\\/sarah-aristidou-header.jpg\",\"articleSection\":[\"Portrait\"],\"inLanguage\":\"en-US\"},{\"@type\":\"WebPage\",\"@id\":\"https:\\\/\\\/www.ensembleintercontemporain.com\\\/en\\\/2024\\\/11\\\/sarah-aristidou-une-soprano-de-feu-et-de-glace\\\/\",\"url\":\"https:\\\/\\\/www.ensembleintercontemporain.com\\\/en\\\/2024\\\/11\\\/sarah-aristidou-une-soprano-de-feu-et-de-glace\\\/\",\"name\":\"Sarah Aristidou : de feu et de glace. - Ensemble intercontemporain\",\"isPartOf\":{\"@id\":\"https:\\\/\\\/www.ensembleintercontemporain.com\\\/en\\\/#website\"},\"primaryImageOfPage\":{\"@id\":\"https:\\\/\\\/www.ensembleintercontemporain.com\\\/en\\\/2024\\\/11\\\/sarah-aristidou-une-soprano-de-feu-et-de-glace\\\/#primaryimage\"},\"image\":{\"@id\":\"https:\\\/\\\/www.ensembleintercontemporain.com\\\/en\\\/2024\\\/11\\\/sarah-aristidou-une-soprano-de-feu-et-de-glace\\\/#primaryimage\"},\"thumbnailUrl\":\"https:\\\/\\\/www.ensembleintercontemporain.com\\\/content\\\/uploads\\\/2024\\\/11\\\/sarah-aristidou-header.jpg\",\"datePublished\":\"2024-11-28T14:59:48+00:00\",\"dateModified\":\"2024-12-05T11:23:45+00:00\",\"author\":{\"@id\":\"https:\\\/\\\/www.ensembleintercontemporain.com\\\/en\\\/#\\\/schema\\\/person\\\/607ddf8dc59fcaa8499b7c88203300f5\"},\"breadcrumb\":{\"@id\":\"https:\\\/\\\/www.ensembleintercontemporain.com\\\/en\\\/2024\\\/11\\\/sarah-aristidou-une-soprano-de-feu-et-de-glace\\\/#breadcrumb\"},\"inLanguage\":\"en-US\",\"potentialAction\":[{\"@type\":\"ReadAction\",\"target\":[\"https:\\\/\\\/www.ensembleintercontemporain.com\\\/en\\\/2024\\\/11\\\/sarah-aristidou-une-soprano-de-feu-et-de-glace\\\/\"]}]},{\"@type\":\"ImageObject\",\"inLanguage\":\"en-US\",\"@id\":\"https:\\\/\\\/www.ensembleintercontemporain.com\\\/en\\\/2024\\\/11\\\/sarah-aristidou-une-soprano-de-feu-et-de-glace\\\/#primaryimage\",\"url\":\"https:\\\/\\\/www.ensembleintercontemporain.com\\\/content\\\/uploads\\\/2024\\\/11\\\/sarah-aristidou-header.jpg\",\"contentUrl\":\"https:\\\/\\\/www.ensembleintercontemporain.com\\\/content\\\/uploads\\\/2024\\\/11\\\/sarah-aristidou-header.jpg\",\"width\":1920,\"height\":1280,\"caption\":\"Sarah Aristidou\"},{\"@type\":\"BreadcrumbList\",\"@id\":\"https:\\\/\\\/www.ensembleintercontemporain.com\\\/en\\\/2024\\\/11\\\/sarah-aristidou-une-soprano-de-feu-et-de-glace\\\/#breadcrumb\",\"itemListElement\":[{\"@type\":\"ListItem\",\"position\":1,\"name\":\"Home\",\"item\":\"https:\\\/\\\/www.ensembleintercontemporain.com\\\/en\\\/\"},{\"@type\":\"ListItem\",\"position\":2,\"name\":\"Sarah Aristidou : de feu et de glace.\"}]},{\"@type\":\"WebSite\",\"@id\":\"https:\\\/\\\/www.ensembleintercontemporain.com\\\/en\\\/#website\",\"url\":\"https:\\\/\\\/www.ensembleintercontemporain.com\\\/en\\\/\",\"name\":\"Ensemble intercontemporain\",\"description\":\"\",\"potentialAction\":[{\"@type\":\"SearchAction\",\"target\":{\"@type\":\"EntryPoint\",\"urlTemplate\":\"https:\\\/\\\/www.ensembleintercontemporain.com\\\/en\\\/?s={search_term_string}\"},\"query-input\":{\"@type\":\"PropertyValueSpecification\",\"valueRequired\":true,\"valueName\":\"search_term_string\"}}],\"inLanguage\":\"en-US\"},{\"@type\":\"Person\",\"@id\":\"https:\\\/\\\/www.ensembleintercontemporain.com\\\/en\\\/#\\\/schema\\\/person\\\/607ddf8dc59fcaa8499b7c88203300f5\",\"name\":\"Laurent Vilarem\",\"image\":{\"@type\":\"ImageObject\",\"inLanguage\":\"en-US\",\"@id\":\"https:\\\/\\\/secure.gravatar.com\\\/avatar\\\/ec06ae6c7369a1e91061164d059ca9c63f4b8c9503eb16719baaf2c687b96de4?s=96&d=mm&r=g\",\"url\":\"https:\\\/\\\/secure.gravatar.com\\\/avatar\\\/ec06ae6c7369a1e91061164d059ca9c63f4b8c9503eb16719baaf2c687b96de4?s=96&d=mm&r=g\",\"contentUrl\":\"https:\\\/\\\/secure.gravatar.com\\\/avatar\\\/ec06ae6c7369a1e91061164d059ca9c63f4b8c9503eb16719baaf2c687b96de4?s=96&d=mm&r=g\",\"caption\":\"Laurent Vilarem\"},\"url\":\"https:\\\/\\\/www.ensembleintercontemporain.com\\\/en\\\/author\\\/lvilarem\\\/\"}]}<\/script>\n<!-- \/ Yoast SEO plugin. -->","yoast_head_json":{"title":"Sarah Aristidou : de feu et de glace. - Ensemble intercontemporain","robots":{"index":"index","follow":"follow","max-snippet":"max-snippet:-1","max-image-preview":"max-image-preview:large","max-video-preview":"max-video-preview:-1"},"canonical":"https:\/\/www.ensembleintercontemporain.com\/en\/2024\/11\/sarah-aristidou-une-soprano-de-feu-et-de-glace\/","og_locale":"en_US","og_type":"article","og_title":"Sarah Aristidou : de feu et de glace. - Ensemble intercontemporain","og_description":"La soprano fran\u00e7aise Sarah Aristidou sera \u00e0 l'affiche du Grand Soir Edgard Var\u00e8se, le 10 d\u00e9cembre 2024 \u00e0 la Philharmonie de Paris. L'occasion de faire connaissance avec une interpr\u00e8te aux multiples talents, qui enfant, r\u00eavait d\u00e9j\u00e0 de devenir chanteuse...","og_url":"https:\/\/www.ensembleintercontemporain.com\/en\/2024\/11\/sarah-aristidou-une-soprano-de-feu-et-de-glace\/","og_site_name":"Ensemble intercontemporain","article_published_time":"2024-11-28T14:59:48+00:00","article_modified_time":"2024-12-05T11:23:45+00:00","og_image":[{"width":1920,"height":1280,"url":"https:\/\/www.ensembleintercontemporain.com\/content\/uploads\/2024\/11\/sarah-aristidou-header.jpg","type":"image\/jpeg"}],"author":"Laurent Vilarem","twitter_card":"summary_large_image","twitter_misc":{"Written by":"Laurent Vilarem","Est. reading time":"7 minutes"},"schema":{"@context":"https:\/\/schema.org","@graph":[{"@type":"Article","@id":"https:\/\/www.ensembleintercontemporain.com\/en\/2024\/11\/sarah-aristidou-une-soprano-de-feu-et-de-glace\/#article","isPartOf":{"@id":"https:\/\/www.ensembleintercontemporain.com\/en\/2024\/11\/sarah-aristidou-une-soprano-de-feu-et-de-glace\/"},"author":{"name":"Laurent Vilarem","@id":"https:\/\/www.ensembleintercontemporain.com\/en\/#\/schema\/person\/607ddf8dc59fcaa8499b7c88203300f5"},"headline":"Sarah Aristidou : de feu et de glace.","datePublished":"2024-11-28T14:59:48+00:00","dateModified":"2024-12-05T11:23:45+00:00","mainEntityOfPage":{"@id":"https:\/\/www.ensembleintercontemporain.com\/en\/2024\/11\/sarah-aristidou-une-soprano-de-feu-et-de-glace\/"},"wordCount":1150,"image":{"@id":"https:\/\/www.ensembleintercontemporain.com\/en\/2024\/11\/sarah-aristidou-une-soprano-de-feu-et-de-glace\/#primaryimage"},"thumbnailUrl":"https:\/\/www.ensembleintercontemporain.com\/content\/uploads\/2024\/11\/sarah-aristidou-header.jpg","articleSection":["Portrait"],"inLanguage":"en-US"},{"@type":"WebPage","@id":"https:\/\/www.ensembleintercontemporain.com\/en\/2024\/11\/sarah-aristidou-une-soprano-de-feu-et-de-glace\/","url":"https:\/\/www.ensembleintercontemporain.com\/en\/2024\/11\/sarah-aristidou-une-soprano-de-feu-et-de-glace\/","name":"Sarah Aristidou : de feu et de glace. - Ensemble intercontemporain","isPartOf":{"@id":"https:\/\/www.ensembleintercontemporain.com\/en\/#website"},"primaryImageOfPage":{"@id":"https:\/\/www.ensembleintercontemporain.com\/en\/2024\/11\/sarah-aristidou-une-soprano-de-feu-et-de-glace\/#primaryimage"},"image":{"@id":"https:\/\/www.ensembleintercontemporain.com\/en\/2024\/11\/sarah-aristidou-une-soprano-de-feu-et-de-glace\/#primaryimage"},"thumbnailUrl":"https:\/\/www.ensembleintercontemporain.com\/content\/uploads\/2024\/11\/sarah-aristidou-header.jpg","datePublished":"2024-11-28T14:59:48+00:00","dateModified":"2024-12-05T11:23:45+00:00","author":{"@id":"https:\/\/www.ensembleintercontemporain.com\/en\/#\/schema\/person\/607ddf8dc59fcaa8499b7c88203300f5"},"breadcrumb":{"@id":"https:\/\/www.ensembleintercontemporain.com\/en\/2024\/11\/sarah-aristidou-une-soprano-de-feu-et-de-glace\/#breadcrumb"},"inLanguage":"en-US","potentialAction":[{"@type":"ReadAction","target":["https:\/\/www.ensembleintercontemporain.com\/en\/2024\/11\/sarah-aristidou-une-soprano-de-feu-et-de-glace\/"]}]},{"@type":"ImageObject","inLanguage":"en-US","@id":"https:\/\/www.ensembleintercontemporain.com\/en\/2024\/11\/sarah-aristidou-une-soprano-de-feu-et-de-glace\/#primaryimage","url":"https:\/\/www.ensembleintercontemporain.com\/content\/uploads\/2024\/11\/sarah-aristidou-header.jpg","contentUrl":"https:\/\/www.ensembleintercontemporain.com\/content\/uploads\/2024\/11\/sarah-aristidou-header.jpg","width":1920,"height":1280,"caption":"Sarah Aristidou"},{"@type":"BreadcrumbList","@id":"https:\/\/www.ensembleintercontemporain.com\/en\/2024\/11\/sarah-aristidou-une-soprano-de-feu-et-de-glace\/#breadcrumb","itemListElement":[{"@type":"ListItem","position":1,"name":"Home","item":"https:\/\/www.ensembleintercontemporain.com\/en\/"},{"@type":"ListItem","position":2,"name":"Sarah Aristidou : de feu et de glace."}]},{"@type":"WebSite","@id":"https:\/\/www.ensembleintercontemporain.com\/en\/#website","url":"https:\/\/www.ensembleintercontemporain.com\/en\/","name":"Ensemble intercontemporain","description":"","potentialAction":[{"@type":"SearchAction","target":{"@type":"EntryPoint","urlTemplate":"https:\/\/www.ensembleintercontemporain.com\/en\/?s={search_term_string}"},"query-input":{"@type":"PropertyValueSpecification","valueRequired":true,"valueName":"search_term_string"}}],"inLanguage":"en-US"},{"@type":"Person","@id":"https:\/\/www.ensembleintercontemporain.com\/en\/#\/schema\/person\/607ddf8dc59fcaa8499b7c88203300f5","name":"Laurent Vilarem","image":{"@type":"ImageObject","inLanguage":"en-US","@id":"https:\/\/secure.gravatar.com\/avatar\/ec06ae6c7369a1e91061164d059ca9c63f4b8c9503eb16719baaf2c687b96de4?s=96&d=mm&r=g","url":"https:\/\/secure.gravatar.com\/avatar\/ec06ae6c7369a1e91061164d059ca9c63f4b8c9503eb16719baaf2c687b96de4?s=96&d=mm&r=g","contentUrl":"https:\/\/secure.gravatar.com\/avatar\/ec06ae6c7369a1e91061164d059ca9c63f4b8c9503eb16719baaf2c687b96de4?s=96&d=mm&r=g","caption":"Laurent Vilarem"},"url":"https:\/\/www.ensembleintercontemporain.com\/en\/author\/lvilarem\/"}]}},"_links":{"self":[{"href":"https:\/\/www.ensembleintercontemporain.com\/en\/wp-json\/wp\/v2\/posts\/27894\/"}],"collection":[{"href":"https:\/\/www.ensembleintercontemporain.com\/en\/wp-json\/wp\/v2\/posts\/"}],"about":[{"href":"https:\/\/www.ensembleintercontemporain.com\/en\/wp-json\/wp\/v2\/types\/post\/"}],"author":[{"embeddable":true,"href":"https:\/\/www.ensembleintercontemporain.com\/en\/wp-json\/wp\/v2\/users\/162\/"}],"replies":[{"embeddable":true,"href":"https:\/\/www.ensembleintercontemporain.com\/en\/wp-json\/wp\/v2\/comments\/?post=27894"}],"version-history":[{"count":19,"href":"https:\/\/www.ensembleintercontemporain.com\/en\/wp-json\/wp\/v2\/posts\/27894\/revisions\/"}],"predecessor-version":[{"id":27941,"href":"https:\/\/www.ensembleintercontemporain.com\/en\/wp-json\/wp\/v2\/posts\/27894\/revisions\/27941\/"}],"wp:featuredmedia":[{"embeddable":true,"href":"https:\/\/www.ensembleintercontemporain.com\/en\/wp-json\/wp\/v2\/media\/27897\/"}],"wp:attachment":[{"href":"https:\/\/www.ensembleintercontemporain.com\/en\/wp-json\/wp\/v2\/media\/?parent=27894"}],"wp:term":[{"taxonomy":"category","embeddable":true,"href":"https:\/\/www.ensembleintercontemporain.com\/en\/wp-json\/wp\/v2\/categories\/?post=27894"},{"taxonomy":"post_tag","embeddable":true,"href":"https:\/\/www.ensembleintercontemporain.com\/en\/wp-json\/wp\/v2\/tags\/?post=27894"}],"curies":[{"name":"wp","href":"https:\/\/api.w.org\/{rel}","templated":true}]}}